{"id":21001,"date":"2021-07-21T15:28:47","date_gmt":"2021-07-21T13:28:47","guid":{"rendered":"https:\/\/www.dakarmania.cz\/?p=21001"},"modified":"2021-10-18T23:44:10","modified_gmt":"2021-10-18T21:44:10","slug":"macik-odstartuje-sezonu-na-baje-aragon","status":"publish","type":"post","link":"https:\/\/www.dakarmania.cz\/index.php\/2021\/07\/21\/macik-odstartuje-sezonu-na-baje-aragon\/","title":{"rendered":"Mac\u00edk odstartuje sez\u00f3nu na Baje Arag\u00f3n"},"content":{"rendered":"<p>[vc_row][vc_column][vc_column_text css_animation=&#8221;fadeIn&#8221;]<\/p>\n<h4>T\u00fdm Big Shock! Racing zahajuje novou z\u00e1vodn\u00ed sezonu ve \u0160pan\u011blsku. U\u017e tento v\u00edkend (23. a\u017e 24. \u010dervence) se pos\u00e1dka Martin Mac\u00edk, Franti\u0161ek Tom\u00e1\u0161ek, David \u0160vanda z\u00fa\u010dastn\u00ed Baji Arag\u00f3n. A dal\u0161\u00ed z\u00e1vody na sebe nenechaj\u00ed dlouho \u010dekat. V t\u00fdmov\u00fdch sedl\u010dansk\u00fdch d\u00edln\u00e1ch sou\u010dasn\u011b pokra\u010duje v\u00fdvoj nov\u00fdch z\u00e1vodn\u00edch kamion\u016f. V\u0161e sm\u011b\u0159uje k Dakaru 2022.<\/h4>\n<p>[\/vc_column_text][vc_single_image image=&#8221;20999&#8243; img_size=&#8221;large&#8221; add_caption=&#8221;yes&#8221; alignment=&#8221;center&#8221; onclick=&#8221;link_image&#8221; css_animation=&#8221;fadeIn&#8221;][vc_column_text css_animation=&#8221;fadeIn&#8221;]<\/p>\n<h4>Tr\u00e9ninkov\u00e1 j\u00edzda p\u0159es \u0160pan\u011blsko, Polsko a Maroko<\/h4>\n<p>T\u00fdm Big Shock! Racing pl\u00e1nuje pro aktu\u00e1ln\u00ed sezonu \u00fa\u010dast ve v\u0161ech tradi\u010dn\u00edch z\u00e1vodech, kter\u00e9 byl zvykl\u00fd absolvovat p\u0159ed covidov\u00fdmi opat\u0159en\u00edmi. U\u017e v p\u00e1tek 23. \u010dervence odstartuje Karel, jak v t\u00fdmu Mac\u00edkovu sout\u011b\u017en\u00edmu kamionu p\u0159ezd\u00edvaj\u00ed, do sv\u00e9 prvn\u00ed leto\u0161n\u00ed etapy v r\u00e1mci Baji Arag\u00f3n.<\/p>\n<p><em>\u201eT\u011b\u0161\u00edme se, \u017ee po lo\u0148sk\u00e9m roce, kdy n\u00e1s v\u0161echny zastavil covid, budeme letos zase naplno z\u00e1vodit. Ve \u0160pan\u011blsku se te\u010f teploty pohybuj\u00ed kolem 37 stup\u0148\u016f, tak\u017ee budeme m\u00edt ide\u00e1ln\u00ed \u201asaudskoarabsk\u00e9\u2018 podm\u00ednky pro tr\u00e9nink a utu\u017een\u00ed pos\u00e1dky. M\u00e1m zpr\u00e1vy, \u017ee i konkurence bude zaj\u00edmav\u00e1. V\u0161e se dob\u0159e vyv\u00edj\u00ed,\u201c<\/em> \u0159\u00edk\u00e1 pilot <strong>Martin Mac\u00edk<\/strong>.<\/p>\n<p>T\u00fdm m\u00e1 v pl\u00e1nu b\u011bhem sezony zdolat je\u0161t\u011b Baju Poland a Rallye du Maroc.<\/p>\n<p><em>\u201eV\u0161echny starty bereme jako tr\u00e9nink na Dakar 2022. Rallye du Maroc nav\u00edc organizuj\u00ed stejn\u00ed po\u0159adatel\u00e9. M\u00e1m tu poka\u017ed\u00e9 mo\u017enost vyzkou\u0161et si novinky v navigaci, kter\u00e9 se n\u00e1sledn\u011b objev\u00ed i na Dakaru,\u201c<\/em> \u0159\u00edk\u00e1 navig\u00e1tor <strong>Franti\u0161ek Tom\u00e1\u0161ek<\/strong>.[\/vc_column_text][vc_column_text css_animation=&#8221;fadeIn&#8221;]<em>\u201eMaroko se jede v \u0159\u00edjnu, dva m\u011bs\u00edce p\u0159ed Dakarem. Trv\u00e1 \u0161est dn\u00ed, tak\u017ee m\u016f\u017eeme po\u0159\u00e1dn\u011b otestovat v\u0161echny \u00fapravy kamionu,\u201c<\/em> dod\u00e1v\u00e1 palubn\u00ed mechanik <strong>David \u0160vanda<\/strong>. <em>\u201eAle z\u00e1rove\u0148 se auto za necel\u00fd t\u00fdden nestihne \u00fapln\u011b zni\u010dit. Co nevydr\u017e\u00ed, zvl\u00e1dneme do Dakaru opravit.\u201c<\/em><\/p>\n<h4>Vylep\u0161en\u00fd kamion, stabiln\u00ed pos\u00e1dka<\/h4>\n<p>Pos\u00e1dka v Karlov\u011b kabin\u011b z\u016fst\u00e1v\u00e1 identick\u00e1 jako na Dakaru 2021, na kter\u00e9m Martin Mac\u00edk, Franti\u0161ek Tom\u00e1\u0161ek a David \u0160vanda vybojovali \u010dtvrt\u00e9 m\u00edsto. T\u00fdmov\u00fd speci\u00e1l Iveco s automatickou p\u0159evodovkou, kter\u00fd mechanici aktu\u00e1ln\u011b p\u0159ipravuj\u00ed na jeho t\u0159et\u00ed dakarsk\u00fd start, op\u011bt pro\u0161el \u0159adou technologick\u00fdch vylep\u0161en\u00ed.<\/p>\n<p><em>\u201eKarel na Dakaru fungoval nad o\u010dek\u00e1v\u00e1n\u00ed dob\u0159e, ale p\u0159esto jsme si ze Sa\u00fadsk\u00e9 Ar\u00e1bie p\u0159ivezli n\u011bkolik podn\u011bt\u016f k dal\u0161\u00edmu vylep\u0161en\u00ed. Jako prvn\u00ed p\u0159i\u0161la na \u0159adu spojova\u010dka. Vyvinuli jsme nov\u00fd, tvrd\u0161\u00ed d\u00edl, kter\u00fd by m\u011bl vydr\u017eet i tlaky v p\u00edse\u010dn\u00fdch dun\u00e1ch. Z\u00e1rove\u0148 jsme zas\u00e1hli do podvozku kamionu, proto\u017ee Dakar se st\u00e1le zrychluje a spodek pot\u0159ebuje nov\u00e9 nastaven\u00ed. To si vy\u017e\u00e1dalo tak\u00e9 jin\u00e1 pera nebo \u00fapravu tlumi\u010d\u016f. Zm\u011bny u\u017e jsou hotov\u00e9 a \u010d\u00e1ste\u010dn\u011b i otestovan\u00e9. V z\u00e1vodn\u00edm tempu je poprv\u00e9 prov\u011b\u0159\u00edme na Baje Arag\u00f3n,\u201c<\/em> popisuje \u0161\u00e9f t\u00fdmu <strong>Martin Mac\u00edk star\u0161\u00ed<\/strong> a zmi\u0148uje i dal\u0161\u00ed v\u00fdvojov\u00e9 posuny zam\u011b\u0159en\u00e9 nap\u0159\u00edklad na kabinu nebo ulo\u017een\u00ed n\u00e1hradn\u00edch d\u00edl\u016f. V\u0161echny novinky budou tak\u00e9 automaticky zahrnuty do staveb nov\u00fdch z\u00e1vodn\u00edch voz\u016f, kter\u00e9 v budoucnu spat\u0159\u00ed sv\u011btlo sv\u011bta.[\/vc_column_text][vc_single_image image=&#8221;21000&#8243; img_size=&#8221;large&#8221; add_caption=&#8221;yes&#8221; alignment=&#8221;center&#8221; onclick=&#8221;link_image&#8221; css_animation=&#8221;fadeIn&#8221;][vc_column_text css_animation=&#8221;fadeIn&#8221;]<\/p>\n<h4>V t\u00fdmov\u00fdch d\u00edln\u00e1ch se d\u011bj\u00ed velk\u00e9 v\u011bci<\/h4>\n<p>U\u017e v minulosti t\u00fdm Big Shock! Racing avizoval, \u017ee by se na start n\u011bkter\u00e9ho z p\u0159\u00ed\u0161t\u00edch Dakar\u016f r\u00e1d postavil v siln\u011bj\u0161\u00ed sestav\u011b, s dal\u0161\u00edm kamionem. Na n\u011bm mechanici v sedl\u010dansk\u00fdch d\u00edln\u00e1ch u\u017e n\u011bkolik m\u011bs\u00edc\u016f usilovn\u011b pracuj\u00ed.<\/p>\n<p><em>\u201eM\u00e1me \u010das do \u0159\u00edjna. Do t\u00e9 doby se m\u016f\u017ee st\u00e1t spousta v\u011bc\u00ed. V\u0161e te\u010f p\u0159ipravujeme a skl\u00e1d\u00e1me dohromady. Na p\u0159\u00ed\u0161t\u00edm Dakaru budeme z\u0159ejm\u011b zaji\u0161\u0165ovat technickou podporu tak\u00e9 dal\u0161\u00edm pos\u00e1dk\u00e1m. Zd\u00e1 se, \u017ee pr\u00e1ci schopn\u00fdch \u010desk\u00fdch mechanik\u016f za\u010d\u00ednaj\u00ed oce\u0148ovat i v zahrani\u010d\u00ed,\u201c<\/em> \u0159\u00edk\u00e1 \u0161\u00e9f t\u00fdmu <strong>Martin Mac\u00edk star\u0161\u00ed<\/strong>, kter\u00fd b\u011bhem zimy musel pos\u00edlit servisn\u00ed z\u00e1zem\u00ed o dal\u0161\u00ed profesion\u00e1ly.<\/p>\n<p><em>Tiskov\u00e1 zpr\u00e1va t\u00fdmu Big Shock! Racing [editov\u00e1no]<\/em>[\/vc_column_text][vc_empty_space height=&#8221;2px&#8221;][\/vc_column][\/vc_row]<\/p>\n","protected":false},"excerpt":{"rendered":"<p>T\u00fdm Big Shock! Racing zahajuje novou z\u00e1vodn\u00ed sezonu ve \u0160pan\u011blsku. U\u017e tento v\u00edkend se pos\u00e1dka Martina Mac\u00edka z\u00fa\u010dastn\u00ed Baji Arag\u00f3n.<\/p>\n","protected":false},"author":3,"featured_media":21000,"comment_status":"open","ping_status":"closed","sticky":false,"template":"","format":"standard","meta":{"footnotes":""},"categories":[637],"tags":[1630,1885,111,1135,117,164,591,114,115],"class_list":["post-21001","post","type-post","status-publish","format-standard","has-post-thumbnail","hentry","category-tiskove-zpravy","tag-1630","tag-baja-aragon-2021","tag-big-shock-racing","tag-david-svanda","tag-frantisek-tomasek","tag-iveco","tag-martin-macik","tag-martin-macik-ml","tag-martin-macik-st"],"yoast_head":"<!-- This site is optimized with the Yoast SEO plugin v24.9 - https:\/\/yoast.com\/wordpress\/plugins\/seo\/ -->\n<title>Mac\u00edk odstartuje sez\u00f3nu na Baje Arag\u00f3n - DAKARMANIA.cz<\/title>\n<meta name=\"description\" content=\"T\u00fdm Big Shock! Racing zahajuje novou z\u00e1vodn\u00ed sezonu ve \u0160pan\u011blsku. U\u017e tento v\u00edkend se pos\u00e1dka Martina Mac\u00edka z\u00fa\u010dastn\u00ed Baji Arag\u00f3n.\" \/>\n<meta name=\"robots\" content=\"index, follow, max-snippet:-1, max-image-preview:large, max-video-preview:-1\" \/>\n<link rel=\"canonical\" href=\"https:\/\/www.dakarmania.cz\/index.php\/2021\/07\/21\/macik-odstartuje-sezonu-na-baje-aragon\/\" \/>\n<meta property=\"og:locale\" content=\"cs_CZ\" \/>\n<meta property=\"og:type\" content=\"article\" \/>\n<meta property=\"og:title\" content=\"Mac\u00edk odstartuje sez\u00f3nu na Baje Arag\u00f3n - DAKARMANIA.cz\" \/>\n<meta property=\"og:description\" content=\"T\u00fdm Big Shock! Racing zahajuje novou z\u00e1vodn\u00ed sezonu ve \u0160pan\u011blsku. U\u017e tento v\u00edkend se pos\u00e1dka Martina Mac\u00edka z\u00fa\u010dastn\u00ed Baji Arag\u00f3n.\" \/>\n<meta property=\"og:url\" content=\"https:\/\/www.dakarmania.cz\/index.php\/2021\/07\/21\/macik-odstartuje-sezonu-na-baje-aragon\/\" \/>\n<meta property=\"og:site_name\" content=\"DAKARMANIA.cz\" \/>\n<meta property=\"article:publisher\" content=\"https:\/\/www.facebook.com\/dakarmania\/\" \/>\n<meta property=\"article:published_time\" content=\"2021-07-21T13:28:47+00:00\" \/>\n<meta property=\"article:modified_time\" content=\"2021-10-18T21:44:10+00:00\" \/>\n<meta property=\"og:image\" content=\"https:\/\/www.dakarmania.cz\/wp-content\/uploads\/2021\/07\/21-BSR-trenink-01.jpg\" \/>\n\t<meta property=\"og:image:width\" content=\"1024\" \/>\n\t<meta property=\"og:image:height\" content=\"683\" \/>\n\t<meta property=\"og:image:type\" content=\"image\/jpeg\" \/>\n<meta name=\"author\" content=\"tiskov\u00e1 zpr\u00e1va\" \/>\n<meta name=\"twitter:card\" content=\"summary_large_image\" \/>\n<meta name=\"twitter:label1\" content=\"Napsal(a)\" \/>\n\t<meta name=\"twitter:data1\" content=\"tiskov\u00e1 zpr\u00e1va\" \/>\n\t<meta name=\"twitter:label2\" content=\"Odhadovan\u00e1 doba \u010dten\u00ed\" \/>\n\t<meta name=\"twitter:data2\" content=\"3 minuty\" \/>\n<script type=\"application\/ld+json\" class=\"yoast-schema-graph\">{\"@context\":\"https:\/\/schema.org\",\"@graph\":[{\"@type\":\"Article\",\"@id\":\"https:\/\/www.dakarmania.cz\/index.php\/2021\/07\/21\/macik-odstartuje-sezonu-na-baje-aragon\/#article\",\"isPartOf\":{\"@id\":\"https:\/\/www.dakarmania.cz\/index.php\/2021\/07\/21\/macik-odstartuje-sezonu-na-baje-aragon\/\"},\"author\":{\"name\":\"tiskov\u00e1 zpr\u00e1va\",\"@id\":\"https:\/\/www.dakarmania.cz\/#\/schema\/person\/bce8d1fe3633b1178e150fc5e340d5dd\"},\"headline\":\"Mac\u00edk odstartuje sez\u00f3nu na Baje Arag\u00f3n\",\"datePublished\":\"2021-07-21T13:28:47+00:00\",\"dateModified\":\"2021-10-18T21:44:10+00:00\",\"mainEntityOfPage\":{\"@id\":\"https:\/\/www.dakarmania.cz\/index.php\/2021\/07\/21\/macik-odstartuje-sezonu-na-baje-aragon\/\"},\"wordCount\":820,\"commentCount\":0,\"publisher\":{\"@id\":\"https:\/\/www.dakarmania.cz\/#organization\"},\"image\":{\"@id\":\"https:\/\/www.dakarmania.cz\/index.php\/2021\/07\/21\/macik-odstartuje-sezonu-na-baje-aragon\/#primaryimage\"},\"thumbnailUrl\":\"https:\/\/www.dakarmania.cz\/wp-content\/uploads\/2021\/07\/21-BSR-trenink-01.jpg\",\"keywords\":[\"2021\",\"Baja Arag\u00f3n 2021\",\"Big Shock! Racing\",\"David \u0160vanda\",\"Franti\u0161ek Tom\u00e1\u0161ek\",\"Iveco\",\"Martin Mac\u00edk\",\"Martin Mac\u00edk ml.\",\"Martin Mac\u00edk st.\"],\"articleSection\":[\"Tiskov\u00e9 zpr\u00e1vy\"],\"inLanguage\":\"cs\",\"potentialAction\":[{\"@type\":\"CommentAction\",\"name\":\"Comment\",\"target\":[\"https:\/\/www.dakarmania.cz\/index.php\/2021\/07\/21\/macik-odstartuje-sezonu-na-baje-aragon\/#respond\"]}]},{\"@type\":\"WebPage\",\"@id\":\"https:\/\/www.dakarmania.cz\/index.php\/2021\/07\/21\/macik-odstartuje-sezonu-na-baje-aragon\/\",\"url\":\"https:\/\/www.dakarmania.cz\/index.php\/2021\/07\/21\/macik-odstartuje-sezonu-na-baje-aragon\/\",\"name\":\"Mac\u00edk odstartuje sez\u00f3nu na Baje Arag\u00f3n - DAKARMANIA.cz\",\"isPartOf\":{\"@id\":\"https:\/\/www.dakarmania.cz\/#website\"},\"primaryImageOfPage\":{\"@id\":\"https:\/\/www.dakarmania.cz\/index.php\/2021\/07\/21\/macik-odstartuje-sezonu-na-baje-aragon\/#primaryimage\"},\"image\":{\"@id\":\"https:\/\/www.dakarmania.cz\/index.php\/2021\/07\/21\/macik-odstartuje-sezonu-na-baje-aragon\/#primaryimage\"},\"thumbnailUrl\":\"https:\/\/www.dakarmania.cz\/wp-content\/uploads\/2021\/07\/21-BSR-trenink-01.jpg\",\"datePublished\":\"2021-07-21T13:28:47+00:00\",\"dateModified\":\"2021-10-18T21:44:10+00:00\",\"description\":\"T\u00fdm Big Shock! Racing zahajuje novou z\u00e1vodn\u00ed sezonu ve \u0160pan\u011blsku. U\u017e tento v\u00edkend se pos\u00e1dka Martina Mac\u00edka z\u00fa\u010dastn\u00ed Baji Arag\u00f3n.\",\"breadcrumb\":{\"@id\":\"https:\/\/www.dakarmania.cz\/index.php\/2021\/07\/21\/macik-odstartuje-sezonu-na-baje-aragon\/#breadcrumb\"},\"inLanguage\":\"cs\",\"potentialAction\":[{\"@type\":\"ReadAction\",\"target\":[\"https:\/\/www.dakarmania.cz\/index.php\/2021\/07\/21\/macik-odstartuje-sezonu-na-baje-aragon\/\"]}]},{\"@type\":\"ImageObject\",\"inLanguage\":\"cs\",\"@id\":\"https:\/\/www.dakarmania.cz\/index.php\/2021\/07\/21\/macik-odstartuje-sezonu-na-baje-aragon\/#primaryimage\",\"url\":\"https:\/\/www.dakarmania.cz\/wp-content\/uploads\/2021\/07\/21-BSR-trenink-01.jpg\",\"contentUrl\":\"https:\/\/www.dakarmania.cz\/wp-content\/uploads\/2021\/07\/21-BSR-trenink-01.jpg\",\"width\":1024,\"height\":683,\"caption\":\"Iveco Powerstar b\u011bhem jarn\u00edho tr\u00e9ninku t\u00fdmu Big Shock! Racing v Sedl\u010dansk\u00e9 kotlin\u011b. \u00a9 Big Shock! Racing\"},{\"@type\":\"BreadcrumbList\",\"@id\":\"https:\/\/www.dakarmania.cz\/index.php\/2021\/07\/21\/macik-odstartuje-sezonu-na-baje-aragon\/#breadcrumb\",\"itemListElement\":[{\"@type\":\"ListItem\",\"position\":1,\"name\":\"Dom\u016f\",\"item\":\"https:\/\/www.dakarmania.cz\/\"},{\"@type\":\"ListItem\",\"position\":2,\"name\":\"Mac\u00edk odstartuje sez\u00f3nu na Baje Arag\u00f3n\"}]},{\"@type\":\"WebSite\",\"@id\":\"https:\/\/www.dakarmania.cz\/#website\",\"url\":\"https:\/\/www.dakarmania.cz\/\",\"name\":\"DAKARMANIA.cz\",\"description\":\"\u017dijeme Dakarem cel\u00fd rok\",\"publisher\":{\"@id\":\"https:\/\/www.dakarmania.cz\/#organization\"},\"potentialAction\":[{\"@type\":\"SearchAction\",\"target\":{\"@type\":\"EntryPoint\",\"urlTemplate\":\"https:\/\/www.dakarmania.cz\/?s={search_term_string}\"},\"query-input\":{\"@type\":\"PropertyValueSpecification\",\"valueRequired\":true,\"valueName\":\"search_term_string\"}}],\"inLanguage\":\"cs\"},{\"@type\":\"Organization\",\"@id\":\"https:\/\/www.dakarmania.cz\/#organization\",\"name\":\"DAKAR MANIA\",\"url\":\"https:\/\/www.dakarmania.cz\/\",\"logo\":{\"@type\":\"ImageObject\",\"inLanguage\":\"cs\",\"@id\":\"https:\/\/www.dakarmania.cz\/#\/schema\/logo\/image\/\",\"url\":\"https:\/\/www.dakarmania.cz\/wp-content\/uploads\/2018\/12\/Dakar-Mania-Logo-Square-Orange.png\",\"contentUrl\":\"https:\/\/www.dakarmania.cz\/wp-content\/uploads\/2018\/12\/Dakar-Mania-Logo-Square-Orange.png\",\"width\":992,\"height\":992,\"caption\":\"DAKAR MANIA\"},\"image\":{\"@id\":\"https:\/\/www.dakarmania.cz\/#\/schema\/logo\/image\/\"},\"sameAs\":[\"https:\/\/www.facebook.com\/dakarmania\/\"]},{\"@type\":\"Person\",\"@id\":\"https:\/\/www.dakarmania.cz\/#\/schema\/person\/bce8d1fe3633b1178e150fc5e340d5dd\",\"name\":\"tiskov\u00e1 zpr\u00e1va\",\"image\":{\"@type\":\"ImageObject\",\"inLanguage\":\"cs\",\"@id\":\"https:\/\/www.dakarmania.cz\/#\/schema\/person\/image\/\",\"url\":\"https:\/\/secure.gravatar.com\/avatar\/19aefcb6c7bfae691fca4d805686c670f59bb4f7414c7b398b88dc9c8f4e96d5?s=96&d=mm&r=g\",\"contentUrl\":\"https:\/\/secure.gravatar.com\/avatar\/19aefcb6c7bfae691fca4d805686c670f59bb4f7414c7b398b88dc9c8f4e96d5?s=96&d=mm&r=g\",\"caption\":\"tiskov\u00e1 zpr\u00e1va\"},\"url\":\"https:\/\/www.dakarmania.cz\/index.php\/author\/tiskovezpravy\/\"}]}<\/script>\n<!-- \/ Yoast SEO plugin. -->","yoast_head_json":{"title":"Mac\u00edk odstartuje sez\u00f3nu na Baje Arag\u00f3n - DAKARMANIA.cz","description":"T\u00fdm Big Shock! Racing zahajuje novou z\u00e1vodn\u00ed sezonu ve \u0160pan\u011blsku. U\u017e tento v\u00edkend se pos\u00e1dka Martina Mac\u00edka z\u00fa\u010dastn\u00ed Baji Arag\u00f3n.","robots":{"index":"index","follow":"follow","max-snippet":"max-snippet:-1","max-image-preview":"max-image-preview:large","max-video-preview":"max-video-preview:-1"},"canonical":"https:\/\/www.dakarmania.cz\/index.php\/2021\/07\/21\/macik-odstartuje-sezonu-na-baje-aragon\/","og_locale":"cs_CZ","og_type":"article","og_title":"Mac\u00edk odstartuje sez\u00f3nu na Baje Arag\u00f3n - DAKARMANIA.cz","og_description":"T\u00fdm Big Shock! Racing zahajuje novou z\u00e1vodn\u00ed sezonu ve \u0160pan\u011blsku. U\u017e tento v\u00edkend se pos\u00e1dka Martina Mac\u00edka z\u00fa\u010dastn\u00ed Baji Arag\u00f3n.","og_url":"https:\/\/www.dakarmania.cz\/index.php\/2021\/07\/21\/macik-odstartuje-sezonu-na-baje-aragon\/","og_site_name":"DAKARMANIA.cz","article_publisher":"https:\/\/www.facebook.com\/dakarmania\/","article_published_time":"2021-07-21T13:28:47+00:00","article_modified_time":"2021-10-18T21:44:10+00:00","og_image":[{"width":1024,"height":683,"url":"https:\/\/www.dakarmania.cz\/wp-content\/uploads\/2021\/07\/21-BSR-trenink-01.jpg","type":"image\/jpeg"}],"author":"tiskov\u00e1 zpr\u00e1va","twitter_card":"summary_large_image","twitter_misc":{"Napsal(a)":"tiskov\u00e1 zpr\u00e1va","Odhadovan\u00e1 doba \u010dten\u00ed":"3 minuty"},"schema":{"@context":"https:\/\/schema.org","@graph":[{"@type":"Article","@id":"https:\/\/www.dakarmania.cz\/index.php\/2021\/07\/21\/macik-odstartuje-sezonu-na-baje-aragon\/#article","isPartOf":{"@id":"https:\/\/www.dakarmania.cz\/index.php\/2021\/07\/21\/macik-odstartuje-sezonu-na-baje-aragon\/"},"author":{"name":"tiskov\u00e1 zpr\u00e1va","@id":"https:\/\/www.dakarmania.cz\/#\/schema\/person\/bce8d1fe3633b1178e150fc5e340d5dd"},"headline":"Mac\u00edk odstartuje sez\u00f3nu na Baje Arag\u00f3n","datePublished":"2021-07-21T13:28:47+00:00","dateModified":"2021-10-18T21:44:10+00:00","mainEntityOfPage":{"@id":"https:\/\/www.dakarmania.cz\/index.php\/2021\/07\/21\/macik-odstartuje-sezonu-na-baje-aragon\/"},"wordCount":820,"commentCount":0,"publisher":{"@id":"https:\/\/www.dakarmania.cz\/#organization"},"image":{"@id":"https:\/\/www.dakarmania.cz\/index.php\/2021\/07\/21\/macik-odstartuje-sezonu-na-baje-aragon\/#primaryimage"},"thumbnailUrl":"https:\/\/www.dakarmania.cz\/wp-content\/uploads\/2021\/07\/21-BSR-trenink-01.jpg","keywords":["2021","Baja Arag\u00f3n 2021","Big Shock! Racing","David \u0160vanda","Franti\u0161ek Tom\u00e1\u0161ek","Iveco","Martin Mac\u00edk","Martin Mac\u00edk ml.","Martin Mac\u00edk st."],"articleSection":["Tiskov\u00e9 zpr\u00e1vy"],"inLanguage":"cs","potentialAction":[{"@type":"CommentAction","name":"Comment","target":["https:\/\/www.dakarmania.cz\/index.php\/2021\/07\/21\/macik-odstartuje-sezonu-na-baje-aragon\/#respond"]}]},{"@type":"WebPage","@id":"https:\/\/www.dakarmania.cz\/index.php\/2021\/07\/21\/macik-odstartuje-sezonu-na-baje-aragon\/","url":"https:\/\/www.dakarmania.cz\/index.php\/2021\/07\/21\/macik-odstartuje-sezonu-na-baje-aragon\/","name":"Mac\u00edk odstartuje sez\u00f3nu na Baje Arag\u00f3n - DAKARMANIA.cz","isPartOf":{"@id":"https:\/\/www.dakarmania.cz\/#website"},"primaryImageOfPage":{"@id":"https:\/\/www.dakarmania.cz\/index.php\/2021\/07\/21\/macik-odstartuje-sezonu-na-baje-aragon\/#primaryimage"},"image":{"@id":"https:\/\/www.dakarmania.cz\/index.php\/2021\/07\/21\/macik-odstartuje-sezonu-na-baje-aragon\/#primaryimage"},"thumbnailUrl":"https:\/\/www.dakarmania.cz\/wp-content\/uploads\/2021\/07\/21-BSR-trenink-01.jpg","datePublished":"2021-07-21T13:28:47+00:00","dateModified":"2021-10-18T21:44:10+00:00","description":"T\u00fdm Big Shock! Racing zahajuje novou z\u00e1vodn\u00ed sezonu ve \u0160pan\u011blsku. U\u017e tento v\u00edkend se pos\u00e1dka Martina Mac\u00edka z\u00fa\u010dastn\u00ed Baji Arag\u00f3n.","breadcrumb":{"@id":"https:\/\/www.dakarmania.cz\/index.php\/2021\/07\/21\/macik-odstartuje-sezonu-na-baje-aragon\/#breadcrumb"},"inLanguage":"cs","potentialAction":[{"@type":"ReadAction","target":["https:\/\/www.dakarmania.cz\/index.php\/2021\/07\/21\/macik-odstartuje-sezonu-na-baje-aragon\/"]}]},{"@type":"ImageObject","inLanguage":"cs","@id":"https:\/\/www.dakarmania.cz\/index.php\/2021\/07\/21\/macik-odstartuje-sezonu-na-baje-aragon\/#primaryimage","url":"https:\/\/www.dakarmania.cz\/wp-content\/uploads\/2021\/07\/21-BSR-trenink-01.jpg","contentUrl":"https:\/\/www.dakarmania.cz\/wp-content\/uploads\/2021\/07\/21-BSR-trenink-01.jpg","width":1024,"height":683,"caption":"Iveco Powerstar b\u011bhem jarn\u00edho tr\u00e9ninku t\u00fdmu Big Shock! Racing v Sedl\u010dansk\u00e9 kotlin\u011b. \u00a9 Big Shock! Racing"},{"@type":"BreadcrumbList","@id":"https:\/\/www.dakarmania.cz\/index.php\/2021\/07\/21\/macik-odstartuje-sezonu-na-baje-aragon\/#breadcrumb","itemListElement":[{"@type":"ListItem","position":1,"name":"Dom\u016f","item":"https:\/\/www.dakarmania.cz\/"},{"@type":"ListItem","position":2,"name":"Mac\u00edk odstartuje sez\u00f3nu na Baje Arag\u00f3n"}]},{"@type":"WebSite","@id":"https:\/\/www.dakarmania.cz\/#website","url":"https:\/\/www.dakarmania.cz\/","name":"DAKARMANIA.cz","description":"\u017dijeme Dakarem cel\u00fd rok","publisher":{"@id":"https:\/\/www.dakarmania.cz\/#organization"},"potentialAction":[{"@type":"SearchAction","target":{"@type":"EntryPoint","urlTemplate":"https:\/\/www.dakarmania.cz\/?s={search_term_string}"},"query-input":{"@type":"PropertyValueSpecification","valueRequired":true,"valueName":"search_term_string"}}],"inLanguage":"cs"},{"@type":"Organization","@id":"https:\/\/www.dakarmania.cz\/#organization","name":"DAKAR MANIA","url":"https:\/\/www.dakarmania.cz\/","logo":{"@type":"ImageObject","inLanguage":"cs","@id":"https:\/\/www.dakarmania.cz\/#\/schema\/logo\/image\/","url":"https:\/\/www.dakarmania.cz\/wp-content\/uploads\/2018\/12\/Dakar-Mania-Logo-Square-Orange.png","contentUrl":"https:\/\/www.dakarmania.cz\/wp-content\/uploads\/2018\/12\/Dakar-Mania-Logo-Square-Orange.png","width":992,"height":992,"caption":"DAKAR MANIA"},"image":{"@id":"https:\/\/www.dakarmania.cz\/#\/schema\/logo\/image\/"},"sameAs":["https:\/\/www.facebook.com\/dakarmania\/"]},{"@type":"Person","@id":"https:\/\/www.dakarmania.cz\/#\/schema\/person\/bce8d1fe3633b1178e150fc5e340d5dd","name":"tiskov\u00e1 zpr\u00e1va","image":{"@type":"ImageObject","inLanguage":"cs","@id":"https:\/\/www.dakarmania.cz\/#\/schema\/person\/image\/","url":"https:\/\/secure.gravatar.com\/avatar\/19aefcb6c7bfae691fca4d805686c670f59bb4f7414c7b398b88dc9c8f4e96d5?s=96&d=mm&r=g","contentUrl":"https:\/\/secure.gravatar.com\/avatar\/19aefcb6c7bfae691fca4d805686c670f59bb4f7414c7b398b88dc9c8f4e96d5?s=96&d=mm&r=g","caption":"tiskov\u00e1 zpr\u00e1va"},"url":"https:\/\/www.dakarmania.cz\/index.php\/author\/tiskovezpravy\/"}]}},"amp_enabled":true,"_links":{"self":[{"href":"https:\/\/www.dakarmania.cz\/index.php\/wp-json\/wp\/v2\/posts\/21001","targetHints":{"allow":["GET"]}}],"collection":[{"href":"https:\/\/www.dakarmania.cz\/index.php\/wp-json\/wp\/v2\/posts"}],"about":[{"href":"https:\/\/www.dakarmania.cz\/index.php\/wp-json\/wp\/v2\/types\/post"}],"author":[{"embeddable":true,"href":"https:\/\/www.dakarmania.cz\/index.php\/wp-json\/wp\/v2\/users\/3"}],"replies":[{"embeddable":true,"href":"https:\/\/www.dakarmania.cz\/index.php\/wp-json\/wp\/v2\/comments?post=21001"}],"version-history":[{"count":2,"href":"https:\/\/www.dakarmania.cz\/index.php\/wp-json\/wp\/v2\/posts\/21001\/revisions"}],"predecessor-version":[{"id":23766,"href":"https:\/\/www.dakarmania.cz\/index.php\/wp-json\/wp\/v2\/posts\/21001\/revisions\/23766"}],"wp:featuredmedia":[{"embeddable":true,"href":"https:\/\/www.dakarmania.cz\/index.php\/wp-json\/wp\/v2\/media\/21000"}],"wp:attachment":[{"href":"https:\/\/www.dakarmania.cz\/index.php\/wp-json\/wp\/v2\/media?parent=21001"}],"wp:term":[{"taxonomy":"category","embeddable":true,"href":"https:\/\/www.dakarmania.cz\/index.php\/wp-json\/wp\/v2\/categories?post=21001"},{"taxonomy":"post_tag","embeddable":true,"href":"https:\/\/www.dakarmania.cz\/index.php\/wp-json\/wp\/v2\/tags?post=21001"}],"curies":[{"name":"wp","href":"https:\/\/api.w.org\/{rel}","templated":true}]}}