{"id":2103,"date":"2019-01-14T03:57:39","date_gmt":"2019-01-14T03:57:39","guid":{"rendered":"https:\/\/www.dakarmania.cz\/?p=2103"},"modified":"2019-11-12T17:45:53","modified_gmt":"2019-11-12T16:45:53","slug":"dakar-2019-prokop-sedmy-ourednicek-na-hranici-druhe-desitky","status":"publish","type":"post","link":"https:\/\/www.dakarmania.cz\/index.php\/2019\/01\/14\/dakar-2019-prokop-sedmy-ourednicek-na-hranici-druhe-desitky\/","title":{"rendered":"Dakar 2019: Prokop sedm\u00fd, Ou\u0159edn\u00ed\u010dek na hranici druh\u00e9 des\u00edtky"},"content":{"rendered":"<p>[vc_row][vc_column][vc_column_text]<\/p>\n<h4>Po voln\u00e9m dni se dakarsk\u00e1 kolona vypravila zp\u011bt sm\u011brem k Lim\u011b a cestou ji teprve \u010dek\u00e1 to nejt\u011b\u017e\u0161\u00ed z leto\u0161n\u00edho 41. ro\u010dn\u00edku legend\u00e1rn\u00ed sout\u011b\u017ee. Hned ned\u011bln\u00ed \u0161est\u00e1 etapa postavila z\u00e1vodn\u00edk\u016fm do cesty ob\u00e1vanou dunu Tanaka a ta podle o\u010dek\u00e1v\u00e1n\u00ed potr\u00e1pila z\u00e1vodn\u00edky nejen ze st\u0159edu pole, ale i z adept\u016f na p\u0159edn\u00ed pozice.<\/h4>\n<p>Martin Prokop s Janem Tom\u00e1nkem si po cel\u00fd den po\u010d\u00ednali skv\u011ble a vyvarovali se v\u00e1\u017en\u011bj\u0161\u00edch chyb v j\u00edzd\u011b i navigaci. Odm\u011bnou jim tak m\u016f\u017ee b\u00fdt nejen sedm\u00e9 m\u00edsto v etap\u011b, ale zejm\u00e9na posun na sedm\u00e9 m\u00edsto celkov\u00e9 klasifikace.<\/p>\n<p><em>\u201eDnes se startovalo do nejm\u011bk\u010d\u00edch dun cel\u00e9ho leto\u0161n\u00edho z\u00e1vodu a my je zvl\u00e1dli v pohod\u011b, na rozd\u00edl od mnoha jin\u00fdch aut, kter\u00e1 tam zapadla,\u201c<\/em> rozpov\u00eddal se\u00a0<strong>Martin Prokop<\/strong>\u00a0hned v c\u00edli m\u011b\u0159en\u00e9ho \u00faseku, je\u0161t\u011b p\u0159ed p\u0159ejezdem do bivaku u leti\u0161t\u011b v San Juanu de Marcona. <em>\u201eAni dal\u0161\u00ed \u010d\u00e1st nebyla jednoduch\u00e1 d\u00edky v\u011btru, prachu a t\u011b\u017ek\u00e9 navigaci. P\u00e1r v\u011bc\u00ed jsme hledali, ale bylo vid\u011bt, \u017ee hledaj\u00ed i ostatn\u00ed auta. Jednou jsme t\u0159eba pomohli naj\u00edt bod Carlosi Sainzovi, podruh\u00e9 zase navedl spr\u00e1vn\u00fdm sm\u011brem on n\u00e1s.\u201c<\/em><\/p>\n<p><em>\u201eCelkov\u011b bych \u0159ekl, \u017ee jsme to zvl\u00e1dli super a bez v\u011bt\u0161\u00edch probl\u00e9m\u016f. Jen mi dnes nebylo dob\u0159e a pot\u00fdkal jsem se s k\u0159e\u010demi v b\u0159i\u0161e, tak\u017ee na nejv\u011bt\u0161\u00edch d\u00edr\u00e1ch jsme museli jet opatrn\u011b. Ve\u010der v servisu budeme muset vymyslet n\u011bco s tlumi\u010di, proto\u017ee dnes mi pravd\u011bpodobn\u011b ode\u0161ly a ty sam\u00e9 zde k dispozici ji\u017e nem\u00e1me. V\u011b\u0159\u00edm, \u017ee m\u016fj t\u00fdm d\u00e1 Shreka do po\u0159\u00e1dku p\u0159ed z\u00edt\u0159ej\u0161\u00ed nejt\u011b\u017e\u0161\u00ed etapou cel\u00e9ho Dakaru, jak n\u00e1s stra\u0161\u00ed organiz\u00e1tor.\u201c<\/em>[\/vc_column_text][vc_video link=&#8221;https:\/\/youtu.be\/sX6ugDgl-jc&#8221;][vc_column_text]<\/p>\n<h4>Rozhozen\u00fd Ou\u0159edn\u00ed\u010dek<\/h4>\n<p>Dob\u0159e rozjeli etapu i Tom\u00e1\u0161 Ou\u0159edn\u00ed\u010dek s Davidem K\u0159\u00edpalem.<\/p>\n<p><em>\u201eV prvn\u00edch dun\u00e1ch jsme chytli slu\u0161n\u00e9 tempo a i d\u00edky skv\u011bl\u00e9mu autu jsme nem\u011bli probl\u00e9m dostat se tam, kam jsme pot\u0159ebovali. Bohu\u017eel se za\u010dala na trati objevovat zapadl\u00e1 auta, co\u017e ovlivnilo jak ide\u00e1ln\u00ed j\u00edzdn\u00ed stopu, tak i mou koncentraci, a za\u010dal jsem tak kupit jednu men\u0161\u00ed chybu na druhou,\u201c<\/em> p\u0159iznal <strong>Tom\u00e1\u0161 Ou\u0159edn\u00ed\u010dek<\/strong>. <em>\u201eT\u011bsn\u011b p\u0159ed koncem m\u011b\u0159en\u00e9ho \u00faseku n\u00e1s spole\u010dn\u011b s dal\u0161\u00edmi z\u00e1vodn\u00edky organiz\u00e1tor st\u00e1hl z trati kv\u016fli hav\u00e1rii jin\u00e9 pos\u00e1dky, kv\u016fli kter\u00e9 se stal zbytek trati nepr\u016fjezdn\u00fd. Z\u00edtra je nov\u00fd den a my budeme bojovat d\u00e1l. Auto funguje v\u00fdborn\u011b, navigace se n\u00e1m tak\u00e9 da\u0159\u00ed, tak\u017ee i s trochou \u0161t\u011bst\u00ed st\u00e1le v\u011b\u0159\u00edm v par\u00e1dn\u00ed v\u00fdsledek v celkov\u00e9m po\u0159ad\u00ed.\u201c<\/em><\/p>\n<p>Tiskov\u00e1 zpr\u00e1va t\u00fdmu MP-Sports[\/vc_column_text][\/vc_column][\/vc_row]<\/p>\n","protected":false},"excerpt":{"rendered":"<p>Po voln\u00e9m dni se dakarsk\u00e1 kolona vypravila zp\u011bt sm\u011brem k Lim\u011b a cestou ji teprve \u010dek\u00e1 to nejt\u011b\u017e\u0161\u00ed z leto\u0161n\u00edho 41. ro\u010dn\u00edku legend\u00e1rn\u00ed sout\u011b\u017ee.<\/p>\n","protected":false},"author":3,"featured_media":2102,"comment_status":"open","ping_status":"closed","sticky":false,"template":"","format":"standard","meta":{"footnotes":""},"categories":[637],"tags":[8,9,10,11,6,5,4,7],"class_list":["post-2103","post","type-post","status-publish","format-standard","has-post-thumbnail","hentry","category-tiskove-zpravy","tag-dakar","tag-dakar-2019","tag-david-kripal","tag-ford","tag-jan-tomanek","tag-martin-prokop","tag-mp-sports","tag-tomas-ourednicek"],"yoast_head":"<!-- This site is optimized with the Yoast SEO plugin v24.9 - https:\/\/yoast.com\/wordpress\/plugins\/seo\/ -->\n<title>Dakar 2019: Prokop sedm\u00fd, Ou\u0159edn\u00ed\u010dek na hranici druh\u00e9 des\u00edtky - DAKARMANIA.cz<\/title>\n<meta name=\"description\" content=\"Po voln\u00e9m dni se dakarsk\u00e1 kolona vypravila zp\u011bt sm\u011brem k Lim\u011b a cestou ji teprve \u010dek\u00e1 to nejt\u011b\u017e\u0161\u00ed z leto\u0161n\u00edho 41. ro\u010dn\u00edku legend\u00e1rn\u00ed sout\u011b\u017ee.\" \/>\n<meta name=\"robots\" content=\"index, follow, max-snippet:-1, max-image-preview:large, max-video-preview:-1\" \/>\n<link rel=\"canonical\" href=\"https:\/\/www.dakarmania.cz\/index.php\/2019\/01\/14\/dakar-2019-prokop-sedmy-ourednicek-na-hranici-druhe-desitky\/\" \/>\n<meta property=\"og:locale\" content=\"cs_CZ\" \/>\n<meta property=\"og:type\" content=\"article\" \/>\n<meta property=\"og:title\" content=\"Dakar 2019: Prokop sedm\u00fd, Ou\u0159edn\u00ed\u010dek na hranici druh\u00e9 des\u00edtky - DAKARMANIA.cz\" \/>\n<meta property=\"og:description\" content=\"Po voln\u00e9m dni se dakarsk\u00e1 kolona vypravila zp\u011bt sm\u011brem k Lim\u011b a cestou ji teprve \u010dek\u00e1 to nejt\u011b\u017e\u0161\u00ed z leto\u0161n\u00edho 41. ro\u010dn\u00edku legend\u00e1rn\u00ed sout\u011b\u017ee.\" \/>\n<meta property=\"og:url\" content=\"https:\/\/www.dakarmania.cz\/index.php\/2019\/01\/14\/dakar-2019-prokop-sedmy-ourednicek-na-hranici-druhe-desitky\/\" \/>\n<meta property=\"og:site_name\" content=\"DAKARMANIA.cz\" \/>\n<meta property=\"article:publisher\" content=\"https:\/\/www.facebook.com\/dakarmania\/\" \/>\n<meta property=\"article:published_time\" content=\"2019-01-14T03:57:39+00:00\" \/>\n<meta property=\"article:modified_time\" content=\"2019-11-12T16:45:53+00:00\" \/>\n<meta property=\"og:image\" content=\"https:\/\/www.dakarmania.cz\/wp-content\/uploads\/2019\/01\/19-dakar-prokop11.jpg\" \/>\n\t<meta property=\"og:image:width\" content=\"2048\" \/>\n\t<meta property=\"og:image:height\" content=\"1365\" \/>\n\t<meta property=\"og:image:type\" content=\"image\/jpeg\" \/>\n<meta name=\"author\" content=\"tiskov\u00e1 zpr\u00e1va\" \/>\n<meta name=\"twitter:card\" content=\"summary_large_image\" \/>\n<meta name=\"twitter:label1\" content=\"Napsal(a)\" \/>\n\t<meta name=\"twitter:data1\" content=\"tiskov\u00e1 zpr\u00e1va\" \/>\n\t<meta name=\"twitter:label2\" content=\"Odhadovan\u00e1 doba \u010dten\u00ed\" \/>\n\t<meta name=\"twitter:data2\" content=\"3 minuty\" \/>\n<script type=\"application\/ld+json\" class=\"yoast-schema-graph\">{\"@context\":\"https:\/\/schema.org\",\"@graph\":[{\"@type\":\"Article\",\"@id\":\"https:\/\/www.dakarmania.cz\/index.php\/2019\/01\/14\/dakar-2019-prokop-sedmy-ourednicek-na-hranici-druhe-desitky\/#article\",\"isPartOf\":{\"@id\":\"https:\/\/www.dakarmania.cz\/index.php\/2019\/01\/14\/dakar-2019-prokop-sedmy-ourednicek-na-hranici-druhe-desitky\/\"},\"author\":{\"name\":\"tiskov\u00e1 zpr\u00e1va\",\"@id\":\"https:\/\/www.dakarmania.cz\/#\/schema\/person\/bce8d1fe3633b1178e150fc5e340d5dd\"},\"headline\":\"Dakar 2019: Prokop sedm\u00fd, Ou\u0159edn\u00ed\u010dek na hranici druh\u00e9 des\u00edtky\",\"datePublished\":\"2019-01-14T03:57:39+00:00\",\"dateModified\":\"2019-11-12T16:45:53+00:00\",\"mainEntityOfPage\":{\"@id\":\"https:\/\/www.dakarmania.cz\/index.php\/2019\/01\/14\/dakar-2019-prokop-sedmy-ourednicek-na-hranici-druhe-desitky\/\"},\"wordCount\":555,\"commentCount\":0,\"publisher\":{\"@id\":\"https:\/\/www.dakarmania.cz\/#organization\"},\"image\":{\"@id\":\"https:\/\/www.dakarmania.cz\/index.php\/2019\/01\/14\/dakar-2019-prokop-sedmy-ourednicek-na-hranici-druhe-desitky\/#primaryimage\"},\"thumbnailUrl\":\"https:\/\/www.dakarmania.cz\/wp-content\/uploads\/2019\/01\/19-dakar-prokop11.jpg\",\"keywords\":[\"Dakar\",\"Dakar 2019\",\"David K\u0159\u00edpal\",\"Ford\",\"Jan Tom\u00e1nek\",\"Martin Prokop\",\"MP-Sports\",\"Tom\u00e1\u0161 Ou\u0159edn\u00ed\u010dek\"],\"articleSection\":[\"Tiskov\u00e9 zpr\u00e1vy\"],\"inLanguage\":\"cs\",\"potentialAction\":[{\"@type\":\"CommentAction\",\"name\":\"Comment\",\"target\":[\"https:\/\/www.dakarmania.cz\/index.php\/2019\/01\/14\/dakar-2019-prokop-sedmy-ourednicek-na-hranici-druhe-desitky\/#respond\"]}]},{\"@type\":\"WebPage\",\"@id\":\"https:\/\/www.dakarmania.cz\/index.php\/2019\/01\/14\/dakar-2019-prokop-sedmy-ourednicek-na-hranici-druhe-desitky\/\",\"url\":\"https:\/\/www.dakarmania.cz\/index.php\/2019\/01\/14\/dakar-2019-prokop-sedmy-ourednicek-na-hranici-druhe-desitky\/\",\"name\":\"Dakar 2019: Prokop sedm\u00fd, Ou\u0159edn\u00ed\u010dek na hranici druh\u00e9 des\u00edtky - DAKARMANIA.cz\",\"isPartOf\":{\"@id\":\"https:\/\/www.dakarmania.cz\/#website\"},\"primaryImageOfPage\":{\"@id\":\"https:\/\/www.dakarmania.cz\/index.php\/2019\/01\/14\/dakar-2019-prokop-sedmy-ourednicek-na-hranici-druhe-desitky\/#primaryimage\"},\"image\":{\"@id\":\"https:\/\/www.dakarmania.cz\/index.php\/2019\/01\/14\/dakar-2019-prokop-sedmy-ourednicek-na-hranici-druhe-desitky\/#primaryimage\"},\"thumbnailUrl\":\"https:\/\/www.dakarmania.cz\/wp-content\/uploads\/2019\/01\/19-dakar-prokop11.jpg\",\"datePublished\":\"2019-01-14T03:57:39+00:00\",\"dateModified\":\"2019-11-12T16:45:53+00:00\",\"description\":\"Po voln\u00e9m dni se dakarsk\u00e1 kolona vypravila zp\u011bt sm\u011brem k Lim\u011b a cestou ji teprve \u010dek\u00e1 to nejt\u011b\u017e\u0161\u00ed z leto\u0161n\u00edho 41. ro\u010dn\u00edku legend\u00e1rn\u00ed sout\u011b\u017ee.\",\"breadcrumb\":{\"@id\":\"https:\/\/www.dakarmania.cz\/index.php\/2019\/01\/14\/dakar-2019-prokop-sedmy-ourednicek-na-hranici-druhe-desitky\/#breadcrumb\"},\"inLanguage\":\"cs\",\"potentialAction\":[{\"@type\":\"ReadAction\",\"target\":[\"https:\/\/www.dakarmania.cz\/index.php\/2019\/01\/14\/dakar-2019-prokop-sedmy-ourednicek-na-hranici-druhe-desitky\/\"]}]},{\"@type\":\"ImageObject\",\"inLanguage\":\"cs\",\"@id\":\"https:\/\/www.dakarmania.cz\/index.php\/2019\/01\/14\/dakar-2019-prokop-sedmy-ourednicek-na-hranici-druhe-desitky\/#primaryimage\",\"url\":\"https:\/\/www.dakarmania.cz\/wp-content\/uploads\/2019\/01\/19-dakar-prokop11.jpg\",\"contentUrl\":\"https:\/\/www.dakarmania.cz\/wp-content\/uploads\/2019\/01\/19-dakar-prokop11.jpg\",\"width\":2048,\"height\":1365,\"caption\":\"Martin Prokop\/Jan Tom\u00e1nek, Ford Raptor RS Cross-Country, MP-Sports. Rally Dakar 2019. \u00a9 MP-Sports\"},{\"@type\":\"BreadcrumbList\",\"@id\":\"https:\/\/www.dakarmania.cz\/index.php\/2019\/01\/14\/dakar-2019-prokop-sedmy-ourednicek-na-hranici-druhe-desitky\/#breadcrumb\",\"itemListElement\":[{\"@type\":\"ListItem\",\"position\":1,\"name\":\"Dom\u016f\",\"item\":\"https:\/\/www.dakarmania.cz\/\"},{\"@type\":\"ListItem\",\"position\":2,\"name\":\"Dakar 2019: Prokop sedm\u00fd, Ou\u0159edn\u00ed\u010dek na hranici druh\u00e9 des\u00edtky\"}]},{\"@type\":\"WebSite\",\"@id\":\"https:\/\/www.dakarmania.cz\/#website\",\"url\":\"https:\/\/www.dakarmania.cz\/\",\"name\":\"DAKARMANIA.cz\",\"description\":\"\u017dijeme Dakarem cel\u00fd rok\",\"publisher\":{\"@id\":\"https:\/\/www.dakarmania.cz\/#organization\"},\"potentialAction\":[{\"@type\":\"SearchAction\",\"target\":{\"@type\":\"EntryPoint\",\"urlTemplate\":\"https:\/\/www.dakarmania.cz\/?s={search_term_string}\"},\"query-input\":{\"@type\":\"PropertyValueSpecification\",\"valueRequired\":true,\"valueName\":\"search_term_string\"}}],\"inLanguage\":\"cs\"},{\"@type\":\"Organization\",\"@id\":\"https:\/\/www.dakarmania.cz\/#organization\",\"name\":\"DAKAR MANIA\",\"url\":\"https:\/\/www.dakarmania.cz\/\",\"logo\":{\"@type\":\"ImageObject\",\"inLanguage\":\"cs\",\"@id\":\"https:\/\/www.dakarmania.cz\/#\/schema\/logo\/image\/\",\"url\":\"https:\/\/www.dakarmania.cz\/wp-content\/uploads\/2018\/12\/Dakar-Mania-Logo-Square-Orange.png\",\"contentUrl\":\"https:\/\/www.dakarmania.cz\/wp-content\/uploads\/2018\/12\/Dakar-Mania-Logo-Square-Orange.png\",\"width\":992,\"height\":992,\"caption\":\"DAKAR MANIA\"},\"image\":{\"@id\":\"https:\/\/www.dakarmania.cz\/#\/schema\/logo\/image\/\"},\"sameAs\":[\"https:\/\/www.facebook.com\/dakarmania\/\"]},{\"@type\":\"Person\",\"@id\":\"https:\/\/www.dakarmania.cz\/#\/schema\/person\/bce8d1fe3633b1178e150fc5e340d5dd\",\"name\":\"tiskov\u00e1 zpr\u00e1va\",\"image\":{\"@type\":\"ImageObject\",\"inLanguage\":\"cs\",\"@id\":\"https:\/\/www.dakarmania.cz\/#\/schema\/person\/image\/\",\"url\":\"https:\/\/secure.gravatar.com\/avatar\/19aefcb6c7bfae691fca4d805686c670f59bb4f7414c7b398b88dc9c8f4e96d5?s=96&d=mm&r=g\",\"contentUrl\":\"https:\/\/secure.gravatar.com\/avatar\/19aefcb6c7bfae691fca4d805686c670f59bb4f7414c7b398b88dc9c8f4e96d5?s=96&d=mm&r=g\",\"caption\":\"tiskov\u00e1 zpr\u00e1va\"},\"url\":\"https:\/\/www.dakarmania.cz\/index.php\/author\/tiskovezpravy\/\"}]}<\/script>\n<!-- \/ Yoast SEO plugin. -->","yoast_head_json":{"title":"Dakar 2019: Prokop sedm\u00fd, Ou\u0159edn\u00ed\u010dek na hranici druh\u00e9 des\u00edtky - DAKARMANIA.cz","description":"Po voln\u00e9m dni se dakarsk\u00e1 kolona vypravila zp\u011bt sm\u011brem k Lim\u011b a cestou ji teprve \u010dek\u00e1 to nejt\u011b\u017e\u0161\u00ed z leto\u0161n\u00edho 41. ro\u010dn\u00edku legend\u00e1rn\u00ed sout\u011b\u017ee.","robots":{"index":"index","follow":"follow","max-snippet":"max-snippet:-1","max-image-preview":"max-image-preview:large","max-video-preview":"max-video-preview:-1"},"canonical":"https:\/\/www.dakarmania.cz\/index.php\/2019\/01\/14\/dakar-2019-prokop-sedmy-ourednicek-na-hranici-druhe-desitky\/","og_locale":"cs_CZ","og_type":"article","og_title":"Dakar 2019: Prokop sedm\u00fd, Ou\u0159edn\u00ed\u010dek na hranici druh\u00e9 des\u00edtky - DAKARMANIA.cz","og_description":"Po voln\u00e9m dni se dakarsk\u00e1 kolona vypravila zp\u011bt sm\u011brem k Lim\u011b a cestou ji teprve \u010dek\u00e1 to nejt\u011b\u017e\u0161\u00ed z leto\u0161n\u00edho 41. ro\u010dn\u00edku legend\u00e1rn\u00ed sout\u011b\u017ee.","og_url":"https:\/\/www.dakarmania.cz\/index.php\/2019\/01\/14\/dakar-2019-prokop-sedmy-ourednicek-na-hranici-druhe-desitky\/","og_site_name":"DAKARMANIA.cz","article_publisher":"https:\/\/www.facebook.com\/dakarmania\/","article_published_time":"2019-01-14T03:57:39+00:00","article_modified_time":"2019-11-12T16:45:53+00:00","og_image":[{"width":2048,"height":1365,"url":"https:\/\/www.dakarmania.cz\/wp-content\/uploads\/2019\/01\/19-dakar-prokop11.jpg","type":"image\/jpeg"}],"author":"tiskov\u00e1 zpr\u00e1va","twitter_card":"summary_large_image","twitter_misc":{"Napsal(a)":"tiskov\u00e1 zpr\u00e1va","Odhadovan\u00e1 doba \u010dten\u00ed":"3 minuty"},"schema":{"@context":"https:\/\/schema.org","@graph":[{"@type":"Article","@id":"https:\/\/www.dakarmania.cz\/index.php\/2019\/01\/14\/dakar-2019-prokop-sedmy-ourednicek-na-hranici-druhe-desitky\/#article","isPartOf":{"@id":"https:\/\/www.dakarmania.cz\/index.php\/2019\/01\/14\/dakar-2019-prokop-sedmy-ourednicek-na-hranici-druhe-desitky\/"},"author":{"name":"tiskov\u00e1 zpr\u00e1va","@id":"https:\/\/www.dakarmania.cz\/#\/schema\/person\/bce8d1fe3633b1178e150fc5e340d5dd"},"headline":"Dakar 2019: Prokop sedm\u00fd, Ou\u0159edn\u00ed\u010dek na hranici druh\u00e9 des\u00edtky","datePublished":"2019-01-14T03:57:39+00:00","dateModified":"2019-11-12T16:45:53+00:00","mainEntityOfPage":{"@id":"https:\/\/www.dakarmania.cz\/index.php\/2019\/01\/14\/dakar-2019-prokop-sedmy-ourednicek-na-hranici-druhe-desitky\/"},"wordCount":555,"commentCount":0,"publisher":{"@id":"https:\/\/www.dakarmania.cz\/#organization"},"image":{"@id":"https:\/\/www.dakarmania.cz\/index.php\/2019\/01\/14\/dakar-2019-prokop-sedmy-ourednicek-na-hranici-druhe-desitky\/#primaryimage"},"thumbnailUrl":"https:\/\/www.dakarmania.cz\/wp-content\/uploads\/2019\/01\/19-dakar-prokop11.jpg","keywords":["Dakar","Dakar 2019","David K\u0159\u00edpal","Ford","Jan Tom\u00e1nek","Martin Prokop","MP-Sports","Tom\u00e1\u0161 Ou\u0159edn\u00ed\u010dek"],"articleSection":["Tiskov\u00e9 zpr\u00e1vy"],"inLanguage":"cs","potentialAction":[{"@type":"CommentAction","name":"Comment","target":["https:\/\/www.dakarmania.cz\/index.php\/2019\/01\/14\/dakar-2019-prokop-sedmy-ourednicek-na-hranici-druhe-desitky\/#respond"]}]},{"@type":"WebPage","@id":"https:\/\/www.dakarmania.cz\/index.php\/2019\/01\/14\/dakar-2019-prokop-sedmy-ourednicek-na-hranici-druhe-desitky\/","url":"https:\/\/www.dakarmania.cz\/index.php\/2019\/01\/14\/dakar-2019-prokop-sedmy-ourednicek-na-hranici-druhe-desitky\/","name":"Dakar 2019: Prokop sedm\u00fd, Ou\u0159edn\u00ed\u010dek na hranici druh\u00e9 des\u00edtky - DAKARMANIA.cz","isPartOf":{"@id":"https:\/\/www.dakarmania.cz\/#website"},"primaryImageOfPage":{"@id":"https:\/\/www.dakarmania.cz\/index.php\/2019\/01\/14\/dakar-2019-prokop-sedmy-ourednicek-na-hranici-druhe-desitky\/#primaryimage"},"image":{"@id":"https:\/\/www.dakarmania.cz\/index.php\/2019\/01\/14\/dakar-2019-prokop-sedmy-ourednicek-na-hranici-druhe-desitky\/#primaryimage"},"thumbnailUrl":"https:\/\/www.dakarmania.cz\/wp-content\/uploads\/2019\/01\/19-dakar-prokop11.jpg","datePublished":"2019-01-14T03:57:39+00:00","dateModified":"2019-11-12T16:45:53+00:00","description":"Po voln\u00e9m dni se dakarsk\u00e1 kolona vypravila zp\u011bt sm\u011brem k Lim\u011b a cestou ji teprve \u010dek\u00e1 to nejt\u011b\u017e\u0161\u00ed z leto\u0161n\u00edho 41. ro\u010dn\u00edku legend\u00e1rn\u00ed sout\u011b\u017ee.","breadcrumb":{"@id":"https:\/\/www.dakarmania.cz\/index.php\/2019\/01\/14\/dakar-2019-prokop-sedmy-ourednicek-na-hranici-druhe-desitky\/#breadcrumb"},"inLanguage":"cs","potentialAction":[{"@type":"ReadAction","target":["https:\/\/www.dakarmania.cz\/index.php\/2019\/01\/14\/dakar-2019-prokop-sedmy-ourednicek-na-hranici-druhe-desitky\/"]}]},{"@type":"ImageObject","inLanguage":"cs","@id":"https:\/\/www.dakarmania.cz\/index.php\/2019\/01\/14\/dakar-2019-prokop-sedmy-ourednicek-na-hranici-druhe-desitky\/#primaryimage","url":"https:\/\/www.dakarmania.cz\/wp-content\/uploads\/2019\/01\/19-dakar-prokop11.jpg","contentUrl":"https:\/\/www.dakarmania.cz\/wp-content\/uploads\/2019\/01\/19-dakar-prokop11.jpg","width":2048,"height":1365,"caption":"Martin Prokop\/Jan Tom\u00e1nek, Ford Raptor RS Cross-Country, MP-Sports. Rally Dakar 2019. \u00a9 MP-Sports"},{"@type":"BreadcrumbList","@id":"https:\/\/www.dakarmania.cz\/index.php\/2019\/01\/14\/dakar-2019-prokop-sedmy-ourednicek-na-hranici-druhe-desitky\/#breadcrumb","itemListElement":[{"@type":"ListItem","position":1,"name":"Dom\u016f","item":"https:\/\/www.dakarmania.cz\/"},{"@type":"ListItem","position":2,"name":"Dakar 2019: Prokop sedm\u00fd, Ou\u0159edn\u00ed\u010dek na hranici druh\u00e9 des\u00edtky"}]},{"@type":"WebSite","@id":"https:\/\/www.dakarmania.cz\/#website","url":"https:\/\/www.dakarmania.cz\/","name":"DAKARMANIA.cz","description":"\u017dijeme Dakarem cel\u00fd rok","publisher":{"@id":"https:\/\/www.dakarmania.cz\/#organization"},"potentialAction":[{"@type":"SearchAction","target":{"@type":"EntryPoint","urlTemplate":"https:\/\/www.dakarmania.cz\/?s={search_term_string}"},"query-input":{"@type":"PropertyValueSpecification","valueRequired":true,"valueName":"search_term_string"}}],"inLanguage":"cs"},{"@type":"Organization","@id":"https:\/\/www.dakarmania.cz\/#organization","name":"DAKAR MANIA","url":"https:\/\/www.dakarmania.cz\/","logo":{"@type":"ImageObject","inLanguage":"cs","@id":"https:\/\/www.dakarmania.cz\/#\/schema\/logo\/image\/","url":"https:\/\/www.dakarmania.cz\/wp-content\/uploads\/2018\/12\/Dakar-Mania-Logo-Square-Orange.png","contentUrl":"https:\/\/www.dakarmania.cz\/wp-content\/uploads\/2018\/12\/Dakar-Mania-Logo-Square-Orange.png","width":992,"height":992,"caption":"DAKAR MANIA"},"image":{"@id":"https:\/\/www.dakarmania.cz\/#\/schema\/logo\/image\/"},"sameAs":["https:\/\/www.facebook.com\/dakarmania\/"]},{"@type":"Person","@id":"https:\/\/www.dakarmania.cz\/#\/schema\/person\/bce8d1fe3633b1178e150fc5e340d5dd","name":"tiskov\u00e1 zpr\u00e1va","image":{"@type":"ImageObject","inLanguage":"cs","@id":"https:\/\/www.dakarmania.cz\/#\/schema\/person\/image\/","url":"https:\/\/secure.gravatar.com\/avatar\/19aefcb6c7bfae691fca4d805686c670f59bb4f7414c7b398b88dc9c8f4e96d5?s=96&d=mm&r=g","contentUrl":"https:\/\/secure.gravatar.com\/avatar\/19aefcb6c7bfae691fca4d805686c670f59bb4f7414c7b398b88dc9c8f4e96d5?s=96&d=mm&r=g","caption":"tiskov\u00e1 zpr\u00e1va"},"url":"https:\/\/www.dakarmania.cz\/index.php\/author\/tiskovezpravy\/"}]}},"amp_enabled":true,"_links":{"self":[{"href":"https:\/\/www.dakarmania.cz\/index.php\/wp-json\/wp\/v2\/posts\/2103","targetHints":{"allow":["GET"]}}],"collection":[{"href":"https:\/\/www.dakarmania.cz\/index.php\/wp-json\/wp\/v2\/posts"}],"about":[{"href":"https:\/\/www.dakarmania.cz\/index.php\/wp-json\/wp\/v2\/types\/post"}],"author":[{"embeddable":true,"href":"https:\/\/www.dakarmania.cz\/index.php\/wp-json\/wp\/v2\/users\/3"}],"replies":[{"embeddable":true,"href":"https:\/\/www.dakarmania.cz\/index.php\/wp-json\/wp\/v2\/comments?post=2103"}],"version-history":[{"count":4,"href":"https:\/\/www.dakarmania.cz\/index.php\/wp-json\/wp\/v2\/posts\/2103\/revisions"}],"predecessor-version":[{"id":13283,"href":"https:\/\/www.dakarmania.cz\/index.php\/wp-json\/wp\/v2\/posts\/2103\/revisions\/13283"}],"wp:featuredmedia":[{"embeddable":true,"href":"https:\/\/www.dakarmania.cz\/index.php\/wp-json\/wp\/v2\/media\/2102"}],"wp:attachment":[{"href":"https:\/\/www.dakarmania.cz\/index.php\/wp-json\/wp\/v2\/media?parent=2103"}],"wp:term":[{"taxonomy":"category","embeddable":true,"href":"https:\/\/www.dakarmania.cz\/index.php\/wp-json\/wp\/v2\/categories?post=2103"},{"taxonomy":"post_tag","embeddable":true,"href":"https:\/\/www.dakarmania.cz\/index.php\/wp-json\/wp\/v2\/tags?post=2103"}],"curies":[{"name":"wp","href":"https:\/\/api.w.org\/{rel}","templated":true}]}}