{"id":21047,"date":"2021-07-23T08:54:03","date_gmt":"2021-07-23T06:54:03","guid":{"rendered":"https:\/\/www.dakarmania.cz\/?p=21047"},"modified":"2021-10-18T23:43:55","modified_gmt":"2021-10-18T21:43:55","slug":"fesh-fesh-s-novym-specialem","status":"publish","type":"post","link":"https:\/\/www.dakarmania.cz\/index.php\/2021\/07\/23\/fesh-fesh-s-novym-specialem\/","title":{"rendered":"Fesh Fesh na Baja Espa\u00f1a s nov\u00fdm speci\u00e1lem"},"content":{"rendered":"<p>[vc_row][vc_column][vc_column_text css_animation=&#8221;fadeIn&#8221;]<\/p>\n<h3>Pon\u011bkud netradi\u010dn\u011b startuje ve \u0161pan\u011blsk\u00e9m Teruelu v p\u00e1tek 23. \u010dervence v 8.30 popul\u00e1rn\u00ed rally Baja Espa\u00f1a Arag\u00f3n. Z\u00e1vodn\u00ed t\u00fdm spole\u010dnosti Fesh Fesh Group Tom\u00e1\u0161e Vr\u00e1tn\u00e9ho se sout\u011b\u017ee \u00fa\u010dastn\u00ed s nov\u00fdm speci\u00e1lem. Jedn\u00e1 se o jedno z \u201eostr\u00fdch\u201c testov\u00e1n\u00ed na Rally Dakar.<\/h3>\n<p>[\/vc_column_text][vc_single_image image=&#8221;21045&#8243; img_size=&#8221;large&#8221; add_caption=&#8221;yes&#8221; alignment=&#8221;center&#8221; onclick=&#8221;link_image&#8221; css_animation=&#8221;fadeIn&#8221;][vc_column_text css_animation=&#8221;fadeIn&#8221;]Ostravsk\u00fd t\u00fdm p\u0159ijel do \u0160pan\u011blska vyzkou\u0161et nov\u00fd kamion, jeho\u017e stavbu dokon\u010dil loni.<\/p>\n<p><em>\u201eN\u00e1\u0161 nov\u00fd speci\u00e1l je postaven\u00fd na podvozku Tatra a m\u00e1 genetiku Fordu. Vzhledem k pou\u017eit\u00fdm komponent\u016fm je ofici\u00e1ln\u00ed zna\u010dkou vozidla Ford,\u201c<\/em> p\u0159edstavuje novinku majitel t\u00fdmu a z\u00e1rove\u0148 pilot <strong>Tom\u00e1\u0161 Vr\u00e1tn\u00fd<\/strong>. <em>\u201eJe to prvn\u00ed v\u00fdvojov\u00fd stupe\u0148 ve stavb\u011b dal\u0161\u00ed \u0159ady na\u0161ich z\u00e1vodn\u00edch speci\u00e1l\u016f. Proti na\u0161im p\u016fvodn\u00edm \u201ajamalk\u00e1m\u2018 je nap\u0159\u00edklad kabina posunuta kousek d\u00e1l za p\u0159edn\u00ed n\u00e1pravu, co\u017e poskytuje pos\u00e1dce lep\u0161\u00ed j\u00edzdn\u00ed komfort a zvy\u0161uje stabilitu a ovladatelnost vozu.\u201c<\/em><\/p>\n<p>Ford Cargo Evo I je dlouh\u00fd 6 100 mm, \u0161irok\u00fd 2 540 mm, vysok\u00fd 3 310 mm a jeho rozvor \u010din\u00ed 4 290 mm. Vozidlo o celkov\u00e9 hmotnosti 8 400 kg je postaveno na tatrov\u00e1ck\u00e9m podvozku 4&#215;4 a poh\u00e1n\u00ed jej t\u0159in\u00e1ctilitrov\u00fd \u0161estiv\u00e1lec o v\u00fdkonu 1 000 ko\u0148sk\u00fdch sil. Hnac\u00ed trakt je dopln\u011bn \u0161estistup\u0148ovou automatickou p\u0159evodovkou Allison. Pou\u017eit\u00e1 kabina poch\u00e1z\u00ed z modelu Ford Cargo 1848T, kapota z Fordu L8501. Kamion je odpru\u017een tlumi\u010di Donerre.<\/p>\n<p>Pos\u00e1dku vozidla se startovn\u00edm \u010d\u00edslem 705 tvo\u0159\u00ed Tom\u00e1\u0161 Vr\u00e1tn\u00fd, mechanikem je Jarom\u00edr Martinec a navigovat bude polsk\u00fd rallyov\u00fd profesion\u00e1l Bart\u0142omiej Boba.[\/vc_column_text][vc_column_text css_animation=&#8221;fadeIn&#8221;]Baja Arag\u00f3n je klasick\u00fd krat\u0161\u00ed z\u00e1vod, kter\u00fd mnoh\u00e9 t\u00fdmy vn\u00edmaj\u00ed jako tr\u00e9ninkovou platformu. Jede se v \u010dlenit\u00e9 krajin\u011b st\u0159edn\u00edho \u0160pan\u011blska v okol\u00ed m\u011bsta Teruel, kde ter\u00e9n sv\u00fdm charakterem p\u0159ipom\u00edn\u00e1 marock\u00e9 etapy. Tra\u0165 je pom\u011brn\u011b rychl\u00e1, ov\u0161em t\u00edm zr\u00e1dn\u011bj\u0161\u00ed mohou b\u00fdt rozbit\u00e9 kamenit\u00e9 \u00faseky. Sout\u011b\u017e je rovn\u011b\u017e zn\u00e1m\u00e1 zr\u00e1dn\u00fdmi klimatick\u00fdmi podm\u00ednkami \u2013 t\u00e9m\u011b\u0159 pravideln\u011b pos\u00e1dky zasko\u010d\u00ed hust\u00fd p\u0159\u00edvalov\u00fd d\u00e9\u0161\u0165, kter\u00fd pra\u0161n\u00e9 cesty r\u00e1zem prom\u011bn\u00ed v bl\u00e1tivou klouza\u010dku. O to pest\u0159ej\u0161\u00ed pak cel\u00fd z\u00e1vod je, a proto je mezi p\u0159\u00edznivci rally tak obl\u00edben\u00fd.<\/p>\n<p>Leto\u0161n\u00ed ro\u010dn\u00edk je rozd\u011blen do dvou etap. P\u00e1te\u010dn\u00ed speci\u00e1lka m\u011b\u0159\u00ed 177 km, sobotn\u00ed etapa je rozd\u011blena na dv\u011b rychlostn\u00ed zkou\u0161ky o d\u00e9lce 150 a 212 km. <a href=\"\/index.php\/2021\/07\/21\/baja-aragon-cesi-proti-kvalitni-konkurenci\/\">V kategorii kamion\u016f jede 10 pos\u00e1dek<\/a> v\u010detn\u011b \u010desk\u00e9ho <a href=\"\/index.php\/2021\/07\/21\/macik-odstartuje-sezonu-na-baje-aragon\/\">Big Shock! Racingu<\/a> Martina Mac\u00edka.<\/p>\n<p><em>Tiskov\u00e1 zpr\u00e1va Fesh Fesh Group [editov\u00e1no]<\/em>[\/vc_column_text][vc_empty_space height=&#8221;2px&#8221;][\/vc_column][\/vc_row]<\/p>\n","protected":false},"excerpt":{"rendered":"<p>T\u00fdm Fesh Fesh Tom\u00e1\u0161e Vr\u00e1tn\u00e9ho se \u00fa\u010dastn\u00ed Baji Espa\u00f1a Arag\u00f3n s nov\u00fdm speci\u00e1lem. Jedn\u00e1 se o jedno z \u201eostr\u00fdch\u201c testov\u00e1n\u00ed na Rally Dakar.<\/p>\n","protected":false},"author":3,"featured_media":21045,"comment_status":"open","ping_status":"closed","sticky":false,"template":"","format":"standard","meta":{"footnotes":""},"categories":[637],"tags":[1630,1338,1885,467,1372,11,1891,1788],"class_list":["post-21047","post","type-post","status-publish","format-standard","has-post-thumbnail","hentry","category-tiskove-zpravy","tag-1630","tag-baja-aragon","tag-baja-aragon-2021","tag-bartlomiej-boba","tag-fesh-fesh","tag-ford","tag-jaromir-martinec","tag-tomas-vratny"],"yoast_head":"<!-- This site is optimized with the Yoast SEO plugin v24.9 - https:\/\/yoast.com\/wordpress\/plugins\/seo\/ -->\n<title>Fesh Fesh na Baja Espa\u00f1a s nov\u00fdm speci\u00e1lem - DAKARMANIA.cz<\/title>\n<meta name=\"description\" content=\"T\u00fdm Fesh Fesh Tom\u00e1\u0161e Vr\u00e1tn\u00e9ho se \u00fa\u010dastn\u00ed Baji Espa\u00f1a Arag\u00f3n s nov\u00fdm speci\u00e1lem. Jedn\u00e1 se o jedno z \u201eostr\u00fdch\u201c testov\u00e1n\u00ed na Rally Dakar.\" \/>\n<meta name=\"robots\" content=\"index, follow, max-snippet:-1, max-image-preview:large, max-video-preview:-1\" \/>\n<link rel=\"canonical\" href=\"https:\/\/www.dakarmania.cz\/index.php\/2021\/07\/23\/fesh-fesh-s-novym-specialem\/\" \/>\n<meta property=\"og:locale\" content=\"cs_CZ\" \/>\n<meta property=\"og:type\" content=\"article\" \/>\n<meta property=\"og:title\" content=\"Fesh Fesh na Baja Espa\u00f1a s nov\u00fdm speci\u00e1lem - DAKARMANIA.cz\" \/>\n<meta property=\"og:description\" content=\"T\u00fdm Fesh Fesh Tom\u00e1\u0161e Vr\u00e1tn\u00e9ho se \u00fa\u010dastn\u00ed Baji Espa\u00f1a Arag\u00f3n s nov\u00fdm speci\u00e1lem. Jedn\u00e1 se o jedno z \u201eostr\u00fdch\u201c testov\u00e1n\u00ed na Rally Dakar.\" \/>\n<meta property=\"og:url\" content=\"https:\/\/www.dakarmania.cz\/index.php\/2021\/07\/23\/fesh-fesh-s-novym-specialem\/\" \/>\n<meta property=\"og:site_name\" content=\"DAKARMANIA.cz\" \/>\n<meta property=\"article:publisher\" content=\"https:\/\/www.facebook.com\/dakarmania\/\" \/>\n<meta property=\"article:published_time\" content=\"2021-07-23T06:54:03+00:00\" \/>\n<meta property=\"article:modified_time\" content=\"2021-10-18T21:43:55+00:00\" \/>\n<meta property=\"og:image\" content=\"https:\/\/www.dakarmania.cz\/wp-content\/uploads\/2021\/07\/21-aragon-vratny-01.jpg\" \/>\n\t<meta property=\"og:image:width\" content=\"1024\" \/>\n\t<meta property=\"og:image:height\" content=\"684\" \/>\n\t<meta property=\"og:image:type\" content=\"image\/jpeg\" \/>\n<meta name=\"author\" content=\"tiskov\u00e1 zpr\u00e1va\" \/>\n<meta name=\"twitter:card\" content=\"summary_large_image\" \/>\n<meta name=\"twitter:label1\" content=\"Napsal(a)\" \/>\n\t<meta name=\"twitter:data1\" content=\"tiskov\u00e1 zpr\u00e1va\" \/>\n\t<meta name=\"twitter:label2\" content=\"Odhadovan\u00e1 doba \u010dten\u00ed\" \/>\n\t<meta name=\"twitter:data2\" content=\"2 minuty\" \/>\n<script type=\"application\/ld+json\" class=\"yoast-schema-graph\">{\"@context\":\"https:\/\/schema.org\",\"@graph\":[{\"@type\":\"Article\",\"@id\":\"https:\/\/www.dakarmania.cz\/index.php\/2021\/07\/23\/fesh-fesh-s-novym-specialem\/#article\",\"isPartOf\":{\"@id\":\"https:\/\/www.dakarmania.cz\/index.php\/2021\/07\/23\/fesh-fesh-s-novym-specialem\/\"},\"author\":{\"name\":\"tiskov\u00e1 zpr\u00e1va\",\"@id\":\"https:\/\/www.dakarmania.cz\/#\/schema\/person\/bce8d1fe3633b1178e150fc5e340d5dd\"},\"headline\":\"Fesh Fesh na Baja Espa\u00f1a s nov\u00fdm speci\u00e1lem\",\"datePublished\":\"2021-07-23T06:54:03+00:00\",\"dateModified\":\"2021-10-18T21:43:55+00:00\",\"mainEntityOfPage\":{\"@id\":\"https:\/\/www.dakarmania.cz\/index.php\/2021\/07\/23\/fesh-fesh-s-novym-specialem\/\"},\"wordCount\":513,\"commentCount\":0,\"publisher\":{\"@id\":\"https:\/\/www.dakarmania.cz\/#organization\"},\"image\":{\"@id\":\"https:\/\/www.dakarmania.cz\/index.php\/2021\/07\/23\/fesh-fesh-s-novym-specialem\/#primaryimage\"},\"thumbnailUrl\":\"https:\/\/www.dakarmania.cz\/wp-content\/uploads\/2021\/07\/21-aragon-vratny-01.jpg\",\"keywords\":[\"2021\",\"Baja Arag\u00f3n\",\"Baja Arag\u00f3n 2021\",\"Bart\u0142omiej Boba\",\"Fesh Fesh\",\"Ford\",\"Jarom\u00edr Martinec\",\"Tom\u00e1\u0161 Vr\u00e1tn\u00fd\"],\"articleSection\":[\"Tiskov\u00e9 zpr\u00e1vy\"],\"inLanguage\":\"cs\",\"potentialAction\":[{\"@type\":\"CommentAction\",\"name\":\"Comment\",\"target\":[\"https:\/\/www.dakarmania.cz\/index.php\/2021\/07\/23\/fesh-fesh-s-novym-specialem\/#respond\"]}]},{\"@type\":\"WebPage\",\"@id\":\"https:\/\/www.dakarmania.cz\/index.php\/2021\/07\/23\/fesh-fesh-s-novym-specialem\/\",\"url\":\"https:\/\/www.dakarmania.cz\/index.php\/2021\/07\/23\/fesh-fesh-s-novym-specialem\/\",\"name\":\"Fesh Fesh na Baja Espa\u00f1a s nov\u00fdm speci\u00e1lem - DAKARMANIA.cz\",\"isPartOf\":{\"@id\":\"https:\/\/www.dakarmania.cz\/#website\"},\"primaryImageOfPage\":{\"@id\":\"https:\/\/www.dakarmania.cz\/index.php\/2021\/07\/23\/fesh-fesh-s-novym-specialem\/#primaryimage\"},\"image\":{\"@id\":\"https:\/\/www.dakarmania.cz\/index.php\/2021\/07\/23\/fesh-fesh-s-novym-specialem\/#primaryimage\"},\"thumbnailUrl\":\"https:\/\/www.dakarmania.cz\/wp-content\/uploads\/2021\/07\/21-aragon-vratny-01.jpg\",\"datePublished\":\"2021-07-23T06:54:03+00:00\",\"dateModified\":\"2021-10-18T21:43:55+00:00\",\"description\":\"T\u00fdm Fesh Fesh Tom\u00e1\u0161e Vr\u00e1tn\u00e9ho se \u00fa\u010dastn\u00ed Baji Espa\u00f1a Arag\u00f3n s nov\u00fdm speci\u00e1lem. Jedn\u00e1 se o jedno z \u201eostr\u00fdch\u201c testov\u00e1n\u00ed na Rally Dakar.\",\"breadcrumb\":{\"@id\":\"https:\/\/www.dakarmania.cz\/index.php\/2021\/07\/23\/fesh-fesh-s-novym-specialem\/#breadcrumb\"},\"inLanguage\":\"cs\",\"potentialAction\":[{\"@type\":\"ReadAction\",\"target\":[\"https:\/\/www.dakarmania.cz\/index.php\/2021\/07\/23\/fesh-fesh-s-novym-specialem\/\"]}]},{\"@type\":\"ImageObject\",\"inLanguage\":\"cs\",\"@id\":\"https:\/\/www.dakarmania.cz\/index.php\/2021\/07\/23\/fesh-fesh-s-novym-specialem\/#primaryimage\",\"url\":\"https:\/\/www.dakarmania.cz\/wp-content\/uploads\/2021\/07\/21-aragon-vratny-01.jpg\",\"contentUrl\":\"https:\/\/www.dakarmania.cz\/wp-content\/uploads\/2021\/07\/21-aragon-vratny-01.jpg\",\"width\":1024,\"height\":684,\"caption\":\"Tom\u00e1\u0161 Vr\u00e1tn\u00fd\/Bart\u0142omiej Boba\/Jarom\u00edr Martinec, Ford Cargo Evo I, Fesh Fesh Team. Shakedown p\u0159ed Baja Arag\u00f3n 2021. \u00a9 Fesh Fesh Team\"},{\"@type\":\"BreadcrumbList\",\"@id\":\"https:\/\/www.dakarmania.cz\/index.php\/2021\/07\/23\/fesh-fesh-s-novym-specialem\/#breadcrumb\",\"itemListElement\":[{\"@type\":\"ListItem\",\"position\":1,\"name\":\"Dom\u016f\",\"item\":\"https:\/\/www.dakarmania.cz\/\"},{\"@type\":\"ListItem\",\"position\":2,\"name\":\"Fesh Fesh na Baja Espa\u00f1a s nov\u00fdm speci\u00e1lem\"}]},{\"@type\":\"WebSite\",\"@id\":\"https:\/\/www.dakarmania.cz\/#website\",\"url\":\"https:\/\/www.dakarmania.cz\/\",\"name\":\"DAKARMANIA.cz\",\"description\":\"\u017dijeme Dakarem cel\u00fd rok\",\"publisher\":{\"@id\":\"https:\/\/www.dakarmania.cz\/#organization\"},\"potentialAction\":[{\"@type\":\"SearchAction\",\"target\":{\"@type\":\"EntryPoint\",\"urlTemplate\":\"https:\/\/www.dakarmania.cz\/?s={search_term_string}\"},\"query-input\":{\"@type\":\"PropertyValueSpecification\",\"valueRequired\":true,\"valueName\":\"search_term_string\"}}],\"inLanguage\":\"cs\"},{\"@type\":\"Organization\",\"@id\":\"https:\/\/www.dakarmania.cz\/#organization\",\"name\":\"DAKAR MANIA\",\"url\":\"https:\/\/www.dakarmania.cz\/\",\"logo\":{\"@type\":\"ImageObject\",\"inLanguage\":\"cs\",\"@id\":\"https:\/\/www.dakarmania.cz\/#\/schema\/logo\/image\/\",\"url\":\"https:\/\/www.dakarmania.cz\/wp-content\/uploads\/2018\/12\/Dakar-Mania-Logo-Square-Orange.png\",\"contentUrl\":\"https:\/\/www.dakarmania.cz\/wp-content\/uploads\/2018\/12\/Dakar-Mania-Logo-Square-Orange.png\",\"width\":992,\"height\":992,\"caption\":\"DAKAR MANIA\"},\"image\":{\"@id\":\"https:\/\/www.dakarmania.cz\/#\/schema\/logo\/image\/\"},\"sameAs\":[\"https:\/\/www.facebook.com\/dakarmania\/\"]},{\"@type\":\"Person\",\"@id\":\"https:\/\/www.dakarmania.cz\/#\/schema\/person\/bce8d1fe3633b1178e150fc5e340d5dd\",\"name\":\"tiskov\u00e1 zpr\u00e1va\",\"image\":{\"@type\":\"ImageObject\",\"inLanguage\":\"cs\",\"@id\":\"https:\/\/www.dakarmania.cz\/#\/schema\/person\/image\/\",\"url\":\"https:\/\/secure.gravatar.com\/avatar\/19aefcb6c7bfae691fca4d805686c670f59bb4f7414c7b398b88dc9c8f4e96d5?s=96&d=mm&r=g\",\"contentUrl\":\"https:\/\/secure.gravatar.com\/avatar\/19aefcb6c7bfae691fca4d805686c670f59bb4f7414c7b398b88dc9c8f4e96d5?s=96&d=mm&r=g\",\"caption\":\"tiskov\u00e1 zpr\u00e1va\"},\"url\":\"https:\/\/www.dakarmania.cz\/index.php\/author\/tiskovezpravy\/\"}]}<\/script>\n<!-- \/ Yoast SEO plugin. -->","yoast_head_json":{"title":"Fesh Fesh na Baja Espa\u00f1a s nov\u00fdm speci\u00e1lem - DAKARMANIA.cz","description":"T\u00fdm Fesh Fesh Tom\u00e1\u0161e Vr\u00e1tn\u00e9ho se \u00fa\u010dastn\u00ed Baji Espa\u00f1a Arag\u00f3n s nov\u00fdm speci\u00e1lem. Jedn\u00e1 se o jedno z \u201eostr\u00fdch\u201c testov\u00e1n\u00ed na Rally Dakar.","robots":{"index":"index","follow":"follow","max-snippet":"max-snippet:-1","max-image-preview":"max-image-preview:large","max-video-preview":"max-video-preview:-1"},"canonical":"https:\/\/www.dakarmania.cz\/index.php\/2021\/07\/23\/fesh-fesh-s-novym-specialem\/","og_locale":"cs_CZ","og_type":"article","og_title":"Fesh Fesh na Baja Espa\u00f1a s nov\u00fdm speci\u00e1lem - DAKARMANIA.cz","og_description":"T\u00fdm Fesh Fesh Tom\u00e1\u0161e Vr\u00e1tn\u00e9ho se \u00fa\u010dastn\u00ed Baji Espa\u00f1a Arag\u00f3n s nov\u00fdm speci\u00e1lem. Jedn\u00e1 se o jedno z \u201eostr\u00fdch\u201c testov\u00e1n\u00ed na Rally Dakar.","og_url":"https:\/\/www.dakarmania.cz\/index.php\/2021\/07\/23\/fesh-fesh-s-novym-specialem\/","og_site_name":"DAKARMANIA.cz","article_publisher":"https:\/\/www.facebook.com\/dakarmania\/","article_published_time":"2021-07-23T06:54:03+00:00","article_modified_time":"2021-10-18T21:43:55+00:00","og_image":[{"width":1024,"height":684,"url":"https:\/\/www.dakarmania.cz\/wp-content\/uploads\/2021\/07\/21-aragon-vratny-01.jpg","type":"image\/jpeg"}],"author":"tiskov\u00e1 zpr\u00e1va","twitter_card":"summary_large_image","twitter_misc":{"Napsal(a)":"tiskov\u00e1 zpr\u00e1va","Odhadovan\u00e1 doba \u010dten\u00ed":"2 minuty"},"schema":{"@context":"https:\/\/schema.org","@graph":[{"@type":"Article","@id":"https:\/\/www.dakarmania.cz\/index.php\/2021\/07\/23\/fesh-fesh-s-novym-specialem\/#article","isPartOf":{"@id":"https:\/\/www.dakarmania.cz\/index.php\/2021\/07\/23\/fesh-fesh-s-novym-specialem\/"},"author":{"name":"tiskov\u00e1 zpr\u00e1va","@id":"https:\/\/www.dakarmania.cz\/#\/schema\/person\/bce8d1fe3633b1178e150fc5e340d5dd"},"headline":"Fesh Fesh na Baja Espa\u00f1a s nov\u00fdm speci\u00e1lem","datePublished":"2021-07-23T06:54:03+00:00","dateModified":"2021-10-18T21:43:55+00:00","mainEntityOfPage":{"@id":"https:\/\/www.dakarmania.cz\/index.php\/2021\/07\/23\/fesh-fesh-s-novym-specialem\/"},"wordCount":513,"commentCount":0,"publisher":{"@id":"https:\/\/www.dakarmania.cz\/#organization"},"image":{"@id":"https:\/\/www.dakarmania.cz\/index.php\/2021\/07\/23\/fesh-fesh-s-novym-specialem\/#primaryimage"},"thumbnailUrl":"https:\/\/www.dakarmania.cz\/wp-content\/uploads\/2021\/07\/21-aragon-vratny-01.jpg","keywords":["2021","Baja Arag\u00f3n","Baja Arag\u00f3n 2021","Bart\u0142omiej Boba","Fesh Fesh","Ford","Jarom\u00edr Martinec","Tom\u00e1\u0161 Vr\u00e1tn\u00fd"],"articleSection":["Tiskov\u00e9 zpr\u00e1vy"],"inLanguage":"cs","potentialAction":[{"@type":"CommentAction","name":"Comment","target":["https:\/\/www.dakarmania.cz\/index.php\/2021\/07\/23\/fesh-fesh-s-novym-specialem\/#respond"]}]},{"@type":"WebPage","@id":"https:\/\/www.dakarmania.cz\/index.php\/2021\/07\/23\/fesh-fesh-s-novym-specialem\/","url":"https:\/\/www.dakarmania.cz\/index.php\/2021\/07\/23\/fesh-fesh-s-novym-specialem\/","name":"Fesh Fesh na Baja Espa\u00f1a s nov\u00fdm speci\u00e1lem - DAKARMANIA.cz","isPartOf":{"@id":"https:\/\/www.dakarmania.cz\/#website"},"primaryImageOfPage":{"@id":"https:\/\/www.dakarmania.cz\/index.php\/2021\/07\/23\/fesh-fesh-s-novym-specialem\/#primaryimage"},"image":{"@id":"https:\/\/www.dakarmania.cz\/index.php\/2021\/07\/23\/fesh-fesh-s-novym-specialem\/#primaryimage"},"thumbnailUrl":"https:\/\/www.dakarmania.cz\/wp-content\/uploads\/2021\/07\/21-aragon-vratny-01.jpg","datePublished":"2021-07-23T06:54:03+00:00","dateModified":"2021-10-18T21:43:55+00:00","description":"T\u00fdm Fesh Fesh Tom\u00e1\u0161e Vr\u00e1tn\u00e9ho se \u00fa\u010dastn\u00ed Baji Espa\u00f1a Arag\u00f3n s nov\u00fdm speci\u00e1lem. Jedn\u00e1 se o jedno z \u201eostr\u00fdch\u201c testov\u00e1n\u00ed na Rally Dakar.","breadcrumb":{"@id":"https:\/\/www.dakarmania.cz\/index.php\/2021\/07\/23\/fesh-fesh-s-novym-specialem\/#breadcrumb"},"inLanguage":"cs","potentialAction":[{"@type":"ReadAction","target":["https:\/\/www.dakarmania.cz\/index.php\/2021\/07\/23\/fesh-fesh-s-novym-specialem\/"]}]},{"@type":"ImageObject","inLanguage":"cs","@id":"https:\/\/www.dakarmania.cz\/index.php\/2021\/07\/23\/fesh-fesh-s-novym-specialem\/#primaryimage","url":"https:\/\/www.dakarmania.cz\/wp-content\/uploads\/2021\/07\/21-aragon-vratny-01.jpg","contentUrl":"https:\/\/www.dakarmania.cz\/wp-content\/uploads\/2021\/07\/21-aragon-vratny-01.jpg","width":1024,"height":684,"caption":"Tom\u00e1\u0161 Vr\u00e1tn\u00fd\/Bart\u0142omiej Boba\/Jarom\u00edr Martinec, Ford Cargo Evo I, Fesh Fesh Team. Shakedown p\u0159ed Baja Arag\u00f3n 2021. \u00a9 Fesh Fesh Team"},{"@type":"BreadcrumbList","@id":"https:\/\/www.dakarmania.cz\/index.php\/2021\/07\/23\/fesh-fesh-s-novym-specialem\/#breadcrumb","itemListElement":[{"@type":"ListItem","position":1,"name":"Dom\u016f","item":"https:\/\/www.dakarmania.cz\/"},{"@type":"ListItem","position":2,"name":"Fesh Fesh na Baja Espa\u00f1a s nov\u00fdm speci\u00e1lem"}]},{"@type":"WebSite","@id":"https:\/\/www.dakarmania.cz\/#website","url":"https:\/\/www.dakarmania.cz\/","name":"DAKARMANIA.cz","description":"\u017dijeme Dakarem cel\u00fd rok","publisher":{"@id":"https:\/\/www.dakarmania.cz\/#organization"},"potentialAction":[{"@type":"SearchAction","target":{"@type":"EntryPoint","urlTemplate":"https:\/\/www.dakarmania.cz\/?s={search_term_string}"},"query-input":{"@type":"PropertyValueSpecification","valueRequired":true,"valueName":"search_term_string"}}],"inLanguage":"cs"},{"@type":"Organization","@id":"https:\/\/www.dakarmania.cz\/#organization","name":"DAKAR MANIA","url":"https:\/\/www.dakarmania.cz\/","logo":{"@type":"ImageObject","inLanguage":"cs","@id":"https:\/\/www.dakarmania.cz\/#\/schema\/logo\/image\/","url":"https:\/\/www.dakarmania.cz\/wp-content\/uploads\/2018\/12\/Dakar-Mania-Logo-Square-Orange.png","contentUrl":"https:\/\/www.dakarmania.cz\/wp-content\/uploads\/2018\/12\/Dakar-Mania-Logo-Square-Orange.png","width":992,"height":992,"caption":"DAKAR MANIA"},"image":{"@id":"https:\/\/www.dakarmania.cz\/#\/schema\/logo\/image\/"},"sameAs":["https:\/\/www.facebook.com\/dakarmania\/"]},{"@type":"Person","@id":"https:\/\/www.dakarmania.cz\/#\/schema\/person\/bce8d1fe3633b1178e150fc5e340d5dd","name":"tiskov\u00e1 zpr\u00e1va","image":{"@type":"ImageObject","inLanguage":"cs","@id":"https:\/\/www.dakarmania.cz\/#\/schema\/person\/image\/","url":"https:\/\/secure.gravatar.com\/avatar\/19aefcb6c7bfae691fca4d805686c670f59bb4f7414c7b398b88dc9c8f4e96d5?s=96&d=mm&r=g","contentUrl":"https:\/\/secure.gravatar.com\/avatar\/19aefcb6c7bfae691fca4d805686c670f59bb4f7414c7b398b88dc9c8f4e96d5?s=96&d=mm&r=g","caption":"tiskov\u00e1 zpr\u00e1va"},"url":"https:\/\/www.dakarmania.cz\/index.php\/author\/tiskovezpravy\/"}]}},"amp_enabled":true,"_links":{"self":[{"href":"https:\/\/www.dakarmania.cz\/index.php\/wp-json\/wp\/v2\/posts\/21047","targetHints":{"allow":["GET"]}}],"collection":[{"href":"https:\/\/www.dakarmania.cz\/index.php\/wp-json\/wp\/v2\/posts"}],"about":[{"href":"https:\/\/www.dakarmania.cz\/index.php\/wp-json\/wp\/v2\/types\/post"}],"author":[{"embeddable":true,"href":"https:\/\/www.dakarmania.cz\/index.php\/wp-json\/wp\/v2\/users\/3"}],"replies":[{"embeddable":true,"href":"https:\/\/www.dakarmania.cz\/index.php\/wp-json\/wp\/v2\/comments?post=21047"}],"version-history":[{"count":2,"href":"https:\/\/www.dakarmania.cz\/index.php\/wp-json\/wp\/v2\/posts\/21047\/revisions"}],"predecessor-version":[{"id":23765,"href":"https:\/\/www.dakarmania.cz\/index.php\/wp-json\/wp\/v2\/posts\/21047\/revisions\/23765"}],"wp:featuredmedia":[{"embeddable":true,"href":"https:\/\/www.dakarmania.cz\/index.php\/wp-json\/wp\/v2\/media\/21045"}],"wp:attachment":[{"href":"https:\/\/www.dakarmania.cz\/index.php\/wp-json\/wp\/v2\/media?parent=21047"}],"wp:term":[{"taxonomy":"category","embeddable":true,"href":"https:\/\/www.dakarmania.cz\/index.php\/wp-json\/wp\/v2\/categories?post=21047"},{"taxonomy":"post_tag","embeddable":true,"href":"https:\/\/www.dakarmania.cz\/index.php\/wp-json\/wp\/v2\/tags?post=21047"}],"curies":[{"name":"wp","href":"https:\/\/api.w.org\/{rel}","templated":true}]}}