{"id":2105,"date":"2019-01-14T10:56:16","date_gmt":"2019-01-14T10:56:16","guid":{"rendered":"https:\/\/www.dakarmania.cz\/?p=2105"},"modified":"2023-06-08T12:25:15","modified_gmt":"2023-06-08T10:25:15","slug":"dakar-2019-7-etapa-minutu-po-minute","status":"publish","type":"post","link":"https:\/\/www.dakarmania.cz\/index.php\/2019\/01\/14\/dakar-2019-7-etapa-minutu-po-minute\/","title":{"rendered":"Dakar 2019: 7. etapa minutu po minut\u011b"},"content":{"rendered":"<p>[vc_row][vc_column][vc_column_text]<\/p>\n<h4>Sedm\u00e1 etapa Rally Dakar 2019 je prvn\u00ed okru\u017en\u00ed, kdy\u017e za\u010d\u00edn\u00e1 i kon\u010d\u00ed v San Juanu de Marcona. \u00da\u010dastn\u00edci sout\u011b\u017ee ocen\u00ed, \u017ee na p\u0159ejezdech nestr\u00e1v\u00ed mnoho \u010dasu, jinak je ale nejsp\u00ed\u0161 \u010dek\u00e1 dal\u0161\u00ed tvrd\u00e1 prov\u011brka.<\/h4>\n<p>Pond\u011bln\u00ed rychlostn\u00ed zkou\u0161ka je pro v\u0161echny kategorie stejn\u00e1. M\u011b\u0159\u00ed 323 kilometr\u016f a po\u0159adatel\u00e9 o n\u00ed z\u00e1vodn\u00edk\u016fm \u0159ekli, \u017ee se budou c\u00edtit jako ve v\u00e1lce a budou si jen p\u0159\u00e1t, aby to u\u017e skon\u010dilo.<\/p>\n<p><strong>HLAVN\u00cd UD\u00c1LOSTI 7. ETAPY<\/strong><br \/>\nStart rychlostn\u00ed zkou\u0161ky byl kv\u016fli mlze o 30 minut opo\u017ed\u011bn, nav\u00edc motocyklist\u00e9 zastaveni na 35 min na CP1<\/p>\n<p><strong>motocykly:<\/strong><br \/>\nSam Sunderland (KTM) si p\u0159ipsal letos u\u017e druh\u00e9 etapov\u00e9 v\u00edt\u011bzstv\u00ed | Ricky Brabec (Honda) se vr\u00e1til na prvn\u00ed pozici pr\u016fb\u011b\u017en\u00e9ho hodnocen\u00ed<\/p>\n<p><strong>automobily:<\/strong><br \/>\nS\u00e9bastien Loeb (Peugeot) m\u011bl technick\u00e9 probl\u00e9my a klesl ze 2. na 4. m\u00edsto<\/p>\n<p><strong>kamiony:<\/strong><br \/>\nKr\u00e1tce p\u0159ed startem etapy zve\u0159ejn\u011bny aktualizovan\u00e9 v\u010derej\u0161\u00ed v\u00fdsledky. D. Sotnikov se podle nich stal v\u00edt\u011bzem ned\u011bln\u00ed etapy, posunul se i do \u010dela pr\u016fb\u011b\u017en\u00e9ho po\u0159ad\u00ed a m\u011bl startovat do 7. etapy jako prvn\u00ed. S ohledem na t\u00fdmovou taktiku by tak musel ztratit 16 minut \u010dek\u00e1n\u00edm na Nikolajeva. T\u00fdm proto po\u017e\u00e1dal o uveden\u00ed v\u00fdsledk\u016f v\u010derej\u0161\u00ed etapy do podoby, jak platila po jej\u00edm dojezdu (a zapo\u010d\u00edt\u00e1n\u00ed penalizac\u00ed za neprojet\u00e9 waypointy). Podle vyj\u00e1d\u0159en\u00ed t\u00fdmu po\u0159adatel\u00e9 vyhov\u011bli. Na publikaci ofici\u00e1ln\u00edch v\u00fdsledk\u016f si v\u0161ak budeme muset po\u010dkat.<\/p>\n<p>&nbsp;<\/p>\n<p style=\"text-align: center;\"><span style=\"color: #ff9900;\"><strong>Online p\u0159enos skon\u010dil<\/strong><\/span><\/p>\n<p>[\/vc_column_text][vc_tta_accordion style=&#8221;modern&#8221; shape=&#8221;square&#8221; color=&#8221;sandy-brown&#8221; gap=&#8221;1&#8243; c_icon=&#8221;chevron&#8221; active_section=&#8221;3&#8243; css_animation=&#8221;none&#8221; title=&#8221;Rally Dakar 2019 &#8211; ON-LINE ZPRAVODAJSTV\u00cd&#8221;][vc_tta_section title=&#8221;Motorky&#8221; tab_id=&#8221;1547207236937-11673096-f55a961e-2cea4702-95ff02f3-027a&#8221;][vc_column_text]<strong>20:47<\/strong> &#8211; Do c\u00edle u\u017e dorazil tak\u00e9 <strong>Garrett Poucher<\/strong> s KTM t\u00fdmu Klym\u010diw Racing (dnes 37.), Slov\u00e1k <strong>Ivan Jake\u0161<\/strong> (45.) a <strong>Petr Vl\u010dek<\/strong> (54.).\u00a0 WP4 zat\u00edm naposledy projeli <strong>Jan Vesel\u00fd<\/strong> a <strong>Gabriela Novotn\u00e1<\/strong>.[\/vc_column_text][vc_column_text]<strong>19:06<\/strong> &#8211; 25. m\u00edsto dnes vybojoval <strong>Jan Brabec<\/strong> (Husqvarna). S 9hodinovou penalizac\u00ed, kterou inkasoval v\u010dera, v\u0161ak v pr\u016fb\u011b\u017en\u00e9m hodnocen\u00ed figuruje a\u017e v \u0161est\u00e9 des\u00edtce.[\/vc_column_text][vc_column_text]<strong>19:03<\/strong> &#8211; Dal\u0161\u00ed poveden\u00fd dakarsk\u00fd den pro\u017eil <strong>Milan Engel<\/strong> (KTM). Jezdec t\u00fdmu Moto Racing Group obsadil v etap\u011b 23. m\u00edsto a v pr\u016fb\u011b\u017en\u00e9 klasifikaci se udr\u017eel v top 20[\/vc_column_text][vc_column_text]<strong>18:05 &#8211; \u0160tefanu Svitkovi<\/strong> (KTM) pat\u0159\u00ed v hodnocen\u00ed 7. etapy 9. p\u0159\u00ed\u010dka. Slovensk\u00fd z\u00e1vodn\u00edk dnes o 17 sekund porazil lo\u0148sk\u00e9ho v\u00edt\u011bze <strong>Matthiase Walknera<\/strong> s tov\u00e1rn\u00ed KTM. V pr\u016fb\u011b\u017en\u00e9m po\u0159ad\u00ed udr\u017eel Svitko 8. pozici, Walkner klesl ze 6. na 7. m\u00edsto[\/vc_column_text][vc_column_text]<strong>18:00<\/strong> &#8211; Staronov\u00fdm leaderem z\u00e1vodu je <strong>Ricky Brabec<\/strong> s Hondou, druh\u00fd je <strong>Toby Price<\/strong> (KTM; +6:55 min) n\u00e1sledovan\u00fd <strong>Adrienem Van Beverenem<\/strong> (Yamaha; +7:47), na \u010dtvrt\u00e9 m\u00edsto posko\u010dil dne\u0161n\u00ed v\u00edt\u011bz <strong>Sam Sunderland<\/strong> (KTM; +9:58), by\u0165 Quintanillu v sou\u010dtu p\u0159ekonal o pouhou sekundu[\/vc_column_text][vc_column_text]<strong>17:53 &#8211; Pablo Quintanilla<\/strong> (Husqvarna) doj\u00ed\u017ed\u00ed do c\u00edle se ztr\u00e1tou 21 minut a u\u017e podruh\u00e9 je sesazen z \u010dela pr\u016fb\u011b\u017en\u00e9ho hodnocen\u00ed po jedin\u00e9m dni sv\u00e9 vl\u00e1dy. Chilan nav\u00edc pad\u00e1 z prvn\u00edho a\u017e na p\u00e1t\u00e9 m\u00edsto.[\/vc_column_text][vc_column_text]<strong>17:48 &#8211; Sam Sunderland<\/strong> (KTM) je kr\u00e1lem sedm\u00e9 etapy Rally Dakar 2019. Na posledn\u00edm \u00faseku najel na Jose Ignacia Corneja Florima dal\u0161\u00ed minutu a \u010dtvrt a por\u00e1\u017e\u00ed jezdce Hondy o 1:51 min. T\u0159et\u00ed doj\u00ed\u017ed\u00ed do c\u00edle Ricky Brabec s dal\u0161\u00ed Hondou.[\/vc_column_text][vc_column_text]<strong>17:42 &#8211; Nejlep\u0161\u00ed motocyklist\u00e9 maj\u00ed dne\u0161n\u00ed etapu za sebou<\/strong>. Zat\u00edm nejrychlej\u0161\u00ed Ricky Brabec s Hondou, ale \u010dek\u00e1me na jezdce, kte\u0159\u00ed byli na posledn\u00edm mezi\u010dase p\u0159ed Ameri\u010danem[\/vc_column_text][vc_column_text]<strong>17:25<\/strong> &#8211; Na posledn\u00edm waypointu (WP6) vypad\u00e1 situace z pohledu <strong>Rickyho Brabeca<\/strong> (Honda) je\u0161t\u011b p\u0159\u00edzniv\u011bji. St\u00e1le z\u016fst\u00e1v\u00e1 t\u0159et\u00ed, ale z odstupu od vedouc\u00edho S. Sunderlanda (KTM) umaz\u00e1v\u00e1 minutu (nyn\u00ed +6:02 min). Ale tak\u00e9 Quintanilla (Husqvarna) m\u00edrn\u011b st\u00e1hl (+20:46)[\/vc_column_text][vc_column_text]<strong>17:20<\/strong> &#8211; Hop, p\u0159edposledn\u00ed mezi\u010das a v\u0161echno je zase jinak. P\u0159esto\u017ee jsme na WP3 a WP4 nevid\u011bli mezi\u010dasy <strong>Rickyho Brabeca<\/strong> (Honda), Ameri\u010dan pokra\u010duje a nav\u00edc velmi rychle. Na WP5 byl t\u0159et\u00ed nejrychlej\u0161\u00ed, by\u0165 s odstupem 7:23 od nejrychlej\u0161\u00edho Sama Sunderlanda (KTM). Na P. Quintanillu (Husqvarna) najel v\u00edce ne\u017e 14 minut[\/vc_column_text][vc_column_text]<strong>17:10 &#8211; Pablo Quintanilla<\/strong> (Husqvarna) dnes jede jako prvn\u00ed a <strong>ztr\u00e1c\u00ed<\/strong>. Na p\u0159edposledn\u00edm waypointu (WP5) zaost\u00e1v\u00e1 za nejrychlej\u0161\u00edm Samem Sunderlandem (KTM) o 22 minut. Kdyby stejn\u00fd nebo v\u011bt\u0161\u00ed rozd\u00edl udr\u017eel Brit a\u017e do c\u00edle, p\u0159esko\u010dil by Chilana v pr\u016fb\u011b\u017en\u00e9m po\u0159ad\u00ed, p\u0159esto\u017ee jezdec Husqvarny p\u0159ed etapou vedl, zat\u00edmco v\u00edt\u011bz Dakaru 2017 byl dnes r\u00e1no a\u017e sedm\u00fd![\/vc_column_text][vc_column_text]<strong>16:42<\/strong> &#8211; P\u0159i probl\u00e9mech Rickyho Brabeca (Honda), kter\u00fd dosud neprojel WP3, je nejbli\u017e\u0161\u00edm pron\u00e1sledovatelem Pabla Quintanilly (Husqvarna) pr\u016fb\u011b\u017en\u011b t\u0159et\u00ed <strong>Toby Price<\/strong> (KTM). P\u0159ed etapou oba d\u011blilo 5:17 min, an WP5 je Price pr\u016fb\u011b\u017en\u011b druh\u00fd (+2:18 min) za t\u00fdmov\u00fdm kolegou Sunderlandem, Chilan ztr\u00e1c\u00ed dal\u0161\u00edch 6:48 min. A to znamen\u00e1, \u017ee ve virtu\u00e1ln\u00edm po\u0159ad\u00ed z\u00e1vodu jej na \u010dele st\u0159\u00edd\u00e1 pr\u00e1v\u011b Price![\/vc_column_text][vc_column_text]<strong>16:39 &#8211; \u0160tefan Svitko<\/strong> (KTM) dnes op\u011bt bojuje na hranici prvn\u00ed des\u00edtky. <strong>Jan Brabec<\/strong> (Husqvarna, Big Shock Racing) a <strong>Milan Engel<\/strong> (KTM, MRG) se zat\u00edm shodn\u011b dr\u017e\u00ed okolo poloviny t\u0159et\u00ed des\u00edtky[\/vc_column_text][vc_column_text]<strong>16:24<\/strong> &#8211; V kategorii motocyklist\u016f se dnes <strong>k \u00fatoku nadechli jezdci KTM<\/strong>. Na WP4 vede Sam Sunderland o 2:14 min p\u0159ed Tobym Pricem, Matthias Walkner je \u010dtvrt\u00fd (+4:58). Mezi trojici v\u00edt\u011bz\u016f t\u0159ech posledn\u00edch dakarsk\u00fdch ro\u010dn\u00edk\u016f se vkl\u00ednil jen t\u0159et\u00ed Adrien Van Beveren s Yamahou (+4:39)[\/vc_column_text][vc_column_text]<strong>16:21 &#8211; Ricky Brabec<\/strong> (Honda) m\u00e1 <strong>op\u011bt probl\u00e9my<\/strong>? Druh\u00fd mu\u017e pr\u016fb\u011b\u017en\u00e9ho hodnocen\u00ed sout\u011b\u017ee projel naposledy WP2, zat\u00edmco jeho soupe\u0159i u\u017e jsou na WP4.[\/vc_column_text][vc_column_text]<strong>14:25 &#8211; <span style=\"color: #ff0000;\">!!!<\/span><\/strong> &#8211; Kv\u016fli mlze je tra\u0165 velice nebezpe\u010dn\u00e1, proto <strong>po\u0159adatel\u00e9 na 35 minut zastavuj\u00ed z\u00e1vod na CP1<\/strong> (WP2). Posouv\u00e1 se tak\u00e9 \u010das startu dal\u0161\u00edch kategori\u00ed[\/vc_column_text][vc_column_text]<strong>14:25 &#8211; Sam Sunderland<\/strong> (KTM) je jedin\u00fd, kdo do neutralizace udr\u017eel krok se zat\u00edm nejrychlej\u0161\u00edm Rickym Brabecem (Honda). Na prvn\u00edch 100 km zaostal Brit za sv\u00fdm americk\u00fdm soupe\u0159em jen o 14 sekund. Na leadera pr\u016fb\u011b\u017en\u00e9ho hodnocen\u00ed Quintanillu najel celkov\u011b druh\u00fd Brabec 2:26 min[\/vc_column_text][vc_column_text]<strong>14:17 &#8211; Ricky Brabec<\/strong> (Honda) nejrychlej\u0161\u00ed i na druh\u00e9m mezi\u010dase. Ameri\u010dan je o 1:43 rychlej\u0161\u00ed ne\u017e M. Walkner (KTM). P. Quintanilla (Husqvarna) zaost\u00e1v\u00e1 o 2:26 min. P\u0159ed etapou d\u011blily vedouc\u00edho Quintanillu a druh\u00e9ho Brabeca 4 minuty a 38 sekund[\/vc_column_text][vc_column_text]<strong>14:03 &#8211; Sam Sunderland<\/strong> (KTM) byl p\u0159ed v\u010derej\u0161\u00ed etapou pr\u016fb\u011b\u017en\u011b druh\u00fd, kv\u016fli probl\u00e9m\u016f se zadn\u00ed brzdou v\u0161ak ztratil 23 minut a klesl na 7. m\u00edsto celkov\u00e9ho hodnocen\u00ed. Dnes se Brit sna\u017e\u00ed minimalizovat \u0161kody. Na WP1 zat\u00edm druh\u00fd, 11 s za nejrychlej\u0161\u00edm Brabecem (Honda)[\/vc_column_text][vc_column_text]<strong>13:33<\/strong> &#8211; <strong>Ricky Brabec<\/strong> (Honda) chce zp\u00e1tky do veden\u00ed, o kter\u00e9 p\u0159i\u0161el po v\u010derej\u0161\u00ed etap\u011b. O tom nen\u00ed pochyb. Na WP1 po pr\u016fjezdu prvn\u00edch sedmi z\u00e1vodn\u00edk\u016f zat\u00edm vede o 12 s p\u0159ed Tobym Pricem (KTM), \u010dtvrt\u00fd P. Quintanilla (Husqvarna) je o 33 sekund pomalej\u0161\u00ed[\/vc_column_text][vc_column_text]<strong>12:45 &#8211;\u00a0Pablo Quintanilla<\/strong> (Husqvarna) je na trati. O t\u0159i minuty pozd\u011bji startuje v\u010dera druh\u00fd <strong>Kevin Benavides<\/strong> (Honda), se stejn\u00fdm odstupem n\u00e1sleduje <strong>Matthias Walkner<\/strong> (KTM)&#8230;[\/vc_column_text][vc_column_text]<strong>12:15<\/strong> &#8211; Kv\u016fli mlze <strong>start speci\u00e1lky posunut o 30 min<\/strong>. P. Quintanilla by se tedy m\u011bl vydat na tra\u0165 ve 12:45 SE\u010c[\/vc_column_text][vc_column_text]<strong>12:15<\/strong> &#8211; Jako prvn\u00ed vyr\u00e1\u017e\u00ed do 7. etapy <strong>Pablo Quintanilla<\/strong> s tov\u00e1rn\u00ed Husqvarnou, kter\u00fd si v\u010dera p\u0159ipsal prvn\u00ed etapov\u00e9 v\u00edt\u011bzstv\u00ed v leto\u0161n\u00edm ro\u010dn\u00edku a vr\u00e1til se do \u010dela pr\u016fb\u011b\u017en\u00e9ho hodnocen\u00ed s n\u00e1skokem 4:38 min p\u0159ed R. Brabecem s Hondou. T\u0159et\u00ed je Toby Price (KTM; +5:17)[\/vc_column_text][\/vc_tta_section][vc_tta_section title=&#8221;Automobily a SxS&#8221; tab_id=&#8221;1547208803688-f04e2889-49a5961e-2cea4702-95ff02f3-027a&#8221;][vc_column_text]<strong>22:48 &#8211; Tom\u00e1\u0161 Ou\u0159edn\u00ed\u010dek<\/strong> s <strong>Davidem K\u0159\u00edpalem<\/strong> a druh\u00fdm Fordem t\u00fdmu MP-Sports dojeli do c\u00edle etapy se ztr\u00e1tou 1 hodiny a 58 minut na v\u00edt\u011bzn\u00e9ho Peterhansela. Dnes jim pat\u0159\u00ed 28. m\u00edsto, celkov\u011b jsou 20.[\/vc_column_text][vc_column_text]<strong>20:51<\/strong> &#8211; Na trati zat\u00edm z\u016fst\u00e1vaj\u00ed <strong>Tom\u00e1\u0161 Ou\u0159edn\u00ed\u010dek<\/strong> s Davidem K\u0159\u00edpalem (Ford, MP-Sports), kte\u0159\u00ed na WP4 figurovali se ztr\u00e1tou hodiny a \u010dtvrt na 27. pozici. <strong>Olga Rou\u010dkov\u00e1<\/strong> a Daniel Zelenka (Can-Am, MRG) projeli WP3, kde byli 19. v kategorii SxS[\/vc_column_text][vc_column_text]<strong>20:33 &#8211; Martin Prokop<\/strong> s Janem Tom\u00e1nkem (Ford) dnes obsadili 10. m\u00edsto a celkov\u011b udr\u017eeli 7. pozici. Za pr\u016fb\u011b\u017en\u011b \u0161est\u00fdm Jakubem Przygo\u0144sk\u00fdm dnes zaostali o p\u011bt a p\u016fl minuty a v celkov\u00e9m sou\u010dtu oba piloty d\u011bl\u00ed necel\u00fdch 28 minut[\/vc_column_text][vc_column_text]<strong>19:35 &#8211; S\u00e9bastien Loeb<\/strong> (Peugeot) musel v \u00favodu speci\u00e1lky zastavit kv\u016fli technick\u00fdm probl\u00e9m\u016fm, opravou ztratil t\u00e9m\u011b\u0159 40 minut, pak byl ale jednozna\u010dn\u011b nejrychlej\u0161\u00edm jezdcem dne a do konce m\u011b\u0159en\u00e9ho \u00faseku dok\u00e1zal sv\u016fj odstup od v\u00edt\u011bzn\u00e9ho Peterhansela sn\u00ed\u017eit na 28 minut a 27 sekund. P\u0159esto Francouz p\u0159i\u0161el o druhou p\u0159\u00ed\u010dku pr\u016fb\u011b\u017en\u00e9ho hodnocen\u00ed a klesl na \u010dtvrt\u00e9 m\u00edsto za Peterhansela Romu[\/vc_column_text][vc_column_text]<strong>19:19 &#8211; Nasser Al-Attiyah<\/strong> a Mathieu Baumel (Toyota) v\u011bd\u011bli o pot\u00ed\u017e\u00edch, do kter\u00fdch se dostal S\u00e9bastien Loeb (Peugeot) startuj\u00edc\u00ed p\u0159ed nimi. Proto se v pr\u016fb\u011bhu etapy soust\u0159edili hlavn\u011b na to, aby si pohl\u00eddali celkov\u00e9 veden\u00ed. Do c\u00edle dorazili jako \u010dtvrt\u00ed (+11:58 min) a v celkov\u00e9m sou\u010dtu maj\u00ed p\u0159ed po dne\u0161ku op\u011bt celkov\u011b druh\u00fdm Peterhanselem st\u00e1le t\u00e9m\u011b\u0159 p\u016flhodinov\u00fd n\u00e1skok[\/vc_column_text][vc_column_text]<strong>19:15 &#8211; St\u00e9phane Peterhansel<\/strong> a David Castera (Mini JCW Buggy) vyhr\u00e1vaj\u00ed sedmou etapu o 4:33 min p\u0159ed <strong>Nanim Romou<\/strong> (Mini 4&#215;4). T\u0159et\u00ed p\u0159\u00ed\u010dka pat\u0159\u00ed <strong>Carlosi Sainzovi<\/strong> (+9:28 min) s dal\u0161\u00ed buggy Mini.[\/vc_column_text][vc_column_text]<strong>19:12<\/strong> &#8211; Dne\u0161n\u00ed souboj mezi <strong>St\u00e9phanem Peterhanselem<\/strong> (Mini Buggy) a <strong>Nanim Romou<\/strong> (Mini 4&#215;4) nejsp\u00ed\u0161 skon\u010dil. Peterhansel vede na posledn\u00edm mezi\u010dase (WP6) u\u017e o 4:58 min a jist\u011b ud\u011bl\u00e1 maximum, aby n\u00e1skok udr\u017eel. Zvl\u00e1\u0161\u0165 po chyb\u00e1ch, za kter\u00e9 draze platil v\u010dera[\/vc_column_text][vc_column_text]<strong>19:00<\/strong> &#8211; Dal\u0161\u00ed pr\u016fjezdn\u00ed bod a dal\u0161\u00ed dv\u011b a p\u016fl minuty dolu. <strong>S\u00e9bastien Loeb<\/strong> rozhodn\u011b nic nevzd\u00e1v\u00e1 a pokra\u010duje v n\u00e1poru, i kdy\u017e na nejrychlej\u0161\u00edho P\u00e9terhansela st\u00e1le ztr\u00e1c\u00ed v\u00edce ne\u017e p\u016fl hodiny (+31:13 min)[\/vc_column_text][vc_column_text]<strong>18:54<\/strong> &#8211; V \u00faseku mezi t\u0159et\u00edm a \u010dtvrt\u00fdm pr\u016fjezdn\u00edm bodem pon\u011bkud vypadl z tempa\u00a0<strong>Jakub Przygo\u0144ski<\/strong> (Mini 4&#215;4). Jeho odstup od Peterhansela narostl z necel\u00fdch 6 minut na v\u00edce ne\u017e 17 a Pol\u00e1k se v pr\u016fb\u011b\u017en\u00e9m po\u0159ad\u00ed etapy propadl z 5. na 9. m\u00edsto. Des\u00e1t\u00fd <strong>Martin Prokop<\/strong> (Ford) za n\u00edm nyn\u00ed zaost\u00e1v\u00e1 jen o 50 sekund.[\/vc_column_text][vc_column_text]<strong>18:41<\/strong> &#8211; Po probl\u00e9mech, kter\u00e9 jej minul\u00fd t\u00fdden vy\u0159adily z boje o v\u00edt\u011bzstv\u00ed, nehodil flintu do \u017eita <strong>Carlos Sainz<\/strong> (Mini Buggy). V\u010dera \u0160pan\u011bl navzdory velk\u00e9 \u010dasov\u00e9 ztr\u00e1t\u011b z p\u0159edchoz\u00edch etap postoupil na 11. m\u00edsto absolutn\u011b a od prvn\u00ed des\u00edtky ho p\u0159ed dne\u0161n\u00ed etapou d\u011blilo jen necel\u00fdch 5 minut. Na WP5 se lo\u0148sk\u00fd dakarsk\u00fd \u0161ampion posouv\u00e1 p\u0159ed t\u00fdmov\u00e9ho kolegu Cyrila Desprese, jen\u017e byl na p\u0159edchoz\u00edm mezi\u010dase t\u0159et\u00ed. Postupn\u011b zvy\u0161uje tak\u00e9 sv\u016fj n\u00e1skok p\u0159ed Benediktasem Vanagasem se soukromou Toyotou, jemu\u017e pr\u00e1v\u011b p\u0159ed dne\u0161n\u00ed etapou pat\u0159ilo 10. m\u00edsto absolutn\u011b[\/vc_column_text][vc_column_text]<strong>18:39<\/strong> &#8211; Rozestup vedouc\u00ed dvojice z\u016fst\u00e1v\u00e1 na p\u0159edposledn\u00edm pr\u016fjezdn\u00edm bod\u011b (WP5) prakticky stejn\u00fd. <strong>Nani Roma<\/strong> (Mini 4&#215;4) smazal 5 sekund, ale na <strong>St\u00e9phana Peterhansela<\/strong>\u00a0(Mini Buggy) st\u00e1le ztr\u00e1c\u00ed 3:13 min.[\/vc_column_text][vc_column_text]<strong>17:55<\/strong> &#8211; Zat\u00edmco odstup <strong>Martina Prokopa<\/strong> (Ford) na nejrychlej\u0161\u00ed soupe\u0159e nar\u016fst\u00e1 (na WP4 +18:11 min), <strong>S\u00e9bastien Loeb<\/strong> (Peugeot) ze sv\u00e9 po\u010d\u00e1te\u010dn\u00ed ztr\u00e1ty dok\u00e1zal ukrojit u\u017e 5 a p\u016fl minuty. Na stejn\u00e9m pr\u016fjezdn\u00edm bod\u011b zaost\u00e1v\u00e1 za nejrychlej\u0161\u00edm Peterhanselem (Mini Buggy) o 33:48 min[\/vc_column_text][vc_column_text]17:39 &#8211; <strong>St\u00e9phane Peterhansel<\/strong> (Mini Buggy) zvy\u0161uje na WP4 sv\u016fj n\u00e1skok p\u0159ed Nanim Romou (Mini 4&#215;4) o v\u00edce ne\u017e dv\u011b minuty na 3:18 min. Leader z\u00e1vodu\u00a0<strong>Nasser Al-Attiyah<\/strong> (Toyota) jede to, co pot\u0159ebuje, a je s 10minutov\u00fdm odstupem \u010dtvrt\u00fd.[\/vc_column_text][vc_column_text]<strong>17:16<\/strong> &#8211; <strong>Jakub Przygo\u0144ski<\/strong> (Mini 4&#215;4) v\u010dera hodn\u011b ztratil a v pr\u016fb\u011b\u017en\u00e9m po\u0159ad\u00ed klesl ze 4. na 6. m\u00edsto. P\u0159ed pr\u016fb\u011b\u017en\u011b sedm\u00fdm M. Prokopem (Ford) m\u011bl 28 minutov\u00fd n\u00e1skok. Dnes si ale rozhodn\u011b jen nehl\u00edd\u00e1 z\u00e1da, ale \u00fato\u010d\u00ed dop\u0159edu. Na WP2 byl t\u0159et\u00ed nejrychlej\u0161\u00ed za Romou a Peterhanselem, na osm\u00e9ho Prokopa najel 2 a p\u016fl minuty[\/vc_column_text][vc_column_text]<strong>17:07 &#8211; St\u00e9phane Peterhansel<\/strong> (Mini Buggy) odr\u00e1\u017e\u00ed \u00fatok Naniho Romy (Mini 4&#215;4) a na WP4 je o 58 rychlej\u0161\u00ed ne\u017e \u0160pan\u011bl. Leader z\u00e1vodu <strong>Nasser Al-Attiyah<\/strong> (Toyota) kontroluje svou pozici. Na \u010dtvrt\u00e9m waypointu je p\u00e1t\u00fd (+7:26 min)[\/vc_column_text][vc_column_text]<strong>16:53 &#8211; S\u00e9bastien Loeb<\/strong> (Peugeot) doh\u00e1n\u00ed ztr\u00e1tu zp\u016fsobenou technick\u00fdmi probl\u00e9my, v \u00faseku mezi WP1 a WP2 umazal dv\u011b minuty, p\u0159esto jeho odstup z\u016fst\u00e1v\u00e1 obrovsk\u00fd (+37:22 min)[\/vc_column_text][vc_column_text]<strong>16:27<\/strong> &#8211; Po Loebov\u00fdch probl\u00e9mech se souboj mezi <strong>St\u00e9phanem Peterhanselem<\/strong>\u00a0(Mini Buggy) a <strong>Nanim Romou<\/strong>\u00a0(Mini 4&#215;4) r\u00e1zem m\u011bn\u00ed na bitvu o 2. m\u00edsto v celkov\u00e9m po\u0159ad\u00ed. P\u0159ed etapou ztr\u00e1cel \u0160pan\u011bl na Francouze jen 4:10 min. Na WP2 je o 1:25 min rychlej\u0161\u00ed ne\u017e 13n\u00e1sobn\u00fd dakarsk\u00fd v\u00edt\u011bz[\/vc_column_text][vc_column_text]<strong>16:15 &#8211; S\u00e9bastien Loeb projel WP1<\/strong> ov\u0161em se ztr\u00e1tou 39 minut na St\u00e9phana Peterhansela (Mini Buggy). Ve virtu\u00e1ln\u00edm pr\u016fb\u011b\u017en\u00e9m po\u0159ad\u00ed z\u00e1vodu tak v tuto chv\u00edli kles\u00e1 ze druh\u00e9 na \u010dtvrtou pozici pr\u00e1v\u011b za Peterhansela a Naniho Romu (Mini 4&#215;4). P\u0159ed pr\u016fb\u011b\u017en\u011b p\u00e1t\u00fdm Cyrilem Despresem s dal\u0161\u00ed buggy Mini m\u011bl Loeb p\u0159ed etapou k dobru 41:26 min[\/vc_column_text][vc_column_text]<strong>16:04 &#8211; <span style=\"color: #ff0000;\">!!!<\/span> &#8211; S\u00e9bastien Loeb<\/strong> stoj\u00ed na 47. kilometru a sna\u017e\u00ed se opravit elektriku sv\u00e9ho Peugeotu. V\u00edt\u011bz dvou p\u0159edchoz\u00edch etap (a jedn\u00e9 dal\u0161\u00ed) ji\u017e ztratil v\u00edce ne\u017e 20 minut[\/vc_column_text][vc_column_text]<strong>15:57<\/strong> &#8211;\u00a0<strong>St\u00e9phane Peterhansel\u00a0<\/strong>(Mini Buggy) na WP1 zat\u00edm jasn\u011b nejrychlej\u0161\u00ed, druh\u00fd N. Roma (Mini 4&#215;4) ztr\u00e1c\u00ed 1:01 min, leader z\u00e1vodu Al-Attiyah (Toyota) zat\u00edm t\u0159et\u00ed (+1:28 min), <strong>Martin Prokop<\/strong> (Ford) p\u00e1t\u00fd (+2:39)[\/vc_column_text][vc_column_text]<strong>15:15<\/strong> &#8211; \u0160pi\u010dka kategorie automobil\u016f projela WP1, chyb\u00ed mezi\u010das S\u00e9bastiena Loeba. Francouz dnes startoval jako prvn\u00ed. Na d\u016fvod jeho \u010dasu si mus\u00edme po\u010dkat.[\/vc_column_text][vc_column_text]<strong>15:15 &#8211; Automobily startuj\u00ed<\/strong>, na tra\u0165 vyrazil jako prvn\u00ed S\u00e9bastien Loeb s Peugeotem[\/vc_column_text][vc_column_text]<strong>14:25 &#8211; <span style=\"color: #ff0000;\">!!!<\/span><\/strong> &#8211; Kv\u016fli mlze je tra\u0165 velice nebezpe\u010dn\u00e1, proto <strong>po\u0159adatel\u00e9 na 35 minut zastavuj\u00ed motocyklisty na CP1<\/strong> (WP2). Posouv\u00e1 se tak\u00e9 \u010das startu dal\u0161\u00edch kategori\u00ed[\/vc_column_text][vc_column_text]<strong>14:34<\/strong> &#8211; Motocyklist\u00e9 vyr\u00e1\u017eeli do speci\u00e1lky kv\u016fli mlze o p\u016fl hodiny pozd\u011bji. Ke stejn\u00e9mu posunu by tud\u00ed\u017e m\u011blo doj\u00edt i v dal\u0161\u00edch kategori\u00edch. S. Loeb by m\u011bl tedy do speci\u00e1lky odstartovat ve 14:34 SE\u010c[\/vc_column_text][vc_column_text]<strong>14:04<\/strong> &#8211; V kategorii automobil\u016f odstartuje jako prvn\u00ed Francouz <strong>S\u00e9bastien Loeb<\/strong> s navig\u00e1torem Danielem Elenou. Pos\u00e1dka Peugeotu t\u00fdmu PH-Sport v\u010dera vyhr\u00e1la druhou etapu v \u0159ad\u011b, v pr\u016fb\u011b\u017en\u00e9 klasifikaci postoupila z p\u00e1t\u00e9 na druhou pozici a vedouc\u00edho Kata\u0159ana Nassera Al-Attiyaha (Toyota) p\u0159ed dne\u0161n\u00ed etapou ztr\u00e1cela 37:43 min. Na t\u0159et\u00ed m\u00edsto v ned\u011bli klesl St\u00e9phane Peterhansel (Mini Buggy; +41:14)[\/vc_column_text][vc_column_text]13:00 &#8211; N\u00e1ro\u010dn\u00e1 6. etapa vystavila stopku mnoha \u00fa\u010dastn\u00edk\u016fm. Odstoupit musel nap\u0159. <strong>Harry Hunt<\/strong> (Peugeot), jen\u017e je\u0161t\u011b r\u00e1no figuroval na 7. pozici pr\u016fb\u011b\u017en\u00e9ho hodnocen\u00ed automobil\u016f p\u0159ed Martinem Prokopem. Sv\u016fj prvn\u00ed Dakar v kategorii SxS nedokon\u010d\u00ed ani lo\u0148sk\u00fd v\u00edt\u011bz sout\u011b\u017ee v kategorii \u010dty\u0159kolek <strong>Ignacio Casale<\/strong> (Can-Am)[\/vc_column_text][\/vc_tta_section][vc_tta_section title=&#8221;Kamiony&#8221; tab_id=&#8221;1547209196245-ed512701-c78a961e-2cea4702-95ff02f3-027a&#8221;][vc_column_text]<strong>22:52 &#8211; Ale\u0161 Loprais<\/strong> (Tatra) je v c\u00edli jako 9. se ztr\u00e1tou 1:44 min na v\u00edt\u011bzn\u00e9ho De Rooye. V pr\u016fb\u011b\u017en\u00e9m hodnocen\u00ed mu p\u0159esto pat\u0159\u00ed 5. p\u0159\u00ed\u010dka! Minim\u00e1ln\u011b v kategorii kamion\u016f byla 7. etapa takov\u00e1, jakou po\u0159adatel\u00e9 slibovali: znovu extr\u00e9mn\u011b n\u00e1ro\u010dn\u00e1[\/vc_column_text][vc_column_text]<strong>22:32<\/strong> &#8211; <strong>Ale\u0161 Loprais<\/strong> (Tatra) projel WP6, kam dorazil jako dev\u00e1t\u00fd se ztr\u00e1tou 1 hodiny a 41 minut. Martin \u0160oltys (Tatra) st\u00e1le z\u016fst\u00e1v\u00e1 d\u00e1le na trati, naposledy zaznamen\u00e1n na WP4.[\/vc_column_text][vc_column_text]<strong>21:26<\/strong> &#8211; Prvn\u00ed \u010dty\u0159i kamiony jsou v c\u00edli. V\u00edt\u011bz\u00ed <strong>Gerard de Rooy<\/strong> s Ivecem, kter\u00fd v sedm\u00e9 etap\u011b por\u00e1\u017e\u00ed druh\u00e9ho <strong>Sergeje Vjazovi\u010de<\/strong> (MAZ) o 30:55 min, t\u0159et\u00ed je <strong>Eduard Nikolajev<\/strong> (Kamaz; +34:35 min)[\/vc_column_text][vc_column_text]<strong>20:37 &#8211; Gerard de Rooy<\/strong> (Iveco) je v c\u00edli. Posledn\u00edm mezi\u010dasem WP6 zat\u00edm projel jako jedin\u00fd, na WP5 u\u017e zaznamenali \u010dasy tak\u00e9 Vjazovi\u010d (MAZ; +29:14), Nikolajev (Kamaz; +35:36) a Villagra (Iveco; +39:00), dal\u0161\u00ed soupe\u0159i maj\u00ed za sebou teprve WP4[\/vc_column_text][vc_column_text]<strong>20:22<\/strong> &#8211; Na WP4 dorazil i <strong>Martin \u0160oltys<\/strong> s Tatrou. Jezdec t\u00fdmu Buggyra ztr\u00e1c\u00ed hodinu a 11 minut a je pr\u016fb\u011b\u017en\u011b dev\u00e1t\u00fd[\/vc_column_text][vc_column_text]<strong>20:01<\/strong> &#8211; Velmi zaj\u00edmav\u011b vypad\u00e1 situace na \u010dele kategorie kamion\u016f na \u010dtvrt\u00e9m pr\u016fjezdn\u00edm bod\u011b. Mezi WP3 a WP4 to pro v\u011bt\u0161inu trucker\u016f bylo nejsp\u00ed\u0161 celkem dramatick\u00e9.\u00a0<strong>Gerard de Rooy<\/strong> (Iveco) toti\u017e vede s v\u00fdrazn\u00fdm 20minutov\u00fdm n\u00e1skokem p\u0159ed Sergejem Vjazovi\u010dem (MAZ), Eduard Nikolajev (Kamaz) ztr\u00e1c\u00ed 23 minut, Federico Villagra (Iveco) 26 a t\u0159i \u010dtvrt\u011b minuty. <strong>Ale\u0161 Loprais<\/strong> (Tatra) je s odstupem 59 minut zat\u00edm sedm\u00fd. U <strong>Dmitrije Sotnikova<\/strong> s druh\u00fdm Kamazem, kter\u00fd je\u0161t\u011b pokra\u010duje v sout\u011b\u017ei, ukazuje \u010dasom\u00edra odstup jedn\u00e9 hodiny a 21 minut.[\/vc_column_text][vc_column_text]<strong>18:35 &#8211; Ale\u0161 Loprais<\/strong> a <strong>Martin \u0160oltys<\/strong> (oba Tatra) st\u00e1le bojuj\u00ed na konci prvn\u00ed des\u00edtky. Na nejrychlej\u0161\u00edho <strong>Tona van Genugtena<\/strong>, kter\u00fd s dal\u0161\u00edm Ivecem p\u0159esko\u010dil Villagru, ztr\u00e1c\u00ed Loprais na WP3 osmn\u00e1ct minut, \u0160oltys je o dal\u0161\u00ed \u010dty\u0159i minuty vzadu[\/vc_column_text][vc_column_text]<strong>18:24 &#8211; P\u016flmaraton &#8211; Martin Mac\u00edk<\/strong> (Liaz) za\u010d\u00edn\u00e1 uj\u00ed\u017ed\u011bt <strong>Martinu Kolom\u00e9mu<\/strong> (Tatra). Na WP3 zv\u00fd\u0161il n\u00e1skok na 2:10 min. St\u00e1le se v r\u00e1mci dakarsk\u00e9ho p\u016flmaratonu jedn\u00e1 o nejrychlej\u0161\u00ed dvojici mezi kamiony[\/vc_column_text][vc_column_text]<strong>18:19<\/strong> &#8211; V kategorii kamion\u016f dnes sv\u00e1d\u011bj\u00ed velkou bitvu o etapov\u00e9 v\u00edt\u011bzstv\u00ed jezdci De Rooyova t\u00fdmu s vozy Iveco. Na t\u0159et\u00edm mezi\u010dase jde p\u0159ed Maurika van den Heuvela Argentinec <strong>Federico Villagra<\/strong>, kter\u00fd je o v\u00edce ne\u017e minutu rychlej\u0161\u00ed, t\u0159et\u00ed je \u0161\u00e9f t\u00fdmu Gerard de Rooy.[\/vc_column_text][vc_column_text]<strong>17:45 &#8211; P\u016flmaraton<\/strong> &#8211; Nesmlouvav\u00fd souboj mezi sebou sv\u00e1d\u011bj\u00ed <strong>Martin Mac\u00edk<\/strong> (Liaz) a <strong>Martin Kolom\u00fd<\/strong> (Tatra). Na prvn\u00edm mezi\u010dase o 3 sekundy rychlej\u0161\u00ed pilot Liazky, do dal\u0161\u00edho mezi\u010dasu sv\u016fj n\u00e1skok zv\u00fd\u0161il, ale jen o 2 sekundy. Celkov\u011b jsou druz\u00ed a t\u0159et\u00ed za Orlandem Terranovou s Mini[\/vc_column_text][vc_column_text]<strong>17:32<\/strong> &#8211; <strong>Maurik van den Heuvel<\/strong> (Iveco) je \u0161est\u00fdm truckerem, kter\u00fd dojel na WP2, a uj\u00edm\u00e1 se veden\u00ed o 36 s p\u0159ed De Rooyem. N\u00e1sleduj\u00ed \u010de\u0161t\u00ed z\u00e1vodn\u00edci. <strong>Ale\u0161 Loprais<\/strong> (Tatra) se \u0159ad\u00ed na \u0161est\u00e9 m\u00edsto (+5:36 min), <strong>Martin \u0160oltys<\/strong> (Tatra) je zat\u00edm sedm\u00fd (+12:54)[\/vc_column_text][vc_column_text]<strong>17:28 &#8211; Sergej Vjazovi\u010d<\/strong> (MAZ) op\u011bt zkou\u0161\u00ed \u010de\u0159it vodu na \u0161pici. Na druh\u00e9m mezi\u010dase se posouv\u00e1 na 2. p\u0159\u00ed\u010dku za G. de Rooye (Iveco), na n\u011bho\u017e ztr\u00e1c\u00ed 1:19 min. N\u00e1sleduj\u00ed Villagra (Iveco), Nikolajev a Sotnikov (oba Kamaz). Dal\u0161\u00ed kamiony zat\u00edm na WP2 nedorazily[\/vc_column_text][vc_column_text]<strong>16:41<\/strong> &#8211; Na WP1 zat\u00edm nejrychlej\u0161\u00ed <strong>Gerard de Rooy<\/strong> s Ivecem o 11 s p\u0159ed t\u00fdmov\u00fdm kolegou Federicem Villagrou. Nikolajev je t\u0159et\u00ed (+13 s). <strong>Ale\u0161 Loprais<\/strong> (Tatra) je p\u00e1t\u00fd s odstupem 1:49 min, <strong>Martin \u0160oltys<\/strong> (Tatra) figuruje v po\u0159ad\u00ed hned za n\u00edm, ov\u0161em u\u017e s 6minutovou ztr\u00e1tou.[\/vc_column_text][vc_column_text]<strong>16:31<\/strong> &#8211; Pr\u016fjezd prvn\u00edch \u010dty\u0159 kamion\u016f prvn\u00edm waypointem jen <strong>potvrzuje taktiku Kamazu<\/strong>. Dmitrij Sotnikov ztratil skoro 12 minut, co\u017e odpov\u00edd\u00e1 tomu, o kolik pozd\u011bji startoval jeho t\u00fdmov\u00fd kolega Eduard Nikolajev. Veden\u00ed t\u00fdmu chce, aby ob\u011b auta jela spole\u010dn\u011b a v p\u0159\u00edpad\u011b jak\u00fdchkoliv probl\u00e9m\u016f si pomohla. Co\u017e bylo pot\u0159eba u\u017e v p\u0159edchoz\u00ed etap\u011b, kdy Nikolajev polo\u017eil sv\u016fj truck v dun\u00e1ch na bok, ale d\u00edky p\u0159\u00edtomnosti t\u00fdmov\u00e9ho kolegy ztratil pouh\u00fdch 8 minut[\/vc_column_text][vc_column_text]15:16 &#8211;\u00a0<span style=\"color: #ff0000;\"><strong>!!!<\/strong><\/span> &#8211;\u00a0<strong>Vyj\u00e1d\u0159en\u00ed t\u00fdmu Kamaz<\/strong> na jeho ofici\u00e1ln\u00edm twitterov\u00e9m \u00fa\u010dtu: <em>\u201e14. ledna r\u00e1no t\u00fdm p\u0159ekvapilo zji\u0161t\u011bn\u00ed, \u017ee Dmitrij Sotnikov byl posunut ve startovn\u00edm po\u0159ad\u00ed, co\u017e neodpov\u00eddalo v\u010derej\u0161\u00edm v\u00fdsledk\u016fm. Posun v po\u0159ad\u00ed znamenal, \u017ee by m\u011bl startovat p\u0159ed Eduardem Nikolajevem. S ohledem na taktiku t\u00fdmu, podle n\u00ed\u017e maj\u00ed jet vozy spole\u010dn\u011b a vz\u00e1jemn\u011b si pom\u00e1hat, by [Sotnikov] musel ztratit 16 minut, aby po\u010dkal, a\u017e ho pos\u00e1dka E. Nikolajeva do\u017eene. Veden\u00ed t\u00fdmu po\u017e\u00e1dalo organiz\u00e1tory o objasn\u011bn\u00ed situace a ti ji vysv\u011btlili chybou syst\u00e9mu. P\u0159edstavitel\u00e9 t\u00fdmu Kamaz-Master \u0159ekli, \u017ee definitivn\u00ed rozhodnut\u00ed v\u017edy \u010din\u00ed \u010dlov\u011bk, a po\u017e\u00e1dali o opravu t\u00e9to chyby, co\u017e se tak\u00e9 stalo. D. Sotnikov odstartuje podle v\u00fdsledk\u016f v\u010derej\u0161\u00ed etapy.\u201c<\/em><br \/>\nZat\u00edm tedy spol\u00e9hejme na ve\u0159ejn\u011b p\u0159\u00edstupn\u00e9 <a href=\"https:\/\/www.dakar.com\/en\/rankings\/stage-6\">v\u00fdsledky na webu<\/a> sout\u011b\u017ee[\/vc_column_text][vc_column_text]15:05 &#8211; <span style=\"color: #ff0000;\"><strong>!!!<\/strong><\/span> &#8211; Kamaz po\u017e\u00e1dal organiz\u00e1tory, aby v\u00fdsledky vr\u00e1tili do podoby, jak platily v\u010dera ve\u010der, tzn. Sotnikov nen\u00ed prvn\u00ed, vede st\u00e1le Nikolajev. Po\u0159adatel\u00e9 vyhov\u011bli. Podrobnosti za okam\u017eik[\/vc_column_text][vc_column_text]<strong>14:25 &#8211; <span style=\"color: #ff0000;\">!!!<\/span><\/strong> &#8211; Kv\u016fli mlze je tra\u0165 velice nebezpe\u010dn\u00e1, proto <strong>po\u0159adatel\u00e9 na 35 minut zastavuj\u00ed motocyklisty na CP1<\/strong> (WP2). Posouv\u00e1 se tak\u00e9 \u010das startu dal\u0161\u00edch kategori\u00ed[\/vc_column_text][vc_column_text]<strong>15:03<\/strong>\u00a0&#8211; Motocyklist\u00e9 vyr\u00e1\u017eeli do speci\u00e1lky kv\u016fli mlze o p\u016fl hodiny pozd\u011bji. Ke stejn\u00e9mu posunu by tud\u00ed\u017e m\u011blo doj\u00edt i v dal\u0161\u00edch kategori\u00edch. D. Sotnikov by m\u011bl tedy do speci\u00e1lky odstartovat ve 14:34 SE\u010c[\/vc_column_text][vc_column_text]14:01 &#8211; <span style=\"color: #ff0000;\"><strong>!!!<\/strong><\/span> &#8211; <strong>Aktualizovan\u00e9 po\u0159ad\u00ed po 6. etap\u011b:<\/strong> 1. Sotnikov, 2. Nikolajev +18:01, 3. De Rooy +2:08:04, 4. Villagra +4:24:49, 5. Van Genugten +4:47:31, 6. Loprais +4:48:19, 7. \u0160oltys +5:52:21&#8230;[\/vc_column_text][vc_column_text]13:56 &#8211; <strong><span style=\"color: #ff0000;\">!!!<\/span><\/strong> &#8211;\u00a0<strong>Aktualizovan\u00e9 po\u0159ad\u00ed v 6. etap\u011b:<\/strong> 1. Sotnikov (proto dnes Rus startuje prvn\u00ed), 2. De Rooy +21:09, 3. Villagra +21:39, 4. Nikolajev +29:55, 5. Vjazovi\u010d +1:15:24, 6. \u0160oltys +1:41:26, 7. Sugawara +2:01:39, 8. Loprais +2:06:12[\/vc_column_text][vc_column_text]13:47<strong> &#8211; <span style=\"color: #ff0000;\">!!!<\/span><\/strong> &#8211; Po\u0159adatel\u00e9 p\u0159ed malou chv\u00edl\u00ed zve\u0159ejnili aktualizovan\u00e9 v\u00fdsledky 6. etapy a pr\u016fb\u011b\u017en\u00e9 po\u0159ad\u00ed po n\u00ed. Nov\u00fdm leaderem kategorie je <strong>Dmitrij Sotnikov<\/strong> (Kamaz). Podrobnosti za okam\u017eik[\/vc_column_text][vc_column_text]14:33 &#8211; Z kamion\u016f by m\u011bl jako prvn\u00ed odstartovat ve 14:33 SE\u010c\u00a0<strong>Dmitrij Sotnikov<\/strong> (Kamaz). To by m\u011blo znamenat, \u017ee G. de Rooy (Iveco) p\u0159i\u0161el o v\u010derej\u0161\u00ed etapov\u00e9 v\u00edt\u011bzstv\u00ed. Ofici\u00e1ln\u00ed v\u00fdsledky organiz\u00e1to\u0159i dosud nepublikovali, na webu sout\u011b\u017ee je ve v\u00fdsledc\u00edch prvn\u00ed st\u00e1le Nizozemec. Situaci sledujeme, p\u00e1tr\u00e1me d\u00e1l.[\/vc_column_text][vc_column_text]13:05 &#8211; Zat\u00edmco v\u010dera startovali \u00fa\u010dastn\u00edci p\u016flmaratonu a\u017e za v\u0161emi pos\u00e1dkami automobil\u016f a kamion\u016f, kter\u00e9 je\u0161t\u011b pokra\u010duj\u00ed v hlavn\u00edm z\u00e1vod\u011b, dnes budou m\u00edt pozici v\u00fdhodn\u011bj\u0161\u00ed. Je ur\u010dena um\u00edst\u011bn\u00edm mezi v\u0161emi automobily a kamiony z p\u0159edchoz\u00ed etapy. M. Kolom\u00fd a M. Mac\u00edk tak na tra\u0165 vyraz\u00ed p\u0159ed Martinem \u0160oltysem i Ale\u0161em Lopraisem (oba Tatra), kte\u0159\u00ed byli v celkov\u00e9m hodnocen\u00ed 6. etapy a\u017e za dvojic\u00ed &#8220;p\u016flmaratonc\u016f&#8221;. Pravidla omezuj\u00ed jen to, \u017ee \u00fa\u010dastn\u00edci &#8220;mal\u00e9ho Dakaru&#8221; mus\u00ed startovat a\u017e za 25 nejlep\u0161\u00edmi (ve spole\u010dn\u00e9m hodnocen\u00ed aut a kamion\u016f). Jednoduch\u00e9 a p\u0159ehledn\u00e9, \u017ee? :-)[\/vc_column_text][vc_column_text]13:00 &#8211; Alespo\u0148 n\u011bkolik slov k \u010desk\u00fdm trucker\u016fm, kte\u0159\u00ed se v\u010dera zapojili do tzv. dakarsk\u00e9ho p\u016flmaratonu, co\u017e je nov\u00e1 sout\u011b\u017e ur\u010den\u00e1 ve druh\u00e9m t\u00fddnu pos\u00e1dk\u00e1m automobil\u016f a kamion\u016f, kter\u00e9 musely v pr\u016fb\u011bhu prvn\u00ed poloviny z\u00e1vodu odstoupit. Ve spole\u010dn\u00e9 klasifikaci byl v 6. etap\u011b nejrychlej\u0161\u00ed <strong>Orlando Terranova<\/strong> (Mini), <strong>Martin Kolom\u00fd<\/strong> (Tatra, +37:16 min) byl druh\u00fd celkov\u011b a prvn\u00ed mezi kamiony, <strong>Martin Mac\u00edk<\/strong> (Liaz; +1:27:15 hod) n\u00e1sledoval hned za n\u00edm.[\/vc_column_text][\/vc_tta_section][\/vc_tta_accordion][\/vc_column][\/vc_row][vc_row][vc_column][vc_text_separator title=&#8221;Souhrn 4. etapy&#8221; i_icon_fontawesome=&#8221;fa fa-video-camera&#8221; i_color=&#8221;custom&#8221; i_size=&#8221;sm&#8221; title_align=&#8221;separator_align_left&#8221; color=&#8221;custom&#8221; add_icon=&#8221;true&#8221; accent_color=&#8221;#f49b00&#8243; i_custom_color=&#8221;#f49b00&#8243;][\/vc_column][\/vc_row][vc_row][vc_column width=&#8221;1\/3&#8243;][vc_video link=&#8221;https:\/\/youtu.be\/X1i_uWKdbR8&#8243;][\/vc_column][vc_column width=&#8221;1\/3&#8243;][vc_video link=&#8221;https:\/\/youtu.be\/QzQvoqF10bg&#8221;][\/vc_column][vc_column width=&#8221;1\/3&#8243;][vc_video link=&#8221;https:\/\/youtu.be\/5qt6iPLq-LY&#8221;][\/vc_column][\/vc_row]<\/p>\n","protected":false},"excerpt":{"rendered":"<p>[vc_row][vc_column][vc_column_text] Sedm\u00e1 etapa Rally Dakar 2019 je prvn\u00ed okru\u017en\u00ed, kdy\u017e za\u010d\u00edn\u00e1 i kon\u010d\u00ed v San Juanu de Marcona. \u00da\u010dastn\u00edci sout\u011b\u017ee ocen\u00ed, \u017ee na p\u0159ejezdech nestr\u00e1v\u00ed mnoho \u010dasu, jinak je ale nejsp\u00ed\u0161 \u010dek\u00e1 dal\u0161\u00ed tvrd\u00e1 prov\u011brka. Pond\u011bln\u00ed rychlostn\u00ed zkou\u0161ka je pro v\u0161echny kategorie stejn\u00e1. M\u011b\u0159\u00ed 323 kilometr\u016f a po\u0159adatel\u00e9 o n\u00ed z\u00e1vodn\u00edk\u016fm \u0159ekli, \u017ee se budou [&hellip;]<\/p>\n","protected":false},"author":1,"featured_media":2084,"comment_status":"closed","ping_status":"closed","sticky":false,"template":"","format":"standard","meta":{"footnotes":""},"categories":[2],"tags":[8,9],"class_list":["post-2105","post","type-post","status-publish","format-standard","has-post-thumbnail","hentry","category-dakar","tag-dakar","tag-dakar-2019"],"yoast_head":"<!-- This site is optimized with the Yoast SEO plugin v24.9 - https:\/\/yoast.com\/wordpress\/plugins\/seo\/ -->\n<title>Dakar 2019: 7. etapa minutu po minut\u011b - DAKARMANIA.cz<\/title>\n<meta name=\"robots\" content=\"index, follow, max-snippet:-1, max-image-preview:large, max-video-preview:-1\" \/>\n<link rel=\"canonical\" href=\"https:\/\/www.dakarmania.cz\/index.php\/2019\/01\/14\/dakar-2019-7-etapa-minutu-po-minute\/\" \/>\n<meta property=\"og:locale\" content=\"cs_CZ\" \/>\n<meta property=\"og:type\" content=\"article\" \/>\n<meta property=\"og:title\" content=\"Dakar 2019: 7. etapa minutu po minut\u011b - DAKARMANIA.cz\" \/>\n<meta property=\"og:description\" content=\"[vc_row][vc_column][vc_column_text] Sedm\u00e1 etapa Rally Dakar 2019 je prvn\u00ed okru\u017en\u00ed, kdy\u017e za\u010d\u00edn\u00e1 i kon\u010d\u00ed v San Juanu de Marcona. \u00da\u010dastn\u00edci sout\u011b\u017ee ocen\u00ed, \u017ee na p\u0159ejezdech nestr\u00e1v\u00ed mnoho \u010dasu, jinak je ale nejsp\u00ed\u0161 \u010dek\u00e1 dal\u0161\u00ed tvrd\u00e1 prov\u011brka. Pond\u011bln\u00ed rychlostn\u00ed zkou\u0161ka je pro v\u0161echny kategorie stejn\u00e1. M\u011b\u0159\u00ed 323 kilometr\u016f a po\u0159adatel\u00e9 o n\u00ed z\u00e1vodn\u00edk\u016fm \u0159ekli, \u017ee se budou [&hellip;]\" \/>\n<meta property=\"og:url\" content=\"https:\/\/www.dakarmania.cz\/index.php\/2019\/01\/14\/dakar-2019-7-etapa-minutu-po-minute\/\" \/>\n<meta property=\"og:site_name\" content=\"DAKARMANIA.cz\" \/>\n<meta property=\"article:publisher\" content=\"https:\/\/www.facebook.com\/dakarmania\/\" \/>\n<meta property=\"article:published_time\" content=\"2019-01-14T10:56:16+00:00\" \/>\n<meta property=\"article:modified_time\" content=\"2023-06-08T10:25:15+00:00\" \/>\n<meta property=\"og:image\" content=\"https:\/\/www.dakarmania.cz\/wp-content\/uploads\/2019\/01\/19-dakar-peterhansel03.jpg\" \/>\n\t<meta property=\"og:image:width\" content=\"2048\" \/>\n\t<meta property=\"og:image:height\" content=\"1365\" \/>\n\t<meta property=\"og:image:type\" content=\"image\/jpeg\" \/>\n<meta name=\"author\" content=\"Zden\u011bk Zelenka\" \/>\n<meta name=\"twitter:card\" content=\"summary_large_image\" \/>\n<meta name=\"twitter:label1\" content=\"Napsal(a)\" \/>\n\t<meta name=\"twitter:data1\" content=\"Zden\u011bk Zelenka\" \/>\n\t<meta name=\"twitter:label2\" content=\"Odhadovan\u00e1 doba \u010dten\u00ed\" \/>\n\t<meta name=\"twitter:data2\" content=\"18 minut\" \/>\n<script type=\"application\/ld+json\" class=\"yoast-schema-graph\">{\"@context\":\"https:\/\/schema.org\",\"@graph\":[{\"@type\":\"Article\",\"@id\":\"https:\/\/www.dakarmania.cz\/index.php\/2019\/01\/14\/dakar-2019-7-etapa-minutu-po-minute\/#article\",\"isPartOf\":{\"@id\":\"https:\/\/www.dakarmania.cz\/index.php\/2019\/01\/14\/dakar-2019-7-etapa-minutu-po-minute\/\"},\"author\":{\"name\":\"Zden\u011bk Zelenka\",\"@id\":\"https:\/\/www.dakarmania.cz\/#\/schema\/person\/04eb0e87a389631c2169c0dddae7ff1e\"},\"headline\":\"Dakar 2019: 7. etapa minutu po minut\u011b\",\"datePublished\":\"2019-01-14T10:56:16+00:00\",\"dateModified\":\"2023-06-08T10:25:15+00:00\",\"mainEntityOfPage\":{\"@id\":\"https:\/\/www.dakarmania.cz\/index.php\/2019\/01\/14\/dakar-2019-7-etapa-minutu-po-minute\/\"},\"wordCount\":4564,\"publisher\":{\"@id\":\"https:\/\/www.dakarmania.cz\/#organization\"},\"image\":{\"@id\":\"https:\/\/www.dakarmania.cz\/index.php\/2019\/01\/14\/dakar-2019-7-etapa-minutu-po-minute\/#primaryimage\"},\"thumbnailUrl\":\"https:\/\/www.dakarmania.cz\/wp-content\/uploads\/2019\/01\/19-dakar-peterhansel03.jpg\",\"keywords\":[\"Dakar\",\"Dakar 2019\"],\"articleSection\":[\"Rally Dakar\"],\"inLanguage\":\"cs\"},{\"@type\":\"WebPage\",\"@id\":\"https:\/\/www.dakarmania.cz\/index.php\/2019\/01\/14\/dakar-2019-7-etapa-minutu-po-minute\/\",\"url\":\"https:\/\/www.dakarmania.cz\/index.php\/2019\/01\/14\/dakar-2019-7-etapa-minutu-po-minute\/\",\"name\":\"Dakar 2019: 7. etapa minutu po minut\u011b - DAKARMANIA.cz\",\"isPartOf\":{\"@id\":\"https:\/\/www.dakarmania.cz\/#website\"},\"primaryImageOfPage\":{\"@id\":\"https:\/\/www.dakarmania.cz\/index.php\/2019\/01\/14\/dakar-2019-7-etapa-minutu-po-minute\/#primaryimage\"},\"image\":{\"@id\":\"https:\/\/www.dakarmania.cz\/index.php\/2019\/01\/14\/dakar-2019-7-etapa-minutu-po-minute\/#primaryimage\"},\"thumbnailUrl\":\"https:\/\/www.dakarmania.cz\/wp-content\/uploads\/2019\/01\/19-dakar-peterhansel03.jpg\",\"datePublished\":\"2019-01-14T10:56:16+00:00\",\"dateModified\":\"2023-06-08T10:25:15+00:00\",\"breadcrumb\":{\"@id\":\"https:\/\/www.dakarmania.cz\/index.php\/2019\/01\/14\/dakar-2019-7-etapa-minutu-po-minute\/#breadcrumb\"},\"inLanguage\":\"cs\",\"potentialAction\":[{\"@type\":\"ReadAction\",\"target\":[\"https:\/\/www.dakarmania.cz\/index.php\/2019\/01\/14\/dakar-2019-7-etapa-minutu-po-minute\/\"]}]},{\"@type\":\"ImageObject\",\"inLanguage\":\"cs\",\"@id\":\"https:\/\/www.dakarmania.cz\/index.php\/2019\/01\/14\/dakar-2019-7-etapa-minutu-po-minute\/#primaryimage\",\"url\":\"https:\/\/www.dakarmania.cz\/wp-content\/uploads\/2019\/01\/19-dakar-peterhansel03.jpg\",\"contentUrl\":\"https:\/\/www.dakarmania.cz\/wp-content\/uploads\/2019\/01\/19-dakar-peterhansel03.jpg\",\"width\":2048,\"height\":1365,\"caption\":\"St\u00e9phane Peterhansel\/David Castera, Mini JCW Buggy, X-raid Mini JCW Team. Rally Dakar 2019. \u00a9 Red Bull Content Pool\"},{\"@type\":\"BreadcrumbList\",\"@id\":\"https:\/\/www.dakarmania.cz\/index.php\/2019\/01\/14\/dakar-2019-7-etapa-minutu-po-minute\/#breadcrumb\",\"itemListElement\":[{\"@type\":\"ListItem\",\"position\":1,\"name\":\"Dom\u016f\",\"item\":\"https:\/\/www.dakarmania.cz\/\"},{\"@type\":\"ListItem\",\"position\":2,\"name\":\"Dakar 2019: 7. etapa minutu po minut\u011b\"}]},{\"@type\":\"WebSite\",\"@id\":\"https:\/\/www.dakarmania.cz\/#website\",\"url\":\"https:\/\/www.dakarmania.cz\/\",\"name\":\"DAKARMANIA.cz\",\"description\":\"\u017dijeme Dakarem cel\u00fd rok\",\"publisher\":{\"@id\":\"https:\/\/www.dakarmania.cz\/#organization\"},\"potentialAction\":[{\"@type\":\"SearchAction\",\"target\":{\"@type\":\"EntryPoint\",\"urlTemplate\":\"https:\/\/www.dakarmania.cz\/?s={search_term_string}\"},\"query-input\":{\"@type\":\"PropertyValueSpecification\",\"valueRequired\":true,\"valueName\":\"search_term_string\"}}],\"inLanguage\":\"cs\"},{\"@type\":\"Organization\",\"@id\":\"https:\/\/www.dakarmania.cz\/#organization\",\"name\":\"DAKAR MANIA\",\"url\":\"https:\/\/www.dakarmania.cz\/\",\"logo\":{\"@type\":\"ImageObject\",\"inLanguage\":\"cs\",\"@id\":\"https:\/\/www.dakarmania.cz\/#\/schema\/logo\/image\/\",\"url\":\"https:\/\/www.dakarmania.cz\/wp-content\/uploads\/2018\/12\/Dakar-Mania-Logo-Square-Orange.png\",\"contentUrl\":\"https:\/\/www.dakarmania.cz\/wp-content\/uploads\/2018\/12\/Dakar-Mania-Logo-Square-Orange.png\",\"width\":992,\"height\":992,\"caption\":\"DAKAR MANIA\"},\"image\":{\"@id\":\"https:\/\/www.dakarmania.cz\/#\/schema\/logo\/image\/\"},\"sameAs\":[\"https:\/\/www.facebook.com\/dakarmania\/\"]},{\"@type\":\"Person\",\"@id\":\"https:\/\/www.dakarmania.cz\/#\/schema\/person\/04eb0e87a389631c2169c0dddae7ff1e\",\"name\":\"Zden\u011bk Zelenka\",\"image\":{\"@type\":\"ImageObject\",\"inLanguage\":\"cs\",\"@id\":\"https:\/\/www.dakarmania.cz\/#\/schema\/person\/image\/\",\"url\":\"https:\/\/secure.gravatar.com\/avatar\/2c80d5a4942fe0900b73cc7d3837a509d6ee0a276a2b76dac95c92bd0763a89b?s=96&d=mm&r=g\",\"contentUrl\":\"https:\/\/secure.gravatar.com\/avatar\/2c80d5a4942fe0900b73cc7d3837a509d6ee0a276a2b76dac95c92bd0763a89b?s=96&d=mm&r=g\",\"caption\":\"Zden\u011bk Zelenka\"},\"description\":\"Moji d\u011bt\u0161t\u00ed hrdinov\u00e9 se jmenovali Loprais, Moskal, Neveu, Vatanen, Rahier... A tihle borci, jejich n\u00e1sledovn\u00edci a jejich p\u0159\u00edb\u011bhy m\u011b nep\u0159estali fascinovat ani po letech, kdy jsem vyrostl a zam\u011bstn\u00e1valy m\u011b jin\u00e9 discipl\u00edny motorsportu. Proto se zrodila DAKARMANIA.\",\"url\":\"https:\/\/www.dakarmania.cz\/index.php\/author\/dakarmania\/\"}]}<\/script>\n<!-- \/ Yoast SEO plugin. -->","yoast_head_json":{"title":"Dakar 2019: 7. etapa minutu po minut\u011b - DAKARMANIA.cz","robots":{"index":"index","follow":"follow","max-snippet":"max-snippet:-1","max-image-preview":"max-image-preview:large","max-video-preview":"max-video-preview:-1"},"canonical":"https:\/\/www.dakarmania.cz\/index.php\/2019\/01\/14\/dakar-2019-7-etapa-minutu-po-minute\/","og_locale":"cs_CZ","og_type":"article","og_title":"Dakar 2019: 7. etapa minutu po minut\u011b - DAKARMANIA.cz","og_description":"[vc_row][vc_column][vc_column_text] Sedm\u00e1 etapa Rally Dakar 2019 je prvn\u00ed okru\u017en\u00ed, kdy\u017e za\u010d\u00edn\u00e1 i kon\u010d\u00ed v San Juanu de Marcona. \u00da\u010dastn\u00edci sout\u011b\u017ee ocen\u00ed, \u017ee na p\u0159ejezdech nestr\u00e1v\u00ed mnoho \u010dasu, jinak je ale nejsp\u00ed\u0161 \u010dek\u00e1 dal\u0161\u00ed tvrd\u00e1 prov\u011brka. Pond\u011bln\u00ed rychlostn\u00ed zkou\u0161ka je pro v\u0161echny kategorie stejn\u00e1. M\u011b\u0159\u00ed 323 kilometr\u016f a po\u0159adatel\u00e9 o n\u00ed z\u00e1vodn\u00edk\u016fm \u0159ekli, \u017ee se budou [&hellip;]","og_url":"https:\/\/www.dakarmania.cz\/index.php\/2019\/01\/14\/dakar-2019-7-etapa-minutu-po-minute\/","og_site_name":"DAKARMANIA.cz","article_publisher":"https:\/\/www.facebook.com\/dakarmania\/","article_published_time":"2019-01-14T10:56:16+00:00","article_modified_time":"2023-06-08T10:25:15+00:00","og_image":[{"width":2048,"height":1365,"url":"https:\/\/www.dakarmania.cz\/wp-content\/uploads\/2019\/01\/19-dakar-peterhansel03.jpg","type":"image\/jpeg"}],"author":"Zden\u011bk Zelenka","twitter_card":"summary_large_image","twitter_misc":{"Napsal(a)":"Zden\u011bk Zelenka","Odhadovan\u00e1 doba \u010dten\u00ed":"18 minut"},"schema":{"@context":"https:\/\/schema.org","@graph":[{"@type":"Article","@id":"https:\/\/www.dakarmania.cz\/index.php\/2019\/01\/14\/dakar-2019-7-etapa-minutu-po-minute\/#article","isPartOf":{"@id":"https:\/\/www.dakarmania.cz\/index.php\/2019\/01\/14\/dakar-2019-7-etapa-minutu-po-minute\/"},"author":{"name":"Zden\u011bk Zelenka","@id":"https:\/\/www.dakarmania.cz\/#\/schema\/person\/04eb0e87a389631c2169c0dddae7ff1e"},"headline":"Dakar 2019: 7. etapa minutu po minut\u011b","datePublished":"2019-01-14T10:56:16+00:00","dateModified":"2023-06-08T10:25:15+00:00","mainEntityOfPage":{"@id":"https:\/\/www.dakarmania.cz\/index.php\/2019\/01\/14\/dakar-2019-7-etapa-minutu-po-minute\/"},"wordCount":4564,"publisher":{"@id":"https:\/\/www.dakarmania.cz\/#organization"},"image":{"@id":"https:\/\/www.dakarmania.cz\/index.php\/2019\/01\/14\/dakar-2019-7-etapa-minutu-po-minute\/#primaryimage"},"thumbnailUrl":"https:\/\/www.dakarmania.cz\/wp-content\/uploads\/2019\/01\/19-dakar-peterhansel03.jpg","keywords":["Dakar","Dakar 2019"],"articleSection":["Rally Dakar"],"inLanguage":"cs"},{"@type":"WebPage","@id":"https:\/\/www.dakarmania.cz\/index.php\/2019\/01\/14\/dakar-2019-7-etapa-minutu-po-minute\/","url":"https:\/\/www.dakarmania.cz\/index.php\/2019\/01\/14\/dakar-2019-7-etapa-minutu-po-minute\/","name":"Dakar 2019: 7. etapa minutu po minut\u011b - DAKARMANIA.cz","isPartOf":{"@id":"https:\/\/www.dakarmania.cz\/#website"},"primaryImageOfPage":{"@id":"https:\/\/www.dakarmania.cz\/index.php\/2019\/01\/14\/dakar-2019-7-etapa-minutu-po-minute\/#primaryimage"},"image":{"@id":"https:\/\/www.dakarmania.cz\/index.php\/2019\/01\/14\/dakar-2019-7-etapa-minutu-po-minute\/#primaryimage"},"thumbnailUrl":"https:\/\/www.dakarmania.cz\/wp-content\/uploads\/2019\/01\/19-dakar-peterhansel03.jpg","datePublished":"2019-01-14T10:56:16+00:00","dateModified":"2023-06-08T10:25:15+00:00","breadcrumb":{"@id":"https:\/\/www.dakarmania.cz\/index.php\/2019\/01\/14\/dakar-2019-7-etapa-minutu-po-minute\/#breadcrumb"},"inLanguage":"cs","potentialAction":[{"@type":"ReadAction","target":["https:\/\/www.dakarmania.cz\/index.php\/2019\/01\/14\/dakar-2019-7-etapa-minutu-po-minute\/"]}]},{"@type":"ImageObject","inLanguage":"cs","@id":"https:\/\/www.dakarmania.cz\/index.php\/2019\/01\/14\/dakar-2019-7-etapa-minutu-po-minute\/#primaryimage","url":"https:\/\/www.dakarmania.cz\/wp-content\/uploads\/2019\/01\/19-dakar-peterhansel03.jpg","contentUrl":"https:\/\/www.dakarmania.cz\/wp-content\/uploads\/2019\/01\/19-dakar-peterhansel03.jpg","width":2048,"height":1365,"caption":"St\u00e9phane Peterhansel\/David Castera, Mini JCW Buggy, X-raid Mini JCW Team. Rally Dakar 2019. \u00a9 Red Bull Content Pool"},{"@type":"BreadcrumbList","@id":"https:\/\/www.dakarmania.cz\/index.php\/2019\/01\/14\/dakar-2019-7-etapa-minutu-po-minute\/#breadcrumb","itemListElement":[{"@type":"ListItem","position":1,"name":"Dom\u016f","item":"https:\/\/www.dakarmania.cz\/"},{"@type":"ListItem","position":2,"name":"Dakar 2019: 7. etapa minutu po minut\u011b"}]},{"@type":"WebSite","@id":"https:\/\/www.dakarmania.cz\/#website","url":"https:\/\/www.dakarmania.cz\/","name":"DAKARMANIA.cz","description":"\u017dijeme Dakarem cel\u00fd rok","publisher":{"@id":"https:\/\/www.dakarmania.cz\/#organization"},"potentialAction":[{"@type":"SearchAction","target":{"@type":"EntryPoint","urlTemplate":"https:\/\/www.dakarmania.cz\/?s={search_term_string}"},"query-input":{"@type":"PropertyValueSpecification","valueRequired":true,"valueName":"search_term_string"}}],"inLanguage":"cs"},{"@type":"Organization","@id":"https:\/\/www.dakarmania.cz\/#organization","name":"DAKAR MANIA","url":"https:\/\/www.dakarmania.cz\/","logo":{"@type":"ImageObject","inLanguage":"cs","@id":"https:\/\/www.dakarmania.cz\/#\/schema\/logo\/image\/","url":"https:\/\/www.dakarmania.cz\/wp-content\/uploads\/2018\/12\/Dakar-Mania-Logo-Square-Orange.png","contentUrl":"https:\/\/www.dakarmania.cz\/wp-content\/uploads\/2018\/12\/Dakar-Mania-Logo-Square-Orange.png","width":992,"height":992,"caption":"DAKAR MANIA"},"image":{"@id":"https:\/\/www.dakarmania.cz\/#\/schema\/logo\/image\/"},"sameAs":["https:\/\/www.facebook.com\/dakarmania\/"]},{"@type":"Person","@id":"https:\/\/www.dakarmania.cz\/#\/schema\/person\/04eb0e87a389631c2169c0dddae7ff1e","name":"Zden\u011bk Zelenka","image":{"@type":"ImageObject","inLanguage":"cs","@id":"https:\/\/www.dakarmania.cz\/#\/schema\/person\/image\/","url":"https:\/\/secure.gravatar.com\/avatar\/2c80d5a4942fe0900b73cc7d3837a509d6ee0a276a2b76dac95c92bd0763a89b?s=96&d=mm&r=g","contentUrl":"https:\/\/secure.gravatar.com\/avatar\/2c80d5a4942fe0900b73cc7d3837a509d6ee0a276a2b76dac95c92bd0763a89b?s=96&d=mm&r=g","caption":"Zden\u011bk Zelenka"},"description":"Moji d\u011bt\u0161t\u00ed hrdinov\u00e9 se jmenovali Loprais, Moskal, Neveu, Vatanen, Rahier... A tihle borci, jejich n\u00e1sledovn\u00edci a jejich p\u0159\u00edb\u011bhy m\u011b nep\u0159estali fascinovat ani po letech, kdy jsem vyrostl a zam\u011bstn\u00e1valy m\u011b jin\u00e9 discipl\u00edny motorsportu. Proto se zrodila DAKARMANIA.","url":"https:\/\/www.dakarmania.cz\/index.php\/author\/dakarmania\/"}]}},"amp_enabled":true,"_links":{"self":[{"href":"https:\/\/www.dakarmania.cz\/index.php\/wp-json\/wp\/v2\/posts\/2105","targetHints":{"allow":["GET"]}}],"collection":[{"href":"https:\/\/www.dakarmania.cz\/index.php\/wp-json\/wp\/v2\/posts"}],"about":[{"href":"https:\/\/www.dakarmania.cz\/index.php\/wp-json\/wp\/v2\/types\/post"}],"author":[{"embeddable":true,"href":"https:\/\/www.dakarmania.cz\/index.php\/wp-json\/wp\/v2\/users\/1"}],"replies":[{"embeddable":true,"href":"https:\/\/www.dakarmania.cz\/index.php\/wp-json\/wp\/v2\/comments?post=2105"}],"version-history":[{"count":88,"href":"https:\/\/www.dakarmania.cz\/index.php\/wp-json\/wp\/v2\/posts\/2105\/revisions"}],"predecessor-version":[{"id":2211,"href":"https:\/\/www.dakarmania.cz\/index.php\/wp-json\/wp\/v2\/posts\/2105\/revisions\/2211"}],"wp:featuredmedia":[{"embeddable":true,"href":"https:\/\/www.dakarmania.cz\/index.php\/wp-json\/wp\/v2\/media\/2084"}],"wp:attachment":[{"href":"https:\/\/www.dakarmania.cz\/index.php\/wp-json\/wp\/v2\/media?parent=2105"}],"wp:term":[{"taxonomy":"category","embeddable":true,"href":"https:\/\/www.dakarmania.cz\/index.php\/wp-json\/wp\/v2\/categories?post=2105"},{"taxonomy":"post_tag","embeddable":true,"href":"https:\/\/www.dakarmania.cz\/index.php\/wp-json\/wp\/v2\/tags?post=2105"}],"curies":[{"name":"wp","href":"https:\/\/api.w.org\/{rel}","templated":true}]}}