{"id":21101,"date":"2021-07-24T14:14:24","date_gmt":"2021-07-24T12:14:24","guid":{"rendered":"https:\/\/www.dakarmania.cz\/?p=21101"},"modified":"2021-10-18T23:43:42","modified_gmt":"2021-10-18T21:43:42","slug":"audi-uz-testuje","status":"publish","type":"post","link":"https:\/\/www.dakarmania.cz\/index.php\/2021\/07\/24\/audi-uz-testuje\/","title":{"rendered":"Audi u\u017e testuje elektrick\u00fd dakarsk\u00fd speci\u00e1l"},"content":{"rendered":"<p>[vc_row][vc_column][vc_column_text css_animation=&#8221;fadeIn&#8221;]<\/p>\n<h3>Audi zah\u00e1jilo dal\u0161\u00ed f\u00e1zi p\u0159\u00edprav na sv\u016fj start na Rally Dakar 2022. Necel\u00fd rok od chv\u00edle, kdy vznikly prvn\u00ed n\u00e1vrhy jeho konceptu, absolvovalo elektrick\u00e9 Audi RS Q e-tron \u00favodn\u00ed testy.<\/h3>\n<p>[\/vc_column_text][vc_single_image image=&#8221;21096&#8243; img_size=&#8221;large&#8221; add_caption=&#8221;yes&#8221; alignment=&#8221;center&#8221; onclick=&#8221;link_image&#8221; css_animation=&#8221;fadeIn&#8221;][vc_column_text css_animation=&#8221;fadeIn&#8221;]Dakarsk\u00fd speci\u00e1l RS Q e-tron ujel prvn\u00ed kilometry na po\u010d\u00e1tku \u010dervence na testovac\u00ed dr\u00e1ze Audi v Neuburgu. Prvn\u00ed rozs\u00e1hlej\u0161\u00ed testy se uskute\u010dnily koncem minul\u00e9ho t\u00fddne na severu N\u011bmecka. Za volantem se ji\u017e vyst\u0159\u00eddali v\u0161ichni t\u0159i piloti, kte\u0159\u00ed by m\u011bli v lednu startovat na Dakaru.<\/p>\n<p><em>\u201eKdy\u017e jsem auto vid\u011bl poprv\u00e9, \u0159\u00edkal jsem si, \u017ee je stra\u0161n\u011b \u0161irok\u00e9. Ale p\u0159i j\u00edzd\u011b se chov\u00e1 opravdu velmi dob\u0159e. D\u00edky velmi n\u00edzko um\u00edst\u011bn\u00e9mu t\u011b\u017ei\u0161ti se ovl\u00e1d\u00e1 podobn\u011b jako rallycrossov\u00e9 auto,\u201c<\/em> popisuje <strong>Mattias Ekstr\u00f6m<\/strong>. <em>\u201eS\u00e1m jsem byl trochu p\u0159ekvapen\u00fd, \u017ee tak velk\u00e9 auto m\u016f\u017ee b\u00fdt tak dob\u0159e ovladateln\u00e9. Opravdu jsem si u\u017eil ka\u017ed\u00fd metr j\u00edzdy.\u201c<\/em>[\/vc_column_text][vc_single_image image=&#8221;21097&#8243; img_size=&#8221;large&#8221; add_caption=&#8221;yes&#8221; alignment=&#8221;center&#8221; onclick=&#8221;link_image&#8221; css_animation=&#8221;fadeIn&#8221;][vc_column_text css_animation=&#8221;fadeIn&#8221;]<em>\u201eU\u017e p\u0159i pohledu zven\u010d\u00ed je evidentn\u00ed, \u017ee tohle auto je pln\u00e9 \u0161pi\u010dkov\u00fdch technologi\u00ed, a to se jich je\u0161t\u011b mnohem v\u00edc ukr\u00fdv\u00e1 pod kapotou: samostatn\u00fd elektromotor z formule E na ka\u017ed\u00e9 n\u00e1prav\u011b; \u017e\u00e1dn\u00e1 p\u0159evodovka, prost\u011b jen st\u00e1l\u00fd v\u00fdkon, jakmile se\u0161l\u00e1pnete plynov\u00fd ped\u00e1l; rekuperace energie p\u0159i brzd\u011bn\u00ed; software simuluj\u00edc\u00ed funkci centr\u00e1ln\u00edho diferenci\u00e1lu\u2026 To v\u0161e napom\u00e1h\u00e1 ke skute\u010dn\u011b skv\u011bl\u00fdm j\u00edzdn\u00edm vlastnostem,\u201c<\/em> d\u011bl\u00ed se o prvn\u00ed dojmy \u0160v\u00e9d, jeho\u017e t\u00fdmov\u00fdmi kolegy u Audi jsou St\u00e9phane Peterhansel a Carlos Sainz.<\/p>\n<p>Dal\u0161\u00ed zku\u0161ebn\u00ed j\u00edzdy \u010dekaj\u00ed dakarsk\u00fd speci\u00e1l Audi p\u0159\u00ed\u0161t\u00ed t\u00fdden ve \u0160pan\u011blsku.[\/vc_column_text][vc_single_image image=&#8221;21098&#8243; img_size=&#8221;large&#8221; alignment=&#8221;center&#8221; onclick=&#8221;link_image&#8221; css_animation=&#8221;fadeIn&#8221;][vc_column_text css_animation=&#8221;fadeIn&#8221;]<em>\u201eU\u017e v pr\u016fb\u011bhu p\u0159edchoz\u00edch m\u011bs\u00edc\u016f jsme se v r\u00e1mci projektu hodn\u011b nau\u010dili, ale te\u010f pot\u0159ebujeme nasb\u00edrat data. V prvn\u00ed \u0159ad\u011b si pot\u0159ebujeme ov\u011b\u0159it, \u017ee jsme se p\u0159i v\u00fdvoji vydali skute\u010dn\u011b spr\u00e1vn\u00fdm sm\u011brem. Okruhov\u00e9 z\u00e1vod\u011bn\u00ed jsme za des\u00edtky let, kdy jsme se mu v\u011bnovali, znali opravdu d\u016fkladn\u011b a do nejmen\u0161\u00edch detail\u016f. Naopak tento projekt pro m\u011b byl na za\u010d\u00e1tku n\u011bco jako pir\u00e1tsk\u00fd poklad: otev\u00edrali jsme truhlu a v\u016fbec jsme netu\u0161ili, co bychom m\u011bli \u010dekat,\u201c<\/em> p\u0159izn\u00e1v\u00e1 <strong>Stefan Dreyer<\/strong>, \u0161\u00e9f v\u00fdvoje Audi Sport v r\u00e1mci projekt\u016f v oblasti motoristick\u00e9ho sportu.<\/p>\n<p>Jedine\u010dnost cel\u00e9ho projektu zd\u016fraz\u0148uje i Sven Quandt, jeho\u017e nov\u011b zformovan\u00fd Q Motorsport bude zaji\u0161\u0165ovat chod t\u00fdmu.<\/p>\n<p><em>\u201eJedn\u00e1 se o fascinuj\u00edc\u00ed a z\u00e1rove\u0148 velmi komplexn\u00ed auto. Ur\u010dit\u011b mohu \u0159\u00edct, \u017ee je to jedno z nejkomplexn\u011bj\u0161\u00edch aut, jak\u00e1 jsem za cel\u00fd sv\u016fj \u017eivot vid\u011bl,\u201c<\/em> tvrd\u00ed <strong>Sven Quandt<\/strong>. <em>\u201eJe to trochu jako prvn\u00ed cesta na M\u011bs\u00edc. I lid\u00e9, kte\u0159\u00ed tehdy stav\u011bli raketu pro tuto cestu, v\u016fbec nev\u011bd\u011bli, co maj\u00ed \u010dekat. Mysl\u00edm, \u017ee jsme v hodn\u011b podobn\u00e9 situaci.\u201c<\/em>[\/vc_column_text][vc_single_image image=&#8221;21099&#8243; img_size=&#8221;large&#8221; add_caption=&#8221;yes&#8221; alignment=&#8221;center&#8221; onclick=&#8221;link_image&#8221; css_animation=&#8221;fadeIn&#8221;][vc_column_text css_animation=&#8221;fadeIn&#8221;]V r\u00e1mci p\u0159\u00edpravy na Dakar 2022 absolvuj\u00ed Audi Sport a Q Motorsport b\u011bhem l\u00e9ta a podzimu celou s\u00e9rii test\u016f a pozd\u011bji tak\u00e9 p\u0159\u00edpravn\u00e9 z\u00e1vody.<\/p>\n<p><em>\u201eV\u0161echny projekty jsou v\u017edy do zna\u010dn\u00e9 m\u00edry p\u0159edev\u0161\u00edm o p\u0159\u00edprav\u011b. N\u00e1s te\u010f \u010dek\u00e1 opravdu zaj\u00edmav\u00fd testovac\u00ed program, p\u0159i kter\u00e9m budeme \u0159e\u0161it spoustu v\u011bc\u00ed s r\u016fznou prioritou. Z\u00e1sadn\u00ed je samoz\u0159ejm\u011b ve\u0161ker\u00fd software a zav\u011b\u0161en\u00ed. Hlavn\u011b v\u0161ak pot\u0159ebujeme ujet spoustu kilometr\u016f, abychom zjistili, jestli m\u00e1me opravdu bezprobl\u00e9mov\u00e9 auto, nebo naopak mus\u00edme p\u00e1r v\u011bc\u00ed je\u0161t\u011b po\u0159e\u0161it a doladit,\u201c<\/em> uzav\u00edr\u00e1 <strong>Mattias Ekstr\u00f6m<\/strong>.[\/vc_column_text][vc_single_image image=&#8221;21100&#8243; img_size=&#8221;large&#8221; alignment=&#8221;center&#8221; onclick=&#8221;link_image&#8221; css_animation=&#8221;fadeIn&#8221;][vc_empty_space height=&#8221;2px&#8221;][\/vc_column][\/vc_row]<\/p>\n","protected":false},"excerpt":{"rendered":"<p>[vc_row][vc_column][vc_column_text css_animation=&#8221;fadeIn&#8221;] Audi zah\u00e1jilo dal\u0161\u00ed f\u00e1zi p\u0159\u00edprav na sv\u016fj start na Rally Dakar 2022. Necel\u00fd rok od chv\u00edle, kdy vznikly prvn\u00ed n\u00e1vrhy jeho konceptu, absolvovalo elektrick\u00e9 Audi RS Q e-tron \u00favodn\u00ed testy. [\/vc_column_text][vc_single_image image=&#8221;21096&#8243; img_size=&#8221;large&#8221; add_caption=&#8221;yes&#8221; alignment=&#8221;center&#8221; onclick=&#8221;link_image&#8221; css_animation=&#8221;fadeIn&#8221;][vc_column_text css_animation=&#8221;fadeIn&#8221;]Dakarsk\u00fd speci\u00e1l RS Q e-tron ujel prvn\u00ed kilometry na po\u010d\u00e1tku \u010dervence na testovac\u00ed dr\u00e1ze Audi v [&hellip;]<\/p>\n","protected":false},"author":1,"featured_media":21096,"comment_status":"open","ping_status":"closed","sticky":false,"template":"","format":"standard","meta":{"footnotes":""},"categories":[3,1810],"tags":[1630,1811,1896,1114,8,1765,1815,1865,1895,217,1525,147],"class_list":["post-21101","post","type-post","status-publish","format-standard","has-post-thumbnail","hentry","category-auto","category-dakar-2022","tag-1630","tag-audi","tag-audi-sport","tag-carlos-sainz","tag-dakar","tag-dakar-2022","tag-mattias-ekstrom","tag-q-motorsport","tag-stefan-dreyer","tag-stephane-peterhansel","tag-sven-quandt","tag-tip"],"yoast_head":"<!-- This site is optimized with the Yoast SEO plugin v24.9 - https:\/\/yoast.com\/wordpress\/plugins\/seo\/ -->\n<title>Audi u\u017e testuje elektrick\u00fd dakarsk\u00fd speci\u00e1l - DAKARMANIA.cz<\/title>\n<meta name=\"description\" content=\"Audi zah\u00e1jilo dal\u0161\u00ed f\u00e1zi p\u0159\u00edprav na sv\u016fj start na Rally Dakar 2022. Necel\u00fd rok od chv\u00edle, kdy vznikly prvn\u00ed n\u00e1vrhy jeho konceptu, absolvovalo elektrick\u00e9 Audi RS Q e-tron \u00favodn\u00ed testy.\" \/>\n<meta name=\"robots\" content=\"index, follow, max-snippet:-1, max-image-preview:large, max-video-preview:-1\" \/>\n<link rel=\"canonical\" href=\"https:\/\/www.dakarmania.cz\/index.php\/2021\/07\/24\/audi-uz-testuje\/\" \/>\n<meta property=\"og:locale\" content=\"cs_CZ\" \/>\n<meta property=\"og:type\" content=\"article\" \/>\n<meta property=\"og:title\" content=\"Audi u\u017e testuje elektrick\u00fd dakarsk\u00fd speci\u00e1l - DAKARMANIA.cz\" \/>\n<meta property=\"og:description\" content=\"Audi zah\u00e1jilo dal\u0161\u00ed f\u00e1zi p\u0159\u00edprav na sv\u016fj start na Rally Dakar 2022. Necel\u00fd rok od chv\u00edle, kdy vznikly prvn\u00ed n\u00e1vrhy jeho konceptu, absolvovalo elektrick\u00e9 Audi RS Q e-tron \u00favodn\u00ed testy.\" \/>\n<meta property=\"og:url\" content=\"https:\/\/www.dakarmania.cz\/index.php\/2021\/07\/24\/audi-uz-testuje\/\" \/>\n<meta property=\"og:site_name\" content=\"DAKARMANIA.cz\" \/>\n<meta property=\"article:publisher\" content=\"https:\/\/www.facebook.com\/dakarmania\/\" \/>\n<meta property=\"article:published_time\" content=\"2021-07-24T12:14:24+00:00\" \/>\n<meta property=\"article:modified_time\" content=\"2021-10-18T21:43:42+00:00\" \/>\n<meta property=\"og:image\" content=\"https:\/\/www.dakarmania.cz\/wp-content\/uploads\/2021\/07\/21-audi-rsq-01.jpg\" \/>\n\t<meta property=\"og:image:width\" content=\"1024\" \/>\n\t<meta property=\"og:image:height\" content=\"725\" \/>\n\t<meta property=\"og:image:type\" content=\"image\/jpeg\" \/>\n<meta name=\"author\" content=\"Zden\u011bk Zelenka\" \/>\n<meta name=\"twitter:card\" content=\"summary_large_image\" \/>\n<meta name=\"twitter:label1\" content=\"Napsal(a)\" \/>\n\t<meta name=\"twitter:data1\" content=\"Zden\u011bk Zelenka\" \/>\n\t<meta name=\"twitter:label2\" content=\"Odhadovan\u00e1 doba \u010dten\u00ed\" \/>\n\t<meta name=\"twitter:data2\" content=\"3 minuty\" \/>\n<script type=\"application\/ld+json\" class=\"yoast-schema-graph\">{\"@context\":\"https:\/\/schema.org\",\"@graph\":[{\"@type\":\"Article\",\"@id\":\"https:\/\/www.dakarmania.cz\/index.php\/2021\/07\/24\/audi-uz-testuje\/#article\",\"isPartOf\":{\"@id\":\"https:\/\/www.dakarmania.cz\/index.php\/2021\/07\/24\/audi-uz-testuje\/\"},\"author\":{\"name\":\"Zden\u011bk Zelenka\",\"@id\":\"https:\/\/www.dakarmania.cz\/#\/schema\/person\/04eb0e87a389631c2169c0dddae7ff1e\"},\"headline\":\"Audi u\u017e testuje elektrick\u00fd dakarsk\u00fd speci\u00e1l\",\"datePublished\":\"2021-07-24T12:14:24+00:00\",\"dateModified\":\"2021-10-18T21:43:42+00:00\",\"mainEntityOfPage\":{\"@id\":\"https:\/\/www.dakarmania.cz\/index.php\/2021\/07\/24\/audi-uz-testuje\/\"},\"wordCount\":777,\"commentCount\":0,\"publisher\":{\"@id\":\"https:\/\/www.dakarmania.cz\/#organization\"},\"image\":{\"@id\":\"https:\/\/www.dakarmania.cz\/index.php\/2021\/07\/24\/audi-uz-testuje\/#primaryimage\"},\"thumbnailUrl\":\"https:\/\/www.dakarmania.cz\/wp-content\/uploads\/2021\/07\/21-audi-rsq-01.jpg\",\"keywords\":[\"2021\",\"Audi\",\"Audi Sport\",\"Carlos Sainz\",\"Dakar\",\"Dakar 2022\",\"Mattias Ekstr\u00f6m\",\"Q Motorsport\",\"Stefan Dreyer\",\"St\u00e9phane Peterhansel\",\"Sven Quandt\",\"tip\"],\"articleSection\":[\"Auto\",\"Dakar 2022\"],\"inLanguage\":\"cs\",\"potentialAction\":[{\"@type\":\"CommentAction\",\"name\":\"Comment\",\"target\":[\"https:\/\/www.dakarmania.cz\/index.php\/2021\/07\/24\/audi-uz-testuje\/#respond\"]}]},{\"@type\":\"WebPage\",\"@id\":\"https:\/\/www.dakarmania.cz\/index.php\/2021\/07\/24\/audi-uz-testuje\/\",\"url\":\"https:\/\/www.dakarmania.cz\/index.php\/2021\/07\/24\/audi-uz-testuje\/\",\"name\":\"Audi u\u017e testuje elektrick\u00fd dakarsk\u00fd speci\u00e1l - DAKARMANIA.cz\",\"isPartOf\":{\"@id\":\"https:\/\/www.dakarmania.cz\/#website\"},\"primaryImageOfPage\":{\"@id\":\"https:\/\/www.dakarmania.cz\/index.php\/2021\/07\/24\/audi-uz-testuje\/#primaryimage\"},\"image\":{\"@id\":\"https:\/\/www.dakarmania.cz\/index.php\/2021\/07\/24\/audi-uz-testuje\/#primaryimage\"},\"thumbnailUrl\":\"https:\/\/www.dakarmania.cz\/wp-content\/uploads\/2021\/07\/21-audi-rsq-01.jpg\",\"datePublished\":\"2021-07-24T12:14:24+00:00\",\"dateModified\":\"2021-10-18T21:43:42+00:00\",\"description\":\"Audi zah\u00e1jilo dal\u0161\u00ed f\u00e1zi p\u0159\u00edprav na sv\u016fj start na Rally Dakar 2022. Necel\u00fd rok od chv\u00edle, kdy vznikly prvn\u00ed n\u00e1vrhy jeho konceptu, absolvovalo elektrick\u00e9 Audi RS Q e-tron \u00favodn\u00ed testy.\",\"breadcrumb\":{\"@id\":\"https:\/\/www.dakarmania.cz\/index.php\/2021\/07\/24\/audi-uz-testuje\/#breadcrumb\"},\"inLanguage\":\"cs\",\"potentialAction\":[{\"@type\":\"ReadAction\",\"target\":[\"https:\/\/www.dakarmania.cz\/index.php\/2021\/07\/24\/audi-uz-testuje\/\"]}]},{\"@type\":\"ImageObject\",\"inLanguage\":\"cs\",\"@id\":\"https:\/\/www.dakarmania.cz\/index.php\/2021\/07\/24\/audi-uz-testuje\/#primaryimage\",\"url\":\"https:\/\/www.dakarmania.cz\/wp-content\/uploads\/2021\/07\/21-audi-rsq-01.jpg\",\"contentUrl\":\"https:\/\/www.dakarmania.cz\/wp-content\/uploads\/2021\/07\/21-audi-rsq-01.jpg\",\"width\":1024,\"height\":725,\"caption\":\"Audi RS Q e-tron, Audi Sport. Testov\u00e1n\u00ed \u010dervenec 2021, severn\u00ed N\u011bmecko. \u00a9 Audi\"},{\"@type\":\"BreadcrumbList\",\"@id\":\"https:\/\/www.dakarmania.cz\/index.php\/2021\/07\/24\/audi-uz-testuje\/#breadcrumb\",\"itemListElement\":[{\"@type\":\"ListItem\",\"position\":1,\"name\":\"Dom\u016f\",\"item\":\"https:\/\/www.dakarmania.cz\/\"},{\"@type\":\"ListItem\",\"position\":2,\"name\":\"Audi u\u017e testuje elektrick\u00fd dakarsk\u00fd speci\u00e1l\"}]},{\"@type\":\"WebSite\",\"@id\":\"https:\/\/www.dakarmania.cz\/#website\",\"url\":\"https:\/\/www.dakarmania.cz\/\",\"name\":\"DAKARMANIA.cz\",\"description\":\"\u017dijeme Dakarem cel\u00fd rok\",\"publisher\":{\"@id\":\"https:\/\/www.dakarmania.cz\/#organization\"},\"potentialAction\":[{\"@type\":\"SearchAction\",\"target\":{\"@type\":\"EntryPoint\",\"urlTemplate\":\"https:\/\/www.dakarmania.cz\/?s={search_term_string}\"},\"query-input\":{\"@type\":\"PropertyValueSpecification\",\"valueRequired\":true,\"valueName\":\"search_term_string\"}}],\"inLanguage\":\"cs\"},{\"@type\":\"Organization\",\"@id\":\"https:\/\/www.dakarmania.cz\/#organization\",\"name\":\"DAKAR MANIA\",\"url\":\"https:\/\/www.dakarmania.cz\/\",\"logo\":{\"@type\":\"ImageObject\",\"inLanguage\":\"cs\",\"@id\":\"https:\/\/www.dakarmania.cz\/#\/schema\/logo\/image\/\",\"url\":\"https:\/\/www.dakarmania.cz\/wp-content\/uploads\/2018\/12\/Dakar-Mania-Logo-Square-Orange.png\",\"contentUrl\":\"https:\/\/www.dakarmania.cz\/wp-content\/uploads\/2018\/12\/Dakar-Mania-Logo-Square-Orange.png\",\"width\":992,\"height\":992,\"caption\":\"DAKAR MANIA\"},\"image\":{\"@id\":\"https:\/\/www.dakarmania.cz\/#\/schema\/logo\/image\/\"},\"sameAs\":[\"https:\/\/www.facebook.com\/dakarmania\/\"]},{\"@type\":\"Person\",\"@id\":\"https:\/\/www.dakarmania.cz\/#\/schema\/person\/04eb0e87a389631c2169c0dddae7ff1e\",\"name\":\"Zden\u011bk Zelenka\",\"image\":{\"@type\":\"ImageObject\",\"inLanguage\":\"cs\",\"@id\":\"https:\/\/www.dakarmania.cz\/#\/schema\/person\/image\/\",\"url\":\"https:\/\/secure.gravatar.com\/avatar\/2c80d5a4942fe0900b73cc7d3837a509d6ee0a276a2b76dac95c92bd0763a89b?s=96&d=mm&r=g\",\"contentUrl\":\"https:\/\/secure.gravatar.com\/avatar\/2c80d5a4942fe0900b73cc7d3837a509d6ee0a276a2b76dac95c92bd0763a89b?s=96&d=mm&r=g\",\"caption\":\"Zden\u011bk Zelenka\"},\"description\":\"Moji d\u011bt\u0161t\u00ed hrdinov\u00e9 se jmenovali Loprais, Moskal, Neveu, Vatanen, Rahier... A tihle borci, jejich n\u00e1sledovn\u00edci a jejich p\u0159\u00edb\u011bhy m\u011b nep\u0159estali fascinovat ani po letech, kdy jsem vyrostl a zam\u011bstn\u00e1valy m\u011b jin\u00e9 discipl\u00edny motorsportu. Proto se zrodila DAKARMANIA.\",\"url\":\"https:\/\/www.dakarmania.cz\/index.php\/author\/dakarmania\/\"}]}<\/script>\n<!-- \/ Yoast SEO plugin. -->","yoast_head_json":{"title":"Audi u\u017e testuje elektrick\u00fd dakarsk\u00fd speci\u00e1l - DAKARMANIA.cz","description":"Audi zah\u00e1jilo dal\u0161\u00ed f\u00e1zi p\u0159\u00edprav na sv\u016fj start na Rally Dakar 2022. Necel\u00fd rok od chv\u00edle, kdy vznikly prvn\u00ed n\u00e1vrhy jeho konceptu, absolvovalo elektrick\u00e9 Audi RS Q e-tron \u00favodn\u00ed testy.","robots":{"index":"index","follow":"follow","max-snippet":"max-snippet:-1","max-image-preview":"max-image-preview:large","max-video-preview":"max-video-preview:-1"},"canonical":"https:\/\/www.dakarmania.cz\/index.php\/2021\/07\/24\/audi-uz-testuje\/","og_locale":"cs_CZ","og_type":"article","og_title":"Audi u\u017e testuje elektrick\u00fd dakarsk\u00fd speci\u00e1l - DAKARMANIA.cz","og_description":"Audi zah\u00e1jilo dal\u0161\u00ed f\u00e1zi p\u0159\u00edprav na sv\u016fj start na Rally Dakar 2022. Necel\u00fd rok od chv\u00edle, kdy vznikly prvn\u00ed n\u00e1vrhy jeho konceptu, absolvovalo elektrick\u00e9 Audi RS Q e-tron \u00favodn\u00ed testy.","og_url":"https:\/\/www.dakarmania.cz\/index.php\/2021\/07\/24\/audi-uz-testuje\/","og_site_name":"DAKARMANIA.cz","article_publisher":"https:\/\/www.facebook.com\/dakarmania\/","article_published_time":"2021-07-24T12:14:24+00:00","article_modified_time":"2021-10-18T21:43:42+00:00","og_image":[{"width":1024,"height":725,"url":"https:\/\/www.dakarmania.cz\/wp-content\/uploads\/2021\/07\/21-audi-rsq-01.jpg","type":"image\/jpeg"}],"author":"Zden\u011bk Zelenka","twitter_card":"summary_large_image","twitter_misc":{"Napsal(a)":"Zden\u011bk Zelenka","Odhadovan\u00e1 doba \u010dten\u00ed":"3 minuty"},"schema":{"@context":"https:\/\/schema.org","@graph":[{"@type":"Article","@id":"https:\/\/www.dakarmania.cz\/index.php\/2021\/07\/24\/audi-uz-testuje\/#article","isPartOf":{"@id":"https:\/\/www.dakarmania.cz\/index.php\/2021\/07\/24\/audi-uz-testuje\/"},"author":{"name":"Zden\u011bk Zelenka","@id":"https:\/\/www.dakarmania.cz\/#\/schema\/person\/04eb0e87a389631c2169c0dddae7ff1e"},"headline":"Audi u\u017e testuje elektrick\u00fd dakarsk\u00fd speci\u00e1l","datePublished":"2021-07-24T12:14:24+00:00","dateModified":"2021-10-18T21:43:42+00:00","mainEntityOfPage":{"@id":"https:\/\/www.dakarmania.cz\/index.php\/2021\/07\/24\/audi-uz-testuje\/"},"wordCount":777,"commentCount":0,"publisher":{"@id":"https:\/\/www.dakarmania.cz\/#organization"},"image":{"@id":"https:\/\/www.dakarmania.cz\/index.php\/2021\/07\/24\/audi-uz-testuje\/#primaryimage"},"thumbnailUrl":"https:\/\/www.dakarmania.cz\/wp-content\/uploads\/2021\/07\/21-audi-rsq-01.jpg","keywords":["2021","Audi","Audi Sport","Carlos Sainz","Dakar","Dakar 2022","Mattias Ekstr\u00f6m","Q Motorsport","Stefan Dreyer","St\u00e9phane Peterhansel","Sven Quandt","tip"],"articleSection":["Auto","Dakar 2022"],"inLanguage":"cs","potentialAction":[{"@type":"CommentAction","name":"Comment","target":["https:\/\/www.dakarmania.cz\/index.php\/2021\/07\/24\/audi-uz-testuje\/#respond"]}]},{"@type":"WebPage","@id":"https:\/\/www.dakarmania.cz\/index.php\/2021\/07\/24\/audi-uz-testuje\/","url":"https:\/\/www.dakarmania.cz\/index.php\/2021\/07\/24\/audi-uz-testuje\/","name":"Audi u\u017e testuje elektrick\u00fd dakarsk\u00fd speci\u00e1l - DAKARMANIA.cz","isPartOf":{"@id":"https:\/\/www.dakarmania.cz\/#website"},"primaryImageOfPage":{"@id":"https:\/\/www.dakarmania.cz\/index.php\/2021\/07\/24\/audi-uz-testuje\/#primaryimage"},"image":{"@id":"https:\/\/www.dakarmania.cz\/index.php\/2021\/07\/24\/audi-uz-testuje\/#primaryimage"},"thumbnailUrl":"https:\/\/www.dakarmania.cz\/wp-content\/uploads\/2021\/07\/21-audi-rsq-01.jpg","datePublished":"2021-07-24T12:14:24+00:00","dateModified":"2021-10-18T21:43:42+00:00","description":"Audi zah\u00e1jilo dal\u0161\u00ed f\u00e1zi p\u0159\u00edprav na sv\u016fj start na Rally Dakar 2022. Necel\u00fd rok od chv\u00edle, kdy vznikly prvn\u00ed n\u00e1vrhy jeho konceptu, absolvovalo elektrick\u00e9 Audi RS Q e-tron \u00favodn\u00ed testy.","breadcrumb":{"@id":"https:\/\/www.dakarmania.cz\/index.php\/2021\/07\/24\/audi-uz-testuje\/#breadcrumb"},"inLanguage":"cs","potentialAction":[{"@type":"ReadAction","target":["https:\/\/www.dakarmania.cz\/index.php\/2021\/07\/24\/audi-uz-testuje\/"]}]},{"@type":"ImageObject","inLanguage":"cs","@id":"https:\/\/www.dakarmania.cz\/index.php\/2021\/07\/24\/audi-uz-testuje\/#primaryimage","url":"https:\/\/www.dakarmania.cz\/wp-content\/uploads\/2021\/07\/21-audi-rsq-01.jpg","contentUrl":"https:\/\/www.dakarmania.cz\/wp-content\/uploads\/2021\/07\/21-audi-rsq-01.jpg","width":1024,"height":725,"caption":"Audi RS Q e-tron, Audi Sport. Testov\u00e1n\u00ed \u010dervenec 2021, severn\u00ed N\u011bmecko. \u00a9 Audi"},{"@type":"BreadcrumbList","@id":"https:\/\/www.dakarmania.cz\/index.php\/2021\/07\/24\/audi-uz-testuje\/#breadcrumb","itemListElement":[{"@type":"ListItem","position":1,"name":"Dom\u016f","item":"https:\/\/www.dakarmania.cz\/"},{"@type":"ListItem","position":2,"name":"Audi u\u017e testuje elektrick\u00fd dakarsk\u00fd speci\u00e1l"}]},{"@type":"WebSite","@id":"https:\/\/www.dakarmania.cz\/#website","url":"https:\/\/www.dakarmania.cz\/","name":"DAKARMANIA.cz","description":"\u017dijeme Dakarem cel\u00fd rok","publisher":{"@id":"https:\/\/www.dakarmania.cz\/#organization"},"potentialAction":[{"@type":"SearchAction","target":{"@type":"EntryPoint","urlTemplate":"https:\/\/www.dakarmania.cz\/?s={search_term_string}"},"query-input":{"@type":"PropertyValueSpecification","valueRequired":true,"valueName":"search_term_string"}}],"inLanguage":"cs"},{"@type":"Organization","@id":"https:\/\/www.dakarmania.cz\/#organization","name":"DAKAR MANIA","url":"https:\/\/www.dakarmania.cz\/","logo":{"@type":"ImageObject","inLanguage":"cs","@id":"https:\/\/www.dakarmania.cz\/#\/schema\/logo\/image\/","url":"https:\/\/www.dakarmania.cz\/wp-content\/uploads\/2018\/12\/Dakar-Mania-Logo-Square-Orange.png","contentUrl":"https:\/\/www.dakarmania.cz\/wp-content\/uploads\/2018\/12\/Dakar-Mania-Logo-Square-Orange.png","width":992,"height":992,"caption":"DAKAR MANIA"},"image":{"@id":"https:\/\/www.dakarmania.cz\/#\/schema\/logo\/image\/"},"sameAs":["https:\/\/www.facebook.com\/dakarmania\/"]},{"@type":"Person","@id":"https:\/\/www.dakarmania.cz\/#\/schema\/person\/04eb0e87a389631c2169c0dddae7ff1e","name":"Zden\u011bk Zelenka","image":{"@type":"ImageObject","inLanguage":"cs","@id":"https:\/\/www.dakarmania.cz\/#\/schema\/person\/image\/","url":"https:\/\/secure.gravatar.com\/avatar\/2c80d5a4942fe0900b73cc7d3837a509d6ee0a276a2b76dac95c92bd0763a89b?s=96&d=mm&r=g","contentUrl":"https:\/\/secure.gravatar.com\/avatar\/2c80d5a4942fe0900b73cc7d3837a509d6ee0a276a2b76dac95c92bd0763a89b?s=96&d=mm&r=g","caption":"Zden\u011bk Zelenka"},"description":"Moji d\u011bt\u0161t\u00ed hrdinov\u00e9 se jmenovali Loprais, Moskal, Neveu, Vatanen, Rahier... A tihle borci, jejich n\u00e1sledovn\u00edci a jejich p\u0159\u00edb\u011bhy m\u011b nep\u0159estali fascinovat ani po letech, kdy jsem vyrostl a zam\u011bstn\u00e1valy m\u011b jin\u00e9 discipl\u00edny motorsportu. Proto se zrodila DAKARMANIA.","url":"https:\/\/www.dakarmania.cz\/index.php\/author\/dakarmania\/"}]}},"amp_enabled":true,"_links":{"self":[{"href":"https:\/\/www.dakarmania.cz\/index.php\/wp-json\/wp\/v2\/posts\/21101","targetHints":{"allow":["GET"]}}],"collection":[{"href":"https:\/\/www.dakarmania.cz\/index.php\/wp-json\/wp\/v2\/posts"}],"about":[{"href":"https:\/\/www.dakarmania.cz\/index.php\/wp-json\/wp\/v2\/types\/post"}],"author":[{"embeddable":true,"href":"https:\/\/www.dakarmania.cz\/index.php\/wp-json\/wp\/v2\/users\/1"}],"replies":[{"embeddable":true,"href":"https:\/\/www.dakarmania.cz\/index.php\/wp-json\/wp\/v2\/comments?post=21101"}],"version-history":[{"count":5,"href":"https:\/\/www.dakarmania.cz\/index.php\/wp-json\/wp\/v2\/posts\/21101\/revisions"}],"predecessor-version":[{"id":23764,"href":"https:\/\/www.dakarmania.cz\/index.php\/wp-json\/wp\/v2\/posts\/21101\/revisions\/23764"}],"wp:featuredmedia":[{"embeddable":true,"href":"https:\/\/www.dakarmania.cz\/index.php\/wp-json\/wp\/v2\/media\/21096"}],"wp:attachment":[{"href":"https:\/\/www.dakarmania.cz\/index.php\/wp-json\/wp\/v2\/media?parent=21101"}],"wp:term":[{"taxonomy":"category","embeddable":true,"href":"https:\/\/www.dakarmania.cz\/index.php\/wp-json\/wp\/v2\/categories?post=21101"},{"taxonomy":"post_tag","embeddable":true,"href":"https:\/\/www.dakarmania.cz\/index.php\/wp-json\/wp\/v2\/tags?post=21101"}],"curies":[{"name":"wp","href":"https:\/\/api.w.org\/{rel}","templated":true}]}}