{"id":21106,"date":"2021-07-24T18:59:52","date_gmt":"2021-07-24T16:59:52","guid":{"rendered":"https:\/\/www.dakarmania.cz\/?p=21106"},"modified":"2021-10-18T23:38:33","modified_gmt":"2021-10-18T21:38:33","slug":"baja-aragon-brabec-v-nemocnici","status":"publish","type":"post","link":"https:\/\/www.dakarmania.cz\/index.php\/2021\/07\/24\/baja-aragon-brabec-v-nemocnici\/","title":{"rendered":"Baja Arag\u00f3n: Suver\u00e9nn\u00ed Barreda. Brabec skon\u010dil v nemocnici"},"content":{"rendered":"<p>[vc_row][vc_column][vc_column_text css_animation=&#8221;fadeIn&#8221;]<\/p>\n<h3>Dob\u0159e rozjet\u00e1 Baja Arag\u00f3n 2021 m\u011bla pro Jana Brabce nep\u0159\u00edjemn\u00fd konec. \u010cesk\u00fd motocyklista figuroval po prvn\u00ed etap\u011b na \u0161est\u00e9m m\u00edst\u011b, o den pozd\u011bji v\u0161ak po p\u00e1du skon\u010dil v p\u00e9\u010di l\u00e9ka\u0159\u016f.<\/h3>\n<p>[\/vc_column_text][vc_single_image image=&#8221;21105&#8243; img_size=&#8221;large&#8221; add_caption=&#8221;yes&#8221; alignment=&#8221;center&#8221; onclick=&#8221;link_image&#8221; css_animation=&#8221;fadeIn&#8221;][vc_column_text css_animation=&#8221;fadeIn&#8221;]\u00davodn\u00ed etapa dala motocyklist\u016fm zna\u010dn\u011b zabrat. Teplota vzduchu \u0161plhala ke \u010dty\u0159ic\u00edtce a motork\u00e1\u0159i nav\u00edc vyr\u00e1\u017eeli na tra\u0165 p\u00e1te\u010dn\u00ed rychlostn\u00ed zkou\u0161ky (180 km) a\u017e po pr\u016fjezdu v\u0161ech osobn\u00edch automobil\u016f, side-by-side i des\u00edtky kamion\u016f.<\/p>\n<p><em>\u201eDne\u0161n\u00ed speci\u00e1lka byla velice n\u00e1ro\u010dn\u00e1, bylo pot\u0159eba udr\u017eet koncentraci a neust\u00e1le kli\u010dkovat mezi velk\u00fdmi kameny. Je pravda, \u017ee jsem dr\u017eel dobr\u00e9 tempo, i kdy\u017e to nebylo jednoduch\u00e9, proto\u017ee n\u011bkter\u00e9 \u00faseky byly po pr\u016fjezdu v\u0161ech aut v opravdu \u0161patn\u00e9m stavu,\u201c<\/em> popsal <strong>Joan Barreda<\/strong>, kter\u00fd s Hondou vedl o minutu a 23 sekund p\u0159ed Lorenzem Santolinem na tov\u00e1rn\u00edm Shercu.<\/p>\n<p>Janu Brabcovi (KTM) pat\u0159ila po prvn\u00edm dnu \u0161est\u00e1 p\u0159\u00ed\u010dka s dev\u00edtiminutov\u00fdm odstupem od vedouc\u00edho Barredy, necel\u00e9 t\u0159i minuty ztr\u00e1cel na p\u00e1t\u00e9ho Portugalce Ruie Gon\u00e7alvese s dal\u0161\u00edm fabrick\u00fdm Shercem.[\/vc_column_text][vc_single_image image=&#8221;18350&#8243; img_size=&#8221;large&#8221; add_caption=&#8221;yes&#8221; alignment=&#8221;center&#8221; onclick=&#8221;custom_link&#8221; img_link_target=&#8221;_blank&#8221; css_animation=&#8221;fadeIn&#8221; link=&#8221;http:\/\/eshop.dakarmania.cz\/&#8221;][vc_column_text css_animation=&#8221;fadeIn&#8221;]V sobotu bylo na programu dal\u0161\u00edch 321 m\u011b\u0159en\u00fdch kilometr\u016f rozd\u011blen\u00fdch do dvou rychlostn\u00edch zkou\u0161ek. Ov\u0161em Brabcovy nad\u011bje na vynikaj\u00edc\u00ed v\u00fdsledek se rozplynuly u\u017e v \u00favodn\u00ed \u010d\u00e1sti dopoledn\u00ed speci\u00e1lky. Po p\u00e1du asi na 40. kilometru byl s hematomem v oblasti b\u0159icha transportov\u00e1n na pozorov\u00e1n\u00ed do nemocnice v Zaragoze.<\/p>\n<p>Roli favorita potvrdil Barreda. \u0160pan\u011bl byl nejrychlej\u0161\u00ed na obou m\u011b\u0159en\u00fdch \u00fasec\u00edch z\u00e1v\u011bre\u010dn\u00e9 etapy a presti\u017en\u00ed dom\u00e1c\u00ed podnik vyhr\u00e1l u\u017e pop\u00e1t\u00e9. O druh\u00e9 m\u00edsto celkov\u011b p\u0159ipravil Santolina na z\u00e1v\u011bre\u010dn\u00e9m \u00faseku Toscha Schareina s Husqvarnou.<\/p>\n<p>V kategorii \u010dty\u0159kolek zv\u00edt\u011bzil Francouz Alexandre Giroud s v\u00edce ne\u017e desetiminutov\u00fdm n\u00e1skokem p\u0159ed krajanem J\u00e9r\u00f4mem Connartem (oba Yamaha).[\/vc_column_text][vc_column_text css_animation=&#8221;fadeIn&#8221;]<\/p>\n<table style=\"width: 97.7654%;\" rules=\"rows\" cellpadding=\"4px\">\n<tbody>\n<tr style=\"background-color: #808080; color: white;\">\n<td style=\"text-align: center;\" colspan=\"7\"><span style=\"font-size: 12pt;\"><strong>BAJA ARAG\u00d3N 2021 &#8211; MOTOCYKLY (SP FIM)<br \/>\nkone\u010dn\u00e9 v\u00fdsledky<\/strong><\/span><\/td>\n<\/tr>\n<tr style=\"vertical-align: top; background-color: #dbd9d9;\">\n<td>1.<\/td>\n<td class=\"nomobile\" style=\"text-align: center;\">1<\/td>\n<td>Joan Barreda<\/td>\n<td>Honda CRF450 Rally<\/td>\n<td class=\"nomobile\">Monster Energy Hofs Team<\/td>\n<td style=\"text-align: right;\">6:34:39<\/td>\n<\/tr>\n<tr style=\"vertical-align: top; background-color: #f2f2f2;\">\n<td>2.<\/td>\n<td class=\"nomobile\" style=\"text-align: center;\">3<\/td>\n<td>Tosha Schareina<\/td>\n<td>Husqvarna FE450<\/td>\n<td class=\"nomobile\">Husqvarna Motos Arribas<\/td>\n<td style=\"text-align: right;\">+4:43<\/td>\n<\/tr>\n<tr style=\"vertical-align: top; background-color: #dbd9d9;\">\n<td>3.<\/td>\n<td class=\"nomobile\" style=\"text-align: center;\">2<\/td>\n<td>Lorenzo Santolino<\/td>\n<td>Sherco RTR 450 Rally<\/td>\n<td class=\"nomobile\">Team Sherco Rallye<\/td>\n<td style=\"text-align: right;\">+4:51<\/td>\n<\/tr>\n<tr style=\"vertical-align: top; background-color: #f2f2f2;\">\n<td>4.<\/td>\n<td class=\"nomobile\" style=\"text-align: center;\">5<\/td>\n<td>Joan Pedrero<\/td>\n<td>Rieju 450<\/td>\n<td class=\"nomobile\">Shad LS2<\/td>\n<td style=\"text-align: right;\">+16:44<\/td>\n<\/tr>\n<tr style=\"vertical-align: top; background-color: #dbd9d9;\">\n<td>5.<\/td>\n<td class=\"nomobile\" style=\"text-align: center;\">6<\/td>\n<td>Rui Gon\u00e7alves<\/td>\n<td>Sherco RTR 450 Rally<\/td>\n<td class=\"nomobile\">Team Sherco Rallye<\/td>\n<td style=\"text-align: right;\">+19:06<\/td>\n<\/tr>\n<\/tbody>\n<\/table>\n<p>[\/vc_column_text][vc_empty_space height=&#8221;2px&#8221;][\/vc_column][\/vc_row]<\/p>\n","protected":false},"excerpt":{"rendered":"<p>Dob\u0159e rozjet\u00e1 Baja Arag\u00f3n 2021 m\u011bla pro Jana Brabce nep\u0159\u00edjemn\u00fd konec. Po p\u00e1du skon\u010dil \u010desk\u00fd motocyklista v p\u00e9\u010di l\u00e9ka\u0159\u016f.<\/p>\n","protected":false},"author":1,"featured_media":21105,"comment_status":"open","ping_status":"closed","sticky":false,"template":"","format":"standard","meta":{"footnotes":""},"categories":[1228,155,15],"tags":[1630,1527,1338,1885,129,64,110,1786,761,63,926,1859,152,157,1739,1897,168],"class_list":["post-21106","post","type-post","status-publish","format-standard","has-post-thumbnail","hentry","category-baja-aragon","category-fim-baja","category-moto-quad","tag-1630","tag-alexandre-giroud","tag-baja-aragon","tag-baja-aragon-2021","tag-honda","tag-husqvarna","tag-jan-brabec","tag-jerome-connart","tag-joan-barreda","tag-ktm","tag-lorenzo-santolino","tag-rui-goncalves","tag-sherco","tag-sp-fim-baja","tag-sp-fim-baja-2021","tag-toscha-schareina","tag-yamaha"],"yoast_head":"<!-- This site is optimized with the Yoast SEO plugin v24.9 - https:\/\/yoast.com\/wordpress\/plugins\/seo\/ -->\n<title>Baja Arag\u00f3n: Suver\u00e9nn\u00ed Barreda. Brabec skon\u010dil v nemocnici - DAKARMANIA.cz<\/title>\n<meta name=\"description\" content=\"Dob\u0159e rozjet\u00e1 Baja Arag\u00f3n 2021 m\u011bla pro Jana Brabce nep\u0159\u00edjemn\u00fd konec. Po p\u00e1du skon\u010dil \u010desk\u00fd motocyklista v p\u00e9\u010di l\u00e9ka\u0159\u016f.\" \/>\n<meta name=\"robots\" content=\"index, follow, max-snippet:-1, max-image-preview:large, max-video-preview:-1\" \/>\n<link rel=\"canonical\" href=\"https:\/\/www.dakarmania.cz\/index.php\/2021\/07\/24\/baja-aragon-brabec-v-nemocnici\/\" \/>\n<meta property=\"og:locale\" content=\"cs_CZ\" \/>\n<meta property=\"og:type\" content=\"article\" \/>\n<meta property=\"og:title\" content=\"Baja Arag\u00f3n: Suver\u00e9nn\u00ed Barreda. Brabec skon\u010dil v nemocnici - DAKARMANIA.cz\" \/>\n<meta property=\"og:description\" content=\"Dob\u0159e rozjet\u00e1 Baja Arag\u00f3n 2021 m\u011bla pro Jana Brabce nep\u0159\u00edjemn\u00fd konec. Po p\u00e1du skon\u010dil \u010desk\u00fd motocyklista v p\u00e9\u010di l\u00e9ka\u0159\u016f.\" \/>\n<meta property=\"og:url\" content=\"https:\/\/www.dakarmania.cz\/index.php\/2021\/07\/24\/baja-aragon-brabec-v-nemocnici\/\" \/>\n<meta property=\"og:site_name\" content=\"DAKARMANIA.cz\" \/>\n<meta property=\"article:publisher\" content=\"https:\/\/www.facebook.com\/dakarmania\/\" \/>\n<meta property=\"article:published_time\" content=\"2021-07-24T16:59:52+00:00\" \/>\n<meta property=\"article:modified_time\" content=\"2021-10-18T21:38:33+00:00\" \/>\n<meta property=\"og:image\" content=\"https:\/\/www.dakarmania.cz\/wp-content\/uploads\/2021\/07\/21-andalucia-barreda-01.jpg\" \/>\n\t<meta property=\"og:image:width\" content=\"960\" \/>\n\t<meta property=\"og:image:height\" content=\"640\" \/>\n\t<meta property=\"og:image:type\" content=\"image\/jpeg\" \/>\n<meta name=\"author\" content=\"Zden\u011bk Zelenka\" \/>\n<meta name=\"twitter:card\" content=\"summary_large_image\" \/>\n<meta name=\"twitter:label1\" content=\"Napsal(a)\" \/>\n\t<meta name=\"twitter:data1\" content=\"Zden\u011bk Zelenka\" \/>\n\t<meta name=\"twitter:label2\" content=\"Odhadovan\u00e1 doba \u010dten\u00ed\" \/>\n\t<meta name=\"twitter:data2\" content=\"2 minuty\" \/>\n<script type=\"application\/ld+json\" class=\"yoast-schema-graph\">{\"@context\":\"https:\/\/schema.org\",\"@graph\":[{\"@type\":\"Article\",\"@id\":\"https:\/\/www.dakarmania.cz\/index.php\/2021\/07\/24\/baja-aragon-brabec-v-nemocnici\/#article\",\"isPartOf\":{\"@id\":\"https:\/\/www.dakarmania.cz\/index.php\/2021\/07\/24\/baja-aragon-brabec-v-nemocnici\/\"},\"author\":{\"name\":\"Zden\u011bk Zelenka\",\"@id\":\"https:\/\/www.dakarmania.cz\/#\/schema\/person\/04eb0e87a389631c2169c0dddae7ff1e\"},\"headline\":\"Baja Arag\u00f3n: Suver\u00e9nn\u00ed Barreda. Brabec skon\u010dil v nemocnici\",\"datePublished\":\"2021-07-24T16:59:52+00:00\",\"dateModified\":\"2021-10-18T21:38:33+00:00\",\"mainEntityOfPage\":{\"@id\":\"https:\/\/www.dakarmania.cz\/index.php\/2021\/07\/24\/baja-aragon-brabec-v-nemocnici\/\"},\"wordCount\":493,\"commentCount\":0,\"publisher\":{\"@id\":\"https:\/\/www.dakarmania.cz\/#organization\"},\"image\":{\"@id\":\"https:\/\/www.dakarmania.cz\/index.php\/2021\/07\/24\/baja-aragon-brabec-v-nemocnici\/#primaryimage\"},\"thumbnailUrl\":\"https:\/\/www.dakarmania.cz\/wp-content\/uploads\/2021\/07\/21-andalucia-barreda-01.jpg\",\"keywords\":[\"2021\",\"Alexandre Giroud\",\"Baja Arag\u00f3n\",\"Baja Arag\u00f3n 2021\",\"Honda\",\"Husqvarna\",\"Jan Brabec\",\"Jer\u00f4me Connart\",\"Joan Barreda\",\"KTM\",\"Lorenzo Santolino\",\"Rui Gon\u00e7alves\",\"Sherco\",\"SP FIM baja\",\"SP FIM baja 2021\",\"Toscha Schareina\",\"Yamaha\"],\"articleSection\":[\"Baja Arag\u00f3n\",\"FIM SP baja\",\"Moto\/Quad\"],\"inLanguage\":\"cs\",\"potentialAction\":[{\"@type\":\"CommentAction\",\"name\":\"Comment\",\"target\":[\"https:\/\/www.dakarmania.cz\/index.php\/2021\/07\/24\/baja-aragon-brabec-v-nemocnici\/#respond\"]}]},{\"@type\":\"WebPage\",\"@id\":\"https:\/\/www.dakarmania.cz\/index.php\/2021\/07\/24\/baja-aragon-brabec-v-nemocnici\/\",\"url\":\"https:\/\/www.dakarmania.cz\/index.php\/2021\/07\/24\/baja-aragon-brabec-v-nemocnici\/\",\"name\":\"Baja Arag\u00f3n: Suver\u00e9nn\u00ed Barreda. Brabec skon\u010dil v nemocnici - DAKARMANIA.cz\",\"isPartOf\":{\"@id\":\"https:\/\/www.dakarmania.cz\/#website\"},\"primaryImageOfPage\":{\"@id\":\"https:\/\/www.dakarmania.cz\/index.php\/2021\/07\/24\/baja-aragon-brabec-v-nemocnici\/#primaryimage\"},\"image\":{\"@id\":\"https:\/\/www.dakarmania.cz\/index.php\/2021\/07\/24\/baja-aragon-brabec-v-nemocnici\/#primaryimage\"},\"thumbnailUrl\":\"https:\/\/www.dakarmania.cz\/wp-content\/uploads\/2021\/07\/21-andalucia-barreda-01.jpg\",\"datePublished\":\"2021-07-24T16:59:52+00:00\",\"dateModified\":\"2021-10-18T21:38:33+00:00\",\"description\":\"Dob\u0159e rozjet\u00e1 Baja Arag\u00f3n 2021 m\u011bla pro Jana Brabce nep\u0159\u00edjemn\u00fd konec. Po p\u00e1du skon\u010dil \u010desk\u00fd motocyklista v p\u00e9\u010di l\u00e9ka\u0159\u016f.\",\"breadcrumb\":{\"@id\":\"https:\/\/www.dakarmania.cz\/index.php\/2021\/07\/24\/baja-aragon-brabec-v-nemocnici\/#breadcrumb\"},\"inLanguage\":\"cs\",\"potentialAction\":[{\"@type\":\"ReadAction\",\"target\":[\"https:\/\/www.dakarmania.cz\/index.php\/2021\/07\/24\/baja-aragon-brabec-v-nemocnici\/\"]}]},{\"@type\":\"ImageObject\",\"inLanguage\":\"cs\",\"@id\":\"https:\/\/www.dakarmania.cz\/index.php\/2021\/07\/24\/baja-aragon-brabec-v-nemocnici\/#primaryimage\",\"url\":\"https:\/\/www.dakarmania.cz\/wp-content\/uploads\/2021\/07\/21-andalucia-barreda-01.jpg\",\"contentUrl\":\"https:\/\/www.dakarmania.cz\/wp-content\/uploads\/2021\/07\/21-andalucia-barreda-01.jpg\",\"width\":960,\"height\":640,\"caption\":\"Joan Barreda, Honda CRF450 Rally, Monster Energy Hofs Team. Baja Arag\u00f3n 2021. \u00a9 Baja Arag\u00f3n Media\"},{\"@type\":\"BreadcrumbList\",\"@id\":\"https:\/\/www.dakarmania.cz\/index.php\/2021\/07\/24\/baja-aragon-brabec-v-nemocnici\/#breadcrumb\",\"itemListElement\":[{\"@type\":\"ListItem\",\"position\":1,\"name\":\"Dom\u016f\",\"item\":\"https:\/\/www.dakarmania.cz\/\"},{\"@type\":\"ListItem\",\"position\":2,\"name\":\"Baja Arag\u00f3n: Suver\u00e9nn\u00ed Barreda. Brabec skon\u010dil v nemocnici\"}]},{\"@type\":\"WebSite\",\"@id\":\"https:\/\/www.dakarmania.cz\/#website\",\"url\":\"https:\/\/www.dakarmania.cz\/\",\"name\":\"DAKARMANIA.cz\",\"description\":\"\u017dijeme Dakarem cel\u00fd rok\",\"publisher\":{\"@id\":\"https:\/\/www.dakarmania.cz\/#organization\"},\"potentialAction\":[{\"@type\":\"SearchAction\",\"target\":{\"@type\":\"EntryPoint\",\"urlTemplate\":\"https:\/\/www.dakarmania.cz\/?s={search_term_string}\"},\"query-input\":{\"@type\":\"PropertyValueSpecification\",\"valueRequired\":true,\"valueName\":\"search_term_string\"}}],\"inLanguage\":\"cs\"},{\"@type\":\"Organization\",\"@id\":\"https:\/\/www.dakarmania.cz\/#organization\",\"name\":\"DAKAR MANIA\",\"url\":\"https:\/\/www.dakarmania.cz\/\",\"logo\":{\"@type\":\"ImageObject\",\"inLanguage\":\"cs\",\"@id\":\"https:\/\/www.dakarmania.cz\/#\/schema\/logo\/image\/\",\"url\":\"https:\/\/www.dakarmania.cz\/wp-content\/uploads\/2018\/12\/Dakar-Mania-Logo-Square-Orange.png\",\"contentUrl\":\"https:\/\/www.dakarmania.cz\/wp-content\/uploads\/2018\/12\/Dakar-Mania-Logo-Square-Orange.png\",\"width\":992,\"height\":992,\"caption\":\"DAKAR MANIA\"},\"image\":{\"@id\":\"https:\/\/www.dakarmania.cz\/#\/schema\/logo\/image\/\"},\"sameAs\":[\"https:\/\/www.facebook.com\/dakarmania\/\"]},{\"@type\":\"Person\",\"@id\":\"https:\/\/www.dakarmania.cz\/#\/schema\/person\/04eb0e87a389631c2169c0dddae7ff1e\",\"name\":\"Zden\u011bk Zelenka\",\"image\":{\"@type\":\"ImageObject\",\"inLanguage\":\"cs\",\"@id\":\"https:\/\/www.dakarmania.cz\/#\/schema\/person\/image\/\",\"url\":\"https:\/\/secure.gravatar.com\/avatar\/2c80d5a4942fe0900b73cc7d3837a509d6ee0a276a2b76dac95c92bd0763a89b?s=96&d=mm&r=g\",\"contentUrl\":\"https:\/\/secure.gravatar.com\/avatar\/2c80d5a4942fe0900b73cc7d3837a509d6ee0a276a2b76dac95c92bd0763a89b?s=96&d=mm&r=g\",\"caption\":\"Zden\u011bk Zelenka\"},\"description\":\"Moji d\u011bt\u0161t\u00ed hrdinov\u00e9 se jmenovali Loprais, Moskal, Neveu, Vatanen, Rahier... A tihle borci, jejich n\u00e1sledovn\u00edci a jejich p\u0159\u00edb\u011bhy m\u011b nep\u0159estali fascinovat ani po letech, kdy jsem vyrostl a zam\u011bstn\u00e1valy m\u011b jin\u00e9 discipl\u00edny motorsportu. Proto se zrodila DAKARMANIA.\",\"url\":\"https:\/\/www.dakarmania.cz\/index.php\/author\/dakarmania\/\"}]}<\/script>\n<!-- \/ Yoast SEO plugin. -->","yoast_head_json":{"title":"Baja Arag\u00f3n: Suver\u00e9nn\u00ed Barreda. Brabec skon\u010dil v nemocnici - DAKARMANIA.cz","description":"Dob\u0159e rozjet\u00e1 Baja Arag\u00f3n 2021 m\u011bla pro Jana Brabce nep\u0159\u00edjemn\u00fd konec. Po p\u00e1du skon\u010dil \u010desk\u00fd motocyklista v p\u00e9\u010di l\u00e9ka\u0159\u016f.","robots":{"index":"index","follow":"follow","max-snippet":"max-snippet:-1","max-image-preview":"max-image-preview:large","max-video-preview":"max-video-preview:-1"},"canonical":"https:\/\/www.dakarmania.cz\/index.php\/2021\/07\/24\/baja-aragon-brabec-v-nemocnici\/","og_locale":"cs_CZ","og_type":"article","og_title":"Baja Arag\u00f3n: Suver\u00e9nn\u00ed Barreda. Brabec skon\u010dil v nemocnici - DAKARMANIA.cz","og_description":"Dob\u0159e rozjet\u00e1 Baja Arag\u00f3n 2021 m\u011bla pro Jana Brabce nep\u0159\u00edjemn\u00fd konec. Po p\u00e1du skon\u010dil \u010desk\u00fd motocyklista v p\u00e9\u010di l\u00e9ka\u0159\u016f.","og_url":"https:\/\/www.dakarmania.cz\/index.php\/2021\/07\/24\/baja-aragon-brabec-v-nemocnici\/","og_site_name":"DAKARMANIA.cz","article_publisher":"https:\/\/www.facebook.com\/dakarmania\/","article_published_time":"2021-07-24T16:59:52+00:00","article_modified_time":"2021-10-18T21:38:33+00:00","og_image":[{"width":960,"height":640,"url":"https:\/\/www.dakarmania.cz\/wp-content\/uploads\/2021\/07\/21-andalucia-barreda-01.jpg","type":"image\/jpeg"}],"author":"Zden\u011bk Zelenka","twitter_card":"summary_large_image","twitter_misc":{"Napsal(a)":"Zden\u011bk Zelenka","Odhadovan\u00e1 doba \u010dten\u00ed":"2 minuty"},"schema":{"@context":"https:\/\/schema.org","@graph":[{"@type":"Article","@id":"https:\/\/www.dakarmania.cz\/index.php\/2021\/07\/24\/baja-aragon-brabec-v-nemocnici\/#article","isPartOf":{"@id":"https:\/\/www.dakarmania.cz\/index.php\/2021\/07\/24\/baja-aragon-brabec-v-nemocnici\/"},"author":{"name":"Zden\u011bk Zelenka","@id":"https:\/\/www.dakarmania.cz\/#\/schema\/person\/04eb0e87a389631c2169c0dddae7ff1e"},"headline":"Baja Arag\u00f3n: Suver\u00e9nn\u00ed Barreda. Brabec skon\u010dil v nemocnici","datePublished":"2021-07-24T16:59:52+00:00","dateModified":"2021-10-18T21:38:33+00:00","mainEntityOfPage":{"@id":"https:\/\/www.dakarmania.cz\/index.php\/2021\/07\/24\/baja-aragon-brabec-v-nemocnici\/"},"wordCount":493,"commentCount":0,"publisher":{"@id":"https:\/\/www.dakarmania.cz\/#organization"},"image":{"@id":"https:\/\/www.dakarmania.cz\/index.php\/2021\/07\/24\/baja-aragon-brabec-v-nemocnici\/#primaryimage"},"thumbnailUrl":"https:\/\/www.dakarmania.cz\/wp-content\/uploads\/2021\/07\/21-andalucia-barreda-01.jpg","keywords":["2021","Alexandre Giroud","Baja Arag\u00f3n","Baja Arag\u00f3n 2021","Honda","Husqvarna","Jan Brabec","Jer\u00f4me Connart","Joan Barreda","KTM","Lorenzo Santolino","Rui Gon\u00e7alves","Sherco","SP FIM baja","SP FIM baja 2021","Toscha Schareina","Yamaha"],"articleSection":["Baja Arag\u00f3n","FIM SP baja","Moto\/Quad"],"inLanguage":"cs","potentialAction":[{"@type":"CommentAction","name":"Comment","target":["https:\/\/www.dakarmania.cz\/index.php\/2021\/07\/24\/baja-aragon-brabec-v-nemocnici\/#respond"]}]},{"@type":"WebPage","@id":"https:\/\/www.dakarmania.cz\/index.php\/2021\/07\/24\/baja-aragon-brabec-v-nemocnici\/","url":"https:\/\/www.dakarmania.cz\/index.php\/2021\/07\/24\/baja-aragon-brabec-v-nemocnici\/","name":"Baja Arag\u00f3n: Suver\u00e9nn\u00ed Barreda. Brabec skon\u010dil v nemocnici - DAKARMANIA.cz","isPartOf":{"@id":"https:\/\/www.dakarmania.cz\/#website"},"primaryImageOfPage":{"@id":"https:\/\/www.dakarmania.cz\/index.php\/2021\/07\/24\/baja-aragon-brabec-v-nemocnici\/#primaryimage"},"image":{"@id":"https:\/\/www.dakarmania.cz\/index.php\/2021\/07\/24\/baja-aragon-brabec-v-nemocnici\/#primaryimage"},"thumbnailUrl":"https:\/\/www.dakarmania.cz\/wp-content\/uploads\/2021\/07\/21-andalucia-barreda-01.jpg","datePublished":"2021-07-24T16:59:52+00:00","dateModified":"2021-10-18T21:38:33+00:00","description":"Dob\u0159e rozjet\u00e1 Baja Arag\u00f3n 2021 m\u011bla pro Jana Brabce nep\u0159\u00edjemn\u00fd konec. Po p\u00e1du skon\u010dil \u010desk\u00fd motocyklista v p\u00e9\u010di l\u00e9ka\u0159\u016f.","breadcrumb":{"@id":"https:\/\/www.dakarmania.cz\/index.php\/2021\/07\/24\/baja-aragon-brabec-v-nemocnici\/#breadcrumb"},"inLanguage":"cs","potentialAction":[{"@type":"ReadAction","target":["https:\/\/www.dakarmania.cz\/index.php\/2021\/07\/24\/baja-aragon-brabec-v-nemocnici\/"]}]},{"@type":"ImageObject","inLanguage":"cs","@id":"https:\/\/www.dakarmania.cz\/index.php\/2021\/07\/24\/baja-aragon-brabec-v-nemocnici\/#primaryimage","url":"https:\/\/www.dakarmania.cz\/wp-content\/uploads\/2021\/07\/21-andalucia-barreda-01.jpg","contentUrl":"https:\/\/www.dakarmania.cz\/wp-content\/uploads\/2021\/07\/21-andalucia-barreda-01.jpg","width":960,"height":640,"caption":"Joan Barreda, Honda CRF450 Rally, Monster Energy Hofs Team. Baja Arag\u00f3n 2021. \u00a9 Baja Arag\u00f3n Media"},{"@type":"BreadcrumbList","@id":"https:\/\/www.dakarmania.cz\/index.php\/2021\/07\/24\/baja-aragon-brabec-v-nemocnici\/#breadcrumb","itemListElement":[{"@type":"ListItem","position":1,"name":"Dom\u016f","item":"https:\/\/www.dakarmania.cz\/"},{"@type":"ListItem","position":2,"name":"Baja Arag\u00f3n: Suver\u00e9nn\u00ed Barreda. Brabec skon\u010dil v nemocnici"}]},{"@type":"WebSite","@id":"https:\/\/www.dakarmania.cz\/#website","url":"https:\/\/www.dakarmania.cz\/","name":"DAKARMANIA.cz","description":"\u017dijeme Dakarem cel\u00fd rok","publisher":{"@id":"https:\/\/www.dakarmania.cz\/#organization"},"potentialAction":[{"@type":"SearchAction","target":{"@type":"EntryPoint","urlTemplate":"https:\/\/www.dakarmania.cz\/?s={search_term_string}"},"query-input":{"@type":"PropertyValueSpecification","valueRequired":true,"valueName":"search_term_string"}}],"inLanguage":"cs"},{"@type":"Organization","@id":"https:\/\/www.dakarmania.cz\/#organization","name":"DAKAR MANIA","url":"https:\/\/www.dakarmania.cz\/","logo":{"@type":"ImageObject","inLanguage":"cs","@id":"https:\/\/www.dakarmania.cz\/#\/schema\/logo\/image\/","url":"https:\/\/www.dakarmania.cz\/wp-content\/uploads\/2018\/12\/Dakar-Mania-Logo-Square-Orange.png","contentUrl":"https:\/\/www.dakarmania.cz\/wp-content\/uploads\/2018\/12\/Dakar-Mania-Logo-Square-Orange.png","width":992,"height":992,"caption":"DAKAR MANIA"},"image":{"@id":"https:\/\/www.dakarmania.cz\/#\/schema\/logo\/image\/"},"sameAs":["https:\/\/www.facebook.com\/dakarmania\/"]},{"@type":"Person","@id":"https:\/\/www.dakarmania.cz\/#\/schema\/person\/04eb0e87a389631c2169c0dddae7ff1e","name":"Zden\u011bk Zelenka","image":{"@type":"ImageObject","inLanguage":"cs","@id":"https:\/\/www.dakarmania.cz\/#\/schema\/person\/image\/","url":"https:\/\/secure.gravatar.com\/avatar\/2c80d5a4942fe0900b73cc7d3837a509d6ee0a276a2b76dac95c92bd0763a89b?s=96&d=mm&r=g","contentUrl":"https:\/\/secure.gravatar.com\/avatar\/2c80d5a4942fe0900b73cc7d3837a509d6ee0a276a2b76dac95c92bd0763a89b?s=96&d=mm&r=g","caption":"Zden\u011bk Zelenka"},"description":"Moji d\u011bt\u0161t\u00ed hrdinov\u00e9 se jmenovali Loprais, Moskal, Neveu, Vatanen, Rahier... A tihle borci, jejich n\u00e1sledovn\u00edci a jejich p\u0159\u00edb\u011bhy m\u011b nep\u0159estali fascinovat ani po letech, kdy jsem vyrostl a zam\u011bstn\u00e1valy m\u011b jin\u00e9 discipl\u00edny motorsportu. Proto se zrodila DAKARMANIA.","url":"https:\/\/www.dakarmania.cz\/index.php\/author\/dakarmania\/"}]}},"amp_enabled":true,"_links":{"self":[{"href":"https:\/\/www.dakarmania.cz\/index.php\/wp-json\/wp\/v2\/posts\/21106","targetHints":{"allow":["GET"]}}],"collection":[{"href":"https:\/\/www.dakarmania.cz\/index.php\/wp-json\/wp\/v2\/posts"}],"about":[{"href":"https:\/\/www.dakarmania.cz\/index.php\/wp-json\/wp\/v2\/types\/post"}],"author":[{"embeddable":true,"href":"https:\/\/www.dakarmania.cz\/index.php\/wp-json\/wp\/v2\/users\/1"}],"replies":[{"embeddable":true,"href":"https:\/\/www.dakarmania.cz\/index.php\/wp-json\/wp\/v2\/comments?post=21106"}],"version-history":[{"count":4,"href":"https:\/\/www.dakarmania.cz\/index.php\/wp-json\/wp\/v2\/posts\/21106\/revisions"}],"predecessor-version":[{"id":23761,"href":"https:\/\/www.dakarmania.cz\/index.php\/wp-json\/wp\/v2\/posts\/21106\/revisions\/23761"}],"wp:featuredmedia":[{"embeddable":true,"href":"https:\/\/www.dakarmania.cz\/index.php\/wp-json\/wp\/v2\/media\/21105"}],"wp:attachment":[{"href":"https:\/\/www.dakarmania.cz\/index.php\/wp-json\/wp\/v2\/media?parent=21106"}],"wp:term":[{"taxonomy":"category","embeddable":true,"href":"https:\/\/www.dakarmania.cz\/index.php\/wp-json\/wp\/v2\/categories?post=21106"},{"taxonomy":"post_tag","embeddable":true,"href":"https:\/\/www.dakarmania.cz\/index.php\/wp-json\/wp\/v2\/tags?post=21106"}],"curies":[{"name":"wp","href":"https:\/\/api.w.org\/{rel}","templated":true}]}}