{"id":21151,"date":"2021-07-24T16:34:59","date_gmt":"2021-07-24T14:34:59","guid":{"rendered":"https:\/\/www.dakarmania.cz\/?p=21151"},"modified":"2023-03-19T11:25:07","modified_gmt":"2023-03-19T10:25:07","slug":"martin-macik-vyhral-baju-aragon","status":"publish","type":"post","link":"https:\/\/www.dakarmania.cz\/index.php\/2021\/07\/24\/martin-macik-vyhral-baju-aragon\/","title":{"rendered":"Martin Mac\u00edk vyhr\u00e1l Baju Arag\u00f3n"},"content":{"rendered":"<p>[vc_row][vc_column][vc_column_text css_animation=&#8221;fadeIn&#8221;]<\/p>\n<h3>T\u00fdm Big Shock! Racing slav\u00ed dal\u0161\u00ed \u00fasp\u011bch: s p\u0159ehledem zv\u00edt\u011bzil v kategorii kamion\u016f na Baje Arag\u00f3n. Pos\u00e1dka Martin Mac\u00edk, Franti\u0161ek Tom\u00e1\u0161ek, David \u0160vanda s kamionem Iveco vedla od startu do c\u00edle.<\/h3>\n<p>[\/vc_column_text][vc_single_image image=&#8221;21149&#8243; img_size=&#8221;large&#8221; add_caption=&#8221;yes&#8221; alignment=&#8221;center&#8221; onclick=&#8221;link_image&#8221; css_animation=&#8221;fadeIn&#8221;][vc_column_text css_animation=&#8221;fadeIn&#8221;]Ale v\u00fdhra nebyla zadarmo. Fyzick\u00e9 v\u00fdkony p\u0159i v\u00fdm\u011bn\u011b pneumatik, ot\u0159esy ve skal\u00e1ch a obrovsk\u00e1 vedra byla po n\u011bkolika m\u011bs\u00edc\u00edch drsnou zkou\u0161kou fyzick\u00e9 zdatnosti. N\u00e1ro\u010dn\u00e1, rozp\u00e1len\u00e1 a kamenit\u00e1 tra\u0165 podobn\u00e1 ter\u00e9n\u016fm v Sa\u00fadsk\u00e9 Ar\u00e1bii sou\u010dasn\u011b skv\u011ble prov\u011b\u0159ila nov\u00e9 \u00fapravy podvozku Mac\u00edkova speci\u00e1lu p\u0159ed p\u0159\u00ed\u0161t\u00edm Dakarem.<\/p>\n<h4>Karel ud\u00e1val tempo<\/h4>\n<p>Baja Arag\u00f3n pat\u0159\u00ed mezi obl\u00edben\u00e9 z\u00e1vody t\u00fdmu Big Shock! Racing a letos se tu se\u0161la siln\u00e1 konkurence. Na start se krom\u011b Nizozemce van den Heuvela postavili nap\u0159\u00edklad tak\u00e9 z\u00e1vodn\u00edci Teamu De Rooy, \u010desk\u00fd t\u00fdm Fesh Fesh nebo \u0161pi\u010dka dom\u00e1c\u00edch \u0161pan\u011blsk\u00fdch jezdc\u016f. Martin Mac\u00edk p\u0159ijel obh\u00e1jit sv\u00e9 v\u00edt\u011bzstv\u00ed z roku 2019. A znova se da\u0159ilo. Jeho \u017elut\u00fd kamion Karel byl v c\u00edli prvn\u00ed p\u00e1te\u010dn\u00ed rychlostn\u00ed zkou\u0161ky nejrychlej\u0161\u00ed. Hork\u00e1, pra\u0161n\u00e1 a rozbit\u00e1 tra\u0165 prvn\u00ed speci\u00e1lky m\u011b\u0159ila 177 km a \u010desk\u00e1 pos\u00e1dka ji zdolala za dv\u011b hodiny a 45 minut.<\/p>\n<p><em>\u201eBavili jsme se. Prvn\u00edch t\u0159icet kilometr\u016f jsem Karla trochu \u0161et\u0159il. Jak jsme p\u0159edpokl\u00e1dali, tra\u0165 byla kamion\u016fm hodn\u011b t\u011bsn\u00e1, stromy jsme l\u00edzali ze v\u0161ech stran. Sou\u010dasn\u011b bylo horko, v hor\u00e1ch a\u017e kolem 37 stup\u0148\u016f. Auto ale vysokou rychlost i teplotu ust\u00e1lo dob\u0159e. Nejv\u00edc trp\u011bly pneumatiky, kter\u00e9 byly v c\u00edli \u00fapln\u011b rozedran\u00e9, ale vydr\u017eely. Jen jednu gumu n\u00e1m k\u00e1men prorazil na trati. Vym\u011bnili jsme ji asi za \u010dty\u0159i minuty. Pak u\u017e jsme jeli v rally stylu a\u017e do c\u00edle. V\u00fdsledek je super. Jsme prvn\u00ed s p\u0159ibli\u017en\u011b dev\u00edtiminutov\u00fdm n\u00e1skokem,\u201c<\/em> hl\u00e1sil pilot <strong>Martin Mac\u00edk<\/strong> z c\u00edle prvn\u00ed etapy \u0161pan\u011blsk\u00e9ho z\u00e1vodu t\u011bsn\u011b p\u0159ed t\u00edm, ne\u017e p\u0159edal sv\u016fj kamion mechanik\u016fm. Ti se servisem kon\u010dili a\u017e po p\u016flnoci.[\/vc_column_text][vc_single_image image=&#8221;16108&#8243; img_size=&#8221;large&#8221; add_caption=&#8221;yes&#8221; alignment=&#8221;center&#8221; onclick=&#8221;custom_link&#8221; img_link_target=&#8221;_blank&#8221; css_animation=&#8221;fadeIn&#8221; link=&#8221;http:\/\/eshop.dakarmania.cz\/&#8221;][vc_column_text css_animation=&#8221;fadeIn&#8221;]<\/p>\n<h4>Souboj pneumatik pokra\u010duje<\/h4>\n<p>P\u0159ed sobotn\u00edm startem pos\u00e1dka t\u00fdmu Big Shock! Racing zva\u017eovala, zda vsad\u00ed na taktiku a voln\u011bj\u0161\u00ed tempo, kter\u00e9 si mohla d\u00edky n\u00e1skoku z p\u00e1tku dovolit. Nakonec ale zv\u00edt\u011bzila touha z\u00e1vodit a pot\u0159eba prov\u011b\u0159it Karlovy limity. Na z\u00e1vodn\u00edky v sobotu \u010dekaly dv\u011b rychlostn\u00ed zkou\u0161ky dlouh\u00e9 151 km a 212 km.<\/p>\n<p><em>\u201eNa zhruba 35. kilometru jsme ud\u011blali pneumatiku, ta n\u00e1s m\u00edrn\u011b zdr\u017eela, a\u010dkoliv jsme ji m\u011bnili a\u017e na neutralizaci. Ale tra\u0165 op\u011bt nezklamala. Je n\u00e1ro\u010dn\u00e1, technick\u00e1, \u00fazk\u00e1, kamenit\u00e1. Z\u00e1vod je hodn\u011b o pneumatik\u00e1ch. Rozpaluj\u00ed se tu do teplot kolem 120 stup\u0148\u016f a mus\u00ed vydr\u017eet opravdu extr\u00e9mn\u00ed podm\u00ednky. Proj\u00ed\u017ed\u00edme ale kr\u00e1sn\u00fd \u010dlenit\u00fd ter\u00e9n, ka\u0148ony, \u0159e\u010di\u0161t\u011b, tra\u0165 vedla dokonce i pod mostem, kde to bylo hodn\u011b t\u011bsn\u00e9. Karel v\u0161e zvl\u00e1dl v\u00fdborn\u011b,\u201c<\/em> popisoval Mac\u00edk.<\/p>\n<p>Do z\u00e1v\u011bre\u010dn\u00e9 nejdel\u0161\u00ed \u010d\u00e1sti vstupoval Mac\u00edk se s n\u011bkolikaminutov\u00fdm n\u00e1skokem. Bylo z\u0159ejm\u00e9, \u017ee z\u00e1vod m\u016f\u017ee rozhodnout jedna prora\u017een\u00e1 pneumatika. Ale pos\u00e1dce t\u00fdmu Big Shock! Racing se nakonec poda\u0159ilo v\u00edt\u011bzstv\u00ed udr\u017eet.[\/vc_column_text][vc_single_image image=&#8221;21150&#8243; img_size=&#8221;large&#8221; add_caption=&#8221;yes&#8221; alignment=&#8221;center&#8221; onclick=&#8221;link_image&#8221; css_animation=&#8221;fadeIn&#8221;][vc_column_text css_animation=&#8221;fadeIn&#8221;]<em>\u201ePo zm\u011bn\u00e1ch, kter\u00e9 jsme za posledn\u00ed p\u016flrok provedli, jsem s v\u00fdkonem Karla na trati spokojen\u00fd. Napjat\u011b jsme \u010dekali, jak se osv\u011bd\u010d\u00ed nov\u00e9 nastaven\u00ed podvozku a te\u010f u\u017e m\u016f\u017eu zodpov\u011bdn\u011b \u0159\u00edci, \u017ee to byl krok dobr\u00fdm sm\u011brem,\u201c<\/em> \u0159\u00edk\u00e1 \u0161\u00e9f t\u00fdmu <strong>Martin Mac\u00edk star\u0161\u00ed<\/strong>, kter\u00fd stoj\u00ed za v\u00fdvojem t\u00fdmov\u00fdch speci\u00e1l\u016f.<\/p>\n<p><em>\u201eZ\u00e1vod se povedl v\u00fdborn\u011b, vyhr\u00e1li jsme! Skv\u011bl\u00ed byli tak\u00e9 m\u00edstn\u00ed fanou\u0161ci. J\u00e1 jsem pronikl do dal\u0161\u00edch taj\u016f navigace, kter\u00e1 m\u00e1 ve \u0160pan\u011blsku sv\u00e1 z\u00e1ludn\u00e1 specifika,\u201c<\/em> dopl\u0148uje navig\u00e1tor <strong>Franti\u0161ek Tom\u00e1\u0161ek<\/strong>.<\/p>\n<p>Pos\u00e1dce dal drsn\u00fd v\u00edkend zabrat i fyzicky, bolav\u00e1 z\u00e1da z ot\u0159es\u016f na trati, t\u0159e\u0161t\u00edc\u00ed hlava a nevolnosti z \u0161\u00edlen\u00e9ho vedra po dojet\u00ed do c\u00edle potr\u00e1pily v\u0161echny t\u0159i \u010desk\u00e9 z\u00e1vodn\u00edky. Spokojenost s dob\u0159e odvedenou prac\u00ed a trofej pro v\u00edt\u011bze ale p\u0159ekonaly v\u0161echny pro\u017eit\u00e9 t\u011b\u017ekosti.<\/p>\n<p><em>Tiskov\u00e1 zpr\u00e1va t\u00fdmu Big Shock! Racing [editov\u00e1no]<\/em>[\/vc_column_text][vc_empty_space height=&#8221;2px&#8221;][\/vc_column][\/vc_row]<\/p>\n","protected":false},"excerpt":{"rendered":"<p>T\u00fdm Big Shock! Racing slav\u00ed dal\u0161\u00ed \u00fasp\u011bch: s p\u0159ehledem zv\u00edt\u011bzil v kategorii kamion\u016f na Baje Arag\u00f3n. Martin Mac\u00edk vedl od startu do c\u00edle. <\/p>\n","protected":false},"author":3,"featured_media":21149,"comment_status":"closed","ping_status":"closed","sticky":false,"template":"","format":"standard","meta":{"footnotes":""},"categories":[637],"tags":[1630,1338,1885,111,1135,117,164,591,114,115],"class_list":["post-21151","post","type-post","status-publish","format-standard","has-post-thumbnail","hentry","category-tiskove-zpravy","tag-1630","tag-baja-aragon","tag-baja-aragon-2021","tag-big-shock-racing","tag-david-svanda","tag-frantisek-tomasek","tag-iveco","tag-martin-macik","tag-martin-macik-ml","tag-martin-macik-st"],"yoast_head":"<!-- This site is optimized with the Yoast SEO plugin v24.9 - https:\/\/yoast.com\/wordpress\/plugins\/seo\/ -->\n<title>Martin Mac\u00edk vyhr\u00e1l Baju Arag\u00f3n - DAKARMANIA.cz<\/title>\n<meta name=\"description\" content=\"T\u00fdm Big Shock! Racing slav\u00ed dal\u0161\u00ed \u00fasp\u011bch: s p\u0159ehledem zv\u00edt\u011bzil v kategorii kamion\u016f na Baje Arag\u00f3n. Martin Mac\u00edk vedl od startu do c\u00edle.\" \/>\n<meta name=\"robots\" content=\"index, follow, max-snippet:-1, max-image-preview:large, max-video-preview:-1\" \/>\n<link rel=\"canonical\" href=\"https:\/\/www.dakarmania.cz\/index.php\/2021\/07\/24\/martin-macik-vyhral-baju-aragon\/\" \/>\n<meta property=\"og:locale\" content=\"cs_CZ\" \/>\n<meta property=\"og:type\" content=\"article\" \/>\n<meta property=\"og:title\" content=\"Martin Mac\u00edk vyhr\u00e1l Baju Arag\u00f3n - DAKARMANIA.cz\" \/>\n<meta property=\"og:description\" content=\"T\u00fdm Big Shock! Racing slav\u00ed dal\u0161\u00ed \u00fasp\u011bch: s p\u0159ehledem zv\u00edt\u011bzil v kategorii kamion\u016f na Baje Arag\u00f3n. Martin Mac\u00edk vedl od startu do c\u00edle.\" \/>\n<meta property=\"og:url\" content=\"https:\/\/www.dakarmania.cz\/index.php\/2021\/07\/24\/martin-macik-vyhral-baju-aragon\/\" \/>\n<meta property=\"og:site_name\" content=\"DAKARMANIA.cz\" \/>\n<meta property=\"article:publisher\" content=\"https:\/\/www.facebook.com\/dakarmania\/\" \/>\n<meta property=\"article:published_time\" content=\"2021-07-24T14:34:59+00:00\" \/>\n<meta property=\"article:modified_time\" content=\"2023-03-19T10:25:07+00:00\" \/>\n<meta property=\"og:image\" content=\"https:\/\/www.dakarmania.cz\/wp-content\/uploads\/2021\/07\/21-aragon-macik-02.jpg\" \/>\n\t<meta property=\"og:image:width\" content=\"1024\" \/>\n\t<meta property=\"og:image:height\" content=\"683\" \/>\n\t<meta property=\"og:image:type\" content=\"image\/jpeg\" \/>\n<meta name=\"author\" content=\"tiskov\u00e1 zpr\u00e1va\" \/>\n<meta name=\"twitter:card\" content=\"summary_large_image\" \/>\n<meta name=\"twitter:label1\" content=\"Napsal(a)\" \/>\n\t<meta name=\"twitter:data1\" content=\"tiskov\u00e1 zpr\u00e1va\" \/>\n\t<meta name=\"twitter:label2\" content=\"Odhadovan\u00e1 doba \u010dten\u00ed\" \/>\n\t<meta name=\"twitter:data2\" content=\"4 minuty\" \/>\n<script type=\"application\/ld+json\" class=\"yoast-schema-graph\">{\"@context\":\"https:\/\/schema.org\",\"@graph\":[{\"@type\":\"Article\",\"@id\":\"https:\/\/www.dakarmania.cz\/index.php\/2021\/07\/24\/martin-macik-vyhral-baju-aragon\/#article\",\"isPartOf\":{\"@id\":\"https:\/\/www.dakarmania.cz\/index.php\/2021\/07\/24\/martin-macik-vyhral-baju-aragon\/\"},\"author\":{\"name\":\"tiskov\u00e1 zpr\u00e1va\",\"@id\":\"https:\/\/www.dakarmania.cz\/#\/schema\/person\/bce8d1fe3633b1178e150fc5e340d5dd\"},\"headline\":\"Martin Mac\u00edk vyhr\u00e1l Baju Arag\u00f3n\",\"datePublished\":\"2021-07-24T14:34:59+00:00\",\"dateModified\":\"2023-03-19T10:25:07+00:00\",\"mainEntityOfPage\":{\"@id\":\"https:\/\/www.dakarmania.cz\/index.php\/2021\/07\/24\/martin-macik-vyhral-baju-aragon\/\"},\"wordCount\":888,\"publisher\":{\"@id\":\"https:\/\/www.dakarmania.cz\/#organization\"},\"image\":{\"@id\":\"https:\/\/www.dakarmania.cz\/index.php\/2021\/07\/24\/martin-macik-vyhral-baju-aragon\/#primaryimage\"},\"thumbnailUrl\":\"https:\/\/www.dakarmania.cz\/wp-content\/uploads\/2021\/07\/21-aragon-macik-02.jpg\",\"keywords\":[\"2021\",\"Baja Arag\u00f3n\",\"Baja Arag\u00f3n 2021\",\"Big Shock! Racing\",\"David \u0160vanda\",\"Franti\u0161ek Tom\u00e1\u0161ek\",\"Iveco\",\"Martin Mac\u00edk\",\"Martin Mac\u00edk ml.\",\"Martin Mac\u00edk st.\"],\"articleSection\":[\"Tiskov\u00e9 zpr\u00e1vy\"],\"inLanguage\":\"cs\"},{\"@type\":\"WebPage\",\"@id\":\"https:\/\/www.dakarmania.cz\/index.php\/2021\/07\/24\/martin-macik-vyhral-baju-aragon\/\",\"url\":\"https:\/\/www.dakarmania.cz\/index.php\/2021\/07\/24\/martin-macik-vyhral-baju-aragon\/\",\"name\":\"Martin Mac\u00edk vyhr\u00e1l Baju Arag\u00f3n - DAKARMANIA.cz\",\"isPartOf\":{\"@id\":\"https:\/\/www.dakarmania.cz\/#website\"},\"primaryImageOfPage\":{\"@id\":\"https:\/\/www.dakarmania.cz\/index.php\/2021\/07\/24\/martin-macik-vyhral-baju-aragon\/#primaryimage\"},\"image\":{\"@id\":\"https:\/\/www.dakarmania.cz\/index.php\/2021\/07\/24\/martin-macik-vyhral-baju-aragon\/#primaryimage\"},\"thumbnailUrl\":\"https:\/\/www.dakarmania.cz\/wp-content\/uploads\/2021\/07\/21-aragon-macik-02.jpg\",\"datePublished\":\"2021-07-24T14:34:59+00:00\",\"dateModified\":\"2023-03-19T10:25:07+00:00\",\"description\":\"T\u00fdm Big Shock! Racing slav\u00ed dal\u0161\u00ed \u00fasp\u011bch: s p\u0159ehledem zv\u00edt\u011bzil v kategorii kamion\u016f na Baje Arag\u00f3n. Martin Mac\u00edk vedl od startu do c\u00edle.\",\"breadcrumb\":{\"@id\":\"https:\/\/www.dakarmania.cz\/index.php\/2021\/07\/24\/martin-macik-vyhral-baju-aragon\/#breadcrumb\"},\"inLanguage\":\"cs\",\"potentialAction\":[{\"@type\":\"ReadAction\",\"target\":[\"https:\/\/www.dakarmania.cz\/index.php\/2021\/07\/24\/martin-macik-vyhral-baju-aragon\/\"]}]},{\"@type\":\"ImageObject\",\"inLanguage\":\"cs\",\"@id\":\"https:\/\/www.dakarmania.cz\/index.php\/2021\/07\/24\/martin-macik-vyhral-baju-aragon\/#primaryimage\",\"url\":\"https:\/\/www.dakarmania.cz\/wp-content\/uploads\/2021\/07\/21-aragon-macik-02.jpg\",\"contentUrl\":\"https:\/\/www.dakarmania.cz\/wp-content\/uploads\/2021\/07\/21-aragon-macik-02.jpg\",\"width\":1024,\"height\":683,\"caption\":\"Martin Mac\u00edk\/Franti\u0161ek Tom\u00e1\u0161ek\/David \u0160vanda, Iveco Powerstar, Big Shock! Racing. Baja Arag\u00f3n 2021. \u00a9 Big Shock! Racing\"},{\"@type\":\"BreadcrumbList\",\"@id\":\"https:\/\/www.dakarmania.cz\/index.php\/2021\/07\/24\/martin-macik-vyhral-baju-aragon\/#breadcrumb\",\"itemListElement\":[{\"@type\":\"ListItem\",\"position\":1,\"name\":\"Dom\u016f\",\"item\":\"https:\/\/www.dakarmania.cz\/\"},{\"@type\":\"ListItem\",\"position\":2,\"name\":\"Martin Mac\u00edk vyhr\u00e1l Baju Arag\u00f3n\"}]},{\"@type\":\"WebSite\",\"@id\":\"https:\/\/www.dakarmania.cz\/#website\",\"url\":\"https:\/\/www.dakarmania.cz\/\",\"name\":\"DAKARMANIA.cz\",\"description\":\"\u017dijeme Dakarem cel\u00fd rok\",\"publisher\":{\"@id\":\"https:\/\/www.dakarmania.cz\/#organization\"},\"potentialAction\":[{\"@type\":\"SearchAction\",\"target\":{\"@type\":\"EntryPoint\",\"urlTemplate\":\"https:\/\/www.dakarmania.cz\/?s={search_term_string}\"},\"query-input\":{\"@type\":\"PropertyValueSpecification\",\"valueRequired\":true,\"valueName\":\"search_term_string\"}}],\"inLanguage\":\"cs\"},{\"@type\":\"Organization\",\"@id\":\"https:\/\/www.dakarmania.cz\/#organization\",\"name\":\"DAKAR MANIA\",\"url\":\"https:\/\/www.dakarmania.cz\/\",\"logo\":{\"@type\":\"ImageObject\",\"inLanguage\":\"cs\",\"@id\":\"https:\/\/www.dakarmania.cz\/#\/schema\/logo\/image\/\",\"url\":\"https:\/\/www.dakarmania.cz\/wp-content\/uploads\/2018\/12\/Dakar-Mania-Logo-Square-Orange.png\",\"contentUrl\":\"https:\/\/www.dakarmania.cz\/wp-content\/uploads\/2018\/12\/Dakar-Mania-Logo-Square-Orange.png\",\"width\":992,\"height\":992,\"caption\":\"DAKAR MANIA\"},\"image\":{\"@id\":\"https:\/\/www.dakarmania.cz\/#\/schema\/logo\/image\/\"},\"sameAs\":[\"https:\/\/www.facebook.com\/dakarmania\/\"]},{\"@type\":\"Person\",\"@id\":\"https:\/\/www.dakarmania.cz\/#\/schema\/person\/bce8d1fe3633b1178e150fc5e340d5dd\",\"name\":\"tiskov\u00e1 zpr\u00e1va\",\"image\":{\"@type\":\"ImageObject\",\"inLanguage\":\"cs\",\"@id\":\"https:\/\/www.dakarmania.cz\/#\/schema\/person\/image\/\",\"url\":\"https:\/\/secure.gravatar.com\/avatar\/19aefcb6c7bfae691fca4d805686c670f59bb4f7414c7b398b88dc9c8f4e96d5?s=96&d=mm&r=g\",\"contentUrl\":\"https:\/\/secure.gravatar.com\/avatar\/19aefcb6c7bfae691fca4d805686c670f59bb4f7414c7b398b88dc9c8f4e96d5?s=96&d=mm&r=g\",\"caption\":\"tiskov\u00e1 zpr\u00e1va\"},\"url\":\"https:\/\/www.dakarmania.cz\/index.php\/author\/tiskovezpravy\/\"}]}<\/script>\n<!-- \/ Yoast SEO plugin. -->","yoast_head_json":{"title":"Martin Mac\u00edk vyhr\u00e1l Baju Arag\u00f3n - DAKARMANIA.cz","description":"T\u00fdm Big Shock! Racing slav\u00ed dal\u0161\u00ed \u00fasp\u011bch: s p\u0159ehledem zv\u00edt\u011bzil v kategorii kamion\u016f na Baje Arag\u00f3n. Martin Mac\u00edk vedl od startu do c\u00edle.","robots":{"index":"index","follow":"follow","max-snippet":"max-snippet:-1","max-image-preview":"max-image-preview:large","max-video-preview":"max-video-preview:-1"},"canonical":"https:\/\/www.dakarmania.cz\/index.php\/2021\/07\/24\/martin-macik-vyhral-baju-aragon\/","og_locale":"cs_CZ","og_type":"article","og_title":"Martin Mac\u00edk vyhr\u00e1l Baju Arag\u00f3n - DAKARMANIA.cz","og_description":"T\u00fdm Big Shock! Racing slav\u00ed dal\u0161\u00ed \u00fasp\u011bch: s p\u0159ehledem zv\u00edt\u011bzil v kategorii kamion\u016f na Baje Arag\u00f3n. Martin Mac\u00edk vedl od startu do c\u00edle.","og_url":"https:\/\/www.dakarmania.cz\/index.php\/2021\/07\/24\/martin-macik-vyhral-baju-aragon\/","og_site_name":"DAKARMANIA.cz","article_publisher":"https:\/\/www.facebook.com\/dakarmania\/","article_published_time":"2021-07-24T14:34:59+00:00","article_modified_time":"2023-03-19T10:25:07+00:00","og_image":[{"width":1024,"height":683,"url":"https:\/\/www.dakarmania.cz\/wp-content\/uploads\/2021\/07\/21-aragon-macik-02.jpg","type":"image\/jpeg"}],"author":"tiskov\u00e1 zpr\u00e1va","twitter_card":"summary_large_image","twitter_misc":{"Napsal(a)":"tiskov\u00e1 zpr\u00e1va","Odhadovan\u00e1 doba \u010dten\u00ed":"4 minuty"},"schema":{"@context":"https:\/\/schema.org","@graph":[{"@type":"Article","@id":"https:\/\/www.dakarmania.cz\/index.php\/2021\/07\/24\/martin-macik-vyhral-baju-aragon\/#article","isPartOf":{"@id":"https:\/\/www.dakarmania.cz\/index.php\/2021\/07\/24\/martin-macik-vyhral-baju-aragon\/"},"author":{"name":"tiskov\u00e1 zpr\u00e1va","@id":"https:\/\/www.dakarmania.cz\/#\/schema\/person\/bce8d1fe3633b1178e150fc5e340d5dd"},"headline":"Martin Mac\u00edk vyhr\u00e1l Baju Arag\u00f3n","datePublished":"2021-07-24T14:34:59+00:00","dateModified":"2023-03-19T10:25:07+00:00","mainEntityOfPage":{"@id":"https:\/\/www.dakarmania.cz\/index.php\/2021\/07\/24\/martin-macik-vyhral-baju-aragon\/"},"wordCount":888,"publisher":{"@id":"https:\/\/www.dakarmania.cz\/#organization"},"image":{"@id":"https:\/\/www.dakarmania.cz\/index.php\/2021\/07\/24\/martin-macik-vyhral-baju-aragon\/#primaryimage"},"thumbnailUrl":"https:\/\/www.dakarmania.cz\/wp-content\/uploads\/2021\/07\/21-aragon-macik-02.jpg","keywords":["2021","Baja Arag\u00f3n","Baja Arag\u00f3n 2021","Big Shock! Racing","David \u0160vanda","Franti\u0161ek Tom\u00e1\u0161ek","Iveco","Martin Mac\u00edk","Martin Mac\u00edk ml.","Martin Mac\u00edk st."],"articleSection":["Tiskov\u00e9 zpr\u00e1vy"],"inLanguage":"cs"},{"@type":"WebPage","@id":"https:\/\/www.dakarmania.cz\/index.php\/2021\/07\/24\/martin-macik-vyhral-baju-aragon\/","url":"https:\/\/www.dakarmania.cz\/index.php\/2021\/07\/24\/martin-macik-vyhral-baju-aragon\/","name":"Martin Mac\u00edk vyhr\u00e1l Baju Arag\u00f3n - DAKARMANIA.cz","isPartOf":{"@id":"https:\/\/www.dakarmania.cz\/#website"},"primaryImageOfPage":{"@id":"https:\/\/www.dakarmania.cz\/index.php\/2021\/07\/24\/martin-macik-vyhral-baju-aragon\/#primaryimage"},"image":{"@id":"https:\/\/www.dakarmania.cz\/index.php\/2021\/07\/24\/martin-macik-vyhral-baju-aragon\/#primaryimage"},"thumbnailUrl":"https:\/\/www.dakarmania.cz\/wp-content\/uploads\/2021\/07\/21-aragon-macik-02.jpg","datePublished":"2021-07-24T14:34:59+00:00","dateModified":"2023-03-19T10:25:07+00:00","description":"T\u00fdm Big Shock! Racing slav\u00ed dal\u0161\u00ed \u00fasp\u011bch: s p\u0159ehledem zv\u00edt\u011bzil v kategorii kamion\u016f na Baje Arag\u00f3n. Martin Mac\u00edk vedl od startu do c\u00edle.","breadcrumb":{"@id":"https:\/\/www.dakarmania.cz\/index.php\/2021\/07\/24\/martin-macik-vyhral-baju-aragon\/#breadcrumb"},"inLanguage":"cs","potentialAction":[{"@type":"ReadAction","target":["https:\/\/www.dakarmania.cz\/index.php\/2021\/07\/24\/martin-macik-vyhral-baju-aragon\/"]}]},{"@type":"ImageObject","inLanguage":"cs","@id":"https:\/\/www.dakarmania.cz\/index.php\/2021\/07\/24\/martin-macik-vyhral-baju-aragon\/#primaryimage","url":"https:\/\/www.dakarmania.cz\/wp-content\/uploads\/2021\/07\/21-aragon-macik-02.jpg","contentUrl":"https:\/\/www.dakarmania.cz\/wp-content\/uploads\/2021\/07\/21-aragon-macik-02.jpg","width":1024,"height":683,"caption":"Martin Mac\u00edk\/Franti\u0161ek Tom\u00e1\u0161ek\/David \u0160vanda, Iveco Powerstar, Big Shock! Racing. Baja Arag\u00f3n 2021. \u00a9 Big Shock! Racing"},{"@type":"BreadcrumbList","@id":"https:\/\/www.dakarmania.cz\/index.php\/2021\/07\/24\/martin-macik-vyhral-baju-aragon\/#breadcrumb","itemListElement":[{"@type":"ListItem","position":1,"name":"Dom\u016f","item":"https:\/\/www.dakarmania.cz\/"},{"@type":"ListItem","position":2,"name":"Martin Mac\u00edk vyhr\u00e1l Baju Arag\u00f3n"}]},{"@type":"WebSite","@id":"https:\/\/www.dakarmania.cz\/#website","url":"https:\/\/www.dakarmania.cz\/","name":"DAKARMANIA.cz","description":"\u017dijeme Dakarem cel\u00fd rok","publisher":{"@id":"https:\/\/www.dakarmania.cz\/#organization"},"potentialAction":[{"@type":"SearchAction","target":{"@type":"EntryPoint","urlTemplate":"https:\/\/www.dakarmania.cz\/?s={search_term_string}"},"query-input":{"@type":"PropertyValueSpecification","valueRequired":true,"valueName":"search_term_string"}}],"inLanguage":"cs"},{"@type":"Organization","@id":"https:\/\/www.dakarmania.cz\/#organization","name":"DAKAR MANIA","url":"https:\/\/www.dakarmania.cz\/","logo":{"@type":"ImageObject","inLanguage":"cs","@id":"https:\/\/www.dakarmania.cz\/#\/schema\/logo\/image\/","url":"https:\/\/www.dakarmania.cz\/wp-content\/uploads\/2018\/12\/Dakar-Mania-Logo-Square-Orange.png","contentUrl":"https:\/\/www.dakarmania.cz\/wp-content\/uploads\/2018\/12\/Dakar-Mania-Logo-Square-Orange.png","width":992,"height":992,"caption":"DAKAR MANIA"},"image":{"@id":"https:\/\/www.dakarmania.cz\/#\/schema\/logo\/image\/"},"sameAs":["https:\/\/www.facebook.com\/dakarmania\/"]},{"@type":"Person","@id":"https:\/\/www.dakarmania.cz\/#\/schema\/person\/bce8d1fe3633b1178e150fc5e340d5dd","name":"tiskov\u00e1 zpr\u00e1va","image":{"@type":"ImageObject","inLanguage":"cs","@id":"https:\/\/www.dakarmania.cz\/#\/schema\/person\/image\/","url":"https:\/\/secure.gravatar.com\/avatar\/19aefcb6c7bfae691fca4d805686c670f59bb4f7414c7b398b88dc9c8f4e96d5?s=96&d=mm&r=g","contentUrl":"https:\/\/secure.gravatar.com\/avatar\/19aefcb6c7bfae691fca4d805686c670f59bb4f7414c7b398b88dc9c8f4e96d5?s=96&d=mm&r=g","caption":"tiskov\u00e1 zpr\u00e1va"},"url":"https:\/\/www.dakarmania.cz\/index.php\/author\/tiskovezpravy\/"}]}},"amp_enabled":true,"_links":{"self":[{"href":"https:\/\/www.dakarmania.cz\/index.php\/wp-json\/wp\/v2\/posts\/21151","targetHints":{"allow":["GET"]}}],"collection":[{"href":"https:\/\/www.dakarmania.cz\/index.php\/wp-json\/wp\/v2\/posts"}],"about":[{"href":"https:\/\/www.dakarmania.cz\/index.php\/wp-json\/wp\/v2\/types\/post"}],"author":[{"embeddable":true,"href":"https:\/\/www.dakarmania.cz\/index.php\/wp-json\/wp\/v2\/users\/3"}],"replies":[{"embeddable":true,"href":"https:\/\/www.dakarmania.cz\/index.php\/wp-json\/wp\/v2\/comments?post=21151"}],"version-history":[{"count":3,"href":"https:\/\/www.dakarmania.cz\/index.php\/wp-json\/wp\/v2\/posts\/21151\/revisions"}],"predecessor-version":[{"id":23762,"href":"https:\/\/www.dakarmania.cz\/index.php\/wp-json\/wp\/v2\/posts\/21151\/revisions\/23762"}],"wp:featuredmedia":[{"embeddable":true,"href":"https:\/\/www.dakarmania.cz\/index.php\/wp-json\/wp\/v2\/media\/21149"}],"wp:attachment":[{"href":"https:\/\/www.dakarmania.cz\/index.php\/wp-json\/wp\/v2\/media?parent=21151"}],"wp:term":[{"taxonomy":"category","embeddable":true,"href":"https:\/\/www.dakarmania.cz\/index.php\/wp-json\/wp\/v2\/categories?post=21151"},{"taxonomy":"post_tag","embeddable":true,"href":"https:\/\/www.dakarmania.cz\/index.php\/wp-json\/wp\/v2\/tags?post=21151"}],"curies":[{"name":"wp","href":"https:\/\/api.w.org\/{rel}","templated":true}]}}