{"id":2140,"date":"2019-01-14T08:46:06","date_gmt":"2019-01-14T08:46:06","guid":{"rendered":"https:\/\/www.dakarmania.cz\/?p=2140"},"modified":"2019-03-19T13:55:07","modified_gmt":"2019-03-19T12:55:07","slug":"dakar-2019-milan-engel-zatim-nejlepsim-ceskym-motocyklistou","status":"publish","type":"post","link":"https:\/\/www.dakarmania.cz\/index.php\/2019\/01\/14\/dakar-2019-milan-engel-zatim-nejlepsim-ceskym-motocyklistou\/","title":{"rendered":"Dakar 2019: Milan Engel zat\u00edm nejlep\u0161\u00edm \u010desk\u00fdm motocyklistou"},"content":{"rendered":"<p>[vc_row][vc_column][vc_column_text]<\/p>\n<h4>\u0160est\u00e1 etapa Rally Dakar 2019 d\u016fkladn\u011b zam\u00edchala po\u0159ad\u00edm ve v\u0161ech kategori\u00edch. Zat\u00edmco n\u011bkte\u0159\u00ed utrp\u011bli fat\u00e1ln\u00ed ztr\u00e1ty, jin\u00ed si logicky v\u00fdrazn\u011b polep\u0161ili. K t\u00e9 \u0161\u0165astn\u011bj\u0161\u00ed \u010d\u00e1sti startovn\u00edho pole pat\u0159il Milan Engel s KTM t\u00fdmu Moto Racing Group.<\/h4>\n<p>Ned\u011bln\u00ed etapu zah\u00e1jili z\u00e1vodn\u00edci u\u017e brzy r\u00e1no dlouh\u00fdm p\u0159ejezdem na start m\u011b\u0159en\u00e9ho \u00faseku. \u00da\u010dastn\u00edci kategorie motocykl\u016f a \u010dty\u0159kolek nocovali spole\u010dn\u011b v bivaku 250 kilometr\u016f od startu, zat\u00edmco automobily, kamiony a SxS vyr\u00e1\u017eely z bivaku na jihu Peru ve m\u011bst\u011b Arequipa, co\u017e bylo sedm hodin j\u00edzdy. N\u00e1sledn\u011b je \u010dekala rychlostn\u00ed zkou\u0161ka dlouh\u00e1 336 km (motocykly, \u010dty\u0159kolky), respektive 309 km (auta, SxS a kamiony), co\u017e byl po brzk\u00e9m vst\u00e1v\u00e1n\u00ed tvrd\u00fd o\u0159\u00ed\u0161ek pro v\u0161echny.<\/p>\n<p>Milan Engel se po bud\u00ed\u010dku v p\u016fl p\u00e1t\u00e9 r\u00e1no vydal do prvn\u00ed \u010d\u00e1sti m\u011b\u0159en\u00e9ho \u00faseku jako 27. v po\u0159ad\u00ed. Hned po startu ale vyjel na dunu, kter\u00e1 se zlomila jinak, ne\u017e na prvn\u00ed pohled jezdci p\u0159edpokl\u00e1dali, a upadl. Na stejn\u00e9m m\u00edst\u011b spadl nap\u0159\u00edklad tak\u00e9 slovensk\u00fd z\u00e1vodn\u00edk Ivan Jake\u0161. Na\u0161t\u011bst\u00ed ne\u0161lo o nic v\u00e1\u017en\u00e9ho a Engel mohl pokra\u010dovat.<\/p>\n<p>V prvn\u00ed \u010d\u00e1sti etapy m\u011bli dle navigace jezdci absolvovat jednu \u010d\u00e1st trati hned dvakr\u00e1t a vzhledem k tomu, \u017ee live timing ukazoval velice zmaten\u00e9 pr\u016fb\u011b\u017en\u00e9 po\u0159ad\u00ed, bylo jasn\u00e9, \u017ee mnoho jezdc\u016f ud\u011blalo chybu a budou se rozd\u00e1vat penalizace.<\/p>\n<p>Na konci prvn\u00ed m\u011b\u0159en\u00e9 \u010d\u00e1sti Engel informoval sv\u016fj t\u00fdm, \u017ee pravd\u011bpodobn\u011b nem\u00e1 jeden z waipoint\u016f, co\u017e se na\u0161t\u011bst\u00ed nakonec nepotvrdilo. Jezdec t\u00fdmu Moto Racing Group se celou dobu pohyboval kolem dvac\u00e1t\u00e9ho m\u00edsta a do posledn\u00edho \u00faseku vj\u00ed\u017ed\u011bl s odhodl\u00e1n\u00edm svoji pozici vylep\u0161it.<\/p>\n<p><em>\u201eJelo se mi dob\u0159e, motorka fungovala a nikde jsem moc nebloudil. Kdyby se cokoli d\u011blo s motorkou, tak jsme v t\u00e9to etap\u011b m\u011bli n\u011bkolik asisten\u010dn\u00edch z\u00f3n, kde byl m\u016fj t\u00fdm v\u017edy p\u0159ipraven probl\u00e9m vy\u0159e\u0161it. V etap\u011b jsem chv\u00edli jel i se dv\u011bma tov\u00e1rn\u00edmi jezdci Hondy, co\u017e mi tak\u00e9 pomohlo. V c\u00edli z toho je nakonec super m\u00edsto a uvid\u00edm, jak dopadnou penalizace,\u201c<\/em> popisoval <strong>Milan Engel<\/strong>.<\/p>\n<p>V\u0161e dopadlo dob\u0159e a Engel dokon\u010dil etapu na 16. m\u00edst\u011b, co\u017e je zat\u00edm nejlep\u0161\u00ed um\u00edst\u011bn\u00ed \u010desk\u00e9ho z\u00e1vodn\u00edka v kategorii motocykl\u016f v leto\u0161n\u00edm ro\u010dn\u00edku dakarsk\u00e9 rally. Pr\u016fb\u011b\u017en\u011b se posunul na 20. m\u00edsto.<\/p>\n<p>Tiskov\u00e1 zpr\u00e1va t\u00fdmu Moto Racing Group (editov\u00e1no)[\/vc_column_text][\/vc_column][\/vc_row]<\/p>\n","protected":false},"excerpt":{"rendered":"<p>[vc_row][vc_column][vc_column_text] \u0160est\u00e1 etapa Rally Dakar 2019 d\u016fkladn\u011b zam\u00edchala po\u0159ad\u00edm ve v\u0161ech kategori\u00edch. Zat\u00edmco n\u011bkte\u0159\u00ed utrp\u011bli fat\u00e1ln\u00ed ztr\u00e1ty, jin\u00ed si logicky v\u00fdrazn\u011b polep\u0161ili. K t\u00e9 \u0161\u0165astn\u011bj\u0161\u00ed \u010d\u00e1sti startovn\u00edho pole pat\u0159il Milan Engel s KTM t\u00fdmu Moto Racing Group. Ned\u011bln\u00ed etapu zah\u00e1jili z\u00e1vodn\u00edci u\u017e brzy r\u00e1no dlouh\u00fdm p\u0159ejezdem na start m\u011b\u0159en\u00e9ho \u00faseku. \u00da\u010dastn\u00edci kategorie motocykl\u016f a \u010dty\u0159kolek [&hellip;]<\/p>\n","protected":false},"author":3,"featured_media":2139,"comment_status":"open","ping_status":"closed","sticky":false,"template":"","format":"standard","meta":{"footnotes":""},"categories":[637],"tags":[8,9,63,107,74,75],"class_list":["post-2140","post","type-post","status-publish","format-standard","has-post-thumbnail","hentry","category-tiskove-zpravy","tag-dakar","tag-dakar-2019","tag-ktm","tag-milan-engel","tag-moto-racing-group","tag-mrg"],"yoast_head":"<!-- This site is optimized with the Yoast SEO plugin v24.9 - https:\/\/yoast.com\/wordpress\/plugins\/seo\/ -->\n<title>Dakar 2019: Milan Engel zat\u00edm nejlep\u0161\u00edm \u010desk\u00fdm motocyklistou - DAKARMANIA.cz<\/title>\n<meta name=\"description\" content=\"\u0160est\u00e1 etapa Rally Dakar 2019 d\u016fkladn\u011b zam\u00edchala po\u0159ad\u00edm. Zat\u00edmco n\u011bkte\u0159\u00ed utrp\u011bli ztr\u00e1ty, jin\u00ed si logicky polep\u0161ili. K t\u011bm \u0161\u0165astn\u011bj\u0161\u00edm pat\u0159il Milan Engel\" \/>\n<meta name=\"robots\" content=\"index, follow, max-snippet:-1, max-image-preview:large, max-video-preview:-1\" \/>\n<link rel=\"canonical\" href=\"https:\/\/www.dakarmania.cz\/index.php\/2019\/01\/14\/dakar-2019-milan-engel-zatim-nejlepsim-ceskym-motocyklistou\/\" \/>\n<meta property=\"og:locale\" content=\"cs_CZ\" \/>\n<meta property=\"og:type\" content=\"article\" \/>\n<meta property=\"og:title\" content=\"Dakar 2019: Milan Engel zat\u00edm nejlep\u0161\u00edm \u010desk\u00fdm motocyklistou - DAKARMANIA.cz\" \/>\n<meta property=\"og:description\" content=\"\u0160est\u00e1 etapa Rally Dakar 2019 d\u016fkladn\u011b zam\u00edchala po\u0159ad\u00edm. Zat\u00edmco n\u011bkte\u0159\u00ed utrp\u011bli ztr\u00e1ty, jin\u00ed si logicky polep\u0161ili. K t\u011bm \u0161\u0165astn\u011bj\u0161\u00edm pat\u0159il Milan Engel\" \/>\n<meta property=\"og:url\" content=\"https:\/\/www.dakarmania.cz\/index.php\/2019\/01\/14\/dakar-2019-milan-engel-zatim-nejlepsim-ceskym-motocyklistou\/\" \/>\n<meta property=\"og:site_name\" content=\"DAKARMANIA.cz\" \/>\n<meta property=\"article:publisher\" content=\"https:\/\/www.facebook.com\/dakarmania\/\" \/>\n<meta property=\"article:published_time\" content=\"2019-01-14T08:46:06+00:00\" \/>\n<meta property=\"article:modified_time\" content=\"2019-03-19T12:55:07+00:00\" \/>\n<meta property=\"og:image\" content=\"https:\/\/www.dakarmania.cz\/wp-content\/uploads\/2019\/01\/19-dakar-engel01.jpg\" \/>\n\t<meta property=\"og:image:width\" content=\"1200\" \/>\n\t<meta property=\"og:image:height\" content=\"800\" \/>\n\t<meta property=\"og:image:type\" content=\"image\/jpeg\" \/>\n<meta name=\"author\" content=\"tiskov\u00e1 zpr\u00e1va\" \/>\n<meta name=\"twitter:card\" content=\"summary_large_image\" \/>\n<meta name=\"twitter:label1\" content=\"Napsal(a)\" \/>\n\t<meta name=\"twitter:data1\" content=\"tiskov\u00e1 zpr\u00e1va\" \/>\n\t<meta name=\"twitter:label2\" content=\"Odhadovan\u00e1 doba \u010dten\u00ed\" \/>\n\t<meta name=\"twitter:data2\" content=\"2 minuty\" \/>\n<script type=\"application\/ld+json\" class=\"yoast-schema-graph\">{\"@context\":\"https:\/\/schema.org\",\"@graph\":[{\"@type\":\"Article\",\"@id\":\"https:\/\/www.dakarmania.cz\/index.php\/2019\/01\/14\/dakar-2019-milan-engel-zatim-nejlepsim-ceskym-motocyklistou\/#article\",\"isPartOf\":{\"@id\":\"https:\/\/www.dakarmania.cz\/index.php\/2019\/01\/14\/dakar-2019-milan-engel-zatim-nejlepsim-ceskym-motocyklistou\/\"},\"author\":{\"name\":\"tiskov\u00e1 zpr\u00e1va\",\"@id\":\"https:\/\/www.dakarmania.cz\/#\/schema\/person\/bce8d1fe3633b1178e150fc5e340d5dd\"},\"headline\":\"Dakar 2019: Milan Engel zat\u00edm nejlep\u0161\u00edm \u010desk\u00fdm motocyklistou\",\"datePublished\":\"2019-01-14T08:46:06+00:00\",\"dateModified\":\"2019-03-19T12:55:07+00:00\",\"mainEntityOfPage\":{\"@id\":\"https:\/\/www.dakarmania.cz\/index.php\/2019\/01\/14\/dakar-2019-milan-engel-zatim-nejlepsim-ceskym-motocyklistou\/\"},\"wordCount\":490,\"commentCount\":0,\"publisher\":{\"@id\":\"https:\/\/www.dakarmania.cz\/#organization\"},\"image\":{\"@id\":\"https:\/\/www.dakarmania.cz\/index.php\/2019\/01\/14\/dakar-2019-milan-engel-zatim-nejlepsim-ceskym-motocyklistou\/#primaryimage\"},\"thumbnailUrl\":\"https:\/\/www.dakarmania.cz\/wp-content\/uploads\/2019\/01\/19-dakar-engel01.jpg\",\"keywords\":[\"Dakar\",\"Dakar 2019\",\"KTM\",\"Milan Engel\",\"Moto Racing Group\",\"MRG\"],\"articleSection\":[\"Tiskov\u00e9 zpr\u00e1vy\"],\"inLanguage\":\"cs\",\"potentialAction\":[{\"@type\":\"CommentAction\",\"name\":\"Comment\",\"target\":[\"https:\/\/www.dakarmania.cz\/index.php\/2019\/01\/14\/dakar-2019-milan-engel-zatim-nejlepsim-ceskym-motocyklistou\/#respond\"]}]},{\"@type\":\"WebPage\",\"@id\":\"https:\/\/www.dakarmania.cz\/index.php\/2019\/01\/14\/dakar-2019-milan-engel-zatim-nejlepsim-ceskym-motocyklistou\/\",\"url\":\"https:\/\/www.dakarmania.cz\/index.php\/2019\/01\/14\/dakar-2019-milan-engel-zatim-nejlepsim-ceskym-motocyklistou\/\",\"name\":\"Dakar 2019: Milan Engel zat\u00edm nejlep\u0161\u00edm \u010desk\u00fdm motocyklistou - DAKARMANIA.cz\",\"isPartOf\":{\"@id\":\"https:\/\/www.dakarmania.cz\/#website\"},\"primaryImageOfPage\":{\"@id\":\"https:\/\/www.dakarmania.cz\/index.php\/2019\/01\/14\/dakar-2019-milan-engel-zatim-nejlepsim-ceskym-motocyklistou\/#primaryimage\"},\"image\":{\"@id\":\"https:\/\/www.dakarmania.cz\/index.php\/2019\/01\/14\/dakar-2019-milan-engel-zatim-nejlepsim-ceskym-motocyklistou\/#primaryimage\"},\"thumbnailUrl\":\"https:\/\/www.dakarmania.cz\/wp-content\/uploads\/2019\/01\/19-dakar-engel01.jpg\",\"datePublished\":\"2019-01-14T08:46:06+00:00\",\"dateModified\":\"2019-03-19T12:55:07+00:00\",\"description\":\"\u0160est\u00e1 etapa Rally Dakar 2019 d\u016fkladn\u011b zam\u00edchala po\u0159ad\u00edm. Zat\u00edmco n\u011bkte\u0159\u00ed utrp\u011bli ztr\u00e1ty, jin\u00ed si logicky polep\u0161ili. K t\u011bm \u0161\u0165astn\u011bj\u0161\u00edm pat\u0159il Milan Engel\",\"breadcrumb\":{\"@id\":\"https:\/\/www.dakarmania.cz\/index.php\/2019\/01\/14\/dakar-2019-milan-engel-zatim-nejlepsim-ceskym-motocyklistou\/#breadcrumb\"},\"inLanguage\":\"cs\",\"potentialAction\":[{\"@type\":\"ReadAction\",\"target\":[\"https:\/\/www.dakarmania.cz\/index.php\/2019\/01\/14\/dakar-2019-milan-engel-zatim-nejlepsim-ceskym-motocyklistou\/\"]}]},{\"@type\":\"ImageObject\",\"inLanguage\":\"cs\",\"@id\":\"https:\/\/www.dakarmania.cz\/index.php\/2019\/01\/14\/dakar-2019-milan-engel-zatim-nejlepsim-ceskym-motocyklistou\/#primaryimage\",\"url\":\"https:\/\/www.dakarmania.cz\/wp-content\/uploads\/2019\/01\/19-dakar-engel01.jpg\",\"contentUrl\":\"https:\/\/www.dakarmania.cz\/wp-content\/uploads\/2019\/01\/19-dakar-engel01.jpg\",\"width\":1200,\"height\":800,\"caption\":\"Milan Engel, KTM 450 Rally Replica, Moto Racing Group. Rally Dakar 2019. \u00a9 MRG\"},{\"@type\":\"BreadcrumbList\",\"@id\":\"https:\/\/www.dakarmania.cz\/index.php\/2019\/01\/14\/dakar-2019-milan-engel-zatim-nejlepsim-ceskym-motocyklistou\/#breadcrumb\",\"itemListElement\":[{\"@type\":\"ListItem\",\"position\":1,\"name\":\"Dom\u016f\",\"item\":\"https:\/\/www.dakarmania.cz\/\"},{\"@type\":\"ListItem\",\"position\":2,\"name\":\"Dakar 2019: Milan Engel zat\u00edm nejlep\u0161\u00edm \u010desk\u00fdm motocyklistou\"}]},{\"@type\":\"WebSite\",\"@id\":\"https:\/\/www.dakarmania.cz\/#website\",\"url\":\"https:\/\/www.dakarmania.cz\/\",\"name\":\"DAKARMANIA.cz\",\"description\":\"\u017dijeme Dakarem cel\u00fd rok\",\"publisher\":{\"@id\":\"https:\/\/www.dakarmania.cz\/#organization\"},\"potentialAction\":[{\"@type\":\"SearchAction\",\"target\":{\"@type\":\"EntryPoint\",\"urlTemplate\":\"https:\/\/www.dakarmania.cz\/?s={search_term_string}\"},\"query-input\":{\"@type\":\"PropertyValueSpecification\",\"valueRequired\":true,\"valueName\":\"search_term_string\"}}],\"inLanguage\":\"cs\"},{\"@type\":\"Organization\",\"@id\":\"https:\/\/www.dakarmania.cz\/#organization\",\"name\":\"DAKAR MANIA\",\"url\":\"https:\/\/www.dakarmania.cz\/\",\"logo\":{\"@type\":\"ImageObject\",\"inLanguage\":\"cs\",\"@id\":\"https:\/\/www.dakarmania.cz\/#\/schema\/logo\/image\/\",\"url\":\"https:\/\/www.dakarmania.cz\/wp-content\/uploads\/2018\/12\/Dakar-Mania-Logo-Square-Orange.png\",\"contentUrl\":\"https:\/\/www.dakarmania.cz\/wp-content\/uploads\/2018\/12\/Dakar-Mania-Logo-Square-Orange.png\",\"width\":992,\"height\":992,\"caption\":\"DAKAR MANIA\"},\"image\":{\"@id\":\"https:\/\/www.dakarmania.cz\/#\/schema\/logo\/image\/\"},\"sameAs\":[\"https:\/\/www.facebook.com\/dakarmania\/\"]},{\"@type\":\"Person\",\"@id\":\"https:\/\/www.dakarmania.cz\/#\/schema\/person\/bce8d1fe3633b1178e150fc5e340d5dd\",\"name\":\"tiskov\u00e1 zpr\u00e1va\",\"image\":{\"@type\":\"ImageObject\",\"inLanguage\":\"cs\",\"@id\":\"https:\/\/www.dakarmania.cz\/#\/schema\/person\/image\/\",\"url\":\"https:\/\/secure.gravatar.com\/avatar\/19aefcb6c7bfae691fca4d805686c670f59bb4f7414c7b398b88dc9c8f4e96d5?s=96&d=mm&r=g\",\"contentUrl\":\"https:\/\/secure.gravatar.com\/avatar\/19aefcb6c7bfae691fca4d805686c670f59bb4f7414c7b398b88dc9c8f4e96d5?s=96&d=mm&r=g\",\"caption\":\"tiskov\u00e1 zpr\u00e1va\"},\"url\":\"https:\/\/www.dakarmania.cz\/index.php\/author\/tiskovezpravy\/\"}]}<\/script>\n<!-- \/ Yoast SEO plugin. -->","yoast_head_json":{"title":"Dakar 2019: Milan Engel zat\u00edm nejlep\u0161\u00edm \u010desk\u00fdm motocyklistou - DAKARMANIA.cz","description":"\u0160est\u00e1 etapa Rally Dakar 2019 d\u016fkladn\u011b zam\u00edchala po\u0159ad\u00edm. Zat\u00edmco n\u011bkte\u0159\u00ed utrp\u011bli ztr\u00e1ty, jin\u00ed si logicky polep\u0161ili. K t\u011bm \u0161\u0165astn\u011bj\u0161\u00edm pat\u0159il Milan Engel","robots":{"index":"index","follow":"follow","max-snippet":"max-snippet:-1","max-image-preview":"max-image-preview:large","max-video-preview":"max-video-preview:-1"},"canonical":"https:\/\/www.dakarmania.cz\/index.php\/2019\/01\/14\/dakar-2019-milan-engel-zatim-nejlepsim-ceskym-motocyklistou\/","og_locale":"cs_CZ","og_type":"article","og_title":"Dakar 2019: Milan Engel zat\u00edm nejlep\u0161\u00edm \u010desk\u00fdm motocyklistou - DAKARMANIA.cz","og_description":"\u0160est\u00e1 etapa Rally Dakar 2019 d\u016fkladn\u011b zam\u00edchala po\u0159ad\u00edm. Zat\u00edmco n\u011bkte\u0159\u00ed utrp\u011bli ztr\u00e1ty, jin\u00ed si logicky polep\u0161ili. K t\u011bm \u0161\u0165astn\u011bj\u0161\u00edm pat\u0159il Milan Engel","og_url":"https:\/\/www.dakarmania.cz\/index.php\/2019\/01\/14\/dakar-2019-milan-engel-zatim-nejlepsim-ceskym-motocyklistou\/","og_site_name":"DAKARMANIA.cz","article_publisher":"https:\/\/www.facebook.com\/dakarmania\/","article_published_time":"2019-01-14T08:46:06+00:00","article_modified_time":"2019-03-19T12:55:07+00:00","og_image":[{"width":1200,"height":800,"url":"https:\/\/www.dakarmania.cz\/wp-content\/uploads\/2019\/01\/19-dakar-engel01.jpg","type":"image\/jpeg"}],"author":"tiskov\u00e1 zpr\u00e1va","twitter_card":"summary_large_image","twitter_misc":{"Napsal(a)":"tiskov\u00e1 zpr\u00e1va","Odhadovan\u00e1 doba \u010dten\u00ed":"2 minuty"},"schema":{"@context":"https:\/\/schema.org","@graph":[{"@type":"Article","@id":"https:\/\/www.dakarmania.cz\/index.php\/2019\/01\/14\/dakar-2019-milan-engel-zatim-nejlepsim-ceskym-motocyklistou\/#article","isPartOf":{"@id":"https:\/\/www.dakarmania.cz\/index.php\/2019\/01\/14\/dakar-2019-milan-engel-zatim-nejlepsim-ceskym-motocyklistou\/"},"author":{"name":"tiskov\u00e1 zpr\u00e1va","@id":"https:\/\/www.dakarmania.cz\/#\/schema\/person\/bce8d1fe3633b1178e150fc5e340d5dd"},"headline":"Dakar 2019: Milan Engel zat\u00edm nejlep\u0161\u00edm \u010desk\u00fdm motocyklistou","datePublished":"2019-01-14T08:46:06+00:00","dateModified":"2019-03-19T12:55:07+00:00","mainEntityOfPage":{"@id":"https:\/\/www.dakarmania.cz\/index.php\/2019\/01\/14\/dakar-2019-milan-engel-zatim-nejlepsim-ceskym-motocyklistou\/"},"wordCount":490,"commentCount":0,"publisher":{"@id":"https:\/\/www.dakarmania.cz\/#organization"},"image":{"@id":"https:\/\/www.dakarmania.cz\/index.php\/2019\/01\/14\/dakar-2019-milan-engel-zatim-nejlepsim-ceskym-motocyklistou\/#primaryimage"},"thumbnailUrl":"https:\/\/www.dakarmania.cz\/wp-content\/uploads\/2019\/01\/19-dakar-engel01.jpg","keywords":["Dakar","Dakar 2019","KTM","Milan Engel","Moto Racing Group","MRG"],"articleSection":["Tiskov\u00e9 zpr\u00e1vy"],"inLanguage":"cs","potentialAction":[{"@type":"CommentAction","name":"Comment","target":["https:\/\/www.dakarmania.cz\/index.php\/2019\/01\/14\/dakar-2019-milan-engel-zatim-nejlepsim-ceskym-motocyklistou\/#respond"]}]},{"@type":"WebPage","@id":"https:\/\/www.dakarmania.cz\/index.php\/2019\/01\/14\/dakar-2019-milan-engel-zatim-nejlepsim-ceskym-motocyklistou\/","url":"https:\/\/www.dakarmania.cz\/index.php\/2019\/01\/14\/dakar-2019-milan-engel-zatim-nejlepsim-ceskym-motocyklistou\/","name":"Dakar 2019: Milan Engel zat\u00edm nejlep\u0161\u00edm \u010desk\u00fdm motocyklistou - DAKARMANIA.cz","isPartOf":{"@id":"https:\/\/www.dakarmania.cz\/#website"},"primaryImageOfPage":{"@id":"https:\/\/www.dakarmania.cz\/index.php\/2019\/01\/14\/dakar-2019-milan-engel-zatim-nejlepsim-ceskym-motocyklistou\/#primaryimage"},"image":{"@id":"https:\/\/www.dakarmania.cz\/index.php\/2019\/01\/14\/dakar-2019-milan-engel-zatim-nejlepsim-ceskym-motocyklistou\/#primaryimage"},"thumbnailUrl":"https:\/\/www.dakarmania.cz\/wp-content\/uploads\/2019\/01\/19-dakar-engel01.jpg","datePublished":"2019-01-14T08:46:06+00:00","dateModified":"2019-03-19T12:55:07+00:00","description":"\u0160est\u00e1 etapa Rally Dakar 2019 d\u016fkladn\u011b zam\u00edchala po\u0159ad\u00edm. Zat\u00edmco n\u011bkte\u0159\u00ed utrp\u011bli ztr\u00e1ty, jin\u00ed si logicky polep\u0161ili. K t\u011bm \u0161\u0165astn\u011bj\u0161\u00edm pat\u0159il Milan Engel","breadcrumb":{"@id":"https:\/\/www.dakarmania.cz\/index.php\/2019\/01\/14\/dakar-2019-milan-engel-zatim-nejlepsim-ceskym-motocyklistou\/#breadcrumb"},"inLanguage":"cs","potentialAction":[{"@type":"ReadAction","target":["https:\/\/www.dakarmania.cz\/index.php\/2019\/01\/14\/dakar-2019-milan-engel-zatim-nejlepsim-ceskym-motocyklistou\/"]}]},{"@type":"ImageObject","inLanguage":"cs","@id":"https:\/\/www.dakarmania.cz\/index.php\/2019\/01\/14\/dakar-2019-milan-engel-zatim-nejlepsim-ceskym-motocyklistou\/#primaryimage","url":"https:\/\/www.dakarmania.cz\/wp-content\/uploads\/2019\/01\/19-dakar-engel01.jpg","contentUrl":"https:\/\/www.dakarmania.cz\/wp-content\/uploads\/2019\/01\/19-dakar-engel01.jpg","width":1200,"height":800,"caption":"Milan Engel, KTM 450 Rally Replica, Moto Racing Group. Rally Dakar 2019. \u00a9 MRG"},{"@type":"BreadcrumbList","@id":"https:\/\/www.dakarmania.cz\/index.php\/2019\/01\/14\/dakar-2019-milan-engel-zatim-nejlepsim-ceskym-motocyklistou\/#breadcrumb","itemListElement":[{"@type":"ListItem","position":1,"name":"Dom\u016f","item":"https:\/\/www.dakarmania.cz\/"},{"@type":"ListItem","position":2,"name":"Dakar 2019: Milan Engel zat\u00edm nejlep\u0161\u00edm \u010desk\u00fdm motocyklistou"}]},{"@type":"WebSite","@id":"https:\/\/www.dakarmania.cz\/#website","url":"https:\/\/www.dakarmania.cz\/","name":"DAKARMANIA.cz","description":"\u017dijeme Dakarem cel\u00fd rok","publisher":{"@id":"https:\/\/www.dakarmania.cz\/#organization"},"potentialAction":[{"@type":"SearchAction","target":{"@type":"EntryPoint","urlTemplate":"https:\/\/www.dakarmania.cz\/?s={search_term_string}"},"query-input":{"@type":"PropertyValueSpecification","valueRequired":true,"valueName":"search_term_string"}}],"inLanguage":"cs"},{"@type":"Organization","@id":"https:\/\/www.dakarmania.cz\/#organization","name":"DAKAR MANIA","url":"https:\/\/www.dakarmania.cz\/","logo":{"@type":"ImageObject","inLanguage":"cs","@id":"https:\/\/www.dakarmania.cz\/#\/schema\/logo\/image\/","url":"https:\/\/www.dakarmania.cz\/wp-content\/uploads\/2018\/12\/Dakar-Mania-Logo-Square-Orange.png","contentUrl":"https:\/\/www.dakarmania.cz\/wp-content\/uploads\/2018\/12\/Dakar-Mania-Logo-Square-Orange.png","width":992,"height":992,"caption":"DAKAR MANIA"},"image":{"@id":"https:\/\/www.dakarmania.cz\/#\/schema\/logo\/image\/"},"sameAs":["https:\/\/www.facebook.com\/dakarmania\/"]},{"@type":"Person","@id":"https:\/\/www.dakarmania.cz\/#\/schema\/person\/bce8d1fe3633b1178e150fc5e340d5dd","name":"tiskov\u00e1 zpr\u00e1va","image":{"@type":"ImageObject","inLanguage":"cs","@id":"https:\/\/www.dakarmania.cz\/#\/schema\/person\/image\/","url":"https:\/\/secure.gravatar.com\/avatar\/19aefcb6c7bfae691fca4d805686c670f59bb4f7414c7b398b88dc9c8f4e96d5?s=96&d=mm&r=g","contentUrl":"https:\/\/secure.gravatar.com\/avatar\/19aefcb6c7bfae691fca4d805686c670f59bb4f7414c7b398b88dc9c8f4e96d5?s=96&d=mm&r=g","caption":"tiskov\u00e1 zpr\u00e1va"},"url":"https:\/\/www.dakarmania.cz\/index.php\/author\/tiskovezpravy\/"}]}},"amp_enabled":true,"_links":{"self":[{"href":"https:\/\/www.dakarmania.cz\/index.php\/wp-json\/wp\/v2\/posts\/2140","targetHints":{"allow":["GET"]}}],"collection":[{"href":"https:\/\/www.dakarmania.cz\/index.php\/wp-json\/wp\/v2\/posts"}],"about":[{"href":"https:\/\/www.dakarmania.cz\/index.php\/wp-json\/wp\/v2\/types\/post"}],"author":[{"embeddable":true,"href":"https:\/\/www.dakarmania.cz\/index.php\/wp-json\/wp\/v2\/users\/3"}],"replies":[{"embeddable":true,"href":"https:\/\/www.dakarmania.cz\/index.php\/wp-json\/wp\/v2\/comments?post=2140"}],"version-history":[{"count":1,"href":"https:\/\/www.dakarmania.cz\/index.php\/wp-json\/wp\/v2\/posts\/2140\/revisions"}],"predecessor-version":[{"id":2141,"href":"https:\/\/www.dakarmania.cz\/index.php\/wp-json\/wp\/v2\/posts\/2140\/revisions\/2141"}],"wp:featuredmedia":[{"embeddable":true,"href":"https:\/\/www.dakarmania.cz\/index.php\/wp-json\/wp\/v2\/media\/2139"}],"wp:attachment":[{"href":"https:\/\/www.dakarmania.cz\/index.php\/wp-json\/wp\/v2\/media?parent=2140"}],"wp:term":[{"taxonomy":"category","embeddable":true,"href":"https:\/\/www.dakarmania.cz\/index.php\/wp-json\/wp\/v2\/categories?post=2140"},{"taxonomy":"post_tag","embeddable":true,"href":"https:\/\/www.dakarmania.cz\/index.php\/wp-json\/wp\/v2\/tags?post=2140"}],"curies":[{"name":"wp","href":"https:\/\/api.w.org\/{rel}","templated":true}]}}