{"id":2364,"date":"2019-01-17T15:10:27","date_gmt":"2019-01-17T15:10:27","guid":{"rendered":"https:\/\/www.dakarmania.cz\/?p=2364"},"modified":"2019-11-17T23:44:13","modified_gmt":"2019-11-17T22:44:13","slug":"dakar-2019-toby-price-vyhrava-dakar-podruhe-ktm-poosmnacte","status":"publish","type":"post","link":"https:\/\/www.dakarmania.cz\/index.php\/2019\/01\/17\/dakar-2019-toby-price-vyhrava-dakar-podruhe-ktm-poosmnacte\/","title":{"rendered":"Dakar 2019: Toby Price vyhr\u00e1v\u00e1 Dakar podruh\u00e9, KTM poosmn\u00e1ct\u00e9!"},"content":{"rendered":"<p>[vc_row][vc_column][vc_column_text]<\/p>\n<h4>Souboj o v\u00edt\u011bzstv\u00ed mezi motocyklisty m\u011bl na Rally Dakar 2019 dramatick\u00e9 vyvrcholen\u00ed. Prvn\u00ed p\u0159\u00ed\u010dku nakonec uh\u00e1jil Toby Price, kter\u00fd chu\u0165 dakarsk\u00e9ho triumfu poprv\u00e9 okusil v roce 2016. Rakousk\u00e1 KTM vyhr\u00e1v\u00e1 u\u017e poosmn\u00e1ct\u00e9 v \u0159ad\u011b.<\/h4>\n<p>V kategorii motocykl\u016f o v\u00edt\u011bzi rozhodovala a\u017e des\u00e1t\u00e1 etapa. Jej\u00ed rychlostn\u00ed zkou\u0161ka byla se 112 kilometry pom\u011brn\u011b kr\u00e1tk\u00e1, ale jela se v n\u00e1ro\u010dn\u00fdch dun\u00e1ch u Pisca. Jako leader sout\u011b\u017ee vyr\u00e1\u017eel do posledn\u00edho dne Australan Toby Price s KTM, jeho\u017e n\u00e1skok p\u0159ed Pablem Quintanillou v\u0161ak \u010dinil pouh\u00fdch 62 sekund.<\/p>\n<p>Quintanilla se nadechl k z\u00e1v\u011bre\u010dn\u00e9mu n\u00e1poru, jen\u017ee u\u017e na des\u00e1t\u00e9m kilometru upadl a poranil si nohu. P\u0159esto pokra\u010doval, aby se pokusil uh\u00e1jit druhou p\u0159\u00ed\u010dku absolutn\u011b. Ani to se v\u0161ak nepoda\u0159ilo a p\u0159ed tov\u00e1rn\u00edho jezdce Husqvarny se v kone\u010dn\u00e9m hodnocen\u00ed posunul je\u0161t\u011b Price\u016fv t\u00fdmov\u00fd kolega Matthias Walkner. Obh\u00e1jce v\u00edt\u011bzstv\u00ed ztr\u00e1cel na Quintanillu p\u0159ed posledn\u00ed etapou \u0161est a p\u016fl minuty, v sou\u010dtu jej ale p\u0159ekonal o jeden\u00e1ct a p\u016fl minuty, nebo\u0165 Chilan dokon\u010dil posledn\u00ed rychlostn\u00ed zkou\u0161ku s t\u00e9m\u011b\u0159 20minutovou ztr\u00e1tou.<\/p>\n<p>Price sv\u016fj triumf ozdobil prvn\u00edm leto\u0161n\u00edm etapov\u00fdm v\u00edt\u011bzstv\u00edm. Druh\u00e9ho Corneja s Hondou porazil o dv\u011b minuty a 21 sekund.[\/vc_column_text][vc_single_image image=&#8221;2390&#8243; img_size=&#8221;large&#8221; alignment=&#8221;center&#8221;][vc_column_text]<em>\u201eJe \u0161\u00edlen\u00e9, \u017ee jsme triumfovali na Dakaru, a\u010dkoliv jsem prvn\u00ed etapu vyhr\u00e1l a\u017e dnes,\u201c<\/em> kroutil hlavou nyn\u00ed ji\u017e dvojn\u00e1sobn\u00fd dakarsk\u00fd v\u00edt\u011bz <strong>Toby Price<\/strong>. <em>\u201eJsem v sedm\u00e9m nebi. Bylo to dlouh\u00fdch deset dn\u00ed. Te\u010f zjist\u00edm, jak moc jsem ubl\u00ed\u017eil sv\u00e9mu z\u00e1p\u011bst\u00ed. Ale nakonec se ve\u0161ker\u00e1 bolest a utrpen\u00ed vyplatilo. Myslel jsem si, \u017ee zvl\u00e1dnu dv\u011b etapy a pak budu muset odstoupit. Ale pak se mi da\u0159ilo, m\u011bl jsem i trochu \u0161t\u011bst\u00ed a cel\u00e9 to nakonec dopadlo. Bylo to v\u00e1\u017en\u011b neskute\u010dn\u00e9.\u201c<\/em><\/p>\n<p>Bolesti, kter\u00e9 musel Price p\u0159ekon\u00e1vat, byly opravdu velik\u00e9: <em>\u201eM\u00e1m pocit, jako by mi te\u010f v z\u00e1p\u011bst\u00ed rejdilo p\u011bt lid\u00ed no\u017eem. Nen\u00ed to p\u0159\u00edjemn\u00e9 a nen\u00ed to \u017e\u00e1dn\u00e1 legrace, ale v\u00edt\u011bzstv\u00ed za to st\u00e1lo. Te\u010f na bolest ur\u010dit\u011b zapomenu. V\u00edt\u011bzstv\u00ed ve\u0161kerou bolest za\u017eene.\u201c<\/em><\/p>\n<p><em>\u201eUr\u010dit\u011b nejsem nov\u00fdm vl\u00e1dcem z\u00e1vodu, proto\u017ee tu je spousta kluk\u016f, kte\u0159\u00ed ho mohou vyhr\u00e1t. M\u011bl jsem siln\u00e9 soupe\u0159e, jako byli Pablo Quintanilla, Ricky Brabec, Sam Sunderland, Matthias Walkner\u2026 V\u0161ichni jsou siln\u00ed. Nikoho z nich nikdy nem\u016f\u017eete odepisovat. Skv\u011bl\u00fd v\u00fdkon podal Kevin Benavides. Nakonec jsme v\u0161ichni bojovali a\u017e do c\u00edle. Byla to drsn\u00e1 rally. J\u00e1 se prost\u011b jen nerad vzd\u00e1v\u00e1m a o tom to je.\u201c<\/em>[\/vc_column_text][vc_single_image image=&#8221;2360&#8243; img_size=&#8221;large&#8221; alignment=&#8221;center&#8221;][vc_column_text]Quintanilla se po p\u00e1du nejsp\u00ed\u0161 sm\u00ed\u0159il s t\u0159et\u00edm m\u00edstem, ale v c\u00edli p\u0159i\u0161la dal\u0161\u00ed studen\u00e1 sprcha. \u0158editelstv\u00ed z\u00e1vodu zru\u0161ilo\u00a0<a href=\"https:\/\/www.dakarmania.cz\/index.php\/2019\/01\/16\/dakar-2019-sunderland-prisel-o-moznost-bojovat-o-vitezstvi\/\">hodinovou penalizaci<\/a>, kterou p\u016fvodn\u011b ud\u011blilo Samu Sunderlandovi po osm\u00e9 etap\u011b. Brit tak doplnil sv\u00e9 t\u00fdmov\u00e9 kolegy na stupn\u00edch v\u00edt\u011bz\u016f, oba jezdci Husqvarny kon\u010d\u00ed a\u017e pod nimi.<\/p>\n<p>P\u00e1t\u00e9 m\u00edsto je \u017eivotn\u00edm v\u00fdsledkem pro jeho t\u00fdmov\u00e9ho kolegu Andrewa Shorta. P\u0159i sv\u00e9m jedin\u00e9m p\u0159edchoz\u00edm startu na Dakaru v roce 2017 skon\u010dil 36 let\u00fd Ameri\u010dan sedmn\u00e1ct\u00fd.[\/vc_column_text][vc_single_image image=&#8221;2363&#8243; img_size=&#8221;large&#8221; alignment=&#8221;center&#8221;][vc_column_text]30let\u00fd Francouz Xavier de Soultrait zachra\u0148oval \u010dest Yamahy, kdy\u017e jeho t\u00fdmov\u00e9ho kolegu Adriena Van Beverena den p\u0159ed koncem z\u00e1vodu vy\u0159adila ze \u010dtvrt\u00e9 pozice porucha motoru. Ve t\u0159et\u00ed etap\u011b se De Soultrait zaslou\u017eil tak\u00e9 o jedin\u00e9 d\u00edl\u010d\u00ed v\u00edt\u011bzstv\u00ed Yamahy v leto\u0161n\u00edm ro\u010dn\u00edku dakarsk\u00e9 rally.[\/vc_column_text][vc_column_text]P\u0159esto\u017ee na prvn\u00edch \u010dty\u0159ech pozic\u00edch figuruj\u00ed jen jezdci KTM a Husqvarny, po sv\u00e9m prvn\u00edm v\u00edt\u011bzstv\u00ed od roku 1989 sahala i Honda. Ricky Brabec se s Quintanillou dlouho p\u0159etahoval o veden\u00ed, ale v osm\u00e9 etap\u011b Ameri\u010dana zastavila porucha motoru. Nejlep\u0161\u00edm jezdcem Hondy na Dakaru 2019 tak je celkov\u011b sedm\u00fd Jos\u00e9 Ignacio Cornejo Florimo. Teprve 24let\u00fd Chilan se v pr\u016fb\u011bhu sout\u011b\u017ee bl\u00fdskl dv\u011bma druh\u00fdmi m\u00edsty v p\u00e1t\u00e9 a sedm\u00e9 etap\u011b.<\/p>\n<p>Osm\u00e9 m\u00edsto je p\u0159i druh\u00e9 \u00fa\u010dasti na Dakaru d\u016fvodem k radosti pro Luciana Benavidese (KTM).[\/vc_column_text][vc_single_image image=&#8221;2362&#8243; img_size=&#8221;large&#8221; alignment=&#8221;center&#8221;][vc_column_text]Dev\u00e1t\u00fd Oriol Mena se zaslou\u017eil o dal\u0161\u00ed skv\u011bl\u00fd v\u00fdsledek zna\u010dky Hero, a\u010dkoliv v porovn\u00e1n\u00ed s lo\u0148sk\u00fdm ro\u010dn\u00edkem, kdy byl nejlep\u0161\u00edm nov\u00e1\u010dkem, si o dv\u011b p\u0159\u00ed\u010dky pohor\u0161il.<\/p>\n<p>Svou bilanci op\u011bt vylep\u0161il bolivijsk\u00fd motocyklista Daniel Nosiglia Jager, kter\u00fd s Hondou t\u00fdmu MEC HRC pronikl do prvn\u00ed des\u00edtky a o t\u0159i p\u0159\u00ed\u010dky tak p\u0159ekonal sv\u00e9 dosud nejlep\u0161\u00ed um\u00edst\u011bn\u00ed z p\u0159edchoz\u00edho ro\u010dn\u00edku.<\/p>\n<p>\u0160pan\u011blka Laia Sanz potvrdila s tov\u00e1rn\u00ed KTM pozici nejlep\u0161\u00ed \u017eeny ve startovn\u00edm poli a na jeden\u00e1ct\u00e9m m\u00edst\u011b zaostala pouze o dv\u011b p\u0159\u00ed\u010dky za sv\u00fdm dakarsk\u00fdm maximem z roku 2015, kdy byla dev\u00e1t\u00e1.[\/vc_column_text][vc_single_image image=&#8221;2358&#8243; img_size=&#8221;large&#8221; alignment=&#8221;center&#8221;][vc_column_text]Dal\u0161\u00edm jezdcem, kter\u00fd dos\u00e1hl \u017eivotn\u00edho \u00fasp\u011bchu, je Milan Engel (KTM, Moto Racing Group). 27let\u00fd z\u00e1vodn\u00edk se p\u0159i sv\u00e9m p\u00e1t\u00e9m startu na Da karu patn\u00e1ct\u00fdm m\u00edstem zaslou\u017eil o jeden z v\u016fbec nejlep\u0161\u00edch v\u00fdsledk\u016f \u010desk\u00fdch motocyklist\u016f na slavn\u00e9 sout\u011b\u017ei.<\/p>\n<p><em>\u201eMyslel jsem si, \u017ee dneska u\u017e to bude takov\u00e1 udr\u017eova\u010dka, proto\u017ee jsme s Tomiczkem startovali spole\u010dn\u011b. Mezi n\u00e1mi \u0161lo o patn\u00e1ct\u00e9 m\u00edsto. Pak jsme za\u010dali doj\u00ed\u017ed\u011bt jezdce, kte\u0159\u00ed startovali p\u0159ed n\u00e1mi a j\u00e1 jsem se pokusil tro\u0161ku utrhnout, proto\u017ee v dun\u00e1ch je obt\u00ed\u017en\u00e9 trhnout se ve dvojici,\u201c<\/em> popisuje pr\u016fb\u011bh posledn\u00ed etapy <strong>Milan Engel<\/strong>. <em>\u201eAle poda\u0159ilo se mi to a pak jsem se chytil Sunderlanda. Jel jsem stra\u0161n\u011b p\u0159es hranu, ale jsem za to r\u00e1d. Riskoval jsem, ale je z toho dobr\u00fd v\u00fdsledek.\u201c<\/em>[\/vc_column_text][vc_single_image image=&#8221;2393&#8243; img_size=&#8221;large&#8221; alignment=&#8221;center&#8221;][vc_column_text]Do historie dom\u00e1c\u00edho motoristick\u00e9ho sportu dnes op\u011bt vstoupila Gabriela Novotn\u00e1 (Husqvarna, Indigo Racing). 30let\u00e1 z\u00e1vodnice z Chomutova se loni stala prvn\u00ed \u010ce\u0161kou, kter\u00e1 se na start postavila mezi motocyklisty, a ode dne\u0161ka je prvn\u00ed \u010ce\u0161kou, je\u017e tak\u00e9 z\u00e1vod na motorce dokon\u010dila. Celkov\u011b byla 70.<\/p>\n<p><em>\u201eJsem stra\u0161n\u011b r\u00e1da, \u017ee jsme to dot\u00e1hli a\u017e do konce, proto\u017ee mi to p\u0159i\u0161lo protr\u00e1pen\u011bj\u0161\u00ed ne\u017e loni,\u201c<\/em> tvrd\u00ed <strong>Gabriela Novotn\u00e1<\/strong>. <em>\u201eDouf\u00e1m, \u017ee u\u017e nikdy nebudu muset j\u00edt do z\u00e1vodu takhle nep\u0159ipraven\u00e1, nenatr\u00e9novan\u00e1 kv\u016fli zdravotn\u00edm probl\u00e9m\u016fm. Jsem stra\u0161n\u011b r\u00e1da, \u017ee jsem tady, bylo to par\u00e1dn\u00ed, ale te\u010f mus\u00edm je\u0161t\u011b v\u0161echny emoce zpracovat.\u201c<\/em><\/p>\n<p>Krom\u011b Engela s Novotnou se z\u00e1vodu z\u00fa\u010dastnili je\u0161t\u011b dal\u0161\u00ed t\u0159i \u010de\u0161t\u00ed motocyklist\u00e9 a v\u0161ichni jej tak\u00e9 dokon\u010dili. Jan Brabec (Husqvarna, Big Shock Racing) je v c\u00edli klasifikov\u00e1n jako 34., Petr Vl\u010dek (KTM, Klym\u010diw Racing) obsadil 47. pozici a Jan Vesel\u00fd byl navzdory bolestiv\u011b pohmo\u017ed\u011bn\u00fdm \u017eebr\u016fm 66. absolutn\u011b a 11. ve t\u0159\u00edd\u011b Original by Motul (malle moto), je\u017e je ur\u010dena pro motork\u00e1\u0159e a quadisty jedouc\u00ed bez asistence.[\/vc_column_text][vc_video link=&#8221;https:\/\/youtu.be\/B_Pjtqd7va0&#8243;][vc_column_text]<\/p>\n<table style=\"width: 97.7654%;\" rules=\"rows\" cellpadding=\"4px\">\n<tbody>\n<tr style=\"background-color: #9e9d9d; color: white;\">\n<td style=\"text-align: center;\" colspan=\"4\"><span style=\"font-size: 10pt;\"><strong>Rally Dakar 2019<br \/>\nMOTOCYKLY<br \/>\nkone\u010dn\u00e9 v\u00fdsledky<\/strong><\/span><\/td>\n<\/tr>\n<tr style=\"background-color: #dbd9d9;\">\n<td>1.<\/td>\n<td>Toby Price<\/td>\n<td>KTM<\/td>\n<td style=\"text-align: right;\">33:57:16<\/td>\n<\/tr>\n<tr style=\"background-color: #f2f2f2;\">\n<td>2.<\/td>\n<td>Matthias Walkner<\/td>\n<td>KTM<\/td>\n<td style=\"text-align: right;\">+9:13<\/td>\n<\/tr>\n<tr style=\"background-color: #dbd9d9;\">\n<td>3.<\/td>\n<td>Sam Sunderland<\/td>\n<td>KTM<\/td>\n<td style=\"text-align: right;\">+13:34<\/td>\n<\/tr>\n<tr style=\"background-color: #f2f2f2;\">\n<td>4.<\/td>\n<td>Pablo Quintanilla<\/td>\n<td>Husqvarna<\/td>\n<td style=\"text-align: right;\">+20:46<\/td>\n<\/tr>\n<tr style=\"background-color: #dbd9d9;\">\n<td>5.<\/td>\n<td>Andrew Short<\/td>\n<td>Husqvarna<\/td>\n<td style=\"text-align: right;\">+44:10<\/td>\n<\/tr>\n<tr style=\"background-color: #f2f2f2;\">\n<td>6.<\/td>\n<td>Xavier de Soultrait<\/td>\n<td>Yamaha<\/td>\n<td style=\"text-align: right;\">+54:00<\/td>\n<\/tr>\n<tr style=\"background-color: #dbd9d9;\">\n<td>7.<\/td>\n<td>Jose Ignacio Cornejo Florimo<\/td>\n<td>Honda<\/td>\n<td style=\"text-align: right;\">+1:08:06<\/td>\n<\/tr>\n<tr style=\"background-color: #f2f2f2;\">\n<td>8.<\/td>\n<td>Luciano Benavides<\/td>\n<td>KTM<\/td>\n<td style=\"text-align: right;\">+1:09:10<\/td>\n<\/tr>\n<tr style=\"background-color: #dbd9d9;\">\n<td>9.<\/td>\n<td>Oriol Mena<\/td>\n<td>Hero<\/td>\n<td style=\"text-align: right;\">+2:08:41<\/td>\n<\/tr>\n<tr style=\"background-color: #f2f2f2;\">\n<td>10.<\/td>\n<td>Daniel Nosiglia Jager<\/td>\n<td>Honda<\/td>\n<td style=\"text-align: right;\">+2:31:53<\/td>\n<\/tr>\n<tr style=\"background-color: #dbd9d9;\">\n<td>15.<\/td>\n<td>Milan Engel<\/td>\n<td>KTM<\/td>\n<td style=\"text-align: right;\">+5:11:32<\/td>\n<\/tr>\n<\/tbody>\n<\/table>\n<p>[\/vc_column_text][\/vc_column][\/vc_row]<\/p>\n","protected":false},"excerpt":{"rendered":"<p>Souboj o v\u00edt\u011bzstv\u00ed mezi motocyklisty m\u011bl na Rally Dakar 2019 dramatick\u00e9 vyvrcholen\u00ed. Prvn\u00ed p\u0159\u00ed\u010dku nakonec uh\u00e1jil Toby Price.<\/p>\n","protected":false},"author":1,"featured_media":2359,"comment_status":"open","ping_status":"closed","sticky":false,"template":"","format":"standard","meta":{"footnotes":""},"categories":[15,2],"tags":[425,757,8,9,1139,58,820,129,923,64,756,118,110,143,762,63,127,921,758,211,1140,107,130,74,75,796,215,59,225,126,214,168,784,226],"class_list":["post-2364","post","type-post","status-publish","format-standard","has-post-thumbnail","hentry","category-moto-quad","category-dakar","tag-425","tag-andrew-short","tag-dakar","tag-dakar-2019","tag-daniel-nosiglia-jager","tag-gabriela-novotna","tag-hero-motosports","tag-honda","tag-honda-racing","tag-husqvarna","tag-husqvarna-factory-racing","tag-indigo-racing","tag-jan-brabec","tag-jan-vesely","tag-jose-ignacio-cornejo","tag-ktm","tag-ktm-factory-racing","tag-laia-sanz","tag-luciano-benavides","tag-matthias-walkner","tag-mec-hrc","tag-milan-engel","tag-monster-energy-honda-team","tag-moto-racing-group","tag-mrg","tag-oriol-mena","tag-pablo-quintanilla","tag-petr-vlcek","tag-sam-sunderland","tag-toby-price","tag-xavier-de-soultrait","tag-yamaha","tag-yamaha-racing","tag-yamalube-yamaha-official-rally-team"],"yoast_head":"<!-- This site is optimized with the Yoast SEO plugin v24.9 - https:\/\/yoast.com\/wordpress\/plugins\/seo\/ -->\n<title>Dakar 2019: Toby Price vyhr\u00e1v\u00e1 Dakar podruh\u00e9, KTM poosmn\u00e1ct\u00e9! - DAKARMANIA.cz<\/title>\n<meta name=\"description\" content=\"Souboj o v\u00edt\u011bzstv\u00ed mezi motocyklisty m\u011bl na Rally Dakar 2019 dramatick\u00e9 vyvrcholen\u00ed. Prvn\u00ed p\u0159\u00ed\u010dku nakonec uh\u00e1jil Toby Price.\" \/>\n<meta name=\"robots\" content=\"index, follow, max-snippet:-1, max-image-preview:large, max-video-preview:-1\" \/>\n<link rel=\"canonical\" href=\"https:\/\/www.dakarmania.cz\/index.php\/2019\/01\/17\/dakar-2019-toby-price-vyhrava-dakar-podruhe-ktm-poosmnacte\/\" \/>\n<meta property=\"og:locale\" content=\"cs_CZ\" \/>\n<meta property=\"og:type\" content=\"article\" \/>\n<meta property=\"og:title\" content=\"Dakar 2019: Toby Price vyhr\u00e1v\u00e1 Dakar podruh\u00e9, KTM poosmn\u00e1ct\u00e9! - DAKARMANIA.cz\" \/>\n<meta property=\"og:description\" content=\"Souboj o v\u00edt\u011bzstv\u00ed mezi motocyklisty m\u011bl na Rally Dakar 2019 dramatick\u00e9 vyvrcholen\u00ed. Prvn\u00ed p\u0159\u00ed\u010dku nakonec uh\u00e1jil Toby Price.\" \/>\n<meta property=\"og:url\" content=\"https:\/\/www.dakarmania.cz\/index.php\/2019\/01\/17\/dakar-2019-toby-price-vyhrava-dakar-podruhe-ktm-poosmnacte\/\" \/>\n<meta property=\"og:site_name\" content=\"DAKARMANIA.cz\" \/>\n<meta property=\"article:publisher\" content=\"https:\/\/www.facebook.com\/dakarmania\/\" \/>\n<meta property=\"article:published_time\" content=\"2019-01-17T15:10:27+00:00\" \/>\n<meta property=\"article:modified_time\" content=\"2019-11-17T22:44:13+00:00\" \/>\n<meta property=\"og:image\" content=\"https:\/\/www.dakarmania.cz\/wp-content\/uploads\/2019\/01\/19-dakar-price-20.jpg\" \/>\n\t<meta property=\"og:image:width\" content=\"2048\" \/>\n\t<meta property=\"og:image:height\" content=\"1365\" \/>\n\t<meta property=\"og:image:type\" content=\"image\/jpeg\" \/>\n<meta name=\"author\" content=\"Zden\u011bk Zelenka\" \/>\n<meta name=\"twitter:card\" content=\"summary_large_image\" \/>\n<meta name=\"twitter:label1\" content=\"Napsal(a)\" \/>\n\t<meta name=\"twitter:data1\" content=\"Zden\u011bk Zelenka\" \/>\n\t<meta name=\"twitter:label2\" content=\"Odhadovan\u00e1 doba \u010dten\u00ed\" \/>\n\t<meta name=\"twitter:data2\" content=\"7 minut\" \/>\n<script type=\"application\/ld+json\" class=\"yoast-schema-graph\">{\"@context\":\"https:\/\/schema.org\",\"@graph\":[{\"@type\":\"Article\",\"@id\":\"https:\/\/www.dakarmania.cz\/index.php\/2019\/01\/17\/dakar-2019-toby-price-vyhrava-dakar-podruhe-ktm-poosmnacte\/#article\",\"isPartOf\":{\"@id\":\"https:\/\/www.dakarmania.cz\/index.php\/2019\/01\/17\/dakar-2019-toby-price-vyhrava-dakar-podruhe-ktm-poosmnacte\/\"},\"author\":{\"name\":\"Zden\u011bk Zelenka\",\"@id\":\"https:\/\/www.dakarmania.cz\/#\/schema\/person\/04eb0e87a389631c2169c0dddae7ff1e\"},\"headline\":\"Dakar 2019: Toby Price vyhr\u00e1v\u00e1 Dakar podruh\u00e9, KTM poosmn\u00e1ct\u00e9!\",\"datePublished\":\"2019-01-17T15:10:27+00:00\",\"dateModified\":\"2019-11-17T22:44:13+00:00\",\"mainEntityOfPage\":{\"@id\":\"https:\/\/www.dakarmania.cz\/index.php\/2019\/01\/17\/dakar-2019-toby-price-vyhrava-dakar-podruhe-ktm-poosmnacte\/\"},\"wordCount\":1415,\"commentCount\":0,\"publisher\":{\"@id\":\"https:\/\/www.dakarmania.cz\/#organization\"},\"image\":{\"@id\":\"https:\/\/www.dakarmania.cz\/index.php\/2019\/01\/17\/dakar-2019-toby-price-vyhrava-dakar-podruhe-ktm-poosmnacte\/#primaryimage\"},\"thumbnailUrl\":\"https:\/\/www.dakarmania.cz\/wp-content\/uploads\/2019\/01\/19-dakar-price-20.jpg\",\"keywords\":[\"2019\",\"Andrew Short\",\"Dakar\",\"Dakar 2019\",\"Daniel Nosiglia Jager\",\"Gabriela Novotn\u00e1\",\"Hero MotoSports\",\"Honda\",\"Honda Racing\",\"Husqvarna\",\"Husqvarna Factory Racing\",\"Indigo Racing\",\"Jan Brabec\",\"Jan Vesel\u00fd\",\"Jos\u00e9 Ignacio Cornejo\",\"KTM\",\"KTM Factory Racing\",\"Laia Sanz\",\"Luciano Benavides\",\"Matthias Walkner\",\"MEC HRC\",\"Milan Engel\",\"Monster Energy Honda Team\",\"Moto Racing Group\",\"MRG\",\"Oriol Mena\",\"Pablo Quintanilla\",\"Petr Vl\u010dek\",\"Sam Sunderland\",\"Toby Price\",\"Xavier de Soultrait\",\"Yamaha\",\"Yamaha Racing\",\"Yamalube Yamaha Official Rally Team\"],\"articleSection\":[\"Moto\/Quad\",\"Rally Dakar\"],\"inLanguage\":\"cs\",\"potentialAction\":[{\"@type\":\"CommentAction\",\"name\":\"Comment\",\"target\":[\"https:\/\/www.dakarmania.cz\/index.php\/2019\/01\/17\/dakar-2019-toby-price-vyhrava-dakar-podruhe-ktm-poosmnacte\/#respond\"]}]},{\"@type\":\"WebPage\",\"@id\":\"https:\/\/www.dakarmania.cz\/index.php\/2019\/01\/17\/dakar-2019-toby-price-vyhrava-dakar-podruhe-ktm-poosmnacte\/\",\"url\":\"https:\/\/www.dakarmania.cz\/index.php\/2019\/01\/17\/dakar-2019-toby-price-vyhrava-dakar-podruhe-ktm-poosmnacte\/\",\"name\":\"Dakar 2019: Toby Price vyhr\u00e1v\u00e1 Dakar podruh\u00e9, KTM poosmn\u00e1ct\u00e9! - DAKARMANIA.cz\",\"isPartOf\":{\"@id\":\"https:\/\/www.dakarmania.cz\/#website\"},\"primaryImageOfPage\":{\"@id\":\"https:\/\/www.dakarmania.cz\/index.php\/2019\/01\/17\/dakar-2019-toby-price-vyhrava-dakar-podruhe-ktm-poosmnacte\/#primaryimage\"},\"image\":{\"@id\":\"https:\/\/www.dakarmania.cz\/index.php\/2019\/01\/17\/dakar-2019-toby-price-vyhrava-dakar-podruhe-ktm-poosmnacte\/#primaryimage\"},\"thumbnailUrl\":\"https:\/\/www.dakarmania.cz\/wp-content\/uploads\/2019\/01\/19-dakar-price-20.jpg\",\"datePublished\":\"2019-01-17T15:10:27+00:00\",\"dateModified\":\"2019-11-17T22:44:13+00:00\",\"description\":\"Souboj o v\u00edt\u011bzstv\u00ed mezi motocyklisty m\u011bl na Rally Dakar 2019 dramatick\u00e9 vyvrcholen\u00ed. Prvn\u00ed p\u0159\u00ed\u010dku nakonec uh\u00e1jil Toby Price.\",\"breadcrumb\":{\"@id\":\"https:\/\/www.dakarmania.cz\/index.php\/2019\/01\/17\/dakar-2019-toby-price-vyhrava-dakar-podruhe-ktm-poosmnacte\/#breadcrumb\"},\"inLanguage\":\"cs\",\"potentialAction\":[{\"@type\":\"ReadAction\",\"target\":[\"https:\/\/www.dakarmania.cz\/index.php\/2019\/01\/17\/dakar-2019-toby-price-vyhrava-dakar-podruhe-ktm-poosmnacte\/\"]}]},{\"@type\":\"ImageObject\",\"inLanguage\":\"cs\",\"@id\":\"https:\/\/www.dakarmania.cz\/index.php\/2019\/01\/17\/dakar-2019-toby-price-vyhrava-dakar-podruhe-ktm-poosmnacte\/#primaryimage\",\"url\":\"https:\/\/www.dakarmania.cz\/wp-content\/uploads\/2019\/01\/19-dakar-price-20.jpg\",\"contentUrl\":\"https:\/\/www.dakarmania.cz\/wp-content\/uploads\/2019\/01\/19-dakar-price-20.jpg\",\"width\":2048,\"height\":1365,\"caption\":\"Toby Price, KTM 450 Rally, Red Bull KTM Factory Racing. Rally Dakar 2019. \u00a9 Red Bull Content Pool\"},{\"@type\":\"BreadcrumbList\",\"@id\":\"https:\/\/www.dakarmania.cz\/index.php\/2019\/01\/17\/dakar-2019-toby-price-vyhrava-dakar-podruhe-ktm-poosmnacte\/#breadcrumb\",\"itemListElement\":[{\"@type\":\"ListItem\",\"position\":1,\"name\":\"Dom\u016f\",\"item\":\"https:\/\/www.dakarmania.cz\/\"},{\"@type\":\"ListItem\",\"position\":2,\"name\":\"Dakar 2019: Toby Price vyhr\u00e1v\u00e1 Dakar podruh\u00e9, KTM poosmn\u00e1ct\u00e9!\"}]},{\"@type\":\"WebSite\",\"@id\":\"https:\/\/www.dakarmania.cz\/#website\",\"url\":\"https:\/\/www.dakarmania.cz\/\",\"name\":\"DAKARMANIA.cz\",\"description\":\"\u017dijeme Dakarem cel\u00fd rok\",\"publisher\":{\"@id\":\"https:\/\/www.dakarmania.cz\/#organization\"},\"potentialAction\":[{\"@type\":\"SearchAction\",\"target\":{\"@type\":\"EntryPoint\",\"urlTemplate\":\"https:\/\/www.dakarmania.cz\/?s={search_term_string}\"},\"query-input\":{\"@type\":\"PropertyValueSpecification\",\"valueRequired\":true,\"valueName\":\"search_term_string\"}}],\"inLanguage\":\"cs\"},{\"@type\":\"Organization\",\"@id\":\"https:\/\/www.dakarmania.cz\/#organization\",\"name\":\"DAKAR MANIA\",\"url\":\"https:\/\/www.dakarmania.cz\/\",\"logo\":{\"@type\":\"ImageObject\",\"inLanguage\":\"cs\",\"@id\":\"https:\/\/www.dakarmania.cz\/#\/schema\/logo\/image\/\",\"url\":\"https:\/\/www.dakarmania.cz\/wp-content\/uploads\/2018\/12\/Dakar-Mania-Logo-Square-Orange.png\",\"contentUrl\":\"https:\/\/www.dakarmania.cz\/wp-content\/uploads\/2018\/12\/Dakar-Mania-Logo-Square-Orange.png\",\"width\":992,\"height\":992,\"caption\":\"DAKAR MANIA\"},\"image\":{\"@id\":\"https:\/\/www.dakarmania.cz\/#\/schema\/logo\/image\/\"},\"sameAs\":[\"https:\/\/www.facebook.com\/dakarmania\/\"]},{\"@type\":\"Person\",\"@id\":\"https:\/\/www.dakarmania.cz\/#\/schema\/person\/04eb0e87a389631c2169c0dddae7ff1e\",\"name\":\"Zden\u011bk Zelenka\",\"image\":{\"@type\":\"ImageObject\",\"inLanguage\":\"cs\",\"@id\":\"https:\/\/www.dakarmania.cz\/#\/schema\/person\/image\/\",\"url\":\"https:\/\/secure.gravatar.com\/avatar\/2c80d5a4942fe0900b73cc7d3837a509d6ee0a276a2b76dac95c92bd0763a89b?s=96&d=mm&r=g\",\"contentUrl\":\"https:\/\/secure.gravatar.com\/avatar\/2c80d5a4942fe0900b73cc7d3837a509d6ee0a276a2b76dac95c92bd0763a89b?s=96&d=mm&r=g\",\"caption\":\"Zden\u011bk Zelenka\"},\"description\":\"Moji d\u011bt\u0161t\u00ed hrdinov\u00e9 se jmenovali Loprais, Moskal, Neveu, Vatanen, Rahier... A tihle borci, jejich n\u00e1sledovn\u00edci a jejich p\u0159\u00edb\u011bhy m\u011b nep\u0159estali fascinovat ani po letech, kdy jsem vyrostl a zam\u011bstn\u00e1valy m\u011b jin\u00e9 discipl\u00edny motorsportu. Proto se zrodila DAKARMANIA.\",\"url\":\"https:\/\/www.dakarmania.cz\/index.php\/author\/dakarmania\/\"}]}<\/script>\n<!-- \/ Yoast SEO plugin. -->","yoast_head_json":{"title":"Dakar 2019: Toby Price vyhr\u00e1v\u00e1 Dakar podruh\u00e9, KTM poosmn\u00e1ct\u00e9! - DAKARMANIA.cz","description":"Souboj o v\u00edt\u011bzstv\u00ed mezi motocyklisty m\u011bl na Rally Dakar 2019 dramatick\u00e9 vyvrcholen\u00ed. Prvn\u00ed p\u0159\u00ed\u010dku nakonec uh\u00e1jil Toby Price.","robots":{"index":"index","follow":"follow","max-snippet":"max-snippet:-1","max-image-preview":"max-image-preview:large","max-video-preview":"max-video-preview:-1"},"canonical":"https:\/\/www.dakarmania.cz\/index.php\/2019\/01\/17\/dakar-2019-toby-price-vyhrava-dakar-podruhe-ktm-poosmnacte\/","og_locale":"cs_CZ","og_type":"article","og_title":"Dakar 2019: Toby Price vyhr\u00e1v\u00e1 Dakar podruh\u00e9, KTM poosmn\u00e1ct\u00e9! - DAKARMANIA.cz","og_description":"Souboj o v\u00edt\u011bzstv\u00ed mezi motocyklisty m\u011bl na Rally Dakar 2019 dramatick\u00e9 vyvrcholen\u00ed. Prvn\u00ed p\u0159\u00ed\u010dku nakonec uh\u00e1jil Toby Price.","og_url":"https:\/\/www.dakarmania.cz\/index.php\/2019\/01\/17\/dakar-2019-toby-price-vyhrava-dakar-podruhe-ktm-poosmnacte\/","og_site_name":"DAKARMANIA.cz","article_publisher":"https:\/\/www.facebook.com\/dakarmania\/","article_published_time":"2019-01-17T15:10:27+00:00","article_modified_time":"2019-11-17T22:44:13+00:00","og_image":[{"width":2048,"height":1365,"url":"https:\/\/www.dakarmania.cz\/wp-content\/uploads\/2019\/01\/19-dakar-price-20.jpg","type":"image\/jpeg"}],"author":"Zden\u011bk Zelenka","twitter_card":"summary_large_image","twitter_misc":{"Napsal(a)":"Zden\u011bk Zelenka","Odhadovan\u00e1 doba \u010dten\u00ed":"7 minut"},"schema":{"@context":"https:\/\/schema.org","@graph":[{"@type":"Article","@id":"https:\/\/www.dakarmania.cz\/index.php\/2019\/01\/17\/dakar-2019-toby-price-vyhrava-dakar-podruhe-ktm-poosmnacte\/#article","isPartOf":{"@id":"https:\/\/www.dakarmania.cz\/index.php\/2019\/01\/17\/dakar-2019-toby-price-vyhrava-dakar-podruhe-ktm-poosmnacte\/"},"author":{"name":"Zden\u011bk Zelenka","@id":"https:\/\/www.dakarmania.cz\/#\/schema\/person\/04eb0e87a389631c2169c0dddae7ff1e"},"headline":"Dakar 2019: Toby Price vyhr\u00e1v\u00e1 Dakar podruh\u00e9, KTM poosmn\u00e1ct\u00e9!","datePublished":"2019-01-17T15:10:27+00:00","dateModified":"2019-11-17T22:44:13+00:00","mainEntityOfPage":{"@id":"https:\/\/www.dakarmania.cz\/index.php\/2019\/01\/17\/dakar-2019-toby-price-vyhrava-dakar-podruhe-ktm-poosmnacte\/"},"wordCount":1415,"commentCount":0,"publisher":{"@id":"https:\/\/www.dakarmania.cz\/#organization"},"image":{"@id":"https:\/\/www.dakarmania.cz\/index.php\/2019\/01\/17\/dakar-2019-toby-price-vyhrava-dakar-podruhe-ktm-poosmnacte\/#primaryimage"},"thumbnailUrl":"https:\/\/www.dakarmania.cz\/wp-content\/uploads\/2019\/01\/19-dakar-price-20.jpg","keywords":["2019","Andrew Short","Dakar","Dakar 2019","Daniel Nosiglia Jager","Gabriela Novotn\u00e1","Hero MotoSports","Honda","Honda Racing","Husqvarna","Husqvarna Factory Racing","Indigo Racing","Jan Brabec","Jan Vesel\u00fd","Jos\u00e9 Ignacio Cornejo","KTM","KTM Factory Racing","Laia Sanz","Luciano Benavides","Matthias Walkner","MEC HRC","Milan Engel","Monster Energy Honda Team","Moto Racing Group","MRG","Oriol Mena","Pablo Quintanilla","Petr Vl\u010dek","Sam Sunderland","Toby Price","Xavier de Soultrait","Yamaha","Yamaha Racing","Yamalube Yamaha Official Rally Team"],"articleSection":["Moto\/Quad","Rally Dakar"],"inLanguage":"cs","potentialAction":[{"@type":"CommentAction","name":"Comment","target":["https:\/\/www.dakarmania.cz\/index.php\/2019\/01\/17\/dakar-2019-toby-price-vyhrava-dakar-podruhe-ktm-poosmnacte\/#respond"]}]},{"@type":"WebPage","@id":"https:\/\/www.dakarmania.cz\/index.php\/2019\/01\/17\/dakar-2019-toby-price-vyhrava-dakar-podruhe-ktm-poosmnacte\/","url":"https:\/\/www.dakarmania.cz\/index.php\/2019\/01\/17\/dakar-2019-toby-price-vyhrava-dakar-podruhe-ktm-poosmnacte\/","name":"Dakar 2019: Toby Price vyhr\u00e1v\u00e1 Dakar podruh\u00e9, KTM poosmn\u00e1ct\u00e9! - DAKARMANIA.cz","isPartOf":{"@id":"https:\/\/www.dakarmania.cz\/#website"},"primaryImageOfPage":{"@id":"https:\/\/www.dakarmania.cz\/index.php\/2019\/01\/17\/dakar-2019-toby-price-vyhrava-dakar-podruhe-ktm-poosmnacte\/#primaryimage"},"image":{"@id":"https:\/\/www.dakarmania.cz\/index.php\/2019\/01\/17\/dakar-2019-toby-price-vyhrava-dakar-podruhe-ktm-poosmnacte\/#primaryimage"},"thumbnailUrl":"https:\/\/www.dakarmania.cz\/wp-content\/uploads\/2019\/01\/19-dakar-price-20.jpg","datePublished":"2019-01-17T15:10:27+00:00","dateModified":"2019-11-17T22:44:13+00:00","description":"Souboj o v\u00edt\u011bzstv\u00ed mezi motocyklisty m\u011bl na Rally Dakar 2019 dramatick\u00e9 vyvrcholen\u00ed. Prvn\u00ed p\u0159\u00ed\u010dku nakonec uh\u00e1jil Toby Price.","breadcrumb":{"@id":"https:\/\/www.dakarmania.cz\/index.php\/2019\/01\/17\/dakar-2019-toby-price-vyhrava-dakar-podruhe-ktm-poosmnacte\/#breadcrumb"},"inLanguage":"cs","potentialAction":[{"@type":"ReadAction","target":["https:\/\/www.dakarmania.cz\/index.php\/2019\/01\/17\/dakar-2019-toby-price-vyhrava-dakar-podruhe-ktm-poosmnacte\/"]}]},{"@type":"ImageObject","inLanguage":"cs","@id":"https:\/\/www.dakarmania.cz\/index.php\/2019\/01\/17\/dakar-2019-toby-price-vyhrava-dakar-podruhe-ktm-poosmnacte\/#primaryimage","url":"https:\/\/www.dakarmania.cz\/wp-content\/uploads\/2019\/01\/19-dakar-price-20.jpg","contentUrl":"https:\/\/www.dakarmania.cz\/wp-content\/uploads\/2019\/01\/19-dakar-price-20.jpg","width":2048,"height":1365,"caption":"Toby Price, KTM 450 Rally, Red Bull KTM Factory Racing. Rally Dakar 2019. \u00a9 Red Bull Content Pool"},{"@type":"BreadcrumbList","@id":"https:\/\/www.dakarmania.cz\/index.php\/2019\/01\/17\/dakar-2019-toby-price-vyhrava-dakar-podruhe-ktm-poosmnacte\/#breadcrumb","itemListElement":[{"@type":"ListItem","position":1,"name":"Dom\u016f","item":"https:\/\/www.dakarmania.cz\/"},{"@type":"ListItem","position":2,"name":"Dakar 2019: Toby Price vyhr\u00e1v\u00e1 Dakar podruh\u00e9, KTM poosmn\u00e1ct\u00e9!"}]},{"@type":"WebSite","@id":"https:\/\/www.dakarmania.cz\/#website","url":"https:\/\/www.dakarmania.cz\/","name":"DAKARMANIA.cz","description":"\u017dijeme Dakarem cel\u00fd rok","publisher":{"@id":"https:\/\/www.dakarmania.cz\/#organization"},"potentialAction":[{"@type":"SearchAction","target":{"@type":"EntryPoint","urlTemplate":"https:\/\/www.dakarmania.cz\/?s={search_term_string}"},"query-input":{"@type":"PropertyValueSpecification","valueRequired":true,"valueName":"search_term_string"}}],"inLanguage":"cs"},{"@type":"Organization","@id":"https:\/\/www.dakarmania.cz\/#organization","name":"DAKAR MANIA","url":"https:\/\/www.dakarmania.cz\/","logo":{"@type":"ImageObject","inLanguage":"cs","@id":"https:\/\/www.dakarmania.cz\/#\/schema\/logo\/image\/","url":"https:\/\/www.dakarmania.cz\/wp-content\/uploads\/2018\/12\/Dakar-Mania-Logo-Square-Orange.png","contentUrl":"https:\/\/www.dakarmania.cz\/wp-content\/uploads\/2018\/12\/Dakar-Mania-Logo-Square-Orange.png","width":992,"height":992,"caption":"DAKAR MANIA"},"image":{"@id":"https:\/\/www.dakarmania.cz\/#\/schema\/logo\/image\/"},"sameAs":["https:\/\/www.facebook.com\/dakarmania\/"]},{"@type":"Person","@id":"https:\/\/www.dakarmania.cz\/#\/schema\/person\/04eb0e87a389631c2169c0dddae7ff1e","name":"Zden\u011bk Zelenka","image":{"@type":"ImageObject","inLanguage":"cs","@id":"https:\/\/www.dakarmania.cz\/#\/schema\/person\/image\/","url":"https:\/\/secure.gravatar.com\/avatar\/2c80d5a4942fe0900b73cc7d3837a509d6ee0a276a2b76dac95c92bd0763a89b?s=96&d=mm&r=g","contentUrl":"https:\/\/secure.gravatar.com\/avatar\/2c80d5a4942fe0900b73cc7d3837a509d6ee0a276a2b76dac95c92bd0763a89b?s=96&d=mm&r=g","caption":"Zden\u011bk Zelenka"},"description":"Moji d\u011bt\u0161t\u00ed hrdinov\u00e9 se jmenovali Loprais, Moskal, Neveu, Vatanen, Rahier... A tihle borci, jejich n\u00e1sledovn\u00edci a jejich p\u0159\u00edb\u011bhy m\u011b nep\u0159estali fascinovat ani po letech, kdy jsem vyrostl a zam\u011bstn\u00e1valy m\u011b jin\u00e9 discipl\u00edny motorsportu. Proto se zrodila DAKARMANIA.","url":"https:\/\/www.dakarmania.cz\/index.php\/author\/dakarmania\/"}]}},"amp_enabled":true,"_links":{"self":[{"href":"https:\/\/www.dakarmania.cz\/index.php\/wp-json\/wp\/v2\/posts\/2364","targetHints":{"allow":["GET"]}}],"collection":[{"href":"https:\/\/www.dakarmania.cz\/index.php\/wp-json\/wp\/v2\/posts"}],"about":[{"href":"https:\/\/www.dakarmania.cz\/index.php\/wp-json\/wp\/v2\/types\/post"}],"author":[{"embeddable":true,"href":"https:\/\/www.dakarmania.cz\/index.php\/wp-json\/wp\/v2\/users\/1"}],"replies":[{"embeddable":true,"href":"https:\/\/www.dakarmania.cz\/index.php\/wp-json\/wp\/v2\/comments?post=2364"}],"version-history":[{"count":19,"href":"https:\/\/www.dakarmania.cz\/index.php\/wp-json\/wp\/v2\/posts\/2364\/revisions"}],"predecessor-version":[{"id":13346,"href":"https:\/\/www.dakarmania.cz\/index.php\/wp-json\/wp\/v2\/posts\/2364\/revisions\/13346"}],"wp:featuredmedia":[{"embeddable":true,"href":"https:\/\/www.dakarmania.cz\/index.php\/wp-json\/wp\/v2\/media\/2359"}],"wp:attachment":[{"href":"https:\/\/www.dakarmania.cz\/index.php\/wp-json\/wp\/v2\/media?parent=2364"}],"wp:term":[{"taxonomy":"category","embeddable":true,"href":"https:\/\/www.dakarmania.cz\/index.php\/wp-json\/wp\/v2\/categories?post=2364"},{"taxonomy":"post_tag","embeddable":true,"href":"https:\/\/www.dakarmania.cz\/index.php\/wp-json\/wp\/v2\/tags?post=2364"}],"curies":[{"name":"wp","href":"https:\/\/api.w.org\/{rel}","templated":true}]}}