{"id":2380,"date":"2019-01-17T15:45:04","date_gmt":"2019-01-17T15:45:04","guid":{"rendered":"https:\/\/www.dakarmania.cz\/?p=2380"},"modified":"2021-08-10T22:24:57","modified_gmt":"2021-08-10T20:24:57","slug":"dakar-2019-ales-loprais-v-posledni-etape-druhy-celkove-paty","status":"publish","type":"post","link":"https:\/\/www.dakarmania.cz\/index.php\/2019\/01\/17\/dakar-2019-ales-loprais-v-posledni-etape-druhy-celkove-paty\/","title":{"rendered":"Dakar 2019: Ale\u0161 Loprais v posledn\u00ed etap\u011b druh\u00fd, celkov\u011b p\u00e1t\u00fd"},"content":{"rendered":"<p>[vc_row][vc_column][vc_column_text]<\/p>\n<h4>Pos\u00e1dka Tatry pilotovan\u00e9 Ale\u0161em Lopraisem se s Rally Dakar 2019 rozlou\u010dila druh\u00fdm \u010dasem v posledn\u00ed etap\u011b, kter\u00e1 zavedla \u00fa\u010dastn\u00edky sout\u011b\u017ee z Pisca zp\u011bt do Limy. Jako v\u00edt\u011bz kategorie kamion\u016f dorazil do peru\u00e1nsk\u00e9 metropole Eduard Nikolajev s Kamazem.<\/h4>\n<p>Ale\u0161 Loprais s navig\u00e1torem Ferranem Marcem Alcaynou a mechanikem Petrem Pokorou za sebou maj\u00ed n\u00e1ro\u010dnou sout\u011b\u017e, v jej\u00edm\u017e pr\u016fb\u011bhu se n\u011bkolikr\u00e1t pot\u00fdkali s technick\u00fdmi probl\u00e9my sv\u00e9 Tatry Jamal. V posledn\u00edch dvou etap\u00e1ch fungovala technika perfektn\u011b a \u010desko-\u0161pan\u011blsk\u00e9 trio vybojovalo p\u00e1t\u00e9 m\u00edsto absolutn\u011b, co\u017e je pro Lopraise nejlep\u0161\u00ed v\u00fdsledek od roku 2015, kdy skon\u010dil t\u011bsn\u011b pod stupni v\u00edt\u011bz\u016f.<\/p>\n<p>V z\u00e1v\u011bre\u010dn\u00e9 etap\u011b nesta\u010dil Loprais pouze na Tona van Genugtena s Ivecem. Na trati rychlostn\u00ed zkou\u0161ky dlouh\u00e9 112 kilometr\u016f pobyl o t\u0159i minuty a jeden\u00e1ct sekund d\u00e9le ne\u017e celkov\u011b sedm\u00fd Nizozemec.<\/p>\n<p><em>\u201eByl to pro m\u011b asi nejt\u011b\u017e\u0161\u00ed Dakar, pokud nepo\u010d\u00edt\u00e1m ty, kde jsme havarovali. Vrac\u00ed se to k tradi\u010dn\u00edm Dakar\u016fm maratonsk\u00e9ho charakteru. To se mi l\u00edb\u00ed, sv\u011bd\u010d\u00ed n\u00e1m to. Na to, \u017ee jsme m\u011bli jen dv\u011b \u010dist\u00e9 etapy, je v\u00fdsledek velk\u00fdm povzbuzen\u00edm do budoucna,\u201c<\/em> \u0159ekl bezprost\u0159edn\u011b po dojezdu do c\u00edle posledn\u00ed etapy <strong>Ale\u0161 Loprais<\/strong>.[\/vc_column_text][vc_single_image image=&#8221;2407&#8243; img_size=&#8221;large&#8221; alignment=&#8221;center&#8221;][vc_column_text]Rus Eduard Nikolajev porazil t\u00fdmov\u00e9ho kolegu Dmitrije Sotnikova rozd\u00edlem necel\u00fdch \u0161estadvaceti minut, Dakar vyhr\u00e1l pot\u0159et\u00ed v \u0159ad\u011b, po\u010dtvrt\u00e9 jako pilot a pop\u00e1t\u00e9 celkov\u011b. V roce 2010 byl \u010dlenem v\u00edt\u011bzn\u00e9 pos\u00e1dky Vladimira \u010cagina, jako \u0159idi\u010d triumfoval poprv\u00e9 v roce 2013.<\/p>\n<p><em>\u201eByl to z\u00e1vod na hranici lidsk\u00fdch i technick\u00fdch mo\u017enost\u00ed,\u201c<\/em> zhodnotil 41. ro\u010dn\u00edk dakarsk\u00e9 rally <strong>Eduard Nikolajev<\/strong>. <em>\u201eVe druh\u00e9 polovin\u011b sout\u011b\u017ee u\u017e pokra\u010dovaly jen dv\u011b na\u0161e pos\u00e1dky. Ve skute\u010dnosti za\u010dal po dni volna nov\u00fd z\u00e1vod. Neust\u00e1le jsme c\u00edtili tlak ze strany na\u0161ich soupe\u0159\u016f. M\u00e1m velkou radost, \u017ee kamion vydr\u017eel. Je to \u00fapln\u011b nov\u00e1 generace z\u00e1vodn\u00edch voz\u016f, kter\u00e9 byly postaveny podle nov\u00fdch pravidel z\u00e1vodu. B\u011bhem uplynul\u00e9ho roku cel\u00fd t\u00fdm v\u011bnoval jeho v\u00fdvoji, stavb\u011b a dolad\u011bn\u00ed spoustu sil.\u201c<\/em>[\/vc_column_text][vc_single_image image=&#8221;2409&#8243; img_size=&#8221;large&#8221; alignment=&#8221;center&#8221;][vc_column_text]T\u0159et\u00ed p\u0159\u00ed\u010dku za Kamazy obsadil Nizozemec Gerard de Rooy s Ivecem, kter\u00fd se na Dakar vr\u00e1til po ro\u010dn\u00ed p\u0159est\u00e1vce. P\u0159ed rokem dal p\u0159ednost Africa Eco Race, kde zv\u00edt\u011bzil. P\u0159ed Lopraise se ve v\u00fdsledc\u00edch prosadil je\u0161t\u011b Argentinec Federico Villagra s dal\u0161\u00edm Ivecem De Rooyova t\u00fdmu.<\/p>\n<p>Zat\u00edmco v kategorii motocyklist\u016f a automobil\u016f dojeli do c\u00edle v\u0161ichni \u010de\u0161t\u00ed \u00fa\u010dastn\u00edci sout\u011b\u017ee, mezi truckery byla \u00famrtnost mnohem v\u011bt\u0161\u00ed. Martin Mac\u00edk s Liazem i Martin Kolom\u00fd s Tatrou t\u00fdmu Buggyra odstoupili u\u017e v prvn\u00ed polovin\u011b sout\u011b\u017ee, Kolom\u00e9ho t\u00fdmov\u00fd kolega Martin \u0160oltys skon\u010dil po sedm\u00e9 etap\u011b.<\/p>\n<p>Peru\u00e1nsk\u00fd Dakar byl pro kamiony mimo\u0159\u00e1dn\u011b n\u00e1ro\u010dn\u00fd. Z 41 voz\u016f, kter\u00e9 se 6. ledna postavily v Lim\u011b na start, jich do posledn\u00ed etapy v sout\u011b\u017ei vydr\u017eelo jen 14.[\/vc_column_text][vc_video link=&#8221;https:\/\/youtu.be\/esvZTtHmFzk&#8221;][vc_column_text]<strong>V\u00fdsledky Rally Dakar 2019 &#8211; kamiony:<\/strong><\/p>\n<table style=\"width: 97.7654%; height: 192px;\" cellpadding=\"10\">\n<tbody>\n<tr style=\"height: 24px;\">\n<td style=\"width: 21.5px; height: 24px;\">1.<\/td>\n<td style=\"width: 168px; height: 24px;\">Nikolajev \/ Jakovlev \/ Rybakov (Kamaz)<\/td>\n<td style=\"width: 67.5px; height: 24px;\">41:01:35<\/td>\n<\/tr>\n<tr style=\"height: 24px;\">\n<td style=\"width: 21.5px; height: 24px;\">2.<\/td>\n<td style=\"width: 168px; height: 24px;\">Sotnikov \/ Nikitin \/ Mustafin (Kamaz)<\/td>\n<td style=\"width: 67.5px; height: 24px;\">+25:36<\/td>\n<\/tr>\n<tr style=\"height: 24px;\">\n<td style=\"width: 21.5px; height: 24px;\">3.<\/td>\n<td style=\"width: 168px; height: 24px;\">De Rooy \/ Rodewald \/ Torrallardona (Iveco)<\/td>\n<td style=\"width: 67.5px; height: 24px;\">+1:34:44<\/td>\n<\/tr>\n<tr style=\"height: 24px;\">\n<td style=\"width: 21.5px; height: 24px;\">4.<\/td>\n<td style=\"width: 168px; height: 24px;\">Villagra \/ Yacopini \/ Torlaschi (Iveco)<\/td>\n<td style=\"width: 67.5px; height: 24px;\">+5:49:08<\/td>\n<\/tr>\n<tr style=\"height: 24px;\">\n<td style=\"width: 21.5px; height: 24px;\">5.<\/td>\n<td style=\"width: 168px; height: 24px;\">Loprais \/ Marco Alcayna \/ Pokora (Tatra)<\/td>\n<td style=\"width: 67.5px; height: 24px;\">+5:59:51<\/td>\n<\/tr>\n<tr style=\"height: 24px;\">\n<td style=\"width: 21.5px; height: 24px;\">6.<\/td>\n<td style=\"width: 168px; height: 24px;\">Vjazovi\u010d \/ Haranin \/ \u017digulin (MAZ)<\/td>\n<td style=\"width: 67.5px; height: 24px;\">+ 6:39:29<\/td>\n<\/tr>\n<\/tbody>\n<\/table>\n<p>[\/vc_column_text][\/vc_column][\/vc_row]<\/p>\n","protected":false},"excerpt":{"rendered":"<p>Pos\u00e1dka Tatry Jamal pilotovan\u00e9 Ale\u0161em Lopraisem se s Rally Dakar 2019 rozlou\u010dila druh\u00fdm \u010dasem v posledn\u00ed etap\u011b.<\/p>\n","protected":false},"author":1,"featured_media":2379,"comment_status":"open","ping_status":"closed","sticky":false,"template":"","format":"standard","meta":{"footnotes":""},"categories":[16,2],"tags":[65,8,66,223,164,200,69,1507,67,68,224],"class_list":["post-2380","post","type-post","status-publish","format-standard","has-post-thumbnail","hentry","category-kamion","category-dakar","tag-ales-loprais","tag-dakar","tag-ferran-marco-alcayna","tag-gerard-de-rooy","tag-iveco","tag-kamaz","tag-loprais-team","tag-moi-torrallardona","tag-petr-pokora","tag-tatra","tag-team-de-rooy"],"yoast_head":"<!-- This site is optimized with the Yoast SEO plugin v24.9 - https:\/\/yoast.com\/wordpress\/plugins\/seo\/ -->\n<title>Dakar 2019: Ale\u0161 Loprais v posledn\u00ed etap\u011b druh\u00fd, celkov\u011b p\u00e1t\u00fd - DAKARMANIA.cz<\/title>\n<meta name=\"description\" content=\"Pos\u00e1dka Tatry Jamal pilotovan\u00e9 Ale\u0161em Lopraisem se s Rally Dakar 2019 rozlou\u010dila druh\u00fdm \u010dasem v posledn\u00ed etap\u011b.\" \/>\n<meta name=\"robots\" content=\"index, follow, max-snippet:-1, max-image-preview:large, max-video-preview:-1\" \/>\n<link rel=\"canonical\" href=\"https:\/\/www.dakarmania.cz\/index.php\/2019\/01\/17\/dakar-2019-ales-loprais-v-posledni-etape-druhy-celkove-paty\/\" \/>\n<meta property=\"og:locale\" content=\"cs_CZ\" \/>\n<meta property=\"og:type\" content=\"article\" \/>\n<meta property=\"og:title\" content=\"Dakar 2019: Ale\u0161 Loprais v posledn\u00ed etap\u011b druh\u00fd, celkov\u011b p\u00e1t\u00fd - DAKARMANIA.cz\" \/>\n<meta property=\"og:description\" content=\"Pos\u00e1dka Tatry Jamal pilotovan\u00e9 Ale\u0161em Lopraisem se s Rally Dakar 2019 rozlou\u010dila druh\u00fdm \u010dasem v posledn\u00ed etap\u011b.\" \/>\n<meta property=\"og:url\" content=\"https:\/\/www.dakarmania.cz\/index.php\/2019\/01\/17\/dakar-2019-ales-loprais-v-posledni-etape-druhy-celkove-paty\/\" \/>\n<meta property=\"og:site_name\" content=\"DAKARMANIA.cz\" \/>\n<meta property=\"article:publisher\" content=\"https:\/\/www.facebook.com\/dakarmania\/\" \/>\n<meta property=\"article:published_time\" content=\"2019-01-17T15:45:04+00:00\" \/>\n<meta property=\"article:modified_time\" content=\"2021-08-10T20:24:57+00:00\" \/>\n<meta property=\"og:image\" content=\"https:\/\/www.dakarmania.cz\/wp-content\/uploads\/2019\/01\/19-dakar-loprais-20.jpg\" \/>\n\t<meta property=\"og:image:width\" content=\"2048\" \/>\n\t<meta property=\"og:image:height\" content=\"1365\" \/>\n\t<meta property=\"og:image:type\" content=\"image\/jpeg\" \/>\n<meta name=\"author\" content=\"Zden\u011bk Zelenka\" \/>\n<meta name=\"twitter:card\" content=\"summary_large_image\" \/>\n<meta name=\"twitter:label1\" content=\"Napsal(a)\" \/>\n\t<meta name=\"twitter:data1\" content=\"Zden\u011bk Zelenka\" \/>\n\t<meta name=\"twitter:label2\" content=\"Odhadovan\u00e1 doba \u010dten\u00ed\" \/>\n\t<meta name=\"twitter:data2\" content=\"3 minuty\" \/>\n<script type=\"application\/ld+json\" class=\"yoast-schema-graph\">{\"@context\":\"https:\/\/schema.org\",\"@graph\":[{\"@type\":\"Article\",\"@id\":\"https:\/\/www.dakarmania.cz\/index.php\/2019\/01\/17\/dakar-2019-ales-loprais-v-posledni-etape-druhy-celkove-paty\/#article\",\"isPartOf\":{\"@id\":\"https:\/\/www.dakarmania.cz\/index.php\/2019\/01\/17\/dakar-2019-ales-loprais-v-posledni-etape-druhy-celkove-paty\/\"},\"author\":{\"name\":\"Zden\u011bk Zelenka\",\"@id\":\"https:\/\/www.dakarmania.cz\/#\/schema\/person\/04eb0e87a389631c2169c0dddae7ff1e\"},\"headline\":\"Dakar 2019: Ale\u0161 Loprais v posledn\u00ed etap\u011b druh\u00fd, celkov\u011b p\u00e1t\u00fd\",\"datePublished\":\"2019-01-17T15:45:04+00:00\",\"dateModified\":\"2021-08-10T20:24:57+00:00\",\"mainEntityOfPage\":{\"@id\":\"https:\/\/www.dakarmania.cz\/index.php\/2019\/01\/17\/dakar-2019-ales-loprais-v-posledni-etape-druhy-celkove-paty\/\"},\"wordCount\":628,\"commentCount\":0,\"publisher\":{\"@id\":\"https:\/\/www.dakarmania.cz\/#organization\"},\"image\":{\"@id\":\"https:\/\/www.dakarmania.cz\/index.php\/2019\/01\/17\/dakar-2019-ales-loprais-v-posledni-etape-druhy-celkove-paty\/#primaryimage\"},\"thumbnailUrl\":\"https:\/\/www.dakarmania.cz\/wp-content\/uploads\/2019\/01\/19-dakar-loprais-20.jpg\",\"keywords\":[\"Ale\u0161 Loprais\",\"Dakar\",\"Ferran Marco Alcayna\",\"Gerard de Rooy\",\"Iveco\",\"Kamaz\",\"Loprais Team\",\"Moi Torrallardona\",\"Petr Pokora\",\"Tatra\",\"Team De Rooy\"],\"articleSection\":[\"Kamiony\",\"Rally Dakar\"],\"inLanguage\":\"cs\",\"potentialAction\":[{\"@type\":\"CommentAction\",\"name\":\"Comment\",\"target\":[\"https:\/\/www.dakarmania.cz\/index.php\/2019\/01\/17\/dakar-2019-ales-loprais-v-posledni-etape-druhy-celkove-paty\/#respond\"]}]},{\"@type\":\"WebPage\",\"@id\":\"https:\/\/www.dakarmania.cz\/index.php\/2019\/01\/17\/dakar-2019-ales-loprais-v-posledni-etape-druhy-celkove-paty\/\",\"url\":\"https:\/\/www.dakarmania.cz\/index.php\/2019\/01\/17\/dakar-2019-ales-loprais-v-posledni-etape-druhy-celkove-paty\/\",\"name\":\"Dakar 2019: Ale\u0161 Loprais v posledn\u00ed etap\u011b druh\u00fd, celkov\u011b p\u00e1t\u00fd - DAKARMANIA.cz\",\"isPartOf\":{\"@id\":\"https:\/\/www.dakarmania.cz\/#website\"},\"primaryImageOfPage\":{\"@id\":\"https:\/\/www.dakarmania.cz\/index.php\/2019\/01\/17\/dakar-2019-ales-loprais-v-posledni-etape-druhy-celkove-paty\/#primaryimage\"},\"image\":{\"@id\":\"https:\/\/www.dakarmania.cz\/index.php\/2019\/01\/17\/dakar-2019-ales-loprais-v-posledni-etape-druhy-celkove-paty\/#primaryimage\"},\"thumbnailUrl\":\"https:\/\/www.dakarmania.cz\/wp-content\/uploads\/2019\/01\/19-dakar-loprais-20.jpg\",\"datePublished\":\"2019-01-17T15:45:04+00:00\",\"dateModified\":\"2021-08-10T20:24:57+00:00\",\"description\":\"Pos\u00e1dka Tatry Jamal pilotovan\u00e9 Ale\u0161em Lopraisem se s Rally Dakar 2019 rozlou\u010dila druh\u00fdm \u010dasem v posledn\u00ed etap\u011b.\",\"breadcrumb\":{\"@id\":\"https:\/\/www.dakarmania.cz\/index.php\/2019\/01\/17\/dakar-2019-ales-loprais-v-posledni-etape-druhy-celkove-paty\/#breadcrumb\"},\"inLanguage\":\"cs\",\"potentialAction\":[{\"@type\":\"ReadAction\",\"target\":[\"https:\/\/www.dakarmania.cz\/index.php\/2019\/01\/17\/dakar-2019-ales-loprais-v-posledni-etape-druhy-celkove-paty\/\"]}]},{\"@type\":\"ImageObject\",\"inLanguage\":\"cs\",\"@id\":\"https:\/\/www.dakarmania.cz\/index.php\/2019\/01\/17\/dakar-2019-ales-loprais-v-posledni-etape-druhy-celkove-paty\/#primaryimage\",\"url\":\"https:\/\/www.dakarmania.cz\/wp-content\/uploads\/2019\/01\/19-dakar-loprais-20.jpg\",\"contentUrl\":\"https:\/\/www.dakarmania.cz\/wp-content\/uploads\/2019\/01\/19-dakar-loprais-20.jpg\",\"width\":2048,\"height\":1365,\"caption\":\"Ale\u0161 Loprais\/Ferran Marco Alcayna\/Petr Pokora, Tatra Jamal Queen 69, Instaforex Loprais Team. Rally Dakar 2019. \u00a9 Loprais Team\"},{\"@type\":\"BreadcrumbList\",\"@id\":\"https:\/\/www.dakarmania.cz\/index.php\/2019\/01\/17\/dakar-2019-ales-loprais-v-posledni-etape-druhy-celkove-paty\/#breadcrumb\",\"itemListElement\":[{\"@type\":\"ListItem\",\"position\":1,\"name\":\"Dom\u016f\",\"item\":\"https:\/\/www.dakarmania.cz\/\"},{\"@type\":\"ListItem\",\"position\":2,\"name\":\"Dakar 2019: Ale\u0161 Loprais v posledn\u00ed etap\u011b druh\u00fd, celkov\u011b p\u00e1t\u00fd\"}]},{\"@type\":\"WebSite\",\"@id\":\"https:\/\/www.dakarmania.cz\/#website\",\"url\":\"https:\/\/www.dakarmania.cz\/\",\"name\":\"DAKARMANIA.cz\",\"description\":\"\u017dijeme Dakarem cel\u00fd rok\",\"publisher\":{\"@id\":\"https:\/\/www.dakarmania.cz\/#organization\"},\"potentialAction\":[{\"@type\":\"SearchAction\",\"target\":{\"@type\":\"EntryPoint\",\"urlTemplate\":\"https:\/\/www.dakarmania.cz\/?s={search_term_string}\"},\"query-input\":{\"@type\":\"PropertyValueSpecification\",\"valueRequired\":true,\"valueName\":\"search_term_string\"}}],\"inLanguage\":\"cs\"},{\"@type\":\"Organization\",\"@id\":\"https:\/\/www.dakarmania.cz\/#organization\",\"name\":\"DAKAR MANIA\",\"url\":\"https:\/\/www.dakarmania.cz\/\",\"logo\":{\"@type\":\"ImageObject\",\"inLanguage\":\"cs\",\"@id\":\"https:\/\/www.dakarmania.cz\/#\/schema\/logo\/image\/\",\"url\":\"https:\/\/www.dakarmania.cz\/wp-content\/uploads\/2018\/12\/Dakar-Mania-Logo-Square-Orange.png\",\"contentUrl\":\"https:\/\/www.dakarmania.cz\/wp-content\/uploads\/2018\/12\/Dakar-Mania-Logo-Square-Orange.png\",\"width\":992,\"height\":992,\"caption\":\"DAKAR MANIA\"},\"image\":{\"@id\":\"https:\/\/www.dakarmania.cz\/#\/schema\/logo\/image\/\"},\"sameAs\":[\"https:\/\/www.facebook.com\/dakarmania\/\"]},{\"@type\":\"Person\",\"@id\":\"https:\/\/www.dakarmania.cz\/#\/schema\/person\/04eb0e87a389631c2169c0dddae7ff1e\",\"name\":\"Zden\u011bk Zelenka\",\"image\":{\"@type\":\"ImageObject\",\"inLanguage\":\"cs\",\"@id\":\"https:\/\/www.dakarmania.cz\/#\/schema\/person\/image\/\",\"url\":\"https:\/\/secure.gravatar.com\/avatar\/2c80d5a4942fe0900b73cc7d3837a509d6ee0a276a2b76dac95c92bd0763a89b?s=96&d=mm&r=g\",\"contentUrl\":\"https:\/\/secure.gravatar.com\/avatar\/2c80d5a4942fe0900b73cc7d3837a509d6ee0a276a2b76dac95c92bd0763a89b?s=96&d=mm&r=g\",\"caption\":\"Zden\u011bk Zelenka\"},\"description\":\"Moji d\u011bt\u0161t\u00ed hrdinov\u00e9 se jmenovali Loprais, Moskal, Neveu, Vatanen, Rahier... A tihle borci, jejich n\u00e1sledovn\u00edci a jejich p\u0159\u00edb\u011bhy m\u011b nep\u0159estali fascinovat ani po letech, kdy jsem vyrostl a zam\u011bstn\u00e1valy m\u011b jin\u00e9 discipl\u00edny motorsportu. Proto se zrodila DAKARMANIA.\",\"url\":\"https:\/\/www.dakarmania.cz\/index.php\/author\/dakarmania\/\"}]}<\/script>\n<!-- \/ Yoast SEO plugin. -->","yoast_head_json":{"title":"Dakar 2019: Ale\u0161 Loprais v posledn\u00ed etap\u011b druh\u00fd, celkov\u011b p\u00e1t\u00fd - DAKARMANIA.cz","description":"Pos\u00e1dka Tatry Jamal pilotovan\u00e9 Ale\u0161em Lopraisem se s Rally Dakar 2019 rozlou\u010dila druh\u00fdm \u010dasem v posledn\u00ed etap\u011b.","robots":{"index":"index","follow":"follow","max-snippet":"max-snippet:-1","max-image-preview":"max-image-preview:large","max-video-preview":"max-video-preview:-1"},"canonical":"https:\/\/www.dakarmania.cz\/index.php\/2019\/01\/17\/dakar-2019-ales-loprais-v-posledni-etape-druhy-celkove-paty\/","og_locale":"cs_CZ","og_type":"article","og_title":"Dakar 2019: Ale\u0161 Loprais v posledn\u00ed etap\u011b druh\u00fd, celkov\u011b p\u00e1t\u00fd - DAKARMANIA.cz","og_description":"Pos\u00e1dka Tatry Jamal pilotovan\u00e9 Ale\u0161em Lopraisem se s Rally Dakar 2019 rozlou\u010dila druh\u00fdm \u010dasem v posledn\u00ed etap\u011b.","og_url":"https:\/\/www.dakarmania.cz\/index.php\/2019\/01\/17\/dakar-2019-ales-loprais-v-posledni-etape-druhy-celkove-paty\/","og_site_name":"DAKARMANIA.cz","article_publisher":"https:\/\/www.facebook.com\/dakarmania\/","article_published_time":"2019-01-17T15:45:04+00:00","article_modified_time":"2021-08-10T20:24:57+00:00","og_image":[{"width":2048,"height":1365,"url":"https:\/\/www.dakarmania.cz\/wp-content\/uploads\/2019\/01\/19-dakar-loprais-20.jpg","type":"image\/jpeg"}],"author":"Zden\u011bk Zelenka","twitter_card":"summary_large_image","twitter_misc":{"Napsal(a)":"Zden\u011bk Zelenka","Odhadovan\u00e1 doba \u010dten\u00ed":"3 minuty"},"schema":{"@context":"https:\/\/schema.org","@graph":[{"@type":"Article","@id":"https:\/\/www.dakarmania.cz\/index.php\/2019\/01\/17\/dakar-2019-ales-loprais-v-posledni-etape-druhy-celkove-paty\/#article","isPartOf":{"@id":"https:\/\/www.dakarmania.cz\/index.php\/2019\/01\/17\/dakar-2019-ales-loprais-v-posledni-etape-druhy-celkove-paty\/"},"author":{"name":"Zden\u011bk Zelenka","@id":"https:\/\/www.dakarmania.cz\/#\/schema\/person\/04eb0e87a389631c2169c0dddae7ff1e"},"headline":"Dakar 2019: Ale\u0161 Loprais v posledn\u00ed etap\u011b druh\u00fd, celkov\u011b p\u00e1t\u00fd","datePublished":"2019-01-17T15:45:04+00:00","dateModified":"2021-08-10T20:24:57+00:00","mainEntityOfPage":{"@id":"https:\/\/www.dakarmania.cz\/index.php\/2019\/01\/17\/dakar-2019-ales-loprais-v-posledni-etape-druhy-celkove-paty\/"},"wordCount":628,"commentCount":0,"publisher":{"@id":"https:\/\/www.dakarmania.cz\/#organization"},"image":{"@id":"https:\/\/www.dakarmania.cz\/index.php\/2019\/01\/17\/dakar-2019-ales-loprais-v-posledni-etape-druhy-celkove-paty\/#primaryimage"},"thumbnailUrl":"https:\/\/www.dakarmania.cz\/wp-content\/uploads\/2019\/01\/19-dakar-loprais-20.jpg","keywords":["Ale\u0161 Loprais","Dakar","Ferran Marco Alcayna","Gerard de Rooy","Iveco","Kamaz","Loprais Team","Moi Torrallardona","Petr Pokora","Tatra","Team De Rooy"],"articleSection":["Kamiony","Rally Dakar"],"inLanguage":"cs","potentialAction":[{"@type":"CommentAction","name":"Comment","target":["https:\/\/www.dakarmania.cz\/index.php\/2019\/01\/17\/dakar-2019-ales-loprais-v-posledni-etape-druhy-celkove-paty\/#respond"]}]},{"@type":"WebPage","@id":"https:\/\/www.dakarmania.cz\/index.php\/2019\/01\/17\/dakar-2019-ales-loprais-v-posledni-etape-druhy-celkove-paty\/","url":"https:\/\/www.dakarmania.cz\/index.php\/2019\/01\/17\/dakar-2019-ales-loprais-v-posledni-etape-druhy-celkove-paty\/","name":"Dakar 2019: Ale\u0161 Loprais v posledn\u00ed etap\u011b druh\u00fd, celkov\u011b p\u00e1t\u00fd - DAKARMANIA.cz","isPartOf":{"@id":"https:\/\/www.dakarmania.cz\/#website"},"primaryImageOfPage":{"@id":"https:\/\/www.dakarmania.cz\/index.php\/2019\/01\/17\/dakar-2019-ales-loprais-v-posledni-etape-druhy-celkove-paty\/#primaryimage"},"image":{"@id":"https:\/\/www.dakarmania.cz\/index.php\/2019\/01\/17\/dakar-2019-ales-loprais-v-posledni-etape-druhy-celkove-paty\/#primaryimage"},"thumbnailUrl":"https:\/\/www.dakarmania.cz\/wp-content\/uploads\/2019\/01\/19-dakar-loprais-20.jpg","datePublished":"2019-01-17T15:45:04+00:00","dateModified":"2021-08-10T20:24:57+00:00","description":"Pos\u00e1dka Tatry Jamal pilotovan\u00e9 Ale\u0161em Lopraisem se s Rally Dakar 2019 rozlou\u010dila druh\u00fdm \u010dasem v posledn\u00ed etap\u011b.","breadcrumb":{"@id":"https:\/\/www.dakarmania.cz\/index.php\/2019\/01\/17\/dakar-2019-ales-loprais-v-posledni-etape-druhy-celkove-paty\/#breadcrumb"},"inLanguage":"cs","potentialAction":[{"@type":"ReadAction","target":["https:\/\/www.dakarmania.cz\/index.php\/2019\/01\/17\/dakar-2019-ales-loprais-v-posledni-etape-druhy-celkove-paty\/"]}]},{"@type":"ImageObject","inLanguage":"cs","@id":"https:\/\/www.dakarmania.cz\/index.php\/2019\/01\/17\/dakar-2019-ales-loprais-v-posledni-etape-druhy-celkove-paty\/#primaryimage","url":"https:\/\/www.dakarmania.cz\/wp-content\/uploads\/2019\/01\/19-dakar-loprais-20.jpg","contentUrl":"https:\/\/www.dakarmania.cz\/wp-content\/uploads\/2019\/01\/19-dakar-loprais-20.jpg","width":2048,"height":1365,"caption":"Ale\u0161 Loprais\/Ferran Marco Alcayna\/Petr Pokora, Tatra Jamal Queen 69, Instaforex Loprais Team. Rally Dakar 2019. \u00a9 Loprais Team"},{"@type":"BreadcrumbList","@id":"https:\/\/www.dakarmania.cz\/index.php\/2019\/01\/17\/dakar-2019-ales-loprais-v-posledni-etape-druhy-celkove-paty\/#breadcrumb","itemListElement":[{"@type":"ListItem","position":1,"name":"Dom\u016f","item":"https:\/\/www.dakarmania.cz\/"},{"@type":"ListItem","position":2,"name":"Dakar 2019: Ale\u0161 Loprais v posledn\u00ed etap\u011b druh\u00fd, celkov\u011b p\u00e1t\u00fd"}]},{"@type":"WebSite","@id":"https:\/\/www.dakarmania.cz\/#website","url":"https:\/\/www.dakarmania.cz\/","name":"DAKARMANIA.cz","description":"\u017dijeme Dakarem cel\u00fd rok","publisher":{"@id":"https:\/\/www.dakarmania.cz\/#organization"},"potentialAction":[{"@type":"SearchAction","target":{"@type":"EntryPoint","urlTemplate":"https:\/\/www.dakarmania.cz\/?s={search_term_string}"},"query-input":{"@type":"PropertyValueSpecification","valueRequired":true,"valueName":"search_term_string"}}],"inLanguage":"cs"},{"@type":"Organization","@id":"https:\/\/www.dakarmania.cz\/#organization","name":"DAKAR MANIA","url":"https:\/\/www.dakarmania.cz\/","logo":{"@type":"ImageObject","inLanguage":"cs","@id":"https:\/\/www.dakarmania.cz\/#\/schema\/logo\/image\/","url":"https:\/\/www.dakarmania.cz\/wp-content\/uploads\/2018\/12\/Dakar-Mania-Logo-Square-Orange.png","contentUrl":"https:\/\/www.dakarmania.cz\/wp-content\/uploads\/2018\/12\/Dakar-Mania-Logo-Square-Orange.png","width":992,"height":992,"caption":"DAKAR MANIA"},"image":{"@id":"https:\/\/www.dakarmania.cz\/#\/schema\/logo\/image\/"},"sameAs":["https:\/\/www.facebook.com\/dakarmania\/"]},{"@type":"Person","@id":"https:\/\/www.dakarmania.cz\/#\/schema\/person\/04eb0e87a389631c2169c0dddae7ff1e","name":"Zden\u011bk Zelenka","image":{"@type":"ImageObject","inLanguage":"cs","@id":"https:\/\/www.dakarmania.cz\/#\/schema\/person\/image\/","url":"https:\/\/secure.gravatar.com\/avatar\/2c80d5a4942fe0900b73cc7d3837a509d6ee0a276a2b76dac95c92bd0763a89b?s=96&d=mm&r=g","contentUrl":"https:\/\/secure.gravatar.com\/avatar\/2c80d5a4942fe0900b73cc7d3837a509d6ee0a276a2b76dac95c92bd0763a89b?s=96&d=mm&r=g","caption":"Zden\u011bk Zelenka"},"description":"Moji d\u011bt\u0161t\u00ed hrdinov\u00e9 se jmenovali Loprais, Moskal, Neveu, Vatanen, Rahier... A tihle borci, jejich n\u00e1sledovn\u00edci a jejich p\u0159\u00edb\u011bhy m\u011b nep\u0159estali fascinovat ani po letech, kdy jsem vyrostl a zam\u011bstn\u00e1valy m\u011b jin\u00e9 discipl\u00edny motorsportu. Proto se zrodila DAKARMANIA.","url":"https:\/\/www.dakarmania.cz\/index.php\/author\/dakarmania\/"}]}},"amp_enabled":true,"_links":{"self":[{"href":"https:\/\/www.dakarmania.cz\/index.php\/wp-json\/wp\/v2\/posts\/2380","targetHints":{"allow":["GET"]}}],"collection":[{"href":"https:\/\/www.dakarmania.cz\/index.php\/wp-json\/wp\/v2\/posts"}],"about":[{"href":"https:\/\/www.dakarmania.cz\/index.php\/wp-json\/wp\/v2\/types\/post"}],"author":[{"embeddable":true,"href":"https:\/\/www.dakarmania.cz\/index.php\/wp-json\/wp\/v2\/users\/1"}],"replies":[{"embeddable":true,"href":"https:\/\/www.dakarmania.cz\/index.php\/wp-json\/wp\/v2\/comments?post=2380"}],"version-history":[{"count":11,"href":"https:\/\/www.dakarmania.cz\/index.php\/wp-json\/wp\/v2\/posts\/2380\/revisions"}],"predecessor-version":[{"id":22518,"href":"https:\/\/www.dakarmania.cz\/index.php\/wp-json\/wp\/v2\/posts\/2380\/revisions\/22518"}],"wp:featuredmedia":[{"embeddable":true,"href":"https:\/\/www.dakarmania.cz\/index.php\/wp-json\/wp\/v2\/media\/2379"}],"wp:attachment":[{"href":"https:\/\/www.dakarmania.cz\/index.php\/wp-json\/wp\/v2\/media?parent=2380"}],"wp:term":[{"taxonomy":"category","embeddable":true,"href":"https:\/\/www.dakarmania.cz\/index.php\/wp-json\/wp\/v2\/categories?post=2380"},{"taxonomy":"post_tag","embeddable":true,"href":"https:\/\/www.dakarmania.cz\/index.php\/wp-json\/wp\/v2\/tags?post=2380"}],"curies":[{"name":"wp","href":"https:\/\/api.w.org\/{rel}","templated":true}]}}