{"id":23989,"date":"2023-01-02T23:53:48","date_gmt":"2023-01-02T22:53:48","guid":{"rendered":"https:\/\/www.dakarmania.cz\/?p=23989"},"modified":"2023-01-03T02:06:55","modified_gmt":"2023-01-03T01:06:55","slug":"klein-navazal-na-svitka","status":"publish","type":"post","link":"https:\/\/www.dakarmania.cz\/index.php\/2023\/01\/02\/klein-navazal-na-svitka\/","title":{"rendered":"Dakarsk\u00e9 st\u0159\u00edpky: Mlad\u00ed\u010dek Klein nav\u00e1zal na \u0160tefana Svitka"},"content":{"rendered":"\n<h3 class=\"wp-block-heading\">Komunita \u0161pi\u010dkov\u00fdch americk\u00fdch motork\u00e1\u0159\u016f se na Dakaru v posledn\u00edch letech ut\u011b\u0161en\u011b roz\u0161i\u0159uje. Po Rickym Brabecovi a Skyleru Howesovi se mezi absolutn\u00ed elitou \u00fasp\u011b\u0161n\u011b zabydluje jednadvacetilet\u00fd Mason Klein.<\/h3>\n\n\n\n<figure class=\"wp-block-image size-full is-style-default\"><img loading=\"lazy\" decoding=\"async\" width=\"1024\" height=\"683\" src=\"https:\/\/www.dakarmania.cz\/wp-content\/uploads\/2023\/01\/23-dkr-klein-01.jpg\" alt=\"\" class=\"wp-image-23988\" srcset=\"https:\/\/www.dakarmania.cz\/wp-content\/uploads\/2023\/01\/23-dkr-klein-01.jpg 1024w, https:\/\/www.dakarmania.cz\/wp-content\/uploads\/2023\/01\/23-dkr-klein-01-300x200.jpg 300w, https:\/\/www.dakarmania.cz\/wp-content\/uploads\/2023\/01\/23-dkr-klein-01-768x512.jpg 768w, https:\/\/www.dakarmania.cz\/wp-content\/uploads\/2023\/01\/23-dkr-klein-01-825x550.jpg 825w, https:\/\/www.dakarmania.cz\/wp-content\/uploads\/2023\/01\/23-dkr-klein-01-447x298.jpg 447w, https:\/\/www.dakarmania.cz\/wp-content\/uploads\/2023\/01\/23-dkr-klein-01-600x400.jpg 600w\" sizes=\"auto, (max-width: 1024px) 100vw, 1024px\" \/><\/figure>\n\n\n\n<p>Mlad\u00fd Kalifor\u0148an se p\u0159ed rokem stal nej\u00fasp\u011b\u0161n\u011bj\u0161\u00edm nov\u00e1\u010dkem, kdy\u017e si krom\u011b v\u00edt\u011bzstv\u00ed ve skupin\u011b Rally2 p\u0159ipsal tak\u00e9 dev\u00e1t\u00e9 m\u00edsto absolutn\u011b. Na z\u00e1klad\u011b dosa\u017een\u00fdch v\u00fdsledk\u016f letos startuje v nejpresti\u017en\u011bj\u0161\u00ed skupin\u011b RallyGP a v barv\u00e1ch BAS World KTM Rally Teamu nep\u0159est\u00e1v\u00e1 udivovat.<\/p>\n\n\n\n<p>Ve druh\u00e9 etap\u011b ze Sea Campu do \u00daly byl nejrychlej\u0161\u00ed, p\u0159esto\u017ee nesedl\u00e1 motocykl \u017e\u00e1dn\u00e9ho z tov\u00e1rn\u00edch t\u00fdm\u016f. Obdobn\u00fd kousek se jezdci soukrom\u00e9ho t\u00fdmu naposledy povedl v roce 2016, kdy v etap\u011b Bel\u00e9n \u2013 La Rioja v\u0161echny fabrick\u00e9 jezdce za sv\u00fdmi z\u00e1dy nechal Slov\u00e1k \u0160tefan Svitko.<\/p>\n\n\n\n<figure class=\"wp-block-image size-large is-style-default\"><a href=\"https:\/\/eshop.dakarmania.cz\/casopis\/\"><img loading=\"lazy\" decoding=\"async\" width=\"1024\" height=\"683\" src=\"https:\/\/www.dakarmania.cz\/wp-content\/uploads\/2022\/11\/vyprodej-dkrm-01-04-1024x683.jpg\" alt=\"Magaz\u00edn DAKARMANIA - v\u00fdprodej\" class=\"wp-image-23955\" srcset=\"https:\/\/www.dakarmania.cz\/wp-content\/uploads\/2022\/11\/vyprodej-dkrm-01-04-1024x683.jpg 1024w, https:\/\/www.dakarmania.cz\/wp-content\/uploads\/2022\/11\/vyprodej-dkrm-01-04-300x200.jpg 300w, https:\/\/www.dakarmania.cz\/wp-content\/uploads\/2022\/11\/vyprodej-dkrm-01-04-768x512.jpg 768w, https:\/\/www.dakarmania.cz\/wp-content\/uploads\/2022\/11\/vyprodej-dkrm-01-04-1536x1024.jpg 1536w, https:\/\/www.dakarmania.cz\/wp-content\/uploads\/2022\/11\/vyprodej-dkrm-01-04-2048x1365.jpg 2048w, https:\/\/www.dakarmania.cz\/wp-content\/uploads\/2022\/11\/vyprodej-dkrm-01-04-825x550.jpg 825w, https:\/\/www.dakarmania.cz\/wp-content\/uploads\/2022\/11\/vyprodej-dkrm-01-04-447x298.jpg 447w, https:\/\/www.dakarmania.cz\/wp-content\/uploads\/2022\/11\/vyprodej-dkrm-01-04-600x400.jpg 600w\" sizes=\"auto, (max-width: 1024px) 100vw, 1024px\" \/><\/a><\/figure>\n\n\n\n<p><em>\u201eDnes jsem se c\u00edtil v\u00e1\u017en\u011b dob\u0159e, tedy a\u017e na penalizaci. Ale jinak to bylo mimo\u0159\u00e1dn\u011b p\u011bkn\u00e9,\u201c<\/em> pochvaloval si <strong>Mason Klein<\/strong>, jeho\u017e o d\u00edl\u010d\u00ed v\u00edt\u011bzstv\u00ed nep\u0159ipravily ani dv\u011b trestn\u00e9 minuty za p\u0159ekro\u010den\u00ed maxim\u00e1ln\u00ed povolen\u00e9 rychlosti v z\u00f3n\u011b s jej\u00edm omezen\u00edm. <em>\u201eV\u011bt\u0161inu rychlostn\u00ed zkou\u0161ky jsem sledoval ostatn\u00ed kluky, ale v z\u00e1v\u011bru si ze m\u011b za\u010dali d\u011blat legraci, \u017ee nejdu do \u010dela a nech\u00e1v\u00e1m je, aby to v\u0161echno odd\u0159eli. Tak jsem si \u0159ekl, \u017ee to tedy vezmu na sebe, nechal jsem je za sebou a dopadlo to dob\u0159e.\u201c<\/em><\/p>\n\n\n\n<p>Jednadvacetilet\u00fd Klein se d\u00edky v\u00fdh\u0159e ve druh\u00e9 etap\u011b Dakaru 2023 ujal veden\u00ed v pr\u016fb\u011b\u017en\u00e9m hodnocen\u00ed kategorie motocykl\u016f. P\u0159ed druh\u00fdm N\u011bmcem Sebastianem B\u00fchlerem (Hero) a t\u0159et\u00edm krajanem Skylerem Howesem na tov\u00e1rn\u00ed Husqvarn\u011b m\u00e1 v\u00edce ne\u017e minutov\u00fd n\u00e1skok.<\/p>\n","protected":false},"excerpt":{"rendered":"<p>Komunita \u0161pi\u010dkov\u00fdch americk\u00fdch motork\u00e1\u0159\u016f se na Dakaru v posledn\u00edch letech ut\u011b\u0161en\u011b roz\u0161i\u0159uje. Po Rickym Brabecovi a Skyleru Howesovi se mezi absolutn\u00ed elitou \u00fasp\u011b\u0161n\u011b zabydluje jednadvacetilet\u00fd Mason Klein.<\/p>\n","protected":false},"author":1,"featured_media":23988,"comment_status":"closed","ping_status":"closed","sticky":false,"template":"","format":"standard","meta":{"footnotes":""},"categories":[1923,15],"tags":[1705,8,1797,1925],"class_list":["post-23989","post","type-post","status-publish","format-standard","has-post-thumbnail","hentry","category-dakar-2023","category-moto-quad","tag-1705","tag-dakar","tag-dakar-2023","tag-mason-klein"],"yoast_head":"<!-- This site is optimized with the Yoast SEO plugin v24.9 - https:\/\/yoast.com\/wordpress\/plugins\/seo\/ -->\n<title>Dakarsk\u00e9 st\u0159\u00edpky: Mlad\u00ed\u010dek Klein nav\u00e1zal na \u0160tefana Svitka - DAKARMANIA.cz<\/title>\n<meta name=\"robots\" content=\"index, follow, max-snippet:-1, max-image-preview:large, max-video-preview:-1\" \/>\n<link rel=\"canonical\" href=\"https:\/\/www.dakarmania.cz\/index.php\/2023\/01\/02\/klein-navazal-na-svitka\/\" \/>\n<meta property=\"og:locale\" content=\"cs_CZ\" \/>\n<meta property=\"og:type\" content=\"article\" \/>\n<meta property=\"og:title\" content=\"Dakarsk\u00e9 st\u0159\u00edpky: Mlad\u00ed\u010dek Klein nav\u00e1zal na \u0160tefana Svitka - DAKARMANIA.cz\" \/>\n<meta property=\"og:description\" content=\"Komunita \u0161pi\u010dkov\u00fdch americk\u00fdch motork\u00e1\u0159\u016f se na Dakaru v posledn\u00edch letech ut\u011b\u0161en\u011b roz\u0161i\u0159uje. Po Rickym Brabecovi a Skyleru Howesovi se mezi absolutn\u00ed elitou \u00fasp\u011b\u0161n\u011b zabydluje jednadvacetilet\u00fd Mason Klein.\" \/>\n<meta property=\"og:url\" content=\"https:\/\/www.dakarmania.cz\/index.php\/2023\/01\/02\/klein-navazal-na-svitka\/\" \/>\n<meta property=\"og:site_name\" content=\"DAKARMANIA.cz\" \/>\n<meta property=\"article:publisher\" content=\"https:\/\/www.facebook.com\/dakarmania\/\" \/>\n<meta property=\"article:published_time\" content=\"2023-01-02T22:53:48+00:00\" \/>\n<meta property=\"article:modified_time\" content=\"2023-01-03T01:06:55+00:00\" \/>\n<meta property=\"og:image\" content=\"https:\/\/www.dakarmania.cz\/wp-content\/uploads\/2023\/01\/23-dkr-klein-01.jpg\" \/>\n\t<meta property=\"og:image:width\" content=\"1024\" \/>\n\t<meta property=\"og:image:height\" content=\"683\" \/>\n\t<meta property=\"og:image:type\" content=\"image\/jpeg\" \/>\n<meta name=\"author\" content=\"Zden\u011bk Zelenka\" \/>\n<meta name=\"twitter:card\" content=\"summary_large_image\" \/>\n<meta name=\"twitter:label1\" content=\"Napsal(a)\" \/>\n\t<meta name=\"twitter:data1\" content=\"Zden\u011bk Zelenka\" \/>\n\t<meta name=\"twitter:label2\" content=\"Odhadovan\u00e1 doba \u010dten\u00ed\" \/>\n\t<meta name=\"twitter:data2\" content=\"2 minuty\" \/>\n<script type=\"application\/ld+json\" class=\"yoast-schema-graph\">{\"@context\":\"https:\/\/schema.org\",\"@graph\":[{\"@type\":\"Article\",\"@id\":\"https:\/\/www.dakarmania.cz\/index.php\/2023\/01\/02\/klein-navazal-na-svitka\/#article\",\"isPartOf\":{\"@id\":\"https:\/\/www.dakarmania.cz\/index.php\/2023\/01\/02\/klein-navazal-na-svitka\/\"},\"author\":{\"name\":\"Zden\u011bk Zelenka\",\"@id\":\"https:\/\/www.dakarmania.cz\/#\/schema\/person\/04eb0e87a389631c2169c0dddae7ff1e\"},\"headline\":\"Dakarsk\u00e9 st\u0159\u00edpky: Mlad\u00ed\u010dek Klein nav\u00e1zal na \u0160tefana Svitka\",\"datePublished\":\"2023-01-02T22:53:48+00:00\",\"dateModified\":\"2023-01-03T01:06:55+00:00\",\"mainEntityOfPage\":{\"@id\":\"https:\/\/www.dakarmania.cz\/index.php\/2023\/01\/02\/klein-navazal-na-svitka\/\"},\"wordCount\":325,\"publisher\":{\"@id\":\"https:\/\/www.dakarmania.cz\/#organization\"},\"image\":{\"@id\":\"https:\/\/www.dakarmania.cz\/index.php\/2023\/01\/02\/klein-navazal-na-svitka\/#primaryimage\"},\"thumbnailUrl\":\"https:\/\/www.dakarmania.cz\/wp-content\/uploads\/2023\/01\/23-dkr-klein-01.jpg\",\"keywords\":[\"2023\",\"Dakar\",\"Dakar 2023\",\"Mason Klein\"],\"articleSection\":[\"Dakar 2023\",\"Moto\/Quad\"],\"inLanguage\":\"cs\"},{\"@type\":\"WebPage\",\"@id\":\"https:\/\/www.dakarmania.cz\/index.php\/2023\/01\/02\/klein-navazal-na-svitka\/\",\"url\":\"https:\/\/www.dakarmania.cz\/index.php\/2023\/01\/02\/klein-navazal-na-svitka\/\",\"name\":\"Dakarsk\u00e9 st\u0159\u00edpky: Mlad\u00ed\u010dek Klein nav\u00e1zal na \u0160tefana Svitka - DAKARMANIA.cz\",\"isPartOf\":{\"@id\":\"https:\/\/www.dakarmania.cz\/#website\"},\"primaryImageOfPage\":{\"@id\":\"https:\/\/www.dakarmania.cz\/index.php\/2023\/01\/02\/klein-navazal-na-svitka\/#primaryimage\"},\"image\":{\"@id\":\"https:\/\/www.dakarmania.cz\/index.php\/2023\/01\/02\/klein-navazal-na-svitka\/#primaryimage\"},\"thumbnailUrl\":\"https:\/\/www.dakarmania.cz\/wp-content\/uploads\/2023\/01\/23-dkr-klein-01.jpg\",\"datePublished\":\"2023-01-02T22:53:48+00:00\",\"dateModified\":\"2023-01-03T01:06:55+00:00\",\"breadcrumb\":{\"@id\":\"https:\/\/www.dakarmania.cz\/index.php\/2023\/01\/02\/klein-navazal-na-svitka\/#breadcrumb\"},\"inLanguage\":\"cs\",\"potentialAction\":[{\"@type\":\"ReadAction\",\"target\":[\"https:\/\/www.dakarmania.cz\/index.php\/2023\/01\/02\/klein-navazal-na-svitka\/\"]}]},{\"@type\":\"ImageObject\",\"inLanguage\":\"cs\",\"@id\":\"https:\/\/www.dakarmania.cz\/index.php\/2023\/01\/02\/klein-navazal-na-svitka\/#primaryimage\",\"url\":\"https:\/\/www.dakarmania.cz\/wp-content\/uploads\/2023\/01\/23-dkr-klein-01.jpg\",\"contentUrl\":\"https:\/\/www.dakarmania.cz\/wp-content\/uploads\/2023\/01\/23-dkr-klein-01.jpg\",\"width\":1024,\"height\":683},{\"@type\":\"BreadcrumbList\",\"@id\":\"https:\/\/www.dakarmania.cz\/index.php\/2023\/01\/02\/klein-navazal-na-svitka\/#breadcrumb\",\"itemListElement\":[{\"@type\":\"ListItem\",\"position\":1,\"name\":\"Dom\u016f\",\"item\":\"https:\/\/www.dakarmania.cz\/\"},{\"@type\":\"ListItem\",\"position\":2,\"name\":\"Dakarsk\u00e9 st\u0159\u00edpky: Mlad\u00ed\u010dek Klein nav\u00e1zal na \u0160tefana Svitka\"}]},{\"@type\":\"WebSite\",\"@id\":\"https:\/\/www.dakarmania.cz\/#website\",\"url\":\"https:\/\/www.dakarmania.cz\/\",\"name\":\"DAKARMANIA.cz\",\"description\":\"\u017dijeme Dakarem cel\u00fd rok\",\"publisher\":{\"@id\":\"https:\/\/www.dakarmania.cz\/#organization\"},\"potentialAction\":[{\"@type\":\"SearchAction\",\"target\":{\"@type\":\"EntryPoint\",\"urlTemplate\":\"https:\/\/www.dakarmania.cz\/?s={search_term_string}\"},\"query-input\":{\"@type\":\"PropertyValueSpecification\",\"valueRequired\":true,\"valueName\":\"search_term_string\"}}],\"inLanguage\":\"cs\"},{\"@type\":\"Organization\",\"@id\":\"https:\/\/www.dakarmania.cz\/#organization\",\"name\":\"DAKAR MANIA\",\"url\":\"https:\/\/www.dakarmania.cz\/\",\"logo\":{\"@type\":\"ImageObject\",\"inLanguage\":\"cs\",\"@id\":\"https:\/\/www.dakarmania.cz\/#\/schema\/logo\/image\/\",\"url\":\"https:\/\/www.dakarmania.cz\/wp-content\/uploads\/2018\/12\/Dakar-Mania-Logo-Square-Orange.png\",\"contentUrl\":\"https:\/\/www.dakarmania.cz\/wp-content\/uploads\/2018\/12\/Dakar-Mania-Logo-Square-Orange.png\",\"width\":992,\"height\":992,\"caption\":\"DAKAR MANIA\"},\"image\":{\"@id\":\"https:\/\/www.dakarmania.cz\/#\/schema\/logo\/image\/\"},\"sameAs\":[\"https:\/\/www.facebook.com\/dakarmania\/\"]},{\"@type\":\"Person\",\"@id\":\"https:\/\/www.dakarmania.cz\/#\/schema\/person\/04eb0e87a389631c2169c0dddae7ff1e\",\"name\":\"Zden\u011bk Zelenka\",\"image\":{\"@type\":\"ImageObject\",\"inLanguage\":\"cs\",\"@id\":\"https:\/\/www.dakarmania.cz\/#\/schema\/person\/image\/\",\"url\":\"https:\/\/secure.gravatar.com\/avatar\/2c80d5a4942fe0900b73cc7d3837a509d6ee0a276a2b76dac95c92bd0763a89b?s=96&d=mm&r=g\",\"contentUrl\":\"https:\/\/secure.gravatar.com\/avatar\/2c80d5a4942fe0900b73cc7d3837a509d6ee0a276a2b76dac95c92bd0763a89b?s=96&d=mm&r=g\",\"caption\":\"Zden\u011bk Zelenka\"},\"description\":\"Moji d\u011bt\u0161t\u00ed hrdinov\u00e9 se jmenovali Loprais, Moskal, Neveu, Vatanen, Rahier... A tihle borci, jejich n\u00e1sledovn\u00edci a jejich p\u0159\u00edb\u011bhy m\u011b nep\u0159estali fascinovat ani po letech, kdy jsem vyrostl a zam\u011bstn\u00e1valy m\u011b jin\u00e9 discipl\u00edny motorsportu. Proto se zrodila DAKARMANIA.\",\"url\":\"https:\/\/www.dakarmania.cz\/index.php\/author\/dakarmania\/\"}]}<\/script>\n<!-- \/ Yoast SEO plugin. -->","yoast_head_json":{"title":"Dakarsk\u00e9 st\u0159\u00edpky: Mlad\u00ed\u010dek Klein nav\u00e1zal na \u0160tefana Svitka - DAKARMANIA.cz","robots":{"index":"index","follow":"follow","max-snippet":"max-snippet:-1","max-image-preview":"max-image-preview:large","max-video-preview":"max-video-preview:-1"},"canonical":"https:\/\/www.dakarmania.cz\/index.php\/2023\/01\/02\/klein-navazal-na-svitka\/","og_locale":"cs_CZ","og_type":"article","og_title":"Dakarsk\u00e9 st\u0159\u00edpky: Mlad\u00ed\u010dek Klein nav\u00e1zal na \u0160tefana Svitka - DAKARMANIA.cz","og_description":"Komunita \u0161pi\u010dkov\u00fdch americk\u00fdch motork\u00e1\u0159\u016f se na Dakaru v posledn\u00edch letech ut\u011b\u0161en\u011b roz\u0161i\u0159uje. Po Rickym Brabecovi a Skyleru Howesovi se mezi absolutn\u00ed elitou \u00fasp\u011b\u0161n\u011b zabydluje jednadvacetilet\u00fd Mason Klein.","og_url":"https:\/\/www.dakarmania.cz\/index.php\/2023\/01\/02\/klein-navazal-na-svitka\/","og_site_name":"DAKARMANIA.cz","article_publisher":"https:\/\/www.facebook.com\/dakarmania\/","article_published_time":"2023-01-02T22:53:48+00:00","article_modified_time":"2023-01-03T01:06:55+00:00","og_image":[{"width":1024,"height":683,"url":"https:\/\/www.dakarmania.cz\/wp-content\/uploads\/2023\/01\/23-dkr-klein-01.jpg","type":"image\/jpeg"}],"author":"Zden\u011bk Zelenka","twitter_card":"summary_large_image","twitter_misc":{"Napsal(a)":"Zden\u011bk Zelenka","Odhadovan\u00e1 doba \u010dten\u00ed":"2 minuty"},"schema":{"@context":"https:\/\/schema.org","@graph":[{"@type":"Article","@id":"https:\/\/www.dakarmania.cz\/index.php\/2023\/01\/02\/klein-navazal-na-svitka\/#article","isPartOf":{"@id":"https:\/\/www.dakarmania.cz\/index.php\/2023\/01\/02\/klein-navazal-na-svitka\/"},"author":{"name":"Zden\u011bk Zelenka","@id":"https:\/\/www.dakarmania.cz\/#\/schema\/person\/04eb0e87a389631c2169c0dddae7ff1e"},"headline":"Dakarsk\u00e9 st\u0159\u00edpky: Mlad\u00ed\u010dek Klein nav\u00e1zal na \u0160tefana Svitka","datePublished":"2023-01-02T22:53:48+00:00","dateModified":"2023-01-03T01:06:55+00:00","mainEntityOfPage":{"@id":"https:\/\/www.dakarmania.cz\/index.php\/2023\/01\/02\/klein-navazal-na-svitka\/"},"wordCount":325,"publisher":{"@id":"https:\/\/www.dakarmania.cz\/#organization"},"image":{"@id":"https:\/\/www.dakarmania.cz\/index.php\/2023\/01\/02\/klein-navazal-na-svitka\/#primaryimage"},"thumbnailUrl":"https:\/\/www.dakarmania.cz\/wp-content\/uploads\/2023\/01\/23-dkr-klein-01.jpg","keywords":["2023","Dakar","Dakar 2023","Mason Klein"],"articleSection":["Dakar 2023","Moto\/Quad"],"inLanguage":"cs"},{"@type":"WebPage","@id":"https:\/\/www.dakarmania.cz\/index.php\/2023\/01\/02\/klein-navazal-na-svitka\/","url":"https:\/\/www.dakarmania.cz\/index.php\/2023\/01\/02\/klein-navazal-na-svitka\/","name":"Dakarsk\u00e9 st\u0159\u00edpky: Mlad\u00ed\u010dek Klein nav\u00e1zal na \u0160tefana Svitka - DAKARMANIA.cz","isPartOf":{"@id":"https:\/\/www.dakarmania.cz\/#website"},"primaryImageOfPage":{"@id":"https:\/\/www.dakarmania.cz\/index.php\/2023\/01\/02\/klein-navazal-na-svitka\/#primaryimage"},"image":{"@id":"https:\/\/www.dakarmania.cz\/index.php\/2023\/01\/02\/klein-navazal-na-svitka\/#primaryimage"},"thumbnailUrl":"https:\/\/www.dakarmania.cz\/wp-content\/uploads\/2023\/01\/23-dkr-klein-01.jpg","datePublished":"2023-01-02T22:53:48+00:00","dateModified":"2023-01-03T01:06:55+00:00","breadcrumb":{"@id":"https:\/\/www.dakarmania.cz\/index.php\/2023\/01\/02\/klein-navazal-na-svitka\/#breadcrumb"},"inLanguage":"cs","potentialAction":[{"@type":"ReadAction","target":["https:\/\/www.dakarmania.cz\/index.php\/2023\/01\/02\/klein-navazal-na-svitka\/"]}]},{"@type":"ImageObject","inLanguage":"cs","@id":"https:\/\/www.dakarmania.cz\/index.php\/2023\/01\/02\/klein-navazal-na-svitka\/#primaryimage","url":"https:\/\/www.dakarmania.cz\/wp-content\/uploads\/2023\/01\/23-dkr-klein-01.jpg","contentUrl":"https:\/\/www.dakarmania.cz\/wp-content\/uploads\/2023\/01\/23-dkr-klein-01.jpg","width":1024,"height":683},{"@type":"BreadcrumbList","@id":"https:\/\/www.dakarmania.cz\/index.php\/2023\/01\/02\/klein-navazal-na-svitka\/#breadcrumb","itemListElement":[{"@type":"ListItem","position":1,"name":"Dom\u016f","item":"https:\/\/www.dakarmania.cz\/"},{"@type":"ListItem","position":2,"name":"Dakarsk\u00e9 st\u0159\u00edpky: Mlad\u00ed\u010dek Klein nav\u00e1zal na \u0160tefana Svitka"}]},{"@type":"WebSite","@id":"https:\/\/www.dakarmania.cz\/#website","url":"https:\/\/www.dakarmania.cz\/","name":"DAKARMANIA.cz","description":"\u017dijeme Dakarem cel\u00fd rok","publisher":{"@id":"https:\/\/www.dakarmania.cz\/#organization"},"potentialAction":[{"@type":"SearchAction","target":{"@type":"EntryPoint","urlTemplate":"https:\/\/www.dakarmania.cz\/?s={search_term_string}"},"query-input":{"@type":"PropertyValueSpecification","valueRequired":true,"valueName":"search_term_string"}}],"inLanguage":"cs"},{"@type":"Organization","@id":"https:\/\/www.dakarmania.cz\/#organization","name":"DAKAR MANIA","url":"https:\/\/www.dakarmania.cz\/","logo":{"@type":"ImageObject","inLanguage":"cs","@id":"https:\/\/www.dakarmania.cz\/#\/schema\/logo\/image\/","url":"https:\/\/www.dakarmania.cz\/wp-content\/uploads\/2018\/12\/Dakar-Mania-Logo-Square-Orange.png","contentUrl":"https:\/\/www.dakarmania.cz\/wp-content\/uploads\/2018\/12\/Dakar-Mania-Logo-Square-Orange.png","width":992,"height":992,"caption":"DAKAR MANIA"},"image":{"@id":"https:\/\/www.dakarmania.cz\/#\/schema\/logo\/image\/"},"sameAs":["https:\/\/www.facebook.com\/dakarmania\/"]},{"@type":"Person","@id":"https:\/\/www.dakarmania.cz\/#\/schema\/person\/04eb0e87a389631c2169c0dddae7ff1e","name":"Zden\u011bk Zelenka","image":{"@type":"ImageObject","inLanguage":"cs","@id":"https:\/\/www.dakarmania.cz\/#\/schema\/person\/image\/","url":"https:\/\/secure.gravatar.com\/avatar\/2c80d5a4942fe0900b73cc7d3837a509d6ee0a276a2b76dac95c92bd0763a89b?s=96&d=mm&r=g","contentUrl":"https:\/\/secure.gravatar.com\/avatar\/2c80d5a4942fe0900b73cc7d3837a509d6ee0a276a2b76dac95c92bd0763a89b?s=96&d=mm&r=g","caption":"Zden\u011bk Zelenka"},"description":"Moji d\u011bt\u0161t\u00ed hrdinov\u00e9 se jmenovali Loprais, Moskal, Neveu, Vatanen, Rahier... A tihle borci, jejich n\u00e1sledovn\u00edci a jejich p\u0159\u00edb\u011bhy m\u011b nep\u0159estali fascinovat ani po letech, kdy jsem vyrostl a zam\u011bstn\u00e1valy m\u011b jin\u00e9 discipl\u00edny motorsportu. Proto se zrodila DAKARMANIA.","url":"https:\/\/www.dakarmania.cz\/index.php\/author\/dakarmania\/"}]}},"amp_enabled":true,"_links":{"self":[{"href":"https:\/\/www.dakarmania.cz\/index.php\/wp-json\/wp\/v2\/posts\/23989","targetHints":{"allow":["GET"]}}],"collection":[{"href":"https:\/\/www.dakarmania.cz\/index.php\/wp-json\/wp\/v2\/posts"}],"about":[{"href":"https:\/\/www.dakarmania.cz\/index.php\/wp-json\/wp\/v2\/types\/post"}],"author":[{"embeddable":true,"href":"https:\/\/www.dakarmania.cz\/index.php\/wp-json\/wp\/v2\/users\/1"}],"replies":[{"embeddable":true,"href":"https:\/\/www.dakarmania.cz\/index.php\/wp-json\/wp\/v2\/comments?post=23989"}],"version-history":[{"count":2,"href":"https:\/\/www.dakarmania.cz\/index.php\/wp-json\/wp\/v2\/posts\/23989\/revisions"}],"predecessor-version":[{"id":23991,"href":"https:\/\/www.dakarmania.cz\/index.php\/wp-json\/wp\/v2\/posts\/23989\/revisions\/23991"}],"wp:featuredmedia":[{"embeddable":true,"href":"https:\/\/www.dakarmania.cz\/index.php\/wp-json\/wp\/v2\/media\/23988"}],"wp:attachment":[{"href":"https:\/\/www.dakarmania.cz\/index.php\/wp-json\/wp\/v2\/media?parent=23989"}],"wp:term":[{"taxonomy":"category","embeddable":true,"href":"https:\/\/www.dakarmania.cz\/index.php\/wp-json\/wp\/v2\/categories?post=23989"},{"taxonomy":"post_tag","embeddable":true,"href":"https:\/\/www.dakarmania.cz\/index.php\/wp-json\/wp\/v2\/tags?post=23989"}],"curies":[{"name":"wp","href":"https:\/\/api.w.org\/{rel}","templated":true}]}}