{"id":24057,"date":"2023-01-05T17:42:18","date_gmt":"2023-01-05T16:42:18","guid":{"rendered":"https:\/\/www.dakarmania.cz\/?p=24057"},"modified":"2023-01-06T03:43:20","modified_gmt":"2023-01-06T02:43:20","slug":"dakar-2023-loprais-si-etapovym-vitezstvim-upevnil-vedeni","status":"publish","type":"post","link":"https:\/\/www.dakarmania.cz\/index.php\/2023\/01\/05\/dakar-2023-loprais-si-etapovym-vitezstvim-upevnil-vedeni\/","title":{"rendered":"Dakar 2023: Loprais si druh\u00fdm etapov\u00fdm v\u00edt\u011bzstv\u00edm upevnil pr\u016fb\u011b\u017en\u00e9 veden\u00ed"},"content":{"rendered":"<h3>Ale\u0161 Loprais se v dun\u00e1ch c\u00edt\u00ed jako ryba ve vod\u011b, co\u017e spole\u010dn\u011b se svou pos\u00e1dkou potvrdil v\u00fdkonem v okru\u017en\u00ed etap\u011b se startem a c\u00edlem v H\u00e1ilu. D\u00edky skv\u011bl\u00e9mu tempu, kter\u00e9 dr\u017eeli od prvn\u00edch kilometr\u016f, a brilantn\u00edmu z\u00e1v\u011bru op\u011bt nepatrn\u011b zv\u00fd\u0161ili sv\u016fj n\u00e1skok na \u010dele pr\u016fb\u011b\u017en\u00e9 klasifikace kamion\u016f.<\/h3>\n<figure id=\"attachment_24056\" aria-describedby=\"caption-attachment-24056\" style=\"width: 1024px\" class=\"wp-caption aligncenter\"><img loading=\"lazy\" decoding=\"async\" class=\"wp-image-24056 size-full\" src=\"https:\/\/www.dakarmania.cz\/wp-content\/uploads\/2023\/01\/loprais-dkr23-07.jpg\" alt=\"Ale\u0161 Loprais, Dakar 2023\" width=\"1024\" height=\"683\" srcset=\"https:\/\/www.dakarmania.cz\/wp-content\/uploads\/2023\/01\/loprais-dkr23-07.jpg 1024w, https:\/\/www.dakarmania.cz\/wp-content\/uploads\/2023\/01\/loprais-dkr23-07-300x200.jpg 300w, https:\/\/www.dakarmania.cz\/wp-content\/uploads\/2023\/01\/loprais-dkr23-07-768x512.jpg 768w, https:\/\/www.dakarmania.cz\/wp-content\/uploads\/2023\/01\/loprais-dkr23-07-825x550.jpg 825w, https:\/\/www.dakarmania.cz\/wp-content\/uploads\/2023\/01\/loprais-dkr23-07-447x298.jpg 447w, https:\/\/www.dakarmania.cz\/wp-content\/uploads\/2023\/01\/loprais-dkr23-07-600x400.jpg 600w\" sizes=\"auto, (max-width: 1024px) 100vw, 1024px\" \/><figcaption id=\"caption-attachment-24056\" class=\"wp-caption-text\">Ale\u0161 Loprais \/ Jaroslav Valtr ml. \/ Petr Pokora, Praga VS4 DKR, Instaforex Loprais Team. Dakar 2023. \u00a9 ASO\/DPPI<\/figcaption><\/figure>\n<p>P\u00e1t\u00e1 etapa Rally Dakar 2023 m\u011b\u0159ila 649 km a zavedla sout\u011b\u017e\u00edc\u00ed severn\u011b od H\u00e1ilu. Ale\u0161 Loprais s Jaroslavem Valtrem ml. a Petrem Pokorou si p\u0159\u00edmo na trati u\u017eili souboje s mlad\u00fdm Mitchelem van den Brinkem, ale s ohledem na dosavadn\u00ed v\u00fdvoj z\u00e1vodu je zaj\u00edmalo hlavn\u011b po\u010d\u00edn\u00e1n\u00ed Mitchelova otce Martina. Zku\u0161en\u00fd Nizozemec r\u00e1no opou\u0161t\u011bl bivak jako druh\u00fd mu\u017e pr\u016fb\u011b\u017en\u00e9 klasifikace, a jeho odstup od vedouc\u00edho Lopraise nav\u00edc po no\u010dn\u00ed <a href=\"https:\/\/www.dakarmania.cz\/index.php\/2023\/01\/06\/dakarske-stripky-macik-prisel-o-vitezstvi\/\">\u00faprav\u011b \u010das\u016f dosa\u017een\u00fdch v p\u0159edchoz\u00edch dnech<\/a> klesl z 27 na 15 minut.<\/p>\n<p>Zat\u00edmco pos\u00e1dka Instaforex Loprais Teamu dr\u017eela na \u010dtvrte\u010dn\u00ed speci\u00e1lce velmi konstantn\u00ed tempo, Martin van den Brink postupn\u011b zrychloval a duel dvou vedouc\u00edch kamion\u016f p\u0159\u00edjemn\u011b zdramatizoval. Ve druh\u00e9 polovin\u011b m\u011b\u0159en\u00e9ho \u00faseku oba vozy d\u011blilo na mezi\u010dasech v\u017edy jen n\u011bkolik sekund. Z\u00e1v\u011br v\u0161ak l\u00e9pe zvl\u00e1dla Praga V4S DKR se startovn\u00edm \u010d\u00edslem 508, jej\u00ed\u017e osazenstvo po 374 m\u011b\u0159en\u00fdch kilometrech a v\u00edce ne\u017e p\u011bti hodin\u00e1ch z\u00e1vod\u011bn\u00ed udolalo sv\u00e9 nizozemsk\u00e9 soupe\u0159e rozd\u00edlem pouh\u00fdch 16 sekund.<\/p>\n<p>Ale\u0161 Loprais vyhr\u00e1l dakarskou etapu u\u017e pojeden\u00e1ct\u00e9 a celkov\u011b nyn\u00ed p\u0159ed van den Brinkem vede o 15 minut a 22 sekund. T\u0159et\u00ed Janus van Kasteren ztr\u00e1c\u00ed t\u00e9m\u011b\u0159 52 minut.<\/p>\n<p><em>\u201eSice jsme nevyhr\u00e1li s velk\u00fdm n\u00e1skokem, ale s ohledem na to, jak to bylo rozbit\u00e9 a usk\u00e1kan\u00e9, jsme r\u00e1di, \u017ee jsme se dostali p\u0159ed t\u0159i kamiony, kter\u00e9 startovaly p\u0159ed n\u00e1mi. Zeza\u010d\u00e1tku to bylo velmi vyrovnan\u00e9, ve vte\u0159in\u00e1ch. \u0158\u00edkal jsem si, \u017ee se jede rallyov\u00fdm stylem na limit. V dun\u00e1ch jsme pak otev\u00edrali tra\u0165 ostatn\u00edm a tahali jsme, co to \u0161lo. Jsme r\u00e1di, \u017ee jsme v c\u00edli dal\u0161\u00ed etapy, d\u00e1l jdeme krok za krokem a pokra\u010dujeme v na\u0161\u00ed misi,\u201c<\/em> rekapituluje <strong>Ale\u0161 Loprais<\/strong>.<\/p>\n<p><em><img loading=\"lazy\" decoding=\"async\" class=\"aligncenter wp-image-23955 size-large\" src=\"https:\/\/www.dakarmania.cz\/wp-content\/uploads\/2022\/11\/vyprodej-dkrm-01-04-1024x683.jpg\" alt=\"Magaz\u00edn DAKARMANIA - v\u00fdprodej\" width=\"1010\" height=\"674\" srcset=\"https:\/\/www.dakarmania.cz\/wp-content\/uploads\/2022\/11\/vyprodej-dkrm-01-04-1024x683.jpg 1024w, https:\/\/www.dakarmania.cz\/wp-content\/uploads\/2022\/11\/vyprodej-dkrm-01-04-300x200.jpg 300w, https:\/\/www.dakarmania.cz\/wp-content\/uploads\/2022\/11\/vyprodej-dkrm-01-04-768x512.jpg 768w, https:\/\/www.dakarmania.cz\/wp-content\/uploads\/2022\/11\/vyprodej-dkrm-01-04-1536x1024.jpg 1536w, https:\/\/www.dakarmania.cz\/wp-content\/uploads\/2022\/11\/vyprodej-dkrm-01-04-2048x1365.jpg 2048w, https:\/\/www.dakarmania.cz\/wp-content\/uploads\/2022\/11\/vyprodej-dkrm-01-04-825x550.jpg 825w, https:\/\/www.dakarmania.cz\/wp-content\/uploads\/2022\/11\/vyprodej-dkrm-01-04-447x298.jpg 447w, https:\/\/www.dakarmania.cz\/wp-content\/uploads\/2022\/11\/vyprodej-dkrm-01-04-600x400.jpg 600w\" sizes=\"auto, (max-width: 1010px) 100vw, 1010px\" \/><\/em><\/p>\n<p><em>\u201eNaviga\u010dn\u011b dne\u0161n\u00ed etapa moc slo\u017eit\u00e1 nebyla, ale jelo se ve vysok\u00e9m tempu a kl\u00ed\u010dov\u00e1 byla kooperace v r\u00e1mci pos\u00e1dky p\u0159i hled\u00e1n\u00ed optim\u00e1ln\u00ed cesty, proto\u017ee na trati byla spousta t\u011b\u017ek\u00fdch v\u00fdjezd\u016f, kter\u00e9 se musely obj\u00ed\u017ed\u011bt. Ale v\u0161echno jsme zvl\u00e1dli a Alda byl dneska fenomen\u00e1ln\u00ed,\u201c<\/em> chv\u00e1l\u00ed po\u010d\u00edn\u00e1n\u00ed sv\u00e9ho pilota navig\u00e1tor <strong>Jaroslav Valtr ml.<\/strong><\/p>\n<p><em>\u201eP\u0159esn\u011b tohle m\u00e1m r\u00e1d. Kdy\u017e m\u016f\u017ee\u0161 v\u00fdsledek v\u00fdrazn\u011b ovlivnit hlavou a v\u00fdkonem pos\u00e1dky. Po\u010d\u00ednaje naj\u00ed\u017ed\u011bn\u00edm dun p\u0159es navigaci a\u017e po regulaci tlaku v pneumatik\u00e1ch. Tra\u0165 byla m\u00edsty hodn\u011b usk\u00e1kan\u00e1, ale celkov\u011b bylo hodn\u011b p\u00edsku a dun, co\u017e si jako pos\u00e1dka opravdu u\u017e\u00edv\u00e1me,\u201c<\/em> dod\u00e1v\u00e1 mechanik <strong>Petr Pokora<\/strong>, kter\u00fd stejn\u011b jako Jaroslav Valtr ml. vyhr\u00e1l dakarskou etapu podruh\u00e9 v kari\u00e9\u0159e, ale d\u00edl\u010d\u00edm v\u00fdsledk\u016fm odm\u00edt\u00e1 v\u011bnovat v\u011bt\u0161\u00ed pozornost: <em>\u201eNa to v\u016fbec nemysl\u00edm. M\u00e1m sta\u017een\u00e9 p\u016flky, aby se n\u011bco nestalo, a velik\u00fd respekt p\u0159ed t\u00edm, co n\u00e1s je\u0161t\u011b \u010dek\u00e1.\u201c<\/em><\/p>\n<p>V p\u00e1tek 6. ledna se z\u00e1vodn\u00edci po t\u0159ech noc\u00edch str\u00e1ven\u00fdch ve zdej\u0161\u00edm bivaku rozlou\u010d\u00ed s H\u00e1ilem a vydaj\u00ed se na jihov\u00fdchod. Nezam\u00ed\u0159\u00ed v\u0161ak do Davadm\u00ed, jak bylo pl\u00e1nov\u00e1no, nebo\u0165 p\u0159i pr\u016ftr\u017ei mra\u010den do\u0161lo v p\u0159edchoz\u00edch dnech k zatopen\u00ed prostoru vybran\u00e9ho pro bivak. Proto bude speci\u00e1lka \u0161est\u00e9 etapy zhruba o sto kilometr\u016f zkr\u00e1cena a po jej\u00edm absolvov\u00e1n\u00ed \u010dek\u00e1 \u00fa\u010dastn\u00edky je\u0161t\u011b asi t\u0159istakilometrov\u00fd p\u0159esun do bivaku v Rij\u00e1du.<\/p>\n<p>V sobotu 7. ledna se v r\u00e1mci sedm\u00e9 etapy pojede rychlostn\u00ed zkou\u0161ka, kter\u00e1 m\u011bla b\u00fdt p\u016fvodn\u011b sou\u010d\u00e1st\u00ed a\u017e osm\u00e9 etapy z Davadm\u00ed do Rij\u00e1du, napl\u00e1novan\u00e9 na ned\u011bli 8. ledna. O ned\u011bln\u00edm programu rozhodnou organiz\u00e1to\u0159i v n\u00e1sleduj\u00edc\u00edch dnech podle v\u00fdvoje po\u010das\u00ed.<\/p>\n<p><em>Tiskov\u00e1 zpr\u00e1va Instaforex Loprais Teamu<\/em><\/p>\n","protected":false},"excerpt":{"rendered":"<p>Ale\u0161 Loprais se v dun\u00e1ch c\u00edt\u00ed jako ryba ve vod\u011b, co\u017e spole\u010dn\u011b se svou pos\u00e1dkou potvrdil v\u00fdkonem v okru\u017en\u00ed etap\u011b se startem a c\u00edlem v H\u00e1ilu. D\u00edky skv\u011bl\u00e9mu tempu, kter\u00e9 dr\u017eeli od prvn\u00edch kilometr\u016f, a brilantn\u00edmu z\u00e1v\u011bru op\u011bt nepatrn\u011b zv\u00fd\u0161ili sv\u016fj n\u00e1skok na \u010dele pr\u016fb\u011b\u017en\u00e9 klasifikace kamion\u016f.<\/p>\n","protected":false},"author":3,"featured_media":24056,"comment_status":"closed","ping_status":"closed","sticky":false,"template":"","format":"standard","meta":{"footnotes":""},"categories":[1923,16,1914],"tags":[1705,65,8,1797,1342,69,67,1557],"class_list":["post-24057","post","type-post","status-publish","format-standard","has-post-thumbnail","hentry","category-dakar-2023","category-kamion","category-partneri","tag-1705","tag-ales-loprais","tag-dakar","tag-dakar-2023","tag-jaroslav-valtr-ml","tag-loprais-team","tag-petr-pokora","tag-praga"],"yoast_head":"<!-- This site is optimized with the Yoast SEO plugin v24.9 - https:\/\/yoast.com\/wordpress\/plugins\/seo\/ -->\n<title>Dakar 2023: Loprais si druh\u00fdm etapov\u00fdm v\u00edt\u011bzstv\u00edm upevnil pr\u016fb\u011b\u017en\u00e9 veden\u00ed - DAKARMANIA.cz<\/title>\n<meta name=\"description\" content=\"Ale\u0161 Loprais se v dun\u00e1ch c\u00edt\u00ed jako ryba ve vod\u011b, co\u017e spole\u010dn\u011b se svou pos\u00e1dkou potvrdil v\u00fdkonem v okru\u017en\u00ed etap\u011b se startem a c\u00edlem v H\u00e1ilu.\" \/>\n<meta name=\"robots\" content=\"index, follow, max-snippet:-1, max-image-preview:large, max-video-preview:-1\" \/>\n<link rel=\"canonical\" href=\"https:\/\/www.dakarmania.cz\/index.php\/2023\/01\/05\/dakar-2023-loprais-si-etapovym-vitezstvim-upevnil-vedeni\/\" \/>\n<meta property=\"og:locale\" content=\"cs_CZ\" \/>\n<meta property=\"og:type\" content=\"article\" \/>\n<meta property=\"og:title\" content=\"Dakar 2023: Loprais si druh\u00fdm etapov\u00fdm v\u00edt\u011bzstv\u00edm upevnil pr\u016fb\u011b\u017en\u00e9 veden\u00ed - DAKARMANIA.cz\" \/>\n<meta property=\"og:description\" content=\"Ale\u0161 Loprais se v dun\u00e1ch c\u00edt\u00ed jako ryba ve vod\u011b, co\u017e spole\u010dn\u011b se svou pos\u00e1dkou potvrdil v\u00fdkonem v okru\u017en\u00ed etap\u011b se startem a c\u00edlem v H\u00e1ilu.\" \/>\n<meta property=\"og:url\" content=\"https:\/\/www.dakarmania.cz\/index.php\/2023\/01\/05\/dakar-2023-loprais-si-etapovym-vitezstvim-upevnil-vedeni\/\" \/>\n<meta property=\"og:site_name\" content=\"DAKARMANIA.cz\" \/>\n<meta property=\"article:publisher\" content=\"https:\/\/www.facebook.com\/dakarmania\/\" \/>\n<meta property=\"article:published_time\" content=\"2023-01-05T16:42:18+00:00\" \/>\n<meta property=\"article:modified_time\" content=\"2023-01-06T02:43:20+00:00\" \/>\n<meta property=\"og:image\" content=\"https:\/\/www.dakarmania.cz\/wp-content\/uploads\/2023\/01\/loprais-dkr23-07.jpg\" \/>\n\t<meta property=\"og:image:width\" content=\"1024\" \/>\n\t<meta property=\"og:image:height\" content=\"683\" \/>\n\t<meta property=\"og:image:type\" content=\"image\/jpeg\" \/>\n<meta name=\"author\" content=\"tiskov\u00e1 zpr\u00e1va\" \/>\n<meta name=\"twitter:card\" content=\"summary_large_image\" \/>\n<meta name=\"twitter:label1\" content=\"Napsal(a)\" \/>\n\t<meta name=\"twitter:data1\" content=\"tiskov\u00e1 zpr\u00e1va\" \/>\n\t<meta name=\"twitter:label2\" content=\"Odhadovan\u00e1 doba \u010dten\u00ed\" \/>\n\t<meta name=\"twitter:data2\" content=\"4 minuty\" \/>\n<script type=\"application\/ld+json\" class=\"yoast-schema-graph\">{\"@context\":\"https:\/\/schema.org\",\"@graph\":[{\"@type\":\"Article\",\"@id\":\"https:\/\/www.dakarmania.cz\/index.php\/2023\/01\/05\/dakar-2023-loprais-si-etapovym-vitezstvim-upevnil-vedeni\/#article\",\"isPartOf\":{\"@id\":\"https:\/\/www.dakarmania.cz\/index.php\/2023\/01\/05\/dakar-2023-loprais-si-etapovym-vitezstvim-upevnil-vedeni\/\"},\"author\":{\"name\":\"tiskov\u00e1 zpr\u00e1va\",\"@id\":\"https:\/\/www.dakarmania.cz\/#\/schema\/person\/bce8d1fe3633b1178e150fc5e340d5dd\"},\"headline\":\"Dakar 2023: Loprais si druh\u00fdm etapov\u00fdm v\u00edt\u011bzstv\u00edm upevnil pr\u016fb\u011b\u017en\u00e9 veden\u00ed\",\"datePublished\":\"2023-01-05T16:42:18+00:00\",\"dateModified\":\"2023-01-06T02:43:20+00:00\",\"mainEntityOfPage\":{\"@id\":\"https:\/\/www.dakarmania.cz\/index.php\/2023\/01\/05\/dakar-2023-loprais-si-etapovym-vitezstvim-upevnil-vedeni\/\"},\"wordCount\":796,\"publisher\":{\"@id\":\"https:\/\/www.dakarmania.cz\/#organization\"},\"image\":{\"@id\":\"https:\/\/www.dakarmania.cz\/index.php\/2023\/01\/05\/dakar-2023-loprais-si-etapovym-vitezstvim-upevnil-vedeni\/#primaryimage\"},\"thumbnailUrl\":\"https:\/\/www.dakarmania.cz\/wp-content\/uploads\/2023\/01\/loprais-dkr23-07.jpg\",\"keywords\":[\"2023\",\"Ale\u0161 Loprais\",\"Dakar\",\"Dakar 2023\",\"Jaroslav Valtr ml.\",\"Loprais Team\",\"Petr Pokora\",\"Praga\"],\"articleSection\":[\"Dakar 2023\",\"Kamiony\",\"Partnersk\u00e9 t\u00fdmy\"],\"inLanguage\":\"cs\"},{\"@type\":\"WebPage\",\"@id\":\"https:\/\/www.dakarmania.cz\/index.php\/2023\/01\/05\/dakar-2023-loprais-si-etapovym-vitezstvim-upevnil-vedeni\/\",\"url\":\"https:\/\/www.dakarmania.cz\/index.php\/2023\/01\/05\/dakar-2023-loprais-si-etapovym-vitezstvim-upevnil-vedeni\/\",\"name\":\"Dakar 2023: Loprais si druh\u00fdm etapov\u00fdm v\u00edt\u011bzstv\u00edm upevnil pr\u016fb\u011b\u017en\u00e9 veden\u00ed - DAKARMANIA.cz\",\"isPartOf\":{\"@id\":\"https:\/\/www.dakarmania.cz\/#website\"},\"primaryImageOfPage\":{\"@id\":\"https:\/\/www.dakarmania.cz\/index.php\/2023\/01\/05\/dakar-2023-loprais-si-etapovym-vitezstvim-upevnil-vedeni\/#primaryimage\"},\"image\":{\"@id\":\"https:\/\/www.dakarmania.cz\/index.php\/2023\/01\/05\/dakar-2023-loprais-si-etapovym-vitezstvim-upevnil-vedeni\/#primaryimage\"},\"thumbnailUrl\":\"https:\/\/www.dakarmania.cz\/wp-content\/uploads\/2023\/01\/loprais-dkr23-07.jpg\",\"datePublished\":\"2023-01-05T16:42:18+00:00\",\"dateModified\":\"2023-01-06T02:43:20+00:00\",\"description\":\"Ale\u0161 Loprais se v dun\u00e1ch c\u00edt\u00ed jako ryba ve vod\u011b, co\u017e spole\u010dn\u011b se svou pos\u00e1dkou potvrdil v\u00fdkonem v okru\u017en\u00ed etap\u011b se startem a c\u00edlem v H\u00e1ilu.\",\"breadcrumb\":{\"@id\":\"https:\/\/www.dakarmania.cz\/index.php\/2023\/01\/05\/dakar-2023-loprais-si-etapovym-vitezstvim-upevnil-vedeni\/#breadcrumb\"},\"inLanguage\":\"cs\",\"potentialAction\":[{\"@type\":\"ReadAction\",\"target\":[\"https:\/\/www.dakarmania.cz\/index.php\/2023\/01\/05\/dakar-2023-loprais-si-etapovym-vitezstvim-upevnil-vedeni\/\"]}]},{\"@type\":\"ImageObject\",\"inLanguage\":\"cs\",\"@id\":\"https:\/\/www.dakarmania.cz\/index.php\/2023\/01\/05\/dakar-2023-loprais-si-etapovym-vitezstvim-upevnil-vedeni\/#primaryimage\",\"url\":\"https:\/\/www.dakarmania.cz\/wp-content\/uploads\/2023\/01\/loprais-dkr23-07.jpg\",\"contentUrl\":\"https:\/\/www.dakarmania.cz\/wp-content\/uploads\/2023\/01\/loprais-dkr23-07.jpg\",\"width\":1024,\"height\":683,\"caption\":\"Ale\u0161 Loprais \/ Jaroslav Valtr ml. \/ Petr Pokora, Praga VS4 DKR, Instaforex Loprais Team. Dakar 2023. \u00a9 ASO\/DPPI\"},{\"@type\":\"BreadcrumbList\",\"@id\":\"https:\/\/www.dakarmania.cz\/index.php\/2023\/01\/05\/dakar-2023-loprais-si-etapovym-vitezstvim-upevnil-vedeni\/#breadcrumb\",\"itemListElement\":[{\"@type\":\"ListItem\",\"position\":1,\"name\":\"Dom\u016f\",\"item\":\"https:\/\/www.dakarmania.cz\/\"},{\"@type\":\"ListItem\",\"position\":2,\"name\":\"Dakar 2023: Loprais si druh\u00fdm etapov\u00fdm v\u00edt\u011bzstv\u00edm upevnil pr\u016fb\u011b\u017en\u00e9 veden\u00ed\"}]},{\"@type\":\"WebSite\",\"@id\":\"https:\/\/www.dakarmania.cz\/#website\",\"url\":\"https:\/\/www.dakarmania.cz\/\",\"name\":\"DAKARMANIA.cz\",\"description\":\"\u017dijeme Dakarem cel\u00fd rok\",\"publisher\":{\"@id\":\"https:\/\/www.dakarmania.cz\/#organization\"},\"potentialAction\":[{\"@type\":\"SearchAction\",\"target\":{\"@type\":\"EntryPoint\",\"urlTemplate\":\"https:\/\/www.dakarmania.cz\/?s={search_term_string}\"},\"query-input\":{\"@type\":\"PropertyValueSpecification\",\"valueRequired\":true,\"valueName\":\"search_term_string\"}}],\"inLanguage\":\"cs\"},{\"@type\":\"Organization\",\"@id\":\"https:\/\/www.dakarmania.cz\/#organization\",\"name\":\"DAKAR MANIA\",\"url\":\"https:\/\/www.dakarmania.cz\/\",\"logo\":{\"@type\":\"ImageObject\",\"inLanguage\":\"cs\",\"@id\":\"https:\/\/www.dakarmania.cz\/#\/schema\/logo\/image\/\",\"url\":\"https:\/\/www.dakarmania.cz\/wp-content\/uploads\/2018\/12\/Dakar-Mania-Logo-Square-Orange.png\",\"contentUrl\":\"https:\/\/www.dakarmania.cz\/wp-content\/uploads\/2018\/12\/Dakar-Mania-Logo-Square-Orange.png\",\"width\":992,\"height\":992,\"caption\":\"DAKAR MANIA\"},\"image\":{\"@id\":\"https:\/\/www.dakarmania.cz\/#\/schema\/logo\/image\/\"},\"sameAs\":[\"https:\/\/www.facebook.com\/dakarmania\/\"]},{\"@type\":\"Person\",\"@id\":\"https:\/\/www.dakarmania.cz\/#\/schema\/person\/bce8d1fe3633b1178e150fc5e340d5dd\",\"name\":\"tiskov\u00e1 zpr\u00e1va\",\"image\":{\"@type\":\"ImageObject\",\"inLanguage\":\"cs\",\"@id\":\"https:\/\/www.dakarmania.cz\/#\/schema\/person\/image\/\",\"url\":\"https:\/\/secure.gravatar.com\/avatar\/19aefcb6c7bfae691fca4d805686c670f59bb4f7414c7b398b88dc9c8f4e96d5?s=96&d=mm&r=g\",\"contentUrl\":\"https:\/\/secure.gravatar.com\/avatar\/19aefcb6c7bfae691fca4d805686c670f59bb4f7414c7b398b88dc9c8f4e96d5?s=96&d=mm&r=g\",\"caption\":\"tiskov\u00e1 zpr\u00e1va\"},\"url\":\"https:\/\/www.dakarmania.cz\/index.php\/author\/tiskovezpravy\/\"}]}<\/script>\n<!-- \/ Yoast SEO plugin. -->","yoast_head_json":{"title":"Dakar 2023: Loprais si druh\u00fdm etapov\u00fdm v\u00edt\u011bzstv\u00edm upevnil pr\u016fb\u011b\u017en\u00e9 veden\u00ed - DAKARMANIA.cz","description":"Ale\u0161 Loprais se v dun\u00e1ch c\u00edt\u00ed jako ryba ve vod\u011b, co\u017e spole\u010dn\u011b se svou pos\u00e1dkou potvrdil v\u00fdkonem v okru\u017en\u00ed etap\u011b se startem a c\u00edlem v H\u00e1ilu.","robots":{"index":"index","follow":"follow","max-snippet":"max-snippet:-1","max-image-preview":"max-image-preview:large","max-video-preview":"max-video-preview:-1"},"canonical":"https:\/\/www.dakarmania.cz\/index.php\/2023\/01\/05\/dakar-2023-loprais-si-etapovym-vitezstvim-upevnil-vedeni\/","og_locale":"cs_CZ","og_type":"article","og_title":"Dakar 2023: Loprais si druh\u00fdm etapov\u00fdm v\u00edt\u011bzstv\u00edm upevnil pr\u016fb\u011b\u017en\u00e9 veden\u00ed - DAKARMANIA.cz","og_description":"Ale\u0161 Loprais se v dun\u00e1ch c\u00edt\u00ed jako ryba ve vod\u011b, co\u017e spole\u010dn\u011b se svou pos\u00e1dkou potvrdil v\u00fdkonem v okru\u017en\u00ed etap\u011b se startem a c\u00edlem v H\u00e1ilu.","og_url":"https:\/\/www.dakarmania.cz\/index.php\/2023\/01\/05\/dakar-2023-loprais-si-etapovym-vitezstvim-upevnil-vedeni\/","og_site_name":"DAKARMANIA.cz","article_publisher":"https:\/\/www.facebook.com\/dakarmania\/","article_published_time":"2023-01-05T16:42:18+00:00","article_modified_time":"2023-01-06T02:43:20+00:00","og_image":[{"width":1024,"height":683,"url":"https:\/\/www.dakarmania.cz\/wp-content\/uploads\/2023\/01\/loprais-dkr23-07.jpg","type":"image\/jpeg"}],"author":"tiskov\u00e1 zpr\u00e1va","twitter_card":"summary_large_image","twitter_misc":{"Napsal(a)":"tiskov\u00e1 zpr\u00e1va","Odhadovan\u00e1 doba \u010dten\u00ed":"4 minuty"},"schema":{"@context":"https:\/\/schema.org","@graph":[{"@type":"Article","@id":"https:\/\/www.dakarmania.cz\/index.php\/2023\/01\/05\/dakar-2023-loprais-si-etapovym-vitezstvim-upevnil-vedeni\/#article","isPartOf":{"@id":"https:\/\/www.dakarmania.cz\/index.php\/2023\/01\/05\/dakar-2023-loprais-si-etapovym-vitezstvim-upevnil-vedeni\/"},"author":{"name":"tiskov\u00e1 zpr\u00e1va","@id":"https:\/\/www.dakarmania.cz\/#\/schema\/person\/bce8d1fe3633b1178e150fc5e340d5dd"},"headline":"Dakar 2023: Loprais si druh\u00fdm etapov\u00fdm v\u00edt\u011bzstv\u00edm upevnil pr\u016fb\u011b\u017en\u00e9 veden\u00ed","datePublished":"2023-01-05T16:42:18+00:00","dateModified":"2023-01-06T02:43:20+00:00","mainEntityOfPage":{"@id":"https:\/\/www.dakarmania.cz\/index.php\/2023\/01\/05\/dakar-2023-loprais-si-etapovym-vitezstvim-upevnil-vedeni\/"},"wordCount":796,"publisher":{"@id":"https:\/\/www.dakarmania.cz\/#organization"},"image":{"@id":"https:\/\/www.dakarmania.cz\/index.php\/2023\/01\/05\/dakar-2023-loprais-si-etapovym-vitezstvim-upevnil-vedeni\/#primaryimage"},"thumbnailUrl":"https:\/\/www.dakarmania.cz\/wp-content\/uploads\/2023\/01\/loprais-dkr23-07.jpg","keywords":["2023","Ale\u0161 Loprais","Dakar","Dakar 2023","Jaroslav Valtr ml.","Loprais Team","Petr Pokora","Praga"],"articleSection":["Dakar 2023","Kamiony","Partnersk\u00e9 t\u00fdmy"],"inLanguage":"cs"},{"@type":"WebPage","@id":"https:\/\/www.dakarmania.cz\/index.php\/2023\/01\/05\/dakar-2023-loprais-si-etapovym-vitezstvim-upevnil-vedeni\/","url":"https:\/\/www.dakarmania.cz\/index.php\/2023\/01\/05\/dakar-2023-loprais-si-etapovym-vitezstvim-upevnil-vedeni\/","name":"Dakar 2023: Loprais si druh\u00fdm etapov\u00fdm v\u00edt\u011bzstv\u00edm upevnil pr\u016fb\u011b\u017en\u00e9 veden\u00ed - DAKARMANIA.cz","isPartOf":{"@id":"https:\/\/www.dakarmania.cz\/#website"},"primaryImageOfPage":{"@id":"https:\/\/www.dakarmania.cz\/index.php\/2023\/01\/05\/dakar-2023-loprais-si-etapovym-vitezstvim-upevnil-vedeni\/#primaryimage"},"image":{"@id":"https:\/\/www.dakarmania.cz\/index.php\/2023\/01\/05\/dakar-2023-loprais-si-etapovym-vitezstvim-upevnil-vedeni\/#primaryimage"},"thumbnailUrl":"https:\/\/www.dakarmania.cz\/wp-content\/uploads\/2023\/01\/loprais-dkr23-07.jpg","datePublished":"2023-01-05T16:42:18+00:00","dateModified":"2023-01-06T02:43:20+00:00","description":"Ale\u0161 Loprais se v dun\u00e1ch c\u00edt\u00ed jako ryba ve vod\u011b, co\u017e spole\u010dn\u011b se svou pos\u00e1dkou potvrdil v\u00fdkonem v okru\u017en\u00ed etap\u011b se startem a c\u00edlem v H\u00e1ilu.","breadcrumb":{"@id":"https:\/\/www.dakarmania.cz\/index.php\/2023\/01\/05\/dakar-2023-loprais-si-etapovym-vitezstvim-upevnil-vedeni\/#breadcrumb"},"inLanguage":"cs","potentialAction":[{"@type":"ReadAction","target":["https:\/\/www.dakarmania.cz\/index.php\/2023\/01\/05\/dakar-2023-loprais-si-etapovym-vitezstvim-upevnil-vedeni\/"]}]},{"@type":"ImageObject","inLanguage":"cs","@id":"https:\/\/www.dakarmania.cz\/index.php\/2023\/01\/05\/dakar-2023-loprais-si-etapovym-vitezstvim-upevnil-vedeni\/#primaryimage","url":"https:\/\/www.dakarmania.cz\/wp-content\/uploads\/2023\/01\/loprais-dkr23-07.jpg","contentUrl":"https:\/\/www.dakarmania.cz\/wp-content\/uploads\/2023\/01\/loprais-dkr23-07.jpg","width":1024,"height":683,"caption":"Ale\u0161 Loprais \/ Jaroslav Valtr ml. \/ Petr Pokora, Praga VS4 DKR, Instaforex Loprais Team. Dakar 2023. \u00a9 ASO\/DPPI"},{"@type":"BreadcrumbList","@id":"https:\/\/www.dakarmania.cz\/index.php\/2023\/01\/05\/dakar-2023-loprais-si-etapovym-vitezstvim-upevnil-vedeni\/#breadcrumb","itemListElement":[{"@type":"ListItem","position":1,"name":"Dom\u016f","item":"https:\/\/www.dakarmania.cz\/"},{"@type":"ListItem","position":2,"name":"Dakar 2023: Loprais si druh\u00fdm etapov\u00fdm v\u00edt\u011bzstv\u00edm upevnil pr\u016fb\u011b\u017en\u00e9 veden\u00ed"}]},{"@type":"WebSite","@id":"https:\/\/www.dakarmania.cz\/#website","url":"https:\/\/www.dakarmania.cz\/","name":"DAKARMANIA.cz","description":"\u017dijeme Dakarem cel\u00fd rok","publisher":{"@id":"https:\/\/www.dakarmania.cz\/#organization"},"potentialAction":[{"@type":"SearchAction","target":{"@type":"EntryPoint","urlTemplate":"https:\/\/www.dakarmania.cz\/?s={search_term_string}"},"query-input":{"@type":"PropertyValueSpecification","valueRequired":true,"valueName":"search_term_string"}}],"inLanguage":"cs"},{"@type":"Organization","@id":"https:\/\/www.dakarmania.cz\/#organization","name":"DAKAR MANIA","url":"https:\/\/www.dakarmania.cz\/","logo":{"@type":"ImageObject","inLanguage":"cs","@id":"https:\/\/www.dakarmania.cz\/#\/schema\/logo\/image\/","url":"https:\/\/www.dakarmania.cz\/wp-content\/uploads\/2018\/12\/Dakar-Mania-Logo-Square-Orange.png","contentUrl":"https:\/\/www.dakarmania.cz\/wp-content\/uploads\/2018\/12\/Dakar-Mania-Logo-Square-Orange.png","width":992,"height":992,"caption":"DAKAR MANIA"},"image":{"@id":"https:\/\/www.dakarmania.cz\/#\/schema\/logo\/image\/"},"sameAs":["https:\/\/www.facebook.com\/dakarmania\/"]},{"@type":"Person","@id":"https:\/\/www.dakarmania.cz\/#\/schema\/person\/bce8d1fe3633b1178e150fc5e340d5dd","name":"tiskov\u00e1 zpr\u00e1va","image":{"@type":"ImageObject","inLanguage":"cs","@id":"https:\/\/www.dakarmania.cz\/#\/schema\/person\/image\/","url":"https:\/\/secure.gravatar.com\/avatar\/19aefcb6c7bfae691fca4d805686c670f59bb4f7414c7b398b88dc9c8f4e96d5?s=96&d=mm&r=g","contentUrl":"https:\/\/secure.gravatar.com\/avatar\/19aefcb6c7bfae691fca4d805686c670f59bb4f7414c7b398b88dc9c8f4e96d5?s=96&d=mm&r=g","caption":"tiskov\u00e1 zpr\u00e1va"},"url":"https:\/\/www.dakarmania.cz\/index.php\/author\/tiskovezpravy\/"}]}},"amp_enabled":true,"_links":{"self":[{"href":"https:\/\/www.dakarmania.cz\/index.php\/wp-json\/wp\/v2\/posts\/24057","targetHints":{"allow":["GET"]}}],"collection":[{"href":"https:\/\/www.dakarmania.cz\/index.php\/wp-json\/wp\/v2\/posts"}],"about":[{"href":"https:\/\/www.dakarmania.cz\/index.php\/wp-json\/wp\/v2\/types\/post"}],"author":[{"embeddable":true,"href":"https:\/\/www.dakarmania.cz\/index.php\/wp-json\/wp\/v2\/users\/3"}],"replies":[{"embeddable":true,"href":"https:\/\/www.dakarmania.cz\/index.php\/wp-json\/wp\/v2\/comments?post=24057"}],"version-history":[{"count":3,"href":"https:\/\/www.dakarmania.cz\/index.php\/wp-json\/wp\/v2\/posts\/24057\/revisions"}],"predecessor-version":[{"id":24068,"href":"https:\/\/www.dakarmania.cz\/index.php\/wp-json\/wp\/v2\/posts\/24057\/revisions\/24068"}],"wp:featuredmedia":[{"embeddable":true,"href":"https:\/\/www.dakarmania.cz\/index.php\/wp-json\/wp\/v2\/media\/24056"}],"wp:attachment":[{"href":"https:\/\/www.dakarmania.cz\/index.php\/wp-json\/wp\/v2\/media?parent=24057"}],"wp:term":[{"taxonomy":"category","embeddable":true,"href":"https:\/\/www.dakarmania.cz\/index.php\/wp-json\/wp\/v2\/categories?post=24057"},{"taxonomy":"post_tag","embeddable":true,"href":"https:\/\/www.dakarmania.cz\/index.php\/wp-json\/wp\/v2\/tags?post=24057"}],"curies":[{"name":"wp","href":"https:\/\/api.w.org\/{rel}","templated":true}]}}