{"id":24062,"date":"2023-01-06T01:17:28","date_gmt":"2023-01-06T00:17:28","guid":{"rendered":"https:\/\/www.dakarmania.cz\/?p=24062"},"modified":"2023-01-06T01:17:28","modified_gmt":"2023-01-06T00:17:28","slug":"fia-pridala-audi-jedenact-koni","status":"publish","type":"post","link":"https:\/\/www.dakarmania.cz\/index.php\/2023\/01\/06\/fia-pridala-audi-jedenact-koni\/","title":{"rendered":"Dakarsk\u00e9 st\u0159\u00edpky: FIA p\u0159idala Audi jeden\u00e1ct kon\u00ed. Al-Attiyah zu\u0159il"},"content":{"rendered":"<h3>P\u0159ed p\u00e1tou etapou Rally Dakar 2023 povolily sportovn\u00ed autority okam\u017eit\u00e9 zv\u00fd\u0161en\u00ed v\u00fdkonu elektrick\u00fdch motor\u016f tov\u00e1rn\u00edch voz\u016f Audi o 8 kW (necel\u00fdch 11 ko\u0148sk\u00fdch sil). Tov\u00e1rn\u00ed jezdec Toyoty Nasser Al-Attiyah p\u0159ijal zm\u011bnu v technick\u00fdch p\u0159edpisech velmi nelib\u011b.<\/h3>\n<figure id=\"attachment_24061\" aria-describedby=\"caption-attachment-24061\" style=\"width: 1024px\" class=\"wp-caption aligncenter\"><img loading=\"lazy\" decoding=\"async\" class=\"wp-image-24061 size-full\" src=\"https:\/\/www.dakarmania.cz\/wp-content\/uploads\/2023\/01\/23-dkr-peterhansel-01.jpg\" alt=\"St\u00e9phane Peterhansel, Dakar 2023\" width=\"1024\" height=\"683\" srcset=\"https:\/\/www.dakarmania.cz\/wp-content\/uploads\/2023\/01\/23-dkr-peterhansel-01.jpg 1024w, https:\/\/www.dakarmania.cz\/wp-content\/uploads\/2023\/01\/23-dkr-peterhansel-01-300x200.jpg 300w, https:\/\/www.dakarmania.cz\/wp-content\/uploads\/2023\/01\/23-dkr-peterhansel-01-768x512.jpg 768w, https:\/\/www.dakarmania.cz\/wp-content\/uploads\/2023\/01\/23-dkr-peterhansel-01-825x550.jpg 825w, https:\/\/www.dakarmania.cz\/wp-content\/uploads\/2023\/01\/23-dkr-peterhansel-01-447x298.jpg 447w, https:\/\/www.dakarmania.cz\/wp-content\/uploads\/2023\/01\/23-dkr-peterhansel-01-600x400.jpg 600w\" sizes=\"auto, (max-width: 1024px) 100vw, 1024px\" \/><figcaption id=\"caption-attachment-24061\" class=\"wp-caption-text\">St\u00e9phane Peterhansel \/ Edouard Boulanger, Audi RS Q e-tron E2, Team Audi Sport. Dakar 2023. \u00a9 ASO<\/figcaption><\/figure>\n<p>Mezin\u00e1rodn\u00ed automobilov\u00e1 federace (FIA) a Amaury Sport Organisation (ASO) jednaly na z\u00e1klad\u011b anal\u00fdzy dat z\u00edskan\u00fdch z voz\u016f t\u0159\u00edd T1.U a T1+ v pr\u016fb\u011bhu prvn\u00edch t\u0159\u00ed etap leto\u0161n\u00edho ro\u010dn\u00edku dakarsk\u00e9 rally. Rozhodnut\u00ed bylo zve\u0159ejn\u011bno kr\u00e1tce po dojezdu st\u0159ede\u010dn\u00ed \u010dtvrt\u00e9 etapy, v platnost vstoupilo okam\u017eit\u011b a n\u011bmeck\u00fd t\u00fdm tud\u00ed\u017e mohl zv\u00fd\u0161it v\u00fdkon motor\u016f sv\u00fdch speci\u00e1l\u016f na 266 kW hned od n\u00e1sleduj\u00edc\u00ed p\u00e1t\u00e9 etapy.<\/p>\n<p>V r\u00e1mci sv\u011btov\u00e9ho \u0161ampion\u00e1tu v rally-raidech (W2RC), jeho\u017e sou\u010d\u00e1st\u00ed je i Rally Dakar, je pro automobily s alternativn\u00edm pohonem vyps\u00e1na samostatn\u00e1 t\u0159\u00edda T1.U, zat\u00edmco speci\u00e1ly ostatn\u00edch \u0161pi\u010dkov\u00fdch t\u00fdm\u016f s pohonem v\u0161ech kol a s klasick\u00fdmi spalovac\u00edmi motory spadaj\u00ed podle technick\u00fdch p\u0159edpis\u016f do t\u0159\u00eddy T1+. FIA a ASO z\u00e1rove\u0148 usiluj\u00ed o zaji\u0161t\u011bn\u00ed rovnocennosti r\u016fzn\u00fdch technologi\u00ed pr\u00e1v\u011b prost\u0159ednictv\u00edm specifick\u00fdch technick\u00fdch p\u0159edpis\u016f pro jednotliv\u00e9 t\u0159\u00eddy.<\/p>\n<p>Ve snaze o zaji\u0161t\u011bn\u00ed t\u00e9to rovnocennosti do\u0161lo p\u0159ed leto\u0161n\u00ed sezonou nap\u0159\u00edklad ke zv\u00fd\u0161en\u00ed minim\u00e1ln\u00ed povolen\u00e9 hmotnosti voz\u016f t\u0159\u00eddy T1.U o sto kilogram\u016f, naopak vozy T1+ s p\u0159epl\u0148ovan\u00fdmi motory p\u0159i\u0161ly zhruba o 40 kon\u00ed a jejich v\u00fdkon nav\u00edc kles\u00e1 s nadmo\u0159skou v\u00fd\u0161kou. Nap\u0159\u00edklad p\u0159i j\u00edzd\u011b v dun\u00e1ch tak doch\u00e1z\u00ed k jeho kol\u00eds\u00e1n\u00ed, zat\u00edmco na v\u00fdkon elektromotor\u016f nem\u00e1 nadmo\u0159sk\u00e1 v\u00fd\u0161ka vliv.<\/p>\n<p><a href=\"https:\/\/eshop.dakarmania.cz\/casopis\/\"><img loading=\"lazy\" decoding=\"async\" class=\"aligncenter wp-image-23955 size-large\" src=\"https:\/\/www.dakarmania.cz\/wp-content\/uploads\/2022\/11\/vyprodej-dkrm-01-04-1024x683.jpg\" alt=\"Magaz\u00edn DAKARMANIA - v\u00fdprodej\" width=\"1010\" height=\"674\" srcset=\"https:\/\/www.dakarmania.cz\/wp-content\/uploads\/2022\/11\/vyprodej-dkrm-01-04-1024x683.jpg 1024w, https:\/\/www.dakarmania.cz\/wp-content\/uploads\/2022\/11\/vyprodej-dkrm-01-04-300x200.jpg 300w, https:\/\/www.dakarmania.cz\/wp-content\/uploads\/2022\/11\/vyprodej-dkrm-01-04-768x512.jpg 768w, https:\/\/www.dakarmania.cz\/wp-content\/uploads\/2022\/11\/vyprodej-dkrm-01-04-1536x1024.jpg 1536w, https:\/\/www.dakarmania.cz\/wp-content\/uploads\/2022\/11\/vyprodej-dkrm-01-04-2048x1365.jpg 2048w, https:\/\/www.dakarmania.cz\/wp-content\/uploads\/2022\/11\/vyprodej-dkrm-01-04-825x550.jpg 825w, https:\/\/www.dakarmania.cz\/wp-content\/uploads\/2022\/11\/vyprodej-dkrm-01-04-447x298.jpg 447w, https:\/\/www.dakarmania.cz\/wp-content\/uploads\/2022\/11\/vyprodej-dkrm-01-04-600x400.jpg 600w\" sizes=\"auto, (max-width: 1010px) 100vw, 1010px\" \/><\/a>Zaji\u0161t\u011bn\u00ed rovnocennosti technologi\u00ed je pro tv\u016frce technick\u00fdch p\u0159edpis\u016f nepochybn\u011b nesnadn\u00fd \u00fakol a ne v\u017edy se setk\u00e1vaj\u00ed pouze s pochopen\u00edm. Aktu\u00e1ln\u00ed rozhodnut\u00ed okam\u017eit\u011b ve\u0159ejn\u011b kritizoval nap\u0159\u00edklad Nasser Al-Attiyah, kter\u00fd na Dakaru obhajuje lo\u0148sk\u00e9 v\u00edt\u011bzstv\u00ed s Toyotou t\u0159\u00eddy T1+ a po \u010dtvrt\u00e9 etap\u011b, kdy byl ofici\u00e1ln\u00ed dokument zve\u0159ejn\u011bn, vedl s osmn\u00e1ctiminutov\u00fdm n\u00e1skokem p\u0159ed Yazeedem Al-Rajhim s dal\u0161\u00edm Hiluxem a St\u00e9phanem Peterhanselem s nejlep\u0161\u00edm z voz\u016f Audi.<\/p>\n<p><em>\u201eTo je ale p\u0159ekvapen\u00ed, \u017ee jste na\u0161im hlavn\u00edm soupe\u0159\u016fm p\u0159idali jeden\u00e1ct kon\u00ed! D\u00edky, \u017ee jste z\u00e1vod p\u0159ed\u010dasn\u011b zabili,\u201c<\/em> napsal <strong>Nasser Al-Attiyah<\/strong> v postu, kter\u00fd publikoval na sv\u00e9m profilu na soci\u00e1ln\u00edch s\u00edt\u00edch.<\/p>\n<figure id=\"attachment_24060\" aria-describedby=\"caption-attachment-24060\" style=\"width: 1024px\" class=\"wp-caption aligncenter\"><img loading=\"lazy\" decoding=\"async\" class=\"wp-image-24060 size-full\" src=\"https:\/\/www.dakarmania.cz\/wp-content\/uploads\/2023\/01\/23-dkr-al-attiyah-01.jpg\" alt=\"Nasser Al-Attiyah, Dakar 2023\" width=\"1024\" height=\"683\" srcset=\"https:\/\/www.dakarmania.cz\/wp-content\/uploads\/2023\/01\/23-dkr-al-attiyah-01.jpg 1024w, https:\/\/www.dakarmania.cz\/wp-content\/uploads\/2023\/01\/23-dkr-al-attiyah-01-300x200.jpg 300w, https:\/\/www.dakarmania.cz\/wp-content\/uploads\/2023\/01\/23-dkr-al-attiyah-01-768x512.jpg 768w, https:\/\/www.dakarmania.cz\/wp-content\/uploads\/2023\/01\/23-dkr-al-attiyah-01-825x550.jpg 825w, https:\/\/www.dakarmania.cz\/wp-content\/uploads\/2023\/01\/23-dkr-al-attiyah-01-447x298.jpg 447w, https:\/\/www.dakarmania.cz\/wp-content\/uploads\/2023\/01\/23-dkr-al-attiyah-01-600x400.jpg 600w\" sizes=\"auto, (max-width: 1024px) 100vw, 1024px\" \/><figcaption id=\"caption-attachment-24060\" class=\"wp-caption-text\">Nasser Al-Attiyah, Toyota Gazoo Racing. Dakar 2023. \u00a9 ASO\/DPPI<\/figcaption><\/figure>\n<p>S chladn\u011bj\u0161\u00ed hlavou k cel\u00e9 problematice p\u0159istupuje \u0161\u00e9f tov\u00e1rn\u00edho t\u00fdmu Toyoty <strong>Glyn Hall<\/strong>, kter\u00fd u\u017e p\u0159ed sout\u011b\u017e\u00ed ke zm\u011bn\u00e1m v technick\u00fdch p\u0159edpisech uvedl: <em>\u201eMus\u00edme v\u011b\u0159it FIA, kde je spousta chytr\u00fdch lid\u00ed. Ve spolupr\u00e1ci s FIA jsme b\u011bhem roku ud\u011blali spoustu pr\u00e1ce p\u0159i testech akcelerace a absolvovali jsme tak\u00e9 spoustu meeting\u016f, na kter\u00fdch jsme diskutovali o \u0159ad\u011b parametr\u016f a fungov\u00e1n\u00ed motor\u016f. Ale a\u017e po t\u0159ech nebo \u010dty\u0159ech dnech leto\u0161n\u00edho Dakaru skute\u010dn\u011b zjist\u00edme, jak na tom jednotliv\u00e9 technologie p\u0159i vz\u00e1jemn\u00e9m porovn\u00e1n\u00ed skute\u010dn\u011b jsou.\u201c<\/em><\/p>\n<p>Sp\u00ed\u0161e sm\u00ed\u0159liv\u011b Hall reagoval i bezprost\u0159edn\u011b po zve\u0159ejn\u011bn\u00ed dokumentu: <em>\u201eRovnocennost technologi\u00ed se za\u010dala \u0159e\u0161it kv\u016fli Audi, jeho\u017e pohonn\u00e9 \u00fastroj\u00ed se skl\u00e1d\u00e1 z tolika prvk\u016f. Pokud by tu Audi nebylo, v\u016fbec bychom to nepot\u0159ebovali, o tom nen\u00ed pochyb. Zm\u011bnou jsme samoz\u0159ejm\u011b trochu p\u0159ekvapeni, proto\u017ee jsme vid\u011bli v\u00fdkony Audi v pr\u016fb\u011bhu prvn\u00edch t\u0159\u00ed dn\u016f, ale zat\u00edm jsme od FIA nedostali k dispozici ve\u0161ker\u00e1 data. A\u017e si je prostudujeme, ur\u010dit\u011b dok\u00e1\u017eeme l\u00e9pe porozum\u011bt tomu, pro\u010d k t\u00e9to \u00faprav\u011b p\u0159edpis\u016f do\u0161lo. Obecn\u011b ale plat\u00ed, \u017ee mechanismu rovnocennosti technologi\u00ed v\u011b\u0159\u00edme.\u201c<\/em><\/p>\n<p>Na trati p\u00e1t\u00e9 etapy svedl Al-Attiyah s Carlosem Sainzem a St\u00e9phanem Peterhanselem (oba Audi) dal\u0161\u00ed velmi vyrovnan\u00fd souboj. Navzdory zm\u011bn\u011b p\u0159edpis\u016f m\u011bl znovu navrch Kata\u0159an, kter\u00fd letos podruh\u00e9 vyhr\u00e1l etapu, kdy\u017e druh\u00e9ho Sainze porazil skoro o dv\u011b minuty a na t\u0159et\u00edho Peterhansela najel je\u0161t\u011b o minutu a t\u0159i \u010dtvrt\u011b v\u00edc. V pr\u016fb\u011b\u017en\u00e9 klasifikaci se Peterhansel posunul na druhou p\u0159\u00ed\u010dku, ale na vedouc\u00edho Al-Attiyaha u\u017e ztr\u00e1c\u00ed v\u00edce ne\u017e 22 minut.<\/p>\n","protected":false},"excerpt":{"rendered":"<p>P\u0159ed p\u00e1tou etapou Rally Dakar 2023 povolily sportovn\u00ed autority okam\u017eit\u00e9 zv\u00fd\u0161en\u00ed v\u00fdkonu elektrick\u00fdch motor\u016f tov\u00e1rn\u00edch voz\u016f Audi o 8 kW (necel\u00fdch 11 ko\u0148sk\u00fdch sil). Tov\u00e1rn\u00ed jezdec Toyoty Nasser Al-Attiyah p\u0159ijal zm\u011bnu v technick\u00fdch p\u0159edpisech velmi nelib\u011b.<\/p>\n","protected":false},"author":1,"featured_media":24061,"comment_status":"closed","ping_status":"closed","sticky":false,"template":"","format":"standard","meta":{"footnotes":""},"categories":[3,1923],"tags":[1705,1481,1811,8,1797,99,1437,203,1866,202],"class_list":["post-24062","post","type-post","status-publish","format-standard","has-post-thumbnail","hentry","category-auto","category-dakar-2023","tag-1705","tag-aso","tag-audi","tag-dakar","tag-dakar-2023","tag-fia","tag-glyn-hall","tag-nasser-al-attiyah","tag-pravidla","tag-toyota-gazoo-racing"],"yoast_head":"<!-- This site is optimized with the Yoast SEO plugin v24.9 - https:\/\/yoast.com\/wordpress\/plugins\/seo\/ -->\n<title>Dakarsk\u00e9 st\u0159\u00edpky: FIA p\u0159idala Audi jeden\u00e1ct kon\u00ed. Al-Attiyah zu\u0159il - DAKARMANIA.cz<\/title>\n<meta name=\"description\" content=\"P\u0159ed p\u00e1tou etapou Rally Dakar 2023 povolily sportovn\u00ed autority okam\u017eit\u00e9 zv\u00fd\u0161en\u00ed v\u00fdkonu elektrick\u00fdch motor\u016f tov\u00e1rn\u00edch voz\u016f Audi o 8 kW.\" \/>\n<meta name=\"robots\" content=\"index, follow, max-snippet:-1, max-image-preview:large, max-video-preview:-1\" \/>\n<link rel=\"canonical\" href=\"https:\/\/www.dakarmania.cz\/index.php\/2023\/01\/06\/fia-pridala-audi-jedenact-koni\/\" \/>\n<meta property=\"og:locale\" content=\"cs_CZ\" \/>\n<meta property=\"og:type\" content=\"article\" \/>\n<meta property=\"og:title\" content=\"Dakarsk\u00e9 st\u0159\u00edpky: FIA p\u0159idala Audi jeden\u00e1ct kon\u00ed. Al-Attiyah zu\u0159il - DAKARMANIA.cz\" \/>\n<meta property=\"og:description\" content=\"P\u0159ed p\u00e1tou etapou Rally Dakar 2023 povolily sportovn\u00ed autority okam\u017eit\u00e9 zv\u00fd\u0161en\u00ed v\u00fdkonu elektrick\u00fdch motor\u016f tov\u00e1rn\u00edch voz\u016f Audi o 8 kW.\" \/>\n<meta property=\"og:url\" content=\"https:\/\/www.dakarmania.cz\/index.php\/2023\/01\/06\/fia-pridala-audi-jedenact-koni\/\" \/>\n<meta property=\"og:site_name\" content=\"DAKARMANIA.cz\" \/>\n<meta property=\"article:publisher\" content=\"https:\/\/www.facebook.com\/dakarmania\/\" \/>\n<meta property=\"article:published_time\" content=\"2023-01-06T00:17:28+00:00\" \/>\n<meta property=\"og:image\" content=\"https:\/\/www.dakarmania.cz\/wp-content\/uploads\/2023\/01\/23-dkr-peterhansel-01.jpg\" \/>\n\t<meta property=\"og:image:width\" content=\"1024\" \/>\n\t<meta property=\"og:image:height\" content=\"683\" \/>\n\t<meta property=\"og:image:type\" content=\"image\/jpeg\" \/>\n<meta name=\"author\" content=\"Zden\u011bk Zelenka\" \/>\n<meta name=\"twitter:card\" content=\"summary_large_image\" \/>\n<meta name=\"twitter:label1\" content=\"Napsal(a)\" \/>\n\t<meta name=\"twitter:data1\" content=\"Zden\u011bk Zelenka\" \/>\n\t<meta name=\"twitter:label2\" content=\"Odhadovan\u00e1 doba \u010dten\u00ed\" \/>\n\t<meta name=\"twitter:data2\" content=\"4 minuty\" \/>\n<script type=\"application\/ld+json\" class=\"yoast-schema-graph\">{\"@context\":\"https:\/\/schema.org\",\"@graph\":[{\"@type\":\"Article\",\"@id\":\"https:\/\/www.dakarmania.cz\/index.php\/2023\/01\/06\/fia-pridala-audi-jedenact-koni\/#article\",\"isPartOf\":{\"@id\":\"https:\/\/www.dakarmania.cz\/index.php\/2023\/01\/06\/fia-pridala-audi-jedenact-koni\/\"},\"author\":{\"name\":\"Zden\u011bk Zelenka\",\"@id\":\"https:\/\/www.dakarmania.cz\/#\/schema\/person\/04eb0e87a389631c2169c0dddae7ff1e\"},\"headline\":\"Dakarsk\u00e9 st\u0159\u00edpky: FIA p\u0159idala Audi jeden\u00e1ct kon\u00ed. Al-Attiyah zu\u0159il\",\"datePublished\":\"2023-01-06T00:17:28+00:00\",\"mainEntityOfPage\":{\"@id\":\"https:\/\/www.dakarmania.cz\/index.php\/2023\/01\/06\/fia-pridala-audi-jedenact-koni\/\"},\"wordCount\":823,\"publisher\":{\"@id\":\"https:\/\/www.dakarmania.cz\/#organization\"},\"image\":{\"@id\":\"https:\/\/www.dakarmania.cz\/index.php\/2023\/01\/06\/fia-pridala-audi-jedenact-koni\/#primaryimage\"},\"thumbnailUrl\":\"https:\/\/www.dakarmania.cz\/wp-content\/uploads\/2023\/01\/23-dkr-peterhansel-01.jpg\",\"keywords\":[\"2023\",\"ASO\",\"Audi\",\"Dakar\",\"Dakar 2023\",\"FIA\",\"Glyn Hall\",\"Nasser Al-Attiyah\",\"pravidla\",\"Toyota Gazoo Racing\"],\"articleSection\":[\"Auto\",\"Dakar 2023\"],\"inLanguage\":\"cs\"},{\"@type\":\"WebPage\",\"@id\":\"https:\/\/www.dakarmania.cz\/index.php\/2023\/01\/06\/fia-pridala-audi-jedenact-koni\/\",\"url\":\"https:\/\/www.dakarmania.cz\/index.php\/2023\/01\/06\/fia-pridala-audi-jedenact-koni\/\",\"name\":\"Dakarsk\u00e9 st\u0159\u00edpky: FIA p\u0159idala Audi jeden\u00e1ct kon\u00ed. Al-Attiyah zu\u0159il - DAKARMANIA.cz\",\"isPartOf\":{\"@id\":\"https:\/\/www.dakarmania.cz\/#website\"},\"primaryImageOfPage\":{\"@id\":\"https:\/\/www.dakarmania.cz\/index.php\/2023\/01\/06\/fia-pridala-audi-jedenact-koni\/#primaryimage\"},\"image\":{\"@id\":\"https:\/\/www.dakarmania.cz\/index.php\/2023\/01\/06\/fia-pridala-audi-jedenact-koni\/#primaryimage\"},\"thumbnailUrl\":\"https:\/\/www.dakarmania.cz\/wp-content\/uploads\/2023\/01\/23-dkr-peterhansel-01.jpg\",\"datePublished\":\"2023-01-06T00:17:28+00:00\",\"description\":\"P\u0159ed p\u00e1tou etapou Rally Dakar 2023 povolily sportovn\u00ed autority okam\u017eit\u00e9 zv\u00fd\u0161en\u00ed v\u00fdkonu elektrick\u00fdch motor\u016f tov\u00e1rn\u00edch voz\u016f Audi o 8 kW.\",\"breadcrumb\":{\"@id\":\"https:\/\/www.dakarmania.cz\/index.php\/2023\/01\/06\/fia-pridala-audi-jedenact-koni\/#breadcrumb\"},\"inLanguage\":\"cs\",\"potentialAction\":[{\"@type\":\"ReadAction\",\"target\":[\"https:\/\/www.dakarmania.cz\/index.php\/2023\/01\/06\/fia-pridala-audi-jedenact-koni\/\"]}]},{\"@type\":\"ImageObject\",\"inLanguage\":\"cs\",\"@id\":\"https:\/\/www.dakarmania.cz\/index.php\/2023\/01\/06\/fia-pridala-audi-jedenact-koni\/#primaryimage\",\"url\":\"https:\/\/www.dakarmania.cz\/wp-content\/uploads\/2023\/01\/23-dkr-peterhansel-01.jpg\",\"contentUrl\":\"https:\/\/www.dakarmania.cz\/wp-content\/uploads\/2023\/01\/23-dkr-peterhansel-01.jpg\",\"width\":1024,\"height\":683,\"caption\":\"St\u00e9phane Peterhansel \/ Edouard Boulanger, Audi RS Q e-tron E2, Team Audi Sport. Dakar 2023. \u00a9 ASO\"},{\"@type\":\"BreadcrumbList\",\"@id\":\"https:\/\/www.dakarmania.cz\/index.php\/2023\/01\/06\/fia-pridala-audi-jedenact-koni\/#breadcrumb\",\"itemListElement\":[{\"@type\":\"ListItem\",\"position\":1,\"name\":\"Dom\u016f\",\"item\":\"https:\/\/www.dakarmania.cz\/\"},{\"@type\":\"ListItem\",\"position\":2,\"name\":\"Dakarsk\u00e9 st\u0159\u00edpky: FIA p\u0159idala Audi jeden\u00e1ct kon\u00ed. Al-Attiyah zu\u0159il\"}]},{\"@type\":\"WebSite\",\"@id\":\"https:\/\/www.dakarmania.cz\/#website\",\"url\":\"https:\/\/www.dakarmania.cz\/\",\"name\":\"DAKARMANIA.cz\",\"description\":\"\u017dijeme Dakarem cel\u00fd rok\",\"publisher\":{\"@id\":\"https:\/\/www.dakarmania.cz\/#organization\"},\"potentialAction\":[{\"@type\":\"SearchAction\",\"target\":{\"@type\":\"EntryPoint\",\"urlTemplate\":\"https:\/\/www.dakarmania.cz\/?s={search_term_string}\"},\"query-input\":{\"@type\":\"PropertyValueSpecification\",\"valueRequired\":true,\"valueName\":\"search_term_string\"}}],\"inLanguage\":\"cs\"},{\"@type\":\"Organization\",\"@id\":\"https:\/\/www.dakarmania.cz\/#organization\",\"name\":\"DAKAR MANIA\",\"url\":\"https:\/\/www.dakarmania.cz\/\",\"logo\":{\"@type\":\"ImageObject\",\"inLanguage\":\"cs\",\"@id\":\"https:\/\/www.dakarmania.cz\/#\/schema\/logo\/image\/\",\"url\":\"https:\/\/www.dakarmania.cz\/wp-content\/uploads\/2018\/12\/Dakar-Mania-Logo-Square-Orange.png\",\"contentUrl\":\"https:\/\/www.dakarmania.cz\/wp-content\/uploads\/2018\/12\/Dakar-Mania-Logo-Square-Orange.png\",\"width\":992,\"height\":992,\"caption\":\"DAKAR MANIA\"},\"image\":{\"@id\":\"https:\/\/www.dakarmania.cz\/#\/schema\/logo\/image\/\"},\"sameAs\":[\"https:\/\/www.facebook.com\/dakarmania\/\"]},{\"@type\":\"Person\",\"@id\":\"https:\/\/www.dakarmania.cz\/#\/schema\/person\/04eb0e87a389631c2169c0dddae7ff1e\",\"name\":\"Zden\u011bk Zelenka\",\"image\":{\"@type\":\"ImageObject\",\"inLanguage\":\"cs\",\"@id\":\"https:\/\/www.dakarmania.cz\/#\/schema\/person\/image\/\",\"url\":\"https:\/\/secure.gravatar.com\/avatar\/2c80d5a4942fe0900b73cc7d3837a509d6ee0a276a2b76dac95c92bd0763a89b?s=96&d=mm&r=g\",\"contentUrl\":\"https:\/\/secure.gravatar.com\/avatar\/2c80d5a4942fe0900b73cc7d3837a509d6ee0a276a2b76dac95c92bd0763a89b?s=96&d=mm&r=g\",\"caption\":\"Zden\u011bk Zelenka\"},\"description\":\"Moji d\u011bt\u0161t\u00ed hrdinov\u00e9 se jmenovali Loprais, Moskal, Neveu, Vatanen, Rahier... A tihle borci, jejich n\u00e1sledovn\u00edci a jejich p\u0159\u00edb\u011bhy m\u011b nep\u0159estali fascinovat ani po letech, kdy jsem vyrostl a zam\u011bstn\u00e1valy m\u011b jin\u00e9 discipl\u00edny motorsportu. Proto se zrodila DAKARMANIA.\",\"url\":\"https:\/\/www.dakarmania.cz\/index.php\/author\/dakarmania\/\"}]}<\/script>\n<!-- \/ Yoast SEO plugin. -->","yoast_head_json":{"title":"Dakarsk\u00e9 st\u0159\u00edpky: FIA p\u0159idala Audi jeden\u00e1ct kon\u00ed. Al-Attiyah zu\u0159il - DAKARMANIA.cz","description":"P\u0159ed p\u00e1tou etapou Rally Dakar 2023 povolily sportovn\u00ed autority okam\u017eit\u00e9 zv\u00fd\u0161en\u00ed v\u00fdkonu elektrick\u00fdch motor\u016f tov\u00e1rn\u00edch voz\u016f Audi o 8 kW.","robots":{"index":"index","follow":"follow","max-snippet":"max-snippet:-1","max-image-preview":"max-image-preview:large","max-video-preview":"max-video-preview:-1"},"canonical":"https:\/\/www.dakarmania.cz\/index.php\/2023\/01\/06\/fia-pridala-audi-jedenact-koni\/","og_locale":"cs_CZ","og_type":"article","og_title":"Dakarsk\u00e9 st\u0159\u00edpky: FIA p\u0159idala Audi jeden\u00e1ct kon\u00ed. Al-Attiyah zu\u0159il - DAKARMANIA.cz","og_description":"P\u0159ed p\u00e1tou etapou Rally Dakar 2023 povolily sportovn\u00ed autority okam\u017eit\u00e9 zv\u00fd\u0161en\u00ed v\u00fdkonu elektrick\u00fdch motor\u016f tov\u00e1rn\u00edch voz\u016f Audi o 8 kW.","og_url":"https:\/\/www.dakarmania.cz\/index.php\/2023\/01\/06\/fia-pridala-audi-jedenact-koni\/","og_site_name":"DAKARMANIA.cz","article_publisher":"https:\/\/www.facebook.com\/dakarmania\/","article_published_time":"2023-01-06T00:17:28+00:00","og_image":[{"width":1024,"height":683,"url":"https:\/\/www.dakarmania.cz\/wp-content\/uploads\/2023\/01\/23-dkr-peterhansel-01.jpg","type":"image\/jpeg"}],"author":"Zden\u011bk Zelenka","twitter_card":"summary_large_image","twitter_misc":{"Napsal(a)":"Zden\u011bk Zelenka","Odhadovan\u00e1 doba \u010dten\u00ed":"4 minuty"},"schema":{"@context":"https:\/\/schema.org","@graph":[{"@type":"Article","@id":"https:\/\/www.dakarmania.cz\/index.php\/2023\/01\/06\/fia-pridala-audi-jedenact-koni\/#article","isPartOf":{"@id":"https:\/\/www.dakarmania.cz\/index.php\/2023\/01\/06\/fia-pridala-audi-jedenact-koni\/"},"author":{"name":"Zden\u011bk Zelenka","@id":"https:\/\/www.dakarmania.cz\/#\/schema\/person\/04eb0e87a389631c2169c0dddae7ff1e"},"headline":"Dakarsk\u00e9 st\u0159\u00edpky: FIA p\u0159idala Audi jeden\u00e1ct kon\u00ed. Al-Attiyah zu\u0159il","datePublished":"2023-01-06T00:17:28+00:00","mainEntityOfPage":{"@id":"https:\/\/www.dakarmania.cz\/index.php\/2023\/01\/06\/fia-pridala-audi-jedenact-koni\/"},"wordCount":823,"publisher":{"@id":"https:\/\/www.dakarmania.cz\/#organization"},"image":{"@id":"https:\/\/www.dakarmania.cz\/index.php\/2023\/01\/06\/fia-pridala-audi-jedenact-koni\/#primaryimage"},"thumbnailUrl":"https:\/\/www.dakarmania.cz\/wp-content\/uploads\/2023\/01\/23-dkr-peterhansel-01.jpg","keywords":["2023","ASO","Audi","Dakar","Dakar 2023","FIA","Glyn Hall","Nasser Al-Attiyah","pravidla","Toyota Gazoo Racing"],"articleSection":["Auto","Dakar 2023"],"inLanguage":"cs"},{"@type":"WebPage","@id":"https:\/\/www.dakarmania.cz\/index.php\/2023\/01\/06\/fia-pridala-audi-jedenact-koni\/","url":"https:\/\/www.dakarmania.cz\/index.php\/2023\/01\/06\/fia-pridala-audi-jedenact-koni\/","name":"Dakarsk\u00e9 st\u0159\u00edpky: FIA p\u0159idala Audi jeden\u00e1ct kon\u00ed. Al-Attiyah zu\u0159il - DAKARMANIA.cz","isPartOf":{"@id":"https:\/\/www.dakarmania.cz\/#website"},"primaryImageOfPage":{"@id":"https:\/\/www.dakarmania.cz\/index.php\/2023\/01\/06\/fia-pridala-audi-jedenact-koni\/#primaryimage"},"image":{"@id":"https:\/\/www.dakarmania.cz\/index.php\/2023\/01\/06\/fia-pridala-audi-jedenact-koni\/#primaryimage"},"thumbnailUrl":"https:\/\/www.dakarmania.cz\/wp-content\/uploads\/2023\/01\/23-dkr-peterhansel-01.jpg","datePublished":"2023-01-06T00:17:28+00:00","description":"P\u0159ed p\u00e1tou etapou Rally Dakar 2023 povolily sportovn\u00ed autority okam\u017eit\u00e9 zv\u00fd\u0161en\u00ed v\u00fdkonu elektrick\u00fdch motor\u016f tov\u00e1rn\u00edch voz\u016f Audi o 8 kW.","breadcrumb":{"@id":"https:\/\/www.dakarmania.cz\/index.php\/2023\/01\/06\/fia-pridala-audi-jedenact-koni\/#breadcrumb"},"inLanguage":"cs","potentialAction":[{"@type":"ReadAction","target":["https:\/\/www.dakarmania.cz\/index.php\/2023\/01\/06\/fia-pridala-audi-jedenact-koni\/"]}]},{"@type":"ImageObject","inLanguage":"cs","@id":"https:\/\/www.dakarmania.cz\/index.php\/2023\/01\/06\/fia-pridala-audi-jedenact-koni\/#primaryimage","url":"https:\/\/www.dakarmania.cz\/wp-content\/uploads\/2023\/01\/23-dkr-peterhansel-01.jpg","contentUrl":"https:\/\/www.dakarmania.cz\/wp-content\/uploads\/2023\/01\/23-dkr-peterhansel-01.jpg","width":1024,"height":683,"caption":"St\u00e9phane Peterhansel \/ Edouard Boulanger, Audi RS Q e-tron E2, Team Audi Sport. Dakar 2023. \u00a9 ASO"},{"@type":"BreadcrumbList","@id":"https:\/\/www.dakarmania.cz\/index.php\/2023\/01\/06\/fia-pridala-audi-jedenact-koni\/#breadcrumb","itemListElement":[{"@type":"ListItem","position":1,"name":"Dom\u016f","item":"https:\/\/www.dakarmania.cz\/"},{"@type":"ListItem","position":2,"name":"Dakarsk\u00e9 st\u0159\u00edpky: FIA p\u0159idala Audi jeden\u00e1ct kon\u00ed. Al-Attiyah zu\u0159il"}]},{"@type":"WebSite","@id":"https:\/\/www.dakarmania.cz\/#website","url":"https:\/\/www.dakarmania.cz\/","name":"DAKARMANIA.cz","description":"\u017dijeme Dakarem cel\u00fd rok","publisher":{"@id":"https:\/\/www.dakarmania.cz\/#organization"},"potentialAction":[{"@type":"SearchAction","target":{"@type":"EntryPoint","urlTemplate":"https:\/\/www.dakarmania.cz\/?s={search_term_string}"},"query-input":{"@type":"PropertyValueSpecification","valueRequired":true,"valueName":"search_term_string"}}],"inLanguage":"cs"},{"@type":"Organization","@id":"https:\/\/www.dakarmania.cz\/#organization","name":"DAKAR MANIA","url":"https:\/\/www.dakarmania.cz\/","logo":{"@type":"ImageObject","inLanguage":"cs","@id":"https:\/\/www.dakarmania.cz\/#\/schema\/logo\/image\/","url":"https:\/\/www.dakarmania.cz\/wp-content\/uploads\/2018\/12\/Dakar-Mania-Logo-Square-Orange.png","contentUrl":"https:\/\/www.dakarmania.cz\/wp-content\/uploads\/2018\/12\/Dakar-Mania-Logo-Square-Orange.png","width":992,"height":992,"caption":"DAKAR MANIA"},"image":{"@id":"https:\/\/www.dakarmania.cz\/#\/schema\/logo\/image\/"},"sameAs":["https:\/\/www.facebook.com\/dakarmania\/"]},{"@type":"Person","@id":"https:\/\/www.dakarmania.cz\/#\/schema\/person\/04eb0e87a389631c2169c0dddae7ff1e","name":"Zden\u011bk Zelenka","image":{"@type":"ImageObject","inLanguage":"cs","@id":"https:\/\/www.dakarmania.cz\/#\/schema\/person\/image\/","url":"https:\/\/secure.gravatar.com\/avatar\/2c80d5a4942fe0900b73cc7d3837a509d6ee0a276a2b76dac95c92bd0763a89b?s=96&d=mm&r=g","contentUrl":"https:\/\/secure.gravatar.com\/avatar\/2c80d5a4942fe0900b73cc7d3837a509d6ee0a276a2b76dac95c92bd0763a89b?s=96&d=mm&r=g","caption":"Zden\u011bk Zelenka"},"description":"Moji d\u011bt\u0161t\u00ed hrdinov\u00e9 se jmenovali Loprais, Moskal, Neveu, Vatanen, Rahier... A tihle borci, jejich n\u00e1sledovn\u00edci a jejich p\u0159\u00edb\u011bhy m\u011b nep\u0159estali fascinovat ani po letech, kdy jsem vyrostl a zam\u011bstn\u00e1valy m\u011b jin\u00e9 discipl\u00edny motorsportu. Proto se zrodila DAKARMANIA.","url":"https:\/\/www.dakarmania.cz\/index.php\/author\/dakarmania\/"}]}},"amp_enabled":true,"_links":{"self":[{"href":"https:\/\/www.dakarmania.cz\/index.php\/wp-json\/wp\/v2\/posts\/24062","targetHints":{"allow":["GET"]}}],"collection":[{"href":"https:\/\/www.dakarmania.cz\/index.php\/wp-json\/wp\/v2\/posts"}],"about":[{"href":"https:\/\/www.dakarmania.cz\/index.php\/wp-json\/wp\/v2\/types\/post"}],"author":[{"embeddable":true,"href":"https:\/\/www.dakarmania.cz\/index.php\/wp-json\/wp\/v2\/users\/1"}],"replies":[{"embeddable":true,"href":"https:\/\/www.dakarmania.cz\/index.php\/wp-json\/wp\/v2\/comments?post=24062"}],"version-history":[{"count":1,"href":"https:\/\/www.dakarmania.cz\/index.php\/wp-json\/wp\/v2\/posts\/24062\/revisions"}],"predecessor-version":[{"id":24063,"href":"https:\/\/www.dakarmania.cz\/index.php\/wp-json\/wp\/v2\/posts\/24062\/revisions\/24063"}],"wp:featuredmedia":[{"embeddable":true,"href":"https:\/\/www.dakarmania.cz\/index.php\/wp-json\/wp\/v2\/media\/24061"}],"wp:attachment":[{"href":"https:\/\/www.dakarmania.cz\/index.php\/wp-json\/wp\/v2\/media?parent=24062"}],"wp:term":[{"taxonomy":"category","embeddable":true,"href":"https:\/\/www.dakarmania.cz\/index.php\/wp-json\/wp\/v2\/categories?post=24062"},{"taxonomy":"post_tag","embeddable":true,"href":"https:\/\/www.dakarmania.cz\/index.php\/wp-json\/wp\/v2\/tags?post=24062"}],"curies":[{"name":"wp","href":"https:\/\/api.w.org\/{rel}","templated":true}]}}