{"id":24066,"date":"2023-01-06T03:13:55","date_gmt":"2023-01-06T02:13:55","guid":{"rendered":"https:\/\/www.dakarmania.cz\/?p=24066"},"modified":"2023-01-06T03:13:55","modified_gmt":"2023-01-06T02:13:55","slug":"dakarske-stripky-macik-prisel-o-vitezstvi","status":"publish","type":"post","link":"https:\/\/www.dakarmania.cz\/index.php\/2023\/01\/06\/dakarske-stripky-macik-prisel-o-vitezstvi\/","title":{"rendered":"Dakarsk\u00e9 st\u0159\u00edpky: Martin Mac\u00edk dodate\u010dn\u011b p\u0159i\u0161el o etapov\u00e9 v\u00edt\u011bzstv\u00ed"},"content":{"rendered":"<h3>Speci\u00e1lku t\u0159et\u00ed etapy Rally Dakar 2023 museli po\u0159adatel\u00e9 p\u0159ed\u010dasn\u011b ukon\u010dit. P\u0159itom \u00fa\u010dastn\u00edky postupn\u011b zastavili na t\u0159ech r\u016fzn\u00fdch m\u00edstech. Proto chv\u00edli trvalo, ne\u017e \u0159editelstv\u00ed z\u00e1vodu definitivn\u011b dopo\u010d\u00edtalo v\u00fdsledky.<\/h3>\n<figure id=\"attachment_24064\" aria-describedby=\"caption-attachment-24064\" style=\"width: 1024px\" class=\"wp-caption aligncenter\"><img loading=\"lazy\" decoding=\"async\" class=\"wp-image-24064 size-full\" src=\"https:\/\/www.dakarmania.cz\/wp-content\/uploads\/2023\/01\/23-dkr-macik-01.jpg\" alt=\"Martin Mac\u00edk, Dakar 2023\" width=\"1024\" height=\"683\" srcset=\"https:\/\/www.dakarmania.cz\/wp-content\/uploads\/2023\/01\/23-dkr-macik-01.jpg 1024w, https:\/\/www.dakarmania.cz\/wp-content\/uploads\/2023\/01\/23-dkr-macik-01-300x200.jpg 300w, https:\/\/www.dakarmania.cz\/wp-content\/uploads\/2023\/01\/23-dkr-macik-01-768x512.jpg 768w, https:\/\/www.dakarmania.cz\/wp-content\/uploads\/2023\/01\/23-dkr-macik-01-825x550.jpg 825w, https:\/\/www.dakarmania.cz\/wp-content\/uploads\/2023\/01\/23-dkr-macik-01-447x298.jpg 447w, https:\/\/www.dakarmania.cz\/wp-content\/uploads\/2023\/01\/23-dkr-macik-01-600x400.jpg 600w\" sizes=\"auto, (max-width: 1024px) 100vw, 1024px\" \/><figcaption id=\"caption-attachment-24064\" class=\"wp-caption-text\">Martin Mac\u00edk \/ Franti\u0161ek Tom\u00e1\u0161ek \/ David \u0160vanda, Iveco Powerstar, MM Technology. Dakar 2023. \u00a9 ASO<\/figcaption><\/figure>\n<p>Etapu z \u00daly do H\u00e1ilu, kter\u00e1 se jela v \u00fater\u00fd 3. ledna, poznamenaly rozmary po\u010das\u00ed. S\u00edl\u00edc\u00ed v\u00edtr, vydatn\u00fd d\u00e9\u0161\u0165 a rozvodn\u011bn\u00e9 \u0159eky br\u00e1nily po\u0159adatel\u016fm v zaji\u0161t\u011bn\u00ed bezpe\u010dnosti \u00fa\u010dastn\u00edk\u016f i f\u00e9rovosti z\u00e1vodu. Proto se organiz\u00e1to\u0159i b\u011bhem odpoledne rozhodli speci\u00e1lku p\u0159ed\u010dasn\u011b ukon\u010dit.<\/p>\n<p>\u0160pi\u010dku kategorie automobil\u016f a kamion\u016f zastavili nejprve na kontroln\u00edm bod\u011b \u010d. 3 (378. km), ale kv\u016fli zhor\u0161uj\u00edc\u00edm se pov\u011btrnostn\u00edm podm\u00ednk\u00e1m ani tam nedojeli v\u0161ichni. \u010c\u00e1st z\u00e1vodn\u00edk\u016f byla pozd\u011bji zastavena na kontroln\u00edm bod\u011b \u010d. 2 (335. km) a n\u011bkte\u0159\u00ed dokonce u\u017e na v\u00fdjezdu z neutralizace na 241. km.<\/p>\n<p>Pos\u00e1dk\u00e1m, kter\u00e9 dojely na CP3, se do v\u00fdsledk\u016f etapy podle sportovn\u00edch p\u0159edpis\u016f FIA pro cross-country rally zapo\u010d\u00edtal jejich skute\u010dn\u00fd \u010das, jeho\u017e dos\u00e1hly pr\u00e1v\u011b na tomto mezi\u010dase. Z\u00e1vodn\u00edk\u016fm, kte\u0159\u00ed skon\u010dili na CP2, pat\u0159il \u010das dosa\u017een\u00fd na tomto bod\u011b, k n\u011bmu\u017e se ka\u017ed\u00e9mu p\u0159i\u010detlo 36:59 min. T\u011bm, kte\u0159\u00ed byli z trati odklon\u011bni na konci neutralizace, n\u00e1le\u017eel \u010das dosa\u017een\u00fd na vjezdu do neutralizace, ke kter\u00e9mu se pau\u0161\u00e1ln\u011b p\u0159ipo\u010d\u00edtala jedna hodina, 38 min a 17 sekund.<\/p>\n<p>Dopo\u010d\u00edt\u00e1n\u00ed spr\u00e1vn\u00fdch v\u00fdsledk\u016f zabralo \u0159editelstv\u00ed sout\u011b\u017ee v\u00edce ne\u017e den, co\u017e zp\u016fsobilo ur\u010dit\u00e9 zmatky p\u0159edev\u0161\u00edm v kategorii kamion\u016f, kde se v\u0161e srovnalo a\u017e p\u0159ed startem \u010dtvrte\u010dn\u00ed p\u00e1t\u00e9 etapy.<\/p>\n<figure id=\"attachment_24065\" aria-describedby=\"caption-attachment-24065\" style=\"width: 1024px\" class=\"wp-caption aligncenter\"><img loading=\"lazy\" decoding=\"async\" class=\"wp-image-24065 size-full\" src=\"https:\/\/www.dakarmania.cz\/wp-content\/uploads\/2023\/01\/23-dkr-huzink-01.jpg\" alt=\"Gert Huzink, Dakar 2023\" width=\"1024\" height=\"683\" srcset=\"https:\/\/www.dakarmania.cz\/wp-content\/uploads\/2023\/01\/23-dkr-huzink-01.jpg 1024w, https:\/\/www.dakarmania.cz\/wp-content\/uploads\/2023\/01\/23-dkr-huzink-01-300x200.jpg 300w, https:\/\/www.dakarmania.cz\/wp-content\/uploads\/2023\/01\/23-dkr-huzink-01-768x512.jpg 768w, https:\/\/www.dakarmania.cz\/wp-content\/uploads\/2023\/01\/23-dkr-huzink-01-825x550.jpg 825w, https:\/\/www.dakarmania.cz\/wp-content\/uploads\/2023\/01\/23-dkr-huzink-01-447x298.jpg 447w, https:\/\/www.dakarmania.cz\/wp-content\/uploads\/2023\/01\/23-dkr-huzink-01-600x400.jpg 600w\" sizes=\"auto, (max-width: 1024px) 100vw, 1024px\" \/><figcaption id=\"caption-attachment-24065\" class=\"wp-caption-text\">Gert Huzink \/ Rob Buursen \/ Martin Roesink, Renault C460 Hybrid, Riwald Dakar Team. Dakar 2023. \u00a9 ASO<\/figcaption><\/figure>\n<p>Po p\u0159epo\u010d\u00edt\u00e1n\u00ed a kontrole \u010das\u016f se v\u00edt\u011bzem t\u0159et\u00ed etapy stal Gert Huzink (Renault), kter\u00fd po nedokon\u010den\u00e9 druh\u00e9 etap\u011b startoval do n\u00e1sleduj\u00edc\u00edho dne hodn\u011b vzadu a na rozd\u00edl od \u0161pi\u010dky kategorie kamion\u016f z v\u00fd\u0161e popsan\u00fdch d\u016fvod\u016f nedojel a\u017e na CP3, ov\u0161em na CP2 byl nejrychlej\u0161\u00ed. Pro Nizozemce v\u0161ak m\u011bla zm\u011bna po\u0159ad\u00ed a \u00faprava zapo\u010d\u00edt\u00e1van\u00fdch \u010das\u016f jen minim\u00e1ln\u00ed v\u00fdznam, proto\u017ee jel u\u017e jen v r\u00e1mci tzv. Dakar Experience a tud\u00ed\u017e de facto mimo klasifikaci (pos\u00e1dky, kter\u00e9 odstoup\u00ed z etapy a v dal\u0161\u00edch dnech do z\u00e1vodu restartuj\u00ed, sice op\u011bt figuruj\u00ed v pr\u016fb\u011b\u017en\u00e9m po\u0159ad\u00ed, ale v c\u00edli sout\u011b\u017ee nejsou pova\u017eov\u00e1ny za z\u00e1vodn\u00edky, kte\u0159\u00ed Dakar dokon\u010dili, nejedou na c\u00edlovou rampu a nedost\u00e1vaj\u00ed ani tradi\u010dn\u00ed medaile ur\u010den\u00e9 pro ka\u017ed\u00e9ho, kdo z\u00e1vod zdolal cel\u00fd). O den pozd\u011bji nav\u00edc Huzinka zastavily dal\u0161\u00ed technick\u00e9 probl\u00e9my.<\/p>\n<p>Korekce \u010das\u016f naopak pomohla Martinu van den Brinkovi (Iveco). Nizozemec se v hodnocen\u00ed t\u0159et\u00ed etapy posunul na druhou p\u0159\u00ed\u010dku a v celkov\u00e9m sou\u010dtu se v\u00fdrazn\u011b sn\u00ed\u017eil jeho odstup od Ale\u0161e Lopraise (Praga), kter\u00fd podle nov\u00e9 verze v\u00fdsledk\u016f nakonec neklesl za Jaroslava Valtra st. na druh\u00e9 m\u00edsto pr\u016fb\u011b\u017en\u00e9 klasifikace, ale i po \u00fatern\u00ed etap\u011b p\u0159ed pilotem Tatry o sedm sekund vedl.<\/p>\n<p>Huzink a van den Brink tedy v klasifikaci t\u0159et\u00ed etapy p\u0159esko\u010dili Martina Mac\u00edka, kter\u00fd p\u016fvodn\u011b oslavoval v\u00fdhru, ale nakonec klesl na t\u0159et\u00ed m\u00edsto a do historick\u00fdch tabulek se mu tud\u00ed\u017e z dosavadn\u00edho pr\u016fb\u011bhu leto\u0161n\u00edho ro\u010dn\u00edku po\u010d\u00edtaj\u00ed \u201ejen\u201c v\u00edt\u011bzstv\u00ed z prologu, prvn\u00ed a \u010dtvrt\u00e9 etapy.<\/p>\n<p><a href=\"https:\/\/eshop.dakarmania.cz\/casopis\/\"><img loading=\"lazy\" decoding=\"async\" class=\"aligncenter wp-image-23955 size-large\" src=\"https:\/\/www.dakarmania.cz\/wp-content\/uploads\/2022\/11\/vyprodej-dkrm-01-04-1024x683.jpg\" alt=\"Magaz\u00edn DAKARMANIA - v\u00fdprodej\" width=\"1010\" height=\"674\" srcset=\"https:\/\/www.dakarmania.cz\/wp-content\/uploads\/2022\/11\/vyprodej-dkrm-01-04-1024x683.jpg 1024w, https:\/\/www.dakarmania.cz\/wp-content\/uploads\/2022\/11\/vyprodej-dkrm-01-04-300x200.jpg 300w, https:\/\/www.dakarmania.cz\/wp-content\/uploads\/2022\/11\/vyprodej-dkrm-01-04-768x512.jpg 768w, https:\/\/www.dakarmania.cz\/wp-content\/uploads\/2022\/11\/vyprodej-dkrm-01-04-1536x1024.jpg 1536w, https:\/\/www.dakarmania.cz\/wp-content\/uploads\/2022\/11\/vyprodej-dkrm-01-04-2048x1365.jpg 2048w, https:\/\/www.dakarmania.cz\/wp-content\/uploads\/2022\/11\/vyprodej-dkrm-01-04-825x550.jpg 825w, https:\/\/www.dakarmania.cz\/wp-content\/uploads\/2022\/11\/vyprodej-dkrm-01-04-447x298.jpg 447w, https:\/\/www.dakarmania.cz\/wp-content\/uploads\/2022\/11\/vyprodej-dkrm-01-04-600x400.jpg 600w\" sizes=\"auto, (max-width: 1010px) 100vw, 1010px\" \/><\/a><\/p>\n","protected":false},"excerpt":{"rendered":"<p>Speci\u00e1lku t\u0159et\u00ed etapy Rally Dakar 2023 museli po\u0159adatel\u00e9 p\u0159ed\u010dasn\u011b ukon\u010dit. P\u0159itom \u00fa\u010dastn\u00edky postupn\u011b zastavili na t\u0159ech r\u016fzn\u00fdch m\u00edstech. Proto chv\u00edli trvalo, ne\u017e \u0159editelstv\u00ed z\u00e1vodu definitivn\u011b dopo\u010d\u00edtalo v\u00fdsledky.<\/p>\n","protected":false},"author":1,"featured_media":24064,"comment_status":"closed","ping_status":"closed","sticky":false,"template":"","format":"standard","meta":{"footnotes":""},"categories":[1923,16],"tags":[1705,8,1797,84,164,591,1534,78,1908,77],"class_list":["post-24066","post","type-post","status-publish","format-standard","has-post-thumbnail","hentry","category-dakar-2023","category-kamion","tag-1705","tag-dakar","tag-dakar-2023","tag-gert-huzink","tag-iveco","tag-martin-macik","tag-martin-macik-jr","tag-martin-van-den-brink","tag-mm-technology","tag-renault"],"yoast_head":"<!-- This site is optimized with the Yoast SEO plugin v24.9 - https:\/\/yoast.com\/wordpress\/plugins\/seo\/ -->\n<title>Dakarsk\u00e9 st\u0159\u00edpky: Martin Mac\u00edk dodate\u010dn\u011b p\u0159i\u0161el o etapov\u00e9 v\u00edt\u011bzstv\u00ed - DAKARMANIA.cz<\/title>\n<meta name=\"description\" content=\"Speci\u00e1lku t\u0159et\u00ed etapy Rally Dakar 2023 museli po\u0159adatel\u00e9 p\u0159ed\u010dasn\u011b ukon\u010dit. P\u0159itom \u00fa\u010dastn\u00edky postupn\u011b zastavili na t\u0159ech r\u016fzn\u00fdch m\u00edstech.\" \/>\n<meta name=\"robots\" content=\"index, follow, max-snippet:-1, max-image-preview:large, max-video-preview:-1\" \/>\n<link rel=\"canonical\" href=\"https:\/\/www.dakarmania.cz\/index.php\/2023\/01\/06\/dakarske-stripky-macik-prisel-o-vitezstvi\/\" \/>\n<meta property=\"og:locale\" content=\"cs_CZ\" \/>\n<meta property=\"og:type\" content=\"article\" \/>\n<meta property=\"og:title\" content=\"Dakarsk\u00e9 st\u0159\u00edpky: Martin Mac\u00edk dodate\u010dn\u011b p\u0159i\u0161el o etapov\u00e9 v\u00edt\u011bzstv\u00ed - DAKARMANIA.cz\" \/>\n<meta property=\"og:description\" content=\"Speci\u00e1lku t\u0159et\u00ed etapy Rally Dakar 2023 museli po\u0159adatel\u00e9 p\u0159ed\u010dasn\u011b ukon\u010dit. P\u0159itom \u00fa\u010dastn\u00edky postupn\u011b zastavili na t\u0159ech r\u016fzn\u00fdch m\u00edstech.\" \/>\n<meta property=\"og:url\" content=\"https:\/\/www.dakarmania.cz\/index.php\/2023\/01\/06\/dakarske-stripky-macik-prisel-o-vitezstvi\/\" \/>\n<meta property=\"og:site_name\" content=\"DAKARMANIA.cz\" \/>\n<meta property=\"article:publisher\" content=\"https:\/\/www.facebook.com\/dakarmania\/\" \/>\n<meta property=\"article:published_time\" content=\"2023-01-06T02:13:55+00:00\" \/>\n<meta property=\"og:image\" content=\"https:\/\/www.dakarmania.cz\/wp-content\/uploads\/2023\/01\/23-dkr-macik-01.jpg\" \/>\n\t<meta property=\"og:image:width\" content=\"1024\" \/>\n\t<meta property=\"og:image:height\" content=\"683\" \/>\n\t<meta property=\"og:image:type\" content=\"image\/jpeg\" \/>\n<meta name=\"author\" content=\"Zden\u011bk Zelenka\" \/>\n<meta name=\"twitter:card\" content=\"summary_large_image\" \/>\n<meta name=\"twitter:label1\" content=\"Napsal(a)\" \/>\n\t<meta name=\"twitter:data1\" content=\"Zden\u011bk Zelenka\" \/>\n\t<meta name=\"twitter:label2\" content=\"Odhadovan\u00e1 doba \u010dten\u00ed\" \/>\n\t<meta name=\"twitter:data2\" content=\"4 minuty\" \/>\n<script type=\"application\/ld+json\" class=\"yoast-schema-graph\">{\"@context\":\"https:\/\/schema.org\",\"@graph\":[{\"@type\":\"Article\",\"@id\":\"https:\/\/www.dakarmania.cz\/index.php\/2023\/01\/06\/dakarske-stripky-macik-prisel-o-vitezstvi\/#article\",\"isPartOf\":{\"@id\":\"https:\/\/www.dakarmania.cz\/index.php\/2023\/01\/06\/dakarske-stripky-macik-prisel-o-vitezstvi\/\"},\"author\":{\"name\":\"Zden\u011bk Zelenka\",\"@id\":\"https:\/\/www.dakarmania.cz\/#\/schema\/person\/04eb0e87a389631c2169c0dddae7ff1e\"},\"headline\":\"Dakarsk\u00e9 st\u0159\u00edpky: Martin Mac\u00edk dodate\u010dn\u011b p\u0159i\u0161el o etapov\u00e9 v\u00edt\u011bzstv\u00ed\",\"datePublished\":\"2023-01-06T02:13:55+00:00\",\"mainEntityOfPage\":{\"@id\":\"https:\/\/www.dakarmania.cz\/index.php\/2023\/01\/06\/dakarske-stripky-macik-prisel-o-vitezstvi\/\"},\"wordCount\":673,\"publisher\":{\"@id\":\"https:\/\/www.dakarmania.cz\/#organization\"},\"image\":{\"@id\":\"https:\/\/www.dakarmania.cz\/index.php\/2023\/01\/06\/dakarske-stripky-macik-prisel-o-vitezstvi\/#primaryimage\"},\"thumbnailUrl\":\"https:\/\/www.dakarmania.cz\/wp-content\/uploads\/2023\/01\/23-dkr-macik-01.jpg\",\"keywords\":[\"2023\",\"Dakar\",\"Dakar 2023\",\"Gert Huzink\",\"Iveco\",\"Martin Mac\u00edk\",\"Martin Mac\u00edk jr.\",\"Martin van den Brink\",\"MM Technology\",\"Renault\"],\"articleSection\":[\"Dakar 2023\",\"Kamiony\"],\"inLanguage\":\"cs\"},{\"@type\":\"WebPage\",\"@id\":\"https:\/\/www.dakarmania.cz\/index.php\/2023\/01\/06\/dakarske-stripky-macik-prisel-o-vitezstvi\/\",\"url\":\"https:\/\/www.dakarmania.cz\/index.php\/2023\/01\/06\/dakarske-stripky-macik-prisel-o-vitezstvi\/\",\"name\":\"Dakarsk\u00e9 st\u0159\u00edpky: Martin Mac\u00edk dodate\u010dn\u011b p\u0159i\u0161el o etapov\u00e9 v\u00edt\u011bzstv\u00ed - DAKARMANIA.cz\",\"isPartOf\":{\"@id\":\"https:\/\/www.dakarmania.cz\/#website\"},\"primaryImageOfPage\":{\"@id\":\"https:\/\/www.dakarmania.cz\/index.php\/2023\/01\/06\/dakarske-stripky-macik-prisel-o-vitezstvi\/#primaryimage\"},\"image\":{\"@id\":\"https:\/\/www.dakarmania.cz\/index.php\/2023\/01\/06\/dakarske-stripky-macik-prisel-o-vitezstvi\/#primaryimage\"},\"thumbnailUrl\":\"https:\/\/www.dakarmania.cz\/wp-content\/uploads\/2023\/01\/23-dkr-macik-01.jpg\",\"datePublished\":\"2023-01-06T02:13:55+00:00\",\"description\":\"Speci\u00e1lku t\u0159et\u00ed etapy Rally Dakar 2023 museli po\u0159adatel\u00e9 p\u0159ed\u010dasn\u011b ukon\u010dit. P\u0159itom \u00fa\u010dastn\u00edky postupn\u011b zastavili na t\u0159ech r\u016fzn\u00fdch m\u00edstech.\",\"breadcrumb\":{\"@id\":\"https:\/\/www.dakarmania.cz\/index.php\/2023\/01\/06\/dakarske-stripky-macik-prisel-o-vitezstvi\/#breadcrumb\"},\"inLanguage\":\"cs\",\"potentialAction\":[{\"@type\":\"ReadAction\",\"target\":[\"https:\/\/www.dakarmania.cz\/index.php\/2023\/01\/06\/dakarske-stripky-macik-prisel-o-vitezstvi\/\"]}]},{\"@type\":\"ImageObject\",\"inLanguage\":\"cs\",\"@id\":\"https:\/\/www.dakarmania.cz\/index.php\/2023\/01\/06\/dakarske-stripky-macik-prisel-o-vitezstvi\/#primaryimage\",\"url\":\"https:\/\/www.dakarmania.cz\/wp-content\/uploads\/2023\/01\/23-dkr-macik-01.jpg\",\"contentUrl\":\"https:\/\/www.dakarmania.cz\/wp-content\/uploads\/2023\/01\/23-dkr-macik-01.jpg\",\"width\":1024,\"height\":683,\"caption\":\"Martin Mac\u00edk \/ Franti\u0161ek Tom\u00e1\u0161ek \/ David \u0160vanda, Iveco Powerstar, MM Technology. Dakar 2023. \u00a9 ASO\"},{\"@type\":\"BreadcrumbList\",\"@id\":\"https:\/\/www.dakarmania.cz\/index.php\/2023\/01\/06\/dakarske-stripky-macik-prisel-o-vitezstvi\/#breadcrumb\",\"itemListElement\":[{\"@type\":\"ListItem\",\"position\":1,\"name\":\"Dom\u016f\",\"item\":\"https:\/\/www.dakarmania.cz\/\"},{\"@type\":\"ListItem\",\"position\":2,\"name\":\"Dakarsk\u00e9 st\u0159\u00edpky: Martin Mac\u00edk dodate\u010dn\u011b p\u0159i\u0161el o etapov\u00e9 v\u00edt\u011bzstv\u00ed\"}]},{\"@type\":\"WebSite\",\"@id\":\"https:\/\/www.dakarmania.cz\/#website\",\"url\":\"https:\/\/www.dakarmania.cz\/\",\"name\":\"DAKARMANIA.cz\",\"description\":\"\u017dijeme Dakarem cel\u00fd rok\",\"publisher\":{\"@id\":\"https:\/\/www.dakarmania.cz\/#organization\"},\"potentialAction\":[{\"@type\":\"SearchAction\",\"target\":{\"@type\":\"EntryPoint\",\"urlTemplate\":\"https:\/\/www.dakarmania.cz\/?s={search_term_string}\"},\"query-input\":{\"@type\":\"PropertyValueSpecification\",\"valueRequired\":true,\"valueName\":\"search_term_string\"}}],\"inLanguage\":\"cs\"},{\"@type\":\"Organization\",\"@id\":\"https:\/\/www.dakarmania.cz\/#organization\",\"name\":\"DAKAR MANIA\",\"url\":\"https:\/\/www.dakarmania.cz\/\",\"logo\":{\"@type\":\"ImageObject\",\"inLanguage\":\"cs\",\"@id\":\"https:\/\/www.dakarmania.cz\/#\/schema\/logo\/image\/\",\"url\":\"https:\/\/www.dakarmania.cz\/wp-content\/uploads\/2018\/12\/Dakar-Mania-Logo-Square-Orange.png\",\"contentUrl\":\"https:\/\/www.dakarmania.cz\/wp-content\/uploads\/2018\/12\/Dakar-Mania-Logo-Square-Orange.png\",\"width\":992,\"height\":992,\"caption\":\"DAKAR MANIA\"},\"image\":{\"@id\":\"https:\/\/www.dakarmania.cz\/#\/schema\/logo\/image\/\"},\"sameAs\":[\"https:\/\/www.facebook.com\/dakarmania\/\"]},{\"@type\":\"Person\",\"@id\":\"https:\/\/www.dakarmania.cz\/#\/schema\/person\/04eb0e87a389631c2169c0dddae7ff1e\",\"name\":\"Zden\u011bk Zelenka\",\"image\":{\"@type\":\"ImageObject\",\"inLanguage\":\"cs\",\"@id\":\"https:\/\/www.dakarmania.cz\/#\/schema\/person\/image\/\",\"url\":\"https:\/\/secure.gravatar.com\/avatar\/2c80d5a4942fe0900b73cc7d3837a509d6ee0a276a2b76dac95c92bd0763a89b?s=96&d=mm&r=g\",\"contentUrl\":\"https:\/\/secure.gravatar.com\/avatar\/2c80d5a4942fe0900b73cc7d3837a509d6ee0a276a2b76dac95c92bd0763a89b?s=96&d=mm&r=g\",\"caption\":\"Zden\u011bk Zelenka\"},\"description\":\"Moji d\u011bt\u0161t\u00ed hrdinov\u00e9 se jmenovali Loprais, Moskal, Neveu, Vatanen, Rahier... A tihle borci, jejich n\u00e1sledovn\u00edci a jejich p\u0159\u00edb\u011bhy m\u011b nep\u0159estali fascinovat ani po letech, kdy jsem vyrostl a zam\u011bstn\u00e1valy m\u011b jin\u00e9 discipl\u00edny motorsportu. Proto se zrodila DAKARMANIA.\",\"url\":\"https:\/\/www.dakarmania.cz\/index.php\/author\/dakarmania\/\"}]}<\/script>\n<!-- \/ Yoast SEO plugin. -->","yoast_head_json":{"title":"Dakarsk\u00e9 st\u0159\u00edpky: Martin Mac\u00edk dodate\u010dn\u011b p\u0159i\u0161el o etapov\u00e9 v\u00edt\u011bzstv\u00ed - DAKARMANIA.cz","description":"Speci\u00e1lku t\u0159et\u00ed etapy Rally Dakar 2023 museli po\u0159adatel\u00e9 p\u0159ed\u010dasn\u011b ukon\u010dit. P\u0159itom \u00fa\u010dastn\u00edky postupn\u011b zastavili na t\u0159ech r\u016fzn\u00fdch m\u00edstech.","robots":{"index":"index","follow":"follow","max-snippet":"max-snippet:-1","max-image-preview":"max-image-preview:large","max-video-preview":"max-video-preview:-1"},"canonical":"https:\/\/www.dakarmania.cz\/index.php\/2023\/01\/06\/dakarske-stripky-macik-prisel-o-vitezstvi\/","og_locale":"cs_CZ","og_type":"article","og_title":"Dakarsk\u00e9 st\u0159\u00edpky: Martin Mac\u00edk dodate\u010dn\u011b p\u0159i\u0161el o etapov\u00e9 v\u00edt\u011bzstv\u00ed - DAKARMANIA.cz","og_description":"Speci\u00e1lku t\u0159et\u00ed etapy Rally Dakar 2023 museli po\u0159adatel\u00e9 p\u0159ed\u010dasn\u011b ukon\u010dit. P\u0159itom \u00fa\u010dastn\u00edky postupn\u011b zastavili na t\u0159ech r\u016fzn\u00fdch m\u00edstech.","og_url":"https:\/\/www.dakarmania.cz\/index.php\/2023\/01\/06\/dakarske-stripky-macik-prisel-o-vitezstvi\/","og_site_name":"DAKARMANIA.cz","article_publisher":"https:\/\/www.facebook.com\/dakarmania\/","article_published_time":"2023-01-06T02:13:55+00:00","og_image":[{"width":1024,"height":683,"url":"https:\/\/www.dakarmania.cz\/wp-content\/uploads\/2023\/01\/23-dkr-macik-01.jpg","type":"image\/jpeg"}],"author":"Zden\u011bk Zelenka","twitter_card":"summary_large_image","twitter_misc":{"Napsal(a)":"Zden\u011bk Zelenka","Odhadovan\u00e1 doba \u010dten\u00ed":"4 minuty"},"schema":{"@context":"https:\/\/schema.org","@graph":[{"@type":"Article","@id":"https:\/\/www.dakarmania.cz\/index.php\/2023\/01\/06\/dakarske-stripky-macik-prisel-o-vitezstvi\/#article","isPartOf":{"@id":"https:\/\/www.dakarmania.cz\/index.php\/2023\/01\/06\/dakarske-stripky-macik-prisel-o-vitezstvi\/"},"author":{"name":"Zden\u011bk Zelenka","@id":"https:\/\/www.dakarmania.cz\/#\/schema\/person\/04eb0e87a389631c2169c0dddae7ff1e"},"headline":"Dakarsk\u00e9 st\u0159\u00edpky: Martin Mac\u00edk dodate\u010dn\u011b p\u0159i\u0161el o etapov\u00e9 v\u00edt\u011bzstv\u00ed","datePublished":"2023-01-06T02:13:55+00:00","mainEntityOfPage":{"@id":"https:\/\/www.dakarmania.cz\/index.php\/2023\/01\/06\/dakarske-stripky-macik-prisel-o-vitezstvi\/"},"wordCount":673,"publisher":{"@id":"https:\/\/www.dakarmania.cz\/#organization"},"image":{"@id":"https:\/\/www.dakarmania.cz\/index.php\/2023\/01\/06\/dakarske-stripky-macik-prisel-o-vitezstvi\/#primaryimage"},"thumbnailUrl":"https:\/\/www.dakarmania.cz\/wp-content\/uploads\/2023\/01\/23-dkr-macik-01.jpg","keywords":["2023","Dakar","Dakar 2023","Gert Huzink","Iveco","Martin Mac\u00edk","Martin Mac\u00edk jr.","Martin van den Brink","MM Technology","Renault"],"articleSection":["Dakar 2023","Kamiony"],"inLanguage":"cs"},{"@type":"WebPage","@id":"https:\/\/www.dakarmania.cz\/index.php\/2023\/01\/06\/dakarske-stripky-macik-prisel-o-vitezstvi\/","url":"https:\/\/www.dakarmania.cz\/index.php\/2023\/01\/06\/dakarske-stripky-macik-prisel-o-vitezstvi\/","name":"Dakarsk\u00e9 st\u0159\u00edpky: Martin Mac\u00edk dodate\u010dn\u011b p\u0159i\u0161el o etapov\u00e9 v\u00edt\u011bzstv\u00ed - DAKARMANIA.cz","isPartOf":{"@id":"https:\/\/www.dakarmania.cz\/#website"},"primaryImageOfPage":{"@id":"https:\/\/www.dakarmania.cz\/index.php\/2023\/01\/06\/dakarske-stripky-macik-prisel-o-vitezstvi\/#primaryimage"},"image":{"@id":"https:\/\/www.dakarmania.cz\/index.php\/2023\/01\/06\/dakarske-stripky-macik-prisel-o-vitezstvi\/#primaryimage"},"thumbnailUrl":"https:\/\/www.dakarmania.cz\/wp-content\/uploads\/2023\/01\/23-dkr-macik-01.jpg","datePublished":"2023-01-06T02:13:55+00:00","description":"Speci\u00e1lku t\u0159et\u00ed etapy Rally Dakar 2023 museli po\u0159adatel\u00e9 p\u0159ed\u010dasn\u011b ukon\u010dit. P\u0159itom \u00fa\u010dastn\u00edky postupn\u011b zastavili na t\u0159ech r\u016fzn\u00fdch m\u00edstech.","breadcrumb":{"@id":"https:\/\/www.dakarmania.cz\/index.php\/2023\/01\/06\/dakarske-stripky-macik-prisel-o-vitezstvi\/#breadcrumb"},"inLanguage":"cs","potentialAction":[{"@type":"ReadAction","target":["https:\/\/www.dakarmania.cz\/index.php\/2023\/01\/06\/dakarske-stripky-macik-prisel-o-vitezstvi\/"]}]},{"@type":"ImageObject","inLanguage":"cs","@id":"https:\/\/www.dakarmania.cz\/index.php\/2023\/01\/06\/dakarske-stripky-macik-prisel-o-vitezstvi\/#primaryimage","url":"https:\/\/www.dakarmania.cz\/wp-content\/uploads\/2023\/01\/23-dkr-macik-01.jpg","contentUrl":"https:\/\/www.dakarmania.cz\/wp-content\/uploads\/2023\/01\/23-dkr-macik-01.jpg","width":1024,"height":683,"caption":"Martin Mac\u00edk \/ Franti\u0161ek Tom\u00e1\u0161ek \/ David \u0160vanda, Iveco Powerstar, MM Technology. Dakar 2023. \u00a9 ASO"},{"@type":"BreadcrumbList","@id":"https:\/\/www.dakarmania.cz\/index.php\/2023\/01\/06\/dakarske-stripky-macik-prisel-o-vitezstvi\/#breadcrumb","itemListElement":[{"@type":"ListItem","position":1,"name":"Dom\u016f","item":"https:\/\/www.dakarmania.cz\/"},{"@type":"ListItem","position":2,"name":"Dakarsk\u00e9 st\u0159\u00edpky: Martin Mac\u00edk dodate\u010dn\u011b p\u0159i\u0161el o etapov\u00e9 v\u00edt\u011bzstv\u00ed"}]},{"@type":"WebSite","@id":"https:\/\/www.dakarmania.cz\/#website","url":"https:\/\/www.dakarmania.cz\/","name":"DAKARMANIA.cz","description":"\u017dijeme Dakarem cel\u00fd rok","publisher":{"@id":"https:\/\/www.dakarmania.cz\/#organization"},"potentialAction":[{"@type":"SearchAction","target":{"@type":"EntryPoint","urlTemplate":"https:\/\/www.dakarmania.cz\/?s={search_term_string}"},"query-input":{"@type":"PropertyValueSpecification","valueRequired":true,"valueName":"search_term_string"}}],"inLanguage":"cs"},{"@type":"Organization","@id":"https:\/\/www.dakarmania.cz\/#organization","name":"DAKAR MANIA","url":"https:\/\/www.dakarmania.cz\/","logo":{"@type":"ImageObject","inLanguage":"cs","@id":"https:\/\/www.dakarmania.cz\/#\/schema\/logo\/image\/","url":"https:\/\/www.dakarmania.cz\/wp-content\/uploads\/2018\/12\/Dakar-Mania-Logo-Square-Orange.png","contentUrl":"https:\/\/www.dakarmania.cz\/wp-content\/uploads\/2018\/12\/Dakar-Mania-Logo-Square-Orange.png","width":992,"height":992,"caption":"DAKAR MANIA"},"image":{"@id":"https:\/\/www.dakarmania.cz\/#\/schema\/logo\/image\/"},"sameAs":["https:\/\/www.facebook.com\/dakarmania\/"]},{"@type":"Person","@id":"https:\/\/www.dakarmania.cz\/#\/schema\/person\/04eb0e87a389631c2169c0dddae7ff1e","name":"Zden\u011bk Zelenka","image":{"@type":"ImageObject","inLanguage":"cs","@id":"https:\/\/www.dakarmania.cz\/#\/schema\/person\/image\/","url":"https:\/\/secure.gravatar.com\/avatar\/2c80d5a4942fe0900b73cc7d3837a509d6ee0a276a2b76dac95c92bd0763a89b?s=96&d=mm&r=g","contentUrl":"https:\/\/secure.gravatar.com\/avatar\/2c80d5a4942fe0900b73cc7d3837a509d6ee0a276a2b76dac95c92bd0763a89b?s=96&d=mm&r=g","caption":"Zden\u011bk Zelenka"},"description":"Moji d\u011bt\u0161t\u00ed hrdinov\u00e9 se jmenovali Loprais, Moskal, Neveu, Vatanen, Rahier... A tihle borci, jejich n\u00e1sledovn\u00edci a jejich p\u0159\u00edb\u011bhy m\u011b nep\u0159estali fascinovat ani po letech, kdy jsem vyrostl a zam\u011bstn\u00e1valy m\u011b jin\u00e9 discipl\u00edny motorsportu. Proto se zrodila DAKARMANIA.","url":"https:\/\/www.dakarmania.cz\/index.php\/author\/dakarmania\/"}]}},"amp_enabled":true,"_links":{"self":[{"href":"https:\/\/www.dakarmania.cz\/index.php\/wp-json\/wp\/v2\/posts\/24066","targetHints":{"allow":["GET"]}}],"collection":[{"href":"https:\/\/www.dakarmania.cz\/index.php\/wp-json\/wp\/v2\/posts"}],"about":[{"href":"https:\/\/www.dakarmania.cz\/index.php\/wp-json\/wp\/v2\/types\/post"}],"author":[{"embeddable":true,"href":"https:\/\/www.dakarmania.cz\/index.php\/wp-json\/wp\/v2\/users\/1"}],"replies":[{"embeddable":true,"href":"https:\/\/www.dakarmania.cz\/index.php\/wp-json\/wp\/v2\/comments?post=24066"}],"version-history":[{"count":1,"href":"https:\/\/www.dakarmania.cz\/index.php\/wp-json\/wp\/v2\/posts\/24066\/revisions"}],"predecessor-version":[{"id":24067,"href":"https:\/\/www.dakarmania.cz\/index.php\/wp-json\/wp\/v2\/posts\/24066\/revisions\/24067"}],"wp:featuredmedia":[{"embeddable":true,"href":"https:\/\/www.dakarmania.cz\/index.php\/wp-json\/wp\/v2\/media\/24064"}],"wp:attachment":[{"href":"https:\/\/www.dakarmania.cz\/index.php\/wp-json\/wp\/v2\/media?parent=24066"}],"wp:term":[{"taxonomy":"category","embeddable":true,"href":"https:\/\/www.dakarmania.cz\/index.php\/wp-json\/wp\/v2\/categories?post=24066"},{"taxonomy":"post_tag","embeddable":true,"href":"https:\/\/www.dakarmania.cz\/index.php\/wp-json\/wp\/v2\/tags?post=24066"}],"curies":[{"name":"wp","href":"https:\/\/api.w.org\/{rel}","templated":true}]}}