{"id":24070,"date":"2023-01-06T23:13:05","date_gmt":"2023-01-06T22:13:05","guid":{"rendered":"https:\/\/www.dakarmania.cz\/?p=24070"},"modified":"2023-01-07T00:09:44","modified_gmt":"2023-01-06T23:09:44","slug":"nejlepsi-audi-konci","status":"publish","type":"post","link":"https:\/\/www.dakarmania.cz\/index.php\/2023\/01\/06\/nejlepsi-audi-konci\/","title":{"rendered":"Dakarsk\u00e9 st\u0159\u00edpky: \u010cern\u00fd p\u00e1tek Audi"},"content":{"rendered":"<h3><span style=\"color: #ff9900;\">AKTUALIZOV\u00c1NO |<\/span> \u0160est\u00e1 etapa Rally Dakar 2023 z H\u00e1ilu do Rij\u00e1du se stala z\u00e1rove\u0148 posledn\u00ed pro St\u00e9phana Peterhansela a Edouarda Boulangera s tov\u00e1rn\u00edm Audi RS Q e-tron E2.<\/h3>\n<figure id=\"attachment_24084\" aria-describedby=\"caption-attachment-24084\" style=\"width: 1024px\" class=\"wp-caption aligncenter\"><img loading=\"lazy\" decoding=\"async\" class=\"wp-image-24084 size-full\" src=\"https:\/\/www.dakarmania.cz\/wp-content\/uploads\/2023\/01\/23-dkr-sainz-02.jpg\" alt=\"Carlos Sainz, Dakar 2023\" width=\"1024\" height=\"683\" srcset=\"https:\/\/www.dakarmania.cz\/wp-content\/uploads\/2023\/01\/23-dkr-sainz-02.jpg 1024w, https:\/\/www.dakarmania.cz\/wp-content\/uploads\/2023\/01\/23-dkr-sainz-02-300x200.jpg 300w, https:\/\/www.dakarmania.cz\/wp-content\/uploads\/2023\/01\/23-dkr-sainz-02-768x512.jpg 768w, https:\/\/www.dakarmania.cz\/wp-content\/uploads\/2023\/01\/23-dkr-sainz-02-825x550.jpg 825w, https:\/\/www.dakarmania.cz\/wp-content\/uploads\/2023\/01\/23-dkr-sainz-02-447x298.jpg 447w, https:\/\/www.dakarmania.cz\/wp-content\/uploads\/2023\/01\/23-dkr-sainz-02-600x400.jpg 600w\" sizes=\"auto, (max-width: 1024px) 100vw, 1024px\" \/><figcaption id=\"caption-attachment-24084\" class=\"wp-caption-text\">Carlos Sainz \/ Lucas Cruz, Audi RS Q e-tron E2, Team Audi Sport. Dakar 2023. \u00a9 ASO\/DPPI<\/figcaption><\/figure>\n<p>Francouzi odstoupili po skoku na 212. kilometru p\u00e1te\u010dn\u00ed speci\u00e1lky dlouh\u00e9 357 km. Navig\u00e1tor Boulanger si po tvrd\u00e9m dopadu st\u011b\u017eoval na siln\u00e9 bolesti zad, skon\u010dil v\u00a0p\u00e9\u010di l\u00e9ka\u0159sk\u00e9ho person\u00e1lu sout\u011b\u017ee a n\u00e1sledn\u011b byl helikopt\u00e9rou transportov\u00e1n do nemocnice, kde podstoupil d\u016fkladn\u011bj\u0161\u00ed vy\u0161et\u0159en\u00ed. Peterhansel tak sout\u011b\u017ee opustil s\u00a0nepo\u0161kozen\u00fdm vozem ze druh\u00e9 pozice, na kterou se propracoval po p\u0159edchoz\u00ed p\u00e1t\u00e9 etap\u011b.<\/p>\n<p>Na stejn\u00e9m m\u00edst\u011b m\u011bli nehodu i Peterhanselovi t\u00fdmov\u00ed kolegov\u00e9 Carlos Sainz a Lucas Cruz, jim\u017e p\u0159ed dne\u0161n\u00ed etapou pat\u0159ila \u010dtvrt\u00e1 p\u0159\u00ed\u010dka. \u0160pan\u011bl\u00e9 z\u00a0incidentu vyv\u00e1zli bez zran\u011bn\u00ed, ale kv\u016fli nutn\u00e9 oprav\u011b museli po\u010dkat na p\u0159\u00edjezd t\u00fdmov\u00e9ho asisten\u010dn\u00edho kamionu. S\u00a0pomoc\u00ed jeho pos\u00e1dky dok\u00e1zali sv\u00e9 Audi opravit a n\u00e1sledn\u011b dojeli a\u017e do bivaku v\u00a0Rij\u00e1du, ov\u0161em obrovsk\u00e1 ztr\u00e1ta je definitivn\u011b vy\u0159adila ze souboje o v\u00edt\u011bzstv\u00ed v\u00a0leto\u0161n\u00edm ro\u010dn\u00edku.<\/p>\n<p><em>\u201eSt\u00e9phane n\u00e1s dostihl a j\u00e1 jsem pak jel za n\u00edm. Velmi t\u011bsn\u011b za n\u00edm, tak\u017ee jsem p\u0159ed sebou vid\u011bl jen jeho auto. Najednou byli ve vzduchu a my tak\u00e9. Tvrd\u00fd dopad odneslo zav\u011b\u0161en\u00ed na\u0161eho vozu a u nich Edouardova p\u00e1te\u0159,\u201c<\/em> popsal kritick\u00e9 okam\u017eiky <strong>Carlos Sainz<\/strong>.<\/p>\n<figure id=\"attachment_24083\" aria-describedby=\"caption-attachment-24083\" style=\"width: 1024px\" class=\"wp-caption aligncenter\"><img loading=\"lazy\" decoding=\"async\" class=\"wp-image-24083 size-full\" src=\"https:\/\/www.dakarmania.cz\/wp-content\/uploads\/2023\/01\/23-dkr-peterhansel-03.jpg\" alt=\"St\u00e9phane Peterhansel, Dakar 2023\" width=\"1024\" height=\"683\" srcset=\"https:\/\/www.dakarmania.cz\/wp-content\/uploads\/2023\/01\/23-dkr-peterhansel-03.jpg 1024w, https:\/\/www.dakarmania.cz\/wp-content\/uploads\/2023\/01\/23-dkr-peterhansel-03-300x200.jpg 300w, https:\/\/www.dakarmania.cz\/wp-content\/uploads\/2023\/01\/23-dkr-peterhansel-03-768x512.jpg 768w, https:\/\/www.dakarmania.cz\/wp-content\/uploads\/2023\/01\/23-dkr-peterhansel-03-825x550.jpg 825w, https:\/\/www.dakarmania.cz\/wp-content\/uploads\/2023\/01\/23-dkr-peterhansel-03-447x298.jpg 447w, https:\/\/www.dakarmania.cz\/wp-content\/uploads\/2023\/01\/23-dkr-peterhansel-03-600x400.jpg 600w\" sizes=\"auto, (max-width: 1024px) 100vw, 1024px\" \/><figcaption id=\"caption-attachment-24083\" class=\"wp-caption-text\">St\u00e9phane Peterhansel \/ Edouard Boulanger, Audi RS Q e-tron E2, Team Audi Sport. Dakar 2023. \u00a9 ASO\/DPPI<\/figcaption><\/figure>\n<p>Pr\u016fb\u011bh \u0161est\u00e9 etapy tak jednozna\u010dn\u011b nahr\u00e1l do karet vedouc\u00edmu mu\u017ei kategorie automobil\u016f Nasseru Al-Attiyahovi s\u00a0Toyotou, nebo\u0165 kv\u016fli technick\u00fdm probl\u00e9m\u016fm z\u016fstal na 216. km st\u00e1t tak\u00e9 Yazeed Al-Rajhi, jen\u017e byl s\u00a0dal\u0161\u00ed Toyotou pr\u016fb\u011b\u017en\u011b t\u0159et\u00ed. Dom\u00e1c\u00ed z\u00e1vodn\u00edk dokon\u010dil etapu s\u00a0p\u011btihodinovou ztr\u00e1tou a propadl do hlubin pr\u016fb\u011b\u017en\u00e9 klasifikace.<\/p>\n<p>Al-Attiyah etapu vyhr\u00e1l o t\u0159i a p\u016fl minuty p\u0159ed Loebem (Prodrive) a celkov\u011b nyn\u00ed vede s\u00a0v\u00edce ne\u017e hodinov\u00fdm n\u00e1skokem p\u0159ed t\u00fdmov\u00fdm kolegou Henkem Lateganem. T\u0159et\u00ed je po \u0161esti etap\u00e1ch brazilsk\u00fd nov\u00e1\u010dek Lucas Moraes (Overdrive Toyota).<\/p>\n<p>Mattias Ekstr\u00f6m se t\u0159et\u00edm tov\u00e1rn\u00edm Audi postoupil na p\u00e1tou pozici, ale stejn\u011b jako \u010dtvrt\u00fd Giniel de Villiers se t\u0159et\u00ed tov\u00e1rn\u00ed Toyotou zaost\u00e1v\u00e1 za Al-Attiyahem u\u017e zhruba o hodinu a t\u0159i \u010dtvrt\u011b.<\/p>\n<p>Martin Prokop s\u00a0Viktorem Chytkou (Ford) si polep\u0161ili o jedno m\u00edsto a jsou s\u00a0t\u00e9m\u011b\u0159 dvouhodinov\u00fdm odstupem osm\u00ed.<\/p>\n<p><a href=\"https:\/\/eshop.dakarmania.cz\/casopis\/\"><img loading=\"lazy\" decoding=\"async\" class=\"aligncenter wp-image-23955 size-large\" src=\"https:\/\/www.dakarmania.cz\/wp-content\/uploads\/2022\/11\/vyprodej-dkrm-01-04-1024x683.jpg\" alt=\"Magaz\u00edn DAKARMANIA - v\u00fdprodej\" width=\"1010\" height=\"674\" srcset=\"https:\/\/www.dakarmania.cz\/wp-content\/uploads\/2022\/11\/vyprodej-dkrm-01-04-1024x683.jpg 1024w, https:\/\/www.dakarmania.cz\/wp-content\/uploads\/2022\/11\/vyprodej-dkrm-01-04-300x200.jpg 300w, https:\/\/www.dakarmania.cz\/wp-content\/uploads\/2022\/11\/vyprodej-dkrm-01-04-768x512.jpg 768w, https:\/\/www.dakarmania.cz\/wp-content\/uploads\/2022\/11\/vyprodej-dkrm-01-04-1536x1024.jpg 1536w, https:\/\/www.dakarmania.cz\/wp-content\/uploads\/2022\/11\/vyprodej-dkrm-01-04-2048x1365.jpg 2048w, https:\/\/www.dakarmania.cz\/wp-content\/uploads\/2022\/11\/vyprodej-dkrm-01-04-825x550.jpg 825w, https:\/\/www.dakarmania.cz\/wp-content\/uploads\/2022\/11\/vyprodej-dkrm-01-04-447x298.jpg 447w, https:\/\/www.dakarmania.cz\/wp-content\/uploads\/2022\/11\/vyprodej-dkrm-01-04-600x400.jpg 600w\" sizes=\"auto, (max-width: 1010px) 100vw, 1010px\" \/><\/a><\/p>\n","protected":false},"excerpt":{"rendered":"<p>\u0160est\u00e1 etapa Rally Dakar 2023 se stala z\u00e1rove\u0148 posledn\u00ed pro St\u00e9phana Peterhansela a Edouarda Boulangera s tov\u00e1rn\u00edm Audi RS Q e-tron E2.<\/p>\n","protected":false},"author":1,"featured_media":24084,"comment_status":"closed","ping_status":"closed","sticky":false,"template":"","format":"standard","meta":{"footnotes":""},"categories":[3,1923],"tags":[1705,1811,1114,8,1797,1757,1185,217],"class_list":["post-24070","post","type-post","status-publish","format-standard","has-post-thumbnail","hentry","category-auto","category-dakar-2023","tag-1705","tag-audi","tag-carlos-sainz","tag-dakar","tag-dakar-2023","tag-edouard-boulanger","tag-lucas-cruz","tag-stephane-peterhansel"],"yoast_head":"<!-- This site is optimized with the Yoast SEO plugin v24.9 - https:\/\/yoast.com\/wordpress\/plugins\/seo\/ -->\n<title>Dakarsk\u00e9 st\u0159\u00edpky: \u010cern\u00fd p\u00e1tek Audi - DAKARMANIA.cz<\/title>\n<meta name=\"description\" content=\"\u0160est\u00e1 etapa Rally Dakar 2023 se stala z\u00e1rove\u0148 posledn\u00ed pro St\u00e9phana Peterhansela a Edouarda Boulangera s tov\u00e1rn\u00edm Audi RS Q e-tron E2.\" \/>\n<meta name=\"robots\" content=\"index, follow, max-snippet:-1, max-image-preview:large, max-video-preview:-1\" \/>\n<link rel=\"canonical\" href=\"https:\/\/www.dakarmania.cz\/index.php\/2023\/01\/06\/nejlepsi-audi-konci\/\" \/>\n<meta property=\"og:locale\" content=\"cs_CZ\" \/>\n<meta property=\"og:type\" content=\"article\" \/>\n<meta property=\"og:title\" content=\"Dakarsk\u00e9 st\u0159\u00edpky: \u010cern\u00fd p\u00e1tek Audi - DAKARMANIA.cz\" \/>\n<meta property=\"og:description\" content=\"\u0160est\u00e1 etapa Rally Dakar 2023 se stala z\u00e1rove\u0148 posledn\u00ed pro St\u00e9phana Peterhansela a Edouarda Boulangera s tov\u00e1rn\u00edm Audi RS Q e-tron E2.\" \/>\n<meta property=\"og:url\" content=\"https:\/\/www.dakarmania.cz\/index.php\/2023\/01\/06\/nejlepsi-audi-konci\/\" \/>\n<meta property=\"og:site_name\" content=\"DAKARMANIA.cz\" \/>\n<meta property=\"article:publisher\" content=\"https:\/\/www.facebook.com\/dakarmania\/\" \/>\n<meta property=\"article:published_time\" content=\"2023-01-06T22:13:05+00:00\" \/>\n<meta property=\"article:modified_time\" content=\"2023-01-06T23:09:44+00:00\" \/>\n<meta property=\"og:image\" content=\"https:\/\/www.dakarmania.cz\/wp-content\/uploads\/2023\/01\/23-dkr-sainz-02.jpg\" \/>\n\t<meta property=\"og:image:width\" content=\"1024\" \/>\n\t<meta property=\"og:image:height\" content=\"683\" \/>\n\t<meta property=\"og:image:type\" content=\"image\/jpeg\" \/>\n<meta name=\"author\" content=\"Zden\u011bk Zelenka\" \/>\n<meta name=\"twitter:card\" content=\"summary_large_image\" \/>\n<meta name=\"twitter:label1\" content=\"Napsal(a)\" \/>\n\t<meta name=\"twitter:data1\" content=\"Zden\u011bk Zelenka\" \/>\n\t<meta name=\"twitter:label2\" content=\"Odhadovan\u00e1 doba \u010dten\u00ed\" \/>\n\t<meta name=\"twitter:data2\" content=\"3 minuty\" \/>\n<script type=\"application\/ld+json\" class=\"yoast-schema-graph\">{\"@context\":\"https:\/\/schema.org\",\"@graph\":[{\"@type\":\"Article\",\"@id\":\"https:\/\/www.dakarmania.cz\/index.php\/2023\/01\/06\/nejlepsi-audi-konci\/#article\",\"isPartOf\":{\"@id\":\"https:\/\/www.dakarmania.cz\/index.php\/2023\/01\/06\/nejlepsi-audi-konci\/\"},\"author\":{\"name\":\"Zden\u011bk Zelenka\",\"@id\":\"https:\/\/www.dakarmania.cz\/#\/schema\/person\/04eb0e87a389631c2169c0dddae7ff1e\"},\"headline\":\"Dakarsk\u00e9 st\u0159\u00edpky: \u010cern\u00fd p\u00e1tek Audi\",\"datePublished\":\"2023-01-06T22:13:05+00:00\",\"dateModified\":\"2023-01-06T23:09:44+00:00\",\"mainEntityOfPage\":{\"@id\":\"https:\/\/www.dakarmania.cz\/index.php\/2023\/01\/06\/nejlepsi-audi-konci\/\"},\"wordCount\":503,\"publisher\":{\"@id\":\"https:\/\/www.dakarmania.cz\/#organization\"},\"image\":{\"@id\":\"https:\/\/www.dakarmania.cz\/index.php\/2023\/01\/06\/nejlepsi-audi-konci\/#primaryimage\"},\"thumbnailUrl\":\"https:\/\/www.dakarmania.cz\/wp-content\/uploads\/2023\/01\/23-dkr-sainz-02.jpg\",\"keywords\":[\"2023\",\"Audi\",\"Carlos Sainz\",\"Dakar\",\"Dakar 2023\",\"Edouard Boulanger\",\"Lucas Cruz\",\"St\u00e9phane Peterhansel\"],\"articleSection\":[\"Auto\",\"Dakar 2023\"],\"inLanguage\":\"cs\"},{\"@type\":\"WebPage\",\"@id\":\"https:\/\/www.dakarmania.cz\/index.php\/2023\/01\/06\/nejlepsi-audi-konci\/\",\"url\":\"https:\/\/www.dakarmania.cz\/index.php\/2023\/01\/06\/nejlepsi-audi-konci\/\",\"name\":\"Dakarsk\u00e9 st\u0159\u00edpky: \u010cern\u00fd p\u00e1tek Audi - DAKARMANIA.cz\",\"isPartOf\":{\"@id\":\"https:\/\/www.dakarmania.cz\/#website\"},\"primaryImageOfPage\":{\"@id\":\"https:\/\/www.dakarmania.cz\/index.php\/2023\/01\/06\/nejlepsi-audi-konci\/#primaryimage\"},\"image\":{\"@id\":\"https:\/\/www.dakarmania.cz\/index.php\/2023\/01\/06\/nejlepsi-audi-konci\/#primaryimage\"},\"thumbnailUrl\":\"https:\/\/www.dakarmania.cz\/wp-content\/uploads\/2023\/01\/23-dkr-sainz-02.jpg\",\"datePublished\":\"2023-01-06T22:13:05+00:00\",\"dateModified\":\"2023-01-06T23:09:44+00:00\",\"description\":\"\u0160est\u00e1 etapa Rally Dakar 2023 se stala z\u00e1rove\u0148 posledn\u00ed pro St\u00e9phana Peterhansela a Edouarda Boulangera s tov\u00e1rn\u00edm Audi RS Q e-tron E2.\",\"breadcrumb\":{\"@id\":\"https:\/\/www.dakarmania.cz\/index.php\/2023\/01\/06\/nejlepsi-audi-konci\/#breadcrumb\"},\"inLanguage\":\"cs\",\"potentialAction\":[{\"@type\":\"ReadAction\",\"target\":[\"https:\/\/www.dakarmania.cz\/index.php\/2023\/01\/06\/nejlepsi-audi-konci\/\"]}]},{\"@type\":\"ImageObject\",\"inLanguage\":\"cs\",\"@id\":\"https:\/\/www.dakarmania.cz\/index.php\/2023\/01\/06\/nejlepsi-audi-konci\/#primaryimage\",\"url\":\"https:\/\/www.dakarmania.cz\/wp-content\/uploads\/2023\/01\/23-dkr-sainz-02.jpg\",\"contentUrl\":\"https:\/\/www.dakarmania.cz\/wp-content\/uploads\/2023\/01\/23-dkr-sainz-02.jpg\",\"width\":1024,\"height\":683,\"caption\":\"Carlos Sainz \/ Lucas Cruz, Audi RS Q e-tron E2, Team Audi Sport. Dakar 2023. \u00a9 ASO\/DPPI\"},{\"@type\":\"BreadcrumbList\",\"@id\":\"https:\/\/www.dakarmania.cz\/index.php\/2023\/01\/06\/nejlepsi-audi-konci\/#breadcrumb\",\"itemListElement\":[{\"@type\":\"ListItem\",\"position\":1,\"name\":\"Dom\u016f\",\"item\":\"https:\/\/www.dakarmania.cz\/\"},{\"@type\":\"ListItem\",\"position\":2,\"name\":\"Dakarsk\u00e9 st\u0159\u00edpky: \u010cern\u00fd p\u00e1tek Audi\"}]},{\"@type\":\"WebSite\",\"@id\":\"https:\/\/www.dakarmania.cz\/#website\",\"url\":\"https:\/\/www.dakarmania.cz\/\",\"name\":\"DAKARMANIA.cz\",\"description\":\"\u017dijeme Dakarem cel\u00fd rok\",\"publisher\":{\"@id\":\"https:\/\/www.dakarmania.cz\/#organization\"},\"potentialAction\":[{\"@type\":\"SearchAction\",\"target\":{\"@type\":\"EntryPoint\",\"urlTemplate\":\"https:\/\/www.dakarmania.cz\/?s={search_term_string}\"},\"query-input\":{\"@type\":\"PropertyValueSpecification\",\"valueRequired\":true,\"valueName\":\"search_term_string\"}}],\"inLanguage\":\"cs\"},{\"@type\":\"Organization\",\"@id\":\"https:\/\/www.dakarmania.cz\/#organization\",\"name\":\"DAKAR MANIA\",\"url\":\"https:\/\/www.dakarmania.cz\/\",\"logo\":{\"@type\":\"ImageObject\",\"inLanguage\":\"cs\",\"@id\":\"https:\/\/www.dakarmania.cz\/#\/schema\/logo\/image\/\",\"url\":\"https:\/\/www.dakarmania.cz\/wp-content\/uploads\/2018\/12\/Dakar-Mania-Logo-Square-Orange.png\",\"contentUrl\":\"https:\/\/www.dakarmania.cz\/wp-content\/uploads\/2018\/12\/Dakar-Mania-Logo-Square-Orange.png\",\"width\":992,\"height\":992,\"caption\":\"DAKAR MANIA\"},\"image\":{\"@id\":\"https:\/\/www.dakarmania.cz\/#\/schema\/logo\/image\/\"},\"sameAs\":[\"https:\/\/www.facebook.com\/dakarmania\/\"]},{\"@type\":\"Person\",\"@id\":\"https:\/\/www.dakarmania.cz\/#\/schema\/person\/04eb0e87a389631c2169c0dddae7ff1e\",\"name\":\"Zden\u011bk Zelenka\",\"image\":{\"@type\":\"ImageObject\",\"inLanguage\":\"cs\",\"@id\":\"https:\/\/www.dakarmania.cz\/#\/schema\/person\/image\/\",\"url\":\"https:\/\/secure.gravatar.com\/avatar\/2c80d5a4942fe0900b73cc7d3837a509d6ee0a276a2b76dac95c92bd0763a89b?s=96&d=mm&r=g\",\"contentUrl\":\"https:\/\/secure.gravatar.com\/avatar\/2c80d5a4942fe0900b73cc7d3837a509d6ee0a276a2b76dac95c92bd0763a89b?s=96&d=mm&r=g\",\"caption\":\"Zden\u011bk Zelenka\"},\"description\":\"Moji d\u011bt\u0161t\u00ed hrdinov\u00e9 se jmenovali Loprais, Moskal, Neveu, Vatanen, Rahier... A tihle borci, jejich n\u00e1sledovn\u00edci a jejich p\u0159\u00edb\u011bhy m\u011b nep\u0159estali fascinovat ani po letech, kdy jsem vyrostl a zam\u011bstn\u00e1valy m\u011b jin\u00e9 discipl\u00edny motorsportu. Proto se zrodila DAKARMANIA.\",\"url\":\"https:\/\/www.dakarmania.cz\/index.php\/author\/dakarmania\/\"}]}<\/script>\n<!-- \/ Yoast SEO plugin. -->","yoast_head_json":{"title":"Dakarsk\u00e9 st\u0159\u00edpky: \u010cern\u00fd p\u00e1tek Audi - DAKARMANIA.cz","description":"\u0160est\u00e1 etapa Rally Dakar 2023 se stala z\u00e1rove\u0148 posledn\u00ed pro St\u00e9phana Peterhansela a Edouarda Boulangera s tov\u00e1rn\u00edm Audi RS Q e-tron E2.","robots":{"index":"index","follow":"follow","max-snippet":"max-snippet:-1","max-image-preview":"max-image-preview:large","max-video-preview":"max-video-preview:-1"},"canonical":"https:\/\/www.dakarmania.cz\/index.php\/2023\/01\/06\/nejlepsi-audi-konci\/","og_locale":"cs_CZ","og_type":"article","og_title":"Dakarsk\u00e9 st\u0159\u00edpky: \u010cern\u00fd p\u00e1tek Audi - DAKARMANIA.cz","og_description":"\u0160est\u00e1 etapa Rally Dakar 2023 se stala z\u00e1rove\u0148 posledn\u00ed pro St\u00e9phana Peterhansela a Edouarda Boulangera s tov\u00e1rn\u00edm Audi RS Q e-tron E2.","og_url":"https:\/\/www.dakarmania.cz\/index.php\/2023\/01\/06\/nejlepsi-audi-konci\/","og_site_name":"DAKARMANIA.cz","article_publisher":"https:\/\/www.facebook.com\/dakarmania\/","article_published_time":"2023-01-06T22:13:05+00:00","article_modified_time":"2023-01-06T23:09:44+00:00","og_image":[{"width":1024,"height":683,"url":"https:\/\/www.dakarmania.cz\/wp-content\/uploads\/2023\/01\/23-dkr-sainz-02.jpg","type":"image\/jpeg"}],"author":"Zden\u011bk Zelenka","twitter_card":"summary_large_image","twitter_misc":{"Napsal(a)":"Zden\u011bk Zelenka","Odhadovan\u00e1 doba \u010dten\u00ed":"3 minuty"},"schema":{"@context":"https:\/\/schema.org","@graph":[{"@type":"Article","@id":"https:\/\/www.dakarmania.cz\/index.php\/2023\/01\/06\/nejlepsi-audi-konci\/#article","isPartOf":{"@id":"https:\/\/www.dakarmania.cz\/index.php\/2023\/01\/06\/nejlepsi-audi-konci\/"},"author":{"name":"Zden\u011bk Zelenka","@id":"https:\/\/www.dakarmania.cz\/#\/schema\/person\/04eb0e87a389631c2169c0dddae7ff1e"},"headline":"Dakarsk\u00e9 st\u0159\u00edpky: \u010cern\u00fd p\u00e1tek Audi","datePublished":"2023-01-06T22:13:05+00:00","dateModified":"2023-01-06T23:09:44+00:00","mainEntityOfPage":{"@id":"https:\/\/www.dakarmania.cz\/index.php\/2023\/01\/06\/nejlepsi-audi-konci\/"},"wordCount":503,"publisher":{"@id":"https:\/\/www.dakarmania.cz\/#organization"},"image":{"@id":"https:\/\/www.dakarmania.cz\/index.php\/2023\/01\/06\/nejlepsi-audi-konci\/#primaryimage"},"thumbnailUrl":"https:\/\/www.dakarmania.cz\/wp-content\/uploads\/2023\/01\/23-dkr-sainz-02.jpg","keywords":["2023","Audi","Carlos Sainz","Dakar","Dakar 2023","Edouard Boulanger","Lucas Cruz","St\u00e9phane Peterhansel"],"articleSection":["Auto","Dakar 2023"],"inLanguage":"cs"},{"@type":"WebPage","@id":"https:\/\/www.dakarmania.cz\/index.php\/2023\/01\/06\/nejlepsi-audi-konci\/","url":"https:\/\/www.dakarmania.cz\/index.php\/2023\/01\/06\/nejlepsi-audi-konci\/","name":"Dakarsk\u00e9 st\u0159\u00edpky: \u010cern\u00fd p\u00e1tek Audi - DAKARMANIA.cz","isPartOf":{"@id":"https:\/\/www.dakarmania.cz\/#website"},"primaryImageOfPage":{"@id":"https:\/\/www.dakarmania.cz\/index.php\/2023\/01\/06\/nejlepsi-audi-konci\/#primaryimage"},"image":{"@id":"https:\/\/www.dakarmania.cz\/index.php\/2023\/01\/06\/nejlepsi-audi-konci\/#primaryimage"},"thumbnailUrl":"https:\/\/www.dakarmania.cz\/wp-content\/uploads\/2023\/01\/23-dkr-sainz-02.jpg","datePublished":"2023-01-06T22:13:05+00:00","dateModified":"2023-01-06T23:09:44+00:00","description":"\u0160est\u00e1 etapa Rally Dakar 2023 se stala z\u00e1rove\u0148 posledn\u00ed pro St\u00e9phana Peterhansela a Edouarda Boulangera s tov\u00e1rn\u00edm Audi RS Q e-tron E2.","breadcrumb":{"@id":"https:\/\/www.dakarmania.cz\/index.php\/2023\/01\/06\/nejlepsi-audi-konci\/#breadcrumb"},"inLanguage":"cs","potentialAction":[{"@type":"ReadAction","target":["https:\/\/www.dakarmania.cz\/index.php\/2023\/01\/06\/nejlepsi-audi-konci\/"]}]},{"@type":"ImageObject","inLanguage":"cs","@id":"https:\/\/www.dakarmania.cz\/index.php\/2023\/01\/06\/nejlepsi-audi-konci\/#primaryimage","url":"https:\/\/www.dakarmania.cz\/wp-content\/uploads\/2023\/01\/23-dkr-sainz-02.jpg","contentUrl":"https:\/\/www.dakarmania.cz\/wp-content\/uploads\/2023\/01\/23-dkr-sainz-02.jpg","width":1024,"height":683,"caption":"Carlos Sainz \/ Lucas Cruz, Audi RS Q e-tron E2, Team Audi Sport. Dakar 2023. \u00a9 ASO\/DPPI"},{"@type":"BreadcrumbList","@id":"https:\/\/www.dakarmania.cz\/index.php\/2023\/01\/06\/nejlepsi-audi-konci\/#breadcrumb","itemListElement":[{"@type":"ListItem","position":1,"name":"Dom\u016f","item":"https:\/\/www.dakarmania.cz\/"},{"@type":"ListItem","position":2,"name":"Dakarsk\u00e9 st\u0159\u00edpky: \u010cern\u00fd p\u00e1tek Audi"}]},{"@type":"WebSite","@id":"https:\/\/www.dakarmania.cz\/#website","url":"https:\/\/www.dakarmania.cz\/","name":"DAKARMANIA.cz","description":"\u017dijeme Dakarem cel\u00fd rok","publisher":{"@id":"https:\/\/www.dakarmania.cz\/#organization"},"potentialAction":[{"@type":"SearchAction","target":{"@type":"EntryPoint","urlTemplate":"https:\/\/www.dakarmania.cz\/?s={search_term_string}"},"query-input":{"@type":"PropertyValueSpecification","valueRequired":true,"valueName":"search_term_string"}}],"inLanguage":"cs"},{"@type":"Organization","@id":"https:\/\/www.dakarmania.cz\/#organization","name":"DAKAR MANIA","url":"https:\/\/www.dakarmania.cz\/","logo":{"@type":"ImageObject","inLanguage":"cs","@id":"https:\/\/www.dakarmania.cz\/#\/schema\/logo\/image\/","url":"https:\/\/www.dakarmania.cz\/wp-content\/uploads\/2018\/12\/Dakar-Mania-Logo-Square-Orange.png","contentUrl":"https:\/\/www.dakarmania.cz\/wp-content\/uploads\/2018\/12\/Dakar-Mania-Logo-Square-Orange.png","width":992,"height":992,"caption":"DAKAR MANIA"},"image":{"@id":"https:\/\/www.dakarmania.cz\/#\/schema\/logo\/image\/"},"sameAs":["https:\/\/www.facebook.com\/dakarmania\/"]},{"@type":"Person","@id":"https:\/\/www.dakarmania.cz\/#\/schema\/person\/04eb0e87a389631c2169c0dddae7ff1e","name":"Zden\u011bk Zelenka","image":{"@type":"ImageObject","inLanguage":"cs","@id":"https:\/\/www.dakarmania.cz\/#\/schema\/person\/image\/","url":"https:\/\/secure.gravatar.com\/avatar\/2c80d5a4942fe0900b73cc7d3837a509d6ee0a276a2b76dac95c92bd0763a89b?s=96&d=mm&r=g","contentUrl":"https:\/\/secure.gravatar.com\/avatar\/2c80d5a4942fe0900b73cc7d3837a509d6ee0a276a2b76dac95c92bd0763a89b?s=96&d=mm&r=g","caption":"Zden\u011bk Zelenka"},"description":"Moji d\u011bt\u0161t\u00ed hrdinov\u00e9 se jmenovali Loprais, Moskal, Neveu, Vatanen, Rahier... A tihle borci, jejich n\u00e1sledovn\u00edci a jejich p\u0159\u00edb\u011bhy m\u011b nep\u0159estali fascinovat ani po letech, kdy jsem vyrostl a zam\u011bstn\u00e1valy m\u011b jin\u00e9 discipl\u00edny motorsportu. Proto se zrodila DAKARMANIA.","url":"https:\/\/www.dakarmania.cz\/index.php\/author\/dakarmania\/"}]}},"amp_enabled":true,"_links":{"self":[{"href":"https:\/\/www.dakarmania.cz\/index.php\/wp-json\/wp\/v2\/posts\/24070","targetHints":{"allow":["GET"]}}],"collection":[{"href":"https:\/\/www.dakarmania.cz\/index.php\/wp-json\/wp\/v2\/posts"}],"about":[{"href":"https:\/\/www.dakarmania.cz\/index.php\/wp-json\/wp\/v2\/types\/post"}],"author":[{"embeddable":true,"href":"https:\/\/www.dakarmania.cz\/index.php\/wp-json\/wp\/v2\/users\/1"}],"replies":[{"embeddable":true,"href":"https:\/\/www.dakarmania.cz\/index.php\/wp-json\/wp\/v2\/comments?post=24070"}],"version-history":[{"count":5,"href":"https:\/\/www.dakarmania.cz\/index.php\/wp-json\/wp\/v2\/posts\/24070\/revisions"}],"predecessor-version":[{"id":24087,"href":"https:\/\/www.dakarmania.cz\/index.php\/wp-json\/wp\/v2\/posts\/24070\/revisions\/24087"}],"wp:featuredmedia":[{"embeddable":true,"href":"https:\/\/www.dakarmania.cz\/index.php\/wp-json\/wp\/v2\/media\/24084"}],"wp:attachment":[{"href":"https:\/\/www.dakarmania.cz\/index.php\/wp-json\/wp\/v2\/media?parent=24070"}],"wp:term":[{"taxonomy":"category","embeddable":true,"href":"https:\/\/www.dakarmania.cz\/index.php\/wp-json\/wp\/v2\/categories?post=24070"},{"taxonomy":"post_tag","embeddable":true,"href":"https:\/\/www.dakarmania.cz\/index.php\/wp-json\/wp\/v2\/tags?post=24070"}],"curies":[{"name":"wp","href":"https:\/\/api.w.org\/{rel}","templated":true}]}}