{"id":24081,"date":"2023-01-06T21:59:16","date_gmt":"2023-01-06T20:59:16","guid":{"rendered":"https:\/\/www.dakarmania.cz\/?p=24081"},"modified":"2023-01-06T21:59:16","modified_gmt":"2023-01-06T20:59:16","slug":"ales-loprais-vede-i-po-seste-etape","status":"publish","type":"post","link":"https:\/\/www.dakarmania.cz\/index.php\/2023\/01\/06\/ales-loprais-vede-i-po-seste-etape\/","title":{"rendered":"Zm\u011bna: Ale\u0161 Loprais vede i po \u0161est\u00e9 etap\u011b"},"content":{"rendered":"<h3>Bitva na \u0161pici kategorie kamion\u016f je na Dakaru 2023 tak vyrovnan\u00e1, \u017ee i drobn\u00e9 penalizace, ud\u011blen\u00e9 po \u0161est\u00e9 etap\u011b za b\u011b\u017en\u00e9 proh\u0159e\u0161ky, zam\u00edchaly po\u0159ad\u00edm na nejvy\u0161\u0161\u00edch p\u0159\u00ed\u010dk\u00e1ch.<\/h3>\n<figure id=\"attachment_24080\" aria-describedby=\"caption-attachment-24080\" style=\"width: 1024px\" class=\"wp-caption aligncenter\"><img loading=\"lazy\" decoding=\"async\" class=\"wp-image-24080 size-full\" src=\"https:\/\/www.dakarmania.cz\/wp-content\/uploads\/2023\/01\/loprais-dkr23-09.jpg\" alt=\"Ale\u0161 Loprais, Dakar 2023\" width=\"1024\" height=\"683\" srcset=\"https:\/\/www.dakarmania.cz\/wp-content\/uploads\/2023\/01\/loprais-dkr23-09.jpg 1024w, https:\/\/www.dakarmania.cz\/wp-content\/uploads\/2023\/01\/loprais-dkr23-09-300x200.jpg 300w, https:\/\/www.dakarmania.cz\/wp-content\/uploads\/2023\/01\/loprais-dkr23-09-768x512.jpg 768w, https:\/\/www.dakarmania.cz\/wp-content\/uploads\/2023\/01\/loprais-dkr23-09-825x550.jpg 825w, https:\/\/www.dakarmania.cz\/wp-content\/uploads\/2023\/01\/loprais-dkr23-09-447x298.jpg 447w, https:\/\/www.dakarmania.cz\/wp-content\/uploads\/2023\/01\/loprais-dkr23-09-600x400.jpg 600w\" sizes=\"auto, (max-width: 1024px) 100vw, 1024px\" \/><figcaption id=\"caption-attachment-24080\" class=\"wp-caption-text\">Ale\u0161 Loprais \/ Jaroslav Valtr ml. \/ Petr Pokora, Praga VS4 DKR, Instaforex Loprais Team. Dakar 2023. \u00a9 ASO\/DPPI<\/figcaption><\/figure>\n<p>Z pohledu Instaforex Loprais Teamu m\u011bla nejv\u011bt\u0161\u00ed v\u00fdznam minutov\u00e1 penalizace Martina van den Brinka (Iveco), kter\u00e1 Nizozemce p\u0159ipravila o veden\u00ed v pr\u016fb\u011b\u017en\u00e9 klasifikaci a znovu jej odsunula na druh\u00e9 m\u00edsto za \u010deskou pos\u00e1dku Ale\u0161 Loprais, Jaroslav Valtr ml., Petr Pokora s Pragou V4S DKR. Ov\u0161em po v\u00edce ne\u017e 2 300 kilometrech dosud odjet\u00fdch rychlostn\u00edch zkou\u0161ek d\u011bl\u00ed dvojici nejlep\u0161\u00edch kamion\u016f pouh\u00fdch 23 sekund.<\/p>\n<p>T\u0159et\u00ed je po \u0161esti etap\u00e1ch Janus van Kasteren (+ 26:03 min) a jen o \u010dty\u0159i a t\u0159i \u010dtvrt\u011b minuty v\u00edc ztr\u00e1c\u00ed Martin Mac\u00edk (oba Iveco).<\/p>\n<p>P\u00e1tou p\u0159\u00ed\u010dku dr\u017e\u00ed ji\u017e s v\u00fdrazn\u011bj\u0161\u00edm odstupem (+ 1:49:10 hod) Jaroslav Valtr st. s Tatrou, kter\u00e9mu u\u017e z bezprost\u0159edn\u00ed bl\u00edzkosti d\u00fdch\u00e1 na z\u00e1da v\u00edt\u011bz p\u00e1te\u010dn\u00ed etapy Mitchel van den Brink s dal\u0161\u00edm Powerstarem (+ 1:51:24 hod), jen\u017e jako jedin\u00fd z p\u011btice dnes nejrychlej\u0161\u00edch kamion\u016f zvl\u00e1dl speci\u00e1lku bez proh\u0159e\u0161ku, a tud\u00ed\u017e i bez penalizace.<a href=\"https:\/\/eshop.dakarmania.cz\/casopis\/\"><img loading=\"lazy\" decoding=\"async\" class=\"aligncenter wp-image-23955 size-large\" src=\"https:\/\/www.dakarmania.cz\/wp-content\/uploads\/2022\/11\/vyprodej-dkrm-01-04-1024x683.jpg\" alt=\"Magaz\u00edn DAKARMANIA - v\u00fdprodej\" width=\"1010\" height=\"674\" srcset=\"https:\/\/www.dakarmania.cz\/wp-content\/uploads\/2022\/11\/vyprodej-dkrm-01-04-1024x683.jpg 1024w, https:\/\/www.dakarmania.cz\/wp-content\/uploads\/2022\/11\/vyprodej-dkrm-01-04-300x200.jpg 300w, https:\/\/www.dakarmania.cz\/wp-content\/uploads\/2022\/11\/vyprodej-dkrm-01-04-768x512.jpg 768w, https:\/\/www.dakarmania.cz\/wp-content\/uploads\/2022\/11\/vyprodej-dkrm-01-04-1536x1024.jpg 1536w, https:\/\/www.dakarmania.cz\/wp-content\/uploads\/2022\/11\/vyprodej-dkrm-01-04-2048x1365.jpg 2048w, https:\/\/www.dakarmania.cz\/wp-content\/uploads\/2022\/11\/vyprodej-dkrm-01-04-825x550.jpg 825w, https:\/\/www.dakarmania.cz\/wp-content\/uploads\/2022\/11\/vyprodej-dkrm-01-04-447x298.jpg 447w, https:\/\/www.dakarmania.cz\/wp-content\/uploads\/2022\/11\/vyprodej-dkrm-01-04-600x400.jpg 600w\" sizes=\"auto, (max-width: 1010px) 100vw, 1010px\" \/><\/a><\/p>\n","protected":false},"excerpt":{"rendered":"<p>Bitva na \u0161pici kategorie kamion\u016f je na Dakaru 2023 tak vyrovnan\u00e1, \u017ee i drobn\u00e9 penalizace, ud\u011blen\u00e9 po \u0161est\u00e9 etap\u011b za b\u011b\u017en\u00e9 proh\u0159e\u0161ky, zam\u00edchaly po\u0159ad\u00edm na nejvy\u0161\u0161\u00edch p\u0159\u00ed\u010dk\u00e1ch.<\/p>\n","protected":false},"author":1,"featured_media":24080,"comment_status":"closed","ping_status":"closed","sticky":false,"template":"","format":"standard","meta":{"footnotes":""},"categories":[1923,16],"tags":[1705,65,8,1797,164,1342,69,78,67,1557],"class_list":["post-24081","post","type-post","status-publish","format-standard","has-post-thumbnail","hentry","category-dakar-2023","category-kamion","tag-1705","tag-ales-loprais","tag-dakar","tag-dakar-2023","tag-iveco","tag-jaroslav-valtr-ml","tag-loprais-team","tag-martin-van-den-brink","tag-petr-pokora","tag-praga"],"yoast_head":"<!-- This site is optimized with the Yoast SEO plugin v24.9 - https:\/\/yoast.com\/wordpress\/plugins\/seo\/ -->\n<title>Zm\u011bna: Ale\u0161 Loprais vede i po \u0161est\u00e9 etap\u011b - DAKARMANIA.cz<\/title>\n<meta name=\"description\" content=\"Bitva na \u0161pici kategorie kamion\u016f je na Dakaru 2023 tak vyrovnan\u00e1, \u017ee i drobn\u00e9 penalizace, ud\u011blen\u00e9 po 6. etap\u011b, zam\u00edchaly po\u0159ad\u00edm na nejvy\u0161\u0161\u00edch p\u0159\u00ed\u010dk\u00e1ch.\" \/>\n<meta name=\"robots\" content=\"index, follow, max-snippet:-1, max-image-preview:large, max-video-preview:-1\" \/>\n<link rel=\"canonical\" href=\"https:\/\/www.dakarmania.cz\/index.php\/2023\/01\/06\/ales-loprais-vede-i-po-seste-etape\/\" \/>\n<meta property=\"og:locale\" content=\"cs_CZ\" \/>\n<meta property=\"og:type\" content=\"article\" \/>\n<meta property=\"og:title\" content=\"Zm\u011bna: Ale\u0161 Loprais vede i po \u0161est\u00e9 etap\u011b - DAKARMANIA.cz\" \/>\n<meta property=\"og:description\" content=\"Bitva na \u0161pici kategorie kamion\u016f je na Dakaru 2023 tak vyrovnan\u00e1, \u017ee i drobn\u00e9 penalizace, ud\u011blen\u00e9 po 6. etap\u011b, zam\u00edchaly po\u0159ad\u00edm na nejvy\u0161\u0161\u00edch p\u0159\u00ed\u010dk\u00e1ch.\" \/>\n<meta property=\"og:url\" content=\"https:\/\/www.dakarmania.cz\/index.php\/2023\/01\/06\/ales-loprais-vede-i-po-seste-etape\/\" \/>\n<meta property=\"og:site_name\" content=\"DAKARMANIA.cz\" \/>\n<meta property=\"article:publisher\" content=\"https:\/\/www.facebook.com\/dakarmania\/\" \/>\n<meta property=\"article:published_time\" content=\"2023-01-06T20:59:16+00:00\" \/>\n<meta property=\"og:image\" content=\"https:\/\/www.dakarmania.cz\/wp-content\/uploads\/2023\/01\/loprais-dkr23-09.jpg\" \/>\n\t<meta property=\"og:image:width\" content=\"1024\" \/>\n\t<meta property=\"og:image:height\" content=\"683\" \/>\n\t<meta property=\"og:image:type\" content=\"image\/jpeg\" \/>\n<meta name=\"author\" content=\"Zden\u011bk Zelenka\" \/>\n<meta name=\"twitter:card\" content=\"summary_large_image\" \/>\n<meta name=\"twitter:label1\" content=\"Napsal(a)\" \/>\n\t<meta name=\"twitter:data1\" content=\"Zden\u011bk Zelenka\" \/>\n\t<meta name=\"twitter:label2\" content=\"Odhadovan\u00e1 doba \u010dten\u00ed\" \/>\n\t<meta name=\"twitter:data2\" content=\"2 minuty\" \/>\n<script type=\"application\/ld+json\" class=\"yoast-schema-graph\">{\"@context\":\"https:\/\/schema.org\",\"@graph\":[{\"@type\":\"Article\",\"@id\":\"https:\/\/www.dakarmania.cz\/index.php\/2023\/01\/06\/ales-loprais-vede-i-po-seste-etape\/#article\",\"isPartOf\":{\"@id\":\"https:\/\/www.dakarmania.cz\/index.php\/2023\/01\/06\/ales-loprais-vede-i-po-seste-etape\/\"},\"author\":{\"name\":\"Zden\u011bk Zelenka\",\"@id\":\"https:\/\/www.dakarmania.cz\/#\/schema\/person\/04eb0e87a389631c2169c0dddae7ff1e\"},\"headline\":\"Zm\u011bna: Ale\u0161 Loprais vede i po \u0161est\u00e9 etap\u011b\",\"datePublished\":\"2023-01-06T20:59:16+00:00\",\"mainEntityOfPage\":{\"@id\":\"https:\/\/www.dakarmania.cz\/index.php\/2023\/01\/06\/ales-loprais-vede-i-po-seste-etape\/\"},\"wordCount\":244,\"publisher\":{\"@id\":\"https:\/\/www.dakarmania.cz\/#organization\"},\"image\":{\"@id\":\"https:\/\/www.dakarmania.cz\/index.php\/2023\/01\/06\/ales-loprais-vede-i-po-seste-etape\/#primaryimage\"},\"thumbnailUrl\":\"https:\/\/www.dakarmania.cz\/wp-content\/uploads\/2023\/01\/loprais-dkr23-09.jpg\",\"keywords\":[\"2023\",\"Ale\u0161 Loprais\",\"Dakar\",\"Dakar 2023\",\"Iveco\",\"Jaroslav Valtr ml.\",\"Loprais Team\",\"Martin van den Brink\",\"Petr Pokora\",\"Praga\"],\"articleSection\":[\"Dakar 2023\",\"Kamiony\"],\"inLanguage\":\"cs\"},{\"@type\":\"WebPage\",\"@id\":\"https:\/\/www.dakarmania.cz\/index.php\/2023\/01\/06\/ales-loprais-vede-i-po-seste-etape\/\",\"url\":\"https:\/\/www.dakarmania.cz\/index.php\/2023\/01\/06\/ales-loprais-vede-i-po-seste-etape\/\",\"name\":\"Zm\u011bna: Ale\u0161 Loprais vede i po \u0161est\u00e9 etap\u011b - DAKARMANIA.cz\",\"isPartOf\":{\"@id\":\"https:\/\/www.dakarmania.cz\/#website\"},\"primaryImageOfPage\":{\"@id\":\"https:\/\/www.dakarmania.cz\/index.php\/2023\/01\/06\/ales-loprais-vede-i-po-seste-etape\/#primaryimage\"},\"image\":{\"@id\":\"https:\/\/www.dakarmania.cz\/index.php\/2023\/01\/06\/ales-loprais-vede-i-po-seste-etape\/#primaryimage\"},\"thumbnailUrl\":\"https:\/\/www.dakarmania.cz\/wp-content\/uploads\/2023\/01\/loprais-dkr23-09.jpg\",\"datePublished\":\"2023-01-06T20:59:16+00:00\",\"description\":\"Bitva na \u0161pici kategorie kamion\u016f je na Dakaru 2023 tak vyrovnan\u00e1, \u017ee i drobn\u00e9 penalizace, ud\u011blen\u00e9 po 6. etap\u011b, zam\u00edchaly po\u0159ad\u00edm na nejvy\u0161\u0161\u00edch p\u0159\u00ed\u010dk\u00e1ch.\",\"breadcrumb\":{\"@id\":\"https:\/\/www.dakarmania.cz\/index.php\/2023\/01\/06\/ales-loprais-vede-i-po-seste-etape\/#breadcrumb\"},\"inLanguage\":\"cs\",\"potentialAction\":[{\"@type\":\"ReadAction\",\"target\":[\"https:\/\/www.dakarmania.cz\/index.php\/2023\/01\/06\/ales-loprais-vede-i-po-seste-etape\/\"]}]},{\"@type\":\"ImageObject\",\"inLanguage\":\"cs\",\"@id\":\"https:\/\/www.dakarmania.cz\/index.php\/2023\/01\/06\/ales-loprais-vede-i-po-seste-etape\/#primaryimage\",\"url\":\"https:\/\/www.dakarmania.cz\/wp-content\/uploads\/2023\/01\/loprais-dkr23-09.jpg\",\"contentUrl\":\"https:\/\/www.dakarmania.cz\/wp-content\/uploads\/2023\/01\/loprais-dkr23-09.jpg\",\"width\":1024,\"height\":683,\"caption\":\"Ale\u0161 Loprais \/ Jaroslav Valtr ml. \/ Petr Pokora, Praga VS4 DKR, Instaforex Loprais Team. Dakar 2023. \u00a9 ASO\/DPPI\"},{\"@type\":\"BreadcrumbList\",\"@id\":\"https:\/\/www.dakarmania.cz\/index.php\/2023\/01\/06\/ales-loprais-vede-i-po-seste-etape\/#breadcrumb\",\"itemListElement\":[{\"@type\":\"ListItem\",\"position\":1,\"name\":\"Dom\u016f\",\"item\":\"https:\/\/www.dakarmania.cz\/\"},{\"@type\":\"ListItem\",\"position\":2,\"name\":\"Zm\u011bna: Ale\u0161 Loprais vede i po \u0161est\u00e9 etap\u011b\"}]},{\"@type\":\"WebSite\",\"@id\":\"https:\/\/www.dakarmania.cz\/#website\",\"url\":\"https:\/\/www.dakarmania.cz\/\",\"name\":\"DAKARMANIA.cz\",\"description\":\"\u017dijeme Dakarem cel\u00fd rok\",\"publisher\":{\"@id\":\"https:\/\/www.dakarmania.cz\/#organization\"},\"potentialAction\":[{\"@type\":\"SearchAction\",\"target\":{\"@type\":\"EntryPoint\",\"urlTemplate\":\"https:\/\/www.dakarmania.cz\/?s={search_term_string}\"},\"query-input\":{\"@type\":\"PropertyValueSpecification\",\"valueRequired\":true,\"valueName\":\"search_term_string\"}}],\"inLanguage\":\"cs\"},{\"@type\":\"Organization\",\"@id\":\"https:\/\/www.dakarmania.cz\/#organization\",\"name\":\"DAKAR MANIA\",\"url\":\"https:\/\/www.dakarmania.cz\/\",\"logo\":{\"@type\":\"ImageObject\",\"inLanguage\":\"cs\",\"@id\":\"https:\/\/www.dakarmania.cz\/#\/schema\/logo\/image\/\",\"url\":\"https:\/\/www.dakarmania.cz\/wp-content\/uploads\/2018\/12\/Dakar-Mania-Logo-Square-Orange.png\",\"contentUrl\":\"https:\/\/www.dakarmania.cz\/wp-content\/uploads\/2018\/12\/Dakar-Mania-Logo-Square-Orange.png\",\"width\":992,\"height\":992,\"caption\":\"DAKAR MANIA\"},\"image\":{\"@id\":\"https:\/\/www.dakarmania.cz\/#\/schema\/logo\/image\/\"},\"sameAs\":[\"https:\/\/www.facebook.com\/dakarmania\/\"]},{\"@type\":\"Person\",\"@id\":\"https:\/\/www.dakarmania.cz\/#\/schema\/person\/04eb0e87a389631c2169c0dddae7ff1e\",\"name\":\"Zden\u011bk Zelenka\",\"image\":{\"@type\":\"ImageObject\",\"inLanguage\":\"cs\",\"@id\":\"https:\/\/www.dakarmania.cz\/#\/schema\/person\/image\/\",\"url\":\"https:\/\/secure.gravatar.com\/avatar\/2c80d5a4942fe0900b73cc7d3837a509d6ee0a276a2b76dac95c92bd0763a89b?s=96&d=mm&r=g\",\"contentUrl\":\"https:\/\/secure.gravatar.com\/avatar\/2c80d5a4942fe0900b73cc7d3837a509d6ee0a276a2b76dac95c92bd0763a89b?s=96&d=mm&r=g\",\"caption\":\"Zden\u011bk Zelenka\"},\"description\":\"Moji d\u011bt\u0161t\u00ed hrdinov\u00e9 se jmenovali Loprais, Moskal, Neveu, Vatanen, Rahier... A tihle borci, jejich n\u00e1sledovn\u00edci a jejich p\u0159\u00edb\u011bhy m\u011b nep\u0159estali fascinovat ani po letech, kdy jsem vyrostl a zam\u011bstn\u00e1valy m\u011b jin\u00e9 discipl\u00edny motorsportu. Proto se zrodila DAKARMANIA.\",\"url\":\"https:\/\/www.dakarmania.cz\/index.php\/author\/dakarmania\/\"}]}<\/script>\n<!-- \/ Yoast SEO plugin. -->","yoast_head_json":{"title":"Zm\u011bna: Ale\u0161 Loprais vede i po \u0161est\u00e9 etap\u011b - DAKARMANIA.cz","description":"Bitva na \u0161pici kategorie kamion\u016f je na Dakaru 2023 tak vyrovnan\u00e1, \u017ee i drobn\u00e9 penalizace, ud\u011blen\u00e9 po 6. etap\u011b, zam\u00edchaly po\u0159ad\u00edm na nejvy\u0161\u0161\u00edch p\u0159\u00ed\u010dk\u00e1ch.","robots":{"index":"index","follow":"follow","max-snippet":"max-snippet:-1","max-image-preview":"max-image-preview:large","max-video-preview":"max-video-preview:-1"},"canonical":"https:\/\/www.dakarmania.cz\/index.php\/2023\/01\/06\/ales-loprais-vede-i-po-seste-etape\/","og_locale":"cs_CZ","og_type":"article","og_title":"Zm\u011bna: Ale\u0161 Loprais vede i po \u0161est\u00e9 etap\u011b - DAKARMANIA.cz","og_description":"Bitva na \u0161pici kategorie kamion\u016f je na Dakaru 2023 tak vyrovnan\u00e1, \u017ee i drobn\u00e9 penalizace, ud\u011blen\u00e9 po 6. etap\u011b, zam\u00edchaly po\u0159ad\u00edm na nejvy\u0161\u0161\u00edch p\u0159\u00ed\u010dk\u00e1ch.","og_url":"https:\/\/www.dakarmania.cz\/index.php\/2023\/01\/06\/ales-loprais-vede-i-po-seste-etape\/","og_site_name":"DAKARMANIA.cz","article_publisher":"https:\/\/www.facebook.com\/dakarmania\/","article_published_time":"2023-01-06T20:59:16+00:00","og_image":[{"width":1024,"height":683,"url":"https:\/\/www.dakarmania.cz\/wp-content\/uploads\/2023\/01\/loprais-dkr23-09.jpg","type":"image\/jpeg"}],"author":"Zden\u011bk Zelenka","twitter_card":"summary_large_image","twitter_misc":{"Napsal(a)":"Zden\u011bk Zelenka","Odhadovan\u00e1 doba \u010dten\u00ed":"2 minuty"},"schema":{"@context":"https:\/\/schema.org","@graph":[{"@type":"Article","@id":"https:\/\/www.dakarmania.cz\/index.php\/2023\/01\/06\/ales-loprais-vede-i-po-seste-etape\/#article","isPartOf":{"@id":"https:\/\/www.dakarmania.cz\/index.php\/2023\/01\/06\/ales-loprais-vede-i-po-seste-etape\/"},"author":{"name":"Zden\u011bk Zelenka","@id":"https:\/\/www.dakarmania.cz\/#\/schema\/person\/04eb0e87a389631c2169c0dddae7ff1e"},"headline":"Zm\u011bna: Ale\u0161 Loprais vede i po \u0161est\u00e9 etap\u011b","datePublished":"2023-01-06T20:59:16+00:00","mainEntityOfPage":{"@id":"https:\/\/www.dakarmania.cz\/index.php\/2023\/01\/06\/ales-loprais-vede-i-po-seste-etape\/"},"wordCount":244,"publisher":{"@id":"https:\/\/www.dakarmania.cz\/#organization"},"image":{"@id":"https:\/\/www.dakarmania.cz\/index.php\/2023\/01\/06\/ales-loprais-vede-i-po-seste-etape\/#primaryimage"},"thumbnailUrl":"https:\/\/www.dakarmania.cz\/wp-content\/uploads\/2023\/01\/loprais-dkr23-09.jpg","keywords":["2023","Ale\u0161 Loprais","Dakar","Dakar 2023","Iveco","Jaroslav Valtr ml.","Loprais Team","Martin van den Brink","Petr Pokora","Praga"],"articleSection":["Dakar 2023","Kamiony"],"inLanguage":"cs"},{"@type":"WebPage","@id":"https:\/\/www.dakarmania.cz\/index.php\/2023\/01\/06\/ales-loprais-vede-i-po-seste-etape\/","url":"https:\/\/www.dakarmania.cz\/index.php\/2023\/01\/06\/ales-loprais-vede-i-po-seste-etape\/","name":"Zm\u011bna: Ale\u0161 Loprais vede i po \u0161est\u00e9 etap\u011b - DAKARMANIA.cz","isPartOf":{"@id":"https:\/\/www.dakarmania.cz\/#website"},"primaryImageOfPage":{"@id":"https:\/\/www.dakarmania.cz\/index.php\/2023\/01\/06\/ales-loprais-vede-i-po-seste-etape\/#primaryimage"},"image":{"@id":"https:\/\/www.dakarmania.cz\/index.php\/2023\/01\/06\/ales-loprais-vede-i-po-seste-etape\/#primaryimage"},"thumbnailUrl":"https:\/\/www.dakarmania.cz\/wp-content\/uploads\/2023\/01\/loprais-dkr23-09.jpg","datePublished":"2023-01-06T20:59:16+00:00","description":"Bitva na \u0161pici kategorie kamion\u016f je na Dakaru 2023 tak vyrovnan\u00e1, \u017ee i drobn\u00e9 penalizace, ud\u011blen\u00e9 po 6. etap\u011b, zam\u00edchaly po\u0159ad\u00edm na nejvy\u0161\u0161\u00edch p\u0159\u00ed\u010dk\u00e1ch.","breadcrumb":{"@id":"https:\/\/www.dakarmania.cz\/index.php\/2023\/01\/06\/ales-loprais-vede-i-po-seste-etape\/#breadcrumb"},"inLanguage":"cs","potentialAction":[{"@type":"ReadAction","target":["https:\/\/www.dakarmania.cz\/index.php\/2023\/01\/06\/ales-loprais-vede-i-po-seste-etape\/"]}]},{"@type":"ImageObject","inLanguage":"cs","@id":"https:\/\/www.dakarmania.cz\/index.php\/2023\/01\/06\/ales-loprais-vede-i-po-seste-etape\/#primaryimage","url":"https:\/\/www.dakarmania.cz\/wp-content\/uploads\/2023\/01\/loprais-dkr23-09.jpg","contentUrl":"https:\/\/www.dakarmania.cz\/wp-content\/uploads\/2023\/01\/loprais-dkr23-09.jpg","width":1024,"height":683,"caption":"Ale\u0161 Loprais \/ Jaroslav Valtr ml. \/ Petr Pokora, Praga VS4 DKR, Instaforex Loprais Team. Dakar 2023. \u00a9 ASO\/DPPI"},{"@type":"BreadcrumbList","@id":"https:\/\/www.dakarmania.cz\/index.php\/2023\/01\/06\/ales-loprais-vede-i-po-seste-etape\/#breadcrumb","itemListElement":[{"@type":"ListItem","position":1,"name":"Dom\u016f","item":"https:\/\/www.dakarmania.cz\/"},{"@type":"ListItem","position":2,"name":"Zm\u011bna: Ale\u0161 Loprais vede i po \u0161est\u00e9 etap\u011b"}]},{"@type":"WebSite","@id":"https:\/\/www.dakarmania.cz\/#website","url":"https:\/\/www.dakarmania.cz\/","name":"DAKARMANIA.cz","description":"\u017dijeme Dakarem cel\u00fd rok","publisher":{"@id":"https:\/\/www.dakarmania.cz\/#organization"},"potentialAction":[{"@type":"SearchAction","target":{"@type":"EntryPoint","urlTemplate":"https:\/\/www.dakarmania.cz\/?s={search_term_string}"},"query-input":{"@type":"PropertyValueSpecification","valueRequired":true,"valueName":"search_term_string"}}],"inLanguage":"cs"},{"@type":"Organization","@id":"https:\/\/www.dakarmania.cz\/#organization","name":"DAKAR MANIA","url":"https:\/\/www.dakarmania.cz\/","logo":{"@type":"ImageObject","inLanguage":"cs","@id":"https:\/\/www.dakarmania.cz\/#\/schema\/logo\/image\/","url":"https:\/\/www.dakarmania.cz\/wp-content\/uploads\/2018\/12\/Dakar-Mania-Logo-Square-Orange.png","contentUrl":"https:\/\/www.dakarmania.cz\/wp-content\/uploads\/2018\/12\/Dakar-Mania-Logo-Square-Orange.png","width":992,"height":992,"caption":"DAKAR MANIA"},"image":{"@id":"https:\/\/www.dakarmania.cz\/#\/schema\/logo\/image\/"},"sameAs":["https:\/\/www.facebook.com\/dakarmania\/"]},{"@type":"Person","@id":"https:\/\/www.dakarmania.cz\/#\/schema\/person\/04eb0e87a389631c2169c0dddae7ff1e","name":"Zden\u011bk Zelenka","image":{"@type":"ImageObject","inLanguage":"cs","@id":"https:\/\/www.dakarmania.cz\/#\/schema\/person\/image\/","url":"https:\/\/secure.gravatar.com\/avatar\/2c80d5a4942fe0900b73cc7d3837a509d6ee0a276a2b76dac95c92bd0763a89b?s=96&d=mm&r=g","contentUrl":"https:\/\/secure.gravatar.com\/avatar\/2c80d5a4942fe0900b73cc7d3837a509d6ee0a276a2b76dac95c92bd0763a89b?s=96&d=mm&r=g","caption":"Zden\u011bk Zelenka"},"description":"Moji d\u011bt\u0161t\u00ed hrdinov\u00e9 se jmenovali Loprais, Moskal, Neveu, Vatanen, Rahier... A tihle borci, jejich n\u00e1sledovn\u00edci a jejich p\u0159\u00edb\u011bhy m\u011b nep\u0159estali fascinovat ani po letech, kdy jsem vyrostl a zam\u011bstn\u00e1valy m\u011b jin\u00e9 discipl\u00edny motorsportu. Proto se zrodila DAKARMANIA.","url":"https:\/\/www.dakarmania.cz\/index.php\/author\/dakarmania\/"}]}},"amp_enabled":true,"_links":{"self":[{"href":"https:\/\/www.dakarmania.cz\/index.php\/wp-json\/wp\/v2\/posts\/24081","targetHints":{"allow":["GET"]}}],"collection":[{"href":"https:\/\/www.dakarmania.cz\/index.php\/wp-json\/wp\/v2\/posts"}],"about":[{"href":"https:\/\/www.dakarmania.cz\/index.php\/wp-json\/wp\/v2\/types\/post"}],"author":[{"embeddable":true,"href":"https:\/\/www.dakarmania.cz\/index.php\/wp-json\/wp\/v2\/users\/1"}],"replies":[{"embeddable":true,"href":"https:\/\/www.dakarmania.cz\/index.php\/wp-json\/wp\/v2\/comments?post=24081"}],"version-history":[{"count":1,"href":"https:\/\/www.dakarmania.cz\/index.php\/wp-json\/wp\/v2\/posts\/24081\/revisions"}],"predecessor-version":[{"id":24082,"href":"https:\/\/www.dakarmania.cz\/index.php\/wp-json\/wp\/v2\/posts\/24081\/revisions\/24082"}],"wp:featuredmedia":[{"embeddable":true,"href":"https:\/\/www.dakarmania.cz\/index.php\/wp-json\/wp\/v2\/media\/24080"}],"wp:attachment":[{"href":"https:\/\/www.dakarmania.cz\/index.php\/wp-json\/wp\/v2\/media?parent=24081"}],"wp:term":[{"taxonomy":"category","embeddable":true,"href":"https:\/\/www.dakarmania.cz\/index.php\/wp-json\/wp\/v2\/categories?post=24081"},{"taxonomy":"post_tag","embeddable":true,"href":"https:\/\/www.dakarmania.cz\/index.php\/wp-json\/wp\/v2\/tags?post=24081"}],"curies":[{"name":"wp","href":"https:\/\/api.w.org\/{rel}","templated":true}]}}