{"id":24101,"date":"2023-01-07T19:24:57","date_gmt":"2023-01-07T18:24:57","guid":{"rendered":"https:\/\/www.dakarmania.cz\/?p=24101"},"modified":"2023-01-08T00:21:47","modified_gmt":"2023-01-07T23:21:47","slug":"dakarske-stripky-debakl-audi-dokonan","status":"publish","type":"post","link":"https:\/\/www.dakarmania.cz\/index.php\/2023\/01\/07\/dakarske-stripky-debakl-audi-dokonan\/","title":{"rendered":"Dakarsk\u00e9 st\u0159\u00edpky: Debakl Audi dokon\u00e1n. Ekstr\u00f6m ztratil p\u0159es 3 hodiny"},"content":{"rendered":"<h3><span style=\"color: #ff6600;\">AKTUALIZOV\u00c1NO |<\/span> Sedm\u00e1 etapa z Rij\u00e1du do Davadm\u00ed definitivn\u011b uhasila posledn\u00ed nad\u011bje tov\u00e1rn\u00edho t\u00fdmu Audi na dobr\u00fd v\u00fdsledek v kone\u010dn\u00e9m hodnocen\u00ed Rally Dakar 2023. Po St\u00e9phanu Peterhanselovi a Carlosi Sainzovi, kte\u0159\u00ed z boje o stupn\u011b v\u00edt\u011bz\u016f vypadli o den d\u0159\u00edve, se v pr\u016fb\u011b\u017en\u00e9m po\u0159ad\u00ed v\u00fdrazn\u011b propadl tak\u00e9 Mattias Ekstr\u00f6m.<\/h3>\n<figure id=\"attachment_24100\" aria-describedby=\"caption-attachment-24100\" style=\"width: 1024px\" class=\"wp-caption aligncenter\"><img loading=\"lazy\" decoding=\"async\" class=\"wp-image-24100 size-full\" src=\"https:\/\/www.dakarmania.cz\/wp-content\/uploads\/2023\/01\/23-dkr-ekstrom-01.jpg\" alt=\"Mattias Ekstr\u00f6m, Dakar 2023\" width=\"1024\" height=\"683\" srcset=\"https:\/\/www.dakarmania.cz\/wp-content\/uploads\/2023\/01\/23-dkr-ekstrom-01.jpg 1024w, https:\/\/www.dakarmania.cz\/wp-content\/uploads\/2023\/01\/23-dkr-ekstrom-01-300x200.jpg 300w, https:\/\/www.dakarmania.cz\/wp-content\/uploads\/2023\/01\/23-dkr-ekstrom-01-768x512.jpg 768w, https:\/\/www.dakarmania.cz\/wp-content\/uploads\/2023\/01\/23-dkr-ekstrom-01-825x550.jpg 825w, https:\/\/www.dakarmania.cz\/wp-content\/uploads\/2023\/01\/23-dkr-ekstrom-01-447x298.jpg 447w, https:\/\/www.dakarmania.cz\/wp-content\/uploads\/2023\/01\/23-dkr-ekstrom-01-600x400.jpg 600w\" sizes=\"auto, (max-width: 1024px) 100vw, 1024px\" \/><figcaption id=\"caption-attachment-24100\" class=\"wp-caption-text\">Mattias Ekstr\u00f6m \/ Emil Berkvist, Audi RS Q e-tron E2, Team Audi Sport. Dakar 2023. \u00a9 ASO<\/figcaption><\/figure>\n<p>Ekstr\u00f6m s navig\u00e1torem Emilem Bergkvistem figurovali po \u0161esti etap\u00e1ch na p\u00e1t\u00e9 pozici se ztr\u00e1tou jedn\u00e9 hodiny a 46 minut na vedouc\u00edho Nassera Al-Attiyaha a od t\u0159et\u00edho Brazilce Lucase Moraese (oba Toyota) je d\u011blilo t\u0159iat\u0159icet minut.<\/p>\n<p>Sobotn\u00ed speci\u00e1lku (333 km) rozjeli \u0160v\u00e9dov\u00e9 dob\u0159e a po 196 kilometrech vedli o osm sekund p\u0159ed Guerlainem Chicheritem (Prodrive), ale jen o kilometr pozd\u011bji z\u016fstali st\u00e1t s po\u0161kozen\u00fdm lev\u00fdm zav\u011b\u0161en\u00edm.<\/p>\n<p><em>\u201ePo neutralizaci jsem jel v prachu za \u017dalou, nic jsem nevid\u011bl a najednou jsem trefil k\u00e1men, kter\u00fd le\u017eel uprost\u0159ed stopy. Byl tam jeden jedin\u00fd a j\u00e1 ho trefil. V\u00fdsledkem byl defekt a zni\u010den\u00fd r\u00e1fek, co\u017e by nebylo tak zl\u00e9, ale odneslo to i zav\u011b\u0161en\u00ed,\u201c<\/em> smutnil <strong>Mattias Ekstr\u00f6m<\/strong>.<\/p>\n<p>S opravou pom\u00e1hali t\u00fdmov\u00ed kolegov\u00e9 Carlos Sainz a Lucas Cruz, kte\u0159\u00ed <a href=\"https:\/\/www.dakarmania.cz\/index.php\/2023\/01\/06\/nejlepsi-audi-konci\/\">po hav\u00e1rii v p\u0159edchoz\u00ed etap\u011b<\/a> museli s ulomen\u00fdm kolem \u010dekat na asisten\u010dn\u00ed kamion, p\u0159ekro\u010dili \u010dasov\u00fd limit a inkasovali osmn\u00e1ctihodinovou penalizaci.<\/p>\n<p><em>\u201eTato rally pro n\u00e1s rozhodn\u011b nen\u00ed \u0161\u0165astn\u00e1, ale pokra\u010dujeme a d\u00e1l se u\u010d\u00edme. Dnes jsem zastavil u Mattiase, poskytl mu zav\u011b\u0161en\u00ed ze sv\u00e9ho vozu a s\u00e1m jsem musel t\u0159i hodiny po\u010dkat na asisten\u010dn\u00ed kamion,\u201c<\/em> popsal <strong>Carlos Sainz<\/strong>.<\/p>\n<figure id=\"attachment_23955\" aria-describedby=\"caption-attachment-23955\" style=\"width: 1010px\" class=\"wp-caption aligncenter\"><a href=\"https:\/\/eshop.dakarmania.cz\/casopis\/\"><img loading=\"lazy\" decoding=\"async\" class=\"wp-image-23955 size-large\" src=\"https:\/\/www.dakarmania.cz\/wp-content\/uploads\/2022\/11\/vyprodej-dkrm-01-04-1024x683.jpg\" alt=\"Kliknut\u00edm na obr\u00e1zek p\u0159ejdete do na\u0161eho e-shopu.\" width=\"1010\" height=\"674\" srcset=\"https:\/\/www.dakarmania.cz\/wp-content\/uploads\/2022\/11\/vyprodej-dkrm-01-04-1024x683.jpg 1024w, https:\/\/www.dakarmania.cz\/wp-content\/uploads\/2022\/11\/vyprodej-dkrm-01-04-300x200.jpg 300w, https:\/\/www.dakarmania.cz\/wp-content\/uploads\/2022\/11\/vyprodej-dkrm-01-04-768x512.jpg 768w, https:\/\/www.dakarmania.cz\/wp-content\/uploads\/2022\/11\/vyprodej-dkrm-01-04-1536x1024.jpg 1536w, https:\/\/www.dakarmania.cz\/wp-content\/uploads\/2022\/11\/vyprodej-dkrm-01-04-2048x1365.jpg 2048w, https:\/\/www.dakarmania.cz\/wp-content\/uploads\/2022\/11\/vyprodej-dkrm-01-04-825x550.jpg 825w, https:\/\/www.dakarmania.cz\/wp-content\/uploads\/2022\/11\/vyprodej-dkrm-01-04-447x298.jpg 447w, https:\/\/www.dakarmania.cz\/wp-content\/uploads\/2022\/11\/vyprodej-dkrm-01-04-600x400.jpg 600w\" sizes=\"auto, (max-width: 1010px) 100vw, 1010px\" \/><\/a><figcaption id=\"caption-attachment-23955\" class=\"wp-caption-text\">Kliknut\u00edm na obr\u00e1zek p\u0159ejdete do na\u0161eho e-shopu.<\/figcaption><\/figure>\n<p>Ekstr\u00f6m dokon\u010dil speci\u00e1lku s v\u00edce ne\u017e t\u0159\u00edhodinovou ztr\u00e1tou na jej\u00edho v\u00edt\u011bze Yazeeda Al-Rajhiho s Toyotou. Po prvn\u00ed polovin\u011b sout\u011b\u017ee tak figuruje a\u017e na dvac\u00e1t\u00e9m m\u00edst\u011b (+ 4:49:41).<\/p>\n<p>Po s\u00e9rii probl\u00e9m\u016f konkuren\u010dn\u00edho Audi se zna\u010dn\u011b ulevilo Nasseru Al-Attiyahovi a zvl\u00e1\u0161\u0165, kdy\u017e p\u0159i ne\u00fa\u010dasti motorek a quad\u016f, pro kter\u00e9 byla rychlostn\u00ed zkou\u0161ka zru\u0161ena, otev\u00edral tra\u0165. Kata\u0159an byl tentokr\u00e1t a\u017e \u010dtrn\u00e1ct\u00fd, ov\u0161em v pr\u016fb\u011b\u017en\u00e9 klasifikaci kategorie automobil\u016f i p\u0159esto vede o v\u00edce ne\u017e hodinu p\u0159ed t\u00fdmov\u00fdm kolegou Henkem Lateganem. T\u0159et\u00ed p\u0159\u00ed\u010dku d\u00e1l dr\u017e\u00ed debutant Moraes (+ 1:11:24). Martin Prokop a Viktor Chytka s Fordem z\u016fst\u00e1vaj\u00ed osm\u00ed (+ 2:17:26).<\/p>\n","protected":false},"excerpt":{"rendered":"<p>Sedm\u00e1 etapa z Rij\u00e1du do Davadm\u00ed definitivn\u011b uhasila posledn\u00ed nad\u011bje tov\u00e1rn\u00edho t\u00fdmu Audi na dobr\u00fd v\u00fdsledek v kone\u010dn\u00e9m hodnocen\u00ed Rally Dakar 2023. Po St\u00e9phanu Peterhanselovi a Carlosi Sainzovi, kte\u0159\u00ed z boje o stupn\u011b v\u00edt\u011bz\u016f vypadli o den d\u0159\u00edve, se v pr\u016fb\u011b\u017en\u00e9m po\u0159ad\u00ed v\u00fdrazn\u011b propadl tak\u00e9 Mattias Ekstr\u00f6m.<\/p>\n","protected":false},"author":1,"featured_media":24100,"comment_status":"closed","ping_status":"closed","sticky":false,"template":"","format":"standard","meta":{"footnotes":""},"categories":[3,1923],"tags":[1705,1811,1114,8,1797,1816,1185,1815],"class_list":["post-24101","post","type-post","status-publish","format-standard","has-post-thumbnail","hentry","category-auto","category-dakar-2023","tag-1705","tag-audi","tag-carlos-sainz","tag-dakar","tag-dakar-2023","tag-emil-bergkvist","tag-lucas-cruz","tag-mattias-ekstrom"],"yoast_head":"<!-- This site is optimized with the Yoast SEO plugin v24.9 - https:\/\/yoast.com\/wordpress\/plugins\/seo\/ -->\n<title>Dakarsk\u00e9 st\u0159\u00edpky: Debakl Audi dokon\u00e1n. Ekstr\u00f6m ztratil p\u0159es 3 hodiny - DAKARMANIA.cz<\/title>\n<meta name=\"description\" content=\"Sedm\u00e1 etapa z Rij\u00e1du do Davadm\u00ed definitivn\u011b uhasila posledn\u00ed nad\u011bje tov\u00e1rn\u00edho t\u00fdmu Audi na dobr\u00fd v\u00fdsledek v kone\u010dn\u00e9m hodnocen\u00ed Rally Dakar 2023.\" \/>\n<meta name=\"robots\" content=\"index, follow, max-snippet:-1, max-image-preview:large, max-video-preview:-1\" \/>\n<link rel=\"canonical\" href=\"https:\/\/www.dakarmania.cz\/index.php\/2023\/01\/07\/dakarske-stripky-debakl-audi-dokonan\/\" \/>\n<meta property=\"og:locale\" content=\"cs_CZ\" \/>\n<meta property=\"og:type\" content=\"article\" \/>\n<meta property=\"og:title\" content=\"Dakarsk\u00e9 st\u0159\u00edpky: Debakl Audi dokon\u00e1n. Ekstr\u00f6m ztratil p\u0159es 3 hodiny - DAKARMANIA.cz\" \/>\n<meta property=\"og:description\" content=\"Sedm\u00e1 etapa z Rij\u00e1du do Davadm\u00ed definitivn\u011b uhasila posledn\u00ed nad\u011bje tov\u00e1rn\u00edho t\u00fdmu Audi na dobr\u00fd v\u00fdsledek v kone\u010dn\u00e9m hodnocen\u00ed Rally Dakar 2023.\" \/>\n<meta property=\"og:url\" content=\"https:\/\/www.dakarmania.cz\/index.php\/2023\/01\/07\/dakarske-stripky-debakl-audi-dokonan\/\" \/>\n<meta property=\"og:site_name\" content=\"DAKARMANIA.cz\" \/>\n<meta property=\"article:publisher\" content=\"https:\/\/www.facebook.com\/dakarmania\/\" \/>\n<meta property=\"article:published_time\" content=\"2023-01-07T18:24:57+00:00\" \/>\n<meta property=\"article:modified_time\" content=\"2023-01-07T23:21:47+00:00\" \/>\n<meta property=\"og:image\" content=\"https:\/\/www.dakarmania.cz\/wp-content\/uploads\/2023\/01\/23-dkr-ekstrom-01.jpg\" \/>\n\t<meta property=\"og:image:width\" content=\"1024\" \/>\n\t<meta property=\"og:image:height\" content=\"683\" \/>\n\t<meta property=\"og:image:type\" content=\"image\/jpeg\" \/>\n<meta name=\"author\" content=\"Zden\u011bk Zelenka\" \/>\n<meta name=\"twitter:card\" content=\"summary_large_image\" \/>\n<meta name=\"twitter:label1\" content=\"Napsal(a)\" \/>\n\t<meta name=\"twitter:data1\" content=\"Zden\u011bk Zelenka\" \/>\n\t<meta name=\"twitter:label2\" content=\"Odhadovan\u00e1 doba \u010dten\u00ed\" \/>\n\t<meta name=\"twitter:data2\" content=\"3 minuty\" \/>\n<script type=\"application\/ld+json\" class=\"yoast-schema-graph\">{\"@context\":\"https:\/\/schema.org\",\"@graph\":[{\"@type\":\"Article\",\"@id\":\"https:\/\/www.dakarmania.cz\/index.php\/2023\/01\/07\/dakarske-stripky-debakl-audi-dokonan\/#article\",\"isPartOf\":{\"@id\":\"https:\/\/www.dakarmania.cz\/index.php\/2023\/01\/07\/dakarske-stripky-debakl-audi-dokonan\/\"},\"author\":{\"name\":\"Zden\u011bk Zelenka\",\"@id\":\"https:\/\/www.dakarmania.cz\/#\/schema\/person\/04eb0e87a389631c2169c0dddae7ff1e\"},\"headline\":\"Dakarsk\u00e9 st\u0159\u00edpky: Debakl Audi dokon\u00e1n. Ekstr\u00f6m ztratil p\u0159es 3 hodiny\",\"datePublished\":\"2023-01-07T18:24:57+00:00\",\"dateModified\":\"2023-01-07T23:21:47+00:00\",\"mainEntityOfPage\":{\"@id\":\"https:\/\/www.dakarmania.cz\/index.php\/2023\/01\/07\/dakarske-stripky-debakl-audi-dokonan\/\"},\"wordCount\":475,\"publisher\":{\"@id\":\"https:\/\/www.dakarmania.cz\/#organization\"},\"image\":{\"@id\":\"https:\/\/www.dakarmania.cz\/index.php\/2023\/01\/07\/dakarske-stripky-debakl-audi-dokonan\/#primaryimage\"},\"thumbnailUrl\":\"https:\/\/www.dakarmania.cz\/wp-content\/uploads\/2023\/01\/23-dkr-ekstrom-01.jpg\",\"keywords\":[\"2023\",\"Audi\",\"Carlos Sainz\",\"Dakar\",\"Dakar 2023\",\"Emil Bergkvist\",\"Lucas Cruz\",\"Mattias Ekstr\u00f6m\"],\"articleSection\":[\"Auto\",\"Dakar 2023\"],\"inLanguage\":\"cs\"},{\"@type\":\"WebPage\",\"@id\":\"https:\/\/www.dakarmania.cz\/index.php\/2023\/01\/07\/dakarske-stripky-debakl-audi-dokonan\/\",\"url\":\"https:\/\/www.dakarmania.cz\/index.php\/2023\/01\/07\/dakarske-stripky-debakl-audi-dokonan\/\",\"name\":\"Dakarsk\u00e9 st\u0159\u00edpky: Debakl Audi dokon\u00e1n. Ekstr\u00f6m ztratil p\u0159es 3 hodiny - DAKARMANIA.cz\",\"isPartOf\":{\"@id\":\"https:\/\/www.dakarmania.cz\/#website\"},\"primaryImageOfPage\":{\"@id\":\"https:\/\/www.dakarmania.cz\/index.php\/2023\/01\/07\/dakarske-stripky-debakl-audi-dokonan\/#primaryimage\"},\"image\":{\"@id\":\"https:\/\/www.dakarmania.cz\/index.php\/2023\/01\/07\/dakarske-stripky-debakl-audi-dokonan\/#primaryimage\"},\"thumbnailUrl\":\"https:\/\/www.dakarmania.cz\/wp-content\/uploads\/2023\/01\/23-dkr-ekstrom-01.jpg\",\"datePublished\":\"2023-01-07T18:24:57+00:00\",\"dateModified\":\"2023-01-07T23:21:47+00:00\",\"description\":\"Sedm\u00e1 etapa z Rij\u00e1du do Davadm\u00ed definitivn\u011b uhasila posledn\u00ed nad\u011bje tov\u00e1rn\u00edho t\u00fdmu Audi na dobr\u00fd v\u00fdsledek v kone\u010dn\u00e9m hodnocen\u00ed Rally Dakar 2023.\",\"breadcrumb\":{\"@id\":\"https:\/\/www.dakarmania.cz\/index.php\/2023\/01\/07\/dakarske-stripky-debakl-audi-dokonan\/#breadcrumb\"},\"inLanguage\":\"cs\",\"potentialAction\":[{\"@type\":\"ReadAction\",\"target\":[\"https:\/\/www.dakarmania.cz\/index.php\/2023\/01\/07\/dakarske-stripky-debakl-audi-dokonan\/\"]}]},{\"@type\":\"ImageObject\",\"inLanguage\":\"cs\",\"@id\":\"https:\/\/www.dakarmania.cz\/index.php\/2023\/01\/07\/dakarske-stripky-debakl-audi-dokonan\/#primaryimage\",\"url\":\"https:\/\/www.dakarmania.cz\/wp-content\/uploads\/2023\/01\/23-dkr-ekstrom-01.jpg\",\"contentUrl\":\"https:\/\/www.dakarmania.cz\/wp-content\/uploads\/2023\/01\/23-dkr-ekstrom-01.jpg\",\"width\":1024,\"height\":683,\"caption\":\"Mattias Ekstr\u00f6m \/ Emil Berkvist, Audi RS Q e-tron E2, Team Audi Sport. Dakar 2023. \u00a9 ASO\"},{\"@type\":\"BreadcrumbList\",\"@id\":\"https:\/\/www.dakarmania.cz\/index.php\/2023\/01\/07\/dakarske-stripky-debakl-audi-dokonan\/#breadcrumb\",\"itemListElement\":[{\"@type\":\"ListItem\",\"position\":1,\"name\":\"Dom\u016f\",\"item\":\"https:\/\/www.dakarmania.cz\/\"},{\"@type\":\"ListItem\",\"position\":2,\"name\":\"Dakarsk\u00e9 st\u0159\u00edpky: Debakl Audi dokon\u00e1n. Ekstr\u00f6m ztratil p\u0159es 3 hodiny\"}]},{\"@type\":\"WebSite\",\"@id\":\"https:\/\/www.dakarmania.cz\/#website\",\"url\":\"https:\/\/www.dakarmania.cz\/\",\"name\":\"DAKARMANIA.cz\",\"description\":\"\u017dijeme Dakarem cel\u00fd rok\",\"publisher\":{\"@id\":\"https:\/\/www.dakarmania.cz\/#organization\"},\"potentialAction\":[{\"@type\":\"SearchAction\",\"target\":{\"@type\":\"EntryPoint\",\"urlTemplate\":\"https:\/\/www.dakarmania.cz\/?s={search_term_string}\"},\"query-input\":{\"@type\":\"PropertyValueSpecification\",\"valueRequired\":true,\"valueName\":\"search_term_string\"}}],\"inLanguage\":\"cs\"},{\"@type\":\"Organization\",\"@id\":\"https:\/\/www.dakarmania.cz\/#organization\",\"name\":\"DAKAR MANIA\",\"url\":\"https:\/\/www.dakarmania.cz\/\",\"logo\":{\"@type\":\"ImageObject\",\"inLanguage\":\"cs\",\"@id\":\"https:\/\/www.dakarmania.cz\/#\/schema\/logo\/image\/\",\"url\":\"https:\/\/www.dakarmania.cz\/wp-content\/uploads\/2018\/12\/Dakar-Mania-Logo-Square-Orange.png\",\"contentUrl\":\"https:\/\/www.dakarmania.cz\/wp-content\/uploads\/2018\/12\/Dakar-Mania-Logo-Square-Orange.png\",\"width\":992,\"height\":992,\"caption\":\"DAKAR MANIA\"},\"image\":{\"@id\":\"https:\/\/www.dakarmania.cz\/#\/schema\/logo\/image\/\"},\"sameAs\":[\"https:\/\/www.facebook.com\/dakarmania\/\"]},{\"@type\":\"Person\",\"@id\":\"https:\/\/www.dakarmania.cz\/#\/schema\/person\/04eb0e87a389631c2169c0dddae7ff1e\",\"name\":\"Zden\u011bk Zelenka\",\"image\":{\"@type\":\"ImageObject\",\"inLanguage\":\"cs\",\"@id\":\"https:\/\/www.dakarmania.cz\/#\/schema\/person\/image\/\",\"url\":\"https:\/\/secure.gravatar.com\/avatar\/2c80d5a4942fe0900b73cc7d3837a509d6ee0a276a2b76dac95c92bd0763a89b?s=96&d=mm&r=g\",\"contentUrl\":\"https:\/\/secure.gravatar.com\/avatar\/2c80d5a4942fe0900b73cc7d3837a509d6ee0a276a2b76dac95c92bd0763a89b?s=96&d=mm&r=g\",\"caption\":\"Zden\u011bk Zelenka\"},\"description\":\"Moji d\u011bt\u0161t\u00ed hrdinov\u00e9 se jmenovali Loprais, Moskal, Neveu, Vatanen, Rahier... A tihle borci, jejich n\u00e1sledovn\u00edci a jejich p\u0159\u00edb\u011bhy m\u011b nep\u0159estali fascinovat ani po letech, kdy jsem vyrostl a zam\u011bstn\u00e1valy m\u011b jin\u00e9 discipl\u00edny motorsportu. Proto se zrodila DAKARMANIA.\",\"url\":\"https:\/\/www.dakarmania.cz\/index.php\/author\/dakarmania\/\"}]}<\/script>\n<!-- \/ Yoast SEO plugin. -->","yoast_head_json":{"title":"Dakarsk\u00e9 st\u0159\u00edpky: Debakl Audi dokon\u00e1n. Ekstr\u00f6m ztratil p\u0159es 3 hodiny - DAKARMANIA.cz","description":"Sedm\u00e1 etapa z Rij\u00e1du do Davadm\u00ed definitivn\u011b uhasila posledn\u00ed nad\u011bje tov\u00e1rn\u00edho t\u00fdmu Audi na dobr\u00fd v\u00fdsledek v kone\u010dn\u00e9m hodnocen\u00ed Rally Dakar 2023.","robots":{"index":"index","follow":"follow","max-snippet":"max-snippet:-1","max-image-preview":"max-image-preview:large","max-video-preview":"max-video-preview:-1"},"canonical":"https:\/\/www.dakarmania.cz\/index.php\/2023\/01\/07\/dakarske-stripky-debakl-audi-dokonan\/","og_locale":"cs_CZ","og_type":"article","og_title":"Dakarsk\u00e9 st\u0159\u00edpky: Debakl Audi dokon\u00e1n. Ekstr\u00f6m ztratil p\u0159es 3 hodiny - DAKARMANIA.cz","og_description":"Sedm\u00e1 etapa z Rij\u00e1du do Davadm\u00ed definitivn\u011b uhasila posledn\u00ed nad\u011bje tov\u00e1rn\u00edho t\u00fdmu Audi na dobr\u00fd v\u00fdsledek v kone\u010dn\u00e9m hodnocen\u00ed Rally Dakar 2023.","og_url":"https:\/\/www.dakarmania.cz\/index.php\/2023\/01\/07\/dakarske-stripky-debakl-audi-dokonan\/","og_site_name":"DAKARMANIA.cz","article_publisher":"https:\/\/www.facebook.com\/dakarmania\/","article_published_time":"2023-01-07T18:24:57+00:00","article_modified_time":"2023-01-07T23:21:47+00:00","og_image":[{"width":1024,"height":683,"url":"https:\/\/www.dakarmania.cz\/wp-content\/uploads\/2023\/01\/23-dkr-ekstrom-01.jpg","type":"image\/jpeg"}],"author":"Zden\u011bk Zelenka","twitter_card":"summary_large_image","twitter_misc":{"Napsal(a)":"Zden\u011bk Zelenka","Odhadovan\u00e1 doba \u010dten\u00ed":"3 minuty"},"schema":{"@context":"https:\/\/schema.org","@graph":[{"@type":"Article","@id":"https:\/\/www.dakarmania.cz\/index.php\/2023\/01\/07\/dakarske-stripky-debakl-audi-dokonan\/#article","isPartOf":{"@id":"https:\/\/www.dakarmania.cz\/index.php\/2023\/01\/07\/dakarske-stripky-debakl-audi-dokonan\/"},"author":{"name":"Zden\u011bk Zelenka","@id":"https:\/\/www.dakarmania.cz\/#\/schema\/person\/04eb0e87a389631c2169c0dddae7ff1e"},"headline":"Dakarsk\u00e9 st\u0159\u00edpky: Debakl Audi dokon\u00e1n. Ekstr\u00f6m ztratil p\u0159es 3 hodiny","datePublished":"2023-01-07T18:24:57+00:00","dateModified":"2023-01-07T23:21:47+00:00","mainEntityOfPage":{"@id":"https:\/\/www.dakarmania.cz\/index.php\/2023\/01\/07\/dakarske-stripky-debakl-audi-dokonan\/"},"wordCount":475,"publisher":{"@id":"https:\/\/www.dakarmania.cz\/#organization"},"image":{"@id":"https:\/\/www.dakarmania.cz\/index.php\/2023\/01\/07\/dakarske-stripky-debakl-audi-dokonan\/#primaryimage"},"thumbnailUrl":"https:\/\/www.dakarmania.cz\/wp-content\/uploads\/2023\/01\/23-dkr-ekstrom-01.jpg","keywords":["2023","Audi","Carlos Sainz","Dakar","Dakar 2023","Emil Bergkvist","Lucas Cruz","Mattias Ekstr\u00f6m"],"articleSection":["Auto","Dakar 2023"],"inLanguage":"cs"},{"@type":"WebPage","@id":"https:\/\/www.dakarmania.cz\/index.php\/2023\/01\/07\/dakarske-stripky-debakl-audi-dokonan\/","url":"https:\/\/www.dakarmania.cz\/index.php\/2023\/01\/07\/dakarske-stripky-debakl-audi-dokonan\/","name":"Dakarsk\u00e9 st\u0159\u00edpky: Debakl Audi dokon\u00e1n. Ekstr\u00f6m ztratil p\u0159es 3 hodiny - DAKARMANIA.cz","isPartOf":{"@id":"https:\/\/www.dakarmania.cz\/#website"},"primaryImageOfPage":{"@id":"https:\/\/www.dakarmania.cz\/index.php\/2023\/01\/07\/dakarske-stripky-debakl-audi-dokonan\/#primaryimage"},"image":{"@id":"https:\/\/www.dakarmania.cz\/index.php\/2023\/01\/07\/dakarske-stripky-debakl-audi-dokonan\/#primaryimage"},"thumbnailUrl":"https:\/\/www.dakarmania.cz\/wp-content\/uploads\/2023\/01\/23-dkr-ekstrom-01.jpg","datePublished":"2023-01-07T18:24:57+00:00","dateModified":"2023-01-07T23:21:47+00:00","description":"Sedm\u00e1 etapa z Rij\u00e1du do Davadm\u00ed definitivn\u011b uhasila posledn\u00ed nad\u011bje tov\u00e1rn\u00edho t\u00fdmu Audi na dobr\u00fd v\u00fdsledek v kone\u010dn\u00e9m hodnocen\u00ed Rally Dakar 2023.","breadcrumb":{"@id":"https:\/\/www.dakarmania.cz\/index.php\/2023\/01\/07\/dakarske-stripky-debakl-audi-dokonan\/#breadcrumb"},"inLanguage":"cs","potentialAction":[{"@type":"ReadAction","target":["https:\/\/www.dakarmania.cz\/index.php\/2023\/01\/07\/dakarske-stripky-debakl-audi-dokonan\/"]}]},{"@type":"ImageObject","inLanguage":"cs","@id":"https:\/\/www.dakarmania.cz\/index.php\/2023\/01\/07\/dakarske-stripky-debakl-audi-dokonan\/#primaryimage","url":"https:\/\/www.dakarmania.cz\/wp-content\/uploads\/2023\/01\/23-dkr-ekstrom-01.jpg","contentUrl":"https:\/\/www.dakarmania.cz\/wp-content\/uploads\/2023\/01\/23-dkr-ekstrom-01.jpg","width":1024,"height":683,"caption":"Mattias Ekstr\u00f6m \/ Emil Berkvist, Audi RS Q e-tron E2, Team Audi Sport. Dakar 2023. \u00a9 ASO"},{"@type":"BreadcrumbList","@id":"https:\/\/www.dakarmania.cz\/index.php\/2023\/01\/07\/dakarske-stripky-debakl-audi-dokonan\/#breadcrumb","itemListElement":[{"@type":"ListItem","position":1,"name":"Dom\u016f","item":"https:\/\/www.dakarmania.cz\/"},{"@type":"ListItem","position":2,"name":"Dakarsk\u00e9 st\u0159\u00edpky: Debakl Audi dokon\u00e1n. Ekstr\u00f6m ztratil p\u0159es 3 hodiny"}]},{"@type":"WebSite","@id":"https:\/\/www.dakarmania.cz\/#website","url":"https:\/\/www.dakarmania.cz\/","name":"DAKARMANIA.cz","description":"\u017dijeme Dakarem cel\u00fd rok","publisher":{"@id":"https:\/\/www.dakarmania.cz\/#organization"},"potentialAction":[{"@type":"SearchAction","target":{"@type":"EntryPoint","urlTemplate":"https:\/\/www.dakarmania.cz\/?s={search_term_string}"},"query-input":{"@type":"PropertyValueSpecification","valueRequired":true,"valueName":"search_term_string"}}],"inLanguage":"cs"},{"@type":"Organization","@id":"https:\/\/www.dakarmania.cz\/#organization","name":"DAKAR MANIA","url":"https:\/\/www.dakarmania.cz\/","logo":{"@type":"ImageObject","inLanguage":"cs","@id":"https:\/\/www.dakarmania.cz\/#\/schema\/logo\/image\/","url":"https:\/\/www.dakarmania.cz\/wp-content\/uploads\/2018\/12\/Dakar-Mania-Logo-Square-Orange.png","contentUrl":"https:\/\/www.dakarmania.cz\/wp-content\/uploads\/2018\/12\/Dakar-Mania-Logo-Square-Orange.png","width":992,"height":992,"caption":"DAKAR MANIA"},"image":{"@id":"https:\/\/www.dakarmania.cz\/#\/schema\/logo\/image\/"},"sameAs":["https:\/\/www.facebook.com\/dakarmania\/"]},{"@type":"Person","@id":"https:\/\/www.dakarmania.cz\/#\/schema\/person\/04eb0e87a389631c2169c0dddae7ff1e","name":"Zden\u011bk Zelenka","image":{"@type":"ImageObject","inLanguage":"cs","@id":"https:\/\/www.dakarmania.cz\/#\/schema\/person\/image\/","url":"https:\/\/secure.gravatar.com\/avatar\/2c80d5a4942fe0900b73cc7d3837a509d6ee0a276a2b76dac95c92bd0763a89b?s=96&d=mm&r=g","contentUrl":"https:\/\/secure.gravatar.com\/avatar\/2c80d5a4942fe0900b73cc7d3837a509d6ee0a276a2b76dac95c92bd0763a89b?s=96&d=mm&r=g","caption":"Zden\u011bk Zelenka"},"description":"Moji d\u011bt\u0161t\u00ed hrdinov\u00e9 se jmenovali Loprais, Moskal, Neveu, Vatanen, Rahier... A tihle borci, jejich n\u00e1sledovn\u00edci a jejich p\u0159\u00edb\u011bhy m\u011b nep\u0159estali fascinovat ani po letech, kdy jsem vyrostl a zam\u011bstn\u00e1valy m\u011b jin\u00e9 discipl\u00edny motorsportu. Proto se zrodila DAKARMANIA.","url":"https:\/\/www.dakarmania.cz\/index.php\/author\/dakarmania\/"}]}},"amp_enabled":true,"_links":{"self":[{"href":"https:\/\/www.dakarmania.cz\/index.php\/wp-json\/wp\/v2\/posts\/24101","targetHints":{"allow":["GET"]}}],"collection":[{"href":"https:\/\/www.dakarmania.cz\/index.php\/wp-json\/wp\/v2\/posts"}],"about":[{"href":"https:\/\/www.dakarmania.cz\/index.php\/wp-json\/wp\/v2\/types\/post"}],"author":[{"embeddable":true,"href":"https:\/\/www.dakarmania.cz\/index.php\/wp-json\/wp\/v2\/users\/1"}],"replies":[{"embeddable":true,"href":"https:\/\/www.dakarmania.cz\/index.php\/wp-json\/wp\/v2\/comments?post=24101"}],"version-history":[{"count":3,"href":"https:\/\/www.dakarmania.cz\/index.php\/wp-json\/wp\/v2\/posts\/24101\/revisions"}],"predecessor-version":[{"id":24104,"href":"https:\/\/www.dakarmania.cz\/index.php\/wp-json\/wp\/v2\/posts\/24101\/revisions\/24104"}],"wp:featuredmedia":[{"embeddable":true,"href":"https:\/\/www.dakarmania.cz\/index.php\/wp-json\/wp\/v2\/media\/24100"}],"wp:attachment":[{"href":"https:\/\/www.dakarmania.cz\/index.php\/wp-json\/wp\/v2\/media?parent=24101"}],"wp:term":[{"taxonomy":"category","embeddable":true,"href":"https:\/\/www.dakarmania.cz\/index.php\/wp-json\/wp\/v2\/categories?post=24101"},{"taxonomy":"post_tag","embeddable":true,"href":"https:\/\/www.dakarmania.cz\/index.php\/wp-json\/wp\/v2\/tags?post=24101"}],"curies":[{"name":"wp","href":"https:\/\/api.w.org\/{rel}","templated":true}]}}