{"id":24114,"date":"2023-01-09T01:55:07","date_gmt":"2023-01-09T00:55:07","guid":{"rendered":"https:\/\/www.dakarmania.cz\/?p=24114"},"modified":"2023-01-09T01:55:07","modified_gmt":"2023-01-09T00:55:07","slug":"peterhansel-si-nehodu-nepamatuje","status":"publish","type":"post","link":"https:\/\/www.dakarmania.cz\/index.php\/2023\/01\/09\/peterhansel-si-nehodu-nepamatuje\/","title":{"rendered":"Peterhansel si nehodu nepamatuje. Auto zastavil spolujezdec Boulanger"},"content":{"rendered":"<h3>Nad\u011bje Audi na v\u00edt\u011bzstv\u00ed v Rally Dakar 2023 se rozplynuly b\u011bhem n\u011bkolika m\u00e1lo okam\u017eik\u016f. Ale co se vlastn\u011b v \u0161est\u00e9 etap\u011b z H\u00e1ilu do Rij\u00e1du p\u0159esn\u011b stalo? Odpov\u011b\u010f se nehled\u00e1 snadno, nebo\u0165 St\u00e9phane Peterhansel p\u0159i nehod\u011b ztratil v\u011bdom\u00ed a n\u00e1sledn\u011b jej postihla retrogr\u00e1dn\u00ed amn\u00e9zie.<\/h3>\n<figure id=\"attachment_24113\" aria-describedby=\"caption-attachment-24113\" style=\"width: 1024px\" class=\"wp-caption aligncenter\"><img loading=\"lazy\" decoding=\"async\" class=\"wp-image-24113 size-full\" src=\"https:\/\/www.dakarmania.cz\/wp-content\/uploads\/2023\/01\/23-dkr-peterhansel-04.jpg\" alt=\"St\u00e9phane Peterhansel, Dakar 2023\" width=\"1024\" height=\"683\" srcset=\"https:\/\/www.dakarmania.cz\/wp-content\/uploads\/2023\/01\/23-dkr-peterhansel-04.jpg 1024w, https:\/\/www.dakarmania.cz\/wp-content\/uploads\/2023\/01\/23-dkr-peterhansel-04-300x200.jpg 300w, https:\/\/www.dakarmania.cz\/wp-content\/uploads\/2023\/01\/23-dkr-peterhansel-04-768x512.jpg 768w, https:\/\/www.dakarmania.cz\/wp-content\/uploads\/2023\/01\/23-dkr-peterhansel-04-825x550.jpg 825w, https:\/\/www.dakarmania.cz\/wp-content\/uploads\/2023\/01\/23-dkr-peterhansel-04-447x298.jpg 447w, https:\/\/www.dakarmania.cz\/wp-content\/uploads\/2023\/01\/23-dkr-peterhansel-04-600x400.jpg 600w\" sizes=\"auto, (max-width: 1024px) 100vw, 1024px\" \/><figcaption id=\"caption-attachment-24113\" class=\"wp-caption-text\">St\u00e9phane Peterhansel, Audi RS Q e-tron E2, Team Audi Sport. Dakar 2023. \u00a9 ASO<\/figcaption><\/figure>\n<p>Pos\u00e1dka St\u00e9phane Peterhansel, Edouard Boulanger s tov\u00e1rn\u00edm Audi RS Q e-tron E2 odstoupila z druh\u00e9 pozice pr\u016fb\u011b\u017en\u00e9 klasifikace kategorie automobil\u016f, kdy\u017e se sna\u017eila o eliminaci dvaadvacetiminutov\u00e9 ztr\u00e1ty, kterou m\u011bla na vedouc\u00edho Nassera Al-Attiyaha s Toyotou.<\/p>\n<p><em>\u201eDostali jsme se na limit toho, co m\u016f\u017eeme cht\u00edt od auta, a omezuj\u00edc\u00edm faktorem se nyn\u00ed stalo lidsk\u00e9 t\u011blo,\u201c<\/em> m\u00edn\u00ed <strong>St\u00e9phane Peterhansel<\/strong>. <em>\u201eSna\u017eili jsme se najet n\u011bjak\u00fd \u010das na Nassera, ale byli jsme a\u017e p\u0159\u00edli\u0161 rychl\u00ed. V rychlosti, jakou jsme na toto m\u00edsto p\u0159ijeli, jsme se vznesli a na druh\u00e9 stran\u011b duny dopadli o deset nebo patn\u00e1ct metr\u016f n\u00ed\u017e. P\u00edsek je mokr\u00fd, a tud\u00ed\u017e o hodn\u011b tvrd\u0161\u00ed. Pokud je nav\u00edc prorostl\u00fd velbloud\u00ed travou, je tvrd\u00fd jako beton.\u201c<\/em><\/p>\n<p><em>\u201eS\u00e1m jsem p\u0159i nehod\u011b ztratil v\u011bdom\u00ed a Edouard mi pak \u0159\u00edkal, \u017ee to byl on, kdo vypnul motor a zabrzdil. Proto taky auto opsalo kru\u017enici, ne\u017e zastavilo. Kdy\u017e jsem se probral, nedok\u00e1zal jsem si v\u016fbec vybavit, co se stalo. Oby\u010dejn\u011b si \u010dlov\u011bk pamatuje posledn\u00ed sekundy p\u0159ed nehodou, ale j\u00e1 si nepamatuji zhruba p\u011bt minut, kter\u00e9 incidentu p\u0159edch\u00e1zely. Dohromady mi chyb\u00ed asi patn\u00e1ct minut.\u201c<\/em><\/p>\n<figure id=\"attachment_23955\" aria-describedby=\"caption-attachment-23955\" style=\"width: 1010px\" class=\"wp-caption aligncenter\"><img loading=\"lazy\" decoding=\"async\" class=\"wp-image-23955 size-large\" src=\"https:\/\/www.dakarmania.cz\/wp-content\/uploads\/2022\/11\/vyprodej-dkrm-01-04-1024x683.jpg\" alt=\"Kliknut\u00edm na obr\u00e1zek p\u0159ejdete do na\u0161eho e-shopu.\" width=\"1010\" height=\"674\" srcset=\"https:\/\/www.dakarmania.cz\/wp-content\/uploads\/2022\/11\/vyprodej-dkrm-01-04-1024x683.jpg 1024w, https:\/\/www.dakarmania.cz\/wp-content\/uploads\/2022\/11\/vyprodej-dkrm-01-04-300x200.jpg 300w, https:\/\/www.dakarmania.cz\/wp-content\/uploads\/2022\/11\/vyprodej-dkrm-01-04-768x512.jpg 768w, https:\/\/www.dakarmania.cz\/wp-content\/uploads\/2022\/11\/vyprodej-dkrm-01-04-1536x1024.jpg 1536w, https:\/\/www.dakarmania.cz\/wp-content\/uploads\/2022\/11\/vyprodej-dkrm-01-04-2048x1365.jpg 2048w, https:\/\/www.dakarmania.cz\/wp-content\/uploads\/2022\/11\/vyprodej-dkrm-01-04-825x550.jpg 825w, https:\/\/www.dakarmania.cz\/wp-content\/uploads\/2022\/11\/vyprodej-dkrm-01-04-447x298.jpg 447w, https:\/\/www.dakarmania.cz\/wp-content\/uploads\/2022\/11\/vyprodej-dkrm-01-04-600x400.jpg 600w\" sizes=\"auto, (max-width: 1010px) 100vw, 1010px\" \/><figcaption id=\"caption-attachment-23955\" class=\"wp-caption-text\">Kliknut\u00edm na obr\u00e1zek p\u0159ejdete do na\u0161eho e-shopu.<\/figcaption><\/figure>\n<p><em>\u201eKdy\u017e jsem vystoupil z auta, vid\u011bl jsem Edouarda, jak vedle n\u011bj le\u017e\u00ed a trp\u00ed bolestmi zad. Za\u010dalo mi doch\u00e1zet, \u017ee jsme m\u011bli nehodu. Z\u00e1rove\u0148 jsem si v\u0161iml, \u017ee <a href=\"https:\/\/www.dakarmania.cz\/index.php\/2023\/01\/06\/nejlepsi-audi-konci\/\">na stejn\u00e9m m\u00edst\u011b havaroval tak\u00e9 Carlos <\/a><\/em><a href=\"https:\/\/www.dakarmania.cz\/index.php\/2023\/01\/06\/nejlepsi-audi-konci\/\">[Sainz]<\/a><em> a \u017ee jeho v\u016fz m\u00e1 kompletn\u011b zni\u010den\u00e9 zav\u011b\u0161en\u00ed. V\u016fbec jsem netu\u0161il, co se p\u0159ihodilo.\u201c<\/em><\/p>\n<p>\u017de mezi ob\u011bma Audi nedo\u0161lo ke kolizi, se \u010dtrn\u00e1ctin\u00e1sobn\u00fd dakarsk\u00fd v\u00edt\u011bz dozv\u011bd\u011bl a\u017e pozd\u011bji.<\/p>\n<p><em>\u201eBylo mi jasn\u00e9, \u017ee pro n\u00e1s z\u00e1vod skon\u010dil, proto\u017ee Edouard m\u011bl p\u0159\u00edli\u0161 velk\u00e9 bolesti a velmi brzy pro n\u011bj p\u0159ilet\u011bl z\u00e1chrann\u00fd vrtuln\u00edk,\u201c<\/em> pokra\u010duje sedmapades\u00e1tilet\u00fd Francouz. <em>\u201eEdouard m\u00e1 bohu\u017eel zlomen\u00fd jeden obratel a odlet\u011bl do Mnichova, kde v pond\u011bl\u00ed podstoup\u00ed operaci. Na\u0161t\u011bst\u00ed se nejedn\u00e1 o komplikovanou zlomeninu a on je mlad\u00fd, tak\u017ee by se m\u011bl zotavit opravdu brzy.\u201c<\/em><\/p>\n<p><em>\u201eJe mi l\u00edto cel\u00e9ho t\u00fdmu, proto\u017ee krom\u011b probl\u00e9mu s pneumatikou jsme od po\u010d\u00e1tku \u017e\u00e1dn\u00e9 dal\u0161\u00ed pot\u00ed\u017ee nem\u011bli. Auto bylo opravdu perfektn\u00ed a schopn\u00e9 bojovat o v\u00edt\u011bzstv\u00ed. Byl jsem s n\u00edm v\u00e1\u017en\u011b spokojen\u00fd. Ale Dakar je obt\u00ed\u017en\u00fd z\u00e1vod. \u010clov\u011bk p\u0159i n\u011bm ob\u010das mus\u00ed riskovat, pokud chce vyhr\u00e1t,\u201c<\/em> uzav\u00edr\u00e1 Peterhansel.<\/p>\n","protected":false},"excerpt":{"rendered":"<p>Nad\u011bje Audi na v\u00edt\u011bzstv\u00ed v Rally Dakar 2023 se rozplynuly b\u011bhem n\u011bkolika m\u00e1lo okam\u017eik\u016f. Ale co se vlastn\u011b v \u0161est\u00e9 etap\u011b z H\u00e1ilu do Rij\u00e1du p\u0159esn\u011b stalo? Odpov\u011b\u010f se nehled\u00e1 snadno, nebo\u0165 St\u00e9phane Peterhansel p\u0159i nehod\u011b ztratil v\u011bdom\u00ed a n\u00e1sledn\u011b jej postihla retrogr\u00e1dn\u00ed amn\u00e9zie.<\/p>\n","protected":false},"author":1,"featured_media":24113,"comment_status":"closed","ping_status":"closed","sticky":false,"template":"","format":"standard","meta":{"footnotes":""},"categories":[3,1923],"tags":[1705,1811,8,1797,1757,217],"class_list":["post-24114","post","type-post","status-publish","format-standard","has-post-thumbnail","hentry","category-auto","category-dakar-2023","tag-1705","tag-audi","tag-dakar","tag-dakar-2023","tag-edouard-boulanger","tag-stephane-peterhansel"],"yoast_head":"<!-- This site is optimized with the Yoast SEO plugin v24.9 - https:\/\/yoast.com\/wordpress\/plugins\/seo\/ -->\n<title>Peterhansel si nehodu nepamatuje. Auto zastavil spolujezdec Boulanger - DAKARMANIA.cz<\/title>\n<meta name=\"description\" content=\"Nad\u011bje Audi na v\u00edt\u011bzstv\u00ed na Dakaru 2023 se rozplynuly b\u011bhem n\u011bkolika m\u00e1lo okam\u017eik\u016f. Ale co se vlastn\u011b v \u0161est\u00e9 etap\u011b p\u0159esn\u011b stalo?\" \/>\n<meta name=\"robots\" content=\"index, follow, max-snippet:-1, max-image-preview:large, max-video-preview:-1\" \/>\n<link rel=\"canonical\" href=\"https:\/\/www.dakarmania.cz\/index.php\/2023\/01\/09\/peterhansel-si-nehodu-nepamatuje\/\" \/>\n<meta property=\"og:locale\" content=\"cs_CZ\" \/>\n<meta property=\"og:type\" content=\"article\" \/>\n<meta property=\"og:title\" content=\"Peterhansel si nehodu nepamatuje. Auto zastavil spolujezdec Boulanger - DAKARMANIA.cz\" \/>\n<meta property=\"og:description\" content=\"Nad\u011bje Audi na v\u00edt\u011bzstv\u00ed na Dakaru 2023 se rozplynuly b\u011bhem n\u011bkolika m\u00e1lo okam\u017eik\u016f. Ale co se vlastn\u011b v \u0161est\u00e9 etap\u011b p\u0159esn\u011b stalo?\" \/>\n<meta property=\"og:url\" content=\"https:\/\/www.dakarmania.cz\/index.php\/2023\/01\/09\/peterhansel-si-nehodu-nepamatuje\/\" \/>\n<meta property=\"og:site_name\" content=\"DAKARMANIA.cz\" \/>\n<meta property=\"article:publisher\" content=\"https:\/\/www.facebook.com\/dakarmania\/\" \/>\n<meta property=\"article:published_time\" content=\"2023-01-09T00:55:07+00:00\" \/>\n<meta property=\"og:image\" content=\"https:\/\/www.dakarmania.cz\/wp-content\/uploads\/2023\/01\/23-dkr-peterhansel-04.jpg\" \/>\n\t<meta property=\"og:image:width\" content=\"1024\" \/>\n\t<meta property=\"og:image:height\" content=\"683\" \/>\n\t<meta property=\"og:image:type\" content=\"image\/jpeg\" \/>\n<meta name=\"author\" content=\"Zden\u011bk Zelenka\" \/>\n<meta name=\"twitter:card\" content=\"summary_large_image\" \/>\n<meta name=\"twitter:label1\" content=\"Napsal(a)\" \/>\n\t<meta name=\"twitter:data1\" content=\"Zden\u011bk Zelenka\" \/>\n\t<meta name=\"twitter:label2\" content=\"Odhadovan\u00e1 doba \u010dten\u00ed\" \/>\n\t<meta name=\"twitter:data2\" content=\"3 minuty\" \/>\n<script type=\"application\/ld+json\" class=\"yoast-schema-graph\">{\"@context\":\"https:\/\/schema.org\",\"@graph\":[{\"@type\":\"Article\",\"@id\":\"https:\/\/www.dakarmania.cz\/index.php\/2023\/01\/09\/peterhansel-si-nehodu-nepamatuje\/#article\",\"isPartOf\":{\"@id\":\"https:\/\/www.dakarmania.cz\/index.php\/2023\/01\/09\/peterhansel-si-nehodu-nepamatuje\/\"},\"author\":{\"name\":\"Zden\u011bk Zelenka\",\"@id\":\"https:\/\/www.dakarmania.cz\/#\/schema\/person\/04eb0e87a389631c2169c0dddae7ff1e\"},\"headline\":\"Peterhansel si nehodu nepamatuje. Auto zastavil spolujezdec Boulanger\",\"datePublished\":\"2023-01-09T00:55:07+00:00\",\"mainEntityOfPage\":{\"@id\":\"https:\/\/www.dakarmania.cz\/index.php\/2023\/01\/09\/peterhansel-si-nehodu-nepamatuje\/\"},\"wordCount\":550,\"publisher\":{\"@id\":\"https:\/\/www.dakarmania.cz\/#organization\"},\"image\":{\"@id\":\"https:\/\/www.dakarmania.cz\/index.php\/2023\/01\/09\/peterhansel-si-nehodu-nepamatuje\/#primaryimage\"},\"thumbnailUrl\":\"https:\/\/www.dakarmania.cz\/wp-content\/uploads\/2023\/01\/23-dkr-peterhansel-04.jpg\",\"keywords\":[\"2023\",\"Audi\",\"Dakar\",\"Dakar 2023\",\"Edouard Boulanger\",\"St\u00e9phane Peterhansel\"],\"articleSection\":[\"Auto\",\"Dakar 2023\"],\"inLanguage\":\"cs\"},{\"@type\":\"WebPage\",\"@id\":\"https:\/\/www.dakarmania.cz\/index.php\/2023\/01\/09\/peterhansel-si-nehodu-nepamatuje\/\",\"url\":\"https:\/\/www.dakarmania.cz\/index.php\/2023\/01\/09\/peterhansel-si-nehodu-nepamatuje\/\",\"name\":\"Peterhansel si nehodu nepamatuje. Auto zastavil spolujezdec Boulanger - DAKARMANIA.cz\",\"isPartOf\":{\"@id\":\"https:\/\/www.dakarmania.cz\/#website\"},\"primaryImageOfPage\":{\"@id\":\"https:\/\/www.dakarmania.cz\/index.php\/2023\/01\/09\/peterhansel-si-nehodu-nepamatuje\/#primaryimage\"},\"image\":{\"@id\":\"https:\/\/www.dakarmania.cz\/index.php\/2023\/01\/09\/peterhansel-si-nehodu-nepamatuje\/#primaryimage\"},\"thumbnailUrl\":\"https:\/\/www.dakarmania.cz\/wp-content\/uploads\/2023\/01\/23-dkr-peterhansel-04.jpg\",\"datePublished\":\"2023-01-09T00:55:07+00:00\",\"description\":\"Nad\u011bje Audi na v\u00edt\u011bzstv\u00ed na Dakaru 2023 se rozplynuly b\u011bhem n\u011bkolika m\u00e1lo okam\u017eik\u016f. Ale co se vlastn\u011b v \u0161est\u00e9 etap\u011b p\u0159esn\u011b stalo?\",\"breadcrumb\":{\"@id\":\"https:\/\/www.dakarmania.cz\/index.php\/2023\/01\/09\/peterhansel-si-nehodu-nepamatuje\/#breadcrumb\"},\"inLanguage\":\"cs\",\"potentialAction\":[{\"@type\":\"ReadAction\",\"target\":[\"https:\/\/www.dakarmania.cz\/index.php\/2023\/01\/09\/peterhansel-si-nehodu-nepamatuje\/\"]}]},{\"@type\":\"ImageObject\",\"inLanguage\":\"cs\",\"@id\":\"https:\/\/www.dakarmania.cz\/index.php\/2023\/01\/09\/peterhansel-si-nehodu-nepamatuje\/#primaryimage\",\"url\":\"https:\/\/www.dakarmania.cz\/wp-content\/uploads\/2023\/01\/23-dkr-peterhansel-04.jpg\",\"contentUrl\":\"https:\/\/www.dakarmania.cz\/wp-content\/uploads\/2023\/01\/23-dkr-peterhansel-04.jpg\",\"width\":1024,\"height\":683,\"caption\":\"St\u00e9phane Peterhansel, Audi RS Q e-tron E2, Team Audi Sport. Dakar 2023. \u00a9 ASO\"},{\"@type\":\"BreadcrumbList\",\"@id\":\"https:\/\/www.dakarmania.cz\/index.php\/2023\/01\/09\/peterhansel-si-nehodu-nepamatuje\/#breadcrumb\",\"itemListElement\":[{\"@type\":\"ListItem\",\"position\":1,\"name\":\"Dom\u016f\",\"item\":\"https:\/\/www.dakarmania.cz\/\"},{\"@type\":\"ListItem\",\"position\":2,\"name\":\"Peterhansel si nehodu nepamatuje. Auto zastavil spolujezdec Boulanger\"}]},{\"@type\":\"WebSite\",\"@id\":\"https:\/\/www.dakarmania.cz\/#website\",\"url\":\"https:\/\/www.dakarmania.cz\/\",\"name\":\"DAKARMANIA.cz\",\"description\":\"\u017dijeme Dakarem cel\u00fd rok\",\"publisher\":{\"@id\":\"https:\/\/www.dakarmania.cz\/#organization\"},\"potentialAction\":[{\"@type\":\"SearchAction\",\"target\":{\"@type\":\"EntryPoint\",\"urlTemplate\":\"https:\/\/www.dakarmania.cz\/?s={search_term_string}\"},\"query-input\":{\"@type\":\"PropertyValueSpecification\",\"valueRequired\":true,\"valueName\":\"search_term_string\"}}],\"inLanguage\":\"cs\"},{\"@type\":\"Organization\",\"@id\":\"https:\/\/www.dakarmania.cz\/#organization\",\"name\":\"DAKAR MANIA\",\"url\":\"https:\/\/www.dakarmania.cz\/\",\"logo\":{\"@type\":\"ImageObject\",\"inLanguage\":\"cs\",\"@id\":\"https:\/\/www.dakarmania.cz\/#\/schema\/logo\/image\/\",\"url\":\"https:\/\/www.dakarmania.cz\/wp-content\/uploads\/2018\/12\/Dakar-Mania-Logo-Square-Orange.png\",\"contentUrl\":\"https:\/\/www.dakarmania.cz\/wp-content\/uploads\/2018\/12\/Dakar-Mania-Logo-Square-Orange.png\",\"width\":992,\"height\":992,\"caption\":\"DAKAR MANIA\"},\"image\":{\"@id\":\"https:\/\/www.dakarmania.cz\/#\/schema\/logo\/image\/\"},\"sameAs\":[\"https:\/\/www.facebook.com\/dakarmania\/\"]},{\"@type\":\"Person\",\"@id\":\"https:\/\/www.dakarmania.cz\/#\/schema\/person\/04eb0e87a389631c2169c0dddae7ff1e\",\"name\":\"Zden\u011bk Zelenka\",\"image\":{\"@type\":\"ImageObject\",\"inLanguage\":\"cs\",\"@id\":\"https:\/\/www.dakarmania.cz\/#\/schema\/person\/image\/\",\"url\":\"https:\/\/secure.gravatar.com\/avatar\/2c80d5a4942fe0900b73cc7d3837a509d6ee0a276a2b76dac95c92bd0763a89b?s=96&d=mm&r=g\",\"contentUrl\":\"https:\/\/secure.gravatar.com\/avatar\/2c80d5a4942fe0900b73cc7d3837a509d6ee0a276a2b76dac95c92bd0763a89b?s=96&d=mm&r=g\",\"caption\":\"Zden\u011bk Zelenka\"},\"description\":\"Moji d\u011bt\u0161t\u00ed hrdinov\u00e9 se jmenovali Loprais, Moskal, Neveu, Vatanen, Rahier... A tihle borci, jejich n\u00e1sledovn\u00edci a jejich p\u0159\u00edb\u011bhy m\u011b nep\u0159estali fascinovat ani po letech, kdy jsem vyrostl a zam\u011bstn\u00e1valy m\u011b jin\u00e9 discipl\u00edny motorsportu. Proto se zrodila DAKARMANIA.\",\"url\":\"https:\/\/www.dakarmania.cz\/index.php\/author\/dakarmania\/\"}]}<\/script>\n<!-- \/ Yoast SEO plugin. -->","yoast_head_json":{"title":"Peterhansel si nehodu nepamatuje. Auto zastavil spolujezdec Boulanger - DAKARMANIA.cz","description":"Nad\u011bje Audi na v\u00edt\u011bzstv\u00ed na Dakaru 2023 se rozplynuly b\u011bhem n\u011bkolika m\u00e1lo okam\u017eik\u016f. Ale co se vlastn\u011b v \u0161est\u00e9 etap\u011b p\u0159esn\u011b stalo?","robots":{"index":"index","follow":"follow","max-snippet":"max-snippet:-1","max-image-preview":"max-image-preview:large","max-video-preview":"max-video-preview:-1"},"canonical":"https:\/\/www.dakarmania.cz\/index.php\/2023\/01\/09\/peterhansel-si-nehodu-nepamatuje\/","og_locale":"cs_CZ","og_type":"article","og_title":"Peterhansel si nehodu nepamatuje. Auto zastavil spolujezdec Boulanger - DAKARMANIA.cz","og_description":"Nad\u011bje Audi na v\u00edt\u011bzstv\u00ed na Dakaru 2023 se rozplynuly b\u011bhem n\u011bkolika m\u00e1lo okam\u017eik\u016f. Ale co se vlastn\u011b v \u0161est\u00e9 etap\u011b p\u0159esn\u011b stalo?","og_url":"https:\/\/www.dakarmania.cz\/index.php\/2023\/01\/09\/peterhansel-si-nehodu-nepamatuje\/","og_site_name":"DAKARMANIA.cz","article_publisher":"https:\/\/www.facebook.com\/dakarmania\/","article_published_time":"2023-01-09T00:55:07+00:00","og_image":[{"width":1024,"height":683,"url":"https:\/\/www.dakarmania.cz\/wp-content\/uploads\/2023\/01\/23-dkr-peterhansel-04.jpg","type":"image\/jpeg"}],"author":"Zden\u011bk Zelenka","twitter_card":"summary_large_image","twitter_misc":{"Napsal(a)":"Zden\u011bk Zelenka","Odhadovan\u00e1 doba \u010dten\u00ed":"3 minuty"},"schema":{"@context":"https:\/\/schema.org","@graph":[{"@type":"Article","@id":"https:\/\/www.dakarmania.cz\/index.php\/2023\/01\/09\/peterhansel-si-nehodu-nepamatuje\/#article","isPartOf":{"@id":"https:\/\/www.dakarmania.cz\/index.php\/2023\/01\/09\/peterhansel-si-nehodu-nepamatuje\/"},"author":{"name":"Zden\u011bk Zelenka","@id":"https:\/\/www.dakarmania.cz\/#\/schema\/person\/04eb0e87a389631c2169c0dddae7ff1e"},"headline":"Peterhansel si nehodu nepamatuje. Auto zastavil spolujezdec Boulanger","datePublished":"2023-01-09T00:55:07+00:00","mainEntityOfPage":{"@id":"https:\/\/www.dakarmania.cz\/index.php\/2023\/01\/09\/peterhansel-si-nehodu-nepamatuje\/"},"wordCount":550,"publisher":{"@id":"https:\/\/www.dakarmania.cz\/#organization"},"image":{"@id":"https:\/\/www.dakarmania.cz\/index.php\/2023\/01\/09\/peterhansel-si-nehodu-nepamatuje\/#primaryimage"},"thumbnailUrl":"https:\/\/www.dakarmania.cz\/wp-content\/uploads\/2023\/01\/23-dkr-peterhansel-04.jpg","keywords":["2023","Audi","Dakar","Dakar 2023","Edouard Boulanger","St\u00e9phane Peterhansel"],"articleSection":["Auto","Dakar 2023"],"inLanguage":"cs"},{"@type":"WebPage","@id":"https:\/\/www.dakarmania.cz\/index.php\/2023\/01\/09\/peterhansel-si-nehodu-nepamatuje\/","url":"https:\/\/www.dakarmania.cz\/index.php\/2023\/01\/09\/peterhansel-si-nehodu-nepamatuje\/","name":"Peterhansel si nehodu nepamatuje. Auto zastavil spolujezdec Boulanger - DAKARMANIA.cz","isPartOf":{"@id":"https:\/\/www.dakarmania.cz\/#website"},"primaryImageOfPage":{"@id":"https:\/\/www.dakarmania.cz\/index.php\/2023\/01\/09\/peterhansel-si-nehodu-nepamatuje\/#primaryimage"},"image":{"@id":"https:\/\/www.dakarmania.cz\/index.php\/2023\/01\/09\/peterhansel-si-nehodu-nepamatuje\/#primaryimage"},"thumbnailUrl":"https:\/\/www.dakarmania.cz\/wp-content\/uploads\/2023\/01\/23-dkr-peterhansel-04.jpg","datePublished":"2023-01-09T00:55:07+00:00","description":"Nad\u011bje Audi na v\u00edt\u011bzstv\u00ed na Dakaru 2023 se rozplynuly b\u011bhem n\u011bkolika m\u00e1lo okam\u017eik\u016f. Ale co se vlastn\u011b v \u0161est\u00e9 etap\u011b p\u0159esn\u011b stalo?","breadcrumb":{"@id":"https:\/\/www.dakarmania.cz\/index.php\/2023\/01\/09\/peterhansel-si-nehodu-nepamatuje\/#breadcrumb"},"inLanguage":"cs","potentialAction":[{"@type":"ReadAction","target":["https:\/\/www.dakarmania.cz\/index.php\/2023\/01\/09\/peterhansel-si-nehodu-nepamatuje\/"]}]},{"@type":"ImageObject","inLanguage":"cs","@id":"https:\/\/www.dakarmania.cz\/index.php\/2023\/01\/09\/peterhansel-si-nehodu-nepamatuje\/#primaryimage","url":"https:\/\/www.dakarmania.cz\/wp-content\/uploads\/2023\/01\/23-dkr-peterhansel-04.jpg","contentUrl":"https:\/\/www.dakarmania.cz\/wp-content\/uploads\/2023\/01\/23-dkr-peterhansel-04.jpg","width":1024,"height":683,"caption":"St\u00e9phane Peterhansel, Audi RS Q e-tron E2, Team Audi Sport. Dakar 2023. \u00a9 ASO"},{"@type":"BreadcrumbList","@id":"https:\/\/www.dakarmania.cz\/index.php\/2023\/01\/09\/peterhansel-si-nehodu-nepamatuje\/#breadcrumb","itemListElement":[{"@type":"ListItem","position":1,"name":"Dom\u016f","item":"https:\/\/www.dakarmania.cz\/"},{"@type":"ListItem","position":2,"name":"Peterhansel si nehodu nepamatuje. Auto zastavil spolujezdec Boulanger"}]},{"@type":"WebSite","@id":"https:\/\/www.dakarmania.cz\/#website","url":"https:\/\/www.dakarmania.cz\/","name":"DAKARMANIA.cz","description":"\u017dijeme Dakarem cel\u00fd rok","publisher":{"@id":"https:\/\/www.dakarmania.cz\/#organization"},"potentialAction":[{"@type":"SearchAction","target":{"@type":"EntryPoint","urlTemplate":"https:\/\/www.dakarmania.cz\/?s={search_term_string}"},"query-input":{"@type":"PropertyValueSpecification","valueRequired":true,"valueName":"search_term_string"}}],"inLanguage":"cs"},{"@type":"Organization","@id":"https:\/\/www.dakarmania.cz\/#organization","name":"DAKAR MANIA","url":"https:\/\/www.dakarmania.cz\/","logo":{"@type":"ImageObject","inLanguage":"cs","@id":"https:\/\/www.dakarmania.cz\/#\/schema\/logo\/image\/","url":"https:\/\/www.dakarmania.cz\/wp-content\/uploads\/2018\/12\/Dakar-Mania-Logo-Square-Orange.png","contentUrl":"https:\/\/www.dakarmania.cz\/wp-content\/uploads\/2018\/12\/Dakar-Mania-Logo-Square-Orange.png","width":992,"height":992,"caption":"DAKAR MANIA"},"image":{"@id":"https:\/\/www.dakarmania.cz\/#\/schema\/logo\/image\/"},"sameAs":["https:\/\/www.facebook.com\/dakarmania\/"]},{"@type":"Person","@id":"https:\/\/www.dakarmania.cz\/#\/schema\/person\/04eb0e87a389631c2169c0dddae7ff1e","name":"Zden\u011bk Zelenka","image":{"@type":"ImageObject","inLanguage":"cs","@id":"https:\/\/www.dakarmania.cz\/#\/schema\/person\/image\/","url":"https:\/\/secure.gravatar.com\/avatar\/2c80d5a4942fe0900b73cc7d3837a509d6ee0a276a2b76dac95c92bd0763a89b?s=96&d=mm&r=g","contentUrl":"https:\/\/secure.gravatar.com\/avatar\/2c80d5a4942fe0900b73cc7d3837a509d6ee0a276a2b76dac95c92bd0763a89b?s=96&d=mm&r=g","caption":"Zden\u011bk Zelenka"},"description":"Moji d\u011bt\u0161t\u00ed hrdinov\u00e9 se jmenovali Loprais, Moskal, Neveu, Vatanen, Rahier... A tihle borci, jejich n\u00e1sledovn\u00edci a jejich p\u0159\u00edb\u011bhy m\u011b nep\u0159estali fascinovat ani po letech, kdy jsem vyrostl a zam\u011bstn\u00e1valy m\u011b jin\u00e9 discipl\u00edny motorsportu. Proto se zrodila DAKARMANIA.","url":"https:\/\/www.dakarmania.cz\/index.php\/author\/dakarmania\/"}]}},"amp_enabled":true,"_links":{"self":[{"href":"https:\/\/www.dakarmania.cz\/index.php\/wp-json\/wp\/v2\/posts\/24114","targetHints":{"allow":["GET"]}}],"collection":[{"href":"https:\/\/www.dakarmania.cz\/index.php\/wp-json\/wp\/v2\/posts"}],"about":[{"href":"https:\/\/www.dakarmania.cz\/index.php\/wp-json\/wp\/v2\/types\/post"}],"author":[{"embeddable":true,"href":"https:\/\/www.dakarmania.cz\/index.php\/wp-json\/wp\/v2\/users\/1"}],"replies":[{"embeddable":true,"href":"https:\/\/www.dakarmania.cz\/index.php\/wp-json\/wp\/v2\/comments?post=24114"}],"version-history":[{"count":1,"href":"https:\/\/www.dakarmania.cz\/index.php\/wp-json\/wp\/v2\/posts\/24114\/revisions"}],"predecessor-version":[{"id":24115,"href":"https:\/\/www.dakarmania.cz\/index.php\/wp-json\/wp\/v2\/posts\/24114\/revisions\/24115"}],"wp:featuredmedia":[{"embeddable":true,"href":"https:\/\/www.dakarmania.cz\/index.php\/wp-json\/wp\/v2\/media\/24113"}],"wp:attachment":[{"href":"https:\/\/www.dakarmania.cz\/index.php\/wp-json\/wp\/v2\/media?parent=24114"}],"wp:term":[{"taxonomy":"category","embeddable":true,"href":"https:\/\/www.dakarmania.cz\/index.php\/wp-json\/wp\/v2\/categories?post=24114"},{"taxonomy":"post_tag","embeddable":true,"href":"https:\/\/www.dakarmania.cz\/index.php\/wp-json\/wp\/v2\/tags?post=24114"}],"curies":[{"name":"wp","href":"https:\/\/api.w.org\/{rel}","templated":true}]}}