{"id":24119,"date":"2023-01-10T16:51:35","date_gmt":"2023-01-10T15:51:35","guid":{"rendered":"https:\/\/www.dakarmania.cz\/?p=24119"},"modified":"2023-04-24T16:09:35","modified_gmt":"2023-04-24T14:09:35","slug":"dakar-2023-loprais-uvizl-v-rece","status":"publish","type":"post","link":"https:\/\/www.dakarmania.cz\/index.php\/2023\/01\/10\/dakar-2023-loprais-uvizl-v-rece\/","title":{"rendered":"Dakar 2023: Ale\u0161 Loprais uv\u00edzl v \u0159ece, p\u0159esto d\u00e1l unik\u00e1 soupe\u0159\u016fm"},"content":{"rendered":"<h3>\u010cerveno\u010dern\u00e1 Praga V4S DKR se startovn\u00edm \u010d\u00edslem 508 uv\u00edzla v dev\u00e1t\u00e9 etap\u011b Rally Dakar 2023 na \u010dtvrt hodiny v rozvodn\u011bn\u00e9m a rozbahn\u011bn\u00e9m v\u00e1d\u00ed. P\u0159esto pos\u00e1dka Instaforex Loprais Teamu nejen udr\u017eela ostatn\u00ed kamiony na distanc, ale dokonce se jim znovu o n\u011bco vzd\u00e1lila.<\/h3>\n<figure id=\"attachment_24122\" aria-describedby=\"caption-attachment-24122\" style=\"width: 1024px\" class=\"wp-caption aligncenter\"><img loading=\"lazy\" decoding=\"async\" class=\"wp-image-24122 size-full\" src=\"https:\/\/www.dakarmania.cz\/wp-content\/uploads\/2023\/01\/loprais-dkr23-14.jpg\" alt=\"Ale\u0161 Loprais, Dakar 2023\" width=\"1024\" height=\"683\" srcset=\"https:\/\/www.dakarmania.cz\/wp-content\/uploads\/2023\/01\/loprais-dkr23-14.jpg 1024w, https:\/\/www.dakarmania.cz\/wp-content\/uploads\/2023\/01\/loprais-dkr23-14-300x200.jpg 300w, https:\/\/www.dakarmania.cz\/wp-content\/uploads\/2023\/01\/loprais-dkr23-14-768x512.jpg 768w, https:\/\/www.dakarmania.cz\/wp-content\/uploads\/2023\/01\/loprais-dkr23-14-825x550.jpg 825w, https:\/\/www.dakarmania.cz\/wp-content\/uploads\/2023\/01\/loprais-dkr23-14-447x298.jpg 447w, https:\/\/www.dakarmania.cz\/wp-content\/uploads\/2023\/01\/loprais-dkr23-14-600x400.jpg 600w\" sizes=\"auto, (max-width: 1024px) 100vw, 1024px\" \/><figcaption id=\"caption-attachment-24122\" class=\"wp-caption-text\">Ale\u0161 Loprais \/ Jaroslav Valtr ml. \/ Petr Pokora, Praga VS4 DKR, Instaforex Loprais Team. Dakar 2023. \u00a9 ASO\/DPPI<\/figcaption><\/figure>\n<p>Po dni volna se dakarsk\u00e1 rally p\u0159ehoupla do sv\u00e9 druh\u00e9 \u2013 sice krat\u0161\u00ed, ale \u00fadajn\u011b je\u0161t\u011b n\u00e1ro\u010dn\u011bj\u0161\u00ed \u2013 \u010d\u00e1sti. \u00da\u010dastn\u00edci nejpopul\u00e1rn\u011bj\u0161\u00edho motoristick\u00e9ho maratonu sv\u011bta se z Rij\u00e1du vydali d\u00e1le na v\u00fdchod Sa\u00fadsk\u00e9 Ar\u00e1bie. Po pr\u016ftr\u017e\u00edch mra\u010den a n\u00edzk\u00fdch teplot\u00e1ch, s nimi\u017e se pot\u00fdkali v prvn\u00edch lednov\u00fdch dnech, se v\u0161ichni u\u017e nemohou do\u010dkat tepla a sucha v jihov\u00fdchodn\u00ed \u010d\u00e1sti zem\u011b. Jen\u017ee rozmarn\u00e9 po\u010das\u00ed o sob\u011b dalo v\u011bd\u011bt tak\u00e9 dnes. Podle informac\u00ed po\u0159adatel\u016f sice dev\u00e1t\u00e1 etapa do Harazu (celkem 686 km, RZ 358 km) nem\u011bla b\u00fdt nijak mimo\u0159\u00e1dn\u011b obt\u00ed\u017en\u00e1, ov\u0161em rann\u00ed d\u00e9\u0161\u0165 a v jeho d\u016fsledku zaplaven\u00e1 \u0159e\u010di\u0161t\u011b znovu sehr\u00e1ly nemalou roli.<\/p>\n<p><em>\u201eN\u011bkte\u0159\u00ed z na\u0161ich soupe\u0159\u016f zapadli p\u0159i p\u0159ejezdu asi dv\u011b st\u011b metr\u016f \u0161irok\u00e9ho v\u00e1d\u00ed. Zkusili jsme to vz\u00edt jinudy, ale z\u016fstali jsme tam taky,\u201c<\/em> popisuje navig\u00e1tor <strong>Jaroslav Valtr ml.<\/strong> <em>\u201eVen jsme se hrabali asi patn\u00e1ct minut, ale pak u\u017e jsme let\u011bli. P\u0159ed tou \u0159ekou jsme hledali jeden pr\u016fjezdn\u00ed bod, ale t\u00edm jsme neztratili v\u00edc ne\u017e minutu.\u201c<\/em><\/p>\n<p><em>\u201eTak dneska n\u00e1s v bivaku evidentn\u011b \u010dek\u00e1 trochu v\u00edc ne\u017e jen detailing. Interi\u00e9r i exteri\u00e9r auta si od n\u00e1s tentokr\u00e1t asi vy\u017e\u00e1daj\u00ed p\u0159eci jen drobet intenzivn\u011bj\u0161\u00ed p\u00e9\u010di,\u201c<\/em> usm\u00edv\u00e1 se palubn\u00ed mechanik <strong>Petr Pokora<\/strong>, kter\u00e9mu nikdo v t\u00fdmu ne\u0159ekne jinak ne\u017e Butul.<\/p>\n<figure id=\"attachment_23955\" aria-describedby=\"caption-attachment-23955\" style=\"width: 1010px\" class=\"wp-caption aligncenter\"><a href=\"https:\/\/eshop.dakarmania.cz\/\"><img loading=\"lazy\" decoding=\"async\" class=\"wp-image-23955 size-large\" src=\"https:\/\/www.dakarmania.cz\/wp-content\/uploads\/2022\/11\/vyprodej-dkrm-01-04-1024x683.jpg\" alt=\"Kliknut\u00edm na obr\u00e1zek p\u0159ejdete do na\u0161eho e-shopu.\" width=\"1010\" height=\"674\" srcset=\"https:\/\/www.dakarmania.cz\/wp-content\/uploads\/2022\/11\/vyprodej-dkrm-01-04-1024x683.jpg 1024w, https:\/\/www.dakarmania.cz\/wp-content\/uploads\/2022\/11\/vyprodej-dkrm-01-04-300x200.jpg 300w, https:\/\/www.dakarmania.cz\/wp-content\/uploads\/2022\/11\/vyprodej-dkrm-01-04-768x512.jpg 768w, https:\/\/www.dakarmania.cz\/wp-content\/uploads\/2022\/11\/vyprodej-dkrm-01-04-1536x1024.jpg 1536w, https:\/\/www.dakarmania.cz\/wp-content\/uploads\/2022\/11\/vyprodej-dkrm-01-04-2048x1365.jpg 2048w, https:\/\/www.dakarmania.cz\/wp-content\/uploads\/2022\/11\/vyprodej-dkrm-01-04-825x550.jpg 825w, https:\/\/www.dakarmania.cz\/wp-content\/uploads\/2022\/11\/vyprodej-dkrm-01-04-447x298.jpg 447w, https:\/\/www.dakarmania.cz\/wp-content\/uploads\/2022\/11\/vyprodej-dkrm-01-04-600x400.jpg 600w\" sizes=\"auto, (max-width: 1010px) 100vw, 1010px\" \/><\/a><figcaption id=\"caption-attachment-23955\" class=\"wp-caption-text\">Kliknut\u00edm na obr\u00e1zek p\u0159ejdete do na\u0161eho e-shopu.<\/figcaption><\/figure>\n<p>Vypro\u0161t\u011bn\u00ed pragovky, jej\u00ed\u017e kola uv\u00edzla ve sm\u011bsi prom\u00e1\u010den\u00e9ho p\u00edsku a bl\u00e1ta, sice pos\u00e1dku st\u00e1lo n\u011bkolik minut a jistou d\u00e1vku fyzick\u00fdch sil, ale o veden\u00ed v pr\u016fb\u011b\u017en\u00e9m hodnocen\u00ed ji nep\u0159ipravilo. Naopak. Lopraisova pos\u00e1dka dnes byla i navzdory nedobrovoln\u00e9 bahenn\u00ed l\u00e1zni \u010dtvrt\u00e1 nejrychlej\u0161\u00ed a d\u00edky tomu zv\u00fd\u0161ila sv\u016fj n\u00e1skok na \u010dele kategorie kamion\u016f skoro na 27 minut, nebo\u0165 dva jej\u00ed dosud nejbli\u017e\u0161\u00ed pron\u00e1sledovatel\u00e9 se se z\u00e1ludn\u00fdm v\u00e1d\u00ed pot\u00fdkali je\u0161t\u011b d\u00e9le. Na druhou p\u0159\u00ed\u010dku po dev\u00e1t\u00e9 ze \u010dtrn\u00e1cti etap postoupil Janus van Kasteren, jen\u017e dok\u00e1zal kritick\u00e9 m\u00edsto zcela objet.<\/p>\n<p><em>\u201eM\u00e1m kr\u00e1sn\u00fd narozeninov\u00fd den, proto\u017ee se n\u00e1m poda\u0159ilo n\u00e1dhern\u011b zajet etapu, i kdy\u017e jsme zahu\u010deli do rozbahn\u011bn\u00e9 \u0159eky, kde se dalo v\u0161echno ztratit nebo taky hodn\u011b z\u00edskat,\u201c<\/em> \u0159\u00edk\u00e1 <strong>Ale\u0161 Loprais<\/strong>, kter\u00fd dnes slav\u00ed sv\u00e9 43. narozeniny. <em>\u201eNa\u0161\u00ed v\u00fdhodou bylo, \u017ee jsme vid\u011bli, jak se tam u\u017e hrabou dva kamiony. Tak jsme se vydali po proudu, abychom v\u00e1d\u00ed p\u0159esko\u010dili jinde. P\u0159i hled\u00e1n\u00ed u\u017e\u0161\u00edho m\u00edsta jsme ujeli skoro dva kilometry. I kdy\u017e jsme Lady moc fandili, nakonec se zastavila necel\u00e9 t\u0159i metry p\u0159ed prot\u011bj\u0161\u00edm b\u0159ehem. Kluci hned vysko\u010dili, Butul \u0161el pro sv\u00e9 obl\u00edben\u00e9 vaky, Jardu jsem diplomaticky poprosil o plechy a j\u00e1 jsem si \u0161el do \u0159eky sb\u00edrat sv\u00e9 obl\u00edben\u00e9 kameny, abych je mohl &#8216;lejdynce&#8217; kv\u016fli zlep\u0161en\u00ed trakce nah\u00e1zet pod kola. B\u011bhem chvilky se pak poda\u0159ilo auto cuknut\u00edm dop\u0159edu a dozadu rozhoupat a d\u00edky bo\u017e\u00ed pomoci a v\u0161em and\u011bl\u016fm, kter\u00e9 jsem prosil, a\u0165 n\u00e1m p\u00edchnou, z toho Lady z\u00e1zra\u010dn\u011b vysko\u010dila. Je neuv\u011b\u0159iteln\u00e9, \u017ee jsme ztratili jen jeden\u00e1ct minut. Za to d\u011bkuju, proto\u017ee v ur\u010dit\u00e9m ohledu to dnes byla z\u00e1sadn\u00ed etapa a my jsme ji zvl\u00e1dli.\u201c<\/em><\/p>\n<p>11. ledna pokra\u010duje sout\u011b\u017e des\u00e1tou etapou z Harazu do \u0160ajb\u00e1 (celkem 624 km). St\u0159ede\u010dn\u00ed speci\u00e1lka m\u011b\u0159\u00ed jen 114 km, ale z devades\u00e1ti procent se pojede v dun\u00e1ch Pust\u00e9 kon\u010diny, v n\u00ed\u017e se bude z\u00e1vodit i v n\u00e1sleduj\u00edc\u00edch dnech.<\/p>\n<p><em>Tiskov\u00e1 zpr\u00e1va Instaforex Loprais Teamu<\/em><\/p>\n","protected":false},"excerpt":{"rendered":"<p>\u010cerveno\u010dern\u00e1 Praga V4S DKR se startovn\u00edm \u010d\u00edslem 508 uv\u00edzla v dev\u00e1t\u00e9 etap\u011b Rally Dakar 2023 na \u010dtvrt hodiny v rozvodn\u011bn\u00e9m a rozbahn\u011bn\u00e9m v\u00e1d\u00ed.<\/p>\n","protected":false},"author":3,"featured_media":24122,"comment_status":"closed","ping_status":"closed","sticky":false,"template":"","format":"standard","meta":{"footnotes":""},"categories":[1923,16,1914],"tags":[1705,65,8,1797,1342,69,67,1557],"class_list":["post-24119","post","type-post","status-publish","format-standard","has-post-thumbnail","hentry","category-dakar-2023","category-kamion","category-partneri","tag-1705","tag-ales-loprais","tag-dakar","tag-dakar-2023","tag-jaroslav-valtr-ml","tag-loprais-team","tag-petr-pokora","tag-praga"],"yoast_head":"<!-- This site is optimized with the Yoast SEO plugin v24.9 - https:\/\/yoast.com\/wordpress\/plugins\/seo\/ -->\n<title>Dakar 2023: Ale\u0161 Loprais uv\u00edzl v \u0159ece, p\u0159esto d\u00e1l unik\u00e1 soupe\u0159\u016fm - DAKARMANIA.cz<\/title>\n<meta name=\"description\" content=\"Praga V4S DKR se startovn\u00edm \u010d\u00edslem 508 uv\u00edzla v dev\u00e1t\u00e9 etap\u011b Rally Dakar 2023 na \u010dtvrt hodiny v rozvodn\u011bn\u00e9m a rozbahn\u011bn\u00e9m v\u00e1d\u00ed.\" \/>\n<meta name=\"robots\" content=\"index, follow, max-snippet:-1, max-image-preview:large, max-video-preview:-1\" \/>\n<link rel=\"canonical\" href=\"https:\/\/www.dakarmania.cz\/index.php\/2023\/01\/10\/dakar-2023-loprais-uvizl-v-rece\/\" \/>\n<meta property=\"og:locale\" content=\"cs_CZ\" \/>\n<meta property=\"og:type\" content=\"article\" \/>\n<meta property=\"og:title\" content=\"Dakar 2023: Ale\u0161 Loprais uv\u00edzl v \u0159ece, p\u0159esto d\u00e1l unik\u00e1 soupe\u0159\u016fm - DAKARMANIA.cz\" \/>\n<meta property=\"og:description\" content=\"Praga V4S DKR se startovn\u00edm \u010d\u00edslem 508 uv\u00edzla v dev\u00e1t\u00e9 etap\u011b Rally Dakar 2023 na \u010dtvrt hodiny v rozvodn\u011bn\u00e9m a rozbahn\u011bn\u00e9m v\u00e1d\u00ed.\" \/>\n<meta property=\"og:url\" content=\"https:\/\/www.dakarmania.cz\/index.php\/2023\/01\/10\/dakar-2023-loprais-uvizl-v-rece\/\" \/>\n<meta property=\"og:site_name\" content=\"DAKARMANIA.cz\" \/>\n<meta property=\"article:publisher\" content=\"https:\/\/www.facebook.com\/dakarmania\/\" \/>\n<meta property=\"article:published_time\" content=\"2023-01-10T15:51:35+00:00\" \/>\n<meta property=\"article:modified_time\" content=\"2023-04-24T14:09:35+00:00\" \/>\n<meta property=\"og:image\" content=\"https:\/\/www.dakarmania.cz\/wp-content\/uploads\/2023\/01\/loprais-dkr23-14.jpg\" \/>\n\t<meta property=\"og:image:width\" content=\"1024\" \/>\n\t<meta property=\"og:image:height\" content=\"683\" \/>\n\t<meta property=\"og:image:type\" content=\"image\/jpeg\" \/>\n<meta name=\"author\" content=\"tiskov\u00e1 zpr\u00e1va\" \/>\n<meta name=\"twitter:card\" content=\"summary_large_image\" \/>\n<meta name=\"twitter:label1\" content=\"Napsal(a)\" \/>\n\t<meta name=\"twitter:data1\" content=\"tiskov\u00e1 zpr\u00e1va\" \/>\n\t<meta name=\"twitter:label2\" content=\"Odhadovan\u00e1 doba \u010dten\u00ed\" \/>\n\t<meta name=\"twitter:data2\" content=\"4 minuty\" \/>\n<script type=\"application\/ld+json\" class=\"yoast-schema-graph\">{\"@context\":\"https:\/\/schema.org\",\"@graph\":[{\"@type\":\"Article\",\"@id\":\"https:\/\/www.dakarmania.cz\/index.php\/2023\/01\/10\/dakar-2023-loprais-uvizl-v-rece\/#article\",\"isPartOf\":{\"@id\":\"https:\/\/www.dakarmania.cz\/index.php\/2023\/01\/10\/dakar-2023-loprais-uvizl-v-rece\/\"},\"author\":{\"name\":\"tiskov\u00e1 zpr\u00e1va\",\"@id\":\"https:\/\/www.dakarmania.cz\/#\/schema\/person\/bce8d1fe3633b1178e150fc5e340d5dd\"},\"headline\":\"Dakar 2023: Ale\u0161 Loprais uv\u00edzl v \u0159ece, p\u0159esto d\u00e1l unik\u00e1 soupe\u0159\u016fm\",\"datePublished\":\"2023-01-10T15:51:35+00:00\",\"dateModified\":\"2023-04-24T14:09:35+00:00\",\"mainEntityOfPage\":{\"@id\":\"https:\/\/www.dakarmania.cz\/index.php\/2023\/01\/10\/dakar-2023-loprais-uvizl-v-rece\/\"},\"wordCount\":771,\"publisher\":{\"@id\":\"https:\/\/www.dakarmania.cz\/#organization\"},\"image\":{\"@id\":\"https:\/\/www.dakarmania.cz\/index.php\/2023\/01\/10\/dakar-2023-loprais-uvizl-v-rece\/#primaryimage\"},\"thumbnailUrl\":\"https:\/\/www.dakarmania.cz\/wp-content\/uploads\/2023\/01\/loprais-dkr23-14.jpg\",\"keywords\":[\"2023\",\"Ale\u0161 Loprais\",\"Dakar\",\"Dakar 2023\",\"Jaroslav Valtr ml.\",\"Loprais Team\",\"Petr Pokora\",\"Praga\"],\"articleSection\":[\"Dakar 2023\",\"Kamiony\",\"Partnersk\u00e9 t\u00fdmy\"],\"inLanguage\":\"cs\"},{\"@type\":\"WebPage\",\"@id\":\"https:\/\/www.dakarmania.cz\/index.php\/2023\/01\/10\/dakar-2023-loprais-uvizl-v-rece\/\",\"url\":\"https:\/\/www.dakarmania.cz\/index.php\/2023\/01\/10\/dakar-2023-loprais-uvizl-v-rece\/\",\"name\":\"Dakar 2023: Ale\u0161 Loprais uv\u00edzl v \u0159ece, p\u0159esto d\u00e1l unik\u00e1 soupe\u0159\u016fm - DAKARMANIA.cz\",\"isPartOf\":{\"@id\":\"https:\/\/www.dakarmania.cz\/#website\"},\"primaryImageOfPage\":{\"@id\":\"https:\/\/www.dakarmania.cz\/index.php\/2023\/01\/10\/dakar-2023-loprais-uvizl-v-rece\/#primaryimage\"},\"image\":{\"@id\":\"https:\/\/www.dakarmania.cz\/index.php\/2023\/01\/10\/dakar-2023-loprais-uvizl-v-rece\/#primaryimage\"},\"thumbnailUrl\":\"https:\/\/www.dakarmania.cz\/wp-content\/uploads\/2023\/01\/loprais-dkr23-14.jpg\",\"datePublished\":\"2023-01-10T15:51:35+00:00\",\"dateModified\":\"2023-04-24T14:09:35+00:00\",\"description\":\"Praga V4S DKR se startovn\u00edm \u010d\u00edslem 508 uv\u00edzla v dev\u00e1t\u00e9 etap\u011b Rally Dakar 2023 na \u010dtvrt hodiny v rozvodn\u011bn\u00e9m a rozbahn\u011bn\u00e9m v\u00e1d\u00ed.\",\"breadcrumb\":{\"@id\":\"https:\/\/www.dakarmania.cz\/index.php\/2023\/01\/10\/dakar-2023-loprais-uvizl-v-rece\/#breadcrumb\"},\"inLanguage\":\"cs\",\"potentialAction\":[{\"@type\":\"ReadAction\",\"target\":[\"https:\/\/www.dakarmania.cz\/index.php\/2023\/01\/10\/dakar-2023-loprais-uvizl-v-rece\/\"]}]},{\"@type\":\"ImageObject\",\"inLanguage\":\"cs\",\"@id\":\"https:\/\/www.dakarmania.cz\/index.php\/2023\/01\/10\/dakar-2023-loprais-uvizl-v-rece\/#primaryimage\",\"url\":\"https:\/\/www.dakarmania.cz\/wp-content\/uploads\/2023\/01\/loprais-dkr23-14.jpg\",\"contentUrl\":\"https:\/\/www.dakarmania.cz\/wp-content\/uploads\/2023\/01\/loprais-dkr23-14.jpg\",\"width\":1024,\"height\":683,\"caption\":\"Ale\u0161 Loprais \/ Jaroslav Valtr ml. \/ Petr Pokora, Praga VS4 DKR, Instaforex Loprais Team. Dakar 2023. \u00a9 ASO\/DPPI\"},{\"@type\":\"BreadcrumbList\",\"@id\":\"https:\/\/www.dakarmania.cz\/index.php\/2023\/01\/10\/dakar-2023-loprais-uvizl-v-rece\/#breadcrumb\",\"itemListElement\":[{\"@type\":\"ListItem\",\"position\":1,\"name\":\"Dom\u016f\",\"item\":\"https:\/\/www.dakarmania.cz\/\"},{\"@type\":\"ListItem\",\"position\":2,\"name\":\"Dakar 2023: Ale\u0161 Loprais uv\u00edzl v \u0159ece, p\u0159esto d\u00e1l unik\u00e1 soupe\u0159\u016fm\"}]},{\"@type\":\"WebSite\",\"@id\":\"https:\/\/www.dakarmania.cz\/#website\",\"url\":\"https:\/\/www.dakarmania.cz\/\",\"name\":\"DAKARMANIA.cz\",\"description\":\"\u017dijeme Dakarem cel\u00fd rok\",\"publisher\":{\"@id\":\"https:\/\/www.dakarmania.cz\/#organization\"},\"potentialAction\":[{\"@type\":\"SearchAction\",\"target\":{\"@type\":\"EntryPoint\",\"urlTemplate\":\"https:\/\/www.dakarmania.cz\/?s={search_term_string}\"},\"query-input\":{\"@type\":\"PropertyValueSpecification\",\"valueRequired\":true,\"valueName\":\"search_term_string\"}}],\"inLanguage\":\"cs\"},{\"@type\":\"Organization\",\"@id\":\"https:\/\/www.dakarmania.cz\/#organization\",\"name\":\"DAKAR MANIA\",\"url\":\"https:\/\/www.dakarmania.cz\/\",\"logo\":{\"@type\":\"ImageObject\",\"inLanguage\":\"cs\",\"@id\":\"https:\/\/www.dakarmania.cz\/#\/schema\/logo\/image\/\",\"url\":\"https:\/\/www.dakarmania.cz\/wp-content\/uploads\/2018\/12\/Dakar-Mania-Logo-Square-Orange.png\",\"contentUrl\":\"https:\/\/www.dakarmania.cz\/wp-content\/uploads\/2018\/12\/Dakar-Mania-Logo-Square-Orange.png\",\"width\":992,\"height\":992,\"caption\":\"DAKAR MANIA\"},\"image\":{\"@id\":\"https:\/\/www.dakarmania.cz\/#\/schema\/logo\/image\/\"},\"sameAs\":[\"https:\/\/www.facebook.com\/dakarmania\/\"]},{\"@type\":\"Person\",\"@id\":\"https:\/\/www.dakarmania.cz\/#\/schema\/person\/bce8d1fe3633b1178e150fc5e340d5dd\",\"name\":\"tiskov\u00e1 zpr\u00e1va\",\"image\":{\"@type\":\"ImageObject\",\"inLanguage\":\"cs\",\"@id\":\"https:\/\/www.dakarmania.cz\/#\/schema\/person\/image\/\",\"url\":\"https:\/\/secure.gravatar.com\/avatar\/19aefcb6c7bfae691fca4d805686c670f59bb4f7414c7b398b88dc9c8f4e96d5?s=96&d=mm&r=g\",\"contentUrl\":\"https:\/\/secure.gravatar.com\/avatar\/19aefcb6c7bfae691fca4d805686c670f59bb4f7414c7b398b88dc9c8f4e96d5?s=96&d=mm&r=g\",\"caption\":\"tiskov\u00e1 zpr\u00e1va\"},\"url\":\"https:\/\/www.dakarmania.cz\/index.php\/author\/tiskovezpravy\/\"}]}<\/script>\n<!-- \/ Yoast SEO plugin. -->","yoast_head_json":{"title":"Dakar 2023: Ale\u0161 Loprais uv\u00edzl v \u0159ece, p\u0159esto d\u00e1l unik\u00e1 soupe\u0159\u016fm - DAKARMANIA.cz","description":"Praga V4S DKR se startovn\u00edm \u010d\u00edslem 508 uv\u00edzla v dev\u00e1t\u00e9 etap\u011b Rally Dakar 2023 na \u010dtvrt hodiny v rozvodn\u011bn\u00e9m a rozbahn\u011bn\u00e9m v\u00e1d\u00ed.","robots":{"index":"index","follow":"follow","max-snippet":"max-snippet:-1","max-image-preview":"max-image-preview:large","max-video-preview":"max-video-preview:-1"},"canonical":"https:\/\/www.dakarmania.cz\/index.php\/2023\/01\/10\/dakar-2023-loprais-uvizl-v-rece\/","og_locale":"cs_CZ","og_type":"article","og_title":"Dakar 2023: Ale\u0161 Loprais uv\u00edzl v \u0159ece, p\u0159esto d\u00e1l unik\u00e1 soupe\u0159\u016fm - DAKARMANIA.cz","og_description":"Praga V4S DKR se startovn\u00edm \u010d\u00edslem 508 uv\u00edzla v dev\u00e1t\u00e9 etap\u011b Rally Dakar 2023 na \u010dtvrt hodiny v rozvodn\u011bn\u00e9m a rozbahn\u011bn\u00e9m v\u00e1d\u00ed.","og_url":"https:\/\/www.dakarmania.cz\/index.php\/2023\/01\/10\/dakar-2023-loprais-uvizl-v-rece\/","og_site_name":"DAKARMANIA.cz","article_publisher":"https:\/\/www.facebook.com\/dakarmania\/","article_published_time":"2023-01-10T15:51:35+00:00","article_modified_time":"2023-04-24T14:09:35+00:00","og_image":[{"width":1024,"height":683,"url":"https:\/\/www.dakarmania.cz\/wp-content\/uploads\/2023\/01\/loprais-dkr23-14.jpg","type":"image\/jpeg"}],"author":"tiskov\u00e1 zpr\u00e1va","twitter_card":"summary_large_image","twitter_misc":{"Napsal(a)":"tiskov\u00e1 zpr\u00e1va","Odhadovan\u00e1 doba \u010dten\u00ed":"4 minuty"},"schema":{"@context":"https:\/\/schema.org","@graph":[{"@type":"Article","@id":"https:\/\/www.dakarmania.cz\/index.php\/2023\/01\/10\/dakar-2023-loprais-uvizl-v-rece\/#article","isPartOf":{"@id":"https:\/\/www.dakarmania.cz\/index.php\/2023\/01\/10\/dakar-2023-loprais-uvizl-v-rece\/"},"author":{"name":"tiskov\u00e1 zpr\u00e1va","@id":"https:\/\/www.dakarmania.cz\/#\/schema\/person\/bce8d1fe3633b1178e150fc5e340d5dd"},"headline":"Dakar 2023: Ale\u0161 Loprais uv\u00edzl v \u0159ece, p\u0159esto d\u00e1l unik\u00e1 soupe\u0159\u016fm","datePublished":"2023-01-10T15:51:35+00:00","dateModified":"2023-04-24T14:09:35+00:00","mainEntityOfPage":{"@id":"https:\/\/www.dakarmania.cz\/index.php\/2023\/01\/10\/dakar-2023-loprais-uvizl-v-rece\/"},"wordCount":771,"publisher":{"@id":"https:\/\/www.dakarmania.cz\/#organization"},"image":{"@id":"https:\/\/www.dakarmania.cz\/index.php\/2023\/01\/10\/dakar-2023-loprais-uvizl-v-rece\/#primaryimage"},"thumbnailUrl":"https:\/\/www.dakarmania.cz\/wp-content\/uploads\/2023\/01\/loprais-dkr23-14.jpg","keywords":["2023","Ale\u0161 Loprais","Dakar","Dakar 2023","Jaroslav Valtr ml.","Loprais Team","Petr Pokora","Praga"],"articleSection":["Dakar 2023","Kamiony","Partnersk\u00e9 t\u00fdmy"],"inLanguage":"cs"},{"@type":"WebPage","@id":"https:\/\/www.dakarmania.cz\/index.php\/2023\/01\/10\/dakar-2023-loprais-uvizl-v-rece\/","url":"https:\/\/www.dakarmania.cz\/index.php\/2023\/01\/10\/dakar-2023-loprais-uvizl-v-rece\/","name":"Dakar 2023: Ale\u0161 Loprais uv\u00edzl v \u0159ece, p\u0159esto d\u00e1l unik\u00e1 soupe\u0159\u016fm - DAKARMANIA.cz","isPartOf":{"@id":"https:\/\/www.dakarmania.cz\/#website"},"primaryImageOfPage":{"@id":"https:\/\/www.dakarmania.cz\/index.php\/2023\/01\/10\/dakar-2023-loprais-uvizl-v-rece\/#primaryimage"},"image":{"@id":"https:\/\/www.dakarmania.cz\/index.php\/2023\/01\/10\/dakar-2023-loprais-uvizl-v-rece\/#primaryimage"},"thumbnailUrl":"https:\/\/www.dakarmania.cz\/wp-content\/uploads\/2023\/01\/loprais-dkr23-14.jpg","datePublished":"2023-01-10T15:51:35+00:00","dateModified":"2023-04-24T14:09:35+00:00","description":"Praga V4S DKR se startovn\u00edm \u010d\u00edslem 508 uv\u00edzla v dev\u00e1t\u00e9 etap\u011b Rally Dakar 2023 na \u010dtvrt hodiny v rozvodn\u011bn\u00e9m a rozbahn\u011bn\u00e9m v\u00e1d\u00ed.","breadcrumb":{"@id":"https:\/\/www.dakarmania.cz\/index.php\/2023\/01\/10\/dakar-2023-loprais-uvizl-v-rece\/#breadcrumb"},"inLanguage":"cs","potentialAction":[{"@type":"ReadAction","target":["https:\/\/www.dakarmania.cz\/index.php\/2023\/01\/10\/dakar-2023-loprais-uvizl-v-rece\/"]}]},{"@type":"ImageObject","inLanguage":"cs","@id":"https:\/\/www.dakarmania.cz\/index.php\/2023\/01\/10\/dakar-2023-loprais-uvizl-v-rece\/#primaryimage","url":"https:\/\/www.dakarmania.cz\/wp-content\/uploads\/2023\/01\/loprais-dkr23-14.jpg","contentUrl":"https:\/\/www.dakarmania.cz\/wp-content\/uploads\/2023\/01\/loprais-dkr23-14.jpg","width":1024,"height":683,"caption":"Ale\u0161 Loprais \/ Jaroslav Valtr ml. \/ Petr Pokora, Praga VS4 DKR, Instaforex Loprais Team. Dakar 2023. \u00a9 ASO\/DPPI"},{"@type":"BreadcrumbList","@id":"https:\/\/www.dakarmania.cz\/index.php\/2023\/01\/10\/dakar-2023-loprais-uvizl-v-rece\/#breadcrumb","itemListElement":[{"@type":"ListItem","position":1,"name":"Dom\u016f","item":"https:\/\/www.dakarmania.cz\/"},{"@type":"ListItem","position":2,"name":"Dakar 2023: Ale\u0161 Loprais uv\u00edzl v \u0159ece, p\u0159esto d\u00e1l unik\u00e1 soupe\u0159\u016fm"}]},{"@type":"WebSite","@id":"https:\/\/www.dakarmania.cz\/#website","url":"https:\/\/www.dakarmania.cz\/","name":"DAKARMANIA.cz","description":"\u017dijeme Dakarem cel\u00fd rok","publisher":{"@id":"https:\/\/www.dakarmania.cz\/#organization"},"potentialAction":[{"@type":"SearchAction","target":{"@type":"EntryPoint","urlTemplate":"https:\/\/www.dakarmania.cz\/?s={search_term_string}"},"query-input":{"@type":"PropertyValueSpecification","valueRequired":true,"valueName":"search_term_string"}}],"inLanguage":"cs"},{"@type":"Organization","@id":"https:\/\/www.dakarmania.cz\/#organization","name":"DAKAR MANIA","url":"https:\/\/www.dakarmania.cz\/","logo":{"@type":"ImageObject","inLanguage":"cs","@id":"https:\/\/www.dakarmania.cz\/#\/schema\/logo\/image\/","url":"https:\/\/www.dakarmania.cz\/wp-content\/uploads\/2018\/12\/Dakar-Mania-Logo-Square-Orange.png","contentUrl":"https:\/\/www.dakarmania.cz\/wp-content\/uploads\/2018\/12\/Dakar-Mania-Logo-Square-Orange.png","width":992,"height":992,"caption":"DAKAR MANIA"},"image":{"@id":"https:\/\/www.dakarmania.cz\/#\/schema\/logo\/image\/"},"sameAs":["https:\/\/www.facebook.com\/dakarmania\/"]},{"@type":"Person","@id":"https:\/\/www.dakarmania.cz\/#\/schema\/person\/bce8d1fe3633b1178e150fc5e340d5dd","name":"tiskov\u00e1 zpr\u00e1va","image":{"@type":"ImageObject","inLanguage":"cs","@id":"https:\/\/www.dakarmania.cz\/#\/schema\/person\/image\/","url":"https:\/\/secure.gravatar.com\/avatar\/19aefcb6c7bfae691fca4d805686c670f59bb4f7414c7b398b88dc9c8f4e96d5?s=96&d=mm&r=g","contentUrl":"https:\/\/secure.gravatar.com\/avatar\/19aefcb6c7bfae691fca4d805686c670f59bb4f7414c7b398b88dc9c8f4e96d5?s=96&d=mm&r=g","caption":"tiskov\u00e1 zpr\u00e1va"},"url":"https:\/\/www.dakarmania.cz\/index.php\/author\/tiskovezpravy\/"}]}},"amp_enabled":true,"_links":{"self":[{"href":"https:\/\/www.dakarmania.cz\/index.php\/wp-json\/wp\/v2\/posts\/24119","targetHints":{"allow":["GET"]}}],"collection":[{"href":"https:\/\/www.dakarmania.cz\/index.php\/wp-json\/wp\/v2\/posts"}],"about":[{"href":"https:\/\/www.dakarmania.cz\/index.php\/wp-json\/wp\/v2\/types\/post"}],"author":[{"embeddable":true,"href":"https:\/\/www.dakarmania.cz\/index.php\/wp-json\/wp\/v2\/users\/3"}],"replies":[{"embeddable":true,"href":"https:\/\/www.dakarmania.cz\/index.php\/wp-json\/wp\/v2\/comments?post=24119"}],"version-history":[{"count":3,"href":"https:\/\/www.dakarmania.cz\/index.php\/wp-json\/wp\/v2\/posts\/24119\/revisions"}],"predecessor-version":[{"id":24123,"href":"https:\/\/www.dakarmania.cz\/index.php\/wp-json\/wp\/v2\/posts\/24119\/revisions\/24123"}],"wp:featuredmedia":[{"embeddable":true,"href":"https:\/\/www.dakarmania.cz\/index.php\/wp-json\/wp\/v2\/media\/24122"}],"wp:attachment":[{"href":"https:\/\/www.dakarmania.cz\/index.php\/wp-json\/wp\/v2\/media?parent=24119"}],"wp:term":[{"taxonomy":"category","embeddable":true,"href":"https:\/\/www.dakarmania.cz\/index.php\/wp-json\/wp\/v2\/categories?post=24119"},{"taxonomy":"post_tag","embeddable":true,"href":"https:\/\/www.dakarmania.cz\/index.php\/wp-json\/wp\/v2\/tags?post=24119"}],"curies":[{"name":"wp","href":"https:\/\/api.w.org\/{rel}","templated":true}]}}