{"id":2415,"date":"2019-01-18T07:46:11","date_gmt":"2019-01-18T07:46:11","guid":{"rendered":"https:\/\/www.dakarmania.cz\/?p=2415"},"modified":"2021-08-10T22:24:04","modified_gmt":"2021-08-10T20:24:04","slug":"dakar-2019-v-konkurenci-tovarnich-tymu-loprais-uspel","status":"publish","type":"post","link":"https:\/\/www.dakarmania.cz\/index.php\/2019\/01\/18\/dakar-2019-v-konkurenci-tovarnich-tymu-loprais-uspel\/","title":{"rendered":"Dakar 2019: V konkurenci tov\u00e1rn\u00edch t\u00fdm\u016f Loprais usp\u011bl"},"content":{"rendered":"<p>[vc_row][vc_column][vc_column_text]<\/p>\n<h4>Tatra Jamal pos\u00e1dky Ale\u0161 Loprais, Ferran Marco Alcayna, Petr Pokora dojela do c\u00edle Rally Dakar 2019 jako p\u00e1t\u00e1 v kategorii kamion\u016f. Mal\u00fd rodinn\u00fd Instaforex Loprais Team tak nejen zdolal v\u0161echny n\u00e1strahy extr\u00e9mn\u011b n\u00e1ro\u010dn\u00e9ho 41. ro\u010dn\u00edku slavn\u00e9 sout\u011b\u017ee, ale dok\u00e1zal se tak\u00e9 prosadit v konkurenci siln\u00fdch a po\u010detn\u00fdch tov\u00e1rn\u00edch t\u00fdm\u016f.<\/h4>\n<p>Organiz\u00e1to\u0159i byli nuceni p\u0159ipravit leto\u0161n\u00ed Dakar pouze v Peru. Rally proto ve srovn\u00e1n\u00ed s p\u0159edchoz\u00edmi lety zkr\u00e1tili co do po\u010dtu ujet\u00fdch kilometr\u016f i z\u00e1vodn\u00edch dn\u016f, p\u0159esto v\u011bt\u0161ina \u00fa\u010dastn\u00edk\u016f mluv\u00ed o dlouh\u00e9m Dakaru. Po\u0159adatel\u016fm se toti\u017e povedlo postavit tra\u0165, kter\u00e1 a\u017e na d\u0159e\u0148 prov\u011b\u0159ila fyzickou i psychickou kondici lid\u00ed a tak\u00e9 techniku. V pr\u016fb\u011bhu deseti etap \u0159e\u0161ili n\u011bjak\u00e9 probl\u00e9my \u00fapln\u011b v\u0161ichni. Z 41 kamion\u016f, kter\u00e9 do sout\u011b\u017ee 6. ledna v Lim\u011b odstartovaly, se jich o jeden\u00e1ct dn\u00ed pozd\u011bji do peru\u00e1nsk\u00e9 metropole vr\u00e1tila pouze t\u0159etina.<\/p>\n<p><em>\u201ePro m\u011b to byl asi nejt\u011b\u017e\u0161\u00ed Dakar, kdy\u017e nepo\u010d\u00edt\u00e1m ty, na nich\u017e jsme havarovali. Co do n\u00e1ro\u010dnosti a v\u00fdkonu byl tohle jeden z nejt\u011b\u017e\u0161\u00edch ro\u010dn\u00edk\u016f. Je to takov\u00fd n\u00e1vrat k d\u0159\u00edv\u011bj\u0161\u00edmu charakteru maratonsk\u00e9ho z\u00e1vod\u011bn\u00ed. Mysl\u00edm si, \u017ee pr\u00e1v\u011b toto by n\u00e1m do budoucna mohlo sv\u011bd\u010dit,\u201c<\/em> m\u00edn\u00ed <strong>Ale\u0161 Loprais<\/strong>.[\/vc_column_text][vc_video link=&#8221;https:\/\/youtu.be\/NxsxZ2FkYdQ&#8221;][vc_column_text]P\u0159ed z\u00e1v\u011bre\u010dnou etapou Ale\u0161 s Ferranem a Petrem sl\u00edbili, \u017ee se je\u0161t\u011b pokus\u00ed atakovat pr\u016fb\u011b\u017en\u011b \u010dtvrt\u00e9ho Federica Villagru. Na relativn\u011b kr\u00e1tk\u00e9 rychlostn\u00ed zkou\u0161ce, kter\u00e1 m\u011b\u0159ila 112 kilometr\u016f, byli druz\u00ed nejrychlej\u0161\u00ed, ale na \u00fapln\u00e9 smaz\u00e1n\u00ed deficitu to u\u017e nesta\u010dilo. V c\u00edli d\u011blilo Kr\u00e1lovnu, jak Ale\u0161 Loprais sv\u00e9 Tat\u0159e p\u0159ezd\u00edv\u00e1, od Argentincova Iveca necel\u00fdch 11 minut.<\/p>\n<p><em>\u201eMoc jsme cht\u011bli, ale pot\u0159ebovali bychom, aby byl tento Dakar je\u0161t\u011b tro\u0161i\u010dku del\u0161\u00ed. Osud tomu tak cht\u011bl a my mus\u00edme b\u00fdt r\u00e1di za to, kde jsme. Jsme mal\u00fd soukrom\u00fd rodinn\u00fd t\u00fdm bez tov\u00e1rn\u00ed podpory a usp\u011bli jsme mezi t\u011bmi tov\u00e1rn\u00edmi,\u201c<\/em> p\u0159ipom\u00edn\u00e1 fren\u0161t\u00e1tsk\u00fd z\u00e1vodn\u00edk fakt, \u017ee zbyl\u00fdch dev\u011bt m\u00edst v prvn\u00ed des\u00edtce kone\u010dn\u00e9 klasifikace pat\u0159ilo pr\u00e1v\u011b fabrick\u00fdm pos\u00e1dk\u00e1m.<\/p>\n<p><em>\u201eJe to prost\u011b radost a hlavn\u011b bych cht\u011bl pod\u011bkovat kluk\u016fm, cel\u00e9mu t\u00fdmu, rodin\u011b, fanou\u0161k\u016fm, partner\u016fm, proto\u017ee bez nich by to ne\u0161lo. I kdy\u017e jsme pro\u017eili jen dv\u011b \u00fapln\u011b bezprobl\u00e9mov\u00e9 etapy, tak pr\u00e1v\u011b ony st\u00e1ly za to a naplnily n\u00e1s do budoucna nad\u011bj\u00ed. Pokou\u0161et se por\u00e1\u017eet tov\u00e1rn\u00ed t\u00fdmy je velik\u00e1 v\u00fdzva a j\u00e1 v\u011b\u0159\u00edm, \u017ee v tom budeme pokra\u010dovat,\u201c<\/em> uzav\u00edr\u00e1 Loprais.<\/p>\n<p>Muchas gracias, Per\u00fa! Adi\u00f3s!<\/p>\n<p>Tiskov\u00e1 zpr\u00e1va Instaforex Loprais Teamu[\/vc_column_text][\/vc_column][\/vc_row]<\/p>\n","protected":false},"excerpt":{"rendered":"<p>Tatra Jamal pos\u00e1dky Ale\u0161 Loprais, Ferran Marco Alcayna, Petr Pokora dojela do c\u00edle Rally Dakar 2019 jako p\u00e1t\u00e1 v kategorii kamion\u016f.<\/p>\n","protected":false},"author":3,"featured_media":2414,"comment_status":"open","ping_status":"closed","sticky":false,"template":"","format":"standard","meta":{"footnotes":""},"categories":[16,2,637],"tags":[65,8,9,66,69,67,68],"class_list":["post-2415","post","type-post","status-publish","format-standard","has-post-thumbnail","hentry","category-kamion","category-dakar","category-tiskove-zpravy","tag-ales-loprais","tag-dakar","tag-dakar-2019","tag-ferran-marco-alcayna","tag-loprais-team","tag-petr-pokora","tag-tatra"],"yoast_head":"<!-- This site is optimized with the Yoast SEO plugin v24.9 - https:\/\/yoast.com\/wordpress\/plugins\/seo\/ -->\n<title>Dakar 2019: V konkurenci tov\u00e1rn\u00edch t\u00fdm\u016f Loprais usp\u011bl - DAKARMANIA.cz<\/title>\n<meta name=\"description\" content=\"Tatra Jamal pos\u00e1dky Ale\u0161 Loprais, Ferran Marco Alcayna, Petr Pokora dojela do c\u00edle Rally Dakar 2019 jako p\u00e1t\u00e1 v kategorii kamion\u016f.\" \/>\n<meta name=\"robots\" content=\"index, follow, max-snippet:-1, max-image-preview:large, max-video-preview:-1\" \/>\n<link rel=\"canonical\" href=\"https:\/\/www.dakarmania.cz\/index.php\/2019\/01\/18\/dakar-2019-v-konkurenci-tovarnich-tymu-loprais-uspel\/\" \/>\n<meta property=\"og:locale\" content=\"cs_CZ\" \/>\n<meta property=\"og:type\" content=\"article\" \/>\n<meta property=\"og:title\" content=\"Dakar 2019: V konkurenci tov\u00e1rn\u00edch t\u00fdm\u016f Loprais usp\u011bl - DAKARMANIA.cz\" \/>\n<meta property=\"og:description\" content=\"Tatra Jamal pos\u00e1dky Ale\u0161 Loprais, Ferran Marco Alcayna, Petr Pokora dojela do c\u00edle Rally Dakar 2019 jako p\u00e1t\u00e1 v kategorii kamion\u016f.\" \/>\n<meta property=\"og:url\" content=\"https:\/\/www.dakarmania.cz\/index.php\/2019\/01\/18\/dakar-2019-v-konkurenci-tovarnich-tymu-loprais-uspel\/\" \/>\n<meta property=\"og:site_name\" content=\"DAKARMANIA.cz\" \/>\n<meta property=\"article:publisher\" content=\"https:\/\/www.facebook.com\/dakarmania\/\" \/>\n<meta property=\"article:published_time\" content=\"2019-01-18T07:46:11+00:00\" \/>\n<meta property=\"article:modified_time\" content=\"2021-08-10T20:24:04+00:00\" \/>\n<meta property=\"og:image\" content=\"https:\/\/www.dakarmania.cz\/wp-content\/uploads\/2019\/01\/19-dakar-loprais-21.jpg\" \/>\n\t<meta property=\"og:image:width\" content=\"2048\" \/>\n\t<meta property=\"og:image:height\" content=\"1365\" \/>\n\t<meta property=\"og:image:type\" content=\"image\/jpeg\" \/>\n<meta name=\"author\" content=\"tiskov\u00e1 zpr\u00e1va\" \/>\n<meta name=\"twitter:card\" content=\"summary_large_image\" \/>\n<meta name=\"twitter:label1\" content=\"Napsal(a)\" \/>\n\t<meta name=\"twitter:data1\" content=\"tiskov\u00e1 zpr\u00e1va\" \/>\n\t<meta name=\"twitter:label2\" content=\"Odhadovan\u00e1 doba \u010dten\u00ed\" \/>\n\t<meta name=\"twitter:data2\" content=\"3 minuty\" \/>\n<script type=\"application\/ld+json\" class=\"yoast-schema-graph\">{\"@context\":\"https:\/\/schema.org\",\"@graph\":[{\"@type\":\"Article\",\"@id\":\"https:\/\/www.dakarmania.cz\/index.php\/2019\/01\/18\/dakar-2019-v-konkurenci-tovarnich-tymu-loprais-uspel\/#article\",\"isPartOf\":{\"@id\":\"https:\/\/www.dakarmania.cz\/index.php\/2019\/01\/18\/dakar-2019-v-konkurenci-tovarnich-tymu-loprais-uspel\/\"},\"author\":{\"name\":\"tiskov\u00e1 zpr\u00e1va\",\"@id\":\"https:\/\/www.dakarmania.cz\/#\/schema\/person\/bce8d1fe3633b1178e150fc5e340d5dd\"},\"headline\":\"Dakar 2019: V konkurenci tov\u00e1rn\u00edch t\u00fdm\u016f Loprais usp\u011bl\",\"datePublished\":\"2019-01-18T07:46:11+00:00\",\"dateModified\":\"2021-08-10T20:24:04+00:00\",\"mainEntityOfPage\":{\"@id\":\"https:\/\/www.dakarmania.cz\/index.php\/2019\/01\/18\/dakar-2019-v-konkurenci-tovarnich-tymu-loprais-uspel\/\"},\"wordCount\":544,\"commentCount\":0,\"publisher\":{\"@id\":\"https:\/\/www.dakarmania.cz\/#organization\"},\"image\":{\"@id\":\"https:\/\/www.dakarmania.cz\/index.php\/2019\/01\/18\/dakar-2019-v-konkurenci-tovarnich-tymu-loprais-uspel\/#primaryimage\"},\"thumbnailUrl\":\"https:\/\/www.dakarmania.cz\/wp-content\/uploads\/2019\/01\/19-dakar-loprais-21.jpg\",\"keywords\":[\"Ale\u0161 Loprais\",\"Dakar\",\"Dakar 2019\",\"Ferran Marco Alcayna\",\"Loprais Team\",\"Petr Pokora\",\"Tatra\"],\"articleSection\":[\"Kamiony\",\"Rally Dakar\",\"Tiskov\u00e9 zpr\u00e1vy\"],\"inLanguage\":\"cs\",\"potentialAction\":[{\"@type\":\"CommentAction\",\"name\":\"Comment\",\"target\":[\"https:\/\/www.dakarmania.cz\/index.php\/2019\/01\/18\/dakar-2019-v-konkurenci-tovarnich-tymu-loprais-uspel\/#respond\"]}]},{\"@type\":\"WebPage\",\"@id\":\"https:\/\/www.dakarmania.cz\/index.php\/2019\/01\/18\/dakar-2019-v-konkurenci-tovarnich-tymu-loprais-uspel\/\",\"url\":\"https:\/\/www.dakarmania.cz\/index.php\/2019\/01\/18\/dakar-2019-v-konkurenci-tovarnich-tymu-loprais-uspel\/\",\"name\":\"Dakar 2019: V konkurenci tov\u00e1rn\u00edch t\u00fdm\u016f Loprais usp\u011bl - DAKARMANIA.cz\",\"isPartOf\":{\"@id\":\"https:\/\/www.dakarmania.cz\/#website\"},\"primaryImageOfPage\":{\"@id\":\"https:\/\/www.dakarmania.cz\/index.php\/2019\/01\/18\/dakar-2019-v-konkurenci-tovarnich-tymu-loprais-uspel\/#primaryimage\"},\"image\":{\"@id\":\"https:\/\/www.dakarmania.cz\/index.php\/2019\/01\/18\/dakar-2019-v-konkurenci-tovarnich-tymu-loprais-uspel\/#primaryimage\"},\"thumbnailUrl\":\"https:\/\/www.dakarmania.cz\/wp-content\/uploads\/2019\/01\/19-dakar-loprais-21.jpg\",\"datePublished\":\"2019-01-18T07:46:11+00:00\",\"dateModified\":\"2021-08-10T20:24:04+00:00\",\"description\":\"Tatra Jamal pos\u00e1dky Ale\u0161 Loprais, Ferran Marco Alcayna, Petr Pokora dojela do c\u00edle Rally Dakar 2019 jako p\u00e1t\u00e1 v kategorii kamion\u016f.\",\"breadcrumb\":{\"@id\":\"https:\/\/www.dakarmania.cz\/index.php\/2019\/01\/18\/dakar-2019-v-konkurenci-tovarnich-tymu-loprais-uspel\/#breadcrumb\"},\"inLanguage\":\"cs\",\"potentialAction\":[{\"@type\":\"ReadAction\",\"target\":[\"https:\/\/www.dakarmania.cz\/index.php\/2019\/01\/18\/dakar-2019-v-konkurenci-tovarnich-tymu-loprais-uspel\/\"]}]},{\"@type\":\"ImageObject\",\"inLanguage\":\"cs\",\"@id\":\"https:\/\/www.dakarmania.cz\/index.php\/2019\/01\/18\/dakar-2019-v-konkurenci-tovarnich-tymu-loprais-uspel\/#primaryimage\",\"url\":\"https:\/\/www.dakarmania.cz\/wp-content\/uploads\/2019\/01\/19-dakar-loprais-21.jpg\",\"contentUrl\":\"https:\/\/www.dakarmania.cz\/wp-content\/uploads\/2019\/01\/19-dakar-loprais-21.jpg\",\"width\":2048,\"height\":1365,\"caption\":\"Ale\u0161 Loprais\/Ferran Marco Alcayna\/Petr Pokora, Tatra Jamal Queen 69, Instaforex Loprais Team. Rally Dakar 2019. \u00a9 Loprais Team\"},{\"@type\":\"BreadcrumbList\",\"@id\":\"https:\/\/www.dakarmania.cz\/index.php\/2019\/01\/18\/dakar-2019-v-konkurenci-tovarnich-tymu-loprais-uspel\/#breadcrumb\",\"itemListElement\":[{\"@type\":\"ListItem\",\"position\":1,\"name\":\"Dom\u016f\",\"item\":\"https:\/\/www.dakarmania.cz\/\"},{\"@type\":\"ListItem\",\"position\":2,\"name\":\"Dakar 2019: V konkurenci tov\u00e1rn\u00edch t\u00fdm\u016f Loprais usp\u011bl\"}]},{\"@type\":\"WebSite\",\"@id\":\"https:\/\/www.dakarmania.cz\/#website\",\"url\":\"https:\/\/www.dakarmania.cz\/\",\"name\":\"DAKARMANIA.cz\",\"description\":\"\u017dijeme Dakarem cel\u00fd rok\",\"publisher\":{\"@id\":\"https:\/\/www.dakarmania.cz\/#organization\"},\"potentialAction\":[{\"@type\":\"SearchAction\",\"target\":{\"@type\":\"EntryPoint\",\"urlTemplate\":\"https:\/\/www.dakarmania.cz\/?s={search_term_string}\"},\"query-input\":{\"@type\":\"PropertyValueSpecification\",\"valueRequired\":true,\"valueName\":\"search_term_string\"}}],\"inLanguage\":\"cs\"},{\"@type\":\"Organization\",\"@id\":\"https:\/\/www.dakarmania.cz\/#organization\",\"name\":\"DAKAR MANIA\",\"url\":\"https:\/\/www.dakarmania.cz\/\",\"logo\":{\"@type\":\"ImageObject\",\"inLanguage\":\"cs\",\"@id\":\"https:\/\/www.dakarmania.cz\/#\/schema\/logo\/image\/\",\"url\":\"https:\/\/www.dakarmania.cz\/wp-content\/uploads\/2018\/12\/Dakar-Mania-Logo-Square-Orange.png\",\"contentUrl\":\"https:\/\/www.dakarmania.cz\/wp-content\/uploads\/2018\/12\/Dakar-Mania-Logo-Square-Orange.png\",\"width\":992,\"height\":992,\"caption\":\"DAKAR MANIA\"},\"image\":{\"@id\":\"https:\/\/www.dakarmania.cz\/#\/schema\/logo\/image\/\"},\"sameAs\":[\"https:\/\/www.facebook.com\/dakarmania\/\"]},{\"@type\":\"Person\",\"@id\":\"https:\/\/www.dakarmania.cz\/#\/schema\/person\/bce8d1fe3633b1178e150fc5e340d5dd\",\"name\":\"tiskov\u00e1 zpr\u00e1va\",\"image\":{\"@type\":\"ImageObject\",\"inLanguage\":\"cs\",\"@id\":\"https:\/\/www.dakarmania.cz\/#\/schema\/person\/image\/\",\"url\":\"https:\/\/secure.gravatar.com\/avatar\/19aefcb6c7bfae691fca4d805686c670f59bb4f7414c7b398b88dc9c8f4e96d5?s=96&d=mm&r=g\",\"contentUrl\":\"https:\/\/secure.gravatar.com\/avatar\/19aefcb6c7bfae691fca4d805686c670f59bb4f7414c7b398b88dc9c8f4e96d5?s=96&d=mm&r=g\",\"caption\":\"tiskov\u00e1 zpr\u00e1va\"},\"url\":\"https:\/\/www.dakarmania.cz\/index.php\/author\/tiskovezpravy\/\"}]}<\/script>\n<!-- \/ Yoast SEO plugin. -->","yoast_head_json":{"title":"Dakar 2019: V konkurenci tov\u00e1rn\u00edch t\u00fdm\u016f Loprais usp\u011bl - DAKARMANIA.cz","description":"Tatra Jamal pos\u00e1dky Ale\u0161 Loprais, Ferran Marco Alcayna, Petr Pokora dojela do c\u00edle Rally Dakar 2019 jako p\u00e1t\u00e1 v kategorii kamion\u016f.","robots":{"index":"index","follow":"follow","max-snippet":"max-snippet:-1","max-image-preview":"max-image-preview:large","max-video-preview":"max-video-preview:-1"},"canonical":"https:\/\/www.dakarmania.cz\/index.php\/2019\/01\/18\/dakar-2019-v-konkurenci-tovarnich-tymu-loprais-uspel\/","og_locale":"cs_CZ","og_type":"article","og_title":"Dakar 2019: V konkurenci tov\u00e1rn\u00edch t\u00fdm\u016f Loprais usp\u011bl - DAKARMANIA.cz","og_description":"Tatra Jamal pos\u00e1dky Ale\u0161 Loprais, Ferran Marco Alcayna, Petr Pokora dojela do c\u00edle Rally Dakar 2019 jako p\u00e1t\u00e1 v kategorii kamion\u016f.","og_url":"https:\/\/www.dakarmania.cz\/index.php\/2019\/01\/18\/dakar-2019-v-konkurenci-tovarnich-tymu-loprais-uspel\/","og_site_name":"DAKARMANIA.cz","article_publisher":"https:\/\/www.facebook.com\/dakarmania\/","article_published_time":"2019-01-18T07:46:11+00:00","article_modified_time":"2021-08-10T20:24:04+00:00","og_image":[{"width":2048,"height":1365,"url":"https:\/\/www.dakarmania.cz\/wp-content\/uploads\/2019\/01\/19-dakar-loprais-21.jpg","type":"image\/jpeg"}],"author":"tiskov\u00e1 zpr\u00e1va","twitter_card":"summary_large_image","twitter_misc":{"Napsal(a)":"tiskov\u00e1 zpr\u00e1va","Odhadovan\u00e1 doba \u010dten\u00ed":"3 minuty"},"schema":{"@context":"https:\/\/schema.org","@graph":[{"@type":"Article","@id":"https:\/\/www.dakarmania.cz\/index.php\/2019\/01\/18\/dakar-2019-v-konkurenci-tovarnich-tymu-loprais-uspel\/#article","isPartOf":{"@id":"https:\/\/www.dakarmania.cz\/index.php\/2019\/01\/18\/dakar-2019-v-konkurenci-tovarnich-tymu-loprais-uspel\/"},"author":{"name":"tiskov\u00e1 zpr\u00e1va","@id":"https:\/\/www.dakarmania.cz\/#\/schema\/person\/bce8d1fe3633b1178e150fc5e340d5dd"},"headline":"Dakar 2019: V konkurenci tov\u00e1rn\u00edch t\u00fdm\u016f Loprais usp\u011bl","datePublished":"2019-01-18T07:46:11+00:00","dateModified":"2021-08-10T20:24:04+00:00","mainEntityOfPage":{"@id":"https:\/\/www.dakarmania.cz\/index.php\/2019\/01\/18\/dakar-2019-v-konkurenci-tovarnich-tymu-loprais-uspel\/"},"wordCount":544,"commentCount":0,"publisher":{"@id":"https:\/\/www.dakarmania.cz\/#organization"},"image":{"@id":"https:\/\/www.dakarmania.cz\/index.php\/2019\/01\/18\/dakar-2019-v-konkurenci-tovarnich-tymu-loprais-uspel\/#primaryimage"},"thumbnailUrl":"https:\/\/www.dakarmania.cz\/wp-content\/uploads\/2019\/01\/19-dakar-loprais-21.jpg","keywords":["Ale\u0161 Loprais","Dakar","Dakar 2019","Ferran Marco Alcayna","Loprais Team","Petr Pokora","Tatra"],"articleSection":["Kamiony","Rally Dakar","Tiskov\u00e9 zpr\u00e1vy"],"inLanguage":"cs","potentialAction":[{"@type":"CommentAction","name":"Comment","target":["https:\/\/www.dakarmania.cz\/index.php\/2019\/01\/18\/dakar-2019-v-konkurenci-tovarnich-tymu-loprais-uspel\/#respond"]}]},{"@type":"WebPage","@id":"https:\/\/www.dakarmania.cz\/index.php\/2019\/01\/18\/dakar-2019-v-konkurenci-tovarnich-tymu-loprais-uspel\/","url":"https:\/\/www.dakarmania.cz\/index.php\/2019\/01\/18\/dakar-2019-v-konkurenci-tovarnich-tymu-loprais-uspel\/","name":"Dakar 2019: V konkurenci tov\u00e1rn\u00edch t\u00fdm\u016f Loprais usp\u011bl - DAKARMANIA.cz","isPartOf":{"@id":"https:\/\/www.dakarmania.cz\/#website"},"primaryImageOfPage":{"@id":"https:\/\/www.dakarmania.cz\/index.php\/2019\/01\/18\/dakar-2019-v-konkurenci-tovarnich-tymu-loprais-uspel\/#primaryimage"},"image":{"@id":"https:\/\/www.dakarmania.cz\/index.php\/2019\/01\/18\/dakar-2019-v-konkurenci-tovarnich-tymu-loprais-uspel\/#primaryimage"},"thumbnailUrl":"https:\/\/www.dakarmania.cz\/wp-content\/uploads\/2019\/01\/19-dakar-loprais-21.jpg","datePublished":"2019-01-18T07:46:11+00:00","dateModified":"2021-08-10T20:24:04+00:00","description":"Tatra Jamal pos\u00e1dky Ale\u0161 Loprais, Ferran Marco Alcayna, Petr Pokora dojela do c\u00edle Rally Dakar 2019 jako p\u00e1t\u00e1 v kategorii kamion\u016f.","breadcrumb":{"@id":"https:\/\/www.dakarmania.cz\/index.php\/2019\/01\/18\/dakar-2019-v-konkurenci-tovarnich-tymu-loprais-uspel\/#breadcrumb"},"inLanguage":"cs","potentialAction":[{"@type":"ReadAction","target":["https:\/\/www.dakarmania.cz\/index.php\/2019\/01\/18\/dakar-2019-v-konkurenci-tovarnich-tymu-loprais-uspel\/"]}]},{"@type":"ImageObject","inLanguage":"cs","@id":"https:\/\/www.dakarmania.cz\/index.php\/2019\/01\/18\/dakar-2019-v-konkurenci-tovarnich-tymu-loprais-uspel\/#primaryimage","url":"https:\/\/www.dakarmania.cz\/wp-content\/uploads\/2019\/01\/19-dakar-loprais-21.jpg","contentUrl":"https:\/\/www.dakarmania.cz\/wp-content\/uploads\/2019\/01\/19-dakar-loprais-21.jpg","width":2048,"height":1365,"caption":"Ale\u0161 Loprais\/Ferran Marco Alcayna\/Petr Pokora, Tatra Jamal Queen 69, Instaforex Loprais Team. Rally Dakar 2019. \u00a9 Loprais Team"},{"@type":"BreadcrumbList","@id":"https:\/\/www.dakarmania.cz\/index.php\/2019\/01\/18\/dakar-2019-v-konkurenci-tovarnich-tymu-loprais-uspel\/#breadcrumb","itemListElement":[{"@type":"ListItem","position":1,"name":"Dom\u016f","item":"https:\/\/www.dakarmania.cz\/"},{"@type":"ListItem","position":2,"name":"Dakar 2019: V konkurenci tov\u00e1rn\u00edch t\u00fdm\u016f Loprais usp\u011bl"}]},{"@type":"WebSite","@id":"https:\/\/www.dakarmania.cz\/#website","url":"https:\/\/www.dakarmania.cz\/","name":"DAKARMANIA.cz","description":"\u017dijeme Dakarem cel\u00fd rok","publisher":{"@id":"https:\/\/www.dakarmania.cz\/#organization"},"potentialAction":[{"@type":"SearchAction","target":{"@type":"EntryPoint","urlTemplate":"https:\/\/www.dakarmania.cz\/?s={search_term_string}"},"query-input":{"@type":"PropertyValueSpecification","valueRequired":true,"valueName":"search_term_string"}}],"inLanguage":"cs"},{"@type":"Organization","@id":"https:\/\/www.dakarmania.cz\/#organization","name":"DAKAR MANIA","url":"https:\/\/www.dakarmania.cz\/","logo":{"@type":"ImageObject","inLanguage":"cs","@id":"https:\/\/www.dakarmania.cz\/#\/schema\/logo\/image\/","url":"https:\/\/www.dakarmania.cz\/wp-content\/uploads\/2018\/12\/Dakar-Mania-Logo-Square-Orange.png","contentUrl":"https:\/\/www.dakarmania.cz\/wp-content\/uploads\/2018\/12\/Dakar-Mania-Logo-Square-Orange.png","width":992,"height":992,"caption":"DAKAR MANIA"},"image":{"@id":"https:\/\/www.dakarmania.cz\/#\/schema\/logo\/image\/"},"sameAs":["https:\/\/www.facebook.com\/dakarmania\/"]},{"@type":"Person","@id":"https:\/\/www.dakarmania.cz\/#\/schema\/person\/bce8d1fe3633b1178e150fc5e340d5dd","name":"tiskov\u00e1 zpr\u00e1va","image":{"@type":"ImageObject","inLanguage":"cs","@id":"https:\/\/www.dakarmania.cz\/#\/schema\/person\/image\/","url":"https:\/\/secure.gravatar.com\/avatar\/19aefcb6c7bfae691fca4d805686c670f59bb4f7414c7b398b88dc9c8f4e96d5?s=96&d=mm&r=g","contentUrl":"https:\/\/secure.gravatar.com\/avatar\/19aefcb6c7bfae691fca4d805686c670f59bb4f7414c7b398b88dc9c8f4e96d5?s=96&d=mm&r=g","caption":"tiskov\u00e1 zpr\u00e1va"},"url":"https:\/\/www.dakarmania.cz\/index.php\/author\/tiskovezpravy\/"}]}},"amp_enabled":true,"_links":{"self":[{"href":"https:\/\/www.dakarmania.cz\/index.php\/wp-json\/wp\/v2\/posts\/2415","targetHints":{"allow":["GET"]}}],"collection":[{"href":"https:\/\/www.dakarmania.cz\/index.php\/wp-json\/wp\/v2\/posts"}],"about":[{"href":"https:\/\/www.dakarmania.cz\/index.php\/wp-json\/wp\/v2\/types\/post"}],"author":[{"embeddable":true,"href":"https:\/\/www.dakarmania.cz\/index.php\/wp-json\/wp\/v2\/users\/3"}],"replies":[{"embeddable":true,"href":"https:\/\/www.dakarmania.cz\/index.php\/wp-json\/wp\/v2\/comments?post=2415"}],"version-history":[{"count":4,"href":"https:\/\/www.dakarmania.cz\/index.php\/wp-json\/wp\/v2\/posts\/2415\/revisions"}],"predecessor-version":[{"id":22516,"href":"https:\/\/www.dakarmania.cz\/index.php\/wp-json\/wp\/v2\/posts\/2415\/revisions\/22516"}],"wp:featuredmedia":[{"embeddable":true,"href":"https:\/\/www.dakarmania.cz\/index.php\/wp-json\/wp\/v2\/media\/2414"}],"wp:attachment":[{"href":"https:\/\/www.dakarmania.cz\/index.php\/wp-json\/wp\/v2\/media?parent=2415"}],"wp:term":[{"taxonomy":"category","embeddable":true,"href":"https:\/\/www.dakarmania.cz\/index.php\/wp-json\/wp\/v2\/categories?post=2415"},{"taxonomy":"post_tag","embeddable":true,"href":"https:\/\/www.dakarmania.cz\/index.php\/wp-json\/wp\/v2\/tags?post=2415"}],"curies":[{"name":"wp","href":"https:\/\/api.w.org\/{rel}","templated":true}]}}