{"id":24163,"date":"2023-01-11T23:18:12","date_gmt":"2023-01-11T22:18:12","guid":{"rendered":"https:\/\/www.dakarmania.cz\/?p=24163"},"modified":"2023-01-11T23:18:12","modified_gmt":"2023-01-11T22:18:12","slug":"dakar-2023-jaroslava-valtra-predstihl-mitchel-van-den-brink","status":"publish","type":"post","link":"https:\/\/www.dakarmania.cz\/index.php\/2023\/01\/11\/dakar-2023-jaroslava-valtra-predstihl-mitchel-van-den-brink\/","title":{"rendered":"Dakar 2023: Jaroslava Valtra p\u0159edstihl Mitchel van den Brink"},"content":{"rendered":"<h3>Po odstoupen\u00ed Ale\u0161e Lopraise s Pragou se na \u010dele pr\u016fb\u011b\u017en\u00e9ho po\u0159ad\u00ed se\u0159adily t\u0159i kamiony Iveco. Martin Mac\u00edk je po deseti ze \u010dtrn\u00e1cti etap pr\u016fb\u011b\u017en\u011b t\u0159et\u00ed.<\/h3>\n<figure id=\"attachment_24162\" aria-describedby=\"caption-attachment-24162\" style=\"width: 1024px\" class=\"wp-caption aligncenter\"><img loading=\"lazy\" decoding=\"async\" class=\"wp-image-24162 size-full\" src=\"https:\/\/www.dakarmania.cz\/wp-content\/uploads\/2023\/01\/23-dkr-van-den-brink-mitchel-01.jpg\" alt=\"Mitchel van den Brink, Dakar 2023\" width=\"1024\" height=\"683\" srcset=\"https:\/\/www.dakarmania.cz\/wp-content\/uploads\/2023\/01\/23-dkr-van-den-brink-mitchel-01.jpg 1024w, https:\/\/www.dakarmania.cz\/wp-content\/uploads\/2023\/01\/23-dkr-van-den-brink-mitchel-01-300x200.jpg 300w, https:\/\/www.dakarmania.cz\/wp-content\/uploads\/2023\/01\/23-dkr-van-den-brink-mitchel-01-768x512.jpg 768w, https:\/\/www.dakarmania.cz\/wp-content\/uploads\/2023\/01\/23-dkr-van-den-brink-mitchel-01-825x550.jpg 825w, https:\/\/www.dakarmania.cz\/wp-content\/uploads\/2023\/01\/23-dkr-van-den-brink-mitchel-01-447x298.jpg 447w, https:\/\/www.dakarmania.cz\/wp-content\/uploads\/2023\/01\/23-dkr-van-den-brink-mitchel-01-600x400.jpg 600w\" sizes=\"auto, (max-width: 1024px) 100vw, 1024px\" \/><figcaption id=\"caption-attachment-24162\" class=\"wp-caption-text\">Mitchel van den Brink \/ Moi Torrallardona \/ Jarno van de Pol, Iveco Powerstar, Eurol Team de Rooy. Dakar 2023. \u00a9 ASO<\/figcaption><\/figure>\n<p>Des\u00e1t\u00e1 etapa zavedla sout\u011b\u017e\u00edc\u00ed z Harazu do Sabh\u00e1 a jej\u00ed kr\u00e1tk\u00e1, ale n\u00e1ro\u010dn\u00e1 rychlostn\u00ed zkou\u0161ka (114 km) v dun\u00e1ch na okraji Pust\u00e9 kon\u010diny byla ochutn\u00e1vkou toho, co z\u00e1vodn\u00edky \u010dek\u00e1 v je\u0161t\u011b v\u011bt\u0161\u00ed m\u00ed\u0159e v n\u00e1sleduj\u00edc\u00edch dnech.<\/p>\n<p>Jistou satisfakc\u00ed pro Riwald Dakar Team a spole\u010dnost MKR Technology, kter\u00e1 pro Nizozemce v severn\u00edch \u010cech\u00e1ch z\u00e1vodn\u00ed kamiony stav\u00ed a servisuje, byl v\u00fdkon Pascala de Baara, jen\u017e byl s Renaultem tentokr\u00e1t nejrychlej\u0161\u00ed. De Baar v\u0161ak po p\u0159edchoz\u00edch probl\u00e9mech a nedokon\u010den\u00e9 etap\u011b pokra\u010duje pouze v r\u00e1mci Dakar Experience a tud\u00ed\u017e bez nad\u011bje na dobr\u00fd celkov\u00fd v\u00fdsledek. O medailov\u00e9 pozice soupe\u0159\u00ed jin\u00ed.<\/p>\n<p>Veden\u00ed v kategorii kamion\u016f spadlo <a href=\"https:\/\/www.dakarmania.cz\/index.php\/2023\/01\/11\/dakar-2023-loprais-skoncil\/\">po odstoupen\u00ed Ale\u0161e Lopraise<\/a> do kl\u00edna Janusi van Kasterenovi s Ivecem, kter\u00e9 pro n\u011bj p\u0159ipravil Team de Rooy. Nizozemec byl ve st\u0159edu t\u0159et\u00ed nejrychlej\u0161\u00ed a p\u0159ed n\u00e1sleduj\u00edc\u00ed maratonskou etapou zv\u00fd\u0161il sv\u016fj n\u00e1skok p\u0159ed nyn\u00ed druh\u00fdm t\u00fdmov\u00fdm kolegou Martinem van den Brinkem t\u00e9m\u011b\u0159 na 23 minut. Martin Mac\u00edk je po bezprobl\u00e9mov\u00e9 etap\u011b t\u0159et\u00ed, ov\u0161em jeho odstup od van Kasterena narostl \u010dty\u0159i etapy p\u0159ed koncem u\u017e na 51 minut.<\/p>\n<p>Na \u00fakor Jaroslava Valtra si v des\u00e1t\u00e9 etap\u011b polep\u0161il Mitchel van den Brink. Dvacetilet\u00fd Nizozemec byl se t\u0159et\u00edm Powerstarem z d\u00edlen Teamu De Rooy jen o 22 sekund pomalej\u0161\u00ed ne\u017e v\u00edt\u011bz etapy de Baar, na \u010desk\u00e9ho pilota Tatry najel p\u0159es sedmn\u00e1ct minut a v pr\u016fb\u011b\u017en\u00e9 klasifikaci posko\u010dil na \u010dtvrtou p\u0159\u00ed\u010dku (+ 2:08:06 hod), zat\u00edmco Valtr z\u016fst\u00e1v\u00e1 p\u00e1t\u00fd (+ 2:22:47). Na \u0161est\u00e9 m\u00edsto postoupil Valtr\u016fv t\u00fdmov\u00fd kolega Martin \u0160oltys (+ 5:00:45), kter\u00fd dnes ztratil p\u0159ibli\u017en\u011b \u010dtvrt hodiny zapadnut\u00edm na dun\u011b. Osm\u00fd je Tom\u00e1\u0161 Vr\u00e1tn\u00fd (10:01:13) s Tatrou v barv\u00e1ch sv\u00e9ho Fesh Fesh Teamu.<\/p>\n<figure id=\"attachment_23955\" aria-describedby=\"caption-attachment-23955\" style=\"width: 1010px\" class=\"wp-caption aligncenter\"><a href=\"https:\/\/eshop.dakarmania.cz\/casopis\/\"><img loading=\"lazy\" decoding=\"async\" class=\"wp-image-23955 size-large\" src=\"https:\/\/www.dakarmania.cz\/wp-content\/uploads\/2022\/11\/vyprodej-dkrm-01-04-1024x683.jpg\" alt=\"Kliknut\u00edm na obr\u00e1zek p\u0159ejdete do na\u0161eho e-shopu.\" width=\"1010\" height=\"674\" srcset=\"https:\/\/www.dakarmania.cz\/wp-content\/uploads\/2022\/11\/vyprodej-dkrm-01-04-1024x683.jpg 1024w, https:\/\/www.dakarmania.cz\/wp-content\/uploads\/2022\/11\/vyprodej-dkrm-01-04-300x200.jpg 300w, https:\/\/www.dakarmania.cz\/wp-content\/uploads\/2022\/11\/vyprodej-dkrm-01-04-768x512.jpg 768w, https:\/\/www.dakarmania.cz\/wp-content\/uploads\/2022\/11\/vyprodej-dkrm-01-04-1536x1024.jpg 1536w, https:\/\/www.dakarmania.cz\/wp-content\/uploads\/2022\/11\/vyprodej-dkrm-01-04-2048x1365.jpg 2048w, https:\/\/www.dakarmania.cz\/wp-content\/uploads\/2022\/11\/vyprodej-dkrm-01-04-825x550.jpg 825w, https:\/\/www.dakarmania.cz\/wp-content\/uploads\/2022\/11\/vyprodej-dkrm-01-04-447x298.jpg 447w, https:\/\/www.dakarmania.cz\/wp-content\/uploads\/2022\/11\/vyprodej-dkrm-01-04-600x400.jpg 600w\" sizes=\"auto, (max-width: 1010px) 100vw, 1010px\" \/><\/a><figcaption id=\"caption-attachment-23955\" class=\"wp-caption-text\">Kliknut\u00edm na obr\u00e1zek p\u0159ejdete do na\u0161eho e-shopu.<\/figcaption><\/figure>\n","protected":false},"excerpt":{"rendered":"<p>Po odstoupen\u00ed Ale\u0161e Lopraise s Pragou se na \u010dele pr\u016fb\u011b\u017en\u00e9ho po\u0159ad\u00ed se\u0159adily t\u0159i kamiony Iveco. Martin Mac\u00edk je po deseti ze \u010dtrn\u00e1cti etap pr\u016fb\u011b\u017en\u011b t\u0159et\u00ed.<\/p>\n","protected":false},"author":1,"featured_media":24162,"comment_status":"closed","ping_status":"closed","sticky":false,"template":"","format":"standard","meta":{"footnotes":""},"categories":[1923,16],"tags":[1705,8,1797,164,80,114,78,88,76,1908,1537,77,87,68,224],"class_list":["post-24163","post","type-post","status-publish","format-standard","has-post-thumbnail","hentry","category-dakar-2023","category-kamion","tag-1705","tag-dakar","tag-dakar-2023","tag-iveco","tag-janus-van-kasteren","tag-martin-macik-ml","tag-martin-van-den-brink","tag-mitchel-van-den-brink","tag-mkr-technology","tag-mm-technology","tag-pascal-de-baar","tag-renault","tag-riwald-dakar-team","tag-tatra","tag-team-de-rooy"],"yoast_head":"<!-- This site is optimized with the Yoast SEO plugin v24.9 - https:\/\/yoast.com\/wordpress\/plugins\/seo\/ -->\n<title>Dakar 2023: Jaroslava Valtra p\u0159edstihl Mitchel van den Brink - DAKARMANIA.cz<\/title>\n<meta name=\"description\" content=\"Po odstoupen\u00ed Ale\u0161e Lopraise s Pragou se na \u010dele pr\u016fb\u011b\u017en\u00e9ho po\u0159ad\u00ed se\u0159adily t\u0159i kamiony Iveco. Martin Mac\u00edk je po deseti ze \u010dtrn\u00e1cti etap pr\u016fb\u011b\u017en\u011b t\u0159et\u00ed.\" \/>\n<meta name=\"robots\" content=\"index, follow, max-snippet:-1, max-image-preview:large, max-video-preview:-1\" \/>\n<link rel=\"canonical\" href=\"https:\/\/www.dakarmania.cz\/index.php\/2023\/01\/11\/dakar-2023-jaroslava-valtra-predstihl-mitchel-van-den-brink\/\" \/>\n<meta property=\"og:locale\" content=\"cs_CZ\" \/>\n<meta property=\"og:type\" content=\"article\" \/>\n<meta property=\"og:title\" content=\"Dakar 2023: Jaroslava Valtra p\u0159edstihl Mitchel van den Brink - DAKARMANIA.cz\" \/>\n<meta property=\"og:description\" content=\"Po odstoupen\u00ed Ale\u0161e Lopraise s Pragou se na \u010dele pr\u016fb\u011b\u017en\u00e9ho po\u0159ad\u00ed se\u0159adily t\u0159i kamiony Iveco. Martin Mac\u00edk je po deseti ze \u010dtrn\u00e1cti etap pr\u016fb\u011b\u017en\u011b t\u0159et\u00ed.\" \/>\n<meta property=\"og:url\" content=\"https:\/\/www.dakarmania.cz\/index.php\/2023\/01\/11\/dakar-2023-jaroslava-valtra-predstihl-mitchel-van-den-brink\/\" \/>\n<meta property=\"og:site_name\" content=\"DAKARMANIA.cz\" \/>\n<meta property=\"article:publisher\" content=\"https:\/\/www.facebook.com\/dakarmania\/\" \/>\n<meta property=\"article:published_time\" content=\"2023-01-11T22:18:12+00:00\" \/>\n<meta property=\"og:image\" content=\"https:\/\/www.dakarmania.cz\/wp-content\/uploads\/2023\/01\/23-dkr-van-den-brink-mitchel-01.jpg\" \/>\n\t<meta property=\"og:image:width\" content=\"1024\" \/>\n\t<meta property=\"og:image:height\" content=\"683\" \/>\n\t<meta property=\"og:image:type\" content=\"image\/jpeg\" \/>\n<meta name=\"author\" content=\"Zden\u011bk Zelenka\" \/>\n<meta name=\"twitter:card\" content=\"summary_large_image\" \/>\n<meta name=\"twitter:label1\" content=\"Napsal(a)\" \/>\n\t<meta name=\"twitter:data1\" content=\"Zden\u011bk Zelenka\" \/>\n\t<meta name=\"twitter:label2\" content=\"Odhadovan\u00e1 doba \u010dten\u00ed\" \/>\n\t<meta name=\"twitter:data2\" content=\"3 minuty\" \/>\n<script type=\"application\/ld+json\" class=\"yoast-schema-graph\">{\"@context\":\"https:\/\/schema.org\",\"@graph\":[{\"@type\":\"Article\",\"@id\":\"https:\/\/www.dakarmania.cz\/index.php\/2023\/01\/11\/dakar-2023-jaroslava-valtra-predstihl-mitchel-van-den-brink\/#article\",\"isPartOf\":{\"@id\":\"https:\/\/www.dakarmania.cz\/index.php\/2023\/01\/11\/dakar-2023-jaroslava-valtra-predstihl-mitchel-van-den-brink\/\"},\"author\":{\"name\":\"Zden\u011bk Zelenka\",\"@id\":\"https:\/\/www.dakarmania.cz\/#\/schema\/person\/04eb0e87a389631c2169c0dddae7ff1e\"},\"headline\":\"Dakar 2023: Jaroslava Valtra p\u0159edstihl Mitchel van den Brink\",\"datePublished\":\"2023-01-11T22:18:12+00:00\",\"mainEntityOfPage\":{\"@id\":\"https:\/\/www.dakarmania.cz\/index.php\/2023\/01\/11\/dakar-2023-jaroslava-valtra-predstihl-mitchel-van-den-brink\/\"},\"wordCount\":420,\"publisher\":{\"@id\":\"https:\/\/www.dakarmania.cz\/#organization\"},\"image\":{\"@id\":\"https:\/\/www.dakarmania.cz\/index.php\/2023\/01\/11\/dakar-2023-jaroslava-valtra-predstihl-mitchel-van-den-brink\/#primaryimage\"},\"thumbnailUrl\":\"https:\/\/www.dakarmania.cz\/wp-content\/uploads\/2023\/01\/23-dkr-van-den-brink-mitchel-01.jpg\",\"keywords\":[\"2023\",\"Dakar\",\"Dakar 2023\",\"Iveco\",\"Janus van Kasteren\",\"Martin Mac\u00edk ml.\",\"Martin van den Brink\",\"Mitchel van den Brink\",\"MKR Technology\",\"MM Technology\",\"Pascal de Baar\",\"Renault\",\"Riwald Dakar Team\",\"Tatra\",\"Team De Rooy\"],\"articleSection\":[\"Dakar 2023\",\"Kamiony\"],\"inLanguage\":\"cs\"},{\"@type\":\"WebPage\",\"@id\":\"https:\/\/www.dakarmania.cz\/index.php\/2023\/01\/11\/dakar-2023-jaroslava-valtra-predstihl-mitchel-van-den-brink\/\",\"url\":\"https:\/\/www.dakarmania.cz\/index.php\/2023\/01\/11\/dakar-2023-jaroslava-valtra-predstihl-mitchel-van-den-brink\/\",\"name\":\"Dakar 2023: Jaroslava Valtra p\u0159edstihl Mitchel van den Brink - DAKARMANIA.cz\",\"isPartOf\":{\"@id\":\"https:\/\/www.dakarmania.cz\/#website\"},\"primaryImageOfPage\":{\"@id\":\"https:\/\/www.dakarmania.cz\/index.php\/2023\/01\/11\/dakar-2023-jaroslava-valtra-predstihl-mitchel-van-den-brink\/#primaryimage\"},\"image\":{\"@id\":\"https:\/\/www.dakarmania.cz\/index.php\/2023\/01\/11\/dakar-2023-jaroslava-valtra-predstihl-mitchel-van-den-brink\/#primaryimage\"},\"thumbnailUrl\":\"https:\/\/www.dakarmania.cz\/wp-content\/uploads\/2023\/01\/23-dkr-van-den-brink-mitchel-01.jpg\",\"datePublished\":\"2023-01-11T22:18:12+00:00\",\"description\":\"Po odstoupen\u00ed Ale\u0161e Lopraise s Pragou se na \u010dele pr\u016fb\u011b\u017en\u00e9ho po\u0159ad\u00ed se\u0159adily t\u0159i kamiony Iveco. Martin Mac\u00edk je po deseti ze \u010dtrn\u00e1cti etap pr\u016fb\u011b\u017en\u011b t\u0159et\u00ed.\",\"breadcrumb\":{\"@id\":\"https:\/\/www.dakarmania.cz\/index.php\/2023\/01\/11\/dakar-2023-jaroslava-valtra-predstihl-mitchel-van-den-brink\/#breadcrumb\"},\"inLanguage\":\"cs\",\"potentialAction\":[{\"@type\":\"ReadAction\",\"target\":[\"https:\/\/www.dakarmania.cz\/index.php\/2023\/01\/11\/dakar-2023-jaroslava-valtra-predstihl-mitchel-van-den-brink\/\"]}]},{\"@type\":\"ImageObject\",\"inLanguage\":\"cs\",\"@id\":\"https:\/\/www.dakarmania.cz\/index.php\/2023\/01\/11\/dakar-2023-jaroslava-valtra-predstihl-mitchel-van-den-brink\/#primaryimage\",\"url\":\"https:\/\/www.dakarmania.cz\/wp-content\/uploads\/2023\/01\/23-dkr-van-den-brink-mitchel-01.jpg\",\"contentUrl\":\"https:\/\/www.dakarmania.cz\/wp-content\/uploads\/2023\/01\/23-dkr-van-den-brink-mitchel-01.jpg\",\"width\":1024,\"height\":683,\"caption\":\"Mitchel van den Brink \/ Moi Torrallardona \/ Jarno van de Pol, Iveco Powerstar, Eurol Team de Rooy. Dakar 2023. \u00a9 ASO\"},{\"@type\":\"BreadcrumbList\",\"@id\":\"https:\/\/www.dakarmania.cz\/index.php\/2023\/01\/11\/dakar-2023-jaroslava-valtra-predstihl-mitchel-van-den-brink\/#breadcrumb\",\"itemListElement\":[{\"@type\":\"ListItem\",\"position\":1,\"name\":\"Dom\u016f\",\"item\":\"https:\/\/www.dakarmania.cz\/\"},{\"@type\":\"ListItem\",\"position\":2,\"name\":\"Dakar 2023: Jaroslava Valtra p\u0159edstihl Mitchel van den Brink\"}]},{\"@type\":\"WebSite\",\"@id\":\"https:\/\/www.dakarmania.cz\/#website\",\"url\":\"https:\/\/www.dakarmania.cz\/\",\"name\":\"DAKARMANIA.cz\",\"description\":\"\u017dijeme Dakarem cel\u00fd rok\",\"publisher\":{\"@id\":\"https:\/\/www.dakarmania.cz\/#organization\"},\"potentialAction\":[{\"@type\":\"SearchAction\",\"target\":{\"@type\":\"EntryPoint\",\"urlTemplate\":\"https:\/\/www.dakarmania.cz\/?s={search_term_string}\"},\"query-input\":{\"@type\":\"PropertyValueSpecification\",\"valueRequired\":true,\"valueName\":\"search_term_string\"}}],\"inLanguage\":\"cs\"},{\"@type\":\"Organization\",\"@id\":\"https:\/\/www.dakarmania.cz\/#organization\",\"name\":\"DAKAR MANIA\",\"url\":\"https:\/\/www.dakarmania.cz\/\",\"logo\":{\"@type\":\"ImageObject\",\"inLanguage\":\"cs\",\"@id\":\"https:\/\/www.dakarmania.cz\/#\/schema\/logo\/image\/\",\"url\":\"https:\/\/www.dakarmania.cz\/wp-content\/uploads\/2018\/12\/Dakar-Mania-Logo-Square-Orange.png\",\"contentUrl\":\"https:\/\/www.dakarmania.cz\/wp-content\/uploads\/2018\/12\/Dakar-Mania-Logo-Square-Orange.png\",\"width\":992,\"height\":992,\"caption\":\"DAKAR MANIA\"},\"image\":{\"@id\":\"https:\/\/www.dakarmania.cz\/#\/schema\/logo\/image\/\"},\"sameAs\":[\"https:\/\/www.facebook.com\/dakarmania\/\"]},{\"@type\":\"Person\",\"@id\":\"https:\/\/www.dakarmania.cz\/#\/schema\/person\/04eb0e87a389631c2169c0dddae7ff1e\",\"name\":\"Zden\u011bk Zelenka\",\"image\":{\"@type\":\"ImageObject\",\"inLanguage\":\"cs\",\"@id\":\"https:\/\/www.dakarmania.cz\/#\/schema\/person\/image\/\",\"url\":\"https:\/\/secure.gravatar.com\/avatar\/2c80d5a4942fe0900b73cc7d3837a509d6ee0a276a2b76dac95c92bd0763a89b?s=96&d=mm&r=g\",\"contentUrl\":\"https:\/\/secure.gravatar.com\/avatar\/2c80d5a4942fe0900b73cc7d3837a509d6ee0a276a2b76dac95c92bd0763a89b?s=96&d=mm&r=g\",\"caption\":\"Zden\u011bk Zelenka\"},\"description\":\"Moji d\u011bt\u0161t\u00ed hrdinov\u00e9 se jmenovali Loprais, Moskal, Neveu, Vatanen, Rahier... A tihle borci, jejich n\u00e1sledovn\u00edci a jejich p\u0159\u00edb\u011bhy m\u011b nep\u0159estali fascinovat ani po letech, kdy jsem vyrostl a zam\u011bstn\u00e1valy m\u011b jin\u00e9 discipl\u00edny motorsportu. Proto se zrodila DAKARMANIA.\",\"url\":\"https:\/\/www.dakarmania.cz\/index.php\/author\/dakarmania\/\"}]}<\/script>\n<!-- \/ Yoast SEO plugin. -->","yoast_head_json":{"title":"Dakar 2023: Jaroslava Valtra p\u0159edstihl Mitchel van den Brink - DAKARMANIA.cz","description":"Po odstoupen\u00ed Ale\u0161e Lopraise s Pragou se na \u010dele pr\u016fb\u011b\u017en\u00e9ho po\u0159ad\u00ed se\u0159adily t\u0159i kamiony Iveco. Martin Mac\u00edk je po deseti ze \u010dtrn\u00e1cti etap pr\u016fb\u011b\u017en\u011b t\u0159et\u00ed.","robots":{"index":"index","follow":"follow","max-snippet":"max-snippet:-1","max-image-preview":"max-image-preview:large","max-video-preview":"max-video-preview:-1"},"canonical":"https:\/\/www.dakarmania.cz\/index.php\/2023\/01\/11\/dakar-2023-jaroslava-valtra-predstihl-mitchel-van-den-brink\/","og_locale":"cs_CZ","og_type":"article","og_title":"Dakar 2023: Jaroslava Valtra p\u0159edstihl Mitchel van den Brink - DAKARMANIA.cz","og_description":"Po odstoupen\u00ed Ale\u0161e Lopraise s Pragou se na \u010dele pr\u016fb\u011b\u017en\u00e9ho po\u0159ad\u00ed se\u0159adily t\u0159i kamiony Iveco. Martin Mac\u00edk je po deseti ze \u010dtrn\u00e1cti etap pr\u016fb\u011b\u017en\u011b t\u0159et\u00ed.","og_url":"https:\/\/www.dakarmania.cz\/index.php\/2023\/01\/11\/dakar-2023-jaroslava-valtra-predstihl-mitchel-van-den-brink\/","og_site_name":"DAKARMANIA.cz","article_publisher":"https:\/\/www.facebook.com\/dakarmania\/","article_published_time":"2023-01-11T22:18:12+00:00","og_image":[{"width":1024,"height":683,"url":"https:\/\/www.dakarmania.cz\/wp-content\/uploads\/2023\/01\/23-dkr-van-den-brink-mitchel-01.jpg","type":"image\/jpeg"}],"author":"Zden\u011bk Zelenka","twitter_card":"summary_large_image","twitter_misc":{"Napsal(a)":"Zden\u011bk Zelenka","Odhadovan\u00e1 doba \u010dten\u00ed":"3 minuty"},"schema":{"@context":"https:\/\/schema.org","@graph":[{"@type":"Article","@id":"https:\/\/www.dakarmania.cz\/index.php\/2023\/01\/11\/dakar-2023-jaroslava-valtra-predstihl-mitchel-van-den-brink\/#article","isPartOf":{"@id":"https:\/\/www.dakarmania.cz\/index.php\/2023\/01\/11\/dakar-2023-jaroslava-valtra-predstihl-mitchel-van-den-brink\/"},"author":{"name":"Zden\u011bk Zelenka","@id":"https:\/\/www.dakarmania.cz\/#\/schema\/person\/04eb0e87a389631c2169c0dddae7ff1e"},"headline":"Dakar 2023: Jaroslava Valtra p\u0159edstihl Mitchel van den Brink","datePublished":"2023-01-11T22:18:12+00:00","mainEntityOfPage":{"@id":"https:\/\/www.dakarmania.cz\/index.php\/2023\/01\/11\/dakar-2023-jaroslava-valtra-predstihl-mitchel-van-den-brink\/"},"wordCount":420,"publisher":{"@id":"https:\/\/www.dakarmania.cz\/#organization"},"image":{"@id":"https:\/\/www.dakarmania.cz\/index.php\/2023\/01\/11\/dakar-2023-jaroslava-valtra-predstihl-mitchel-van-den-brink\/#primaryimage"},"thumbnailUrl":"https:\/\/www.dakarmania.cz\/wp-content\/uploads\/2023\/01\/23-dkr-van-den-brink-mitchel-01.jpg","keywords":["2023","Dakar","Dakar 2023","Iveco","Janus van Kasteren","Martin Mac\u00edk ml.","Martin van den Brink","Mitchel van den Brink","MKR Technology","MM Technology","Pascal de Baar","Renault","Riwald Dakar Team","Tatra","Team De Rooy"],"articleSection":["Dakar 2023","Kamiony"],"inLanguage":"cs"},{"@type":"WebPage","@id":"https:\/\/www.dakarmania.cz\/index.php\/2023\/01\/11\/dakar-2023-jaroslava-valtra-predstihl-mitchel-van-den-brink\/","url":"https:\/\/www.dakarmania.cz\/index.php\/2023\/01\/11\/dakar-2023-jaroslava-valtra-predstihl-mitchel-van-den-brink\/","name":"Dakar 2023: Jaroslava Valtra p\u0159edstihl Mitchel van den Brink - DAKARMANIA.cz","isPartOf":{"@id":"https:\/\/www.dakarmania.cz\/#website"},"primaryImageOfPage":{"@id":"https:\/\/www.dakarmania.cz\/index.php\/2023\/01\/11\/dakar-2023-jaroslava-valtra-predstihl-mitchel-van-den-brink\/#primaryimage"},"image":{"@id":"https:\/\/www.dakarmania.cz\/index.php\/2023\/01\/11\/dakar-2023-jaroslava-valtra-predstihl-mitchel-van-den-brink\/#primaryimage"},"thumbnailUrl":"https:\/\/www.dakarmania.cz\/wp-content\/uploads\/2023\/01\/23-dkr-van-den-brink-mitchel-01.jpg","datePublished":"2023-01-11T22:18:12+00:00","description":"Po odstoupen\u00ed Ale\u0161e Lopraise s Pragou se na \u010dele pr\u016fb\u011b\u017en\u00e9ho po\u0159ad\u00ed se\u0159adily t\u0159i kamiony Iveco. Martin Mac\u00edk je po deseti ze \u010dtrn\u00e1cti etap pr\u016fb\u011b\u017en\u011b t\u0159et\u00ed.","breadcrumb":{"@id":"https:\/\/www.dakarmania.cz\/index.php\/2023\/01\/11\/dakar-2023-jaroslava-valtra-predstihl-mitchel-van-den-brink\/#breadcrumb"},"inLanguage":"cs","potentialAction":[{"@type":"ReadAction","target":["https:\/\/www.dakarmania.cz\/index.php\/2023\/01\/11\/dakar-2023-jaroslava-valtra-predstihl-mitchel-van-den-brink\/"]}]},{"@type":"ImageObject","inLanguage":"cs","@id":"https:\/\/www.dakarmania.cz\/index.php\/2023\/01\/11\/dakar-2023-jaroslava-valtra-predstihl-mitchel-van-den-brink\/#primaryimage","url":"https:\/\/www.dakarmania.cz\/wp-content\/uploads\/2023\/01\/23-dkr-van-den-brink-mitchel-01.jpg","contentUrl":"https:\/\/www.dakarmania.cz\/wp-content\/uploads\/2023\/01\/23-dkr-van-den-brink-mitchel-01.jpg","width":1024,"height":683,"caption":"Mitchel van den Brink \/ Moi Torrallardona \/ Jarno van de Pol, Iveco Powerstar, Eurol Team de Rooy. Dakar 2023. \u00a9 ASO"},{"@type":"BreadcrumbList","@id":"https:\/\/www.dakarmania.cz\/index.php\/2023\/01\/11\/dakar-2023-jaroslava-valtra-predstihl-mitchel-van-den-brink\/#breadcrumb","itemListElement":[{"@type":"ListItem","position":1,"name":"Dom\u016f","item":"https:\/\/www.dakarmania.cz\/"},{"@type":"ListItem","position":2,"name":"Dakar 2023: Jaroslava Valtra p\u0159edstihl Mitchel van den Brink"}]},{"@type":"WebSite","@id":"https:\/\/www.dakarmania.cz\/#website","url":"https:\/\/www.dakarmania.cz\/","name":"DAKARMANIA.cz","description":"\u017dijeme Dakarem cel\u00fd rok","publisher":{"@id":"https:\/\/www.dakarmania.cz\/#organization"},"potentialAction":[{"@type":"SearchAction","target":{"@type":"EntryPoint","urlTemplate":"https:\/\/www.dakarmania.cz\/?s={search_term_string}"},"query-input":{"@type":"PropertyValueSpecification","valueRequired":true,"valueName":"search_term_string"}}],"inLanguage":"cs"},{"@type":"Organization","@id":"https:\/\/www.dakarmania.cz\/#organization","name":"DAKAR MANIA","url":"https:\/\/www.dakarmania.cz\/","logo":{"@type":"ImageObject","inLanguage":"cs","@id":"https:\/\/www.dakarmania.cz\/#\/schema\/logo\/image\/","url":"https:\/\/www.dakarmania.cz\/wp-content\/uploads\/2018\/12\/Dakar-Mania-Logo-Square-Orange.png","contentUrl":"https:\/\/www.dakarmania.cz\/wp-content\/uploads\/2018\/12\/Dakar-Mania-Logo-Square-Orange.png","width":992,"height":992,"caption":"DAKAR MANIA"},"image":{"@id":"https:\/\/www.dakarmania.cz\/#\/schema\/logo\/image\/"},"sameAs":["https:\/\/www.facebook.com\/dakarmania\/"]},{"@type":"Person","@id":"https:\/\/www.dakarmania.cz\/#\/schema\/person\/04eb0e87a389631c2169c0dddae7ff1e","name":"Zden\u011bk Zelenka","image":{"@type":"ImageObject","inLanguage":"cs","@id":"https:\/\/www.dakarmania.cz\/#\/schema\/person\/image\/","url":"https:\/\/secure.gravatar.com\/avatar\/2c80d5a4942fe0900b73cc7d3837a509d6ee0a276a2b76dac95c92bd0763a89b?s=96&d=mm&r=g","contentUrl":"https:\/\/secure.gravatar.com\/avatar\/2c80d5a4942fe0900b73cc7d3837a509d6ee0a276a2b76dac95c92bd0763a89b?s=96&d=mm&r=g","caption":"Zden\u011bk Zelenka"},"description":"Moji d\u011bt\u0161t\u00ed hrdinov\u00e9 se jmenovali Loprais, Moskal, Neveu, Vatanen, Rahier... A tihle borci, jejich n\u00e1sledovn\u00edci a jejich p\u0159\u00edb\u011bhy m\u011b nep\u0159estali fascinovat ani po letech, kdy jsem vyrostl a zam\u011bstn\u00e1valy m\u011b jin\u00e9 discipl\u00edny motorsportu. Proto se zrodila DAKARMANIA.","url":"https:\/\/www.dakarmania.cz\/index.php\/author\/dakarmania\/"}]}},"amp_enabled":true,"_links":{"self":[{"href":"https:\/\/www.dakarmania.cz\/index.php\/wp-json\/wp\/v2\/posts\/24163","targetHints":{"allow":["GET"]}}],"collection":[{"href":"https:\/\/www.dakarmania.cz\/index.php\/wp-json\/wp\/v2\/posts"}],"about":[{"href":"https:\/\/www.dakarmania.cz\/index.php\/wp-json\/wp\/v2\/types\/post"}],"author":[{"embeddable":true,"href":"https:\/\/www.dakarmania.cz\/index.php\/wp-json\/wp\/v2\/users\/1"}],"replies":[{"embeddable":true,"href":"https:\/\/www.dakarmania.cz\/index.php\/wp-json\/wp\/v2\/comments?post=24163"}],"version-history":[{"count":1,"href":"https:\/\/www.dakarmania.cz\/index.php\/wp-json\/wp\/v2\/posts\/24163\/revisions"}],"predecessor-version":[{"id":24164,"href":"https:\/\/www.dakarmania.cz\/index.php\/wp-json\/wp\/v2\/posts\/24163\/revisions\/24164"}],"wp:featuredmedia":[{"embeddable":true,"href":"https:\/\/www.dakarmania.cz\/index.php\/wp-json\/wp\/v2\/media\/24162"}],"wp:attachment":[{"href":"https:\/\/www.dakarmania.cz\/index.php\/wp-json\/wp\/v2\/media?parent=24163"}],"wp:term":[{"taxonomy":"category","embeddable":true,"href":"https:\/\/www.dakarmania.cz\/index.php\/wp-json\/wp\/v2\/categories?post=24163"},{"taxonomy":"post_tag","embeddable":true,"href":"https:\/\/www.dakarmania.cz\/index.php\/wp-json\/wp\/v2\/tags?post=24163"}],"curies":[{"name":"wp","href":"https:\/\/api.w.org\/{rel}","templated":true}]}}