{"id":24197,"date":"2023-01-13T17:50:28","date_gmt":"2023-01-13T16:50:28","guid":{"rendered":"https:\/\/www.dakarmania.cz\/?p=24197"},"modified":"2023-01-14T09:51:15","modified_gmt":"2023-01-14T08:51:15","slug":"dakar-2023-patek-trinacteho","status":"publish","type":"post","link":"https:\/\/www.dakarmania.cz\/index.php\/2023\/01\/13\/dakar-2023-patek-trinacteho\/","title":{"rendered":"Dakar 2023: Pro Valtra, \u0160oltyse a van den Brinka byl p\u00e1tek t\u0159in\u00e1ct\u00e9ho smoln\u00fd"},"content":{"rendered":"<h3><span style=\"color: #ff6600;\">AKTUALIZOV\u00c1NO |<\/span> Do souboje jezdc\u016f Teamu De Rooy o v\u00edt\u011bzstv\u00ed v kategorii kamion\u016f promluvily technick\u00e9 probl\u00e9my, kter\u00e9 ve druh\u00e9 \u010d\u00e1sti maratonsk\u00e9 dvojetapy postihly Martina van den Brinka.<\/h3>\n<figure id=\"attachment_24196\" aria-describedby=\"caption-attachment-24196\" style=\"width: 1024px\" class=\"wp-caption aligncenter\"><img loading=\"lazy\" decoding=\"async\" class=\"wp-image-24196 size-full\" src=\"https:\/\/www.dakarmania.cz\/wp-content\/uploads\/2023\/01\/23-dkr-van-kasteren-03.jpg\" alt=\"Janus van Kasteren, Dakar 2023\" width=\"1024\" height=\"683\" srcset=\"https:\/\/www.dakarmania.cz\/wp-content\/uploads\/2023\/01\/23-dkr-van-kasteren-03.jpg 1024w, https:\/\/www.dakarmania.cz\/wp-content\/uploads\/2023\/01\/23-dkr-van-kasteren-03-300x200.jpg 300w, https:\/\/www.dakarmania.cz\/wp-content\/uploads\/2023\/01\/23-dkr-van-kasteren-03-768x512.jpg 768w, https:\/\/www.dakarmania.cz\/wp-content\/uploads\/2023\/01\/23-dkr-van-kasteren-03-825x550.jpg 825w, https:\/\/www.dakarmania.cz\/wp-content\/uploads\/2023\/01\/23-dkr-van-kasteren-03-447x298.jpg 447w, https:\/\/www.dakarmania.cz\/wp-content\/uploads\/2023\/01\/23-dkr-van-kasteren-03-600x400.jpg 600w\" sizes=\"auto, (max-width: 1024px) 100vw, 1024px\" \/><figcaption id=\"caption-attachment-24196\" class=\"wp-caption-text\">Janus van Kasteren \/ Marcel Snijders \/ Darek Rodewald, Iveco Powerstar, Boss Machinery Team de Rooy. Dakar 2023. \u00a9 ASO\/DPPI<\/figcaption><\/figure>\n<p>V p\u00e1tek 13. ledna pokra\u010dovala Rally Dakar 2023 dvan\u00e1ctou etapou z maratonsk\u00e9ho bivaku situovan\u00e9ho nedaleko hranic s Om\u00e1nem zp\u011bt do \u0160ajb\u00e1. Op\u011bt se z\u00e1vodilo v oblasti Pust\u00e9 kon\u010diny, kde se nach\u00e1z\u00ed v\u011bt\u0161ina sa\u00fadskoarabsk\u00fdch ropn\u00fdch nalezi\u0161\u0165, ale \u00fa\u010dastn\u00edky sout\u011b\u017ee zaj\u00edmaly a zam\u011bstn\u00e1valy p\u0159edev\u0161\u00edm velkolep\u00e9 duny a rozlehl\u00e1 soliska \u010dtvrt\u00e9 nejv\u011bt\u0161\u00ed pou\u0161t\u011b sv\u011bta.<\/p>\n<p>V kategorii kamion\u016f si na trati t\u0159et\u00ed nejkrat\u0161\u00ed speci\u00e1lky (185 km) leto\u0161n\u00edho ro\u010dn\u00edku po\u010d\u00ednal nejl\u00e9pe Janus van Kasteren s Ivecem z d\u00edlen Teamu De Rooy. Nizozemec stoprocentn\u011b od\u010dinil v\u010derej\u0161\u00ed zav\u00e1h\u00e1n\u00ed a etapu vyhr\u00e1l s n\u00e1skokem osmn\u00e1cti a p\u016fl minuty p\u0159ed t\u00fdmov\u00fdm kolegou Mitchelem van den Brinkem. Na van den Brinkova otce Martina, kter\u00e9ho dnes potr\u00e1pila p\u0159evodovka, najel v\u00edce ne\u017e p\u016fl hodiny a d\u00edky tomu si v\u00fdznamn\u011b upevnil veden\u00ed v pr\u016fb\u011b\u017en\u00e9m po\u0159ad\u00ed.<\/p>\n<p><em>\u201eS\u00e1m sebe jsem dostal pod velk\u00fd tlak, kdy\u017e jsem v\u010dera ztratil dvacet jedna minut. P\u0159ed Martinem jsem byl v pr\u016fb\u011b\u017en\u00e9m po\u0159ad\u00ed jen o minutu a byl jsem ze v\u0161eho dost unaven\u00fd,\u201c<\/em> p\u0159ipou\u0161t\u00ed <strong>Janus van Kasteren<\/strong>. <em>\u201eDnes jsme ho p\u0159edjeli. St\u00e1le sice nen\u00ed rozhodnuto, ale vytvo\u0159il jsem si n\u00e1skok, d\u00edky kter\u00e9mu si v z\u00edt\u0159ej\u0161\u00ed etap\u011b mohu dovolit i v\u00fdm\u011bnu pneumatiky, bude-li to nutn\u00e9, ani\u017e bych se t\u00edm dostal do pot\u00ed\u017e\u00ed. Mysl\u00edm, \u017ee z\u00edt\u0159ek bude z\u00e1sadn\u00ed, tak uvid\u00edme, co se stane. \u0158ekl bych, \u017ee to mohu dok\u00e1zat. Tentokr\u00e1t to dok\u00e1\u017eu.\u201c<\/em><\/p>\n<p>Dva dny p\u0159ed koncem rally d\u011bl\u00ed prvn\u00ed dva kamiony 33 minut.<\/p>\n<figure id=\"attachment_23955\" aria-describedby=\"caption-attachment-23955\" style=\"width: 1010px\" class=\"wp-caption aligncenter\"><a href=\"https:\/\/eshop.dakarmania.cz\/casopis\/\"><img loading=\"lazy\" decoding=\"async\" class=\"wp-image-23955 size-large\" src=\"https:\/\/www.dakarmania.cz\/wp-content\/uploads\/2022\/11\/vyprodej-dkrm-01-04-1024x683.jpg\" alt=\"Kliknut\u00edm na obr\u00e1zek p\u0159ejdete do na\u0161eho e-shopu.\" width=\"1010\" height=\"674\" srcset=\"https:\/\/www.dakarmania.cz\/wp-content\/uploads\/2022\/11\/vyprodej-dkrm-01-04-1024x683.jpg 1024w, https:\/\/www.dakarmania.cz\/wp-content\/uploads\/2022\/11\/vyprodej-dkrm-01-04-300x200.jpg 300w, https:\/\/www.dakarmania.cz\/wp-content\/uploads\/2022\/11\/vyprodej-dkrm-01-04-768x512.jpg 768w, https:\/\/www.dakarmania.cz\/wp-content\/uploads\/2022\/11\/vyprodej-dkrm-01-04-1536x1024.jpg 1536w, https:\/\/www.dakarmania.cz\/wp-content\/uploads\/2022\/11\/vyprodej-dkrm-01-04-2048x1365.jpg 2048w, https:\/\/www.dakarmania.cz\/wp-content\/uploads\/2022\/11\/vyprodej-dkrm-01-04-825x550.jpg 825w, https:\/\/www.dakarmania.cz\/wp-content\/uploads\/2022\/11\/vyprodej-dkrm-01-04-447x298.jpg 447w, https:\/\/www.dakarmania.cz\/wp-content\/uploads\/2022\/11\/vyprodej-dkrm-01-04-600x400.jpg 600w\" sizes=\"auto, (max-width: 1010px) 100vw, 1010px\" \/><\/a><figcaption id=\"caption-attachment-23955\" class=\"wp-caption-text\">Kliknut\u00edm na obr\u00e1zek p\u0159ejdete do na\u0161eho e-shopu.<\/figcaption><\/figure>\n<p><em>\u201eNemohli jsme za\u0159adit vy\u0161\u0161\u00ed ne\u017e \u010dtvrt\u00fd rychlostn\u00ed stupe\u0148, nav\u00edc i p\u0159i p\u0159e\u0159azen\u00ed na neutr\u00e1l auto po\u0159\u00e1d jelo vp\u0159ed. Nemohli jsme jet v\u00edce ne\u017e devades\u00e1t kilometr\u016f v hodin\u011b. Krom\u011b toho jsme museli n\u011bkolikr\u00e1t resetovat motor, kter\u00fd padal do bezpe\u010dnostn\u00edho m\u00f3du, a jednou jsme m\u011bnili pneumatiku,\u201c<\/em> vysv\u011btluje p\u0159\u00ed\u010diny sv\u00e9 por\u00e1\u017eky <strong>Martin van den Brink<\/strong>. <em>\u201eJe opravdu zl\u00e9, \u017ee jsme ztratili tolik \u010dasu, ale jsem r\u00e1d, \u017ee jsme se probili dunami a dojeli do bivaku. Tak u\u017e to chod\u00ed, ale z\u00edtra n\u00e1s \u010dek\u00e1 nov\u00fd den a my ze sebe vyd\u00e1me maximum, proto\u017ee na Dakaru nikdy nen\u00ed nic jist\u00e9. Budeme bojovat do posledn\u00edho metru.\u201c<\/em><\/p>\n<p>T\u0159et\u00ed p\u0159\u00ed\u010dku nad\u00e1le dr\u017e\u00ed Martin Mac\u00edk s Ivecem sedl\u010dansk\u00e9ho MM Technology, ov\u0161em jeho ztr\u00e1ta na nizozemsk\u00e9 soupe\u0159e op\u011bt narostla.<\/p>\n<p><em>\u201eBohu\u017eel n\u00e1s zradilo jedno \u010didlo. Ka\u017ed\u00fdch deset nebo dvacet kilometr\u016f jsme museli zastavit a chc\u00edpnout to. Pak to zase jelo, znovu nejelo, a dvacet kilometr\u016f p\u0159ed c\u00edlem jsme ho museli vym\u011bnit,\u201c<\/em> popisuje <strong>Martin Mac\u00edk<\/strong>, kter\u00e9ho nyn\u00ed od vedouc\u00edho van Kasterena d\u011bl\u00ed u\u017e hodina a dvacet minut.<\/p>\n<p>Bezprobl\u00e9mov\u00fd den nepro\u017eil ani <strong>Mitchel van den Brink:<\/strong> <em>\u201eNasadili jsme dobr\u00e9 tempo, ale uv\u00edzli jsme na vysok\u00e9 dun\u011b. Vyt\u00e1hl n\u00e1s Ben van de Laar, za co\u017e jsem mu velmi vd\u011b\u010dn\u00fd, proto\u017ee sami bychom se odtamtud nedostali.\u201c<\/em><\/p>\n<figure id=\"attachment_24194\" aria-describedby=\"caption-attachment-24194\" style=\"width: 1024px\" class=\"wp-caption aligncenter\"><img loading=\"lazy\" decoding=\"async\" class=\"wp-image-24194 size-full\" src=\"https:\/\/www.dakarmania.cz\/wp-content\/uploads\/2023\/01\/23-dkr-valtr-01.jpg\" alt=\"Jaroslav Valtr, Dakar 2023\" width=\"1024\" height=\"683\" srcset=\"https:\/\/www.dakarmania.cz\/wp-content\/uploads\/2023\/01\/23-dkr-valtr-01.jpg 1024w, https:\/\/www.dakarmania.cz\/wp-content\/uploads\/2023\/01\/23-dkr-valtr-01-300x200.jpg 300w, https:\/\/www.dakarmania.cz\/wp-content\/uploads\/2023\/01\/23-dkr-valtr-01-768x512.jpg 768w, https:\/\/www.dakarmania.cz\/wp-content\/uploads\/2023\/01\/23-dkr-valtr-01-825x550.jpg 825w, https:\/\/www.dakarmania.cz\/wp-content\/uploads\/2023\/01\/23-dkr-valtr-01-447x298.jpg 447w, https:\/\/www.dakarmania.cz\/wp-content\/uploads\/2023\/01\/23-dkr-valtr-01-600x400.jpg 600w\" sizes=\"auto, (max-width: 1024px) 100vw, 1024px\" \/><figcaption id=\"caption-attachment-24194\" class=\"wp-caption-text\">Jaroslav Valtr st. \/ Ren\u00e9 Kilian \/ Tom\u00e1\u0161 \u0160ikola, Tatra Phoenix, Tatra Buggyra ZM Racing. Dakar 2023. \u00a9 ASO\/DPPI<\/figcaption><\/figure>\n<p>P\u0159esto si v\u00a0celkov\u00e9 klasifikaci polep\u0161il a vr\u00e1til se na \u010dtvrt\u00e9 m\u00edsto p\u0159ed Jaroslava Valtra st. (Tatra), kter\u00fd v\u00a0dun\u00e1ch p\u0159evr\u00e1til svou Tatru na bok a na kr\u00e1tk\u00e9 speci\u00e1lce str\u00e1vil o dv\u011b hodiny v\u00edce ne\u017e dvacetilet\u00fd Nizozemec.<\/p>\n<p><em>\u201eR\u00e1no vstanu, kouknu na mobil a vid\u00edm p\u00e1tek t\u0159in\u00e1ct\u00e9ho. Tak si \u0159\u00edk\u00e1m: To jsme asi v\u00a0pasti,\u201c<\/em> \u0159\u00edk\u00e1 <strong>Jaroslav Valtr st.<\/strong> <em>\u201eP\u0159i\u0161el asi patn\u00e1ct\u00fd kilometr a n\u00e1jezd do dun. Vid\u011bl jsem, jak se tam tr\u00e1p\u00ed van Kasteren, tak\u017ee mus\u00edm jet opatrn\u011b. Na\u0161el jsem si stopu, kterou to on z\u0159ejm\u011b projel, ale dok\u00e1zal ten trycht\u00fd\u0159 n\u011bjak\u00fdm zp\u016fsobem projet. Byl stra\u0161n\u011b \u00fazk\u00fd a j\u00e1 do n\u011bj lehnul. Musel jsem \u010dekat asi p\u016fl hodiny, ne\u017e p\u0159ijel Martin \u0160oltys. Pak jsme s t\u00edm bojovali. P\u0159ijel je\u0161t\u011b Robo Kas\u00e1k, tak\u017ee jsme Tatru tahali dv\u011bma kamiony. Postavili jsme ji, vyt\u00e1hli ven a jeli d\u00e1l. Po dal\u0161\u00ed asi t\u0159iceti kilometrech vid\u00edme na t\u00e9 nejvy\u0161\u0161\u00ed dun\u011b zn\u00e1m\u00e9 kombin\u00e9zy. To tam pro zm\u011bnu zase le\u017eel Mar\u0165as. Dneska se n\u00e1m moc neda\u0159ilo. Ale pak a\u017e do konce jsme jeli bez pot\u00ed\u017e\u00ed.\u201c<\/em><\/p>\n<p><strong>Martin \u0160oltys<\/strong> vracel Tatru na kola dokonce dvakr\u00e1t: <em>\u201eJsem na\u0161tvan\u00fd na sebe. Pod\u011blal jsem to dneska dvakr\u00e1t. Za \u0161est let jsem neud\u011blal tolik chyb jako v t\u00e9to etap\u011b. Vyrazili jsme docela v pohod\u011b. Asi na \u010dty\u0159ic\u00e1t\u00e9m kilometru na n\u00e1s m\u00e1vali t\u0159i lidi a nevid\u011bl jsem \u017e\u00e1dn\u00e9 auto. A\u017e kdy\u017e jsme p\u0159ijeli bl\u00ed\u017e, tak jsem zahl\u00e9dl, jak Jarda Valtr spadl do takov\u00e9ho dol\u00edku. Auto nebylo v\u016fbec vid\u011bt. Bojovali jsme s t\u00edm hodinu nebo dv\u011b. V\u016fbec netu\u0161\u00edm.\u00a0 V tom horku bylo n\u00e1ro\u010dn\u00e9 auto vyndat, ale pomohl n\u00e1m je\u0161t\u011b Robo Kas\u00e1k.\u201c<\/em><\/p>\n<p><em>\u201ePokra\u010dovali jsme d\u00e1l a jak byl \u010dlov\u011bk unavenej a asi i vyveden\u00fd z koncentrace, tak jsme vyj\u00ed\u017ed\u011bli velkou dunu. Jako v\u017edycky jsem se ji sna\u017eil p\u0159esko\u010dit na druhou stranu. Nev\u00edm, co se stalo, ale prost\u011b jsme p\u0159epadli na bok. Bohu\u017eel to byla asi dv\u011b st\u011b metr\u016f vysok\u00e1 duna a z\u016fstali jsme naho\u0159e. Kdy\u017e p\u0159ijel Jarda, tak n\u00e1s st\u00e1hnul dol\u016f, postavil n\u00e1s na kola a pokra\u010doval d\u00e1l. My jsme pak vyrazili za n\u00edm, ale po n\u011bjak\u00fdch t\u0159iceti a\u017e pades\u00e1ti kilometrech byla takov\u00e1 standardn\u00ed zat\u00e1\u010dka, a my jsme tam padli znova. U\u017e jsem si \u0159\u00edkal: To nen\u00ed ani mo\u017en\u00fd. Pomohli n\u00e1m z LA7, nebo jak se jmenuj\u00ed, a pak u\u017e jsme to n\u011bjak dojeli do c\u00edle,\u201c<\/em> pokra\u010duje Martin \u0160oltys a oce\u0148uje sv\u00e9ho spolujezdce Romana Krej\u010d\u00edho, p\u0159ezd\u00edvan\u00e9ho Ma\u0148as: <em>\u201eMa\u0148as je hroznej bojovn\u00edk. A\u0165 se d\u011bje, co se d\u011bje, tak chce j\u00edt furt dop\u0159edu. Bez n\u011bj nev\u00edm, jak by to dopadlo. Byl jsem z toho dneska hodn\u011b fyzicky i psychicky unaven\u00fd. Ono se to nezd\u00e1, ale jak kamion padne, je to hrozn\u011b n\u00e1ro\u010dn\u00fd. Ma\u0148as byl ten, kdo n\u00e1s dokopal k tomu, \u017ee jsme do kamionu znova vlezli a znova n\u00e1s tla\u010dil d\u00e1l.\u201c<\/em><\/p>\n<p>Martin \u0160oltys dnes ztratil t\u0159i a \u010dtvrt hodiny, p\u0159esto udr\u017eel \u0161est\u00e9 m\u00edsto celkov\u011b. Tom\u00e1\u0161 Vr\u00e1tn\u00fd s\u00a0Tatrou t\u00fdmu Fesh Fesh klesl z\u00a0osm\u00e9 na dev\u00e1tou p\u0159\u00ed\u010dku.<\/p>\n<p>&nbsp;<\/p>\n","protected":false},"excerpt":{"rendered":"<p>Do souboje jezdc\u016f Teamu De Rooy o v\u00edt\u011bzstv\u00ed v kategorii kamion\u016f promluvily technick\u00e9 probl\u00e9my, kter\u00e9 ve druh\u00e9 \u010d\u00e1sti maratonsk\u00e9 dvojetapy postihly Martina van den Brinka.<\/p>\n","protected":false},"author":1,"featured_media":24195,"comment_status":"closed","ping_status":"closed","sticky":false,"template":"","format":"standard","meta":{"footnotes":""},"categories":[1923,16],"tags":[1705,8,1797,1372,164,80,1339,591,114,136,78,88,1908,1543,68,224,1788],"class_list":["post-24197","post","type-post","status-publish","format-standard","has-post-thumbnail","hentry","category-dakar-2023","category-kamion","tag-1705","tag-dakar","tag-dakar-2023","tag-fesh-fesh","tag-iveco","tag-janus-van-kasteren","tag-jaroslav-valtr-st","tag-martin-macik","tag-martin-macik-ml","tag-martin-soltys","tag-martin-van-den-brink","tag-mitchel-van-den-brink","tag-mm-technology","tag-roman-krejci","tag-tatra","tag-team-de-rooy","tag-tomas-vratny"],"yoast_head":"<!-- This site is optimized with the Yoast SEO plugin v24.9 - https:\/\/yoast.com\/wordpress\/plugins\/seo\/ -->\n<title>Dakar 2023: Pro Valtra, \u0160oltyse a van den Brinka byl p\u00e1tek t\u0159in\u00e1ct\u00e9ho smoln\u00fd - DAKARMANIA.cz<\/title>\n<meta name=\"description\" content=\"Do souboje jezdc\u016f Teamu De Rooy o v\u00edt\u011bzstv\u00ed v kategorii kamion\u016f promluvily technick\u00e9 probl\u00e9my, kter\u00e9 ve druh\u00e9 \u010d\u00e1sti maratonsk\u00e9 dvojetapy postihly Martina van den Brinka.\" \/>\n<meta name=\"robots\" content=\"index, follow, max-snippet:-1, max-image-preview:large, max-video-preview:-1\" \/>\n<link rel=\"canonical\" href=\"https:\/\/www.dakarmania.cz\/index.php\/2023\/01\/13\/dakar-2023-patek-trinacteho\/\" \/>\n<meta property=\"og:locale\" content=\"cs_CZ\" \/>\n<meta property=\"og:type\" content=\"article\" \/>\n<meta property=\"og:title\" content=\"Dakar 2023: Pro Valtra, \u0160oltyse a van den Brinka byl p\u00e1tek t\u0159in\u00e1ct\u00e9ho smoln\u00fd - DAKARMANIA.cz\" \/>\n<meta property=\"og:description\" content=\"Do souboje jezdc\u016f Teamu De Rooy o v\u00edt\u011bzstv\u00ed v kategorii kamion\u016f promluvily technick\u00e9 probl\u00e9my, kter\u00e9 ve druh\u00e9 \u010d\u00e1sti maratonsk\u00e9 dvojetapy postihly Martina van den Brinka.\" \/>\n<meta property=\"og:url\" content=\"https:\/\/www.dakarmania.cz\/index.php\/2023\/01\/13\/dakar-2023-patek-trinacteho\/\" \/>\n<meta property=\"og:site_name\" content=\"DAKARMANIA.cz\" \/>\n<meta property=\"article:publisher\" content=\"https:\/\/www.facebook.com\/dakarmania\/\" \/>\n<meta property=\"article:published_time\" content=\"2023-01-13T16:50:28+00:00\" \/>\n<meta property=\"article:modified_time\" content=\"2023-01-14T08:51:15+00:00\" \/>\n<meta property=\"og:image\" content=\"https:\/\/www.dakarmania.cz\/wp-content\/uploads\/2023\/01\/23-dkr-valtr-02.jpg\" \/>\n\t<meta property=\"og:image:width\" content=\"1024\" \/>\n\t<meta property=\"og:image:height\" content=\"683\" \/>\n\t<meta property=\"og:image:type\" content=\"image\/jpeg\" \/>\n<meta name=\"author\" content=\"Zden\u011bk Zelenka\" \/>\n<meta name=\"twitter:card\" content=\"summary_large_image\" \/>\n<meta name=\"twitter:label1\" content=\"Napsal(a)\" \/>\n\t<meta name=\"twitter:data1\" content=\"Zden\u011bk Zelenka\" \/>\n\t<meta name=\"twitter:label2\" content=\"Odhadovan\u00e1 doba \u010dten\u00ed\" \/>\n\t<meta name=\"twitter:data2\" content=\"6 minut\" \/>\n<script type=\"application\/ld+json\" class=\"yoast-schema-graph\">{\"@context\":\"https:\/\/schema.org\",\"@graph\":[{\"@type\":\"Article\",\"@id\":\"https:\/\/www.dakarmania.cz\/index.php\/2023\/01\/13\/dakar-2023-patek-trinacteho\/#article\",\"isPartOf\":{\"@id\":\"https:\/\/www.dakarmania.cz\/index.php\/2023\/01\/13\/dakar-2023-patek-trinacteho\/\"},\"author\":{\"name\":\"Zden\u011bk Zelenka\",\"@id\":\"https:\/\/www.dakarmania.cz\/#\/schema\/person\/04eb0e87a389631c2169c0dddae7ff1e\"},\"headline\":\"Dakar 2023: Pro Valtra, \u0160oltyse a van den Brinka byl p\u00e1tek t\u0159in\u00e1ct\u00e9ho smoln\u00fd\",\"datePublished\":\"2023-01-13T16:50:28+00:00\",\"dateModified\":\"2023-01-14T08:51:15+00:00\",\"mainEntityOfPage\":{\"@id\":\"https:\/\/www.dakarmania.cz\/index.php\/2023\/01\/13\/dakar-2023-patek-trinacteho\/\"},\"wordCount\":1284,\"publisher\":{\"@id\":\"https:\/\/www.dakarmania.cz\/#organization\"},\"image\":{\"@id\":\"https:\/\/www.dakarmania.cz\/index.php\/2023\/01\/13\/dakar-2023-patek-trinacteho\/#primaryimage\"},\"thumbnailUrl\":\"https:\/\/www.dakarmania.cz\/wp-content\/uploads\/2023\/01\/23-dkr-valtr-02.jpg\",\"keywords\":[\"2023\",\"Dakar\",\"Dakar 2023\",\"Fesh Fesh\",\"Iveco\",\"Janus van Kasteren\",\"Jaroslav Valtr st.\",\"Martin Mac\u00edk\",\"Martin Mac\u00edk ml.\",\"Martin \u0160oltys\",\"Martin van den Brink\",\"Mitchel van den Brink\",\"MM Technology\",\"Roman Krej\u010d\u00ed\",\"Tatra\",\"Team De Rooy\",\"Tom\u00e1\u0161 Vr\u00e1tn\u00fd\"],\"articleSection\":[\"Dakar 2023\",\"Kamiony\"],\"inLanguage\":\"cs\"},{\"@type\":\"WebPage\",\"@id\":\"https:\/\/www.dakarmania.cz\/index.php\/2023\/01\/13\/dakar-2023-patek-trinacteho\/\",\"url\":\"https:\/\/www.dakarmania.cz\/index.php\/2023\/01\/13\/dakar-2023-patek-trinacteho\/\",\"name\":\"Dakar 2023: Pro Valtra, \u0160oltyse a van den Brinka byl p\u00e1tek t\u0159in\u00e1ct\u00e9ho smoln\u00fd - DAKARMANIA.cz\",\"isPartOf\":{\"@id\":\"https:\/\/www.dakarmania.cz\/#website\"},\"primaryImageOfPage\":{\"@id\":\"https:\/\/www.dakarmania.cz\/index.php\/2023\/01\/13\/dakar-2023-patek-trinacteho\/#primaryimage\"},\"image\":{\"@id\":\"https:\/\/www.dakarmania.cz\/index.php\/2023\/01\/13\/dakar-2023-patek-trinacteho\/#primaryimage\"},\"thumbnailUrl\":\"https:\/\/www.dakarmania.cz\/wp-content\/uploads\/2023\/01\/23-dkr-valtr-02.jpg\",\"datePublished\":\"2023-01-13T16:50:28+00:00\",\"dateModified\":\"2023-01-14T08:51:15+00:00\",\"description\":\"Do souboje jezdc\u016f Teamu De Rooy o v\u00edt\u011bzstv\u00ed v kategorii kamion\u016f promluvily technick\u00e9 probl\u00e9my, kter\u00e9 ve druh\u00e9 \u010d\u00e1sti maratonsk\u00e9 dvojetapy postihly Martina van den Brinka.\",\"breadcrumb\":{\"@id\":\"https:\/\/www.dakarmania.cz\/index.php\/2023\/01\/13\/dakar-2023-patek-trinacteho\/#breadcrumb\"},\"inLanguage\":\"cs\",\"potentialAction\":[{\"@type\":\"ReadAction\",\"target\":[\"https:\/\/www.dakarmania.cz\/index.php\/2023\/01\/13\/dakar-2023-patek-trinacteho\/\"]}]},{\"@type\":\"ImageObject\",\"inLanguage\":\"cs\",\"@id\":\"https:\/\/www.dakarmania.cz\/index.php\/2023\/01\/13\/dakar-2023-patek-trinacteho\/#primaryimage\",\"url\":\"https:\/\/www.dakarmania.cz\/wp-content\/uploads\/2023\/01\/23-dkr-valtr-02.jpg\",\"contentUrl\":\"https:\/\/www.dakarmania.cz\/wp-content\/uploads\/2023\/01\/23-dkr-valtr-02.jpg\",\"width\":1024,\"height\":683,\"caption\":\"Jaroslav Valtr st. \/ Ren\u00e9 Kilian \/ Tom\u00e1\u0161 \u0160ikola, Tatra Phoenix, Tatra Buggyra ZM Racing. Dakar 2023. \u00a9 ASO\/DPPI\"},{\"@type\":\"BreadcrumbList\",\"@id\":\"https:\/\/www.dakarmania.cz\/index.php\/2023\/01\/13\/dakar-2023-patek-trinacteho\/#breadcrumb\",\"itemListElement\":[{\"@type\":\"ListItem\",\"position\":1,\"name\":\"Dom\u016f\",\"item\":\"https:\/\/www.dakarmania.cz\/\"},{\"@type\":\"ListItem\",\"position\":2,\"name\":\"Dakar 2023: Pro Valtra, \u0160oltyse a van den Brinka byl p\u00e1tek t\u0159in\u00e1ct\u00e9ho smoln\u00fd\"}]},{\"@type\":\"WebSite\",\"@id\":\"https:\/\/www.dakarmania.cz\/#website\",\"url\":\"https:\/\/www.dakarmania.cz\/\",\"name\":\"DAKARMANIA.cz\",\"description\":\"\u017dijeme Dakarem cel\u00fd rok\",\"publisher\":{\"@id\":\"https:\/\/www.dakarmania.cz\/#organization\"},\"potentialAction\":[{\"@type\":\"SearchAction\",\"target\":{\"@type\":\"EntryPoint\",\"urlTemplate\":\"https:\/\/www.dakarmania.cz\/?s={search_term_string}\"},\"query-input\":{\"@type\":\"PropertyValueSpecification\",\"valueRequired\":true,\"valueName\":\"search_term_string\"}}],\"inLanguage\":\"cs\"},{\"@type\":\"Organization\",\"@id\":\"https:\/\/www.dakarmania.cz\/#organization\",\"name\":\"DAKAR MANIA\",\"url\":\"https:\/\/www.dakarmania.cz\/\",\"logo\":{\"@type\":\"ImageObject\",\"inLanguage\":\"cs\",\"@id\":\"https:\/\/www.dakarmania.cz\/#\/schema\/logo\/image\/\",\"url\":\"https:\/\/www.dakarmania.cz\/wp-content\/uploads\/2018\/12\/Dakar-Mania-Logo-Square-Orange.png\",\"contentUrl\":\"https:\/\/www.dakarmania.cz\/wp-content\/uploads\/2018\/12\/Dakar-Mania-Logo-Square-Orange.png\",\"width\":992,\"height\":992,\"caption\":\"DAKAR MANIA\"},\"image\":{\"@id\":\"https:\/\/www.dakarmania.cz\/#\/schema\/logo\/image\/\"},\"sameAs\":[\"https:\/\/www.facebook.com\/dakarmania\/\"]},{\"@type\":\"Person\",\"@id\":\"https:\/\/www.dakarmania.cz\/#\/schema\/person\/04eb0e87a389631c2169c0dddae7ff1e\",\"name\":\"Zden\u011bk Zelenka\",\"image\":{\"@type\":\"ImageObject\",\"inLanguage\":\"cs\",\"@id\":\"https:\/\/www.dakarmania.cz\/#\/schema\/person\/image\/\",\"url\":\"https:\/\/secure.gravatar.com\/avatar\/2c80d5a4942fe0900b73cc7d3837a509d6ee0a276a2b76dac95c92bd0763a89b?s=96&d=mm&r=g\",\"contentUrl\":\"https:\/\/secure.gravatar.com\/avatar\/2c80d5a4942fe0900b73cc7d3837a509d6ee0a276a2b76dac95c92bd0763a89b?s=96&d=mm&r=g\",\"caption\":\"Zden\u011bk Zelenka\"},\"description\":\"Moji d\u011bt\u0161t\u00ed hrdinov\u00e9 se jmenovali Loprais, Moskal, Neveu, Vatanen, Rahier... A tihle borci, jejich n\u00e1sledovn\u00edci a jejich p\u0159\u00edb\u011bhy m\u011b nep\u0159estali fascinovat ani po letech, kdy jsem vyrostl a zam\u011bstn\u00e1valy m\u011b jin\u00e9 discipl\u00edny motorsportu. Proto se zrodila DAKARMANIA.\",\"url\":\"https:\/\/www.dakarmania.cz\/index.php\/author\/dakarmania\/\"}]}<\/script>\n<!-- \/ Yoast SEO plugin. -->","yoast_head_json":{"title":"Dakar 2023: Pro Valtra, \u0160oltyse a van den Brinka byl p\u00e1tek t\u0159in\u00e1ct\u00e9ho smoln\u00fd - DAKARMANIA.cz","description":"Do souboje jezdc\u016f Teamu De Rooy o v\u00edt\u011bzstv\u00ed v kategorii kamion\u016f promluvily technick\u00e9 probl\u00e9my, kter\u00e9 ve druh\u00e9 \u010d\u00e1sti maratonsk\u00e9 dvojetapy postihly Martina van den Brinka.","robots":{"index":"index","follow":"follow","max-snippet":"max-snippet:-1","max-image-preview":"max-image-preview:large","max-video-preview":"max-video-preview:-1"},"canonical":"https:\/\/www.dakarmania.cz\/index.php\/2023\/01\/13\/dakar-2023-patek-trinacteho\/","og_locale":"cs_CZ","og_type":"article","og_title":"Dakar 2023: Pro Valtra, \u0160oltyse a van den Brinka byl p\u00e1tek t\u0159in\u00e1ct\u00e9ho smoln\u00fd - DAKARMANIA.cz","og_description":"Do souboje jezdc\u016f Teamu De Rooy o v\u00edt\u011bzstv\u00ed v kategorii kamion\u016f promluvily technick\u00e9 probl\u00e9my, kter\u00e9 ve druh\u00e9 \u010d\u00e1sti maratonsk\u00e9 dvojetapy postihly Martina van den Brinka.","og_url":"https:\/\/www.dakarmania.cz\/index.php\/2023\/01\/13\/dakar-2023-patek-trinacteho\/","og_site_name":"DAKARMANIA.cz","article_publisher":"https:\/\/www.facebook.com\/dakarmania\/","article_published_time":"2023-01-13T16:50:28+00:00","article_modified_time":"2023-01-14T08:51:15+00:00","og_image":[{"width":1024,"height":683,"url":"https:\/\/www.dakarmania.cz\/wp-content\/uploads\/2023\/01\/23-dkr-valtr-02.jpg","type":"image\/jpeg"}],"author":"Zden\u011bk Zelenka","twitter_card":"summary_large_image","twitter_misc":{"Napsal(a)":"Zden\u011bk Zelenka","Odhadovan\u00e1 doba \u010dten\u00ed":"6 minut"},"schema":{"@context":"https:\/\/schema.org","@graph":[{"@type":"Article","@id":"https:\/\/www.dakarmania.cz\/index.php\/2023\/01\/13\/dakar-2023-patek-trinacteho\/#article","isPartOf":{"@id":"https:\/\/www.dakarmania.cz\/index.php\/2023\/01\/13\/dakar-2023-patek-trinacteho\/"},"author":{"name":"Zden\u011bk Zelenka","@id":"https:\/\/www.dakarmania.cz\/#\/schema\/person\/04eb0e87a389631c2169c0dddae7ff1e"},"headline":"Dakar 2023: Pro Valtra, \u0160oltyse a van den Brinka byl p\u00e1tek t\u0159in\u00e1ct\u00e9ho smoln\u00fd","datePublished":"2023-01-13T16:50:28+00:00","dateModified":"2023-01-14T08:51:15+00:00","mainEntityOfPage":{"@id":"https:\/\/www.dakarmania.cz\/index.php\/2023\/01\/13\/dakar-2023-patek-trinacteho\/"},"wordCount":1284,"publisher":{"@id":"https:\/\/www.dakarmania.cz\/#organization"},"image":{"@id":"https:\/\/www.dakarmania.cz\/index.php\/2023\/01\/13\/dakar-2023-patek-trinacteho\/#primaryimage"},"thumbnailUrl":"https:\/\/www.dakarmania.cz\/wp-content\/uploads\/2023\/01\/23-dkr-valtr-02.jpg","keywords":["2023","Dakar","Dakar 2023","Fesh Fesh","Iveco","Janus van Kasteren","Jaroslav Valtr st.","Martin Mac\u00edk","Martin Mac\u00edk ml.","Martin \u0160oltys","Martin van den Brink","Mitchel van den Brink","MM Technology","Roman Krej\u010d\u00ed","Tatra","Team De Rooy","Tom\u00e1\u0161 Vr\u00e1tn\u00fd"],"articleSection":["Dakar 2023","Kamiony"],"inLanguage":"cs"},{"@type":"WebPage","@id":"https:\/\/www.dakarmania.cz\/index.php\/2023\/01\/13\/dakar-2023-patek-trinacteho\/","url":"https:\/\/www.dakarmania.cz\/index.php\/2023\/01\/13\/dakar-2023-patek-trinacteho\/","name":"Dakar 2023: Pro Valtra, \u0160oltyse a van den Brinka byl p\u00e1tek t\u0159in\u00e1ct\u00e9ho smoln\u00fd - DAKARMANIA.cz","isPartOf":{"@id":"https:\/\/www.dakarmania.cz\/#website"},"primaryImageOfPage":{"@id":"https:\/\/www.dakarmania.cz\/index.php\/2023\/01\/13\/dakar-2023-patek-trinacteho\/#primaryimage"},"image":{"@id":"https:\/\/www.dakarmania.cz\/index.php\/2023\/01\/13\/dakar-2023-patek-trinacteho\/#primaryimage"},"thumbnailUrl":"https:\/\/www.dakarmania.cz\/wp-content\/uploads\/2023\/01\/23-dkr-valtr-02.jpg","datePublished":"2023-01-13T16:50:28+00:00","dateModified":"2023-01-14T08:51:15+00:00","description":"Do souboje jezdc\u016f Teamu De Rooy o v\u00edt\u011bzstv\u00ed v kategorii kamion\u016f promluvily technick\u00e9 probl\u00e9my, kter\u00e9 ve druh\u00e9 \u010d\u00e1sti maratonsk\u00e9 dvojetapy postihly Martina van den Brinka.","breadcrumb":{"@id":"https:\/\/www.dakarmania.cz\/index.php\/2023\/01\/13\/dakar-2023-patek-trinacteho\/#breadcrumb"},"inLanguage":"cs","potentialAction":[{"@type":"ReadAction","target":["https:\/\/www.dakarmania.cz\/index.php\/2023\/01\/13\/dakar-2023-patek-trinacteho\/"]}]},{"@type":"ImageObject","inLanguage":"cs","@id":"https:\/\/www.dakarmania.cz\/index.php\/2023\/01\/13\/dakar-2023-patek-trinacteho\/#primaryimage","url":"https:\/\/www.dakarmania.cz\/wp-content\/uploads\/2023\/01\/23-dkr-valtr-02.jpg","contentUrl":"https:\/\/www.dakarmania.cz\/wp-content\/uploads\/2023\/01\/23-dkr-valtr-02.jpg","width":1024,"height":683,"caption":"Jaroslav Valtr st. \/ Ren\u00e9 Kilian \/ Tom\u00e1\u0161 \u0160ikola, Tatra Phoenix, Tatra Buggyra ZM Racing. Dakar 2023. \u00a9 ASO\/DPPI"},{"@type":"BreadcrumbList","@id":"https:\/\/www.dakarmania.cz\/index.php\/2023\/01\/13\/dakar-2023-patek-trinacteho\/#breadcrumb","itemListElement":[{"@type":"ListItem","position":1,"name":"Dom\u016f","item":"https:\/\/www.dakarmania.cz\/"},{"@type":"ListItem","position":2,"name":"Dakar 2023: Pro Valtra, \u0160oltyse a van den Brinka byl p\u00e1tek t\u0159in\u00e1ct\u00e9ho smoln\u00fd"}]},{"@type":"WebSite","@id":"https:\/\/www.dakarmania.cz\/#website","url":"https:\/\/www.dakarmania.cz\/","name":"DAKARMANIA.cz","description":"\u017dijeme Dakarem cel\u00fd rok","publisher":{"@id":"https:\/\/www.dakarmania.cz\/#organization"},"potentialAction":[{"@type":"SearchAction","target":{"@type":"EntryPoint","urlTemplate":"https:\/\/www.dakarmania.cz\/?s={search_term_string}"},"query-input":{"@type":"PropertyValueSpecification","valueRequired":true,"valueName":"search_term_string"}}],"inLanguage":"cs"},{"@type":"Organization","@id":"https:\/\/www.dakarmania.cz\/#organization","name":"DAKAR MANIA","url":"https:\/\/www.dakarmania.cz\/","logo":{"@type":"ImageObject","inLanguage":"cs","@id":"https:\/\/www.dakarmania.cz\/#\/schema\/logo\/image\/","url":"https:\/\/www.dakarmania.cz\/wp-content\/uploads\/2018\/12\/Dakar-Mania-Logo-Square-Orange.png","contentUrl":"https:\/\/www.dakarmania.cz\/wp-content\/uploads\/2018\/12\/Dakar-Mania-Logo-Square-Orange.png","width":992,"height":992,"caption":"DAKAR MANIA"},"image":{"@id":"https:\/\/www.dakarmania.cz\/#\/schema\/logo\/image\/"},"sameAs":["https:\/\/www.facebook.com\/dakarmania\/"]},{"@type":"Person","@id":"https:\/\/www.dakarmania.cz\/#\/schema\/person\/04eb0e87a389631c2169c0dddae7ff1e","name":"Zden\u011bk Zelenka","image":{"@type":"ImageObject","inLanguage":"cs","@id":"https:\/\/www.dakarmania.cz\/#\/schema\/person\/image\/","url":"https:\/\/secure.gravatar.com\/avatar\/2c80d5a4942fe0900b73cc7d3837a509d6ee0a276a2b76dac95c92bd0763a89b?s=96&d=mm&r=g","contentUrl":"https:\/\/secure.gravatar.com\/avatar\/2c80d5a4942fe0900b73cc7d3837a509d6ee0a276a2b76dac95c92bd0763a89b?s=96&d=mm&r=g","caption":"Zden\u011bk Zelenka"},"description":"Moji d\u011bt\u0161t\u00ed hrdinov\u00e9 se jmenovali Loprais, Moskal, Neveu, Vatanen, Rahier... A tihle borci, jejich n\u00e1sledovn\u00edci a jejich p\u0159\u00edb\u011bhy m\u011b nep\u0159estali fascinovat ani po letech, kdy jsem vyrostl a zam\u011bstn\u00e1valy m\u011b jin\u00e9 discipl\u00edny motorsportu. Proto se zrodila DAKARMANIA.","url":"https:\/\/www.dakarmania.cz\/index.php\/author\/dakarmania\/"}]}},"amp_enabled":true,"_links":{"self":[{"href":"https:\/\/www.dakarmania.cz\/index.php\/wp-json\/wp\/v2\/posts\/24197","targetHints":{"allow":["GET"]}}],"collection":[{"href":"https:\/\/www.dakarmania.cz\/index.php\/wp-json\/wp\/v2\/posts"}],"about":[{"href":"https:\/\/www.dakarmania.cz\/index.php\/wp-json\/wp\/v2\/types\/post"}],"author":[{"embeddable":true,"href":"https:\/\/www.dakarmania.cz\/index.php\/wp-json\/wp\/v2\/users\/1"}],"replies":[{"embeddable":true,"href":"https:\/\/www.dakarmania.cz\/index.php\/wp-json\/wp\/v2\/comments?post=24197"}],"version-history":[{"count":6,"href":"https:\/\/www.dakarmania.cz\/index.php\/wp-json\/wp\/v2\/posts\/24197\/revisions"}],"predecessor-version":[{"id":24204,"href":"https:\/\/www.dakarmania.cz\/index.php\/wp-json\/wp\/v2\/posts\/24197\/revisions\/24204"}],"wp:featuredmedia":[{"embeddable":true,"href":"https:\/\/www.dakarmania.cz\/index.php\/wp-json\/wp\/v2\/media\/24195"}],"wp:attachment":[{"href":"https:\/\/www.dakarmania.cz\/index.php\/wp-json\/wp\/v2\/media?parent=24197"}],"wp:term":[{"taxonomy":"category","embeddable":true,"href":"https:\/\/www.dakarmania.cz\/index.php\/wp-json\/wp\/v2\/categories?post=24197"},{"taxonomy":"post_tag","embeddable":true,"href":"https:\/\/www.dakarmania.cz\/index.php\/wp-json\/wp\/v2\/tags?post=24197"}],"curies":[{"name":"wp","href":"https:\/\/api.w.org\/{rel}","templated":true}]}}