{"id":24235,"date":"2023-01-15T08:37:59","date_gmt":"2023-01-15T07:37:59","guid":{"rendered":"https:\/\/www.dakarmania.cz\/?p=24235"},"modified":"2023-01-15T08:37:59","modified_gmt":"2023-01-15T07:37:59","slug":"dakar-2023-slovak-varga-pri-debutu-ctvrty-giroud-obhajil","status":"publish","type":"post","link":"https:\/\/www.dakarmania.cz\/index.php\/2023\/01\/15\/dakar-2023-slovak-varga-pri-debutu-ctvrty-giroud-obhajil\/","title":{"rendered":"Dakar 2023: Slov\u00e1k Varga p\u0159i debutu \u010dtvrt\u00fd. Giroud obh\u00e1jil"},"content":{"rendered":"<p>[vc_row][vc_column][vc_column_text css_animation=&#8221;fadeIn&#8221;]<\/p>\n<h3>Alexandre Giroud podruh\u00e9 vyhr\u00e1l dakarskou rally v kategorii \u010dty\u0159kolek a p\u0159i obhajob\u011b lo\u0148sk\u00e9ho v\u00edt\u011bzstv\u00ed si po\u010d\u00ednal velmi suver\u00e9nn\u011b. N\u00e1ro\u010dn\u00fd dakarsk\u00fd ro\u010dn\u00edk zdolal hned napoprv\u00e9 Slov\u00e1k Juraj Varga.<\/h3>\n<p>[\/vc_column_text][vc_single_image image=&#8221;24234&#8243; img_size=&#8221;large&#8221; add_caption=&#8221;yes&#8221; alignment=&#8221;center&#8221; onclick=&#8221;link_image&#8221; css_animation=&#8221;fadeIn&#8221;][vc_column_text css_animation=&#8221;fadeIn&#8221;]Loni Manuel And\u00fajar utrp\u011bl zran\u011bn\u00ed a poni\u010dil svou \u010dty\u0159kolku p\u0159i hav\u00e1rii v \u0161est\u00e9 etap\u011b a t\u00edm jeho pou\u0165 za obhajobou v\u00edt\u011bzstv\u00ed z roku 2021 p\u0159ed\u010dasn\u011b skon\u010dila. Argentincov\u00fdm odstoupen\u00edm se otev\u0159ela cesta Alexandru Giroudovi, jen\u017e p\u0159\u00edle\u017eitosti naplno vyu\u017eil a poprv\u00e9 Dakar vyhr\u00e1l. Letos And\u00fajar prahl po odvet\u011b, ale jeho nad\u011bje utrp\u011bly pov\u00e1\u017elivou trhlinu u\u017e ve zkr\u00e1cen\u00e9 t\u0159et\u00ed etap\u011b, v n\u00ed\u017e na Francouze ztratil skoro hodinu. Pak sice dok\u00e1zal vyhr\u00e1t dv\u011b etapy, ale bezchybn\u011b jedouc\u00edmu obh\u00e1jci v\u00edt\u011bzstv\u00ed se v\u00fdrazn\u011bji p\u0159ibl\u00ed\u017eit nedok\u00e1zal. Kalich ho\u0159kosti si vypil a\u017e do dna t\u0159i dny p\u0159ed koncem, kdy\u017e mu v prvn\u00ed \u010d\u00e1sti maratonsk\u00e9 dvojetapy explodoval motor.<\/p>\n<p>Naopak Alexandre Giroud si vybudoval rozhoduj\u00edc\u00ed n\u00e1skok hned v \u00favodu sout\u011b\u017ee a pak si prvn\u00ed pozici zku\u0161en\u011b hl\u00eddal. Do c\u00edle v Damm\u00e1mu dojel s n\u00e1skokem <span style=\"color: #333333;\">43 minut<\/span> p\u0159ed Argetincem Franciscem Morenem Floresem, kter\u00fd Dakar absolvoval teprve podruh\u00e9, a trofej za t\u0159et\u00ed m\u00edsto z\u00edskal ji\u017e pot\u0159et\u00ed v kari\u00e9\u0159e velezku\u0161en\u00fd Argentinec \u017eij\u00edc\u00ed v USA Pablo Copetti.[\/vc_column_text][vc_single_image image=&#8221;24233&#8243; img_size=&#8221;large&#8221; add_caption=&#8221;yes&#8221; alignment=&#8221;center&#8221; onclick=&#8221;link_image&#8221; css_animation=&#8221;fadeIn&#8221;][vc_column_text css_animation=&#8221;fadeIn&#8221;]V\u00fdborn\u011b si p\u0159i dakarsk\u00e9 premi\u00e9\u0159e po\u010d\u00ednal Juraj Varga. Slov\u00e1k se po And\u00fajarov\u011b odstoupen\u00ed pevn\u011b usadil na \u010dtvrt\u00e9 pozici a udr\u017eel ji a\u017e do konce z\u00e1vodu.<\/p>\n<p>\u010cesk\u00fd \u010dty\u0159kolk\u00e1\u0159 Zden\u011bk T\u016fma byl na Dakaru \u010dtvrt\u00fd p\u0159ed rokem, ale p\u0159i sv\u00e9m p\u00e1t\u00e9m startu slavn\u00fd marat\u00f3n poprv\u00e9 nedokon\u010dil. Pades\u00e1tilet\u00e9ho jezdce t\u00fdmu Barth Racing tentokr\u00e1t potr\u00e1pila technika, defekty i p\u00e1dy. Po hav\u00e1rii ve \u010dtvrt\u00e9 etap\u011b doj\u00ed\u017ed\u011bl do c\u00edle bolestiv\u011b potlu\u010den\u00fd a za tmy, p\u0159esto se druh\u00fd den pustil do souboje s n\u00e1strahami sa\u00fadskoarabsk\u00e9 krajiny znovu. Ale u\u017e to ne\u0161lo. P\u0159ed \u0161estou etapou se rozhodl odstoupit.<\/p>\n<p><em>\u201eLetos to fakt byla od za\u010d\u00e1tku jedna velk\u00e1 sm\u016fla. Vyvrcholilo to p\u00e1dem ve \u010dtvrt\u00e9 etap\u011b, po kter\u00e9m jsem si myslel, \u017ee u\u017e se nezvednu. Odnesly to nohy i \u010dty\u0159kolka. Zkusil jsem je\u0161t\u011b zabojovat a nevzdat to, ale zdrav\u00ed je p\u0159edn\u011bj\u0161\u00ed,\u201c<\/em> \u0159\u00edk\u00e1 <strong>Zden\u011bk T\u016fma<\/strong>. <em>\u201eByl jsem na vy\u0161et\u0159en\u00ed, jestli nem\u00e1m v noze n\u011bco natr\u017een\u00e9ho nebo zlomen\u00e9ho. To se nepotvrdilo, ale m\u00e1m obrovskou mod\u0159inu p\u0159es cel\u00e9 stehno a je to hrozn\u011b bolestiv\u00e9. Bylo t\u011b\u017ek\u00e9 si to p\u0159iznat, ale bylo rozumn\u00e9 to tr\u00e1pen\u00ed ukon\u010dit, aby se nestalo je\u0161t\u011b n\u011bco hor\u0161\u00edho. M\u011bl jsem vlastn\u011b \u0161t\u011bst\u00ed, \u017ee jsem si ty nohy nezlomil. Nemohl jsem v\u0161ak jet tak, jak bych si p\u0159\u00e1l. Ka\u017edop\u00e1dn\u011b to byl nejdrsn\u011bj\u0161\u00ed Dakar, co jsem za\u017eil.\u201c<\/em>[\/vc_column_text][vc_single_image image=&#8221;23955&#8243; img_size=&#8221;large&#8221; add_caption=&#8221;yes&#8221; alignment=&#8221;center&#8221; onclick=&#8221;custom_link&#8221; img_link_target=&#8221;_blank&#8221; css_animation=&#8221;fadeIn&#8221; link=&#8221;http:\/\/eshop.dakarmania.cz\/casopis\/&#8221;][vc_empty_space height=&#8221;2px&#8221;][\/vc_column][\/vc_row]<\/p>\n","protected":false},"excerpt":{"rendered":"<p>Alexandre Giroud podruh\u00e9 vyhr\u00e1l dakarskou rally v kategorii \u010dty\u0159kolek a p\u0159i obhajob\u011b lo\u0148sk\u00e9ho v\u00edt\u011bzstv\u00ed si po\u010d\u00ednal velmi suver\u00e9nn\u011b. N\u00e1ro\u010dn\u00fd dakarsk\u00fd ro\u010dn\u00edk zdolal hned napoprv\u00e9 Slov\u00e1k Juraj Varga.<\/p>\n","protected":false},"author":1,"featured_media":24233,"comment_status":"closed","ping_status":"closed","sticky":false,"template":"","format":"standard","meta":{"footnotes":""},"categories":[1923,15],"tags":[1705,1527,1626,8,1797,1973,745,1830,1843,168,683],"class_list":["post-24235","post","type-post","status-publish","format-standard","has-post-thumbnail","hentry","category-dakar-2023","category-moto-quad","tag-1705","tag-alexandre-giroud","tag-barth-racing","tag-dakar","tag-dakar-2023","tag-francisco-moreno-flores","tag-juraj-varga","tag-manuel-andujar","tag-pablo-copetti","tag-yamaha","tag-zdenek-tuma"],"yoast_head":"<!-- This site is optimized with the Yoast SEO plugin v24.9 - https:\/\/yoast.com\/wordpress\/plugins\/seo\/ -->\n<title>Dakar 2023: Slov\u00e1k Varga p\u0159i debutu \u010dtvrt\u00fd. Giroud obh\u00e1jil - DAKARMANIA.cz<\/title>\n<meta name=\"description\" content=\"Alexandre Giroud podruh\u00e9 vyhr\u00e1l dakarskou rally v kategorii \u010dty\u0159kolek a p\u0159i obhajob\u011b lo\u0148sk\u00e9ho v\u00edt\u011bzstv\u00ed si po\u010d\u00ednal velmi suver\u00e9nn\u011b.\" \/>\n<meta name=\"robots\" content=\"index, follow, max-snippet:-1, max-image-preview:large, max-video-preview:-1\" \/>\n<link rel=\"canonical\" href=\"https:\/\/www.dakarmania.cz\/index.php\/2023\/01\/15\/dakar-2023-slovak-varga-pri-debutu-ctvrty-giroud-obhajil\/\" \/>\n<meta property=\"og:locale\" content=\"cs_CZ\" \/>\n<meta property=\"og:type\" content=\"article\" \/>\n<meta property=\"og:title\" content=\"Dakar 2023: Slov\u00e1k Varga p\u0159i debutu \u010dtvrt\u00fd. Giroud obh\u00e1jil - DAKARMANIA.cz\" \/>\n<meta property=\"og:description\" content=\"Alexandre Giroud podruh\u00e9 vyhr\u00e1l dakarskou rally v kategorii \u010dty\u0159kolek a p\u0159i obhajob\u011b lo\u0148sk\u00e9ho v\u00edt\u011bzstv\u00ed si po\u010d\u00ednal velmi suver\u00e9nn\u011b.\" \/>\n<meta property=\"og:url\" content=\"https:\/\/www.dakarmania.cz\/index.php\/2023\/01\/15\/dakar-2023-slovak-varga-pri-debutu-ctvrty-giroud-obhajil\/\" \/>\n<meta property=\"og:site_name\" content=\"DAKARMANIA.cz\" \/>\n<meta property=\"article:publisher\" content=\"https:\/\/www.facebook.com\/dakarmania\/\" \/>\n<meta property=\"article:published_time\" content=\"2023-01-15T07:37:59+00:00\" \/>\n<meta property=\"og:image\" content=\"https:\/\/www.dakarmania.cz\/wp-content\/uploads\/2023\/01\/23-dkr-varga-01.jpg\" \/>\n\t<meta property=\"og:image:width\" content=\"1024\" \/>\n\t<meta property=\"og:image:height\" content=\"683\" \/>\n\t<meta property=\"og:image:type\" content=\"image\/jpeg\" \/>\n<meta name=\"author\" content=\"Zden\u011bk Zelenka\" \/>\n<meta name=\"twitter:card\" content=\"summary_large_image\" \/>\n<meta name=\"twitter:label1\" content=\"Napsal(a)\" \/>\n\t<meta name=\"twitter:data1\" content=\"Zden\u011bk Zelenka\" \/>\n\t<meta name=\"twitter:label2\" content=\"Odhadovan\u00e1 doba \u010dten\u00ed\" \/>\n\t<meta name=\"twitter:data2\" content=\"3 minuty\" \/>\n<script type=\"application\/ld+json\" class=\"yoast-schema-graph\">{\"@context\":\"https:\/\/schema.org\",\"@graph\":[{\"@type\":\"Article\",\"@id\":\"https:\/\/www.dakarmania.cz\/index.php\/2023\/01\/15\/dakar-2023-slovak-varga-pri-debutu-ctvrty-giroud-obhajil\/#article\",\"isPartOf\":{\"@id\":\"https:\/\/www.dakarmania.cz\/index.php\/2023\/01\/15\/dakar-2023-slovak-varga-pri-debutu-ctvrty-giroud-obhajil\/\"},\"author\":{\"name\":\"Zden\u011bk Zelenka\",\"@id\":\"https:\/\/www.dakarmania.cz\/#\/schema\/person\/04eb0e87a389631c2169c0dddae7ff1e\"},\"headline\":\"Dakar 2023: Slov\u00e1k Varga p\u0159i debutu \u010dtvrt\u00fd. Giroud obh\u00e1jil\",\"datePublished\":\"2023-01-15T07:37:59+00:00\",\"mainEntityOfPage\":{\"@id\":\"https:\/\/www.dakarmania.cz\/index.php\/2023\/01\/15\/dakar-2023-slovak-varga-pri-debutu-ctvrty-giroud-obhajil\/\"},\"wordCount\":636,\"publisher\":{\"@id\":\"https:\/\/www.dakarmania.cz\/#organization\"},\"image\":{\"@id\":\"https:\/\/www.dakarmania.cz\/index.php\/2023\/01\/15\/dakar-2023-slovak-varga-pri-debutu-ctvrty-giroud-obhajil\/#primaryimage\"},\"thumbnailUrl\":\"https:\/\/www.dakarmania.cz\/wp-content\/uploads\/2023\/01\/23-dkr-varga-01.jpg\",\"keywords\":[\"2023\",\"Alexandre Giroud\",\"Barth Racing\",\"Dakar\",\"Dakar 2023\",\"Francisco Moreno Flores\",\"Juraj Varga\",\"Manuel And\u00fajar\",\"Pablo Copetti\",\"Yamaha\",\"Zden\u011bk T\u016fma\"],\"articleSection\":[\"Dakar 2023\",\"Moto\/Quad\"],\"inLanguage\":\"cs\"},{\"@type\":\"WebPage\",\"@id\":\"https:\/\/www.dakarmania.cz\/index.php\/2023\/01\/15\/dakar-2023-slovak-varga-pri-debutu-ctvrty-giroud-obhajil\/\",\"url\":\"https:\/\/www.dakarmania.cz\/index.php\/2023\/01\/15\/dakar-2023-slovak-varga-pri-debutu-ctvrty-giroud-obhajil\/\",\"name\":\"Dakar 2023: Slov\u00e1k Varga p\u0159i debutu \u010dtvrt\u00fd. Giroud obh\u00e1jil - DAKARMANIA.cz\",\"isPartOf\":{\"@id\":\"https:\/\/www.dakarmania.cz\/#website\"},\"primaryImageOfPage\":{\"@id\":\"https:\/\/www.dakarmania.cz\/index.php\/2023\/01\/15\/dakar-2023-slovak-varga-pri-debutu-ctvrty-giroud-obhajil\/#primaryimage\"},\"image\":{\"@id\":\"https:\/\/www.dakarmania.cz\/index.php\/2023\/01\/15\/dakar-2023-slovak-varga-pri-debutu-ctvrty-giroud-obhajil\/#primaryimage\"},\"thumbnailUrl\":\"https:\/\/www.dakarmania.cz\/wp-content\/uploads\/2023\/01\/23-dkr-varga-01.jpg\",\"datePublished\":\"2023-01-15T07:37:59+00:00\",\"description\":\"Alexandre Giroud podruh\u00e9 vyhr\u00e1l dakarskou rally v kategorii \u010dty\u0159kolek a p\u0159i obhajob\u011b lo\u0148sk\u00e9ho v\u00edt\u011bzstv\u00ed si po\u010d\u00ednal velmi suver\u00e9nn\u011b.\",\"breadcrumb\":{\"@id\":\"https:\/\/www.dakarmania.cz\/index.php\/2023\/01\/15\/dakar-2023-slovak-varga-pri-debutu-ctvrty-giroud-obhajil\/#breadcrumb\"},\"inLanguage\":\"cs\",\"potentialAction\":[{\"@type\":\"ReadAction\",\"target\":[\"https:\/\/www.dakarmania.cz\/index.php\/2023\/01\/15\/dakar-2023-slovak-varga-pri-debutu-ctvrty-giroud-obhajil\/\"]}]},{\"@type\":\"ImageObject\",\"inLanguage\":\"cs\",\"@id\":\"https:\/\/www.dakarmania.cz\/index.php\/2023\/01\/15\/dakar-2023-slovak-varga-pri-debutu-ctvrty-giroud-obhajil\/#primaryimage\",\"url\":\"https:\/\/www.dakarmania.cz\/wp-content\/uploads\/2023\/01\/23-dkr-varga-01.jpg\",\"contentUrl\":\"https:\/\/www.dakarmania.cz\/wp-content\/uploads\/2023\/01\/23-dkr-varga-01.jpg\",\"width\":1024,\"height\":683,\"caption\":\"Juraj Varga, Yamaha Raptor 700, Varga Motorsport Team. Dakar 2023. \u00a9 ASO\/DPPI\"},{\"@type\":\"BreadcrumbList\",\"@id\":\"https:\/\/www.dakarmania.cz\/index.php\/2023\/01\/15\/dakar-2023-slovak-varga-pri-debutu-ctvrty-giroud-obhajil\/#breadcrumb\",\"itemListElement\":[{\"@type\":\"ListItem\",\"position\":1,\"name\":\"Dom\u016f\",\"item\":\"https:\/\/www.dakarmania.cz\/\"},{\"@type\":\"ListItem\",\"position\":2,\"name\":\"Dakar 2023: Slov\u00e1k Varga p\u0159i debutu \u010dtvrt\u00fd. Giroud obh\u00e1jil\"}]},{\"@type\":\"WebSite\",\"@id\":\"https:\/\/www.dakarmania.cz\/#website\",\"url\":\"https:\/\/www.dakarmania.cz\/\",\"name\":\"DAKARMANIA.cz\",\"description\":\"\u017dijeme Dakarem cel\u00fd rok\",\"publisher\":{\"@id\":\"https:\/\/www.dakarmania.cz\/#organization\"},\"potentialAction\":[{\"@type\":\"SearchAction\",\"target\":{\"@type\":\"EntryPoint\",\"urlTemplate\":\"https:\/\/www.dakarmania.cz\/?s={search_term_string}\"},\"query-input\":{\"@type\":\"PropertyValueSpecification\",\"valueRequired\":true,\"valueName\":\"search_term_string\"}}],\"inLanguage\":\"cs\"},{\"@type\":\"Organization\",\"@id\":\"https:\/\/www.dakarmania.cz\/#organization\",\"name\":\"DAKAR MANIA\",\"url\":\"https:\/\/www.dakarmania.cz\/\",\"logo\":{\"@type\":\"ImageObject\",\"inLanguage\":\"cs\",\"@id\":\"https:\/\/www.dakarmania.cz\/#\/schema\/logo\/image\/\",\"url\":\"https:\/\/www.dakarmania.cz\/wp-content\/uploads\/2018\/12\/Dakar-Mania-Logo-Square-Orange.png\",\"contentUrl\":\"https:\/\/www.dakarmania.cz\/wp-content\/uploads\/2018\/12\/Dakar-Mania-Logo-Square-Orange.png\",\"width\":992,\"height\":992,\"caption\":\"DAKAR MANIA\"},\"image\":{\"@id\":\"https:\/\/www.dakarmania.cz\/#\/schema\/logo\/image\/\"},\"sameAs\":[\"https:\/\/www.facebook.com\/dakarmania\/\"]},{\"@type\":\"Person\",\"@id\":\"https:\/\/www.dakarmania.cz\/#\/schema\/person\/04eb0e87a389631c2169c0dddae7ff1e\",\"name\":\"Zden\u011bk Zelenka\",\"image\":{\"@type\":\"ImageObject\",\"inLanguage\":\"cs\",\"@id\":\"https:\/\/www.dakarmania.cz\/#\/schema\/person\/image\/\",\"url\":\"https:\/\/secure.gravatar.com\/avatar\/2c80d5a4942fe0900b73cc7d3837a509d6ee0a276a2b76dac95c92bd0763a89b?s=96&d=mm&r=g\",\"contentUrl\":\"https:\/\/secure.gravatar.com\/avatar\/2c80d5a4942fe0900b73cc7d3837a509d6ee0a276a2b76dac95c92bd0763a89b?s=96&d=mm&r=g\",\"caption\":\"Zden\u011bk Zelenka\"},\"description\":\"Moji d\u011bt\u0161t\u00ed hrdinov\u00e9 se jmenovali Loprais, Moskal, Neveu, Vatanen, Rahier... A tihle borci, jejich n\u00e1sledovn\u00edci a jejich p\u0159\u00edb\u011bhy m\u011b nep\u0159estali fascinovat ani po letech, kdy jsem vyrostl a zam\u011bstn\u00e1valy m\u011b jin\u00e9 discipl\u00edny motorsportu. Proto se zrodila DAKARMANIA.\",\"url\":\"https:\/\/www.dakarmania.cz\/index.php\/author\/dakarmania\/\"}]}<\/script>\n<!-- \/ Yoast SEO plugin. -->","yoast_head_json":{"title":"Dakar 2023: Slov\u00e1k Varga p\u0159i debutu \u010dtvrt\u00fd. Giroud obh\u00e1jil - DAKARMANIA.cz","description":"Alexandre Giroud podruh\u00e9 vyhr\u00e1l dakarskou rally v kategorii \u010dty\u0159kolek a p\u0159i obhajob\u011b lo\u0148sk\u00e9ho v\u00edt\u011bzstv\u00ed si po\u010d\u00ednal velmi suver\u00e9nn\u011b.","robots":{"index":"index","follow":"follow","max-snippet":"max-snippet:-1","max-image-preview":"max-image-preview:large","max-video-preview":"max-video-preview:-1"},"canonical":"https:\/\/www.dakarmania.cz\/index.php\/2023\/01\/15\/dakar-2023-slovak-varga-pri-debutu-ctvrty-giroud-obhajil\/","og_locale":"cs_CZ","og_type":"article","og_title":"Dakar 2023: Slov\u00e1k Varga p\u0159i debutu \u010dtvrt\u00fd. Giroud obh\u00e1jil - DAKARMANIA.cz","og_description":"Alexandre Giroud podruh\u00e9 vyhr\u00e1l dakarskou rally v kategorii \u010dty\u0159kolek a p\u0159i obhajob\u011b lo\u0148sk\u00e9ho v\u00edt\u011bzstv\u00ed si po\u010d\u00ednal velmi suver\u00e9nn\u011b.","og_url":"https:\/\/www.dakarmania.cz\/index.php\/2023\/01\/15\/dakar-2023-slovak-varga-pri-debutu-ctvrty-giroud-obhajil\/","og_site_name":"DAKARMANIA.cz","article_publisher":"https:\/\/www.facebook.com\/dakarmania\/","article_published_time":"2023-01-15T07:37:59+00:00","og_image":[{"width":1024,"height":683,"url":"https:\/\/www.dakarmania.cz\/wp-content\/uploads\/2023\/01\/23-dkr-varga-01.jpg","type":"image\/jpeg"}],"author":"Zden\u011bk Zelenka","twitter_card":"summary_large_image","twitter_misc":{"Napsal(a)":"Zden\u011bk Zelenka","Odhadovan\u00e1 doba \u010dten\u00ed":"3 minuty"},"schema":{"@context":"https:\/\/schema.org","@graph":[{"@type":"Article","@id":"https:\/\/www.dakarmania.cz\/index.php\/2023\/01\/15\/dakar-2023-slovak-varga-pri-debutu-ctvrty-giroud-obhajil\/#article","isPartOf":{"@id":"https:\/\/www.dakarmania.cz\/index.php\/2023\/01\/15\/dakar-2023-slovak-varga-pri-debutu-ctvrty-giroud-obhajil\/"},"author":{"name":"Zden\u011bk Zelenka","@id":"https:\/\/www.dakarmania.cz\/#\/schema\/person\/04eb0e87a389631c2169c0dddae7ff1e"},"headline":"Dakar 2023: Slov\u00e1k Varga p\u0159i debutu \u010dtvrt\u00fd. Giroud obh\u00e1jil","datePublished":"2023-01-15T07:37:59+00:00","mainEntityOfPage":{"@id":"https:\/\/www.dakarmania.cz\/index.php\/2023\/01\/15\/dakar-2023-slovak-varga-pri-debutu-ctvrty-giroud-obhajil\/"},"wordCount":636,"publisher":{"@id":"https:\/\/www.dakarmania.cz\/#organization"},"image":{"@id":"https:\/\/www.dakarmania.cz\/index.php\/2023\/01\/15\/dakar-2023-slovak-varga-pri-debutu-ctvrty-giroud-obhajil\/#primaryimage"},"thumbnailUrl":"https:\/\/www.dakarmania.cz\/wp-content\/uploads\/2023\/01\/23-dkr-varga-01.jpg","keywords":["2023","Alexandre Giroud","Barth Racing","Dakar","Dakar 2023","Francisco Moreno Flores","Juraj Varga","Manuel And\u00fajar","Pablo Copetti","Yamaha","Zden\u011bk T\u016fma"],"articleSection":["Dakar 2023","Moto\/Quad"],"inLanguage":"cs"},{"@type":"WebPage","@id":"https:\/\/www.dakarmania.cz\/index.php\/2023\/01\/15\/dakar-2023-slovak-varga-pri-debutu-ctvrty-giroud-obhajil\/","url":"https:\/\/www.dakarmania.cz\/index.php\/2023\/01\/15\/dakar-2023-slovak-varga-pri-debutu-ctvrty-giroud-obhajil\/","name":"Dakar 2023: Slov\u00e1k Varga p\u0159i debutu \u010dtvrt\u00fd. Giroud obh\u00e1jil - DAKARMANIA.cz","isPartOf":{"@id":"https:\/\/www.dakarmania.cz\/#website"},"primaryImageOfPage":{"@id":"https:\/\/www.dakarmania.cz\/index.php\/2023\/01\/15\/dakar-2023-slovak-varga-pri-debutu-ctvrty-giroud-obhajil\/#primaryimage"},"image":{"@id":"https:\/\/www.dakarmania.cz\/index.php\/2023\/01\/15\/dakar-2023-slovak-varga-pri-debutu-ctvrty-giroud-obhajil\/#primaryimage"},"thumbnailUrl":"https:\/\/www.dakarmania.cz\/wp-content\/uploads\/2023\/01\/23-dkr-varga-01.jpg","datePublished":"2023-01-15T07:37:59+00:00","description":"Alexandre Giroud podruh\u00e9 vyhr\u00e1l dakarskou rally v kategorii \u010dty\u0159kolek a p\u0159i obhajob\u011b lo\u0148sk\u00e9ho v\u00edt\u011bzstv\u00ed si po\u010d\u00ednal velmi suver\u00e9nn\u011b.","breadcrumb":{"@id":"https:\/\/www.dakarmania.cz\/index.php\/2023\/01\/15\/dakar-2023-slovak-varga-pri-debutu-ctvrty-giroud-obhajil\/#breadcrumb"},"inLanguage":"cs","potentialAction":[{"@type":"ReadAction","target":["https:\/\/www.dakarmania.cz\/index.php\/2023\/01\/15\/dakar-2023-slovak-varga-pri-debutu-ctvrty-giroud-obhajil\/"]}]},{"@type":"ImageObject","inLanguage":"cs","@id":"https:\/\/www.dakarmania.cz\/index.php\/2023\/01\/15\/dakar-2023-slovak-varga-pri-debutu-ctvrty-giroud-obhajil\/#primaryimage","url":"https:\/\/www.dakarmania.cz\/wp-content\/uploads\/2023\/01\/23-dkr-varga-01.jpg","contentUrl":"https:\/\/www.dakarmania.cz\/wp-content\/uploads\/2023\/01\/23-dkr-varga-01.jpg","width":1024,"height":683,"caption":"Juraj Varga, Yamaha Raptor 700, Varga Motorsport Team. Dakar 2023. \u00a9 ASO\/DPPI"},{"@type":"BreadcrumbList","@id":"https:\/\/www.dakarmania.cz\/index.php\/2023\/01\/15\/dakar-2023-slovak-varga-pri-debutu-ctvrty-giroud-obhajil\/#breadcrumb","itemListElement":[{"@type":"ListItem","position":1,"name":"Dom\u016f","item":"https:\/\/www.dakarmania.cz\/"},{"@type":"ListItem","position":2,"name":"Dakar 2023: Slov\u00e1k Varga p\u0159i debutu \u010dtvrt\u00fd. Giroud obh\u00e1jil"}]},{"@type":"WebSite","@id":"https:\/\/www.dakarmania.cz\/#website","url":"https:\/\/www.dakarmania.cz\/","name":"DAKARMANIA.cz","description":"\u017dijeme Dakarem cel\u00fd rok","publisher":{"@id":"https:\/\/www.dakarmania.cz\/#organization"},"potentialAction":[{"@type":"SearchAction","target":{"@type":"EntryPoint","urlTemplate":"https:\/\/www.dakarmania.cz\/?s={search_term_string}"},"query-input":{"@type":"PropertyValueSpecification","valueRequired":true,"valueName":"search_term_string"}}],"inLanguage":"cs"},{"@type":"Organization","@id":"https:\/\/www.dakarmania.cz\/#organization","name":"DAKAR MANIA","url":"https:\/\/www.dakarmania.cz\/","logo":{"@type":"ImageObject","inLanguage":"cs","@id":"https:\/\/www.dakarmania.cz\/#\/schema\/logo\/image\/","url":"https:\/\/www.dakarmania.cz\/wp-content\/uploads\/2018\/12\/Dakar-Mania-Logo-Square-Orange.png","contentUrl":"https:\/\/www.dakarmania.cz\/wp-content\/uploads\/2018\/12\/Dakar-Mania-Logo-Square-Orange.png","width":992,"height":992,"caption":"DAKAR MANIA"},"image":{"@id":"https:\/\/www.dakarmania.cz\/#\/schema\/logo\/image\/"},"sameAs":["https:\/\/www.facebook.com\/dakarmania\/"]},{"@type":"Person","@id":"https:\/\/www.dakarmania.cz\/#\/schema\/person\/04eb0e87a389631c2169c0dddae7ff1e","name":"Zden\u011bk Zelenka","image":{"@type":"ImageObject","inLanguage":"cs","@id":"https:\/\/www.dakarmania.cz\/#\/schema\/person\/image\/","url":"https:\/\/secure.gravatar.com\/avatar\/2c80d5a4942fe0900b73cc7d3837a509d6ee0a276a2b76dac95c92bd0763a89b?s=96&d=mm&r=g","contentUrl":"https:\/\/secure.gravatar.com\/avatar\/2c80d5a4942fe0900b73cc7d3837a509d6ee0a276a2b76dac95c92bd0763a89b?s=96&d=mm&r=g","caption":"Zden\u011bk Zelenka"},"description":"Moji d\u011bt\u0161t\u00ed hrdinov\u00e9 se jmenovali Loprais, Moskal, Neveu, Vatanen, Rahier... A tihle borci, jejich n\u00e1sledovn\u00edci a jejich p\u0159\u00edb\u011bhy m\u011b nep\u0159estali fascinovat ani po letech, kdy jsem vyrostl a zam\u011bstn\u00e1valy m\u011b jin\u00e9 discipl\u00edny motorsportu. Proto se zrodila DAKARMANIA.","url":"https:\/\/www.dakarmania.cz\/index.php\/author\/dakarmania\/"}]}},"amp_enabled":true,"_links":{"self":[{"href":"https:\/\/www.dakarmania.cz\/index.php\/wp-json\/wp\/v2\/posts\/24235","targetHints":{"allow":["GET"]}}],"collection":[{"href":"https:\/\/www.dakarmania.cz\/index.php\/wp-json\/wp\/v2\/posts"}],"about":[{"href":"https:\/\/www.dakarmania.cz\/index.php\/wp-json\/wp\/v2\/types\/post"}],"author":[{"embeddable":true,"href":"https:\/\/www.dakarmania.cz\/index.php\/wp-json\/wp\/v2\/users\/1"}],"replies":[{"embeddable":true,"href":"https:\/\/www.dakarmania.cz\/index.php\/wp-json\/wp\/v2\/comments?post=24235"}],"version-history":[{"count":2,"href":"https:\/\/www.dakarmania.cz\/index.php\/wp-json\/wp\/v2\/posts\/24235\/revisions"}],"predecessor-version":[{"id":24244,"href":"https:\/\/www.dakarmania.cz\/index.php\/wp-json\/wp\/v2\/posts\/24235\/revisions\/24244"}],"wp:featuredmedia":[{"embeddable":true,"href":"https:\/\/www.dakarmania.cz\/index.php\/wp-json\/wp\/v2\/media\/24233"}],"wp:attachment":[{"href":"https:\/\/www.dakarmania.cz\/index.php\/wp-json\/wp\/v2\/media?parent=24235"}],"wp:term":[{"taxonomy":"category","embeddable":true,"href":"https:\/\/www.dakarmania.cz\/index.php\/wp-json\/wp\/v2\/categories?post=24235"},{"taxonomy":"post_tag","embeddable":true,"href":"https:\/\/www.dakarmania.cz\/index.php\/wp-json\/wp\/v2\/tags?post=24235"}],"curies":[{"name":"wp","href":"https:\/\/api.w.org\/{rel}","templated":true}]}}