{"id":24239,"date":"2023-01-15T09:25:00","date_gmt":"2023-01-15T08:25:00","guid":{"rendered":"https:\/\/www.dakarmania.cz\/?p=24239"},"modified":"2023-01-15T10:29:00","modified_gmt":"2023-01-15T09:29:00","slug":"dakar-2023-zaverecny-rozstrel-pro-benavidese-rozhodlo-43-sekund","status":"publish","type":"post","link":"https:\/\/www.dakarmania.cz\/index.php\/2023\/01\/15\/dakar-2023-zaverecny-rozstrel-pro-benavidese-rozhodlo-43-sekund\/","title":{"rendered":"Dakar 2023: Z\u00e1v\u011bre\u010dn\u00fd rozst\u0159el pro Benavidese. Rozhodlo 43 sekund"},"content":{"rendered":"<p>[vc_row][vc_column][vc_column_text css_animation=&#8221;fadeIn&#8221;]<\/p>\n<h3><span style=\"color: #333333;\">45. ro\u010dn\u00edk Rally Dakar se do historie sout\u011b\u017ee zap\u00ed\u0161e nejen svou mimo\u0159\u00e1dnou n\u00e1ro\u010dnost\u00ed, ale tak\u00e9 z\u00e1v\u011bre\u010dn\u00fdm soubojem dvou t\u00fdmov\u00fdch koleg\u016f o v\u00edt\u011bzstv\u00ed. V n\u011bm byl nakonec \u00fasp\u011b\u0161n\u011bj\u0161\u00ed Kevin Benavides. Toby Price po 4 000 kilometr\u016f rychlostn\u00edch zkou\u0161ek prohr\u00e1l o pouh\u00fdch 43 sekund.<\/span><\/h3>\n<p>[\/vc_column_text][vc_single_image image=&#8221;24237&#8243; img_size=&#8221;large&#8221; add_caption=&#8221;yes&#8221; alignment=&#8221;center&#8221; onclick=&#8221;link_image&#8221; css_animation=&#8221;fadeIn&#8221;][vc_column_text css_animation=&#8221;fadeIn&#8221;]Tobyho Price a Kevina Benavidese d\u011blilo p\u0159ed z\u00e1v\u011bre\u010dnou etapou z Hofufu do Damm\u00e1mu (celkem 417 km, RZ 138 km) pouh\u00fdch dvan\u00e1ct sekund. Tak mal\u00fd rozestup mezi dv\u011bma vedouc\u00edmi jezdci v jak\u00e9koliv kategorii p\u0159ed z\u00e1v\u011bre\u010dn\u00fdm dnem sout\u011b\u017ee za celou dakarskou historii je\u0161t\u011b nikdy nebyl. Pokud bychom rozd\u00edl v \u010dasech p\u0159epo\u010d\u00edtali na vzd\u00e1lenost, pak by m\u011bl Australan p\u0159ed Argentincem p\u0159ed posledn\u00ed etapou a po zhruba 3 900 km rychlostn\u00edch zkou\u0161ek, odjet\u00fdch v pr\u016fb\u011bhu p\u0159edchoz\u00edch patn\u00e1cti dn\u016f, jen asi t\u0159istametrov\u00fd n\u00e1skok.<\/p>\n<p>U\u017e to samo o sob\u011b slibovalo velk\u00e9 drama, ale z\u00e1v\u011bre\u010dn\u00e1 sportovn\u00ed laskomina byla je\u0161t\u011b \u0159\u00e1dn\u011b oko\u0159en\u011bn\u00e1. Proti sob\u011b st\u00e1li dva t\u00fdmov\u00ed kolegov\u00e9 spol\u00e9haj\u00edc\u00ed na identickou tov\u00e1rn\u00ed techniku KTM, a nav\u00edc jezdci, kte\u0159\u00ed ji\u017e d\u0159\u00edve dok\u00e1zali Dakar vyhr\u00e1t.<\/p>\n<p>35let\u00e9ho Price zdobila v pr\u016fb\u011bhu sout\u011b\u017ee velk\u00e1 vyrovnanost. A\u017e na dv\u011b v\u00fdjimky se v jednotliv\u00fdch etap\u00e1ch umis\u0165oval mezi \u0161esti nejrychlej\u0161\u00edmi a h\u016f\u0159 ne\u017e \u0161est\u00fd nebyl za celou dobu ani v pr\u016fb\u011b\u017en\u00e9m po\u0159ad\u00ed. P\u0159esto\u017ee nevyhr\u00e1l \u017e\u00e1dnou speci\u00e1lu (nejl\u00e9pe byl druh\u00fd), po dvan\u00e1ct\u00e9 etap\u011b se ujal veden\u00ed, kter\u00e9 udr\u017eel i n\u00e1sleduj\u00edc\u00ed den.[\/vc_column_text][vc_single_image image=&#8221;24238&#8243; img_size=&#8221;large&#8221; add_caption=&#8221;yes&#8221; alignment=&#8221;center&#8221; onclick=&#8221;link_image&#8221; css_animation=&#8221;fadeIn&#8221;][vc_column_text css_animation=&#8221;fadeIn&#8221;]Obdobn\u011b vyrovnanou \u2013 a v n\u011bkter\u00fdch ohledech je\u0161t\u011b lep\u0161\u00ed \u2013 bilanc\u00ed se mohl pochlubit tak\u00e9 o dva roky mlad\u0161\u00ed Benavides. Argentinec nikdy nevypadl z prvn\u00ed \u010dty\u0159ky pr\u016fb\u011b\u017en\u00e9 klasifikace, po des\u00e1t\u00e9 etap\u011b vedl a t\u0159in\u00e1ctou vyhr\u00e1l.<\/p>\n<p>Na tom ale v ned\u011bli 15. ledna u\u017e p\u0159\u00edli\u0161 nez\u00e1le\u017eelo. O v\u00edt\u011bzi \u0161estn\u00e1ctidenn\u00edho z\u00e1polen\u00ed m\u011bla rozhodnout relativn\u011b velmi rychl\u00e1 a naviga\u010dn\u011b nep\u0159\u00edli\u0161 obt\u00ed\u017en\u00e1 speci\u00e1lka vinouc\u00ed se po pob\u0159e\u017e\u00ed Persk\u00e9ho z\u00e1livu.<\/p>\n<p>\u00dasp\u011b\u0161n\u011bj\u0161\u00ed byl nakonec Kevin Benavides, jen\u017e si p\u0159ipsal druh\u00e9 etapov\u00e9 v\u00edt\u011bzstv\u00ed v tomto ro\u010dn\u00edku. Priceovi pat\u0159il t\u0159et\u00ed \u010das, kdy\u017e na trati str\u00e1vil o 55 sekund v\u00edce ne\u017e jeho soupe\u0159. D\u00edky tomu Argentinec vyhr\u00e1l Rally Dakar 2023 v kategorii motocykl\u016f s n\u00e1skokem pouh\u00fdch 43 sekund. Trofej pro v\u00edt\u011bze nejslavn\u011bj\u0161\u00ed maratonsk\u00e9 rally sv\u011bta z\u00edskal ji\u017e podruh\u00e9, poprv\u00e9 v\u0161ak v barv\u00e1ch KTM, do jej\u00edho\u017e t\u00fdmu p\u0159estoupil od Hondy bezprost\u0159edn\u011b po triumfu na Dakaru 2021.<\/p>\n<p><em>\u201eJsem samoz\u0159ejm\u011b zklaman\u00fd, proto\u017ee jsme byli tak bl\u00edzko, ale Kevin odvedl skv\u011blou pr\u00e1ci,\u201c<\/em> oce\u0148uje soupe\u0159e a t\u00fdmov\u00e9ho kolegu <strong>Toby Price<\/strong>. <em>\u201eJsem jen trochu frustrovan\u00fd, \u017ee posledn\u00ed den uplat\u0148ovali pravidlo dvaceti metr\u016f p\u0159i pr\u016fjezdu waypointy. Musel jsem se t\u0159ikr\u00e1t vracet, zat\u00edmco Kevin \u0159\u00edkal, \u017ee se vracel jen jednou. Mysl\u00edm, \u017ee tyhle dva body n\u00e1s st\u00e1ly cel\u00fd z\u00e1vod. Trochu to bol\u00ed, t\u011b\u017eko se s t\u00edm v tuto chv\u00edli smi\u0159uji, ale nakonec jsem v po\u0159\u00e1dku v c\u00edli a z\u00edskali jsme dakarskou trofej. Ka\u017edop\u00e1dn\u011b rok 2023 pro n\u00e1s rozhodn\u011b za\u010dal mnohem l\u00e9pe ne\u017e rok 2022.\u201c<\/em><\/p>\n<p>Rakousk\u00e1 KTM se na dakarsk\u00fd tr\u016fn vrac\u00ed po t\u0159\u00edlet\u00e9 p\u0159est\u00e1vce a celkov\u011b se jedn\u00e1 u\u017e o jej\u00ed devaten\u00e1ct\u00fd triumf na nejpopul\u00e1rn\u011bj\u0161\u00ed maratonsk\u00e9 rally sv\u011bta.<\/p>\n<p><em>\u201eDnes r\u00e1no jsem v hlav\u011b nem\u011bl nic jin\u00e9ho ne\u017e ka\u017ed\u00fd kilometr t\u00e9to speci\u00e1lky. Slavit v\u00edt\u011bzstv\u00ed na konci takto \u0161\u00edlen\u00e9ho Dakaru a s tak mal\u00fdm odstupem je naprosto neuv\u011b\u0159iteln\u00e9,\u201c<\/em> raduje se <strong>Kevin Benavides<\/strong>.[\/vc_column_text][vc_single_image image=&#8221;24240&#8243; img_size=&#8221;large&#8221; add_caption=&#8221;yes&#8221; alignment=&#8221;center&#8221; onclick=&#8221;link_image&#8221; css_animation=&#8221;fadeIn&#8221;][vc_column_text css_animation=&#8221;fadeIn&#8221;]Skyler Howes dlouho usiloval o anga\u017em\u00e1 v tov\u00e1rn\u00edm t\u00fdmu a kdy\u017e se kone\u010dn\u011b do\u010dkal, nedopadlo to pr\u00e1v\u011b optim\u00e1ln\u011b. P\u0159ed rokem dojel na Dakaru jen do p\u00e1t\u00e9 etapy, ale letos sv\u00e9ho zam\u011bstnavatele utvrdil, \u017ee vsadil na spr\u00e1vn\u00e9ho kon\u011b. Na tov\u00e1rn\u00ed Husqvarn\u011b sice nevyhr\u00e1l \u017e\u00e1dnou speci\u00e1lku, ale od p\u00e1t\u00e9 do dev\u00e1t\u00e9 a pak je\u0161t\u011b po jeden\u00e1ct\u00e9 etap\u011b vedl, a na c\u00edlov\u00e9 ramp\u011b v Damm\u00e1mu slavil premi\u00e9rov\u00fd dakarsk\u00fd bronz. Na v\u00edt\u011bzn\u00e9ho Benavidese chyb\u011blo t\u0159icetilet\u00e9mu Ameri\u010danovi jen p\u011bt minut a \u010dty\u0159i sekundy.<\/p>\n<p><em>\u201eT\u011b\u017eko se mohu c\u00edtit jinak ne\u017e \u0161\u0165astn\u011b. Minuta a p\u016fl po v\u00edce ne\u017e \u010dty\u0159iceti hodin\u00e1ch z\u00e1vod\u011bn\u00ed. Bylo to v\u00e1\u017en\u011b t\u011bsn\u00e9\u2026 Jasn\u011b, kdy\u017e se \u010dlov\u011bk ohl\u00e9dne, v\u017edycky si m\u016f\u017ee \u0159\u00edct: \u201aHm, chlape, mo\u017en\u00e1 tam jsi mohl u\u0161et\u0159it tolik a t\u00e1mhle zase tolik\u2018. Ale jsme v po\u0159\u00e1dku v c\u00edli a j\u00e1 jsem na stupn\u00edch v\u00edt\u011bz\u016f. Splnil se mi sen a je pro m\u011b ct\u00ed, \u017ee budu na p\u00f3diu s takov\u00fdmi legendami, jako jsou Toby a Kevin. To je naprosto neskute\u010dn\u00fd pocit. Ani nev\u00edm, jak bych ho m\u011bl popsat,\u201c<\/em> hled\u00e1 slova <strong>Skyler Howes<\/strong>. <em>\u201eT\u011b\u0161\u00edm se, jak se na Dakar vr\u00e1t\u00edm a znovu do toho p\u016fjdu naplno, abych postoupil zase o stup\u00ednek v\u00fd\u0161.\u201c<\/em><\/p>\n<p>Po\u0159ad\u00ed se ale m\u011bnilo i t\u011bsn\u011b za medailov\u00fdmi pozicemi. Pablo Quintanilla odsunul ze \u010dtvrt\u00e9ho na p\u00e1t\u00e9 m\u00edsto t\u00fdmov\u00e9ho kolegu Adriena Van Beverena, kter\u00fd u Hondy zakotvil v pr\u016fb\u011bhu lo\u0148sk\u00e9ho roku pot\u00e9, co se Yamaha rozhodla zru\u0161it sv\u016fj tov\u00e1rn\u00ed t\u00fdm v kategorii motocykl\u016f. Nov\u00e9mu chlebod\u00e1rci se Francouz za d\u016fv\u011bru odvd\u011b\u010dil den po sv\u00fdch dvaat\u0159ic\u00e1t\u00fdch narozenin\u00e1ch, kdy byl nejrychlej\u0161\u00ed na speci\u00e1lce p\u00e1t\u00e9 etapy a pro Hondu tak vybojoval jej\u00ed ji\u017e st\u00e9 etapov\u00e9 v\u00edt\u011bzstv\u00ed na Dakaru. Jos\u00e9 Ignacio Cornejo byl s dal\u0161\u00ed Hondou osm\u00fd, p\u0159esto\u017ee na Silvestra z\u00e1vod nerozjel v\u016fbec dob\u0159e a v prologu upadl hned v prvn\u00ed zat\u00e1\u010dce.[\/vc_column_text][vc_single_image image=&#8221;23955&#8243; img_size=&#8221;large&#8221; add_caption=&#8221;yes&#8221; alignment=&#8221;center&#8221; onclick=&#8221;custom_link&#8221; img_link_target=&#8221;_blank&#8221; css_animation=&#8221;fadeIn&#8221; link=&#8221;http:\/\/eshop.dakarmania.cz\/casopis\/&#8221;][vc_column_text css_animation=&#8221;fadeIn&#8221;]P\u0159ed Chilana se v kone\u010dn\u00fdch v\u00fdsledc\u00edch vkl\u00ednil je\u0161t\u011b Benavides\u016fv mlad\u0161\u00ed bratr Luciano s Husqvarnou, kter\u00fd \u0161est\u00fdm m\u00edstem zopakoval sv\u016fj nejlep\u0161\u00ed v\u00fdsledek z roku 2020. Sedmadvacetilet\u00fd Argentinec a\u017e do leto\u0161ka nevyhr\u00e1l \u017e\u00e1dnou dakarskou etapu, ov\u0161em tentokr\u00e1t usp\u011bl hned t\u0159ikr\u00e1t, co\u017e se \u017e\u00e1dn\u00e9mu dal\u0161\u00edmu jezdci nepoda\u0159ilo.<\/p>\n<p>Loni v\u00edt\u011bzn\u00fd t\u00fdm GasGas se letos mus\u00ed spokojit se sedm\u00fdm m\u00edstem Daniela Sanderse, nebo\u0165 obh\u00e1jce v\u00edt\u011bzstv\u00ed Sam Sunderland odstoupil ze sout\u011b\u017ee po p\u00e1du u\u017e v prvn\u00ed etap\u011b. Chv\u00edli se zd\u00e1lo, \u017ee Sanders dok\u00e1\u017ee zku\u0161en\u011bj\u0161\u00edho kolegu zcela zastoupit, proto\u017ee Australan po v\u00edt\u011bzstv\u00ed ve druh\u00e9 etap\u011b dva dny vedl, jen\u017ee o den pozd\u011bji se vzbudil a jeho kondice m\u011bla k ide\u00e1lu daleko. Jezdce Red Bull GasGas Factory Racing Teamu tr\u00e1pily nep\u0159\u00edjemn\u00e9 \u017ealude\u010dn\u00ed probl\u00e9my a \u00fanava, co\u017e v\u00fdznamn\u011b ovlivnilo jeho v\u00fdkon. Za dan\u00fdch okolnost\u00ed je Australanovo um\u00edst\u011bn\u00ed v nabit\u00e9 konkurenci \u00factyhodn\u00fdm po\u010dinem.<\/p>\n<p>Prvn\u00ed des\u00edtku zkompletovali \u0160pan\u011bl Lorenzo Santolino, kter\u00fd sout\u011b\u017e dokon\u010dil jako jedin\u00fd z jezdc\u016f tov\u00e1rn\u00edho t\u00fdmu Sherco, a Franco Caimi. Argentinec pro zm\u011bnu zachra\u0148oval \u010dest tov\u00e1rn\u00edho t\u00fdmu Hero, jeho\u017e \u010dlenov\u00e9 se budou sna\u017eit rychle zapomenout na \u010dtvrtou etapu, v n\u00ed\u017e musel se zlomenou nohou odstoupit Joaquim Rodrigues, Sebastianu B\u00fchlerovi do\u0161lo palivo a Ross Branch dlouho odstra\u0148oval poruchu motocyklu. Botwa\u0148an veden\u00ed t\u00fdmu pot\u011b\u0161il alespo\u0148 dv\u011bma v\u00fdhrami v etap\u00e1ch.[\/vc_column_text][vc_single_image image=&#8221;24241&#8243; img_size=&#8221;large&#8221; add_caption=&#8221;yes&#8221; alignment=&#8221;center&#8221; onclick=&#8221;link_image&#8221; css_animation=&#8221;fadeIn&#8221;][vc_column_text css_animation=&#8221;fadeIn&#8221;]Jeden\u00e1ct\u00fd Martin Michek byl navzdory bolestiv\u011b pochrouman\u00e9mu kotn\u00edku nejlep\u0161\u00ed nejen mezi \u010desk\u00fdmi motocyklisty, ale tak\u00e9 mezi jezdci, kte\u0159\u00ed h\u00e1j\u00ed barvy soukrom\u00fdch t\u00fdm\u016f. Od des\u00e1t\u00e9ho Caimiho jej v c\u00edli d\u011blily \u010dty\u0159i minuty a dvacet sekund. Osm minut za Michkem sout\u011b\u017e dokon\u010dil zku\u0161en\u00fd \u0160tefan Svitko ze Slovenska.<\/p>\n<p><span style=\"color: #333333;\">Nejlep\u0161\u00edm nov\u00e1\u010dkem<\/span> se stal Michael Docherty. Ve Spojen\u00fdch arabsk\u00fdch emir\u00e1tech \u017eij\u00edc\u00ed Jihoafri\u010dan skon\u010dil celkov\u011b <span style=\"color: #333333;\">\u0161estn\u00e1ct\u00fd<\/span> a bl\u00fdskl se t\u0159et\u00edm \u010dasem v des\u00e1t\u00e9 a druh\u00fdm ve t\u0159in\u00e1ct\u00e9 etap\u011b, co\u017e se \u017e\u00e1dn\u00e9mu jin\u00e9mu jezdci kategorie Rally2, ur\u010den\u00e9 pro soukromn\u00edky a m\u00e9n\u011b zku\u0161en\u00e9 jezdce, nepoda\u0159ilo.<\/p>\n<p>Ve zm\u00edn\u011bn\u00e9 kategorii Rally2 <span style=\"color: #333333;\">vyhr\u00e1l celkov\u011b \u010dtrn\u00e1ct\u00fd <\/span>Francouz Romain Dumontier s <span style=\"color: #333333;\">p\u016flhodinov\u00fd<\/span> n\u00e1skokem p\u0159ed Italem Paolem Luccim. Docherty, jemu\u017e nechyb\u00ed rychlost, ale zat\u00edm postr\u00e1d\u00e1 v\u011bt\u0161\u00ed vyrovnanost, obsadil <span style=\"color: #333333;\">t\u0159et\u00ed<\/span> p\u0159\u00ed\u010dku.<\/p>\n<p>David Pabi\u0161ka byl mezi motocyklisty, kte\u0159\u00ed sout\u011b\u017e absolvovali bez asistence, klasifikov\u00e1n jako <span style=\"color: #333333;\">\u010dtvrt\u00fd <\/span>s <span style=\"color: #333333;\">t\u0159\u00edhodinovou ztr\u00e1tou na v\u00edt\u011bzn\u00e9ho Charana Moora z Ji\u017en\u00ed Afriky. Od t\u0159et\u00edho Portugalce Maria Patraa<\/span> d\u011blily severo\u010desk\u00e9ho z\u00e1vodn\u00edka dv\u011b hodiny.<\/p>\n<p>Jan Brabec p\u0159i \u0161est\u00e9m startu Dakar pop\u00e1t\u00e9 dokon\u010dil. Celkov\u011b obsadil <span style=\"color: #333333;\">31. m\u00edsto, v Rally2<\/span> byl patn\u00e1ct\u00fd.<\/p>\n<p>Libor Podmol a Milan Engel sout\u011b\u017e opustili p\u0159ed\u010dasn\u011b. Podmol upadl hned v prvn\u00ed etap\u011b a zlomit si hrudn\u00ed obratel a t\u0159i \u017eebra, Engela zradila o \u010dty\u0159i dny pozd\u011bji technika.[\/vc_column_text][vc_empty_space height=&#8221;2px&#8221;][\/vc_column][\/vc_row]<\/p>\n","protected":false},"excerpt":{"rendered":"<p>45. ro\u010dn\u00edk Rally Dakar se do historie sout\u011b\u017ee zap\u00ed\u0161e nejen svou mimo\u0159\u00e1dnou n\u00e1ro\u010dnost\u00ed, ale tak\u00e9 z\u00e1v\u011bre\u010dn\u00fdm soubojem dvou t\u00fdmov\u00fdch koleg\u016f o v\u00edt\u011bzstv\u00ed.<\/p>\n","protected":false},"author":1,"featured_media":24237,"comment_status":"closed","ping_status":"closed","sticky":false,"template":"","format":"standard","meta":{"footnotes":""},"categories":[1923,15],"tags":[1705,8,1797,63],"class_list":["post-24239","post","type-post","status-publish","format-standard","has-post-thumbnail","hentry","category-dakar-2023","category-moto-quad","tag-1705","tag-dakar","tag-dakar-2023","tag-ktm"],"yoast_head":"<!-- This site is optimized with the Yoast SEO plugin v24.9 - https:\/\/yoast.com\/wordpress\/plugins\/seo\/ -->\n<title>Dakar 2023: Z\u00e1v\u011bre\u010dn\u00fd rozst\u0159el pro Benavidese. Rozhodlo 43 sekund - DAKARMANIA.cz<\/title>\n<meta name=\"description\" content=\"45. ro\u010dn\u00edk Rally Dakar se do historie sout\u011b\u017ee zap\u00ed\u0161e nejen svou mimo\u0159\u00e1dnou n\u00e1ro\u010dnost\u00ed, ale tak\u00e9 z\u00e1v\u011bre\u010dn\u00fdm soubojem dvou t\u00fdmov\u00fdch koleg\u016f o v\u00edt\u011bzstv\u00ed.\" \/>\n<meta name=\"robots\" content=\"index, follow, max-snippet:-1, max-image-preview:large, max-video-preview:-1\" \/>\n<link rel=\"canonical\" href=\"https:\/\/www.dakarmania.cz\/index.php\/2023\/01\/15\/dakar-2023-zaverecny-rozstrel-pro-benavidese-rozhodlo-43-sekund\/\" \/>\n<meta property=\"og:locale\" content=\"cs_CZ\" \/>\n<meta property=\"og:type\" content=\"article\" \/>\n<meta property=\"og:title\" content=\"Dakar 2023: Z\u00e1v\u011bre\u010dn\u00fd rozst\u0159el pro Benavidese. Rozhodlo 43 sekund - DAKARMANIA.cz\" \/>\n<meta property=\"og:description\" content=\"45. ro\u010dn\u00edk Rally Dakar se do historie sout\u011b\u017ee zap\u00ed\u0161e nejen svou mimo\u0159\u00e1dnou n\u00e1ro\u010dnost\u00ed, ale tak\u00e9 z\u00e1v\u011bre\u010dn\u00fdm soubojem dvou t\u00fdmov\u00fdch koleg\u016f o v\u00edt\u011bzstv\u00ed.\" \/>\n<meta property=\"og:url\" content=\"https:\/\/www.dakarmania.cz\/index.php\/2023\/01\/15\/dakar-2023-zaverecny-rozstrel-pro-benavidese-rozhodlo-43-sekund\/\" \/>\n<meta property=\"og:site_name\" content=\"DAKARMANIA.cz\" \/>\n<meta property=\"article:publisher\" content=\"https:\/\/www.facebook.com\/dakarmania\/\" \/>\n<meta property=\"article:published_time\" content=\"2023-01-15T08:25:00+00:00\" \/>\n<meta property=\"article:modified_time\" content=\"2023-01-15T09:29:00+00:00\" \/>\n<meta property=\"og:image\" content=\"https:\/\/www.dakarmania.cz\/wp-content\/uploads\/2023\/01\/23-dkr-benavides-k-01.jpg\" \/>\n\t<meta property=\"og:image:width\" content=\"1024\" \/>\n\t<meta property=\"og:image:height\" content=\"683\" \/>\n\t<meta property=\"og:image:type\" content=\"image\/jpeg\" \/>\n<meta name=\"author\" content=\"Zden\u011bk Zelenka\" \/>\n<meta name=\"twitter:card\" content=\"summary_large_image\" \/>\n<meta name=\"twitter:label1\" content=\"Napsal(a)\" \/>\n\t<meta name=\"twitter:data1\" content=\"Zden\u011bk Zelenka\" \/>\n\t<meta name=\"twitter:label2\" content=\"Odhadovan\u00e1 doba \u010dten\u00ed\" \/>\n\t<meta name=\"twitter:data2\" content=\"7 minut\" \/>\n<script type=\"application\/ld+json\" class=\"yoast-schema-graph\">{\"@context\":\"https:\/\/schema.org\",\"@graph\":[{\"@type\":\"Article\",\"@id\":\"https:\/\/www.dakarmania.cz\/index.php\/2023\/01\/15\/dakar-2023-zaverecny-rozstrel-pro-benavidese-rozhodlo-43-sekund\/#article\",\"isPartOf\":{\"@id\":\"https:\/\/www.dakarmania.cz\/index.php\/2023\/01\/15\/dakar-2023-zaverecny-rozstrel-pro-benavidese-rozhodlo-43-sekund\/\"},\"author\":{\"name\":\"Zden\u011bk Zelenka\",\"@id\":\"https:\/\/www.dakarmania.cz\/#\/schema\/person\/04eb0e87a389631c2169c0dddae7ff1e\"},\"headline\":\"Dakar 2023: Z\u00e1v\u011bre\u010dn\u00fd rozst\u0159el pro Benavidese. Rozhodlo 43 sekund\",\"datePublished\":\"2023-01-15T08:25:00+00:00\",\"dateModified\":\"2023-01-15T09:29:00+00:00\",\"mainEntityOfPage\":{\"@id\":\"https:\/\/www.dakarmania.cz\/index.php\/2023\/01\/15\/dakar-2023-zaverecny-rozstrel-pro-benavidese-rozhodlo-43-sekund\/\"},\"wordCount\":1777,\"publisher\":{\"@id\":\"https:\/\/www.dakarmania.cz\/#organization\"},\"image\":{\"@id\":\"https:\/\/www.dakarmania.cz\/index.php\/2023\/01\/15\/dakar-2023-zaverecny-rozstrel-pro-benavidese-rozhodlo-43-sekund\/#primaryimage\"},\"thumbnailUrl\":\"https:\/\/www.dakarmania.cz\/wp-content\/uploads\/2023\/01\/23-dkr-benavides-k-01.jpg\",\"keywords\":[\"2023\",\"Dakar\",\"Dakar 2023\",\"KTM\"],\"articleSection\":[\"Dakar 2023\",\"Moto\/Quad\"],\"inLanguage\":\"cs\"},{\"@type\":\"WebPage\",\"@id\":\"https:\/\/www.dakarmania.cz\/index.php\/2023\/01\/15\/dakar-2023-zaverecny-rozstrel-pro-benavidese-rozhodlo-43-sekund\/\",\"url\":\"https:\/\/www.dakarmania.cz\/index.php\/2023\/01\/15\/dakar-2023-zaverecny-rozstrel-pro-benavidese-rozhodlo-43-sekund\/\",\"name\":\"Dakar 2023: Z\u00e1v\u011bre\u010dn\u00fd rozst\u0159el pro Benavidese. Rozhodlo 43 sekund - DAKARMANIA.cz\",\"isPartOf\":{\"@id\":\"https:\/\/www.dakarmania.cz\/#website\"},\"primaryImageOfPage\":{\"@id\":\"https:\/\/www.dakarmania.cz\/index.php\/2023\/01\/15\/dakar-2023-zaverecny-rozstrel-pro-benavidese-rozhodlo-43-sekund\/#primaryimage\"},\"image\":{\"@id\":\"https:\/\/www.dakarmania.cz\/index.php\/2023\/01\/15\/dakar-2023-zaverecny-rozstrel-pro-benavidese-rozhodlo-43-sekund\/#primaryimage\"},\"thumbnailUrl\":\"https:\/\/www.dakarmania.cz\/wp-content\/uploads\/2023\/01\/23-dkr-benavides-k-01.jpg\",\"datePublished\":\"2023-01-15T08:25:00+00:00\",\"dateModified\":\"2023-01-15T09:29:00+00:00\",\"description\":\"45. ro\u010dn\u00edk Rally Dakar se do historie sout\u011b\u017ee zap\u00ed\u0161e nejen svou mimo\u0159\u00e1dnou n\u00e1ro\u010dnost\u00ed, ale tak\u00e9 z\u00e1v\u011bre\u010dn\u00fdm soubojem dvou t\u00fdmov\u00fdch koleg\u016f o v\u00edt\u011bzstv\u00ed.\",\"breadcrumb\":{\"@id\":\"https:\/\/www.dakarmania.cz\/index.php\/2023\/01\/15\/dakar-2023-zaverecny-rozstrel-pro-benavidese-rozhodlo-43-sekund\/#breadcrumb\"},\"inLanguage\":\"cs\",\"potentialAction\":[{\"@type\":\"ReadAction\",\"target\":[\"https:\/\/www.dakarmania.cz\/index.php\/2023\/01\/15\/dakar-2023-zaverecny-rozstrel-pro-benavidese-rozhodlo-43-sekund\/\"]}]},{\"@type\":\"ImageObject\",\"inLanguage\":\"cs\",\"@id\":\"https:\/\/www.dakarmania.cz\/index.php\/2023\/01\/15\/dakar-2023-zaverecny-rozstrel-pro-benavidese-rozhodlo-43-sekund\/#primaryimage\",\"url\":\"https:\/\/www.dakarmania.cz\/wp-content\/uploads\/2023\/01\/23-dkr-benavides-k-01.jpg\",\"contentUrl\":\"https:\/\/www.dakarmania.cz\/wp-content\/uploads\/2023\/01\/23-dkr-benavides-k-01.jpg\",\"width\":1024,\"height\":683,\"caption\":\"Kevin Benavides, KTM 450 Rally, Red Bull KTM Factory Racing. Dakar 2023. \u00a9 ASO\/DPPI\"},{\"@type\":\"BreadcrumbList\",\"@id\":\"https:\/\/www.dakarmania.cz\/index.php\/2023\/01\/15\/dakar-2023-zaverecny-rozstrel-pro-benavidese-rozhodlo-43-sekund\/#breadcrumb\",\"itemListElement\":[{\"@type\":\"ListItem\",\"position\":1,\"name\":\"Dom\u016f\",\"item\":\"https:\/\/www.dakarmania.cz\/\"},{\"@type\":\"ListItem\",\"position\":2,\"name\":\"Dakar 2023: Z\u00e1v\u011bre\u010dn\u00fd rozst\u0159el pro Benavidese. Rozhodlo 43 sekund\"}]},{\"@type\":\"WebSite\",\"@id\":\"https:\/\/www.dakarmania.cz\/#website\",\"url\":\"https:\/\/www.dakarmania.cz\/\",\"name\":\"DAKARMANIA.cz\",\"description\":\"\u017dijeme Dakarem cel\u00fd rok\",\"publisher\":{\"@id\":\"https:\/\/www.dakarmania.cz\/#organization\"},\"potentialAction\":[{\"@type\":\"SearchAction\",\"target\":{\"@type\":\"EntryPoint\",\"urlTemplate\":\"https:\/\/www.dakarmania.cz\/?s={search_term_string}\"},\"query-input\":{\"@type\":\"PropertyValueSpecification\",\"valueRequired\":true,\"valueName\":\"search_term_string\"}}],\"inLanguage\":\"cs\"},{\"@type\":\"Organization\",\"@id\":\"https:\/\/www.dakarmania.cz\/#organization\",\"name\":\"DAKAR MANIA\",\"url\":\"https:\/\/www.dakarmania.cz\/\",\"logo\":{\"@type\":\"ImageObject\",\"inLanguage\":\"cs\",\"@id\":\"https:\/\/www.dakarmania.cz\/#\/schema\/logo\/image\/\",\"url\":\"https:\/\/www.dakarmania.cz\/wp-content\/uploads\/2018\/12\/Dakar-Mania-Logo-Square-Orange.png\",\"contentUrl\":\"https:\/\/www.dakarmania.cz\/wp-content\/uploads\/2018\/12\/Dakar-Mania-Logo-Square-Orange.png\",\"width\":992,\"height\":992,\"caption\":\"DAKAR MANIA\"},\"image\":{\"@id\":\"https:\/\/www.dakarmania.cz\/#\/schema\/logo\/image\/\"},\"sameAs\":[\"https:\/\/www.facebook.com\/dakarmania\/\"]},{\"@type\":\"Person\",\"@id\":\"https:\/\/www.dakarmania.cz\/#\/schema\/person\/04eb0e87a389631c2169c0dddae7ff1e\",\"name\":\"Zden\u011bk Zelenka\",\"image\":{\"@type\":\"ImageObject\",\"inLanguage\":\"cs\",\"@id\":\"https:\/\/www.dakarmania.cz\/#\/schema\/person\/image\/\",\"url\":\"https:\/\/secure.gravatar.com\/avatar\/2c80d5a4942fe0900b73cc7d3837a509d6ee0a276a2b76dac95c92bd0763a89b?s=96&d=mm&r=g\",\"contentUrl\":\"https:\/\/secure.gravatar.com\/avatar\/2c80d5a4942fe0900b73cc7d3837a509d6ee0a276a2b76dac95c92bd0763a89b?s=96&d=mm&r=g\",\"caption\":\"Zden\u011bk Zelenka\"},\"description\":\"Moji d\u011bt\u0161t\u00ed hrdinov\u00e9 se jmenovali Loprais, Moskal, Neveu, Vatanen, Rahier... A tihle borci, jejich n\u00e1sledovn\u00edci a jejich p\u0159\u00edb\u011bhy m\u011b nep\u0159estali fascinovat ani po letech, kdy jsem vyrostl a zam\u011bstn\u00e1valy m\u011b jin\u00e9 discipl\u00edny motorsportu. Proto se zrodila DAKARMANIA.\",\"url\":\"https:\/\/www.dakarmania.cz\/index.php\/author\/dakarmania\/\"}]}<\/script>\n<!-- \/ Yoast SEO plugin. -->","yoast_head_json":{"title":"Dakar 2023: Z\u00e1v\u011bre\u010dn\u00fd rozst\u0159el pro Benavidese. Rozhodlo 43 sekund - DAKARMANIA.cz","description":"45. ro\u010dn\u00edk Rally Dakar se do historie sout\u011b\u017ee zap\u00ed\u0161e nejen svou mimo\u0159\u00e1dnou n\u00e1ro\u010dnost\u00ed, ale tak\u00e9 z\u00e1v\u011bre\u010dn\u00fdm soubojem dvou t\u00fdmov\u00fdch koleg\u016f o v\u00edt\u011bzstv\u00ed.","robots":{"index":"index","follow":"follow","max-snippet":"max-snippet:-1","max-image-preview":"max-image-preview:large","max-video-preview":"max-video-preview:-1"},"canonical":"https:\/\/www.dakarmania.cz\/index.php\/2023\/01\/15\/dakar-2023-zaverecny-rozstrel-pro-benavidese-rozhodlo-43-sekund\/","og_locale":"cs_CZ","og_type":"article","og_title":"Dakar 2023: Z\u00e1v\u011bre\u010dn\u00fd rozst\u0159el pro Benavidese. Rozhodlo 43 sekund - DAKARMANIA.cz","og_description":"45. ro\u010dn\u00edk Rally Dakar se do historie sout\u011b\u017ee zap\u00ed\u0161e nejen svou mimo\u0159\u00e1dnou n\u00e1ro\u010dnost\u00ed, ale tak\u00e9 z\u00e1v\u011bre\u010dn\u00fdm soubojem dvou t\u00fdmov\u00fdch koleg\u016f o v\u00edt\u011bzstv\u00ed.","og_url":"https:\/\/www.dakarmania.cz\/index.php\/2023\/01\/15\/dakar-2023-zaverecny-rozstrel-pro-benavidese-rozhodlo-43-sekund\/","og_site_name":"DAKARMANIA.cz","article_publisher":"https:\/\/www.facebook.com\/dakarmania\/","article_published_time":"2023-01-15T08:25:00+00:00","article_modified_time":"2023-01-15T09:29:00+00:00","og_image":[{"width":1024,"height":683,"url":"https:\/\/www.dakarmania.cz\/wp-content\/uploads\/2023\/01\/23-dkr-benavides-k-01.jpg","type":"image\/jpeg"}],"author":"Zden\u011bk Zelenka","twitter_card":"summary_large_image","twitter_misc":{"Napsal(a)":"Zden\u011bk Zelenka","Odhadovan\u00e1 doba \u010dten\u00ed":"7 minut"},"schema":{"@context":"https:\/\/schema.org","@graph":[{"@type":"Article","@id":"https:\/\/www.dakarmania.cz\/index.php\/2023\/01\/15\/dakar-2023-zaverecny-rozstrel-pro-benavidese-rozhodlo-43-sekund\/#article","isPartOf":{"@id":"https:\/\/www.dakarmania.cz\/index.php\/2023\/01\/15\/dakar-2023-zaverecny-rozstrel-pro-benavidese-rozhodlo-43-sekund\/"},"author":{"name":"Zden\u011bk Zelenka","@id":"https:\/\/www.dakarmania.cz\/#\/schema\/person\/04eb0e87a389631c2169c0dddae7ff1e"},"headline":"Dakar 2023: Z\u00e1v\u011bre\u010dn\u00fd rozst\u0159el pro Benavidese. Rozhodlo 43 sekund","datePublished":"2023-01-15T08:25:00+00:00","dateModified":"2023-01-15T09:29:00+00:00","mainEntityOfPage":{"@id":"https:\/\/www.dakarmania.cz\/index.php\/2023\/01\/15\/dakar-2023-zaverecny-rozstrel-pro-benavidese-rozhodlo-43-sekund\/"},"wordCount":1777,"publisher":{"@id":"https:\/\/www.dakarmania.cz\/#organization"},"image":{"@id":"https:\/\/www.dakarmania.cz\/index.php\/2023\/01\/15\/dakar-2023-zaverecny-rozstrel-pro-benavidese-rozhodlo-43-sekund\/#primaryimage"},"thumbnailUrl":"https:\/\/www.dakarmania.cz\/wp-content\/uploads\/2023\/01\/23-dkr-benavides-k-01.jpg","keywords":["2023","Dakar","Dakar 2023","KTM"],"articleSection":["Dakar 2023","Moto\/Quad"],"inLanguage":"cs"},{"@type":"WebPage","@id":"https:\/\/www.dakarmania.cz\/index.php\/2023\/01\/15\/dakar-2023-zaverecny-rozstrel-pro-benavidese-rozhodlo-43-sekund\/","url":"https:\/\/www.dakarmania.cz\/index.php\/2023\/01\/15\/dakar-2023-zaverecny-rozstrel-pro-benavidese-rozhodlo-43-sekund\/","name":"Dakar 2023: Z\u00e1v\u011bre\u010dn\u00fd rozst\u0159el pro Benavidese. Rozhodlo 43 sekund - DAKARMANIA.cz","isPartOf":{"@id":"https:\/\/www.dakarmania.cz\/#website"},"primaryImageOfPage":{"@id":"https:\/\/www.dakarmania.cz\/index.php\/2023\/01\/15\/dakar-2023-zaverecny-rozstrel-pro-benavidese-rozhodlo-43-sekund\/#primaryimage"},"image":{"@id":"https:\/\/www.dakarmania.cz\/index.php\/2023\/01\/15\/dakar-2023-zaverecny-rozstrel-pro-benavidese-rozhodlo-43-sekund\/#primaryimage"},"thumbnailUrl":"https:\/\/www.dakarmania.cz\/wp-content\/uploads\/2023\/01\/23-dkr-benavides-k-01.jpg","datePublished":"2023-01-15T08:25:00+00:00","dateModified":"2023-01-15T09:29:00+00:00","description":"45. ro\u010dn\u00edk Rally Dakar se do historie sout\u011b\u017ee zap\u00ed\u0161e nejen svou mimo\u0159\u00e1dnou n\u00e1ro\u010dnost\u00ed, ale tak\u00e9 z\u00e1v\u011bre\u010dn\u00fdm soubojem dvou t\u00fdmov\u00fdch koleg\u016f o v\u00edt\u011bzstv\u00ed.","breadcrumb":{"@id":"https:\/\/www.dakarmania.cz\/index.php\/2023\/01\/15\/dakar-2023-zaverecny-rozstrel-pro-benavidese-rozhodlo-43-sekund\/#breadcrumb"},"inLanguage":"cs","potentialAction":[{"@type":"ReadAction","target":["https:\/\/www.dakarmania.cz\/index.php\/2023\/01\/15\/dakar-2023-zaverecny-rozstrel-pro-benavidese-rozhodlo-43-sekund\/"]}]},{"@type":"ImageObject","inLanguage":"cs","@id":"https:\/\/www.dakarmania.cz\/index.php\/2023\/01\/15\/dakar-2023-zaverecny-rozstrel-pro-benavidese-rozhodlo-43-sekund\/#primaryimage","url":"https:\/\/www.dakarmania.cz\/wp-content\/uploads\/2023\/01\/23-dkr-benavides-k-01.jpg","contentUrl":"https:\/\/www.dakarmania.cz\/wp-content\/uploads\/2023\/01\/23-dkr-benavides-k-01.jpg","width":1024,"height":683,"caption":"Kevin Benavides, KTM 450 Rally, Red Bull KTM Factory Racing. Dakar 2023. \u00a9 ASO\/DPPI"},{"@type":"BreadcrumbList","@id":"https:\/\/www.dakarmania.cz\/index.php\/2023\/01\/15\/dakar-2023-zaverecny-rozstrel-pro-benavidese-rozhodlo-43-sekund\/#breadcrumb","itemListElement":[{"@type":"ListItem","position":1,"name":"Dom\u016f","item":"https:\/\/www.dakarmania.cz\/"},{"@type":"ListItem","position":2,"name":"Dakar 2023: Z\u00e1v\u011bre\u010dn\u00fd rozst\u0159el pro Benavidese. Rozhodlo 43 sekund"}]},{"@type":"WebSite","@id":"https:\/\/www.dakarmania.cz\/#website","url":"https:\/\/www.dakarmania.cz\/","name":"DAKARMANIA.cz","description":"\u017dijeme Dakarem cel\u00fd rok","publisher":{"@id":"https:\/\/www.dakarmania.cz\/#organization"},"potentialAction":[{"@type":"SearchAction","target":{"@type":"EntryPoint","urlTemplate":"https:\/\/www.dakarmania.cz\/?s={search_term_string}"},"query-input":{"@type":"PropertyValueSpecification","valueRequired":true,"valueName":"search_term_string"}}],"inLanguage":"cs"},{"@type":"Organization","@id":"https:\/\/www.dakarmania.cz\/#organization","name":"DAKAR MANIA","url":"https:\/\/www.dakarmania.cz\/","logo":{"@type":"ImageObject","inLanguage":"cs","@id":"https:\/\/www.dakarmania.cz\/#\/schema\/logo\/image\/","url":"https:\/\/www.dakarmania.cz\/wp-content\/uploads\/2018\/12\/Dakar-Mania-Logo-Square-Orange.png","contentUrl":"https:\/\/www.dakarmania.cz\/wp-content\/uploads\/2018\/12\/Dakar-Mania-Logo-Square-Orange.png","width":992,"height":992,"caption":"DAKAR MANIA"},"image":{"@id":"https:\/\/www.dakarmania.cz\/#\/schema\/logo\/image\/"},"sameAs":["https:\/\/www.facebook.com\/dakarmania\/"]},{"@type":"Person","@id":"https:\/\/www.dakarmania.cz\/#\/schema\/person\/04eb0e87a389631c2169c0dddae7ff1e","name":"Zden\u011bk Zelenka","image":{"@type":"ImageObject","inLanguage":"cs","@id":"https:\/\/www.dakarmania.cz\/#\/schema\/person\/image\/","url":"https:\/\/secure.gravatar.com\/avatar\/2c80d5a4942fe0900b73cc7d3837a509d6ee0a276a2b76dac95c92bd0763a89b?s=96&d=mm&r=g","contentUrl":"https:\/\/secure.gravatar.com\/avatar\/2c80d5a4942fe0900b73cc7d3837a509d6ee0a276a2b76dac95c92bd0763a89b?s=96&d=mm&r=g","caption":"Zden\u011bk Zelenka"},"description":"Moji d\u011bt\u0161t\u00ed hrdinov\u00e9 se jmenovali Loprais, Moskal, Neveu, Vatanen, Rahier... A tihle borci, jejich n\u00e1sledovn\u00edci a jejich p\u0159\u00edb\u011bhy m\u011b nep\u0159estali fascinovat ani po letech, kdy jsem vyrostl a zam\u011bstn\u00e1valy m\u011b jin\u00e9 discipl\u00edny motorsportu. Proto se zrodila DAKARMANIA.","url":"https:\/\/www.dakarmania.cz\/index.php\/author\/dakarmania\/"}]}},"amp_enabled":true,"_links":{"self":[{"href":"https:\/\/www.dakarmania.cz\/index.php\/wp-json\/wp\/v2\/posts\/24239","targetHints":{"allow":["GET"]}}],"collection":[{"href":"https:\/\/www.dakarmania.cz\/index.php\/wp-json\/wp\/v2\/posts"}],"about":[{"href":"https:\/\/www.dakarmania.cz\/index.php\/wp-json\/wp\/v2\/types\/post"}],"author":[{"embeddable":true,"href":"https:\/\/www.dakarmania.cz\/index.php\/wp-json\/wp\/v2\/users\/1"}],"replies":[{"embeddable":true,"href":"https:\/\/www.dakarmania.cz\/index.php\/wp-json\/wp\/v2\/comments?post=24239"}],"version-history":[{"count":9,"href":"https:\/\/www.dakarmania.cz\/index.php\/wp-json\/wp\/v2\/posts\/24239\/revisions"}],"predecessor-version":[{"id":24251,"href":"https:\/\/www.dakarmania.cz\/index.php\/wp-json\/wp\/v2\/posts\/24239\/revisions\/24251"}],"wp:featuredmedia":[{"embeddable":true,"href":"https:\/\/www.dakarmania.cz\/index.php\/wp-json\/wp\/v2\/media\/24237"}],"wp:attachment":[{"href":"https:\/\/www.dakarmania.cz\/index.php\/wp-json\/wp\/v2\/media?parent=24239"}],"wp:term":[{"taxonomy":"category","embeddable":true,"href":"https:\/\/www.dakarmania.cz\/index.php\/wp-json\/wp\/v2\/categories?post=24239"},{"taxonomy":"post_tag","embeddable":true,"href":"https:\/\/www.dakarmania.cz\/index.php\/wp-json\/wp\/v2\/tags?post=24239"}],"curies":[{"name":"wp","href":"https:\/\/api.w.org\/{rel}","templated":true}]}}