{"id":24254,"date":"2023-01-15T11:01:27","date_gmt":"2023-01-15T10:01:27","guid":{"rendered":"https:\/\/www.dakarmania.cz\/?p=24254"},"modified":"2023-01-15T11:39:09","modified_gmt":"2023-01-15T10:39:09","slug":"dakar-2023-prokop-zopakoval-nejlepsi-vysledek","status":"publish","type":"post","link":"https:\/\/www.dakarmania.cz\/index.php\/2023\/01\/15\/dakar-2023-prokop-zopakoval-nejlepsi-vysledek\/","title":{"rendered":"Dakar 2023: Prokop s Chytkou zopakovali nejlep\u0161\u00ed \u010desk\u00fd v\u00fdsledek. Al-Attiyah pop\u00e1t\u00e9"},"content":{"rendered":"<p>[vc_row][vc_column][vc_column_text css_animation=&#8221;fadeIn&#8221;]<\/p>\n<h3>Nasser Al-Attiyah a Mathieu Baumel s tov\u00e1rn\u00ed Toyotou GR DKR Hilux \u00fasp\u011b\u0161n\u011b obh\u00e1jili lo\u0148sk\u00e9 v\u00edt\u011bzstv\u00ed. V z\u00e1v\u011bre\u010dn\u00e9 etap\u011b z Hofufu do Damm\u00e1mu (celkem 417 km, RZ 138 km) nem\u011bli nejmen\u0161\u00ed d\u016fvod riskovat a pro v\u00fdhru v 45. ro\u010dn\u00edku dakarsk\u00e9 rally si dojeli s komfortn\u00edm n\u00e1skokem jedn\u00e9 hodiny a osmn\u00e1cti minut p\u0159ed S\u00e9bastienem Loebem.<\/h3>\n<p>[\/vc_column_text][vc_single_image image=&#8221;24253&#8243; img_size=&#8221;large&#8221; add_caption=&#8221;yes&#8221; alignment=&#8221;center&#8221; onclick=&#8221;link_image&#8221; css_animation=&#8221;fadeIn&#8221;][vc_column_text css_animation=&#8221;fadeIn&#8221;]Pos\u00e1dka tov\u00e1rn\u00edho t\u00fdmu Toyoty podala a\u017e profesorsk\u00fd v\u00fdkon. Veden\u00ed se ujala u\u017e po t\u0159et\u00ed etap\u011b a o t\u0159i dny pozd\u011bji z\u016fstala na \u0161pici de facto nik\u00fdm neohro\u017eov\u00e1na, kdy\u017e do t\u00e9 doby druh\u00fd St\u00e9phane Peterhansel odstoupil ze sout\u011b\u017ee kv\u016fli zran\u011bn\u00ed p\u00e1te\u0159e sv\u00e9ho spolujezdce Edouarda Boulangera a dosud \u010dtvrt\u00fd Carlos Sainz (oba Audi) na stejn\u00e9m m\u00edst\u011b dlouh\u00e9 hodiny \u010dekal na asisten\u010dn\u00ed kamion, aby mu jeho pos\u00e1dka pomohla s opravou vozu po\u0161kozen\u00e9ho p\u0159i hav\u00e1rii. O dni volna v Rij\u00e1du m\u011bl Al-Attiyah u\u017e v\u00edce ne\u017e hodinov\u00fd n\u00e1skok, co\u017e pro n\u011bj bylo velmi povzbudiv\u00e9. V \u017e\u00e1dn\u00e9m z ro\u010dn\u00edk\u016f, kter\u00e9 p\u0159edt\u00edm vyhr\u00e1l (2011, 2015, 2019 a 2022), toti\u017e o voln\u00e9m dnu nikdy nevedl o v\u00edce ne\u017e pades\u00e1t minut.<\/p>\n<p>Al-Attiyah vyhr\u00e1l Rally Dakar u\u017e pop\u00e1t\u00e9, \u010d\u00edm\u017e p\u0159ekonal bilanci \u010dty\u0159n\u00e1sobn\u00e9ho v\u00edt\u011bze Ariho Vatanena a osamostatnil se na druh\u00e9 p\u0159\u00ed\u010dce historick\u00fdch tabulek. V\u00edckr\u00e1t na Dakaru ovl\u00e1dl kategorii automobil\u016f pouze Peterhansel (8x). Baumel dovedl Kata\u0159ana k triumfu po\u010dtvrt\u00e9 a d\u00edky tomu na druh\u00e9 pozici mezi navig\u00e1tory dostihl Michela P\u00e9rina. Toyota z\u00edskala zlatou trofej pot\u0159et\u00ed.<\/p>\n<p><em>\u201eJsem moc \u0161\u0165astn\u00fd, \u017ee jsme v c\u00edli, proto\u017ee pro v\u0161echny to byl t\u011b\u017ek\u00fd Dakar. My jsme nemuseli \u00fato\u010dit jako \u0161\u00edlen\u00ed, ale druh\u00fd t\u00fdden jsme zvl\u00e1dli, vyhr\u00e1li jsme Dakar a to se po\u010d\u00edt\u00e1. Jsem moc r\u00e1d, \u017ee jsem vyhr\u00e1l p\u011btkr\u00e1t a Mathieu \u010dty\u0159ikr\u00e1t\u2026 Promi\u0148, Mathieu! Nesm\u00edrn\u011b respektuji Ariho, po\u0159\u00e1d z\u016fst\u00e1v\u00e1 m\u00fdm idolem,\u201c<\/em> chrlil ze sebe v c\u00edli <strong>Nasser Al-Attiyah<\/strong>. <em>\u201ePo\u0159\u00e1d chci vyhr\u00e1vat znovu a znovu, tak\u017ee te\u010f chci obh\u00e1jit titul mistra sv\u011bta.\u201c<\/em><\/p>\n<p>Sv\u00fdmi v\u00fdkony tak celkov\u00e9 v\u00edt\u011bze v jednotliv\u00fdch etap\u00e1ch zast\u00ednili S\u00e9bastien Loeb a Fabian Lurquin. Francouzsko-belgick\u00e9 duo srazila s\u00e9rie defekt\u016f ve druh\u00e9 etap\u011b a\u017e na 31. pozici, ale od n\u00e1sleduj\u00edc\u00edho dne stoupal Hunter se startovn\u00edm \u010d\u00edslem 201 velk\u00fdmi skoky vzh\u016fru po\u0159ad\u00edm. A nic na tom nezm\u011bnilo ani p\u0159evr\u00e1cen\u00ed vozu na dun\u011b, ani pot\u00ed\u017ee s posilova\u010dem \u0159\u00edzen\u00ed. Pos\u00e1dka t\u00fdmu Bahrain Raid Xtreme vyhr\u00e1la celkem sedm etap, z toho \u0161est v \u0159ad\u011b, \u010d\u00edm\u017e p\u0159ekonala rekord Ariho Vatanena (p\u011bt v\u00edt\u011bzstv\u00ed v \u0159ad\u011b v roce 1989) a vyrovnala Sainz\u016fv historick\u00fd z\u00e1pis z roku 2011 (sedm etapov\u00fdch v\u00edt\u011bzstv\u00ed v jedin\u00e9m ro\u010dn\u00edku). Dev\u00edtin\u00e1sobn\u00fd mistr sv\u011bta v rally z\u00edskal dakarsk\u00e9 st\u0159\u00edbro pot\u0159et\u00ed (p\u0159edt\u00edm v letech 2017 a 2022), navig\u00e1tor Lurquin podruh\u00e9.[\/vc_column_text][vc_single_image image=&#8221;23955&#8243; img_size=&#8221;large&#8221; add_caption=&#8221;yes&#8221; alignment=&#8221;center&#8221; onclick=&#8221;custom_link&#8221; img_link_target=&#8221;_blank&#8221; css_animation=&#8221;fadeIn&#8221; link=&#8221;http:\/\/eshop.dakarmania.cz\/casopis\/&#8221;][vc_column_text css_animation=&#8221;fadeIn&#8221;]Obrovskou pozornost si vyslou\u017eil tak\u00e9 Lucas Moraes. 31let\u00fd dakarsk\u00fd debutant se po \u0161est\u00e9 etap\u011b, v n\u00ed\u017e ze souboje o um\u00edst\u011bn\u00ed na p\u00f3diu definitivn\u011b vypadli Peterhansel, Sainz i Yazeed Al-Rajhi, usadil na t\u0159et\u00ed p\u0159\u00ed\u010dce pr\u016fb\u011b\u017en\u00e9ho po\u0159ad\u00ed a s Toyotou z d\u00edlen belgick\u00e9ho Overdrivu v n\u00e1sleduj\u00edc\u00edch dnech ust\u00e1l tlak mnohem l\u00e9pe ne\u017e Henk Lategan disponuj\u00edc\u00ed tov\u00e1rn\u00edm Hiluxem, kter\u00e9ho m\u011bl v tu chv\u00edli Brazilec je\u0161t\u011b p\u0159ed sebou. A nejen to. Pod veden\u00edm zku\u0161en\u00e9ho n\u011bmeck\u00e9ho navig\u00e1tora Tima Gottschalka se nenechal rozhodit ani Loebov\u00fdm n\u00e1porem, d\u00e1l se soust\u0159edil jen na sebe a z Dakaru 2023 si odv\u00e1\u017e\u00ed trofej za t\u0159et\u00ed m\u00edsto.<\/p>\n<p><em>\u201eJe neskute\u010dn\u00e9, \u017ee se mi poda\u0159ilo dos\u00e1hnout takov\u00e9ho v\u00fdsledku napoprv\u00e9. Je to velice d\u016fle\u017eit\u00e9 pro celou brazilskou rallyovou komunitu, proto\u017ee nic takov\u00e9ho se d\u0159\u00edv nestalo. Te\u010f budu slavit se v\u0161emi brazilsk\u00fdmi fotografy, kte\u0159\u00ed tu jsou,\u201c<\/em> t\u011b\u0161\u00ed se <strong>Lucas Moraes<\/strong>.<\/p>\n<p>Historicky nejmlad\u0161\u00ed v\u00edt\u011bz Rally dos Sert\u00f5es, kter\u00e1 pat\u0159\u00ed k nejpresti\u017en\u011bj\u0161\u00edm podnik\u016fm jihoamerick\u00e9 sc\u00e9ny cross-country rally, je od roku 1988 prvn\u00edm nov\u00e1\u010dkem, kter\u00fd se na Dakaru v kategorii automobil\u016f prosadil na stupn\u011b v\u00edt\u011bz\u016f. Tehdy \u0161lo o Juhu Kankkunena, jen\u017e p\u0159i premi\u00e9\u0159e zv\u00edt\u011bzil. Stejn\u00fd kousek se o pouh\u00fd rok d\u0159\u00edve zda\u0159il tak\u00e9 Arimu Vatanenovi. A aby toho nebylo m\u00e1lo, mezi automobily se jedn\u00e1 t\u00e9\u017e o nejlep\u0161\u00ed v\u00fdsledek brazilsk\u00e9ho jezdce v dakarsk\u00e9 historii. Dosud j\u00edm bylo osm\u00e9 m\u00edsto Klevera Kolberga z roku 2002.<\/p>\n<p>Tak\u00e9 dal\u0161\u00ed dv\u011b m\u00edsta obsadily v kone\u010dn\u00fdch v\u00fdsledc\u00edch Hiluxy, ov\u0161em tentokr\u00e1t se jedn\u00e1 o vozy tov\u00e1rn\u00edho t\u00fdmu. Giniel de Villiers, kter\u00fd se v pr\u016fb\u011bhu roku v\u00fdznamnou m\u011brou pod\u00edl\u00ed na v\u00fdvoji dakarsk\u00fdch Toyot, op\u011bt spolehliv\u011b kryl z\u00e1da Al-Attiyahovi a vybojoval \u010dtvrtou p\u0159\u00ed\u010dku. P\u0159i sv\u00e9 dvac\u00e1t\u00e9 \u00fa\u010dasti doj\u00ed\u017ed\u00ed Jihoafri\u010dan podvac\u00e1t\u00e9 do c\u00edle, z toho podevaten\u00e1ct\u00e9 mezi des\u00edtkou nejlep\u0161\u00edch. Henk Lategan si p\u0159i t\u0159et\u00edm startu p\u0159ipisuje dosud nejlep\u0161\u00ed v\u00fdsledek v podob\u011b p\u00e1t\u00e9ho m\u00edsta.[\/vc_column_text][vc_single_image image=&#8221;24252&#8243; img_size=&#8221;large&#8221; add_caption=&#8221;yes&#8221; alignment=&#8221;center&#8221; onclick=&#8221;link_image&#8221; css_animation=&#8221;fadeIn&#8221;][vc_column_text css_animation=&#8221;fadeIn&#8221;]Martin Prokop a Viktor Chytka v sobotu zdolali p\u0159edposledn\u00ed etapu i s porouchan\u00fdm diferenci\u00e1lem a mechanici Orlen Benzina Teamu zodpov\u011bdn\u011b p\u0159ipravili jejich Ford i na z\u00e1v\u011bre\u010dn\u00fd den. Prokop s Chytkou posledn\u00ed erzetu zvl\u00e1dli a raduj\u00ed se ze \u0161est\u00e9ho m\u00edsta absolutn\u011b. Spole\u010dn\u011b tak vyrovnali dosud nejlep\u0161\u00ed v\u00fdsledek \u010desk\u00e9 pos\u00e1dky v kategorii automobil\u016f, o kter\u00fd se p\u0159ed \u010dty\u0159mi lety zaslou\u017eili Prokop s Janem Tom\u00e1nkem. V p\u0159\u00edpad\u011b brn\u011bnsk\u00e9ho navig\u00e1tora se jedn\u00e1 o jeho dosud nejlep\u0161\u00ed v\u00fdsledek na Dakaru.<\/p>\n<p><em>\u201eByl to dlouh\u00fd Dakar. Nejdel\u0161\u00ed tady v Sa\u00fadsk\u00e9 Ar\u00e1bii a rozhodn\u011b nejt\u011b\u017e\u0161\u00ed. Etapy byly kr\u00e1sn\u011b namixovan\u00e9, \u017e\u00e1dn\u00e1 z nich nebyla jednoduch\u00e1, \u017e\u00e1dn\u00e1 nebyla p\u0159ejezdov\u00e1. Tak\u017ee super z\u00e1\u017eitek,\u201c<\/em> bilancuje <strong>Martin Prokop<\/strong>. <em>\u201ePro n\u00e1s bylo nejd\u016fle\u017eit\u011bj\u0161\u00ed, \u017ee jsme zvl\u00e1dli t\u0159i miln\u00edky. Druhou etapu, kdy spousta lid\u00ed chybovala, ale my ne. Tam jsme se dostali do prvn\u00ed des\u00edtky a tu jsme celou dobu dr\u017eeli. Pak p\u011bt etap ve velk\u00e9 nadmo\u0159sk\u00e9 v\u00fd\u0161ce kolem H\u00e1ilu, kde jsme hrozn\u011b ztr\u00e1celi. To bylo psychicky n\u00e1ro\u010dn\u00e9, proto\u017ee n\u00e1m to bylo l\u00edto. Vid\u011bli jsme, \u017ee ten v\u00fdsledek ztr\u00e1c\u00edme, ale nemohli jsme s t\u00edm nic d\u011blat, ale vydr\u017eeli jsme to. No a potom ur\u010dit\u011b p\u0159edposledn\u00ed t\u0159in\u00e1ct\u00e1 etapa, kdy se n\u00e1m rozbil difer\u00e1k, ale nevzdali jsme to, dovezli jsme to do c\u00edle. To pro n\u00e1s byl asi nejemotivn\u011bj\u0161\u00ed okam\u017eik z cel\u00e9ho Dakaru. Dneska tady na bl\u00e1t\u011b byla povinnost Shreka dov\u00e9zt. Nebylo to nic srandovn\u00edho, ale Shrek je tady a j\u00e1 mus\u00edm pod\u011bkovat Viktorovi za skv\u011blou pr\u00e1ci.\u201c<\/em><\/p>\n<p>Sedmou p\u0159\u00ed\u010dku udr\u017eel Argentinec Lucas Cruz Yacopini s Toyotou, osm\u00fd skon\u010dil \u010c\u00ed\u0148an Wei Han s buginou SMG. Sm\u016flu m\u011bl Francouz Mathieu Serradori (Century), kter\u00fd po probl\u00e9mech v posledn\u00ed etap\u011b p\u0159i\u0161el o dev\u00e1t\u00e9 m\u00edsto, na kter\u00e9m jej vyst\u0159\u00eddal Argentinec Sebastian Halpern s Mini.<\/p>\n<p>\u00dactyhodnou st\u00edhac\u00ed j\u00edzdu nep\u0159edvedl pouze S\u00e9bastien Loeb, ale tak\u00e9 Guerlain Chicherit s dal\u0161\u00edm Hunterem. Po s\u00e9rii defekt\u016f ve druh\u00e9 etap\u011b se do toho v n\u00e1sleduj\u00edc\u00edch dnech opravdu op\u0159el, vyhr\u00e1l t\u0159et\u00ed etapu, jednou byl druh\u00fd, dvakr\u00e1t t\u0159et\u00ed a sout\u011b\u017e zakon\u010dil nejrychlej\u0161\u00edm \u010dasem na posledn\u00ed speci\u00e1lce. D\u00edky tomu se prodral z 71. pozice a\u017e na des\u00e1tou v c\u00edli![\/vc_column_text][vc_empty_space height=&#8221;2px&#8221;][\/vc_column][\/vc_row]<\/p>\n","protected":false},"excerpt":{"rendered":"<p>Nasser Al-Attiyah a Mathieu Baumel s tov\u00e1rn\u00ed Toyotou GR DKR Hilux \u00fasp\u011b\u0161n\u011b obh\u00e1jili lo\u0148sk\u00e9 v\u00edt\u011bzstv\u00ed. Pro v\u00fdhru v 45. ro\u010dn\u00edku dakarsk\u00e9 rally si dojeli s komfortn\u00edm n\u00e1skokem p\u0159ed S\u00e9bastienem Loebem.<\/p>\n","protected":false},"author":1,"featured_media":24252,"comment_status":"closed","ping_status":"closed","sticky":false,"template":"","format":"standard","meta":{"footnotes":""},"categories":[3,1923],"tags":[1705,8,1797],"class_list":["post-24254","post","type-post","status-publish","format-standard","has-post-thumbnail","hentry","category-auto","category-dakar-2023","tag-1705","tag-dakar","tag-dakar-2023"],"yoast_head":"<!-- This site is optimized with the Yoast SEO plugin v24.9 - https:\/\/yoast.com\/wordpress\/plugins\/seo\/ -->\n<title>Dakar 2023: Prokop s Chytkou zopakovali nejlep\u0161\u00ed \u010desk\u00fd v\u00fdsledek. Al-Attiyah pop\u00e1t\u00e9 - DAKARMANIA.cz<\/title>\n<meta name=\"description\" content=\"Nasser Al-Attiyah a Mathieu Baumel \u00fasp\u011b\u0161n\u011b obh\u00e1jili lo\u0148sk\u00e9 v\u00edt\u011bzstv\u00ed. Pro v\u00fdhru v 45. ro\u010dn\u00edku dakarsk\u00e9 rally si dojeli s komfortn\u00edm n\u00e1skokem p\u0159ed S\u00e9bastienem Loebem.\" \/>\n<meta name=\"robots\" content=\"index, follow, max-snippet:-1, max-image-preview:large, max-video-preview:-1\" \/>\n<link rel=\"canonical\" href=\"https:\/\/www.dakarmania.cz\/index.php\/2023\/01\/15\/dakar-2023-prokop-zopakoval-nejlepsi-vysledek\/\" \/>\n<meta property=\"og:locale\" content=\"cs_CZ\" \/>\n<meta property=\"og:type\" content=\"article\" \/>\n<meta property=\"og:title\" content=\"Dakar 2023: Prokop s Chytkou zopakovali nejlep\u0161\u00ed \u010desk\u00fd v\u00fdsledek. Al-Attiyah pop\u00e1t\u00e9 - DAKARMANIA.cz\" \/>\n<meta property=\"og:description\" content=\"Nasser Al-Attiyah a Mathieu Baumel \u00fasp\u011b\u0161n\u011b obh\u00e1jili lo\u0148sk\u00e9 v\u00edt\u011bzstv\u00ed. Pro v\u00fdhru v 45. ro\u010dn\u00edku dakarsk\u00e9 rally si dojeli s komfortn\u00edm n\u00e1skokem p\u0159ed S\u00e9bastienem Loebem.\" \/>\n<meta property=\"og:url\" content=\"https:\/\/www.dakarmania.cz\/index.php\/2023\/01\/15\/dakar-2023-prokop-zopakoval-nejlepsi-vysledek\/\" \/>\n<meta property=\"og:site_name\" content=\"DAKARMANIA.cz\" \/>\n<meta property=\"article:publisher\" content=\"https:\/\/www.facebook.com\/dakarmania\/\" \/>\n<meta property=\"article:published_time\" content=\"2023-01-15T10:01:27+00:00\" \/>\n<meta property=\"article:modified_time\" content=\"2023-01-15T10:39:09+00:00\" \/>\n<meta property=\"og:image\" content=\"https:\/\/www.dakarmania.cz\/wp-content\/uploads\/2023\/01\/23-dkr-prokop-03.jpg\" \/>\n\t<meta property=\"og:image:width\" content=\"1024\" \/>\n\t<meta property=\"og:image:height\" content=\"682\" \/>\n\t<meta property=\"og:image:type\" content=\"image\/jpeg\" \/>\n<meta name=\"author\" content=\"Zden\u011bk Zelenka\" \/>\n<meta name=\"twitter:card\" content=\"summary_large_image\" \/>\n<meta name=\"twitter:label1\" content=\"Napsal(a)\" \/>\n\t<meta name=\"twitter:data1\" content=\"Zden\u011bk Zelenka\" \/>\n\t<meta name=\"twitter:label2\" content=\"Odhadovan\u00e1 doba \u010dten\u00ed\" \/>\n\t<meta name=\"twitter:data2\" content=\"6 minut\" \/>\n<script type=\"application\/ld+json\" class=\"yoast-schema-graph\">{\"@context\":\"https:\/\/schema.org\",\"@graph\":[{\"@type\":\"Article\",\"@id\":\"https:\/\/www.dakarmania.cz\/index.php\/2023\/01\/15\/dakar-2023-prokop-zopakoval-nejlepsi-vysledek\/#article\",\"isPartOf\":{\"@id\":\"https:\/\/www.dakarmania.cz\/index.php\/2023\/01\/15\/dakar-2023-prokop-zopakoval-nejlepsi-vysledek\/\"},\"author\":{\"name\":\"Zden\u011bk Zelenka\",\"@id\":\"https:\/\/www.dakarmania.cz\/#\/schema\/person\/04eb0e87a389631c2169c0dddae7ff1e\"},\"headline\":\"Dakar 2023: Prokop s Chytkou zopakovali nejlep\u0161\u00ed \u010desk\u00fd v\u00fdsledek. Al-Attiyah pop\u00e1t\u00e9\",\"datePublished\":\"2023-01-15T10:01:27+00:00\",\"dateModified\":\"2023-01-15T10:39:09+00:00\",\"mainEntityOfPage\":{\"@id\":\"https:\/\/www.dakarmania.cz\/index.php\/2023\/01\/15\/dakar-2023-prokop-zopakoval-nejlepsi-vysledek\/\"},\"wordCount\":1489,\"publisher\":{\"@id\":\"https:\/\/www.dakarmania.cz\/#organization\"},\"image\":{\"@id\":\"https:\/\/www.dakarmania.cz\/index.php\/2023\/01\/15\/dakar-2023-prokop-zopakoval-nejlepsi-vysledek\/#primaryimage\"},\"thumbnailUrl\":\"https:\/\/www.dakarmania.cz\/wp-content\/uploads\/2023\/01\/23-dkr-prokop-03.jpg\",\"keywords\":[\"2023\",\"Dakar\",\"Dakar 2023\"],\"articleSection\":[\"Auto\",\"Dakar 2023\"],\"inLanguage\":\"cs\"},{\"@type\":\"WebPage\",\"@id\":\"https:\/\/www.dakarmania.cz\/index.php\/2023\/01\/15\/dakar-2023-prokop-zopakoval-nejlepsi-vysledek\/\",\"url\":\"https:\/\/www.dakarmania.cz\/index.php\/2023\/01\/15\/dakar-2023-prokop-zopakoval-nejlepsi-vysledek\/\",\"name\":\"Dakar 2023: Prokop s Chytkou zopakovali nejlep\u0161\u00ed \u010desk\u00fd v\u00fdsledek. Al-Attiyah pop\u00e1t\u00e9 - DAKARMANIA.cz\",\"isPartOf\":{\"@id\":\"https:\/\/www.dakarmania.cz\/#website\"},\"primaryImageOfPage\":{\"@id\":\"https:\/\/www.dakarmania.cz\/index.php\/2023\/01\/15\/dakar-2023-prokop-zopakoval-nejlepsi-vysledek\/#primaryimage\"},\"image\":{\"@id\":\"https:\/\/www.dakarmania.cz\/index.php\/2023\/01\/15\/dakar-2023-prokop-zopakoval-nejlepsi-vysledek\/#primaryimage\"},\"thumbnailUrl\":\"https:\/\/www.dakarmania.cz\/wp-content\/uploads\/2023\/01\/23-dkr-prokop-03.jpg\",\"datePublished\":\"2023-01-15T10:01:27+00:00\",\"dateModified\":\"2023-01-15T10:39:09+00:00\",\"description\":\"Nasser Al-Attiyah a Mathieu Baumel \u00fasp\u011b\u0161n\u011b obh\u00e1jili lo\u0148sk\u00e9 v\u00edt\u011bzstv\u00ed. Pro v\u00fdhru v 45. ro\u010dn\u00edku dakarsk\u00e9 rally si dojeli s komfortn\u00edm n\u00e1skokem p\u0159ed S\u00e9bastienem Loebem.\",\"breadcrumb\":{\"@id\":\"https:\/\/www.dakarmania.cz\/index.php\/2023\/01\/15\/dakar-2023-prokop-zopakoval-nejlepsi-vysledek\/#breadcrumb\"},\"inLanguage\":\"cs\",\"potentialAction\":[{\"@type\":\"ReadAction\",\"target\":[\"https:\/\/www.dakarmania.cz\/index.php\/2023\/01\/15\/dakar-2023-prokop-zopakoval-nejlepsi-vysledek\/\"]}]},{\"@type\":\"ImageObject\",\"inLanguage\":\"cs\",\"@id\":\"https:\/\/www.dakarmania.cz\/index.php\/2023\/01\/15\/dakar-2023-prokop-zopakoval-nejlepsi-vysledek\/#primaryimage\",\"url\":\"https:\/\/www.dakarmania.cz\/wp-content\/uploads\/2023\/01\/23-dkr-prokop-03.jpg\",\"contentUrl\":\"https:\/\/www.dakarmania.cz\/wp-content\/uploads\/2023\/01\/23-dkr-prokop-03.jpg\",\"width\":1024,\"height\":682,\"caption\":\"Martin Prokop \/ Viktor Chytka, Ford Raptor RS Cross-Country, Orlen Benzina Team. Dakar 2023. \u00a9 MP-Sports\"},{\"@type\":\"BreadcrumbList\",\"@id\":\"https:\/\/www.dakarmania.cz\/index.php\/2023\/01\/15\/dakar-2023-prokop-zopakoval-nejlepsi-vysledek\/#breadcrumb\",\"itemListElement\":[{\"@type\":\"ListItem\",\"position\":1,\"name\":\"Dom\u016f\",\"item\":\"https:\/\/www.dakarmania.cz\/\"},{\"@type\":\"ListItem\",\"position\":2,\"name\":\"Dakar 2023: Prokop s Chytkou zopakovali nejlep\u0161\u00ed \u010desk\u00fd v\u00fdsledek. Al-Attiyah pop\u00e1t\u00e9\"}]},{\"@type\":\"WebSite\",\"@id\":\"https:\/\/www.dakarmania.cz\/#website\",\"url\":\"https:\/\/www.dakarmania.cz\/\",\"name\":\"DAKARMANIA.cz\",\"description\":\"\u017dijeme Dakarem cel\u00fd rok\",\"publisher\":{\"@id\":\"https:\/\/www.dakarmania.cz\/#organization\"},\"potentialAction\":[{\"@type\":\"SearchAction\",\"target\":{\"@type\":\"EntryPoint\",\"urlTemplate\":\"https:\/\/www.dakarmania.cz\/?s={search_term_string}\"},\"query-input\":{\"@type\":\"PropertyValueSpecification\",\"valueRequired\":true,\"valueName\":\"search_term_string\"}}],\"inLanguage\":\"cs\"},{\"@type\":\"Organization\",\"@id\":\"https:\/\/www.dakarmania.cz\/#organization\",\"name\":\"DAKAR MANIA\",\"url\":\"https:\/\/www.dakarmania.cz\/\",\"logo\":{\"@type\":\"ImageObject\",\"inLanguage\":\"cs\",\"@id\":\"https:\/\/www.dakarmania.cz\/#\/schema\/logo\/image\/\",\"url\":\"https:\/\/www.dakarmania.cz\/wp-content\/uploads\/2018\/12\/Dakar-Mania-Logo-Square-Orange.png\",\"contentUrl\":\"https:\/\/www.dakarmania.cz\/wp-content\/uploads\/2018\/12\/Dakar-Mania-Logo-Square-Orange.png\",\"width\":992,\"height\":992,\"caption\":\"DAKAR MANIA\"},\"image\":{\"@id\":\"https:\/\/www.dakarmania.cz\/#\/schema\/logo\/image\/\"},\"sameAs\":[\"https:\/\/www.facebook.com\/dakarmania\/\"]},{\"@type\":\"Person\",\"@id\":\"https:\/\/www.dakarmania.cz\/#\/schema\/person\/04eb0e87a389631c2169c0dddae7ff1e\",\"name\":\"Zden\u011bk Zelenka\",\"image\":{\"@type\":\"ImageObject\",\"inLanguage\":\"cs\",\"@id\":\"https:\/\/www.dakarmania.cz\/#\/schema\/person\/image\/\",\"url\":\"https:\/\/secure.gravatar.com\/avatar\/2c80d5a4942fe0900b73cc7d3837a509d6ee0a276a2b76dac95c92bd0763a89b?s=96&d=mm&r=g\",\"contentUrl\":\"https:\/\/secure.gravatar.com\/avatar\/2c80d5a4942fe0900b73cc7d3837a509d6ee0a276a2b76dac95c92bd0763a89b?s=96&d=mm&r=g\",\"caption\":\"Zden\u011bk Zelenka\"},\"description\":\"Moji d\u011bt\u0161t\u00ed hrdinov\u00e9 se jmenovali Loprais, Moskal, Neveu, Vatanen, Rahier... A tihle borci, jejich n\u00e1sledovn\u00edci a jejich p\u0159\u00edb\u011bhy m\u011b nep\u0159estali fascinovat ani po letech, kdy jsem vyrostl a zam\u011bstn\u00e1valy m\u011b jin\u00e9 discipl\u00edny motorsportu. Proto se zrodila DAKARMANIA.\",\"url\":\"https:\/\/www.dakarmania.cz\/index.php\/author\/dakarmania\/\"}]}<\/script>\n<!-- \/ Yoast SEO plugin. -->","yoast_head_json":{"title":"Dakar 2023: Prokop s Chytkou zopakovali nejlep\u0161\u00ed \u010desk\u00fd v\u00fdsledek. Al-Attiyah pop\u00e1t\u00e9 - DAKARMANIA.cz","description":"Nasser Al-Attiyah a Mathieu Baumel \u00fasp\u011b\u0161n\u011b obh\u00e1jili lo\u0148sk\u00e9 v\u00edt\u011bzstv\u00ed. Pro v\u00fdhru v 45. ro\u010dn\u00edku dakarsk\u00e9 rally si dojeli s komfortn\u00edm n\u00e1skokem p\u0159ed S\u00e9bastienem Loebem.","robots":{"index":"index","follow":"follow","max-snippet":"max-snippet:-1","max-image-preview":"max-image-preview:large","max-video-preview":"max-video-preview:-1"},"canonical":"https:\/\/www.dakarmania.cz\/index.php\/2023\/01\/15\/dakar-2023-prokop-zopakoval-nejlepsi-vysledek\/","og_locale":"cs_CZ","og_type":"article","og_title":"Dakar 2023: Prokop s Chytkou zopakovali nejlep\u0161\u00ed \u010desk\u00fd v\u00fdsledek. Al-Attiyah pop\u00e1t\u00e9 - DAKARMANIA.cz","og_description":"Nasser Al-Attiyah a Mathieu Baumel \u00fasp\u011b\u0161n\u011b obh\u00e1jili lo\u0148sk\u00e9 v\u00edt\u011bzstv\u00ed. Pro v\u00fdhru v 45. ro\u010dn\u00edku dakarsk\u00e9 rally si dojeli s komfortn\u00edm n\u00e1skokem p\u0159ed S\u00e9bastienem Loebem.","og_url":"https:\/\/www.dakarmania.cz\/index.php\/2023\/01\/15\/dakar-2023-prokop-zopakoval-nejlepsi-vysledek\/","og_site_name":"DAKARMANIA.cz","article_publisher":"https:\/\/www.facebook.com\/dakarmania\/","article_published_time":"2023-01-15T10:01:27+00:00","article_modified_time":"2023-01-15T10:39:09+00:00","og_image":[{"width":1024,"height":682,"url":"https:\/\/www.dakarmania.cz\/wp-content\/uploads\/2023\/01\/23-dkr-prokop-03.jpg","type":"image\/jpeg"}],"author":"Zden\u011bk Zelenka","twitter_card":"summary_large_image","twitter_misc":{"Napsal(a)":"Zden\u011bk Zelenka","Odhadovan\u00e1 doba \u010dten\u00ed":"6 minut"},"schema":{"@context":"https:\/\/schema.org","@graph":[{"@type":"Article","@id":"https:\/\/www.dakarmania.cz\/index.php\/2023\/01\/15\/dakar-2023-prokop-zopakoval-nejlepsi-vysledek\/#article","isPartOf":{"@id":"https:\/\/www.dakarmania.cz\/index.php\/2023\/01\/15\/dakar-2023-prokop-zopakoval-nejlepsi-vysledek\/"},"author":{"name":"Zden\u011bk Zelenka","@id":"https:\/\/www.dakarmania.cz\/#\/schema\/person\/04eb0e87a389631c2169c0dddae7ff1e"},"headline":"Dakar 2023: Prokop s Chytkou zopakovali nejlep\u0161\u00ed \u010desk\u00fd v\u00fdsledek. Al-Attiyah pop\u00e1t\u00e9","datePublished":"2023-01-15T10:01:27+00:00","dateModified":"2023-01-15T10:39:09+00:00","mainEntityOfPage":{"@id":"https:\/\/www.dakarmania.cz\/index.php\/2023\/01\/15\/dakar-2023-prokop-zopakoval-nejlepsi-vysledek\/"},"wordCount":1489,"publisher":{"@id":"https:\/\/www.dakarmania.cz\/#organization"},"image":{"@id":"https:\/\/www.dakarmania.cz\/index.php\/2023\/01\/15\/dakar-2023-prokop-zopakoval-nejlepsi-vysledek\/#primaryimage"},"thumbnailUrl":"https:\/\/www.dakarmania.cz\/wp-content\/uploads\/2023\/01\/23-dkr-prokop-03.jpg","keywords":["2023","Dakar","Dakar 2023"],"articleSection":["Auto","Dakar 2023"],"inLanguage":"cs"},{"@type":"WebPage","@id":"https:\/\/www.dakarmania.cz\/index.php\/2023\/01\/15\/dakar-2023-prokop-zopakoval-nejlepsi-vysledek\/","url":"https:\/\/www.dakarmania.cz\/index.php\/2023\/01\/15\/dakar-2023-prokop-zopakoval-nejlepsi-vysledek\/","name":"Dakar 2023: Prokop s Chytkou zopakovali nejlep\u0161\u00ed \u010desk\u00fd v\u00fdsledek. Al-Attiyah pop\u00e1t\u00e9 - DAKARMANIA.cz","isPartOf":{"@id":"https:\/\/www.dakarmania.cz\/#website"},"primaryImageOfPage":{"@id":"https:\/\/www.dakarmania.cz\/index.php\/2023\/01\/15\/dakar-2023-prokop-zopakoval-nejlepsi-vysledek\/#primaryimage"},"image":{"@id":"https:\/\/www.dakarmania.cz\/index.php\/2023\/01\/15\/dakar-2023-prokop-zopakoval-nejlepsi-vysledek\/#primaryimage"},"thumbnailUrl":"https:\/\/www.dakarmania.cz\/wp-content\/uploads\/2023\/01\/23-dkr-prokop-03.jpg","datePublished":"2023-01-15T10:01:27+00:00","dateModified":"2023-01-15T10:39:09+00:00","description":"Nasser Al-Attiyah a Mathieu Baumel \u00fasp\u011b\u0161n\u011b obh\u00e1jili lo\u0148sk\u00e9 v\u00edt\u011bzstv\u00ed. Pro v\u00fdhru v 45. ro\u010dn\u00edku dakarsk\u00e9 rally si dojeli s komfortn\u00edm n\u00e1skokem p\u0159ed S\u00e9bastienem Loebem.","breadcrumb":{"@id":"https:\/\/www.dakarmania.cz\/index.php\/2023\/01\/15\/dakar-2023-prokop-zopakoval-nejlepsi-vysledek\/#breadcrumb"},"inLanguage":"cs","potentialAction":[{"@type":"ReadAction","target":["https:\/\/www.dakarmania.cz\/index.php\/2023\/01\/15\/dakar-2023-prokop-zopakoval-nejlepsi-vysledek\/"]}]},{"@type":"ImageObject","inLanguage":"cs","@id":"https:\/\/www.dakarmania.cz\/index.php\/2023\/01\/15\/dakar-2023-prokop-zopakoval-nejlepsi-vysledek\/#primaryimage","url":"https:\/\/www.dakarmania.cz\/wp-content\/uploads\/2023\/01\/23-dkr-prokop-03.jpg","contentUrl":"https:\/\/www.dakarmania.cz\/wp-content\/uploads\/2023\/01\/23-dkr-prokop-03.jpg","width":1024,"height":682,"caption":"Martin Prokop \/ Viktor Chytka, Ford Raptor RS Cross-Country, Orlen Benzina Team. Dakar 2023. \u00a9 MP-Sports"},{"@type":"BreadcrumbList","@id":"https:\/\/www.dakarmania.cz\/index.php\/2023\/01\/15\/dakar-2023-prokop-zopakoval-nejlepsi-vysledek\/#breadcrumb","itemListElement":[{"@type":"ListItem","position":1,"name":"Dom\u016f","item":"https:\/\/www.dakarmania.cz\/"},{"@type":"ListItem","position":2,"name":"Dakar 2023: Prokop s Chytkou zopakovali nejlep\u0161\u00ed \u010desk\u00fd v\u00fdsledek. Al-Attiyah pop\u00e1t\u00e9"}]},{"@type":"WebSite","@id":"https:\/\/www.dakarmania.cz\/#website","url":"https:\/\/www.dakarmania.cz\/","name":"DAKARMANIA.cz","description":"\u017dijeme Dakarem cel\u00fd rok","publisher":{"@id":"https:\/\/www.dakarmania.cz\/#organization"},"potentialAction":[{"@type":"SearchAction","target":{"@type":"EntryPoint","urlTemplate":"https:\/\/www.dakarmania.cz\/?s={search_term_string}"},"query-input":{"@type":"PropertyValueSpecification","valueRequired":true,"valueName":"search_term_string"}}],"inLanguage":"cs"},{"@type":"Organization","@id":"https:\/\/www.dakarmania.cz\/#organization","name":"DAKAR MANIA","url":"https:\/\/www.dakarmania.cz\/","logo":{"@type":"ImageObject","inLanguage":"cs","@id":"https:\/\/www.dakarmania.cz\/#\/schema\/logo\/image\/","url":"https:\/\/www.dakarmania.cz\/wp-content\/uploads\/2018\/12\/Dakar-Mania-Logo-Square-Orange.png","contentUrl":"https:\/\/www.dakarmania.cz\/wp-content\/uploads\/2018\/12\/Dakar-Mania-Logo-Square-Orange.png","width":992,"height":992,"caption":"DAKAR MANIA"},"image":{"@id":"https:\/\/www.dakarmania.cz\/#\/schema\/logo\/image\/"},"sameAs":["https:\/\/www.facebook.com\/dakarmania\/"]},{"@type":"Person","@id":"https:\/\/www.dakarmania.cz\/#\/schema\/person\/04eb0e87a389631c2169c0dddae7ff1e","name":"Zden\u011bk Zelenka","image":{"@type":"ImageObject","inLanguage":"cs","@id":"https:\/\/www.dakarmania.cz\/#\/schema\/person\/image\/","url":"https:\/\/secure.gravatar.com\/avatar\/2c80d5a4942fe0900b73cc7d3837a509d6ee0a276a2b76dac95c92bd0763a89b?s=96&d=mm&r=g","contentUrl":"https:\/\/secure.gravatar.com\/avatar\/2c80d5a4942fe0900b73cc7d3837a509d6ee0a276a2b76dac95c92bd0763a89b?s=96&d=mm&r=g","caption":"Zden\u011bk Zelenka"},"description":"Moji d\u011bt\u0161t\u00ed hrdinov\u00e9 se jmenovali Loprais, Moskal, Neveu, Vatanen, Rahier... A tihle borci, jejich n\u00e1sledovn\u00edci a jejich p\u0159\u00edb\u011bhy m\u011b nep\u0159estali fascinovat ani po letech, kdy jsem vyrostl a zam\u011bstn\u00e1valy m\u011b jin\u00e9 discipl\u00edny motorsportu. Proto se zrodila DAKARMANIA.","url":"https:\/\/www.dakarmania.cz\/index.php\/author\/dakarmania\/"}]}},"amp_enabled":true,"_links":{"self":[{"href":"https:\/\/www.dakarmania.cz\/index.php\/wp-json\/wp\/v2\/posts\/24254","targetHints":{"allow":["GET"]}}],"collection":[{"href":"https:\/\/www.dakarmania.cz\/index.php\/wp-json\/wp\/v2\/posts"}],"about":[{"href":"https:\/\/www.dakarmania.cz\/index.php\/wp-json\/wp\/v2\/types\/post"}],"author":[{"embeddable":true,"href":"https:\/\/www.dakarmania.cz\/index.php\/wp-json\/wp\/v2\/users\/1"}],"replies":[{"embeddable":true,"href":"https:\/\/www.dakarmania.cz\/index.php\/wp-json\/wp\/v2\/comments?post=24254"}],"version-history":[{"count":5,"href":"https:\/\/www.dakarmania.cz\/index.php\/wp-json\/wp\/v2\/posts\/24254\/revisions"}],"predecessor-version":[{"id":24259,"href":"https:\/\/www.dakarmania.cz\/index.php\/wp-json\/wp\/v2\/posts\/24254\/revisions\/24259"}],"wp:featuredmedia":[{"embeddable":true,"href":"https:\/\/www.dakarmania.cz\/index.php\/wp-json\/wp\/v2\/media\/24252"}],"wp:attachment":[{"href":"https:\/\/www.dakarmania.cz\/index.php\/wp-json\/wp\/v2\/media?parent=24254"}],"wp:term":[{"taxonomy":"category","embeddable":true,"href":"https:\/\/www.dakarmania.cz\/index.php\/wp-json\/wp\/v2\/categories?post=24254"},{"taxonomy":"post_tag","embeddable":true,"href":"https:\/\/www.dakarmania.cz\/index.php\/wp-json\/wp\/v2\/tags?post=24254"}],"curies":[{"name":"wp","href":"https:\/\/api.w.org\/{rel}","templated":true}]}}