{"id":2429,"date":"2019-01-18T15:02:37","date_gmt":"2019-01-18T14:02:37","guid":{"rendered":"https:\/\/www.dakarmania.cz\/?p=2429"},"modified":"2020-10-06T17:20:20","modified_gmt":"2020-10-06T15:20:20","slug":"dakar-2019-nicolas-cavigliasso-prepisoval-rekordy","status":"publish","type":"post","link":"https:\/\/www.dakarmania.cz\/index.php\/2019\/01\/18\/dakar-2019-nicolas-cavigliasso-prepisoval-rekordy\/","title":{"rendered":"Dakar 2019: Nicol\u00e1s Cavigliasso p\u0159episoval rekordy"},"content":{"rendered":"<p>[vc_row][vc_column][vc_column_text]<\/p>\n<h4>Nicol\u00e1s Cavigliasso na Rally Dakar 2019 vyhr\u00e1l dev\u011bt z deseti etap a v kategorii \u010dty\u0159kolek zv\u00edt\u011bzil s n\u00e1skokem jedn\u00e9 hodiny a 55 minut. Takovou suverenitu co do po\u010dtu etapov\u00fdch v\u00edt\u011bzstv\u00ed v pom\u011bru k po\u010dtu etap historie Dakaru nepamatuje. P\u0159itom 27let\u00fd Argentinec jel slavnou rally teprve podruh\u00e9.<\/h4>\n<p>Ano, je pravda, \u017ee lo\u0148sk\u00fd v\u00edt\u011bz Ignacio Casale ode\u0161el do kategorie SxS a \u010dty\u0159kolk\u00e1\u0159sk\u00fd tr\u016fn se uvolnil. SxS dal p\u0159ednost i Sergej Karjakin, kter\u00fd vl\u00e1dl quad\u016fm na Dakaru v roce 2017. Nicm\u00e9n\u011b konkurence z\u016fstala mezi \u010dty\u0159kolk\u00e1\u0159i st\u00e1le velice siln\u00e1.<\/p>\n<p><strong>Napoprv\u00e9 st\u0159\u00edbro<\/strong><\/p>\n<p>Cavigliasso na sebe d\u016frazn\u011b upozornil u\u017e p\u0159ed rokem, kdy na dakarsk\u00e9 rally debutoval.\u00a0Tehdy byl je\u0161t\u011b po \u010dtvrt\u00e9m dnu a\u017e osm\u00fd. Pak ale vyhr\u00e1l p\u00e1tou etapu ze San Juanu de Marcona do Arequipy a posko\u010dil na \u010dtvrtou p\u0159\u00ed\u010dku. Na po\u010d\u00e1tku druh\u00e9ho t\u00fddne si po maratonsk\u00fdch etap\u00e1ch o dal\u0161\u00ed stup\u00ednek polep\u0161il a kdy\u017e v jeden\u00e1ct\u00e9 etap\u011b z Bel\u00e9nu do Fiambaly p\u0159idal dal\u0161\u00ed etapov\u00e9 v\u00edt\u011bzstv\u00ed, posunul se na druhou pozici, kterou u\u017e udr\u017eel a\u017e do c\u00edle. T\u0159et\u00edho Jerem\u00edase Gonz\u00e1leze Ferioliho porazil o p\u016fl hodiny.[\/vc_column_text][vc_single_image image=&#8221;2428&#8243; img_size=&#8221;large&#8221; alignment=&#8221;center&#8221;][vc_column_text]<strong>Napodruh\u00e9 tot\u00e1ln\u00ed nadvl\u00e1da<\/strong><\/p>\n<p>23let\u00fd Gonz\u00e1lez Ferioli, kter\u00fd na Dakaru letos startoval pop\u00e1t\u00e9 a krom\u011b trofeje za t\u0159et\u00ed m\u00edsto z lo\u0148ska se m\u016f\u017ee py\u0161nit i st\u0159\u00edbrem z roku 2015, si p\u0159ed startem 41. ro\u010dn\u00edku d\u011blal na v\u00edt\u011bzstv\u00ed minim\u00e1ln\u011b stejn\u00fd z\u00e1lusk jako Cavigliasso.<\/p>\n<p>Rod\u00e1k z Cordoby ov\u0161em \u017e\u00e1dn\u00e9 drama nep\u0159ipustil. Vedl od \u00favodn\u00edho dne a v pr\u016fb\u011bhu prvn\u00edho t\u00fddne p\u0159ed sebe pustil Gonz\u00e1leze Ferioliho jen ve t\u0159et\u00ed etap\u011b. Ov\u0161em i tehdy zaostal pouze o minutu a t\u0159i \u010dtvrt\u011b. Den volna v Arequip\u011b tak tr\u00e1vil jako leader pr\u016fb\u011b\u017en\u00e9ho po\u0159ad\u00ed s v\u00edce ne\u017e 49minutov\u00fdm n\u00e1skokem, kter\u00fd ve druh\u00e9 polovin\u011b rally je\u0161t\u011b o v\u00edce ne\u017e hodinu nav\u00fd\u0161il.<\/p>\n<p><em>\u201eNebylo to snadn\u00e9. V p\u0159\u00edprav\u011b na leto\u0161n\u00ed Dakar jsem opravdu d\u0159el,\u201c<\/em> \u0159ekl <strong>Nicol\u00e1s Cavigliasso<\/strong> v c\u00edli posledn\u00ed etapy. <em>\u201eByl to teprve m\u016fj druh\u00fd Dakar, ale po\u0159\u00e1d jsem do toho \u0161el naplno, proto\u017ee jsem cht\u011bl vyhr\u00e1t. Te\u010f jsem jedni\u010dka mezi \u010dty\u0159kolk\u00e1\u0159i a z toho m\u00e1m radost.\u201c<\/em><\/p>\n<p>Druh\u00e9 m\u00edsto tedy podruh\u00e9 ve sv\u00e9 kari\u00e9\u0159e obsadil Jerem\u00edas Gonz\u00e1lez Ferioli, jen\u017e se p\u0159i v\u0161ech sv\u00fdch p\u011bti startech na Dakaru prosadil mezi \u0161est nejlep\u0161\u00edch. Argentinskou nadvl\u00e1du podtrhl t\u0159et\u00edm m\u00edstem Gustavo Gallego, kter\u00fd p\u0159i sv\u00e9m t\u0159et\u00edm startu Dakar poprv\u00e9 dokon\u010dil.<\/p>\n<p>Jedin\u00fd \u010desk\u00fd z\u00e1stupce v kategorii \u010dty\u0159kolek Tom\u00e1\u0161 Kubiena m\u011bl z\u00e1vod skv\u011ble rozjet\u00fd, v p\u00e1t\u00e9 etap\u011b v\u0161ak <a href=\"https:\/\/www.dakarmania.cz\/index.php\/2019\/01\/12\/tomas-kubiena-ani-napotreti-dakar-nedokoncil\/\">musel kv\u016fli technick\u00e9 z\u00e1vad\u011b odstoupit<\/a>.[\/vc_column_text][vc_column_text]<strong>V\u00fdsledky Rally Dakar 2019 &#8211; \u010dty\u0159kolky:<\/strong><\/p>\n<table style=\"width: 97.7654%; height: 144px;\" cellpadding=\"10\">\n<tbody>\n<tr style=\"height: 24px;\">\n<td style=\"width: 21.5px; height: 24px;\">1.<\/td>\n<td style=\"width: 168px; height: 24px;\">Nicol\u00e1s Cavigliasso (Yamaha)<\/td>\n<td style=\"width: 67.5px; height: 24px;\">43:01:54<\/td>\n<\/tr>\n<tr style=\"height: 24px;\">\n<td style=\"width: 21.5px; height: 24px;\">2.<\/td>\n<td style=\"width: 168px; height: 24px;\">Jerem\u00edas Gonz\u00e1lez Ferioli (Yamaha)<\/td>\n<td style=\"width: 67.5px; height: 24px;\">+1:55:37<\/td>\n<\/tr>\n<tr style=\"height: 24px;\">\n<td style=\"width: 21.5px; height: 24px;\">3.<\/td>\n<td style=\"width: 168px; height: 24px;\">Gustavo Gallego (Yamaha)<\/td>\n<td style=\"width: 67.5px; height: 24px;\">+2:11:48<\/td>\n<\/tr>\n<tr style=\"height: 24px;\">\n<td style=\"width: 21.5px; height: 24px;\">4.<\/td>\n<td style=\"width: 168px; height: 24px;\">Alexandre Giroud (Yamaha)<\/td>\n<td style=\"width: 67.5px; height: 24px;\">+4:02:41<\/td>\n<\/tr>\n<tr style=\"height: 24px;\">\n<td style=\"width: 21.5px; height: 24px;\">5.<\/td>\n<td style=\"width: 168px; height: 24px;\">Manuel Andujar (Yamaha)<\/td>\n<td style=\"width: 67.5px; height: 24px;\">+6:38:10<\/td>\n<\/tr>\n<\/tbody>\n<\/table>\n<p>[\/vc_column_text][\/vc_column][\/vc_row]<\/p>\n","protected":false},"excerpt":{"rendered":"<p>[vc_row][vc_column][vc_column_text] Nicol\u00e1s Cavigliasso na Rally Dakar 2019 vyhr\u00e1l dev\u011bt z deseti etap a v kategorii \u010dty\u0159kolek zv\u00edt\u011bzil s n\u00e1skokem jedn\u00e9 hodiny a 55 minut. Takovou suverenitu co do po\u010dtu etapov\u00fdch v\u00edt\u011bzstv\u00ed v pom\u011bru k po\u010dtu etap historie Dakaru nepamatuje. P\u0159itom 27let\u00fd Argentinec jel slavnou rally teprve podruh\u00e9. Ano, je pravda, \u017ee lo\u0148sk\u00fd v\u00edt\u011bz Ignacio Casale [&hellip;]<\/p>\n","protected":false},"author":1,"featured_media":2427,"comment_status":"open","ping_status":"closed","sticky":false,"template":"","format":"standard","meta":{"footnotes":""},"categories":[15,2],"tags":[8,9,190,168],"class_list":["post-2429","post","type-post","status-publish","format-standard","has-post-thumbnail","hentry","category-moto-quad","category-dakar","tag-dakar","tag-dakar-2019","tag-nicolas-cavigliasso","tag-yamaha"],"yoast_head":"<!-- This site is optimized with the Yoast SEO plugin v24.9 - https:\/\/yoast.com\/wordpress\/plugins\/seo\/ -->\n<title>Dakar 2019: Nicol\u00e1s Cavigliasso p\u0159episoval rekordy - DAKARMANIA.cz<\/title>\n<meta name=\"description\" content=\"Nicol\u00e1s Cavigliasso na Rally Dakar 2019 vyhr\u00e1l dev\u011bt z deseti etap a v kategorii \u010dty\u0159kolek zv\u00edt\u011bzil s n\u00e1skokem jedn\u00e9 hodiny a 55 minut.\" \/>\n<meta name=\"robots\" content=\"index, follow, max-snippet:-1, max-image-preview:large, max-video-preview:-1\" \/>\n<link rel=\"canonical\" href=\"https:\/\/www.dakarmania.cz\/index.php\/2019\/01\/18\/dakar-2019-nicolas-cavigliasso-prepisoval-rekordy\/\" \/>\n<meta property=\"og:locale\" content=\"cs_CZ\" \/>\n<meta property=\"og:type\" content=\"article\" \/>\n<meta property=\"og:title\" content=\"Dakar 2019: Nicol\u00e1s Cavigliasso p\u0159episoval rekordy - DAKARMANIA.cz\" \/>\n<meta property=\"og:description\" content=\"Nicol\u00e1s Cavigliasso na Rally Dakar 2019 vyhr\u00e1l dev\u011bt z deseti etap a v kategorii \u010dty\u0159kolek zv\u00edt\u011bzil s n\u00e1skokem jedn\u00e9 hodiny a 55 minut.\" \/>\n<meta property=\"og:url\" content=\"https:\/\/www.dakarmania.cz\/index.php\/2019\/01\/18\/dakar-2019-nicolas-cavigliasso-prepisoval-rekordy\/\" \/>\n<meta property=\"og:site_name\" content=\"DAKARMANIA.cz\" \/>\n<meta property=\"article:publisher\" content=\"https:\/\/www.facebook.com\/dakarmania\/\" \/>\n<meta property=\"article:published_time\" content=\"2019-01-18T14:02:37+00:00\" \/>\n<meta property=\"article:modified_time\" content=\"2020-10-06T15:20:20+00:00\" \/>\n<meta property=\"og:image\" content=\"https:\/\/www.dakarmania.cz\/wp-content\/uploads\/2019\/01\/19-dakar-cavigliasso-01.jpg\" \/>\n\t<meta property=\"og:image:width\" content=\"2048\" \/>\n\t<meta property=\"og:image:height\" content=\"1365\" \/>\n\t<meta property=\"og:image:type\" content=\"image\/jpeg\" \/>\n<meta name=\"author\" content=\"Zden\u011bk Zelenka\" \/>\n<meta name=\"twitter:card\" content=\"summary_large_image\" \/>\n<meta name=\"twitter:label1\" content=\"Napsal(a)\" \/>\n\t<meta name=\"twitter:data1\" content=\"Zden\u011bk Zelenka\" \/>\n\t<meta name=\"twitter:label2\" content=\"Odhadovan\u00e1 doba \u010dten\u00ed\" \/>\n\t<meta name=\"twitter:data2\" content=\"3 minuty\" \/>\n<script type=\"application\/ld+json\" class=\"yoast-schema-graph\">{\"@context\":\"https:\/\/schema.org\",\"@graph\":[{\"@type\":\"Article\",\"@id\":\"https:\/\/www.dakarmania.cz\/index.php\/2019\/01\/18\/dakar-2019-nicolas-cavigliasso-prepisoval-rekordy\/#article\",\"isPartOf\":{\"@id\":\"https:\/\/www.dakarmania.cz\/index.php\/2019\/01\/18\/dakar-2019-nicolas-cavigliasso-prepisoval-rekordy\/\"},\"author\":{\"name\":\"Zden\u011bk Zelenka\",\"@id\":\"https:\/\/www.dakarmania.cz\/#\/schema\/person\/04eb0e87a389631c2169c0dddae7ff1e\"},\"headline\":\"Dakar 2019: Nicol\u00e1s Cavigliasso p\u0159episoval rekordy\",\"datePublished\":\"2019-01-18T14:02:37+00:00\",\"dateModified\":\"2020-10-06T15:20:20+00:00\",\"mainEntityOfPage\":{\"@id\":\"https:\/\/www.dakarmania.cz\/index.php\/2019\/01\/18\/dakar-2019-nicolas-cavigliasso-prepisoval-rekordy\/\"},\"wordCount\":579,\"commentCount\":0,\"publisher\":{\"@id\":\"https:\/\/www.dakarmania.cz\/#organization\"},\"image\":{\"@id\":\"https:\/\/www.dakarmania.cz\/index.php\/2019\/01\/18\/dakar-2019-nicolas-cavigliasso-prepisoval-rekordy\/#primaryimage\"},\"thumbnailUrl\":\"https:\/\/www.dakarmania.cz\/wp-content\/uploads\/2019\/01\/19-dakar-cavigliasso-01.jpg\",\"keywords\":[\"Dakar\",\"Dakar 2019\",\"Nicol\u00e1s Cavigliasso\",\"Yamaha\"],\"articleSection\":[\"Moto\/Quad\",\"Rally Dakar\"],\"inLanguage\":\"cs\",\"potentialAction\":[{\"@type\":\"CommentAction\",\"name\":\"Comment\",\"target\":[\"https:\/\/www.dakarmania.cz\/index.php\/2019\/01\/18\/dakar-2019-nicolas-cavigliasso-prepisoval-rekordy\/#respond\"]}]},{\"@type\":\"WebPage\",\"@id\":\"https:\/\/www.dakarmania.cz\/index.php\/2019\/01\/18\/dakar-2019-nicolas-cavigliasso-prepisoval-rekordy\/\",\"url\":\"https:\/\/www.dakarmania.cz\/index.php\/2019\/01\/18\/dakar-2019-nicolas-cavigliasso-prepisoval-rekordy\/\",\"name\":\"Dakar 2019: Nicol\u00e1s Cavigliasso p\u0159episoval rekordy - DAKARMANIA.cz\",\"isPartOf\":{\"@id\":\"https:\/\/www.dakarmania.cz\/#website\"},\"primaryImageOfPage\":{\"@id\":\"https:\/\/www.dakarmania.cz\/index.php\/2019\/01\/18\/dakar-2019-nicolas-cavigliasso-prepisoval-rekordy\/#primaryimage\"},\"image\":{\"@id\":\"https:\/\/www.dakarmania.cz\/index.php\/2019\/01\/18\/dakar-2019-nicolas-cavigliasso-prepisoval-rekordy\/#primaryimage\"},\"thumbnailUrl\":\"https:\/\/www.dakarmania.cz\/wp-content\/uploads\/2019\/01\/19-dakar-cavigliasso-01.jpg\",\"datePublished\":\"2019-01-18T14:02:37+00:00\",\"dateModified\":\"2020-10-06T15:20:20+00:00\",\"description\":\"Nicol\u00e1s Cavigliasso na Rally Dakar 2019 vyhr\u00e1l dev\u011bt z deseti etap a v kategorii \u010dty\u0159kolek zv\u00edt\u011bzil s n\u00e1skokem jedn\u00e9 hodiny a 55 minut.\",\"breadcrumb\":{\"@id\":\"https:\/\/www.dakarmania.cz\/index.php\/2019\/01\/18\/dakar-2019-nicolas-cavigliasso-prepisoval-rekordy\/#breadcrumb\"},\"inLanguage\":\"cs\",\"potentialAction\":[{\"@type\":\"ReadAction\",\"target\":[\"https:\/\/www.dakarmania.cz\/index.php\/2019\/01\/18\/dakar-2019-nicolas-cavigliasso-prepisoval-rekordy\/\"]}]},{\"@type\":\"ImageObject\",\"inLanguage\":\"cs\",\"@id\":\"https:\/\/www.dakarmania.cz\/index.php\/2019\/01\/18\/dakar-2019-nicolas-cavigliasso-prepisoval-rekordy\/#primaryimage\",\"url\":\"https:\/\/www.dakarmania.cz\/wp-content\/uploads\/2019\/01\/19-dakar-cavigliasso-01.jpg\",\"contentUrl\":\"https:\/\/www.dakarmania.cz\/wp-content\/uploads\/2019\/01\/19-dakar-cavigliasso-01.jpg\",\"width\":2048,\"height\":1365,\"caption\":\"Nicol\u00e1s Cavigliasso, Yamaha YFM700R, Darg'on Rally Team. Rally Dakar 2019. \u00a9 ASO\/DPPI\"},{\"@type\":\"BreadcrumbList\",\"@id\":\"https:\/\/www.dakarmania.cz\/index.php\/2019\/01\/18\/dakar-2019-nicolas-cavigliasso-prepisoval-rekordy\/#breadcrumb\",\"itemListElement\":[{\"@type\":\"ListItem\",\"position\":1,\"name\":\"Dom\u016f\",\"item\":\"https:\/\/www.dakarmania.cz\/\"},{\"@type\":\"ListItem\",\"position\":2,\"name\":\"Dakar 2019: Nicol\u00e1s Cavigliasso p\u0159episoval rekordy\"}]},{\"@type\":\"WebSite\",\"@id\":\"https:\/\/www.dakarmania.cz\/#website\",\"url\":\"https:\/\/www.dakarmania.cz\/\",\"name\":\"DAKARMANIA.cz\",\"description\":\"\u017dijeme Dakarem cel\u00fd rok\",\"publisher\":{\"@id\":\"https:\/\/www.dakarmania.cz\/#organization\"},\"potentialAction\":[{\"@type\":\"SearchAction\",\"target\":{\"@type\":\"EntryPoint\",\"urlTemplate\":\"https:\/\/www.dakarmania.cz\/?s={search_term_string}\"},\"query-input\":{\"@type\":\"PropertyValueSpecification\",\"valueRequired\":true,\"valueName\":\"search_term_string\"}}],\"inLanguage\":\"cs\"},{\"@type\":\"Organization\",\"@id\":\"https:\/\/www.dakarmania.cz\/#organization\",\"name\":\"DAKAR MANIA\",\"url\":\"https:\/\/www.dakarmania.cz\/\",\"logo\":{\"@type\":\"ImageObject\",\"inLanguage\":\"cs\",\"@id\":\"https:\/\/www.dakarmania.cz\/#\/schema\/logo\/image\/\",\"url\":\"https:\/\/www.dakarmania.cz\/wp-content\/uploads\/2018\/12\/Dakar-Mania-Logo-Square-Orange.png\",\"contentUrl\":\"https:\/\/www.dakarmania.cz\/wp-content\/uploads\/2018\/12\/Dakar-Mania-Logo-Square-Orange.png\",\"width\":992,\"height\":992,\"caption\":\"DAKAR MANIA\"},\"image\":{\"@id\":\"https:\/\/www.dakarmania.cz\/#\/schema\/logo\/image\/\"},\"sameAs\":[\"https:\/\/www.facebook.com\/dakarmania\/\"]},{\"@type\":\"Person\",\"@id\":\"https:\/\/www.dakarmania.cz\/#\/schema\/person\/04eb0e87a389631c2169c0dddae7ff1e\",\"name\":\"Zden\u011bk Zelenka\",\"image\":{\"@type\":\"ImageObject\",\"inLanguage\":\"cs\",\"@id\":\"https:\/\/www.dakarmania.cz\/#\/schema\/person\/image\/\",\"url\":\"https:\/\/secure.gravatar.com\/avatar\/2c80d5a4942fe0900b73cc7d3837a509d6ee0a276a2b76dac95c92bd0763a89b?s=96&d=mm&r=g\",\"contentUrl\":\"https:\/\/secure.gravatar.com\/avatar\/2c80d5a4942fe0900b73cc7d3837a509d6ee0a276a2b76dac95c92bd0763a89b?s=96&d=mm&r=g\",\"caption\":\"Zden\u011bk Zelenka\"},\"description\":\"Moji d\u011bt\u0161t\u00ed hrdinov\u00e9 se jmenovali Loprais, Moskal, Neveu, Vatanen, Rahier... A tihle borci, jejich n\u00e1sledovn\u00edci a jejich p\u0159\u00edb\u011bhy m\u011b nep\u0159estali fascinovat ani po letech, kdy jsem vyrostl a zam\u011bstn\u00e1valy m\u011b jin\u00e9 discipl\u00edny motorsportu. Proto se zrodila DAKARMANIA.\",\"url\":\"https:\/\/www.dakarmania.cz\/index.php\/author\/dakarmania\/\"}]}<\/script>\n<!-- \/ Yoast SEO plugin. -->","yoast_head_json":{"title":"Dakar 2019: Nicol\u00e1s Cavigliasso p\u0159episoval rekordy - DAKARMANIA.cz","description":"Nicol\u00e1s Cavigliasso na Rally Dakar 2019 vyhr\u00e1l dev\u011bt z deseti etap a v kategorii \u010dty\u0159kolek zv\u00edt\u011bzil s n\u00e1skokem jedn\u00e9 hodiny a 55 minut.","robots":{"index":"index","follow":"follow","max-snippet":"max-snippet:-1","max-image-preview":"max-image-preview:large","max-video-preview":"max-video-preview:-1"},"canonical":"https:\/\/www.dakarmania.cz\/index.php\/2019\/01\/18\/dakar-2019-nicolas-cavigliasso-prepisoval-rekordy\/","og_locale":"cs_CZ","og_type":"article","og_title":"Dakar 2019: Nicol\u00e1s Cavigliasso p\u0159episoval rekordy - DAKARMANIA.cz","og_description":"Nicol\u00e1s Cavigliasso na Rally Dakar 2019 vyhr\u00e1l dev\u011bt z deseti etap a v kategorii \u010dty\u0159kolek zv\u00edt\u011bzil s n\u00e1skokem jedn\u00e9 hodiny a 55 minut.","og_url":"https:\/\/www.dakarmania.cz\/index.php\/2019\/01\/18\/dakar-2019-nicolas-cavigliasso-prepisoval-rekordy\/","og_site_name":"DAKARMANIA.cz","article_publisher":"https:\/\/www.facebook.com\/dakarmania\/","article_published_time":"2019-01-18T14:02:37+00:00","article_modified_time":"2020-10-06T15:20:20+00:00","og_image":[{"width":2048,"height":1365,"url":"https:\/\/www.dakarmania.cz\/wp-content\/uploads\/2019\/01\/19-dakar-cavigliasso-01.jpg","type":"image\/jpeg"}],"author":"Zden\u011bk Zelenka","twitter_card":"summary_large_image","twitter_misc":{"Napsal(a)":"Zden\u011bk Zelenka","Odhadovan\u00e1 doba \u010dten\u00ed":"3 minuty"},"schema":{"@context":"https:\/\/schema.org","@graph":[{"@type":"Article","@id":"https:\/\/www.dakarmania.cz\/index.php\/2019\/01\/18\/dakar-2019-nicolas-cavigliasso-prepisoval-rekordy\/#article","isPartOf":{"@id":"https:\/\/www.dakarmania.cz\/index.php\/2019\/01\/18\/dakar-2019-nicolas-cavigliasso-prepisoval-rekordy\/"},"author":{"name":"Zden\u011bk Zelenka","@id":"https:\/\/www.dakarmania.cz\/#\/schema\/person\/04eb0e87a389631c2169c0dddae7ff1e"},"headline":"Dakar 2019: Nicol\u00e1s Cavigliasso p\u0159episoval rekordy","datePublished":"2019-01-18T14:02:37+00:00","dateModified":"2020-10-06T15:20:20+00:00","mainEntityOfPage":{"@id":"https:\/\/www.dakarmania.cz\/index.php\/2019\/01\/18\/dakar-2019-nicolas-cavigliasso-prepisoval-rekordy\/"},"wordCount":579,"commentCount":0,"publisher":{"@id":"https:\/\/www.dakarmania.cz\/#organization"},"image":{"@id":"https:\/\/www.dakarmania.cz\/index.php\/2019\/01\/18\/dakar-2019-nicolas-cavigliasso-prepisoval-rekordy\/#primaryimage"},"thumbnailUrl":"https:\/\/www.dakarmania.cz\/wp-content\/uploads\/2019\/01\/19-dakar-cavigliasso-01.jpg","keywords":["Dakar","Dakar 2019","Nicol\u00e1s Cavigliasso","Yamaha"],"articleSection":["Moto\/Quad","Rally Dakar"],"inLanguage":"cs","potentialAction":[{"@type":"CommentAction","name":"Comment","target":["https:\/\/www.dakarmania.cz\/index.php\/2019\/01\/18\/dakar-2019-nicolas-cavigliasso-prepisoval-rekordy\/#respond"]}]},{"@type":"WebPage","@id":"https:\/\/www.dakarmania.cz\/index.php\/2019\/01\/18\/dakar-2019-nicolas-cavigliasso-prepisoval-rekordy\/","url":"https:\/\/www.dakarmania.cz\/index.php\/2019\/01\/18\/dakar-2019-nicolas-cavigliasso-prepisoval-rekordy\/","name":"Dakar 2019: Nicol\u00e1s Cavigliasso p\u0159episoval rekordy - DAKARMANIA.cz","isPartOf":{"@id":"https:\/\/www.dakarmania.cz\/#website"},"primaryImageOfPage":{"@id":"https:\/\/www.dakarmania.cz\/index.php\/2019\/01\/18\/dakar-2019-nicolas-cavigliasso-prepisoval-rekordy\/#primaryimage"},"image":{"@id":"https:\/\/www.dakarmania.cz\/index.php\/2019\/01\/18\/dakar-2019-nicolas-cavigliasso-prepisoval-rekordy\/#primaryimage"},"thumbnailUrl":"https:\/\/www.dakarmania.cz\/wp-content\/uploads\/2019\/01\/19-dakar-cavigliasso-01.jpg","datePublished":"2019-01-18T14:02:37+00:00","dateModified":"2020-10-06T15:20:20+00:00","description":"Nicol\u00e1s Cavigliasso na Rally Dakar 2019 vyhr\u00e1l dev\u011bt z deseti etap a v kategorii \u010dty\u0159kolek zv\u00edt\u011bzil s n\u00e1skokem jedn\u00e9 hodiny a 55 minut.","breadcrumb":{"@id":"https:\/\/www.dakarmania.cz\/index.php\/2019\/01\/18\/dakar-2019-nicolas-cavigliasso-prepisoval-rekordy\/#breadcrumb"},"inLanguage":"cs","potentialAction":[{"@type":"ReadAction","target":["https:\/\/www.dakarmania.cz\/index.php\/2019\/01\/18\/dakar-2019-nicolas-cavigliasso-prepisoval-rekordy\/"]}]},{"@type":"ImageObject","inLanguage":"cs","@id":"https:\/\/www.dakarmania.cz\/index.php\/2019\/01\/18\/dakar-2019-nicolas-cavigliasso-prepisoval-rekordy\/#primaryimage","url":"https:\/\/www.dakarmania.cz\/wp-content\/uploads\/2019\/01\/19-dakar-cavigliasso-01.jpg","contentUrl":"https:\/\/www.dakarmania.cz\/wp-content\/uploads\/2019\/01\/19-dakar-cavigliasso-01.jpg","width":2048,"height":1365,"caption":"Nicol\u00e1s Cavigliasso, Yamaha YFM700R, Darg'on Rally Team. Rally Dakar 2019. \u00a9 ASO\/DPPI"},{"@type":"BreadcrumbList","@id":"https:\/\/www.dakarmania.cz\/index.php\/2019\/01\/18\/dakar-2019-nicolas-cavigliasso-prepisoval-rekordy\/#breadcrumb","itemListElement":[{"@type":"ListItem","position":1,"name":"Dom\u016f","item":"https:\/\/www.dakarmania.cz\/"},{"@type":"ListItem","position":2,"name":"Dakar 2019: Nicol\u00e1s Cavigliasso p\u0159episoval rekordy"}]},{"@type":"WebSite","@id":"https:\/\/www.dakarmania.cz\/#website","url":"https:\/\/www.dakarmania.cz\/","name":"DAKARMANIA.cz","description":"\u017dijeme Dakarem cel\u00fd rok","publisher":{"@id":"https:\/\/www.dakarmania.cz\/#organization"},"potentialAction":[{"@type":"SearchAction","target":{"@type":"EntryPoint","urlTemplate":"https:\/\/www.dakarmania.cz\/?s={search_term_string}"},"query-input":{"@type":"PropertyValueSpecification","valueRequired":true,"valueName":"search_term_string"}}],"inLanguage":"cs"},{"@type":"Organization","@id":"https:\/\/www.dakarmania.cz\/#organization","name":"DAKAR MANIA","url":"https:\/\/www.dakarmania.cz\/","logo":{"@type":"ImageObject","inLanguage":"cs","@id":"https:\/\/www.dakarmania.cz\/#\/schema\/logo\/image\/","url":"https:\/\/www.dakarmania.cz\/wp-content\/uploads\/2018\/12\/Dakar-Mania-Logo-Square-Orange.png","contentUrl":"https:\/\/www.dakarmania.cz\/wp-content\/uploads\/2018\/12\/Dakar-Mania-Logo-Square-Orange.png","width":992,"height":992,"caption":"DAKAR MANIA"},"image":{"@id":"https:\/\/www.dakarmania.cz\/#\/schema\/logo\/image\/"},"sameAs":["https:\/\/www.facebook.com\/dakarmania\/"]},{"@type":"Person","@id":"https:\/\/www.dakarmania.cz\/#\/schema\/person\/04eb0e87a389631c2169c0dddae7ff1e","name":"Zden\u011bk Zelenka","image":{"@type":"ImageObject","inLanguage":"cs","@id":"https:\/\/www.dakarmania.cz\/#\/schema\/person\/image\/","url":"https:\/\/secure.gravatar.com\/avatar\/2c80d5a4942fe0900b73cc7d3837a509d6ee0a276a2b76dac95c92bd0763a89b?s=96&d=mm&r=g","contentUrl":"https:\/\/secure.gravatar.com\/avatar\/2c80d5a4942fe0900b73cc7d3837a509d6ee0a276a2b76dac95c92bd0763a89b?s=96&d=mm&r=g","caption":"Zden\u011bk Zelenka"},"description":"Moji d\u011bt\u0161t\u00ed hrdinov\u00e9 se jmenovali Loprais, Moskal, Neveu, Vatanen, Rahier... A tihle borci, jejich n\u00e1sledovn\u00edci a jejich p\u0159\u00edb\u011bhy m\u011b nep\u0159estali fascinovat ani po letech, kdy jsem vyrostl a zam\u011bstn\u00e1valy m\u011b jin\u00e9 discipl\u00edny motorsportu. Proto se zrodila DAKARMANIA.","url":"https:\/\/www.dakarmania.cz\/index.php\/author\/dakarmania\/"}]}},"amp_enabled":true,"_links":{"self":[{"href":"https:\/\/www.dakarmania.cz\/index.php\/wp-json\/wp\/v2\/posts\/2429","targetHints":{"allow":["GET"]}}],"collection":[{"href":"https:\/\/www.dakarmania.cz\/index.php\/wp-json\/wp\/v2\/posts"}],"about":[{"href":"https:\/\/www.dakarmania.cz\/index.php\/wp-json\/wp\/v2\/types\/post"}],"author":[{"embeddable":true,"href":"https:\/\/www.dakarmania.cz\/index.php\/wp-json\/wp\/v2\/users\/1"}],"replies":[{"embeddable":true,"href":"https:\/\/www.dakarmania.cz\/index.php\/wp-json\/wp\/v2\/comments?post=2429"}],"version-history":[{"count":3,"href":"https:\/\/www.dakarmania.cz\/index.php\/wp-json\/wp\/v2\/posts\/2429\/revisions"}],"predecessor-version":[{"id":2432,"href":"https:\/\/www.dakarmania.cz\/index.php\/wp-json\/wp\/v2\/posts\/2429\/revisions\/2432"}],"wp:featuredmedia":[{"embeddable":true,"href":"https:\/\/www.dakarmania.cz\/index.php\/wp-json\/wp\/v2\/media\/2427"}],"wp:attachment":[{"href":"https:\/\/www.dakarmania.cz\/index.php\/wp-json\/wp\/v2\/media?parent=2429"}],"wp:term":[{"taxonomy":"category","embeddable":true,"href":"https:\/\/www.dakarmania.cz\/index.php\/wp-json\/wp\/v2\/categories?post=2429"},{"taxonomy":"post_tag","embeddable":true,"href":"https:\/\/www.dakarmania.cz\/index.php\/wp-json\/wp\/v2\/tags?post=2429"}],"curies":[{"name":"wp","href":"https:\/\/api.w.org\/{rel}","templated":true}]}}