{"id":2439,"date":"2019-01-17T18:45:09","date_gmt":"2019-01-17T18:45:09","guid":{"rendered":"https:\/\/www.dakarmania.cz\/?p=2439"},"modified":"2023-07-15T08:24:40","modified_gmt":"2023-07-15T06:24:40","slug":"prokop-historicky-nejuspesnejsim-cechem-v-kategorii-automobilu","status":"publish","type":"post","link":"https:\/\/www.dakarmania.cz\/index.php\/2019\/01\/17\/prokop-historicky-nejuspesnejsim-cechem-v-kategorii-automobilu\/","title":{"rendered":"Prokop historicky nej\u00fasp\u011b\u0161n\u011bj\u0161\u00edm \u010cechem v kategorii automobil\u016f"},"content":{"rendered":"<p>[vc_row][vc_column][vc_column_text]<\/p>\n<h4>Extr\u00e9mn\u00ed 41. ro\u010dn\u00edk Dakaru je u konce. Martin Prokop navigovan\u00fd Janem Tom\u00e1nkem stanovil \u0161est\u00fdm m\u00edstem v celkov\u00e9 klasifikaci kategorie automobil\u016f nov\u00fd \u010desk\u00fd rekord. O jednu p\u0159\u00ed\u010dku vylep\u0161il vlastn\u00ed um\u00edst\u011bn\u00ed z p\u0159ede\u0161l\u00e9ho ro\u010dn\u00edku nejt\u011b\u017e\u0161\u00ed motoristick\u00e9 sout\u011b\u017ee sv\u011bta. Tento \u00fasp\u011bch p\u0159id\u00e1v\u00e1 do sv\u00e9 sb\u00edrky k titulu v juniorsk\u00e9m mistrovstv\u00ed sv\u011bta v rally a ke t\u0159em \u010dtvrt\u00fdm m\u00edst\u016fm v sout\u011b\u017e\u00edch sv\u011btov\u00e9ho \u0161ampion\u00e1tu v rally, co\u017e jsou tak\u00e9 nejlep\u0161\u00ed v\u00fdsledky, jak\u00fdch kdy \u010desk\u00fd jezdec ve WRC dos\u00e1hl.<\/h4>\n<p>Prokopa s Tom\u00e1nkem a cel\u00fd t\u00fdm MP-Sports v cest\u011b za historick\u00fdm v\u00fdsledkem nezastavily technick\u00e9 probl\u00e9my s elektroinstalac\u00ed \u010di poloosou, ani zran\u011bn\u00ed rukou jihlavsk\u00e9ho pilota. Posledn\u00edch 112 m\u011b\u0159en\u00fdch kilometr\u016f v dun\u00e1ch okolo Pisca zvl\u00e1dl Prokop jako jeden\u00e1ct\u00fd nejrychlej\u0161\u00ed, jeho t\u00fdmov\u00fd kolega Ou\u0159edn\u00ed\u010dek s navig\u00e1torem K\u0159\u00edpalem jako 34. Ti v celkov\u00e9m po\u0159ad\u00ed obsadili sedmn\u00e1ctou p\u0159\u00ed\u010dku.<\/p>\n<p><strong>Martin Prokop:<\/strong> <em>\u201ePosledn\u00ed etapa nebyla \u017e\u00e1dnou spanilou j\u00edzdou, ale z\u00e1vod\u011bn\u00edm do posledn\u00ed chv\u00edle, organiz\u00e1tor n\u00e1m nic neodpustil! D\u011bkujeme za podporu, proto\u017ee to, co jsme tu za\u017eili n\u00e1s dost bolelo a jsme r\u00e1di, \u017ee jste n\u00e1m dr\u017eeli palce.\u201c<\/em>[\/vc_column_text][vc_video link=&#8221;https:\/\/youtu.be\/JsuSq-Qxev0&#8243;][vc_column_text]<strong>Tom\u00e1\u0161 Ou\u0159edn\u00ed\u010dek:<\/strong> <em>\u201eJedn\u00edm slovem n\u00e1dhera! Zrovna dnes jsme si perfektn\u011b zaz\u00e1vodili, co\u017e byla p\u011bkn\u00e1 te\u010dka za cel\u00fdm n\u00e1ro\u010dn\u00fdm z\u00e1vodem. Auto i cel\u00fd t\u00fdm funguj\u00ed skv\u011ble, tak\u017ee si nem\u00e1me na co st\u011b\u017eovat.\u201c<\/em><\/p>\n<p>Mana\u017eer <strong>Quirin M\u00fcller:<\/strong> <em>\u201eChci pod\u011bkovat cel\u00e9mu t\u00fdmu, kter\u00fd v p\u0159edchoz\u00edch jeden\u00e1cti m\u011bs\u00edc\u00edch d\u0159el nejen na \u00fa\u010dasti ve sv\u011btov\u00e9m poh\u00e1ru v cross-country, kde jsme obsadili druh\u00e9 m\u00edsto, ale p\u0159edev\u0161\u00edm na p\u0159\u00edprav\u00e1ch na Dakar. Je fantastick\u00e9 prosadit se jako soukrom\u00fd t\u00fdm mezi tolika tov\u00e1rn\u00edmi pos\u00e1dkami na \u0161est\u00e9 m\u00edsto a zachovat si spolehlivost techniky a ka\u017ed\u00fd rok se v\u00fdsledkov\u011b zlep\u0161ovat. Velik\u00fd d\u00edk pat\u0159\u00ed tak\u00e9 v\u0161em fanou\u0161k\u016fm a sponzor\u016fm na\u0161eho t\u00fdmu.\u201c<\/em><\/p>\n<p>Tiskov\u00e1 zpr\u00e1va t\u00fdmu MP-Sports (editov\u00e1no)[\/vc_column_text][\/vc_column][\/vc_row]<\/p>\n","protected":false},"excerpt":{"rendered":"<p>Extr\u00e9mn\u00ed 41. ro\u010dn\u00edk Dakaru je u konce. Martin Prokop navigovan\u00fd Janem Tom\u00e1nkem stanovil \u0161est\u00fdm m\u00edstem v kategorii automobil\u016f nov\u00fd \u010desk\u00fd rekord.<\/p>\n","protected":false},"author":3,"featured_media":2437,"comment_status":"closed","ping_status":"closed","sticky":false,"template":"","format":"standard","meta":{"footnotes":""},"categories":[637],"tags":[8,9,10,11,6,5,4,241,7],"class_list":["post-2439","post","type-post","status-publish","format-standard","has-post-thumbnail","hentry","category-tiskove-zpravy","tag-dakar","tag-dakar-2019","tag-david-kripal","tag-ford","tag-jan-tomanek","tag-martin-prokop","tag-mp-sports","tag-quirin-muller","tag-tomas-ourednicek"],"yoast_head":"<!-- This site is optimized with the Yoast SEO plugin v24.9 - https:\/\/yoast.com\/wordpress\/plugins\/seo\/ -->\n<title>Prokop historicky nej\u00fasp\u011b\u0161n\u011bj\u0161\u00edm \u010cechem v kategorii automobil\u016f - DAKARMANIA.cz<\/title>\n<meta name=\"description\" content=\"Extr\u00e9mn\u00ed 41. ro\u010dn\u00edk Dakaru je u konce. Martin Prokop navigovan\u00fd Janem Tom\u00e1nkem stanovil \u0161est\u00fdm m\u00edstem v kategorii automobil\u016f nov\u00fd \u010desk\u00fd rekord.\" \/>\n<meta name=\"robots\" content=\"index, follow, max-snippet:-1, max-image-preview:large, max-video-preview:-1\" \/>\n<link rel=\"canonical\" href=\"https:\/\/www.dakarmania.cz\/index.php\/2019\/01\/17\/prokop-historicky-nejuspesnejsim-cechem-v-kategorii-automobilu\/\" \/>\n<meta property=\"og:locale\" content=\"cs_CZ\" \/>\n<meta property=\"og:type\" content=\"article\" \/>\n<meta property=\"og:title\" content=\"Prokop historicky nej\u00fasp\u011b\u0161n\u011bj\u0161\u00edm \u010cechem v kategorii automobil\u016f - DAKARMANIA.cz\" \/>\n<meta property=\"og:description\" content=\"Extr\u00e9mn\u00ed 41. ro\u010dn\u00edk Dakaru je u konce. Martin Prokop navigovan\u00fd Janem Tom\u00e1nkem stanovil \u0161est\u00fdm m\u00edstem v kategorii automobil\u016f nov\u00fd \u010desk\u00fd rekord.\" \/>\n<meta property=\"og:url\" content=\"https:\/\/www.dakarmania.cz\/index.php\/2019\/01\/17\/prokop-historicky-nejuspesnejsim-cechem-v-kategorii-automobilu\/\" \/>\n<meta property=\"og:site_name\" content=\"DAKARMANIA.cz\" \/>\n<meta property=\"article:publisher\" content=\"https:\/\/www.facebook.com\/dakarmania\/\" \/>\n<meta property=\"article:published_time\" content=\"2019-01-17T18:45:09+00:00\" \/>\n<meta property=\"article:modified_time\" content=\"2023-07-15T06:24:40+00:00\" \/>\n<meta property=\"og:image\" content=\"https:\/\/www.dakarmania.cz\/wp-content\/uploads\/2019\/01\/19-dakar-prokop-21.jpg\" \/>\n\t<meta property=\"og:image:width\" content=\"2048\" \/>\n\t<meta property=\"og:image:height\" content=\"1365\" \/>\n\t<meta property=\"og:image:type\" content=\"image\/jpeg\" \/>\n<meta name=\"author\" content=\"tiskov\u00e1 zpr\u00e1va\" \/>\n<meta name=\"twitter:card\" content=\"summary_large_image\" \/>\n<meta name=\"twitter:label1\" content=\"Napsal(a)\" \/>\n\t<meta name=\"twitter:data1\" content=\"tiskov\u00e1 zpr\u00e1va\" \/>\n\t<meta name=\"twitter:label2\" content=\"Odhadovan\u00e1 doba \u010dten\u00ed\" \/>\n\t<meta name=\"twitter:data2\" content=\"2 minuty\" \/>\n<script type=\"application\/ld+json\" class=\"yoast-schema-graph\">{\"@context\":\"https:\/\/schema.org\",\"@graph\":[{\"@type\":\"Article\",\"@id\":\"https:\/\/www.dakarmania.cz\/index.php\/2019\/01\/17\/prokop-historicky-nejuspesnejsim-cechem-v-kategorii-automobilu\/#article\",\"isPartOf\":{\"@id\":\"https:\/\/www.dakarmania.cz\/index.php\/2019\/01\/17\/prokop-historicky-nejuspesnejsim-cechem-v-kategorii-automobilu\/\"},\"author\":{\"name\":\"tiskov\u00e1 zpr\u00e1va\",\"@id\":\"https:\/\/www.dakarmania.cz\/#\/schema\/person\/bce8d1fe3633b1178e150fc5e340d5dd\"},\"headline\":\"Prokop historicky nej\u00fasp\u011b\u0161n\u011bj\u0161\u00edm \u010cechem v kategorii automobil\u016f\",\"datePublished\":\"2019-01-17T18:45:09+00:00\",\"dateModified\":\"2023-07-15T06:24:40+00:00\",\"mainEntityOfPage\":{\"@id\":\"https:\/\/www.dakarmania.cz\/index.php\/2019\/01\/17\/prokop-historicky-nejuspesnejsim-cechem-v-kategorii-automobilu\/\"},\"wordCount\":426,\"publisher\":{\"@id\":\"https:\/\/www.dakarmania.cz\/#organization\"},\"image\":{\"@id\":\"https:\/\/www.dakarmania.cz\/index.php\/2019\/01\/17\/prokop-historicky-nejuspesnejsim-cechem-v-kategorii-automobilu\/#primaryimage\"},\"thumbnailUrl\":\"https:\/\/www.dakarmania.cz\/wp-content\/uploads\/2019\/01\/19-dakar-prokop-21.jpg\",\"keywords\":[\"Dakar\",\"Dakar 2019\",\"David K\u0159\u00edpal\",\"Ford\",\"Jan Tom\u00e1nek\",\"Martin Prokop\",\"MP-Sports\",\"Quirin M\u00fcller\",\"Tom\u00e1\u0161 Ou\u0159edn\u00ed\u010dek\"],\"articleSection\":[\"Tiskov\u00e9 zpr\u00e1vy\"],\"inLanguage\":\"cs\"},{\"@type\":\"WebPage\",\"@id\":\"https:\/\/www.dakarmania.cz\/index.php\/2019\/01\/17\/prokop-historicky-nejuspesnejsim-cechem-v-kategorii-automobilu\/\",\"url\":\"https:\/\/www.dakarmania.cz\/index.php\/2019\/01\/17\/prokop-historicky-nejuspesnejsim-cechem-v-kategorii-automobilu\/\",\"name\":\"Prokop historicky nej\u00fasp\u011b\u0161n\u011bj\u0161\u00edm \u010cechem v kategorii automobil\u016f - DAKARMANIA.cz\",\"isPartOf\":{\"@id\":\"https:\/\/www.dakarmania.cz\/#website\"},\"primaryImageOfPage\":{\"@id\":\"https:\/\/www.dakarmania.cz\/index.php\/2019\/01\/17\/prokop-historicky-nejuspesnejsim-cechem-v-kategorii-automobilu\/#primaryimage\"},\"image\":{\"@id\":\"https:\/\/www.dakarmania.cz\/index.php\/2019\/01\/17\/prokop-historicky-nejuspesnejsim-cechem-v-kategorii-automobilu\/#primaryimage\"},\"thumbnailUrl\":\"https:\/\/www.dakarmania.cz\/wp-content\/uploads\/2019\/01\/19-dakar-prokop-21.jpg\",\"datePublished\":\"2019-01-17T18:45:09+00:00\",\"dateModified\":\"2023-07-15T06:24:40+00:00\",\"description\":\"Extr\u00e9mn\u00ed 41. ro\u010dn\u00edk Dakaru je u konce. Martin Prokop navigovan\u00fd Janem Tom\u00e1nkem stanovil \u0161est\u00fdm m\u00edstem v kategorii automobil\u016f nov\u00fd \u010desk\u00fd rekord.\",\"breadcrumb\":{\"@id\":\"https:\/\/www.dakarmania.cz\/index.php\/2019\/01\/17\/prokop-historicky-nejuspesnejsim-cechem-v-kategorii-automobilu\/#breadcrumb\"},\"inLanguage\":\"cs\",\"potentialAction\":[{\"@type\":\"ReadAction\",\"target\":[\"https:\/\/www.dakarmania.cz\/index.php\/2019\/01\/17\/prokop-historicky-nejuspesnejsim-cechem-v-kategorii-automobilu\/\"]}]},{\"@type\":\"ImageObject\",\"inLanguage\":\"cs\",\"@id\":\"https:\/\/www.dakarmania.cz\/index.php\/2019\/01\/17\/prokop-historicky-nejuspesnejsim-cechem-v-kategorii-automobilu\/#primaryimage\",\"url\":\"https:\/\/www.dakarmania.cz\/wp-content\/uploads\/2019\/01\/19-dakar-prokop-21.jpg\",\"contentUrl\":\"https:\/\/www.dakarmania.cz\/wp-content\/uploads\/2019\/01\/19-dakar-prokop-21.jpg\",\"width\":2048,\"height\":1365,\"caption\":\"Martin Prokop\/Jan Tom\u00e1nek, Ford Raptor RS Cross-Country, MP-Sports. Rally Dakar 2019. \u00a9 MP-Sports\"},{\"@type\":\"BreadcrumbList\",\"@id\":\"https:\/\/www.dakarmania.cz\/index.php\/2019\/01\/17\/prokop-historicky-nejuspesnejsim-cechem-v-kategorii-automobilu\/#breadcrumb\",\"itemListElement\":[{\"@type\":\"ListItem\",\"position\":1,\"name\":\"Dom\u016f\",\"item\":\"https:\/\/www.dakarmania.cz\/\"},{\"@type\":\"ListItem\",\"position\":2,\"name\":\"Prokop historicky nej\u00fasp\u011b\u0161n\u011bj\u0161\u00edm \u010cechem v kategorii automobil\u016f\"}]},{\"@type\":\"WebSite\",\"@id\":\"https:\/\/www.dakarmania.cz\/#website\",\"url\":\"https:\/\/www.dakarmania.cz\/\",\"name\":\"DAKARMANIA.cz\",\"description\":\"\u017dijeme Dakarem cel\u00fd rok\",\"publisher\":{\"@id\":\"https:\/\/www.dakarmania.cz\/#organization\"},\"potentialAction\":[{\"@type\":\"SearchAction\",\"target\":{\"@type\":\"EntryPoint\",\"urlTemplate\":\"https:\/\/www.dakarmania.cz\/?s={search_term_string}\"},\"query-input\":{\"@type\":\"PropertyValueSpecification\",\"valueRequired\":true,\"valueName\":\"search_term_string\"}}],\"inLanguage\":\"cs\"},{\"@type\":\"Organization\",\"@id\":\"https:\/\/www.dakarmania.cz\/#organization\",\"name\":\"DAKAR MANIA\",\"url\":\"https:\/\/www.dakarmania.cz\/\",\"logo\":{\"@type\":\"ImageObject\",\"inLanguage\":\"cs\",\"@id\":\"https:\/\/www.dakarmania.cz\/#\/schema\/logo\/image\/\",\"url\":\"https:\/\/www.dakarmania.cz\/wp-content\/uploads\/2018\/12\/Dakar-Mania-Logo-Square-Orange.png\",\"contentUrl\":\"https:\/\/www.dakarmania.cz\/wp-content\/uploads\/2018\/12\/Dakar-Mania-Logo-Square-Orange.png\",\"width\":992,\"height\":992,\"caption\":\"DAKAR MANIA\"},\"image\":{\"@id\":\"https:\/\/www.dakarmania.cz\/#\/schema\/logo\/image\/\"},\"sameAs\":[\"https:\/\/www.facebook.com\/dakarmania\/\"]},{\"@type\":\"Person\",\"@id\":\"https:\/\/www.dakarmania.cz\/#\/schema\/person\/bce8d1fe3633b1178e150fc5e340d5dd\",\"name\":\"tiskov\u00e1 zpr\u00e1va\",\"image\":{\"@type\":\"ImageObject\",\"inLanguage\":\"cs\",\"@id\":\"https:\/\/www.dakarmania.cz\/#\/schema\/person\/image\/\",\"url\":\"https:\/\/secure.gravatar.com\/avatar\/19aefcb6c7bfae691fca4d805686c670f59bb4f7414c7b398b88dc9c8f4e96d5?s=96&d=mm&r=g\",\"contentUrl\":\"https:\/\/secure.gravatar.com\/avatar\/19aefcb6c7bfae691fca4d805686c670f59bb4f7414c7b398b88dc9c8f4e96d5?s=96&d=mm&r=g\",\"caption\":\"tiskov\u00e1 zpr\u00e1va\"},\"url\":\"https:\/\/www.dakarmania.cz\/index.php\/author\/tiskovezpravy\/\"}]}<\/script>\n<!-- \/ Yoast SEO plugin. -->","yoast_head_json":{"title":"Prokop historicky nej\u00fasp\u011b\u0161n\u011bj\u0161\u00edm \u010cechem v kategorii automobil\u016f - DAKARMANIA.cz","description":"Extr\u00e9mn\u00ed 41. ro\u010dn\u00edk Dakaru je u konce. Martin Prokop navigovan\u00fd Janem Tom\u00e1nkem stanovil \u0161est\u00fdm m\u00edstem v kategorii automobil\u016f nov\u00fd \u010desk\u00fd rekord.","robots":{"index":"index","follow":"follow","max-snippet":"max-snippet:-1","max-image-preview":"max-image-preview:large","max-video-preview":"max-video-preview:-1"},"canonical":"https:\/\/www.dakarmania.cz\/index.php\/2019\/01\/17\/prokop-historicky-nejuspesnejsim-cechem-v-kategorii-automobilu\/","og_locale":"cs_CZ","og_type":"article","og_title":"Prokop historicky nej\u00fasp\u011b\u0161n\u011bj\u0161\u00edm \u010cechem v kategorii automobil\u016f - DAKARMANIA.cz","og_description":"Extr\u00e9mn\u00ed 41. ro\u010dn\u00edk Dakaru je u konce. Martin Prokop navigovan\u00fd Janem Tom\u00e1nkem stanovil \u0161est\u00fdm m\u00edstem v kategorii automobil\u016f nov\u00fd \u010desk\u00fd rekord.","og_url":"https:\/\/www.dakarmania.cz\/index.php\/2019\/01\/17\/prokop-historicky-nejuspesnejsim-cechem-v-kategorii-automobilu\/","og_site_name":"DAKARMANIA.cz","article_publisher":"https:\/\/www.facebook.com\/dakarmania\/","article_published_time":"2019-01-17T18:45:09+00:00","article_modified_time":"2023-07-15T06:24:40+00:00","og_image":[{"width":2048,"height":1365,"url":"https:\/\/www.dakarmania.cz\/wp-content\/uploads\/2019\/01\/19-dakar-prokop-21.jpg","type":"image\/jpeg"}],"author":"tiskov\u00e1 zpr\u00e1va","twitter_card":"summary_large_image","twitter_misc":{"Napsal(a)":"tiskov\u00e1 zpr\u00e1va","Odhadovan\u00e1 doba \u010dten\u00ed":"2 minuty"},"schema":{"@context":"https:\/\/schema.org","@graph":[{"@type":"Article","@id":"https:\/\/www.dakarmania.cz\/index.php\/2019\/01\/17\/prokop-historicky-nejuspesnejsim-cechem-v-kategorii-automobilu\/#article","isPartOf":{"@id":"https:\/\/www.dakarmania.cz\/index.php\/2019\/01\/17\/prokop-historicky-nejuspesnejsim-cechem-v-kategorii-automobilu\/"},"author":{"name":"tiskov\u00e1 zpr\u00e1va","@id":"https:\/\/www.dakarmania.cz\/#\/schema\/person\/bce8d1fe3633b1178e150fc5e340d5dd"},"headline":"Prokop historicky nej\u00fasp\u011b\u0161n\u011bj\u0161\u00edm \u010cechem v kategorii automobil\u016f","datePublished":"2019-01-17T18:45:09+00:00","dateModified":"2023-07-15T06:24:40+00:00","mainEntityOfPage":{"@id":"https:\/\/www.dakarmania.cz\/index.php\/2019\/01\/17\/prokop-historicky-nejuspesnejsim-cechem-v-kategorii-automobilu\/"},"wordCount":426,"publisher":{"@id":"https:\/\/www.dakarmania.cz\/#organization"},"image":{"@id":"https:\/\/www.dakarmania.cz\/index.php\/2019\/01\/17\/prokop-historicky-nejuspesnejsim-cechem-v-kategorii-automobilu\/#primaryimage"},"thumbnailUrl":"https:\/\/www.dakarmania.cz\/wp-content\/uploads\/2019\/01\/19-dakar-prokop-21.jpg","keywords":["Dakar","Dakar 2019","David K\u0159\u00edpal","Ford","Jan Tom\u00e1nek","Martin Prokop","MP-Sports","Quirin M\u00fcller","Tom\u00e1\u0161 Ou\u0159edn\u00ed\u010dek"],"articleSection":["Tiskov\u00e9 zpr\u00e1vy"],"inLanguage":"cs"},{"@type":"WebPage","@id":"https:\/\/www.dakarmania.cz\/index.php\/2019\/01\/17\/prokop-historicky-nejuspesnejsim-cechem-v-kategorii-automobilu\/","url":"https:\/\/www.dakarmania.cz\/index.php\/2019\/01\/17\/prokop-historicky-nejuspesnejsim-cechem-v-kategorii-automobilu\/","name":"Prokop historicky nej\u00fasp\u011b\u0161n\u011bj\u0161\u00edm \u010cechem v kategorii automobil\u016f - DAKARMANIA.cz","isPartOf":{"@id":"https:\/\/www.dakarmania.cz\/#website"},"primaryImageOfPage":{"@id":"https:\/\/www.dakarmania.cz\/index.php\/2019\/01\/17\/prokop-historicky-nejuspesnejsim-cechem-v-kategorii-automobilu\/#primaryimage"},"image":{"@id":"https:\/\/www.dakarmania.cz\/index.php\/2019\/01\/17\/prokop-historicky-nejuspesnejsim-cechem-v-kategorii-automobilu\/#primaryimage"},"thumbnailUrl":"https:\/\/www.dakarmania.cz\/wp-content\/uploads\/2019\/01\/19-dakar-prokop-21.jpg","datePublished":"2019-01-17T18:45:09+00:00","dateModified":"2023-07-15T06:24:40+00:00","description":"Extr\u00e9mn\u00ed 41. ro\u010dn\u00edk Dakaru je u konce. Martin Prokop navigovan\u00fd Janem Tom\u00e1nkem stanovil \u0161est\u00fdm m\u00edstem v kategorii automobil\u016f nov\u00fd \u010desk\u00fd rekord.","breadcrumb":{"@id":"https:\/\/www.dakarmania.cz\/index.php\/2019\/01\/17\/prokop-historicky-nejuspesnejsim-cechem-v-kategorii-automobilu\/#breadcrumb"},"inLanguage":"cs","potentialAction":[{"@type":"ReadAction","target":["https:\/\/www.dakarmania.cz\/index.php\/2019\/01\/17\/prokop-historicky-nejuspesnejsim-cechem-v-kategorii-automobilu\/"]}]},{"@type":"ImageObject","inLanguage":"cs","@id":"https:\/\/www.dakarmania.cz\/index.php\/2019\/01\/17\/prokop-historicky-nejuspesnejsim-cechem-v-kategorii-automobilu\/#primaryimage","url":"https:\/\/www.dakarmania.cz\/wp-content\/uploads\/2019\/01\/19-dakar-prokop-21.jpg","contentUrl":"https:\/\/www.dakarmania.cz\/wp-content\/uploads\/2019\/01\/19-dakar-prokop-21.jpg","width":2048,"height":1365,"caption":"Martin Prokop\/Jan Tom\u00e1nek, Ford Raptor RS Cross-Country, MP-Sports. Rally Dakar 2019. \u00a9 MP-Sports"},{"@type":"BreadcrumbList","@id":"https:\/\/www.dakarmania.cz\/index.php\/2019\/01\/17\/prokop-historicky-nejuspesnejsim-cechem-v-kategorii-automobilu\/#breadcrumb","itemListElement":[{"@type":"ListItem","position":1,"name":"Dom\u016f","item":"https:\/\/www.dakarmania.cz\/"},{"@type":"ListItem","position":2,"name":"Prokop historicky nej\u00fasp\u011b\u0161n\u011bj\u0161\u00edm \u010cechem v kategorii automobil\u016f"}]},{"@type":"WebSite","@id":"https:\/\/www.dakarmania.cz\/#website","url":"https:\/\/www.dakarmania.cz\/","name":"DAKARMANIA.cz","description":"\u017dijeme Dakarem cel\u00fd rok","publisher":{"@id":"https:\/\/www.dakarmania.cz\/#organization"},"potentialAction":[{"@type":"SearchAction","target":{"@type":"EntryPoint","urlTemplate":"https:\/\/www.dakarmania.cz\/?s={search_term_string}"},"query-input":{"@type":"PropertyValueSpecification","valueRequired":true,"valueName":"search_term_string"}}],"inLanguage":"cs"},{"@type":"Organization","@id":"https:\/\/www.dakarmania.cz\/#organization","name":"DAKAR MANIA","url":"https:\/\/www.dakarmania.cz\/","logo":{"@type":"ImageObject","inLanguage":"cs","@id":"https:\/\/www.dakarmania.cz\/#\/schema\/logo\/image\/","url":"https:\/\/www.dakarmania.cz\/wp-content\/uploads\/2018\/12\/Dakar-Mania-Logo-Square-Orange.png","contentUrl":"https:\/\/www.dakarmania.cz\/wp-content\/uploads\/2018\/12\/Dakar-Mania-Logo-Square-Orange.png","width":992,"height":992,"caption":"DAKAR MANIA"},"image":{"@id":"https:\/\/www.dakarmania.cz\/#\/schema\/logo\/image\/"},"sameAs":["https:\/\/www.facebook.com\/dakarmania\/"]},{"@type":"Person","@id":"https:\/\/www.dakarmania.cz\/#\/schema\/person\/bce8d1fe3633b1178e150fc5e340d5dd","name":"tiskov\u00e1 zpr\u00e1va","image":{"@type":"ImageObject","inLanguage":"cs","@id":"https:\/\/www.dakarmania.cz\/#\/schema\/person\/image\/","url":"https:\/\/secure.gravatar.com\/avatar\/19aefcb6c7bfae691fca4d805686c670f59bb4f7414c7b398b88dc9c8f4e96d5?s=96&d=mm&r=g","contentUrl":"https:\/\/secure.gravatar.com\/avatar\/19aefcb6c7bfae691fca4d805686c670f59bb4f7414c7b398b88dc9c8f4e96d5?s=96&d=mm&r=g","caption":"tiskov\u00e1 zpr\u00e1va"},"url":"https:\/\/www.dakarmania.cz\/index.php\/author\/tiskovezpravy\/"}]}},"amp_enabled":true,"_links":{"self":[{"href":"https:\/\/www.dakarmania.cz\/index.php\/wp-json\/wp\/v2\/posts\/2439","targetHints":{"allow":["GET"]}}],"collection":[{"href":"https:\/\/www.dakarmania.cz\/index.php\/wp-json\/wp\/v2\/posts"}],"about":[{"href":"https:\/\/www.dakarmania.cz\/index.php\/wp-json\/wp\/v2\/types\/post"}],"author":[{"embeddable":true,"href":"https:\/\/www.dakarmania.cz\/index.php\/wp-json\/wp\/v2\/users\/3"}],"replies":[{"embeddable":true,"href":"https:\/\/www.dakarmania.cz\/index.php\/wp-json\/wp\/v2\/comments?post=2439"}],"version-history":[{"count":6,"href":"https:\/\/www.dakarmania.cz\/index.php\/wp-json\/wp\/v2\/posts\/2439\/revisions"}],"predecessor-version":[{"id":13280,"href":"https:\/\/www.dakarmania.cz\/index.php\/wp-json\/wp\/v2\/posts\/2439\/revisions\/13280"}],"wp:featuredmedia":[{"embeddable":true,"href":"https:\/\/www.dakarmania.cz\/index.php\/wp-json\/wp\/v2\/media\/2437"}],"wp:attachment":[{"href":"https:\/\/www.dakarmania.cz\/index.php\/wp-json\/wp\/v2\/media?parent=2439"}],"wp:term":[{"taxonomy":"category","embeddable":true,"href":"https:\/\/www.dakarmania.cz\/index.php\/wp-json\/wp\/v2\/categories?post=2439"},{"taxonomy":"post_tag","embeddable":true,"href":"https:\/\/www.dakarmania.cz\/index.php\/wp-json\/wp\/v2\/tags?post=2439"}],"curies":[{"name":"wp","href":"https:\/\/api.w.org\/{rel}","templated":true}]}}