{"id":2447,"date":"2019-01-17T21:50:27","date_gmt":"2019-01-17T21:50:27","guid":{"rendered":"https:\/\/www.dakarmania.cz\/?p=2447"},"modified":"2019-03-19T13:36:16","modified_gmt":"2019-03-19T12:36:16","slug":"dakar-2019-macik-potvrdil-ze-umi-prohnat-kamazy","status":"publish","type":"post","link":"https:\/\/www.dakarmania.cz\/index.php\/2019\/01\/17\/dakar-2019-macik-potvrdil-ze-umi-prohnat-kamazy\/","title":{"rendered":"Dakar 2019: Mac\u00edk potvrdil, \u017ee um\u00ed prohnat kamazy"},"content":{"rendered":"<p>[vc_row][vc_column][vc_column_text]<\/p>\n<h4>Martin Mac\u00edk s navig\u00e1torem Franti\u0161kem Tom\u00e1\u0161kem a mechanikem Luk\u00e1\u0161em Kalankou ze sedl\u010dansk\u00e9ho t\u00fdmu Big Shock Racing ve sv\u00e9 \u017elut\u00e9 liazce dojeli do c\u00edle Dakaru 2019. V dakarsk\u00e9m p\u016flmaratonu vybojovali skv\u011bl\u00e9 2. m\u00edsto. A v posledn\u00ed etap\u011b z\u00edskali tak\u00e9 3. nejrychlej\u0161\u00ed \u010das mezi v\u0161emi kamiony.<\/h4>\n<p>Sedl\u010dansk\u00e1 pos\u00e1dka v legend\u00e1rn\u00edm z\u00e1vodu, kter\u00fd je pova\u017eov\u00e1n za nejextr\u00e9mn\u011bj\u0161\u00ed na sv\u011bt\u011b, dok\u00e1zala sm\u011ble konkurovat velk\u00fdm tov\u00e1rn\u00edm t\u00fdm\u016fm. Frantu, jak \u0159\u00edkaj\u00ed sv\u00e9mu kamionu, dok\u00e1zali \u010de\u0161t\u00ed z\u00e1vodn\u00edci v\u00fdborn\u00fdmi v\u00fdkony dov\u00e9st do c\u00edle i p\u0159es \u0159adu ne\u010dekan\u00fdch ud\u00e1lost\u00ed. Nezastavilo je ulomen\u00e9 kolo ani m\u011bn\u00edc\u00ed se verdikt po\u0159adatel\u016f, kter\u00fd je v druh\u00e9 p\u016flce z\u00e1vodu p\u0159ehodil z hlavn\u00ed sout\u011b\u017ee do kategorie \u201emal\u00e9ho\u201c Dakaru. Neztratili chu\u0165 bojovat d\u00e1l a ud\u011blali maximum pro to, aby dojeli do c\u00edle.<\/p>\n<p>Martin Mac\u00edk se svou pos\u00e1dkou si letos potvrdili, \u017ee si ve startovn\u00edm poli stoj\u00ed dob\u0159e.<\/p>\n<p><em>\u201eJeli jsme vp\u0159edu a ukazovali v\u011bt\u0161in\u011b kamion\u016f Frant\u016fv zadek. A p\u0159itom jsme jeli s \u00faplnou lehkost\u00ed, nikam jsme nechv\u00e1tali, netla\u010dili jsem na pilu. Dok\u00e1zali jsme zajet dobr\u00e9 \u010dasy bez zbyte\u010dn\u00e9ho jan\u010den\u00ed. Jeli jsme hlavou a byli jsme dob\u0159e p\u0159ipraven\u00ed,\u201c<\/em> \u0159\u00edk\u00e1 <strong>Martin Mac\u00edk<\/strong>. A dob\u0159e se osv\u011bd\u010dil i kamion Liaz, kter\u00fd pos\u00e1dku dovezl do c\u00edle.[\/vc_column_text][vc_single_image image=&#8221;2445&#8243; img_size=&#8221;large&#8221; alignment=&#8221;center&#8221;][vc_column_text]<em>\u201eFranta jel n\u00e1dhern\u011b. Jsme v c\u00edli a tomu autu nic nen\u00ed. M\u011bnili jsme tlumi\u010de, ale jinak dr\u017e\u00ed. Ani jsme nemuseli letos vyt\u00e1hnout sv\u00e1\u0159e\u010dku,\u201c<\/em> dod\u00e1v\u00e1 Mac\u00edk.<\/p>\n<p>A velk\u00fd posun zaznamenala pos\u00e1dka tak\u00e9 v navigaci, kter\u00e1 byla v dun\u00e1ch hodn\u011b n\u00e1ro\u010dn\u00e1.<\/p>\n<p><em>\u201eJsme p\u0159\u00edjemn\u011b p\u0159ekvapen\u00ed. Duny, ve kter\u00fdch jsme se v minulosti ztr\u00e1celi, byly letos na\u0161\u00ed v\u00fdhodou. Nem\u011bli jsme \u017e\u00e1dn\u00fd v\u00fdrazn\u011bj\u0161\u00ed probl\u00e9m, ubylo bloud\u011bn\u00ed, zmizela nejistota, v\u0161echno n\u00e1m sed\u011blo,\u201c<\/em> \u0159\u00edk\u00e1 navig\u00e1tor <strong>Franti\u0161ek Tom\u00e1\u0161ek<\/strong>, kter\u00fd hned v pond\u011bl\u00ed nastupuje zp\u011bt do sv\u00e9ho civiln\u00edho zam\u011bstn\u00e1n\u00ed.<\/p>\n<p>Jedna chyba v\u0161ak pro pos\u00e1dku znamenala utr\u017een\u00e9 kolo, obrovsk\u00fd boj, aby se povedlo dostat Frantu bez brzdy, tlumi\u010d\u016f a p\u0159edn\u00edho n\u00e1honu do c\u00edle, minut\u00ed n\u011bkolika kontroln\u00edch bod\u016f a n\u00e1sledn\u00e9 rozhodnut\u00ed po\u0159adatel\u016f, \u017ee liazka t\u00fdmu Big Shock Racing mus\u00ed d\u00e1le pokra\u010dovat v r\u00e1mci p\u016flmaratonu.[\/vc_column_text][vc_single_image image=&#8221;2446&#8243; img_size=&#8221;large&#8221; alignment=&#8221;center&#8221;][vc_column_text]<em>\u201eBylo tam 20 minut velk\u00e9ho rozhodov\u00e1n\u00ed, jestli pojedeme d\u00e1l a pak jsme se jednohlasn\u011b rozhodli, \u017ee bojujeme d\u00e1l. V\u0161ichni jsme se se\u0161li na poradu a shodli, \u017ee nikdo nebude bre\u010det, budeme m\u00edt po\u0159\u00e1d stejn\u011b dobrou n\u00e1ladu, dali jsme si na to HIGH5 a od t\u00e9 doby to dr\u017e\u00edme. Nikdo se rozhodnut\u00edm po\u0159adatel\u016f nenechal otr\u00e1vit a u\u017eili jsme si to a\u017e do konce,\u201c<\/em> popisuje <strong>Franti\u0161ek Tom\u00e1\u0161ek<\/strong>.<\/p>\n<p>Parta chlap\u00edk\u016f z Big Shock Racing t\u00fdmu dr\u017eela pospolu za v\u0161ech okolnost\u00ed a po celou dobu z\u00e1vodu se soust\u0159edila na to, co je opravdu d\u016fle\u017eit\u00e9.<\/p>\n<p><em>\u201eStra\u0161n\u011b moc n\u00e1s podr\u017eel t\u00fdm, kter\u00fd je naprosto sehran\u00fd, pln\u00fd opravdov\u00fdch nad\u0161enc\u016f, kter\u00e9 bav\u00ed jejich pr\u00e1ce. Dok\u00e1\u017eeme spolu mluvit, d\u011blat si srandu, v klidu poka\u017ed\u00e9 v\u0161echno vy\u0159e\u0161it. Velk\u00e1 \u010d\u00e1st z\u00e1sluh pat\u0159\u00ed na\u0161im fanou\u0161k\u016fm, kte\u0159\u00ed za n\u00e1mi st\u00e1li, a\u0165 se d\u011blo, co se d\u011blo. A moc d\u011bkujeme tak\u00e9 v\u0161em partner\u016fm, i d\u00edky nim tu te\u010f jsme,\u201c<\/em> vzkazuje <strong>Martin Mac\u00edk<\/strong>.<\/p>\n<p>Tiskov\u00e1 zpr\u00e1va t\u00fdmu Big Shock Racing (editov\u00e1no)[\/vc_column_text][\/vc_column][\/vc_row]<\/p>\n","protected":false},"excerpt":{"rendered":"<p>[vc_row][vc_column][vc_column_text] Martin Mac\u00edk s navig\u00e1torem Franti\u0161kem Tom\u00e1\u0161kem a mechanikem Luk\u00e1\u0161em Kalankou ze sedl\u010dansk\u00e9ho t\u00fdmu Big Shock Racing ve sv\u00e9 \u017elut\u00e9 liazce dojeli do c\u00edle Dakaru 2019. V dakarsk\u00e9m p\u016flmaratonu vybojovali skv\u011bl\u00e9 2. m\u00edsto. A v posledn\u00ed etap\u011b z\u00edskali tak\u00e9 3. nejrychlej\u0161\u00ed \u010das mezi v\u0161emi kamiony. Sedl\u010dansk\u00e1 pos\u00e1dka v legend\u00e1rn\u00edm z\u00e1vodu, kter\u00fd je pova\u017eov\u00e1n za nejextr\u00e9mn\u011bj\u0161\u00ed [&hellip;]<\/p>\n","protected":false},"author":3,"featured_media":2444,"comment_status":"open","ping_status":"closed","sticky":false,"template":"","format":"standard","meta":{"footnotes":""},"categories":[637],"tags":[111,8,9,117,112,116,114],"class_list":["post-2447","post","type-post","status-publish","format-standard","has-post-thumbnail","hentry","category-tiskove-zpravy","tag-big-shock-racing","tag-dakar","tag-dakar-2019","tag-frantisek-tomasek","tag-liaz","tag-lukas-kalanka","tag-martin-macik-ml"],"yoast_head":"<!-- This site is optimized with the Yoast SEO plugin v24.9 - https:\/\/yoast.com\/wordpress\/plugins\/seo\/ -->\n<title>Dakar 2019: Mac\u00edk potvrdil, \u017ee um\u00ed prohnat kamazy - DAKARMANIA.cz<\/title>\n<meta name=\"description\" content=\"Martin Mac\u00edk s Franti\u0161kem Tom\u00e1\u0161kem a Luk\u00e1\u0161em Kalankou ze sedl\u010dansk\u00e9ho t\u00fdmu Big Shock Racing ve sv\u00e9 \u017elut\u00e9 liazce dojeli do c\u00edle Dakaru 2019.\" \/>\n<meta name=\"robots\" content=\"index, follow, max-snippet:-1, max-image-preview:large, max-video-preview:-1\" \/>\n<link rel=\"canonical\" href=\"https:\/\/www.dakarmania.cz\/index.php\/2019\/01\/17\/dakar-2019-macik-potvrdil-ze-umi-prohnat-kamazy\/\" \/>\n<meta property=\"og:locale\" content=\"cs_CZ\" \/>\n<meta property=\"og:type\" content=\"article\" \/>\n<meta property=\"og:title\" content=\"Dakar 2019: Mac\u00edk potvrdil, \u017ee um\u00ed prohnat kamazy - DAKARMANIA.cz\" \/>\n<meta property=\"og:description\" content=\"Martin Mac\u00edk s Franti\u0161kem Tom\u00e1\u0161kem a Luk\u00e1\u0161em Kalankou ze sedl\u010dansk\u00e9ho t\u00fdmu Big Shock Racing ve sv\u00e9 \u017elut\u00e9 liazce dojeli do c\u00edle Dakaru 2019.\" \/>\n<meta property=\"og:url\" content=\"https:\/\/www.dakarmania.cz\/index.php\/2019\/01\/17\/dakar-2019-macik-potvrdil-ze-umi-prohnat-kamazy\/\" \/>\n<meta property=\"og:site_name\" content=\"DAKARMANIA.cz\" \/>\n<meta property=\"article:publisher\" content=\"https:\/\/www.facebook.com\/dakarmania\/\" \/>\n<meta property=\"article:published_time\" content=\"2019-01-17T21:50:27+00:00\" \/>\n<meta property=\"article:modified_time\" content=\"2019-03-19T12:36:16+00:00\" \/>\n<meta property=\"og:image\" content=\"https:\/\/www.dakarmania.cz\/wp-content\/uploads\/2019\/01\/19-dakar-macik-20.jpg\" \/>\n\t<meta property=\"og:image:width\" content=\"2024\" \/>\n\t<meta property=\"og:image:height\" content=\"1351\" \/>\n\t<meta property=\"og:image:type\" content=\"image\/jpeg\" \/>\n<meta name=\"author\" content=\"tiskov\u00e1 zpr\u00e1va\" \/>\n<meta name=\"twitter:card\" content=\"summary_large_image\" \/>\n<meta name=\"twitter:label1\" content=\"Napsal(a)\" \/>\n\t<meta name=\"twitter:data1\" content=\"tiskov\u00e1 zpr\u00e1va\" \/>\n\t<meta name=\"twitter:label2\" content=\"Odhadovan\u00e1 doba \u010dten\u00ed\" \/>\n\t<meta name=\"twitter:data2\" content=\"3 minuty\" \/>\n<script type=\"application\/ld+json\" class=\"yoast-schema-graph\">{\"@context\":\"https:\/\/schema.org\",\"@graph\":[{\"@type\":\"Article\",\"@id\":\"https:\/\/www.dakarmania.cz\/index.php\/2019\/01\/17\/dakar-2019-macik-potvrdil-ze-umi-prohnat-kamazy\/#article\",\"isPartOf\":{\"@id\":\"https:\/\/www.dakarmania.cz\/index.php\/2019\/01\/17\/dakar-2019-macik-potvrdil-ze-umi-prohnat-kamazy\/\"},\"author\":{\"name\":\"tiskov\u00e1 zpr\u00e1va\",\"@id\":\"https:\/\/www.dakarmania.cz\/#\/schema\/person\/bce8d1fe3633b1178e150fc5e340d5dd\"},\"headline\":\"Dakar 2019: Mac\u00edk potvrdil, \u017ee um\u00ed prohnat kamazy\",\"datePublished\":\"2019-01-17T21:50:27+00:00\",\"dateModified\":\"2019-03-19T12:36:16+00:00\",\"mainEntityOfPage\":{\"@id\":\"https:\/\/www.dakarmania.cz\/index.php\/2019\/01\/17\/dakar-2019-macik-potvrdil-ze-umi-prohnat-kamazy\/\"},\"wordCount\":696,\"commentCount\":0,\"publisher\":{\"@id\":\"https:\/\/www.dakarmania.cz\/#organization\"},\"image\":{\"@id\":\"https:\/\/www.dakarmania.cz\/index.php\/2019\/01\/17\/dakar-2019-macik-potvrdil-ze-umi-prohnat-kamazy\/#primaryimage\"},\"thumbnailUrl\":\"https:\/\/www.dakarmania.cz\/wp-content\/uploads\/2019\/01\/19-dakar-macik-20.jpg\",\"keywords\":[\"Big Shock! Racing\",\"Dakar\",\"Dakar 2019\",\"Franti\u0161ek Tom\u00e1\u0161ek\",\"Liaz\",\"Luk\u00e1\u0161 Kalanka\",\"Martin Mac\u00edk ml.\"],\"articleSection\":[\"Tiskov\u00e9 zpr\u00e1vy\"],\"inLanguage\":\"cs\",\"potentialAction\":[{\"@type\":\"CommentAction\",\"name\":\"Comment\",\"target\":[\"https:\/\/www.dakarmania.cz\/index.php\/2019\/01\/17\/dakar-2019-macik-potvrdil-ze-umi-prohnat-kamazy\/#respond\"]}]},{\"@type\":\"WebPage\",\"@id\":\"https:\/\/www.dakarmania.cz\/index.php\/2019\/01\/17\/dakar-2019-macik-potvrdil-ze-umi-prohnat-kamazy\/\",\"url\":\"https:\/\/www.dakarmania.cz\/index.php\/2019\/01\/17\/dakar-2019-macik-potvrdil-ze-umi-prohnat-kamazy\/\",\"name\":\"Dakar 2019: Mac\u00edk potvrdil, \u017ee um\u00ed prohnat kamazy - DAKARMANIA.cz\",\"isPartOf\":{\"@id\":\"https:\/\/www.dakarmania.cz\/#website\"},\"primaryImageOfPage\":{\"@id\":\"https:\/\/www.dakarmania.cz\/index.php\/2019\/01\/17\/dakar-2019-macik-potvrdil-ze-umi-prohnat-kamazy\/#primaryimage\"},\"image\":{\"@id\":\"https:\/\/www.dakarmania.cz\/index.php\/2019\/01\/17\/dakar-2019-macik-potvrdil-ze-umi-prohnat-kamazy\/#primaryimage\"},\"thumbnailUrl\":\"https:\/\/www.dakarmania.cz\/wp-content\/uploads\/2019\/01\/19-dakar-macik-20.jpg\",\"datePublished\":\"2019-01-17T21:50:27+00:00\",\"dateModified\":\"2019-03-19T12:36:16+00:00\",\"description\":\"Martin Mac\u00edk s Franti\u0161kem Tom\u00e1\u0161kem a Luk\u00e1\u0161em Kalankou ze sedl\u010dansk\u00e9ho t\u00fdmu Big Shock Racing ve sv\u00e9 \u017elut\u00e9 liazce dojeli do c\u00edle Dakaru 2019.\",\"breadcrumb\":{\"@id\":\"https:\/\/www.dakarmania.cz\/index.php\/2019\/01\/17\/dakar-2019-macik-potvrdil-ze-umi-prohnat-kamazy\/#breadcrumb\"},\"inLanguage\":\"cs\",\"potentialAction\":[{\"@type\":\"ReadAction\",\"target\":[\"https:\/\/www.dakarmania.cz\/index.php\/2019\/01\/17\/dakar-2019-macik-potvrdil-ze-umi-prohnat-kamazy\/\"]}]},{\"@type\":\"ImageObject\",\"inLanguage\":\"cs\",\"@id\":\"https:\/\/www.dakarmania.cz\/index.php\/2019\/01\/17\/dakar-2019-macik-potvrdil-ze-umi-prohnat-kamazy\/#primaryimage\",\"url\":\"https:\/\/www.dakarmania.cz\/wp-content\/uploads\/2019\/01\/19-dakar-macik-20.jpg\",\"contentUrl\":\"https:\/\/www.dakarmania.cz\/wp-content\/uploads\/2019\/01\/19-dakar-macik-20.jpg\",\"width\":2024,\"height\":1351,\"caption\":\"Martin Mac\u00edk Jr.\/Franti\u0161ek Tom\u00e1\u0161ek\/Luk\u00e1\u0161 Kalanka, Liaz 111.154, Big Shock Racing. Rally Dakar 2019. \u00a9 Big Shock Racing\"},{\"@type\":\"BreadcrumbList\",\"@id\":\"https:\/\/www.dakarmania.cz\/index.php\/2019\/01\/17\/dakar-2019-macik-potvrdil-ze-umi-prohnat-kamazy\/#breadcrumb\",\"itemListElement\":[{\"@type\":\"ListItem\",\"position\":1,\"name\":\"Dom\u016f\",\"item\":\"https:\/\/www.dakarmania.cz\/\"},{\"@type\":\"ListItem\",\"position\":2,\"name\":\"Dakar 2019: Mac\u00edk potvrdil, \u017ee um\u00ed prohnat kamazy\"}]},{\"@type\":\"WebSite\",\"@id\":\"https:\/\/www.dakarmania.cz\/#website\",\"url\":\"https:\/\/www.dakarmania.cz\/\",\"name\":\"DAKARMANIA.cz\",\"description\":\"\u017dijeme Dakarem cel\u00fd rok\",\"publisher\":{\"@id\":\"https:\/\/www.dakarmania.cz\/#organization\"},\"potentialAction\":[{\"@type\":\"SearchAction\",\"target\":{\"@type\":\"EntryPoint\",\"urlTemplate\":\"https:\/\/www.dakarmania.cz\/?s={search_term_string}\"},\"query-input\":{\"@type\":\"PropertyValueSpecification\",\"valueRequired\":true,\"valueName\":\"search_term_string\"}}],\"inLanguage\":\"cs\"},{\"@type\":\"Organization\",\"@id\":\"https:\/\/www.dakarmania.cz\/#organization\",\"name\":\"DAKAR MANIA\",\"url\":\"https:\/\/www.dakarmania.cz\/\",\"logo\":{\"@type\":\"ImageObject\",\"inLanguage\":\"cs\",\"@id\":\"https:\/\/www.dakarmania.cz\/#\/schema\/logo\/image\/\",\"url\":\"https:\/\/www.dakarmania.cz\/wp-content\/uploads\/2018\/12\/Dakar-Mania-Logo-Square-Orange.png\",\"contentUrl\":\"https:\/\/www.dakarmania.cz\/wp-content\/uploads\/2018\/12\/Dakar-Mania-Logo-Square-Orange.png\",\"width\":992,\"height\":992,\"caption\":\"DAKAR MANIA\"},\"image\":{\"@id\":\"https:\/\/www.dakarmania.cz\/#\/schema\/logo\/image\/\"},\"sameAs\":[\"https:\/\/www.facebook.com\/dakarmania\/\"]},{\"@type\":\"Person\",\"@id\":\"https:\/\/www.dakarmania.cz\/#\/schema\/person\/bce8d1fe3633b1178e150fc5e340d5dd\",\"name\":\"tiskov\u00e1 zpr\u00e1va\",\"image\":{\"@type\":\"ImageObject\",\"inLanguage\":\"cs\",\"@id\":\"https:\/\/www.dakarmania.cz\/#\/schema\/person\/image\/\",\"url\":\"https:\/\/secure.gravatar.com\/avatar\/19aefcb6c7bfae691fca4d805686c670f59bb4f7414c7b398b88dc9c8f4e96d5?s=96&d=mm&r=g\",\"contentUrl\":\"https:\/\/secure.gravatar.com\/avatar\/19aefcb6c7bfae691fca4d805686c670f59bb4f7414c7b398b88dc9c8f4e96d5?s=96&d=mm&r=g\",\"caption\":\"tiskov\u00e1 zpr\u00e1va\"},\"url\":\"https:\/\/www.dakarmania.cz\/index.php\/author\/tiskovezpravy\/\"}]}<\/script>\n<!-- \/ Yoast SEO plugin. -->","yoast_head_json":{"title":"Dakar 2019: Mac\u00edk potvrdil, \u017ee um\u00ed prohnat kamazy - DAKARMANIA.cz","description":"Martin Mac\u00edk s Franti\u0161kem Tom\u00e1\u0161kem a Luk\u00e1\u0161em Kalankou ze sedl\u010dansk\u00e9ho t\u00fdmu Big Shock Racing ve sv\u00e9 \u017elut\u00e9 liazce dojeli do c\u00edle Dakaru 2019.","robots":{"index":"index","follow":"follow","max-snippet":"max-snippet:-1","max-image-preview":"max-image-preview:large","max-video-preview":"max-video-preview:-1"},"canonical":"https:\/\/www.dakarmania.cz\/index.php\/2019\/01\/17\/dakar-2019-macik-potvrdil-ze-umi-prohnat-kamazy\/","og_locale":"cs_CZ","og_type":"article","og_title":"Dakar 2019: Mac\u00edk potvrdil, \u017ee um\u00ed prohnat kamazy - DAKARMANIA.cz","og_description":"Martin Mac\u00edk s Franti\u0161kem Tom\u00e1\u0161kem a Luk\u00e1\u0161em Kalankou ze sedl\u010dansk\u00e9ho t\u00fdmu Big Shock Racing ve sv\u00e9 \u017elut\u00e9 liazce dojeli do c\u00edle Dakaru 2019.","og_url":"https:\/\/www.dakarmania.cz\/index.php\/2019\/01\/17\/dakar-2019-macik-potvrdil-ze-umi-prohnat-kamazy\/","og_site_name":"DAKARMANIA.cz","article_publisher":"https:\/\/www.facebook.com\/dakarmania\/","article_published_time":"2019-01-17T21:50:27+00:00","article_modified_time":"2019-03-19T12:36:16+00:00","og_image":[{"width":2024,"height":1351,"url":"https:\/\/www.dakarmania.cz\/wp-content\/uploads\/2019\/01\/19-dakar-macik-20.jpg","type":"image\/jpeg"}],"author":"tiskov\u00e1 zpr\u00e1va","twitter_card":"summary_large_image","twitter_misc":{"Napsal(a)":"tiskov\u00e1 zpr\u00e1va","Odhadovan\u00e1 doba \u010dten\u00ed":"3 minuty"},"schema":{"@context":"https:\/\/schema.org","@graph":[{"@type":"Article","@id":"https:\/\/www.dakarmania.cz\/index.php\/2019\/01\/17\/dakar-2019-macik-potvrdil-ze-umi-prohnat-kamazy\/#article","isPartOf":{"@id":"https:\/\/www.dakarmania.cz\/index.php\/2019\/01\/17\/dakar-2019-macik-potvrdil-ze-umi-prohnat-kamazy\/"},"author":{"name":"tiskov\u00e1 zpr\u00e1va","@id":"https:\/\/www.dakarmania.cz\/#\/schema\/person\/bce8d1fe3633b1178e150fc5e340d5dd"},"headline":"Dakar 2019: Mac\u00edk potvrdil, \u017ee um\u00ed prohnat kamazy","datePublished":"2019-01-17T21:50:27+00:00","dateModified":"2019-03-19T12:36:16+00:00","mainEntityOfPage":{"@id":"https:\/\/www.dakarmania.cz\/index.php\/2019\/01\/17\/dakar-2019-macik-potvrdil-ze-umi-prohnat-kamazy\/"},"wordCount":696,"commentCount":0,"publisher":{"@id":"https:\/\/www.dakarmania.cz\/#organization"},"image":{"@id":"https:\/\/www.dakarmania.cz\/index.php\/2019\/01\/17\/dakar-2019-macik-potvrdil-ze-umi-prohnat-kamazy\/#primaryimage"},"thumbnailUrl":"https:\/\/www.dakarmania.cz\/wp-content\/uploads\/2019\/01\/19-dakar-macik-20.jpg","keywords":["Big Shock! Racing","Dakar","Dakar 2019","Franti\u0161ek Tom\u00e1\u0161ek","Liaz","Luk\u00e1\u0161 Kalanka","Martin Mac\u00edk ml."],"articleSection":["Tiskov\u00e9 zpr\u00e1vy"],"inLanguage":"cs","potentialAction":[{"@type":"CommentAction","name":"Comment","target":["https:\/\/www.dakarmania.cz\/index.php\/2019\/01\/17\/dakar-2019-macik-potvrdil-ze-umi-prohnat-kamazy\/#respond"]}]},{"@type":"WebPage","@id":"https:\/\/www.dakarmania.cz\/index.php\/2019\/01\/17\/dakar-2019-macik-potvrdil-ze-umi-prohnat-kamazy\/","url":"https:\/\/www.dakarmania.cz\/index.php\/2019\/01\/17\/dakar-2019-macik-potvrdil-ze-umi-prohnat-kamazy\/","name":"Dakar 2019: Mac\u00edk potvrdil, \u017ee um\u00ed prohnat kamazy - DAKARMANIA.cz","isPartOf":{"@id":"https:\/\/www.dakarmania.cz\/#website"},"primaryImageOfPage":{"@id":"https:\/\/www.dakarmania.cz\/index.php\/2019\/01\/17\/dakar-2019-macik-potvrdil-ze-umi-prohnat-kamazy\/#primaryimage"},"image":{"@id":"https:\/\/www.dakarmania.cz\/index.php\/2019\/01\/17\/dakar-2019-macik-potvrdil-ze-umi-prohnat-kamazy\/#primaryimage"},"thumbnailUrl":"https:\/\/www.dakarmania.cz\/wp-content\/uploads\/2019\/01\/19-dakar-macik-20.jpg","datePublished":"2019-01-17T21:50:27+00:00","dateModified":"2019-03-19T12:36:16+00:00","description":"Martin Mac\u00edk s Franti\u0161kem Tom\u00e1\u0161kem a Luk\u00e1\u0161em Kalankou ze sedl\u010dansk\u00e9ho t\u00fdmu Big Shock Racing ve sv\u00e9 \u017elut\u00e9 liazce dojeli do c\u00edle Dakaru 2019.","breadcrumb":{"@id":"https:\/\/www.dakarmania.cz\/index.php\/2019\/01\/17\/dakar-2019-macik-potvrdil-ze-umi-prohnat-kamazy\/#breadcrumb"},"inLanguage":"cs","potentialAction":[{"@type":"ReadAction","target":["https:\/\/www.dakarmania.cz\/index.php\/2019\/01\/17\/dakar-2019-macik-potvrdil-ze-umi-prohnat-kamazy\/"]}]},{"@type":"ImageObject","inLanguage":"cs","@id":"https:\/\/www.dakarmania.cz\/index.php\/2019\/01\/17\/dakar-2019-macik-potvrdil-ze-umi-prohnat-kamazy\/#primaryimage","url":"https:\/\/www.dakarmania.cz\/wp-content\/uploads\/2019\/01\/19-dakar-macik-20.jpg","contentUrl":"https:\/\/www.dakarmania.cz\/wp-content\/uploads\/2019\/01\/19-dakar-macik-20.jpg","width":2024,"height":1351,"caption":"Martin Mac\u00edk Jr.\/Franti\u0161ek Tom\u00e1\u0161ek\/Luk\u00e1\u0161 Kalanka, Liaz 111.154, Big Shock Racing. Rally Dakar 2019. \u00a9 Big Shock Racing"},{"@type":"BreadcrumbList","@id":"https:\/\/www.dakarmania.cz\/index.php\/2019\/01\/17\/dakar-2019-macik-potvrdil-ze-umi-prohnat-kamazy\/#breadcrumb","itemListElement":[{"@type":"ListItem","position":1,"name":"Dom\u016f","item":"https:\/\/www.dakarmania.cz\/"},{"@type":"ListItem","position":2,"name":"Dakar 2019: Mac\u00edk potvrdil, \u017ee um\u00ed prohnat kamazy"}]},{"@type":"WebSite","@id":"https:\/\/www.dakarmania.cz\/#website","url":"https:\/\/www.dakarmania.cz\/","name":"DAKARMANIA.cz","description":"\u017dijeme Dakarem cel\u00fd rok","publisher":{"@id":"https:\/\/www.dakarmania.cz\/#organization"},"potentialAction":[{"@type":"SearchAction","target":{"@type":"EntryPoint","urlTemplate":"https:\/\/www.dakarmania.cz\/?s={search_term_string}"},"query-input":{"@type":"PropertyValueSpecification","valueRequired":true,"valueName":"search_term_string"}}],"inLanguage":"cs"},{"@type":"Organization","@id":"https:\/\/www.dakarmania.cz\/#organization","name":"DAKAR MANIA","url":"https:\/\/www.dakarmania.cz\/","logo":{"@type":"ImageObject","inLanguage":"cs","@id":"https:\/\/www.dakarmania.cz\/#\/schema\/logo\/image\/","url":"https:\/\/www.dakarmania.cz\/wp-content\/uploads\/2018\/12\/Dakar-Mania-Logo-Square-Orange.png","contentUrl":"https:\/\/www.dakarmania.cz\/wp-content\/uploads\/2018\/12\/Dakar-Mania-Logo-Square-Orange.png","width":992,"height":992,"caption":"DAKAR MANIA"},"image":{"@id":"https:\/\/www.dakarmania.cz\/#\/schema\/logo\/image\/"},"sameAs":["https:\/\/www.facebook.com\/dakarmania\/"]},{"@type":"Person","@id":"https:\/\/www.dakarmania.cz\/#\/schema\/person\/bce8d1fe3633b1178e150fc5e340d5dd","name":"tiskov\u00e1 zpr\u00e1va","image":{"@type":"ImageObject","inLanguage":"cs","@id":"https:\/\/www.dakarmania.cz\/#\/schema\/person\/image\/","url":"https:\/\/secure.gravatar.com\/avatar\/19aefcb6c7bfae691fca4d805686c670f59bb4f7414c7b398b88dc9c8f4e96d5?s=96&d=mm&r=g","contentUrl":"https:\/\/secure.gravatar.com\/avatar\/19aefcb6c7bfae691fca4d805686c670f59bb4f7414c7b398b88dc9c8f4e96d5?s=96&d=mm&r=g","caption":"tiskov\u00e1 zpr\u00e1va"},"url":"https:\/\/www.dakarmania.cz\/index.php\/author\/tiskovezpravy\/"}]}},"amp_enabled":true,"_links":{"self":[{"href":"https:\/\/www.dakarmania.cz\/index.php\/wp-json\/wp\/v2\/posts\/2447","targetHints":{"allow":["GET"]}}],"collection":[{"href":"https:\/\/www.dakarmania.cz\/index.php\/wp-json\/wp\/v2\/posts"}],"about":[{"href":"https:\/\/www.dakarmania.cz\/index.php\/wp-json\/wp\/v2\/types\/post"}],"author":[{"embeddable":true,"href":"https:\/\/www.dakarmania.cz\/index.php\/wp-json\/wp\/v2\/users\/3"}],"replies":[{"embeddable":true,"href":"https:\/\/www.dakarmania.cz\/index.php\/wp-json\/wp\/v2\/comments?post=2447"}],"version-history":[{"count":1,"href":"https:\/\/www.dakarmania.cz\/index.php\/wp-json\/wp\/v2\/posts\/2447\/revisions"}],"predecessor-version":[{"id":2448,"href":"https:\/\/www.dakarmania.cz\/index.php\/wp-json\/wp\/v2\/posts\/2447\/revisions\/2448"}],"wp:featuredmedia":[{"embeddable":true,"href":"https:\/\/www.dakarmania.cz\/index.php\/wp-json\/wp\/v2\/media\/2444"}],"wp:attachment":[{"href":"https:\/\/www.dakarmania.cz\/index.php\/wp-json\/wp\/v2\/media?parent=2447"}],"wp:term":[{"taxonomy":"category","embeddable":true,"href":"https:\/\/www.dakarmania.cz\/index.php\/wp-json\/wp\/v2\/categories?post=2447"},{"taxonomy":"post_tag","embeddable":true,"href":"https:\/\/www.dakarmania.cz\/index.php\/wp-json\/wp\/v2\/tags?post=2447"}],"curies":[{"name":"wp","href":"https:\/\/api.w.org\/{rel}","templated":true}]}}