{"id":2451,"date":"2019-01-17T22:34:03","date_gmt":"2019-01-17T22:34:03","guid":{"rendered":"https:\/\/www.dakarmania.cz\/?p=2451"},"modified":"2020-07-06T13:08:30","modified_gmt":"2020-07-06T11:08:30","slug":"dakar-2019-brabec-dobity-jako-jeste-nikdy","status":"publish","type":"post","link":"https:\/\/www.dakarmania.cz\/index.php\/2019\/01\/17\/dakar-2019-brabec-dobity-jako-jeste-nikdy\/","title":{"rendered":"Dakar 2019: Brabec dobit\u00fd, jako je\u0161t\u011b nikdy"},"content":{"rendered":"<p>[vc_row][vc_column][vc_column_text]<\/p>\n<h4>Jan Brabec, motocyklista t\u00fdmu Big Shock Racing, dokon\u010dil posledn\u00ed etapu Rally Dakar 2019 v 29. \u010dase, navzdory hroziv\u011b vypadaj\u00edc\u00edmu p\u00e1du o den d\u0159\u00edv. Celkov\u011b z\u00edskal 34. pozici. A chu\u0165 v\u017edy z\u00e1vodit naplno mu nevzala ani dev\u00edtihodinov\u00e1 penalizace, bez kter\u00e9 by se prosadil do prvn\u00ed dvac\u00edtky.<\/h4>\n<p>Jan Brabec se uk\u00e1zal, jako z\u00e1vodn\u00edk, kter\u00e9ho jen tak n\u011bco nezastav\u00ed. Velk\u00fd bojovn\u00edk, kter\u00fd ani v nejprek\u00e9rn\u011bj\u0161\u00edch situac\u00edch neztratil humor a pozitivn\u00ed pohled na v\u011bc a bavil fanou\u0161ky b\u011bhem cel\u00e9ho z\u00e1vodu. Z\u00e1v\u011bre\u010dnou 10. etapu nav\u00edc absolvoval po hroziv\u00e9m p\u00e1du, ke kter\u00e9mu do\u0161lo p\u0159edch\u00e1zej\u00edc\u00ed den.<\/p>\n<p><em>\u201eTak jsem to dopl\u00e1cal. Nepamatuju si za celou svou kari\u00e9ru, \u017ee bych byl tak dobit\u00fd. Na\u0161t\u011bst\u00ed mi nic nen\u00ed, ale bol\u00ed m\u011b i v\u00ed\u010dko a ucho. M\u016f\u017eu \u0159\u00edct, \u017ee leto\u0161n\u00ed Dakar mi p\u0159ipadl extr\u00e9mn\u011b nebezpe\u010dn\u00fd v \u010d\u00e1stech s fe\u0161-fe\u0161em a kamen\u00edm. V\u0161ichni jsme to ale m\u011bli stejn\u011b t\u011b\u017ek\u00e9. Rozhodli jsme se jet Dakar! A ten m\u00e1 b\u00fdt tvrd\u00fd, m\u011bli jsme, co jsme cht\u011bli,\u201c<\/em> \u0159\u00edk\u00e1 <strong>Jan Brabec<\/strong>, kter\u00fd letos absolvoval sv\u016fj druh\u00fd start.[\/vc_column_text][vc_single_image image=&#8221;2450&#8243; img_size=&#8221;large&#8221; alignment=&#8221;center&#8221;][vc_column_text]<em>\u201eTrochu m\u011b mrz\u00ed ta moje naviga\u010dn\u00ed chyba, za kterou jsem schytal dev\u00edtihodinovou penaltu. Mohlo to b\u00fdt je\u0161t\u011b veselej\u0161\u00ed. Ale moj\u00ed nejv\u011bt\u0161\u00ed v\u00fdhrou jsou zku\u0161enosti. Leto\u0161n\u00ed Dakar mi hodn\u011b dal.&#8221;<\/em><\/p>\n<p>Honza m\u011bl na Dakaru velkou oporu ve sv\u00e9m t\u00e1tovi a str\u00fdci, kte\u0159\u00ed se mu perfektn\u011b starali o motorku. I v situac\u00edch, kdy jim s\u00edly ubrala vir\u00f3za a museli p\u0159ijmout pomoc peru\u00e1nsk\u00fdch zdravotn\u00edk\u016f, v\u0161e zvl\u00e1dli na jedni\u010dku.<\/p>\n<p>Tiskov\u00e1 zpr\u00e1va t\u00fdmu Big Shock Racing (editov\u00e1no)[\/vc_column_text][\/vc_column][\/vc_row]<\/p>\n","protected":false},"excerpt":{"rendered":"<p>Jan Brabec, motocyklista t\u00fdmu Big Shock Racing, dokon\u010dil posledn\u00ed etapu Rally Dakar 2019 v 29. \u010dase, navzdory hroziv\u011b vypadaj\u00edc\u00edmu p\u00e1du o den d\u0159\u00edv.<\/p>\n","protected":false},"author":3,"featured_media":2449,"comment_status":"open","ping_status":"closed","sticky":false,"template":"","format":"standard","meta":{"footnotes":""},"categories":[637],"tags":[111,8,9,64,110],"class_list":["post-2451","post","type-post","status-publish","format-standard","has-post-thumbnail","hentry","category-tiskove-zpravy","tag-big-shock-racing","tag-dakar","tag-dakar-2019","tag-husqvarna","tag-jan-brabec"],"yoast_head":"<!-- This site is optimized with the Yoast SEO plugin v24.9 - https:\/\/yoast.com\/wordpress\/plugins\/seo\/ -->\n<title>Dakar 2019: Brabec dobit\u00fd, jako je\u0161t\u011b nikdy - DAKARMANIA.cz<\/title>\n<meta name=\"description\" content=\"Jan Brabec, motocyklista t\u00fdmu Big Shock Racing, dokon\u010dil posledn\u00ed etapu Rally Dakar 2019 v 29. \u010dase, navzdory hroziv\u011b vypadaj\u00edc\u00edmu p\u00e1du o den d\u0159\u00edv.\" \/>\n<meta name=\"robots\" content=\"index, follow, max-snippet:-1, max-image-preview:large, max-video-preview:-1\" \/>\n<link rel=\"canonical\" href=\"https:\/\/www.dakarmania.cz\/index.php\/2019\/01\/17\/dakar-2019-brabec-dobity-jako-jeste-nikdy\/\" \/>\n<meta property=\"og:locale\" content=\"cs_CZ\" \/>\n<meta property=\"og:type\" content=\"article\" \/>\n<meta property=\"og:title\" content=\"Dakar 2019: Brabec dobit\u00fd, jako je\u0161t\u011b nikdy - DAKARMANIA.cz\" \/>\n<meta property=\"og:description\" content=\"Jan Brabec, motocyklista t\u00fdmu Big Shock Racing, dokon\u010dil posledn\u00ed etapu Rally Dakar 2019 v 29. \u010dase, navzdory hroziv\u011b vypadaj\u00edc\u00edmu p\u00e1du o den d\u0159\u00edv.\" \/>\n<meta property=\"og:url\" content=\"https:\/\/www.dakarmania.cz\/index.php\/2019\/01\/17\/dakar-2019-brabec-dobity-jako-jeste-nikdy\/\" \/>\n<meta property=\"og:site_name\" content=\"DAKARMANIA.cz\" \/>\n<meta property=\"article:publisher\" content=\"https:\/\/www.facebook.com\/dakarmania\/\" \/>\n<meta property=\"article:published_time\" content=\"2019-01-17T22:34:03+00:00\" \/>\n<meta property=\"article:modified_time\" content=\"2020-07-06T11:08:30+00:00\" \/>\n<meta property=\"og:image\" content=\"https:\/\/www.dakarmania.cz\/wp-content\/uploads\/2019\/01\/19-dakar-brabec-20.jpg\" \/>\n\t<meta property=\"og:image:width\" content=\"2024\" \/>\n\t<meta property=\"og:image:height\" content=\"1351\" \/>\n\t<meta property=\"og:image:type\" content=\"image\/jpeg\" \/>\n<meta name=\"author\" content=\"tiskov\u00e1 zpr\u00e1va\" \/>\n<meta name=\"twitter:card\" content=\"summary_large_image\" \/>\n<meta name=\"twitter:label1\" content=\"Napsal(a)\" \/>\n\t<meta name=\"twitter:data1\" content=\"tiskov\u00e1 zpr\u00e1va\" \/>\n\t<meta name=\"twitter:label2\" content=\"Odhadovan\u00e1 doba \u010dten\u00ed\" \/>\n\t<meta name=\"twitter:data2\" content=\"2 minuty\" \/>\n<script type=\"application\/ld+json\" class=\"yoast-schema-graph\">{\"@context\":\"https:\/\/schema.org\",\"@graph\":[{\"@type\":\"Article\",\"@id\":\"https:\/\/www.dakarmania.cz\/index.php\/2019\/01\/17\/dakar-2019-brabec-dobity-jako-jeste-nikdy\/#article\",\"isPartOf\":{\"@id\":\"https:\/\/www.dakarmania.cz\/index.php\/2019\/01\/17\/dakar-2019-brabec-dobity-jako-jeste-nikdy\/\"},\"author\":{\"name\":\"tiskov\u00e1 zpr\u00e1va\",\"@id\":\"https:\/\/www.dakarmania.cz\/#\/schema\/person\/bce8d1fe3633b1178e150fc5e340d5dd\"},\"headline\":\"Dakar 2019: Brabec dobit\u00fd, jako je\u0161t\u011b nikdy\",\"datePublished\":\"2019-01-17T22:34:03+00:00\",\"dateModified\":\"2020-07-06T11:08:30+00:00\",\"mainEntityOfPage\":{\"@id\":\"https:\/\/www.dakarmania.cz\/index.php\/2019\/01\/17\/dakar-2019-brabec-dobity-jako-jeste-nikdy\/\"},\"wordCount\":347,\"commentCount\":0,\"publisher\":{\"@id\":\"https:\/\/www.dakarmania.cz\/#organization\"},\"image\":{\"@id\":\"https:\/\/www.dakarmania.cz\/index.php\/2019\/01\/17\/dakar-2019-brabec-dobity-jako-jeste-nikdy\/#primaryimage\"},\"thumbnailUrl\":\"https:\/\/www.dakarmania.cz\/wp-content\/uploads\/2019\/01\/19-dakar-brabec-20.jpg\",\"keywords\":[\"Big Shock! Racing\",\"Dakar\",\"Dakar 2019\",\"Husqvarna\",\"Jan Brabec\"],\"articleSection\":[\"Tiskov\u00e9 zpr\u00e1vy\"],\"inLanguage\":\"cs\",\"potentialAction\":[{\"@type\":\"CommentAction\",\"name\":\"Comment\",\"target\":[\"https:\/\/www.dakarmania.cz\/index.php\/2019\/01\/17\/dakar-2019-brabec-dobity-jako-jeste-nikdy\/#respond\"]}]},{\"@type\":\"WebPage\",\"@id\":\"https:\/\/www.dakarmania.cz\/index.php\/2019\/01\/17\/dakar-2019-brabec-dobity-jako-jeste-nikdy\/\",\"url\":\"https:\/\/www.dakarmania.cz\/index.php\/2019\/01\/17\/dakar-2019-brabec-dobity-jako-jeste-nikdy\/\",\"name\":\"Dakar 2019: Brabec dobit\u00fd, jako je\u0161t\u011b nikdy - DAKARMANIA.cz\",\"isPartOf\":{\"@id\":\"https:\/\/www.dakarmania.cz\/#website\"},\"primaryImageOfPage\":{\"@id\":\"https:\/\/www.dakarmania.cz\/index.php\/2019\/01\/17\/dakar-2019-brabec-dobity-jako-jeste-nikdy\/#primaryimage\"},\"image\":{\"@id\":\"https:\/\/www.dakarmania.cz\/index.php\/2019\/01\/17\/dakar-2019-brabec-dobity-jako-jeste-nikdy\/#primaryimage\"},\"thumbnailUrl\":\"https:\/\/www.dakarmania.cz\/wp-content\/uploads\/2019\/01\/19-dakar-brabec-20.jpg\",\"datePublished\":\"2019-01-17T22:34:03+00:00\",\"dateModified\":\"2020-07-06T11:08:30+00:00\",\"description\":\"Jan Brabec, motocyklista t\u00fdmu Big Shock Racing, dokon\u010dil posledn\u00ed etapu Rally Dakar 2019 v 29. \u010dase, navzdory hroziv\u011b vypadaj\u00edc\u00edmu p\u00e1du o den d\u0159\u00edv.\",\"breadcrumb\":{\"@id\":\"https:\/\/www.dakarmania.cz\/index.php\/2019\/01\/17\/dakar-2019-brabec-dobity-jako-jeste-nikdy\/#breadcrumb\"},\"inLanguage\":\"cs\",\"potentialAction\":[{\"@type\":\"ReadAction\",\"target\":[\"https:\/\/www.dakarmania.cz\/index.php\/2019\/01\/17\/dakar-2019-brabec-dobity-jako-jeste-nikdy\/\"]}]},{\"@type\":\"ImageObject\",\"inLanguage\":\"cs\",\"@id\":\"https:\/\/www.dakarmania.cz\/index.php\/2019\/01\/17\/dakar-2019-brabec-dobity-jako-jeste-nikdy\/#primaryimage\",\"url\":\"https:\/\/www.dakarmania.cz\/wp-content\/uploads\/2019\/01\/19-dakar-brabec-20.jpg\",\"contentUrl\":\"https:\/\/www.dakarmania.cz\/wp-content\/uploads\/2019\/01\/19-dakar-brabec-20.jpg\",\"width\":2024,\"height\":1351,\"caption\":\"Jan Brabec, Big Shock Racing. Rally Dakar 2019. \u00a9 Big Shock Racing\"},{\"@type\":\"BreadcrumbList\",\"@id\":\"https:\/\/www.dakarmania.cz\/index.php\/2019\/01\/17\/dakar-2019-brabec-dobity-jako-jeste-nikdy\/#breadcrumb\",\"itemListElement\":[{\"@type\":\"ListItem\",\"position\":1,\"name\":\"Dom\u016f\",\"item\":\"https:\/\/www.dakarmania.cz\/\"},{\"@type\":\"ListItem\",\"position\":2,\"name\":\"Dakar 2019: Brabec dobit\u00fd, jako je\u0161t\u011b nikdy\"}]},{\"@type\":\"WebSite\",\"@id\":\"https:\/\/www.dakarmania.cz\/#website\",\"url\":\"https:\/\/www.dakarmania.cz\/\",\"name\":\"DAKARMANIA.cz\",\"description\":\"\u017dijeme Dakarem cel\u00fd rok\",\"publisher\":{\"@id\":\"https:\/\/www.dakarmania.cz\/#organization\"},\"potentialAction\":[{\"@type\":\"SearchAction\",\"target\":{\"@type\":\"EntryPoint\",\"urlTemplate\":\"https:\/\/www.dakarmania.cz\/?s={search_term_string}\"},\"query-input\":{\"@type\":\"PropertyValueSpecification\",\"valueRequired\":true,\"valueName\":\"search_term_string\"}}],\"inLanguage\":\"cs\"},{\"@type\":\"Organization\",\"@id\":\"https:\/\/www.dakarmania.cz\/#organization\",\"name\":\"DAKAR MANIA\",\"url\":\"https:\/\/www.dakarmania.cz\/\",\"logo\":{\"@type\":\"ImageObject\",\"inLanguage\":\"cs\",\"@id\":\"https:\/\/www.dakarmania.cz\/#\/schema\/logo\/image\/\",\"url\":\"https:\/\/www.dakarmania.cz\/wp-content\/uploads\/2018\/12\/Dakar-Mania-Logo-Square-Orange.png\",\"contentUrl\":\"https:\/\/www.dakarmania.cz\/wp-content\/uploads\/2018\/12\/Dakar-Mania-Logo-Square-Orange.png\",\"width\":992,\"height\":992,\"caption\":\"DAKAR MANIA\"},\"image\":{\"@id\":\"https:\/\/www.dakarmania.cz\/#\/schema\/logo\/image\/\"},\"sameAs\":[\"https:\/\/www.facebook.com\/dakarmania\/\"]},{\"@type\":\"Person\",\"@id\":\"https:\/\/www.dakarmania.cz\/#\/schema\/person\/bce8d1fe3633b1178e150fc5e340d5dd\",\"name\":\"tiskov\u00e1 zpr\u00e1va\",\"image\":{\"@type\":\"ImageObject\",\"inLanguage\":\"cs\",\"@id\":\"https:\/\/www.dakarmania.cz\/#\/schema\/person\/image\/\",\"url\":\"https:\/\/secure.gravatar.com\/avatar\/19aefcb6c7bfae691fca4d805686c670f59bb4f7414c7b398b88dc9c8f4e96d5?s=96&d=mm&r=g\",\"contentUrl\":\"https:\/\/secure.gravatar.com\/avatar\/19aefcb6c7bfae691fca4d805686c670f59bb4f7414c7b398b88dc9c8f4e96d5?s=96&d=mm&r=g\",\"caption\":\"tiskov\u00e1 zpr\u00e1va\"},\"url\":\"https:\/\/www.dakarmania.cz\/index.php\/author\/tiskovezpravy\/\"}]}<\/script>\n<!-- \/ Yoast SEO plugin. -->","yoast_head_json":{"title":"Dakar 2019: Brabec dobit\u00fd, jako je\u0161t\u011b nikdy - DAKARMANIA.cz","description":"Jan Brabec, motocyklista t\u00fdmu Big Shock Racing, dokon\u010dil posledn\u00ed etapu Rally Dakar 2019 v 29. \u010dase, navzdory hroziv\u011b vypadaj\u00edc\u00edmu p\u00e1du o den d\u0159\u00edv.","robots":{"index":"index","follow":"follow","max-snippet":"max-snippet:-1","max-image-preview":"max-image-preview:large","max-video-preview":"max-video-preview:-1"},"canonical":"https:\/\/www.dakarmania.cz\/index.php\/2019\/01\/17\/dakar-2019-brabec-dobity-jako-jeste-nikdy\/","og_locale":"cs_CZ","og_type":"article","og_title":"Dakar 2019: Brabec dobit\u00fd, jako je\u0161t\u011b nikdy - DAKARMANIA.cz","og_description":"Jan Brabec, motocyklista t\u00fdmu Big Shock Racing, dokon\u010dil posledn\u00ed etapu Rally Dakar 2019 v 29. \u010dase, navzdory hroziv\u011b vypadaj\u00edc\u00edmu p\u00e1du o den d\u0159\u00edv.","og_url":"https:\/\/www.dakarmania.cz\/index.php\/2019\/01\/17\/dakar-2019-brabec-dobity-jako-jeste-nikdy\/","og_site_name":"DAKARMANIA.cz","article_publisher":"https:\/\/www.facebook.com\/dakarmania\/","article_published_time":"2019-01-17T22:34:03+00:00","article_modified_time":"2020-07-06T11:08:30+00:00","og_image":[{"width":2024,"height":1351,"url":"https:\/\/www.dakarmania.cz\/wp-content\/uploads\/2019\/01\/19-dakar-brabec-20.jpg","type":"image\/jpeg"}],"author":"tiskov\u00e1 zpr\u00e1va","twitter_card":"summary_large_image","twitter_misc":{"Napsal(a)":"tiskov\u00e1 zpr\u00e1va","Odhadovan\u00e1 doba \u010dten\u00ed":"2 minuty"},"schema":{"@context":"https:\/\/schema.org","@graph":[{"@type":"Article","@id":"https:\/\/www.dakarmania.cz\/index.php\/2019\/01\/17\/dakar-2019-brabec-dobity-jako-jeste-nikdy\/#article","isPartOf":{"@id":"https:\/\/www.dakarmania.cz\/index.php\/2019\/01\/17\/dakar-2019-brabec-dobity-jako-jeste-nikdy\/"},"author":{"name":"tiskov\u00e1 zpr\u00e1va","@id":"https:\/\/www.dakarmania.cz\/#\/schema\/person\/bce8d1fe3633b1178e150fc5e340d5dd"},"headline":"Dakar 2019: Brabec dobit\u00fd, jako je\u0161t\u011b nikdy","datePublished":"2019-01-17T22:34:03+00:00","dateModified":"2020-07-06T11:08:30+00:00","mainEntityOfPage":{"@id":"https:\/\/www.dakarmania.cz\/index.php\/2019\/01\/17\/dakar-2019-brabec-dobity-jako-jeste-nikdy\/"},"wordCount":347,"commentCount":0,"publisher":{"@id":"https:\/\/www.dakarmania.cz\/#organization"},"image":{"@id":"https:\/\/www.dakarmania.cz\/index.php\/2019\/01\/17\/dakar-2019-brabec-dobity-jako-jeste-nikdy\/#primaryimage"},"thumbnailUrl":"https:\/\/www.dakarmania.cz\/wp-content\/uploads\/2019\/01\/19-dakar-brabec-20.jpg","keywords":["Big Shock! Racing","Dakar","Dakar 2019","Husqvarna","Jan Brabec"],"articleSection":["Tiskov\u00e9 zpr\u00e1vy"],"inLanguage":"cs","potentialAction":[{"@type":"CommentAction","name":"Comment","target":["https:\/\/www.dakarmania.cz\/index.php\/2019\/01\/17\/dakar-2019-brabec-dobity-jako-jeste-nikdy\/#respond"]}]},{"@type":"WebPage","@id":"https:\/\/www.dakarmania.cz\/index.php\/2019\/01\/17\/dakar-2019-brabec-dobity-jako-jeste-nikdy\/","url":"https:\/\/www.dakarmania.cz\/index.php\/2019\/01\/17\/dakar-2019-brabec-dobity-jako-jeste-nikdy\/","name":"Dakar 2019: Brabec dobit\u00fd, jako je\u0161t\u011b nikdy - DAKARMANIA.cz","isPartOf":{"@id":"https:\/\/www.dakarmania.cz\/#website"},"primaryImageOfPage":{"@id":"https:\/\/www.dakarmania.cz\/index.php\/2019\/01\/17\/dakar-2019-brabec-dobity-jako-jeste-nikdy\/#primaryimage"},"image":{"@id":"https:\/\/www.dakarmania.cz\/index.php\/2019\/01\/17\/dakar-2019-brabec-dobity-jako-jeste-nikdy\/#primaryimage"},"thumbnailUrl":"https:\/\/www.dakarmania.cz\/wp-content\/uploads\/2019\/01\/19-dakar-brabec-20.jpg","datePublished":"2019-01-17T22:34:03+00:00","dateModified":"2020-07-06T11:08:30+00:00","description":"Jan Brabec, motocyklista t\u00fdmu Big Shock Racing, dokon\u010dil posledn\u00ed etapu Rally Dakar 2019 v 29. \u010dase, navzdory hroziv\u011b vypadaj\u00edc\u00edmu p\u00e1du o den d\u0159\u00edv.","breadcrumb":{"@id":"https:\/\/www.dakarmania.cz\/index.php\/2019\/01\/17\/dakar-2019-brabec-dobity-jako-jeste-nikdy\/#breadcrumb"},"inLanguage":"cs","potentialAction":[{"@type":"ReadAction","target":["https:\/\/www.dakarmania.cz\/index.php\/2019\/01\/17\/dakar-2019-brabec-dobity-jako-jeste-nikdy\/"]}]},{"@type":"ImageObject","inLanguage":"cs","@id":"https:\/\/www.dakarmania.cz\/index.php\/2019\/01\/17\/dakar-2019-brabec-dobity-jako-jeste-nikdy\/#primaryimage","url":"https:\/\/www.dakarmania.cz\/wp-content\/uploads\/2019\/01\/19-dakar-brabec-20.jpg","contentUrl":"https:\/\/www.dakarmania.cz\/wp-content\/uploads\/2019\/01\/19-dakar-brabec-20.jpg","width":2024,"height":1351,"caption":"Jan Brabec, Big Shock Racing. Rally Dakar 2019. \u00a9 Big Shock Racing"},{"@type":"BreadcrumbList","@id":"https:\/\/www.dakarmania.cz\/index.php\/2019\/01\/17\/dakar-2019-brabec-dobity-jako-jeste-nikdy\/#breadcrumb","itemListElement":[{"@type":"ListItem","position":1,"name":"Dom\u016f","item":"https:\/\/www.dakarmania.cz\/"},{"@type":"ListItem","position":2,"name":"Dakar 2019: Brabec dobit\u00fd, jako je\u0161t\u011b nikdy"}]},{"@type":"WebSite","@id":"https:\/\/www.dakarmania.cz\/#website","url":"https:\/\/www.dakarmania.cz\/","name":"DAKARMANIA.cz","description":"\u017dijeme Dakarem cel\u00fd rok","publisher":{"@id":"https:\/\/www.dakarmania.cz\/#organization"},"potentialAction":[{"@type":"SearchAction","target":{"@type":"EntryPoint","urlTemplate":"https:\/\/www.dakarmania.cz\/?s={search_term_string}"},"query-input":{"@type":"PropertyValueSpecification","valueRequired":true,"valueName":"search_term_string"}}],"inLanguage":"cs"},{"@type":"Organization","@id":"https:\/\/www.dakarmania.cz\/#organization","name":"DAKAR MANIA","url":"https:\/\/www.dakarmania.cz\/","logo":{"@type":"ImageObject","inLanguage":"cs","@id":"https:\/\/www.dakarmania.cz\/#\/schema\/logo\/image\/","url":"https:\/\/www.dakarmania.cz\/wp-content\/uploads\/2018\/12\/Dakar-Mania-Logo-Square-Orange.png","contentUrl":"https:\/\/www.dakarmania.cz\/wp-content\/uploads\/2018\/12\/Dakar-Mania-Logo-Square-Orange.png","width":992,"height":992,"caption":"DAKAR MANIA"},"image":{"@id":"https:\/\/www.dakarmania.cz\/#\/schema\/logo\/image\/"},"sameAs":["https:\/\/www.facebook.com\/dakarmania\/"]},{"@type":"Person","@id":"https:\/\/www.dakarmania.cz\/#\/schema\/person\/bce8d1fe3633b1178e150fc5e340d5dd","name":"tiskov\u00e1 zpr\u00e1va","image":{"@type":"ImageObject","inLanguage":"cs","@id":"https:\/\/www.dakarmania.cz\/#\/schema\/person\/image\/","url":"https:\/\/secure.gravatar.com\/avatar\/19aefcb6c7bfae691fca4d805686c670f59bb4f7414c7b398b88dc9c8f4e96d5?s=96&d=mm&r=g","contentUrl":"https:\/\/secure.gravatar.com\/avatar\/19aefcb6c7bfae691fca4d805686c670f59bb4f7414c7b398b88dc9c8f4e96d5?s=96&d=mm&r=g","caption":"tiskov\u00e1 zpr\u00e1va"},"url":"https:\/\/www.dakarmania.cz\/index.php\/author\/tiskovezpravy\/"}]}},"amp_enabled":true,"_links":{"self":[{"href":"https:\/\/www.dakarmania.cz\/index.php\/wp-json\/wp\/v2\/posts\/2451","targetHints":{"allow":["GET"]}}],"collection":[{"href":"https:\/\/www.dakarmania.cz\/index.php\/wp-json\/wp\/v2\/posts"}],"about":[{"href":"https:\/\/www.dakarmania.cz\/index.php\/wp-json\/wp\/v2\/types\/post"}],"author":[{"embeddable":true,"href":"https:\/\/www.dakarmania.cz\/index.php\/wp-json\/wp\/v2\/users\/3"}],"replies":[{"embeddable":true,"href":"https:\/\/www.dakarmania.cz\/index.php\/wp-json\/wp\/v2\/comments?post=2451"}],"version-history":[{"count":3,"href":"https:\/\/www.dakarmania.cz\/index.php\/wp-json\/wp\/v2\/posts\/2451\/revisions"}],"predecessor-version":[{"id":16401,"href":"https:\/\/www.dakarmania.cz\/index.php\/wp-json\/wp\/v2\/posts\/2451\/revisions\/16401"}],"wp:featuredmedia":[{"embeddable":true,"href":"https:\/\/www.dakarmania.cz\/index.php\/wp-json\/wp\/v2\/media\/2449"}],"wp:attachment":[{"href":"https:\/\/www.dakarmania.cz\/index.php\/wp-json\/wp\/v2\/media?parent=2451"}],"wp:term":[{"taxonomy":"category","embeddable":true,"href":"https:\/\/www.dakarmania.cz\/index.php\/wp-json\/wp\/v2\/categories?post=2451"},{"taxonomy":"post_tag","embeddable":true,"href":"https:\/\/www.dakarmania.cz\/index.php\/wp-json\/wp\/v2\/tags?post=2451"}],"curies":[{"name":"wp","href":"https:\/\/api.w.org\/{rel}","templated":true}]}}