{"id":2463,"date":"2019-01-17T23:50:27","date_gmt":"2019-01-17T23:50:27","guid":{"rendered":"https:\/\/www.dakarmania.cz\/?p=2463"},"modified":"2023-08-21T22:56:41","modified_gmt":"2023-08-21T20:56:41","slug":"klymciw-racing-v-cili-dakaru-2019","status":"publish","type":"post","link":"https:\/\/www.dakarmania.cz\/index.php\/2019\/01\/17\/klymciw-racing-v-cili-dakaru-2019\/","title":{"rendered":"Klym\u010diw Racing v c\u00edli Dakaru 2019"},"content":{"rendered":"<p>[vc_row][vc_column][vc_column_text]<\/p>\n<h4>Rally Dakar 2019 pr\u00e1v\u011b dnes skon\u010dila, kdy\u017e jezdci absolvovali posledn\u00ed etapu. T\u00fdm Klym\u010diw Racing je spokojen s v\u00fdsledky a nyn\u00ed si u\u017e\u00edv\u00e1 posledn\u00ed chv\u00edle v Peru.<\/h4>\n<p>Leto\u0161n\u00ed 41. ro\u010dn\u00edk Rally Dakar je minulost\u00ed. V\u0161ech deset z\u00e1vodn\u00edch etap je odjet\u00fdch a cel\u00fd t\u00fdm Klym\u010diw Racing se p\u0159esunul do hlavn\u00edho m\u011bsta Peru. V Lim\u011b je dnes ve\u010der \u010dek\u00e1 slavnostn\u00ed zakon\u010den\u00ed, kde mohou oslavit \u00fasp\u011b\u0161n\u00e9 zdol\u00e1n\u00ed leto\u0161n\u00edho z\u00e1vodu.<\/p>\n<p><em>\u201eJ\u00e1 jsem s leto\u0161n\u00edmi v\u00fdsledky spokojen\u00fd,\u201c<\/em> hodnot\u00ed mana\u017eer t\u00fdmu <strong>Ond\u0159ej Klym\u010diw<\/strong>. <em>\u201eHlavn\u011b proto, \u017ee t\u0159i z p\u011bti Dakar 2019 dojeli. Jeden se holt zranil a jednomu se rozbila baterka, ale i tak jsme nad m\u00edru splnili statistiku. V\u011bt\u0161inou je to 50:50, tak\u017ee by n\u00e1m m\u011blo dojet dva a p\u016fl \u010dlov\u011bka a my jsme vlastn\u011b na 60 procentech, co\u017e je super.\u201c<\/em>[\/vc_column_text][vc_single_image image=&#8221;2461&#8243; img_size=&#8221;large&#8221; alignment=&#8221;center&#8221;][vc_column_text]Krom\u011b jezdc\u016f si tak\u00e9 oddechli mechanici, kte\u0159\u00ed m\u011bli ka\u017ed\u00fd den pr\u00e1ci s p\u0159\u00edpravami motorek na dal\u0161\u00ed etapu. Svou dakarskou premi\u00e9ru si u\u017eil <strong>Sl\u00e1vek Dokonal<\/strong>, kter\u00fd se vyj\u00e1d\u0159il stru\u010dn\u011b, ale v\u00fdsti\u017en\u011b: <em>\u201eBylo to dobr\u00e9 a pokud m\u011b vezmete i p\u0159\u00ed\u0161t\u011b, tak pojedu.\u201c<\/em><\/p>\n<p>Trochu hovorn\u011bj\u0161\u00ed byl druh\u00fd mechanik <strong>Petr Dokonal<\/strong>, kter\u00fd je ji\u017e st\u00e1lic\u00ed t\u00fdmu: <em>\u201ePro m\u011b to byl t\u0159et\u00ed Dakar a mus\u00edm \u0159\u00edct, \u017ee z m\u00e9ho pohled byl nejsnadn\u011bj\u0161\u00ed, pokud jde o doprovod. Pokud jde o pr\u00e1ci, tak jsme p\u00e1r z\u00e1sek\u016f m\u011bli a m\u00e1kli jsme si a\u017e do r\u00e1na, ale jinak jsem spokojen\u00fd.\u201c<\/em>[\/vc_column_text][vc_single_image image=&#8221;2462&#8243; img_size=&#8221;large&#8221; alignment=&#8221;center&#8221;][vc_column_text]Z dokon\u010den\u00ed leto\u0161n\u00ed rally maj\u00ed samoz\u0159ejm\u011b radost v\u0161ichni jezdci.<\/p>\n<p><em>\u201eOdvedli jsme \u00fa\u017easnou pr\u00e1ci, nem\u016f\u017eu b\u00fdt hrd\u011bj\u0161\u00ed. D\u011bkuji v\u0161em za bezmeznou podporu b\u011bhem nejt\u011b\u017e\u0161\u00edho z\u00e1vodu m\u00e9ho \u017eivota,\u201c<\/em> \u0159\u00edk\u00e1 dakarsk\u00fd nov\u00e1\u010dek <strong>Garrett Poucher<\/strong>, kter\u00fd do c\u00edle dorazil jako 32. a byl tak z t\u00fdmu nejlep\u0161\u00ed.<\/p>\n<p><em>\u201eMus\u00edm pod\u011bkovat hlavn\u011b cel\u00e9 rodin\u011b Klym\u010diwov\u00fdch za to, co pro n\u00e1s ud\u011blali,\u201c<\/em> p\u0159ipojuje <strong>Petr Vl\u010dek<\/strong> (celkov\u011b 47.), kter\u00fd na Dakaru startoval pot\u0159et\u00ed a pot\u0159et\u00ed jej dokon\u010dil. <em>\u201eJsou pro m\u011b jako druh\u00e1 rodina. Z\u00e1rove\u0148 jsem r\u00e1d, \u017ee jsem leto\u0161n\u00ed ro\u010dn\u00edk dokon\u010dil bez zran\u011bn\u00ed.\u201c<\/em><\/p>\n<p><strong>Gabriela Novotn\u00e1<\/strong> si splnila sen, kdy\u017e po lo\u0148sk\u00e9m odstoupen\u00ed leto\u0161n\u00ed z\u00e1vod dokon\u010dila (jako 70. celkov\u011b) a stala se prvn\u00ed \u010ce\u0161kou, kter\u00e1 Rally Dakar dojela na motorce: <em>\u201eMoc jsem si p\u0159\u00e1la to dot\u00e1hnout, co\u017e se poda\u0159ilo, i kdy\u017e to bylo hodn\u011b t\u011b\u017ek\u00e9.\u201c<\/em><\/p>\n<p>Tiskov\u00e1 zpr\u00e1va t\u00fdmu Klym\u010diw Racing (editov\u00e1no)[\/vc_column_text][\/vc_column][\/vc_row]<\/p>\n","protected":false},"excerpt":{"rendered":"<p>Rally Dakar 2019 pr\u00e1v\u011b dnes skon\u010dila, kdy\u017e jezdci absolvovali posledn\u00ed etapu. T\u00fdm Klym\u010diw Racing je spokojen s v\u00fdsledky a u\u017e\u00edv\u00e1 si posledn\u00ed chv\u00edle v Peru.<\/p>\n","protected":false},"author":3,"featured_media":2459,"comment_status":"open","ping_status":"closed","sticky":false,"template":"","format":"standard","meta":{"footnotes":""},"categories":[637],"tags":[8,9,58,242,64,118,57,63,56,59],"class_list":["post-2463","post","type-post","status-publish","format-standard","has-post-thumbnail","hentry","category-tiskove-zpravy","tag-dakar","tag-dakar-2019","tag-gabriela-novotna","tag-garrett-poucher","tag-husqvarna","tag-indigo-racing","tag-klymciw-racing","tag-ktm","tag-ondrej-klymciw","tag-petr-vlcek"],"yoast_head":"<!-- This site is optimized with the Yoast SEO plugin v24.9 - https:\/\/yoast.com\/wordpress\/plugins\/seo\/ -->\n<title>Klym\u010diw Racing v c\u00edli Dakaru 2019 - DAKARMANIA.cz<\/title>\n<meta name=\"description\" content=\"Rally Dakar 2019 pr\u00e1v\u011b dnes skon\u010dila, kdy\u017e jezdci absolvovali posledn\u00ed etapu. T\u00fdm Klym\u010diw Racing je spokojen s v\u00fdsledky a u\u017e\u00edv\u00e1 si posledn\u00ed chv\u00edle v Peru.\" \/>\n<meta name=\"robots\" content=\"index, follow, max-snippet:-1, max-image-preview:large, max-video-preview:-1\" \/>\n<link rel=\"canonical\" href=\"https:\/\/www.dakarmania.cz\/index.php\/2019\/01\/17\/klymciw-racing-v-cili-dakaru-2019\/\" \/>\n<meta property=\"og:locale\" content=\"cs_CZ\" \/>\n<meta property=\"og:type\" content=\"article\" \/>\n<meta property=\"og:title\" content=\"Klym\u010diw Racing v c\u00edli Dakaru 2019 - DAKARMANIA.cz\" \/>\n<meta property=\"og:description\" content=\"Rally Dakar 2019 pr\u00e1v\u011b dnes skon\u010dila, kdy\u017e jezdci absolvovali posledn\u00ed etapu. T\u00fdm Klym\u010diw Racing je spokojen s v\u00fdsledky a u\u017e\u00edv\u00e1 si posledn\u00ed chv\u00edle v Peru.\" \/>\n<meta property=\"og:url\" content=\"https:\/\/www.dakarmania.cz\/index.php\/2019\/01\/17\/klymciw-racing-v-cili-dakaru-2019\/\" \/>\n<meta property=\"og:site_name\" content=\"DAKARMANIA.cz\" \/>\n<meta property=\"article:publisher\" content=\"https:\/\/www.facebook.com\/dakarmania\/\" \/>\n<meta property=\"article:published_time\" content=\"2019-01-17T23:50:27+00:00\" \/>\n<meta property=\"article:modified_time\" content=\"2023-08-21T20:56:41+00:00\" \/>\n<meta property=\"og:image\" content=\"https:\/\/www.dakarmania.cz\/wp-content\/uploads\/2019\/01\/19-dakar-poucher-10.jpg\" \/>\n\t<meta property=\"og:image:width\" content=\"2048\" \/>\n\t<meta property=\"og:image:height\" content=\"1365\" \/>\n\t<meta property=\"og:image:type\" content=\"image\/jpeg\" \/>\n<meta name=\"author\" content=\"tiskov\u00e1 zpr\u00e1va\" \/>\n<meta name=\"twitter:card\" content=\"summary_large_image\" \/>\n<meta name=\"twitter:label1\" content=\"Napsal(a)\" \/>\n\t<meta name=\"twitter:data1\" content=\"tiskov\u00e1 zpr\u00e1va\" \/>\n\t<meta name=\"twitter:label2\" content=\"Odhadovan\u00e1 doba \u010dten\u00ed\" \/>\n\t<meta name=\"twitter:data2\" content=\"2 minuty\" \/>\n<script type=\"application\/ld+json\" class=\"yoast-schema-graph\">{\"@context\":\"https:\/\/schema.org\",\"@graph\":[{\"@type\":\"Article\",\"@id\":\"https:\/\/www.dakarmania.cz\/index.php\/2019\/01\/17\/klymciw-racing-v-cili-dakaru-2019\/#article\",\"isPartOf\":{\"@id\":\"https:\/\/www.dakarmania.cz\/index.php\/2019\/01\/17\/klymciw-racing-v-cili-dakaru-2019\/\"},\"author\":{\"name\":\"tiskov\u00e1 zpr\u00e1va\",\"@id\":\"https:\/\/www.dakarmania.cz\/#\/schema\/person\/bce8d1fe3633b1178e150fc5e340d5dd\"},\"headline\":\"Klym\u010diw Racing v c\u00edli Dakaru 2019\",\"datePublished\":\"2019-01-17T23:50:27+00:00\",\"dateModified\":\"2023-08-21T20:56:41+00:00\",\"mainEntityOfPage\":{\"@id\":\"https:\/\/www.dakarmania.cz\/index.php\/2019\/01\/17\/klymciw-racing-v-cili-dakaru-2019\/\"},\"wordCount\":510,\"commentCount\":0,\"publisher\":{\"@id\":\"https:\/\/www.dakarmania.cz\/#organization\"},\"image\":{\"@id\":\"https:\/\/www.dakarmania.cz\/index.php\/2019\/01\/17\/klymciw-racing-v-cili-dakaru-2019\/#primaryimage\"},\"thumbnailUrl\":\"https:\/\/www.dakarmania.cz\/wp-content\/uploads\/2019\/01\/19-dakar-poucher-10.jpg\",\"keywords\":[\"Dakar\",\"Dakar 2019\",\"Gabriela Novotn\u00e1\",\"Garrett Poucher\",\"Husqvarna\",\"Indigo Racing\",\"Klym\u010diw Racing\",\"KTM\",\"Ond\u0159ej Klym\u010diw\",\"Petr Vl\u010dek\"],\"articleSection\":[\"Tiskov\u00e9 zpr\u00e1vy\"],\"inLanguage\":\"cs\",\"potentialAction\":[{\"@type\":\"CommentAction\",\"name\":\"Comment\",\"target\":[\"https:\/\/www.dakarmania.cz\/index.php\/2019\/01\/17\/klymciw-racing-v-cili-dakaru-2019\/#respond\"]}]},{\"@type\":\"WebPage\",\"@id\":\"https:\/\/www.dakarmania.cz\/index.php\/2019\/01\/17\/klymciw-racing-v-cili-dakaru-2019\/\",\"url\":\"https:\/\/www.dakarmania.cz\/index.php\/2019\/01\/17\/klymciw-racing-v-cili-dakaru-2019\/\",\"name\":\"Klym\u010diw Racing v c\u00edli Dakaru 2019 - DAKARMANIA.cz\",\"isPartOf\":{\"@id\":\"https:\/\/www.dakarmania.cz\/#website\"},\"primaryImageOfPage\":{\"@id\":\"https:\/\/www.dakarmania.cz\/index.php\/2019\/01\/17\/klymciw-racing-v-cili-dakaru-2019\/#primaryimage\"},\"image\":{\"@id\":\"https:\/\/www.dakarmania.cz\/index.php\/2019\/01\/17\/klymciw-racing-v-cili-dakaru-2019\/#primaryimage\"},\"thumbnailUrl\":\"https:\/\/www.dakarmania.cz\/wp-content\/uploads\/2019\/01\/19-dakar-poucher-10.jpg\",\"datePublished\":\"2019-01-17T23:50:27+00:00\",\"dateModified\":\"2023-08-21T20:56:41+00:00\",\"description\":\"Rally Dakar 2019 pr\u00e1v\u011b dnes skon\u010dila, kdy\u017e jezdci absolvovali posledn\u00ed etapu. T\u00fdm Klym\u010diw Racing je spokojen s v\u00fdsledky a u\u017e\u00edv\u00e1 si posledn\u00ed chv\u00edle v Peru.\",\"breadcrumb\":{\"@id\":\"https:\/\/www.dakarmania.cz\/index.php\/2019\/01\/17\/klymciw-racing-v-cili-dakaru-2019\/#breadcrumb\"},\"inLanguage\":\"cs\",\"potentialAction\":[{\"@type\":\"ReadAction\",\"target\":[\"https:\/\/www.dakarmania.cz\/index.php\/2019\/01\/17\/klymciw-racing-v-cili-dakaru-2019\/\"]}]},{\"@type\":\"ImageObject\",\"inLanguage\":\"cs\",\"@id\":\"https:\/\/www.dakarmania.cz\/index.php\/2019\/01\/17\/klymciw-racing-v-cili-dakaru-2019\/#primaryimage\",\"url\":\"https:\/\/www.dakarmania.cz\/wp-content\/uploads\/2019\/01\/19-dakar-poucher-10.jpg\",\"contentUrl\":\"https:\/\/www.dakarmania.cz\/wp-content\/uploads\/2019\/01\/19-dakar-poucher-10.jpg\",\"width\":2048,\"height\":1365,\"caption\":\"Garrett Poucher, KTM 450 Rally Replica, Klym\u010diw Racing. Rally Dakar 2019. \u00a9 Frederic Le Floc'h\/DPPI\/ASO\"},{\"@type\":\"BreadcrumbList\",\"@id\":\"https:\/\/www.dakarmania.cz\/index.php\/2019\/01\/17\/klymciw-racing-v-cili-dakaru-2019\/#breadcrumb\",\"itemListElement\":[{\"@type\":\"ListItem\",\"position\":1,\"name\":\"Dom\u016f\",\"item\":\"https:\/\/www.dakarmania.cz\/\"},{\"@type\":\"ListItem\",\"position\":2,\"name\":\"Klym\u010diw Racing v c\u00edli Dakaru 2019\"}]},{\"@type\":\"WebSite\",\"@id\":\"https:\/\/www.dakarmania.cz\/#website\",\"url\":\"https:\/\/www.dakarmania.cz\/\",\"name\":\"DAKARMANIA.cz\",\"description\":\"\u017dijeme Dakarem cel\u00fd rok\",\"publisher\":{\"@id\":\"https:\/\/www.dakarmania.cz\/#organization\"},\"potentialAction\":[{\"@type\":\"SearchAction\",\"target\":{\"@type\":\"EntryPoint\",\"urlTemplate\":\"https:\/\/www.dakarmania.cz\/?s={search_term_string}\"},\"query-input\":{\"@type\":\"PropertyValueSpecification\",\"valueRequired\":true,\"valueName\":\"search_term_string\"}}],\"inLanguage\":\"cs\"},{\"@type\":\"Organization\",\"@id\":\"https:\/\/www.dakarmania.cz\/#organization\",\"name\":\"DAKAR MANIA\",\"url\":\"https:\/\/www.dakarmania.cz\/\",\"logo\":{\"@type\":\"ImageObject\",\"inLanguage\":\"cs\",\"@id\":\"https:\/\/www.dakarmania.cz\/#\/schema\/logo\/image\/\",\"url\":\"https:\/\/www.dakarmania.cz\/wp-content\/uploads\/2018\/12\/Dakar-Mania-Logo-Square-Orange.png\",\"contentUrl\":\"https:\/\/www.dakarmania.cz\/wp-content\/uploads\/2018\/12\/Dakar-Mania-Logo-Square-Orange.png\",\"width\":992,\"height\":992,\"caption\":\"DAKAR MANIA\"},\"image\":{\"@id\":\"https:\/\/www.dakarmania.cz\/#\/schema\/logo\/image\/\"},\"sameAs\":[\"https:\/\/www.facebook.com\/dakarmania\/\"]},{\"@type\":\"Person\",\"@id\":\"https:\/\/www.dakarmania.cz\/#\/schema\/person\/bce8d1fe3633b1178e150fc5e340d5dd\",\"name\":\"tiskov\u00e1 zpr\u00e1va\",\"image\":{\"@type\":\"ImageObject\",\"inLanguage\":\"cs\",\"@id\":\"https:\/\/www.dakarmania.cz\/#\/schema\/person\/image\/\",\"url\":\"https:\/\/secure.gravatar.com\/avatar\/19aefcb6c7bfae691fca4d805686c670f59bb4f7414c7b398b88dc9c8f4e96d5?s=96&d=mm&r=g\",\"contentUrl\":\"https:\/\/secure.gravatar.com\/avatar\/19aefcb6c7bfae691fca4d805686c670f59bb4f7414c7b398b88dc9c8f4e96d5?s=96&d=mm&r=g\",\"caption\":\"tiskov\u00e1 zpr\u00e1va\"},\"url\":\"https:\/\/www.dakarmania.cz\/index.php\/author\/tiskovezpravy\/\"}]}<\/script>\n<!-- \/ Yoast SEO plugin. -->","yoast_head_json":{"title":"Klym\u010diw Racing v c\u00edli Dakaru 2019 - DAKARMANIA.cz","description":"Rally Dakar 2019 pr\u00e1v\u011b dnes skon\u010dila, kdy\u017e jezdci absolvovali posledn\u00ed etapu. T\u00fdm Klym\u010diw Racing je spokojen s v\u00fdsledky a u\u017e\u00edv\u00e1 si posledn\u00ed chv\u00edle v Peru.","robots":{"index":"index","follow":"follow","max-snippet":"max-snippet:-1","max-image-preview":"max-image-preview:large","max-video-preview":"max-video-preview:-1"},"canonical":"https:\/\/www.dakarmania.cz\/index.php\/2019\/01\/17\/klymciw-racing-v-cili-dakaru-2019\/","og_locale":"cs_CZ","og_type":"article","og_title":"Klym\u010diw Racing v c\u00edli Dakaru 2019 - DAKARMANIA.cz","og_description":"Rally Dakar 2019 pr\u00e1v\u011b dnes skon\u010dila, kdy\u017e jezdci absolvovali posledn\u00ed etapu. T\u00fdm Klym\u010diw Racing je spokojen s v\u00fdsledky a u\u017e\u00edv\u00e1 si posledn\u00ed chv\u00edle v Peru.","og_url":"https:\/\/www.dakarmania.cz\/index.php\/2019\/01\/17\/klymciw-racing-v-cili-dakaru-2019\/","og_site_name":"DAKARMANIA.cz","article_publisher":"https:\/\/www.facebook.com\/dakarmania\/","article_published_time":"2019-01-17T23:50:27+00:00","article_modified_time":"2023-08-21T20:56:41+00:00","og_image":[{"width":2048,"height":1365,"url":"https:\/\/www.dakarmania.cz\/wp-content\/uploads\/2019\/01\/19-dakar-poucher-10.jpg","type":"image\/jpeg"}],"author":"tiskov\u00e1 zpr\u00e1va","twitter_card":"summary_large_image","twitter_misc":{"Napsal(a)":"tiskov\u00e1 zpr\u00e1va","Odhadovan\u00e1 doba \u010dten\u00ed":"2 minuty"},"schema":{"@context":"https:\/\/schema.org","@graph":[{"@type":"Article","@id":"https:\/\/www.dakarmania.cz\/index.php\/2019\/01\/17\/klymciw-racing-v-cili-dakaru-2019\/#article","isPartOf":{"@id":"https:\/\/www.dakarmania.cz\/index.php\/2019\/01\/17\/klymciw-racing-v-cili-dakaru-2019\/"},"author":{"name":"tiskov\u00e1 zpr\u00e1va","@id":"https:\/\/www.dakarmania.cz\/#\/schema\/person\/bce8d1fe3633b1178e150fc5e340d5dd"},"headline":"Klym\u010diw Racing v c\u00edli Dakaru 2019","datePublished":"2019-01-17T23:50:27+00:00","dateModified":"2023-08-21T20:56:41+00:00","mainEntityOfPage":{"@id":"https:\/\/www.dakarmania.cz\/index.php\/2019\/01\/17\/klymciw-racing-v-cili-dakaru-2019\/"},"wordCount":510,"commentCount":0,"publisher":{"@id":"https:\/\/www.dakarmania.cz\/#organization"},"image":{"@id":"https:\/\/www.dakarmania.cz\/index.php\/2019\/01\/17\/klymciw-racing-v-cili-dakaru-2019\/#primaryimage"},"thumbnailUrl":"https:\/\/www.dakarmania.cz\/wp-content\/uploads\/2019\/01\/19-dakar-poucher-10.jpg","keywords":["Dakar","Dakar 2019","Gabriela Novotn\u00e1","Garrett Poucher","Husqvarna","Indigo Racing","Klym\u010diw Racing","KTM","Ond\u0159ej Klym\u010diw","Petr Vl\u010dek"],"articleSection":["Tiskov\u00e9 zpr\u00e1vy"],"inLanguage":"cs","potentialAction":[{"@type":"CommentAction","name":"Comment","target":["https:\/\/www.dakarmania.cz\/index.php\/2019\/01\/17\/klymciw-racing-v-cili-dakaru-2019\/#respond"]}]},{"@type":"WebPage","@id":"https:\/\/www.dakarmania.cz\/index.php\/2019\/01\/17\/klymciw-racing-v-cili-dakaru-2019\/","url":"https:\/\/www.dakarmania.cz\/index.php\/2019\/01\/17\/klymciw-racing-v-cili-dakaru-2019\/","name":"Klym\u010diw Racing v c\u00edli Dakaru 2019 - DAKARMANIA.cz","isPartOf":{"@id":"https:\/\/www.dakarmania.cz\/#website"},"primaryImageOfPage":{"@id":"https:\/\/www.dakarmania.cz\/index.php\/2019\/01\/17\/klymciw-racing-v-cili-dakaru-2019\/#primaryimage"},"image":{"@id":"https:\/\/www.dakarmania.cz\/index.php\/2019\/01\/17\/klymciw-racing-v-cili-dakaru-2019\/#primaryimage"},"thumbnailUrl":"https:\/\/www.dakarmania.cz\/wp-content\/uploads\/2019\/01\/19-dakar-poucher-10.jpg","datePublished":"2019-01-17T23:50:27+00:00","dateModified":"2023-08-21T20:56:41+00:00","description":"Rally Dakar 2019 pr\u00e1v\u011b dnes skon\u010dila, kdy\u017e jezdci absolvovali posledn\u00ed etapu. T\u00fdm Klym\u010diw Racing je spokojen s v\u00fdsledky a u\u017e\u00edv\u00e1 si posledn\u00ed chv\u00edle v Peru.","breadcrumb":{"@id":"https:\/\/www.dakarmania.cz\/index.php\/2019\/01\/17\/klymciw-racing-v-cili-dakaru-2019\/#breadcrumb"},"inLanguage":"cs","potentialAction":[{"@type":"ReadAction","target":["https:\/\/www.dakarmania.cz\/index.php\/2019\/01\/17\/klymciw-racing-v-cili-dakaru-2019\/"]}]},{"@type":"ImageObject","inLanguage":"cs","@id":"https:\/\/www.dakarmania.cz\/index.php\/2019\/01\/17\/klymciw-racing-v-cili-dakaru-2019\/#primaryimage","url":"https:\/\/www.dakarmania.cz\/wp-content\/uploads\/2019\/01\/19-dakar-poucher-10.jpg","contentUrl":"https:\/\/www.dakarmania.cz\/wp-content\/uploads\/2019\/01\/19-dakar-poucher-10.jpg","width":2048,"height":1365,"caption":"Garrett Poucher, KTM 450 Rally Replica, Klym\u010diw Racing. Rally Dakar 2019. \u00a9 Frederic Le Floc'h\/DPPI\/ASO"},{"@type":"BreadcrumbList","@id":"https:\/\/www.dakarmania.cz\/index.php\/2019\/01\/17\/klymciw-racing-v-cili-dakaru-2019\/#breadcrumb","itemListElement":[{"@type":"ListItem","position":1,"name":"Dom\u016f","item":"https:\/\/www.dakarmania.cz\/"},{"@type":"ListItem","position":2,"name":"Klym\u010diw Racing v c\u00edli Dakaru 2019"}]},{"@type":"WebSite","@id":"https:\/\/www.dakarmania.cz\/#website","url":"https:\/\/www.dakarmania.cz\/","name":"DAKARMANIA.cz","description":"\u017dijeme Dakarem cel\u00fd rok","publisher":{"@id":"https:\/\/www.dakarmania.cz\/#organization"},"potentialAction":[{"@type":"SearchAction","target":{"@type":"EntryPoint","urlTemplate":"https:\/\/www.dakarmania.cz\/?s={search_term_string}"},"query-input":{"@type":"PropertyValueSpecification","valueRequired":true,"valueName":"search_term_string"}}],"inLanguage":"cs"},{"@type":"Organization","@id":"https:\/\/www.dakarmania.cz\/#organization","name":"DAKAR MANIA","url":"https:\/\/www.dakarmania.cz\/","logo":{"@type":"ImageObject","inLanguage":"cs","@id":"https:\/\/www.dakarmania.cz\/#\/schema\/logo\/image\/","url":"https:\/\/www.dakarmania.cz\/wp-content\/uploads\/2018\/12\/Dakar-Mania-Logo-Square-Orange.png","contentUrl":"https:\/\/www.dakarmania.cz\/wp-content\/uploads\/2018\/12\/Dakar-Mania-Logo-Square-Orange.png","width":992,"height":992,"caption":"DAKAR MANIA"},"image":{"@id":"https:\/\/www.dakarmania.cz\/#\/schema\/logo\/image\/"},"sameAs":["https:\/\/www.facebook.com\/dakarmania\/"]},{"@type":"Person","@id":"https:\/\/www.dakarmania.cz\/#\/schema\/person\/bce8d1fe3633b1178e150fc5e340d5dd","name":"tiskov\u00e1 zpr\u00e1va","image":{"@type":"ImageObject","inLanguage":"cs","@id":"https:\/\/www.dakarmania.cz\/#\/schema\/person\/image\/","url":"https:\/\/secure.gravatar.com\/avatar\/19aefcb6c7bfae691fca4d805686c670f59bb4f7414c7b398b88dc9c8f4e96d5?s=96&d=mm&r=g","contentUrl":"https:\/\/secure.gravatar.com\/avatar\/19aefcb6c7bfae691fca4d805686c670f59bb4f7414c7b398b88dc9c8f4e96d5?s=96&d=mm&r=g","caption":"tiskov\u00e1 zpr\u00e1va"},"url":"https:\/\/www.dakarmania.cz\/index.php\/author\/tiskovezpravy\/"}]}},"amp_enabled":true,"_links":{"self":[{"href":"https:\/\/www.dakarmania.cz\/index.php\/wp-json\/wp\/v2\/posts\/2463","targetHints":{"allow":["GET"]}}],"collection":[{"href":"https:\/\/www.dakarmania.cz\/index.php\/wp-json\/wp\/v2\/posts"}],"about":[{"href":"https:\/\/www.dakarmania.cz\/index.php\/wp-json\/wp\/v2\/types\/post"}],"author":[{"embeddable":true,"href":"https:\/\/www.dakarmania.cz\/index.php\/wp-json\/wp\/v2\/users\/3"}],"replies":[{"embeddable":true,"href":"https:\/\/www.dakarmania.cz\/index.php\/wp-json\/wp\/v2\/comments?post=2463"}],"version-history":[{"count":3,"href":"https:\/\/www.dakarmania.cz\/index.php\/wp-json\/wp\/v2\/posts\/2463\/revisions"}],"predecessor-version":[{"id":28803,"href":"https:\/\/www.dakarmania.cz\/index.php\/wp-json\/wp\/v2\/posts\/2463\/revisions\/28803"}],"wp:featuredmedia":[{"embeddable":true,"href":"https:\/\/www.dakarmania.cz\/index.php\/wp-json\/wp\/v2\/media\/2459"}],"wp:attachment":[{"href":"https:\/\/www.dakarmania.cz\/index.php\/wp-json\/wp\/v2\/media?parent=2463"}],"wp:term":[{"taxonomy":"category","embeddable":true,"href":"https:\/\/www.dakarmania.cz\/index.php\/wp-json\/wp\/v2\/categories?post=2463"},{"taxonomy":"post_tag","embeddable":true,"href":"https:\/\/www.dakarmania.cz\/index.php\/wp-json\/wp\/v2\/tags?post=2463"}],"curies":[{"name":"wp","href":"https:\/\/api.w.org\/{rel}","templated":true}]}}