{"id":2475,"date":"2019-01-17T08:08:59","date_gmt":"2019-01-17T08:08:59","guid":{"rendered":"https:\/\/www.dakarmania.cz\/?p=2475"},"modified":"2023-01-30T21:02:51","modified_gmt":"2023-01-30T20:02:51","slug":"dakar-2019-jan-brabec-po-padu-hledal-more","status":"publish","type":"post","link":"https:\/\/www.dakarmania.cz\/index.php\/2019\/01\/17\/dakar-2019-jan-brabec-po-padu-hledal-more\/","title":{"rendered":"Dakar 2019: Jan Brabec po p\u00e1du hledal mo\u0159e"},"content":{"rendered":"<p>[vc_row][vc_column][vc_column_text]<\/p>\n<h4>I v dev\u00e1t\u00e9 p\u0159edposledn\u00ed etap\u011b leto\u0161n\u00edho Dakaru nebyla o z\u00e1\u017eitky nouze. Sv\u00e9 o tom v\u00ed Jan Brabec, jeho\u017e motorka v posledn\u00ed etap\u011b nebezpe\u010dn\u011b l\u00e9tala vzduchem. Honza tentokr\u00e1t za\u017eil celou s\u00e9rii hroziv\u00fdch p\u00e1d\u016f. S rozbitou spojkou nakonec dorazil do c\u00edle etapy na 34. m\u00edst\u011b, kter\u00e9 mu zajistilo 36. pozici celkov\u011b.<\/h4>\n<p>Jan Brabec bezesporu pat\u0159\u00ed mezi velk\u00e9 bojovn\u00edky. Potvrdil to i v p\u0159edposledn\u00ed etap\u011b, kdy ho od dojet\u00ed do c\u00edle neodradil ani hroziv\u00fd p\u00e1d, kter\u00fd se na\u0161t\u011bst\u00ed obe\u0161el bez v\u00e1\u017en\u011bj\u0161\u00edch n\u00e1sledk\u016f.<\/p>\n<p><em>\u201eDneska to byla etapa, kter\u00e1 by vysta\u010dila na celou besedu. Asi 20 kilometr\u016f po startu jsem \u0161el stra\u0161n\u011b na ryp\u00e1k. Dal\u0161\u00edch 100 kilometr\u016f si v\u016fbec nepamatuju. Ale kdy\u017e jsem se po p\u00e1du sebral, m\u011bl jsem pocit, \u017ee jsem na dov\u010de a za\u010dal hledat mo\u0159e,\u201c<\/em> popisuje u\u017e s humorem <strong>Jan Brabec<\/strong>.[\/vc_column_text][vc_video link=&#8221;https:\/\/youtu.be\/okqql7dWljU&#8221;][vc_column_text]Bez \u00fahony ale nevyv\u00e1zla jeho motorka.<\/p>\n<p><em>\u201eJak jsem \u0161el na ryp\u00e1k, tak se ohnula spojkov\u00e1 p\u00e1\u010dka, tak\u017ee mi nefungovala spojka. Asi dvacetkr\u00e1t jsem tahal motorku z dun. Kdy\u017e mi to jednou zdechlo, tak na m\u011b motorka padla a vylil se na m\u011b benz\u00edn. A po dev\u00edti dnech s rozed\u0159en\u00fdm zadkem nechce\u0161 sed\u011bt v benz\u00ednu. Ale zase za t\u0159i dny se mi povedlo st\u00e1hnout to z 61. m\u00edsta na 36. celkovou pozici, to jde,&#8221;<\/em> hl\u00e1sil Brabec v c\u00edli.<\/p>\n<p>U\u017e ve \u010dtvrtek dovede z\u00e1vodn\u00edky posledn\u00ed des\u00e1t\u00e1 etapa do c\u00edle 41. ro\u010dn\u00edku Rally Dakar. \u010cek\u00e1 na n\u011b 112 ostr\u00fdch kilometr\u016f a n\u00e1vrat do Limy na c\u00edlovou rampu legend\u00e1rn\u00edho z\u00e1vodu.<\/p>\n<p>Tiskov\u00e1 zpr\u00e1va t\u00fdmu Big Shock Racing (editov\u00e1no)[\/vc_column_text][\/vc_column][\/vc_row]<\/p>\n","protected":false},"excerpt":{"rendered":"<p>I v dev\u00e1t\u00e9 p\u0159edposledn\u00ed etap\u011b leto\u0161n\u00edho Dakaru nebyla o z\u00e1\u017eitky nouze. Sv\u00e9 o tom v\u00ed Jan Brabec, jeho\u017e motorka v posledn\u00ed etap\u011b nebezpe\u010dn\u011b l\u00e9tala vzduchem.<\/p>\n","protected":false},"author":3,"featured_media":2477,"comment_status":"closed","ping_status":"closed","sticky":false,"template":"","format":"standard","meta":{"footnotes":""},"categories":[637],"tags":[111,8,9,64,110],"class_list":["post-2475","post","type-post","status-publish","format-standard","has-post-thumbnail","hentry","category-tiskove-zpravy","tag-big-shock-racing","tag-dakar","tag-dakar-2019","tag-husqvarna","tag-jan-brabec"],"yoast_head":"<!-- This site is optimized with the Yoast SEO plugin v24.9 - https:\/\/yoast.com\/wordpress\/plugins\/seo\/ -->\n<title>Dakar 2019: Jan Brabec po p\u00e1du hledal mo\u0159e - DAKARMANIA.cz<\/title>\n<meta name=\"description\" content=\"I v dev\u00e1t\u00e9 p\u0159edposledn\u00ed etap\u011b leto\u0161n\u00edho Dakaru nebyla o z\u00e1\u017eitky nouze. Sv\u00e9 o tom v\u00ed Jan Brabec, jeho\u017e motorka v posledn\u00ed etap\u011b nebezpe\u010dn\u011b l\u00e9tala vzduchem.\" \/>\n<meta name=\"robots\" content=\"index, follow, max-snippet:-1, max-image-preview:large, max-video-preview:-1\" \/>\n<link rel=\"canonical\" href=\"https:\/\/www.dakarmania.cz\/index.php\/2019\/01\/17\/dakar-2019-jan-brabec-po-padu-hledal-more\/\" \/>\n<meta property=\"og:locale\" content=\"cs_CZ\" \/>\n<meta property=\"og:type\" content=\"article\" \/>\n<meta property=\"og:title\" content=\"Dakar 2019: Jan Brabec po p\u00e1du hledal mo\u0159e - DAKARMANIA.cz\" \/>\n<meta property=\"og:description\" content=\"I v dev\u00e1t\u00e9 p\u0159edposledn\u00ed etap\u011b leto\u0161n\u00edho Dakaru nebyla o z\u00e1\u017eitky nouze. Sv\u00e9 o tom v\u00ed Jan Brabec, jeho\u017e motorka v posledn\u00ed etap\u011b nebezpe\u010dn\u011b l\u00e9tala vzduchem.\" \/>\n<meta property=\"og:url\" content=\"https:\/\/www.dakarmania.cz\/index.php\/2019\/01\/17\/dakar-2019-jan-brabec-po-padu-hledal-more\/\" \/>\n<meta property=\"og:site_name\" content=\"DAKARMANIA.cz\" \/>\n<meta property=\"article:publisher\" content=\"https:\/\/www.facebook.com\/dakarmania\/\" \/>\n<meta property=\"article:published_time\" content=\"2019-01-17T08:08:59+00:00\" \/>\n<meta property=\"article:modified_time\" content=\"2023-01-30T20:02:51+00:00\" \/>\n<meta property=\"og:image\" content=\"https:\/\/www.dakarmania.cz\/wp-content\/uploads\/2019\/01\/19-dakar-brabec-18.jpg\" \/>\n\t<meta property=\"og:image:width\" content=\"2024\" \/>\n\t<meta property=\"og:image:height\" content=\"1351\" \/>\n\t<meta property=\"og:image:type\" content=\"image\/jpeg\" \/>\n<meta name=\"author\" content=\"tiskov\u00e1 zpr\u00e1va\" \/>\n<meta name=\"twitter:card\" content=\"summary_large_image\" \/>\n<meta name=\"twitter:label1\" content=\"Napsal(a)\" \/>\n\t<meta name=\"twitter:data1\" content=\"tiskov\u00e1 zpr\u00e1va\" \/>\n\t<meta name=\"twitter:label2\" content=\"Odhadovan\u00e1 doba \u010dten\u00ed\" \/>\n\t<meta name=\"twitter:data2\" content=\"2 minuty\" \/>\n<script type=\"application\/ld+json\" class=\"yoast-schema-graph\">{\"@context\":\"https:\/\/schema.org\",\"@graph\":[{\"@type\":\"Article\",\"@id\":\"https:\/\/www.dakarmania.cz\/index.php\/2019\/01\/17\/dakar-2019-jan-brabec-po-padu-hledal-more\/#article\",\"isPartOf\":{\"@id\":\"https:\/\/www.dakarmania.cz\/index.php\/2019\/01\/17\/dakar-2019-jan-brabec-po-padu-hledal-more\/\"},\"author\":{\"name\":\"tiskov\u00e1 zpr\u00e1va\",\"@id\":\"https:\/\/www.dakarmania.cz\/#\/schema\/person\/bce8d1fe3633b1178e150fc5e340d5dd\"},\"headline\":\"Dakar 2019: Jan Brabec po p\u00e1du hledal mo\u0159e\",\"datePublished\":\"2019-01-17T08:08:59+00:00\",\"dateModified\":\"2023-01-30T20:02:51+00:00\",\"mainEntityOfPage\":{\"@id\":\"https:\/\/www.dakarmania.cz\/index.php\/2019\/01\/17\/dakar-2019-jan-brabec-po-padu-hledal-more\/\"},\"wordCount\":337,\"publisher\":{\"@id\":\"https:\/\/www.dakarmania.cz\/#organization\"},\"image\":{\"@id\":\"https:\/\/www.dakarmania.cz\/index.php\/2019\/01\/17\/dakar-2019-jan-brabec-po-padu-hledal-more\/#primaryimage\"},\"thumbnailUrl\":\"https:\/\/www.dakarmania.cz\/wp-content\/uploads\/2019\/01\/19-dakar-brabec-18.jpg\",\"keywords\":[\"Big Shock! Racing\",\"Dakar\",\"Dakar 2019\",\"Husqvarna\",\"Jan Brabec\"],\"articleSection\":[\"Tiskov\u00e9 zpr\u00e1vy\"],\"inLanguage\":\"cs\"},{\"@type\":\"WebPage\",\"@id\":\"https:\/\/www.dakarmania.cz\/index.php\/2019\/01\/17\/dakar-2019-jan-brabec-po-padu-hledal-more\/\",\"url\":\"https:\/\/www.dakarmania.cz\/index.php\/2019\/01\/17\/dakar-2019-jan-brabec-po-padu-hledal-more\/\",\"name\":\"Dakar 2019: Jan Brabec po p\u00e1du hledal mo\u0159e - DAKARMANIA.cz\",\"isPartOf\":{\"@id\":\"https:\/\/www.dakarmania.cz\/#website\"},\"primaryImageOfPage\":{\"@id\":\"https:\/\/www.dakarmania.cz\/index.php\/2019\/01\/17\/dakar-2019-jan-brabec-po-padu-hledal-more\/#primaryimage\"},\"image\":{\"@id\":\"https:\/\/www.dakarmania.cz\/index.php\/2019\/01\/17\/dakar-2019-jan-brabec-po-padu-hledal-more\/#primaryimage\"},\"thumbnailUrl\":\"https:\/\/www.dakarmania.cz\/wp-content\/uploads\/2019\/01\/19-dakar-brabec-18.jpg\",\"datePublished\":\"2019-01-17T08:08:59+00:00\",\"dateModified\":\"2023-01-30T20:02:51+00:00\",\"description\":\"I v dev\u00e1t\u00e9 p\u0159edposledn\u00ed etap\u011b leto\u0161n\u00edho Dakaru nebyla o z\u00e1\u017eitky nouze. Sv\u00e9 o tom v\u00ed Jan Brabec, jeho\u017e motorka v posledn\u00ed etap\u011b nebezpe\u010dn\u011b l\u00e9tala vzduchem.\",\"breadcrumb\":{\"@id\":\"https:\/\/www.dakarmania.cz\/index.php\/2019\/01\/17\/dakar-2019-jan-brabec-po-padu-hledal-more\/#breadcrumb\"},\"inLanguage\":\"cs\",\"potentialAction\":[{\"@type\":\"ReadAction\",\"target\":[\"https:\/\/www.dakarmania.cz\/index.php\/2019\/01\/17\/dakar-2019-jan-brabec-po-padu-hledal-more\/\"]}]},{\"@type\":\"ImageObject\",\"inLanguage\":\"cs\",\"@id\":\"https:\/\/www.dakarmania.cz\/index.php\/2019\/01\/17\/dakar-2019-jan-brabec-po-padu-hledal-more\/#primaryimage\",\"url\":\"https:\/\/www.dakarmania.cz\/wp-content\/uploads\/2019\/01\/19-dakar-brabec-18.jpg\",\"contentUrl\":\"https:\/\/www.dakarmania.cz\/wp-content\/uploads\/2019\/01\/19-dakar-brabec-18.jpg\",\"width\":2024,\"height\":1351,\"caption\":\"Jan Brabec, Husqvarna WR 450 F, Big Shock Racing. Rally Dakar 2019. \u00a9 Big Shock Racing\"},{\"@type\":\"BreadcrumbList\",\"@id\":\"https:\/\/www.dakarmania.cz\/index.php\/2019\/01\/17\/dakar-2019-jan-brabec-po-padu-hledal-more\/#breadcrumb\",\"itemListElement\":[{\"@type\":\"ListItem\",\"position\":1,\"name\":\"Dom\u016f\",\"item\":\"https:\/\/www.dakarmania.cz\/\"},{\"@type\":\"ListItem\",\"position\":2,\"name\":\"Dakar 2019: Jan Brabec po p\u00e1du hledal mo\u0159e\"}]},{\"@type\":\"WebSite\",\"@id\":\"https:\/\/www.dakarmania.cz\/#website\",\"url\":\"https:\/\/www.dakarmania.cz\/\",\"name\":\"DAKARMANIA.cz\",\"description\":\"\u017dijeme Dakarem cel\u00fd rok\",\"publisher\":{\"@id\":\"https:\/\/www.dakarmania.cz\/#organization\"},\"potentialAction\":[{\"@type\":\"SearchAction\",\"target\":{\"@type\":\"EntryPoint\",\"urlTemplate\":\"https:\/\/www.dakarmania.cz\/?s={search_term_string}\"},\"query-input\":{\"@type\":\"PropertyValueSpecification\",\"valueRequired\":true,\"valueName\":\"search_term_string\"}}],\"inLanguage\":\"cs\"},{\"@type\":\"Organization\",\"@id\":\"https:\/\/www.dakarmania.cz\/#organization\",\"name\":\"DAKAR MANIA\",\"url\":\"https:\/\/www.dakarmania.cz\/\",\"logo\":{\"@type\":\"ImageObject\",\"inLanguage\":\"cs\",\"@id\":\"https:\/\/www.dakarmania.cz\/#\/schema\/logo\/image\/\",\"url\":\"https:\/\/www.dakarmania.cz\/wp-content\/uploads\/2018\/12\/Dakar-Mania-Logo-Square-Orange.png\",\"contentUrl\":\"https:\/\/www.dakarmania.cz\/wp-content\/uploads\/2018\/12\/Dakar-Mania-Logo-Square-Orange.png\",\"width\":992,\"height\":992,\"caption\":\"DAKAR MANIA\"},\"image\":{\"@id\":\"https:\/\/www.dakarmania.cz\/#\/schema\/logo\/image\/\"},\"sameAs\":[\"https:\/\/www.facebook.com\/dakarmania\/\"]},{\"@type\":\"Person\",\"@id\":\"https:\/\/www.dakarmania.cz\/#\/schema\/person\/bce8d1fe3633b1178e150fc5e340d5dd\",\"name\":\"tiskov\u00e1 zpr\u00e1va\",\"image\":{\"@type\":\"ImageObject\",\"inLanguage\":\"cs\",\"@id\":\"https:\/\/www.dakarmania.cz\/#\/schema\/person\/image\/\",\"url\":\"https:\/\/secure.gravatar.com\/avatar\/19aefcb6c7bfae691fca4d805686c670f59bb4f7414c7b398b88dc9c8f4e96d5?s=96&d=mm&r=g\",\"contentUrl\":\"https:\/\/secure.gravatar.com\/avatar\/19aefcb6c7bfae691fca4d805686c670f59bb4f7414c7b398b88dc9c8f4e96d5?s=96&d=mm&r=g\",\"caption\":\"tiskov\u00e1 zpr\u00e1va\"},\"url\":\"https:\/\/www.dakarmania.cz\/index.php\/author\/tiskovezpravy\/\"}]}<\/script>\n<!-- \/ Yoast SEO plugin. -->","yoast_head_json":{"title":"Dakar 2019: Jan Brabec po p\u00e1du hledal mo\u0159e - DAKARMANIA.cz","description":"I v dev\u00e1t\u00e9 p\u0159edposledn\u00ed etap\u011b leto\u0161n\u00edho Dakaru nebyla o z\u00e1\u017eitky nouze. Sv\u00e9 o tom v\u00ed Jan Brabec, jeho\u017e motorka v posledn\u00ed etap\u011b nebezpe\u010dn\u011b l\u00e9tala vzduchem.","robots":{"index":"index","follow":"follow","max-snippet":"max-snippet:-1","max-image-preview":"max-image-preview:large","max-video-preview":"max-video-preview:-1"},"canonical":"https:\/\/www.dakarmania.cz\/index.php\/2019\/01\/17\/dakar-2019-jan-brabec-po-padu-hledal-more\/","og_locale":"cs_CZ","og_type":"article","og_title":"Dakar 2019: Jan Brabec po p\u00e1du hledal mo\u0159e - DAKARMANIA.cz","og_description":"I v dev\u00e1t\u00e9 p\u0159edposledn\u00ed etap\u011b leto\u0161n\u00edho Dakaru nebyla o z\u00e1\u017eitky nouze. Sv\u00e9 o tom v\u00ed Jan Brabec, jeho\u017e motorka v posledn\u00ed etap\u011b nebezpe\u010dn\u011b l\u00e9tala vzduchem.","og_url":"https:\/\/www.dakarmania.cz\/index.php\/2019\/01\/17\/dakar-2019-jan-brabec-po-padu-hledal-more\/","og_site_name":"DAKARMANIA.cz","article_publisher":"https:\/\/www.facebook.com\/dakarmania\/","article_published_time":"2019-01-17T08:08:59+00:00","article_modified_time":"2023-01-30T20:02:51+00:00","og_image":[{"width":2024,"height":1351,"url":"https:\/\/www.dakarmania.cz\/wp-content\/uploads\/2019\/01\/19-dakar-brabec-18.jpg","type":"image\/jpeg"}],"author":"tiskov\u00e1 zpr\u00e1va","twitter_card":"summary_large_image","twitter_misc":{"Napsal(a)":"tiskov\u00e1 zpr\u00e1va","Odhadovan\u00e1 doba \u010dten\u00ed":"2 minuty"},"schema":{"@context":"https:\/\/schema.org","@graph":[{"@type":"Article","@id":"https:\/\/www.dakarmania.cz\/index.php\/2019\/01\/17\/dakar-2019-jan-brabec-po-padu-hledal-more\/#article","isPartOf":{"@id":"https:\/\/www.dakarmania.cz\/index.php\/2019\/01\/17\/dakar-2019-jan-brabec-po-padu-hledal-more\/"},"author":{"name":"tiskov\u00e1 zpr\u00e1va","@id":"https:\/\/www.dakarmania.cz\/#\/schema\/person\/bce8d1fe3633b1178e150fc5e340d5dd"},"headline":"Dakar 2019: Jan Brabec po p\u00e1du hledal mo\u0159e","datePublished":"2019-01-17T08:08:59+00:00","dateModified":"2023-01-30T20:02:51+00:00","mainEntityOfPage":{"@id":"https:\/\/www.dakarmania.cz\/index.php\/2019\/01\/17\/dakar-2019-jan-brabec-po-padu-hledal-more\/"},"wordCount":337,"publisher":{"@id":"https:\/\/www.dakarmania.cz\/#organization"},"image":{"@id":"https:\/\/www.dakarmania.cz\/index.php\/2019\/01\/17\/dakar-2019-jan-brabec-po-padu-hledal-more\/#primaryimage"},"thumbnailUrl":"https:\/\/www.dakarmania.cz\/wp-content\/uploads\/2019\/01\/19-dakar-brabec-18.jpg","keywords":["Big Shock! Racing","Dakar","Dakar 2019","Husqvarna","Jan Brabec"],"articleSection":["Tiskov\u00e9 zpr\u00e1vy"],"inLanguage":"cs"},{"@type":"WebPage","@id":"https:\/\/www.dakarmania.cz\/index.php\/2019\/01\/17\/dakar-2019-jan-brabec-po-padu-hledal-more\/","url":"https:\/\/www.dakarmania.cz\/index.php\/2019\/01\/17\/dakar-2019-jan-brabec-po-padu-hledal-more\/","name":"Dakar 2019: Jan Brabec po p\u00e1du hledal mo\u0159e - DAKARMANIA.cz","isPartOf":{"@id":"https:\/\/www.dakarmania.cz\/#website"},"primaryImageOfPage":{"@id":"https:\/\/www.dakarmania.cz\/index.php\/2019\/01\/17\/dakar-2019-jan-brabec-po-padu-hledal-more\/#primaryimage"},"image":{"@id":"https:\/\/www.dakarmania.cz\/index.php\/2019\/01\/17\/dakar-2019-jan-brabec-po-padu-hledal-more\/#primaryimage"},"thumbnailUrl":"https:\/\/www.dakarmania.cz\/wp-content\/uploads\/2019\/01\/19-dakar-brabec-18.jpg","datePublished":"2019-01-17T08:08:59+00:00","dateModified":"2023-01-30T20:02:51+00:00","description":"I v dev\u00e1t\u00e9 p\u0159edposledn\u00ed etap\u011b leto\u0161n\u00edho Dakaru nebyla o z\u00e1\u017eitky nouze. Sv\u00e9 o tom v\u00ed Jan Brabec, jeho\u017e motorka v posledn\u00ed etap\u011b nebezpe\u010dn\u011b l\u00e9tala vzduchem.","breadcrumb":{"@id":"https:\/\/www.dakarmania.cz\/index.php\/2019\/01\/17\/dakar-2019-jan-brabec-po-padu-hledal-more\/#breadcrumb"},"inLanguage":"cs","potentialAction":[{"@type":"ReadAction","target":["https:\/\/www.dakarmania.cz\/index.php\/2019\/01\/17\/dakar-2019-jan-brabec-po-padu-hledal-more\/"]}]},{"@type":"ImageObject","inLanguage":"cs","@id":"https:\/\/www.dakarmania.cz\/index.php\/2019\/01\/17\/dakar-2019-jan-brabec-po-padu-hledal-more\/#primaryimage","url":"https:\/\/www.dakarmania.cz\/wp-content\/uploads\/2019\/01\/19-dakar-brabec-18.jpg","contentUrl":"https:\/\/www.dakarmania.cz\/wp-content\/uploads\/2019\/01\/19-dakar-brabec-18.jpg","width":2024,"height":1351,"caption":"Jan Brabec, Husqvarna WR 450 F, Big Shock Racing. Rally Dakar 2019. \u00a9 Big Shock Racing"},{"@type":"BreadcrumbList","@id":"https:\/\/www.dakarmania.cz\/index.php\/2019\/01\/17\/dakar-2019-jan-brabec-po-padu-hledal-more\/#breadcrumb","itemListElement":[{"@type":"ListItem","position":1,"name":"Dom\u016f","item":"https:\/\/www.dakarmania.cz\/"},{"@type":"ListItem","position":2,"name":"Dakar 2019: Jan Brabec po p\u00e1du hledal mo\u0159e"}]},{"@type":"WebSite","@id":"https:\/\/www.dakarmania.cz\/#website","url":"https:\/\/www.dakarmania.cz\/","name":"DAKARMANIA.cz","description":"\u017dijeme Dakarem cel\u00fd rok","publisher":{"@id":"https:\/\/www.dakarmania.cz\/#organization"},"potentialAction":[{"@type":"SearchAction","target":{"@type":"EntryPoint","urlTemplate":"https:\/\/www.dakarmania.cz\/?s={search_term_string}"},"query-input":{"@type":"PropertyValueSpecification","valueRequired":true,"valueName":"search_term_string"}}],"inLanguage":"cs"},{"@type":"Organization","@id":"https:\/\/www.dakarmania.cz\/#organization","name":"DAKAR MANIA","url":"https:\/\/www.dakarmania.cz\/","logo":{"@type":"ImageObject","inLanguage":"cs","@id":"https:\/\/www.dakarmania.cz\/#\/schema\/logo\/image\/","url":"https:\/\/www.dakarmania.cz\/wp-content\/uploads\/2018\/12\/Dakar-Mania-Logo-Square-Orange.png","contentUrl":"https:\/\/www.dakarmania.cz\/wp-content\/uploads\/2018\/12\/Dakar-Mania-Logo-Square-Orange.png","width":992,"height":992,"caption":"DAKAR MANIA"},"image":{"@id":"https:\/\/www.dakarmania.cz\/#\/schema\/logo\/image\/"},"sameAs":["https:\/\/www.facebook.com\/dakarmania\/"]},{"@type":"Person","@id":"https:\/\/www.dakarmania.cz\/#\/schema\/person\/bce8d1fe3633b1178e150fc5e340d5dd","name":"tiskov\u00e1 zpr\u00e1va","image":{"@type":"ImageObject","inLanguage":"cs","@id":"https:\/\/www.dakarmania.cz\/#\/schema\/person\/image\/","url":"https:\/\/secure.gravatar.com\/avatar\/19aefcb6c7bfae691fca4d805686c670f59bb4f7414c7b398b88dc9c8f4e96d5?s=96&d=mm&r=g","contentUrl":"https:\/\/secure.gravatar.com\/avatar\/19aefcb6c7bfae691fca4d805686c670f59bb4f7414c7b398b88dc9c8f4e96d5?s=96&d=mm&r=g","caption":"tiskov\u00e1 zpr\u00e1va"},"url":"https:\/\/www.dakarmania.cz\/index.php\/author\/tiskovezpravy\/"}]}},"amp_enabled":true,"_links":{"self":[{"href":"https:\/\/www.dakarmania.cz\/index.php\/wp-json\/wp\/v2\/posts\/2475","targetHints":{"allow":["GET"]}}],"collection":[{"href":"https:\/\/www.dakarmania.cz\/index.php\/wp-json\/wp\/v2\/posts"}],"about":[{"href":"https:\/\/www.dakarmania.cz\/index.php\/wp-json\/wp\/v2\/types\/post"}],"author":[{"embeddable":true,"href":"https:\/\/www.dakarmania.cz\/index.php\/wp-json\/wp\/v2\/users\/3"}],"replies":[{"embeddable":true,"href":"https:\/\/www.dakarmania.cz\/index.php\/wp-json\/wp\/v2\/comments?post=2475"}],"version-history":[{"count":5,"href":"https:\/\/www.dakarmania.cz\/index.php\/wp-json\/wp\/v2\/posts\/2475\/revisions"}],"predecessor-version":[{"id":16402,"href":"https:\/\/www.dakarmania.cz\/index.php\/wp-json\/wp\/v2\/posts\/2475\/revisions\/16402"}],"wp:featuredmedia":[{"embeddable":true,"href":"https:\/\/www.dakarmania.cz\/index.php\/wp-json\/wp\/v2\/media\/2477"}],"wp:attachment":[{"href":"https:\/\/www.dakarmania.cz\/index.php\/wp-json\/wp\/v2\/media?parent=2475"}],"wp:term":[{"taxonomy":"category","embeddable":true,"href":"https:\/\/www.dakarmania.cz\/index.php\/wp-json\/wp\/v2\/categories?post=2475"},{"taxonomy":"post_tag","embeddable":true,"href":"https:\/\/www.dakarmania.cz\/index.php\/wp-json\/wp\/v2\/tags?post=2475"}],"curies":[{"name":"wp","href":"https:\/\/api.w.org\/{rel}","templated":true}]}}