{"id":2482,"date":"2019-01-17T08:31:46","date_gmt":"2019-01-17T08:31:46","guid":{"rendered":"https:\/\/www.dakarmania.cz\/?p=2482"},"modified":"2019-03-19T13:38:48","modified_gmt":"2019-03-19T12:38:48","slug":"dakar-2019-martin-macik-stale-druhy-v-pulmaratonu","status":"publish","type":"post","link":"https:\/\/www.dakarmania.cz\/index.php\/2019\/01\/17\/dakar-2019-martin-macik-stale-druhy-v-pulmaratonu\/","title":{"rendered":"Dakar 2019: Martin Mac\u00edk st\u00e1le druh\u00fd v p\u016flmaratonu"},"content":{"rendered":"<p>[vc_row][vc_column][vc_column_text]<\/p>\n<h4>Martin Mac\u00edk si v dakarsk\u00e9 p\u016flmaratonu dr\u017e\u00ed druh\u00e9 m\u00edsto celkov\u011b, by\u0165 kamiony v tomto z\u00e1vod\u011b nemaj\u00ed samostatnou klasifikaci a jsou hodnoceny spole\u010dn\u011b s osobn\u00edmi automobily. P\u0159ed sebou m\u00e1 jen Orlanda Terranovu s Mini JCW Rally.<\/h4>\n<p>Ani v dev\u00e1t\u00e9 etap\u011b neud\u011blala pos\u00e1dka \u017elut\u00e9 liazky \u017e\u00e1dnou z\u00e1sadn\u011bj\u0161\u00ed chybu, a dokonce zvl\u00e1dla vyprostit zakopan\u00e9ho Villagru. Pilot Martin Mac\u00edk, navig\u00e1tor Franti\u0161ek Tom\u00e1\u0161ek a mechanik Luk\u00e1\u0161 Kalanka si op\u011bt dob\u0159e zajezdili a sv\u00fdm v\u00fdkonem udr\u017eeli druh\u00e9 m\u00edsto v dakarsk\u00e9m p\u016flmaratonu. A tak\u00e9 tr\u00e9novali p\u0159edj\u00ed\u017ed\u011bn\u00ed.<\/p>\n<p><em>\u201eJelo se na pohodu. Ned\u011blali jsme chyby. Hned jsme vyrazili do velk\u00fdch dun a projeli v nich asi sto kilometr\u016f. Proto\u017ee v dev\u00e1t\u00e9 etap\u011b u\u017e startujeme mezi posledn\u00edmi. Stejn\u011b to bude i z\u00edtra, tak\u017ee jsme hodn\u011b p\u0159edj\u00ed\u017ed\u011bli, jednoho za druh\u00fdm. Mimo duny byla tra\u0165 \u0161\u00edlen\u011b rozbit\u00e1, pokryt\u00e1 fe\u0161-fe\u0161em a to bolelo,\u201c<\/em> popisuje <strong>Martin Mac\u00edk<\/strong>.[\/vc_column_text][vc_video link=&#8221;https:\/\/youtu.be\/okqql7dWljU&#8221;][vc_column_text]A tak\u00e9 tentokr\u00e1t zvl\u00e1dla pos\u00e1dka cestou pomoci soupe\u0159\u016fm v nesn\u00e1z\u00edch.<\/p>\n<p><em>\u201eA m\u00e1me za sebou dal\u0161\u00ed z\u00e1chran\u00e1\u0159skou akci. Cestou jsme vyt\u00e1hli zapadnut\u00e9ho Villagru. Pak u\u017e jsme let\u011bli do c\u00edle a u\u017e\u00edvali si p\u0159edposledn\u00ed etapu,\u201c<\/em> hl\u00e1sil <strong>Martin Mac\u00edk<\/strong> v c\u00edli.<\/p>\n<p>U\u017e ve \u010dtvrtek dovede z\u00e1vodn\u00edky posledn\u00ed des\u00e1t\u00e1 etapa do c\u00edle 41. ro\u010dn\u00edku Rally Dakar. \u010cek\u00e1 na n\u011b 112 ostr\u00fdch kilometr\u016f a n\u00e1vrat do Limy na c\u00edlovou rampu legend\u00e1rn\u00edho z\u00e1vodu.<\/p>\n<p>Tiskov\u00e1 zpr\u00e1va t\u00fdmu Big Shock Racing (editov\u00e1no)[\/vc_column_text][\/vc_column][\/vc_row]<\/p>\n","protected":false},"excerpt":{"rendered":"<p>[vc_row][vc_column][vc_column_text] Martin Mac\u00edk si v dakarsk\u00e9 p\u016flmaratonu dr\u017e\u00ed druh\u00e9 m\u00edsto celkov\u011b, by\u0165 kamiony v tomto z\u00e1vod\u011b nemaj\u00ed samostatnou klasifikaci a jsou hodnoceny spole\u010dn\u011b s osobn\u00edmi automobily. P\u0159ed sebou m\u00e1 jen Orlanda Terranovu s Mini JCW Rally. Ani v dev\u00e1t\u00e9 etap\u011b neud\u011blala pos\u00e1dka \u017elut\u00e9 liazky \u017e\u00e1dnou z\u00e1sadn\u011bj\u0161\u00ed chybu, a dokonce zvl\u00e1dla vyprostit zakopan\u00e9ho Villagru. Pilot Martin [&hellip;]<\/p>\n","protected":false},"author":3,"featured_media":2484,"comment_status":"open","ping_status":"closed","sticky":false,"template":"","format":"standard","meta":{"footnotes":""},"categories":[637],"tags":[111,8,9,117,112,116,114],"class_list":["post-2482","post","type-post","status-publish","format-standard","has-post-thumbnail","hentry","category-tiskove-zpravy","tag-big-shock-racing","tag-dakar","tag-dakar-2019","tag-frantisek-tomasek","tag-liaz","tag-lukas-kalanka","tag-martin-macik-ml"],"yoast_head":"<!-- This site is optimized with the Yoast SEO plugin v24.9 - https:\/\/yoast.com\/wordpress\/plugins\/seo\/ -->\n<title>Dakar 2019: Martin Mac\u00edk st\u00e1le druh\u00fd v p\u016flmaratonu - DAKARMANIA.cz<\/title>\n<meta name=\"description\" content=\"Martin Mac\u00edk si v dakarsk\u00e9 p\u016flmaratonu dr\u017e\u00ed druh\u00e9 m\u00edsto celkov\u011b, by\u0165 kamiony v tomto z\u00e1vod\u011b nemaj\u00ed samostatnou klasifikaci.\" \/>\n<meta name=\"robots\" content=\"index, follow, max-snippet:-1, max-image-preview:large, max-video-preview:-1\" \/>\n<link rel=\"canonical\" href=\"https:\/\/www.dakarmania.cz\/index.php\/2019\/01\/17\/dakar-2019-martin-macik-stale-druhy-v-pulmaratonu\/\" \/>\n<meta property=\"og:locale\" content=\"cs_CZ\" \/>\n<meta property=\"og:type\" content=\"article\" \/>\n<meta property=\"og:title\" content=\"Dakar 2019: Martin Mac\u00edk st\u00e1le druh\u00fd v p\u016flmaratonu - DAKARMANIA.cz\" \/>\n<meta property=\"og:description\" content=\"Martin Mac\u00edk si v dakarsk\u00e9 p\u016flmaratonu dr\u017e\u00ed druh\u00e9 m\u00edsto celkov\u011b, by\u0165 kamiony v tomto z\u00e1vod\u011b nemaj\u00ed samostatnou klasifikaci.\" \/>\n<meta property=\"og:url\" content=\"https:\/\/www.dakarmania.cz\/index.php\/2019\/01\/17\/dakar-2019-martin-macik-stale-druhy-v-pulmaratonu\/\" \/>\n<meta property=\"og:site_name\" content=\"DAKARMANIA.cz\" \/>\n<meta property=\"article:publisher\" content=\"https:\/\/www.facebook.com\/dakarmania\/\" \/>\n<meta property=\"article:published_time\" content=\"2019-01-17T08:31:46+00:00\" \/>\n<meta property=\"article:modified_time\" content=\"2019-03-19T12:38:48+00:00\" \/>\n<meta property=\"og:image\" content=\"https:\/\/www.dakarmania.cz\/wp-content\/uploads\/2019\/01\/19-dakar-macik-19.jpg\" \/>\n\t<meta property=\"og:image:width\" content=\"2024\" \/>\n\t<meta property=\"og:image:height\" content=\"1349\" \/>\n\t<meta property=\"og:image:type\" content=\"image\/jpeg\" \/>\n<meta name=\"author\" content=\"tiskov\u00e1 zpr\u00e1va\" \/>\n<meta name=\"twitter:card\" content=\"summary_large_image\" \/>\n<meta name=\"twitter:label1\" content=\"Napsal(a)\" \/>\n\t<meta name=\"twitter:data1\" content=\"tiskov\u00e1 zpr\u00e1va\" \/>\n\t<meta name=\"twitter:label2\" content=\"Odhadovan\u00e1 doba \u010dten\u00ed\" \/>\n\t<meta name=\"twitter:data2\" content=\"2 minuty\" \/>\n<script type=\"application\/ld+json\" class=\"yoast-schema-graph\">{\"@context\":\"https:\/\/schema.org\",\"@graph\":[{\"@type\":\"Article\",\"@id\":\"https:\/\/www.dakarmania.cz\/index.php\/2019\/01\/17\/dakar-2019-martin-macik-stale-druhy-v-pulmaratonu\/#article\",\"isPartOf\":{\"@id\":\"https:\/\/www.dakarmania.cz\/index.php\/2019\/01\/17\/dakar-2019-martin-macik-stale-druhy-v-pulmaratonu\/\"},\"author\":{\"name\":\"tiskov\u00e1 zpr\u00e1va\",\"@id\":\"https:\/\/www.dakarmania.cz\/#\/schema\/person\/bce8d1fe3633b1178e150fc5e340d5dd\"},\"headline\":\"Dakar 2019: Martin Mac\u00edk st\u00e1le druh\u00fd v p\u016flmaratonu\",\"datePublished\":\"2019-01-17T08:31:46+00:00\",\"dateModified\":\"2019-03-19T12:38:48+00:00\",\"mainEntityOfPage\":{\"@id\":\"https:\/\/www.dakarmania.cz\/index.php\/2019\/01\/17\/dakar-2019-martin-macik-stale-druhy-v-pulmaratonu\/\"},\"wordCount\":320,\"commentCount\":0,\"publisher\":{\"@id\":\"https:\/\/www.dakarmania.cz\/#organization\"},\"image\":{\"@id\":\"https:\/\/www.dakarmania.cz\/index.php\/2019\/01\/17\/dakar-2019-martin-macik-stale-druhy-v-pulmaratonu\/#primaryimage\"},\"thumbnailUrl\":\"https:\/\/www.dakarmania.cz\/wp-content\/uploads\/2019\/01\/19-dakar-macik-19.jpg\",\"keywords\":[\"Big Shock! Racing\",\"Dakar\",\"Dakar 2019\",\"Franti\u0161ek Tom\u00e1\u0161ek\",\"Liaz\",\"Luk\u00e1\u0161 Kalanka\",\"Martin Mac\u00edk ml.\"],\"articleSection\":[\"Tiskov\u00e9 zpr\u00e1vy\"],\"inLanguage\":\"cs\",\"potentialAction\":[{\"@type\":\"CommentAction\",\"name\":\"Comment\",\"target\":[\"https:\/\/www.dakarmania.cz\/index.php\/2019\/01\/17\/dakar-2019-martin-macik-stale-druhy-v-pulmaratonu\/#respond\"]}]},{\"@type\":\"WebPage\",\"@id\":\"https:\/\/www.dakarmania.cz\/index.php\/2019\/01\/17\/dakar-2019-martin-macik-stale-druhy-v-pulmaratonu\/\",\"url\":\"https:\/\/www.dakarmania.cz\/index.php\/2019\/01\/17\/dakar-2019-martin-macik-stale-druhy-v-pulmaratonu\/\",\"name\":\"Dakar 2019: Martin Mac\u00edk st\u00e1le druh\u00fd v p\u016flmaratonu - DAKARMANIA.cz\",\"isPartOf\":{\"@id\":\"https:\/\/www.dakarmania.cz\/#website\"},\"primaryImageOfPage\":{\"@id\":\"https:\/\/www.dakarmania.cz\/index.php\/2019\/01\/17\/dakar-2019-martin-macik-stale-druhy-v-pulmaratonu\/#primaryimage\"},\"image\":{\"@id\":\"https:\/\/www.dakarmania.cz\/index.php\/2019\/01\/17\/dakar-2019-martin-macik-stale-druhy-v-pulmaratonu\/#primaryimage\"},\"thumbnailUrl\":\"https:\/\/www.dakarmania.cz\/wp-content\/uploads\/2019\/01\/19-dakar-macik-19.jpg\",\"datePublished\":\"2019-01-17T08:31:46+00:00\",\"dateModified\":\"2019-03-19T12:38:48+00:00\",\"description\":\"Martin Mac\u00edk si v dakarsk\u00e9 p\u016flmaratonu dr\u017e\u00ed druh\u00e9 m\u00edsto celkov\u011b, by\u0165 kamiony v tomto z\u00e1vod\u011b nemaj\u00ed samostatnou klasifikaci.\",\"breadcrumb\":{\"@id\":\"https:\/\/www.dakarmania.cz\/index.php\/2019\/01\/17\/dakar-2019-martin-macik-stale-druhy-v-pulmaratonu\/#breadcrumb\"},\"inLanguage\":\"cs\",\"potentialAction\":[{\"@type\":\"ReadAction\",\"target\":[\"https:\/\/www.dakarmania.cz\/index.php\/2019\/01\/17\/dakar-2019-martin-macik-stale-druhy-v-pulmaratonu\/\"]}]},{\"@type\":\"ImageObject\",\"inLanguage\":\"cs\",\"@id\":\"https:\/\/www.dakarmania.cz\/index.php\/2019\/01\/17\/dakar-2019-martin-macik-stale-druhy-v-pulmaratonu\/#primaryimage\",\"url\":\"https:\/\/www.dakarmania.cz\/wp-content\/uploads\/2019\/01\/19-dakar-macik-19.jpg\",\"contentUrl\":\"https:\/\/www.dakarmania.cz\/wp-content\/uploads\/2019\/01\/19-dakar-macik-19.jpg\",\"width\":2024,\"height\":1349,\"caption\":\"Na Dakaru 2019 vyu\u017eil \\\"druhou \u0161anci\\\" nap\u0159. Martin Mac\u00edk (Liaz) nebo Orlando Terranova (Mini). \u00a9 Big Shock Racing\"},{\"@type\":\"BreadcrumbList\",\"@id\":\"https:\/\/www.dakarmania.cz\/index.php\/2019\/01\/17\/dakar-2019-martin-macik-stale-druhy-v-pulmaratonu\/#breadcrumb\",\"itemListElement\":[{\"@type\":\"ListItem\",\"position\":1,\"name\":\"Dom\u016f\",\"item\":\"https:\/\/www.dakarmania.cz\/\"},{\"@type\":\"ListItem\",\"position\":2,\"name\":\"Dakar 2019: Martin Mac\u00edk st\u00e1le druh\u00fd v p\u016flmaratonu\"}]},{\"@type\":\"WebSite\",\"@id\":\"https:\/\/www.dakarmania.cz\/#website\",\"url\":\"https:\/\/www.dakarmania.cz\/\",\"name\":\"DAKARMANIA.cz\",\"description\":\"\u017dijeme Dakarem cel\u00fd rok\",\"publisher\":{\"@id\":\"https:\/\/www.dakarmania.cz\/#organization\"},\"potentialAction\":[{\"@type\":\"SearchAction\",\"target\":{\"@type\":\"EntryPoint\",\"urlTemplate\":\"https:\/\/www.dakarmania.cz\/?s={search_term_string}\"},\"query-input\":{\"@type\":\"PropertyValueSpecification\",\"valueRequired\":true,\"valueName\":\"search_term_string\"}}],\"inLanguage\":\"cs\"},{\"@type\":\"Organization\",\"@id\":\"https:\/\/www.dakarmania.cz\/#organization\",\"name\":\"DAKAR MANIA\",\"url\":\"https:\/\/www.dakarmania.cz\/\",\"logo\":{\"@type\":\"ImageObject\",\"inLanguage\":\"cs\",\"@id\":\"https:\/\/www.dakarmania.cz\/#\/schema\/logo\/image\/\",\"url\":\"https:\/\/www.dakarmania.cz\/wp-content\/uploads\/2018\/12\/Dakar-Mania-Logo-Square-Orange.png\",\"contentUrl\":\"https:\/\/www.dakarmania.cz\/wp-content\/uploads\/2018\/12\/Dakar-Mania-Logo-Square-Orange.png\",\"width\":992,\"height\":992,\"caption\":\"DAKAR MANIA\"},\"image\":{\"@id\":\"https:\/\/www.dakarmania.cz\/#\/schema\/logo\/image\/\"},\"sameAs\":[\"https:\/\/www.facebook.com\/dakarmania\/\"]},{\"@type\":\"Person\",\"@id\":\"https:\/\/www.dakarmania.cz\/#\/schema\/person\/bce8d1fe3633b1178e150fc5e340d5dd\",\"name\":\"tiskov\u00e1 zpr\u00e1va\",\"image\":{\"@type\":\"ImageObject\",\"inLanguage\":\"cs\",\"@id\":\"https:\/\/www.dakarmania.cz\/#\/schema\/person\/image\/\",\"url\":\"https:\/\/secure.gravatar.com\/avatar\/19aefcb6c7bfae691fca4d805686c670f59bb4f7414c7b398b88dc9c8f4e96d5?s=96&d=mm&r=g\",\"contentUrl\":\"https:\/\/secure.gravatar.com\/avatar\/19aefcb6c7bfae691fca4d805686c670f59bb4f7414c7b398b88dc9c8f4e96d5?s=96&d=mm&r=g\",\"caption\":\"tiskov\u00e1 zpr\u00e1va\"},\"url\":\"https:\/\/www.dakarmania.cz\/index.php\/author\/tiskovezpravy\/\"}]}<\/script>\n<!-- \/ Yoast SEO plugin. -->","yoast_head_json":{"title":"Dakar 2019: Martin Mac\u00edk st\u00e1le druh\u00fd v p\u016flmaratonu - DAKARMANIA.cz","description":"Martin Mac\u00edk si v dakarsk\u00e9 p\u016flmaratonu dr\u017e\u00ed druh\u00e9 m\u00edsto celkov\u011b, by\u0165 kamiony v tomto z\u00e1vod\u011b nemaj\u00ed samostatnou klasifikaci.","robots":{"index":"index","follow":"follow","max-snippet":"max-snippet:-1","max-image-preview":"max-image-preview:large","max-video-preview":"max-video-preview:-1"},"canonical":"https:\/\/www.dakarmania.cz\/index.php\/2019\/01\/17\/dakar-2019-martin-macik-stale-druhy-v-pulmaratonu\/","og_locale":"cs_CZ","og_type":"article","og_title":"Dakar 2019: Martin Mac\u00edk st\u00e1le druh\u00fd v p\u016flmaratonu - DAKARMANIA.cz","og_description":"Martin Mac\u00edk si v dakarsk\u00e9 p\u016flmaratonu dr\u017e\u00ed druh\u00e9 m\u00edsto celkov\u011b, by\u0165 kamiony v tomto z\u00e1vod\u011b nemaj\u00ed samostatnou klasifikaci.","og_url":"https:\/\/www.dakarmania.cz\/index.php\/2019\/01\/17\/dakar-2019-martin-macik-stale-druhy-v-pulmaratonu\/","og_site_name":"DAKARMANIA.cz","article_publisher":"https:\/\/www.facebook.com\/dakarmania\/","article_published_time":"2019-01-17T08:31:46+00:00","article_modified_time":"2019-03-19T12:38:48+00:00","og_image":[{"width":2024,"height":1349,"url":"https:\/\/www.dakarmania.cz\/wp-content\/uploads\/2019\/01\/19-dakar-macik-19.jpg","type":"image\/jpeg"}],"author":"tiskov\u00e1 zpr\u00e1va","twitter_card":"summary_large_image","twitter_misc":{"Napsal(a)":"tiskov\u00e1 zpr\u00e1va","Odhadovan\u00e1 doba \u010dten\u00ed":"2 minuty"},"schema":{"@context":"https:\/\/schema.org","@graph":[{"@type":"Article","@id":"https:\/\/www.dakarmania.cz\/index.php\/2019\/01\/17\/dakar-2019-martin-macik-stale-druhy-v-pulmaratonu\/#article","isPartOf":{"@id":"https:\/\/www.dakarmania.cz\/index.php\/2019\/01\/17\/dakar-2019-martin-macik-stale-druhy-v-pulmaratonu\/"},"author":{"name":"tiskov\u00e1 zpr\u00e1va","@id":"https:\/\/www.dakarmania.cz\/#\/schema\/person\/bce8d1fe3633b1178e150fc5e340d5dd"},"headline":"Dakar 2019: Martin Mac\u00edk st\u00e1le druh\u00fd v p\u016flmaratonu","datePublished":"2019-01-17T08:31:46+00:00","dateModified":"2019-03-19T12:38:48+00:00","mainEntityOfPage":{"@id":"https:\/\/www.dakarmania.cz\/index.php\/2019\/01\/17\/dakar-2019-martin-macik-stale-druhy-v-pulmaratonu\/"},"wordCount":320,"commentCount":0,"publisher":{"@id":"https:\/\/www.dakarmania.cz\/#organization"},"image":{"@id":"https:\/\/www.dakarmania.cz\/index.php\/2019\/01\/17\/dakar-2019-martin-macik-stale-druhy-v-pulmaratonu\/#primaryimage"},"thumbnailUrl":"https:\/\/www.dakarmania.cz\/wp-content\/uploads\/2019\/01\/19-dakar-macik-19.jpg","keywords":["Big Shock! Racing","Dakar","Dakar 2019","Franti\u0161ek Tom\u00e1\u0161ek","Liaz","Luk\u00e1\u0161 Kalanka","Martin Mac\u00edk ml."],"articleSection":["Tiskov\u00e9 zpr\u00e1vy"],"inLanguage":"cs","potentialAction":[{"@type":"CommentAction","name":"Comment","target":["https:\/\/www.dakarmania.cz\/index.php\/2019\/01\/17\/dakar-2019-martin-macik-stale-druhy-v-pulmaratonu\/#respond"]}]},{"@type":"WebPage","@id":"https:\/\/www.dakarmania.cz\/index.php\/2019\/01\/17\/dakar-2019-martin-macik-stale-druhy-v-pulmaratonu\/","url":"https:\/\/www.dakarmania.cz\/index.php\/2019\/01\/17\/dakar-2019-martin-macik-stale-druhy-v-pulmaratonu\/","name":"Dakar 2019: Martin Mac\u00edk st\u00e1le druh\u00fd v p\u016flmaratonu - DAKARMANIA.cz","isPartOf":{"@id":"https:\/\/www.dakarmania.cz\/#website"},"primaryImageOfPage":{"@id":"https:\/\/www.dakarmania.cz\/index.php\/2019\/01\/17\/dakar-2019-martin-macik-stale-druhy-v-pulmaratonu\/#primaryimage"},"image":{"@id":"https:\/\/www.dakarmania.cz\/index.php\/2019\/01\/17\/dakar-2019-martin-macik-stale-druhy-v-pulmaratonu\/#primaryimage"},"thumbnailUrl":"https:\/\/www.dakarmania.cz\/wp-content\/uploads\/2019\/01\/19-dakar-macik-19.jpg","datePublished":"2019-01-17T08:31:46+00:00","dateModified":"2019-03-19T12:38:48+00:00","description":"Martin Mac\u00edk si v dakarsk\u00e9 p\u016flmaratonu dr\u017e\u00ed druh\u00e9 m\u00edsto celkov\u011b, by\u0165 kamiony v tomto z\u00e1vod\u011b nemaj\u00ed samostatnou klasifikaci.","breadcrumb":{"@id":"https:\/\/www.dakarmania.cz\/index.php\/2019\/01\/17\/dakar-2019-martin-macik-stale-druhy-v-pulmaratonu\/#breadcrumb"},"inLanguage":"cs","potentialAction":[{"@type":"ReadAction","target":["https:\/\/www.dakarmania.cz\/index.php\/2019\/01\/17\/dakar-2019-martin-macik-stale-druhy-v-pulmaratonu\/"]}]},{"@type":"ImageObject","inLanguage":"cs","@id":"https:\/\/www.dakarmania.cz\/index.php\/2019\/01\/17\/dakar-2019-martin-macik-stale-druhy-v-pulmaratonu\/#primaryimage","url":"https:\/\/www.dakarmania.cz\/wp-content\/uploads\/2019\/01\/19-dakar-macik-19.jpg","contentUrl":"https:\/\/www.dakarmania.cz\/wp-content\/uploads\/2019\/01\/19-dakar-macik-19.jpg","width":2024,"height":1349,"caption":"Na Dakaru 2019 vyu\u017eil \"druhou \u0161anci\" nap\u0159. Martin Mac\u00edk (Liaz) nebo Orlando Terranova (Mini). \u00a9 Big Shock Racing"},{"@type":"BreadcrumbList","@id":"https:\/\/www.dakarmania.cz\/index.php\/2019\/01\/17\/dakar-2019-martin-macik-stale-druhy-v-pulmaratonu\/#breadcrumb","itemListElement":[{"@type":"ListItem","position":1,"name":"Dom\u016f","item":"https:\/\/www.dakarmania.cz\/"},{"@type":"ListItem","position":2,"name":"Dakar 2019: Martin Mac\u00edk st\u00e1le druh\u00fd v p\u016flmaratonu"}]},{"@type":"WebSite","@id":"https:\/\/www.dakarmania.cz\/#website","url":"https:\/\/www.dakarmania.cz\/","name":"DAKARMANIA.cz","description":"\u017dijeme Dakarem cel\u00fd rok","publisher":{"@id":"https:\/\/www.dakarmania.cz\/#organization"},"potentialAction":[{"@type":"SearchAction","target":{"@type":"EntryPoint","urlTemplate":"https:\/\/www.dakarmania.cz\/?s={search_term_string}"},"query-input":{"@type":"PropertyValueSpecification","valueRequired":true,"valueName":"search_term_string"}}],"inLanguage":"cs"},{"@type":"Organization","@id":"https:\/\/www.dakarmania.cz\/#organization","name":"DAKAR MANIA","url":"https:\/\/www.dakarmania.cz\/","logo":{"@type":"ImageObject","inLanguage":"cs","@id":"https:\/\/www.dakarmania.cz\/#\/schema\/logo\/image\/","url":"https:\/\/www.dakarmania.cz\/wp-content\/uploads\/2018\/12\/Dakar-Mania-Logo-Square-Orange.png","contentUrl":"https:\/\/www.dakarmania.cz\/wp-content\/uploads\/2018\/12\/Dakar-Mania-Logo-Square-Orange.png","width":992,"height":992,"caption":"DAKAR MANIA"},"image":{"@id":"https:\/\/www.dakarmania.cz\/#\/schema\/logo\/image\/"},"sameAs":["https:\/\/www.facebook.com\/dakarmania\/"]},{"@type":"Person","@id":"https:\/\/www.dakarmania.cz\/#\/schema\/person\/bce8d1fe3633b1178e150fc5e340d5dd","name":"tiskov\u00e1 zpr\u00e1va","image":{"@type":"ImageObject","inLanguage":"cs","@id":"https:\/\/www.dakarmania.cz\/#\/schema\/person\/image\/","url":"https:\/\/secure.gravatar.com\/avatar\/19aefcb6c7bfae691fca4d805686c670f59bb4f7414c7b398b88dc9c8f4e96d5?s=96&d=mm&r=g","contentUrl":"https:\/\/secure.gravatar.com\/avatar\/19aefcb6c7bfae691fca4d805686c670f59bb4f7414c7b398b88dc9c8f4e96d5?s=96&d=mm&r=g","caption":"tiskov\u00e1 zpr\u00e1va"},"url":"https:\/\/www.dakarmania.cz\/index.php\/author\/tiskovezpravy\/"}]}},"amp_enabled":true,"_links":{"self":[{"href":"https:\/\/www.dakarmania.cz\/index.php\/wp-json\/wp\/v2\/posts\/2482","targetHints":{"allow":["GET"]}}],"collection":[{"href":"https:\/\/www.dakarmania.cz\/index.php\/wp-json\/wp\/v2\/posts"}],"about":[{"href":"https:\/\/www.dakarmania.cz\/index.php\/wp-json\/wp\/v2\/types\/post"}],"author":[{"embeddable":true,"href":"https:\/\/www.dakarmania.cz\/index.php\/wp-json\/wp\/v2\/users\/3"}],"replies":[{"embeddable":true,"href":"https:\/\/www.dakarmania.cz\/index.php\/wp-json\/wp\/v2\/comments?post=2482"}],"version-history":[{"count":1,"href":"https:\/\/www.dakarmania.cz\/index.php\/wp-json\/wp\/v2\/posts\/2482\/revisions"}],"predecessor-version":[{"id":2483,"href":"https:\/\/www.dakarmania.cz\/index.php\/wp-json\/wp\/v2\/posts\/2482\/revisions\/2483"}],"wp:featuredmedia":[{"embeddable":true,"href":"https:\/\/www.dakarmania.cz\/index.php\/wp-json\/wp\/v2\/media\/2484"}],"wp:attachment":[{"href":"https:\/\/www.dakarmania.cz\/index.php\/wp-json\/wp\/v2\/media?parent=2482"}],"wp:term":[{"taxonomy":"category","embeddable":true,"href":"https:\/\/www.dakarmania.cz\/index.php\/wp-json\/wp\/v2\/categories?post=2482"},{"taxonomy":"post_tag","embeddable":true,"href":"https:\/\/www.dakarmania.cz\/index.php\/wp-json\/wp\/v2\/tags?post=2482"}],"curies":[{"name":"wp","href":"https:\/\/api.w.org\/{rel}","templated":true}]}}