{"id":2494,"date":"2019-01-21T23:43:10","date_gmt":"2019-01-21T22:43:10","guid":{"rendered":"https:\/\/www.dakarmania.cz\/?p=2494"},"modified":"2019-02-19T11:12:53","modified_gmt":"2019-02-19T10:12:53","slug":"jan-vesely-odjel-vic-nez-pulku-dakaru-se-zlomenymi-zebry","status":"publish","type":"post","link":"https:\/\/www.dakarmania.cz\/index.php\/2019\/01\/21\/jan-vesely-odjel-vic-nez-pulku-dakaru-se-zlomenymi-zebry\/","title":{"rendered":"Jan Vesel\u00fd odjel v\u00edc ne\u017e p\u016flku Dakaru se zlomen\u00fdmi \u017eebry"},"content":{"rendered":"<p>[vc_row][vc_column][vc_column_text]<\/p>\n<h4>D\u00edky sv\u00e9mu vl\u00eddn\u00e9mu vystupov\u00e1n\u00ed p\u016fsob\u00ed dojmem laskav\u00e9ho u\u010ditele hudebn\u00ed v\u00fdchovy. Ale nenechte se zm\u00e1st! Jan Vesel\u00fd je jedn\u00edm z nejdrsn\u011bj\u0161\u00edch \u00fa\u010dastn\u00edk\u016f maratonsk\u00fdch sout\u011b\u017e\u00ed, jak\u00e9 v \u010cesku m\u00e1me. Nejen\u017ee u\u017e podruh\u00e9 zvl\u00e1dl Rally Dakar v kategorii Original by Motul (malle moto), tedy bez asistence, letos nav\u00edc odjel \u0161est z deseti etap s obrovsk\u00fdmi bolestmi. Vy\u0161et\u0159en\u00ed po n\u00e1vratu dom\u016f potvrdilo zlomeninu dvou \u017eeber.<\/h4>\n<p>6. ledna se Jan Vesel\u00fd postavil na start Dakaru podev\u00e1t\u00e9. Proto mu je\u0161t\u011b nepat\u0159\u00ed ofici\u00e1ln\u00ed p\u0159\u00eddomek \u201eLegend\u201c p\u0159id\u011blovan\u00fd po\u0159adateli z\u00e1vodn\u00edk\u016fm, kte\u0159\u00ed se Dakaru z\u00fa\u010dastn\u00ed minim\u00e1ln\u011b desetkr\u00e1t. Pro v\u011bt\u0161inu fanou\u0161k\u016f v \u010cesku se v\u0161ak 47let\u00fd z\u00e1vodn\u00edk stal legendou u\u017e nyn\u00ed. A troufnu si tvrdit, \u017ee jeho p\u0159\u00edb\u011bh se bude p\u0159ipom\u00ednat je\u0161t\u011b \u0159adu let.<\/p>\n<p>V kategorii malle moto startuj\u00ed motocyklist\u00e9 a \u010dty\u0159kolk\u00e1\u0159i, kte\u0159\u00ed jedou v sout\u011b\u017ei bez doprovodu, k dispozici maj\u00ed jednu bednu s n\u00e1hradn\u00edmi d\u00edly, jednu ta\u0161ku s osobn\u00edmi v\u011bcmi a stan. O techniku se staraj\u00ed sami, pomoc si mohou maxim\u00e1ln\u011b navz\u00e1jem. Jan Vesel\u00fd si tohle <a href=\"https:\/\/www.dakarmania.cz\/index.php\/2018\/12\/19\/dakar-2019-jan-vesely-podruhe-v-nejdrsnejsi-motorkarske-tride\/\">drsn\u00e9 dobrodru\u017estv\u00ed vyzkou\u0161el u\u017e loni<\/a> a letos do toho \u0161el znovu.<\/p>\n<h4>Takov\u00fd &#8216;oby\u010dejn\u00fd&#8217; p\u00e1d<\/h4>\n<p>Po \u00favodn\u00edch t\u0159ech dnech byl jezdec Ivar CS Teamu 86. celkov\u011b a 13. v hodnocen\u00ed Original by Motul. Jen\u017ee pak p\u0159i\u0161la \u010dtvrt\u00e1 etapa z Arequipy do Moqueguy, kter\u00e1 byla z\u00e1rove\u0148 prvn\u00ed maratonsk\u00e1, a v n\u00ed smoln\u00fd p\u00e1d.<\/p>\n<p><em>\u201eByla to pom\u011brn\u011b lehk\u00e1 etapa, ale j\u00e1 jsem p\u0159i p\u00e1du, jak\u00fdch je hodn\u011b, spadl z\u00e1dy do p\u00edsku, ve kter\u00e9m byl k\u00e1men,\u201c<\/em> popisoval kl\u00ed\u010dov\u00fd okam\u017eik <strong>Jan Vesel\u00fd<\/strong> po dojezdu do bivaku mezi ob\u011bma maratonsk\u00fdmi etapami. <em>\u201eNa\u0161t\u011bst\u00ed jsem ho netrefil p\u00e1te\u0159\u00ed, ale vrazil jsem si ho do \u017eeber. Nemohl jsem dojet ani necel\u00fdch t\u0159icet kilometr\u016f do c\u00edle. Fakt hodn\u011b to bol\u00ed. Dostal jsem jen pr\u00e1\u0161ky na bolest. Trochu zab\u00edraj\u00ed.\u201c<\/em>[\/vc_column_text][vc_single_image image=&#8221;2493&#8243; img_size=&#8221;large&#8221; alignment=&#8221;center&#8221;][vc_column_text]V tu chv\u00edli d\u011blilo motork\u00e1\u0159e od c\u00edle Dakaru 2019 je\u0161t\u011b celkem 3344 kilometr\u016f (jako byste jeli z Brna do Istanbulu a zp\u011bt!), z toho 1789 v r\u00e1mci rychlostn\u00edch zkou\u0161ek.<\/p>\n<p>A hned po p\u00e1t\u00e9 etap\u011b z Moqueguy zp\u011bt do Arequipy libereck\u00fd bojovn\u00edk hl\u00e1sil: <em>\u201eAsi jsem projel to nejt\u011b\u017e\u0161\u00ed, co jsem na Dakaru zat\u00edm za\u017eil. P\u0159edev\u010d\u00edrem jsem si spl\u00e1cnul v\u00fdfuk a nem\u011bl jsem v\u00fdkon a tady byly takov\u00e9 mizern\u00e9 duny. V\u010dera jsem si asi potrhal mezi\u017eebern\u00ed svaly. Sku\u010del jsem tu jako pes, ale dostal jsem se p\u0159es to, jsem tady. Z\u00edtra je den volna, tak se d\u00e1m n\u011bjak dohromady.\u201c<\/em><\/p>\n<p>B\u011bhem voln\u00e9ho dne zam\u00ed\u0159il za fyzioterapeutem t\u00fdmu Buggyra, kter\u00fd vyj\u00e1d\u0159il obavu, \u017ee se nejedn\u00e1 \u201ajen\u2018 o potrhan\u00e9 svaly, ale sp\u00ed\u0161 o zlomeninu. Co\u017e ale nebylo mo\u017en\u00e9 potvrdit bez rentgenu.[\/vc_column_text][vc_single_image image=&#8221;2492&#8243; img_size=&#8221;large&#8221; alignment=&#8221;center&#8221;][vc_column_text]<em>\u201eJen\u017ee dakarsk\u00fd matador Pepa Kalina mi \u0159ekl: K doktoru necho\u010f. Kdyby to bylo zlomen\u00e9, nenechaj\u00ed t\u011b jet d\u00e1l,\u201c<\/em> prozradil Vesel\u00fd a s injekcemi na bolest pokra\u010doval d\u00e1l. <em>\u201eC\u00edt\u00edm se mizern\u011b, \u017eebra stra\u0161n\u011b bol\u00ed, ale to je Dakar. S\u00e1m jsem si to vybral. Chci dojet do c\u00edle, mysl\u00edm si, \u017ee jsem schopen to d\u00e1t. Na trati je ka\u017ed\u00fdch sto metr\u016f n\u011bjak\u00fd n\u00e1raz, kdy to opravdu stra\u0161n\u011b bol\u00ed, ale nehodl\u00e1m to vzd\u00e1t.\u201c<\/em><\/p>\n<h4>Co dok\u00e1\u017ee v\u016fle<\/h4>\n<p>Druh\u00fd t\u00fdden Rally Dakar 2019 rozhodn\u011b nebyl o nic jednodu\u0161\u0161\u00ed ne\u017e ten prvn\u00ed. Sp\u00ed\u0161 naopak. Hlavn\u011b motork\u00e1\u0159\u016fm komplikoval \u017eivot fakt, \u017ee n\u011bkter\u00e9 \u00faseky pou\u017eili po\u0159adatel\u00e9 dvakr\u00e1t i v\u00edckr\u00e1t. O to v\u00edc byla tra\u0165 rozbit\u00e1, o to v\u00edc o sob\u011b \u017eebra d\u00e1vala v\u011bd\u011bt.<\/p>\n<p><em>\u201eDneska to bylo taky hodn\u011b n\u00e1ro\u010dn\u00e9. Jelo se po trati, kde u\u017e se jelo dvakr\u00e1t nebo t\u0159ikr\u00e1t, a bylo to stra\u0161n\u011b rozryt\u00e9,\u201c<\/em> komentoval Vesel\u00fd sedmou etapu. <em>\u201eByla spousta fe\u0161-fe\u0161e a to jsme v\u0161echno nad\u00fdchali a spolykali, tak\u017ee m\u00e1m pln\u00fd \u017ealudek p\u00edsku.\u201c<\/em><\/p>\n<p>V osm\u00e9 etap\u011b zabraly l\u00e9ky a dala se zvl\u00e1dnout, ale o den pozd\u011bji n\u00e1sledovalo dal\u0161\u00ed martyrium: <em>\u201eBylo to extr\u00e9mn\u011b n\u00e1ro\u010dn\u00e9. P\u0159es noc se mi ta \u017eebra zase ozvala a dnes se to rozjelo v pln\u00e9 s\u00edle. Nemohl jsem dojet do konce. N\u011bjak se to povedlo, jsem tady a z\u00edtra u\u017e je to jenom kousek.\u201c<\/em><\/p>\n<p>Ten \u201akousek\u2018 bylo je\u0161t\u011b posledn\u00edch 112 kilometr\u016f rychlostn\u00ed zkou\u0161ky, na kter\u00e9 nechyb\u011bly duny, a n\u011bjak\u00fdch 250 kilometr\u016f p\u0159ejezdu zp\u011bt do Limy. A Jan Vesel\u00fd to dal! Navzdory v\u0161emu v\u00fd\u0161e popsan\u00e9mu dojel na c\u00edlovou rampu jako 66. celkov\u011b a 11. v malle moto. Ze 135 motorek, kter\u00e9 do z\u00e1vodu odstartovaly, jich 41. ro\u010dn\u00edk dakarsk\u00e9 rally dokon\u010dilo 75.[\/vc_column_text][\/vc_column][\/vc_row]<\/p>\n","protected":false},"excerpt":{"rendered":"<p>[vc_row][vc_column][vc_column_text] D\u00edky sv\u00e9mu vl\u00eddn\u00e9mu vystupov\u00e1n\u00ed p\u016fsob\u00ed dojmem laskav\u00e9ho u\u010ditele hudebn\u00ed v\u00fdchovy. Ale nenechte se zm\u00e1st! Jan Vesel\u00fd je jedn\u00edm z nejdrsn\u011bj\u0161\u00edch \u00fa\u010dastn\u00edk\u016f maratonsk\u00fdch sout\u011b\u017e\u00ed, jak\u00e9 v \u010cesku m\u00e1me. Nejen\u017ee u\u017e podruh\u00e9 zvl\u00e1dl Rally Dakar v kategorii Original by Motul (malle moto), tedy bez asistence, letos nav\u00edc odjel \u0161est z deseti etap s obrovsk\u00fdmi bolestmi. Vy\u0161et\u0159en\u00ed [&hellip;]<\/p>\n","protected":false},"author":1,"featured_media":2491,"comment_status":"open","ping_status":"closed","sticky":false,"template":"","format":"standard","meta":{"footnotes":""},"categories":[15,2],"tags":[8,9,64,144,143],"class_list":["post-2494","post","type-post","status-publish","format-standard","has-post-thumbnail","hentry","category-moto-quad","category-dakar","tag-dakar","tag-dakar-2019","tag-husqvarna","tag-ivar-cs-team","tag-jan-vesely"],"yoast_head":"<!-- This site is optimized with the Yoast SEO plugin v24.9 - https:\/\/yoast.com\/wordpress\/plugins\/seo\/ -->\n<title>Jan Vesel\u00fd odjel v\u00edc ne\u017e p\u016flku Dakaru se zlomen\u00fdmi \u017eebry - DAKARMANIA.cz<\/title>\n<meta name=\"description\" content=\"P\u016fsob\u00ed dojmem laskav\u00e9ho u\u010ditele hudebn\u00ed v\u00fdchovy. Ale nenechte se zm\u00e1st! Jan Vesel\u00fd je jedn\u00edm z nejdrsn\u011bj\u0161\u00edch \u010desk\u00fdch \u00fa\u010dastn\u00edk\u016f maratonsk\u00fdch sout\u011b\u017e\u00ed.\" \/>\n<meta name=\"robots\" content=\"index, follow, max-snippet:-1, max-image-preview:large, max-video-preview:-1\" \/>\n<link rel=\"canonical\" href=\"https:\/\/www.dakarmania.cz\/index.php\/2019\/01\/21\/jan-vesely-odjel-vic-nez-pulku-dakaru-se-zlomenymi-zebry\/\" \/>\n<meta property=\"og:locale\" content=\"cs_CZ\" \/>\n<meta property=\"og:type\" content=\"article\" \/>\n<meta property=\"og:title\" content=\"Jan Vesel\u00fd odjel v\u00edc ne\u017e p\u016flku Dakaru se zlomen\u00fdmi \u017eebry - DAKARMANIA.cz\" \/>\n<meta property=\"og:description\" content=\"P\u016fsob\u00ed dojmem laskav\u00e9ho u\u010ditele hudebn\u00ed v\u00fdchovy. Ale nenechte se zm\u00e1st! Jan Vesel\u00fd je jedn\u00edm z nejdrsn\u011bj\u0161\u00edch \u010desk\u00fdch \u00fa\u010dastn\u00edk\u016f maratonsk\u00fdch sout\u011b\u017e\u00ed.\" \/>\n<meta property=\"og:url\" content=\"https:\/\/www.dakarmania.cz\/index.php\/2019\/01\/21\/jan-vesely-odjel-vic-nez-pulku-dakaru-se-zlomenymi-zebry\/\" \/>\n<meta property=\"og:site_name\" content=\"DAKARMANIA.cz\" \/>\n<meta property=\"article:publisher\" content=\"https:\/\/www.facebook.com\/dakarmania\/\" \/>\n<meta property=\"article:published_time\" content=\"2019-01-21T22:43:10+00:00\" \/>\n<meta property=\"article:modified_time\" content=\"2019-02-19T10:12:53+00:00\" \/>\n<meta property=\"og:image\" content=\"https:\/\/www.dakarmania.cz\/wp-content\/uploads\/2019\/01\/19-dakar-vesely-20.jpg\" \/>\n\t<meta property=\"og:image:width\" content=\"2048\" \/>\n\t<meta property=\"og:image:height\" content=\"1365\" \/>\n\t<meta property=\"og:image:type\" content=\"image\/jpeg\" \/>\n<meta name=\"author\" content=\"Zden\u011bk Zelenka\" \/>\n<meta name=\"twitter:card\" content=\"summary_large_image\" \/>\n<meta name=\"twitter:label1\" content=\"Napsal(a)\" \/>\n\t<meta name=\"twitter:data1\" content=\"Zden\u011bk Zelenka\" \/>\n\t<meta name=\"twitter:label2\" content=\"Odhadovan\u00e1 doba \u010dten\u00ed\" \/>\n\t<meta name=\"twitter:data2\" content=\"4 minuty\" \/>\n<script type=\"application\/ld+json\" class=\"yoast-schema-graph\">{\"@context\":\"https:\/\/schema.org\",\"@graph\":[{\"@type\":\"Article\",\"@id\":\"https:\/\/www.dakarmania.cz\/index.php\/2019\/01\/21\/jan-vesely-odjel-vic-nez-pulku-dakaru-se-zlomenymi-zebry\/#article\",\"isPartOf\":{\"@id\":\"https:\/\/www.dakarmania.cz\/index.php\/2019\/01\/21\/jan-vesely-odjel-vic-nez-pulku-dakaru-se-zlomenymi-zebry\/\"},\"author\":{\"name\":\"Zden\u011bk Zelenka\",\"@id\":\"https:\/\/www.dakarmania.cz\/#\/schema\/person\/04eb0e87a389631c2169c0dddae7ff1e\"},\"headline\":\"Jan Vesel\u00fd odjel v\u00edc ne\u017e p\u016flku Dakaru se zlomen\u00fdmi \u017eebry\",\"datePublished\":\"2019-01-21T22:43:10+00:00\",\"dateModified\":\"2019-02-19T10:12:53+00:00\",\"mainEntityOfPage\":{\"@id\":\"https:\/\/www.dakarmania.cz\/index.php\/2019\/01\/21\/jan-vesely-odjel-vic-nez-pulku-dakaru-se-zlomenymi-zebry\/\"},\"wordCount\":907,\"commentCount\":0,\"publisher\":{\"@id\":\"https:\/\/www.dakarmania.cz\/#organization\"},\"image\":{\"@id\":\"https:\/\/www.dakarmania.cz\/index.php\/2019\/01\/21\/jan-vesely-odjel-vic-nez-pulku-dakaru-se-zlomenymi-zebry\/#primaryimage\"},\"thumbnailUrl\":\"https:\/\/www.dakarmania.cz\/wp-content\/uploads\/2019\/01\/19-dakar-vesely-20.jpg\",\"keywords\":[\"Dakar\",\"Dakar 2019\",\"Husqvarna\",\"Ivar CS Team\",\"Jan Vesel\u00fd\"],\"articleSection\":[\"Moto\/Quad\",\"Rally Dakar\"],\"inLanguage\":\"cs\",\"potentialAction\":[{\"@type\":\"CommentAction\",\"name\":\"Comment\",\"target\":[\"https:\/\/www.dakarmania.cz\/index.php\/2019\/01\/21\/jan-vesely-odjel-vic-nez-pulku-dakaru-se-zlomenymi-zebry\/#respond\"]}]},{\"@type\":\"WebPage\",\"@id\":\"https:\/\/www.dakarmania.cz\/index.php\/2019\/01\/21\/jan-vesely-odjel-vic-nez-pulku-dakaru-se-zlomenymi-zebry\/\",\"url\":\"https:\/\/www.dakarmania.cz\/index.php\/2019\/01\/21\/jan-vesely-odjel-vic-nez-pulku-dakaru-se-zlomenymi-zebry\/\",\"name\":\"Jan Vesel\u00fd odjel v\u00edc ne\u017e p\u016flku Dakaru se zlomen\u00fdmi \u017eebry - DAKARMANIA.cz\",\"isPartOf\":{\"@id\":\"https:\/\/www.dakarmania.cz\/#website\"},\"primaryImageOfPage\":{\"@id\":\"https:\/\/www.dakarmania.cz\/index.php\/2019\/01\/21\/jan-vesely-odjel-vic-nez-pulku-dakaru-se-zlomenymi-zebry\/#primaryimage\"},\"image\":{\"@id\":\"https:\/\/www.dakarmania.cz\/index.php\/2019\/01\/21\/jan-vesely-odjel-vic-nez-pulku-dakaru-se-zlomenymi-zebry\/#primaryimage\"},\"thumbnailUrl\":\"https:\/\/www.dakarmania.cz\/wp-content\/uploads\/2019\/01\/19-dakar-vesely-20.jpg\",\"datePublished\":\"2019-01-21T22:43:10+00:00\",\"dateModified\":\"2019-02-19T10:12:53+00:00\",\"description\":\"P\u016fsob\u00ed dojmem laskav\u00e9ho u\u010ditele hudebn\u00ed v\u00fdchovy. Ale nenechte se zm\u00e1st! Jan Vesel\u00fd je jedn\u00edm z nejdrsn\u011bj\u0161\u00edch \u010desk\u00fdch \u00fa\u010dastn\u00edk\u016f maratonsk\u00fdch sout\u011b\u017e\u00ed.\",\"breadcrumb\":{\"@id\":\"https:\/\/www.dakarmania.cz\/index.php\/2019\/01\/21\/jan-vesely-odjel-vic-nez-pulku-dakaru-se-zlomenymi-zebry\/#breadcrumb\"},\"inLanguage\":\"cs\",\"potentialAction\":[{\"@type\":\"ReadAction\",\"target\":[\"https:\/\/www.dakarmania.cz\/index.php\/2019\/01\/21\/jan-vesely-odjel-vic-nez-pulku-dakaru-se-zlomenymi-zebry\/\"]}]},{\"@type\":\"ImageObject\",\"inLanguage\":\"cs\",\"@id\":\"https:\/\/www.dakarmania.cz\/index.php\/2019\/01\/21\/jan-vesely-odjel-vic-nez-pulku-dakaru-se-zlomenymi-zebry\/#primaryimage\",\"url\":\"https:\/\/www.dakarmania.cz\/wp-content\/uploads\/2019\/01\/19-dakar-vesely-20.jpg\",\"contentUrl\":\"https:\/\/www.dakarmania.cz\/wp-content\/uploads\/2019\/01\/19-dakar-vesely-20.jpg\",\"width\":2048,\"height\":1365,\"caption\":\"Jan Vesel\u00fd, Husqvarna FE 450, Ivar CS Team. Rally Dakar 2019. \u00a9 ASO\/C. Lopez\/DPPI\"},{\"@type\":\"BreadcrumbList\",\"@id\":\"https:\/\/www.dakarmania.cz\/index.php\/2019\/01\/21\/jan-vesely-odjel-vic-nez-pulku-dakaru-se-zlomenymi-zebry\/#breadcrumb\",\"itemListElement\":[{\"@type\":\"ListItem\",\"position\":1,\"name\":\"Dom\u016f\",\"item\":\"https:\/\/www.dakarmania.cz\/\"},{\"@type\":\"ListItem\",\"position\":2,\"name\":\"Jan Vesel\u00fd odjel v\u00edc ne\u017e p\u016flku Dakaru se zlomen\u00fdmi \u017eebry\"}]},{\"@type\":\"WebSite\",\"@id\":\"https:\/\/www.dakarmania.cz\/#website\",\"url\":\"https:\/\/www.dakarmania.cz\/\",\"name\":\"DAKARMANIA.cz\",\"description\":\"\u017dijeme Dakarem cel\u00fd rok\",\"publisher\":{\"@id\":\"https:\/\/www.dakarmania.cz\/#organization\"},\"potentialAction\":[{\"@type\":\"SearchAction\",\"target\":{\"@type\":\"EntryPoint\",\"urlTemplate\":\"https:\/\/www.dakarmania.cz\/?s={search_term_string}\"},\"query-input\":{\"@type\":\"PropertyValueSpecification\",\"valueRequired\":true,\"valueName\":\"search_term_string\"}}],\"inLanguage\":\"cs\"},{\"@type\":\"Organization\",\"@id\":\"https:\/\/www.dakarmania.cz\/#organization\",\"name\":\"DAKAR MANIA\",\"url\":\"https:\/\/www.dakarmania.cz\/\",\"logo\":{\"@type\":\"ImageObject\",\"inLanguage\":\"cs\",\"@id\":\"https:\/\/www.dakarmania.cz\/#\/schema\/logo\/image\/\",\"url\":\"https:\/\/www.dakarmania.cz\/wp-content\/uploads\/2018\/12\/Dakar-Mania-Logo-Square-Orange.png\",\"contentUrl\":\"https:\/\/www.dakarmania.cz\/wp-content\/uploads\/2018\/12\/Dakar-Mania-Logo-Square-Orange.png\",\"width\":992,\"height\":992,\"caption\":\"DAKAR MANIA\"},\"image\":{\"@id\":\"https:\/\/www.dakarmania.cz\/#\/schema\/logo\/image\/\"},\"sameAs\":[\"https:\/\/www.facebook.com\/dakarmania\/\"]},{\"@type\":\"Person\",\"@id\":\"https:\/\/www.dakarmania.cz\/#\/schema\/person\/04eb0e87a389631c2169c0dddae7ff1e\",\"name\":\"Zden\u011bk Zelenka\",\"image\":{\"@type\":\"ImageObject\",\"inLanguage\":\"cs\",\"@id\":\"https:\/\/www.dakarmania.cz\/#\/schema\/person\/image\/\",\"url\":\"https:\/\/secure.gravatar.com\/avatar\/2c80d5a4942fe0900b73cc7d3837a509d6ee0a276a2b76dac95c92bd0763a89b?s=96&d=mm&r=g\",\"contentUrl\":\"https:\/\/secure.gravatar.com\/avatar\/2c80d5a4942fe0900b73cc7d3837a509d6ee0a276a2b76dac95c92bd0763a89b?s=96&d=mm&r=g\",\"caption\":\"Zden\u011bk Zelenka\"},\"description\":\"Moji d\u011bt\u0161t\u00ed hrdinov\u00e9 se jmenovali Loprais, Moskal, Neveu, Vatanen, Rahier... A tihle borci, jejich n\u00e1sledovn\u00edci a jejich p\u0159\u00edb\u011bhy m\u011b nep\u0159estali fascinovat ani po letech, kdy jsem vyrostl a zam\u011bstn\u00e1valy m\u011b jin\u00e9 discipl\u00edny motorsportu. Proto se zrodila DAKARMANIA.\",\"url\":\"https:\/\/www.dakarmania.cz\/index.php\/author\/dakarmania\/\"}]}<\/script>\n<!-- \/ Yoast SEO plugin. -->","yoast_head_json":{"title":"Jan Vesel\u00fd odjel v\u00edc ne\u017e p\u016flku Dakaru se zlomen\u00fdmi \u017eebry - DAKARMANIA.cz","description":"P\u016fsob\u00ed dojmem laskav\u00e9ho u\u010ditele hudebn\u00ed v\u00fdchovy. Ale nenechte se zm\u00e1st! Jan Vesel\u00fd je jedn\u00edm z nejdrsn\u011bj\u0161\u00edch \u010desk\u00fdch \u00fa\u010dastn\u00edk\u016f maratonsk\u00fdch sout\u011b\u017e\u00ed.","robots":{"index":"index","follow":"follow","max-snippet":"max-snippet:-1","max-image-preview":"max-image-preview:large","max-video-preview":"max-video-preview:-1"},"canonical":"https:\/\/www.dakarmania.cz\/index.php\/2019\/01\/21\/jan-vesely-odjel-vic-nez-pulku-dakaru-se-zlomenymi-zebry\/","og_locale":"cs_CZ","og_type":"article","og_title":"Jan Vesel\u00fd odjel v\u00edc ne\u017e p\u016flku Dakaru se zlomen\u00fdmi \u017eebry - DAKARMANIA.cz","og_description":"P\u016fsob\u00ed dojmem laskav\u00e9ho u\u010ditele hudebn\u00ed v\u00fdchovy. Ale nenechte se zm\u00e1st! Jan Vesel\u00fd je jedn\u00edm z nejdrsn\u011bj\u0161\u00edch \u010desk\u00fdch \u00fa\u010dastn\u00edk\u016f maratonsk\u00fdch sout\u011b\u017e\u00ed.","og_url":"https:\/\/www.dakarmania.cz\/index.php\/2019\/01\/21\/jan-vesely-odjel-vic-nez-pulku-dakaru-se-zlomenymi-zebry\/","og_site_name":"DAKARMANIA.cz","article_publisher":"https:\/\/www.facebook.com\/dakarmania\/","article_published_time":"2019-01-21T22:43:10+00:00","article_modified_time":"2019-02-19T10:12:53+00:00","og_image":[{"width":2048,"height":1365,"url":"https:\/\/www.dakarmania.cz\/wp-content\/uploads\/2019\/01\/19-dakar-vesely-20.jpg","type":"image\/jpeg"}],"author":"Zden\u011bk Zelenka","twitter_card":"summary_large_image","twitter_misc":{"Napsal(a)":"Zden\u011bk Zelenka","Odhadovan\u00e1 doba \u010dten\u00ed":"4 minuty"},"schema":{"@context":"https:\/\/schema.org","@graph":[{"@type":"Article","@id":"https:\/\/www.dakarmania.cz\/index.php\/2019\/01\/21\/jan-vesely-odjel-vic-nez-pulku-dakaru-se-zlomenymi-zebry\/#article","isPartOf":{"@id":"https:\/\/www.dakarmania.cz\/index.php\/2019\/01\/21\/jan-vesely-odjel-vic-nez-pulku-dakaru-se-zlomenymi-zebry\/"},"author":{"name":"Zden\u011bk Zelenka","@id":"https:\/\/www.dakarmania.cz\/#\/schema\/person\/04eb0e87a389631c2169c0dddae7ff1e"},"headline":"Jan Vesel\u00fd odjel v\u00edc ne\u017e p\u016flku Dakaru se zlomen\u00fdmi \u017eebry","datePublished":"2019-01-21T22:43:10+00:00","dateModified":"2019-02-19T10:12:53+00:00","mainEntityOfPage":{"@id":"https:\/\/www.dakarmania.cz\/index.php\/2019\/01\/21\/jan-vesely-odjel-vic-nez-pulku-dakaru-se-zlomenymi-zebry\/"},"wordCount":907,"commentCount":0,"publisher":{"@id":"https:\/\/www.dakarmania.cz\/#organization"},"image":{"@id":"https:\/\/www.dakarmania.cz\/index.php\/2019\/01\/21\/jan-vesely-odjel-vic-nez-pulku-dakaru-se-zlomenymi-zebry\/#primaryimage"},"thumbnailUrl":"https:\/\/www.dakarmania.cz\/wp-content\/uploads\/2019\/01\/19-dakar-vesely-20.jpg","keywords":["Dakar","Dakar 2019","Husqvarna","Ivar CS Team","Jan Vesel\u00fd"],"articleSection":["Moto\/Quad","Rally Dakar"],"inLanguage":"cs","potentialAction":[{"@type":"CommentAction","name":"Comment","target":["https:\/\/www.dakarmania.cz\/index.php\/2019\/01\/21\/jan-vesely-odjel-vic-nez-pulku-dakaru-se-zlomenymi-zebry\/#respond"]}]},{"@type":"WebPage","@id":"https:\/\/www.dakarmania.cz\/index.php\/2019\/01\/21\/jan-vesely-odjel-vic-nez-pulku-dakaru-se-zlomenymi-zebry\/","url":"https:\/\/www.dakarmania.cz\/index.php\/2019\/01\/21\/jan-vesely-odjel-vic-nez-pulku-dakaru-se-zlomenymi-zebry\/","name":"Jan Vesel\u00fd odjel v\u00edc ne\u017e p\u016flku Dakaru se zlomen\u00fdmi \u017eebry - DAKARMANIA.cz","isPartOf":{"@id":"https:\/\/www.dakarmania.cz\/#website"},"primaryImageOfPage":{"@id":"https:\/\/www.dakarmania.cz\/index.php\/2019\/01\/21\/jan-vesely-odjel-vic-nez-pulku-dakaru-se-zlomenymi-zebry\/#primaryimage"},"image":{"@id":"https:\/\/www.dakarmania.cz\/index.php\/2019\/01\/21\/jan-vesely-odjel-vic-nez-pulku-dakaru-se-zlomenymi-zebry\/#primaryimage"},"thumbnailUrl":"https:\/\/www.dakarmania.cz\/wp-content\/uploads\/2019\/01\/19-dakar-vesely-20.jpg","datePublished":"2019-01-21T22:43:10+00:00","dateModified":"2019-02-19T10:12:53+00:00","description":"P\u016fsob\u00ed dojmem laskav\u00e9ho u\u010ditele hudebn\u00ed v\u00fdchovy. Ale nenechte se zm\u00e1st! Jan Vesel\u00fd je jedn\u00edm z nejdrsn\u011bj\u0161\u00edch \u010desk\u00fdch \u00fa\u010dastn\u00edk\u016f maratonsk\u00fdch sout\u011b\u017e\u00ed.","breadcrumb":{"@id":"https:\/\/www.dakarmania.cz\/index.php\/2019\/01\/21\/jan-vesely-odjel-vic-nez-pulku-dakaru-se-zlomenymi-zebry\/#breadcrumb"},"inLanguage":"cs","potentialAction":[{"@type":"ReadAction","target":["https:\/\/www.dakarmania.cz\/index.php\/2019\/01\/21\/jan-vesely-odjel-vic-nez-pulku-dakaru-se-zlomenymi-zebry\/"]}]},{"@type":"ImageObject","inLanguage":"cs","@id":"https:\/\/www.dakarmania.cz\/index.php\/2019\/01\/21\/jan-vesely-odjel-vic-nez-pulku-dakaru-se-zlomenymi-zebry\/#primaryimage","url":"https:\/\/www.dakarmania.cz\/wp-content\/uploads\/2019\/01\/19-dakar-vesely-20.jpg","contentUrl":"https:\/\/www.dakarmania.cz\/wp-content\/uploads\/2019\/01\/19-dakar-vesely-20.jpg","width":2048,"height":1365,"caption":"Jan Vesel\u00fd, Husqvarna FE 450, Ivar CS Team. Rally Dakar 2019. \u00a9 ASO\/C. Lopez\/DPPI"},{"@type":"BreadcrumbList","@id":"https:\/\/www.dakarmania.cz\/index.php\/2019\/01\/21\/jan-vesely-odjel-vic-nez-pulku-dakaru-se-zlomenymi-zebry\/#breadcrumb","itemListElement":[{"@type":"ListItem","position":1,"name":"Dom\u016f","item":"https:\/\/www.dakarmania.cz\/"},{"@type":"ListItem","position":2,"name":"Jan Vesel\u00fd odjel v\u00edc ne\u017e p\u016flku Dakaru se zlomen\u00fdmi \u017eebry"}]},{"@type":"WebSite","@id":"https:\/\/www.dakarmania.cz\/#website","url":"https:\/\/www.dakarmania.cz\/","name":"DAKARMANIA.cz","description":"\u017dijeme Dakarem cel\u00fd rok","publisher":{"@id":"https:\/\/www.dakarmania.cz\/#organization"},"potentialAction":[{"@type":"SearchAction","target":{"@type":"EntryPoint","urlTemplate":"https:\/\/www.dakarmania.cz\/?s={search_term_string}"},"query-input":{"@type":"PropertyValueSpecification","valueRequired":true,"valueName":"search_term_string"}}],"inLanguage":"cs"},{"@type":"Organization","@id":"https:\/\/www.dakarmania.cz\/#organization","name":"DAKAR MANIA","url":"https:\/\/www.dakarmania.cz\/","logo":{"@type":"ImageObject","inLanguage":"cs","@id":"https:\/\/www.dakarmania.cz\/#\/schema\/logo\/image\/","url":"https:\/\/www.dakarmania.cz\/wp-content\/uploads\/2018\/12\/Dakar-Mania-Logo-Square-Orange.png","contentUrl":"https:\/\/www.dakarmania.cz\/wp-content\/uploads\/2018\/12\/Dakar-Mania-Logo-Square-Orange.png","width":992,"height":992,"caption":"DAKAR MANIA"},"image":{"@id":"https:\/\/www.dakarmania.cz\/#\/schema\/logo\/image\/"},"sameAs":["https:\/\/www.facebook.com\/dakarmania\/"]},{"@type":"Person","@id":"https:\/\/www.dakarmania.cz\/#\/schema\/person\/04eb0e87a389631c2169c0dddae7ff1e","name":"Zden\u011bk Zelenka","image":{"@type":"ImageObject","inLanguage":"cs","@id":"https:\/\/www.dakarmania.cz\/#\/schema\/person\/image\/","url":"https:\/\/secure.gravatar.com\/avatar\/2c80d5a4942fe0900b73cc7d3837a509d6ee0a276a2b76dac95c92bd0763a89b?s=96&d=mm&r=g","contentUrl":"https:\/\/secure.gravatar.com\/avatar\/2c80d5a4942fe0900b73cc7d3837a509d6ee0a276a2b76dac95c92bd0763a89b?s=96&d=mm&r=g","caption":"Zden\u011bk Zelenka"},"description":"Moji d\u011bt\u0161t\u00ed hrdinov\u00e9 se jmenovali Loprais, Moskal, Neveu, Vatanen, Rahier... A tihle borci, jejich n\u00e1sledovn\u00edci a jejich p\u0159\u00edb\u011bhy m\u011b nep\u0159estali fascinovat ani po letech, kdy jsem vyrostl a zam\u011bstn\u00e1valy m\u011b jin\u00e9 discipl\u00edny motorsportu. Proto se zrodila DAKARMANIA.","url":"https:\/\/www.dakarmania.cz\/index.php\/author\/dakarmania\/"}]}},"amp_enabled":true,"_links":{"self":[{"href":"https:\/\/www.dakarmania.cz\/index.php\/wp-json\/wp\/v2\/posts\/2494","targetHints":{"allow":["GET"]}}],"collection":[{"href":"https:\/\/www.dakarmania.cz\/index.php\/wp-json\/wp\/v2\/posts"}],"about":[{"href":"https:\/\/www.dakarmania.cz\/index.php\/wp-json\/wp\/v2\/types\/post"}],"author":[{"embeddable":true,"href":"https:\/\/www.dakarmania.cz\/index.php\/wp-json\/wp\/v2\/users\/1"}],"replies":[{"embeddable":true,"href":"https:\/\/www.dakarmania.cz\/index.php\/wp-json\/wp\/v2\/comments?post=2494"}],"version-history":[{"count":1,"href":"https:\/\/www.dakarmania.cz\/index.php\/wp-json\/wp\/v2\/posts\/2494\/revisions"}],"predecessor-version":[{"id":2495,"href":"https:\/\/www.dakarmania.cz\/index.php\/wp-json\/wp\/v2\/posts\/2494\/revisions\/2495"}],"wp:featuredmedia":[{"embeddable":true,"href":"https:\/\/www.dakarmania.cz\/index.php\/wp-json\/wp\/v2\/media\/2491"}],"wp:attachment":[{"href":"https:\/\/www.dakarmania.cz\/index.php\/wp-json\/wp\/v2\/media?parent=2494"}],"wp:term":[{"taxonomy":"category","embeddable":true,"href":"https:\/\/www.dakarmania.cz\/index.php\/wp-json\/wp\/v2\/categories?post=2494"},{"taxonomy":"post_tag","embeddable":true,"href":"https:\/\/www.dakarmania.cz\/index.php\/wp-json\/wp\/v2\/tags?post=2494"}],"curies":[{"name":"wp","href":"https:\/\/api.w.org\/{rel}","templated":true}]}}