{"id":2499,"date":"2019-01-22T22:04:07","date_gmt":"2019-01-22T22:04:07","guid":{"rendered":"https:\/\/www.dakarmania.cz\/?p=2499"},"modified":"2019-11-12T17:28:17","modified_gmt":"2019-11-12T16:28:17","slug":"tatra-buggyra-vsadi-na-flexibilitu","status":"publish","type":"post","link":"https:\/\/www.dakarmania.cz\/index.php\/2019\/01\/22\/tatra-buggyra-vsadi-na-flexibilitu\/","title":{"rendered":"Tatra Buggyra vsad\u00ed na flexibilitu"},"content":{"rendered":"<p>[vc_row][vc_column][vc_column_text]<\/p>\n<h4>Roudnick\u00fd t\u00fdm Tatra Buggyra Racing bilancoval v \u00fater\u00fd po n\u00e1vratu z Peru leto\u0161n\u00ed ro\u010dn\u00edk nejn\u00e1ro\u010dn\u011bj\u0161\u00edho d\u00e1lkov\u00e9ho z\u00e1vodu sv\u011bta, Rally Dakar.<\/h4>\n<p><em>\u201eLeto\u0161n\u00ed ro\u010dn\u00edk se ur\u010dit\u011b za\u0159ad\u00ed mezi nejt\u011b\u017e\u0161\u00ed, co jsme absolvovali. Peru m\u00e1 co nab\u00eddnout a je dob\u0159e, \u017ee se po\u0159adatel vydal t\u00edmto sm\u011brem. Bylo to p\u0159edev\u0161\u00edm o schopnosti p\u0159e\u017e\u00edt. Probl\u00e9my se nevyhnuly nikomu, dokonce ani Kamazu. \u00damrtnost techniky byla enormn\u00ed,\u201c<\/em> poukazoval mana\u017eer t\u00fdmu <strong>Jan Kalivoda<\/strong> na n\u00e1ro\u010dnost leto\u0161n\u00edho Dakaru. Sout\u011b\u017e dokon\u010dilo v kategorii kamion\u016f pouh\u00fdch \u010dtrn\u00e1ct pos\u00e1dek z jedna\u010dty\u0159iceti. <em>\u201eM\u00e1me za sebou lep\u0161\u00ed v\u00fdsledky, nicm\u00e9n\u011b d\u00edky leto\u0161n\u00ed novince \u2013 p\u016flmaratonu, m\u00e1me alespo\u0148 jedno auto v c\u00edli. M\u011bli jsme sice v\u011bt\u0161\u00ed ambice, vzhledem k okolnostem ale pova\u017euji kone\u010dn\u00fd v\u00fdsledek za maximum mo\u017en\u00e9ho.\u201c<\/em><\/p>\n<p>Do leto\u0161n\u00edho ro\u010dn\u00edku Rally Dakar vstoupili oba piloti s novou taktikou. <em>\u201eS ob\u011bma jezdci jsme se shodli, \u017ee na za\u010d\u00e1tku nepojedeme na krev, ale hlavou. V\u011bd\u011bli jsme, \u017ee rozhodovat se bude a\u017e v c\u00edli a rozestupy budou v \u0159\u00e1du n\u011bkolika hodin, co\u017e se v kone\u010dn\u00e9m sou\u010dtu i potvrdilo. Bohu\u017eel n\u00e1s potkaly dv\u011b opravy v t\u011b\u017eko p\u0159\u00edstupn\u00e9m ter\u00e9nu a bylo po nad\u011bj\u00edch,\u201c<\/em> bilancoval Jan Kalivoda.[\/vc_column_text][vc_single_image image=&#8221;2496&#8243; img_size=&#8221;large&#8221; alignment=&#8221;center&#8221;][vc_column_text]<\/p>\n<h4>V c\u00edli d\u00edky p\u016flmaratonu<\/h4>\n<p>I p\u0159es velk\u00e9 technick\u00e9 probl\u00e9my, kter\u00e9 <strong>Martina Kolom\u00e9ho<\/strong> v honb\u011b za vytou\u017een\u00fdm bedu\u00ednem potkaly, nakonec brunt\u00e1lsk\u00fd jezdec dovezl svou Tatru Phoenix a\u017e do c\u00edle v Lim\u011b na kone\u010dn\u00e9m p\u00e1t\u00e9m m\u00edst\u011b v hodnocen\u00ed p\u016flmaratonu: <em>\u201eJak u\u017e jsem \u0159ekl, z m\u00e9ho hlediska se jednalo o jeden z nejt\u011b\u017e\u0161\u00edch z\u00e1vod\u016f v\u016fbec. Vysok\u00e9 duny, rozje\u017ed\u011bn\u00fd p\u00edsek a hromada fe\u0161-fe\u0161e. Sice oproti minul\u00fdm let\u016fm po\u0159adatel\u00e9 sn\u00ed\u017eili po\u010det etap, ale jejich n\u00e1ro\u010dnost vzrostla. Mus\u00edm ale organiz\u00e1tory z A.S.O. pochv\u00e1lit za leto\u0161n\u00ed novinku v podob\u011b \u201amal\u00e9ho\u2018 Dakaru. Jednalo se o jeden z nejlep\u0161\u00edch n\u00e1pad\u016f za posledn\u00edch deset ro\u010dn\u00edk\u016f. Pravda, motivace u\u017e tam nebyla takov\u00e1, ale p\u011bt etap jsme mohli vyu\u017e\u00edt k testov\u00e1n\u00ed a nabr\u00e1n\u00ed dal\u0161\u00edch zku\u0161enost\u00ed. Ty n\u00e1m nikdo nevezme.\u201c<\/em><\/p>\n<p><strong>Martina \u0160oltyse<\/strong> p\u0159ipravila o \u017eivotn\u00ed v\u00fdsledek a\u017e sedm\u00e1 etapa: <em>\u201eRozjet\u00e9 jsme to m\u011bli dob\u0159e, ale t\u0159i etapy p\u0159ed koncem jsme zapadli v n\u00e1ro\u010dn\u00e9m ter\u00e9nu tak ne\u0161\u0165astn\u011b, \u017ee jsme tam museli nocovat. R\u00e1no za sv\u00edt\u00e1n\u00ed pak kv\u016fli mlze nebylo vid\u011bt ani na krok. To n\u00e1s zdr\u017eelo a nestihli jsme start do dal\u0161\u00ed etapy. Cel\u00fd Dakar byl hodn\u011b n\u00e1ro\u010dn\u00fd jak pro techniku, tak pro pos\u00e1dky. Ur\u010dit\u011b to pro m\u011b byla dal\u0161\u00ed cenn\u00e1 lekce.\u201c<\/em>[\/vc_column_text][vc_single_image image=&#8221;2498&#8243; img_size=&#8221;large&#8221; alignment=&#8221;center&#8221;][vc_column_text]Jedna\u010dty\u0159ic\u00e1t\u00fd ro\u010dn\u00edk byl mimo\u0159\u00e1dn\u011b n\u00e1ro\u010dn\u00fd i d\u00edky komplikovan\u00e9 navigaci. <em>\u201eV prvn\u00ed polovin\u011b to je\u0161t\u011b \u0161lo, ale v t\u00e9 druh\u00e9 to byl \u201amazec\u2018. Trasy ji\u017e byly rozje\u017ed\u011bn\u00e9 z p\u0159ede\u0161l\u00fdch dn\u016f, nav\u00edc pos\u00e1dky v p\u016flmaratonu m\u011bly jin\u00fd roadbook ne\u017e v hlavn\u00edm z\u00e1vod\u011b, tak se to tam r\u016fzn\u011b motalo. N\u011bkolikr\u00e1t n\u00e1m GPS zahl\u00e1sila, \u017ee jedeme o n\u011bkolik kontroln\u00edch bod\u016f dop\u0159edu, p\u0159i tom jsme jeli spr\u00e1vn\u011b. Z m\u00e9ho hlediska se jednalo o opravdov\u00fd o\u010distec,\u201c<\/em> vzpom\u00ednal na kru\u0161n\u00e9 chv\u00edle navig\u00e1tor Kolom\u00e9ho pos\u00e1dky <strong>Rostislav Pln\u00fd<\/strong>.<\/p>\n<p><em>\u201eTe\u010f n\u00e1s \u010dek\u00e1 kone\u010dn\u00e9 vyhodnocen\u00ed a ur\u010den\u00ed priorit pro dal\u0161\u00ed sezonu. T\u011b\u017eko m\u016f\u017eeme za\u010d\u00edt n\u011bco pl\u00e1novat, kdy\u017e nezn\u00e1me tra\u0165 dal\u0161\u00edho ro\u010dn\u00edku. Budeme muset b\u00fdt co nejv\u00edce flexibiln\u00ed,\u201c<\/em> dodal <strong>Jan Kalivoda<\/strong>.<\/p>\n<p>Tiskov\u00e1 zpr\u00e1va t\u00fdmu Tatra Buggyra Racing (editov\u00e1no)[\/vc_column_text][\/vc_column][\/vc_row]<\/p>\n","protected":false},"excerpt":{"rendered":"<p>Roudnick\u00fd t\u00fdm Tatra Buggyra Racing bilancoval v \u00fater\u00fd po n\u00e1vratu z Peru leto\u0161n\u00ed ro\u010dn\u00edk nejn\u00e1ro\u010dn\u011bj\u0161\u00edho d\u00e1lkov\u00e9ho z\u00e1vodu sv\u011bta, Rally Dakar.<\/p>\n","protected":false},"author":3,"featured_media":2497,"comment_status":"open","ping_status":"closed","sticky":false,"template":"","format":"standard","meta":{"footnotes":""},"categories":[637],"tags":[132,8,9,243,133,136,134,68],"class_list":["post-2499","post","type-post","status-publish","format-standard","has-post-thumbnail","hentry","category-tiskove-zpravy","tag-buggyra-racing","tag-dakar","tag-dakar-2019","tag-jan-kalivoda","tag-martin-kolomy","tag-martin-soltys","tag-rostislav-plny","tag-tatra"],"yoast_head":"<!-- This site is optimized with the Yoast SEO plugin v24.9 - https:\/\/yoast.com\/wordpress\/plugins\/seo\/ -->\n<title>Tatra Buggyra vsad\u00ed na flexibilitu - DAKARMANIA.cz<\/title>\n<meta name=\"description\" content=\"Roudnick\u00fd t\u00fdm Tatra Buggyra Racing bilancoval v \u00fater\u00fd po n\u00e1vratu z Peru leto\u0161n\u00ed ro\u010dn\u00edk nejn\u00e1ro\u010dn\u011bj\u0161\u00edho d\u00e1lkov\u00e9ho z\u00e1vodu sv\u011bta, Rally Dakar.\" \/>\n<meta name=\"robots\" content=\"index, follow, max-snippet:-1, max-image-preview:large, max-video-preview:-1\" \/>\n<link rel=\"canonical\" href=\"https:\/\/www.dakarmania.cz\/index.php\/2019\/01\/22\/tatra-buggyra-vsadi-na-flexibilitu\/\" \/>\n<meta property=\"og:locale\" content=\"cs_CZ\" \/>\n<meta property=\"og:type\" content=\"article\" \/>\n<meta property=\"og:title\" content=\"Tatra Buggyra vsad\u00ed na flexibilitu - DAKARMANIA.cz\" \/>\n<meta property=\"og:description\" content=\"Roudnick\u00fd t\u00fdm Tatra Buggyra Racing bilancoval v \u00fater\u00fd po n\u00e1vratu z Peru leto\u0161n\u00ed ro\u010dn\u00edk nejn\u00e1ro\u010dn\u011bj\u0161\u00edho d\u00e1lkov\u00e9ho z\u00e1vodu sv\u011bta, Rally Dakar.\" \/>\n<meta property=\"og:url\" content=\"https:\/\/www.dakarmania.cz\/index.php\/2019\/01\/22\/tatra-buggyra-vsadi-na-flexibilitu\/\" \/>\n<meta property=\"og:site_name\" content=\"DAKARMANIA.cz\" \/>\n<meta property=\"article:publisher\" content=\"https:\/\/www.facebook.com\/dakarmania\/\" \/>\n<meta property=\"article:published_time\" content=\"2019-01-22T22:04:07+00:00\" \/>\n<meta property=\"article:modified_time\" content=\"2019-11-12T16:28:17+00:00\" \/>\n<meta property=\"og:image\" content=\"https:\/\/www.dakarmania.cz\/wp-content\/uploads\/2019\/01\/19-dakar-soltys-20.jpg\" \/>\n\t<meta property=\"og:image:width\" content=\"2048\" \/>\n\t<meta property=\"og:image:height\" content=\"1365\" \/>\n\t<meta property=\"og:image:type\" content=\"image\/jpeg\" \/>\n<meta name=\"author\" content=\"tiskov\u00e1 zpr\u00e1va\" \/>\n<meta name=\"twitter:card\" content=\"summary_large_image\" \/>\n<meta name=\"twitter:label1\" content=\"Napsal(a)\" \/>\n\t<meta name=\"twitter:data1\" content=\"tiskov\u00e1 zpr\u00e1va\" \/>\n\t<meta name=\"twitter:label2\" content=\"Odhadovan\u00e1 doba \u010dten\u00ed\" \/>\n\t<meta name=\"twitter:data2\" content=\"4 minuty\" \/>\n<script type=\"application\/ld+json\" class=\"yoast-schema-graph\">{\"@context\":\"https:\/\/schema.org\",\"@graph\":[{\"@type\":\"Article\",\"@id\":\"https:\/\/www.dakarmania.cz\/index.php\/2019\/01\/22\/tatra-buggyra-vsadi-na-flexibilitu\/#article\",\"isPartOf\":{\"@id\":\"https:\/\/www.dakarmania.cz\/index.php\/2019\/01\/22\/tatra-buggyra-vsadi-na-flexibilitu\/\"},\"author\":{\"name\":\"tiskov\u00e1 zpr\u00e1va\",\"@id\":\"https:\/\/www.dakarmania.cz\/#\/schema\/person\/bce8d1fe3633b1178e150fc5e340d5dd\"},\"headline\":\"Tatra Buggyra vsad\u00ed na flexibilitu\",\"datePublished\":\"2019-01-22T22:04:07+00:00\",\"dateModified\":\"2019-11-12T16:28:17+00:00\",\"mainEntityOfPage\":{\"@id\":\"https:\/\/www.dakarmania.cz\/index.php\/2019\/01\/22\/tatra-buggyra-vsadi-na-flexibilitu\/\"},\"wordCount\":733,\"commentCount\":0,\"publisher\":{\"@id\":\"https:\/\/www.dakarmania.cz\/#organization\"},\"image\":{\"@id\":\"https:\/\/www.dakarmania.cz\/index.php\/2019\/01\/22\/tatra-buggyra-vsadi-na-flexibilitu\/#primaryimage\"},\"thumbnailUrl\":\"https:\/\/www.dakarmania.cz\/wp-content\/uploads\/2019\/01\/19-dakar-soltys-20.jpg\",\"keywords\":[\"Buggyra Racing\",\"Dakar\",\"Dakar 2019\",\"Jan Kalivoda\",\"Martin Kolom\u00fd\",\"Martin \u0160oltys\",\"Rostislav Pln\u00fd\",\"Tatra\"],\"articleSection\":[\"Tiskov\u00e9 zpr\u00e1vy\"],\"inLanguage\":\"cs\",\"potentialAction\":[{\"@type\":\"CommentAction\",\"name\":\"Comment\",\"target\":[\"https:\/\/www.dakarmania.cz\/index.php\/2019\/01\/22\/tatra-buggyra-vsadi-na-flexibilitu\/#respond\"]}]},{\"@type\":\"WebPage\",\"@id\":\"https:\/\/www.dakarmania.cz\/index.php\/2019\/01\/22\/tatra-buggyra-vsadi-na-flexibilitu\/\",\"url\":\"https:\/\/www.dakarmania.cz\/index.php\/2019\/01\/22\/tatra-buggyra-vsadi-na-flexibilitu\/\",\"name\":\"Tatra Buggyra vsad\u00ed na flexibilitu - DAKARMANIA.cz\",\"isPartOf\":{\"@id\":\"https:\/\/www.dakarmania.cz\/#website\"},\"primaryImageOfPage\":{\"@id\":\"https:\/\/www.dakarmania.cz\/index.php\/2019\/01\/22\/tatra-buggyra-vsadi-na-flexibilitu\/#primaryimage\"},\"image\":{\"@id\":\"https:\/\/www.dakarmania.cz\/index.php\/2019\/01\/22\/tatra-buggyra-vsadi-na-flexibilitu\/#primaryimage\"},\"thumbnailUrl\":\"https:\/\/www.dakarmania.cz\/wp-content\/uploads\/2019\/01\/19-dakar-soltys-20.jpg\",\"datePublished\":\"2019-01-22T22:04:07+00:00\",\"dateModified\":\"2019-11-12T16:28:17+00:00\",\"description\":\"Roudnick\u00fd t\u00fdm Tatra Buggyra Racing bilancoval v \u00fater\u00fd po n\u00e1vratu z Peru leto\u0161n\u00ed ro\u010dn\u00edk nejn\u00e1ro\u010dn\u011bj\u0161\u00edho d\u00e1lkov\u00e9ho z\u00e1vodu sv\u011bta, Rally Dakar.\",\"breadcrumb\":{\"@id\":\"https:\/\/www.dakarmania.cz\/index.php\/2019\/01\/22\/tatra-buggyra-vsadi-na-flexibilitu\/#breadcrumb\"},\"inLanguage\":\"cs\",\"potentialAction\":[{\"@type\":\"ReadAction\",\"target\":[\"https:\/\/www.dakarmania.cz\/index.php\/2019\/01\/22\/tatra-buggyra-vsadi-na-flexibilitu\/\"]}]},{\"@type\":\"ImageObject\",\"inLanguage\":\"cs\",\"@id\":\"https:\/\/www.dakarmania.cz\/index.php\/2019\/01\/22\/tatra-buggyra-vsadi-na-flexibilitu\/#primaryimage\",\"url\":\"https:\/\/www.dakarmania.cz\/wp-content\/uploads\/2019\/01\/19-dakar-soltys-20.jpg\",\"contentUrl\":\"https:\/\/www.dakarmania.cz\/wp-content\/uploads\/2019\/01\/19-dakar-soltys-20.jpg\",\"width\":2048,\"height\":1365,\"caption\":\"Martin \u0160oltys\/Tom\u00e1\u0161 \u0160ikola\/David Schov\u00e1nek, Tatra Phoenix, Tatra Buggyra Racing. Rally Dakar 2019. \u00a9 Buggyra Racing\"},{\"@type\":\"BreadcrumbList\",\"@id\":\"https:\/\/www.dakarmania.cz\/index.php\/2019\/01\/22\/tatra-buggyra-vsadi-na-flexibilitu\/#breadcrumb\",\"itemListElement\":[{\"@type\":\"ListItem\",\"position\":1,\"name\":\"Dom\u016f\",\"item\":\"https:\/\/www.dakarmania.cz\/\"},{\"@type\":\"ListItem\",\"position\":2,\"name\":\"Tatra Buggyra vsad\u00ed na flexibilitu\"}]},{\"@type\":\"WebSite\",\"@id\":\"https:\/\/www.dakarmania.cz\/#website\",\"url\":\"https:\/\/www.dakarmania.cz\/\",\"name\":\"DAKARMANIA.cz\",\"description\":\"\u017dijeme Dakarem cel\u00fd rok\",\"publisher\":{\"@id\":\"https:\/\/www.dakarmania.cz\/#organization\"},\"potentialAction\":[{\"@type\":\"SearchAction\",\"target\":{\"@type\":\"EntryPoint\",\"urlTemplate\":\"https:\/\/www.dakarmania.cz\/?s={search_term_string}\"},\"query-input\":{\"@type\":\"PropertyValueSpecification\",\"valueRequired\":true,\"valueName\":\"search_term_string\"}}],\"inLanguage\":\"cs\"},{\"@type\":\"Organization\",\"@id\":\"https:\/\/www.dakarmania.cz\/#organization\",\"name\":\"DAKAR MANIA\",\"url\":\"https:\/\/www.dakarmania.cz\/\",\"logo\":{\"@type\":\"ImageObject\",\"inLanguage\":\"cs\",\"@id\":\"https:\/\/www.dakarmania.cz\/#\/schema\/logo\/image\/\",\"url\":\"https:\/\/www.dakarmania.cz\/wp-content\/uploads\/2018\/12\/Dakar-Mania-Logo-Square-Orange.png\",\"contentUrl\":\"https:\/\/www.dakarmania.cz\/wp-content\/uploads\/2018\/12\/Dakar-Mania-Logo-Square-Orange.png\",\"width\":992,\"height\":992,\"caption\":\"DAKAR MANIA\"},\"image\":{\"@id\":\"https:\/\/www.dakarmania.cz\/#\/schema\/logo\/image\/\"},\"sameAs\":[\"https:\/\/www.facebook.com\/dakarmania\/\"]},{\"@type\":\"Person\",\"@id\":\"https:\/\/www.dakarmania.cz\/#\/schema\/person\/bce8d1fe3633b1178e150fc5e340d5dd\",\"name\":\"tiskov\u00e1 zpr\u00e1va\",\"image\":{\"@type\":\"ImageObject\",\"inLanguage\":\"cs\",\"@id\":\"https:\/\/www.dakarmania.cz\/#\/schema\/person\/image\/\",\"url\":\"https:\/\/secure.gravatar.com\/avatar\/19aefcb6c7bfae691fca4d805686c670f59bb4f7414c7b398b88dc9c8f4e96d5?s=96&d=mm&r=g\",\"contentUrl\":\"https:\/\/secure.gravatar.com\/avatar\/19aefcb6c7bfae691fca4d805686c670f59bb4f7414c7b398b88dc9c8f4e96d5?s=96&d=mm&r=g\",\"caption\":\"tiskov\u00e1 zpr\u00e1va\"},\"url\":\"https:\/\/www.dakarmania.cz\/index.php\/author\/tiskovezpravy\/\"}]}<\/script>\n<!-- \/ Yoast SEO plugin. -->","yoast_head_json":{"title":"Tatra Buggyra vsad\u00ed na flexibilitu - DAKARMANIA.cz","description":"Roudnick\u00fd t\u00fdm Tatra Buggyra Racing bilancoval v \u00fater\u00fd po n\u00e1vratu z Peru leto\u0161n\u00ed ro\u010dn\u00edk nejn\u00e1ro\u010dn\u011bj\u0161\u00edho d\u00e1lkov\u00e9ho z\u00e1vodu sv\u011bta, Rally Dakar.","robots":{"index":"index","follow":"follow","max-snippet":"max-snippet:-1","max-image-preview":"max-image-preview:large","max-video-preview":"max-video-preview:-1"},"canonical":"https:\/\/www.dakarmania.cz\/index.php\/2019\/01\/22\/tatra-buggyra-vsadi-na-flexibilitu\/","og_locale":"cs_CZ","og_type":"article","og_title":"Tatra Buggyra vsad\u00ed na flexibilitu - DAKARMANIA.cz","og_description":"Roudnick\u00fd t\u00fdm Tatra Buggyra Racing bilancoval v \u00fater\u00fd po n\u00e1vratu z Peru leto\u0161n\u00ed ro\u010dn\u00edk nejn\u00e1ro\u010dn\u011bj\u0161\u00edho d\u00e1lkov\u00e9ho z\u00e1vodu sv\u011bta, Rally Dakar.","og_url":"https:\/\/www.dakarmania.cz\/index.php\/2019\/01\/22\/tatra-buggyra-vsadi-na-flexibilitu\/","og_site_name":"DAKARMANIA.cz","article_publisher":"https:\/\/www.facebook.com\/dakarmania\/","article_published_time":"2019-01-22T22:04:07+00:00","article_modified_time":"2019-11-12T16:28:17+00:00","og_image":[{"width":2048,"height":1365,"url":"https:\/\/www.dakarmania.cz\/wp-content\/uploads\/2019\/01\/19-dakar-soltys-20.jpg","type":"image\/jpeg"}],"author":"tiskov\u00e1 zpr\u00e1va","twitter_card":"summary_large_image","twitter_misc":{"Napsal(a)":"tiskov\u00e1 zpr\u00e1va","Odhadovan\u00e1 doba \u010dten\u00ed":"4 minuty"},"schema":{"@context":"https:\/\/schema.org","@graph":[{"@type":"Article","@id":"https:\/\/www.dakarmania.cz\/index.php\/2019\/01\/22\/tatra-buggyra-vsadi-na-flexibilitu\/#article","isPartOf":{"@id":"https:\/\/www.dakarmania.cz\/index.php\/2019\/01\/22\/tatra-buggyra-vsadi-na-flexibilitu\/"},"author":{"name":"tiskov\u00e1 zpr\u00e1va","@id":"https:\/\/www.dakarmania.cz\/#\/schema\/person\/bce8d1fe3633b1178e150fc5e340d5dd"},"headline":"Tatra Buggyra vsad\u00ed na flexibilitu","datePublished":"2019-01-22T22:04:07+00:00","dateModified":"2019-11-12T16:28:17+00:00","mainEntityOfPage":{"@id":"https:\/\/www.dakarmania.cz\/index.php\/2019\/01\/22\/tatra-buggyra-vsadi-na-flexibilitu\/"},"wordCount":733,"commentCount":0,"publisher":{"@id":"https:\/\/www.dakarmania.cz\/#organization"},"image":{"@id":"https:\/\/www.dakarmania.cz\/index.php\/2019\/01\/22\/tatra-buggyra-vsadi-na-flexibilitu\/#primaryimage"},"thumbnailUrl":"https:\/\/www.dakarmania.cz\/wp-content\/uploads\/2019\/01\/19-dakar-soltys-20.jpg","keywords":["Buggyra Racing","Dakar","Dakar 2019","Jan Kalivoda","Martin Kolom\u00fd","Martin \u0160oltys","Rostislav Pln\u00fd","Tatra"],"articleSection":["Tiskov\u00e9 zpr\u00e1vy"],"inLanguage":"cs","potentialAction":[{"@type":"CommentAction","name":"Comment","target":["https:\/\/www.dakarmania.cz\/index.php\/2019\/01\/22\/tatra-buggyra-vsadi-na-flexibilitu\/#respond"]}]},{"@type":"WebPage","@id":"https:\/\/www.dakarmania.cz\/index.php\/2019\/01\/22\/tatra-buggyra-vsadi-na-flexibilitu\/","url":"https:\/\/www.dakarmania.cz\/index.php\/2019\/01\/22\/tatra-buggyra-vsadi-na-flexibilitu\/","name":"Tatra Buggyra vsad\u00ed na flexibilitu - DAKARMANIA.cz","isPartOf":{"@id":"https:\/\/www.dakarmania.cz\/#website"},"primaryImageOfPage":{"@id":"https:\/\/www.dakarmania.cz\/index.php\/2019\/01\/22\/tatra-buggyra-vsadi-na-flexibilitu\/#primaryimage"},"image":{"@id":"https:\/\/www.dakarmania.cz\/index.php\/2019\/01\/22\/tatra-buggyra-vsadi-na-flexibilitu\/#primaryimage"},"thumbnailUrl":"https:\/\/www.dakarmania.cz\/wp-content\/uploads\/2019\/01\/19-dakar-soltys-20.jpg","datePublished":"2019-01-22T22:04:07+00:00","dateModified":"2019-11-12T16:28:17+00:00","description":"Roudnick\u00fd t\u00fdm Tatra Buggyra Racing bilancoval v \u00fater\u00fd po n\u00e1vratu z Peru leto\u0161n\u00ed ro\u010dn\u00edk nejn\u00e1ro\u010dn\u011bj\u0161\u00edho d\u00e1lkov\u00e9ho z\u00e1vodu sv\u011bta, Rally Dakar.","breadcrumb":{"@id":"https:\/\/www.dakarmania.cz\/index.php\/2019\/01\/22\/tatra-buggyra-vsadi-na-flexibilitu\/#breadcrumb"},"inLanguage":"cs","potentialAction":[{"@type":"ReadAction","target":["https:\/\/www.dakarmania.cz\/index.php\/2019\/01\/22\/tatra-buggyra-vsadi-na-flexibilitu\/"]}]},{"@type":"ImageObject","inLanguage":"cs","@id":"https:\/\/www.dakarmania.cz\/index.php\/2019\/01\/22\/tatra-buggyra-vsadi-na-flexibilitu\/#primaryimage","url":"https:\/\/www.dakarmania.cz\/wp-content\/uploads\/2019\/01\/19-dakar-soltys-20.jpg","contentUrl":"https:\/\/www.dakarmania.cz\/wp-content\/uploads\/2019\/01\/19-dakar-soltys-20.jpg","width":2048,"height":1365,"caption":"Martin \u0160oltys\/Tom\u00e1\u0161 \u0160ikola\/David Schov\u00e1nek, Tatra Phoenix, Tatra Buggyra Racing. Rally Dakar 2019. \u00a9 Buggyra Racing"},{"@type":"BreadcrumbList","@id":"https:\/\/www.dakarmania.cz\/index.php\/2019\/01\/22\/tatra-buggyra-vsadi-na-flexibilitu\/#breadcrumb","itemListElement":[{"@type":"ListItem","position":1,"name":"Dom\u016f","item":"https:\/\/www.dakarmania.cz\/"},{"@type":"ListItem","position":2,"name":"Tatra Buggyra vsad\u00ed na flexibilitu"}]},{"@type":"WebSite","@id":"https:\/\/www.dakarmania.cz\/#website","url":"https:\/\/www.dakarmania.cz\/","name":"DAKARMANIA.cz","description":"\u017dijeme Dakarem cel\u00fd rok","publisher":{"@id":"https:\/\/www.dakarmania.cz\/#organization"},"potentialAction":[{"@type":"SearchAction","target":{"@type":"EntryPoint","urlTemplate":"https:\/\/www.dakarmania.cz\/?s={search_term_string}"},"query-input":{"@type":"PropertyValueSpecification","valueRequired":true,"valueName":"search_term_string"}}],"inLanguage":"cs"},{"@type":"Organization","@id":"https:\/\/www.dakarmania.cz\/#organization","name":"DAKAR MANIA","url":"https:\/\/www.dakarmania.cz\/","logo":{"@type":"ImageObject","inLanguage":"cs","@id":"https:\/\/www.dakarmania.cz\/#\/schema\/logo\/image\/","url":"https:\/\/www.dakarmania.cz\/wp-content\/uploads\/2018\/12\/Dakar-Mania-Logo-Square-Orange.png","contentUrl":"https:\/\/www.dakarmania.cz\/wp-content\/uploads\/2018\/12\/Dakar-Mania-Logo-Square-Orange.png","width":992,"height":992,"caption":"DAKAR MANIA"},"image":{"@id":"https:\/\/www.dakarmania.cz\/#\/schema\/logo\/image\/"},"sameAs":["https:\/\/www.facebook.com\/dakarmania\/"]},{"@type":"Person","@id":"https:\/\/www.dakarmania.cz\/#\/schema\/person\/bce8d1fe3633b1178e150fc5e340d5dd","name":"tiskov\u00e1 zpr\u00e1va","image":{"@type":"ImageObject","inLanguage":"cs","@id":"https:\/\/www.dakarmania.cz\/#\/schema\/person\/image\/","url":"https:\/\/secure.gravatar.com\/avatar\/19aefcb6c7bfae691fca4d805686c670f59bb4f7414c7b398b88dc9c8f4e96d5?s=96&d=mm&r=g","contentUrl":"https:\/\/secure.gravatar.com\/avatar\/19aefcb6c7bfae691fca4d805686c670f59bb4f7414c7b398b88dc9c8f4e96d5?s=96&d=mm&r=g","caption":"tiskov\u00e1 zpr\u00e1va"},"url":"https:\/\/www.dakarmania.cz\/index.php\/author\/tiskovezpravy\/"}]}},"amp_enabled":true,"_links":{"self":[{"href":"https:\/\/www.dakarmania.cz\/index.php\/wp-json\/wp\/v2\/posts\/2499","targetHints":{"allow":["GET"]}}],"collection":[{"href":"https:\/\/www.dakarmania.cz\/index.php\/wp-json\/wp\/v2\/posts"}],"about":[{"href":"https:\/\/www.dakarmania.cz\/index.php\/wp-json\/wp\/v2\/types\/post"}],"author":[{"embeddable":true,"href":"https:\/\/www.dakarmania.cz\/index.php\/wp-json\/wp\/v2\/users\/3"}],"replies":[{"embeddable":true,"href":"https:\/\/www.dakarmania.cz\/index.php\/wp-json\/wp\/v2\/comments?post=2499"}],"version-history":[{"count":3,"href":"https:\/\/www.dakarmania.cz\/index.php\/wp-json\/wp\/v2\/posts\/2499\/revisions"}],"predecessor-version":[{"id":13267,"href":"https:\/\/www.dakarmania.cz\/index.php\/wp-json\/wp\/v2\/posts\/2499\/revisions\/13267"}],"wp:featuredmedia":[{"embeddable":true,"href":"https:\/\/www.dakarmania.cz\/index.php\/wp-json\/wp\/v2\/media\/2497"}],"wp:attachment":[{"href":"https:\/\/www.dakarmania.cz\/index.php\/wp-json\/wp\/v2\/media?parent=2499"}],"wp:term":[{"taxonomy":"category","embeddable":true,"href":"https:\/\/www.dakarmania.cz\/index.php\/wp-json\/wp\/v2\/categories?post=2499"},{"taxonomy":"post_tag","embeddable":true,"href":"https:\/\/www.dakarmania.cz\/index.php\/wp-json\/wp\/v2\/tags?post=2499"}],"curies":[{"name":"wp","href":"https:\/\/api.w.org\/{rel}","templated":true}]}}