{"id":25724,"date":"2023-03-03T20:05:59","date_gmt":"2023-03-03T19:05:59","guid":{"rendered":"https:\/\/www.dakarmania.cz\/?p=25724"},"modified":"2023-03-04T08:00:51","modified_gmt":"2023-03-04T07:00:51","slug":"van-beveren-poprve-vyhral-addc","status":"publish","type":"post","link":"https:\/\/www.dakarmania.cz\/index.php\/2023\/03\/03\/van-beveren-poprve-vyhral-addc\/","title":{"rendered":"Van Beveren poprv\u00e9 vyhr\u00e1l ADDC. Price do \u010dela \u0161ampion\u00e1tu"},"content":{"rendered":"<p>[vc_row][vc_column][vc_column_text css_animation=&#8221;fadeIn&#8221;]<\/p>\n<h3>Adrien Van Beveren a Toby Price z\u00e1\u0159ili v c\u00edli Abu Dhabi Desert Challenge 2023 spokojenost\u00ed. Francouz poprv\u00e9 ve sv\u00e9 kari\u00e9\u0159e tuto sout\u011b\u017e vyhr\u00e1l, zat\u00edmco Australana posunulo etapov\u00e9 v\u00edt\u011bzstv\u00ed nejen na stupn\u011b v\u00edt\u011bz\u016f, ale tak\u00e9 do \u010dela pr\u016fb\u011b\u017en\u00e9 klasifikace \u0161ampion\u00e1tu.<\/h3>\n<p>[\/vc_column_text][vc_single_image image=&#8221;25723&#8243; img_size=&#8221;large&#8221; add_caption=&#8221;yes&#8221; alignment=&#8221;center&#8221; onclick=&#8221;link_image&#8221; css_animation=&#8221;fadeIn&#8221;][vc_column_text css_animation=&#8221;fadeIn&#8221;]Adrien Van Beveren se jako jedin\u00fd z jezdc\u016f prosadil ve v\u0161ech etap\u00e1ch mezi p\u011bt nejrychlej\u0161\u00edch, nedopustil se \u017e\u00e1dn\u00fdch v\u00e1\u017en\u011bj\u0161\u00edch chyb a d\u00edky tomu se u\u017e podruh\u00e9 od sv\u00e9ho lo\u0148sk\u00e9ho p\u0159\u00edchodu k Hond\u011b radoval z v\u00edt\u011bzstv\u00ed na podniku W2RC.<\/p>\n<p><em>\u201eNa Dakaru jsem m\u011bl na dosah um\u00edst\u011bn\u00ed na stupn\u00edch v\u00edt\u011bz\u016f, ale nepovedlo se, co\u017e bylo pon\u011bkud frustruj\u00edc\u00ed,\u201c<\/em> p\u0159ipou\u0161t\u00ed <strong>Adrien Van Beveren<\/strong>. <em>\u201eO to v\u011bt\u0161\u00ed radost m\u00e1m te\u010f \u2013 o p\u00e1r t\u00fddn\u016f pozd\u011bji \u2013 z v\u00edt\u011bzstv\u00ed na Abu Dhabi Desert Challenge. Je to dal\u0161\u00ed motivace pro m\u011b i pro cel\u00fd t\u00fdm. Samoz\u0159ejm\u011b budu pracovat na tom, abychom z\u00edskali dal\u0161\u00ed v\u00fdhry, ale te\u010f je \u010das vychutnat si tyto okam\u017eiky.\u201c<\/em><\/p>\n<p>Argentinec Luciano Benavides na tov\u00e1rn\u00ed Husqvarn\u011b vyhr\u00e1l dv\u011b etapy a druh\u00fdm m\u00edstem zopakoval sv\u016fj dosud nejlep\u0161\u00ed v\u00fdsledek v r\u00e1mci sv\u011btov\u00e9ho \u0161ampion\u00e1tu v d\u00e1lkov\u00fdch rally.<\/p>\n<p><em>\u201eDnes jsem se velmi sna\u017eil a po celou speci\u00e1lku jsem otev\u00edral tra\u0165, tak\u017ee to pro m\u011b byl n\u00e1ro\u010dn\u00fd a vy\u010derp\u00e1vaj\u00edc\u00ed den. R\u00e1no jsem c\u00edtil docela velk\u00fd tlak, proto\u017ee rozestupy nebyly velk\u00e9 a j\u00e1 tud\u00ed\u017e nem\u011bl na v\u00fdb\u011br: musel jsem jet po celou dobu naplno,\u201c<\/em> popisuje strategii, kterou uplatnil v z\u00e1v\u011bre\u010dn\u00e9 etap\u011b, <strong>Luciano Benavides<\/strong>. <em>\u201eZakon\u010dit sout\u011b\u017e s um\u00edst\u011bn\u00edm na stupn\u00edch v\u00edt\u011bz\u016f a dv\u011bma etapov\u00fdmi v\u00edt\u011bzstv\u00edmi je skv\u011bl\u00e9. Samoz\u0159ejm\u011b, \u017ee bych cht\u011bl vyhr\u00e1t, ale mysl\u00edm si, \u017ee tohle je spr\u00e1vn\u00e1 cesta. Jdu z\u00e1vod od z\u00e1vodu a v\u011b\u0159\u00edm, \u017ee v\u00edt\u011bzstv\u00ed ur\u010dit\u011b p\u0159ijde.\u201c<\/em>[\/vc_column_text][vc_single_image image=&#8221;24586&#8243; img_size=&#8221;large&#8221; add_caption=&#8221;yes&#8221; alignment=&#8221;center&#8221; onclick=&#8221;custom_link&#8221; img_link_target=&#8221;_blank&#8221; css_animation=&#8221;fadeIn&#8221; link=&#8221;http:\/\/eshop.dakarmania.cz\/casopis\/&#8221;][vc_column_text css_animation=&#8221;fadeIn&#8221;]Toby Price (KTM) vyu\u017eil v posledn\u00ed etap\u011b v\u00fdhodn\u00e9 startovn\u00ed pozice, u\u017e na mezi\u010dasech vedl a do c\u00edle speci\u00e1lky dorazil s n\u00e1skokem dvou minut a 23 sekund p\u0159ed Nachem Cornejem. Chilan byl s Hondou druh\u00fd nejrychlej\u0161\u00ed, p\u0159esto musel v kone\u010dn\u00e9 klasifikaci p\u0159epustit t\u0159et\u00ed p\u0159\u00ed\u010dku pr\u00e1v\u011b Priceovi. Po v\u00edce ne\u017e sedmn\u00e1cti hodin\u00e1ch n\u00e1ro\u010dn\u00e9ho z\u00e1vod\u011bn\u00ed v p\u00edsku a dun\u00e1ch Pust\u00e9 kon\u010diny rozhodly pouh\u00e9 dv\u011b sekundy!<\/p>\n<p><em>\u201eDo dlouh\u00e9 <a href=\"\/index.php\/2023\/03\/02\/addc-zkracena-etapa-pro-loeba-prokop-stale-druhy\/\">\u010dtvrt\u00e9 etapy<\/a> jsem startoval jako prvn\u00ed, co\u017e m\u011b v celkov\u00e9m po\u0159ad\u00ed srazilo dol\u016f, proto jsem dnes musel po\u0159\u00e1dn\u011b zabrat. V\u011bd\u011bl jsem, \u017ee to je m\u00e1 jedin\u00e1 \u0161ance, tak jsem do toho \u0161el tak zostra, jak to bylo mo\u017en\u00e9, po cel\u00fdch dv\u011b st\u011b \u0161est kilometr\u016f,\u201c<\/em> tvrd\u00ed <strong>Toby Price<\/strong>. <em>\u201eZ\u00edskat um\u00edst\u011bn\u00ed na stupn\u00edch v\u00edt\u011bz\u016f rozd\u00edlem pouh\u00fdch dvou sekund je \u0161\u00edlen\u00e9. Z\u00e1rove\u0148 to op\u011bt sv\u011bd\u010d\u00ed o vysok\u00e9 \u00farovni sou\u010dasn\u00fdch jezdc\u016f, mezi nimi\u017e \u010dasto nerozhoduj\u00ed minuty ale jen sekundy, co\u017e je podle m\u011b pro \u0161ampion\u00e1t velmi dobr\u00e9.\u201c<\/em><\/p>\n<p>Spokojenost panovala po sout\u011b\u017ei i v t\u00e1bo\u0159e t\u00fdmu Hero MotoSports, jeho\u017e veden\u00ed pot\u011b\u0161il p\u00e1t\u00fdm m\u00edstem, ale p\u0159edev\u0161\u00edm velmi vyrovnan\u00fdmi v\u00fdkony Ross Branch.[\/vc_column_text][vc_video link=&#8221;https:\/\/youtu.be\/07qMOpiDa4o&#8221;][vc_column_text css_animation=&#8221;fadeIn&#8221;]<em>\u201eByla to fantastick\u00e1 j\u00edzda,\u201c<\/em> pochvaluje si Botswa\u0148an. <em>\u201eS v\u00fdsledkem jsem maxim\u00e1ln\u011b spokojen\u00fd, a\u010dkoliv bych se pochopiteln\u011b moc r\u00e1d prosadil na p\u00f3dium. Nicm\u00e9n\u011b tento t\u00fdden jsme ud\u011blali spoustu dobr\u00fdch krok\u016f spr\u00e1vn\u00fdm sm\u011brem a z toho m\u00e1m velkou radost, proto\u017ee jsme trvale dok\u00e1zali dr\u017eet krok s absolutn\u00ed \u0161pic\u00ed. Skv\u011blou pr\u00e1ci ale odvedli i soupe\u0159i, proto\u017ee do toho v\u0161ichni \u0161li v\u00e1\u017en\u011b naplno a bojovat s nimi byla opravdu z\u00e1bava.\u201c<\/em><\/p>\n<p>Po dvou z p\u011bti podnik\u016f vede pr\u016fb\u011b\u017en\u00e9 hodnocen\u00ed sv\u011btov\u00e9ho \u0161ampion\u00e1tu Toby Price (46 bod\u016f) p\u0159ed Adrienem Van Beverenem (42) a Kevinem Benavidesem (38), jen\u017e vyhr\u00e1l lednov\u00fd Dakar, ale ADDC musel kv\u016fli zran\u011bn\u00ed vynechat.<\/p>\n<p>V kategorii Rally2 se bl\u00fdskl mlad\u00fd Raku\u0161an Tobias Ebster (GasGas), jen\u017e v posledn\u00ed etap\u011b o v\u00edt\u011bzstv\u00ed p\u0159ipravil Francouze Jeana-Loupa Lepana (KTM). V kategorii \u010dty\u0159kolek vyhr\u00e1l ADDC pot\u0159et\u00ed v \u0159ad\u011b Abdulaziz Ahli.<\/p>\n<p>T\u0159et\u00ed sout\u011b\u017e sezony host\u00ed za sedm t\u00fddn\u016f Mexiko. Sonora Rally je na programu od 22. do 28. dubna.[\/vc_column_text][vc_column_text css_animation=&#8221;fadeIn&#8221;]<\/p>\n<table style=\"width: 97.7654%;\" rules=\"rows\" cellpadding=\"4px\">\n<tbody>\n<tr style=\"background-color: #808080; color: white;\">\n<td style=\"text-align: center;\" colspan=\"7\"><span style=\"font-size: 12pt;\"><strong>ABU DHABI DESERT CHALLENGE 2023<br \/>\nMOTOCYKLY<br \/>\nkone\u010dn\u00e9 v\u00fdsledky<br \/>\n<\/strong><\/span><\/td>\n<\/tr>\n<tr style=\"vertical-align: top; background-color: #dbd9d9;\">\n<td>1.<\/td>\n<td class=\"nomobile\" style=\"text-align: center;\">42<\/td>\n<td class=\"nomobile\" style=\"text-align: center;\"><span style=\"font-size: 8pt;\">W2RC<\/span><\/td>\n<td>Adrien Van Beveren<\/td>\n<td>Honda CRF450 Rally<\/td>\n<td class=\"nomobile\">Monster Energy Honda Team<\/td>\n<td style=\"text-align: right;\">17:13:39<\/td>\n<\/tr>\n<tr style=\"vertical-align: top; background-color: #f2f2f2;\">\n<td>2.<\/td>\n<td class=\"nomobile\" style=\"text-align: center;\">77<\/td>\n<td class=\"nomobile\" style=\"text-align: center;\"><span style=\"font-size: 8pt;\">W2RC<\/span><\/td>\n<td>Luciano Benavides<\/td>\n<td>Husqvarna FR 450 Rally<\/td>\n<td class=\"nomobile\">Husqvarna Factory Racing<\/td>\n<td style=\"text-align: right;\">+4:18<\/td>\n<\/tr>\n<tr style=\"vertical-align: top; background-color: #dbd9d9;\">\n<td>3.<\/td>\n<td class=\"nomobile\" style=\"text-align: center;\">8<\/td>\n<td class=\"nomobile\" style=\"text-align: center;\"><span style=\"font-size: 8pt;\">W2RC<\/span><\/td>\n<td>Toby Price<\/td>\n<td>KTM 450 Rally<\/td>\n<td class=\"nomobile\">Red Bull KTM Factory Racing<\/td>\n<td style=\"text-align: right;\">+5:13<\/td>\n<\/tr>\n<tr style=\"vertical-align: top; background-color: #f2f2f2;\">\n<td>4.<\/td>\n<td class=\"nomobile\" style=\"text-align: center;\">11<\/td>\n<td class=\"nomobile\" style=\"text-align: center;\"><span style=\"font-size: 8pt;\">W2RC<\/span><\/td>\n<td>Nacho Cornejo<\/td>\n<td>Honda CRF450 Rally<\/td>\n<td class=\"nomobile\">Monster Energy Honda Team<\/td>\n<td style=\"text-align: right;\">+5:15<\/td>\n<\/tr>\n<tr style=\"vertical-align: top; background-color: #dbd9d9;\">\n<td>5.<\/td>\n<td class=\"nomobile\" style=\"text-align: center;\">16<\/td>\n<td class=\"nomobile\" style=\"text-align: center;\"><span style=\"font-size: 8pt;\">W2RC<\/span><\/td>\n<td>Ross Branch<\/td>\n<td>Hero 450 Rally<\/td>\n<td class=\"nomobile\">Hero MotoSports Team Rally<\/td>\n<td style=\"text-align: right;\">+6:17<\/td>\n<\/tr>\n<tr style=\"vertical-align: top; background-color: #f2f2f2;\">\n<td>6.<\/td>\n<td class=\"nomobile\" style=\"text-align: center;\">10<\/td>\n<td class=\"nomobile\" style=\"text-align: center;\"><span style=\"font-size: 8pt;\">W2RC<\/span><\/td>\n<td>Skyler Howes<\/td>\n<td>Husqvarna FR 450 Rally<\/td>\n<td class=\"nomobile\">Husqvarna Factory Racing<\/td>\n<td style=\"text-align: right;\">+6:23<\/td>\n<\/tr>\n<tr style=\"vertical-align: top; background-color: #dbd9d9;\">\n<td>7.<\/td>\n<td class=\"nomobile\" style=\"text-align: center;\">2<\/td>\n<td class=\"nomobile\" style=\"text-align: center;\"><span style=\"font-size: 8pt;\">W2RC<\/span><\/td>\n<td>Ricky Brabec<\/td>\n<td>Honda CRF450 Rally<\/td>\n<td class=\"nomobile\">Monster Energy Honda Team<\/td>\n<td style=\"text-align: right;\">+10:05<\/td>\n<\/tr>\n<tr style=\"vertical-align: top; background-color: #f2f2f2;\">\n<td>8.<\/td>\n<td class=\"nomobile\" style=\"text-align: center;\">96<\/td>\n<td class=\"nomobile\" style=\"text-align: center;\"><\/td>\n<td>Tobias Ebster<\/td>\n<td>GasGas 450 Rally<\/td>\n<td class=\"nomobile\">SRG Motorsports<\/td>\n<td style=\"text-align: right;\">+1:28:11<\/td>\n<\/tr>\n<tr style=\"vertical-align: top; background-color: #dbd9d9;\">\n<td>9.<\/td>\n<td class=\"nomobile\" style=\"text-align: center;\">76<\/td>\n<td class=\"nomobile\" style=\"text-align: center;\"><span style=\"font-size: 8pt;\">W2RC<\/span><\/td>\n<td>Jean-Loup Lepan<\/td>\n<td>KTM 450 Rally<\/td>\n<td class=\"nomobile\">Duust Diverse Racing<\/td>\n<td style=\"text-align: right;\">+1:30:48<\/td>\n<\/tr>\n<tr style=\"vertical-align: top; background-color: #f2f2f2;\">\n<td>10.<\/td>\n<td class=\"nomobile\" style=\"text-align: center;\">46<\/td>\n<td class=\"nomobile\" style=\"text-align: center;\"><span style=\"font-size: 8pt;\">W2RC<\/span><\/td>\n<td>Paolo Lucci<\/td>\n<td>KTM 450 Rally<\/td>\n<td class=\"nomobile\">BAS World KTM Racing Team<\/td>\n<td style=\"text-align: right;\">+1:39:13<\/td>\n<\/tr>\n<\/tbody>\n<\/table>\n<p>[\/vc_column_text][vc_single_image image=&#8221;24585&#8243; img_size=&#8221;large&#8221; add_caption=&#8221;yes&#8221; alignment=&#8221;center&#8221; onclick=&#8221;custom_link&#8221; img_link_target=&#8221;_blank&#8221; css_animation=&#8221;fadeIn&#8221; link=&#8221;http:\/\/eshop.dakarmania.cz\/papirove-modely\/&#8221;][vc_empty_space height=&#8221;2px&#8221;][\/vc_column][\/vc_row]<\/p>\n","protected":false},"excerpt":{"rendered":"<p>Adrien Van Beveren a Toby Price z\u00e1\u0159ili v c\u00edli Abu Dhabi Desert Challenge 2023 spokojenost\u00ed. Francouz poprv\u00e9 ve sv\u00e9 kari\u00e9\u0159e tuto sout\u011b\u017e vyhr\u00e1l, zat\u00edmco Australana posunulo etapov\u00e9 v\u00edt\u011bzstv\u00ed nejen na stupn\u011b v\u00edt\u011bz\u016f, ale tak\u00e9 do \u010dela pr\u016fb\u011b\u017en\u00e9 klasifikace \u0161ampion\u00e1tu.<\/p>\n","protected":false},"author":1,"featured_media":25723,"comment_status":"closed","ping_status":"closed","sticky":false,"template":"","format":"standard","meta":{"footnotes":""},"categories":[520,15,1992],"tags":[1705,2015,521,1995,236,1560,1172,2006,129,759,64,756,2012,762,63,127,758,823,2014,126,1993,1994],"class_list":["post-25724","post","type-post","status-publish","format-standard","has-post-thumbnail","hentry","category-abu-dhabi-desert-challenge","category-moto-quad","category-w2rc","tag-1705","tag-abdulaziz-ahli","tag-addc","tag-addc-2023","tag-adrien-van-beveren","tag-gasgas","tag-hero","tag-hero-motosports-team-rally","tag-honda","tag-honda-team","tag-husqvarna","tag-husqvarna-factory-racing","tag-jean-loup-lepan","tag-jose-ignacio-cornejo","tag-ktm","tag-ktm-factory-racing","tag-luciano-benavides","tag-ross-branch","tag-tobias-ebster","tag-toby-price","tag-w2rc","tag-w2rc-2023"],"yoast_head":"<!-- This site is optimized with the Yoast SEO plugin v24.9 - https:\/\/yoast.com\/wordpress\/plugins\/seo\/ -->\n<title>Van Beveren poprv\u00e9 vyhr\u00e1l ADDC. Price do \u010dela \u0161ampion\u00e1tu - DAKARMANIA.cz<\/title>\n<meta name=\"description\" content=\"Adrien Van Beveren a Toby Price z\u00e1\u0159ili v c\u00edli Abu Dhabi Desert Challenge 2023 spokojenost\u00ed. Francouz poprv\u00e9 ve sv\u00e9 kari\u00e9\u0159e tuto sout\u011b\u017e vyhr\u00e1l.\" \/>\n<meta name=\"robots\" content=\"index, follow, max-snippet:-1, max-image-preview:large, max-video-preview:-1\" \/>\n<link rel=\"canonical\" href=\"https:\/\/www.dakarmania.cz\/index.php\/2023\/03\/03\/van-beveren-poprve-vyhral-addc\/\" \/>\n<meta property=\"og:locale\" content=\"cs_CZ\" \/>\n<meta property=\"og:type\" content=\"article\" \/>\n<meta property=\"og:title\" content=\"Van Beveren poprv\u00e9 vyhr\u00e1l ADDC. Price do \u010dela \u0161ampion\u00e1tu - DAKARMANIA.cz\" \/>\n<meta property=\"og:description\" content=\"Adrien Van Beveren a Toby Price z\u00e1\u0159ili v c\u00edli Abu Dhabi Desert Challenge 2023 spokojenost\u00ed. Francouz poprv\u00e9 ve sv\u00e9 kari\u00e9\u0159e tuto sout\u011b\u017e vyhr\u00e1l.\" \/>\n<meta property=\"og:url\" content=\"https:\/\/www.dakarmania.cz\/index.php\/2023\/03\/03\/van-beveren-poprve-vyhral-addc\/\" \/>\n<meta property=\"og:site_name\" content=\"DAKARMANIA.cz\" \/>\n<meta property=\"article:publisher\" content=\"https:\/\/www.facebook.com\/dakarmania\/\" \/>\n<meta property=\"article:published_time\" content=\"2023-03-03T19:05:59+00:00\" \/>\n<meta property=\"article:modified_time\" content=\"2023-03-04T07:00:51+00:00\" \/>\n<meta property=\"og:image\" content=\"https:\/\/www.dakarmania.cz\/wp-content\/uploads\/2023\/03\/23-addc-moto-winners-01.jpg\" \/>\n\t<meta property=\"og:image:width\" content=\"1024\" \/>\n\t<meta property=\"og:image:height\" content=\"683\" \/>\n\t<meta property=\"og:image:type\" content=\"image\/jpeg\" \/>\n<meta name=\"author\" content=\"Zden\u011bk Zelenka\" \/>\n<meta name=\"twitter:card\" content=\"summary_large_image\" \/>\n<meta name=\"twitter:label1\" content=\"Napsal(a)\" \/>\n\t<meta name=\"twitter:data1\" content=\"Zden\u011bk Zelenka\" \/>\n\t<meta name=\"twitter:label2\" content=\"Odhadovan\u00e1 doba \u010dten\u00ed\" \/>\n\t<meta name=\"twitter:data2\" content=\"5 minut\" \/>\n<script type=\"application\/ld+json\" class=\"yoast-schema-graph\">{\"@context\":\"https:\/\/schema.org\",\"@graph\":[{\"@type\":\"Article\",\"@id\":\"https:\/\/www.dakarmania.cz\/index.php\/2023\/03\/03\/van-beveren-poprve-vyhral-addc\/#article\",\"isPartOf\":{\"@id\":\"https:\/\/www.dakarmania.cz\/index.php\/2023\/03\/03\/van-beveren-poprve-vyhral-addc\/\"},\"author\":{\"name\":\"Zden\u011bk Zelenka\",\"@id\":\"https:\/\/www.dakarmania.cz\/#\/schema\/person\/04eb0e87a389631c2169c0dddae7ff1e\"},\"headline\":\"Van Beveren poprv\u00e9 vyhr\u00e1l ADDC. Price do \u010dela \u0161ampion\u00e1tu\",\"datePublished\":\"2023-03-03T19:05:59+00:00\",\"dateModified\":\"2023-03-04T07:00:51+00:00\",\"mainEntityOfPage\":{\"@id\":\"https:\/\/www.dakarmania.cz\/index.php\/2023\/03\/03\/van-beveren-poprve-vyhral-addc\/\"},\"wordCount\":1033,\"publisher\":{\"@id\":\"https:\/\/www.dakarmania.cz\/#organization\"},\"image\":{\"@id\":\"https:\/\/www.dakarmania.cz\/index.php\/2023\/03\/03\/van-beveren-poprve-vyhral-addc\/#primaryimage\"},\"thumbnailUrl\":\"https:\/\/www.dakarmania.cz\/wp-content\/uploads\/2023\/03\/23-addc-moto-winners-01.jpg\",\"keywords\":[\"2023\",\"Abdulaziz Ahli\",\"ADDC\",\"ADDC 2023\",\"Adrien Van Beveren\",\"GasGas\",\"Hero\",\"Hero MotoSports Team Rally\",\"Honda\",\"Honda Team\",\"Husqvarna\",\"Husqvarna Factory Racing\",\"Jean-Loup Lepan\",\"Jos\u00e9 Ignacio Cornejo\",\"KTM\",\"KTM Factory Racing\",\"Luciano Benavides\",\"Ross Branch\",\"Tobias Ebster\",\"Toby Price\",\"W2RC\",\"W2RC 2023\"],\"articleSection\":[\"Abu Dhabi Desert Challenge\",\"Moto\/Quad\",\"W2RC\"],\"inLanguage\":\"cs\"},{\"@type\":\"WebPage\",\"@id\":\"https:\/\/www.dakarmania.cz\/index.php\/2023\/03\/03\/van-beveren-poprve-vyhral-addc\/\",\"url\":\"https:\/\/www.dakarmania.cz\/index.php\/2023\/03\/03\/van-beveren-poprve-vyhral-addc\/\",\"name\":\"Van Beveren poprv\u00e9 vyhr\u00e1l ADDC. Price do \u010dela \u0161ampion\u00e1tu - DAKARMANIA.cz\",\"isPartOf\":{\"@id\":\"https:\/\/www.dakarmania.cz\/#website\"},\"primaryImageOfPage\":{\"@id\":\"https:\/\/www.dakarmania.cz\/index.php\/2023\/03\/03\/van-beveren-poprve-vyhral-addc\/#primaryimage\"},\"image\":{\"@id\":\"https:\/\/www.dakarmania.cz\/index.php\/2023\/03\/03\/van-beveren-poprve-vyhral-addc\/#primaryimage\"},\"thumbnailUrl\":\"https:\/\/www.dakarmania.cz\/wp-content\/uploads\/2023\/03\/23-addc-moto-winners-01.jpg\",\"datePublished\":\"2023-03-03T19:05:59+00:00\",\"dateModified\":\"2023-03-04T07:00:51+00:00\",\"description\":\"Adrien Van Beveren a Toby Price z\u00e1\u0159ili v c\u00edli Abu Dhabi Desert Challenge 2023 spokojenost\u00ed. Francouz poprv\u00e9 ve sv\u00e9 kari\u00e9\u0159e tuto sout\u011b\u017e vyhr\u00e1l.\",\"breadcrumb\":{\"@id\":\"https:\/\/www.dakarmania.cz\/index.php\/2023\/03\/03\/van-beveren-poprve-vyhral-addc\/#breadcrumb\"},\"inLanguage\":\"cs\",\"potentialAction\":[{\"@type\":\"ReadAction\",\"target\":[\"https:\/\/www.dakarmania.cz\/index.php\/2023\/03\/03\/van-beveren-poprve-vyhral-addc\/\"]}]},{\"@type\":\"ImageObject\",\"inLanguage\":\"cs\",\"@id\":\"https:\/\/www.dakarmania.cz\/index.php\/2023\/03\/03\/van-beveren-poprve-vyhral-addc\/#primaryimage\",\"url\":\"https:\/\/www.dakarmania.cz\/wp-content\/uploads\/2023\/03\/23-addc-moto-winners-01.jpg\",\"contentUrl\":\"https:\/\/www.dakarmania.cz\/wp-content\/uploads\/2023\/03\/23-addc-moto-winners-01.jpg\",\"width\":1024,\"height\":683,\"caption\":\"Luciano Benavides (Husqvarna), Adrien Van Beveren (Honda) a Toby Price (KTM) v c\u00edli posledn\u00ed etapy Abu Dhabi Desert Challenge 2023. \u00a9 ASO\"},{\"@type\":\"BreadcrumbList\",\"@id\":\"https:\/\/www.dakarmania.cz\/index.php\/2023\/03\/03\/van-beveren-poprve-vyhral-addc\/#breadcrumb\",\"itemListElement\":[{\"@type\":\"ListItem\",\"position\":1,\"name\":\"Dom\u016f\",\"item\":\"https:\/\/www.dakarmania.cz\/\"},{\"@type\":\"ListItem\",\"position\":2,\"name\":\"Van Beveren poprv\u00e9 vyhr\u00e1l ADDC. Price do \u010dela \u0161ampion\u00e1tu\"}]},{\"@type\":\"WebSite\",\"@id\":\"https:\/\/www.dakarmania.cz\/#website\",\"url\":\"https:\/\/www.dakarmania.cz\/\",\"name\":\"DAKARMANIA.cz\",\"description\":\"\u017dijeme Dakarem cel\u00fd rok\",\"publisher\":{\"@id\":\"https:\/\/www.dakarmania.cz\/#organization\"},\"potentialAction\":[{\"@type\":\"SearchAction\",\"target\":{\"@type\":\"EntryPoint\",\"urlTemplate\":\"https:\/\/www.dakarmania.cz\/?s={search_term_string}\"},\"query-input\":{\"@type\":\"PropertyValueSpecification\",\"valueRequired\":true,\"valueName\":\"search_term_string\"}}],\"inLanguage\":\"cs\"},{\"@type\":\"Organization\",\"@id\":\"https:\/\/www.dakarmania.cz\/#organization\",\"name\":\"DAKAR MANIA\",\"url\":\"https:\/\/www.dakarmania.cz\/\",\"logo\":{\"@type\":\"ImageObject\",\"inLanguage\":\"cs\",\"@id\":\"https:\/\/www.dakarmania.cz\/#\/schema\/logo\/image\/\",\"url\":\"https:\/\/www.dakarmania.cz\/wp-content\/uploads\/2018\/12\/Dakar-Mania-Logo-Square-Orange.png\",\"contentUrl\":\"https:\/\/www.dakarmania.cz\/wp-content\/uploads\/2018\/12\/Dakar-Mania-Logo-Square-Orange.png\",\"width\":992,\"height\":992,\"caption\":\"DAKAR MANIA\"},\"image\":{\"@id\":\"https:\/\/www.dakarmania.cz\/#\/schema\/logo\/image\/\"},\"sameAs\":[\"https:\/\/www.facebook.com\/dakarmania\/\"]},{\"@type\":\"Person\",\"@id\":\"https:\/\/www.dakarmania.cz\/#\/schema\/person\/04eb0e87a389631c2169c0dddae7ff1e\",\"name\":\"Zden\u011bk Zelenka\",\"image\":{\"@type\":\"ImageObject\",\"inLanguage\":\"cs\",\"@id\":\"https:\/\/www.dakarmania.cz\/#\/schema\/person\/image\/\",\"url\":\"https:\/\/secure.gravatar.com\/avatar\/2c80d5a4942fe0900b73cc7d3837a509d6ee0a276a2b76dac95c92bd0763a89b?s=96&d=mm&r=g\",\"contentUrl\":\"https:\/\/secure.gravatar.com\/avatar\/2c80d5a4942fe0900b73cc7d3837a509d6ee0a276a2b76dac95c92bd0763a89b?s=96&d=mm&r=g\",\"caption\":\"Zden\u011bk Zelenka\"},\"description\":\"Moji d\u011bt\u0161t\u00ed hrdinov\u00e9 se jmenovali Loprais, Moskal, Neveu, Vatanen, Rahier... A tihle borci, jejich n\u00e1sledovn\u00edci a jejich p\u0159\u00edb\u011bhy m\u011b nep\u0159estali fascinovat ani po letech, kdy jsem vyrostl a zam\u011bstn\u00e1valy m\u011b jin\u00e9 discipl\u00edny motorsportu. Proto se zrodila DAKARMANIA.\",\"url\":\"https:\/\/www.dakarmania.cz\/index.php\/author\/dakarmania\/\"}]}<\/script>\n<!-- \/ Yoast SEO plugin. -->","yoast_head_json":{"title":"Van Beveren poprv\u00e9 vyhr\u00e1l ADDC. Price do \u010dela \u0161ampion\u00e1tu - DAKARMANIA.cz","description":"Adrien Van Beveren a Toby Price z\u00e1\u0159ili v c\u00edli Abu Dhabi Desert Challenge 2023 spokojenost\u00ed. Francouz poprv\u00e9 ve sv\u00e9 kari\u00e9\u0159e tuto sout\u011b\u017e vyhr\u00e1l.","robots":{"index":"index","follow":"follow","max-snippet":"max-snippet:-1","max-image-preview":"max-image-preview:large","max-video-preview":"max-video-preview:-1"},"canonical":"https:\/\/www.dakarmania.cz\/index.php\/2023\/03\/03\/van-beveren-poprve-vyhral-addc\/","og_locale":"cs_CZ","og_type":"article","og_title":"Van Beveren poprv\u00e9 vyhr\u00e1l ADDC. Price do \u010dela \u0161ampion\u00e1tu - DAKARMANIA.cz","og_description":"Adrien Van Beveren a Toby Price z\u00e1\u0159ili v c\u00edli Abu Dhabi Desert Challenge 2023 spokojenost\u00ed. Francouz poprv\u00e9 ve sv\u00e9 kari\u00e9\u0159e tuto sout\u011b\u017e vyhr\u00e1l.","og_url":"https:\/\/www.dakarmania.cz\/index.php\/2023\/03\/03\/van-beveren-poprve-vyhral-addc\/","og_site_name":"DAKARMANIA.cz","article_publisher":"https:\/\/www.facebook.com\/dakarmania\/","article_published_time":"2023-03-03T19:05:59+00:00","article_modified_time":"2023-03-04T07:00:51+00:00","og_image":[{"width":1024,"height":683,"url":"https:\/\/www.dakarmania.cz\/wp-content\/uploads\/2023\/03\/23-addc-moto-winners-01.jpg","type":"image\/jpeg"}],"author":"Zden\u011bk Zelenka","twitter_card":"summary_large_image","twitter_misc":{"Napsal(a)":"Zden\u011bk Zelenka","Odhadovan\u00e1 doba \u010dten\u00ed":"5 minut"},"schema":{"@context":"https:\/\/schema.org","@graph":[{"@type":"Article","@id":"https:\/\/www.dakarmania.cz\/index.php\/2023\/03\/03\/van-beveren-poprve-vyhral-addc\/#article","isPartOf":{"@id":"https:\/\/www.dakarmania.cz\/index.php\/2023\/03\/03\/van-beveren-poprve-vyhral-addc\/"},"author":{"name":"Zden\u011bk Zelenka","@id":"https:\/\/www.dakarmania.cz\/#\/schema\/person\/04eb0e87a389631c2169c0dddae7ff1e"},"headline":"Van Beveren poprv\u00e9 vyhr\u00e1l ADDC. Price do \u010dela \u0161ampion\u00e1tu","datePublished":"2023-03-03T19:05:59+00:00","dateModified":"2023-03-04T07:00:51+00:00","mainEntityOfPage":{"@id":"https:\/\/www.dakarmania.cz\/index.php\/2023\/03\/03\/van-beveren-poprve-vyhral-addc\/"},"wordCount":1033,"publisher":{"@id":"https:\/\/www.dakarmania.cz\/#organization"},"image":{"@id":"https:\/\/www.dakarmania.cz\/index.php\/2023\/03\/03\/van-beveren-poprve-vyhral-addc\/#primaryimage"},"thumbnailUrl":"https:\/\/www.dakarmania.cz\/wp-content\/uploads\/2023\/03\/23-addc-moto-winners-01.jpg","keywords":["2023","Abdulaziz Ahli","ADDC","ADDC 2023","Adrien Van Beveren","GasGas","Hero","Hero MotoSports Team Rally","Honda","Honda Team","Husqvarna","Husqvarna Factory Racing","Jean-Loup Lepan","Jos\u00e9 Ignacio Cornejo","KTM","KTM Factory Racing","Luciano Benavides","Ross Branch","Tobias Ebster","Toby Price","W2RC","W2RC 2023"],"articleSection":["Abu Dhabi Desert Challenge","Moto\/Quad","W2RC"],"inLanguage":"cs"},{"@type":"WebPage","@id":"https:\/\/www.dakarmania.cz\/index.php\/2023\/03\/03\/van-beveren-poprve-vyhral-addc\/","url":"https:\/\/www.dakarmania.cz\/index.php\/2023\/03\/03\/van-beveren-poprve-vyhral-addc\/","name":"Van Beveren poprv\u00e9 vyhr\u00e1l ADDC. Price do \u010dela \u0161ampion\u00e1tu - DAKARMANIA.cz","isPartOf":{"@id":"https:\/\/www.dakarmania.cz\/#website"},"primaryImageOfPage":{"@id":"https:\/\/www.dakarmania.cz\/index.php\/2023\/03\/03\/van-beveren-poprve-vyhral-addc\/#primaryimage"},"image":{"@id":"https:\/\/www.dakarmania.cz\/index.php\/2023\/03\/03\/van-beveren-poprve-vyhral-addc\/#primaryimage"},"thumbnailUrl":"https:\/\/www.dakarmania.cz\/wp-content\/uploads\/2023\/03\/23-addc-moto-winners-01.jpg","datePublished":"2023-03-03T19:05:59+00:00","dateModified":"2023-03-04T07:00:51+00:00","description":"Adrien Van Beveren a Toby Price z\u00e1\u0159ili v c\u00edli Abu Dhabi Desert Challenge 2023 spokojenost\u00ed. Francouz poprv\u00e9 ve sv\u00e9 kari\u00e9\u0159e tuto sout\u011b\u017e vyhr\u00e1l.","breadcrumb":{"@id":"https:\/\/www.dakarmania.cz\/index.php\/2023\/03\/03\/van-beveren-poprve-vyhral-addc\/#breadcrumb"},"inLanguage":"cs","potentialAction":[{"@type":"ReadAction","target":["https:\/\/www.dakarmania.cz\/index.php\/2023\/03\/03\/van-beveren-poprve-vyhral-addc\/"]}]},{"@type":"ImageObject","inLanguage":"cs","@id":"https:\/\/www.dakarmania.cz\/index.php\/2023\/03\/03\/van-beveren-poprve-vyhral-addc\/#primaryimage","url":"https:\/\/www.dakarmania.cz\/wp-content\/uploads\/2023\/03\/23-addc-moto-winners-01.jpg","contentUrl":"https:\/\/www.dakarmania.cz\/wp-content\/uploads\/2023\/03\/23-addc-moto-winners-01.jpg","width":1024,"height":683,"caption":"Luciano Benavides (Husqvarna), Adrien Van Beveren (Honda) a Toby Price (KTM) v c\u00edli posledn\u00ed etapy Abu Dhabi Desert Challenge 2023. \u00a9 ASO"},{"@type":"BreadcrumbList","@id":"https:\/\/www.dakarmania.cz\/index.php\/2023\/03\/03\/van-beveren-poprve-vyhral-addc\/#breadcrumb","itemListElement":[{"@type":"ListItem","position":1,"name":"Dom\u016f","item":"https:\/\/www.dakarmania.cz\/"},{"@type":"ListItem","position":2,"name":"Van Beveren poprv\u00e9 vyhr\u00e1l ADDC. Price do \u010dela \u0161ampion\u00e1tu"}]},{"@type":"WebSite","@id":"https:\/\/www.dakarmania.cz\/#website","url":"https:\/\/www.dakarmania.cz\/","name":"DAKARMANIA.cz","description":"\u017dijeme Dakarem cel\u00fd rok","publisher":{"@id":"https:\/\/www.dakarmania.cz\/#organization"},"potentialAction":[{"@type":"SearchAction","target":{"@type":"EntryPoint","urlTemplate":"https:\/\/www.dakarmania.cz\/?s={search_term_string}"},"query-input":{"@type":"PropertyValueSpecification","valueRequired":true,"valueName":"search_term_string"}}],"inLanguage":"cs"},{"@type":"Organization","@id":"https:\/\/www.dakarmania.cz\/#organization","name":"DAKAR MANIA","url":"https:\/\/www.dakarmania.cz\/","logo":{"@type":"ImageObject","inLanguage":"cs","@id":"https:\/\/www.dakarmania.cz\/#\/schema\/logo\/image\/","url":"https:\/\/www.dakarmania.cz\/wp-content\/uploads\/2018\/12\/Dakar-Mania-Logo-Square-Orange.png","contentUrl":"https:\/\/www.dakarmania.cz\/wp-content\/uploads\/2018\/12\/Dakar-Mania-Logo-Square-Orange.png","width":992,"height":992,"caption":"DAKAR MANIA"},"image":{"@id":"https:\/\/www.dakarmania.cz\/#\/schema\/logo\/image\/"},"sameAs":["https:\/\/www.facebook.com\/dakarmania\/"]},{"@type":"Person","@id":"https:\/\/www.dakarmania.cz\/#\/schema\/person\/04eb0e87a389631c2169c0dddae7ff1e","name":"Zden\u011bk Zelenka","image":{"@type":"ImageObject","inLanguage":"cs","@id":"https:\/\/www.dakarmania.cz\/#\/schema\/person\/image\/","url":"https:\/\/secure.gravatar.com\/avatar\/2c80d5a4942fe0900b73cc7d3837a509d6ee0a276a2b76dac95c92bd0763a89b?s=96&d=mm&r=g","contentUrl":"https:\/\/secure.gravatar.com\/avatar\/2c80d5a4942fe0900b73cc7d3837a509d6ee0a276a2b76dac95c92bd0763a89b?s=96&d=mm&r=g","caption":"Zden\u011bk Zelenka"},"description":"Moji d\u011bt\u0161t\u00ed hrdinov\u00e9 se jmenovali Loprais, Moskal, Neveu, Vatanen, Rahier... A tihle borci, jejich n\u00e1sledovn\u00edci a jejich p\u0159\u00edb\u011bhy m\u011b nep\u0159estali fascinovat ani po letech, kdy jsem vyrostl a zam\u011bstn\u00e1valy m\u011b jin\u00e9 discipl\u00edny motorsportu. Proto se zrodila DAKARMANIA.","url":"https:\/\/www.dakarmania.cz\/index.php\/author\/dakarmania\/"}]}},"amp_enabled":true,"_links":{"self":[{"href":"https:\/\/www.dakarmania.cz\/index.php\/wp-json\/wp\/v2\/posts\/25724","targetHints":{"allow":["GET"]}}],"collection":[{"href":"https:\/\/www.dakarmania.cz\/index.php\/wp-json\/wp\/v2\/posts"}],"about":[{"href":"https:\/\/www.dakarmania.cz\/index.php\/wp-json\/wp\/v2\/types\/post"}],"author":[{"embeddable":true,"href":"https:\/\/www.dakarmania.cz\/index.php\/wp-json\/wp\/v2\/users\/1"}],"replies":[{"embeddable":true,"href":"https:\/\/www.dakarmania.cz\/index.php\/wp-json\/wp\/v2\/comments?post=25724"}],"version-history":[{"count":4,"href":"https:\/\/www.dakarmania.cz\/index.php\/wp-json\/wp\/v2\/posts\/25724\/revisions"}],"predecessor-version":[{"id":25729,"href":"https:\/\/www.dakarmania.cz\/index.php\/wp-json\/wp\/v2\/posts\/25724\/revisions\/25729"}],"wp:featuredmedia":[{"embeddable":true,"href":"https:\/\/www.dakarmania.cz\/index.php\/wp-json\/wp\/v2\/media\/25723"}],"wp:attachment":[{"href":"https:\/\/www.dakarmania.cz\/index.php\/wp-json\/wp\/v2\/media?parent=25724"}],"wp:term":[{"taxonomy":"category","embeddable":true,"href":"https:\/\/www.dakarmania.cz\/index.php\/wp-json\/wp\/v2\/categories?post=25724"},{"taxonomy":"post_tag","embeddable":true,"href":"https:\/\/www.dakarmania.cz\/index.php\/wp-json\/wp\/v2\/tags?post=25724"}],"curies":[{"name":"wp","href":"https:\/\/api.w.org\/{rel}","templated":true}]}}