{"id":2617,"date":"2019-02-01T09:38:40","date_gmt":"2019-02-01T09:38:40","guid":{"rendered":"https:\/\/www.dakarmania.cz\/?p=2617"},"modified":"2019-03-19T13:14:39","modified_gmt":"2019-03-19T12:14:39","slug":"jedeme-dal-hlasi-bojovne-mario-kress","status":"publish","type":"post","link":"https:\/\/www.dakarmania.cz\/index.php\/2019\/02\/01\/jedeme-dal-hlasi-bojovne-mario-kress\/","title":{"rendered":"Jedeme d\u00e1l, hl\u00e1s\u00ed bojovn\u011b Mario Kress"},"content":{"rendered":"<p>[vc_row][vc_column][vc_column_text]<\/p>\n<h4>P\u00edsek, p\u00edsek a zase jenom p\u00edsek, nehody na denn\u00edm po\u0159\u00e1dku, technika pod neskute\u010dn\u00fdm n\u00e1porem. Leto\u0161n\u00ed Dakar byl mimo\u0159\u00e1dn\u011b extr\u00e9mn\u00ed a nen\u00ed divu, \u017ee v n\u011bm p\u0159ed\u010dasn\u011b skon\u010dila i \u0159ada adept\u016f na bedu\u00edna. Sm\u016fla se nevyhnula ani severo\u010desk\u00fdm kamion\u016fm z d\u00edlny MKR Technology.<\/h4>\n<p><em>\u201ePo leto\u0161n\u00edm ro\u010dn\u00edku jsem m\u011bl p\u00e1r dn\u016f rozporupln\u00e9 pocity a chvilku mi trvalo, ne\u017e jsem v\u0161e vst\u0159ebal. V\u016fbec se neboj\u00edm \u0159\u00edci, \u017ee jsme byli dob\u0159e p\u0159ipraveni. Ne\u017e jsme na Dakar vyrazili, absolvovali jsme velk\u00e9 mno\u017estv\u00ed test\u016f, sna\u017eili se nic nepodcenit a v p\u0159\u00edprav\u011b byli hodn\u011b precizn\u00ed. Jak ale leto\u0161ek op\u011bt potvrdil, Dakar je hodn\u011b o \u0161t\u011bst\u00ed,\u201c<\/em> poznamenal <strong>Mario Kress<\/strong>, hlavn\u00ed konstrukt\u00e9r z\u00e1vodn\u00edch kamion\u016f Renault Trucks a \u0161\u00e9f rally projektu MKR Adventure.<\/p>\n<p>\u017didovick\u00fd t\u00fdm poslal do sout\u011b\u017ee trojici kamion\u016f, kter\u00e9 pilotovali holand\u0161t\u00ed jezdci Martin van den Brink a Janus van Kasteren z t\u00fdmu Mammoet Rallysport a Gert Huzink z Riwald Dakar. Jen posledn\u00ed jmenovan\u00fd nakonec dojel \u00fasp\u011b\u0161n\u011b do c\u00edle tzv. \u201emal\u00e9ho\u201c Dakaru, v jeho\u017e r\u00e1mci dali po\u0159adatel\u00e9 pro druh\u00fd t\u00fdden \u0161anci t\u011bm, kte\u0159\u00ed nedokon\u010dili prvn\u00ed polovinu sout\u011b\u017ee.<\/p>\n<h4>Huzink t\u0159et\u00ed aspo\u0148 v r\u00e1mci \u201emal\u00e9ho\u201c Dakaru<\/h4>\n<p>Pos\u00e1dky p\u0159itom za\u010daly velmi opatrn\u011b, kdy\u017e v \u00favodn\u00ed etap\u011b p\u0159ijely v\u0161echny t\u0159i kamiony ve druh\u00e9 des\u00edtce s minim\u00e1ln\u00ed ztr\u00e1tou na v\u00edt\u011bzn\u00e9ho Rusa Nikolajeva s kamazem, lo\u0148sk\u00e9ho a p\u0159edlo\u0148sk\u00e9ho \u0161ampiona Dakaru. Prvn\u00ed komplikace ale p\u0159i\u0161ly hned ve druh\u00e9 etap\u011b. Ty potkaly Martina van den Brinka, kter\u00fd se po pot\u00ed\u017e\u00edch s motorem \u010dty\u0159ikr\u00e1t skut\u00e1lel z duny a kamion se stal v tu chv\u00edli na dan\u00e9m m\u00edst\u011b neopraviteln\u00fd. Sen o dobr\u00e9m v\u00fdsledku se rozplynul i pro nejmlad\u0161\u00edho \u00fa\u010dastn\u00edka Dakaru, kter\u00fdm byl pilot\u016fv \u0161estn\u00e1ctilet\u00fd syn Mitchel, je\u017e pro m\u00edsto palubn\u00edho mechanika z\u00edskal pro sv\u016fj premi\u00e9rov\u00fd start celou \u0159adu v\u00fdjimek.[\/vc_column_text][vc_single_image image=&#8221;2616&#8243; img_size=&#8221;large&#8221; add_caption=&#8221;yes&#8221; alignment=&#8221;center&#8221;][vc_column_text]Pozici l\u00eddra pak p\u0159evzal t\u00fdmov\u00fd par\u0165\u00e1k Janus van Kasteren, kter\u00fd se na n\u00e1sleduj\u00edc\u00ed dv\u011b etapy probojoval celkov\u011b do elitn\u00ed des\u00edtky. V etap\u00e1ch si pak dvakr\u00e1t vyjel \u0161estou pozici &#8211; sv\u00e9 osobn\u00ed dakarsk\u00e9 maximum. U\u017e to nav\u00edc vypadalo, \u017ee dvaat\u0159icetilet\u00fd Holan\u010fan nejpresti\u017en\u011bj\u0161\u00ed rally sv\u011bta \u00fasp\u011b\u0161n\u011b zdol\u00e1, ale technika ho zastavila v p\u0159edposledn\u00ed etap\u011b.<\/p>\n<p>Do c\u00edlov\u00e9 Limy se tak nakonec \u201epo sv\u00fdch\u201c dostal pouze Gert Huzink, kter\u00fd z hlavn\u00edho z\u00e1vodu vypadl s d\u00edrou v motoru p\u0159esn\u011b v polovin\u011b z\u00e1vodu p\u0159ed dnem volna. D\u00edky n\u011bmu ale mechanici z MKR Technology dok\u00e1zali motor vym\u011bnit a Huzink pokra\u010doval v \u201emal\u00e9m\u201c Dakaru a\u017e do hlavn\u00edho m\u011bsta Peru jako t\u0159et\u00ed nejlep\u0161\u00ed kamion.<\/p>\n<h4>N\u00e1ro\u010dn\u00e1 rally uk\u00e1zala, kudy d\u00e1l<\/h4>\n<p><em>\u201eTo, s \u010d\u00edm jsme bojovali loni, se n\u00e1m poda\u0159ilo odstranit a vychytat, ale ony se objevily zcela nov\u00e9 pot\u00ed\u017ee. M\u011bli jsme radost, jak v\u0161e \u0161lapalo, ale nakonec n\u00e1s zasko\u010dilo n\u011bco nov\u00e9ho. Sice se st\u00e1le zlep\u0161ujeme, ale chyb\u00ed n\u00e1m zku\u0161enosti, kter\u00e9 m\u00e1 Kamaz nebo De Rooy. V\u017edy\u0165 oni jsou v ter\u00e9nu p\u0159es \u010dtvrt stolet\u00ed. Pro n\u00e1\u0161 kamion to byl teprve p\u00e1t\u00fd Dakar, ale p\u0159esto nepochybuji o tom, \u017ee bychom dok\u00e1zali konkurovat. Dokonce si trouf\u00e1m \u0159\u00edci, \u017ee v Maroku bychom takov\u00e9 pot\u00ed\u017ee s velkou pravd\u011bpodobnost\u00ed nem\u011bli,\u201c<\/em> podotkl Mario Kress a ihned vysv\u011btlil sv\u00e9 domn\u011bnky: <em>\u201eLetos byl Dakar velmi extr\u00e9mn\u00ed. Byl slo\u017een prakticky z p\u00edsku a dun, co\u017e je oproti marock\u00e9 rally pr\u00e1v\u011b ten rozd\u00edl. N\u00e1m toti\u017e d\u011blalo probl\u00e9m pr\u00e1v\u011b sj\u00ed\u017ed\u011bj\u00ed dun. Na tom mus\u00edme zapracovat, proto\u017ee jinak byla s auty spokojenost. Ud\u011blali jsme velk\u00fd pokrok.\u201c<\/em>[\/vc_column_text][vc_single_image image=&#8221;2615&#8243; img_size=&#8221;large&#8221; add_caption=&#8221;yes&#8221; alignment=&#8221;center&#8221;][vc_column_text]\u017de se o n\u00e1ro\u010dnosti leto\u0161n\u00edho ro\u010dn\u00edku neplete, sv\u011bd\u010d\u00ed pouh\u00fd pohled do v\u00fdsledkov\u00e9 listiny. Z v\u00edce ne\u017e \u010dty\u0159iceti kamion\u016f na startu se do c\u00edle dostalo pouh\u00fdch \u010dtrn\u00e1ct. Z celkov\u00e9ho v\u00edt\u011bzstv\u00ed se nakonec radoval Rus Eduard Nikolajev, kter\u00fd z\u00edskal t\u0159et\u00ed zlato v \u0159ad\u011b.<\/p>\n<h4>Zku\u0161enosti pomohou p\u0159i v\u00fdvoji i stavb\u011b \u010dtvrt\u00e9ho vozu<\/h4>\n<p><em>\u201eV\u0161ichni jsme v\u011b\u0159ili v lep\u0161\u00ed v\u00fdsledky, proto n\u00e1mi na m\u00edst\u011b trochu cloumaly emoce, tak\u017ee bylo t\u0159eba je nechat trochu vychladnout a v\u0161e si srovnat v hlav\u011b. Te\u010f s t\u00fddenn\u00edm odstupem u\u017e v\u0161e vid\u00edm zase trochu jinak. Je to pro n\u00e1s velk\u00e1 motivace j\u00edt d\u00e1l. Celou dobu skv\u011ble fungoval n\u00e1\u0161 t\u00fdm. Kluci makali na tis\u00edc procent. Dali do toho v\u0161echno. Na dal\u0161\u00edm zlep\u0161en\u00ed pracujeme spole\u010dn\u011b s Renault Trucks. Analyzujeme motoru a \u0159e\u0161\u00edme probl\u00e9my, kter\u00e9 n\u00e1s potkaly. Velk\u00fd d\u00edk tak\u00e9 pat\u0159\u00ed v\u0161em na\u0161im partner\u016fm, proto\u017ee bez nich bychom nebyli tam, kde jsme. Je to st\u00e1le velk\u00e1 \u0161kola a vid\u00edm, jak se zlep\u0161ujeme,\u201c<\/em> d\u00edv\u00e1 se Mario Kress na v\u011bc pozitivn\u011b.<\/p>\n<p>Leto\u0161n\u00ed 41. ro\u010dn\u00edk Rally Dakar byl cel\u00fd p\u0159ipraven pouze v dun\u00e1ch Peru. V sou\u010dtu na pos\u00e1dky \u010dekalo v jeden\u00e1cti dnech deset etap, p\u0159es p\u011bt a p\u016fl tis\u00edce t\u011b\u017ek\u00fdch peru\u00e1nsk\u00fdch kilometr\u016f a t\u0159i tis\u00edce kilometr\u016f m\u011b\u0159en\u00fdch speci\u00e1lek. Ze sedmdes\u00e1ti procent trasu tvo\u0159ilo p\u00edse\u010dn\u00e9 podlo\u017e\u00ed a zr\u00e1dn\u00e9 duny.[\/vc_column_text][vc_single_image image=&#8221;2614&#8243; img_size=&#8221;large&#8221; add_caption=&#8221;yes&#8221; alignment=&#8221;center&#8221;][vc_column_text]<em>\u201eZ\u00edskali jsme cenn\u00e9 zku\u0161enosti a velk\u00e9 mno\u017estv\u00ed z\u00e1sadn\u00edch dat pro dal\u0161\u00ed v\u00fdvoj. Pozitivn\u011b hodnot\u00edm i krok po\u0159adatel\u016f s n\u00e1padem na \u201amal\u00fd\u2018 Dakar, kdy nechali ve druh\u00e9m t\u00fddnu pokra\u010dovat pos\u00e1dky, kter\u00e9 vypadly v tom prvn\u00edm. D\u00edky tomu jsme z\u00edskali informace, kter\u00e9 te\u010f m\u016f\u017eeme pou\u017e\u00edt,\u201c<\/em> vysv\u011btlil Kress.<\/p>\n<p>P\u0159esto\u017ee leto\u0161n\u00ed Dakar pro t\u00fdm MKR Technology nedopadl zrovna podle p\u0159edstav, dal\u0161\u00ed v\u00fdvoj jen siln\u011b podpo\u0159il.<\/p>\n<p><em>\u201eNesm\u00edme z\u016fstat st\u00e1t se sv\u011b\u0161enou hlavou. V\u017edy\u0165 jsme z\u00edskali \u0159adu nov\u00fdch zku\u0161enost\u00ed, kter\u00e9 te\u010f zase uplatn\u00edme. Za t\u00fdden m\u00e1me jedn\u00e1n\u00ed s piloty, pracujeme na stavb\u011b \u010dtvrt\u00e9ho kamionu a t\u011b\u0161\u00edme se na dal\u0161\u00ed v\u00fdzvy, kter\u00e9 budeme spole\u010dn\u011b p\u0159ekon\u00e1vat. Jedeme d\u00e1l,\u201c<\/em> uzav\u0159el s typicky bojovnou dikc\u00ed hlavn\u00ed konstrukt\u00e9r Mario Kress.<\/p>\n<p>Tiskov\u00e1 zpr\u00e1va MKR Technology (editov\u00e1no)[\/vc_column_text][\/vc_column][\/vc_row]<\/p>\n","protected":false},"excerpt":{"rendered":"<p>[vc_row][vc_column][vc_column_text] P\u00edsek, p\u00edsek a zase jenom p\u00edsek, nehody na denn\u00edm po\u0159\u00e1dku, technika pod neskute\u010dn\u00fdm n\u00e1porem. Leto\u0161n\u00ed Dakar byl mimo\u0159\u00e1dn\u011b extr\u00e9mn\u00ed a nen\u00ed divu, \u017ee v n\u011bm p\u0159ed\u010dasn\u011b skon\u010dila i \u0159ada adept\u016f na bedu\u00edna. Sm\u016fla se nevyhnula ani severo\u010desk\u00fdm kamion\u016fm z d\u00edlny MKR Technology. \u201ePo leto\u0161n\u00edm ro\u010dn\u00edku jsem m\u011bl p\u00e1r dn\u016f rozporupln\u00e9 pocity a chvilku mi [&hellip;]<\/p>\n","protected":false},"author":3,"featured_media":2613,"comment_status":"open","ping_status":"closed","sticky":false,"template":"","format":"standard","meta":{"footnotes":""},"categories":[637],"tags":[8,9,84,80,79,78,88,76,77],"class_list":["post-2617","post","type-post","status-publish","format-standard","has-post-thumbnail","hentry","category-tiskove-zpravy","tag-dakar","tag-dakar-2019","tag-gert-huzink","tag-janus-van-kasteren","tag-mario-kress","tag-martin-van-den-brink","tag-mitchel-van-den-brink","tag-mkr-technology","tag-renault"],"yoast_head":"<!-- This site is optimized with the Yoast SEO plugin v24.9 - https:\/\/yoast.com\/wordpress\/plugins\/seo\/ -->\n<title>Jedeme d\u00e1l, hl\u00e1s\u00ed bojovn\u011b Mario Kress - DAKARMANIA.cz<\/title>\n<meta name=\"description\" content=\"Leto\u0161n\u00ed Dakar byl mimo\u0159\u00e1dn\u011b extr\u00e9mn\u00ed a nen\u00ed divu, \u017ee v n\u011bm p\u0159ed\u010dasn\u011b skon\u010dila i \u0159ada favorit\u016f.. Sm\u016fla se nevyhnula ani kamion\u016fm z d\u00edlny MKR Technology.\" \/>\n<meta name=\"robots\" content=\"index, follow, max-snippet:-1, max-image-preview:large, max-video-preview:-1\" \/>\n<link rel=\"canonical\" href=\"https:\/\/www.dakarmania.cz\/index.php\/2019\/02\/01\/jedeme-dal-hlasi-bojovne-mario-kress\/\" \/>\n<meta property=\"og:locale\" content=\"cs_CZ\" \/>\n<meta property=\"og:type\" content=\"article\" \/>\n<meta property=\"og:title\" content=\"Jedeme d\u00e1l, hl\u00e1s\u00ed bojovn\u011b Mario Kress - DAKARMANIA.cz\" \/>\n<meta property=\"og:description\" content=\"Leto\u0161n\u00ed Dakar byl mimo\u0159\u00e1dn\u011b extr\u00e9mn\u00ed a nen\u00ed divu, \u017ee v n\u011bm p\u0159ed\u010dasn\u011b skon\u010dila i \u0159ada favorit\u016f.. Sm\u016fla se nevyhnula ani kamion\u016fm z d\u00edlny MKR Technology.\" \/>\n<meta property=\"og:url\" content=\"https:\/\/www.dakarmania.cz\/index.php\/2019\/02\/01\/jedeme-dal-hlasi-bojovne-mario-kress\/\" \/>\n<meta property=\"og:site_name\" content=\"DAKARMANIA.cz\" \/>\n<meta property=\"article:publisher\" content=\"https:\/\/www.facebook.com\/dakarmania\/\" \/>\n<meta property=\"article:published_time\" content=\"2019-02-01T09:38:40+00:00\" \/>\n<meta property=\"article:modified_time\" content=\"2019-03-19T12:14:39+00:00\" \/>\n<meta property=\"og:image\" content=\"https:\/\/www.dakarmania.cz\/wp-content\/uploads\/2019\/02\/19-dakar-huzink-25.jpg\" \/>\n\t<meta property=\"og:image:width\" content=\"1600\" \/>\n\t<meta property=\"og:image:height\" content=\"1067\" \/>\n\t<meta property=\"og:image:type\" content=\"image\/jpeg\" \/>\n<meta name=\"author\" content=\"tiskov\u00e1 zpr\u00e1va\" \/>\n<meta name=\"twitter:card\" content=\"summary_large_image\" \/>\n<meta name=\"twitter:label1\" content=\"Napsal(a)\" \/>\n\t<meta name=\"twitter:data1\" content=\"tiskov\u00e1 zpr\u00e1va\" \/>\n\t<meta name=\"twitter:label2\" content=\"Odhadovan\u00e1 doba \u010dten\u00ed\" \/>\n\t<meta name=\"twitter:data2\" content=\"6 minut\" \/>\n<script type=\"application\/ld+json\" class=\"yoast-schema-graph\">{\"@context\":\"https:\/\/schema.org\",\"@graph\":[{\"@type\":\"Article\",\"@id\":\"https:\/\/www.dakarmania.cz\/index.php\/2019\/02\/01\/jedeme-dal-hlasi-bojovne-mario-kress\/#article\",\"isPartOf\":{\"@id\":\"https:\/\/www.dakarmania.cz\/index.php\/2019\/02\/01\/jedeme-dal-hlasi-bojovne-mario-kress\/\"},\"author\":{\"name\":\"tiskov\u00e1 zpr\u00e1va\",\"@id\":\"https:\/\/www.dakarmania.cz\/#\/schema\/person\/bce8d1fe3633b1178e150fc5e340d5dd\"},\"headline\":\"Jedeme d\u00e1l, hl\u00e1s\u00ed bojovn\u011b Mario Kress\",\"datePublished\":\"2019-02-01T09:38:40+00:00\",\"dateModified\":\"2019-03-19T12:14:39+00:00\",\"mainEntityOfPage\":{\"@id\":\"https:\/\/www.dakarmania.cz\/index.php\/2019\/02\/01\/jedeme-dal-hlasi-bojovne-mario-kress\/\"},\"wordCount\":1210,\"commentCount\":0,\"publisher\":{\"@id\":\"https:\/\/www.dakarmania.cz\/#organization\"},\"image\":{\"@id\":\"https:\/\/www.dakarmania.cz\/index.php\/2019\/02\/01\/jedeme-dal-hlasi-bojovne-mario-kress\/#primaryimage\"},\"thumbnailUrl\":\"https:\/\/www.dakarmania.cz\/wp-content\/uploads\/2019\/02\/19-dakar-huzink-25.jpg\",\"keywords\":[\"Dakar\",\"Dakar 2019\",\"Gert Huzink\",\"Janus van Kasteren\",\"Mario Kress\",\"Martin van den Brink\",\"Mitchel van den Brink\",\"MKR Technology\",\"Renault\"],\"articleSection\":[\"Tiskov\u00e9 zpr\u00e1vy\"],\"inLanguage\":\"cs\",\"potentialAction\":[{\"@type\":\"CommentAction\",\"name\":\"Comment\",\"target\":[\"https:\/\/www.dakarmania.cz\/index.php\/2019\/02\/01\/jedeme-dal-hlasi-bojovne-mario-kress\/#respond\"]}]},{\"@type\":\"WebPage\",\"@id\":\"https:\/\/www.dakarmania.cz\/index.php\/2019\/02\/01\/jedeme-dal-hlasi-bojovne-mario-kress\/\",\"url\":\"https:\/\/www.dakarmania.cz\/index.php\/2019\/02\/01\/jedeme-dal-hlasi-bojovne-mario-kress\/\",\"name\":\"Jedeme d\u00e1l, hl\u00e1s\u00ed bojovn\u011b Mario Kress - DAKARMANIA.cz\",\"isPartOf\":{\"@id\":\"https:\/\/www.dakarmania.cz\/#website\"},\"primaryImageOfPage\":{\"@id\":\"https:\/\/www.dakarmania.cz\/index.php\/2019\/02\/01\/jedeme-dal-hlasi-bojovne-mario-kress\/#primaryimage\"},\"image\":{\"@id\":\"https:\/\/www.dakarmania.cz\/index.php\/2019\/02\/01\/jedeme-dal-hlasi-bojovne-mario-kress\/#primaryimage\"},\"thumbnailUrl\":\"https:\/\/www.dakarmania.cz\/wp-content\/uploads\/2019\/02\/19-dakar-huzink-25.jpg\",\"datePublished\":\"2019-02-01T09:38:40+00:00\",\"dateModified\":\"2019-03-19T12:14:39+00:00\",\"description\":\"Leto\u0161n\u00ed Dakar byl mimo\u0159\u00e1dn\u011b extr\u00e9mn\u00ed a nen\u00ed divu, \u017ee v n\u011bm p\u0159ed\u010dasn\u011b skon\u010dila i \u0159ada favorit\u016f.. Sm\u016fla se nevyhnula ani kamion\u016fm z d\u00edlny MKR Technology.\",\"breadcrumb\":{\"@id\":\"https:\/\/www.dakarmania.cz\/index.php\/2019\/02\/01\/jedeme-dal-hlasi-bojovne-mario-kress\/#breadcrumb\"},\"inLanguage\":\"cs\",\"potentialAction\":[{\"@type\":\"ReadAction\",\"target\":[\"https:\/\/www.dakarmania.cz\/index.php\/2019\/02\/01\/jedeme-dal-hlasi-bojovne-mario-kress\/\"]}]},{\"@type\":\"ImageObject\",\"inLanguage\":\"cs\",\"@id\":\"https:\/\/www.dakarmania.cz\/index.php\/2019\/02\/01\/jedeme-dal-hlasi-bojovne-mario-kress\/#primaryimage\",\"url\":\"https:\/\/www.dakarmania.cz\/wp-content\/uploads\/2019\/02\/19-dakar-huzink-25.jpg\",\"contentUrl\":\"https:\/\/www.dakarmania.cz\/wp-content\/uploads\/2019\/02\/19-dakar-huzink-25.jpg\",\"width\":1600,\"height\":1067,\"caption\":\"Gert Huzink\/Rob Buursen\/Martin Roesink, Renault K520, Riwald Dakar Team. Rally Dakar 2019\"},{\"@type\":\"BreadcrumbList\",\"@id\":\"https:\/\/www.dakarmania.cz\/index.php\/2019\/02\/01\/jedeme-dal-hlasi-bojovne-mario-kress\/#breadcrumb\",\"itemListElement\":[{\"@type\":\"ListItem\",\"position\":1,\"name\":\"Dom\u016f\",\"item\":\"https:\/\/www.dakarmania.cz\/\"},{\"@type\":\"ListItem\",\"position\":2,\"name\":\"Jedeme d\u00e1l, hl\u00e1s\u00ed bojovn\u011b Mario Kress\"}]},{\"@type\":\"WebSite\",\"@id\":\"https:\/\/www.dakarmania.cz\/#website\",\"url\":\"https:\/\/www.dakarmania.cz\/\",\"name\":\"DAKARMANIA.cz\",\"description\":\"\u017dijeme Dakarem cel\u00fd rok\",\"publisher\":{\"@id\":\"https:\/\/www.dakarmania.cz\/#organization\"},\"potentialAction\":[{\"@type\":\"SearchAction\",\"target\":{\"@type\":\"EntryPoint\",\"urlTemplate\":\"https:\/\/www.dakarmania.cz\/?s={search_term_string}\"},\"query-input\":{\"@type\":\"PropertyValueSpecification\",\"valueRequired\":true,\"valueName\":\"search_term_string\"}}],\"inLanguage\":\"cs\"},{\"@type\":\"Organization\",\"@id\":\"https:\/\/www.dakarmania.cz\/#organization\",\"name\":\"DAKAR MANIA\",\"url\":\"https:\/\/www.dakarmania.cz\/\",\"logo\":{\"@type\":\"ImageObject\",\"inLanguage\":\"cs\",\"@id\":\"https:\/\/www.dakarmania.cz\/#\/schema\/logo\/image\/\",\"url\":\"https:\/\/www.dakarmania.cz\/wp-content\/uploads\/2018\/12\/Dakar-Mania-Logo-Square-Orange.png\",\"contentUrl\":\"https:\/\/www.dakarmania.cz\/wp-content\/uploads\/2018\/12\/Dakar-Mania-Logo-Square-Orange.png\",\"width\":992,\"height\":992,\"caption\":\"DAKAR MANIA\"},\"image\":{\"@id\":\"https:\/\/www.dakarmania.cz\/#\/schema\/logo\/image\/\"},\"sameAs\":[\"https:\/\/www.facebook.com\/dakarmania\/\"]},{\"@type\":\"Person\",\"@id\":\"https:\/\/www.dakarmania.cz\/#\/schema\/person\/bce8d1fe3633b1178e150fc5e340d5dd\",\"name\":\"tiskov\u00e1 zpr\u00e1va\",\"image\":{\"@type\":\"ImageObject\",\"inLanguage\":\"cs\",\"@id\":\"https:\/\/www.dakarmania.cz\/#\/schema\/person\/image\/\",\"url\":\"https:\/\/secure.gravatar.com\/avatar\/19aefcb6c7bfae691fca4d805686c670f59bb4f7414c7b398b88dc9c8f4e96d5?s=96&d=mm&r=g\",\"contentUrl\":\"https:\/\/secure.gravatar.com\/avatar\/19aefcb6c7bfae691fca4d805686c670f59bb4f7414c7b398b88dc9c8f4e96d5?s=96&d=mm&r=g\",\"caption\":\"tiskov\u00e1 zpr\u00e1va\"},\"url\":\"https:\/\/www.dakarmania.cz\/index.php\/author\/tiskovezpravy\/\"}]}<\/script>\n<!-- \/ Yoast SEO plugin. -->","yoast_head_json":{"title":"Jedeme d\u00e1l, hl\u00e1s\u00ed bojovn\u011b Mario Kress - DAKARMANIA.cz","description":"Leto\u0161n\u00ed Dakar byl mimo\u0159\u00e1dn\u011b extr\u00e9mn\u00ed a nen\u00ed divu, \u017ee v n\u011bm p\u0159ed\u010dasn\u011b skon\u010dila i \u0159ada favorit\u016f.. Sm\u016fla se nevyhnula ani kamion\u016fm z d\u00edlny MKR Technology.","robots":{"index":"index","follow":"follow","max-snippet":"max-snippet:-1","max-image-preview":"max-image-preview:large","max-video-preview":"max-video-preview:-1"},"canonical":"https:\/\/www.dakarmania.cz\/index.php\/2019\/02\/01\/jedeme-dal-hlasi-bojovne-mario-kress\/","og_locale":"cs_CZ","og_type":"article","og_title":"Jedeme d\u00e1l, hl\u00e1s\u00ed bojovn\u011b Mario Kress - DAKARMANIA.cz","og_description":"Leto\u0161n\u00ed Dakar byl mimo\u0159\u00e1dn\u011b extr\u00e9mn\u00ed a nen\u00ed divu, \u017ee v n\u011bm p\u0159ed\u010dasn\u011b skon\u010dila i \u0159ada favorit\u016f.. Sm\u016fla se nevyhnula ani kamion\u016fm z d\u00edlny MKR Technology.","og_url":"https:\/\/www.dakarmania.cz\/index.php\/2019\/02\/01\/jedeme-dal-hlasi-bojovne-mario-kress\/","og_site_name":"DAKARMANIA.cz","article_publisher":"https:\/\/www.facebook.com\/dakarmania\/","article_published_time":"2019-02-01T09:38:40+00:00","article_modified_time":"2019-03-19T12:14:39+00:00","og_image":[{"width":1600,"height":1067,"url":"https:\/\/www.dakarmania.cz\/wp-content\/uploads\/2019\/02\/19-dakar-huzink-25.jpg","type":"image\/jpeg"}],"author":"tiskov\u00e1 zpr\u00e1va","twitter_card":"summary_large_image","twitter_misc":{"Napsal(a)":"tiskov\u00e1 zpr\u00e1va","Odhadovan\u00e1 doba \u010dten\u00ed":"6 minut"},"schema":{"@context":"https:\/\/schema.org","@graph":[{"@type":"Article","@id":"https:\/\/www.dakarmania.cz\/index.php\/2019\/02\/01\/jedeme-dal-hlasi-bojovne-mario-kress\/#article","isPartOf":{"@id":"https:\/\/www.dakarmania.cz\/index.php\/2019\/02\/01\/jedeme-dal-hlasi-bojovne-mario-kress\/"},"author":{"name":"tiskov\u00e1 zpr\u00e1va","@id":"https:\/\/www.dakarmania.cz\/#\/schema\/person\/bce8d1fe3633b1178e150fc5e340d5dd"},"headline":"Jedeme d\u00e1l, hl\u00e1s\u00ed bojovn\u011b Mario Kress","datePublished":"2019-02-01T09:38:40+00:00","dateModified":"2019-03-19T12:14:39+00:00","mainEntityOfPage":{"@id":"https:\/\/www.dakarmania.cz\/index.php\/2019\/02\/01\/jedeme-dal-hlasi-bojovne-mario-kress\/"},"wordCount":1210,"commentCount":0,"publisher":{"@id":"https:\/\/www.dakarmania.cz\/#organization"},"image":{"@id":"https:\/\/www.dakarmania.cz\/index.php\/2019\/02\/01\/jedeme-dal-hlasi-bojovne-mario-kress\/#primaryimage"},"thumbnailUrl":"https:\/\/www.dakarmania.cz\/wp-content\/uploads\/2019\/02\/19-dakar-huzink-25.jpg","keywords":["Dakar","Dakar 2019","Gert Huzink","Janus van Kasteren","Mario Kress","Martin van den Brink","Mitchel van den Brink","MKR Technology","Renault"],"articleSection":["Tiskov\u00e9 zpr\u00e1vy"],"inLanguage":"cs","potentialAction":[{"@type":"CommentAction","name":"Comment","target":["https:\/\/www.dakarmania.cz\/index.php\/2019\/02\/01\/jedeme-dal-hlasi-bojovne-mario-kress\/#respond"]}]},{"@type":"WebPage","@id":"https:\/\/www.dakarmania.cz\/index.php\/2019\/02\/01\/jedeme-dal-hlasi-bojovne-mario-kress\/","url":"https:\/\/www.dakarmania.cz\/index.php\/2019\/02\/01\/jedeme-dal-hlasi-bojovne-mario-kress\/","name":"Jedeme d\u00e1l, hl\u00e1s\u00ed bojovn\u011b Mario Kress - DAKARMANIA.cz","isPartOf":{"@id":"https:\/\/www.dakarmania.cz\/#website"},"primaryImageOfPage":{"@id":"https:\/\/www.dakarmania.cz\/index.php\/2019\/02\/01\/jedeme-dal-hlasi-bojovne-mario-kress\/#primaryimage"},"image":{"@id":"https:\/\/www.dakarmania.cz\/index.php\/2019\/02\/01\/jedeme-dal-hlasi-bojovne-mario-kress\/#primaryimage"},"thumbnailUrl":"https:\/\/www.dakarmania.cz\/wp-content\/uploads\/2019\/02\/19-dakar-huzink-25.jpg","datePublished":"2019-02-01T09:38:40+00:00","dateModified":"2019-03-19T12:14:39+00:00","description":"Leto\u0161n\u00ed Dakar byl mimo\u0159\u00e1dn\u011b extr\u00e9mn\u00ed a nen\u00ed divu, \u017ee v n\u011bm p\u0159ed\u010dasn\u011b skon\u010dila i \u0159ada favorit\u016f.. Sm\u016fla se nevyhnula ani kamion\u016fm z d\u00edlny MKR Technology.","breadcrumb":{"@id":"https:\/\/www.dakarmania.cz\/index.php\/2019\/02\/01\/jedeme-dal-hlasi-bojovne-mario-kress\/#breadcrumb"},"inLanguage":"cs","potentialAction":[{"@type":"ReadAction","target":["https:\/\/www.dakarmania.cz\/index.php\/2019\/02\/01\/jedeme-dal-hlasi-bojovne-mario-kress\/"]}]},{"@type":"ImageObject","inLanguage":"cs","@id":"https:\/\/www.dakarmania.cz\/index.php\/2019\/02\/01\/jedeme-dal-hlasi-bojovne-mario-kress\/#primaryimage","url":"https:\/\/www.dakarmania.cz\/wp-content\/uploads\/2019\/02\/19-dakar-huzink-25.jpg","contentUrl":"https:\/\/www.dakarmania.cz\/wp-content\/uploads\/2019\/02\/19-dakar-huzink-25.jpg","width":1600,"height":1067,"caption":"Gert Huzink\/Rob Buursen\/Martin Roesink, Renault K520, Riwald Dakar Team. Rally Dakar 2019"},{"@type":"BreadcrumbList","@id":"https:\/\/www.dakarmania.cz\/index.php\/2019\/02\/01\/jedeme-dal-hlasi-bojovne-mario-kress\/#breadcrumb","itemListElement":[{"@type":"ListItem","position":1,"name":"Dom\u016f","item":"https:\/\/www.dakarmania.cz\/"},{"@type":"ListItem","position":2,"name":"Jedeme d\u00e1l, hl\u00e1s\u00ed bojovn\u011b Mario Kress"}]},{"@type":"WebSite","@id":"https:\/\/www.dakarmania.cz\/#website","url":"https:\/\/www.dakarmania.cz\/","name":"DAKARMANIA.cz","description":"\u017dijeme Dakarem cel\u00fd rok","publisher":{"@id":"https:\/\/www.dakarmania.cz\/#organization"},"potentialAction":[{"@type":"SearchAction","target":{"@type":"EntryPoint","urlTemplate":"https:\/\/www.dakarmania.cz\/?s={search_term_string}"},"query-input":{"@type":"PropertyValueSpecification","valueRequired":true,"valueName":"search_term_string"}}],"inLanguage":"cs"},{"@type":"Organization","@id":"https:\/\/www.dakarmania.cz\/#organization","name":"DAKAR MANIA","url":"https:\/\/www.dakarmania.cz\/","logo":{"@type":"ImageObject","inLanguage":"cs","@id":"https:\/\/www.dakarmania.cz\/#\/schema\/logo\/image\/","url":"https:\/\/www.dakarmania.cz\/wp-content\/uploads\/2018\/12\/Dakar-Mania-Logo-Square-Orange.png","contentUrl":"https:\/\/www.dakarmania.cz\/wp-content\/uploads\/2018\/12\/Dakar-Mania-Logo-Square-Orange.png","width":992,"height":992,"caption":"DAKAR MANIA"},"image":{"@id":"https:\/\/www.dakarmania.cz\/#\/schema\/logo\/image\/"},"sameAs":["https:\/\/www.facebook.com\/dakarmania\/"]},{"@type":"Person","@id":"https:\/\/www.dakarmania.cz\/#\/schema\/person\/bce8d1fe3633b1178e150fc5e340d5dd","name":"tiskov\u00e1 zpr\u00e1va","image":{"@type":"ImageObject","inLanguage":"cs","@id":"https:\/\/www.dakarmania.cz\/#\/schema\/person\/image\/","url":"https:\/\/secure.gravatar.com\/avatar\/19aefcb6c7bfae691fca4d805686c670f59bb4f7414c7b398b88dc9c8f4e96d5?s=96&d=mm&r=g","contentUrl":"https:\/\/secure.gravatar.com\/avatar\/19aefcb6c7bfae691fca4d805686c670f59bb4f7414c7b398b88dc9c8f4e96d5?s=96&d=mm&r=g","caption":"tiskov\u00e1 zpr\u00e1va"},"url":"https:\/\/www.dakarmania.cz\/index.php\/author\/tiskovezpravy\/"}]}},"amp_enabled":true,"_links":{"self":[{"href":"https:\/\/www.dakarmania.cz\/index.php\/wp-json\/wp\/v2\/posts\/2617","targetHints":{"allow":["GET"]}}],"collection":[{"href":"https:\/\/www.dakarmania.cz\/index.php\/wp-json\/wp\/v2\/posts"}],"about":[{"href":"https:\/\/www.dakarmania.cz\/index.php\/wp-json\/wp\/v2\/types\/post"}],"author":[{"embeddable":true,"href":"https:\/\/www.dakarmania.cz\/index.php\/wp-json\/wp\/v2\/users\/3"}],"replies":[{"embeddable":true,"href":"https:\/\/www.dakarmania.cz\/index.php\/wp-json\/wp\/v2\/comments?post=2617"}],"version-history":[{"count":1,"href":"https:\/\/www.dakarmania.cz\/index.php\/wp-json\/wp\/v2\/posts\/2617\/revisions"}],"predecessor-version":[{"id":2618,"href":"https:\/\/www.dakarmania.cz\/index.php\/wp-json\/wp\/v2\/posts\/2617\/revisions\/2618"}],"wp:featuredmedia":[{"embeddable":true,"href":"https:\/\/www.dakarmania.cz\/index.php\/wp-json\/wp\/v2\/media\/2613"}],"wp:attachment":[{"href":"https:\/\/www.dakarmania.cz\/index.php\/wp-json\/wp\/v2\/media?parent=2617"}],"wp:term":[{"taxonomy":"category","embeddable":true,"href":"https:\/\/www.dakarmania.cz\/index.php\/wp-json\/wp\/v2\/categories?post=2617"},{"taxonomy":"post_tag","embeddable":true,"href":"https:\/\/www.dakarmania.cz\/index.php\/wp-json\/wp\/v2\/tags?post=2617"}],"curies":[{"name":"wp","href":"https:\/\/api.w.org\/{rel}","templated":true}]}}