{"id":26985,"date":"2023-04-24T14:54:12","date_gmt":"2023-04-24T12:54:12","guid":{"rendered":"https:\/\/www.dakarmania.cz\/?p=26985"},"modified":"2023-04-24T16:08:35","modified_gmt":"2023-04-24T14:08:35","slug":"sonora-loeb-potreboval-po-prologu-pomoc-soupere","status":"publish","type":"post","link":"https:\/\/www.dakarmania.cz\/index.php\/2023\/04\/24\/sonora-loeb-potreboval-po-prologu-pomoc-soupere\/","title":{"rendered":"Sonora: Loeb pot\u0159eboval hned po prologu pomoc soupe\u0159e"},"content":{"rendered":"<p>[vc_row][vc_column][vc_column_text css_animation=&#8221;fadeIn&#8221;]<\/p>\n<h3>Mistrovstv\u00ed sv\u011bta v d\u00e1lkov\u00fdch sout\u011b\u017e\u00edch 2023 pokra\u010duje tento t\u00fdden t\u0159et\u00edm podnikem v Mexiku. V prologu Sonora Rally byl v kategorii automobil\u016f nejrychlej\u0161\u00ed Yazeed Al-Rajhi s Toyotou od belgick\u00e9ho Overdrivu.<\/h3>\n<p>[\/vc_column_text][vc_single_image image=&#8221;26984&#8243; img_size=&#8221;large&#8221; add_caption=&#8221;yes&#8221; alignment=&#8221;center&#8221; onclick=&#8221;link_image&#8221; css_animation=&#8221;fadeIn&#8221;][vc_column_text css_animation=&#8221;fadeIn&#8221;]<a href=\"https:\/\/www.dakarmania.cz\/index.php\/2023\/03\/03\/addc-prokop-s-chytkou-obhajili-stribro\/\">V\u00edt\u011bz p\u0159edchoz\u00edho podniku<\/a> sv\u011btov\u00e9ho \u0161ampion\u00e1tu (W2RC), kter\u00fd se jel na p\u0159elomu \u00fanora a b\u0159ezna ve Spojen\u00fdch arabsk\u00fdch emir\u00e1tech, by na desetikilometrov\u00e9 trati o sekundu rychlej\u0161\u00ed ne\u017e \u00fa\u0159aduj\u00edc\u00ed sv\u011btov\u00fd \u0161ampion Nasser Al-Attiyah s tov\u00e1rn\u00edm Hiluxem, jen\u017e Abu Dhabi Desert Challenge (ADDC) <a href=\"https:\/\/www.dakarmania.cz\/index.php\/2023\/03\/01\/addc-al-attiyah-odstupuje-prokop-stoupa\/\">po s\u00e9rii kotrmelc\u016f nedokon\u010dil<\/a>.<\/p>\n<p>Za dvojic\u00ed Toyot se ve v\u00fdsledc\u00edch se\u0159adili Guerlain Chicherit a S\u00e9bastien Loeb. Francouzsk\u00e9 z\u00e1vodn\u00edky, pilotuj\u00edc\u00ed speci\u00e1ly Hunter, d\u011blily v c\u00edli od Al-Rajhiho jen \u010dty\u0159i, resp. osm sekund, p\u0159esto m\u011bli u britsk\u00e9ho Prodrivu spoustu starost\u00ed.<\/p>\n<p>S\u00e9bastien Loeb vedl p\u0159ed Sonora Rally \u0161ampion\u00e1t se \u0161estn\u00e1ctibodov\u00fdm n\u00e1skokem p\u0159ed Al-Attiyahem, ale prvn\u00ed dny v Mexiku pro n\u011bj zat\u00edm \u00fapln\u011b pohodov\u00e9 nebyly. Prvn\u00ed komplikace se objevily u\u017e cestou, kdy\u017e opora t\u00fdmu Bahrain Raid Xteme (BRX) nestihla leteck\u00fd p\u0159\u00edpoj, a vr\u00e1sky na \u010dele p\u0159ibyly t\u00fdmov\u00fdm logistik\u016fm i kv\u016fli n\u00e1hradn\u00edm d\u00edl\u016fm uv\u00edzl\u00fdm v losangelesk\u00e9m p\u0159\u00edstavu. Po prologu m\u011bli pro zm\u011bnu o z\u00e1bavu postar\u00e1no in\u017een\u00fd\u0159i a technici Prodrivu, nebo\u0165 Loeb\u016fv v\u016fz nedorazil do bivaku vlastn\u00edmi silami.<\/p>\n<p>BRX situaci ofici\u00e1ln\u011b nijak nekomentoval, pouze pod\u011bkoval za gesto fair play prost\u0159ednictv\u00edm koment\u00e1\u0159e p\u0159idan\u00e9ho pod videem, kter\u00e9 na sv\u00e9m instagramov\u00e9m profilu zve\u0159ejnil Al-Attiyah\u016fv navig\u00e1tor Mathieu Baumel a z n\u011bho\u017e je patrn\u00e9, \u017ee Kata\u0159anova Toyota na spojovac\u00edm \u00faseku t\u00e1hne rud\u00fd Hunter.[\/vc_column_text][vc_column_text css_animation=&#8221;fadeIn&#8221; css=&#8221;.vc_custom_1682340534528{border-top-width: 1px !important;border-right-width: 1px !important;border-bottom-width: 1px !important;border-left-width: 1px !important;padding-top: 10px !important;padding-right: 10px !important;padding-bottom: 10px !important;padding-left: 10px !important;background-color: #f2f2f2 !important;border-left-color: #ee8027 !important;border-left-style: solid !important;border-right-color: #ee8027 !important;border-right-style: solid !important;border-top-color: #ee8027 !important;border-top-style: solid !important;border-bottom-color: #ee8027 !important;border-bottom-style: solid !important;border-radius: 1px !important;}&#8221;]<\/p>\n<table style=\"border-collapse: collapse; width: 97.7654%;\" cellpadding=\"4px\">\n<tbody>\n<tr>\n<td style=\"vertical-align: top; width: 25%;\"><a href=\"https:\/\/eshop.dakarmania.cz\/sberatelske-modely\/\"><img loading=\"lazy\" decoding=\"async\" class=\"size-medium wp-image-26936 aligncenter\" src=\"\/wp-content\/uploads\/2023\/04\/norev-shinozuka-dakar-1992.jpg\" alt=\"E-shop DAKARMANIA | Sb\u011bratelsk\u00e9 modely\" width=\"150\" height=\"150\" \/><\/a><\/td>\n<td style=\"vertical-align: center; width: 50%; text-align: center;\"><span style=\"font-size: 9pt;\"><strong><a href=\"https:\/\/eshop.dakarmania.cz\/sberatelske-modely\/\">nov\u011b v na\u0161em e-shopu<\/a><\/strong><\/span><br \/>\n<span style=\"font-size: 13pt;\"><strong><a href=\"https:\/\/eshop.dakarmania.cz\/sberatelske-modely\/\">SB\u011aRATELSK\u00c9 MODELY<\/a><\/strong><\/span><br \/>\n<span style=\"font-size: 9pt;\"><strong><a href=\"https:\/\/eshop.dakarmania.cz\/sberatelske-modely\/\">eshop.dakarmania.cz<\/a><\/strong><\/span><\/td>\n<td style=\"vertical-align: top; width: 25%;\"><a href=\"https:\/\/eshop.dakarmania.cz\/sberatelske-modely\/\"><img loading=\"lazy\" decoding=\"async\" class=\"size-medium wp-image-26964 aligncenter\" src=\"\/wp-content\/uploads\/2023\/04\/spark-peterhansel-addc-2022b.jpg\" alt=\"E-shop DAKARMANIA | Sb\u011bratelsk\u00e9 modely\" width=\"150\" height=\"150\" \/><\/a><\/td>\n<\/tr>\n<\/tbody>\n<\/table>\n<p>[\/vc_column_text][vc_column_text css_animation=&#8221;fadeIn&#8221;]Na z\u00e1klad\u011b volby startovn\u00edho po\u0159ad\u00ed, jeho\u017e se po prologu \u00fa\u010dastn\u00ed deset nejrychlej\u0161\u00edch pos\u00e1dek, odstartuje Loeb do \u00favodn\u00ed dlouh\u00e9 etapy jako prvn\u00ed, n\u00e1sledovan\u00fd Chicheritem. Al-Attiyah a Al-Rajhi, kte\u0159\u00ed si vyb\u00edrali jako posledn\u00ed, vsadili na v\u011bt\u0161\u00ed jistotu a na tra\u0165 se vydaj\u00ed a\u017e za ob\u011bma Huntery.<\/p>\n<p>Pr\u016fb\u011b\u017en\u011b p\u00e1t\u00fd je po prologu Argentinec Sebasti\u00e1n Halpern s nov\u00fdm Mini JCW Rally Plus, \u0161est\u00e1 p\u0159\u00ed\u010dka pat\u0159\u00ed Brazilci Marcosi Baumgartovi, kter\u00fd \u2013 stejn\u011b jako jeho bratr Cristian \u2013 debutuje ve sv\u011btov\u00e9m \u0161ampion\u00e1tu za volantem Hunteru v barv\u00e1ch brazilsk\u00e9ho X Rally Teamu. T\u00fdm brat\u0159\u00ed Baumgartov\u00fdch se na spolupr\u00e1ci s Prodrivem dohodl na po\u010d\u00e1tku roku a s Huntery by se m\u011bl v n\u00e1sleduj\u00edc\u00edch m\u011bs\u00edc\u00edch p\u0159edstavit ve W2RC, v brazilsk\u00e9m \u0161ampion\u00e1tu, ale snad i v Evrop\u011b.<\/p>\n<p>Celkov\u011b sedm\u00fd a nejrychlej\u0161\u00ed ve skupin\u011b T3 byl na kr\u00e1tk\u00e9m \u00favodn\u00edm testu Ameri\u010dan Mitch Guthrie s buginou MCE-5 T3M. Jezdec Red Bull Off-Road Junior Teamu porazil o pouhou desetinu sekundy Portugalce Jo\u00e3o Ferreiru s Yamahou od X-raidu. T\u0159et\u00ed m\u00edsto mezi lehk\u00fdmi prototypy (+1,9 s) obsadil \u0160v\u00e9d Mattias Ekstr\u00f6m, startuj\u00edc\u00ed podruh\u00e9 v \u0159ad\u011b s Can-Amem od South Racingu.[\/vc_column_text][vc_single_image image=&#8221;26983&#8243; img_size=&#8221;large&#8221; add_caption=&#8221;yes&#8221; alignment=&#8221;center&#8221; onclick=&#8221;link_image&#8221; css_animation=&#8221;fadeIn&#8221;][vc_column_text css_animation=&#8221;fadeIn&#8221;]Na dal\u0161\u00edch pozic\u00edch po prologu figuruj\u00ed vedouc\u00ed mu\u017e pr\u016fb\u011b\u017en\u00e9ho hodnocen\u00ed \u0161ampion\u00e1tu Seth Quintero a jeho lo\u0148sk\u00fd v\u00edt\u011bz Chaleco L\u00f3pez (oba Can-Am), jen\u017e p\u0159edchoz\u00ed podnik v Emir\u00e1tech vynechal, kdy\u017e po narozen\u00ed t\u0159et\u00edho potomka dal p\u0159ed z\u00e1vod\u011bn\u00edm p\u0159ednost \u010dasu str\u00e1ven\u00e9mu s rodinou.<\/p>\n<p>Ze \u010dtve\u0159ice pilot\u016f bugin skupiny T4 (s\u00e9riov\u00e1 SSV) vstoupil do sout\u011b\u017ee nejl\u00e9pe l\u00eddr \u0161ampion\u00e1tu Rokas Baciu\u0161ka z Litvy, kter\u00fd na druh\u00e9ho Eduarda Ponse (oba Can-Am) najel 24 sekund.<\/p>\n<p>Od pond\u011bl\u00ed do p\u00e1tku pokra\u010duje Sonora Rally 2023 p\u011bti etapami v mexick\u00e9 pou\u0161ti, jej\u00ed\u017e kouzlo i z\u00e1ludnosti bude v\u011bt\u0161ina \u00fa\u010dastn\u00edk\u016f sv\u011btov\u00e9ho \u0161ampion\u00e1tu v d\u00e1lkov\u00fdch rally teprve objevovat.<\/p>\n<p><em>\u201ePrvn\u00edm specifikem, kter\u00e9 pravideln\u00ed \u00fa\u010dastn\u00edci W2RC post\u0159ehnou, budou kaktusy, kter\u00e9 jsou sou\u010d\u00e1st\u00ed zdej\u0161\u00ed scen\u00e9rie, ale tak\u00e9 rizikem pro motork\u00e1\u0159e, \u010dty\u0159kolk\u00e1\u0159e i mal\u00e9 buginy, proto\u017ee nen\u00ed \u017e\u00e1dnou v\u00fdjimkou, \u017ee jsou opravdu bl\u00edzko u trati. Motork\u00e1\u0159i mohou skon\u010dit pokryti kusy \u201ask\u00e1kaj\u00edc\u00edch kaktus\u016f\u2018, kter\u00e9 v\u011bd\u00ed, jak se br\u00e1nit,\u201c<\/em> varuje p\u0159ed zvl\u00e1\u0161tn\u00edm druhem kaktusu, kter\u00fd u\u017e p\u0159i letm\u00e9m doteku vymr\u0161\u0165uje odlomenou \u010d\u00e1st, <strong>Jean-Paul Cottret<\/strong>, jen\u017e od roku 2020 pracuje pro spole\u010dnost Amaury Sport Organisation a jako \u010dlen po\u0159adatelsk\u00fdch pos\u00e1dek prov\u00e1d\u00ed posledn\u00ed kontrolu vyty\u010den\u00e9 trati jak p\u0159i Rally Dakar, tak p\u0159i ostatn\u00edch podnic\u00edch W2RC.[\/vc_column_text][vc_single_image image=&#8221;26982&#8243; img_size=&#8221;large&#8221; add_caption=&#8221;yes&#8221; alignment=&#8221;center&#8221; onclick=&#8221;link_image&#8221; css_animation=&#8221;fadeIn&#8221;][vc_column_text css_animation=&#8221;fadeIn&#8221;]<em>\u201eJe zde tak\u00e9 spousta plot\u016f, ohrad a bran v t\u011bchto ohrad\u00e1ch. N\u011bco podobn\u00e9ho zn\u00e1me ze \u0160pan\u011blska, kde se s nimi setk\u00e1v\u00e1me p\u0159i baj\u00e1ch nebo p\u0159i Andaluc\u00eda Rally. Nejv\u00edc jich bude v prvn\u00ed etap\u011b, kter\u00e1 bude d\u00edky fe\u0161-fe\u0161i i hodn\u011b pra\u0161n\u00e1.\u201c<\/em><\/p>\n<p><em>\u201eV dal\u0161\u00edch etap\u00e1ch bude ter\u00e9n sp\u00ed\u0161e otev\u0159en\u00fd, podklad bude p\u00eds\u010dit\u011bj\u0161\u00ed a rychlosti budou vy\u0161\u0161\u00ed, ne\u017e jsme zvykl\u00ed, proto\u017ee je tu v\u00edce rovinek. Nicm\u00e9n\u011b vozy t\u0159\u00eddy T1+ by zde m\u011bly b\u00fdt ve sv\u00e9m \u017eivlu, proto\u017ee p\u0159i americk\u00fdch z\u00e1vodech, kter\u00e9 se tu dosud jezdily, se pou\u017e\u00edvaj\u00ed stejn\u00e9 sedmat\u0159icetipalcov\u00e9 pneumatiky a odpru\u017een\u00ed s velk\u00fdm zdvihem.\u201c<\/em><\/p>\n<p><em>\u201eTrat\u011b jsou celkem dob\u0159e viditeln\u00e9, ale zele\u0148 v tomto obdob\u00ed roste rychle a m\u016f\u017ee stopy skr\u00fdt. P\u0159i navigaci bude d\u016fle\u017eit\u00e9 neztratit stopu, proto\u017ee mezi kaktusy se d\u00e1 snadno zamotat. Rozhodn\u011b bych jezdc\u016fm doporu\u010dil, aby nebyli tvrdohlav\u00ed a neriskovali uv\u00edznut\u00ed. M\u00e1 rada? Nebu\u010fte lehkomysln\u00ed,\u201c<\/em> uzav\u00edr\u00e1 b\u00fdval\u00fd spolujezdec St\u00e9phana Peterhansela.<\/p>\n<p>V pond\u011bl\u00ed 24. dubna je na programu \u00favodn\u00ed etap\u011b se startem a c\u00edlem v Hermosillu. Celkem m\u011b\u0159\u00ed 333 kilometr\u016f, z nich\u017e se 168 km pojede jako rychlostn\u00ed zkou\u0161ka.[\/vc_column_text][vc_empty_space height=&#8221;2px&#8221;][\/vc_column][\/vc_row]<\/p>\n","protected":false},"excerpt":{"rendered":"<p>Mistrovstv\u00ed sv\u011bta v d\u00e1lkov\u00fdch sout\u011b\u017e\u00edch 2023 pokra\u010duje t\u0159et\u00edm podnikem v Mexiku. V prologu Sonora Rally byl nejrychlej\u0161\u00ed Yazeed Al-Rajhi.<\/p>\n","protected":false},"author":1,"featured_media":26984,"comment_status":"closed","ping_status":"closed","sticky":false,"template":"","format":"standard","meta":{"footnotes":""},"categories":[3,2043,1992],"tags":[1705,2045,1740,95,212,2047,2051,2005,1926,1187,2050,2046,204,1815,2049,219,1861,203,326,1694,1770,2009,1972,207,1633,673,2044,458,201,202,1993,1994,2048,220,168,327],"class_list":["post-26985","post","type-post","status-publish","format-standard","has-post-thumbnail","hentry","category-auto","category-sonora-rally","category-w2rc","tag-1705","tag-bahrain-raid-xteme","tag-brx","tag-can-am","tag-chaleco-lopez","tag-cristian-baumgart","tag-eduardo-pons","tag-gck-motorsport","tag-guerlain-chicherit","tag-jean-paul-cottret","tag-joao-ferreira","tag-marcos-baumgart","tag-mathieu-baumel","tag-mattias-ekstrom","tag-mce-5","tag-mini","tag-mitch-guthrie","tag-nasser-al-attiyah","tag-overdrive-racing","tag-prodrive","tag-red-bull-off-road-junior-team","tag-rokas-baciuska","tag-sebastian-halpern","tag-sebastien-loeb","tag-seth-quintero","tag-sonora-rally","tag-sonora-rally-2023","tag-south-racing","tag-toyota","tag-toyota-gazoo-racing","tag-w2rc","tag-w2rc-2023","tag-x-rally-team","tag-x-raid","tag-yamaha","tag-yazeed-al-rajhi"],"yoast_head":"<!-- This site is optimized with the Yoast SEO plugin v24.9 - https:\/\/yoast.com\/wordpress\/plugins\/seo\/ -->\n<title>Sonora: Loeb pot\u0159eboval hned po prologu pomoc soupe\u0159e - DAKARMANIA.cz<\/title>\n<meta name=\"description\" content=\"Mistrovstv\u00ed sv\u011bta v d\u00e1lkov\u00fdch sout\u011b\u017e\u00edch 2023 pokra\u010duje t\u0159et\u00edm podnikem v Mexiku. V prologu Sonora Rally byl nejrychlej\u0161\u00ed Yazeed Al-Rajhi.\" \/>\n<meta name=\"robots\" content=\"index, follow, max-snippet:-1, max-image-preview:large, max-video-preview:-1\" \/>\n<link rel=\"canonical\" href=\"https:\/\/www.dakarmania.cz\/index.php\/2023\/04\/24\/sonora-loeb-potreboval-po-prologu-pomoc-soupere\/\" \/>\n<meta property=\"og:locale\" content=\"cs_CZ\" \/>\n<meta property=\"og:type\" content=\"article\" \/>\n<meta property=\"og:title\" content=\"Sonora: Loeb pot\u0159eboval hned po prologu pomoc soupe\u0159e - DAKARMANIA.cz\" \/>\n<meta property=\"og:description\" content=\"Mistrovstv\u00ed sv\u011bta v d\u00e1lkov\u00fdch sout\u011b\u017e\u00edch 2023 pokra\u010duje t\u0159et\u00edm podnikem v Mexiku. V prologu Sonora Rally byl nejrychlej\u0161\u00ed Yazeed Al-Rajhi.\" \/>\n<meta property=\"og:url\" content=\"https:\/\/www.dakarmania.cz\/index.php\/2023\/04\/24\/sonora-loeb-potreboval-po-prologu-pomoc-soupere\/\" \/>\n<meta property=\"og:site_name\" content=\"DAKARMANIA.cz\" \/>\n<meta property=\"article:publisher\" content=\"https:\/\/www.facebook.com\/dakarmania\/\" \/>\n<meta property=\"article:published_time\" content=\"2023-04-24T12:54:12+00:00\" \/>\n<meta property=\"article:modified_time\" content=\"2023-04-24T14:08:35+00:00\" \/>\n<meta property=\"og:image\" content=\"https:\/\/www.dakarmania.cz\/wp-content\/uploads\/2023\/04\/23-sonora-loeb-01.jpg\" \/>\n\t<meta property=\"og:image:width\" content=\"1024\" \/>\n\t<meta property=\"og:image:height\" content=\"683\" \/>\n\t<meta property=\"og:image:type\" content=\"image\/jpeg\" \/>\n<meta name=\"author\" content=\"Zden\u011bk Zelenka\" \/>\n<meta name=\"twitter:card\" content=\"summary_large_image\" \/>\n<meta name=\"twitter:label1\" content=\"Napsal(a)\" \/>\n\t<meta name=\"twitter:data1\" content=\"Zden\u011bk Zelenka\" \/>\n\t<meta name=\"twitter:label2\" content=\"Odhadovan\u00e1 doba \u010dten\u00ed\" \/>\n\t<meta name=\"twitter:data2\" content=\"5 minut\" \/>\n<script type=\"application\/ld+json\" class=\"yoast-schema-graph\">{\"@context\":\"https:\/\/schema.org\",\"@graph\":[{\"@type\":\"Article\",\"@id\":\"https:\/\/www.dakarmania.cz\/index.php\/2023\/04\/24\/sonora-loeb-potreboval-po-prologu-pomoc-soupere\/#article\",\"isPartOf\":{\"@id\":\"https:\/\/www.dakarmania.cz\/index.php\/2023\/04\/24\/sonora-loeb-potreboval-po-prologu-pomoc-soupere\/\"},\"author\":{\"name\":\"Zden\u011bk Zelenka\",\"@id\":\"https:\/\/www.dakarmania.cz\/#\/schema\/person\/04eb0e87a389631c2169c0dddae7ff1e\"},\"headline\":\"Sonora: Loeb pot\u0159eboval hned po prologu pomoc soupe\u0159e\",\"datePublished\":\"2023-04-24T12:54:12+00:00\",\"dateModified\":\"2023-04-24T14:08:35+00:00\",\"mainEntityOfPage\":{\"@id\":\"https:\/\/www.dakarmania.cz\/index.php\/2023\/04\/24\/sonora-loeb-potreboval-po-prologu-pomoc-soupere\/\"},\"wordCount\":1213,\"publisher\":{\"@id\":\"https:\/\/www.dakarmania.cz\/#organization\"},\"image\":{\"@id\":\"https:\/\/www.dakarmania.cz\/index.php\/2023\/04\/24\/sonora-loeb-potreboval-po-prologu-pomoc-soupere\/#primaryimage\"},\"thumbnailUrl\":\"https:\/\/www.dakarmania.cz\/wp-content\/uploads\/2023\/04\/23-sonora-loeb-01.jpg\",\"keywords\":[\"2023\",\"Bahrain Raid Xteme\",\"BRX\",\"Can-Am\",\"Chaleco L\u00f3pez\",\"Cristian Baumgart\",\"Eduardo Pons\",\"GCK Motorsport\",\"Guerlain Chicherit\",\"Jean-Paul Cottret\",\"Jo\u00e3o Ferreira\",\"Marcos Baumgart\",\"Mathieu Baumel\",\"Mattias Ekstr\u00f6m\",\"MCE-5\",\"Mini\",\"Mitch Guthrie\",\"Nasser Al-Attiyah\",\"Overdrive Racing\",\"Prodrive\",\"Red Bull Off-Road Junior Team\",\"Rokas Baciu\u0161ka\",\"Sebasti\u00e1n Halpern\",\"S\u00e9bastien Loeb\",\"Seth Quintero\",\"Sonora Rally\",\"Sonora Rally 2023\",\"South Racing\",\"Toyota\",\"Toyota Gazoo Racing\",\"W2RC\",\"W2RC 2023\",\"X Rally Team\",\"X-raid\",\"Yamaha\",\"Yazeed Al-Rajhi\"],\"articleSection\":[\"Auto\",\"Sonora Rally\",\"W2RC\"],\"inLanguage\":\"cs\"},{\"@type\":\"WebPage\",\"@id\":\"https:\/\/www.dakarmania.cz\/index.php\/2023\/04\/24\/sonora-loeb-potreboval-po-prologu-pomoc-soupere\/\",\"url\":\"https:\/\/www.dakarmania.cz\/index.php\/2023\/04\/24\/sonora-loeb-potreboval-po-prologu-pomoc-soupere\/\",\"name\":\"Sonora: Loeb pot\u0159eboval hned po prologu pomoc soupe\u0159e - DAKARMANIA.cz\",\"isPartOf\":{\"@id\":\"https:\/\/www.dakarmania.cz\/#website\"},\"primaryImageOfPage\":{\"@id\":\"https:\/\/www.dakarmania.cz\/index.php\/2023\/04\/24\/sonora-loeb-potreboval-po-prologu-pomoc-soupere\/#primaryimage\"},\"image\":{\"@id\":\"https:\/\/www.dakarmania.cz\/index.php\/2023\/04\/24\/sonora-loeb-potreboval-po-prologu-pomoc-soupere\/#primaryimage\"},\"thumbnailUrl\":\"https:\/\/www.dakarmania.cz\/wp-content\/uploads\/2023\/04\/23-sonora-loeb-01.jpg\",\"datePublished\":\"2023-04-24T12:54:12+00:00\",\"dateModified\":\"2023-04-24T14:08:35+00:00\",\"description\":\"Mistrovstv\u00ed sv\u011bta v d\u00e1lkov\u00fdch sout\u011b\u017e\u00edch 2023 pokra\u010duje t\u0159et\u00edm podnikem v Mexiku. V prologu Sonora Rally byl nejrychlej\u0161\u00ed Yazeed Al-Rajhi.\",\"breadcrumb\":{\"@id\":\"https:\/\/www.dakarmania.cz\/index.php\/2023\/04\/24\/sonora-loeb-potreboval-po-prologu-pomoc-soupere\/#breadcrumb\"},\"inLanguage\":\"cs\",\"potentialAction\":[{\"@type\":\"ReadAction\",\"target\":[\"https:\/\/www.dakarmania.cz\/index.php\/2023\/04\/24\/sonora-loeb-potreboval-po-prologu-pomoc-soupere\/\"]}]},{\"@type\":\"ImageObject\",\"inLanguage\":\"cs\",\"@id\":\"https:\/\/www.dakarmania.cz\/index.php\/2023\/04\/24\/sonora-loeb-potreboval-po-prologu-pomoc-soupere\/#primaryimage\",\"url\":\"https:\/\/www.dakarmania.cz\/wp-content\/uploads\/2023\/04\/23-sonora-loeb-01.jpg\",\"contentUrl\":\"https:\/\/www.dakarmania.cz\/wp-content\/uploads\/2023\/04\/23-sonora-loeb-01.jpg\",\"width\":1024,\"height\":683,\"caption\":\"S\u00e9bastien Loeb \/ Fabian Lurquin, Prodrive Hunter, Bahrain Raid Xtreme. Sonora Rally 2023. \u00a9 ASO\/DPPI\"},{\"@type\":\"BreadcrumbList\",\"@id\":\"https:\/\/www.dakarmania.cz\/index.php\/2023\/04\/24\/sonora-loeb-potreboval-po-prologu-pomoc-soupere\/#breadcrumb\",\"itemListElement\":[{\"@type\":\"ListItem\",\"position\":1,\"name\":\"Dom\u016f\",\"item\":\"https:\/\/www.dakarmania.cz\/\"},{\"@type\":\"ListItem\",\"position\":2,\"name\":\"Sonora: Loeb pot\u0159eboval hned po prologu pomoc soupe\u0159e\"}]},{\"@type\":\"WebSite\",\"@id\":\"https:\/\/www.dakarmania.cz\/#website\",\"url\":\"https:\/\/www.dakarmania.cz\/\",\"name\":\"DAKARMANIA.cz\",\"description\":\"\u017dijeme Dakarem cel\u00fd rok\",\"publisher\":{\"@id\":\"https:\/\/www.dakarmania.cz\/#organization\"},\"potentialAction\":[{\"@type\":\"SearchAction\",\"target\":{\"@type\":\"EntryPoint\",\"urlTemplate\":\"https:\/\/www.dakarmania.cz\/?s={search_term_string}\"},\"query-input\":{\"@type\":\"PropertyValueSpecification\",\"valueRequired\":true,\"valueName\":\"search_term_string\"}}],\"inLanguage\":\"cs\"},{\"@type\":\"Organization\",\"@id\":\"https:\/\/www.dakarmania.cz\/#organization\",\"name\":\"DAKAR MANIA\",\"url\":\"https:\/\/www.dakarmania.cz\/\",\"logo\":{\"@type\":\"ImageObject\",\"inLanguage\":\"cs\",\"@id\":\"https:\/\/www.dakarmania.cz\/#\/schema\/logo\/image\/\",\"url\":\"https:\/\/www.dakarmania.cz\/wp-content\/uploads\/2018\/12\/Dakar-Mania-Logo-Square-Orange.png\",\"contentUrl\":\"https:\/\/www.dakarmania.cz\/wp-content\/uploads\/2018\/12\/Dakar-Mania-Logo-Square-Orange.png\",\"width\":992,\"height\":992,\"caption\":\"DAKAR MANIA\"},\"image\":{\"@id\":\"https:\/\/www.dakarmania.cz\/#\/schema\/logo\/image\/\"},\"sameAs\":[\"https:\/\/www.facebook.com\/dakarmania\/\"]},{\"@type\":\"Person\",\"@id\":\"https:\/\/www.dakarmania.cz\/#\/schema\/person\/04eb0e87a389631c2169c0dddae7ff1e\",\"name\":\"Zden\u011bk Zelenka\",\"image\":{\"@type\":\"ImageObject\",\"inLanguage\":\"cs\",\"@id\":\"https:\/\/www.dakarmania.cz\/#\/schema\/person\/image\/\",\"url\":\"https:\/\/secure.gravatar.com\/avatar\/2c80d5a4942fe0900b73cc7d3837a509d6ee0a276a2b76dac95c92bd0763a89b?s=96&d=mm&r=g\",\"contentUrl\":\"https:\/\/secure.gravatar.com\/avatar\/2c80d5a4942fe0900b73cc7d3837a509d6ee0a276a2b76dac95c92bd0763a89b?s=96&d=mm&r=g\",\"caption\":\"Zden\u011bk Zelenka\"},\"description\":\"Moji d\u011bt\u0161t\u00ed hrdinov\u00e9 se jmenovali Loprais, Moskal, Neveu, Vatanen, Rahier... A tihle borci, jejich n\u00e1sledovn\u00edci a jejich p\u0159\u00edb\u011bhy m\u011b nep\u0159estali fascinovat ani po letech, kdy jsem vyrostl a zam\u011bstn\u00e1valy m\u011b jin\u00e9 discipl\u00edny motorsportu. Proto se zrodila DAKARMANIA.\",\"url\":\"https:\/\/www.dakarmania.cz\/index.php\/author\/dakarmania\/\"}]}<\/script>\n<!-- \/ Yoast SEO plugin. -->","yoast_head_json":{"title":"Sonora: Loeb pot\u0159eboval hned po prologu pomoc soupe\u0159e - DAKARMANIA.cz","description":"Mistrovstv\u00ed sv\u011bta v d\u00e1lkov\u00fdch sout\u011b\u017e\u00edch 2023 pokra\u010duje t\u0159et\u00edm podnikem v Mexiku. V prologu Sonora Rally byl nejrychlej\u0161\u00ed Yazeed Al-Rajhi.","robots":{"index":"index","follow":"follow","max-snippet":"max-snippet:-1","max-image-preview":"max-image-preview:large","max-video-preview":"max-video-preview:-1"},"canonical":"https:\/\/www.dakarmania.cz\/index.php\/2023\/04\/24\/sonora-loeb-potreboval-po-prologu-pomoc-soupere\/","og_locale":"cs_CZ","og_type":"article","og_title":"Sonora: Loeb pot\u0159eboval hned po prologu pomoc soupe\u0159e - DAKARMANIA.cz","og_description":"Mistrovstv\u00ed sv\u011bta v d\u00e1lkov\u00fdch sout\u011b\u017e\u00edch 2023 pokra\u010duje t\u0159et\u00edm podnikem v Mexiku. V prologu Sonora Rally byl nejrychlej\u0161\u00ed Yazeed Al-Rajhi.","og_url":"https:\/\/www.dakarmania.cz\/index.php\/2023\/04\/24\/sonora-loeb-potreboval-po-prologu-pomoc-soupere\/","og_site_name":"DAKARMANIA.cz","article_publisher":"https:\/\/www.facebook.com\/dakarmania\/","article_published_time":"2023-04-24T12:54:12+00:00","article_modified_time":"2023-04-24T14:08:35+00:00","og_image":[{"width":1024,"height":683,"url":"https:\/\/www.dakarmania.cz\/wp-content\/uploads\/2023\/04\/23-sonora-loeb-01.jpg","type":"image\/jpeg"}],"author":"Zden\u011bk Zelenka","twitter_card":"summary_large_image","twitter_misc":{"Napsal(a)":"Zden\u011bk Zelenka","Odhadovan\u00e1 doba \u010dten\u00ed":"5 minut"},"schema":{"@context":"https:\/\/schema.org","@graph":[{"@type":"Article","@id":"https:\/\/www.dakarmania.cz\/index.php\/2023\/04\/24\/sonora-loeb-potreboval-po-prologu-pomoc-soupere\/#article","isPartOf":{"@id":"https:\/\/www.dakarmania.cz\/index.php\/2023\/04\/24\/sonora-loeb-potreboval-po-prologu-pomoc-soupere\/"},"author":{"name":"Zden\u011bk Zelenka","@id":"https:\/\/www.dakarmania.cz\/#\/schema\/person\/04eb0e87a389631c2169c0dddae7ff1e"},"headline":"Sonora: Loeb pot\u0159eboval hned po prologu pomoc soupe\u0159e","datePublished":"2023-04-24T12:54:12+00:00","dateModified":"2023-04-24T14:08:35+00:00","mainEntityOfPage":{"@id":"https:\/\/www.dakarmania.cz\/index.php\/2023\/04\/24\/sonora-loeb-potreboval-po-prologu-pomoc-soupere\/"},"wordCount":1213,"publisher":{"@id":"https:\/\/www.dakarmania.cz\/#organization"},"image":{"@id":"https:\/\/www.dakarmania.cz\/index.php\/2023\/04\/24\/sonora-loeb-potreboval-po-prologu-pomoc-soupere\/#primaryimage"},"thumbnailUrl":"https:\/\/www.dakarmania.cz\/wp-content\/uploads\/2023\/04\/23-sonora-loeb-01.jpg","keywords":["2023","Bahrain Raid Xteme","BRX","Can-Am","Chaleco L\u00f3pez","Cristian Baumgart","Eduardo Pons","GCK Motorsport","Guerlain Chicherit","Jean-Paul Cottret","Jo\u00e3o Ferreira","Marcos Baumgart","Mathieu Baumel","Mattias Ekstr\u00f6m","MCE-5","Mini","Mitch Guthrie","Nasser Al-Attiyah","Overdrive Racing","Prodrive","Red Bull Off-Road Junior Team","Rokas Baciu\u0161ka","Sebasti\u00e1n Halpern","S\u00e9bastien Loeb","Seth Quintero","Sonora Rally","Sonora Rally 2023","South Racing","Toyota","Toyota Gazoo Racing","W2RC","W2RC 2023","X Rally Team","X-raid","Yamaha","Yazeed Al-Rajhi"],"articleSection":["Auto","Sonora Rally","W2RC"],"inLanguage":"cs"},{"@type":"WebPage","@id":"https:\/\/www.dakarmania.cz\/index.php\/2023\/04\/24\/sonora-loeb-potreboval-po-prologu-pomoc-soupere\/","url":"https:\/\/www.dakarmania.cz\/index.php\/2023\/04\/24\/sonora-loeb-potreboval-po-prologu-pomoc-soupere\/","name":"Sonora: Loeb pot\u0159eboval hned po prologu pomoc soupe\u0159e - DAKARMANIA.cz","isPartOf":{"@id":"https:\/\/www.dakarmania.cz\/#website"},"primaryImageOfPage":{"@id":"https:\/\/www.dakarmania.cz\/index.php\/2023\/04\/24\/sonora-loeb-potreboval-po-prologu-pomoc-soupere\/#primaryimage"},"image":{"@id":"https:\/\/www.dakarmania.cz\/index.php\/2023\/04\/24\/sonora-loeb-potreboval-po-prologu-pomoc-soupere\/#primaryimage"},"thumbnailUrl":"https:\/\/www.dakarmania.cz\/wp-content\/uploads\/2023\/04\/23-sonora-loeb-01.jpg","datePublished":"2023-04-24T12:54:12+00:00","dateModified":"2023-04-24T14:08:35+00:00","description":"Mistrovstv\u00ed sv\u011bta v d\u00e1lkov\u00fdch sout\u011b\u017e\u00edch 2023 pokra\u010duje t\u0159et\u00edm podnikem v Mexiku. V prologu Sonora Rally byl nejrychlej\u0161\u00ed Yazeed Al-Rajhi.","breadcrumb":{"@id":"https:\/\/www.dakarmania.cz\/index.php\/2023\/04\/24\/sonora-loeb-potreboval-po-prologu-pomoc-soupere\/#breadcrumb"},"inLanguage":"cs","potentialAction":[{"@type":"ReadAction","target":["https:\/\/www.dakarmania.cz\/index.php\/2023\/04\/24\/sonora-loeb-potreboval-po-prologu-pomoc-soupere\/"]}]},{"@type":"ImageObject","inLanguage":"cs","@id":"https:\/\/www.dakarmania.cz\/index.php\/2023\/04\/24\/sonora-loeb-potreboval-po-prologu-pomoc-soupere\/#primaryimage","url":"https:\/\/www.dakarmania.cz\/wp-content\/uploads\/2023\/04\/23-sonora-loeb-01.jpg","contentUrl":"https:\/\/www.dakarmania.cz\/wp-content\/uploads\/2023\/04\/23-sonora-loeb-01.jpg","width":1024,"height":683,"caption":"S\u00e9bastien Loeb \/ Fabian Lurquin, Prodrive Hunter, Bahrain Raid Xtreme. Sonora Rally 2023. \u00a9 ASO\/DPPI"},{"@type":"BreadcrumbList","@id":"https:\/\/www.dakarmania.cz\/index.php\/2023\/04\/24\/sonora-loeb-potreboval-po-prologu-pomoc-soupere\/#breadcrumb","itemListElement":[{"@type":"ListItem","position":1,"name":"Dom\u016f","item":"https:\/\/www.dakarmania.cz\/"},{"@type":"ListItem","position":2,"name":"Sonora: Loeb pot\u0159eboval hned po prologu pomoc soupe\u0159e"}]},{"@type":"WebSite","@id":"https:\/\/www.dakarmania.cz\/#website","url":"https:\/\/www.dakarmania.cz\/","name":"DAKARMANIA.cz","description":"\u017dijeme Dakarem cel\u00fd rok","publisher":{"@id":"https:\/\/www.dakarmania.cz\/#organization"},"potentialAction":[{"@type":"SearchAction","target":{"@type":"EntryPoint","urlTemplate":"https:\/\/www.dakarmania.cz\/?s={search_term_string}"},"query-input":{"@type":"PropertyValueSpecification","valueRequired":true,"valueName":"search_term_string"}}],"inLanguage":"cs"},{"@type":"Organization","@id":"https:\/\/www.dakarmania.cz\/#organization","name":"DAKAR MANIA","url":"https:\/\/www.dakarmania.cz\/","logo":{"@type":"ImageObject","inLanguage":"cs","@id":"https:\/\/www.dakarmania.cz\/#\/schema\/logo\/image\/","url":"https:\/\/www.dakarmania.cz\/wp-content\/uploads\/2018\/12\/Dakar-Mania-Logo-Square-Orange.png","contentUrl":"https:\/\/www.dakarmania.cz\/wp-content\/uploads\/2018\/12\/Dakar-Mania-Logo-Square-Orange.png","width":992,"height":992,"caption":"DAKAR MANIA"},"image":{"@id":"https:\/\/www.dakarmania.cz\/#\/schema\/logo\/image\/"},"sameAs":["https:\/\/www.facebook.com\/dakarmania\/"]},{"@type":"Person","@id":"https:\/\/www.dakarmania.cz\/#\/schema\/person\/04eb0e87a389631c2169c0dddae7ff1e","name":"Zden\u011bk Zelenka","image":{"@type":"ImageObject","inLanguage":"cs","@id":"https:\/\/www.dakarmania.cz\/#\/schema\/person\/image\/","url":"https:\/\/secure.gravatar.com\/avatar\/2c80d5a4942fe0900b73cc7d3837a509d6ee0a276a2b76dac95c92bd0763a89b?s=96&d=mm&r=g","contentUrl":"https:\/\/secure.gravatar.com\/avatar\/2c80d5a4942fe0900b73cc7d3837a509d6ee0a276a2b76dac95c92bd0763a89b?s=96&d=mm&r=g","caption":"Zden\u011bk Zelenka"},"description":"Moji d\u011bt\u0161t\u00ed hrdinov\u00e9 se jmenovali Loprais, Moskal, Neveu, Vatanen, Rahier... A tihle borci, jejich n\u00e1sledovn\u00edci a jejich p\u0159\u00edb\u011bhy m\u011b nep\u0159estali fascinovat ani po letech, kdy jsem vyrostl a zam\u011bstn\u00e1valy m\u011b jin\u00e9 discipl\u00edny motorsportu. Proto se zrodila DAKARMANIA.","url":"https:\/\/www.dakarmania.cz\/index.php\/author\/dakarmania\/"}]}},"amp_enabled":true,"_links":{"self":[{"href":"https:\/\/www.dakarmania.cz\/index.php\/wp-json\/wp\/v2\/posts\/26985","targetHints":{"allow":["GET"]}}],"collection":[{"href":"https:\/\/www.dakarmania.cz\/index.php\/wp-json\/wp\/v2\/posts"}],"about":[{"href":"https:\/\/www.dakarmania.cz\/index.php\/wp-json\/wp\/v2\/types\/post"}],"author":[{"embeddable":true,"href":"https:\/\/www.dakarmania.cz\/index.php\/wp-json\/wp\/v2\/users\/1"}],"replies":[{"embeddable":true,"href":"https:\/\/www.dakarmania.cz\/index.php\/wp-json\/wp\/v2\/comments?post=26985"}],"version-history":[{"count":3,"href":"https:\/\/www.dakarmania.cz\/index.php\/wp-json\/wp\/v2\/posts\/26985\/revisions"}],"predecessor-version":[{"id":26988,"href":"https:\/\/www.dakarmania.cz\/index.php\/wp-json\/wp\/v2\/posts\/26985\/revisions\/26988"}],"wp:featuredmedia":[{"embeddable":true,"href":"https:\/\/www.dakarmania.cz\/index.php\/wp-json\/wp\/v2\/media\/26984"}],"wp:attachment":[{"href":"https:\/\/www.dakarmania.cz\/index.php\/wp-json\/wp\/v2\/media?parent=26985"}],"wp:term":[{"taxonomy":"category","embeddable":true,"href":"https:\/\/www.dakarmania.cz\/index.php\/wp-json\/wp\/v2\/categories?post=26985"},{"taxonomy":"post_tag","embeddable":true,"href":"https:\/\/www.dakarmania.cz\/index.php\/wp-json\/wp\/v2\/tags?post=26985"}],"curies":[{"name":"wp","href":"https:\/\/api.w.org\/{rel}","templated":true}]}}