{"id":26990,"date":"2023-04-24T11:41:26","date_gmt":"2023-04-24T09:41:26","guid":{"rendered":"https:\/\/www.dakarmania.cz\/?p=26990"},"modified":"2023-04-24T17:57:30","modified_gmt":"2023-04-24T15:57:30","slug":"sonora-bradley-cox-predcil-hvezdy-rallygp","status":"publish","type":"post","link":"https:\/\/www.dakarmania.cz\/index.php\/2023\/04\/24\/sonora-bradley-cox-predcil-hvezdy-rallygp\/","title":{"rendered":"Sonora: Bradley Cox p\u0159ed\u010dil hv\u011bzdy RallyGP"},"content":{"rendered":"<p>[vc_row][vc_column][vc_column_text css_animation=&#8221;fadeIn&#8221;]<\/p>\n<h3>Bradley Cox na KTM se hned v \u00favodu t\u0159et\u00edho podniku mistrovstv\u00ed sv\u011bta v d\u00e1lkov\u00fdch rally postaral o m\u00edrn\u00e9 p\u0159ekvapen\u00ed. Jezdec kategorie Rally2 zast\u00ednil v\u0161echny tov\u00e1rn\u00ed hv\u011bzdy z RallyGP a v prologu mexick\u00e9 Sonora Rally si p\u0159ipsal nejrychlej\u0161\u00ed \u010das.<\/h3>\n<p>[\/vc_column_text][vc_single_image image=&#8221;26989&#8243; img_size=&#8221;large&#8221; add_caption=&#8221;yes&#8221; alignment=&#8221;center&#8221; onclick=&#8221;link_image&#8221; css_animation=&#8221;fadeIn&#8221;][vc_column_text css_animation=&#8221;fadeIn&#8221;]Do prvn\u00ed etapy v\u0161ak Cox odstartuje a\u017e jako \u0161estn\u00e1ct\u00fd, proto\u017ee podle pravidel Mezin\u00e1rodn\u00ed motocyklov\u00e9 federace (FIM) si startovn\u00ed pozici pro prvn\u00ed etapu vyb\u00edr\u00e1 jen deset nejrychlej\u0161\u00edch jezdc\u016f kategorie RallyGP. Jihoafri\u010dan, h\u00e1j\u00edc\u00ed v Rally2 barvy satelitn\u00edho t\u00fdmu BAS World KTM Racing, se na tra\u0165 vyd\u00e1 a\u017e za v\u0161emi z\u00e1vodn\u00edky elitn\u00ed kategorie, kter\u00fdch do sout\u011b\u017ee nastoupilo patn\u00e1ct.<\/p>\n<p>Z jezdc\u016f kategorie RallyGP byl v prologu nejrychlej\u0161\u00ed vedouc\u00ed mu\u017e \u0161ampion\u00e1tu Toby Price na KTM, n\u00e1sledovan\u00fd Lucianem Benavidesem (Husqvarna), Toshou Schareinou, jen\u017e dost\u00e1v\u00e1 poprv\u00e9 p\u0159\u00edle\u017eitost u Hondy, a \u0160pan\u011blov\u00fdmi nov\u00fdmi t\u00fdmov\u00fdmi kolegy Adrienem Van Beverenem a Rickym Brabecem.<\/p>\n<p>Proto\u017ee v\u0161ech deset nejrychlej\u0161\u00edch jezdc\u016f kategorie RallyGP volilo pro prvn\u00ed etapu startovn\u00ed pozici od p\u00e1t\u00e9ho m\u00edsta d\u00e1le, budou tra\u0165 otev\u00edrat soupe\u0159i, kter\u00fdm prolog nevy\u0161el pr\u00e1v\u011b optim\u00e1ln\u011b. Jako prvn\u00ed do speci\u00e1lky vyraz\u00ed Nacho Cornejo s dal\u0161\u00ed Hondou, po n\u011bm pojede Mason Klein na KTM t\u00fdmu BAS World KTM Racing, Sebastian B\u00fchler (Hero) a \u00fa\u0159aduj\u00edc\u00ed \u0161ampion Sam Sunderland (GasGas). Brit se do seri\u00e1lu vrac\u00ed po <a href=\"https:\/\/www.dakarmania.cz\/index.php\/2023\/02\/25\/addc-zraneni-nepusti-na-start-sunderlanda\/\">absenci vynucen\u00e9 zran\u011bn\u00edm<\/a>, kter\u00e9 utrp\u011bl b\u011bhem p\u0159\u00edpravy t\u011bsn\u011b p\u0159ed Abu Dhabi Desert Challenge. Zdravotn\u00ed pot\u00ed\u017ee nepustily na start ADDC ani Sunderlandova t\u00fdmov\u00e9ho kolegu Daniela Sanderse, ale tak\u00e9 on by u\u017e m\u011bl b\u00fdt t\u00e9m\u011b\u0159 stoprocentn\u011b v po\u0159\u00e1dku a v Mexiku nechyb\u00ed.[\/vc_column_text][vc_column_text css_animation=&#8221;fadeIn&#8221; css=&#8221;.vc_custom_1682351115940{border-top-width: 1px !important;border-right-width: 1px !important;border-bottom-width: 1px !important;border-left-width: 1px !important;padding-top: 10px !important;padding-right: 10px !important;padding-bottom: 10px !important;padding-left: 10px !important;background-color: #f2f2f2 !important;border-left-color: #ee8027 !important;border-left-style: solid !important;border-right-color: #ee8027 !important;border-right-style: solid !important;border-top-color: #ee8027 !important;border-top-style: solid !important;border-bottom-color: #ee8027 !important;border-bottom-style: solid !important;border-radius: 1px !important;}&#8221;]<\/p>\n<table style=\"border-collapse: collapse; width: 97.7654%;\" cellpadding=\"4px\">\n<tbody>\n<tr>\n<td style=\"vertical-align: top; width: 25%;\"><a href=\"https:\/\/eshop.dakarmania.cz\/sberatelske-modely\/\"><img loading=\"lazy\" decoding=\"async\" class=\"size-medium wp-image-26936 aligncenter\" src=\"\/wp-content\/uploads\/2023\/04\/norev-shinozuka-dakar-1992.jpg\" alt=\"E-shop DAKARMANIA | Sb\u011bratelsk\u00e9 modely\" width=\"150\" height=\"150\" \/><\/a><\/td>\n<td style=\"vertical-align: center; width: 50%; text-align: center;\"><span style=\"font-size: 9pt;\"><strong><a href=\"https:\/\/eshop.dakarmania.cz\/sberatelske-modely\/\">nov\u011b v na\u0161em e-shopu<\/a><\/strong><\/span><br \/>\n<span style=\"font-size: 13pt;\"><strong><a href=\"https:\/\/eshop.dakarmania.cz\/sberatelske-modely\/\">SB\u011aRATELSK\u00c9 MODELY<\/a><\/strong><\/span><br \/>\n<span style=\"font-size: 9pt;\"><strong><a href=\"https:\/\/eshop.dakarmania.cz\/sberatelske-modely\/\">eshop.dakarmania.cz<\/a><\/strong><\/span><\/td>\n<td style=\"vertical-align: top; width: 25%;\"><a href=\"https:\/\/eshop.dakarmania.cz\/sberatelske-modely\/\"><img loading=\"lazy\" decoding=\"async\" class=\"size-medium wp-image-26964 aligncenter\" src=\"\/wp-content\/uploads\/2023\/04\/spark-peterhansel-addc-2022b.jpg\" alt=\"E-shop DAKARMANIA | Sb\u011bratelsk\u00e9 modely\" width=\"150\" height=\"150\" \/><\/a><\/td>\n<\/tr>\n<\/tbody>\n<\/table>\n<p>[\/vc_column_text][vc_column_text css_animation=&#8221;fadeIn&#8221;]Bradley Cox po prologu vede sedmi\u010dlenn\u00e9 startovn\u00ed pole Rally2 p\u0159ed Francouzem Romainem Dumontierem (HT Rally Raid Husqvarna Racing) a Pol\u00e1kem Konradem D\u0105browskim (Duust Diverse Racing), kte\u0159\u00ed se stejn\u011b jako Jihoafri\u010dan vracej\u00ed do \u0161ampion\u00e1tu po vynechan\u00e9 ADDC. Pr\u016fb\u011b\u017en\u011b \u010dtvrt\u00fd je Neels Theric, jen\u017e \u010derstv\u011b z\u00edskal anga\u017em\u00e1 u \u010d\u00ednsk\u00e9ho tov\u00e1rn\u00edho t\u00fdmu Kove Racing. P\u00e1t\u00fd \u010das si p\u0159ipsal vedouc\u00ed mu\u017e pr\u016fb\u011b\u017en\u00e9ho hodnocen\u00ed Paolo Lucci (BAS World KTM Racing).<\/p>\n<p>\u010cesk\u00fd z\u00e1vodn\u00edk Ji\u0159\u00ed Bro\u017e (KTM) je v Rally2 po kvalifika\u010dn\u00ed erzet\u011b dvan\u00e1ct\u00fd (+8:32 min), Petr Vl\u010dek (KTM) t\u0159in\u00e1ct\u00fd (+8:59).<\/p>\n<p>Z dvojice \u010dty\u0159kolk\u00e1\u0159\u016f si l\u00e9pe po\u010d\u00ednal Litevec Laisvydas Kancius, kter\u00fd m\u00e1 po \u00favodn\u00edch deseti kilometrech p\u0159ed Rodolfem Guilliolim z Guatemaly k dobru 56 sekund.<\/p>\n<p>V pond\u011bl\u00ed 24. dubna je na programu \u00favodn\u00ed etap\u011b se startem a c\u00edlem v Hermosillu. Celkem m\u011b\u0159\u00ed 333 kilometr\u016f, z nich\u017e se 168 km pojede jako rychlostn\u00ed zkou\u0161ka.[\/vc_column_text][vc_empty_space height=&#8221;2px&#8221;][\/vc_column][\/vc_row]<\/p>\n","protected":false},"excerpt":{"rendered":"<p>Bradley Cox na KTM se hned v \u00favodu t\u0159et\u00edho podniku mistrovstv\u00ed sv\u011bta v d\u00e1lkov\u00fdch rally postaral o m\u00edrn\u00e9 p\u0159ekvapen\u00ed. Jezdec kategorie Rally2 zast\u00ednil v\u0161echny tov\u00e1rn\u00ed hv\u011bzdy z RallyGP a v prologu mexick\u00e9 Sonora Rally si p\u0159ipsal nejrychlej\u0161\u00ed \u010das.<\/p>\n","protected":false},"author":1,"featured_media":26989,"comment_status":"closed","ping_status":"closed","sticky":false,"template":"","format":"standard","meta":{"footnotes":""},"categories":[15,2043,1992],"tags":[236,1969,1924,1771,2054,1560,1561,1172,820,2052,64,756,2058,762,1821,2057,2056,63,1781,758,1925,2055,2011,59,222,2059,2053,225,857,673,2044,126,1395,1993,1994],"class_list":["post-26990","post","type-post","status-publish","format-standard","has-post-thumbnail","hentry","category-moto-quad","category-sonora-rally","category-w2rc","tag-adrien-van-beveren","tag-bas-world-ktm-racing-team","tag-bradley-cox","tag-daniel-sanders","tag-duust-diverse-racing","tag-gasgas","tag-gasgas-factory-racing","tag-hero","tag-hero-motosports","tag-ht-rally-raid","tag-husqvarna","tag-husqvarna-factory-racing","tag-jiri-broz","tag-jose-ignacio-cornejo","tag-konrad-dabrowski","tag-kove","tag-kove-racing","tag-ktm","tag-laisvydas-kancius","tag-luciano-benavides","tag-mason-klein","tag-neels-theric","tag-paolo-lucci","tag-petr-vlcek","tag-ricky-brabec","tag-rodolfo-guillioli","tag-romain-dumontier","tag-sam-sunderland","tag-sebastian-buhler","tag-sonora-rally","tag-sonora-rally-2023","tag-toby-price","tag-tosha-schareina","tag-w2rc","tag-w2rc-2023"],"yoast_head":"<!-- This site is optimized with the Yoast SEO plugin v24.9 - https:\/\/yoast.com\/wordpress\/plugins\/seo\/ -->\n<title>Sonora: Bradley Cox p\u0159ed\u010dil hv\u011bzdy RallyGP - DAKARMANIA.cz<\/title>\n<meta name=\"description\" content=\"Bradley Cox na KTM se hned v \u00favodu t\u0159et\u00edho podniku mistrovstv\u00ed sv\u011bta v d\u00e1lkov\u00fdch rally postaral o m\u00edrn\u00e9 p\u0159ekvapen\u00ed.\" \/>\n<meta name=\"robots\" content=\"index, follow, max-snippet:-1, max-image-preview:large, max-video-preview:-1\" \/>\n<link rel=\"canonical\" href=\"https:\/\/www.dakarmania.cz\/index.php\/2023\/04\/24\/sonora-bradley-cox-predcil-hvezdy-rallygp\/\" \/>\n<meta property=\"og:locale\" content=\"cs_CZ\" \/>\n<meta property=\"og:type\" content=\"article\" \/>\n<meta property=\"og:title\" content=\"Sonora: Bradley Cox p\u0159ed\u010dil hv\u011bzdy RallyGP - DAKARMANIA.cz\" \/>\n<meta property=\"og:description\" content=\"Bradley Cox na KTM se hned v \u00favodu t\u0159et\u00edho podniku mistrovstv\u00ed sv\u011bta v d\u00e1lkov\u00fdch rally postaral o m\u00edrn\u00e9 p\u0159ekvapen\u00ed.\" \/>\n<meta property=\"og:url\" content=\"https:\/\/www.dakarmania.cz\/index.php\/2023\/04\/24\/sonora-bradley-cox-predcil-hvezdy-rallygp\/\" \/>\n<meta property=\"og:site_name\" content=\"DAKARMANIA.cz\" \/>\n<meta property=\"article:publisher\" content=\"https:\/\/www.facebook.com\/dakarmania\/\" \/>\n<meta property=\"article:published_time\" content=\"2023-04-24T09:41:26+00:00\" \/>\n<meta property=\"article:modified_time\" content=\"2023-04-24T15:57:30+00:00\" \/>\n<meta property=\"og:image\" content=\"https:\/\/www.dakarmania.cz\/wp-content\/uploads\/2023\/04\/23-sonora-cox-01.jpg\" \/>\n\t<meta property=\"og:image:width\" content=\"1024\" \/>\n\t<meta property=\"og:image:height\" content=\"683\" \/>\n\t<meta property=\"og:image:type\" content=\"image\/jpeg\" \/>\n<meta name=\"author\" content=\"Zden\u011bk Zelenka\" \/>\n<meta name=\"twitter:card\" content=\"summary_large_image\" \/>\n<meta name=\"twitter:label1\" content=\"Napsal(a)\" \/>\n\t<meta name=\"twitter:data1\" content=\"Zden\u011bk Zelenka\" \/>\n\t<meta name=\"twitter:label2\" content=\"Odhadovan\u00e1 doba \u010dten\u00ed\" \/>\n\t<meta name=\"twitter:data2\" content=\"3 minuty\" \/>\n<script type=\"application\/ld+json\" class=\"yoast-schema-graph\">{\"@context\":\"https:\/\/schema.org\",\"@graph\":[{\"@type\":\"Article\",\"@id\":\"https:\/\/www.dakarmania.cz\/index.php\/2023\/04\/24\/sonora-bradley-cox-predcil-hvezdy-rallygp\/#article\",\"isPartOf\":{\"@id\":\"https:\/\/www.dakarmania.cz\/index.php\/2023\/04\/24\/sonora-bradley-cox-predcil-hvezdy-rallygp\/\"},\"author\":{\"name\":\"Zden\u011bk Zelenka\",\"@id\":\"https:\/\/www.dakarmania.cz\/#\/schema\/person\/04eb0e87a389631c2169c0dddae7ff1e\"},\"headline\":\"Sonora: Bradley Cox p\u0159ed\u010dil hv\u011bzdy RallyGP\",\"datePublished\":\"2023-04-24T09:41:26+00:00\",\"dateModified\":\"2023-04-24T15:57:30+00:00\",\"mainEntityOfPage\":{\"@id\":\"https:\/\/www.dakarmania.cz\/index.php\/2023\/04\/24\/sonora-bradley-cox-predcil-hvezdy-rallygp\/\"},\"wordCount\":616,\"publisher\":{\"@id\":\"https:\/\/www.dakarmania.cz\/#organization\"},\"image\":{\"@id\":\"https:\/\/www.dakarmania.cz\/index.php\/2023\/04\/24\/sonora-bradley-cox-predcil-hvezdy-rallygp\/#primaryimage\"},\"thumbnailUrl\":\"https:\/\/www.dakarmania.cz\/wp-content\/uploads\/2023\/04\/23-sonora-cox-01.jpg\",\"keywords\":[\"Adrien Van Beveren\",\"BAS World KTM Racing Team\",\"Bradley Cox\",\"Daniel Sanders\",\"Duust Diverse Racing\",\"GasGas\",\"GasGas Factory Racing\",\"Hero\",\"Hero MotoSports\",\"HT Rally Raid\",\"Husqvarna\",\"Husqvarna Factory Racing\",\"Ji\u0159\u00ed Bro\u017e\",\"Jos\u00e9 Ignacio Cornejo\",\"Konrad D\u0105browski\",\"Kove\",\"Kove Racing\",\"KTM\",\"Laisvydas Kancius\",\"Luciano Benavides\",\"Mason Klein\",\"Neels Theric\",\"Paolo Lucci\",\"Petr Vl\u010dek\",\"Ricky Brabec\",\"Rodolfo Guillioli\",\"Romain Dumontier\",\"Sam Sunderland\",\"Sebastian B\u00fchler\",\"Sonora Rally\",\"Sonora Rally 2023\",\"Toby Price\",\"Tosha Schareina\",\"W2RC\",\"W2RC 2023\"],\"articleSection\":[\"Moto\/Quad\",\"Sonora Rally\",\"W2RC\"],\"inLanguage\":\"cs\"},{\"@type\":\"WebPage\",\"@id\":\"https:\/\/www.dakarmania.cz\/index.php\/2023\/04\/24\/sonora-bradley-cox-predcil-hvezdy-rallygp\/\",\"url\":\"https:\/\/www.dakarmania.cz\/index.php\/2023\/04\/24\/sonora-bradley-cox-predcil-hvezdy-rallygp\/\",\"name\":\"Sonora: Bradley Cox p\u0159ed\u010dil hv\u011bzdy RallyGP - DAKARMANIA.cz\",\"isPartOf\":{\"@id\":\"https:\/\/www.dakarmania.cz\/#website\"},\"primaryImageOfPage\":{\"@id\":\"https:\/\/www.dakarmania.cz\/index.php\/2023\/04\/24\/sonora-bradley-cox-predcil-hvezdy-rallygp\/#primaryimage\"},\"image\":{\"@id\":\"https:\/\/www.dakarmania.cz\/index.php\/2023\/04\/24\/sonora-bradley-cox-predcil-hvezdy-rallygp\/#primaryimage\"},\"thumbnailUrl\":\"https:\/\/www.dakarmania.cz\/wp-content\/uploads\/2023\/04\/23-sonora-cox-01.jpg\",\"datePublished\":\"2023-04-24T09:41:26+00:00\",\"dateModified\":\"2023-04-24T15:57:30+00:00\",\"description\":\"Bradley Cox na KTM se hned v \u00favodu t\u0159et\u00edho podniku mistrovstv\u00ed sv\u011bta v d\u00e1lkov\u00fdch rally postaral o m\u00edrn\u00e9 p\u0159ekvapen\u00ed.\",\"breadcrumb\":{\"@id\":\"https:\/\/www.dakarmania.cz\/index.php\/2023\/04\/24\/sonora-bradley-cox-predcil-hvezdy-rallygp\/#breadcrumb\"},\"inLanguage\":\"cs\",\"potentialAction\":[{\"@type\":\"ReadAction\",\"target\":[\"https:\/\/www.dakarmania.cz\/index.php\/2023\/04\/24\/sonora-bradley-cox-predcil-hvezdy-rallygp\/\"]}]},{\"@type\":\"ImageObject\",\"inLanguage\":\"cs\",\"@id\":\"https:\/\/www.dakarmania.cz\/index.php\/2023\/04\/24\/sonora-bradley-cox-predcil-hvezdy-rallygp\/#primaryimage\",\"url\":\"https:\/\/www.dakarmania.cz\/wp-content\/uploads\/2023\/04\/23-sonora-cox-01.jpg\",\"contentUrl\":\"https:\/\/www.dakarmania.cz\/wp-content\/uploads\/2023\/04\/23-sonora-cox-01.jpg\",\"width\":1024,\"height\":683,\"caption\":\"Bradley Cox, KTM 450 Rally, BAS World KTM Racing Team. Sonora Rally 2023. \u00a9 ASO\/DPPI\"},{\"@type\":\"BreadcrumbList\",\"@id\":\"https:\/\/www.dakarmania.cz\/index.php\/2023\/04\/24\/sonora-bradley-cox-predcil-hvezdy-rallygp\/#breadcrumb\",\"itemListElement\":[{\"@type\":\"ListItem\",\"position\":1,\"name\":\"Dom\u016f\",\"item\":\"https:\/\/www.dakarmania.cz\/\"},{\"@type\":\"ListItem\",\"position\":2,\"name\":\"Sonora: Bradley Cox p\u0159ed\u010dil hv\u011bzdy RallyGP\"}]},{\"@type\":\"WebSite\",\"@id\":\"https:\/\/www.dakarmania.cz\/#website\",\"url\":\"https:\/\/www.dakarmania.cz\/\",\"name\":\"DAKARMANIA.cz\",\"description\":\"\u017dijeme Dakarem cel\u00fd rok\",\"publisher\":{\"@id\":\"https:\/\/www.dakarmania.cz\/#organization\"},\"potentialAction\":[{\"@type\":\"SearchAction\",\"target\":{\"@type\":\"EntryPoint\",\"urlTemplate\":\"https:\/\/www.dakarmania.cz\/?s={search_term_string}\"},\"query-input\":{\"@type\":\"PropertyValueSpecification\",\"valueRequired\":true,\"valueName\":\"search_term_string\"}}],\"inLanguage\":\"cs\"},{\"@type\":\"Organization\",\"@id\":\"https:\/\/www.dakarmania.cz\/#organization\",\"name\":\"DAKAR MANIA\",\"url\":\"https:\/\/www.dakarmania.cz\/\",\"logo\":{\"@type\":\"ImageObject\",\"inLanguage\":\"cs\",\"@id\":\"https:\/\/www.dakarmania.cz\/#\/schema\/logo\/image\/\",\"url\":\"https:\/\/www.dakarmania.cz\/wp-content\/uploads\/2018\/12\/Dakar-Mania-Logo-Square-Orange.png\",\"contentUrl\":\"https:\/\/www.dakarmania.cz\/wp-content\/uploads\/2018\/12\/Dakar-Mania-Logo-Square-Orange.png\",\"width\":992,\"height\":992,\"caption\":\"DAKAR MANIA\"},\"image\":{\"@id\":\"https:\/\/www.dakarmania.cz\/#\/schema\/logo\/image\/\"},\"sameAs\":[\"https:\/\/www.facebook.com\/dakarmania\/\"]},{\"@type\":\"Person\",\"@id\":\"https:\/\/www.dakarmania.cz\/#\/schema\/person\/04eb0e87a389631c2169c0dddae7ff1e\",\"name\":\"Zden\u011bk Zelenka\",\"image\":{\"@type\":\"ImageObject\",\"inLanguage\":\"cs\",\"@id\":\"https:\/\/www.dakarmania.cz\/#\/schema\/person\/image\/\",\"url\":\"https:\/\/secure.gravatar.com\/avatar\/2c80d5a4942fe0900b73cc7d3837a509d6ee0a276a2b76dac95c92bd0763a89b?s=96&d=mm&r=g\",\"contentUrl\":\"https:\/\/secure.gravatar.com\/avatar\/2c80d5a4942fe0900b73cc7d3837a509d6ee0a276a2b76dac95c92bd0763a89b?s=96&d=mm&r=g\",\"caption\":\"Zden\u011bk Zelenka\"},\"description\":\"Moji d\u011bt\u0161t\u00ed hrdinov\u00e9 se jmenovali Loprais, Moskal, Neveu, Vatanen, Rahier... A tihle borci, jejich n\u00e1sledovn\u00edci a jejich p\u0159\u00edb\u011bhy m\u011b nep\u0159estali fascinovat ani po letech, kdy jsem vyrostl a zam\u011bstn\u00e1valy m\u011b jin\u00e9 discipl\u00edny motorsportu. Proto se zrodila DAKARMANIA.\",\"url\":\"https:\/\/www.dakarmania.cz\/index.php\/author\/dakarmania\/\"}]}<\/script>\n<!-- \/ Yoast SEO plugin. -->","yoast_head_json":{"title":"Sonora: Bradley Cox p\u0159ed\u010dil hv\u011bzdy RallyGP - DAKARMANIA.cz","description":"Bradley Cox na KTM se hned v \u00favodu t\u0159et\u00edho podniku mistrovstv\u00ed sv\u011bta v d\u00e1lkov\u00fdch rally postaral o m\u00edrn\u00e9 p\u0159ekvapen\u00ed.","robots":{"index":"index","follow":"follow","max-snippet":"max-snippet:-1","max-image-preview":"max-image-preview:large","max-video-preview":"max-video-preview:-1"},"canonical":"https:\/\/www.dakarmania.cz\/index.php\/2023\/04\/24\/sonora-bradley-cox-predcil-hvezdy-rallygp\/","og_locale":"cs_CZ","og_type":"article","og_title":"Sonora: Bradley Cox p\u0159ed\u010dil hv\u011bzdy RallyGP - DAKARMANIA.cz","og_description":"Bradley Cox na KTM se hned v \u00favodu t\u0159et\u00edho podniku mistrovstv\u00ed sv\u011bta v d\u00e1lkov\u00fdch rally postaral o m\u00edrn\u00e9 p\u0159ekvapen\u00ed.","og_url":"https:\/\/www.dakarmania.cz\/index.php\/2023\/04\/24\/sonora-bradley-cox-predcil-hvezdy-rallygp\/","og_site_name":"DAKARMANIA.cz","article_publisher":"https:\/\/www.facebook.com\/dakarmania\/","article_published_time":"2023-04-24T09:41:26+00:00","article_modified_time":"2023-04-24T15:57:30+00:00","og_image":[{"width":1024,"height":683,"url":"https:\/\/www.dakarmania.cz\/wp-content\/uploads\/2023\/04\/23-sonora-cox-01.jpg","type":"image\/jpeg"}],"author":"Zden\u011bk Zelenka","twitter_card":"summary_large_image","twitter_misc":{"Napsal(a)":"Zden\u011bk Zelenka","Odhadovan\u00e1 doba \u010dten\u00ed":"3 minuty"},"schema":{"@context":"https:\/\/schema.org","@graph":[{"@type":"Article","@id":"https:\/\/www.dakarmania.cz\/index.php\/2023\/04\/24\/sonora-bradley-cox-predcil-hvezdy-rallygp\/#article","isPartOf":{"@id":"https:\/\/www.dakarmania.cz\/index.php\/2023\/04\/24\/sonora-bradley-cox-predcil-hvezdy-rallygp\/"},"author":{"name":"Zden\u011bk Zelenka","@id":"https:\/\/www.dakarmania.cz\/#\/schema\/person\/04eb0e87a389631c2169c0dddae7ff1e"},"headline":"Sonora: Bradley Cox p\u0159ed\u010dil hv\u011bzdy RallyGP","datePublished":"2023-04-24T09:41:26+00:00","dateModified":"2023-04-24T15:57:30+00:00","mainEntityOfPage":{"@id":"https:\/\/www.dakarmania.cz\/index.php\/2023\/04\/24\/sonora-bradley-cox-predcil-hvezdy-rallygp\/"},"wordCount":616,"publisher":{"@id":"https:\/\/www.dakarmania.cz\/#organization"},"image":{"@id":"https:\/\/www.dakarmania.cz\/index.php\/2023\/04\/24\/sonora-bradley-cox-predcil-hvezdy-rallygp\/#primaryimage"},"thumbnailUrl":"https:\/\/www.dakarmania.cz\/wp-content\/uploads\/2023\/04\/23-sonora-cox-01.jpg","keywords":["Adrien Van Beveren","BAS World KTM Racing Team","Bradley Cox","Daniel Sanders","Duust Diverse Racing","GasGas","GasGas Factory Racing","Hero","Hero MotoSports","HT Rally Raid","Husqvarna","Husqvarna Factory Racing","Ji\u0159\u00ed Bro\u017e","Jos\u00e9 Ignacio Cornejo","Konrad D\u0105browski","Kove","Kove Racing","KTM","Laisvydas Kancius","Luciano Benavides","Mason Klein","Neels Theric","Paolo Lucci","Petr Vl\u010dek","Ricky Brabec","Rodolfo Guillioli","Romain Dumontier","Sam Sunderland","Sebastian B\u00fchler","Sonora Rally","Sonora Rally 2023","Toby Price","Tosha Schareina","W2RC","W2RC 2023"],"articleSection":["Moto\/Quad","Sonora Rally","W2RC"],"inLanguage":"cs"},{"@type":"WebPage","@id":"https:\/\/www.dakarmania.cz\/index.php\/2023\/04\/24\/sonora-bradley-cox-predcil-hvezdy-rallygp\/","url":"https:\/\/www.dakarmania.cz\/index.php\/2023\/04\/24\/sonora-bradley-cox-predcil-hvezdy-rallygp\/","name":"Sonora: Bradley Cox p\u0159ed\u010dil hv\u011bzdy RallyGP - DAKARMANIA.cz","isPartOf":{"@id":"https:\/\/www.dakarmania.cz\/#website"},"primaryImageOfPage":{"@id":"https:\/\/www.dakarmania.cz\/index.php\/2023\/04\/24\/sonora-bradley-cox-predcil-hvezdy-rallygp\/#primaryimage"},"image":{"@id":"https:\/\/www.dakarmania.cz\/index.php\/2023\/04\/24\/sonora-bradley-cox-predcil-hvezdy-rallygp\/#primaryimage"},"thumbnailUrl":"https:\/\/www.dakarmania.cz\/wp-content\/uploads\/2023\/04\/23-sonora-cox-01.jpg","datePublished":"2023-04-24T09:41:26+00:00","dateModified":"2023-04-24T15:57:30+00:00","description":"Bradley Cox na KTM se hned v \u00favodu t\u0159et\u00edho podniku mistrovstv\u00ed sv\u011bta v d\u00e1lkov\u00fdch rally postaral o m\u00edrn\u00e9 p\u0159ekvapen\u00ed.","breadcrumb":{"@id":"https:\/\/www.dakarmania.cz\/index.php\/2023\/04\/24\/sonora-bradley-cox-predcil-hvezdy-rallygp\/#breadcrumb"},"inLanguage":"cs","potentialAction":[{"@type":"ReadAction","target":["https:\/\/www.dakarmania.cz\/index.php\/2023\/04\/24\/sonora-bradley-cox-predcil-hvezdy-rallygp\/"]}]},{"@type":"ImageObject","inLanguage":"cs","@id":"https:\/\/www.dakarmania.cz\/index.php\/2023\/04\/24\/sonora-bradley-cox-predcil-hvezdy-rallygp\/#primaryimage","url":"https:\/\/www.dakarmania.cz\/wp-content\/uploads\/2023\/04\/23-sonora-cox-01.jpg","contentUrl":"https:\/\/www.dakarmania.cz\/wp-content\/uploads\/2023\/04\/23-sonora-cox-01.jpg","width":1024,"height":683,"caption":"Bradley Cox, KTM 450 Rally, BAS World KTM Racing Team. Sonora Rally 2023. \u00a9 ASO\/DPPI"},{"@type":"BreadcrumbList","@id":"https:\/\/www.dakarmania.cz\/index.php\/2023\/04\/24\/sonora-bradley-cox-predcil-hvezdy-rallygp\/#breadcrumb","itemListElement":[{"@type":"ListItem","position":1,"name":"Dom\u016f","item":"https:\/\/www.dakarmania.cz\/"},{"@type":"ListItem","position":2,"name":"Sonora: Bradley Cox p\u0159ed\u010dil hv\u011bzdy RallyGP"}]},{"@type":"WebSite","@id":"https:\/\/www.dakarmania.cz\/#website","url":"https:\/\/www.dakarmania.cz\/","name":"DAKARMANIA.cz","description":"\u017dijeme Dakarem cel\u00fd rok","publisher":{"@id":"https:\/\/www.dakarmania.cz\/#organization"},"potentialAction":[{"@type":"SearchAction","target":{"@type":"EntryPoint","urlTemplate":"https:\/\/www.dakarmania.cz\/?s={search_term_string}"},"query-input":{"@type":"PropertyValueSpecification","valueRequired":true,"valueName":"search_term_string"}}],"inLanguage":"cs"},{"@type":"Organization","@id":"https:\/\/www.dakarmania.cz\/#organization","name":"DAKAR MANIA","url":"https:\/\/www.dakarmania.cz\/","logo":{"@type":"ImageObject","inLanguage":"cs","@id":"https:\/\/www.dakarmania.cz\/#\/schema\/logo\/image\/","url":"https:\/\/www.dakarmania.cz\/wp-content\/uploads\/2018\/12\/Dakar-Mania-Logo-Square-Orange.png","contentUrl":"https:\/\/www.dakarmania.cz\/wp-content\/uploads\/2018\/12\/Dakar-Mania-Logo-Square-Orange.png","width":992,"height":992,"caption":"DAKAR MANIA"},"image":{"@id":"https:\/\/www.dakarmania.cz\/#\/schema\/logo\/image\/"},"sameAs":["https:\/\/www.facebook.com\/dakarmania\/"]},{"@type":"Person","@id":"https:\/\/www.dakarmania.cz\/#\/schema\/person\/04eb0e87a389631c2169c0dddae7ff1e","name":"Zden\u011bk Zelenka","image":{"@type":"ImageObject","inLanguage":"cs","@id":"https:\/\/www.dakarmania.cz\/#\/schema\/person\/image\/","url":"https:\/\/secure.gravatar.com\/avatar\/2c80d5a4942fe0900b73cc7d3837a509d6ee0a276a2b76dac95c92bd0763a89b?s=96&d=mm&r=g","contentUrl":"https:\/\/secure.gravatar.com\/avatar\/2c80d5a4942fe0900b73cc7d3837a509d6ee0a276a2b76dac95c92bd0763a89b?s=96&d=mm&r=g","caption":"Zden\u011bk Zelenka"},"description":"Moji d\u011bt\u0161t\u00ed hrdinov\u00e9 se jmenovali Loprais, Moskal, Neveu, Vatanen, Rahier... A tihle borci, jejich n\u00e1sledovn\u00edci a jejich p\u0159\u00edb\u011bhy m\u011b nep\u0159estali fascinovat ani po letech, kdy jsem vyrostl a zam\u011bstn\u00e1valy m\u011b jin\u00e9 discipl\u00edny motorsportu. Proto se zrodila DAKARMANIA.","url":"https:\/\/www.dakarmania.cz\/index.php\/author\/dakarmania\/"}]}},"amp_enabled":true,"_links":{"self":[{"href":"https:\/\/www.dakarmania.cz\/index.php\/wp-json\/wp\/v2\/posts\/26990","targetHints":{"allow":["GET"]}}],"collection":[{"href":"https:\/\/www.dakarmania.cz\/index.php\/wp-json\/wp\/v2\/posts"}],"about":[{"href":"https:\/\/www.dakarmania.cz\/index.php\/wp-json\/wp\/v2\/types\/post"}],"author":[{"embeddable":true,"href":"https:\/\/www.dakarmania.cz\/index.php\/wp-json\/wp\/v2\/users\/1"}],"replies":[{"embeddable":true,"href":"https:\/\/www.dakarmania.cz\/index.php\/wp-json\/wp\/v2\/comments?post=26990"}],"version-history":[{"count":2,"href":"https:\/\/www.dakarmania.cz\/index.php\/wp-json\/wp\/v2\/posts\/26990\/revisions"}],"predecessor-version":[{"id":26992,"href":"https:\/\/www.dakarmania.cz\/index.php\/wp-json\/wp\/v2\/posts\/26990\/revisions\/26992"}],"wp:featuredmedia":[{"embeddable":true,"href":"https:\/\/www.dakarmania.cz\/index.php\/wp-json\/wp\/v2\/media\/26989"}],"wp:attachment":[{"href":"https:\/\/www.dakarmania.cz\/index.php\/wp-json\/wp\/v2\/media?parent=26990"}],"wp:term":[{"taxonomy":"category","embeddable":true,"href":"https:\/\/www.dakarmania.cz\/index.php\/wp-json\/wp\/v2\/categories?post=26990"},{"taxonomy":"post_tag","embeddable":true,"href":"https:\/\/www.dakarmania.cz\/index.php\/wp-json\/wp\/v2\/tags?post=26990"}],"curies":[{"name":"wp","href":"https:\/\/api.w.org\/{rel}","templated":true}]}}