{"id":27098,"date":"2023-04-28T08:17:57","date_gmt":"2023-04-28T06:17:57","guid":{"rendered":"https:\/\/www.dakarmania.cz\/?p=27098"},"modified":"2023-04-28T08:17:57","modified_gmt":"2023-04-28T06:17:57","slug":"morocco-desert-challenge-2023-poznamenala-dalsi-tragedie","status":"publish","type":"post","link":"https:\/\/www.dakarmania.cz\/index.php\/2023\/04\/28\/morocco-desert-challenge-2023-poznamenala-dalsi-tragedie\/","title":{"rendered":"Morocco Desert Challenge 2023 poznamenala dal\u0161\u00ed trag\u00e9die"},"content":{"rendered":"<p>[vc_row][vc_column][\/vc_column][\/vc_row][vc_row][vc_column][vc_column_text css_animation=&#8221;fadeIn&#8221;]<\/p>\n<h3>Pouh\u00fd den po <a href=\"https:\/\/www.dakarmania.cz\/index.php\/2023\/04\/27\/zahynul-laurent-lichtleuchter\/\">tragick\u00e9 nehod\u011b<\/a> francouzsk\u00e9 pos\u00e1dky Patrice Garrouste, Laurent Lichtleuchter zas\u00e1hla bivak Morocco Desert Challenge 2023 dal\u0161\u00ed smutn\u00e1 ud\u00e1lost. Ve \u010dtvrtek 27. dubna zem\u0159el na trati p\u00e1t\u00e9 etapy z Foum Zguidu do M&#8217;hamidu motocyklista Bram van der Wouden.<\/h3>\n<p>[\/vc_column_text][vc_single_image image=&#8221;27097&#8243; img_size=&#8221;large&#8221; add_caption=&#8221;yes&#8221; alignment=&#8221;center&#8221; onclick=&#8221;link_image&#8221; css_animation=&#8221;fadeIn&#8221;][vc_column_text css_animation=&#8221;fadeIn&#8221;]Bezvl\u00e1dn\u00e9 t\u011blo nizozemsk\u00e9ho z\u00e1vodn\u00edka le\u017e\u00edc\u00ed vedle jeho motocyklu zaregistrovali dal\u0161\u00ed sout\u011b\u017e\u00edc\u00ed, kte\u0159\u00ed na m\u00edsto p\u0159ivolali l\u00e9ka\u0159skou pomoc. Av\u0161ak zdravotnick\u00fd person\u00e1l u\u017e bohu\u017eel mohl pouze konstatovat smrt. Osma\u010dty\u0159icetilet\u00fd jezdec kategorie malle moto zem\u0159el v d\u016fsledku p\u0159eh\u0159\u00e1t\u00ed organismu a vy\u010derp\u00e1n\u00ed.<\/p>\n<p>Bram van der Wouden se d\u0159\u00edve v\u011bnoval motokrosu a n\u00e1sledn\u011b sb\u00edral zku\u0161enosti v amat\u00e9rsk\u00fdch rally. V roce 2020 se z\u00fa\u010dastnil Africa Eco Race a o rok pozd\u011bji si cht\u011bl poprv\u00e9 vyzkou\u0161et Rally Dakar. Musel v\u0161ak podstoupit operaci ruky a svou premi\u00e9ru na nejpopul\u00e1rn\u011bj\u0161\u00ed maratonsk\u00e9 rally sv\u011bta o rok odlo\u017eil.<\/p>\n<p>Na Dakar se otec dvou dcer poprv\u00e9 vydal roku 2022, kdy startoval v kategorii Original by Motul (malle moto), tedy bez asistence. V pr\u016fb\u011bhu sout\u011b\u017ee prok\u00e1zal velkou m\u00edru odhodl\u00e1n\u00ed a \u00factyhodnou schopnost sebezap\u0159en\u00ed, kdy\u017e v z\u00e1vod\u011b pokra\u010doval navzdory n\u00e1sledk\u016fm hav\u00e1rie, p\u0159i n\u00ed\u017e ve druh\u00e9 etap\u011b utrp\u011bl zlomeninu \u017eebra a dal\u0161\u00ed t\u0159i si pohmo\u017edil. Po sedm\u00e9 etap\u011b ale musel vzd\u00e1t kv\u016fli technick\u00e9 z\u00e1vad\u011b.<\/p>\n<p>Na Dakar se cht\u011bl vr\u00e1tit i letos, ale nakonec p\u0159ihl\u00e1\u0161ku neodeslal, kdy\u017e po\u0159adatel\u00e9 omezili po\u010det motocyklist\u016f vpu\u0161t\u011bn\u00fdch do z\u00e1vodu na pouhou stovku. B\u011bhem roku proto cht\u011bl absolvovat z\u00e1vody jako Morocco Desert Challenge a p\u0159i nich se p\u0159ipravovat na pl\u00e1novan\u00fd dakarsk\u00fd comeback v roce 2024.[\/vc_column_text][vc_column_text css_animation=&#8221;fadeIn&#8221; css=&#8221;.vc_custom_1682662584958{border-top-width: 1px !important;border-right-width: 1px !important;border-bottom-width: 1px !important;border-left-width: 1px !important;padding-top: 10px !important;padding-right: 10px !important;padding-bottom: 10px !important;padding-left: 10px !important;background-color: #f2f2f2 !important;border-left-color: #ee8027 !important;border-left-style: solid !important;border-right-color: #ee8027 !important;border-right-style: solid !important;border-top-color: #ee8027 !important;border-top-style: solid !important;border-bottom-color: #ee8027 !important;border-bottom-style: solid !important;border-radius: 1px !important;}&#8221;]<\/p>\n<table style=\"border-collapse: collapse; width: 97.7654%;\" cellpadding=\"4px\">\n<tbody>\n<tr>\n<td style=\"vertical-align: top; width: 25%;\"><a href=\"https:\/\/eshop.dakarmania.cz\/sberatelske-modely\/\"><img loading=\"lazy\" decoding=\"async\" class=\"size-medium wp-image-26936 aligncenter\" src=\"\/wp-content\/uploads\/2023\/04\/norev-shinozuka-dakar-1992.jpg\" alt=\"E-shop DAKARMANIA | Sb\u011bratelsk\u00e9 modely\" width=\"150\" height=\"150\" \/><\/a><\/td>\n<td style=\"vertical-align: center; width: 50%; text-align: center;\"><span style=\"font-size: 9pt;\"><strong><a href=\"https:\/\/eshop.dakarmania.cz\/sberatelske-modely\/\">nov\u011b v na\u0161em e-shopu<\/a><\/strong><\/span><br \/>\n<span style=\"font-size: 13pt;\"><strong><a href=\"https:\/\/eshop.dakarmania.cz\/sberatelske-modely\/\">SB\u011aRATELSK\u00c9 MODELY<\/a><\/strong><\/span><br \/>\n<span style=\"font-size: 9pt;\"><strong><a href=\"https:\/\/eshop.dakarmania.cz\/sberatelske-modely\/\">eshop.dakarmania.cz<\/a><\/strong><\/span><\/td>\n<td style=\"vertical-align: top; width: 25%;\"><a href=\"https:\/\/eshop.dakarmania.cz\/sberatelske-modely\/\"><img loading=\"lazy\" decoding=\"async\" class=\"size-medium wp-image-26964 aligncenter\" src=\"\/wp-content\/uploads\/2023\/04\/spark-peterhansel-addc-2022b.jpg\" alt=\"E-shop DAKARMANIA | Sb\u011bratelsk\u00e9 modely\" width=\"150\" height=\"150\" \/><\/a><\/td>\n<\/tr>\n<\/tbody>\n<\/table>\n<p>[\/vc_column_text][vc_empty_space height=&#8221;2px&#8221;][\/vc_column][\/vc_row]<\/p>\n","protected":false},"excerpt":{"rendered":"<p>Pouh\u00fd den po tragick\u00e9 nehod\u011b pos\u00e1dky Garrouste, Lichtleuchter zas\u00e1hla bivak Morocco Desert Challenge 2023 dal\u0161\u00ed smutn\u00e1 ud\u00e1lost.<\/p>\n","protected":false},"author":1,"featured_media":27097,"comment_status":"closed","ping_status":"closed","sticky":false,"template":"","format":"standard","meta":{"footnotes":""},"categories":[301,15,2],"tags":[2072,916,2071,302,2068],"class_list":["post-27098","post","type-post","status-publish","format-standard","has-post-thumbnail","hentry","category-morocco-desert-challenge","category-moto-quad","category-dakar","tag-bram-van-der-wouden","tag-mdc","tag-mdc-2023","tag-morocco-desert-challenge","tag-morocco-desert-challenge-2023"],"yoast_head":"<!-- This site is optimized with the Yoast SEO plugin v24.9 - https:\/\/yoast.com\/wordpress\/plugins\/seo\/ -->\n<title>Morocco Desert Challenge 2023 poznamenala dal\u0161\u00ed trag\u00e9die - DAKARMANIA.cz<\/title>\n<meta name=\"description\" content=\"Pouh\u00fd den po tragick\u00e9 nehod\u011b pos\u00e1dky Garrouste, Lichtleuchter zas\u00e1hla bivak Morocco Desert Challenge 2023 dal\u0161\u00ed smutn\u00e1 ud\u00e1lost.\" \/>\n<meta name=\"robots\" content=\"index, follow, max-snippet:-1, max-image-preview:large, max-video-preview:-1\" \/>\n<link rel=\"canonical\" href=\"https:\/\/www.dakarmania.cz\/index.php\/2023\/04\/28\/morocco-desert-challenge-2023-poznamenala-dalsi-tragedie\/\" \/>\n<meta property=\"og:locale\" content=\"cs_CZ\" \/>\n<meta property=\"og:type\" content=\"article\" \/>\n<meta property=\"og:title\" content=\"Morocco Desert Challenge 2023 poznamenala dal\u0161\u00ed trag\u00e9die - DAKARMANIA.cz\" \/>\n<meta property=\"og:description\" content=\"Pouh\u00fd den po tragick\u00e9 nehod\u011b pos\u00e1dky Garrouste, Lichtleuchter zas\u00e1hla bivak Morocco Desert Challenge 2023 dal\u0161\u00ed smutn\u00e1 ud\u00e1lost.\" \/>\n<meta property=\"og:url\" content=\"https:\/\/www.dakarmania.cz\/index.php\/2023\/04\/28\/morocco-desert-challenge-2023-poznamenala-dalsi-tragedie\/\" \/>\n<meta property=\"og:site_name\" content=\"DAKARMANIA.cz\" \/>\n<meta property=\"article:publisher\" content=\"https:\/\/www.facebook.com\/dakarmania\/\" \/>\n<meta property=\"article:published_time\" content=\"2023-04-28T06:17:57+00:00\" \/>\n<meta property=\"og:image\" content=\"https:\/\/www.dakarmania.cz\/wp-content\/uploads\/2023\/04\/van-der-wouden.jpg\" \/>\n\t<meta property=\"og:image:width\" content=\"1024\" \/>\n\t<meta property=\"og:image:height\" content=\"683\" \/>\n\t<meta property=\"og:image:type\" content=\"image\/jpeg\" \/>\n<meta name=\"author\" content=\"Zden\u011bk Zelenka\" \/>\n<meta name=\"twitter:card\" content=\"summary_large_image\" \/>\n<meta name=\"twitter:label1\" content=\"Napsal(a)\" \/>\n\t<meta name=\"twitter:data1\" content=\"Zden\u011bk Zelenka\" \/>\n\t<meta name=\"twitter:label2\" content=\"Odhadovan\u00e1 doba \u010dten\u00ed\" \/>\n\t<meta name=\"twitter:data2\" content=\"2 minuty\" \/>\n<script type=\"application\/ld+json\" class=\"yoast-schema-graph\">{\"@context\":\"https:\/\/schema.org\",\"@graph\":[{\"@type\":\"Article\",\"@id\":\"https:\/\/www.dakarmania.cz\/index.php\/2023\/04\/28\/morocco-desert-challenge-2023-poznamenala-dalsi-tragedie\/#article\",\"isPartOf\":{\"@id\":\"https:\/\/www.dakarmania.cz\/index.php\/2023\/04\/28\/morocco-desert-challenge-2023-poznamenala-dalsi-tragedie\/\"},\"author\":{\"name\":\"Zden\u011bk Zelenka\",\"@id\":\"https:\/\/www.dakarmania.cz\/#\/schema\/person\/04eb0e87a389631c2169c0dddae7ff1e\"},\"headline\":\"Morocco Desert Challenge 2023 poznamenala dal\u0161\u00ed trag\u00e9die\",\"datePublished\":\"2023-04-28T06:17:57+00:00\",\"mainEntityOfPage\":{\"@id\":\"https:\/\/www.dakarmania.cz\/index.php\/2023\/04\/28\/morocco-desert-challenge-2023-poznamenala-dalsi-tragedie\/\"},\"wordCount\":449,\"publisher\":{\"@id\":\"https:\/\/www.dakarmania.cz\/#organization\"},\"image\":{\"@id\":\"https:\/\/www.dakarmania.cz\/index.php\/2023\/04\/28\/morocco-desert-challenge-2023-poznamenala-dalsi-tragedie\/#primaryimage\"},\"thumbnailUrl\":\"https:\/\/www.dakarmania.cz\/wp-content\/uploads\/2023\/04\/van-der-wouden.jpg\",\"keywords\":[\"Bram van der Wouden\",\"MDC\",\"MDC 2023\",\"Morocco Desert Challenge\",\"Morocco Desert Challenge 2023\"],\"articleSection\":[\"Morocco Desert Challenge\",\"Moto\/Quad\",\"Rally Dakar\"],\"inLanguage\":\"cs\"},{\"@type\":\"WebPage\",\"@id\":\"https:\/\/www.dakarmania.cz\/index.php\/2023\/04\/28\/morocco-desert-challenge-2023-poznamenala-dalsi-tragedie\/\",\"url\":\"https:\/\/www.dakarmania.cz\/index.php\/2023\/04\/28\/morocco-desert-challenge-2023-poznamenala-dalsi-tragedie\/\",\"name\":\"Morocco Desert Challenge 2023 poznamenala dal\u0161\u00ed trag\u00e9die - DAKARMANIA.cz\",\"isPartOf\":{\"@id\":\"https:\/\/www.dakarmania.cz\/#website\"},\"primaryImageOfPage\":{\"@id\":\"https:\/\/www.dakarmania.cz\/index.php\/2023\/04\/28\/morocco-desert-challenge-2023-poznamenala-dalsi-tragedie\/#primaryimage\"},\"image\":{\"@id\":\"https:\/\/www.dakarmania.cz\/index.php\/2023\/04\/28\/morocco-desert-challenge-2023-poznamenala-dalsi-tragedie\/#primaryimage\"},\"thumbnailUrl\":\"https:\/\/www.dakarmania.cz\/wp-content\/uploads\/2023\/04\/van-der-wouden.jpg\",\"datePublished\":\"2023-04-28T06:17:57+00:00\",\"description\":\"Pouh\u00fd den po tragick\u00e9 nehod\u011b pos\u00e1dky Garrouste, Lichtleuchter zas\u00e1hla bivak Morocco Desert Challenge 2023 dal\u0161\u00ed smutn\u00e1 ud\u00e1lost.\",\"breadcrumb\":{\"@id\":\"https:\/\/www.dakarmania.cz\/index.php\/2023\/04\/28\/morocco-desert-challenge-2023-poznamenala-dalsi-tragedie\/#breadcrumb\"},\"inLanguage\":\"cs\",\"potentialAction\":[{\"@type\":\"ReadAction\",\"target\":[\"https:\/\/www.dakarmania.cz\/index.php\/2023\/04\/28\/morocco-desert-challenge-2023-poznamenala-dalsi-tragedie\/\"]}]},{\"@type\":\"ImageObject\",\"inLanguage\":\"cs\",\"@id\":\"https:\/\/www.dakarmania.cz\/index.php\/2023\/04\/28\/morocco-desert-challenge-2023-poznamenala-dalsi-tragedie\/#primaryimage\",\"url\":\"https:\/\/www.dakarmania.cz\/wp-content\/uploads\/2023\/04\/van-der-wouden.jpg\",\"contentUrl\":\"https:\/\/www.dakarmania.cz\/wp-content\/uploads\/2023\/04\/van-der-wouden.jpg\",\"width\":1024,\"height\":683,\"caption\":\"Bram van der Wouden. \u00a9 Africa Eco Race Media\"},{\"@type\":\"BreadcrumbList\",\"@id\":\"https:\/\/www.dakarmania.cz\/index.php\/2023\/04\/28\/morocco-desert-challenge-2023-poznamenala-dalsi-tragedie\/#breadcrumb\",\"itemListElement\":[{\"@type\":\"ListItem\",\"position\":1,\"name\":\"Dom\u016f\",\"item\":\"https:\/\/www.dakarmania.cz\/\"},{\"@type\":\"ListItem\",\"position\":2,\"name\":\"Morocco Desert Challenge 2023 poznamenala dal\u0161\u00ed trag\u00e9die\"}]},{\"@type\":\"WebSite\",\"@id\":\"https:\/\/www.dakarmania.cz\/#website\",\"url\":\"https:\/\/www.dakarmania.cz\/\",\"name\":\"DAKARMANIA.cz\",\"description\":\"\u017dijeme Dakarem cel\u00fd rok\",\"publisher\":{\"@id\":\"https:\/\/www.dakarmania.cz\/#organization\"},\"potentialAction\":[{\"@type\":\"SearchAction\",\"target\":{\"@type\":\"EntryPoint\",\"urlTemplate\":\"https:\/\/www.dakarmania.cz\/?s={search_term_string}\"},\"query-input\":{\"@type\":\"PropertyValueSpecification\",\"valueRequired\":true,\"valueName\":\"search_term_string\"}}],\"inLanguage\":\"cs\"},{\"@type\":\"Organization\",\"@id\":\"https:\/\/www.dakarmania.cz\/#organization\",\"name\":\"DAKAR MANIA\",\"url\":\"https:\/\/www.dakarmania.cz\/\",\"logo\":{\"@type\":\"ImageObject\",\"inLanguage\":\"cs\",\"@id\":\"https:\/\/www.dakarmania.cz\/#\/schema\/logo\/image\/\",\"url\":\"https:\/\/www.dakarmania.cz\/wp-content\/uploads\/2018\/12\/Dakar-Mania-Logo-Square-Orange.png\",\"contentUrl\":\"https:\/\/www.dakarmania.cz\/wp-content\/uploads\/2018\/12\/Dakar-Mania-Logo-Square-Orange.png\",\"width\":992,\"height\":992,\"caption\":\"DAKAR MANIA\"},\"image\":{\"@id\":\"https:\/\/www.dakarmania.cz\/#\/schema\/logo\/image\/\"},\"sameAs\":[\"https:\/\/www.facebook.com\/dakarmania\/\"]},{\"@type\":\"Person\",\"@id\":\"https:\/\/www.dakarmania.cz\/#\/schema\/person\/04eb0e87a389631c2169c0dddae7ff1e\",\"name\":\"Zden\u011bk Zelenka\",\"image\":{\"@type\":\"ImageObject\",\"inLanguage\":\"cs\",\"@id\":\"https:\/\/www.dakarmania.cz\/#\/schema\/person\/image\/\",\"url\":\"https:\/\/secure.gravatar.com\/avatar\/2c80d5a4942fe0900b73cc7d3837a509d6ee0a276a2b76dac95c92bd0763a89b?s=96&d=mm&r=g\",\"contentUrl\":\"https:\/\/secure.gravatar.com\/avatar\/2c80d5a4942fe0900b73cc7d3837a509d6ee0a276a2b76dac95c92bd0763a89b?s=96&d=mm&r=g\",\"caption\":\"Zden\u011bk Zelenka\"},\"description\":\"Moji d\u011bt\u0161t\u00ed hrdinov\u00e9 se jmenovali Loprais, Moskal, Neveu, Vatanen, Rahier... A tihle borci, jejich n\u00e1sledovn\u00edci a jejich p\u0159\u00edb\u011bhy m\u011b nep\u0159estali fascinovat ani po letech, kdy jsem vyrostl a zam\u011bstn\u00e1valy m\u011b jin\u00e9 discipl\u00edny motorsportu. Proto se zrodila DAKARMANIA.\",\"url\":\"https:\/\/www.dakarmania.cz\/index.php\/author\/dakarmania\/\"}]}<\/script>\n<!-- \/ Yoast SEO plugin. -->","yoast_head_json":{"title":"Morocco Desert Challenge 2023 poznamenala dal\u0161\u00ed trag\u00e9die - DAKARMANIA.cz","description":"Pouh\u00fd den po tragick\u00e9 nehod\u011b pos\u00e1dky Garrouste, Lichtleuchter zas\u00e1hla bivak Morocco Desert Challenge 2023 dal\u0161\u00ed smutn\u00e1 ud\u00e1lost.","robots":{"index":"index","follow":"follow","max-snippet":"max-snippet:-1","max-image-preview":"max-image-preview:large","max-video-preview":"max-video-preview:-1"},"canonical":"https:\/\/www.dakarmania.cz\/index.php\/2023\/04\/28\/morocco-desert-challenge-2023-poznamenala-dalsi-tragedie\/","og_locale":"cs_CZ","og_type":"article","og_title":"Morocco Desert Challenge 2023 poznamenala dal\u0161\u00ed trag\u00e9die - DAKARMANIA.cz","og_description":"Pouh\u00fd den po tragick\u00e9 nehod\u011b pos\u00e1dky Garrouste, Lichtleuchter zas\u00e1hla bivak Morocco Desert Challenge 2023 dal\u0161\u00ed smutn\u00e1 ud\u00e1lost.","og_url":"https:\/\/www.dakarmania.cz\/index.php\/2023\/04\/28\/morocco-desert-challenge-2023-poznamenala-dalsi-tragedie\/","og_site_name":"DAKARMANIA.cz","article_publisher":"https:\/\/www.facebook.com\/dakarmania\/","article_published_time":"2023-04-28T06:17:57+00:00","og_image":[{"width":1024,"height":683,"url":"https:\/\/www.dakarmania.cz\/wp-content\/uploads\/2023\/04\/van-der-wouden.jpg","type":"image\/jpeg"}],"author":"Zden\u011bk Zelenka","twitter_card":"summary_large_image","twitter_misc":{"Napsal(a)":"Zden\u011bk Zelenka","Odhadovan\u00e1 doba \u010dten\u00ed":"2 minuty"},"schema":{"@context":"https:\/\/schema.org","@graph":[{"@type":"Article","@id":"https:\/\/www.dakarmania.cz\/index.php\/2023\/04\/28\/morocco-desert-challenge-2023-poznamenala-dalsi-tragedie\/#article","isPartOf":{"@id":"https:\/\/www.dakarmania.cz\/index.php\/2023\/04\/28\/morocco-desert-challenge-2023-poznamenala-dalsi-tragedie\/"},"author":{"name":"Zden\u011bk Zelenka","@id":"https:\/\/www.dakarmania.cz\/#\/schema\/person\/04eb0e87a389631c2169c0dddae7ff1e"},"headline":"Morocco Desert Challenge 2023 poznamenala dal\u0161\u00ed trag\u00e9die","datePublished":"2023-04-28T06:17:57+00:00","mainEntityOfPage":{"@id":"https:\/\/www.dakarmania.cz\/index.php\/2023\/04\/28\/morocco-desert-challenge-2023-poznamenala-dalsi-tragedie\/"},"wordCount":449,"publisher":{"@id":"https:\/\/www.dakarmania.cz\/#organization"},"image":{"@id":"https:\/\/www.dakarmania.cz\/index.php\/2023\/04\/28\/morocco-desert-challenge-2023-poznamenala-dalsi-tragedie\/#primaryimage"},"thumbnailUrl":"https:\/\/www.dakarmania.cz\/wp-content\/uploads\/2023\/04\/van-der-wouden.jpg","keywords":["Bram van der Wouden","MDC","MDC 2023","Morocco Desert Challenge","Morocco Desert Challenge 2023"],"articleSection":["Morocco Desert Challenge","Moto\/Quad","Rally Dakar"],"inLanguage":"cs"},{"@type":"WebPage","@id":"https:\/\/www.dakarmania.cz\/index.php\/2023\/04\/28\/morocco-desert-challenge-2023-poznamenala-dalsi-tragedie\/","url":"https:\/\/www.dakarmania.cz\/index.php\/2023\/04\/28\/morocco-desert-challenge-2023-poznamenala-dalsi-tragedie\/","name":"Morocco Desert Challenge 2023 poznamenala dal\u0161\u00ed trag\u00e9die - DAKARMANIA.cz","isPartOf":{"@id":"https:\/\/www.dakarmania.cz\/#website"},"primaryImageOfPage":{"@id":"https:\/\/www.dakarmania.cz\/index.php\/2023\/04\/28\/morocco-desert-challenge-2023-poznamenala-dalsi-tragedie\/#primaryimage"},"image":{"@id":"https:\/\/www.dakarmania.cz\/index.php\/2023\/04\/28\/morocco-desert-challenge-2023-poznamenala-dalsi-tragedie\/#primaryimage"},"thumbnailUrl":"https:\/\/www.dakarmania.cz\/wp-content\/uploads\/2023\/04\/van-der-wouden.jpg","datePublished":"2023-04-28T06:17:57+00:00","description":"Pouh\u00fd den po tragick\u00e9 nehod\u011b pos\u00e1dky Garrouste, Lichtleuchter zas\u00e1hla bivak Morocco Desert Challenge 2023 dal\u0161\u00ed smutn\u00e1 ud\u00e1lost.","breadcrumb":{"@id":"https:\/\/www.dakarmania.cz\/index.php\/2023\/04\/28\/morocco-desert-challenge-2023-poznamenala-dalsi-tragedie\/#breadcrumb"},"inLanguage":"cs","potentialAction":[{"@type":"ReadAction","target":["https:\/\/www.dakarmania.cz\/index.php\/2023\/04\/28\/morocco-desert-challenge-2023-poznamenala-dalsi-tragedie\/"]}]},{"@type":"ImageObject","inLanguage":"cs","@id":"https:\/\/www.dakarmania.cz\/index.php\/2023\/04\/28\/morocco-desert-challenge-2023-poznamenala-dalsi-tragedie\/#primaryimage","url":"https:\/\/www.dakarmania.cz\/wp-content\/uploads\/2023\/04\/van-der-wouden.jpg","contentUrl":"https:\/\/www.dakarmania.cz\/wp-content\/uploads\/2023\/04\/van-der-wouden.jpg","width":1024,"height":683,"caption":"Bram van der Wouden. \u00a9 Africa Eco Race Media"},{"@type":"BreadcrumbList","@id":"https:\/\/www.dakarmania.cz\/index.php\/2023\/04\/28\/morocco-desert-challenge-2023-poznamenala-dalsi-tragedie\/#breadcrumb","itemListElement":[{"@type":"ListItem","position":1,"name":"Dom\u016f","item":"https:\/\/www.dakarmania.cz\/"},{"@type":"ListItem","position":2,"name":"Morocco Desert Challenge 2023 poznamenala dal\u0161\u00ed trag\u00e9die"}]},{"@type":"WebSite","@id":"https:\/\/www.dakarmania.cz\/#website","url":"https:\/\/www.dakarmania.cz\/","name":"DAKARMANIA.cz","description":"\u017dijeme Dakarem cel\u00fd rok","publisher":{"@id":"https:\/\/www.dakarmania.cz\/#organization"},"potentialAction":[{"@type":"SearchAction","target":{"@type":"EntryPoint","urlTemplate":"https:\/\/www.dakarmania.cz\/?s={search_term_string}"},"query-input":{"@type":"PropertyValueSpecification","valueRequired":true,"valueName":"search_term_string"}}],"inLanguage":"cs"},{"@type":"Organization","@id":"https:\/\/www.dakarmania.cz\/#organization","name":"DAKAR MANIA","url":"https:\/\/www.dakarmania.cz\/","logo":{"@type":"ImageObject","inLanguage":"cs","@id":"https:\/\/www.dakarmania.cz\/#\/schema\/logo\/image\/","url":"https:\/\/www.dakarmania.cz\/wp-content\/uploads\/2018\/12\/Dakar-Mania-Logo-Square-Orange.png","contentUrl":"https:\/\/www.dakarmania.cz\/wp-content\/uploads\/2018\/12\/Dakar-Mania-Logo-Square-Orange.png","width":992,"height":992,"caption":"DAKAR MANIA"},"image":{"@id":"https:\/\/www.dakarmania.cz\/#\/schema\/logo\/image\/"},"sameAs":["https:\/\/www.facebook.com\/dakarmania\/"]},{"@type":"Person","@id":"https:\/\/www.dakarmania.cz\/#\/schema\/person\/04eb0e87a389631c2169c0dddae7ff1e","name":"Zden\u011bk Zelenka","image":{"@type":"ImageObject","inLanguage":"cs","@id":"https:\/\/www.dakarmania.cz\/#\/schema\/person\/image\/","url":"https:\/\/secure.gravatar.com\/avatar\/2c80d5a4942fe0900b73cc7d3837a509d6ee0a276a2b76dac95c92bd0763a89b?s=96&d=mm&r=g","contentUrl":"https:\/\/secure.gravatar.com\/avatar\/2c80d5a4942fe0900b73cc7d3837a509d6ee0a276a2b76dac95c92bd0763a89b?s=96&d=mm&r=g","caption":"Zden\u011bk Zelenka"},"description":"Moji d\u011bt\u0161t\u00ed hrdinov\u00e9 se jmenovali Loprais, Moskal, Neveu, Vatanen, Rahier... A tihle borci, jejich n\u00e1sledovn\u00edci a jejich p\u0159\u00edb\u011bhy m\u011b nep\u0159estali fascinovat ani po letech, kdy jsem vyrostl a zam\u011bstn\u00e1valy m\u011b jin\u00e9 discipl\u00edny motorsportu. Proto se zrodila DAKARMANIA.","url":"https:\/\/www.dakarmania.cz\/index.php\/author\/dakarmania\/"}]}},"amp_enabled":true,"_links":{"self":[{"href":"https:\/\/www.dakarmania.cz\/index.php\/wp-json\/wp\/v2\/posts\/27098","targetHints":{"allow":["GET"]}}],"collection":[{"href":"https:\/\/www.dakarmania.cz\/index.php\/wp-json\/wp\/v2\/posts"}],"about":[{"href":"https:\/\/www.dakarmania.cz\/index.php\/wp-json\/wp\/v2\/types\/post"}],"author":[{"embeddable":true,"href":"https:\/\/www.dakarmania.cz\/index.php\/wp-json\/wp\/v2\/users\/1"}],"replies":[{"embeddable":true,"href":"https:\/\/www.dakarmania.cz\/index.php\/wp-json\/wp\/v2\/comments?post=27098"}],"version-history":[{"count":1,"href":"https:\/\/www.dakarmania.cz\/index.php\/wp-json\/wp\/v2\/posts\/27098\/revisions"}],"predecessor-version":[{"id":27099,"href":"https:\/\/www.dakarmania.cz\/index.php\/wp-json\/wp\/v2\/posts\/27098\/revisions\/27099"}],"wp:featuredmedia":[{"embeddable":true,"href":"https:\/\/www.dakarmania.cz\/index.php\/wp-json\/wp\/v2\/media\/27097"}],"wp:attachment":[{"href":"https:\/\/www.dakarmania.cz\/index.php\/wp-json\/wp\/v2\/media?parent=27098"}],"wp:term":[{"taxonomy":"category","embeddable":true,"href":"https:\/\/www.dakarmania.cz\/index.php\/wp-json\/wp\/v2\/categories?post=27098"},{"taxonomy":"post_tag","embeddable":true,"href":"https:\/\/www.dakarmania.cz\/index.php\/wp-json\/wp\/v2\/tags?post=27098"}],"curies":[{"name":"wp","href":"https:\/\/api.w.org\/{rel}","templated":true}]}}