{"id":27135,"date":"2023-04-29T14:01:40","date_gmt":"2023-04-29T12:01:40","guid":{"rendered":"https:\/\/www.dakarmania.cz\/?p=27135"},"modified":"2023-04-29T14:01:40","modified_gmt":"2023-04-29T12:01:40","slug":"sonora-al-attiyah-se-ujima-vedeni-v-sampionatu","status":"publish","type":"post","link":"https:\/\/www.dakarmania.cz\/index.php\/2023\/04\/29\/sonora-al-attiyah-se-ujima-vedeni-v-sampionatu\/","title":{"rendered":"Sonora: Al-Attiyah se uj\u00edm\u00e1 veden\u00ed v \u0161ampion\u00e1tu"},"content":{"rendered":"<p>[vc_row][vc_column][vc_column_text css_animation=&#8221;fadeIn&#8221;]<\/p>\n<h3>Nasser Al-Attiyah a Mathieu Baumel sice vyhr\u00e1li druhou ze t\u0159\u00ed dosud odjet\u00fdch sout\u011b\u017e\u00ed leto\u0161n\u00ed sezony, ale teprve po Sonora Rally se prosadili na prvn\u00ed p\u0159\u00ed\u010dku i v pr\u016fb\u011b\u017en\u00e9 klasifikaci mistrovstv\u00ed sv\u011bta v d\u00e1lkov\u00fdch rally.<\/h3>\n<p>[\/vc_column_text][vc_single_image image=&#8221;27133&#8243; img_size=&#8221;large&#8221; add_caption=&#8221;yes&#8221; alignment=&#8221;center&#8221; onclick=&#8221;link_image&#8221; css_animation=&#8221;fadeIn&#8221;][vc_column_text css_animation=&#8221;fadeIn&#8221;]Al-Attiyah stoprocentn\u011b od\u010dinil <a href=\"https:\/\/www.dakarmania.cz\/index.php\/2023\/03\/01\/addc-al-attiyah-odstupuje-prokop-stoupa\/\">zav\u00e1h\u00e1n\u00ed z p\u0159edchoz\u00ed Abu Dhabi Desert Challenge<\/a> (ADDC), kter\u00e1 pro n\u011bj po s\u00e9rii kotrmelc\u016f skon\u010dila p\u0159ed\u010dasn\u011b. V\u00edt\u011bz lednov\u00e9ho Dakaru s tov\u00e1rn\u00ed Toyotou ovl\u00e1dl i sonorskou rally a na \u010dele pr\u016fb\u011b\u017en\u00e9ho po\u0159ad\u00ed \u0161ampion\u00e1tu vyst\u0159\u00eddal S\u00e9bastiena Loeba. Francouz do Mexika p\u0159ijel se \u0161estn\u00e1ctibodov\u00fdm n\u00e1skokem p\u0159ed katarsk\u00fdm rivalem, ale po <a href=\"https:\/\/www.dakarmania.cz\/index.php\/2023\/04\/27\/sonora-sebastien-loeb-po-havarii-konci\/\">hav\u00e1rii ve t\u0159et\u00ed etap\u011b<\/a> vy\u0161el tentokr\u00e1t napr\u00e1zdno. Po t\u0159ech z p\u011bti sout\u011b\u017e\u00ed m\u00e1 Al-Attiyah na kont\u011b 136 bod\u016f, zat\u00edmco Loeb (101 b.) klesl na t\u0159et\u00ed p\u0159\u00ed\u010dku.<\/p>\n<p>Jezdce t\u00fdmu Bahrain Raid Xtreme p\u0159edstihl tak\u00e9 Yazeed Al-Rajhi (Toyota Overdrive, 106 b.), jen\u017e na v\u00edt\u011bzstv\u00ed na ADDC nav\u00e1zal v Mexiku druh\u00fdm m\u00edstem. V c\u00edli d\u011blilo sa\u00fadskoarabsk\u00e9ho z\u00e1vodn\u00edka od v\u00edt\u011bzn\u00e9ho Al-Attiyaha \u0161est minut a 22 sekund.<\/p>\n<p>Dosud nejlep\u0161\u00edho v\u00fdsledku ve sv\u011btov\u00e9m \u0161ampion\u00e1tu dos\u00e1hla nov\u00e1 Mini JCW Rally Plus, kter\u00e1 n\u011bmeck\u00fd X-raid poprv\u00e9 nasadil na leto\u0161n\u00edm Dakaru. Argentinec Sebasti\u00e1n Halpern z\u00edskal bronz (+ 14:18 min), s kyrgyzskou licenc\u00ed z\u00e1vod\u00edc\u00ed Rus Denis Krotov (+ 25:48 min) skon\u010dil t\u011bsn\u011b pod stupni v\u00edt\u011bz\u016f.[\/vc_column_text][vc_single_image image=&#8221;27134&#8243; img_size=&#8221;large&#8221; add_caption=&#8221;yes&#8221; alignment=&#8221;center&#8221; onclick=&#8221;link_image&#8221; css_animation=&#8221;fadeIn&#8221;][vc_column_text css_animation=&#8221;fadeIn&#8221;]Ze sedm\u00e9ho na p\u00e1t\u00e9 m\u00edsto se v z\u00e1v\u011bru sout\u011b\u017ee posunul Juan Cruz Yacopini s dal\u0161\u00edm Hiluxem od Overdrivu. Argentinec v posledn\u00ed etap\u011b p\u0159edstihl \u010c\u00ed\u0148ana \u010canga (BAIC) a profitoval tak\u00e9 z velk\u00e9ho zav\u00e1h\u00e1n\u00ed Marcose Baumgarta. Brazilec s Hunterem v barv\u00e1ch vlastn\u00edho X Rally Teamu uv\u00edzl v dun\u00e1ch (stejn\u011b jako jeho bratr Cristian), na nejrychlej\u0161\u00edho Al-Rajhiho ztratil na kr\u00e1tk\u00e9 speci\u00e1lce (139 km) v\u00edce ne\u017e hodinu a v kone\u010dn\u00fdch v\u00fdsledc\u00edch propadl z p\u00e1t\u00e9 a\u017e na \u010dtrn\u00e1ctou p\u0159\u00ed\u010dku.<\/p>\n<p>Ve skupin\u011b T3 v\u00fdhru uh\u00e1jil Mitch Guthrie s buginou MCE-5 v barv\u00e1ch Red Bullu, nebo\u0165 Mattias Ekstr\u00f6m (South Racing Can-Am) na trati nadlouho uv\u00edzl za relativn\u011b pomal\u00fdm \u010cangem s \u010d\u00ednsk\u00fdm speci\u00e1lem BAIC ORV t\u0159\u00eddy T1+ a n\u00e1sledn\u011b prorazil pneumatiku. \u0160v\u00e9d tak s Ameri\u010danem prohr\u00e1l o \u0161est a p\u016fl minuty a musel se sm\u00ed\u0159it s druh\u00fdm m\u00edstem.<\/p>\n<p>Austin Jones (Can-Am, Red Bull Off-Road Junior Team) v posledn\u00ed etap\u011b udolal Cristinu Guti\u00e9rrez (Red Bull Can-Am Factory Team) a p\u0159ipravil \u0160pan\u011blku o um\u00edst\u011bn\u00ed na stupn\u00edch v\u00edt\u011bz\u016f. D\u00edky tomu Ameri\u010dan o bod p\u0159edstihl krajana a t\u00fdmov\u00e9ho kolegu Setha Quintera a ujal se veden\u00ed v \u0161ampion\u00e1tu jezdc\u016f skupiny T3. Guthrie je s dvacetibodov\u00fdm odstupem t\u0159et\u00ed, Gutierr\u00e9z se d\u011bl\u00ed o \u010dtvrt\u00e9 m\u00edsto se sv\u00fdm t\u00fdmov\u00fdm kolegou Chalecem L\u00f3pezem.[\/vc_column_text][vc_column_text css_animation=&#8221;fadeIn&#8221; css=&#8221;.vc_custom_1682769093191{border-top-width: 1px !important;border-right-width: 1px !important;border-bottom-width: 1px !important;border-left-width: 1px !important;padding-top: 10px !important;padding-right: 10px !important;padding-bottom: 10px !important;padding-left: 10px !important;background-color: #f2f2f2 !important;border-left-color: #ee8027 !important;border-left-style: solid !important;border-right-color: #ee8027 !important;border-right-style: solid !important;border-top-color: #ee8027 !important;border-top-style: solid !important;border-bottom-color: #ee8027 !important;border-bottom-style: solid !important;border-radius: 1px !important;}&#8221;]<\/p>\n<table style=\"border-collapse: collapse; width: 97.7654%;\" cellpadding=\"4px\">\n<tbody>\n<tr>\n<td style=\"vertical-align: top; width: 35%;\"><a href=\"https:\/\/eshop.dakarmania.cz\/knihy-casopisy\/\"><img loading=\"lazy\" decoding=\"async\" class=\"size-medium wp-image-27103 aligncenter\" src=\"\/wp-content\/uploads\/2023\/04\/dkrm-vyprodej2.jpg\" alt=\"E-shop DAKARMANIA | Sb\u011bratelsk\u00e9 modely\" width=\"150\" height=\"150\" \/><\/a><\/td>\n<td style=\"vertical-align: center; width: 65%; text-align: center;\"><span style=\"font-size: 9pt;\"><strong><a href=\"https:\/\/eshop.dakarmania.cz\/knihy-casopisy\/\">TOT\u00c1LN\u00cd V\u00ddPRODEJ<\/a><\/strong><\/span><br \/>\n<span style=\"font-size: 13pt;\"><strong><a href=\"https:\/\/eshop.dakarmania.cz\/knihy-casopisy\/\">magaz\u00edny DAKARMANIA za t\u0159etinu<\/a><\/strong><\/span><br \/>\n<span style=\"font-size: 9pt;\"><strong><a href=\"https:\/\/eshop.dakarmania.cz\/knihy-casopisy\/\">eshop.dakarmania.cz<\/a><\/strong><\/span><\/td>\n<\/tr>\n<\/tbody>\n<\/table>\n<p>[\/vc_column_text][vc_column_text css_animation=&#8221;fadeIn&#8221;]Rokas Baciu\u0161ka (Red Bull Can-Am Factory Team) byl ve v\u0161ech etap\u00e1ch nejrychlej\u0161\u00ed z jezdc\u016f s vozy skupiny T4 a ovl\u00e1dl hodnocen\u00ed s\u00e9riov\u00fdch S\u00d7S s t\u00e9m\u011b\u0159 dvouhodinov\u00fdm n\u00e1skokem p\u0159ed Italkou Rebeccou Busi (Can-Am, FN Speed).<\/p>\n<p>Po\u0159ad\u00ed \u0161ampion\u00e1tu vede Litevec o 103 bod\u016f p\u0159ed Erykem Gocza\u0142em, jen\u017e v\u0161ak po triumfu na Dakaru dal p\u0159ednost studijn\u00edm povinnostem a z\u00e1rove\u0148 se p\u0159ipravuje na p\u0159estup do presti\u017en\u011bj\u0161\u00ed skupiny T3.<\/p>\n<p>Nejbli\u017e\u0161\u00edm Baciu\u0161kov\u00fdm skute\u010dn\u00fdm pron\u00e1sledovatelem tud\u00ed\u017e nyn\u00ed z\u016fst\u00e1v\u00e1 \u0160insuke Umeda (Polaris, Xtreme Plus). V Mexiku obsadil Japonec t\u0159et\u00ed m\u00edsto (+ 3:47: 38 hod) a od l\u00eddra tabulky jej d\u011bl\u00ed u\u017e 110 bod\u016f.<\/p>\n<p>Mistrovstv\u00ed sv\u011bta v d\u00e1lkov\u00fdch rally nyn\u00ed \u010dek\u00e1 \u010dty\u0159m\u011bs\u00ed\u010dn\u00ed p\u0159est\u00e1vka. \u010ctvrt\u00fdm podnikem sezony bude jihoamerick\u00e1 Desaf\u00edo Ruta 40, kter\u00e1 se v Argentin\u011b uskute\u010dn\u00ed od 26. srpna do 1. z\u00e1\u0159\u00ed.[\/vc_column_text][vc_empty_space height=&#8221;2px&#8221;][\/vc_column][\/vc_row][vc_row][vc_column][\/vc_column][\/vc_row]<\/p>\n","protected":false},"excerpt":{"rendered":"<p>Nasser Al-Attiyah sice vyhr\u00e1l druhou ze t\u0159\u00ed dosud odjet\u00fdch sout\u011b\u017e\u00ed leto\u0161n\u00ed sezony, ale teprve po Sonora Rally se ujal veden\u00ed v \u0161ampion\u00e1tu.<\/p>\n","protected":false},"author":1,"featured_media":27133,"comment_status":"closed","ping_status":"closed","sticky":false,"template":"","format":"standard","meta":{"footnotes":""},"categories":[3,2043,1992],"tags":[1705,1271,1741,2073,1740,95,1646,310,570,2067,1971,2046,204,1815,2049,219,1861,203,326,572,1694,2063,2016,1770,2009,1972,207,2074,673,2044,458,201,202,1993,1994,2048,220,2075,327],"class_list":["post-27135","post","type-post","status-publish","format-standard","has-post-thumbnail","hentry","category-auto","category-sonora-rally","category-w2rc","tag-1705","tag-austin-jones","tag-bahrain-raid-xtreme","tag-baic","tag-brx","tag-can-am","tag-cristina-gutierrez","tag-denis-krotov","tag-fn-speed-team","tag-francisco-lopez","tag-juan-cruz-yacopini","tag-marcos-baumgart","tag-mathieu-baumel","tag-mattias-ekstrom","tag-mce-5","tag-mini","tag-mitch-guthrie","tag-nasser-al-attiyah","tag-overdrive-racing","tag-polaris","tag-prodrive","tag-rebecca-busi","tag-red-bull-can-am-factory-team","tag-red-bull-off-road-junior-team","tag-rokas-baciuska","tag-sebastian-halpern","tag-sebastien-loeb","tag-sinsuke-umeda","tag-sonora-rally","tag-sonora-rally-2023","tag-south-racing","tag-toyota","tag-toyota-gazoo-racing","tag-w2rc","tag-w2rc-2023","tag-x-rally-team","tag-x-raid","tag-xtreme-plus","tag-yazeed-al-rajhi"],"yoast_head":"<!-- This site is optimized with the Yoast SEO plugin v24.9 - https:\/\/yoast.com\/wordpress\/plugins\/seo\/ -->\n<title>Sonora: Al-Attiyah se uj\u00edm\u00e1 veden\u00ed v \u0161ampion\u00e1tu - DAKARMANIA.cz<\/title>\n<meta name=\"description\" content=\"Nasser Al-Attiyah sice vyhr\u00e1l druhou ze t\u0159\u00ed dosud odjet\u00fdch sout\u011b\u017e\u00ed leto\u0161n\u00ed sezony, ale teprve po Sonora Rally se ujal veden\u00ed v \u0161ampion\u00e1tu.\" \/>\n<meta name=\"robots\" content=\"index, follow, max-snippet:-1, max-image-preview:large, max-video-preview:-1\" \/>\n<link rel=\"canonical\" href=\"https:\/\/www.dakarmania.cz\/index.php\/2023\/04\/29\/sonora-al-attiyah-se-ujima-vedeni-v-sampionatu\/\" \/>\n<meta property=\"og:locale\" content=\"cs_CZ\" \/>\n<meta property=\"og:type\" content=\"article\" \/>\n<meta property=\"og:title\" content=\"Sonora: Al-Attiyah se uj\u00edm\u00e1 veden\u00ed v \u0161ampion\u00e1tu - DAKARMANIA.cz\" \/>\n<meta property=\"og:description\" content=\"Nasser Al-Attiyah sice vyhr\u00e1l druhou ze t\u0159\u00ed dosud odjet\u00fdch sout\u011b\u017e\u00ed leto\u0161n\u00ed sezony, ale teprve po Sonora Rally se ujal veden\u00ed v \u0161ampion\u00e1tu.\" \/>\n<meta property=\"og:url\" content=\"https:\/\/www.dakarmania.cz\/index.php\/2023\/04\/29\/sonora-al-attiyah-se-ujima-vedeni-v-sampionatu\/\" \/>\n<meta property=\"og:site_name\" content=\"DAKARMANIA.cz\" \/>\n<meta property=\"article:publisher\" content=\"https:\/\/www.facebook.com\/dakarmania\/\" \/>\n<meta property=\"article:published_time\" content=\"2023-04-29T12:01:40+00:00\" \/>\n<meta property=\"og:image\" content=\"https:\/\/www.dakarmania.cz\/wp-content\/uploads\/2023\/04\/23-sonora-al-attiyah-02.jpg\" \/>\n\t<meta property=\"og:image:width\" content=\"1024\" \/>\n\t<meta property=\"og:image:height\" content=\"683\" \/>\n\t<meta property=\"og:image:type\" content=\"image\/jpeg\" \/>\n<meta name=\"author\" content=\"Zden\u011bk Zelenka\" \/>\n<meta name=\"twitter:card\" content=\"summary_large_image\" \/>\n<meta name=\"twitter:label1\" content=\"Napsal(a)\" \/>\n\t<meta name=\"twitter:data1\" content=\"Zden\u011bk Zelenka\" \/>\n\t<meta name=\"twitter:label2\" content=\"Odhadovan\u00e1 doba \u010dten\u00ed\" \/>\n\t<meta name=\"twitter:data2\" content=\"4 minuty\" \/>\n<script type=\"application\/ld+json\" class=\"yoast-schema-graph\">{\"@context\":\"https:\/\/schema.org\",\"@graph\":[{\"@type\":\"Article\",\"@id\":\"https:\/\/www.dakarmania.cz\/index.php\/2023\/04\/29\/sonora-al-attiyah-se-ujima-vedeni-v-sampionatu\/#article\",\"isPartOf\":{\"@id\":\"https:\/\/www.dakarmania.cz\/index.php\/2023\/04\/29\/sonora-al-attiyah-se-ujima-vedeni-v-sampionatu\/\"},\"author\":{\"name\":\"Zden\u011bk Zelenka\",\"@id\":\"https:\/\/www.dakarmania.cz\/#\/schema\/person\/04eb0e87a389631c2169c0dddae7ff1e\"},\"headline\":\"Sonora: Al-Attiyah se uj\u00edm\u00e1 veden\u00ed v \u0161ampion\u00e1tu\",\"datePublished\":\"2023-04-29T12:01:40+00:00\",\"mainEntityOfPage\":{\"@id\":\"https:\/\/www.dakarmania.cz\/index.php\/2023\/04\/29\/sonora-al-attiyah-se-ujima-vedeni-v-sampionatu\/\"},\"wordCount\":865,\"publisher\":{\"@id\":\"https:\/\/www.dakarmania.cz\/#organization\"},\"image\":{\"@id\":\"https:\/\/www.dakarmania.cz\/index.php\/2023\/04\/29\/sonora-al-attiyah-se-ujima-vedeni-v-sampionatu\/#primaryimage\"},\"thumbnailUrl\":\"https:\/\/www.dakarmania.cz\/wp-content\/uploads\/2023\/04\/23-sonora-al-attiyah-02.jpg\",\"keywords\":[\"2023\",\"Austin Jones\",\"Bahrain Raid Xtreme\",\"BAIC\",\"BRX\",\"Can-Am\",\"Cristina Guti\u00e9rrez\",\"Denis Krotov\",\"FN Speed Team\",\"Francisco L\u00f3pez\",\"Juan Cruz Yacopini\",\"Marcos Baumgart\",\"Mathieu Baumel\",\"Mattias Ekstr\u00f6m\",\"MCE-5\",\"Mini\",\"Mitch Guthrie\",\"Nasser Al-Attiyah\",\"Overdrive Racing\",\"Polaris\",\"Prodrive\",\"Rebecca Busi\",\"Red Bull Can-Am Factory Team\",\"Red Bull Off-Road Junior Team\",\"Rokas Baciu\u0161ka\",\"Sebasti\u00e1n Halpern\",\"S\u00e9bastien Loeb\",\"\u0160insuke Umeda\",\"Sonora Rally\",\"Sonora Rally 2023\",\"South Racing\",\"Toyota\",\"Toyota Gazoo Racing\",\"W2RC\",\"W2RC 2023\",\"X Rally Team\",\"X-raid\",\"Xtreme Plus\",\"Yazeed Al-Rajhi\"],\"articleSection\":[\"Auto\",\"Sonora Rally\",\"W2RC\"],\"inLanguage\":\"cs\"},{\"@type\":\"WebPage\",\"@id\":\"https:\/\/www.dakarmania.cz\/index.php\/2023\/04\/29\/sonora-al-attiyah-se-ujima-vedeni-v-sampionatu\/\",\"url\":\"https:\/\/www.dakarmania.cz\/index.php\/2023\/04\/29\/sonora-al-attiyah-se-ujima-vedeni-v-sampionatu\/\",\"name\":\"Sonora: Al-Attiyah se uj\u00edm\u00e1 veden\u00ed v \u0161ampion\u00e1tu - DAKARMANIA.cz\",\"isPartOf\":{\"@id\":\"https:\/\/www.dakarmania.cz\/#website\"},\"primaryImageOfPage\":{\"@id\":\"https:\/\/www.dakarmania.cz\/index.php\/2023\/04\/29\/sonora-al-attiyah-se-ujima-vedeni-v-sampionatu\/#primaryimage\"},\"image\":{\"@id\":\"https:\/\/www.dakarmania.cz\/index.php\/2023\/04\/29\/sonora-al-attiyah-se-ujima-vedeni-v-sampionatu\/#primaryimage\"},\"thumbnailUrl\":\"https:\/\/www.dakarmania.cz\/wp-content\/uploads\/2023\/04\/23-sonora-al-attiyah-02.jpg\",\"datePublished\":\"2023-04-29T12:01:40+00:00\",\"description\":\"Nasser Al-Attiyah sice vyhr\u00e1l druhou ze t\u0159\u00ed dosud odjet\u00fdch sout\u011b\u017e\u00ed leto\u0161n\u00ed sezony, ale teprve po Sonora Rally se ujal veden\u00ed v \u0161ampion\u00e1tu.\",\"breadcrumb\":{\"@id\":\"https:\/\/www.dakarmania.cz\/index.php\/2023\/04\/29\/sonora-al-attiyah-se-ujima-vedeni-v-sampionatu\/#breadcrumb\"},\"inLanguage\":\"cs\",\"potentialAction\":[{\"@type\":\"ReadAction\",\"target\":[\"https:\/\/www.dakarmania.cz\/index.php\/2023\/04\/29\/sonora-al-attiyah-se-ujima-vedeni-v-sampionatu\/\"]}]},{\"@type\":\"ImageObject\",\"inLanguage\":\"cs\",\"@id\":\"https:\/\/www.dakarmania.cz\/index.php\/2023\/04\/29\/sonora-al-attiyah-se-ujima-vedeni-v-sampionatu\/#primaryimage\",\"url\":\"https:\/\/www.dakarmania.cz\/wp-content\/uploads\/2023\/04\/23-sonora-al-attiyah-02.jpg\",\"contentUrl\":\"https:\/\/www.dakarmania.cz\/wp-content\/uploads\/2023\/04\/23-sonora-al-attiyah-02.jpg\",\"width\":1024,\"height\":683,\"caption\":\"Nasser Al-Attiyah \/ Mathieu Baumel, Toyota GR DKR Hilux, Toyota Gazoo Racing. Sonora Rally 2023. \u00a9 Red Bull\"},{\"@type\":\"BreadcrumbList\",\"@id\":\"https:\/\/www.dakarmania.cz\/index.php\/2023\/04\/29\/sonora-al-attiyah-se-ujima-vedeni-v-sampionatu\/#breadcrumb\",\"itemListElement\":[{\"@type\":\"ListItem\",\"position\":1,\"name\":\"Dom\u016f\",\"item\":\"https:\/\/www.dakarmania.cz\/\"},{\"@type\":\"ListItem\",\"position\":2,\"name\":\"Sonora: Al-Attiyah se uj\u00edm\u00e1 veden\u00ed v \u0161ampion\u00e1tu\"}]},{\"@type\":\"WebSite\",\"@id\":\"https:\/\/www.dakarmania.cz\/#website\",\"url\":\"https:\/\/www.dakarmania.cz\/\",\"name\":\"DAKARMANIA.cz\",\"description\":\"\u017dijeme Dakarem cel\u00fd rok\",\"publisher\":{\"@id\":\"https:\/\/www.dakarmania.cz\/#organization\"},\"potentialAction\":[{\"@type\":\"SearchAction\",\"target\":{\"@type\":\"EntryPoint\",\"urlTemplate\":\"https:\/\/www.dakarmania.cz\/?s={search_term_string}\"},\"query-input\":{\"@type\":\"PropertyValueSpecification\",\"valueRequired\":true,\"valueName\":\"search_term_string\"}}],\"inLanguage\":\"cs\"},{\"@type\":\"Organization\",\"@id\":\"https:\/\/www.dakarmania.cz\/#organization\",\"name\":\"DAKAR MANIA\",\"url\":\"https:\/\/www.dakarmania.cz\/\",\"logo\":{\"@type\":\"ImageObject\",\"inLanguage\":\"cs\",\"@id\":\"https:\/\/www.dakarmania.cz\/#\/schema\/logo\/image\/\",\"url\":\"https:\/\/www.dakarmania.cz\/wp-content\/uploads\/2018\/12\/Dakar-Mania-Logo-Square-Orange.png\",\"contentUrl\":\"https:\/\/www.dakarmania.cz\/wp-content\/uploads\/2018\/12\/Dakar-Mania-Logo-Square-Orange.png\",\"width\":992,\"height\":992,\"caption\":\"DAKAR MANIA\"},\"image\":{\"@id\":\"https:\/\/www.dakarmania.cz\/#\/schema\/logo\/image\/\"},\"sameAs\":[\"https:\/\/www.facebook.com\/dakarmania\/\"]},{\"@type\":\"Person\",\"@id\":\"https:\/\/www.dakarmania.cz\/#\/schema\/person\/04eb0e87a389631c2169c0dddae7ff1e\",\"name\":\"Zden\u011bk Zelenka\",\"image\":{\"@type\":\"ImageObject\",\"inLanguage\":\"cs\",\"@id\":\"https:\/\/www.dakarmania.cz\/#\/schema\/person\/image\/\",\"url\":\"https:\/\/secure.gravatar.com\/avatar\/2c80d5a4942fe0900b73cc7d3837a509d6ee0a276a2b76dac95c92bd0763a89b?s=96&d=mm&r=g\",\"contentUrl\":\"https:\/\/secure.gravatar.com\/avatar\/2c80d5a4942fe0900b73cc7d3837a509d6ee0a276a2b76dac95c92bd0763a89b?s=96&d=mm&r=g\",\"caption\":\"Zden\u011bk Zelenka\"},\"description\":\"Moji d\u011bt\u0161t\u00ed hrdinov\u00e9 se jmenovali Loprais, Moskal, Neveu, Vatanen, Rahier... A tihle borci, jejich n\u00e1sledovn\u00edci a jejich p\u0159\u00edb\u011bhy m\u011b nep\u0159estali fascinovat ani po letech, kdy jsem vyrostl a zam\u011bstn\u00e1valy m\u011b jin\u00e9 discipl\u00edny motorsportu. Proto se zrodila DAKARMANIA.\",\"url\":\"https:\/\/www.dakarmania.cz\/index.php\/author\/dakarmania\/\"}]}<\/script>\n<!-- \/ Yoast SEO plugin. -->","yoast_head_json":{"title":"Sonora: Al-Attiyah se uj\u00edm\u00e1 veden\u00ed v \u0161ampion\u00e1tu - DAKARMANIA.cz","description":"Nasser Al-Attiyah sice vyhr\u00e1l druhou ze t\u0159\u00ed dosud odjet\u00fdch sout\u011b\u017e\u00ed leto\u0161n\u00ed sezony, ale teprve po Sonora Rally se ujal veden\u00ed v \u0161ampion\u00e1tu.","robots":{"index":"index","follow":"follow","max-snippet":"max-snippet:-1","max-image-preview":"max-image-preview:large","max-video-preview":"max-video-preview:-1"},"canonical":"https:\/\/www.dakarmania.cz\/index.php\/2023\/04\/29\/sonora-al-attiyah-se-ujima-vedeni-v-sampionatu\/","og_locale":"cs_CZ","og_type":"article","og_title":"Sonora: Al-Attiyah se uj\u00edm\u00e1 veden\u00ed v \u0161ampion\u00e1tu - DAKARMANIA.cz","og_description":"Nasser Al-Attiyah sice vyhr\u00e1l druhou ze t\u0159\u00ed dosud odjet\u00fdch sout\u011b\u017e\u00ed leto\u0161n\u00ed sezony, ale teprve po Sonora Rally se ujal veden\u00ed v \u0161ampion\u00e1tu.","og_url":"https:\/\/www.dakarmania.cz\/index.php\/2023\/04\/29\/sonora-al-attiyah-se-ujima-vedeni-v-sampionatu\/","og_site_name":"DAKARMANIA.cz","article_publisher":"https:\/\/www.facebook.com\/dakarmania\/","article_published_time":"2023-04-29T12:01:40+00:00","og_image":[{"width":1024,"height":683,"url":"https:\/\/www.dakarmania.cz\/wp-content\/uploads\/2023\/04\/23-sonora-al-attiyah-02.jpg","type":"image\/jpeg"}],"author":"Zden\u011bk Zelenka","twitter_card":"summary_large_image","twitter_misc":{"Napsal(a)":"Zden\u011bk Zelenka","Odhadovan\u00e1 doba \u010dten\u00ed":"4 minuty"},"schema":{"@context":"https:\/\/schema.org","@graph":[{"@type":"Article","@id":"https:\/\/www.dakarmania.cz\/index.php\/2023\/04\/29\/sonora-al-attiyah-se-ujima-vedeni-v-sampionatu\/#article","isPartOf":{"@id":"https:\/\/www.dakarmania.cz\/index.php\/2023\/04\/29\/sonora-al-attiyah-se-ujima-vedeni-v-sampionatu\/"},"author":{"name":"Zden\u011bk Zelenka","@id":"https:\/\/www.dakarmania.cz\/#\/schema\/person\/04eb0e87a389631c2169c0dddae7ff1e"},"headline":"Sonora: Al-Attiyah se uj\u00edm\u00e1 veden\u00ed v \u0161ampion\u00e1tu","datePublished":"2023-04-29T12:01:40+00:00","mainEntityOfPage":{"@id":"https:\/\/www.dakarmania.cz\/index.php\/2023\/04\/29\/sonora-al-attiyah-se-ujima-vedeni-v-sampionatu\/"},"wordCount":865,"publisher":{"@id":"https:\/\/www.dakarmania.cz\/#organization"},"image":{"@id":"https:\/\/www.dakarmania.cz\/index.php\/2023\/04\/29\/sonora-al-attiyah-se-ujima-vedeni-v-sampionatu\/#primaryimage"},"thumbnailUrl":"https:\/\/www.dakarmania.cz\/wp-content\/uploads\/2023\/04\/23-sonora-al-attiyah-02.jpg","keywords":["2023","Austin Jones","Bahrain Raid Xtreme","BAIC","BRX","Can-Am","Cristina Guti\u00e9rrez","Denis Krotov","FN Speed Team","Francisco L\u00f3pez","Juan Cruz Yacopini","Marcos Baumgart","Mathieu Baumel","Mattias Ekstr\u00f6m","MCE-5","Mini","Mitch Guthrie","Nasser Al-Attiyah","Overdrive Racing","Polaris","Prodrive","Rebecca Busi","Red Bull Can-Am Factory Team","Red Bull Off-Road Junior Team","Rokas Baciu\u0161ka","Sebasti\u00e1n Halpern","S\u00e9bastien Loeb","\u0160insuke Umeda","Sonora Rally","Sonora Rally 2023","South Racing","Toyota","Toyota Gazoo Racing","W2RC","W2RC 2023","X Rally Team","X-raid","Xtreme Plus","Yazeed Al-Rajhi"],"articleSection":["Auto","Sonora Rally","W2RC"],"inLanguage":"cs"},{"@type":"WebPage","@id":"https:\/\/www.dakarmania.cz\/index.php\/2023\/04\/29\/sonora-al-attiyah-se-ujima-vedeni-v-sampionatu\/","url":"https:\/\/www.dakarmania.cz\/index.php\/2023\/04\/29\/sonora-al-attiyah-se-ujima-vedeni-v-sampionatu\/","name":"Sonora: Al-Attiyah se uj\u00edm\u00e1 veden\u00ed v \u0161ampion\u00e1tu - DAKARMANIA.cz","isPartOf":{"@id":"https:\/\/www.dakarmania.cz\/#website"},"primaryImageOfPage":{"@id":"https:\/\/www.dakarmania.cz\/index.php\/2023\/04\/29\/sonora-al-attiyah-se-ujima-vedeni-v-sampionatu\/#primaryimage"},"image":{"@id":"https:\/\/www.dakarmania.cz\/index.php\/2023\/04\/29\/sonora-al-attiyah-se-ujima-vedeni-v-sampionatu\/#primaryimage"},"thumbnailUrl":"https:\/\/www.dakarmania.cz\/wp-content\/uploads\/2023\/04\/23-sonora-al-attiyah-02.jpg","datePublished":"2023-04-29T12:01:40+00:00","description":"Nasser Al-Attiyah sice vyhr\u00e1l druhou ze t\u0159\u00ed dosud odjet\u00fdch sout\u011b\u017e\u00ed leto\u0161n\u00ed sezony, ale teprve po Sonora Rally se ujal veden\u00ed v \u0161ampion\u00e1tu.","breadcrumb":{"@id":"https:\/\/www.dakarmania.cz\/index.php\/2023\/04\/29\/sonora-al-attiyah-se-ujima-vedeni-v-sampionatu\/#breadcrumb"},"inLanguage":"cs","potentialAction":[{"@type":"ReadAction","target":["https:\/\/www.dakarmania.cz\/index.php\/2023\/04\/29\/sonora-al-attiyah-se-ujima-vedeni-v-sampionatu\/"]}]},{"@type":"ImageObject","inLanguage":"cs","@id":"https:\/\/www.dakarmania.cz\/index.php\/2023\/04\/29\/sonora-al-attiyah-se-ujima-vedeni-v-sampionatu\/#primaryimage","url":"https:\/\/www.dakarmania.cz\/wp-content\/uploads\/2023\/04\/23-sonora-al-attiyah-02.jpg","contentUrl":"https:\/\/www.dakarmania.cz\/wp-content\/uploads\/2023\/04\/23-sonora-al-attiyah-02.jpg","width":1024,"height":683,"caption":"Nasser Al-Attiyah \/ Mathieu Baumel, Toyota GR DKR Hilux, Toyota Gazoo Racing. Sonora Rally 2023. \u00a9 Red Bull"},{"@type":"BreadcrumbList","@id":"https:\/\/www.dakarmania.cz\/index.php\/2023\/04\/29\/sonora-al-attiyah-se-ujima-vedeni-v-sampionatu\/#breadcrumb","itemListElement":[{"@type":"ListItem","position":1,"name":"Dom\u016f","item":"https:\/\/www.dakarmania.cz\/"},{"@type":"ListItem","position":2,"name":"Sonora: Al-Attiyah se uj\u00edm\u00e1 veden\u00ed v \u0161ampion\u00e1tu"}]},{"@type":"WebSite","@id":"https:\/\/www.dakarmania.cz\/#website","url":"https:\/\/www.dakarmania.cz\/","name":"DAKARMANIA.cz","description":"\u017dijeme Dakarem cel\u00fd rok","publisher":{"@id":"https:\/\/www.dakarmania.cz\/#organization"},"potentialAction":[{"@type":"SearchAction","target":{"@type":"EntryPoint","urlTemplate":"https:\/\/www.dakarmania.cz\/?s={search_term_string}"},"query-input":{"@type":"PropertyValueSpecification","valueRequired":true,"valueName":"search_term_string"}}],"inLanguage":"cs"},{"@type":"Organization","@id":"https:\/\/www.dakarmania.cz\/#organization","name":"DAKAR MANIA","url":"https:\/\/www.dakarmania.cz\/","logo":{"@type":"ImageObject","inLanguage":"cs","@id":"https:\/\/www.dakarmania.cz\/#\/schema\/logo\/image\/","url":"https:\/\/www.dakarmania.cz\/wp-content\/uploads\/2018\/12\/Dakar-Mania-Logo-Square-Orange.png","contentUrl":"https:\/\/www.dakarmania.cz\/wp-content\/uploads\/2018\/12\/Dakar-Mania-Logo-Square-Orange.png","width":992,"height":992,"caption":"DAKAR MANIA"},"image":{"@id":"https:\/\/www.dakarmania.cz\/#\/schema\/logo\/image\/"},"sameAs":["https:\/\/www.facebook.com\/dakarmania\/"]},{"@type":"Person","@id":"https:\/\/www.dakarmania.cz\/#\/schema\/person\/04eb0e87a389631c2169c0dddae7ff1e","name":"Zden\u011bk Zelenka","image":{"@type":"ImageObject","inLanguage":"cs","@id":"https:\/\/www.dakarmania.cz\/#\/schema\/person\/image\/","url":"https:\/\/secure.gravatar.com\/avatar\/2c80d5a4942fe0900b73cc7d3837a509d6ee0a276a2b76dac95c92bd0763a89b?s=96&d=mm&r=g","contentUrl":"https:\/\/secure.gravatar.com\/avatar\/2c80d5a4942fe0900b73cc7d3837a509d6ee0a276a2b76dac95c92bd0763a89b?s=96&d=mm&r=g","caption":"Zden\u011bk Zelenka"},"description":"Moji d\u011bt\u0161t\u00ed hrdinov\u00e9 se jmenovali Loprais, Moskal, Neveu, Vatanen, Rahier... A tihle borci, jejich n\u00e1sledovn\u00edci a jejich p\u0159\u00edb\u011bhy m\u011b nep\u0159estali fascinovat ani po letech, kdy jsem vyrostl a zam\u011bstn\u00e1valy m\u011b jin\u00e9 discipl\u00edny motorsportu. Proto se zrodila DAKARMANIA.","url":"https:\/\/www.dakarmania.cz\/index.php\/author\/dakarmania\/"}]}},"amp_enabled":true,"_links":{"self":[{"href":"https:\/\/www.dakarmania.cz\/index.php\/wp-json\/wp\/v2\/posts\/27135","targetHints":{"allow":["GET"]}}],"collection":[{"href":"https:\/\/www.dakarmania.cz\/index.php\/wp-json\/wp\/v2\/posts"}],"about":[{"href":"https:\/\/www.dakarmania.cz\/index.php\/wp-json\/wp\/v2\/types\/post"}],"author":[{"embeddable":true,"href":"https:\/\/www.dakarmania.cz\/index.php\/wp-json\/wp\/v2\/users\/1"}],"replies":[{"embeddable":true,"href":"https:\/\/www.dakarmania.cz\/index.php\/wp-json\/wp\/v2\/comments?post=27135"}],"version-history":[{"count":1,"href":"https:\/\/www.dakarmania.cz\/index.php\/wp-json\/wp\/v2\/posts\/27135\/revisions"}],"predecessor-version":[{"id":27136,"href":"https:\/\/www.dakarmania.cz\/index.php\/wp-json\/wp\/v2\/posts\/27135\/revisions\/27136"}],"wp:featuredmedia":[{"embeddable":true,"href":"https:\/\/www.dakarmania.cz\/index.php\/wp-json\/wp\/v2\/media\/27133"}],"wp:attachment":[{"href":"https:\/\/www.dakarmania.cz\/index.php\/wp-json\/wp\/v2\/media?parent=27135"}],"wp:term":[{"taxonomy":"category","embeddable":true,"href":"https:\/\/www.dakarmania.cz\/index.php\/wp-json\/wp\/v2\/categories?post=27135"},{"taxonomy":"post_tag","embeddable":true,"href":"https:\/\/www.dakarmania.cz\/index.php\/wp-json\/wp\/v2\/tags?post=27135"}],"curies":[{"name":"wp","href":"https:\/\/api.w.org\/{rel}","templated":true}]}}