{"id":27314,"date":"2023-05-21T15:34:45","date_gmt":"2023-05-21T13:34:45","guid":{"rendered":"https:\/\/www.dakarmania.cz\/?p=27314"},"modified":"2023-05-21T15:50:52","modified_gmt":"2023-05-21T13:50:52","slug":"nasser-al-attiyah-prezident-fia","status":"publish","type":"post","link":"https:\/\/www.dakarmania.cz\/index.php\/2023\/05\/21\/nasser-al-attiyah-prezident-fia\/","title":{"rendered":"Nasser Al-Attiyah chce b\u00fdt prezidentem FIA"},"content":{"rendered":"<p>[vc_row][vc_column][vc_column_text css_animation=&#8221;fadeIn&#8221;]<\/p>\n<h3>Nasser Al-Attiyah se do historie sv\u011btov\u00e9ho motorsportu natrvalo zapsal nejen d\u00edky \u00fasp\u011bch\u016fm v d\u00e1lkov\u00fdch sout\u011b\u017e\u00edch, ale tak\u00e9 v klasick\u00e9 rally. Jeho ambice v\u0161ak sahaj\u00ed je\u0161t\u011b d\u00e1l. V rozhovoru pro katarsk\u00fd den\u00edk Al Sharq prozradil, \u017ee se bude uch\u00e1zet o post prezidenta Mezin\u00e1rodn\u00ed automobilov\u00e9 federace (FIA).<\/h3>\n<p>[\/vc_column_text][vc_single_image image=&#8221;27313&#8243; img_size=&#8221;large&#8221; add_caption=&#8221;yes&#8221; alignment=&#8221;center&#8221; onclick=&#8221;link_image&#8221; css_animation=&#8221;fadeIn&#8221;][vc_column_text css_animation=&#8221;fadeIn&#8221;]<em>\u201eKvalifikaci pro tuto glob\u00e1ln\u00ed pozici m\u00e1m d\u00edky sv\u00fdm ohromn\u00fdm zku\u0161enostem v oblasti aut a jsem odhodlan\u00fd se o tuto presti\u017en\u00ed funkci uch\u00e1zet,\u201c<\/em> \u0159\u00edk\u00e1 p\u011btin\u00e1sobn\u00fd dakarsk\u00fd v\u00edt\u011bz, \u0161estn\u00e1ctin\u00e1sobn\u00fd \u0161ampion Bl\u00edzk\u00e9ho v\u00fdchodu v rally a \u00fa\u0159aduj\u00edc\u00ed mistr sv\u011bta v d\u00e1lkov\u00fdch sout\u011b\u017e\u00edch <strong>Nasser Al-Attiyah<\/strong>. <em>\u201eBylo by mi ct\u00ed, kdybych s podporou t\u011bch, kte\u0159\u00ed v Kataru zodpov\u00eddaj\u00ed za sport a rozvoj, tento sen sv\u00e9 milovan\u00e9 zemi splnil. V\u0161e kolem kandidatury spole\u010dn\u011b pe\u010dliv\u011b napl\u00e1nujeme.\u201c<\/em><\/p>\n<p>Dvaapades\u00e1tilet\u00fd Kata\u0159an hodl\u00e1 ve funkci nahradit o dev\u011bt let star\u0161\u00edho Mohammeda Ben Sulayema ze Spojen\u00fdch arabsk\u00fdch emir\u00e1t\u016f, kter\u00fd v roce 2021 v \u00fa\u0159adu vyst\u0159\u00eddal Francouze Jeana Todta.[\/vc_column_text][vc_column_text css_animation=&#8221;fadeIn&#8221; css=&#8221;.vc_custom_1684675929195{border-top-width: 1px !important;border-right-width: 1px !important;border-bottom-width: 1px !important;border-left-width: 1px !important;padding-top: 10px !important;padding-right: 10px !important;padding-bottom: 10px !important;padding-left: 10px !important;background-color: #f2f2f2 !important;border-left-color: #ee8027 !important;border-left-style: solid !important;border-right-color: #ee8027 !important;border-right-style: solid !important;border-top-color: #ee8027 !important;border-top-style: solid !important;border-bottom-color: #ee8027 !important;border-bottom-style: solid !important;border-radius: 1px !important;}&#8221;]<\/p>\n<table style=\"border-collapse: collapse; width: 97.7654%;\" cellpadding=\"4px\">\n<tbody>\n<tr>\n<td style=\"vertical-align: top; width: 25%;\"><a href=\"https:\/\/eshop.dakarmania.cz\/knihy-casopisy\/\"><img loading=\"lazy\" decoding=\"async\" class=\"size-medium wp-image-27292 aligncenter\" src=\"\/wp-content\/uploads\/2023\/05\/promo-kniha-michek2.jpg\" alt=\"E-shop DAKARMANIA | Knihy &amp; \u010dasopisy\" width=\"100\" height=\"150\" \/><\/a><\/td>\n<td style=\"vertical-align: center; width: 50%; text-align: center;\"><span style=\"font-size: 13pt;\"><strong><a href=\"https:\/\/eshop.dakarmania.cz\/knihy-casopisy\/\">KNIHY<\/a><\/strong><\/span><br \/>\n<span style=\"font-size: 13pt;\"><strong><a href=\"https:\/\/eshop.dakarmania.cz\/knihy-casopisy\/\">s dakarskou t\u00e9matikou<\/a><\/strong><\/span><br \/>\n<span style=\"font-size: 9pt;\"><strong><a href=\"https:\/\/eshop.dakarmania.cz\/knihy-casopisy\/\">eshop.dakarmania.cz<\/a><\/strong><\/span><\/td>\n<td style=\"vertical-align: top; width: 25%;\"><a href=\"https:\/\/eshop.dakarmania.cz\/knihy-casopisy\/\"><img loading=\"lazy\" decoding=\"async\" class=\"size-medium wp-image-27284 aligncenter\" src=\"\/wp-content\/uploads\/2023\/05\/promo-kniha-loprais.jpg\" alt=\"E-shop DAKARMANIA | Knihy &amp; \u010dasopisy\" width=\"100\" height=\"150\" \/><\/a><\/td>\n<\/tr>\n<\/tbody>\n<\/table>\n<p>[\/vc_column_text][vc_column_text css_animation=&#8221;fadeIn&#8221;]B\u00fdval\u00fd automobilov\u00fd z\u00e1vodn\u00edk a \u010dtrn\u00e1ctin\u00e1sobn\u00fd bl\u00edzkov\u00fdchodn\u00ed \u0161ampion v rally by sice mohl po uplynut\u00ed \u010dty\u0159let\u00e9ho funk\u010dn\u00edho obdob\u00ed je\u0161t\u011b dvakr\u00e1t usilovat o znovuzvolen\u00ed, ov\u0161em jeho pozice od n\u00e1stupu do \u00fa\u0159adu sp\u00ed\u0161e oslabila. Komplikuj\u00ed ji p\u0159edev\u0161\u00edm zhor\u0161uj\u00edc\u00ed se vztahy s nejv\u00fdznamn\u011bj\u0161\u00edmi hr\u00e1\u010di formule 1, z n\u00ed\u017e se Ben Sulayen po s\u00e9rii kontroverz\u00ed a lo\u0148sk\u00e9m jmenov\u00e1n\u00ed Natalie Robyn v\u00fdkonnou \u0159editelkou FIA letos v \u00fanoru de facto t\u00e9m\u011b\u0159 \u00fapln\u011b st\u00e1hl.<\/p>\n<p>Dal\u0161\u00ed volby prezidenta FIA prob\u011bhnou na podzim 2025.[\/vc_column_text][vc_column_text css_animation=&#8221;fadeIn&#8221; css=&#8221;.vc_custom_1684675951817{border-top-width: 1px !important;border-right-width: 1px !important;border-bottom-width: 1px !important;border-left-width: 1px !important;padding-top: 10px !important;padding-right: 10px !important;padding-bottom: 10px !important;padding-left: 10px !important;background-color: #f2f2f2 !important;border-left-color: #ee8027 !important;border-left-style: solid !important;border-right-color: #ee8027 !important;border-right-style: solid !important;border-top-color: #ee8027 !important;border-top-style: solid !important;border-bottom-color: #ee8027 !important;border-bottom-style: solid !important;border-radius: 1px !important;}&#8221;]<\/p>\n<table style=\"border-collapse: collapse; width: 97.7654%;\" cellpadding=\"4px\">\n<tbody>\n<tr>\n<td style=\"vertical-align: top; width: 35%;\"><a href=\"https:\/\/eshop.dakarmania.cz\/knihy-casopisy\/\"><img loading=\"lazy\" decoding=\"async\" class=\"size-medium wp-image-27103 aligncenter\" src=\"\/wp-content\/uploads\/2023\/04\/dkrm-vyprodej2.jpg\" alt=\"E-shop DAKARMANIA | Sb\u011bratelsk\u00e9 modely\" width=\"150\" height=\"150\" \/><\/a><\/td>\n<td style=\"vertical-align: center; width: 65%; text-align: center;\"><span style=\"font-size: 9pt;\"><strong><a href=\"https:\/\/eshop.dakarmania.cz\/knihy-casopisy\/\">TOT\u00c1LN\u00cd V\u00ddPRODEJ<\/a><\/strong><\/span><br \/>\n<span style=\"font-size: 13pt;\"><strong><a href=\"https:\/\/eshop.dakarmania.cz\/knihy-casopisy\/\">magaz\u00edny DAKARMANIA za t\u0159etinu<\/a><\/strong><\/span><br \/>\n<span style=\"font-size: 9pt;\"><strong><a href=\"https:\/\/eshop.dakarmania.cz\/knihy-casopisy\/\">eshop.dakarmania.cz<\/a><\/strong><\/span><\/td>\n<\/tr>\n<\/tbody>\n<\/table>\n<p>[\/vc_column_text][vc_empty_space height=&#8221;2px&#8221;][\/vc_column][\/vc_row]<\/p>\n","protected":false},"excerpt":{"rendered":"<p>Nasser Al-Attiyah se do historie sv\u011btov\u00e9ho motorsportu natrvalo zapsal d\u00edky \u00fasp\u011bch\u016fm v d\u00e1lkov\u00fdch a klasick\u00fdch rally. Jeho ambice v\u0161ak sahaj\u00ed je\u0161t\u011b d\u00e1l.<\/p>\n","protected":false},"author":1,"featured_media":27313,"comment_status":"closed","ping_status":"closed","sticky":false,"template":"","format":"standard","meta":{"footnotes":""},"categories":[2086],"tags":[99,2087,203],"class_list":["post-27314","post","type-post","status-publish","format-standard","has-post-thumbnail","hentry","category-sport-politika","tag-fia","tag-mohammed-ben-sulayem","tag-nasser-al-attiyah"],"yoast_head":"<!-- This site is optimized with the Yoast SEO plugin v24.9 - https:\/\/yoast.com\/wordpress\/plugins\/seo\/ -->\n<title>Nasser Al-Attiyah chce b\u00fdt prezidentem FIA - DAKARMANIA.cz<\/title>\n<meta name=\"description\" content=\"Nasser Al-Attiyah se do historie sv\u011btov\u00e9ho motorsportu natrvalo zapsal d\u00edky \u00fasp\u011bch\u016fm v d\u00e1lkov\u00fdch a klasick\u00fdch rally. Jeho ambice v\u0161ak sahaj\u00ed je\u0161t\u011b d\u00e1l.\" \/>\n<meta name=\"robots\" content=\"index, follow, max-snippet:-1, max-image-preview:large, max-video-preview:-1\" \/>\n<link rel=\"canonical\" href=\"https:\/\/www.dakarmania.cz\/index.php\/2023\/05\/21\/nasser-al-attiyah-prezident-fia\/\" \/>\n<meta property=\"og:locale\" content=\"cs_CZ\" \/>\n<meta property=\"og:type\" content=\"article\" \/>\n<meta property=\"og:title\" content=\"Nasser Al-Attiyah chce b\u00fdt prezidentem FIA - DAKARMANIA.cz\" \/>\n<meta property=\"og:description\" content=\"Nasser Al-Attiyah se do historie sv\u011btov\u00e9ho motorsportu natrvalo zapsal d\u00edky \u00fasp\u011bch\u016fm v d\u00e1lkov\u00fdch a klasick\u00fdch rally. Jeho ambice v\u0161ak sahaj\u00ed je\u0161t\u011b d\u00e1l.\" \/>\n<meta property=\"og:url\" content=\"https:\/\/www.dakarmania.cz\/index.php\/2023\/05\/21\/nasser-al-attiyah-prezident-fia\/\" \/>\n<meta property=\"og:site_name\" content=\"DAKARMANIA.cz\" \/>\n<meta property=\"article:publisher\" content=\"https:\/\/www.facebook.com\/dakarmania\/\" \/>\n<meta property=\"article:published_time\" content=\"2023-05-21T13:34:45+00:00\" \/>\n<meta property=\"article:modified_time\" content=\"2023-05-21T13:50:52+00:00\" \/>\n<meta property=\"og:image\" content=\"https:\/\/www.dakarmania.cz\/wp-content\/uploads\/2023\/05\/22-al-attiyah-fia-gala-01.jpg\" \/>\n\t<meta property=\"og:image:width\" content=\"1024\" \/>\n\t<meta property=\"og:image:height\" content=\"683\" \/>\n\t<meta property=\"og:image:type\" content=\"image\/jpeg\" \/>\n<meta name=\"author\" content=\"Zden\u011bk Zelenka\" \/>\n<meta name=\"twitter:card\" content=\"summary_large_image\" \/>\n<meta name=\"twitter:label1\" content=\"Napsal(a)\" \/>\n\t<meta name=\"twitter:data1\" content=\"Zden\u011bk Zelenka\" \/>\n\t<meta name=\"twitter:label2\" content=\"Odhadovan\u00e1 doba \u010dten\u00ed\" \/>\n\t<meta name=\"twitter:data2\" content=\"3 minuty\" \/>\n<script type=\"application\/ld+json\" class=\"yoast-schema-graph\">{\"@context\":\"https:\/\/schema.org\",\"@graph\":[{\"@type\":\"Article\",\"@id\":\"https:\/\/www.dakarmania.cz\/index.php\/2023\/05\/21\/nasser-al-attiyah-prezident-fia\/#article\",\"isPartOf\":{\"@id\":\"https:\/\/www.dakarmania.cz\/index.php\/2023\/05\/21\/nasser-al-attiyah-prezident-fia\/\"},\"author\":{\"name\":\"Zden\u011bk Zelenka\",\"@id\":\"https:\/\/www.dakarmania.cz\/#\/schema\/person\/04eb0e87a389631c2169c0dddae7ff1e\"},\"headline\":\"Nasser Al-Attiyah chce b\u00fdt prezidentem FIA\",\"datePublished\":\"2023-05-21T13:34:45+00:00\",\"dateModified\":\"2023-05-21T13:50:52+00:00\",\"mainEntityOfPage\":{\"@id\":\"https:\/\/www.dakarmania.cz\/index.php\/2023\/05\/21\/nasser-al-attiyah-prezident-fia\/\"},\"wordCount\":516,\"publisher\":{\"@id\":\"https:\/\/www.dakarmania.cz\/#organization\"},\"image\":{\"@id\":\"https:\/\/www.dakarmania.cz\/index.php\/2023\/05\/21\/nasser-al-attiyah-prezident-fia\/#primaryimage\"},\"thumbnailUrl\":\"https:\/\/www.dakarmania.cz\/wp-content\/uploads\/2023\/05\/22-al-attiyah-fia-gala-01.jpg\",\"keywords\":[\"FIA\",\"Mohammed Ben Sulayem\",\"Nasser Al-Attiyah\"],\"articleSection\":[\"Sport &amp; politika\"],\"inLanguage\":\"cs\"},{\"@type\":\"WebPage\",\"@id\":\"https:\/\/www.dakarmania.cz\/index.php\/2023\/05\/21\/nasser-al-attiyah-prezident-fia\/\",\"url\":\"https:\/\/www.dakarmania.cz\/index.php\/2023\/05\/21\/nasser-al-attiyah-prezident-fia\/\",\"name\":\"Nasser Al-Attiyah chce b\u00fdt prezidentem FIA - DAKARMANIA.cz\",\"isPartOf\":{\"@id\":\"https:\/\/www.dakarmania.cz\/#website\"},\"primaryImageOfPage\":{\"@id\":\"https:\/\/www.dakarmania.cz\/index.php\/2023\/05\/21\/nasser-al-attiyah-prezident-fia\/#primaryimage\"},\"image\":{\"@id\":\"https:\/\/www.dakarmania.cz\/index.php\/2023\/05\/21\/nasser-al-attiyah-prezident-fia\/#primaryimage\"},\"thumbnailUrl\":\"https:\/\/www.dakarmania.cz\/wp-content\/uploads\/2023\/05\/22-al-attiyah-fia-gala-01.jpg\",\"datePublished\":\"2023-05-21T13:34:45+00:00\",\"dateModified\":\"2023-05-21T13:50:52+00:00\",\"description\":\"Nasser Al-Attiyah se do historie sv\u011btov\u00e9ho motorsportu natrvalo zapsal d\u00edky \u00fasp\u011bch\u016fm v d\u00e1lkov\u00fdch a klasick\u00fdch rally. Jeho ambice v\u0161ak sahaj\u00ed je\u0161t\u011b d\u00e1l.\",\"breadcrumb\":{\"@id\":\"https:\/\/www.dakarmania.cz\/index.php\/2023\/05\/21\/nasser-al-attiyah-prezident-fia\/#breadcrumb\"},\"inLanguage\":\"cs\",\"potentialAction\":[{\"@type\":\"ReadAction\",\"target\":[\"https:\/\/www.dakarmania.cz\/index.php\/2023\/05\/21\/nasser-al-attiyah-prezident-fia\/\"]}]},{\"@type\":\"ImageObject\",\"inLanguage\":\"cs\",\"@id\":\"https:\/\/www.dakarmania.cz\/index.php\/2023\/05\/21\/nasser-al-attiyah-prezident-fia\/#primaryimage\",\"url\":\"https:\/\/www.dakarmania.cz\/wp-content\/uploads\/2023\/05\/22-al-attiyah-fia-gala-01.jpg\",\"contentUrl\":\"https:\/\/www.dakarmania.cz\/wp-content\/uploads\/2023\/05\/22-al-attiyah-fia-gala-01.jpg\",\"width\":1024,\"height\":683,\"caption\":\"Nasser Al-Attiyah. Slavnostn\u00ed vyhl\u00e1\u0161en\u00ed \u0161ampion\u016f FIA, Bologna, It\u00e1lie, prosinec 2022. \u00a9 ASO\/DPPI\"},{\"@type\":\"BreadcrumbList\",\"@id\":\"https:\/\/www.dakarmania.cz\/index.php\/2023\/05\/21\/nasser-al-attiyah-prezident-fia\/#breadcrumb\",\"itemListElement\":[{\"@type\":\"ListItem\",\"position\":1,\"name\":\"Dom\u016f\",\"item\":\"https:\/\/www.dakarmania.cz\/\"},{\"@type\":\"ListItem\",\"position\":2,\"name\":\"Nasser Al-Attiyah chce b\u00fdt prezidentem FIA\"}]},{\"@type\":\"WebSite\",\"@id\":\"https:\/\/www.dakarmania.cz\/#website\",\"url\":\"https:\/\/www.dakarmania.cz\/\",\"name\":\"DAKARMANIA.cz\",\"description\":\"\u017dijeme Dakarem cel\u00fd rok\",\"publisher\":{\"@id\":\"https:\/\/www.dakarmania.cz\/#organization\"},\"potentialAction\":[{\"@type\":\"SearchAction\",\"target\":{\"@type\":\"EntryPoint\",\"urlTemplate\":\"https:\/\/www.dakarmania.cz\/?s={search_term_string}\"},\"query-input\":{\"@type\":\"PropertyValueSpecification\",\"valueRequired\":true,\"valueName\":\"search_term_string\"}}],\"inLanguage\":\"cs\"},{\"@type\":\"Organization\",\"@id\":\"https:\/\/www.dakarmania.cz\/#organization\",\"name\":\"DAKAR MANIA\",\"url\":\"https:\/\/www.dakarmania.cz\/\",\"logo\":{\"@type\":\"ImageObject\",\"inLanguage\":\"cs\",\"@id\":\"https:\/\/www.dakarmania.cz\/#\/schema\/logo\/image\/\",\"url\":\"https:\/\/www.dakarmania.cz\/wp-content\/uploads\/2018\/12\/Dakar-Mania-Logo-Square-Orange.png\",\"contentUrl\":\"https:\/\/www.dakarmania.cz\/wp-content\/uploads\/2018\/12\/Dakar-Mania-Logo-Square-Orange.png\",\"width\":992,\"height\":992,\"caption\":\"DAKAR MANIA\"},\"image\":{\"@id\":\"https:\/\/www.dakarmania.cz\/#\/schema\/logo\/image\/\"},\"sameAs\":[\"https:\/\/www.facebook.com\/dakarmania\/\"]},{\"@type\":\"Person\",\"@id\":\"https:\/\/www.dakarmania.cz\/#\/schema\/person\/04eb0e87a389631c2169c0dddae7ff1e\",\"name\":\"Zden\u011bk Zelenka\",\"image\":{\"@type\":\"ImageObject\",\"inLanguage\":\"cs\",\"@id\":\"https:\/\/www.dakarmania.cz\/#\/schema\/person\/image\/\",\"url\":\"https:\/\/secure.gravatar.com\/avatar\/2c80d5a4942fe0900b73cc7d3837a509d6ee0a276a2b76dac95c92bd0763a89b?s=96&d=mm&r=g\",\"contentUrl\":\"https:\/\/secure.gravatar.com\/avatar\/2c80d5a4942fe0900b73cc7d3837a509d6ee0a276a2b76dac95c92bd0763a89b?s=96&d=mm&r=g\",\"caption\":\"Zden\u011bk Zelenka\"},\"description\":\"Moji d\u011bt\u0161t\u00ed hrdinov\u00e9 se jmenovali Loprais, Moskal, Neveu, Vatanen, Rahier... A tihle borci, jejich n\u00e1sledovn\u00edci a jejich p\u0159\u00edb\u011bhy m\u011b nep\u0159estali fascinovat ani po letech, kdy jsem vyrostl a zam\u011bstn\u00e1valy m\u011b jin\u00e9 discipl\u00edny motorsportu. Proto se zrodila DAKARMANIA.\",\"url\":\"https:\/\/www.dakarmania.cz\/index.php\/author\/dakarmania\/\"}]}<\/script>\n<!-- \/ Yoast SEO plugin. -->","yoast_head_json":{"title":"Nasser Al-Attiyah chce b\u00fdt prezidentem FIA - DAKARMANIA.cz","description":"Nasser Al-Attiyah se do historie sv\u011btov\u00e9ho motorsportu natrvalo zapsal d\u00edky \u00fasp\u011bch\u016fm v d\u00e1lkov\u00fdch a klasick\u00fdch rally. Jeho ambice v\u0161ak sahaj\u00ed je\u0161t\u011b d\u00e1l.","robots":{"index":"index","follow":"follow","max-snippet":"max-snippet:-1","max-image-preview":"max-image-preview:large","max-video-preview":"max-video-preview:-1"},"canonical":"https:\/\/www.dakarmania.cz\/index.php\/2023\/05\/21\/nasser-al-attiyah-prezident-fia\/","og_locale":"cs_CZ","og_type":"article","og_title":"Nasser Al-Attiyah chce b\u00fdt prezidentem FIA - DAKARMANIA.cz","og_description":"Nasser Al-Attiyah se do historie sv\u011btov\u00e9ho motorsportu natrvalo zapsal d\u00edky \u00fasp\u011bch\u016fm v d\u00e1lkov\u00fdch a klasick\u00fdch rally. Jeho ambice v\u0161ak sahaj\u00ed je\u0161t\u011b d\u00e1l.","og_url":"https:\/\/www.dakarmania.cz\/index.php\/2023\/05\/21\/nasser-al-attiyah-prezident-fia\/","og_site_name":"DAKARMANIA.cz","article_publisher":"https:\/\/www.facebook.com\/dakarmania\/","article_published_time":"2023-05-21T13:34:45+00:00","article_modified_time":"2023-05-21T13:50:52+00:00","og_image":[{"width":1024,"height":683,"url":"https:\/\/www.dakarmania.cz\/wp-content\/uploads\/2023\/05\/22-al-attiyah-fia-gala-01.jpg","type":"image\/jpeg"}],"author":"Zden\u011bk Zelenka","twitter_card":"summary_large_image","twitter_misc":{"Napsal(a)":"Zden\u011bk Zelenka","Odhadovan\u00e1 doba \u010dten\u00ed":"3 minuty"},"schema":{"@context":"https:\/\/schema.org","@graph":[{"@type":"Article","@id":"https:\/\/www.dakarmania.cz\/index.php\/2023\/05\/21\/nasser-al-attiyah-prezident-fia\/#article","isPartOf":{"@id":"https:\/\/www.dakarmania.cz\/index.php\/2023\/05\/21\/nasser-al-attiyah-prezident-fia\/"},"author":{"name":"Zden\u011bk Zelenka","@id":"https:\/\/www.dakarmania.cz\/#\/schema\/person\/04eb0e87a389631c2169c0dddae7ff1e"},"headline":"Nasser Al-Attiyah chce b\u00fdt prezidentem FIA","datePublished":"2023-05-21T13:34:45+00:00","dateModified":"2023-05-21T13:50:52+00:00","mainEntityOfPage":{"@id":"https:\/\/www.dakarmania.cz\/index.php\/2023\/05\/21\/nasser-al-attiyah-prezident-fia\/"},"wordCount":516,"publisher":{"@id":"https:\/\/www.dakarmania.cz\/#organization"},"image":{"@id":"https:\/\/www.dakarmania.cz\/index.php\/2023\/05\/21\/nasser-al-attiyah-prezident-fia\/#primaryimage"},"thumbnailUrl":"https:\/\/www.dakarmania.cz\/wp-content\/uploads\/2023\/05\/22-al-attiyah-fia-gala-01.jpg","keywords":["FIA","Mohammed Ben Sulayem","Nasser Al-Attiyah"],"articleSection":["Sport &amp; politika"],"inLanguage":"cs"},{"@type":"WebPage","@id":"https:\/\/www.dakarmania.cz\/index.php\/2023\/05\/21\/nasser-al-attiyah-prezident-fia\/","url":"https:\/\/www.dakarmania.cz\/index.php\/2023\/05\/21\/nasser-al-attiyah-prezident-fia\/","name":"Nasser Al-Attiyah chce b\u00fdt prezidentem FIA - DAKARMANIA.cz","isPartOf":{"@id":"https:\/\/www.dakarmania.cz\/#website"},"primaryImageOfPage":{"@id":"https:\/\/www.dakarmania.cz\/index.php\/2023\/05\/21\/nasser-al-attiyah-prezident-fia\/#primaryimage"},"image":{"@id":"https:\/\/www.dakarmania.cz\/index.php\/2023\/05\/21\/nasser-al-attiyah-prezident-fia\/#primaryimage"},"thumbnailUrl":"https:\/\/www.dakarmania.cz\/wp-content\/uploads\/2023\/05\/22-al-attiyah-fia-gala-01.jpg","datePublished":"2023-05-21T13:34:45+00:00","dateModified":"2023-05-21T13:50:52+00:00","description":"Nasser Al-Attiyah se do historie sv\u011btov\u00e9ho motorsportu natrvalo zapsal d\u00edky \u00fasp\u011bch\u016fm v d\u00e1lkov\u00fdch a klasick\u00fdch rally. Jeho ambice v\u0161ak sahaj\u00ed je\u0161t\u011b d\u00e1l.","breadcrumb":{"@id":"https:\/\/www.dakarmania.cz\/index.php\/2023\/05\/21\/nasser-al-attiyah-prezident-fia\/#breadcrumb"},"inLanguage":"cs","potentialAction":[{"@type":"ReadAction","target":["https:\/\/www.dakarmania.cz\/index.php\/2023\/05\/21\/nasser-al-attiyah-prezident-fia\/"]}]},{"@type":"ImageObject","inLanguage":"cs","@id":"https:\/\/www.dakarmania.cz\/index.php\/2023\/05\/21\/nasser-al-attiyah-prezident-fia\/#primaryimage","url":"https:\/\/www.dakarmania.cz\/wp-content\/uploads\/2023\/05\/22-al-attiyah-fia-gala-01.jpg","contentUrl":"https:\/\/www.dakarmania.cz\/wp-content\/uploads\/2023\/05\/22-al-attiyah-fia-gala-01.jpg","width":1024,"height":683,"caption":"Nasser Al-Attiyah. Slavnostn\u00ed vyhl\u00e1\u0161en\u00ed \u0161ampion\u016f FIA, Bologna, It\u00e1lie, prosinec 2022. \u00a9 ASO\/DPPI"},{"@type":"BreadcrumbList","@id":"https:\/\/www.dakarmania.cz\/index.php\/2023\/05\/21\/nasser-al-attiyah-prezident-fia\/#breadcrumb","itemListElement":[{"@type":"ListItem","position":1,"name":"Dom\u016f","item":"https:\/\/www.dakarmania.cz\/"},{"@type":"ListItem","position":2,"name":"Nasser Al-Attiyah chce b\u00fdt prezidentem FIA"}]},{"@type":"WebSite","@id":"https:\/\/www.dakarmania.cz\/#website","url":"https:\/\/www.dakarmania.cz\/","name":"DAKARMANIA.cz","description":"\u017dijeme Dakarem cel\u00fd rok","publisher":{"@id":"https:\/\/www.dakarmania.cz\/#organization"},"potentialAction":[{"@type":"SearchAction","target":{"@type":"EntryPoint","urlTemplate":"https:\/\/www.dakarmania.cz\/?s={search_term_string}"},"query-input":{"@type":"PropertyValueSpecification","valueRequired":true,"valueName":"search_term_string"}}],"inLanguage":"cs"},{"@type":"Organization","@id":"https:\/\/www.dakarmania.cz\/#organization","name":"DAKAR MANIA","url":"https:\/\/www.dakarmania.cz\/","logo":{"@type":"ImageObject","inLanguage":"cs","@id":"https:\/\/www.dakarmania.cz\/#\/schema\/logo\/image\/","url":"https:\/\/www.dakarmania.cz\/wp-content\/uploads\/2018\/12\/Dakar-Mania-Logo-Square-Orange.png","contentUrl":"https:\/\/www.dakarmania.cz\/wp-content\/uploads\/2018\/12\/Dakar-Mania-Logo-Square-Orange.png","width":992,"height":992,"caption":"DAKAR MANIA"},"image":{"@id":"https:\/\/www.dakarmania.cz\/#\/schema\/logo\/image\/"},"sameAs":["https:\/\/www.facebook.com\/dakarmania\/"]},{"@type":"Person","@id":"https:\/\/www.dakarmania.cz\/#\/schema\/person\/04eb0e87a389631c2169c0dddae7ff1e","name":"Zden\u011bk Zelenka","image":{"@type":"ImageObject","inLanguage":"cs","@id":"https:\/\/www.dakarmania.cz\/#\/schema\/person\/image\/","url":"https:\/\/secure.gravatar.com\/avatar\/2c80d5a4942fe0900b73cc7d3837a509d6ee0a276a2b76dac95c92bd0763a89b?s=96&d=mm&r=g","contentUrl":"https:\/\/secure.gravatar.com\/avatar\/2c80d5a4942fe0900b73cc7d3837a509d6ee0a276a2b76dac95c92bd0763a89b?s=96&d=mm&r=g","caption":"Zden\u011bk Zelenka"},"description":"Moji d\u011bt\u0161t\u00ed hrdinov\u00e9 se jmenovali Loprais, Moskal, Neveu, Vatanen, Rahier... A tihle borci, jejich n\u00e1sledovn\u00edci a jejich p\u0159\u00edb\u011bhy m\u011b nep\u0159estali fascinovat ani po letech, kdy jsem vyrostl a zam\u011bstn\u00e1valy m\u011b jin\u00e9 discipl\u00edny motorsportu. Proto se zrodila DAKARMANIA.","url":"https:\/\/www.dakarmania.cz\/index.php\/author\/dakarmania\/"}]}},"amp_enabled":true,"_links":{"self":[{"href":"https:\/\/www.dakarmania.cz\/index.php\/wp-json\/wp\/v2\/posts\/27314","targetHints":{"allow":["GET"]}}],"collection":[{"href":"https:\/\/www.dakarmania.cz\/index.php\/wp-json\/wp\/v2\/posts"}],"about":[{"href":"https:\/\/www.dakarmania.cz\/index.php\/wp-json\/wp\/v2\/types\/post"}],"author":[{"embeddable":true,"href":"https:\/\/www.dakarmania.cz\/index.php\/wp-json\/wp\/v2\/users\/1"}],"replies":[{"embeddable":true,"href":"https:\/\/www.dakarmania.cz\/index.php\/wp-json\/wp\/v2\/comments?post=27314"}],"version-history":[{"count":3,"href":"https:\/\/www.dakarmania.cz\/index.php\/wp-json\/wp\/v2\/posts\/27314\/revisions"}],"predecessor-version":[{"id":27320,"href":"https:\/\/www.dakarmania.cz\/index.php\/wp-json\/wp\/v2\/posts\/27314\/revisions\/27320"}],"wp:featuredmedia":[{"embeddable":true,"href":"https:\/\/www.dakarmania.cz\/index.php\/wp-json\/wp\/v2\/media\/27313"}],"wp:attachment":[{"href":"https:\/\/www.dakarmania.cz\/index.php\/wp-json\/wp\/v2\/media?parent=27314"}],"wp:term":[{"taxonomy":"category","embeddable":true,"href":"https:\/\/www.dakarmania.cz\/index.php\/wp-json\/wp\/v2\/categories?post=27314"},{"taxonomy":"post_tag","embeddable":true,"href":"https:\/\/www.dakarmania.cz\/index.php\/wp-json\/wp\/v2\/tags?post=27314"}],"curies":[{"name":"wp","href":"https:\/\/api.w.org\/{rel}","templated":true}]}}