{"id":27601,"date":"2023-06-27T19:05:13","date_gmt":"2023-06-27T17:05:13","guid":{"rendered":"https:\/\/www.dakarmania.cz\/?p=27601"},"modified":"2023-06-27T19:20:35","modified_gmt":"2023-06-27T17:20:35","slug":"skyler-howes-konci-u-husqvarny","status":"publish","type":"post","link":"https:\/\/www.dakarmania.cz\/index.php\/2023\/06\/27\/skyler-howes-konci-u-husqvarny\/","title":{"rendered":"Skyler Howes kon\u010d\u00ed u Husqvarny"},"content":{"rendered":"<p>[vc_row][vc_column][vc_column_text css_animation=&#8221;fadeIn&#8221;]<\/p>\n<h3>N\u011bkter\u00e9 zpr\u00e1vy p\u0159ich\u00e1zej\u00ed jako blesk z \u010dist\u00e9ho nebe. A toto je jedna z nich: tov\u00e1rn\u00ed t\u00fdm Husqvarny velmi ne\u010dekan\u011b informoval o rozchodu se Skylerem Howesem.<\/h3>\n<p>[\/vc_column_text][vc_single_image image=&#8221;27600&#8243; img_size=&#8221;large&#8221; add_caption=&#8221;yes&#8221; alignment=&#8221;center&#8221; onclick=&#8221;link_image&#8221; css_animation=&#8221;fadeIn&#8221;][vc_column_text css_animation=&#8221;fadeIn&#8221;]<em>\u201eD\u011bkujeme Skyleru Howesovi za jeho nasazen\u00ed, nad\u0161en\u00ed a \u00fasp\u011bchy, kter\u00fdch dos\u00e1hl b\u011bhem dvou let, kdy za t\u00fdm z\u00e1vodil ve sv\u011btov\u00e9m \u0161ampion\u00e1tu v d\u00e1lkov\u00fdch rally a na presti\u017en\u00ed Rally Dakar. P\u0159ejeme mu hodn\u011b \u0161t\u011bst\u00ed v jeho dal\u0161\u00edm sna\u017een\u00ed,\u201c<\/em> uv\u00e1d\u00ed se v tiskov\u00e9 zpr\u00e1v\u011b, jej\u00edm\u017e prost\u0159ednictv\u00edm tov\u00e1rn\u00ed t\u00fdm Husqvarny ozn\u00e1mil, \u017ee se s americk\u00fdm motocyklistou dohodl na okam\u017eit\u00e9m ukon\u010den\u00ed spolupr\u00e1ce.<\/p>\n<p>Skyler Howes a Husqvarna Factory Racing v uplynul\u00fdch t\u00fddnech jednali o prodlou\u017een\u00ed st\u00e1vaj\u00edc\u00ed smlouvy, kter\u00e1 m\u011bla vypr\u0161et po podzimn\u00ed Rallye du Maroc. K dohod\u011b ohledn\u011b nov\u00e9ho kontraktu ale ob\u011b strany nedosp\u011bly, a proto se rozhodly p\u0159ed\u010dasn\u011b ukon\u010dit i smlouvu st\u00e1vaj\u00edc\u00ed.<\/p>\n<p>Rod\u00e1k z kalifornsk\u00e9ho Riverside se na mezin\u00e1rodn\u00ed sc\u00e9n\u011b d\u00e1lkov\u00fdch rally objevil v barv\u00e1ch Klym\u010diw Racingu, pod jeho\u017e k\u0159\u00eddly v lednu 2019 debutoval na Dakaru a v dubnu slavil celkov\u00e9 v\u00edt\u011bzstv\u00ed v kategorii motocykl\u016f na Morocco Desert Challenge. T\u0159e\u0161ni\u010dkou na dortu \u00fasp\u011b\u0161n\u00e9 spolupr\u00e1ce bylo dev\u00e1t\u00e9 m\u00edsto na Dakaru 2020.[\/vc_column_text][vc_column_text css_animation=&#8221;fadeIn&#8221; css=&#8221;.vc_custom_1687885349823{border-top-width: 1px !important;border-right-width: 1px !important;border-bottom-width: 1px !important;border-left-width: 1px !important;padding-top: 10px !important;padding-right: 10px !important;padding-bottom: 10px !important;padding-left: 10px !important;background-color: #f2f2f2 !important;border-left-color: #ee8027 !important;border-left-style: solid !important;border-right-color: #ee8027 !important;border-right-style: solid !important;border-top-color: #ee8027 !important;border-top-style: solid !important;border-bottom-color: #ee8027 !important;border-bottom-style: solid !important;border-radius: 1px !important;}&#8221;]<\/p>\n<table style=\"border-collapse: collapse; width: 97.7654%;\" cellpadding=\"4px\">\n<tbody>\n<tr>\n<td style=\"vertical-align: top; width: 25%;\"><a href=\"https:\/\/eshop.dakarmania.cz\/knihy-casopisy\/\"><img loading=\"lazy\" decoding=\"async\" class=\"size-medium wp-image-27292 aligncenter\" src=\"\/wp-content\/uploads\/2023\/05\/promo-kniha-michek2.jpg\" alt=\"E-shop DAKARMANIA | Knihy &amp; \u010dasopisy\" width=\"100\" height=\"150\" \/><\/a><\/td>\n<td style=\"vertical-align: center; width: 50%; text-align: center;\"><span style=\"font-size: 13pt;\"><strong><a href=\"https:\/\/eshop.dakarmania.cz\/knihy-casopisy\/\">KNIHY<\/a><\/strong><\/span><br \/>\n<span style=\"font-size: 13pt;\"><strong><a href=\"https:\/\/eshop.dakarmania.cz\/knihy-casopisy\/\">s dakarskou t\u00e9matikou<\/a><\/strong><\/span><br \/>\n<span style=\"font-size: 9pt;\"><strong><a href=\"https:\/\/eshop.dakarmania.cz\/knihy-casopisy\/\">eshop.dakarmania.cz<\/a><\/strong><\/span><\/td>\n<td style=\"vertical-align: top; width: 25%;\"><a href=\"https:\/\/eshop.dakarmania.cz\/knihy-casopisy\/\"><img loading=\"lazy\" decoding=\"async\" class=\"size-medium wp-image-27284 aligncenter\" src=\"\/wp-content\/uploads\/2023\/05\/promo-kniha-loprais.jpg\" alt=\"E-shop DAKARMANIA | Knihy &amp; \u010dasopisy\" width=\"100\" height=\"150\" \/><\/a><\/td>\n<\/tr>\n<\/tbody>\n<\/table>\n<p>[\/vc_column_text][vc_column_text css_animation=&#8221;fadeIn&#8221;]O rok pozd\u011bji se Howes na Dakar vr\u00e1til v sestav\u011b nizozemsk\u00e9ho BAS Dakar KTM Racing Teamu a p\u00e1t\u00fdm m\u00edstem si definitivn\u011b \u0159ekl o tov\u00e1rn\u00ed anga\u017em\u00e1. Sen se mu splnil p\u0159ed mexickou Sonora Rally 2021, na n\u00ed\u017e vybojoval druh\u00e9 m\u00edsto u\u017e jako fabrick\u00fd jezdec Husqvarny. V dal\u0161\u00edm pr\u016fb\u011bhu sezony z\u00edskal n\u011bkolik etapov\u00fdch v\u00edt\u011bzstv\u00ed a bl\u00fdskl se tak\u00e9 druh\u00fdm m\u00edstem celkov\u011b na Silk Way Rally, je\u017e byla toho roku poprv\u00e9 za\u0159azena do sv\u011btov\u00e9ho \u0161ampion\u00e1tu v cross-country rally.<\/p>\n<p>Prvn\u00ed Dakar na tov\u00e1rn\u00ed Husqvarn\u011b sice pro Howese skon\u010dil kv\u016fli hav\u00e1rii p\u0159ed\u010dasn\u011b, ale po dol\u00e9\u010den\u00ed zran\u011bn\u00ed, kter\u00e1 p\u0159i p\u00e1du utrp\u011bl, se do sv\u011btov\u00e9ho \u0161ampion\u00e1tu vr\u00e1til a v \u0159\u00edjnu 2022 vyhr\u00e1l Marockou rally. Na Dakaru 2023 od po\u010d\u00e1tku bojoval na \u0161pici, celkem \u0161est dn\u00ed vedl a v c\u00edli obsadil t\u0159et\u00ed p\u0159\u00ed\u010dku, kdy\u017e jej od v\u00edt\u011bzn\u00e9ho Kevina Benavidese d\u011blilo jen p\u011bt minut.<\/p>\n<p>V uplynul\u00fdch dvou letech Skyler Howes jasn\u011b prok\u00e1zal, \u017ee s tov\u00e1rn\u00ed technikou dok\u00e1\u017ee pravideln\u011b bojovat o um\u00edst\u011bn\u00ed na stupn\u00edch v\u00edt\u011bz\u016f i o celkov\u00e1 v\u00edt\u011bzstv\u00ed. Krom\u011b toho d\u00edky sv\u00fdm technick\u00fdm znalostem a citu pro motocykl odvedl obrovsk\u00fd kus pr\u00e1ce p\u0159i v\u00fdvoji sout\u011b\u017en\u00edch stroj\u016f, a to nejen pro Husqvarnu, ale tak\u00e9 pro KTM a GasGas, nebo\u0165 v\u0161echny t\u0159i zna\u010dky pat\u0159\u00ed do koncernu Pierer Mobility AG a do maratonsk\u00fdch sout\u011b\u017e\u00ed tud\u00ed\u017e nasazuj\u00ed naprosto identickou techniku jen pod r\u016fzn\u00fdmi n\u00e1zvy a v odli\u0161n\u00fdch barv\u00e1ch.[\/vc_column_text][vc_column_text css_animation=&#8221;fadeIn&#8221; css=&#8221;.vc_custom_1687885372784{border-top-width: 1px !important;border-right-width: 1px !important;border-bottom-width: 1px !important;border-left-width: 1px !important;padding-top: 10px !important;padding-right: 10px !important;padding-bottom: 10px !important;padding-left: 10px !important;background-color: #f2f2f2 !important;border-left-color: #ee8027 !important;border-left-style: solid !important;border-right-color: #ee8027 !important;border-right-style: solid !important;border-top-color: #ee8027 !important;border-top-style: solid !important;border-bottom-color: #ee8027 !important;border-bottom-style: solid !important;border-radius: 1px !important;}&#8221;]<\/p>\n<table style=\"border-collapse: collapse; width: 97.7654%;\" cellpadding=\"4px\">\n<tbody>\n<tr>\n<td style=\"vertical-align: top; width: 35%;\"><a href=\"https:\/\/eshop.dakarmania.cz\/knihy-casopisy\/\"><img loading=\"lazy\" decoding=\"async\" class=\"size-medium wp-image-27103 aligncenter\" src=\"\/wp-content\/uploads\/2023\/04\/dkrm-vyprodej2.jpg\" alt=\"E-shop DAKARMANIA | Sb\u011bratelsk\u00e9 modely\" width=\"150\" height=\"150\" \/><\/a><\/td>\n<td style=\"vertical-align: center; width: 65%; text-align: center;\"><span style=\"font-size: 9pt;\"><strong><a href=\"https:\/\/eshop.dakarmania.cz\/knihy-casopisy\/\">TOT\u00c1LN\u00cd V\u00ddPRODEJ<\/a><\/strong><\/span><br \/>\n<span style=\"font-size: 13pt;\"><strong><a href=\"https:\/\/eshop.dakarmania.cz\/knihy-casopisy\/\">magaz\u00edny DAKARMANIA za t\u0159etinu<\/a><\/strong><\/span><br \/>\n<span style=\"font-size: 9pt;\"><strong><a href=\"https:\/\/eshop.dakarmania.cz\/knihy-casopisy\/\">eshop.dakarmania.cz<\/a><\/strong><\/span><\/td>\n<\/tr>\n<\/tbody>\n<\/table>\n<p>[\/vc_column_text][vc_column_text css_animation=&#8221;fadeIn&#8221;]S\u00e1m Howes se k odchodu od Husqvarny zat\u00edm ofici\u00e1ln\u011b nijak nevyj\u00e1d\u0159il. Podle dob\u0159e informovan\u00e9ho zdroje, s n\u00edm\u017e jsme o situaci hovo\u0159ili, v\u0161ak chce i nad\u00e1le z\u016fstat v kategorii motocykl\u016f a jeho hlavn\u00edm sportovn\u00edm c\u00edlem z\u016fst\u00e1v\u00e1 i nad\u00e1le dakarsk\u00e9 v\u00edt\u011bzstv\u00ed.<\/p>\n<p>Uvid\u00edme 31let\u00e9ho Kalifor\u0148ana v bl\u00edzk\u00e9 budoucnosti za \u0159\u00edd\u00edtky tov\u00e1rn\u00ed Hondy, kter\u00e1 se po jeho rozchodu se skupinou Pierer a s ohledem na rozlo\u017een\u00ed sil ve startovn\u00edm poli logicky nab\u00edz\u00ed? \u010cas uk\u00e1\u017ee\u2026[\/vc_column_text][vc_empty_space height=&#8221;2px&#8221;][\/vc_column][\/vc_row]<\/p>\n","protected":false},"excerpt":{"rendered":"<p>N\u011bkter\u00e9 zpr\u00e1vy p\u0159ich\u00e1zej\u00ed jako blesk z \u010dist\u00e9ho nebe. A toto je jedna z nich: Husqvarna ne\u010dekan\u011b informovala o rozchodu se Skylerem Howesem. <\/p>\n","protected":false},"author":1,"featured_media":27600,"comment_status":"closed","ping_status":"closed","sticky":false,"template":"","format":"standard","meta":{"footnotes":""},"categories":[15],"tags":[64,756,61],"class_list":["post-27601","post","type-post","status-publish","format-standard","has-post-thumbnail","hentry","category-moto-quad","tag-husqvarna","tag-husqvarna-factory-racing","tag-skyler-howes"],"yoast_head":"<!-- This site is optimized with the Yoast SEO plugin v24.9 - https:\/\/yoast.com\/wordpress\/plugins\/seo\/ -->\n<title>Skyler Howes kon\u010d\u00ed u Husqvarny - DAKARMANIA.cz<\/title>\n<meta name=\"description\" content=\"N\u011bkter\u00e9 zpr\u00e1vy p\u0159ich\u00e1zej\u00ed jako blesk z \u010dist\u00e9ho nebe. A toto je jedna z nich: Husqvarna ne\u010dekan\u011b informovala o rozchodu se Skylerem Howesem.\" \/>\n<meta name=\"robots\" content=\"index, follow, max-snippet:-1, max-image-preview:large, max-video-preview:-1\" \/>\n<link rel=\"canonical\" href=\"https:\/\/www.dakarmania.cz\/index.php\/2023\/06\/27\/skyler-howes-konci-u-husqvarny\/\" \/>\n<meta property=\"og:locale\" content=\"cs_CZ\" \/>\n<meta property=\"og:type\" content=\"article\" \/>\n<meta property=\"og:title\" content=\"Skyler Howes kon\u010d\u00ed u Husqvarny - DAKARMANIA.cz\" \/>\n<meta property=\"og:description\" content=\"N\u011bkter\u00e9 zpr\u00e1vy p\u0159ich\u00e1zej\u00ed jako blesk z \u010dist\u00e9ho nebe. A toto je jedna z nich: Husqvarna ne\u010dekan\u011b informovala o rozchodu se Skylerem Howesem.\" \/>\n<meta property=\"og:url\" content=\"https:\/\/www.dakarmania.cz\/index.php\/2023\/06\/27\/skyler-howes-konci-u-husqvarny\/\" \/>\n<meta property=\"og:site_name\" content=\"DAKARMANIA.cz\" \/>\n<meta property=\"article:publisher\" content=\"https:\/\/www.facebook.com\/dakarmania\/\" \/>\n<meta property=\"article:published_time\" content=\"2023-06-27T17:05:13+00:00\" \/>\n<meta property=\"article:modified_time\" content=\"2023-06-27T17:20:35+00:00\" \/>\n<meta property=\"og:image\" content=\"https:\/\/www.dakarmania.cz\/wp-content\/uploads\/2023\/06\/23-addc-howes-01.jpg\" \/>\n\t<meta property=\"og:image:width\" content=\"1024\" \/>\n\t<meta property=\"og:image:height\" content=\"683\" \/>\n\t<meta property=\"og:image:type\" content=\"image\/jpeg\" \/>\n<meta name=\"author\" content=\"Zden\u011bk Zelenka\" \/>\n<meta name=\"twitter:card\" content=\"summary_large_image\" \/>\n<meta name=\"twitter:label1\" content=\"Napsal(a)\" \/>\n\t<meta name=\"twitter:data1\" content=\"Zden\u011bk Zelenka\" \/>\n\t<meta name=\"twitter:label2\" content=\"Odhadovan\u00e1 doba \u010dten\u00ed\" \/>\n\t<meta name=\"twitter:data2\" content=\"4 minuty\" \/>\n<script type=\"application\/ld+json\" class=\"yoast-schema-graph\">{\"@context\":\"https:\/\/schema.org\",\"@graph\":[{\"@type\":\"Article\",\"@id\":\"https:\/\/www.dakarmania.cz\/index.php\/2023\/06\/27\/skyler-howes-konci-u-husqvarny\/#article\",\"isPartOf\":{\"@id\":\"https:\/\/www.dakarmania.cz\/index.php\/2023\/06\/27\/skyler-howes-konci-u-husqvarny\/\"},\"author\":{\"name\":\"Zden\u011bk Zelenka\",\"@id\":\"https:\/\/www.dakarmania.cz\/#\/schema\/person\/04eb0e87a389631c2169c0dddae7ff1e\"},\"headline\":\"Skyler Howes kon\u010d\u00ed u Husqvarny\",\"datePublished\":\"2023-06-27T17:05:13+00:00\",\"dateModified\":\"2023-06-27T17:20:35+00:00\",\"mainEntityOfPage\":{\"@id\":\"https:\/\/www.dakarmania.cz\/index.php\/2023\/06\/27\/skyler-howes-konci-u-husqvarny\/\"},\"wordCount\":860,\"publisher\":{\"@id\":\"https:\/\/www.dakarmania.cz\/#organization\"},\"image\":{\"@id\":\"https:\/\/www.dakarmania.cz\/index.php\/2023\/06\/27\/skyler-howes-konci-u-husqvarny\/#primaryimage\"},\"thumbnailUrl\":\"https:\/\/www.dakarmania.cz\/wp-content\/uploads\/2023\/06\/23-addc-howes-01.jpg\",\"keywords\":[\"Husqvarna\",\"Husqvarna Factory Racing\",\"Skyler Howes\"],\"articleSection\":[\"Moto\/Quad\"],\"inLanguage\":\"cs\"},{\"@type\":\"WebPage\",\"@id\":\"https:\/\/www.dakarmania.cz\/index.php\/2023\/06\/27\/skyler-howes-konci-u-husqvarny\/\",\"url\":\"https:\/\/www.dakarmania.cz\/index.php\/2023\/06\/27\/skyler-howes-konci-u-husqvarny\/\",\"name\":\"Skyler Howes kon\u010d\u00ed u Husqvarny - DAKARMANIA.cz\",\"isPartOf\":{\"@id\":\"https:\/\/www.dakarmania.cz\/#website\"},\"primaryImageOfPage\":{\"@id\":\"https:\/\/www.dakarmania.cz\/index.php\/2023\/06\/27\/skyler-howes-konci-u-husqvarny\/#primaryimage\"},\"image\":{\"@id\":\"https:\/\/www.dakarmania.cz\/index.php\/2023\/06\/27\/skyler-howes-konci-u-husqvarny\/#primaryimage\"},\"thumbnailUrl\":\"https:\/\/www.dakarmania.cz\/wp-content\/uploads\/2023\/06\/23-addc-howes-01.jpg\",\"datePublished\":\"2023-06-27T17:05:13+00:00\",\"dateModified\":\"2023-06-27T17:20:35+00:00\",\"description\":\"N\u011bkter\u00e9 zpr\u00e1vy p\u0159ich\u00e1zej\u00ed jako blesk z \u010dist\u00e9ho nebe. A toto je jedna z nich: Husqvarna ne\u010dekan\u011b informovala o rozchodu se Skylerem Howesem.\",\"breadcrumb\":{\"@id\":\"https:\/\/www.dakarmania.cz\/index.php\/2023\/06\/27\/skyler-howes-konci-u-husqvarny\/#breadcrumb\"},\"inLanguage\":\"cs\",\"potentialAction\":[{\"@type\":\"ReadAction\",\"target\":[\"https:\/\/www.dakarmania.cz\/index.php\/2023\/06\/27\/skyler-howes-konci-u-husqvarny\/\"]}]},{\"@type\":\"ImageObject\",\"inLanguage\":\"cs\",\"@id\":\"https:\/\/www.dakarmania.cz\/index.php\/2023\/06\/27\/skyler-howes-konci-u-husqvarny\/#primaryimage\",\"url\":\"https:\/\/www.dakarmania.cz\/wp-content\/uploads\/2023\/06\/23-addc-howes-01.jpg\",\"contentUrl\":\"https:\/\/www.dakarmania.cz\/wp-content\/uploads\/2023\/06\/23-addc-howes-01.jpg\",\"width\":1024,\"height\":683,\"caption\":\"Skyler Howes, Husqvarna Factory Racing. Abu Dhabi Desert Challenge 2023. \u00a9 Husqvarna\/DPPI\"},{\"@type\":\"BreadcrumbList\",\"@id\":\"https:\/\/www.dakarmania.cz\/index.php\/2023\/06\/27\/skyler-howes-konci-u-husqvarny\/#breadcrumb\",\"itemListElement\":[{\"@type\":\"ListItem\",\"position\":1,\"name\":\"Dom\u016f\",\"item\":\"https:\/\/www.dakarmania.cz\/\"},{\"@type\":\"ListItem\",\"position\":2,\"name\":\"Skyler Howes kon\u010d\u00ed u Husqvarny\"}]},{\"@type\":\"WebSite\",\"@id\":\"https:\/\/www.dakarmania.cz\/#website\",\"url\":\"https:\/\/www.dakarmania.cz\/\",\"name\":\"DAKARMANIA.cz\",\"description\":\"\u017dijeme Dakarem cel\u00fd rok\",\"publisher\":{\"@id\":\"https:\/\/www.dakarmania.cz\/#organization\"},\"potentialAction\":[{\"@type\":\"SearchAction\",\"target\":{\"@type\":\"EntryPoint\",\"urlTemplate\":\"https:\/\/www.dakarmania.cz\/?s={search_term_string}\"},\"query-input\":{\"@type\":\"PropertyValueSpecification\",\"valueRequired\":true,\"valueName\":\"search_term_string\"}}],\"inLanguage\":\"cs\"},{\"@type\":\"Organization\",\"@id\":\"https:\/\/www.dakarmania.cz\/#organization\",\"name\":\"DAKAR MANIA\",\"url\":\"https:\/\/www.dakarmania.cz\/\",\"logo\":{\"@type\":\"ImageObject\",\"inLanguage\":\"cs\",\"@id\":\"https:\/\/www.dakarmania.cz\/#\/schema\/logo\/image\/\",\"url\":\"https:\/\/www.dakarmania.cz\/wp-content\/uploads\/2018\/12\/Dakar-Mania-Logo-Square-Orange.png\",\"contentUrl\":\"https:\/\/www.dakarmania.cz\/wp-content\/uploads\/2018\/12\/Dakar-Mania-Logo-Square-Orange.png\",\"width\":992,\"height\":992,\"caption\":\"DAKAR MANIA\"},\"image\":{\"@id\":\"https:\/\/www.dakarmania.cz\/#\/schema\/logo\/image\/\"},\"sameAs\":[\"https:\/\/www.facebook.com\/dakarmania\/\"]},{\"@type\":\"Person\",\"@id\":\"https:\/\/www.dakarmania.cz\/#\/schema\/person\/04eb0e87a389631c2169c0dddae7ff1e\",\"name\":\"Zden\u011bk Zelenka\",\"image\":{\"@type\":\"ImageObject\",\"inLanguage\":\"cs\",\"@id\":\"https:\/\/www.dakarmania.cz\/#\/schema\/person\/image\/\",\"url\":\"https:\/\/secure.gravatar.com\/avatar\/2c80d5a4942fe0900b73cc7d3837a509d6ee0a276a2b76dac95c92bd0763a89b?s=96&d=mm&r=g\",\"contentUrl\":\"https:\/\/secure.gravatar.com\/avatar\/2c80d5a4942fe0900b73cc7d3837a509d6ee0a276a2b76dac95c92bd0763a89b?s=96&d=mm&r=g\",\"caption\":\"Zden\u011bk Zelenka\"},\"description\":\"Moji d\u011bt\u0161t\u00ed hrdinov\u00e9 se jmenovali Loprais, Moskal, Neveu, Vatanen, Rahier... A tihle borci, jejich n\u00e1sledovn\u00edci a jejich p\u0159\u00edb\u011bhy m\u011b nep\u0159estali fascinovat ani po letech, kdy jsem vyrostl a zam\u011bstn\u00e1valy m\u011b jin\u00e9 discipl\u00edny motorsportu. Proto se zrodila DAKARMANIA.\",\"url\":\"https:\/\/www.dakarmania.cz\/index.php\/author\/dakarmania\/\"}]}<\/script>\n<!-- \/ Yoast SEO plugin. -->","yoast_head_json":{"title":"Skyler Howes kon\u010d\u00ed u Husqvarny - DAKARMANIA.cz","description":"N\u011bkter\u00e9 zpr\u00e1vy p\u0159ich\u00e1zej\u00ed jako blesk z \u010dist\u00e9ho nebe. A toto je jedna z nich: Husqvarna ne\u010dekan\u011b informovala o rozchodu se Skylerem Howesem.","robots":{"index":"index","follow":"follow","max-snippet":"max-snippet:-1","max-image-preview":"max-image-preview:large","max-video-preview":"max-video-preview:-1"},"canonical":"https:\/\/www.dakarmania.cz\/index.php\/2023\/06\/27\/skyler-howes-konci-u-husqvarny\/","og_locale":"cs_CZ","og_type":"article","og_title":"Skyler Howes kon\u010d\u00ed u Husqvarny - DAKARMANIA.cz","og_description":"N\u011bkter\u00e9 zpr\u00e1vy p\u0159ich\u00e1zej\u00ed jako blesk z \u010dist\u00e9ho nebe. A toto je jedna z nich: Husqvarna ne\u010dekan\u011b informovala o rozchodu se Skylerem Howesem.","og_url":"https:\/\/www.dakarmania.cz\/index.php\/2023\/06\/27\/skyler-howes-konci-u-husqvarny\/","og_site_name":"DAKARMANIA.cz","article_publisher":"https:\/\/www.facebook.com\/dakarmania\/","article_published_time":"2023-06-27T17:05:13+00:00","article_modified_time":"2023-06-27T17:20:35+00:00","og_image":[{"width":1024,"height":683,"url":"https:\/\/www.dakarmania.cz\/wp-content\/uploads\/2023\/06\/23-addc-howes-01.jpg","type":"image\/jpeg"}],"author":"Zden\u011bk Zelenka","twitter_card":"summary_large_image","twitter_misc":{"Napsal(a)":"Zden\u011bk Zelenka","Odhadovan\u00e1 doba \u010dten\u00ed":"4 minuty"},"schema":{"@context":"https:\/\/schema.org","@graph":[{"@type":"Article","@id":"https:\/\/www.dakarmania.cz\/index.php\/2023\/06\/27\/skyler-howes-konci-u-husqvarny\/#article","isPartOf":{"@id":"https:\/\/www.dakarmania.cz\/index.php\/2023\/06\/27\/skyler-howes-konci-u-husqvarny\/"},"author":{"name":"Zden\u011bk Zelenka","@id":"https:\/\/www.dakarmania.cz\/#\/schema\/person\/04eb0e87a389631c2169c0dddae7ff1e"},"headline":"Skyler Howes kon\u010d\u00ed u Husqvarny","datePublished":"2023-06-27T17:05:13+00:00","dateModified":"2023-06-27T17:20:35+00:00","mainEntityOfPage":{"@id":"https:\/\/www.dakarmania.cz\/index.php\/2023\/06\/27\/skyler-howes-konci-u-husqvarny\/"},"wordCount":860,"publisher":{"@id":"https:\/\/www.dakarmania.cz\/#organization"},"image":{"@id":"https:\/\/www.dakarmania.cz\/index.php\/2023\/06\/27\/skyler-howes-konci-u-husqvarny\/#primaryimage"},"thumbnailUrl":"https:\/\/www.dakarmania.cz\/wp-content\/uploads\/2023\/06\/23-addc-howes-01.jpg","keywords":["Husqvarna","Husqvarna Factory Racing","Skyler Howes"],"articleSection":["Moto\/Quad"],"inLanguage":"cs"},{"@type":"WebPage","@id":"https:\/\/www.dakarmania.cz\/index.php\/2023\/06\/27\/skyler-howes-konci-u-husqvarny\/","url":"https:\/\/www.dakarmania.cz\/index.php\/2023\/06\/27\/skyler-howes-konci-u-husqvarny\/","name":"Skyler Howes kon\u010d\u00ed u Husqvarny - DAKARMANIA.cz","isPartOf":{"@id":"https:\/\/www.dakarmania.cz\/#website"},"primaryImageOfPage":{"@id":"https:\/\/www.dakarmania.cz\/index.php\/2023\/06\/27\/skyler-howes-konci-u-husqvarny\/#primaryimage"},"image":{"@id":"https:\/\/www.dakarmania.cz\/index.php\/2023\/06\/27\/skyler-howes-konci-u-husqvarny\/#primaryimage"},"thumbnailUrl":"https:\/\/www.dakarmania.cz\/wp-content\/uploads\/2023\/06\/23-addc-howes-01.jpg","datePublished":"2023-06-27T17:05:13+00:00","dateModified":"2023-06-27T17:20:35+00:00","description":"N\u011bkter\u00e9 zpr\u00e1vy p\u0159ich\u00e1zej\u00ed jako blesk z \u010dist\u00e9ho nebe. A toto je jedna z nich: Husqvarna ne\u010dekan\u011b informovala o rozchodu se Skylerem Howesem.","breadcrumb":{"@id":"https:\/\/www.dakarmania.cz\/index.php\/2023\/06\/27\/skyler-howes-konci-u-husqvarny\/#breadcrumb"},"inLanguage":"cs","potentialAction":[{"@type":"ReadAction","target":["https:\/\/www.dakarmania.cz\/index.php\/2023\/06\/27\/skyler-howes-konci-u-husqvarny\/"]}]},{"@type":"ImageObject","inLanguage":"cs","@id":"https:\/\/www.dakarmania.cz\/index.php\/2023\/06\/27\/skyler-howes-konci-u-husqvarny\/#primaryimage","url":"https:\/\/www.dakarmania.cz\/wp-content\/uploads\/2023\/06\/23-addc-howes-01.jpg","contentUrl":"https:\/\/www.dakarmania.cz\/wp-content\/uploads\/2023\/06\/23-addc-howes-01.jpg","width":1024,"height":683,"caption":"Skyler Howes, Husqvarna Factory Racing. Abu Dhabi Desert Challenge 2023. \u00a9 Husqvarna\/DPPI"},{"@type":"BreadcrumbList","@id":"https:\/\/www.dakarmania.cz\/index.php\/2023\/06\/27\/skyler-howes-konci-u-husqvarny\/#breadcrumb","itemListElement":[{"@type":"ListItem","position":1,"name":"Dom\u016f","item":"https:\/\/www.dakarmania.cz\/"},{"@type":"ListItem","position":2,"name":"Skyler Howes kon\u010d\u00ed u Husqvarny"}]},{"@type":"WebSite","@id":"https:\/\/www.dakarmania.cz\/#website","url":"https:\/\/www.dakarmania.cz\/","name":"DAKARMANIA.cz","description":"\u017dijeme Dakarem cel\u00fd rok","publisher":{"@id":"https:\/\/www.dakarmania.cz\/#organization"},"potentialAction":[{"@type":"SearchAction","target":{"@type":"EntryPoint","urlTemplate":"https:\/\/www.dakarmania.cz\/?s={search_term_string}"},"query-input":{"@type":"PropertyValueSpecification","valueRequired":true,"valueName":"search_term_string"}}],"inLanguage":"cs"},{"@type":"Organization","@id":"https:\/\/www.dakarmania.cz\/#organization","name":"DAKAR MANIA","url":"https:\/\/www.dakarmania.cz\/","logo":{"@type":"ImageObject","inLanguage":"cs","@id":"https:\/\/www.dakarmania.cz\/#\/schema\/logo\/image\/","url":"https:\/\/www.dakarmania.cz\/wp-content\/uploads\/2018\/12\/Dakar-Mania-Logo-Square-Orange.png","contentUrl":"https:\/\/www.dakarmania.cz\/wp-content\/uploads\/2018\/12\/Dakar-Mania-Logo-Square-Orange.png","width":992,"height":992,"caption":"DAKAR MANIA"},"image":{"@id":"https:\/\/www.dakarmania.cz\/#\/schema\/logo\/image\/"},"sameAs":["https:\/\/www.facebook.com\/dakarmania\/"]},{"@type":"Person","@id":"https:\/\/www.dakarmania.cz\/#\/schema\/person\/04eb0e87a389631c2169c0dddae7ff1e","name":"Zden\u011bk Zelenka","image":{"@type":"ImageObject","inLanguage":"cs","@id":"https:\/\/www.dakarmania.cz\/#\/schema\/person\/image\/","url":"https:\/\/secure.gravatar.com\/avatar\/2c80d5a4942fe0900b73cc7d3837a509d6ee0a276a2b76dac95c92bd0763a89b?s=96&d=mm&r=g","contentUrl":"https:\/\/secure.gravatar.com\/avatar\/2c80d5a4942fe0900b73cc7d3837a509d6ee0a276a2b76dac95c92bd0763a89b?s=96&d=mm&r=g","caption":"Zden\u011bk Zelenka"},"description":"Moji d\u011bt\u0161t\u00ed hrdinov\u00e9 se jmenovali Loprais, Moskal, Neveu, Vatanen, Rahier... A tihle borci, jejich n\u00e1sledovn\u00edci a jejich p\u0159\u00edb\u011bhy m\u011b nep\u0159estali fascinovat ani po letech, kdy jsem vyrostl a zam\u011bstn\u00e1valy m\u011b jin\u00e9 discipl\u00edny motorsportu. Proto se zrodila DAKARMANIA.","url":"https:\/\/www.dakarmania.cz\/index.php\/author\/dakarmania\/"}]}},"amp_enabled":true,"_links":{"self":[{"href":"https:\/\/www.dakarmania.cz\/index.php\/wp-json\/wp\/v2\/posts\/27601","targetHints":{"allow":["GET"]}}],"collection":[{"href":"https:\/\/www.dakarmania.cz\/index.php\/wp-json\/wp\/v2\/posts"}],"about":[{"href":"https:\/\/www.dakarmania.cz\/index.php\/wp-json\/wp\/v2\/types\/post"}],"author":[{"embeddable":true,"href":"https:\/\/www.dakarmania.cz\/index.php\/wp-json\/wp\/v2\/users\/1"}],"replies":[{"embeddable":true,"href":"https:\/\/www.dakarmania.cz\/index.php\/wp-json\/wp\/v2\/comments?post=27601"}],"version-history":[{"count":2,"href":"https:\/\/www.dakarmania.cz\/index.php\/wp-json\/wp\/v2\/posts\/27601\/revisions"}],"predecessor-version":[{"id":27605,"href":"https:\/\/www.dakarmania.cz\/index.php\/wp-json\/wp\/v2\/posts\/27601\/revisions\/27605"}],"wp:featuredmedia":[{"embeddable":true,"href":"https:\/\/www.dakarmania.cz\/index.php\/wp-json\/wp\/v2\/media\/27600"}],"wp:attachment":[{"href":"https:\/\/www.dakarmania.cz\/index.php\/wp-json\/wp\/v2\/media?parent=27601"}],"wp:term":[{"taxonomy":"category","embeddable":true,"href":"https:\/\/www.dakarmania.cz\/index.php\/wp-json\/wp\/v2\/categories?post=27601"},{"taxonomy":"post_tag","embeddable":true,"href":"https:\/\/www.dakarmania.cz\/index.php\/wp-json\/wp\/v2\/tags?post=27601"}],"curies":[{"name":"wp","href":"https:\/\/api.w.org\/{rel}","templated":true}]}}