{"id":27708,"date":"2023-07-12T13:48:43","date_gmt":"2023-07-12T11:48:43","guid":{"rendered":"https:\/\/www.dakarmania.cz\/?p=27708"},"modified":"2023-07-12T14:16:45","modified_gmt":"2023-07-12T12:16:45","slug":"dakar-2024-bude-pro-audi-posledni","status":"publish","type":"post","link":"https:\/\/www.dakarmania.cz\/index.php\/2023\/07\/12\/dakar-2024-bude-pro-audi-posledni\/","title":{"rendered":"Dakar 2024 bude pro Audi posledn\u00ed"},"content":{"rendered":"<p>[vc_row][vc_column][vc_column_text css_animation=&#8221;fadeIn&#8221;]<\/p>\n<h3>Audi sv\u016fj ambici\u00f3zn\u00ed program v d\u00e1lkov\u00fdch rally neprodlou\u017e\u00ed. Razantn\u00ed \u0161krty se dotknou tak\u00e9 dal\u0161\u00edch aktivit ingolstadtsk\u00e9 automobilky v motoristick\u00e9m sportu.<\/h3>\n<p>[\/vc_column_text][vc_single_image image=&#8221;27707&#8243; img_size=&#8221;large&#8221; add_caption=&#8221;yes&#8221; alignment=&#8221;center&#8221; onclick=&#8221;link_image&#8221; css_animation=&#8221;fadeIn&#8221;][vc_column_text css_animation=&#8221;fadeIn&#8221;]Na z\u00e1klad\u011b rozhodnut\u00ed, kter\u00e9 p\u0159ijalo p\u0159edstavenstvo spole\u010dnosti v pond\u011bl\u00ed 10. \u010dervence, ukon\u010d\u00ed Audi krom\u011b dakarsk\u00e9ho projektu tak\u00e9 tov\u00e1rn\u00ed podporu soukrom\u00fdch t\u00fdm\u016f v DTM a v dal\u0161\u00edch okruhov\u00fdch z\u00e1vodech sportovn\u00edch voz\u016f. Sv\u016fj sportovn\u00ed program do budoucna zam\u011b\u0159\u00ed de facto v\u00fdhradn\u011b na formuli 1, do n\u00ed\u017e jako dodavatel motor\u016f vstoup\u00ed v roce 2026.<\/p>\n<p>Pravdou je, \u017ee program Audi v d\u00e1lkov\u00fdch rally byl od po\u010d\u00e1tku napl\u00e1nov\u00e1n na t\u0159i roky a Dakar 2024 m\u011bl tento cyklus uzav\u0159\u00edt. Nyn\u00ed je jasn\u00e9, \u017ee k prodlou\u017een\u00ed projektu na dal\u0161\u00ed obdob\u00ed nedojde.<\/p>\n<p>Trojice tov\u00e1rn\u00edch Audi debutovala na Dakaru 2022 a okam\u017eit\u011b p\u0159edvedla slibn\u00fd potenci\u00e1l sv\u00e9 revolu\u010dn\u00ed koncepce. St\u00e9phane Peterhansel, Carlos Sainz i Mattias Ekstr\u00f6m dok\u00e1zali vyhr\u00e1t n\u011bkterou z etap a \u0160v\u00e9d se v kone\u010dn\u00e9m hodnocen\u00ed sout\u011b\u017ee prosadil do prvn\u00ed des\u00edtky.[\/vc_column_text][vc_column_text css_animation=&#8221;fadeIn&#8221; css=&#8221;.vc_custom_1689162154413{border-top-width: 1px !important;border-right-width: 1px !important;border-bottom-width: 1px !important;border-left-width: 1px !important;padding-top: 10px !important;padding-right: 10px !important;padding-bottom: 10px !important;padding-left: 10px !important;background-color: #f2f2f2 !important;border-left-color: #ee8027 !important;border-left-style: solid !important;border-right-color: #ee8027 !important;border-right-style: solid !important;border-top-color: #ee8027 !important;border-top-style: solid !important;border-bottom-color: #ee8027 !important;border-bottom-style: solid !important;border-radius: 1px !important;}&#8221;]<\/p>\n<table style=\"border-collapse: collapse; width: 97.7654%;\" cellpadding=\"4px\">\n<tbody>\n<tr>\n<td style=\"vertical-align: top; width: 25%;\"><a href=\"https:\/\/eshop.dakarmania.cz\/sberatelske-modely\/\"><img loading=\"lazy\" decoding=\"async\" class=\"size-medium wp-image-26936 aligncenter\" src=\"\/wp-content\/uploads\/2023\/04\/norev-shinozuka-dakar-1992.jpg\" alt=\"E-shop DAKARMANIA | Sb\u011bratelsk\u00e9 modely\" width=\"150\" height=\"150\" \/><\/a><\/td>\n<td style=\"vertical-align: center; width: 50%; text-align: center;\"><span style=\"font-size: 13pt;\"><strong><a href=\"https:\/\/eshop.dakarmania.cz\/sberatelske-modely\/\">SB\u011aRATELSK\u00c9 MODELY<\/a><\/strong><\/span><br \/>\n<span style=\"font-size: 9pt;\"><strong><a href=\"https:\/\/eshop.dakarmania.cz\/sberatelske-modely\/\">eshop.dakarmania.cz<\/a><\/strong><\/span><\/td>\n<td style=\"vertical-align: top; width: 25%;\"><a href=\"https:\/\/eshop.dakarmania.cz\/sberatelske-modely\/\"><img loading=\"lazy\" decoding=\"async\" class=\"size-medium wp-image-26964 aligncenter\" src=\"\/wp-content\/uploads\/2023\/04\/spark-peterhansel-addc-2022b.jpg\" alt=\"E-shop DAKARMANIA | Sb\u011bratelsk\u00e9 modely\" width=\"150\" height=\"150\" \/><\/a><\/td>\n<\/tr>\n<\/tbody>\n<\/table>\n<p>[\/vc_column_text][vc_column_text css_animation=&#8221;fadeIn&#8221;]O n\u011bkolik m\u011bs\u00edc\u016f pozd\u011bji se Audi RS Q e-tron zapsalo do historie motoristick\u00e9ho sportu, kdy\u017e jako prvn\u00ed v\u016fz poh\u00e1n\u011bn\u00fd elektrick\u00fdm motorem vyhr\u00e1lo mezin\u00e1rodn\u00ed d\u00e1lkovou rally. Na Abu Dhabi Desert Challenge 2022 se o dosud jedin\u00fd triumf tohoto speci\u00e1lu postarala francouzsk\u00e1 dvojice St\u00e9phane Peterhansel, Edouard Boulanger.<\/p>\n<p>Na Dakar 2023 p\u0159ipravili N\u011bmci dal\u0161\u00ed evolu\u010dn\u00ed verzi RS Q e-tron E2, s n\u00ed\u017e cht\u011bli atakovat celkov\u00e9 v\u00edt\u011bzstv\u00ed. Carlos Sainz a Lucas Cruz sice po prvn\u00ed etap\u011b vedli, ale v n\u00e1sleduj\u00edc\u00edch dnech <a href=\"\/index.php\/2023\/01\/07\/dakarske-stripky-debakl-audi-dokonan\/\">se cel\u00fd t\u00fdm tr\u00e1pil<\/a>. Peterhansel i Sainz ze sout\u011b\u017ee po hav\u00e1ri\u00edch odstoupili, Ekstr\u00f6m obsadil s v\u00fdraznou ztr\u00e1tou \u010dtrn\u00e1ct\u00e9 m\u00edsto.<\/p>\n<p>Ne\u00fasp\u011bch na Dakaru, stejn\u011b jako <a href=\"https:\/\/www.dakarmania.cz\/index.php\/2023\/01\/17\/sainz-si-poranil-pater\/\">zran\u011bn\u00ed p\u00e1te\u0159e, kter\u00e1 p\u0159i nehod\u00e1ch utrp\u011bli Sainz i Boulanger<\/a>, n\u00e1sledn\u011b vedly k p\u0159ehodnocen\u00ed p\u016fvodn\u00edch pl\u00e1n\u016f, na jejich z\u00e1klad\u011b se t\u00fdm m\u011bl \u00fa\u010dastnit kompletn\u00ed sezony mistrovstv\u00ed sv\u011bta v d\u00e1lkov\u00fdch rally (W2RC). V Abu Dhabi i Mexiku v\u0161ak Audi chyb\u011bla. Do obou jarn\u00edch sout\u011b\u017e\u00ed sv\u011btov\u00e9ho \u0161ampion\u00e1tu odstartoval pouze Ekstr\u00f6m, jen\u017e nav\u00edc usedl za volant buginy kategorie side-by-side.[\/vc_column_text][vc_column_text css_animation=&#8221;fadeIn&#8221; css=&#8221;.vc_custom_1689162204589{border-top-width: 1px !important;border-right-width: 1px !important;border-bottom-width: 1px !important;border-left-width: 1px !important;padding-top: 10px !important;padding-right: 10px !important;padding-bottom: 10px !important;padding-left: 10px !important;background-color: #f2f2f2 !important;border-left-color: #ee8027 !important;border-left-style: solid !important;border-right-color: #ee8027 !important;border-right-style: solid !important;border-top-color: #ee8027 !important;border-top-style: solid !important;border-bottom-color: #ee8027 !important;border-bottom-style: solid !important;border-radius: 1px !important;}&#8221;]<\/p>\n<table style=\"border-collapse: collapse; width: 97.7654%;\" cellpadding=\"4px\">\n<tbody>\n<tr>\n<td style=\"vertical-align: top; width: 35%;\"><a href=\"https:\/\/eshop.dakarmania.cz\/knihy-casopisy\/\"><img loading=\"lazy\" decoding=\"async\" class=\"size-medium wp-image-27103 aligncenter\" src=\"\/wp-content\/uploads\/2023\/04\/dkrm-vyprodej2.jpg\" alt=\"E-shop DAKARMANIA | Sb\u011bratelsk\u00e9 modely\" width=\"150\" height=\"150\" \/><\/a><\/td>\n<td style=\"vertical-align: center; width: 65%; text-align: center;\"><span style=\"font-size: 9pt;\"><strong><a href=\"https:\/\/eshop.dakarmania.cz\/knihy-casopisy\/\">TOT\u00c1LN\u00cd V\u00ddPRODEJ<\/a><\/strong><\/span><br \/>\n<span style=\"font-size: 13pt;\"><strong><a href=\"https:\/\/eshop.dakarmania.cz\/knihy-casopisy\/\">magaz\u00edny DAKARMANIA za t\u0159etinu<\/a><\/strong><\/span><br \/>\n<span style=\"font-size: 9pt;\"><strong><a href=\"https:\/\/eshop.dakarmania.cz\/knihy-casopisy\/\">eshop.dakarmania.cz<\/a><\/strong><\/span><\/td>\n<\/tr>\n<\/tbody>\n<\/table>\n<p>[\/vc_column_text][vc_column_text css_animation=&#8221;fadeIn&#8221;]Audi RS Q e-tron E2 tak od lednov\u00e9ho dakarsk\u00e9ho debaklu absolvovalo pouze kv\u011btnov\u00e9 testy na Arabsk\u00e9m poloostrov\u011b. Peterhansel, Sainz i Ekstr\u00f6m maj\u00ed na Dakar 2024 platn\u00fd kontrakt s Audi, po skon\u010den\u00ed sout\u011b\u017ee v\u0161ak budou voln\u00ed.<\/p>\n<p><a href=\"\/index.php\/2023\/06\/04\/dakar-2024-novy-format-maratonske-etapy\/\">Rally Dakar 2024<\/a> odstartuje 5. ledna v sa\u00fadskoarabsk\u00e9 \u00dale.<\/p>\n<hr \/>\n<p style=\"text-align: center;\"><em>V na\u0161em <a href=\"https:\/\/eshop.dakarmania.cz\/sberatelske-modely\/\"><strong>e-shopu<\/strong><\/a> si m\u016f\u017eete objednat model v\u00edt\u011bzn\u00e9ho Audi z ADDC 2022, kter\u00fd m\u00e1me skladem v m\u011b\u0159\u00edtku 1:43 i 1:18. P\u0159edobjednat si m\u016f\u017eete tak\u00e9 v\u0161echny t\u0159i tov\u00e1rn\u00ed vozy z Dakaru 2022. Modely v m\u011b\u0159\u00edtku 1:43 by m\u011bly b\u00fdt uvedeny na trh v pr\u016fb\u011bhu l\u00e9ta, modely 1:18 koncem roku.<\/em><\/p>\n<p style=\"text-align: center;\"><em>N\u00e1kupem sb\u011bratelsk\u00fdch p\u0159edm\u011bt\u016f v na\u0161em e-shopu pom\u016f\u017eete s financov\u00e1n\u00edm dal\u0161\u00edho chodu a rozvoje projektu DAKARMANIA.cz. Za p\u0159\u00edpadn\u00e9 objedn\u00e1vky p\u0159edem velmi d\u011bkujeme.<\/em><\/p>\n<p>[\/vc_column_text][vc_empty_space height=&#8221;2px&#8221;][\/vc_column][\/vc_row]<\/p>\n","protected":false},"excerpt":{"rendered":"<p>Audi sv\u016fj ambici\u00f3zn\u00ed program v d\u00e1lkov\u00fdch rally neprodlou\u017e\u00ed. Razantn\u00ed \u0161krty se dotknou tak\u00e9 dal\u0161\u00edch aktivit ingolstadtsk\u00e9 automobilky v motoristick\u00e9m sportu.<\/p>\n","protected":false},"author":1,"featured_media":27707,"comment_status":"closed","ping_status":"closed","sticky":false,"template":"","format":"standard","meta":{"footnotes":""},"categories":[3,2025],"tags":[2026,1811,1896,1114,2027,1815,217],"class_list":["post-27708","post","type-post","status-publish","format-standard","has-post-thumbnail","hentry","category-auto","category-dakar-2024","tag-2026","tag-audi","tag-audi-sport","tag-carlos-sainz","tag-dakar-2024","tag-mattias-ekstrom","tag-stephane-peterhansel"],"yoast_head":"<!-- This site is optimized with the Yoast SEO plugin v24.9 - https:\/\/yoast.com\/wordpress\/plugins\/seo\/ -->\n<title>Dakar 2024 bude pro Audi posledn\u00ed - DAKARMANIA.cz<\/title>\n<meta name=\"description\" content=\"Audi sv\u016fj ambici\u00f3zn\u00ed program v d\u00e1lkov\u00fdch rally neprodlou\u017e\u00ed. Razantn\u00ed \u0161krty se dotknou tak\u00e9 dal\u0161\u00edch aktivit ingolstadtsk\u00e9 automobilky v motoristick\u00e9m sportu.\" \/>\n<meta name=\"robots\" content=\"index, follow, max-snippet:-1, max-image-preview:large, max-video-preview:-1\" \/>\n<link rel=\"canonical\" href=\"https:\/\/www.dakarmania.cz\/index.php\/2023\/07\/12\/dakar-2024-bude-pro-audi-posledni\/\" \/>\n<meta property=\"og:locale\" content=\"cs_CZ\" \/>\n<meta property=\"og:type\" content=\"article\" \/>\n<meta property=\"og:title\" content=\"Dakar 2024 bude pro Audi posledn\u00ed - DAKARMANIA.cz\" \/>\n<meta property=\"og:description\" content=\"Audi sv\u016fj ambici\u00f3zn\u00ed program v d\u00e1lkov\u00fdch rally neprodlou\u017e\u00ed. Razantn\u00ed \u0161krty se dotknou tak\u00e9 dal\u0161\u00edch aktivit ingolstadtsk\u00e9 automobilky v motoristick\u00e9m sportu.\" \/>\n<meta property=\"og:url\" content=\"https:\/\/www.dakarmania.cz\/index.php\/2023\/07\/12\/dakar-2024-bude-pro-audi-posledni\/\" \/>\n<meta property=\"og:site_name\" content=\"DAKARMANIA.cz\" \/>\n<meta property=\"article:publisher\" content=\"https:\/\/www.facebook.com\/dakarmania\/\" \/>\n<meta property=\"article:published_time\" content=\"2023-07-12T11:48:43+00:00\" \/>\n<meta property=\"article:modified_time\" content=\"2023-07-12T12:16:45+00:00\" \/>\n<meta property=\"og:image\" content=\"https:\/\/www.dakarmania.cz\/wp-content\/uploads\/2023\/07\/23-dkr-peterhansel-19.jpg\" \/>\n\t<meta property=\"og:image:width\" content=\"1024\" \/>\n\t<meta property=\"og:image:height\" content=\"683\" \/>\n\t<meta property=\"og:image:type\" content=\"image\/jpeg\" \/>\n<meta name=\"author\" content=\"Zden\u011bk Zelenka\" \/>\n<meta name=\"twitter:card\" content=\"summary_large_image\" \/>\n<meta name=\"twitter:label1\" content=\"Napsal(a)\" \/>\n\t<meta name=\"twitter:data1\" content=\"Zden\u011bk Zelenka\" \/>\n\t<meta name=\"twitter:label2\" content=\"Odhadovan\u00e1 doba \u010dten\u00ed\" \/>\n\t<meta name=\"twitter:data2\" content=\"4 minuty\" \/>\n<script type=\"application\/ld+json\" class=\"yoast-schema-graph\">{\"@context\":\"https:\/\/schema.org\",\"@graph\":[{\"@type\":\"Article\",\"@id\":\"https:\/\/www.dakarmania.cz\/index.php\/2023\/07\/12\/dakar-2024-bude-pro-audi-posledni\/#article\",\"isPartOf\":{\"@id\":\"https:\/\/www.dakarmania.cz\/index.php\/2023\/07\/12\/dakar-2024-bude-pro-audi-posledni\/\"},\"author\":{\"name\":\"Zden\u011bk Zelenka\",\"@id\":\"https:\/\/www.dakarmania.cz\/#\/schema\/person\/04eb0e87a389631c2169c0dddae7ff1e\"},\"headline\":\"Dakar 2024 bude pro Audi posledn\u00ed\",\"datePublished\":\"2023-07-12T11:48:43+00:00\",\"dateModified\":\"2023-07-12T12:16:45+00:00\",\"mainEntityOfPage\":{\"@id\":\"https:\/\/www.dakarmania.cz\/index.php\/2023\/07\/12\/dakar-2024-bude-pro-audi-posledni\/\"},\"wordCount\":771,\"publisher\":{\"@id\":\"https:\/\/www.dakarmania.cz\/#organization\"},\"image\":{\"@id\":\"https:\/\/www.dakarmania.cz\/index.php\/2023\/07\/12\/dakar-2024-bude-pro-audi-posledni\/#primaryimage\"},\"thumbnailUrl\":\"https:\/\/www.dakarmania.cz\/wp-content\/uploads\/2023\/07\/23-dkr-peterhansel-19.jpg\",\"keywords\":[\"2024\",\"Audi\",\"Audi Sport\",\"Carlos Sainz\",\"Dakar 2024\",\"Mattias Ekstr\u00f6m\",\"St\u00e9phane Peterhansel\"],\"articleSection\":[\"Auto\",\"Dakar 2024\"],\"inLanguage\":\"cs\"},{\"@type\":\"WebPage\",\"@id\":\"https:\/\/www.dakarmania.cz\/index.php\/2023\/07\/12\/dakar-2024-bude-pro-audi-posledni\/\",\"url\":\"https:\/\/www.dakarmania.cz\/index.php\/2023\/07\/12\/dakar-2024-bude-pro-audi-posledni\/\",\"name\":\"Dakar 2024 bude pro Audi posledn\u00ed - DAKARMANIA.cz\",\"isPartOf\":{\"@id\":\"https:\/\/www.dakarmania.cz\/#website\"},\"primaryImageOfPage\":{\"@id\":\"https:\/\/www.dakarmania.cz\/index.php\/2023\/07\/12\/dakar-2024-bude-pro-audi-posledni\/#primaryimage\"},\"image\":{\"@id\":\"https:\/\/www.dakarmania.cz\/index.php\/2023\/07\/12\/dakar-2024-bude-pro-audi-posledni\/#primaryimage\"},\"thumbnailUrl\":\"https:\/\/www.dakarmania.cz\/wp-content\/uploads\/2023\/07\/23-dkr-peterhansel-19.jpg\",\"datePublished\":\"2023-07-12T11:48:43+00:00\",\"dateModified\":\"2023-07-12T12:16:45+00:00\",\"description\":\"Audi sv\u016fj ambici\u00f3zn\u00ed program v d\u00e1lkov\u00fdch rally neprodlou\u017e\u00ed. Razantn\u00ed \u0161krty se dotknou tak\u00e9 dal\u0161\u00edch aktivit ingolstadtsk\u00e9 automobilky v motoristick\u00e9m sportu.\",\"breadcrumb\":{\"@id\":\"https:\/\/www.dakarmania.cz\/index.php\/2023\/07\/12\/dakar-2024-bude-pro-audi-posledni\/#breadcrumb\"},\"inLanguage\":\"cs\",\"potentialAction\":[{\"@type\":\"ReadAction\",\"target\":[\"https:\/\/www.dakarmania.cz\/index.php\/2023\/07\/12\/dakar-2024-bude-pro-audi-posledni\/\"]}]},{\"@type\":\"ImageObject\",\"inLanguage\":\"cs\",\"@id\":\"https:\/\/www.dakarmania.cz\/index.php\/2023\/07\/12\/dakar-2024-bude-pro-audi-posledni\/#primaryimage\",\"url\":\"https:\/\/www.dakarmania.cz\/wp-content\/uploads\/2023\/07\/23-dkr-peterhansel-19.jpg\",\"contentUrl\":\"https:\/\/www.dakarmania.cz\/wp-content\/uploads\/2023\/07\/23-dkr-peterhansel-19.jpg\",\"width\":1024,\"height\":683,\"caption\":\"St\u00e9phane Peterhansel \/ Edouard Boulanger, Audi RS Q e-tron E2, Team Audi Sport. Dakar 2023. \u00a9 Audi\"},{\"@type\":\"BreadcrumbList\",\"@id\":\"https:\/\/www.dakarmania.cz\/index.php\/2023\/07\/12\/dakar-2024-bude-pro-audi-posledni\/#breadcrumb\",\"itemListElement\":[{\"@type\":\"ListItem\",\"position\":1,\"name\":\"Dom\u016f\",\"item\":\"https:\/\/www.dakarmania.cz\/\"},{\"@type\":\"ListItem\",\"position\":2,\"name\":\"Dakar 2024 bude pro Audi posledn\u00ed\"}]},{\"@type\":\"WebSite\",\"@id\":\"https:\/\/www.dakarmania.cz\/#website\",\"url\":\"https:\/\/www.dakarmania.cz\/\",\"name\":\"DAKARMANIA.cz\",\"description\":\"\u017dijeme Dakarem cel\u00fd rok\",\"publisher\":{\"@id\":\"https:\/\/www.dakarmania.cz\/#organization\"},\"potentialAction\":[{\"@type\":\"SearchAction\",\"target\":{\"@type\":\"EntryPoint\",\"urlTemplate\":\"https:\/\/www.dakarmania.cz\/?s={search_term_string}\"},\"query-input\":{\"@type\":\"PropertyValueSpecification\",\"valueRequired\":true,\"valueName\":\"search_term_string\"}}],\"inLanguage\":\"cs\"},{\"@type\":\"Organization\",\"@id\":\"https:\/\/www.dakarmania.cz\/#organization\",\"name\":\"DAKAR MANIA\",\"url\":\"https:\/\/www.dakarmania.cz\/\",\"logo\":{\"@type\":\"ImageObject\",\"inLanguage\":\"cs\",\"@id\":\"https:\/\/www.dakarmania.cz\/#\/schema\/logo\/image\/\",\"url\":\"https:\/\/www.dakarmania.cz\/wp-content\/uploads\/2018\/12\/Dakar-Mania-Logo-Square-Orange.png\",\"contentUrl\":\"https:\/\/www.dakarmania.cz\/wp-content\/uploads\/2018\/12\/Dakar-Mania-Logo-Square-Orange.png\",\"width\":992,\"height\":992,\"caption\":\"DAKAR MANIA\"},\"image\":{\"@id\":\"https:\/\/www.dakarmania.cz\/#\/schema\/logo\/image\/\"},\"sameAs\":[\"https:\/\/www.facebook.com\/dakarmania\/\"]},{\"@type\":\"Person\",\"@id\":\"https:\/\/www.dakarmania.cz\/#\/schema\/person\/04eb0e87a389631c2169c0dddae7ff1e\",\"name\":\"Zden\u011bk Zelenka\",\"image\":{\"@type\":\"ImageObject\",\"inLanguage\":\"cs\",\"@id\":\"https:\/\/www.dakarmania.cz\/#\/schema\/person\/image\/\",\"url\":\"https:\/\/secure.gravatar.com\/avatar\/2c80d5a4942fe0900b73cc7d3837a509d6ee0a276a2b76dac95c92bd0763a89b?s=96&d=mm&r=g\",\"contentUrl\":\"https:\/\/secure.gravatar.com\/avatar\/2c80d5a4942fe0900b73cc7d3837a509d6ee0a276a2b76dac95c92bd0763a89b?s=96&d=mm&r=g\",\"caption\":\"Zden\u011bk Zelenka\"},\"description\":\"Moji d\u011bt\u0161t\u00ed hrdinov\u00e9 se jmenovali Loprais, Moskal, Neveu, Vatanen, Rahier... A tihle borci, jejich n\u00e1sledovn\u00edci a jejich p\u0159\u00edb\u011bhy m\u011b nep\u0159estali fascinovat ani po letech, kdy jsem vyrostl a zam\u011bstn\u00e1valy m\u011b jin\u00e9 discipl\u00edny motorsportu. Proto se zrodila DAKARMANIA.\",\"url\":\"https:\/\/www.dakarmania.cz\/index.php\/author\/dakarmania\/\"}]}<\/script>\n<!-- \/ Yoast SEO plugin. -->","yoast_head_json":{"title":"Dakar 2024 bude pro Audi posledn\u00ed - DAKARMANIA.cz","description":"Audi sv\u016fj ambici\u00f3zn\u00ed program v d\u00e1lkov\u00fdch rally neprodlou\u017e\u00ed. Razantn\u00ed \u0161krty se dotknou tak\u00e9 dal\u0161\u00edch aktivit ingolstadtsk\u00e9 automobilky v motoristick\u00e9m sportu.","robots":{"index":"index","follow":"follow","max-snippet":"max-snippet:-1","max-image-preview":"max-image-preview:large","max-video-preview":"max-video-preview:-1"},"canonical":"https:\/\/www.dakarmania.cz\/index.php\/2023\/07\/12\/dakar-2024-bude-pro-audi-posledni\/","og_locale":"cs_CZ","og_type":"article","og_title":"Dakar 2024 bude pro Audi posledn\u00ed - DAKARMANIA.cz","og_description":"Audi sv\u016fj ambici\u00f3zn\u00ed program v d\u00e1lkov\u00fdch rally neprodlou\u017e\u00ed. Razantn\u00ed \u0161krty se dotknou tak\u00e9 dal\u0161\u00edch aktivit ingolstadtsk\u00e9 automobilky v motoristick\u00e9m sportu.","og_url":"https:\/\/www.dakarmania.cz\/index.php\/2023\/07\/12\/dakar-2024-bude-pro-audi-posledni\/","og_site_name":"DAKARMANIA.cz","article_publisher":"https:\/\/www.facebook.com\/dakarmania\/","article_published_time":"2023-07-12T11:48:43+00:00","article_modified_time":"2023-07-12T12:16:45+00:00","og_image":[{"width":1024,"height":683,"url":"https:\/\/www.dakarmania.cz\/wp-content\/uploads\/2023\/07\/23-dkr-peterhansel-19.jpg","type":"image\/jpeg"}],"author":"Zden\u011bk Zelenka","twitter_card":"summary_large_image","twitter_misc":{"Napsal(a)":"Zden\u011bk Zelenka","Odhadovan\u00e1 doba \u010dten\u00ed":"4 minuty"},"schema":{"@context":"https:\/\/schema.org","@graph":[{"@type":"Article","@id":"https:\/\/www.dakarmania.cz\/index.php\/2023\/07\/12\/dakar-2024-bude-pro-audi-posledni\/#article","isPartOf":{"@id":"https:\/\/www.dakarmania.cz\/index.php\/2023\/07\/12\/dakar-2024-bude-pro-audi-posledni\/"},"author":{"name":"Zden\u011bk Zelenka","@id":"https:\/\/www.dakarmania.cz\/#\/schema\/person\/04eb0e87a389631c2169c0dddae7ff1e"},"headline":"Dakar 2024 bude pro Audi posledn\u00ed","datePublished":"2023-07-12T11:48:43+00:00","dateModified":"2023-07-12T12:16:45+00:00","mainEntityOfPage":{"@id":"https:\/\/www.dakarmania.cz\/index.php\/2023\/07\/12\/dakar-2024-bude-pro-audi-posledni\/"},"wordCount":771,"publisher":{"@id":"https:\/\/www.dakarmania.cz\/#organization"},"image":{"@id":"https:\/\/www.dakarmania.cz\/index.php\/2023\/07\/12\/dakar-2024-bude-pro-audi-posledni\/#primaryimage"},"thumbnailUrl":"https:\/\/www.dakarmania.cz\/wp-content\/uploads\/2023\/07\/23-dkr-peterhansel-19.jpg","keywords":["2024","Audi","Audi Sport","Carlos Sainz","Dakar 2024","Mattias Ekstr\u00f6m","St\u00e9phane Peterhansel"],"articleSection":["Auto","Dakar 2024"],"inLanguage":"cs"},{"@type":"WebPage","@id":"https:\/\/www.dakarmania.cz\/index.php\/2023\/07\/12\/dakar-2024-bude-pro-audi-posledni\/","url":"https:\/\/www.dakarmania.cz\/index.php\/2023\/07\/12\/dakar-2024-bude-pro-audi-posledni\/","name":"Dakar 2024 bude pro Audi posledn\u00ed - DAKARMANIA.cz","isPartOf":{"@id":"https:\/\/www.dakarmania.cz\/#website"},"primaryImageOfPage":{"@id":"https:\/\/www.dakarmania.cz\/index.php\/2023\/07\/12\/dakar-2024-bude-pro-audi-posledni\/#primaryimage"},"image":{"@id":"https:\/\/www.dakarmania.cz\/index.php\/2023\/07\/12\/dakar-2024-bude-pro-audi-posledni\/#primaryimage"},"thumbnailUrl":"https:\/\/www.dakarmania.cz\/wp-content\/uploads\/2023\/07\/23-dkr-peterhansel-19.jpg","datePublished":"2023-07-12T11:48:43+00:00","dateModified":"2023-07-12T12:16:45+00:00","description":"Audi sv\u016fj ambici\u00f3zn\u00ed program v d\u00e1lkov\u00fdch rally neprodlou\u017e\u00ed. Razantn\u00ed \u0161krty se dotknou tak\u00e9 dal\u0161\u00edch aktivit ingolstadtsk\u00e9 automobilky v motoristick\u00e9m sportu.","breadcrumb":{"@id":"https:\/\/www.dakarmania.cz\/index.php\/2023\/07\/12\/dakar-2024-bude-pro-audi-posledni\/#breadcrumb"},"inLanguage":"cs","potentialAction":[{"@type":"ReadAction","target":["https:\/\/www.dakarmania.cz\/index.php\/2023\/07\/12\/dakar-2024-bude-pro-audi-posledni\/"]}]},{"@type":"ImageObject","inLanguage":"cs","@id":"https:\/\/www.dakarmania.cz\/index.php\/2023\/07\/12\/dakar-2024-bude-pro-audi-posledni\/#primaryimage","url":"https:\/\/www.dakarmania.cz\/wp-content\/uploads\/2023\/07\/23-dkr-peterhansel-19.jpg","contentUrl":"https:\/\/www.dakarmania.cz\/wp-content\/uploads\/2023\/07\/23-dkr-peterhansel-19.jpg","width":1024,"height":683,"caption":"St\u00e9phane Peterhansel \/ Edouard Boulanger, Audi RS Q e-tron E2, Team Audi Sport. Dakar 2023. \u00a9 Audi"},{"@type":"BreadcrumbList","@id":"https:\/\/www.dakarmania.cz\/index.php\/2023\/07\/12\/dakar-2024-bude-pro-audi-posledni\/#breadcrumb","itemListElement":[{"@type":"ListItem","position":1,"name":"Dom\u016f","item":"https:\/\/www.dakarmania.cz\/"},{"@type":"ListItem","position":2,"name":"Dakar 2024 bude pro Audi posledn\u00ed"}]},{"@type":"WebSite","@id":"https:\/\/www.dakarmania.cz\/#website","url":"https:\/\/www.dakarmania.cz\/","name":"DAKARMANIA.cz","description":"\u017dijeme Dakarem cel\u00fd rok","publisher":{"@id":"https:\/\/www.dakarmania.cz\/#organization"},"potentialAction":[{"@type":"SearchAction","target":{"@type":"EntryPoint","urlTemplate":"https:\/\/www.dakarmania.cz\/?s={search_term_string}"},"query-input":{"@type":"PropertyValueSpecification","valueRequired":true,"valueName":"search_term_string"}}],"inLanguage":"cs"},{"@type":"Organization","@id":"https:\/\/www.dakarmania.cz\/#organization","name":"DAKAR MANIA","url":"https:\/\/www.dakarmania.cz\/","logo":{"@type":"ImageObject","inLanguage":"cs","@id":"https:\/\/www.dakarmania.cz\/#\/schema\/logo\/image\/","url":"https:\/\/www.dakarmania.cz\/wp-content\/uploads\/2018\/12\/Dakar-Mania-Logo-Square-Orange.png","contentUrl":"https:\/\/www.dakarmania.cz\/wp-content\/uploads\/2018\/12\/Dakar-Mania-Logo-Square-Orange.png","width":992,"height":992,"caption":"DAKAR MANIA"},"image":{"@id":"https:\/\/www.dakarmania.cz\/#\/schema\/logo\/image\/"},"sameAs":["https:\/\/www.facebook.com\/dakarmania\/"]},{"@type":"Person","@id":"https:\/\/www.dakarmania.cz\/#\/schema\/person\/04eb0e87a389631c2169c0dddae7ff1e","name":"Zden\u011bk Zelenka","image":{"@type":"ImageObject","inLanguage":"cs","@id":"https:\/\/www.dakarmania.cz\/#\/schema\/person\/image\/","url":"https:\/\/secure.gravatar.com\/avatar\/2c80d5a4942fe0900b73cc7d3837a509d6ee0a276a2b76dac95c92bd0763a89b?s=96&d=mm&r=g","contentUrl":"https:\/\/secure.gravatar.com\/avatar\/2c80d5a4942fe0900b73cc7d3837a509d6ee0a276a2b76dac95c92bd0763a89b?s=96&d=mm&r=g","caption":"Zden\u011bk Zelenka"},"description":"Moji d\u011bt\u0161t\u00ed hrdinov\u00e9 se jmenovali Loprais, Moskal, Neveu, Vatanen, Rahier... A tihle borci, jejich n\u00e1sledovn\u00edci a jejich p\u0159\u00edb\u011bhy m\u011b nep\u0159estali fascinovat ani po letech, kdy jsem vyrostl a zam\u011bstn\u00e1valy m\u011b jin\u00e9 discipl\u00edny motorsportu. Proto se zrodila DAKARMANIA.","url":"https:\/\/www.dakarmania.cz\/index.php\/author\/dakarmania\/"}]}},"amp_enabled":true,"_links":{"self":[{"href":"https:\/\/www.dakarmania.cz\/index.php\/wp-json\/wp\/v2\/posts\/27708","targetHints":{"allow":["GET"]}}],"collection":[{"href":"https:\/\/www.dakarmania.cz\/index.php\/wp-json\/wp\/v2\/posts"}],"about":[{"href":"https:\/\/www.dakarmania.cz\/index.php\/wp-json\/wp\/v2\/types\/post"}],"author":[{"embeddable":true,"href":"https:\/\/www.dakarmania.cz\/index.php\/wp-json\/wp\/v2\/users\/1"}],"replies":[{"embeddable":true,"href":"https:\/\/www.dakarmania.cz\/index.php\/wp-json\/wp\/v2\/comments?post=27708"}],"version-history":[{"count":3,"href":"https:\/\/www.dakarmania.cz\/index.php\/wp-json\/wp\/v2\/posts\/27708\/revisions"}],"predecessor-version":[{"id":27712,"href":"https:\/\/www.dakarmania.cz\/index.php\/wp-json\/wp\/v2\/posts\/27708\/revisions\/27712"}],"wp:featuredmedia":[{"embeddable":true,"href":"https:\/\/www.dakarmania.cz\/index.php\/wp-json\/wp\/v2\/media\/27707"}],"wp:attachment":[{"href":"https:\/\/www.dakarmania.cz\/index.php\/wp-json\/wp\/v2\/media?parent=27708"}],"wp:term":[{"taxonomy":"category","embeddable":true,"href":"https:\/\/www.dakarmania.cz\/index.php\/wp-json\/wp\/v2\/categories?post=27708"},{"taxonomy":"post_tag","embeddable":true,"href":"https:\/\/www.dakarmania.cz\/index.php\/wp-json\/wp\/v2\/tags?post=27708"}],"curies":[{"name":"wp","href":"https:\/\/api.w.org\/{rel}","templated":true}]}}