{"id":27854,"date":"2023-07-22T23:50:23","date_gmt":"2023-07-22T21:50:23","guid":{"rendered":"https:\/\/www.dakarmania.cz\/?p=27854"},"modified":"2024-01-05T20:35:00","modified_gmt":"2024-01-05T19:35:00","slug":"novinka-valtruv-a-kasakuv-phoenix-z-dakaru-2023","status":"publish","type":"post","link":"https:\/\/www.dakarmania.cz\/index.php\/2023\/07\/22\/novinka-valtruv-a-kasakuv-phoenix-z-dakaru-2023\/","title":{"rendered":"Novinka: Valtr\u016fv a Kas\u00e1k\u016fv Phoenix z Dakaru 2023"},"content":{"rendered":"<p>[vc_row][vc_column][vc_column_text css_animation=&#8221;fadeIn&#8221;]<\/p>\n<h3>Vydavatelstv\u00ed Vimos uv\u00e1d\u00ed na trh ji\u017e druh\u00fd se\u0161it pap\u00edrov\u00fdch model\u016f, jejich\u017e p\u0159edobrazem jsou kamiony, kter\u00e9 se z\u00fa\u010dastnily leto\u0161n\u00edho ro\u010dn\u00edku Rally Dakar.<\/h3>\n<p>[\/vc_column_text][vc_single_image image=&#8221;27855&#8243; img_size=&#8221;large&#8221; add_caption=&#8221;yes&#8221; alignment=&#8221;center&#8221; onclick=&#8221;custom_link&#8221; css_animation=&#8221;fadeIn&#8221; link=&#8221;https:\/\/www.alfredova-autickarna.cz\/1-32-dakar-papirove-modely\/&#8221;][vc_column_text css_animation=&#8221;fadeIn&#8221;]Po kamionu <a href=\"https:\/\/www.alfredova-autickarna.cz\/praga-v4s-dkr-dakar-2022-2023\/\">Praga V4S DKR<\/a>, s n\u00edm\u017e se Dakaru 2023 z\u00fa\u010dastnila pos\u00e1dka Ale\u0161 Loprais, Jaroslav Valtr ml., Petr Pokora, p\u0159ipravil Ji\u0159\u00ed Vintr \u201erecolor\u201c d\u0159\u00edve vydan\u00e9 Tatry 158 Phoenix.<\/p>\n<p>Se\u0161it s po\u0159adov\u00fdm \u010d\u00edslem 52 p\u0159in\u00e1\u0161\u00ed model v barv\u00e1ch t\u00fdmu Tatra Buggyra Racing a model\u00e1\u0159i si mohou pro stavbu vybrat jednu ze dvou mo\u017enost\u00ed: v\u016fz se startovn\u00edm \u010d\u00edslem 505 \u010desk\u00e9 pos\u00e1dky Jaroslav Valtr st., Ren\u00e9 Kilian, Tom\u00e1\u0161 \u0160ikola nebo v\u016fz st. \u010d. 531 slovensko-\u010desk\u00e9 trojice R\u00f3bert Kas\u00e1k, Tom\u00e1\u0161 Kazarka, Jaroslav Kol\u00e1\u0159.<\/p>\n<p>Model je vyveden v m\u011b\u0159\u00edtku 1:32, m\u00e1 detailn\u011b propracovan\u00fd podvozek i motorov\u00fd prostor a lze jej sestavit jak s interi\u00e9rem kabiny, tak bez n\u011bj. Pro opravdu detailn\u00ed zpracov\u00e1n\u00ed lze vyu\u017e\u00edt i sadu dopl\u0148k\u016f.<\/p>\n<p>Model i comfort pack lze objednat v na\u0161em <a href=\"https:\/\/www.alfredova-autickarna.cz\/1-32-dakar-papirove-modely\/\"><strong>e-shopu<\/strong><\/a>.[\/vc_column_text][vc_empty_space height=&#8221;2px&#8221;][\/vc_column][\/vc_row]<\/p>\n","protected":false},"excerpt":{"rendered":"<p>Vydavatelstv\u00ed Vimos uv\u00e1d\u00ed na trh ji\u017e druh\u00fd se\u0161it pap\u00edrov\u00fdch model\u016f, jejich\u017e p\u0159edobrazem jsou kamiony, kter\u00e9 se z\u00fa\u010dastnily leto\u0161n\u00edho ro\u010dn\u00edku Rally Dakar.<\/p>\n","protected":false},"author":4,"featured_media":27855,"comment_status":"closed","ping_status":"closed","sticky":false,"template":"","format":"standard","meta":{"footnotes":""},"categories":[1915],"tags":[132,8,1797,2114,1339,1166,2112,68,2113,137,1917],"class_list":["post-27854","post","type-post","status-publish","format-standard","has-post-thumbnail","hentry","category-e-shop","tag-buggyra-racing","tag-dakar","tag-dakar-2023","tag-jaroslav-kolar","tag-jaroslav-valtr-st","tag-rene-kilian","tag-robert-kasak","tag-tatra","tag-tomas-kazarka","tag-tomas-sikola","tag-vimos"],"yoast_head":"<!-- This site is optimized with the Yoast SEO plugin v24.9 - https:\/\/yoast.com\/wordpress\/plugins\/seo\/ -->\n<title>Novinka: Valtr\u016fv a Kas\u00e1k\u016fv Phoenix z Dakaru 2023 - DAKARMANIA.cz<\/title>\n<meta name=\"description\" content=\"Vydavatelstv\u00ed Vimos uv\u00e1d\u00ed na trh ji\u017e druh\u00fd se\u0161it pap\u00edrov\u00fdch model\u016f, jejich\u017e p\u0159edobrazem jsou kamiony, kter\u00e9 se z\u00fa\u010dastnily leto\u0161n\u00edho ro\u010dn\u00edku Rally Dakar.\" \/>\n<meta name=\"robots\" content=\"index, follow, max-snippet:-1, max-image-preview:large, max-video-preview:-1\" \/>\n<link rel=\"canonical\" href=\"https:\/\/www.dakarmania.cz\/index.php\/2023\/07\/22\/novinka-valtruv-a-kasakuv-phoenix-z-dakaru-2023\/\" \/>\n<meta property=\"og:locale\" content=\"cs_CZ\" \/>\n<meta property=\"og:type\" content=\"article\" \/>\n<meta property=\"og:title\" content=\"Novinka: Valtr\u016fv a Kas\u00e1k\u016fv Phoenix z Dakaru 2023 - DAKARMANIA.cz\" \/>\n<meta property=\"og:description\" content=\"Vydavatelstv\u00ed Vimos uv\u00e1d\u00ed na trh ji\u017e druh\u00fd se\u0161it pap\u00edrov\u00fdch model\u016f, jejich\u017e p\u0159edobrazem jsou kamiony, kter\u00e9 se z\u00fa\u010dastnily leto\u0161n\u00edho ro\u010dn\u00edku Rally Dakar.\" \/>\n<meta property=\"og:url\" content=\"https:\/\/www.dakarmania.cz\/index.php\/2023\/07\/22\/novinka-valtruv-a-kasakuv-phoenix-z-dakaru-2023\/\" \/>\n<meta property=\"og:site_name\" content=\"DAKARMANIA.cz\" \/>\n<meta property=\"article:publisher\" content=\"https:\/\/www.facebook.com\/dakarmania\/\" \/>\n<meta property=\"article:published_time\" content=\"2023-07-22T21:50:23+00:00\" \/>\n<meta property=\"article:modified_time\" content=\"2024-01-05T19:35:00+00:00\" \/>\n<meta property=\"og:image\" content=\"https:\/\/www.dakarmania.cz\/wp-content\/uploads\/2023\/07\/vim52-02.jpg\" \/>\n\t<meta property=\"og:image:width\" content=\"1132\" \/>\n\t<meta property=\"og:image:height\" content=\"792\" \/>\n\t<meta property=\"og:image:type\" content=\"image\/jpeg\" \/>\n<meta name=\"author\" content=\"redakce\" \/>\n<meta name=\"twitter:card\" content=\"summary_large_image\" \/>\n<meta name=\"twitter:label1\" content=\"Napsal(a)\" \/>\n\t<meta name=\"twitter:data1\" content=\"redakce\" \/>\n\t<meta name=\"twitter:label2\" content=\"Odhadovan\u00e1 doba \u010dten\u00ed\" \/>\n\t<meta name=\"twitter:data2\" content=\"2 minuty\" \/>\n<script type=\"application\/ld+json\" class=\"yoast-schema-graph\">{\"@context\":\"https:\/\/schema.org\",\"@graph\":[{\"@type\":\"Article\",\"@id\":\"https:\/\/www.dakarmania.cz\/index.php\/2023\/07\/22\/novinka-valtruv-a-kasakuv-phoenix-z-dakaru-2023\/#article\",\"isPartOf\":{\"@id\":\"https:\/\/www.dakarmania.cz\/index.php\/2023\/07\/22\/novinka-valtruv-a-kasakuv-phoenix-z-dakaru-2023\/\"},\"author\":{\"name\":\"redakce\",\"@id\":\"https:\/\/www.dakarmania.cz\/#\/schema\/person\/5b4cfb12dba761de1851ff1847e7abb5\"},\"headline\":\"Novinka: Valtr\u016fv a Kas\u00e1k\u016fv Phoenix z Dakaru 2023\",\"datePublished\":\"2023-07-22T21:50:23+00:00\",\"dateModified\":\"2024-01-05T19:35:00+00:00\",\"mainEntityOfPage\":{\"@id\":\"https:\/\/www.dakarmania.cz\/index.php\/2023\/07\/22\/novinka-valtruv-a-kasakuv-phoenix-z-dakaru-2023\/\"},\"wordCount\":239,\"publisher\":{\"@id\":\"https:\/\/www.dakarmania.cz\/#organization\"},\"image\":{\"@id\":\"https:\/\/www.dakarmania.cz\/index.php\/2023\/07\/22\/novinka-valtruv-a-kasakuv-phoenix-z-dakaru-2023\/#primaryimage\"},\"thumbnailUrl\":\"https:\/\/www.dakarmania.cz\/wp-content\/uploads\/2023\/07\/vim52-02.jpg\",\"keywords\":[\"Buggyra Racing\",\"Dakar\",\"Dakar 2023\",\"Jaroslav Kol\u00e1\u0159\",\"Jaroslav Valtr st.\",\"Ren\u00e9 Kilian\",\"R\u00f3bert Kas\u00e1k\",\"Tatra\",\"Tom\u00e1\u0161 Kazarka\",\"Tom\u00e1\u0161 \u0160ikola\",\"Vimos\"],\"articleSection\":[\"E-shop\"],\"inLanguage\":\"cs\"},{\"@type\":\"WebPage\",\"@id\":\"https:\/\/www.dakarmania.cz\/index.php\/2023\/07\/22\/novinka-valtruv-a-kasakuv-phoenix-z-dakaru-2023\/\",\"url\":\"https:\/\/www.dakarmania.cz\/index.php\/2023\/07\/22\/novinka-valtruv-a-kasakuv-phoenix-z-dakaru-2023\/\",\"name\":\"Novinka: Valtr\u016fv a Kas\u00e1k\u016fv Phoenix z Dakaru 2023 - DAKARMANIA.cz\",\"isPartOf\":{\"@id\":\"https:\/\/www.dakarmania.cz\/#website\"},\"primaryImageOfPage\":{\"@id\":\"https:\/\/www.dakarmania.cz\/index.php\/2023\/07\/22\/novinka-valtruv-a-kasakuv-phoenix-z-dakaru-2023\/#primaryimage\"},\"image\":{\"@id\":\"https:\/\/www.dakarmania.cz\/index.php\/2023\/07\/22\/novinka-valtruv-a-kasakuv-phoenix-z-dakaru-2023\/#primaryimage\"},\"thumbnailUrl\":\"https:\/\/www.dakarmania.cz\/wp-content\/uploads\/2023\/07\/vim52-02.jpg\",\"datePublished\":\"2023-07-22T21:50:23+00:00\",\"dateModified\":\"2024-01-05T19:35:00+00:00\",\"description\":\"Vydavatelstv\u00ed Vimos uv\u00e1d\u00ed na trh ji\u017e druh\u00fd se\u0161it pap\u00edrov\u00fdch model\u016f, jejich\u017e p\u0159edobrazem jsou kamiony, kter\u00e9 se z\u00fa\u010dastnily leto\u0161n\u00edho ro\u010dn\u00edku Rally Dakar.\",\"breadcrumb\":{\"@id\":\"https:\/\/www.dakarmania.cz\/index.php\/2023\/07\/22\/novinka-valtruv-a-kasakuv-phoenix-z-dakaru-2023\/#breadcrumb\"},\"inLanguage\":\"cs\",\"potentialAction\":[{\"@type\":\"ReadAction\",\"target\":[\"https:\/\/www.dakarmania.cz\/index.php\/2023\/07\/22\/novinka-valtruv-a-kasakuv-phoenix-z-dakaru-2023\/\"]}]},{\"@type\":\"ImageObject\",\"inLanguage\":\"cs\",\"@id\":\"https:\/\/www.dakarmania.cz\/index.php\/2023\/07\/22\/novinka-valtruv-a-kasakuv-phoenix-z-dakaru-2023\/#primaryimage\",\"url\":\"https:\/\/www.dakarmania.cz\/wp-content\/uploads\/2023\/07\/vim52-02.jpg\",\"contentUrl\":\"https:\/\/www.dakarmania.cz\/wp-content\/uploads\/2023\/07\/vim52-02.jpg\",\"width\":1132,\"height\":792,\"caption\":\"kliknut\u00edm na obr\u00e1zek p\u0159ejdete do na\u0161eho e-shopu\"},{\"@type\":\"BreadcrumbList\",\"@id\":\"https:\/\/www.dakarmania.cz\/index.php\/2023\/07\/22\/novinka-valtruv-a-kasakuv-phoenix-z-dakaru-2023\/#breadcrumb\",\"itemListElement\":[{\"@type\":\"ListItem\",\"position\":1,\"name\":\"Dom\u016f\",\"item\":\"https:\/\/www.dakarmania.cz\/\"},{\"@type\":\"ListItem\",\"position\":2,\"name\":\"Novinka: Valtr\u016fv a Kas\u00e1k\u016fv Phoenix z Dakaru 2023\"}]},{\"@type\":\"WebSite\",\"@id\":\"https:\/\/www.dakarmania.cz\/#website\",\"url\":\"https:\/\/www.dakarmania.cz\/\",\"name\":\"DAKARMANIA.cz\",\"description\":\"\u017dijeme Dakarem cel\u00fd rok\",\"publisher\":{\"@id\":\"https:\/\/www.dakarmania.cz\/#organization\"},\"potentialAction\":[{\"@type\":\"SearchAction\",\"target\":{\"@type\":\"EntryPoint\",\"urlTemplate\":\"https:\/\/www.dakarmania.cz\/?s={search_term_string}\"},\"query-input\":{\"@type\":\"PropertyValueSpecification\",\"valueRequired\":true,\"valueName\":\"search_term_string\"}}],\"inLanguage\":\"cs\"},{\"@type\":\"Organization\",\"@id\":\"https:\/\/www.dakarmania.cz\/#organization\",\"name\":\"DAKAR MANIA\",\"url\":\"https:\/\/www.dakarmania.cz\/\",\"logo\":{\"@type\":\"ImageObject\",\"inLanguage\":\"cs\",\"@id\":\"https:\/\/www.dakarmania.cz\/#\/schema\/logo\/image\/\",\"url\":\"https:\/\/www.dakarmania.cz\/wp-content\/uploads\/2018\/12\/Dakar-Mania-Logo-Square-Orange.png\",\"contentUrl\":\"https:\/\/www.dakarmania.cz\/wp-content\/uploads\/2018\/12\/Dakar-Mania-Logo-Square-Orange.png\",\"width\":992,\"height\":992,\"caption\":\"DAKAR MANIA\"},\"image\":{\"@id\":\"https:\/\/www.dakarmania.cz\/#\/schema\/logo\/image\/\"},\"sameAs\":[\"https:\/\/www.facebook.com\/dakarmania\/\"]},{\"@type\":\"Person\",\"@id\":\"https:\/\/www.dakarmania.cz\/#\/schema\/person\/5b4cfb12dba761de1851ff1847e7abb5\",\"name\":\"redakce\",\"image\":{\"@type\":\"ImageObject\",\"inLanguage\":\"cs\",\"@id\":\"https:\/\/www.dakarmania.cz\/#\/schema\/person\/image\/\",\"url\":\"https:\/\/secure.gravatar.com\/avatar\/4ef761c3379a135d6529565f0356ddd1e10bb6dadbd00d873c560863b6183e09?s=96&d=mm&r=g\",\"contentUrl\":\"https:\/\/secure.gravatar.com\/avatar\/4ef761c3379a135d6529565f0356ddd1e10bb6dadbd00d873c560863b6183e09?s=96&d=mm&r=g\",\"caption\":\"redakce\"},\"url\":\"https:\/\/www.dakarmania.cz\/index.php\/author\/redakce\/\"}]}<\/script>\n<!-- \/ Yoast SEO plugin. -->","yoast_head_json":{"title":"Novinka: Valtr\u016fv a Kas\u00e1k\u016fv Phoenix z Dakaru 2023 - DAKARMANIA.cz","description":"Vydavatelstv\u00ed Vimos uv\u00e1d\u00ed na trh ji\u017e druh\u00fd se\u0161it pap\u00edrov\u00fdch model\u016f, jejich\u017e p\u0159edobrazem jsou kamiony, kter\u00e9 se z\u00fa\u010dastnily leto\u0161n\u00edho ro\u010dn\u00edku Rally Dakar.","robots":{"index":"index","follow":"follow","max-snippet":"max-snippet:-1","max-image-preview":"max-image-preview:large","max-video-preview":"max-video-preview:-1"},"canonical":"https:\/\/www.dakarmania.cz\/index.php\/2023\/07\/22\/novinka-valtruv-a-kasakuv-phoenix-z-dakaru-2023\/","og_locale":"cs_CZ","og_type":"article","og_title":"Novinka: Valtr\u016fv a Kas\u00e1k\u016fv Phoenix z Dakaru 2023 - DAKARMANIA.cz","og_description":"Vydavatelstv\u00ed Vimos uv\u00e1d\u00ed na trh ji\u017e druh\u00fd se\u0161it pap\u00edrov\u00fdch model\u016f, jejich\u017e p\u0159edobrazem jsou kamiony, kter\u00e9 se z\u00fa\u010dastnily leto\u0161n\u00edho ro\u010dn\u00edku Rally Dakar.","og_url":"https:\/\/www.dakarmania.cz\/index.php\/2023\/07\/22\/novinka-valtruv-a-kasakuv-phoenix-z-dakaru-2023\/","og_site_name":"DAKARMANIA.cz","article_publisher":"https:\/\/www.facebook.com\/dakarmania\/","article_published_time":"2023-07-22T21:50:23+00:00","article_modified_time":"2024-01-05T19:35:00+00:00","og_image":[{"width":1132,"height":792,"url":"https:\/\/www.dakarmania.cz\/wp-content\/uploads\/2023\/07\/vim52-02.jpg","type":"image\/jpeg"}],"author":"redakce","twitter_card":"summary_large_image","twitter_misc":{"Napsal(a)":"redakce","Odhadovan\u00e1 doba \u010dten\u00ed":"2 minuty"},"schema":{"@context":"https:\/\/schema.org","@graph":[{"@type":"Article","@id":"https:\/\/www.dakarmania.cz\/index.php\/2023\/07\/22\/novinka-valtruv-a-kasakuv-phoenix-z-dakaru-2023\/#article","isPartOf":{"@id":"https:\/\/www.dakarmania.cz\/index.php\/2023\/07\/22\/novinka-valtruv-a-kasakuv-phoenix-z-dakaru-2023\/"},"author":{"name":"redakce","@id":"https:\/\/www.dakarmania.cz\/#\/schema\/person\/5b4cfb12dba761de1851ff1847e7abb5"},"headline":"Novinka: Valtr\u016fv a Kas\u00e1k\u016fv Phoenix z Dakaru 2023","datePublished":"2023-07-22T21:50:23+00:00","dateModified":"2024-01-05T19:35:00+00:00","mainEntityOfPage":{"@id":"https:\/\/www.dakarmania.cz\/index.php\/2023\/07\/22\/novinka-valtruv-a-kasakuv-phoenix-z-dakaru-2023\/"},"wordCount":239,"publisher":{"@id":"https:\/\/www.dakarmania.cz\/#organization"},"image":{"@id":"https:\/\/www.dakarmania.cz\/index.php\/2023\/07\/22\/novinka-valtruv-a-kasakuv-phoenix-z-dakaru-2023\/#primaryimage"},"thumbnailUrl":"https:\/\/www.dakarmania.cz\/wp-content\/uploads\/2023\/07\/vim52-02.jpg","keywords":["Buggyra Racing","Dakar","Dakar 2023","Jaroslav Kol\u00e1\u0159","Jaroslav Valtr st.","Ren\u00e9 Kilian","R\u00f3bert Kas\u00e1k","Tatra","Tom\u00e1\u0161 Kazarka","Tom\u00e1\u0161 \u0160ikola","Vimos"],"articleSection":["E-shop"],"inLanguage":"cs"},{"@type":"WebPage","@id":"https:\/\/www.dakarmania.cz\/index.php\/2023\/07\/22\/novinka-valtruv-a-kasakuv-phoenix-z-dakaru-2023\/","url":"https:\/\/www.dakarmania.cz\/index.php\/2023\/07\/22\/novinka-valtruv-a-kasakuv-phoenix-z-dakaru-2023\/","name":"Novinka: Valtr\u016fv a Kas\u00e1k\u016fv Phoenix z Dakaru 2023 - DAKARMANIA.cz","isPartOf":{"@id":"https:\/\/www.dakarmania.cz\/#website"},"primaryImageOfPage":{"@id":"https:\/\/www.dakarmania.cz\/index.php\/2023\/07\/22\/novinka-valtruv-a-kasakuv-phoenix-z-dakaru-2023\/#primaryimage"},"image":{"@id":"https:\/\/www.dakarmania.cz\/index.php\/2023\/07\/22\/novinka-valtruv-a-kasakuv-phoenix-z-dakaru-2023\/#primaryimage"},"thumbnailUrl":"https:\/\/www.dakarmania.cz\/wp-content\/uploads\/2023\/07\/vim52-02.jpg","datePublished":"2023-07-22T21:50:23+00:00","dateModified":"2024-01-05T19:35:00+00:00","description":"Vydavatelstv\u00ed Vimos uv\u00e1d\u00ed na trh ji\u017e druh\u00fd se\u0161it pap\u00edrov\u00fdch model\u016f, jejich\u017e p\u0159edobrazem jsou kamiony, kter\u00e9 se z\u00fa\u010dastnily leto\u0161n\u00edho ro\u010dn\u00edku Rally Dakar.","breadcrumb":{"@id":"https:\/\/www.dakarmania.cz\/index.php\/2023\/07\/22\/novinka-valtruv-a-kasakuv-phoenix-z-dakaru-2023\/#breadcrumb"},"inLanguage":"cs","potentialAction":[{"@type":"ReadAction","target":["https:\/\/www.dakarmania.cz\/index.php\/2023\/07\/22\/novinka-valtruv-a-kasakuv-phoenix-z-dakaru-2023\/"]}]},{"@type":"ImageObject","inLanguage":"cs","@id":"https:\/\/www.dakarmania.cz\/index.php\/2023\/07\/22\/novinka-valtruv-a-kasakuv-phoenix-z-dakaru-2023\/#primaryimage","url":"https:\/\/www.dakarmania.cz\/wp-content\/uploads\/2023\/07\/vim52-02.jpg","contentUrl":"https:\/\/www.dakarmania.cz\/wp-content\/uploads\/2023\/07\/vim52-02.jpg","width":1132,"height":792,"caption":"kliknut\u00edm na obr\u00e1zek p\u0159ejdete do na\u0161eho e-shopu"},{"@type":"BreadcrumbList","@id":"https:\/\/www.dakarmania.cz\/index.php\/2023\/07\/22\/novinka-valtruv-a-kasakuv-phoenix-z-dakaru-2023\/#breadcrumb","itemListElement":[{"@type":"ListItem","position":1,"name":"Dom\u016f","item":"https:\/\/www.dakarmania.cz\/"},{"@type":"ListItem","position":2,"name":"Novinka: Valtr\u016fv a Kas\u00e1k\u016fv Phoenix z Dakaru 2023"}]},{"@type":"WebSite","@id":"https:\/\/www.dakarmania.cz\/#website","url":"https:\/\/www.dakarmania.cz\/","name":"DAKARMANIA.cz","description":"\u017dijeme Dakarem cel\u00fd rok","publisher":{"@id":"https:\/\/www.dakarmania.cz\/#organization"},"potentialAction":[{"@type":"SearchAction","target":{"@type":"EntryPoint","urlTemplate":"https:\/\/www.dakarmania.cz\/?s={search_term_string}"},"query-input":{"@type":"PropertyValueSpecification","valueRequired":true,"valueName":"search_term_string"}}],"inLanguage":"cs"},{"@type":"Organization","@id":"https:\/\/www.dakarmania.cz\/#organization","name":"DAKAR MANIA","url":"https:\/\/www.dakarmania.cz\/","logo":{"@type":"ImageObject","inLanguage":"cs","@id":"https:\/\/www.dakarmania.cz\/#\/schema\/logo\/image\/","url":"https:\/\/www.dakarmania.cz\/wp-content\/uploads\/2018\/12\/Dakar-Mania-Logo-Square-Orange.png","contentUrl":"https:\/\/www.dakarmania.cz\/wp-content\/uploads\/2018\/12\/Dakar-Mania-Logo-Square-Orange.png","width":992,"height":992,"caption":"DAKAR MANIA"},"image":{"@id":"https:\/\/www.dakarmania.cz\/#\/schema\/logo\/image\/"},"sameAs":["https:\/\/www.facebook.com\/dakarmania\/"]},{"@type":"Person","@id":"https:\/\/www.dakarmania.cz\/#\/schema\/person\/5b4cfb12dba761de1851ff1847e7abb5","name":"redakce","image":{"@type":"ImageObject","inLanguage":"cs","@id":"https:\/\/www.dakarmania.cz\/#\/schema\/person\/image\/","url":"https:\/\/secure.gravatar.com\/avatar\/4ef761c3379a135d6529565f0356ddd1e10bb6dadbd00d873c560863b6183e09?s=96&d=mm&r=g","contentUrl":"https:\/\/secure.gravatar.com\/avatar\/4ef761c3379a135d6529565f0356ddd1e10bb6dadbd00d873c560863b6183e09?s=96&d=mm&r=g","caption":"redakce"},"url":"https:\/\/www.dakarmania.cz\/index.php\/author\/redakce\/"}]}},"amp_enabled":true,"_links":{"self":[{"href":"https:\/\/www.dakarmania.cz\/index.php\/wp-json\/wp\/v2\/posts\/27854","targetHints":{"allow":["GET"]}}],"collection":[{"href":"https:\/\/www.dakarmania.cz\/index.php\/wp-json\/wp\/v2\/posts"}],"about":[{"href":"https:\/\/www.dakarmania.cz\/index.php\/wp-json\/wp\/v2\/types\/post"}],"author":[{"embeddable":true,"href":"https:\/\/www.dakarmania.cz\/index.php\/wp-json\/wp\/v2\/users\/4"}],"replies":[{"embeddable":true,"href":"https:\/\/www.dakarmania.cz\/index.php\/wp-json\/wp\/v2\/comments?post=27854"}],"version-history":[{"count":4,"href":"https:\/\/www.dakarmania.cz\/index.php\/wp-json\/wp\/v2\/posts\/27854\/revisions"}],"predecessor-version":[{"id":29373,"href":"https:\/\/www.dakarmania.cz\/index.php\/wp-json\/wp\/v2\/posts\/27854\/revisions\/29373"}],"wp:featuredmedia":[{"embeddable":true,"href":"https:\/\/www.dakarmania.cz\/index.php\/wp-json\/wp\/v2\/media\/27855"}],"wp:attachment":[{"href":"https:\/\/www.dakarmania.cz\/index.php\/wp-json\/wp\/v2\/media?parent=27854"}],"wp:term":[{"taxonomy":"category","embeddable":true,"href":"https:\/\/www.dakarmania.cz\/index.php\/wp-json\/wp\/v2\/categories?post=27854"},{"taxonomy":"post_tag","embeddable":true,"href":"https:\/\/www.dakarmania.cz\/index.php\/wp-json\/wp\/v2\/tags?post=27854"}],"curies":[{"name":"wp","href":"https:\/\/api.w.org\/{rel}","templated":true}]}}