{"id":28228,"date":"2023-07-31T22:27:10","date_gmt":"2023-07-31T20:27:10","guid":{"rendered":"https:\/\/www.dakarmania.cz\/?p=28228"},"modified":"2024-01-05T20:28:30","modified_gmt":"2024-01-05T19:28:30","slug":"novinka-audi-sainz-dakar-2022","status":"publish","type":"post","link":"https:\/\/www.dakarmania.cz\/index.php\/2023\/07\/31\/novinka-audi-sainz-dakar-2022\/","title":{"rendered":"Skladem: Trojice tov\u00e1rn\u00edch Audi z Dakaru 2022 v m\u011b\u0159\u00edtku 1:43"},"content":{"rendered":"<p>[vc_row][vc_column][vc_column_text css_animation=&#8221;fadeIn&#8221;]<\/p>\n<h3>Resinov\u00e9 sb\u011bratelsk\u00e9 modely voz\u016f Audi RS Q e-tron v m\u011b\u0159\u00edtku 1:43, s nimi\u017e se St\u00e9phane Peterhansel, Carlos Sainz a Mattias Ekstr\u00f6m z\u00fa\u010dastnili Rally Dakar 2022.<\/h3>\n<p>[\/vc_column_text][vc_single_image image=&#8221;28229&#8243; img_size=&#8221;large&#8221; add_caption=&#8221;yes&#8221; alignment=&#8221;center&#8221; onclick=&#8221;custom_link&#8221; css_animation=&#8221;fadeIn&#8221; link=&#8221;https:\/\/www.alfredova-autickarna.cz\/dakar\/&#8221;][vc_column_text css_animation=&#8221;fadeIn&#8221;]V roce 2022 vstoupilo Audi na dakarskou sc\u00e9nu s jasn\u00fdm c\u00edlem: st\u00e1t se v bl\u00edzk\u00e9 budoucnosti prvn\u00ed zna\u010dkou, kter\u00e1 dok\u00e1\u017ee slavn\u00fd pou\u0161tn\u00ed z\u00e1vod vyhr\u00e1t s vozem s alternativn\u00edm pohonem. Hned napoprv\u00e9 N\u011bmci uk\u00e1zali, \u017ee jejich ambice nejsou p\u0159ehnan\u00e9. Pokud jde o etapov\u00e1 v\u00edt\u011bzstv\u00ed, dr\u017eela nov\u00e1 Audi RS Q e-tron krok se sv\u00fdmi soupe\u0159i. N\u011bmeck\u00e9 vozy s elektrick\u00fdm pohonem (jejich\u017e baterie ov\u0161em nab\u00edj\u00ed motor spalovac\u00ed) vyhr\u00e1ly celkem \u010dty\u0159i etapy, co\u017e bylo jen o jednu m\u00e9n\u011b ne\u017e v p\u0159\u00edpad\u011b v\u00edt\u011bzn\u00e9 Toyoty.<\/p>\n<p>Carlos Sainz a Lucas Cruz se ve t\u0159et\u00ed etap\u011b postarali o prvn\u00ed d\u00edl\u010d\u00ed triumf Audi RS Q e-tron na Dakaru a nejrychlej\u0161\u00ed byli i na p\u0159edposledn\u00ed speci\u00e1lce cel\u00e9 sout\u011b\u017ee. V celkov\u00e9m hodnocen\u00ed kategorie automobil\u016f obsadili 12. p\u0159\u00ed\u010dku, a to p\u0159edev\u0161\u00edm kv\u016fli v\u00fdrazn\u00e9 ztr\u00e1t\u011b, kterou nabrali bloud\u011bn\u00edm hned v \u00favodn\u00ed etap\u011b. Je\u0161t\u011b l\u00e9pe si v absolutn\u00ed klasifikaci po\u010d\u00ednali Mattias Ekstr\u00f6m a Emil Bergkvist, kte\u0159\u00ed s dal\u0161\u00ed vozem z Ingolstadtu obsadili v c\u00edli 9. m\u00edsto.<\/p>\n<p>Modely tov\u00e1rn\u00edch Audi obou zm\u00edn\u011bn\u00fdch pos\u00e1dek, stejn\u011b jako speci\u00e1l francouzsk\u00e9 dvojice Peterhansel, Boulanger si m\u016f\u017eete <a href=\"https:\/\/www.alfredova-autickarna.cz\/dakar\/\"><strong>objednat v na\u0161em e-shopu<\/strong><\/a>.<\/p>\n<p>Krom\u011b toho je skladem k dispozici i n\u011bkolik posledn\u00edch kus\u016f modelu Audi RS Q e-tron, s n\u00edm\u017e St\u00e9phane Peterhansel a Edouard Boulanger vybojovali na Abu Dhabi Desert Challenge 2022 prvn\u00ed &#8211; a dosud jedinou &#8211; v\u00fdhru \u201eelektrick\u00e9ho\u201c Audi na mezin\u00e1rodn\u00ed sc\u00e9n\u011b d\u00e1lkov\u00fdch rally. Z\u00e1rove\u0148 se jednalo tak\u00e9 o zat\u00edm posledn\u00ed v\u00edt\u011bzstv\u00ed St\u00e9phana Peterhansela. Tento model je k dispozici jak v m\u011b\u0159\u00edtku <a href=\"https:\/\/www.alfredova-autickarna.cz\/spark-1-18-audi-rs-q-e-tron-abu-dhabi-desert-challenge-2022-5022200135\/\">1:43<\/a>, tak <a href=\"https:\/\/www.alfredova-autickarna.cz\/audi-rs-q-e-tron-208-peterhansel-boulanger-addc-2022-1-18-spark\/\">1:18<\/a>.[\/vc_column_text][vc_empty_space height=&#8221;2px&#8221;][\/vc_column][\/vc_row]<\/p>\n","protected":false},"excerpt":{"rendered":"<p>[vc_row][vc_column][vc_column_text css_animation=&#8221;fadeIn&#8221;] Resinov\u00e9 sb\u011bratelsk\u00e9 modely voz\u016f Audi RS Q e-tron v m\u011b\u0159\u00edtku 1:43, s nimi\u017e se St\u00e9phane Peterhansel, Carlos Sainz a Mattias Ekstr\u00f6m z\u00fa\u010dastnili Rally Dakar 2022. [\/vc_column_text][vc_single_image image=&#8221;28229&#8243; img_size=&#8221;large&#8221; add_caption=&#8221;yes&#8221; alignment=&#8221;center&#8221; onclick=&#8221;custom_link&#8221; css_animation=&#8221;fadeIn&#8221; link=&#8221;https:\/\/www.alfredova-autickarna.cz\/dakar\/&#8221;][vc_column_text css_animation=&#8221;fadeIn&#8221;]V roce 2022 vstoupilo Audi na dakarskou sc\u00e9nu s jasn\u00fdm c\u00edlem: st\u00e1t se v bl\u00edzk\u00e9 budoucnosti prvn\u00ed zna\u010dkou, kter\u00e1 dok\u00e1\u017ee [&hellip;]<\/p>\n","protected":false},"author":4,"featured_media":28229,"comment_status":"closed","ping_status":"closed","sticky":false,"template":"","format":"standard","meta":{"footnotes":""},"categories":[1915],"tags":[2038,1811,1896,1114,8,1765,1185,2032],"class_list":["post-28228","post","type-post","status-publish","format-standard","has-post-thumbnail","hentry","category-e-shop","tag-2038","tag-audi","tag-audi-sport","tag-carlos-sainz","tag-dakar","tag-dakar-2022","tag-lucas-cruz","tag-spark"],"yoast_head":"<!-- This site is optimized with the Yoast SEO plugin v24.9 - https:\/\/yoast.com\/wordpress\/plugins\/seo\/ -->\n<title>Skladem: Trojice tov\u00e1rn\u00edch Audi z Dakaru 2022 v m\u011b\u0159\u00edtku 1:43 - DAKARMANIA.cz<\/title>\n<meta name=\"robots\" content=\"index, follow, max-snippet:-1, max-image-preview:large, max-video-preview:-1\" \/>\n<link rel=\"canonical\" href=\"https:\/\/www.dakarmania.cz\/index.php\/2023\/07\/31\/novinka-audi-sainz-dakar-2022\/\" \/>\n<meta property=\"og:locale\" content=\"cs_CZ\" \/>\n<meta property=\"og:type\" content=\"article\" \/>\n<meta property=\"og:title\" content=\"Skladem: Trojice tov\u00e1rn\u00edch Audi z Dakaru 2022 v m\u011b\u0159\u00edtku 1:43 - DAKARMANIA.cz\" \/>\n<meta property=\"og:description\" content=\"[vc_row][vc_column][vc_column_text css_animation=&#8221;fadeIn&#8221;] Resinov\u00e9 sb\u011bratelsk\u00e9 modely voz\u016f Audi RS Q e-tron v m\u011b\u0159\u00edtku 1:43, s nimi\u017e se St\u00e9phane Peterhansel, Carlos Sainz a Mattias Ekstr\u00f6m z\u00fa\u010dastnili Rally Dakar 2022. [\/vc_column_text][vc_single_image image=&#8221;28229&#8243; img_size=&#8221;large&#8221; add_caption=&#8221;yes&#8221; alignment=&#8221;center&#8221; onclick=&#8221;custom_link&#8221; css_animation=&#8221;fadeIn&#8221; link=&#8221;https:\/\/www.alfredova-autickarna.cz\/dakar\/&#8221;][vc_column_text css_animation=&#8221;fadeIn&#8221;]V roce 2022 vstoupilo Audi na dakarskou sc\u00e9nu s jasn\u00fdm c\u00edlem: st\u00e1t se v bl\u00edzk\u00e9 budoucnosti prvn\u00ed zna\u010dkou, kter\u00e1 dok\u00e1\u017ee [&hellip;]\" \/>\n<meta property=\"og:url\" content=\"https:\/\/www.dakarmania.cz\/index.php\/2023\/07\/31\/novinka-audi-sainz-dakar-2022\/\" \/>\n<meta property=\"og:site_name\" content=\"DAKARMANIA.cz\" \/>\n<meta property=\"article:publisher\" content=\"https:\/\/www.facebook.com\/dakarmania\/\" \/>\n<meta property=\"article:published_time\" content=\"2023-07-31T20:27:10+00:00\" \/>\n<meta property=\"article:modified_time\" content=\"2024-01-05T19:28:30+00:00\" \/>\n<meta property=\"og:image\" content=\"https:\/\/www.dakarmania.cz\/wp-content\/uploads\/2023\/07\/spark-s3187-audi-rs-q-e-tron-202-dakar-2022-sainz-cruz.jpg\" \/>\n\t<meta property=\"og:image:width\" content=\"1620\" \/>\n\t<meta property=\"og:image:height\" content=\"1080\" \/>\n\t<meta property=\"og:image:type\" content=\"image\/jpeg\" \/>\n<meta name=\"author\" content=\"redakce\" \/>\n<meta name=\"twitter:card\" content=\"summary_large_image\" \/>\n<meta name=\"twitter:label1\" content=\"Napsal(a)\" \/>\n\t<meta name=\"twitter:data1\" content=\"redakce\" \/>\n\t<meta name=\"twitter:label2\" content=\"Odhadovan\u00e1 doba \u010dten\u00ed\" \/>\n\t<meta name=\"twitter:data2\" content=\"2 minuty\" \/>\n<script type=\"application\/ld+json\" class=\"yoast-schema-graph\">{\"@context\":\"https:\/\/schema.org\",\"@graph\":[{\"@type\":\"Article\",\"@id\":\"https:\/\/www.dakarmania.cz\/index.php\/2023\/07\/31\/novinka-audi-sainz-dakar-2022\/#article\",\"isPartOf\":{\"@id\":\"https:\/\/www.dakarmania.cz\/index.php\/2023\/07\/31\/novinka-audi-sainz-dakar-2022\/\"},\"author\":{\"name\":\"redakce\",\"@id\":\"https:\/\/www.dakarmania.cz\/#\/schema\/person\/5b4cfb12dba761de1851ff1847e7abb5\"},\"headline\":\"Skladem: Trojice tov\u00e1rn\u00edch Audi z Dakaru 2022 v m\u011b\u0159\u00edtku 1:43\",\"datePublished\":\"2023-07-31T20:27:10+00:00\",\"dateModified\":\"2024-01-05T19:28:30+00:00\",\"mainEntityOfPage\":{\"@id\":\"https:\/\/www.dakarmania.cz\/index.php\/2023\/07\/31\/novinka-audi-sainz-dakar-2022\/\"},\"wordCount\":397,\"publisher\":{\"@id\":\"https:\/\/www.dakarmania.cz\/#organization\"},\"image\":{\"@id\":\"https:\/\/www.dakarmania.cz\/index.php\/2023\/07\/31\/novinka-audi-sainz-dakar-2022\/#primaryimage\"},\"thumbnailUrl\":\"https:\/\/www.dakarmania.cz\/wp-content\/uploads\/2023\/07\/spark-s3187-audi-rs-q-e-tron-202-dakar-2022-sainz-cruz.jpg\",\"keywords\":[\"1:43\",\"Audi\",\"Audi Sport\",\"Carlos Sainz\",\"Dakar\",\"Dakar 2022\",\"Lucas Cruz\",\"Spark\"],\"articleSection\":[\"E-shop\"],\"inLanguage\":\"cs\"},{\"@type\":\"WebPage\",\"@id\":\"https:\/\/www.dakarmania.cz\/index.php\/2023\/07\/31\/novinka-audi-sainz-dakar-2022\/\",\"url\":\"https:\/\/www.dakarmania.cz\/index.php\/2023\/07\/31\/novinka-audi-sainz-dakar-2022\/\",\"name\":\"Skladem: Trojice tov\u00e1rn\u00edch Audi z Dakaru 2022 v m\u011b\u0159\u00edtku 1:43 - DAKARMANIA.cz\",\"isPartOf\":{\"@id\":\"https:\/\/www.dakarmania.cz\/#website\"},\"primaryImageOfPage\":{\"@id\":\"https:\/\/www.dakarmania.cz\/index.php\/2023\/07\/31\/novinka-audi-sainz-dakar-2022\/#primaryimage\"},\"image\":{\"@id\":\"https:\/\/www.dakarmania.cz\/index.php\/2023\/07\/31\/novinka-audi-sainz-dakar-2022\/#primaryimage\"},\"thumbnailUrl\":\"https:\/\/www.dakarmania.cz\/wp-content\/uploads\/2023\/07\/spark-s3187-audi-rs-q-e-tron-202-dakar-2022-sainz-cruz.jpg\",\"datePublished\":\"2023-07-31T20:27:10+00:00\",\"dateModified\":\"2024-01-05T19:28:30+00:00\",\"breadcrumb\":{\"@id\":\"https:\/\/www.dakarmania.cz\/index.php\/2023\/07\/31\/novinka-audi-sainz-dakar-2022\/#breadcrumb\"},\"inLanguage\":\"cs\",\"potentialAction\":[{\"@type\":\"ReadAction\",\"target\":[\"https:\/\/www.dakarmania.cz\/index.php\/2023\/07\/31\/novinka-audi-sainz-dakar-2022\/\"]}]},{\"@type\":\"ImageObject\",\"inLanguage\":\"cs\",\"@id\":\"https:\/\/www.dakarmania.cz\/index.php\/2023\/07\/31\/novinka-audi-sainz-dakar-2022\/#primaryimage\",\"url\":\"https:\/\/www.dakarmania.cz\/wp-content\/uploads\/2023\/07\/spark-s3187-audi-rs-q-e-tron-202-dakar-2022-sainz-cruz.jpg\",\"contentUrl\":\"https:\/\/www.dakarmania.cz\/wp-content\/uploads\/2023\/07\/spark-s3187-audi-rs-q-e-tron-202-dakar-2022-sainz-cruz.jpg\",\"width\":1620,\"height\":1080,\"caption\":\"Kliknut\u00edm na obr\u00e1zek p\u0159ejdete do na\u0161eho e-shopu.\"},{\"@type\":\"BreadcrumbList\",\"@id\":\"https:\/\/www.dakarmania.cz\/index.php\/2023\/07\/31\/novinka-audi-sainz-dakar-2022\/#breadcrumb\",\"itemListElement\":[{\"@type\":\"ListItem\",\"position\":1,\"name\":\"Dom\u016f\",\"item\":\"https:\/\/www.dakarmania.cz\/\"},{\"@type\":\"ListItem\",\"position\":2,\"name\":\"Skladem: Trojice tov\u00e1rn\u00edch Audi z Dakaru 2022 v m\u011b\u0159\u00edtku 1:43\"}]},{\"@type\":\"WebSite\",\"@id\":\"https:\/\/www.dakarmania.cz\/#website\",\"url\":\"https:\/\/www.dakarmania.cz\/\",\"name\":\"DAKARMANIA.cz\",\"description\":\"\u017dijeme Dakarem cel\u00fd rok\",\"publisher\":{\"@id\":\"https:\/\/www.dakarmania.cz\/#organization\"},\"potentialAction\":[{\"@type\":\"SearchAction\",\"target\":{\"@type\":\"EntryPoint\",\"urlTemplate\":\"https:\/\/www.dakarmania.cz\/?s={search_term_string}\"},\"query-input\":{\"@type\":\"PropertyValueSpecification\",\"valueRequired\":true,\"valueName\":\"search_term_string\"}}],\"inLanguage\":\"cs\"},{\"@type\":\"Organization\",\"@id\":\"https:\/\/www.dakarmania.cz\/#organization\",\"name\":\"DAKAR MANIA\",\"url\":\"https:\/\/www.dakarmania.cz\/\",\"logo\":{\"@type\":\"ImageObject\",\"inLanguage\":\"cs\",\"@id\":\"https:\/\/www.dakarmania.cz\/#\/schema\/logo\/image\/\",\"url\":\"https:\/\/www.dakarmania.cz\/wp-content\/uploads\/2018\/12\/Dakar-Mania-Logo-Square-Orange.png\",\"contentUrl\":\"https:\/\/www.dakarmania.cz\/wp-content\/uploads\/2018\/12\/Dakar-Mania-Logo-Square-Orange.png\",\"width\":992,\"height\":992,\"caption\":\"DAKAR MANIA\"},\"image\":{\"@id\":\"https:\/\/www.dakarmania.cz\/#\/schema\/logo\/image\/\"},\"sameAs\":[\"https:\/\/www.facebook.com\/dakarmania\/\"]},{\"@type\":\"Person\",\"@id\":\"https:\/\/www.dakarmania.cz\/#\/schema\/person\/5b4cfb12dba761de1851ff1847e7abb5\",\"name\":\"redakce\",\"image\":{\"@type\":\"ImageObject\",\"inLanguage\":\"cs\",\"@id\":\"https:\/\/www.dakarmania.cz\/#\/schema\/person\/image\/\",\"url\":\"https:\/\/secure.gravatar.com\/avatar\/4ef761c3379a135d6529565f0356ddd1e10bb6dadbd00d873c560863b6183e09?s=96&d=mm&r=g\",\"contentUrl\":\"https:\/\/secure.gravatar.com\/avatar\/4ef761c3379a135d6529565f0356ddd1e10bb6dadbd00d873c560863b6183e09?s=96&d=mm&r=g\",\"caption\":\"redakce\"},\"url\":\"https:\/\/www.dakarmania.cz\/index.php\/author\/redakce\/\"}]}<\/script>\n<!-- \/ Yoast SEO plugin. -->","yoast_head_json":{"title":"Skladem: Trojice tov\u00e1rn\u00edch Audi z Dakaru 2022 v m\u011b\u0159\u00edtku 1:43 - DAKARMANIA.cz","robots":{"index":"index","follow":"follow","max-snippet":"max-snippet:-1","max-image-preview":"max-image-preview:large","max-video-preview":"max-video-preview:-1"},"canonical":"https:\/\/www.dakarmania.cz\/index.php\/2023\/07\/31\/novinka-audi-sainz-dakar-2022\/","og_locale":"cs_CZ","og_type":"article","og_title":"Skladem: Trojice tov\u00e1rn\u00edch Audi z Dakaru 2022 v m\u011b\u0159\u00edtku 1:43 - DAKARMANIA.cz","og_description":"[vc_row][vc_column][vc_column_text css_animation=&#8221;fadeIn&#8221;] Resinov\u00e9 sb\u011bratelsk\u00e9 modely voz\u016f Audi RS Q e-tron v m\u011b\u0159\u00edtku 1:43, s nimi\u017e se St\u00e9phane Peterhansel, Carlos Sainz a Mattias Ekstr\u00f6m z\u00fa\u010dastnili Rally Dakar 2022. [\/vc_column_text][vc_single_image image=&#8221;28229&#8243; img_size=&#8221;large&#8221; add_caption=&#8221;yes&#8221; alignment=&#8221;center&#8221; onclick=&#8221;custom_link&#8221; css_animation=&#8221;fadeIn&#8221; link=&#8221;https:\/\/www.alfredova-autickarna.cz\/dakar\/&#8221;][vc_column_text css_animation=&#8221;fadeIn&#8221;]V roce 2022 vstoupilo Audi na dakarskou sc\u00e9nu s jasn\u00fdm c\u00edlem: st\u00e1t se v bl\u00edzk\u00e9 budoucnosti prvn\u00ed zna\u010dkou, kter\u00e1 dok\u00e1\u017ee [&hellip;]","og_url":"https:\/\/www.dakarmania.cz\/index.php\/2023\/07\/31\/novinka-audi-sainz-dakar-2022\/","og_site_name":"DAKARMANIA.cz","article_publisher":"https:\/\/www.facebook.com\/dakarmania\/","article_published_time":"2023-07-31T20:27:10+00:00","article_modified_time":"2024-01-05T19:28:30+00:00","og_image":[{"width":1620,"height":1080,"url":"https:\/\/www.dakarmania.cz\/wp-content\/uploads\/2023\/07\/spark-s3187-audi-rs-q-e-tron-202-dakar-2022-sainz-cruz.jpg","type":"image\/jpeg"}],"author":"redakce","twitter_card":"summary_large_image","twitter_misc":{"Napsal(a)":"redakce","Odhadovan\u00e1 doba \u010dten\u00ed":"2 minuty"},"schema":{"@context":"https:\/\/schema.org","@graph":[{"@type":"Article","@id":"https:\/\/www.dakarmania.cz\/index.php\/2023\/07\/31\/novinka-audi-sainz-dakar-2022\/#article","isPartOf":{"@id":"https:\/\/www.dakarmania.cz\/index.php\/2023\/07\/31\/novinka-audi-sainz-dakar-2022\/"},"author":{"name":"redakce","@id":"https:\/\/www.dakarmania.cz\/#\/schema\/person\/5b4cfb12dba761de1851ff1847e7abb5"},"headline":"Skladem: Trojice tov\u00e1rn\u00edch Audi z Dakaru 2022 v m\u011b\u0159\u00edtku 1:43","datePublished":"2023-07-31T20:27:10+00:00","dateModified":"2024-01-05T19:28:30+00:00","mainEntityOfPage":{"@id":"https:\/\/www.dakarmania.cz\/index.php\/2023\/07\/31\/novinka-audi-sainz-dakar-2022\/"},"wordCount":397,"publisher":{"@id":"https:\/\/www.dakarmania.cz\/#organization"},"image":{"@id":"https:\/\/www.dakarmania.cz\/index.php\/2023\/07\/31\/novinka-audi-sainz-dakar-2022\/#primaryimage"},"thumbnailUrl":"https:\/\/www.dakarmania.cz\/wp-content\/uploads\/2023\/07\/spark-s3187-audi-rs-q-e-tron-202-dakar-2022-sainz-cruz.jpg","keywords":["1:43","Audi","Audi Sport","Carlos Sainz","Dakar","Dakar 2022","Lucas Cruz","Spark"],"articleSection":["E-shop"],"inLanguage":"cs"},{"@type":"WebPage","@id":"https:\/\/www.dakarmania.cz\/index.php\/2023\/07\/31\/novinka-audi-sainz-dakar-2022\/","url":"https:\/\/www.dakarmania.cz\/index.php\/2023\/07\/31\/novinka-audi-sainz-dakar-2022\/","name":"Skladem: Trojice tov\u00e1rn\u00edch Audi z Dakaru 2022 v m\u011b\u0159\u00edtku 1:43 - DAKARMANIA.cz","isPartOf":{"@id":"https:\/\/www.dakarmania.cz\/#website"},"primaryImageOfPage":{"@id":"https:\/\/www.dakarmania.cz\/index.php\/2023\/07\/31\/novinka-audi-sainz-dakar-2022\/#primaryimage"},"image":{"@id":"https:\/\/www.dakarmania.cz\/index.php\/2023\/07\/31\/novinka-audi-sainz-dakar-2022\/#primaryimage"},"thumbnailUrl":"https:\/\/www.dakarmania.cz\/wp-content\/uploads\/2023\/07\/spark-s3187-audi-rs-q-e-tron-202-dakar-2022-sainz-cruz.jpg","datePublished":"2023-07-31T20:27:10+00:00","dateModified":"2024-01-05T19:28:30+00:00","breadcrumb":{"@id":"https:\/\/www.dakarmania.cz\/index.php\/2023\/07\/31\/novinka-audi-sainz-dakar-2022\/#breadcrumb"},"inLanguage":"cs","potentialAction":[{"@type":"ReadAction","target":["https:\/\/www.dakarmania.cz\/index.php\/2023\/07\/31\/novinka-audi-sainz-dakar-2022\/"]}]},{"@type":"ImageObject","inLanguage":"cs","@id":"https:\/\/www.dakarmania.cz\/index.php\/2023\/07\/31\/novinka-audi-sainz-dakar-2022\/#primaryimage","url":"https:\/\/www.dakarmania.cz\/wp-content\/uploads\/2023\/07\/spark-s3187-audi-rs-q-e-tron-202-dakar-2022-sainz-cruz.jpg","contentUrl":"https:\/\/www.dakarmania.cz\/wp-content\/uploads\/2023\/07\/spark-s3187-audi-rs-q-e-tron-202-dakar-2022-sainz-cruz.jpg","width":1620,"height":1080,"caption":"Kliknut\u00edm na obr\u00e1zek p\u0159ejdete do na\u0161eho e-shopu."},{"@type":"BreadcrumbList","@id":"https:\/\/www.dakarmania.cz\/index.php\/2023\/07\/31\/novinka-audi-sainz-dakar-2022\/#breadcrumb","itemListElement":[{"@type":"ListItem","position":1,"name":"Dom\u016f","item":"https:\/\/www.dakarmania.cz\/"},{"@type":"ListItem","position":2,"name":"Skladem: Trojice tov\u00e1rn\u00edch Audi z Dakaru 2022 v m\u011b\u0159\u00edtku 1:43"}]},{"@type":"WebSite","@id":"https:\/\/www.dakarmania.cz\/#website","url":"https:\/\/www.dakarmania.cz\/","name":"DAKARMANIA.cz","description":"\u017dijeme Dakarem cel\u00fd rok","publisher":{"@id":"https:\/\/www.dakarmania.cz\/#organization"},"potentialAction":[{"@type":"SearchAction","target":{"@type":"EntryPoint","urlTemplate":"https:\/\/www.dakarmania.cz\/?s={search_term_string}"},"query-input":{"@type":"PropertyValueSpecification","valueRequired":true,"valueName":"search_term_string"}}],"inLanguage":"cs"},{"@type":"Organization","@id":"https:\/\/www.dakarmania.cz\/#organization","name":"DAKAR MANIA","url":"https:\/\/www.dakarmania.cz\/","logo":{"@type":"ImageObject","inLanguage":"cs","@id":"https:\/\/www.dakarmania.cz\/#\/schema\/logo\/image\/","url":"https:\/\/www.dakarmania.cz\/wp-content\/uploads\/2018\/12\/Dakar-Mania-Logo-Square-Orange.png","contentUrl":"https:\/\/www.dakarmania.cz\/wp-content\/uploads\/2018\/12\/Dakar-Mania-Logo-Square-Orange.png","width":992,"height":992,"caption":"DAKAR MANIA"},"image":{"@id":"https:\/\/www.dakarmania.cz\/#\/schema\/logo\/image\/"},"sameAs":["https:\/\/www.facebook.com\/dakarmania\/"]},{"@type":"Person","@id":"https:\/\/www.dakarmania.cz\/#\/schema\/person\/5b4cfb12dba761de1851ff1847e7abb5","name":"redakce","image":{"@type":"ImageObject","inLanguage":"cs","@id":"https:\/\/www.dakarmania.cz\/#\/schema\/person\/image\/","url":"https:\/\/secure.gravatar.com\/avatar\/4ef761c3379a135d6529565f0356ddd1e10bb6dadbd00d873c560863b6183e09?s=96&d=mm&r=g","contentUrl":"https:\/\/secure.gravatar.com\/avatar\/4ef761c3379a135d6529565f0356ddd1e10bb6dadbd00d873c560863b6183e09?s=96&d=mm&r=g","caption":"redakce"},"url":"https:\/\/www.dakarmania.cz\/index.php\/author\/redakce\/"}]}},"amp_enabled":true,"_links":{"self":[{"href":"https:\/\/www.dakarmania.cz\/index.php\/wp-json\/wp\/v2\/posts\/28228","targetHints":{"allow":["GET"]}}],"collection":[{"href":"https:\/\/www.dakarmania.cz\/index.php\/wp-json\/wp\/v2\/posts"}],"about":[{"href":"https:\/\/www.dakarmania.cz\/index.php\/wp-json\/wp\/v2\/types\/post"}],"author":[{"embeddable":true,"href":"https:\/\/www.dakarmania.cz\/index.php\/wp-json\/wp\/v2\/users\/4"}],"replies":[{"embeddable":true,"href":"https:\/\/www.dakarmania.cz\/index.php\/wp-json\/wp\/v2\/comments?post=28228"}],"version-history":[{"count":6,"href":"https:\/\/www.dakarmania.cz\/index.php\/wp-json\/wp\/v2\/posts\/28228\/revisions"}],"predecessor-version":[{"id":29370,"href":"https:\/\/www.dakarmania.cz\/index.php\/wp-json\/wp\/v2\/posts\/28228\/revisions\/29370"}],"wp:featuredmedia":[{"embeddable":true,"href":"https:\/\/www.dakarmania.cz\/index.php\/wp-json\/wp\/v2\/media\/28229"}],"wp:attachment":[{"href":"https:\/\/www.dakarmania.cz\/index.php\/wp-json\/wp\/v2\/media?parent=28228"}],"wp:term":[{"taxonomy":"category","embeddable":true,"href":"https:\/\/www.dakarmania.cz\/index.php\/wp-json\/wp\/v2\/categories?post=28228"},{"taxonomy":"post_tag","embeddable":true,"href":"https:\/\/www.dakarmania.cz\/index.php\/wp-json\/wp\/v2\/tags?post=28228"}],"curies":[{"name":"wp","href":"https:\/\/api.w.org\/{rel}","templated":true}]}}