{"id":2900,"date":"2019-01-27T01:10:02","date_gmt":"2019-01-27T00:10:02","guid":{"rendered":"https:\/\/www.dakarmania.cz\/?p=2900"},"modified":"2019-03-19T13:15:20","modified_gmt":"2019-03-19T12:15:20","slug":"ondrej-klymciw-dakarem-to-pro-nas-nekonci","status":"publish","type":"post","link":"https:\/\/www.dakarmania.cz\/index.php\/2019\/01\/27\/ondrej-klymciw-dakarem-to-pro-nas-nekonci\/","title":{"rendered":"Ond\u0159ej Klym\u010diw: Dakarem to pro n\u00e1s nekon\u010d\u00ed"},"content":{"rendered":"<p>[vc_row][vc_column][vc_column_text]<\/p>\n<h4>T\u00fdm Ond\u0159eje Klym\u010diwa se vr\u00e1til dom\u016f z leto\u0161n\u00ed Rally Dakar, ale u\u017e te\u010f pl\u00e1nuje n\u011bkolik z\u00e1vod\u016f na cel\u00fd rok 2019. Vrcholem bude samoz\u0159ejm\u011b p\u0159\u00ed\u0161t\u00ed Dakar.<\/h4>\n<p>Rally Dakar se sice jezd\u00ed poka\u017ed\u00e9 na za\u010d\u00e1tku nov\u00e9ho roku, nicm\u00e9n\u011b pro v\u0161echny rallyov\u00e9 z\u00e1vodn\u00edky a t\u00fdmy je vrcholem z\u00e1vodn\u00ed sez\u00f3ny. Leto\u0161n\u00ed 41. ro\u010dn\u00edk Dakaru je odjet\u00fd a t\u00fdm Klym\u010diw Racing p\u0159ipravuje pl\u00e1ny na dal\u0161\u00ed z\u00e1vody s c\u00edlem p\u0159ipravit se na Dakar 2020.<\/p>\n<p><em>\u201eRally Dakar je \u00fasp\u011b\u0161n\u011b za n\u00e1mi, ale to neznamen\u00e1, \u017ee bychom z\u016fstali sed\u011bt doma. Na za\u010d\u00e1tku dubna n\u00e1s \u010dek\u00e1 velk\u00fd z\u00e1vod v Maroku, Morocco Desert Challenge, kde budeme jako t\u00fdm s n\u011bkolika jezdci. Letos m\u00e1me v pl\u00e1nu p\u0159ibli\u017en\u011b \u0161est z\u00e1vod\u016f, a\u0165 u\u017e mal\u00fdch \u010di velk\u00fdch. Fin\u00e1le bude samoz\u0159ejm\u011b Dakar 2020, kam s n\u00e1mi cht\u011bj\u00ed jet sou\u010dasn\u00ed jezdci a ozvala se tak\u00e9 kamar\u00e1dka z \u0158ecka,\u201c<\/em> nast\u00ednil pl\u00e1ny t\u00fdmu mana\u017eer <strong>Ond\u0159ej Klym\u010diw<\/strong>.[\/vc_column_text][vc_single_image image=&#8221;2899&#8243; img_size=&#8221;large&#8221; alignment=&#8221;center&#8221;][vc_column_text]Ond\u0159eje Klym\u010diwa si samoz\u0159ejm\u011b nejv\u00edce pamatujeme jako aktivn\u00edho z\u00e1vodn\u00edka. B\u011bhem lo\u0148sk\u00e9ho Dakaru ale utrp\u011bl v\u00e1\u017en\u00e9 zran\u011bn\u00ed, kter\u00e9 st\u00e1le nen\u00ed dol\u00e9\u010den\u00e9.<\/p>\n<p><em>\u201eCo se t\u00fdk\u00e1 m\u00e9ho zdravotn\u00edho stavu, tak tu nen\u00ed nic nov\u00e9ho. Na dal\u0161\u00ed kontrolu p\u016fjdu na konci kv\u011btna a pak se uvid\u00ed,\u201c<\/em> \u0159\u00edk\u00e1 Klym\u010diw.<\/p>\n<h4>Na Dakar 2020 op\u011bt jako mana\u017eer<\/h4>\n<p>Kv\u016fli dlouh\u00e9 rekonvalescenci je u\u017e v tuto chv\u00edli jasn\u00e9, \u017ee se na p\u0159\u00ed\u0161t\u00ed Dakar jako z\u00e1vodn\u00edk nepod\u00edv\u00e1, proto chce maxim\u00e1ln\u011b podpo\u0159it ostatn\u00ed z\u00e1vodn\u00edky.<\/p>\n<p><em>\u201eNechci lh\u00e1t a hr\u00e1t si na kdyby, proto\u017ee i kdyby se v kv\u011btnu stal z\u00e1zrak a \u0159ekli mi, \u017ee m\u016f\u017eu jezdit, tak bych se nestihl p\u0159ipravit. Na motorce jsem rok a p\u016fl nesed\u011bl. Je jasn\u00e9, \u017ee Dakar 2020 bude bez m\u00e9 z\u00e1vodn\u00ed \u00fa\u010dasti,\u201c<\/em> \u0159\u00edk\u00e1 otev\u0159en\u011b doposud nejlep\u0161\u00ed \u010desk\u00fd motocyklov\u00fd z\u00e1vodn\u00edk na jihoamerick\u00fdch ro\u010dn\u00edc\u00edch Dakaru. <em>\u201eUr\u010dit\u011b tam chceme jet, ale kdy\u017e nem\u016f\u017eu z\u00e1vodit, budeme podporovat ostatn\u00ed jezdce. C\u00edlem je vytvo\u0159it co nejlep\u0161\u00ed podm\u00ednky pro jejich cestu nahoru. T\u011bm, kte\u0159\u00ed m\u011b oslov\u00ed, chci co nejv\u00edce pomoci k dobr\u00fdm v\u00fdsledk\u016fm d\u00edky zku\u0161enostem, kter\u00e9 jsem t\u011b\u017ece z\u00edskal. Chci jim toho p\u0159edat co nejv\u00edc, proto se budeme soust\u0159edit hlavn\u011b na t\u00fdm a napl\u00e1novan\u00e9 z\u00e1vody.\u201c<\/em><\/p>\n<h4>Jedn\u00e1n\u00ed s KTM<\/h4>\n<p>S p\u0159\u00edpravou t\u00fdmu a techniky na nadch\u00e1zej\u00edc\u00ed z\u00e1vody tak\u00e9 souvis\u00ed jedn\u00e1n\u00ed s tov\u00e1rnou KTM, kde m\u00e1 Ond\u0159ej dobr\u00e9 vztahy d\u00edky sv\u00fdm \u00fasp\u011bch\u016fm i v\u00fdsledk\u016fm ostatn\u00edch jezdc\u016f.<\/p>\n<p><em>\u201eV sou\u010dasn\u00e9 chv\u00edli jedn\u00e1m s KTM, kolik motorek n\u00e1m daj\u00ed k dispozici a kdy. B\u011bhem leto\u0161n\u00edho Dakaru si v\u0161imli, \u017ee je Skyler Howes velice nad\u011bjn\u00fd jezdec a \u017ee to d\u011bl\u00e1me dob\u0159e, tak\u017ee n\u00e1s i d\u00edky tomu d\u00e1vali v bivaku hned naproti sob\u011b. Mysl\u00edm, \u017ee na to m\u016f\u017eeme nav\u00e1zat. Budu se sna\u017eit b\u00fdt v\u0161em n\u00e1pomocn\u00fd a \u00fapln\u011b z toho nevypadnout. Chci pom\u00e1hat jezdc\u016fm, co u\u017e maj\u00ed n\u011bjak\u00e9 z\u00e1vody za sebou, ale i nov\u00e1\u010dk\u016fm, tak\u017ee kdo se chce n\u011bkam posunout, m\u00e1 u n\u00e1s mo\u017enost. M\u016f\u017eou se mnou probrat, jak to ve skute\u010dnosti je a co je k tomu pot\u0159eba,\u201c<\/em> uzav\u00edr\u00e1 Klym\u010diw.<\/p>\n<p>Tiskov\u00e1 zpr\u00e1va t\u00fdmu Klym\u010diw Racing (editov\u00e1no)[\/vc_column_text][\/vc_column][\/vc_row]<\/p>\n","protected":false},"excerpt":{"rendered":"<p>[vc_row][vc_column][vc_column_text] T\u00fdm Ond\u0159eje Klym\u010diwa se vr\u00e1til dom\u016f z leto\u0161n\u00ed Rally Dakar, ale u\u017e te\u010f pl\u00e1nuje n\u011bkolik z\u00e1vod\u016f na cel\u00fd rok 2019. Vrcholem bude samoz\u0159ejm\u011b p\u0159\u00ed\u0161t\u00ed Dakar. Rally Dakar se sice jezd\u00ed poka\u017ed\u00e9 na za\u010d\u00e1tku nov\u00e9ho roku, nicm\u00e9n\u011b pro v\u0161echny rallyov\u00e9 z\u00e1vodn\u00edky a t\u00fdmy je vrcholem z\u00e1vodn\u00ed sez\u00f3ny. Leto\u0161n\u00ed 41. ro\u010dn\u00edk Dakaru je odjet\u00fd a t\u00fdm [&hellip;]<\/p>\n","protected":false},"author":3,"featured_media":2898,"comment_status":"open","ping_status":"closed","sticky":false,"template":"","format":"standard","meta":{"footnotes":""},"categories":[637],"tags":[8,159,57,63,302,244,56,61],"class_list":["post-2900","post","type-post","status-publish","format-standard","has-post-thumbnail","hentry","category-tiskove-zpravy","tag-dakar","tag-dakar-2020","tag-klymciw-racing","tag-ktm","tag-morocco-desert-challenge","tag-morocco-desert-challenge-2019","tag-ondrej-klymciw","tag-skyler-howes"],"yoast_head":"<!-- This site is optimized with the Yoast SEO plugin v24.9 - https:\/\/yoast.com\/wordpress\/plugins\/seo\/ -->\n<title>Ond\u0159ej Klym\u010diw: Dakarem to pro n\u00e1s nekon\u010d\u00ed - DAKARMANIA.cz<\/title>\n<meta name=\"description\" content=\"T\u00fdm Ond\u0159eje Klym\u010diwa se vr\u00e1til dom\u016f z leto\u0161n\u00ed Rally Dakar, ale u\u017e te\u010f pl\u00e1nuje n\u011bkolik z\u00e1vod\u016f na cel\u00fd rok 2019. Vrcholem bude samoz\u0159ejm\u011b p\u0159\u00ed\u0161t\u00ed Dakar.\" \/>\n<meta name=\"robots\" content=\"index, follow, max-snippet:-1, max-image-preview:large, max-video-preview:-1\" \/>\n<link rel=\"canonical\" href=\"https:\/\/www.dakarmania.cz\/index.php\/2019\/01\/27\/ondrej-klymciw-dakarem-to-pro-nas-nekonci\/\" \/>\n<meta property=\"og:locale\" content=\"cs_CZ\" \/>\n<meta property=\"og:type\" content=\"article\" \/>\n<meta property=\"og:title\" content=\"Ond\u0159ej Klym\u010diw: Dakarem to pro n\u00e1s nekon\u010d\u00ed - DAKARMANIA.cz\" \/>\n<meta property=\"og:description\" content=\"T\u00fdm Ond\u0159eje Klym\u010diwa se vr\u00e1til dom\u016f z leto\u0161n\u00ed Rally Dakar, ale u\u017e te\u010f pl\u00e1nuje n\u011bkolik z\u00e1vod\u016f na cel\u00fd rok 2019. Vrcholem bude samoz\u0159ejm\u011b p\u0159\u00ed\u0161t\u00ed Dakar.\" \/>\n<meta property=\"og:url\" content=\"https:\/\/www.dakarmania.cz\/index.php\/2019\/01\/27\/ondrej-klymciw-dakarem-to-pro-nas-nekonci\/\" \/>\n<meta property=\"og:site_name\" content=\"DAKARMANIA.cz\" \/>\n<meta property=\"article:publisher\" content=\"https:\/\/www.facebook.com\/dakarmania\/\" \/>\n<meta property=\"article:published_time\" content=\"2019-01-27T00:10:02+00:00\" \/>\n<meta property=\"article:modified_time\" content=\"2019-03-19T12:15:20+00:00\" \/>\n<meta property=\"og:image\" content=\"https:\/\/www.dakarmania.cz\/wp-content\/uploads\/2019\/02\/19-dakar-vlcek-10.jpg\" \/>\n\t<meta property=\"og:image:width\" content=\"960\" \/>\n\t<meta property=\"og:image:height\" content=\"640\" \/>\n\t<meta property=\"og:image:type\" content=\"image\/jpeg\" \/>\n<meta name=\"author\" content=\"tiskov\u00e1 zpr\u00e1va\" \/>\n<meta name=\"twitter:card\" content=\"summary_large_image\" \/>\n<meta name=\"twitter:label1\" content=\"Napsal(a)\" \/>\n\t<meta name=\"twitter:data1\" content=\"tiskov\u00e1 zpr\u00e1va\" \/>\n\t<meta name=\"twitter:label2\" content=\"Odhadovan\u00e1 doba \u010dten\u00ed\" \/>\n\t<meta name=\"twitter:data2\" content=\"3 minuty\" \/>\n<script type=\"application\/ld+json\" class=\"yoast-schema-graph\">{\"@context\":\"https:\/\/schema.org\",\"@graph\":[{\"@type\":\"Article\",\"@id\":\"https:\/\/www.dakarmania.cz\/index.php\/2019\/01\/27\/ondrej-klymciw-dakarem-to-pro-nas-nekonci\/#article\",\"isPartOf\":{\"@id\":\"https:\/\/www.dakarmania.cz\/index.php\/2019\/01\/27\/ondrej-klymciw-dakarem-to-pro-nas-nekonci\/\"},\"author\":{\"name\":\"tiskov\u00e1 zpr\u00e1va\",\"@id\":\"https:\/\/www.dakarmania.cz\/#\/schema\/person\/bce8d1fe3633b1178e150fc5e340d5dd\"},\"headline\":\"Ond\u0159ej Klym\u010diw: Dakarem to pro n\u00e1s nekon\u010d\u00ed\",\"datePublished\":\"2019-01-27T00:10:02+00:00\",\"dateModified\":\"2019-03-19T12:15:20+00:00\",\"mainEntityOfPage\":{\"@id\":\"https:\/\/www.dakarmania.cz\/index.php\/2019\/01\/27\/ondrej-klymciw-dakarem-to-pro-nas-nekonci\/\"},\"wordCount\":675,\"commentCount\":0,\"publisher\":{\"@id\":\"https:\/\/www.dakarmania.cz\/#organization\"},\"image\":{\"@id\":\"https:\/\/www.dakarmania.cz\/index.php\/2019\/01\/27\/ondrej-klymciw-dakarem-to-pro-nas-nekonci\/#primaryimage\"},\"thumbnailUrl\":\"https:\/\/www.dakarmania.cz\/wp-content\/uploads\/2019\/02\/19-dakar-vlcek-10.jpg\",\"keywords\":[\"Dakar\",\"Dakar 2020\",\"Klym\u010diw Racing\",\"KTM\",\"Morocco Desert Challenge\",\"Morocco Desert Challenge 2019\",\"Ond\u0159ej Klym\u010diw\",\"Skyler Howes\"],\"articleSection\":[\"Tiskov\u00e9 zpr\u00e1vy\"],\"inLanguage\":\"cs\",\"potentialAction\":[{\"@type\":\"CommentAction\",\"name\":\"Comment\",\"target\":[\"https:\/\/www.dakarmania.cz\/index.php\/2019\/01\/27\/ondrej-klymciw-dakarem-to-pro-nas-nekonci\/#respond\"]}]},{\"@type\":\"WebPage\",\"@id\":\"https:\/\/www.dakarmania.cz\/index.php\/2019\/01\/27\/ondrej-klymciw-dakarem-to-pro-nas-nekonci\/\",\"url\":\"https:\/\/www.dakarmania.cz\/index.php\/2019\/01\/27\/ondrej-klymciw-dakarem-to-pro-nas-nekonci\/\",\"name\":\"Ond\u0159ej Klym\u010diw: Dakarem to pro n\u00e1s nekon\u010d\u00ed - DAKARMANIA.cz\",\"isPartOf\":{\"@id\":\"https:\/\/www.dakarmania.cz\/#website\"},\"primaryImageOfPage\":{\"@id\":\"https:\/\/www.dakarmania.cz\/index.php\/2019\/01\/27\/ondrej-klymciw-dakarem-to-pro-nas-nekonci\/#primaryimage\"},\"image\":{\"@id\":\"https:\/\/www.dakarmania.cz\/index.php\/2019\/01\/27\/ondrej-klymciw-dakarem-to-pro-nas-nekonci\/#primaryimage\"},\"thumbnailUrl\":\"https:\/\/www.dakarmania.cz\/wp-content\/uploads\/2019\/02\/19-dakar-vlcek-10.jpg\",\"datePublished\":\"2019-01-27T00:10:02+00:00\",\"dateModified\":\"2019-03-19T12:15:20+00:00\",\"description\":\"T\u00fdm Ond\u0159eje Klym\u010diwa se vr\u00e1til dom\u016f z leto\u0161n\u00ed Rally Dakar, ale u\u017e te\u010f pl\u00e1nuje n\u011bkolik z\u00e1vod\u016f na cel\u00fd rok 2019. Vrcholem bude samoz\u0159ejm\u011b p\u0159\u00ed\u0161t\u00ed Dakar.\",\"breadcrumb\":{\"@id\":\"https:\/\/www.dakarmania.cz\/index.php\/2019\/01\/27\/ondrej-klymciw-dakarem-to-pro-nas-nekonci\/#breadcrumb\"},\"inLanguage\":\"cs\",\"potentialAction\":[{\"@type\":\"ReadAction\",\"target\":[\"https:\/\/www.dakarmania.cz\/index.php\/2019\/01\/27\/ondrej-klymciw-dakarem-to-pro-nas-nekonci\/\"]}]},{\"@type\":\"ImageObject\",\"inLanguage\":\"cs\",\"@id\":\"https:\/\/www.dakarmania.cz\/index.php\/2019\/01\/27\/ondrej-klymciw-dakarem-to-pro-nas-nekonci\/#primaryimage\",\"url\":\"https:\/\/www.dakarmania.cz\/wp-content\/uploads\/2019\/02\/19-dakar-vlcek-10.jpg\",\"contentUrl\":\"https:\/\/www.dakarmania.cz\/wp-content\/uploads\/2019\/02\/19-dakar-vlcek-10.jpg\",\"width\":960,\"height\":640,\"caption\":\"Petr Vl\u010dek, KTM 450 Rally Replica, Klym\u010diw Racing. Rally Dakar 2019. \u00a9 Klym\u010diw Racing\"},{\"@type\":\"BreadcrumbList\",\"@id\":\"https:\/\/www.dakarmania.cz\/index.php\/2019\/01\/27\/ondrej-klymciw-dakarem-to-pro-nas-nekonci\/#breadcrumb\",\"itemListElement\":[{\"@type\":\"ListItem\",\"position\":1,\"name\":\"Dom\u016f\",\"item\":\"https:\/\/www.dakarmania.cz\/\"},{\"@type\":\"ListItem\",\"position\":2,\"name\":\"Ond\u0159ej Klym\u010diw: Dakarem to pro n\u00e1s nekon\u010d\u00ed\"}]},{\"@type\":\"WebSite\",\"@id\":\"https:\/\/www.dakarmania.cz\/#website\",\"url\":\"https:\/\/www.dakarmania.cz\/\",\"name\":\"DAKARMANIA.cz\",\"description\":\"\u017dijeme Dakarem cel\u00fd rok\",\"publisher\":{\"@id\":\"https:\/\/www.dakarmania.cz\/#organization\"},\"potentialAction\":[{\"@type\":\"SearchAction\",\"target\":{\"@type\":\"EntryPoint\",\"urlTemplate\":\"https:\/\/www.dakarmania.cz\/?s={search_term_string}\"},\"query-input\":{\"@type\":\"PropertyValueSpecification\",\"valueRequired\":true,\"valueName\":\"search_term_string\"}}],\"inLanguage\":\"cs\"},{\"@type\":\"Organization\",\"@id\":\"https:\/\/www.dakarmania.cz\/#organization\",\"name\":\"DAKAR MANIA\",\"url\":\"https:\/\/www.dakarmania.cz\/\",\"logo\":{\"@type\":\"ImageObject\",\"inLanguage\":\"cs\",\"@id\":\"https:\/\/www.dakarmania.cz\/#\/schema\/logo\/image\/\",\"url\":\"https:\/\/www.dakarmania.cz\/wp-content\/uploads\/2018\/12\/Dakar-Mania-Logo-Square-Orange.png\",\"contentUrl\":\"https:\/\/www.dakarmania.cz\/wp-content\/uploads\/2018\/12\/Dakar-Mania-Logo-Square-Orange.png\",\"width\":992,\"height\":992,\"caption\":\"DAKAR MANIA\"},\"image\":{\"@id\":\"https:\/\/www.dakarmania.cz\/#\/schema\/logo\/image\/\"},\"sameAs\":[\"https:\/\/www.facebook.com\/dakarmania\/\"]},{\"@type\":\"Person\",\"@id\":\"https:\/\/www.dakarmania.cz\/#\/schema\/person\/bce8d1fe3633b1178e150fc5e340d5dd\",\"name\":\"tiskov\u00e1 zpr\u00e1va\",\"image\":{\"@type\":\"ImageObject\",\"inLanguage\":\"cs\",\"@id\":\"https:\/\/www.dakarmania.cz\/#\/schema\/person\/image\/\",\"url\":\"https:\/\/secure.gravatar.com\/avatar\/19aefcb6c7bfae691fca4d805686c670f59bb4f7414c7b398b88dc9c8f4e96d5?s=96&d=mm&r=g\",\"contentUrl\":\"https:\/\/secure.gravatar.com\/avatar\/19aefcb6c7bfae691fca4d805686c670f59bb4f7414c7b398b88dc9c8f4e96d5?s=96&d=mm&r=g\",\"caption\":\"tiskov\u00e1 zpr\u00e1va\"},\"url\":\"https:\/\/www.dakarmania.cz\/index.php\/author\/tiskovezpravy\/\"}]}<\/script>\n<!-- \/ Yoast SEO plugin. -->","yoast_head_json":{"title":"Ond\u0159ej Klym\u010diw: Dakarem to pro n\u00e1s nekon\u010d\u00ed - DAKARMANIA.cz","description":"T\u00fdm Ond\u0159eje Klym\u010diwa se vr\u00e1til dom\u016f z leto\u0161n\u00ed Rally Dakar, ale u\u017e te\u010f pl\u00e1nuje n\u011bkolik z\u00e1vod\u016f na cel\u00fd rok 2019. Vrcholem bude samoz\u0159ejm\u011b p\u0159\u00ed\u0161t\u00ed Dakar.","robots":{"index":"index","follow":"follow","max-snippet":"max-snippet:-1","max-image-preview":"max-image-preview:large","max-video-preview":"max-video-preview:-1"},"canonical":"https:\/\/www.dakarmania.cz\/index.php\/2019\/01\/27\/ondrej-klymciw-dakarem-to-pro-nas-nekonci\/","og_locale":"cs_CZ","og_type":"article","og_title":"Ond\u0159ej Klym\u010diw: Dakarem to pro n\u00e1s nekon\u010d\u00ed - DAKARMANIA.cz","og_description":"T\u00fdm Ond\u0159eje Klym\u010diwa se vr\u00e1til dom\u016f z leto\u0161n\u00ed Rally Dakar, ale u\u017e te\u010f pl\u00e1nuje n\u011bkolik z\u00e1vod\u016f na cel\u00fd rok 2019. Vrcholem bude samoz\u0159ejm\u011b p\u0159\u00ed\u0161t\u00ed Dakar.","og_url":"https:\/\/www.dakarmania.cz\/index.php\/2019\/01\/27\/ondrej-klymciw-dakarem-to-pro-nas-nekonci\/","og_site_name":"DAKARMANIA.cz","article_publisher":"https:\/\/www.facebook.com\/dakarmania\/","article_published_time":"2019-01-27T00:10:02+00:00","article_modified_time":"2019-03-19T12:15:20+00:00","og_image":[{"width":960,"height":640,"url":"https:\/\/www.dakarmania.cz\/wp-content\/uploads\/2019\/02\/19-dakar-vlcek-10.jpg","type":"image\/jpeg"}],"author":"tiskov\u00e1 zpr\u00e1va","twitter_card":"summary_large_image","twitter_misc":{"Napsal(a)":"tiskov\u00e1 zpr\u00e1va","Odhadovan\u00e1 doba \u010dten\u00ed":"3 minuty"},"schema":{"@context":"https:\/\/schema.org","@graph":[{"@type":"Article","@id":"https:\/\/www.dakarmania.cz\/index.php\/2019\/01\/27\/ondrej-klymciw-dakarem-to-pro-nas-nekonci\/#article","isPartOf":{"@id":"https:\/\/www.dakarmania.cz\/index.php\/2019\/01\/27\/ondrej-klymciw-dakarem-to-pro-nas-nekonci\/"},"author":{"name":"tiskov\u00e1 zpr\u00e1va","@id":"https:\/\/www.dakarmania.cz\/#\/schema\/person\/bce8d1fe3633b1178e150fc5e340d5dd"},"headline":"Ond\u0159ej Klym\u010diw: Dakarem to pro n\u00e1s nekon\u010d\u00ed","datePublished":"2019-01-27T00:10:02+00:00","dateModified":"2019-03-19T12:15:20+00:00","mainEntityOfPage":{"@id":"https:\/\/www.dakarmania.cz\/index.php\/2019\/01\/27\/ondrej-klymciw-dakarem-to-pro-nas-nekonci\/"},"wordCount":675,"commentCount":0,"publisher":{"@id":"https:\/\/www.dakarmania.cz\/#organization"},"image":{"@id":"https:\/\/www.dakarmania.cz\/index.php\/2019\/01\/27\/ondrej-klymciw-dakarem-to-pro-nas-nekonci\/#primaryimage"},"thumbnailUrl":"https:\/\/www.dakarmania.cz\/wp-content\/uploads\/2019\/02\/19-dakar-vlcek-10.jpg","keywords":["Dakar","Dakar 2020","Klym\u010diw Racing","KTM","Morocco Desert Challenge","Morocco Desert Challenge 2019","Ond\u0159ej Klym\u010diw","Skyler Howes"],"articleSection":["Tiskov\u00e9 zpr\u00e1vy"],"inLanguage":"cs","potentialAction":[{"@type":"CommentAction","name":"Comment","target":["https:\/\/www.dakarmania.cz\/index.php\/2019\/01\/27\/ondrej-klymciw-dakarem-to-pro-nas-nekonci\/#respond"]}]},{"@type":"WebPage","@id":"https:\/\/www.dakarmania.cz\/index.php\/2019\/01\/27\/ondrej-klymciw-dakarem-to-pro-nas-nekonci\/","url":"https:\/\/www.dakarmania.cz\/index.php\/2019\/01\/27\/ondrej-klymciw-dakarem-to-pro-nas-nekonci\/","name":"Ond\u0159ej Klym\u010diw: Dakarem to pro n\u00e1s nekon\u010d\u00ed - DAKARMANIA.cz","isPartOf":{"@id":"https:\/\/www.dakarmania.cz\/#website"},"primaryImageOfPage":{"@id":"https:\/\/www.dakarmania.cz\/index.php\/2019\/01\/27\/ondrej-klymciw-dakarem-to-pro-nas-nekonci\/#primaryimage"},"image":{"@id":"https:\/\/www.dakarmania.cz\/index.php\/2019\/01\/27\/ondrej-klymciw-dakarem-to-pro-nas-nekonci\/#primaryimage"},"thumbnailUrl":"https:\/\/www.dakarmania.cz\/wp-content\/uploads\/2019\/02\/19-dakar-vlcek-10.jpg","datePublished":"2019-01-27T00:10:02+00:00","dateModified":"2019-03-19T12:15:20+00:00","description":"T\u00fdm Ond\u0159eje Klym\u010diwa se vr\u00e1til dom\u016f z leto\u0161n\u00ed Rally Dakar, ale u\u017e te\u010f pl\u00e1nuje n\u011bkolik z\u00e1vod\u016f na cel\u00fd rok 2019. Vrcholem bude samoz\u0159ejm\u011b p\u0159\u00ed\u0161t\u00ed Dakar.","breadcrumb":{"@id":"https:\/\/www.dakarmania.cz\/index.php\/2019\/01\/27\/ondrej-klymciw-dakarem-to-pro-nas-nekonci\/#breadcrumb"},"inLanguage":"cs","potentialAction":[{"@type":"ReadAction","target":["https:\/\/www.dakarmania.cz\/index.php\/2019\/01\/27\/ondrej-klymciw-dakarem-to-pro-nas-nekonci\/"]}]},{"@type":"ImageObject","inLanguage":"cs","@id":"https:\/\/www.dakarmania.cz\/index.php\/2019\/01\/27\/ondrej-klymciw-dakarem-to-pro-nas-nekonci\/#primaryimage","url":"https:\/\/www.dakarmania.cz\/wp-content\/uploads\/2019\/02\/19-dakar-vlcek-10.jpg","contentUrl":"https:\/\/www.dakarmania.cz\/wp-content\/uploads\/2019\/02\/19-dakar-vlcek-10.jpg","width":960,"height":640,"caption":"Petr Vl\u010dek, KTM 450 Rally Replica, Klym\u010diw Racing. Rally Dakar 2019. \u00a9 Klym\u010diw Racing"},{"@type":"BreadcrumbList","@id":"https:\/\/www.dakarmania.cz\/index.php\/2019\/01\/27\/ondrej-klymciw-dakarem-to-pro-nas-nekonci\/#breadcrumb","itemListElement":[{"@type":"ListItem","position":1,"name":"Dom\u016f","item":"https:\/\/www.dakarmania.cz\/"},{"@type":"ListItem","position":2,"name":"Ond\u0159ej Klym\u010diw: Dakarem to pro n\u00e1s nekon\u010d\u00ed"}]},{"@type":"WebSite","@id":"https:\/\/www.dakarmania.cz\/#website","url":"https:\/\/www.dakarmania.cz\/","name":"DAKARMANIA.cz","description":"\u017dijeme Dakarem cel\u00fd rok","publisher":{"@id":"https:\/\/www.dakarmania.cz\/#organization"},"potentialAction":[{"@type":"SearchAction","target":{"@type":"EntryPoint","urlTemplate":"https:\/\/www.dakarmania.cz\/?s={search_term_string}"},"query-input":{"@type":"PropertyValueSpecification","valueRequired":true,"valueName":"search_term_string"}}],"inLanguage":"cs"},{"@type":"Organization","@id":"https:\/\/www.dakarmania.cz\/#organization","name":"DAKAR MANIA","url":"https:\/\/www.dakarmania.cz\/","logo":{"@type":"ImageObject","inLanguage":"cs","@id":"https:\/\/www.dakarmania.cz\/#\/schema\/logo\/image\/","url":"https:\/\/www.dakarmania.cz\/wp-content\/uploads\/2018\/12\/Dakar-Mania-Logo-Square-Orange.png","contentUrl":"https:\/\/www.dakarmania.cz\/wp-content\/uploads\/2018\/12\/Dakar-Mania-Logo-Square-Orange.png","width":992,"height":992,"caption":"DAKAR MANIA"},"image":{"@id":"https:\/\/www.dakarmania.cz\/#\/schema\/logo\/image\/"},"sameAs":["https:\/\/www.facebook.com\/dakarmania\/"]},{"@type":"Person","@id":"https:\/\/www.dakarmania.cz\/#\/schema\/person\/bce8d1fe3633b1178e150fc5e340d5dd","name":"tiskov\u00e1 zpr\u00e1va","image":{"@type":"ImageObject","inLanguage":"cs","@id":"https:\/\/www.dakarmania.cz\/#\/schema\/person\/image\/","url":"https:\/\/secure.gravatar.com\/avatar\/19aefcb6c7bfae691fca4d805686c670f59bb4f7414c7b398b88dc9c8f4e96d5?s=96&d=mm&r=g","contentUrl":"https:\/\/secure.gravatar.com\/avatar\/19aefcb6c7bfae691fca4d805686c670f59bb4f7414c7b398b88dc9c8f4e96d5?s=96&d=mm&r=g","caption":"tiskov\u00e1 zpr\u00e1va"},"url":"https:\/\/www.dakarmania.cz\/index.php\/author\/tiskovezpravy\/"}]}},"amp_enabled":true,"_links":{"self":[{"href":"https:\/\/www.dakarmania.cz\/index.php\/wp-json\/wp\/v2\/posts\/2900","targetHints":{"allow":["GET"]}}],"collection":[{"href":"https:\/\/www.dakarmania.cz\/index.php\/wp-json\/wp\/v2\/posts"}],"about":[{"href":"https:\/\/www.dakarmania.cz\/index.php\/wp-json\/wp\/v2\/types\/post"}],"author":[{"embeddable":true,"href":"https:\/\/www.dakarmania.cz\/index.php\/wp-json\/wp\/v2\/users\/3"}],"replies":[{"embeddable":true,"href":"https:\/\/www.dakarmania.cz\/index.php\/wp-json\/wp\/v2\/comments?post=2900"}],"version-history":[{"count":1,"href":"https:\/\/www.dakarmania.cz\/index.php\/wp-json\/wp\/v2\/posts\/2900\/revisions"}],"predecessor-version":[{"id":2901,"href":"https:\/\/www.dakarmania.cz\/index.php\/wp-json\/wp\/v2\/posts\/2900\/revisions\/2901"}],"wp:featuredmedia":[{"embeddable":true,"href":"https:\/\/www.dakarmania.cz\/index.php\/wp-json\/wp\/v2\/media\/2898"}],"wp:attachment":[{"href":"https:\/\/www.dakarmania.cz\/index.php\/wp-json\/wp\/v2\/media?parent=2900"}],"wp:term":[{"taxonomy":"category","embeddable":true,"href":"https:\/\/www.dakarmania.cz\/index.php\/wp-json\/wp\/v2\/categories?post=2900"},{"taxonomy":"post_tag","embeddable":true,"href":"https:\/\/www.dakarmania.cz\/index.php\/wp-json\/wp\/v2\/tags?post=2900"}],"curies":[{"name":"wp","href":"https:\/\/api.w.org\/{rel}","templated":true}]}}