{"id":29382,"date":"2024-01-19T07:06:58","date_gmt":"2024-01-19T06:06:58","guid":{"rendered":"https:\/\/www.dakarmania.cz\/?p=29382"},"modified":"2024-09-07T12:44:34","modified_gmt":"2024-09-07T10:44:34","slug":"novinka-iveco-macikovy-posadky-z-dakaru-2023-a-2024","status":"publish","type":"post","link":"https:\/\/www.dakarmania.cz\/index.php\/2024\/01\/19\/novinka-iveco-macikovy-posadky-z-dakaru-2023-a-2024\/","title":{"rendered":"SKLADEM : Iveco Mac\u00edkovy pos\u00e1dky z Dakaru 2023 a 2024"},"content":{"rendered":"<p>[vc_row][vc_column][vc_column_text css_animation=&#8221;fadeIn&#8221;]<\/p>\n<h3>Vydavatelstv\u00ed Ji\u0159\u00edho Vintra uv\u00e1d\u00ed v t\u011bchto dnech na trh dal\u0161\u00ed zaj\u00edmavou novinku, je\u017e bude nepochybn\u011b naprostou nutnost\u00ed pro v\u0161echny dakarsk\u00e9 fanou\u0161ky, kte\u0159\u00ed z\u00e1rove\u0148 propadli kouzlu pap\u00edrov\u00e9ho model\u00e1\u0159stv\u00ed.<\/h3>\n<p>[\/vc_column_text][vc_single_image image=&#8221;29390&#8243; img_size=&#8221;large&#8221; add_caption=&#8221;yes&#8221; alignment=&#8221;center&#8221; onclick=&#8221;custom_link&#8221; img_link_target=&#8221;_blank&#8221; css_animation=&#8221;fadeIn&#8221; link=&#8221;https:\/\/www.alfredova-autickarna.cz\/papirove-modely\/&#8221;][vc_column_text css_animation=&#8221;fadeIn&#8221;]Nov\u00fd model od Vimosu umo\u017e\u0148uje stavbu sedl\u010dansk\u00e9ho Iveca Powerstar p\u0159ezd\u00edvan\u00e9ho \u010cenda ve dvou variant\u00e1ch: v podob\u011b, v jak\u00e9 s n\u00edm Martin Mac\u00edk ml., Franti\u0161ek Tom\u00e1\u0161ek a David \u0160vanda vybojovali na Dakaru 2023 druh\u00e9 m\u00edsto v kone\u010dn\u00e9m hodnocen\u00ed kategorie kamion\u016f, nebo v proveden\u00ed, v jak\u00e9m s n\u00edm stejn\u00e1 pos\u00e1dka pr\u00e1v\u011b te\u010f usiluje o dal\u0161\u00ed \u00fasp\u011bch na Dakaru 2024.<\/p>\n<p>Model vych\u00e1z\u00ed jak v m\u011b\u0159\u00edtku <a href=\"https:\/\/www.alfredova-autickarna.cz\/iveco-powerstar-cenda-dakar-2023-2024-1-32-vimos\/\">1:32<\/a>, tak <a href=\"https:\/\/www.alfredova-autickarna.cz\/iveco-powerstar-cenda-dakar-2023-2024-1-25-vimos\/\">1:25<\/a> a v obou p\u0159\u00edpadech lze pro jeho je\u0161t\u011b detailn\u011bj\u0161\u00ed zpracov\u00e1n\u00ed vyu\u017e\u00edt sadu laserem vypalovan\u00fdch dopl\u0148k\u016f.<\/p>\n<p>V\u0161e si m\u016f\u017eete objednat v na\u0161em <a href=\"https:\/\/www.alfredova-autickarna.cz\/papirove-modely\/\"><strong>e-shopu<\/strong><\/a>.[\/vc_column_text][vc_empty_space height=&#8221;2px&#8221;][\/vc_column][\/vc_row]<\/p>\n","protected":false},"excerpt":{"rendered":"<p>Vimos uv\u00e1d\u00ed na trh dal\u0161\u00ed zaj\u00edmavou novinku, je\u017e bude nepochybn\u011b naprostou nutnost\u00ed pro v\u0161echny dakarsk\u00e9 fanou\u0161ky, kte\u0159\u00ed z\u00e1rove\u0148 propadli kouzlu pap\u00edrov\u00e9ho model\u00e1\u0159stv\u00ed.<\/p>\n","protected":false},"author":4,"featured_media":29396,"comment_status":"closed","ping_status":"closed","sticky":false,"template":"","format":"standard","meta":{"footnotes":""},"categories":[1915,16],"tags":[1705,2026,8,1797,2027,1135,117,164,1534],"class_list":["post-29382","post","type-post","status-publish","format-standard","has-post-thumbnail","hentry","category-e-shop","category-kamion","tag-1705","tag-2026","tag-dakar","tag-dakar-2023","tag-dakar-2024","tag-david-svanda","tag-frantisek-tomasek","tag-iveco","tag-martin-macik-jr"],"yoast_head":"<!-- This site is optimized with the Yoast SEO plugin v24.9 - https:\/\/yoast.com\/wordpress\/plugins\/seo\/ -->\n<title>SKLADEM : Iveco Mac\u00edkovy pos\u00e1dky z Dakaru 2023 a 2024 - DAKARMANIA.cz<\/title>\n<meta name=\"description\" content=\"Vimos uv\u00e1d\u00ed na trh dal\u0161\u00ed zaj\u00edmavou novinku, je\u017e bude nepochybn\u011b naprostou nutnost\u00ed pro v\u0161echny dakarsk\u00e9 fanou\u0161ky, kte\u0159\u00ed z\u00e1rove\u0148 propadli kouzlu pap\u00edrov\u00e9ho model\u00e1\u0159stv\u00ed.\" \/>\n<meta name=\"robots\" content=\"index, follow, max-snippet:-1, max-image-preview:large, max-video-preview:-1\" \/>\n<link rel=\"canonical\" href=\"https:\/\/www.dakarmania.cz\/index.php\/2024\/01\/19\/novinka-iveco-macikovy-posadky-z-dakaru-2023-a-2024\/\" \/>\n<meta property=\"og:locale\" content=\"cs_CZ\" \/>\n<meta property=\"og:type\" content=\"article\" \/>\n<meta property=\"og:title\" content=\"SKLADEM : Iveco Mac\u00edkovy pos\u00e1dky z Dakaru 2023 a 2024 - DAKARMANIA.cz\" \/>\n<meta property=\"og:description\" content=\"Vimos uv\u00e1d\u00ed na trh dal\u0161\u00ed zaj\u00edmavou novinku, je\u017e bude nepochybn\u011b naprostou nutnost\u00ed pro v\u0161echny dakarsk\u00e9 fanou\u0161ky, kte\u0159\u00ed z\u00e1rove\u0148 propadli kouzlu pap\u00edrov\u00e9ho model\u00e1\u0159stv\u00ed.\" \/>\n<meta property=\"og:url\" content=\"https:\/\/www.dakarmania.cz\/index.php\/2024\/01\/19\/novinka-iveco-macikovy-posadky-z-dakaru-2023-a-2024\/\" \/>\n<meta property=\"og:site_name\" content=\"DAKARMANIA.cz\" \/>\n<meta property=\"article:publisher\" content=\"https:\/\/www.facebook.com\/dakarmania\/\" \/>\n<meta property=\"article:published_time\" content=\"2024-01-19T06:06:58+00:00\" \/>\n<meta property=\"article:modified_time\" content=\"2024-09-07T10:44:34+00:00\" \/>\n<meta property=\"og:image\" content=\"https:\/\/www.dakarmania.cz\/wp-content\/uploads\/2024\/01\/00-dkrm.jpg\" \/>\n\t<meta property=\"og:image:width\" content=\"1200\" \/>\n\t<meta property=\"og:image:height\" content=\"800\" \/>\n\t<meta property=\"og:image:type\" content=\"image\/jpeg\" \/>\n<meta name=\"author\" content=\"redakce\" \/>\n<meta name=\"twitter:card\" content=\"summary_large_image\" \/>\n<meta name=\"twitter:label1\" content=\"Napsal(a)\" \/>\n\t<meta name=\"twitter:data1\" content=\"redakce\" \/>\n\t<meta name=\"twitter:label2\" content=\"Odhadovan\u00e1 doba \u010dten\u00ed\" \/>\n\t<meta name=\"twitter:data2\" content=\"1 minuta\" \/>\n<script type=\"application\/ld+json\" class=\"yoast-schema-graph\">{\"@context\":\"https:\/\/schema.org\",\"@graph\":[{\"@type\":\"Article\",\"@id\":\"https:\/\/www.dakarmania.cz\/index.php\/2024\/01\/19\/novinka-iveco-macikovy-posadky-z-dakaru-2023-a-2024\/#article\",\"isPartOf\":{\"@id\":\"https:\/\/www.dakarmania.cz\/index.php\/2024\/01\/19\/novinka-iveco-macikovy-posadky-z-dakaru-2023-a-2024\/\"},\"author\":{\"name\":\"redakce\",\"@id\":\"https:\/\/www.dakarmania.cz\/#\/schema\/person\/5b4cfb12dba761de1851ff1847e7abb5\"},\"headline\":\"SKLADEM : Iveco Mac\u00edkovy pos\u00e1dky z Dakaru 2023 a 2024\",\"datePublished\":\"2024-01-19T06:06:58+00:00\",\"dateModified\":\"2024-09-07T10:44:34+00:00\",\"mainEntityOfPage\":{\"@id\":\"https:\/\/www.dakarmania.cz\/index.php\/2024\/01\/19\/novinka-iveco-macikovy-posadky-z-dakaru-2023-a-2024\/\"},\"wordCount\":219,\"publisher\":{\"@id\":\"https:\/\/www.dakarmania.cz\/#organization\"},\"image\":{\"@id\":\"https:\/\/www.dakarmania.cz\/index.php\/2024\/01\/19\/novinka-iveco-macikovy-posadky-z-dakaru-2023-a-2024\/#primaryimage\"},\"thumbnailUrl\":\"https:\/\/www.dakarmania.cz\/wp-content\/uploads\/2024\/01\/00-dkrm.jpg\",\"keywords\":[\"2023\",\"2024\",\"Dakar\",\"Dakar 2023\",\"Dakar 2024\",\"David \u0160vanda\",\"Franti\u0161ek Tom\u00e1\u0161ek\",\"Iveco\",\"Martin Mac\u00edk jr.\"],\"articleSection\":[\"E-shop\",\"Kamiony\"],\"inLanguage\":\"cs\"},{\"@type\":\"WebPage\",\"@id\":\"https:\/\/www.dakarmania.cz\/index.php\/2024\/01\/19\/novinka-iveco-macikovy-posadky-z-dakaru-2023-a-2024\/\",\"url\":\"https:\/\/www.dakarmania.cz\/index.php\/2024\/01\/19\/novinka-iveco-macikovy-posadky-z-dakaru-2023-a-2024\/\",\"name\":\"SKLADEM : Iveco Mac\u00edkovy pos\u00e1dky z Dakaru 2023 a 2024 - DAKARMANIA.cz\",\"isPartOf\":{\"@id\":\"https:\/\/www.dakarmania.cz\/#website\"},\"primaryImageOfPage\":{\"@id\":\"https:\/\/www.dakarmania.cz\/index.php\/2024\/01\/19\/novinka-iveco-macikovy-posadky-z-dakaru-2023-a-2024\/#primaryimage\"},\"image\":{\"@id\":\"https:\/\/www.dakarmania.cz\/index.php\/2024\/01\/19\/novinka-iveco-macikovy-posadky-z-dakaru-2023-a-2024\/#primaryimage\"},\"thumbnailUrl\":\"https:\/\/www.dakarmania.cz\/wp-content\/uploads\/2024\/01\/00-dkrm.jpg\",\"datePublished\":\"2024-01-19T06:06:58+00:00\",\"dateModified\":\"2024-09-07T10:44:34+00:00\",\"description\":\"Vimos uv\u00e1d\u00ed na trh dal\u0161\u00ed zaj\u00edmavou novinku, je\u017e bude nepochybn\u011b naprostou nutnost\u00ed pro v\u0161echny dakarsk\u00e9 fanou\u0161ky, kte\u0159\u00ed z\u00e1rove\u0148 propadli kouzlu pap\u00edrov\u00e9ho model\u00e1\u0159stv\u00ed.\",\"breadcrumb\":{\"@id\":\"https:\/\/www.dakarmania.cz\/index.php\/2024\/01\/19\/novinka-iveco-macikovy-posadky-z-dakaru-2023-a-2024\/#breadcrumb\"},\"inLanguage\":\"cs\",\"potentialAction\":[{\"@type\":\"ReadAction\",\"target\":[\"https:\/\/www.dakarmania.cz\/index.php\/2024\/01\/19\/novinka-iveco-macikovy-posadky-z-dakaru-2023-a-2024\/\"]}]},{\"@type\":\"ImageObject\",\"inLanguage\":\"cs\",\"@id\":\"https:\/\/www.dakarmania.cz\/index.php\/2024\/01\/19\/novinka-iveco-macikovy-posadky-z-dakaru-2023-a-2024\/#primaryimage\",\"url\":\"https:\/\/www.dakarmania.cz\/wp-content\/uploads\/2024\/01\/00-dkrm.jpg\",\"contentUrl\":\"https:\/\/www.dakarmania.cz\/wp-content\/uploads\/2024\/01\/00-dkrm.jpg\",\"width\":1200,\"height\":800,\"caption\":\"Vimos No. 55, Iveco \\\"\u010cenda\\\", Dakar 2023 & 2024\"},{\"@type\":\"BreadcrumbList\",\"@id\":\"https:\/\/www.dakarmania.cz\/index.php\/2024\/01\/19\/novinka-iveco-macikovy-posadky-z-dakaru-2023-a-2024\/#breadcrumb\",\"itemListElement\":[{\"@type\":\"ListItem\",\"position\":1,\"name\":\"Dom\u016f\",\"item\":\"https:\/\/www.dakarmania.cz\/\"},{\"@type\":\"ListItem\",\"position\":2,\"name\":\"SKLADEM : Iveco Mac\u00edkovy pos\u00e1dky z Dakaru 2023 a 2024\"}]},{\"@type\":\"WebSite\",\"@id\":\"https:\/\/www.dakarmania.cz\/#website\",\"url\":\"https:\/\/www.dakarmania.cz\/\",\"name\":\"DAKARMANIA.cz\",\"description\":\"\u017dijeme Dakarem cel\u00fd rok\",\"publisher\":{\"@id\":\"https:\/\/www.dakarmania.cz\/#organization\"},\"potentialAction\":[{\"@type\":\"SearchAction\",\"target\":{\"@type\":\"EntryPoint\",\"urlTemplate\":\"https:\/\/www.dakarmania.cz\/?s={search_term_string}\"},\"query-input\":{\"@type\":\"PropertyValueSpecification\",\"valueRequired\":true,\"valueName\":\"search_term_string\"}}],\"inLanguage\":\"cs\"},{\"@type\":\"Organization\",\"@id\":\"https:\/\/www.dakarmania.cz\/#organization\",\"name\":\"DAKAR MANIA\",\"url\":\"https:\/\/www.dakarmania.cz\/\",\"logo\":{\"@type\":\"ImageObject\",\"inLanguage\":\"cs\",\"@id\":\"https:\/\/www.dakarmania.cz\/#\/schema\/logo\/image\/\",\"url\":\"https:\/\/www.dakarmania.cz\/wp-content\/uploads\/2018\/12\/Dakar-Mania-Logo-Square-Orange.png\",\"contentUrl\":\"https:\/\/www.dakarmania.cz\/wp-content\/uploads\/2018\/12\/Dakar-Mania-Logo-Square-Orange.png\",\"width\":992,\"height\":992,\"caption\":\"DAKAR MANIA\"},\"image\":{\"@id\":\"https:\/\/www.dakarmania.cz\/#\/schema\/logo\/image\/\"},\"sameAs\":[\"https:\/\/www.facebook.com\/dakarmania\/\"]},{\"@type\":\"Person\",\"@id\":\"https:\/\/www.dakarmania.cz\/#\/schema\/person\/5b4cfb12dba761de1851ff1847e7abb5\",\"name\":\"redakce\",\"image\":{\"@type\":\"ImageObject\",\"inLanguage\":\"cs\",\"@id\":\"https:\/\/www.dakarmania.cz\/#\/schema\/person\/image\/\",\"url\":\"https:\/\/secure.gravatar.com\/avatar\/4ef761c3379a135d6529565f0356ddd1e10bb6dadbd00d873c560863b6183e09?s=96&d=mm&r=g\",\"contentUrl\":\"https:\/\/secure.gravatar.com\/avatar\/4ef761c3379a135d6529565f0356ddd1e10bb6dadbd00d873c560863b6183e09?s=96&d=mm&r=g\",\"caption\":\"redakce\"},\"url\":\"https:\/\/www.dakarmania.cz\/index.php\/author\/redakce\/\"}]}<\/script>\n<!-- \/ Yoast SEO plugin. -->","yoast_head_json":{"title":"SKLADEM : Iveco Mac\u00edkovy pos\u00e1dky z Dakaru 2023 a 2024 - DAKARMANIA.cz","description":"Vimos uv\u00e1d\u00ed na trh dal\u0161\u00ed zaj\u00edmavou novinku, je\u017e bude nepochybn\u011b naprostou nutnost\u00ed pro v\u0161echny dakarsk\u00e9 fanou\u0161ky, kte\u0159\u00ed z\u00e1rove\u0148 propadli kouzlu pap\u00edrov\u00e9ho model\u00e1\u0159stv\u00ed.","robots":{"index":"index","follow":"follow","max-snippet":"max-snippet:-1","max-image-preview":"max-image-preview:large","max-video-preview":"max-video-preview:-1"},"canonical":"https:\/\/www.dakarmania.cz\/index.php\/2024\/01\/19\/novinka-iveco-macikovy-posadky-z-dakaru-2023-a-2024\/","og_locale":"cs_CZ","og_type":"article","og_title":"SKLADEM : Iveco Mac\u00edkovy pos\u00e1dky z Dakaru 2023 a 2024 - DAKARMANIA.cz","og_description":"Vimos uv\u00e1d\u00ed na trh dal\u0161\u00ed zaj\u00edmavou novinku, je\u017e bude nepochybn\u011b naprostou nutnost\u00ed pro v\u0161echny dakarsk\u00e9 fanou\u0161ky, kte\u0159\u00ed z\u00e1rove\u0148 propadli kouzlu pap\u00edrov\u00e9ho model\u00e1\u0159stv\u00ed.","og_url":"https:\/\/www.dakarmania.cz\/index.php\/2024\/01\/19\/novinka-iveco-macikovy-posadky-z-dakaru-2023-a-2024\/","og_site_name":"DAKARMANIA.cz","article_publisher":"https:\/\/www.facebook.com\/dakarmania\/","article_published_time":"2024-01-19T06:06:58+00:00","article_modified_time":"2024-09-07T10:44:34+00:00","og_image":[{"width":1200,"height":800,"url":"https:\/\/www.dakarmania.cz\/wp-content\/uploads\/2024\/01\/00-dkrm.jpg","type":"image\/jpeg"}],"author":"redakce","twitter_card":"summary_large_image","twitter_misc":{"Napsal(a)":"redakce","Odhadovan\u00e1 doba \u010dten\u00ed":"1 minuta"},"schema":{"@context":"https:\/\/schema.org","@graph":[{"@type":"Article","@id":"https:\/\/www.dakarmania.cz\/index.php\/2024\/01\/19\/novinka-iveco-macikovy-posadky-z-dakaru-2023-a-2024\/#article","isPartOf":{"@id":"https:\/\/www.dakarmania.cz\/index.php\/2024\/01\/19\/novinka-iveco-macikovy-posadky-z-dakaru-2023-a-2024\/"},"author":{"name":"redakce","@id":"https:\/\/www.dakarmania.cz\/#\/schema\/person\/5b4cfb12dba761de1851ff1847e7abb5"},"headline":"SKLADEM : Iveco Mac\u00edkovy pos\u00e1dky z Dakaru 2023 a 2024","datePublished":"2024-01-19T06:06:58+00:00","dateModified":"2024-09-07T10:44:34+00:00","mainEntityOfPage":{"@id":"https:\/\/www.dakarmania.cz\/index.php\/2024\/01\/19\/novinka-iveco-macikovy-posadky-z-dakaru-2023-a-2024\/"},"wordCount":219,"publisher":{"@id":"https:\/\/www.dakarmania.cz\/#organization"},"image":{"@id":"https:\/\/www.dakarmania.cz\/index.php\/2024\/01\/19\/novinka-iveco-macikovy-posadky-z-dakaru-2023-a-2024\/#primaryimage"},"thumbnailUrl":"https:\/\/www.dakarmania.cz\/wp-content\/uploads\/2024\/01\/00-dkrm.jpg","keywords":["2023","2024","Dakar","Dakar 2023","Dakar 2024","David \u0160vanda","Franti\u0161ek Tom\u00e1\u0161ek","Iveco","Martin Mac\u00edk jr."],"articleSection":["E-shop","Kamiony"],"inLanguage":"cs"},{"@type":"WebPage","@id":"https:\/\/www.dakarmania.cz\/index.php\/2024\/01\/19\/novinka-iveco-macikovy-posadky-z-dakaru-2023-a-2024\/","url":"https:\/\/www.dakarmania.cz\/index.php\/2024\/01\/19\/novinka-iveco-macikovy-posadky-z-dakaru-2023-a-2024\/","name":"SKLADEM : Iveco Mac\u00edkovy pos\u00e1dky z Dakaru 2023 a 2024 - DAKARMANIA.cz","isPartOf":{"@id":"https:\/\/www.dakarmania.cz\/#website"},"primaryImageOfPage":{"@id":"https:\/\/www.dakarmania.cz\/index.php\/2024\/01\/19\/novinka-iveco-macikovy-posadky-z-dakaru-2023-a-2024\/#primaryimage"},"image":{"@id":"https:\/\/www.dakarmania.cz\/index.php\/2024\/01\/19\/novinka-iveco-macikovy-posadky-z-dakaru-2023-a-2024\/#primaryimage"},"thumbnailUrl":"https:\/\/www.dakarmania.cz\/wp-content\/uploads\/2024\/01\/00-dkrm.jpg","datePublished":"2024-01-19T06:06:58+00:00","dateModified":"2024-09-07T10:44:34+00:00","description":"Vimos uv\u00e1d\u00ed na trh dal\u0161\u00ed zaj\u00edmavou novinku, je\u017e bude nepochybn\u011b naprostou nutnost\u00ed pro v\u0161echny dakarsk\u00e9 fanou\u0161ky, kte\u0159\u00ed z\u00e1rove\u0148 propadli kouzlu pap\u00edrov\u00e9ho model\u00e1\u0159stv\u00ed.","breadcrumb":{"@id":"https:\/\/www.dakarmania.cz\/index.php\/2024\/01\/19\/novinka-iveco-macikovy-posadky-z-dakaru-2023-a-2024\/#breadcrumb"},"inLanguage":"cs","potentialAction":[{"@type":"ReadAction","target":["https:\/\/www.dakarmania.cz\/index.php\/2024\/01\/19\/novinka-iveco-macikovy-posadky-z-dakaru-2023-a-2024\/"]}]},{"@type":"ImageObject","inLanguage":"cs","@id":"https:\/\/www.dakarmania.cz\/index.php\/2024\/01\/19\/novinka-iveco-macikovy-posadky-z-dakaru-2023-a-2024\/#primaryimage","url":"https:\/\/www.dakarmania.cz\/wp-content\/uploads\/2024\/01\/00-dkrm.jpg","contentUrl":"https:\/\/www.dakarmania.cz\/wp-content\/uploads\/2024\/01\/00-dkrm.jpg","width":1200,"height":800,"caption":"Vimos No. 55, Iveco \"\u010cenda\", Dakar 2023 & 2024"},{"@type":"BreadcrumbList","@id":"https:\/\/www.dakarmania.cz\/index.php\/2024\/01\/19\/novinka-iveco-macikovy-posadky-z-dakaru-2023-a-2024\/#breadcrumb","itemListElement":[{"@type":"ListItem","position":1,"name":"Dom\u016f","item":"https:\/\/www.dakarmania.cz\/"},{"@type":"ListItem","position":2,"name":"SKLADEM : Iveco Mac\u00edkovy pos\u00e1dky z Dakaru 2023 a 2024"}]},{"@type":"WebSite","@id":"https:\/\/www.dakarmania.cz\/#website","url":"https:\/\/www.dakarmania.cz\/","name":"DAKARMANIA.cz","description":"\u017dijeme Dakarem cel\u00fd rok","publisher":{"@id":"https:\/\/www.dakarmania.cz\/#organization"},"potentialAction":[{"@type":"SearchAction","target":{"@type":"EntryPoint","urlTemplate":"https:\/\/www.dakarmania.cz\/?s={search_term_string}"},"query-input":{"@type":"PropertyValueSpecification","valueRequired":true,"valueName":"search_term_string"}}],"inLanguage":"cs"},{"@type":"Organization","@id":"https:\/\/www.dakarmania.cz\/#organization","name":"DAKAR MANIA","url":"https:\/\/www.dakarmania.cz\/","logo":{"@type":"ImageObject","inLanguage":"cs","@id":"https:\/\/www.dakarmania.cz\/#\/schema\/logo\/image\/","url":"https:\/\/www.dakarmania.cz\/wp-content\/uploads\/2018\/12\/Dakar-Mania-Logo-Square-Orange.png","contentUrl":"https:\/\/www.dakarmania.cz\/wp-content\/uploads\/2018\/12\/Dakar-Mania-Logo-Square-Orange.png","width":992,"height":992,"caption":"DAKAR MANIA"},"image":{"@id":"https:\/\/www.dakarmania.cz\/#\/schema\/logo\/image\/"},"sameAs":["https:\/\/www.facebook.com\/dakarmania\/"]},{"@type":"Person","@id":"https:\/\/www.dakarmania.cz\/#\/schema\/person\/5b4cfb12dba761de1851ff1847e7abb5","name":"redakce","image":{"@type":"ImageObject","inLanguage":"cs","@id":"https:\/\/www.dakarmania.cz\/#\/schema\/person\/image\/","url":"https:\/\/secure.gravatar.com\/avatar\/4ef761c3379a135d6529565f0356ddd1e10bb6dadbd00d873c560863b6183e09?s=96&d=mm&r=g","contentUrl":"https:\/\/secure.gravatar.com\/avatar\/4ef761c3379a135d6529565f0356ddd1e10bb6dadbd00d873c560863b6183e09?s=96&d=mm&r=g","caption":"redakce"},"url":"https:\/\/www.dakarmania.cz\/index.php\/author\/redakce\/"}]}},"amp_enabled":true,"_links":{"self":[{"href":"https:\/\/www.dakarmania.cz\/index.php\/wp-json\/wp\/v2\/posts\/29382","targetHints":{"allow":["GET"]}}],"collection":[{"href":"https:\/\/www.dakarmania.cz\/index.php\/wp-json\/wp\/v2\/posts"}],"about":[{"href":"https:\/\/www.dakarmania.cz\/index.php\/wp-json\/wp\/v2\/types\/post"}],"author":[{"embeddable":true,"href":"https:\/\/www.dakarmania.cz\/index.php\/wp-json\/wp\/v2\/users\/4"}],"replies":[{"embeddable":true,"href":"https:\/\/www.dakarmania.cz\/index.php\/wp-json\/wp\/v2\/comments?post=29382"}],"version-history":[{"count":5,"href":"https:\/\/www.dakarmania.cz\/index.php\/wp-json\/wp\/v2\/posts\/29382\/revisions"}],"predecessor-version":[{"id":29501,"href":"https:\/\/www.dakarmania.cz\/index.php\/wp-json\/wp\/v2\/posts\/29382\/revisions\/29501"}],"wp:featuredmedia":[{"embeddable":true,"href":"https:\/\/www.dakarmania.cz\/index.php\/wp-json\/wp\/v2\/media\/29396"}],"wp:attachment":[{"href":"https:\/\/www.dakarmania.cz\/index.php\/wp-json\/wp\/v2\/media?parent=29382"}],"wp:term":[{"taxonomy":"category","embeddable":true,"href":"https:\/\/www.dakarmania.cz\/index.php\/wp-json\/wp\/v2\/categories?post=29382"},{"taxonomy":"post_tag","embeddable":true,"href":"https:\/\/www.dakarmania.cz\/index.php\/wp-json\/wp\/v2\/tags?post=29382"}],"curies":[{"name":"wp","href":"https:\/\/api.w.org\/{rel}","templated":true}]}}