{"id":29602,"date":"2025-01-16T14:05:48","date_gmt":"2025-01-16T13:05:48","guid":{"rendered":"https:\/\/www.dakarmania.cz\/?p=29602"},"modified":"2025-01-16T14:05:48","modified_gmt":"2025-01-16T13:05:48","slug":"dakar-2025-ales-loprais-zustava-po-predposledni-etape-treti","status":"publish","type":"post","link":"https:\/\/www.dakarmania.cz\/index.php\/2025\/01\/16\/dakar-2025-ales-loprais-zustava-po-predposledni-etape-treti\/","title":{"rendered":"Dakar 2025: Ale\u0161 Loprais z\u016fst\u00e1v\u00e1 po p\u0159edposledn\u00ed etap\u011b t\u0159et\u00ed"},"content":{"rendered":"<p>[vc_row][vc_column][vc_column_text css_animation=&#8221;fadeIn&#8221;]<\/p>\n<h3>Rychlostn\u00ed zkou\u0161ka p\u0159edposledn\u00ed etapy Rally Dakar 2025 se jela v\u00fdhradn\u011b v dun\u00e1ch Pust\u00e9 kon\u010diny a pos\u00e1dka Ale\u0161e Lopraise s kamionem Iveco v n\u00ed obsadila p\u00e1t\u00e9 m\u00edsto.<\/h3>\n<p>[\/vc_column_text][vc_single_image image=&#8221;29600&#8243; img_size=&#8221;large&#8221; add_caption=&#8221;yes&#8221; alignment=&#8221;center&#8221; onclick=&#8221;link_image&#8221; css_animation=&#8221;fadeIn&#8221;][vc_column_text css_animation=&#8221;fadeIn&#8221;]Ve \u010dtvrtek 16. ledna pokra\u010doval 47. ro\u010dn\u00edk dakarsk\u00e9 rally okru\u017en\u00ed etapou se startem a c\u00edlem v \u0160ubajt\u00e1. Po\u0159adatel\u00e9 tentokr\u00e1t p\u0159ipravili celkem t\u0159i r\u016fzn\u00e9 trasy: prvn\u00ed pro motocyklisty, dal\u0161\u00ed pro automobily a t\u0159et\u00ed pro kamiony.<\/p>\n<p>Ale\u0161 Loprais s Davidem K\u0159\u00edpalem a Darekem Rodewaldem tak po v\u010derej\u0161\u00edm etapov\u00e9m v\u00edt\u011bzstv\u00ed vyr\u00e1\u017eeli do speci\u00e1lky jako prvn\u00ed, ani\u017e by se mohli spolehnout na stopy, kter\u00e9 v jin\u00fdch etap\u00e1ch v ter\u00e9nu zanech\u00e1vaj\u00ed d\u0159\u00edve startuj\u00edc\u00ed motocykly a automobily. Tentokr\u00e1t p\u0159ed sebou m\u011bli pov\u011bt\u0161inou jen panensk\u00fd p\u00edsek.<\/p>\n<p><em>\u201eJe jasn\u00e9, \u017ee jsme dnes zaplatili da\u0148 za v\u010derej\u0161\u00ed v\u00edt\u011bzstv\u00ed, ale jsme tu proto, abychom z\u00e1vodili, a ne abychom hr\u00e1li \u0161achy nebo taktizovali. Tak\u017ee v\u010derej\u0161\u00ed v\u00edt\u011bzstv\u00ed je na\u0161e, ale dnes jsme tud\u00ed\u017e otev\u00edrali tra\u0165,\u201c<\/em> \u0159\u00edk\u00e1 navig\u00e1tor <strong>David K\u0159\u00edpal<\/strong>. <em>\u201eA nebylo to v\u016fbec jednoduch\u00e9. Duny byly rozbit\u00e9, m\u00edsty m\u011bkk\u00e9, tak\u017ee jsme n\u011bkter\u00e9 museli naj\u00ed\u017ed\u011bt i n\u011bkolikr\u00e1t. Pochopiteln\u011b jsme t\u00edm malovali stopu ostatn\u00edm, zat\u00edmco sami jsme n\u011bco ztratili.\u201c<\/em><\/p>\n<p>Stopy, kter\u00e9 za \u010derveno-\u010dern\u00fdm Ivecem se startovn\u00edm \u010d\u00edslem 601 v dun\u00e1ch z\u016fst\u00e1valy byly cennou n\u00e1pov\u011bdou pro v\u0161echny pozd\u011bji startuj\u00edc\u00ed soupe\u0159e. P\u0159edev\u0161\u00edm v\u0161ak pro Mitchela van den Brinka, s n\u00edm\u017e pos\u00e1dka InstaTrade Loprais Teamu De Rooy FPT bojuje o druh\u00e9 m\u00edsto absolutn\u011b.[\/vc_column_text][vc_single_image image=&#8221;29519&#8243; img_size=&#8221;large&#8221; add_caption=&#8221;yes&#8221; alignment=&#8221;center&#8221; onclick=&#8221;custom_link&#8221; img_link_target=&#8221;_blank&#8221; css_animation=&#8221;fadeIn&#8221; link=&#8221;https:\/\/www.alfredova-autickarna.cz\/dakar\/&#8221;][vc_column_text css_animation=&#8221;fadeIn&#8221;]<em>\u201eMitchel se n\u00e1s dr\u017eel jako kl\u00ed\u0161t\u011b. Jakmile jsme n\u011bkde zapadli, okam\u017eit\u011b st\u00e1l a \u010dekal, kam pojedeme a co se bude d\u00edt. Pak se teprve rozjel,\u201c<\/em> pokra\u010duje David K\u0159\u00edpal. <em>\u201eNa chvilku n\u00e1s sice p\u0159edjel, ale pak s\u00e1m zapadl. Kdy\u017e zapadl Martin Mac\u00edk, okam\u017eit\u011b si navz\u00e1jem pomohli. Uplatnili t\u00fdmovou strategii a sna\u017eili se to dr\u017eet, jak to \u0161lo. My jsme r\u00e1di, \u017ee jsme v c\u00edli, a uvid\u00edme z\u00edtra. Do konce Dakaru po\u0159\u00e1d je\u0161t\u011b n\u011bjak\u00e9 kilometry zb\u00fdvaj\u00ed, ale u\u017e jich je m\u00e1lo. Ka\u017edop\u00e1dn\u011b mak\u00e1me d\u00e1l.\u201c<\/em><\/p>\n<p>V hodnocen\u00ed \u010dtvrte\u010dn\u00ed etapy, jej\u00ed\u017e speci\u00e1lka m\u011b\u0159ila pro kamiony 126 km, obsadili Ale\u0161 Loprais s Davidem K\u0159\u00edpalem a Darekem Rodewaldem p\u00e1t\u00e9 m\u00edsto s odstupem \u010dty\u0159 a p\u016fl minuty od nejrychlej\u0161\u00edho Martina Mac\u00edka.<\/p>\n<p>Za Mitchelem van den Brinkem dnes \u010desko-polsk\u00e1 pos\u00e1dka zaostala o minutu a 32 sekund, tak\u017ee v celkov\u00e9m hodnocen\u00ed kamion\u016f ji od pr\u016fb\u011b\u017en\u011b druh\u00e9ho Nizozemce nyn\u00ed d\u011bl\u00ed 5 minut a 40 sekund.<\/p>\n<p>Tak\u00e9 p\u00e1te\u010dn\u00ed z\u00e1v\u011bre\u010dn\u00e1 etapa Rally Dakar 2025 odstartuje i skon\u010d\u00ed v \u0160ubajt\u00e1 a znovu zavede sout\u011b\u017e\u00edc\u00ed do dun. Jej\u00ed speci\u00e1lka m\u011b\u0159\u00ed 61 km.[\/vc_column_text][vc_single_image image=&#8221;29601&#8243; img_size=&#8221;large&#8221; add_caption=&#8221;yes&#8221; alignment=&#8221;center&#8221; onclick=&#8221;link_image&#8221; css_animation=&#8221;fadeIn&#8221;][vc_column_text css_animation=&#8221;fadeIn&#8221;]<\/p>\n<h3>LOPRAIS TATRA TEAM &amp; DAKAR CLASSIC<\/h3>\n<p>Pos\u00e1dky Loprais Tatra Teamu pokra\u010duj\u00ed ve sv\u00e9 spanil\u00e9 j\u00edzd\u011b i v z\u00e1v\u011bre\u010dn\u00fdch dnech Dakar Classic 2025. Do p\u0159edposledn\u00ed etapy okolo \u0160ubajt\u00e1 nastupovali Igor Pazdera s Olgou Lounovou a Milanem Hola\u0148em (Tatra 815-2 \u201ePuma\u201c) z pozice leader\u016f skupiny H2 Truck a s n\u00e1skokem 751 bod\u016f p\u0159ed t\u00fdmov\u00fdmi kolegy Ji\u0159\u00edm Huskem, Lubom\u00edrem Do\u010dkalem a Dominikem Holan\u011bm (Tatra 815 4\u00d74 HAS), zat\u00edmco pr\u016fb\u011b\u017en\u011b t\u0159et\u00ed Ital Stefano Calzi ztr\u00e1cel o dal\u0161\u00edch 5127 bod\u016f v\u00edce.<\/p>\n<p>Na \u010dtvrtek byly p\u016fvodn\u011b napl\u00e1nov\u00e1ny dal\u0161\u00ed t\u0159i naviga\u010dn\u00ed zkou\u0161ky a jeden test pravidelnosti, ale kv\u016fli mlze, kter\u00e1 se r\u00e1no dlouho necht\u011bla rozplynout, a tud\u00ed\u017e s ohledem na bezpe\u010dnost sout\u011b\u017e\u00edch do\u0161lo k odlo\u017een\u00ed startu etapy a jej\u00ed \u00faprav\u011b. Po\u0159adatel\u00e9 t\u0159i testy zru\u0161ili, a tak \u201eklasiky\u201c \u010dekala pouze jedin\u00e1 naviga\u010dn\u00ed zkou\u0161ka dlouh\u00e1 46 km.<\/p>\n<p>Na n\u00ed byl sice ve skupin\u011b H2T tentokr\u00e1t nej\u00fasp\u011b\u0161n\u011bj\u0161\u00ed Stefano Calzi, zat\u00edmco tatrovky obsadily t\u0159et\u00ed (Puma) a p\u00e1tou p\u0159\u00ed\u010dku (\u201ehasi\u010d\u00e1k\u201c), ale to pr\u016fb\u011b\u017en\u00fdmi v\u00fdsledky nijak nezam\u00edchalo, nebo\u0165 pos\u00e1dky Loprais Tatra Teamu nasb\u00edraly jen o 25 (Pazdera), resp. 35 bod\u016f (Husek) v\u00edc ne\u017e Ital.<\/p>\n<p><em>Newsletter InstaTrade Loprais Teamu De Rooy FPT &amp; Loprais Tatra Teamu<\/em>[\/vc_column_text][vc_empty_space height=&#8221;2px&#8221;][\/vc_column][\/vc_row]<\/p>\n","protected":false},"excerpt":{"rendered":"<p>Rychlostn\u00ed zkou\u0161ka p\u0159edposledn\u00ed etapy Rally Dakar 2025 se jela v\u00fdhradn\u011b v dun\u00e1ch Pust\u00e9 kon\u010diny a pos\u00e1dka Ale\u0161e Lopraise s kamionem Iveco v n\u00ed obsadila p\u00e1t\u00e9 m\u00edsto.<\/p>\n","protected":false},"author":3,"featured_media":29600,"comment_status":"closed","ping_status":"closed","sticky":false,"template":"","format":"standard","meta":{"footnotes":""},"categories":[2089,16,1914,2],"tags":[2146,65,8,1998,1720,2147,1962,10,2152,2148,164,2150,69,2151,2149,1872,68,224],"class_list":["post-29602","post","type-post","status-publish","format-standard","has-post-thumbnail","hentry","category-dakar-2025","category-kamion","category-partneri","category-dakar","tag-2146","tag-ales-loprais","tag-dakar","tag-dakar-2025","tag-dakar-classic","tag-dakar-classic-2025","tag-darek-rodewald","tag-david-kripal","tag-dominik-holan","tag-igor-pazdera","tag-iveco","tag-jiri-husek","tag-loprais-team","tag-lubomir-dockal","tag-milan-holan","tag-olga-lounova","tag-tatra","tag-team-de-rooy"],"yoast_head":"<!-- This site is optimized with the Yoast SEO plugin v24.9 - https:\/\/yoast.com\/wordpress\/plugins\/seo\/ -->\n<title>Dakar 2025: Ale\u0161 Loprais z\u016fst\u00e1v\u00e1 po p\u0159edposledn\u00ed etap\u011b t\u0159et\u00ed - DAKARMANIA.cz<\/title>\n<meta name=\"description\" content=\"Rychlostn\u00ed zkou\u0161ka p\u0159edposledn\u00ed etapy Rally Dakar 2025 se jela v\u00fdhradn\u011b v dun\u00e1ch Pust\u00e9 kon\u010diny a pos\u00e1dka Ale\u0161e Lopraise s kamionem Iveco v n\u00ed obsadila p\u00e1t\u00e9 m\u00edsto.\" \/>\n<meta name=\"robots\" content=\"index, follow, max-snippet:-1, max-image-preview:large, max-video-preview:-1\" \/>\n<link rel=\"canonical\" href=\"https:\/\/www.dakarmania.cz\/index.php\/2025\/01\/16\/dakar-2025-ales-loprais-zustava-po-predposledni-etape-treti\/\" \/>\n<meta property=\"og:locale\" content=\"cs_CZ\" \/>\n<meta property=\"og:type\" content=\"article\" \/>\n<meta property=\"og:title\" content=\"Dakar 2025: Ale\u0161 Loprais z\u016fst\u00e1v\u00e1 po p\u0159edposledn\u00ed etap\u011b t\u0159et\u00ed - DAKARMANIA.cz\" \/>\n<meta property=\"og:description\" content=\"Rychlostn\u00ed zkou\u0161ka p\u0159edposledn\u00ed etapy Rally Dakar 2025 se jela v\u00fdhradn\u011b v dun\u00e1ch Pust\u00e9 kon\u010diny a pos\u00e1dka Ale\u0161e Lopraise s kamionem Iveco v n\u00ed obsadila p\u00e1t\u00e9 m\u00edsto.\" \/>\n<meta property=\"og:url\" content=\"https:\/\/www.dakarmania.cz\/index.php\/2025\/01\/16\/dakar-2025-ales-loprais-zustava-po-predposledni-etape-treti\/\" \/>\n<meta property=\"og:site_name\" content=\"DAKARMANIA.cz\" \/>\n<meta property=\"article:publisher\" content=\"https:\/\/www.facebook.com\/dakarmania\/\" \/>\n<meta property=\"article:published_time\" content=\"2025-01-16T13:05:48+00:00\" \/>\n<meta property=\"og:image\" content=\"https:\/\/www.dakarmania.cz\/wp-content\/uploads\/2025\/01\/dkr25-dkrm-1001.jpg\" \/>\n\t<meta property=\"og:image:width\" content=\"1600\" \/>\n\t<meta property=\"og:image:height\" content=\"1068\" \/>\n\t<meta property=\"og:image:type\" content=\"image\/jpeg\" \/>\n<meta name=\"author\" content=\"tiskov\u00e1 zpr\u00e1va\" \/>\n<meta name=\"twitter:card\" content=\"summary_large_image\" \/>\n<meta name=\"twitter:label1\" content=\"Napsal(a)\" \/>\n\t<meta name=\"twitter:data1\" content=\"tiskov\u00e1 zpr\u00e1va\" \/>\n\t<meta name=\"twitter:label2\" content=\"Odhadovan\u00e1 doba \u010dten\u00ed\" \/>\n\t<meta name=\"twitter:data2\" content=\"4 minuty\" \/>\n<script type=\"application\/ld+json\" class=\"yoast-schema-graph\">{\"@context\":\"https:\/\/schema.org\",\"@graph\":[{\"@type\":\"Article\",\"@id\":\"https:\/\/www.dakarmania.cz\/index.php\/2025\/01\/16\/dakar-2025-ales-loprais-zustava-po-predposledni-etape-treti\/#article\",\"isPartOf\":{\"@id\":\"https:\/\/www.dakarmania.cz\/index.php\/2025\/01\/16\/dakar-2025-ales-loprais-zustava-po-predposledni-etape-treti\/\"},\"author\":{\"name\":\"tiskov\u00e1 zpr\u00e1va\",\"@id\":\"https:\/\/www.dakarmania.cz\/#\/schema\/person\/bce8d1fe3633b1178e150fc5e340d5dd\"},\"headline\":\"Dakar 2025: Ale\u0161 Loprais z\u016fst\u00e1v\u00e1 po p\u0159edposledn\u00ed etap\u011b t\u0159et\u00ed\",\"datePublished\":\"2025-01-16T13:05:48+00:00\",\"mainEntityOfPage\":{\"@id\":\"https:\/\/www.dakarmania.cz\/index.php\/2025\/01\/16\/dakar-2025-ales-loprais-zustava-po-predposledni-etape-treti\/\"},\"wordCount\":867,\"publisher\":{\"@id\":\"https:\/\/www.dakarmania.cz\/#organization\"},\"image\":{\"@id\":\"https:\/\/www.dakarmania.cz\/index.php\/2025\/01\/16\/dakar-2025-ales-loprais-zustava-po-predposledni-etape-treti\/#primaryimage\"},\"thumbnailUrl\":\"https:\/\/www.dakarmania.cz\/wp-content\/uploads\/2025\/01\/dkr25-dkrm-1001.jpg\",\"keywords\":[\"2025\",\"Ale\u0161 Loprais\",\"Dakar\",\"Dakar 2025\",\"Dakar Classic\",\"Dakar Classic 2025\",\"Darek Rodewald\",\"David K\u0159\u00edpal\",\"Dominik Hola\u0148\",\"Igor Pazdera\",\"Iveco\",\"Ji\u0159\u00ed Husek\",\"Loprais Team\",\"Lubom\u00edr Do\u010dkal\",\"Milan Hola\u0148\",\"Olga Lounov\u00e1\",\"Tatra\",\"Team De Rooy\"],\"articleSection\":[\"Dakar 2025\",\"Kamiony\",\"Partnersk\u00e9 t\u00fdmy\",\"Rally Dakar\"],\"inLanguage\":\"cs\"},{\"@type\":\"WebPage\",\"@id\":\"https:\/\/www.dakarmania.cz\/index.php\/2025\/01\/16\/dakar-2025-ales-loprais-zustava-po-predposledni-etape-treti\/\",\"url\":\"https:\/\/www.dakarmania.cz\/index.php\/2025\/01\/16\/dakar-2025-ales-loprais-zustava-po-predposledni-etape-treti\/\",\"name\":\"Dakar 2025: Ale\u0161 Loprais z\u016fst\u00e1v\u00e1 po p\u0159edposledn\u00ed etap\u011b t\u0159et\u00ed - DAKARMANIA.cz\",\"isPartOf\":{\"@id\":\"https:\/\/www.dakarmania.cz\/#website\"},\"primaryImageOfPage\":{\"@id\":\"https:\/\/www.dakarmania.cz\/index.php\/2025\/01\/16\/dakar-2025-ales-loprais-zustava-po-predposledni-etape-treti\/#primaryimage\"},\"image\":{\"@id\":\"https:\/\/www.dakarmania.cz\/index.php\/2025\/01\/16\/dakar-2025-ales-loprais-zustava-po-predposledni-etape-treti\/#primaryimage\"},\"thumbnailUrl\":\"https:\/\/www.dakarmania.cz\/wp-content\/uploads\/2025\/01\/dkr25-dkrm-1001.jpg\",\"datePublished\":\"2025-01-16T13:05:48+00:00\",\"description\":\"Rychlostn\u00ed zkou\u0161ka p\u0159edposledn\u00ed etapy Rally Dakar 2025 se jela v\u00fdhradn\u011b v dun\u00e1ch Pust\u00e9 kon\u010diny a pos\u00e1dka Ale\u0161e Lopraise s kamionem Iveco v n\u00ed obsadila p\u00e1t\u00e9 m\u00edsto.\",\"breadcrumb\":{\"@id\":\"https:\/\/www.dakarmania.cz\/index.php\/2025\/01\/16\/dakar-2025-ales-loprais-zustava-po-predposledni-etape-treti\/#breadcrumb\"},\"inLanguage\":\"cs\",\"potentialAction\":[{\"@type\":\"ReadAction\",\"target\":[\"https:\/\/www.dakarmania.cz\/index.php\/2025\/01\/16\/dakar-2025-ales-loprais-zustava-po-predposledni-etape-treti\/\"]}]},{\"@type\":\"ImageObject\",\"inLanguage\":\"cs\",\"@id\":\"https:\/\/www.dakarmania.cz\/index.php\/2025\/01\/16\/dakar-2025-ales-loprais-zustava-po-predposledni-etape-treti\/#primaryimage\",\"url\":\"https:\/\/www.dakarmania.cz\/wp-content\/uploads\/2025\/01\/dkr25-dkrm-1001.jpg\",\"contentUrl\":\"https:\/\/www.dakarmania.cz\/wp-content\/uploads\/2025\/01\/dkr25-dkrm-1001.jpg\",\"width\":1600,\"height\":1068,\"caption\":\"Ale\u0161 Loprais \/ David K\u0159\u00edpal \/ Darek Rodewald, Iveco Powerstar, InstaTrade Loprais Teamu De Rooy FPT. Rally Dakar 2025. Foto: Loprais Team\"},{\"@type\":\"BreadcrumbList\",\"@id\":\"https:\/\/www.dakarmania.cz\/index.php\/2025\/01\/16\/dakar-2025-ales-loprais-zustava-po-predposledni-etape-treti\/#breadcrumb\",\"itemListElement\":[{\"@type\":\"ListItem\",\"position\":1,\"name\":\"Dom\u016f\",\"item\":\"https:\/\/www.dakarmania.cz\/\"},{\"@type\":\"ListItem\",\"position\":2,\"name\":\"Dakar 2025: Ale\u0161 Loprais z\u016fst\u00e1v\u00e1 po p\u0159edposledn\u00ed etap\u011b t\u0159et\u00ed\"}]},{\"@type\":\"WebSite\",\"@id\":\"https:\/\/www.dakarmania.cz\/#website\",\"url\":\"https:\/\/www.dakarmania.cz\/\",\"name\":\"DAKARMANIA.cz\",\"description\":\"\u017dijeme Dakarem cel\u00fd rok\",\"publisher\":{\"@id\":\"https:\/\/www.dakarmania.cz\/#organization\"},\"potentialAction\":[{\"@type\":\"SearchAction\",\"target\":{\"@type\":\"EntryPoint\",\"urlTemplate\":\"https:\/\/www.dakarmania.cz\/?s={search_term_string}\"},\"query-input\":{\"@type\":\"PropertyValueSpecification\",\"valueRequired\":true,\"valueName\":\"search_term_string\"}}],\"inLanguage\":\"cs\"},{\"@type\":\"Organization\",\"@id\":\"https:\/\/www.dakarmania.cz\/#organization\",\"name\":\"DAKAR MANIA\",\"url\":\"https:\/\/www.dakarmania.cz\/\",\"logo\":{\"@type\":\"ImageObject\",\"inLanguage\":\"cs\",\"@id\":\"https:\/\/www.dakarmania.cz\/#\/schema\/logo\/image\/\",\"url\":\"https:\/\/www.dakarmania.cz\/wp-content\/uploads\/2018\/12\/Dakar-Mania-Logo-Square-Orange.png\",\"contentUrl\":\"https:\/\/www.dakarmania.cz\/wp-content\/uploads\/2018\/12\/Dakar-Mania-Logo-Square-Orange.png\",\"width\":992,\"height\":992,\"caption\":\"DAKAR MANIA\"},\"image\":{\"@id\":\"https:\/\/www.dakarmania.cz\/#\/schema\/logo\/image\/\"},\"sameAs\":[\"https:\/\/www.facebook.com\/dakarmania\/\"]},{\"@type\":\"Person\",\"@id\":\"https:\/\/www.dakarmania.cz\/#\/schema\/person\/bce8d1fe3633b1178e150fc5e340d5dd\",\"name\":\"tiskov\u00e1 zpr\u00e1va\",\"image\":{\"@type\":\"ImageObject\",\"inLanguage\":\"cs\",\"@id\":\"https:\/\/www.dakarmania.cz\/#\/schema\/person\/image\/\",\"url\":\"https:\/\/secure.gravatar.com\/avatar\/19aefcb6c7bfae691fca4d805686c670f59bb4f7414c7b398b88dc9c8f4e96d5?s=96&d=mm&r=g\",\"contentUrl\":\"https:\/\/secure.gravatar.com\/avatar\/19aefcb6c7bfae691fca4d805686c670f59bb4f7414c7b398b88dc9c8f4e96d5?s=96&d=mm&r=g\",\"caption\":\"tiskov\u00e1 zpr\u00e1va\"},\"url\":\"https:\/\/www.dakarmania.cz\/index.php\/author\/tiskovezpravy\/\"}]}<\/script>\n<!-- \/ Yoast SEO plugin. -->","yoast_head_json":{"title":"Dakar 2025: Ale\u0161 Loprais z\u016fst\u00e1v\u00e1 po p\u0159edposledn\u00ed etap\u011b t\u0159et\u00ed - DAKARMANIA.cz","description":"Rychlostn\u00ed zkou\u0161ka p\u0159edposledn\u00ed etapy Rally Dakar 2025 se jela v\u00fdhradn\u011b v dun\u00e1ch Pust\u00e9 kon\u010diny a pos\u00e1dka Ale\u0161e Lopraise s kamionem Iveco v n\u00ed obsadila p\u00e1t\u00e9 m\u00edsto.","robots":{"index":"index","follow":"follow","max-snippet":"max-snippet:-1","max-image-preview":"max-image-preview:large","max-video-preview":"max-video-preview:-1"},"canonical":"https:\/\/www.dakarmania.cz\/index.php\/2025\/01\/16\/dakar-2025-ales-loprais-zustava-po-predposledni-etape-treti\/","og_locale":"cs_CZ","og_type":"article","og_title":"Dakar 2025: Ale\u0161 Loprais z\u016fst\u00e1v\u00e1 po p\u0159edposledn\u00ed etap\u011b t\u0159et\u00ed - DAKARMANIA.cz","og_description":"Rychlostn\u00ed zkou\u0161ka p\u0159edposledn\u00ed etapy Rally Dakar 2025 se jela v\u00fdhradn\u011b v dun\u00e1ch Pust\u00e9 kon\u010diny a pos\u00e1dka Ale\u0161e Lopraise s kamionem Iveco v n\u00ed obsadila p\u00e1t\u00e9 m\u00edsto.","og_url":"https:\/\/www.dakarmania.cz\/index.php\/2025\/01\/16\/dakar-2025-ales-loprais-zustava-po-predposledni-etape-treti\/","og_site_name":"DAKARMANIA.cz","article_publisher":"https:\/\/www.facebook.com\/dakarmania\/","article_published_time":"2025-01-16T13:05:48+00:00","og_image":[{"width":1600,"height":1068,"url":"https:\/\/www.dakarmania.cz\/wp-content\/uploads\/2025\/01\/dkr25-dkrm-1001.jpg","type":"image\/jpeg"}],"author":"tiskov\u00e1 zpr\u00e1va","twitter_card":"summary_large_image","twitter_misc":{"Napsal(a)":"tiskov\u00e1 zpr\u00e1va","Odhadovan\u00e1 doba \u010dten\u00ed":"4 minuty"},"schema":{"@context":"https:\/\/schema.org","@graph":[{"@type":"Article","@id":"https:\/\/www.dakarmania.cz\/index.php\/2025\/01\/16\/dakar-2025-ales-loprais-zustava-po-predposledni-etape-treti\/#article","isPartOf":{"@id":"https:\/\/www.dakarmania.cz\/index.php\/2025\/01\/16\/dakar-2025-ales-loprais-zustava-po-predposledni-etape-treti\/"},"author":{"name":"tiskov\u00e1 zpr\u00e1va","@id":"https:\/\/www.dakarmania.cz\/#\/schema\/person\/bce8d1fe3633b1178e150fc5e340d5dd"},"headline":"Dakar 2025: Ale\u0161 Loprais z\u016fst\u00e1v\u00e1 po p\u0159edposledn\u00ed etap\u011b t\u0159et\u00ed","datePublished":"2025-01-16T13:05:48+00:00","mainEntityOfPage":{"@id":"https:\/\/www.dakarmania.cz\/index.php\/2025\/01\/16\/dakar-2025-ales-loprais-zustava-po-predposledni-etape-treti\/"},"wordCount":867,"publisher":{"@id":"https:\/\/www.dakarmania.cz\/#organization"},"image":{"@id":"https:\/\/www.dakarmania.cz\/index.php\/2025\/01\/16\/dakar-2025-ales-loprais-zustava-po-predposledni-etape-treti\/#primaryimage"},"thumbnailUrl":"https:\/\/www.dakarmania.cz\/wp-content\/uploads\/2025\/01\/dkr25-dkrm-1001.jpg","keywords":["2025","Ale\u0161 Loprais","Dakar","Dakar 2025","Dakar Classic","Dakar Classic 2025","Darek Rodewald","David K\u0159\u00edpal","Dominik Hola\u0148","Igor Pazdera","Iveco","Ji\u0159\u00ed Husek","Loprais Team","Lubom\u00edr Do\u010dkal","Milan Hola\u0148","Olga Lounov\u00e1","Tatra","Team De Rooy"],"articleSection":["Dakar 2025","Kamiony","Partnersk\u00e9 t\u00fdmy","Rally Dakar"],"inLanguage":"cs"},{"@type":"WebPage","@id":"https:\/\/www.dakarmania.cz\/index.php\/2025\/01\/16\/dakar-2025-ales-loprais-zustava-po-predposledni-etape-treti\/","url":"https:\/\/www.dakarmania.cz\/index.php\/2025\/01\/16\/dakar-2025-ales-loprais-zustava-po-predposledni-etape-treti\/","name":"Dakar 2025: Ale\u0161 Loprais z\u016fst\u00e1v\u00e1 po p\u0159edposledn\u00ed etap\u011b t\u0159et\u00ed - DAKARMANIA.cz","isPartOf":{"@id":"https:\/\/www.dakarmania.cz\/#website"},"primaryImageOfPage":{"@id":"https:\/\/www.dakarmania.cz\/index.php\/2025\/01\/16\/dakar-2025-ales-loprais-zustava-po-predposledni-etape-treti\/#primaryimage"},"image":{"@id":"https:\/\/www.dakarmania.cz\/index.php\/2025\/01\/16\/dakar-2025-ales-loprais-zustava-po-predposledni-etape-treti\/#primaryimage"},"thumbnailUrl":"https:\/\/www.dakarmania.cz\/wp-content\/uploads\/2025\/01\/dkr25-dkrm-1001.jpg","datePublished":"2025-01-16T13:05:48+00:00","description":"Rychlostn\u00ed zkou\u0161ka p\u0159edposledn\u00ed etapy Rally Dakar 2025 se jela v\u00fdhradn\u011b v dun\u00e1ch Pust\u00e9 kon\u010diny a pos\u00e1dka Ale\u0161e Lopraise s kamionem Iveco v n\u00ed obsadila p\u00e1t\u00e9 m\u00edsto.","breadcrumb":{"@id":"https:\/\/www.dakarmania.cz\/index.php\/2025\/01\/16\/dakar-2025-ales-loprais-zustava-po-predposledni-etape-treti\/#breadcrumb"},"inLanguage":"cs","potentialAction":[{"@type":"ReadAction","target":["https:\/\/www.dakarmania.cz\/index.php\/2025\/01\/16\/dakar-2025-ales-loprais-zustava-po-predposledni-etape-treti\/"]}]},{"@type":"ImageObject","inLanguage":"cs","@id":"https:\/\/www.dakarmania.cz\/index.php\/2025\/01\/16\/dakar-2025-ales-loprais-zustava-po-predposledni-etape-treti\/#primaryimage","url":"https:\/\/www.dakarmania.cz\/wp-content\/uploads\/2025\/01\/dkr25-dkrm-1001.jpg","contentUrl":"https:\/\/www.dakarmania.cz\/wp-content\/uploads\/2025\/01\/dkr25-dkrm-1001.jpg","width":1600,"height":1068,"caption":"Ale\u0161 Loprais \/ David K\u0159\u00edpal \/ Darek Rodewald, Iveco Powerstar, InstaTrade Loprais Teamu De Rooy FPT. Rally Dakar 2025. Foto: Loprais Team"},{"@type":"BreadcrumbList","@id":"https:\/\/www.dakarmania.cz\/index.php\/2025\/01\/16\/dakar-2025-ales-loprais-zustava-po-predposledni-etape-treti\/#breadcrumb","itemListElement":[{"@type":"ListItem","position":1,"name":"Dom\u016f","item":"https:\/\/www.dakarmania.cz\/"},{"@type":"ListItem","position":2,"name":"Dakar 2025: Ale\u0161 Loprais z\u016fst\u00e1v\u00e1 po p\u0159edposledn\u00ed etap\u011b t\u0159et\u00ed"}]},{"@type":"WebSite","@id":"https:\/\/www.dakarmania.cz\/#website","url":"https:\/\/www.dakarmania.cz\/","name":"DAKARMANIA.cz","description":"\u017dijeme Dakarem cel\u00fd rok","publisher":{"@id":"https:\/\/www.dakarmania.cz\/#organization"},"potentialAction":[{"@type":"SearchAction","target":{"@type":"EntryPoint","urlTemplate":"https:\/\/www.dakarmania.cz\/?s={search_term_string}"},"query-input":{"@type":"PropertyValueSpecification","valueRequired":true,"valueName":"search_term_string"}}],"inLanguage":"cs"},{"@type":"Organization","@id":"https:\/\/www.dakarmania.cz\/#organization","name":"DAKAR MANIA","url":"https:\/\/www.dakarmania.cz\/","logo":{"@type":"ImageObject","inLanguage":"cs","@id":"https:\/\/www.dakarmania.cz\/#\/schema\/logo\/image\/","url":"https:\/\/www.dakarmania.cz\/wp-content\/uploads\/2018\/12\/Dakar-Mania-Logo-Square-Orange.png","contentUrl":"https:\/\/www.dakarmania.cz\/wp-content\/uploads\/2018\/12\/Dakar-Mania-Logo-Square-Orange.png","width":992,"height":992,"caption":"DAKAR MANIA"},"image":{"@id":"https:\/\/www.dakarmania.cz\/#\/schema\/logo\/image\/"},"sameAs":["https:\/\/www.facebook.com\/dakarmania\/"]},{"@type":"Person","@id":"https:\/\/www.dakarmania.cz\/#\/schema\/person\/bce8d1fe3633b1178e150fc5e340d5dd","name":"tiskov\u00e1 zpr\u00e1va","image":{"@type":"ImageObject","inLanguage":"cs","@id":"https:\/\/www.dakarmania.cz\/#\/schema\/person\/image\/","url":"https:\/\/secure.gravatar.com\/avatar\/19aefcb6c7bfae691fca4d805686c670f59bb4f7414c7b398b88dc9c8f4e96d5?s=96&d=mm&r=g","contentUrl":"https:\/\/secure.gravatar.com\/avatar\/19aefcb6c7bfae691fca4d805686c670f59bb4f7414c7b398b88dc9c8f4e96d5?s=96&d=mm&r=g","caption":"tiskov\u00e1 zpr\u00e1va"},"url":"https:\/\/www.dakarmania.cz\/index.php\/author\/tiskovezpravy\/"}]}},"amp_enabled":true,"_links":{"self":[{"href":"https:\/\/www.dakarmania.cz\/index.php\/wp-json\/wp\/v2\/posts\/29602","targetHints":{"allow":["GET"]}}],"collection":[{"href":"https:\/\/www.dakarmania.cz\/index.php\/wp-json\/wp\/v2\/posts"}],"about":[{"href":"https:\/\/www.dakarmania.cz\/index.php\/wp-json\/wp\/v2\/types\/post"}],"author":[{"embeddable":true,"href":"https:\/\/www.dakarmania.cz\/index.php\/wp-json\/wp\/v2\/users\/3"}],"replies":[{"embeddable":true,"href":"https:\/\/www.dakarmania.cz\/index.php\/wp-json\/wp\/v2\/comments?post=29602"}],"version-history":[{"count":3,"href":"https:\/\/www.dakarmania.cz\/index.php\/wp-json\/wp\/v2\/posts\/29602\/revisions"}],"predecessor-version":[{"id":29605,"href":"https:\/\/www.dakarmania.cz\/index.php\/wp-json\/wp\/v2\/posts\/29602\/revisions\/29605"}],"wp:featuredmedia":[{"embeddable":true,"href":"https:\/\/www.dakarmania.cz\/index.php\/wp-json\/wp\/v2\/media\/29600"}],"wp:attachment":[{"href":"https:\/\/www.dakarmania.cz\/index.php\/wp-json\/wp\/v2\/media?parent=29602"}],"wp:term":[{"taxonomy":"category","embeddable":true,"href":"https:\/\/www.dakarmania.cz\/index.php\/wp-json\/wp\/v2\/categories?post=29602"},{"taxonomy":"post_tag","embeddable":true,"href":"https:\/\/www.dakarmania.cz\/index.php\/wp-json\/wp\/v2\/tags?post=29602"}],"curies":[{"name":"wp","href":"https:\/\/api.w.org\/{rel}","templated":true}]}}