{"id":3522,"date":"2019-02-23T13:20:55","date_gmt":"2019-02-23T12:20:55","guid":{"rendered":"https:\/\/www.dakarmania.cz\/?p=3522"},"modified":"2019-10-22T16:34:23","modified_gmt":"2019-10-22T14:34:23","slug":"qatar-ccr-al-attiyah-suverenni","status":"publish","type":"post","link":"https:\/\/www.dakarmania.cz\/index.php\/2019\/02\/23\/qatar-ccr-al-attiyah-suverenni\/","title":{"rendered":"Qatar CCR 2019: Al-Attiyah suver\u00e9nn\u00ed, Przygo\u0144ski si polep\u0161il"},"content":{"rendered":"<p>[vc_row][vc_column][vc_column_text]<\/p>\n<h4>Nasser Al-Attiyah s Toyotou po druh\u00e9 etap\u011b Qatar Cross-Country Rally 2019 v\u00edce ne\u017e zdvojn\u00e1sobil sv\u016fj n\u00e1skok na \u010dele pr\u016fb\u011b\u017en\u00e9ho hodnocen\u00ed sout\u011b\u017ee. Japonsk\u00e1 zna\u010dka ale dnes po\u010d\u00edtala i ztr\u00e1ty.<\/h4>\n<p>\u00davodn\u00ed podnik <a href=\"https:\/\/www.dakarmania.cz\/index.php\/sampionaty\/svetovy-pohar-fia-v-cross-country-rally-2019\/\">Sv\u011btov\u00e9ho poh\u00e1ru FIA v cross-country rally<\/a> (FIA World Cup for Cross-Country Rallies) pokra\u010doval v sobotu 23. \u00fanora prvn\u00ed dlouhou etapou. Na pos\u00e1dky \u010dekalo 324 kilometr\u016f v r\u00e1mci rychlostn\u00ed zkou\u0161ky.<\/p>\n<p>P\u011btin\u00e1sobn\u00fd v\u00edt\u011bz katarsk\u00e9 rally Nasser Al-Attiyah a jeho francouzsk\u00fd navig\u00e1tor Mathieu Baumel dnes vyr\u00e1\u017eeli na tra\u0165 jako prvn\u00ed a p\u0159i navigaci se tedy museli spol\u00e9hat v\u00fdhradn\u011b na sebe. Zku\u0161en\u00e1 dvojice ale nezav\u00e1hala. Na prvn\u00edm mezi\u010dase byla druh\u00e1, p\u0159esto\u017ee m\u011bla defekt pneumatiky. Od druh\u00e9ho mezi\u010dasu se Al-Attiyah usadil na prvn\u00ed pozici a pak u\u017e sv\u016fj n\u00e1skok neust\u00e1le zvy\u0161oval. Speci\u00e1lku vyhr\u00e1l s n\u00e1skokem p\u011bti minut a jeden\u00e1cti sekund.<\/p>\n<p><em>\u201eA\u017e na jeden defekt, kv\u016fli kter\u00e9mu jsme ztratili skoro dv\u011b minuty, to byl dobr\u00fd den. Jet prvn\u00ed nebylo snadn\u00e9, ale pro n\u00e1s to byla dobr\u00e1 etapa bez technick\u00fdch probl\u00e9m\u016f. Navigace byla skute\u010dn\u011b drsn\u00e1, ale dr\u017eeli jsme dnes dobr\u00e9 tempo,\u201c<\/em> pochvaloval si <strong>Nasser Al-Attiyah<\/strong>.[\/vc_column_text][vc_single_image image=&#8221;3556&#8243; img_size=&#8221;large&#8221; add_caption=&#8221;yes&#8221; alignment=&#8221;center&#8221;][vc_column_text]Kuba Przygo\u0144ski s Mini startoval do druh\u00e9 etapy a\u017e za trojic\u00ed Hilux\u016f a tato pozice polsk\u00e9mu jezdci sv\u011bd\u010dila. Na prvn\u00edm mezi\u010dase byl dokonce o patn\u00e1ct sekund rychlej\u0161\u00ed ne\u017e Al-Attiyah. Pak sice za\u010dal na Kata\u0159ana ztr\u00e1cet, p\u0159esto obsadil druh\u00e9 m\u00edsto v rychlostn\u00ed zkou\u0161ce a na stejnou pozici se posunul i v pr\u016fb\u011b\u017en\u00e9m po\u0159ad\u00ed.<\/p>\n<p><em>\u201eByla to dobr\u00e1 speci\u00e1lka a my jsme se do toho op\u0159eli,\u201c<\/em> popisoval <strong>Kuba Przygo\u0144ski<\/strong>. <em>\u201eNavigace byla n\u00e1ro\u010dn\u00e1 a Timo odvedl dobrou pr\u00e1ci. Prvn\u00ed \u010d\u00e1st byla skute\u010dn\u011b dobr\u00e1. Pak jsme ale m\u011bli defekt a ztratili jsme j\u00edzdou v prachu ze Ten Brinkem. Auto bylo dobr\u00e9, mohli jsme jet naplno. V z\u00e1v\u011bru se hodn\u011b pr\u00e1\u0161ilo a my jsme ztratili j\u00edzdou za Yazeedem.\u201c<\/em><\/p>\n<p>D\u00edky t\u0159et\u00edmu \u010dasu v etap\u011b udr\u017eel t\u0159et\u00ed p\u0159\u00ed\u010dku i celkov\u011b Yazeed Al-Rajhi s dal\u0161\u00edm Hiluxem z d\u00edlen spole\u010dnosti Overdrive Racing.[\/vc_column_text][vc_single_image image=&#8221;3529&#8243; img_size=&#8221;large&#8221; add_caption=&#8221;yes&#8221; alignment=&#8221;center&#8221;][vc_column_text]Druh\u00e1 etapa se naopak nepovedla Bernhardu ten Brinkemu s t\u0159et\u00ed Toyotou. Nizozemec byl po v\u010derej\u0161ku druh\u00fd a dnes je\u0161t\u011b na kontroln\u00edm bod\u011b \u010d\u00edslo dva dr\u017eel krok s Al-Rajhim. Jen\u017ee ve druh\u00e9 polovin\u011b speci\u00e1lky ztratil v\u00edce ne\u017e dv\u011b hodiny a v pr\u016fb\u011b\u017en\u00e9 klasifikaci vypadl z prvn\u00ed des\u00edtky.<\/p>\n<p><em>\u201eM\u011bli jsme t\u0159i defekty. Po ka\u017ed\u00e9m z nich jsme se sna\u017eili probojovat zp\u00e1tky dop\u0159edu, tak\u017ee jsme hodn\u011b jeli ve zv\u00ed\u0159en\u00e9m prachu,\u201c<\/em> popsal <strong>Bernhard ten Brinke<\/strong>. <em>\u201eV prachu jsme trefili jeden z mnoha katarsk\u00fdch kamen\u016f a po\u0161kodili jsme \u0159\u00edzen\u00ed. Oprava trvala dlouho, ale etapu jsme dokon\u010dili. Doufejme, \u017ee z\u00edt\u0159ek bude mnohem lep\u0161\u00ed!\u201c<\/em>[\/vc_column_text][vc_single_image image=&#8221;3555&#8243; img_size=&#8221;large&#8221; add_caption=&#8221;yes&#8221; alignment=&#8221;center&#8221;][vc_column_text]Na \u010dtvrtou p\u0159\u00ed\u010dku se po druh\u00e9m dni sout\u011b\u017ee posunul Rus Vladimir Vasiljev s BMW. Za n\u00edm sv\u00e1d\u011bj\u00ed zaj\u00edmavou bitvu Yasir Hamad Seaidan (Mini) a Eugenio Amos (Ford Buggy). Jezdec ze Saudsk\u00e9 Ar\u00e1bie byl dnes o \u0161est minut rychlej\u0161\u00ed a v pr\u016fb\u011b\u017en\u00e9m po\u0159ad\u00ed ztr\u00e1c\u00ed na p\u00e1t\u00e9ho Itala u\u017e jen necelou minutu.<\/p>\n<p><em>\u201eByla to nejobt\u00ed\u017en\u011bj\u0161\u00ed speci\u00e1lka m\u00e9ho \u017eivota,\u201c<\/em> tvrdil v c\u00edli <strong>Eugenio Amos<\/strong>. <em>\u201eByla rychl\u00e1, ale s obt\u00ed\u017enou navigac\u00ed. Ztr\u00e1c\u00edte se ka\u017ed\u00fdch sto metr\u016f. Nav\u00edc jsme m\u011bli dva defekty, co\u017e nen\u00ed u tohoto auta norm\u00e1ln\u00ed. Z\u0159ejm\u011b m\u00e1me probl\u00e9m s tlakem pneumatik.\u201c<\/em><\/p>\n<p>Miroslavu Zapletalovi a Marku S\u00fdkorovi (Ford) trval pr\u016fjezd speci\u00e1lkou o t\u0159i \u010dtvrt\u011b hodiny d\u00e9le ne\u017e v\u00edt\u011bzn\u00e9mu Al-Attiyahovi. P\u0159esto si pos\u00e1dka t\u00fdmu OffroadSport v\u00fdrazn\u011b polep\u0161ila. Sedm\u00e9 m\u00edsto v etap\u011b znamenalo skok z jeden\u00e1ct\u00e9 na sedmou pozici i v celkov\u00e9 klasifikaci.[\/vc_column_text][vc_cta h2=&#8221;&#8221; txt_align=&#8221;center&#8221; color=&#8221;grey&#8221; el_width=&#8221;xl&#8221; css=&#8221;.vc_custom_1550837071997{border-top-width: 1px !important;border-right-width: 1px !important;border-bottom-width: 1px !important;border-left-width: 1px !important;border-left-color: #f49b00 !important;border-right-color: #f49b00 !important;border-top-color: #f49b00 !important;border-bottom-color: #f49b00 !important;}&#8221;]<\/p>\n<h2 style=\"text-align: center;\"><a href=\"https:\/\/www.dakarmania.cz\/index.php\/sampionaty\/svetovy-pohar-fia-v-cross-country-rally-2019\/qatar-cross-country-rally-2019\/\"><strong>Katarsk\u00e1 rally podrobn\u011b<\/strong><\/a><\/h2>\n<p style=\"text-align: center;\"><a href=\"https:\/\/www.dakarmania.cz\/index.php\/sampionaty\/svetovy-pohar-fia-v-cross-country-rally-2019\/qatar-cross-country-rally-2019\/\">&gt;&gt; v\u00fdsledky, dokumenty, zaj\u00edmavosti, specifika, historie, v\u00edt\u011bzov\u00e9<\/a><\/p>\n<p>[\/vc_cta][vc_column_text]Veden\u00ed ve t\u0159\u00edd\u011b T3 (SxS) se ujal Brazilec Reinaldo Varela. Om\u00e1nec Abdullah Al-Zubair v\u0161ak na druh\u00e9 pozici zaost\u00e1v\u00e1 o pouh\u00fdch 22 sekund. V\u00edt\u011bz prvn\u00ed etapy Mohammed Al-Attiyah (v\u0161ichni Can-Am) klesl na t\u0159et\u00ed p\u0159\u00ed\u010dku.<\/p>\n<p>V ned\u011bli pokra\u010duje <a href=\"https:\/\/www.dakarmania.cz\/index.php\/sampionaty\/svetovy-pohar-fia-v-cross-country-rally-2019\/qatar-cross-country-rally-2019\/\">Qatar Cross-Country Rally 2019<\/a> t\u0159et\u00ed etapou. Jej\u00ed speci\u00e1lka je s 352 kilometry nejdel\u0161\u00ed z cel\u00e9 sout\u011b\u017ee.[\/vc_column_text][vc_column_text]<\/p>\n<h4>Qatar Cross-Country Rally 2019 &#8211; Pr\u016fb\u011b\u017en\u00e9 po\u0159ad\u00ed po 2. etap\u011b<\/h4>\n<table style=\"width: 97.7654%; height: 192px;\">\n<tbody>\n<tr style=\"background-color: #dbd9d9;\">\n<td style=\"width: 6.4117%; height: 24px;\">1.<\/td>\n<td style=\"width: 44.3195%; height: 24px;\">N. Al-Attiyah \/ Baumel<\/td>\n<td style=\"width: 33.6333%; height: 24px;\">Toyota Hilux<\/td>\n<td style=\"width: 14.3982%; height: 24px;\">3:45:09<\/td>\n<\/tr>\n<tr style=\"height: 24px;\">\n<td style=\"width: 6.4117%; height: 24px;\">2.<\/td>\n<td style=\"width: 44.3195%; height: 24px;\">Przygo\u0144ski \/ Gottschalk<\/td>\n<td style=\"width: 33.6333%; height: 24px;\">Mini JCW Rally<\/td>\n<td style=\"width: 14.3982%; height: 24px;\">+8:03<\/td>\n<\/tr>\n<tr style=\"background-color: #dbd9d9;\">\n<td style=\"width: 6.4117%; height: 24px;\">3.<\/td>\n<td style=\"width: 44.3195%; height: 24px;\">Al-Rajhi \/ Von Zitzewitz<\/td>\n<td style=\"width: 33.6333%; height: 24px;\">Toyota Hilux<\/td>\n<td style=\"width: 14.3982%; height: 24px;\">+8:41<\/td>\n<\/tr>\n<tr style=\"height: 24px;\">\n<td style=\"width: 6.4117%; height: 24px;\">4.<\/td>\n<td style=\"width: 44.3195%; height: 24px;\">Vasiljev \/ \u017dilcov<\/td>\n<td style=\"width: 33.6333%; height: 24px;\">BMW X3 CC<\/td>\n<td style=\"width: 14.3982%; height: 24px;\">+15:55<\/td>\n<\/tr>\n<tr style=\"background-color: #dbd9d9;\">\n<td style=\"width: 6.4117%; height: 24px;\">5.<\/td>\n<td style=\"width: 44.3195%; height: 24px;\">Amos \/ Delaunay<\/td>\n<td style=\"width: 33.6333%; height: 24px;\">Ford 2WD Buggy<\/td>\n<td style=\"width: 14.3982%; height: 24px;\">+37:24<\/td>\n<\/tr>\n<tr style=\"height: 24px;\">\n<td style=\"width: 6.4117%; height: 24px;\">6.<\/td>\n<td style=\"width: 44.3195%; height: 24px;\">Seaidan \/\u00a0Lichtleuchter<\/td>\n<td style=\"width: 33.6333%; height: 24px;\">Mini All4 Racing<\/td>\n<td style=\"width: 14.3982%; height: 24px;\">+38:20<\/td>\n<\/tr>\n<tr style=\"background-color: #dbd9d9;\">\n<td style=\"width: 6.4117%; height: 24px;\">7.<\/td>\n<td style=\"width: 44.3195%; height: 24px;\">Zapletal \/ S\u00fdkora<\/td>\n<td style=\"width: 33.6333%; height: 24px;\">Ford F-150 Evo<\/td>\n<td style=\"width: 14.3982%; height: 24px;\">+1:06:19<\/td>\n<\/tr>\n<tr style=\"height: 24px;\">\n<td style=\"width: 6.4117%; height: 24px;\">8.<\/td>\n<td style=\"width: 44.3195%; height: 24px;\">Varela \/ Gugelmin<\/td>\n<td style=\"width: 33.6333%; height: 24px;\">Can-Am Maverick<\/td>\n<td style=\"width: 14.3982%; height: 24px;\">+1:41:00<\/td>\n<\/tr>\n<\/tbody>\n<\/table>\n<p>[\/vc_column_text][vc_row_inner][vc_column_inner][vc_btn title=&#8221;V\u00fdsledky 2. etapy&#8221; style=&#8221;outline&#8221; shape=&#8221;square&#8221; color=&#8221;warning&#8221; align=&#8221;center&#8221; i_icon_fontawesome=&#8221;fa fa-clock-o&#8221; add_icon=&#8221;true&#8221; link=&#8221;url:https%3A%2F%2Fwww.dakarmania.cz%2Fwp-content%2Fuploads%2F2019%2F02%2F2019-qatar-ccr-results-ss2-provisional-v02.pdf||target:%20_blank|&#8221;][vc_btn title=&#8221;Po\u0159ad\u00ed po 2. etap\u011b&#8221; style=&#8221;outline&#8221; shape=&#8221;square&#8221; color=&#8221;warning&#8221; align=&#8221;center&#8221; i_icon_fontawesome=&#8221;fa fa-bars&#8221; add_icon=&#8221;true&#8221; link=&#8221;url:https%3A%2F%2Fwww.dakarmania.cz%2Fwp-content%2Fuploads%2F2019%2F02%2F2019-qatar-ccr-standings-after-ss2-provisional-v02.pdf||target:%20_blank|&#8221;][\/vc_column_inner][\/vc_row_inner][\/vc_column][\/vc_row]<\/p>\n","protected":false},"excerpt":{"rendered":"<p>Nasser Al-Attiyah s Toyotou po druh\u00e9 etap\u011b Qatar Cross-Country Rally 2019 v\u00edce ne\u017e zdvojn\u00e1sobil sv\u016fj n\u00e1skok na \u010dele pr\u016fb\u011b\u017en\u00e9ho hodnocen\u00ed sout\u011b\u017ee.<\/p>\n","protected":false},"author":1,"featured_media":3527,"comment_status":"open","ping_status":"closed","sticky":false,"template":"","format":"standard","meta":{"footnotes":""},"categories":[3,97,322],"tags":[311,329,414,11,288,261,204,219,303,203,304,323,324,105,413,290,201,305,331,327],"class_list":["post-3522","post","type-post","status-publish","format-standard","has-post-thumbnail","hentry","category-auto","category-fia-ccr","category-qatar-ccr","tag-bmw","tag-dirk-von-zitzewitz","tag-eugenio-amos","tag-ford","tag-kuba-przygonski","tag-marek-sykora","tag-mathieu-baumel","tag-mini","tag-miroslav-zapletal","tag-nasser-al-attiyah","tag-offroadsport","tag-qatar-cross-country-rally","tag-qatar-cross-country-rally-2019","tag-sp-fia-ccr","tag-sp-fia-ccr-2019","tag-timo-gottschalk","tag-toyota","tag-vladimir-vasiljev","tag-yasir-hamad-seaidan","tag-yazeed-al-rajhi"],"yoast_head":"<!-- This site is optimized with the Yoast SEO plugin v24.9 - https:\/\/yoast.com\/wordpress\/plugins\/seo\/ -->\n<title>Qatar CCR 2019: Al-Attiyah suver\u00e9nn\u00ed, Przygo\u0144ski si polep\u0161il - DAKARMANIA.cz<\/title>\n<meta name=\"description\" content=\"Nasser Al-Attiyah s Toyotou po druh\u00e9 etap\u011b Qatar Cross-Country Rally 2019 v\u00edce ne\u017e zdvojn\u00e1sobil sv\u016fj n\u00e1skok na \u010dele pr\u016fb\u011b\u017en\u00e9ho hodnocen\u00ed sout\u011b\u017ee.\" \/>\n<meta name=\"robots\" content=\"index, follow, max-snippet:-1, max-image-preview:large, max-video-preview:-1\" \/>\n<link rel=\"canonical\" href=\"https:\/\/www.dakarmania.cz\/index.php\/2019\/02\/23\/qatar-ccr-al-attiyah-suverenni\/\" \/>\n<meta property=\"og:locale\" content=\"cs_CZ\" \/>\n<meta property=\"og:type\" content=\"article\" \/>\n<meta property=\"og:title\" content=\"Qatar CCR 2019: Al-Attiyah suver\u00e9nn\u00ed, Przygo\u0144ski si polep\u0161il - DAKARMANIA.cz\" \/>\n<meta property=\"og:description\" content=\"Nasser Al-Attiyah s Toyotou po druh\u00e9 etap\u011b Qatar Cross-Country Rally 2019 v\u00edce ne\u017e zdvojn\u00e1sobil sv\u016fj n\u00e1skok na \u010dele pr\u016fb\u011b\u017en\u00e9ho hodnocen\u00ed sout\u011b\u017ee.\" \/>\n<meta property=\"og:url\" content=\"https:\/\/www.dakarmania.cz\/index.php\/2019\/02\/23\/qatar-ccr-al-attiyah-suverenni\/\" \/>\n<meta property=\"og:site_name\" content=\"DAKARMANIA.cz\" \/>\n<meta property=\"article:publisher\" content=\"https:\/\/www.facebook.com\/dakarmania\/\" \/>\n<meta property=\"article:published_time\" content=\"2019-02-23T12:20:55+00:00\" \/>\n<meta property=\"article:modified_time\" content=\"2019-10-22T14:34:23+00:00\" \/>\n<meta property=\"og:image\" content=\"https:\/\/www.dakarmania.cz\/wp-content\/uploads\/2019\/02\/19-qatar-al-attiyah-02.jpg\" \/>\n\t<meta property=\"og:image:width\" content=\"2048\" \/>\n\t<meta property=\"og:image:height\" content=\"1365\" \/>\n\t<meta property=\"og:image:type\" content=\"image\/jpeg\" \/>\n<meta name=\"author\" content=\"Zden\u011bk Zelenka\" \/>\n<meta name=\"twitter:card\" content=\"summary_large_image\" \/>\n<meta name=\"twitter:label1\" content=\"Napsal(a)\" \/>\n\t<meta name=\"twitter:data1\" content=\"Zden\u011bk Zelenka\" \/>\n\t<meta name=\"twitter:label2\" content=\"Odhadovan\u00e1 doba \u010dten\u00ed\" \/>\n\t<meta name=\"twitter:data2\" content=\"5 minut\" \/>\n<script type=\"application\/ld+json\" class=\"yoast-schema-graph\">{\"@context\":\"https:\/\/schema.org\",\"@graph\":[{\"@type\":\"Article\",\"@id\":\"https:\/\/www.dakarmania.cz\/index.php\/2019\/02\/23\/qatar-ccr-al-attiyah-suverenni\/#article\",\"isPartOf\":{\"@id\":\"https:\/\/www.dakarmania.cz\/index.php\/2019\/02\/23\/qatar-ccr-al-attiyah-suverenni\/\"},\"author\":{\"name\":\"Zden\u011bk Zelenka\",\"@id\":\"https:\/\/www.dakarmania.cz\/#\/schema\/person\/04eb0e87a389631c2169c0dddae7ff1e\"},\"headline\":\"Qatar CCR 2019: Al-Attiyah suver\u00e9nn\u00ed, Przygo\u0144ski si polep\u0161il\",\"datePublished\":\"2019-02-23T12:20:55+00:00\",\"dateModified\":\"2019-10-22T14:34:23+00:00\",\"mainEntityOfPage\":{\"@id\":\"https:\/\/www.dakarmania.cz\/index.php\/2019\/02\/23\/qatar-ccr-al-attiyah-suverenni\/\"},\"wordCount\":1044,\"commentCount\":0,\"publisher\":{\"@id\":\"https:\/\/www.dakarmania.cz\/#organization\"},\"image\":{\"@id\":\"https:\/\/www.dakarmania.cz\/index.php\/2019\/02\/23\/qatar-ccr-al-attiyah-suverenni\/#primaryimage\"},\"thumbnailUrl\":\"https:\/\/www.dakarmania.cz\/wp-content\/uploads\/2019\/02\/19-qatar-al-attiyah-02.jpg\",\"keywords\":[\"BMW\",\"Dirk von Zitzewitz\",\"Eugenio Amos\",\"Ford\",\"Kuba Przygo\u0144ski\",\"Marek S\u00fdkora\",\"Mathieu Baumel\",\"Mini\",\"Miroslav Zapletal\",\"Nasser Al-Attiyah\",\"Offroadsport\",\"Qatar CCR\",\"Qatar CCR 2019\",\"SP FIA CCR\",\"SP FIA CCR 2019\",\"Timo Gottschalk\",\"Toyota\",\"Vladimir Vasiljev\",\"Yasir Hamad Seaidan\",\"Yazeed Al-Rajhi\"],\"articleSection\":[\"Auto\",\"FIA SP CCR\",\"Qatar Cross-Country Rally\"],\"inLanguage\":\"cs\",\"potentialAction\":[{\"@type\":\"CommentAction\",\"name\":\"Comment\",\"target\":[\"https:\/\/www.dakarmania.cz\/index.php\/2019\/02\/23\/qatar-ccr-al-attiyah-suverenni\/#respond\"]}]},{\"@type\":\"WebPage\",\"@id\":\"https:\/\/www.dakarmania.cz\/index.php\/2019\/02\/23\/qatar-ccr-al-attiyah-suverenni\/\",\"url\":\"https:\/\/www.dakarmania.cz\/index.php\/2019\/02\/23\/qatar-ccr-al-attiyah-suverenni\/\",\"name\":\"Qatar CCR 2019: Al-Attiyah suver\u00e9nn\u00ed, Przygo\u0144ski si polep\u0161il - DAKARMANIA.cz\",\"isPartOf\":{\"@id\":\"https:\/\/www.dakarmania.cz\/#website\"},\"primaryImageOfPage\":{\"@id\":\"https:\/\/www.dakarmania.cz\/index.php\/2019\/02\/23\/qatar-ccr-al-attiyah-suverenni\/#primaryimage\"},\"image\":{\"@id\":\"https:\/\/www.dakarmania.cz\/index.php\/2019\/02\/23\/qatar-ccr-al-attiyah-suverenni\/#primaryimage\"},\"thumbnailUrl\":\"https:\/\/www.dakarmania.cz\/wp-content\/uploads\/2019\/02\/19-qatar-al-attiyah-02.jpg\",\"datePublished\":\"2019-02-23T12:20:55+00:00\",\"dateModified\":\"2019-10-22T14:34:23+00:00\",\"description\":\"Nasser Al-Attiyah s Toyotou po druh\u00e9 etap\u011b Qatar Cross-Country Rally 2019 v\u00edce ne\u017e zdvojn\u00e1sobil sv\u016fj n\u00e1skok na \u010dele pr\u016fb\u011b\u017en\u00e9ho hodnocen\u00ed sout\u011b\u017ee.\",\"breadcrumb\":{\"@id\":\"https:\/\/www.dakarmania.cz\/index.php\/2019\/02\/23\/qatar-ccr-al-attiyah-suverenni\/#breadcrumb\"},\"inLanguage\":\"cs\",\"potentialAction\":[{\"@type\":\"ReadAction\",\"target\":[\"https:\/\/www.dakarmania.cz\/index.php\/2019\/02\/23\/qatar-ccr-al-attiyah-suverenni\/\"]}]},{\"@type\":\"ImageObject\",\"inLanguage\":\"cs\",\"@id\":\"https:\/\/www.dakarmania.cz\/index.php\/2019\/02\/23\/qatar-ccr-al-attiyah-suverenni\/#primaryimage\",\"url\":\"https:\/\/www.dakarmania.cz\/wp-content\/uploads\/2019\/02\/19-qatar-al-attiyah-02.jpg\",\"contentUrl\":\"https:\/\/www.dakarmania.cz\/wp-content\/uploads\/2019\/02\/19-qatar-al-attiyah-02.jpg\",\"width\":2048,\"height\":1365,\"caption\":\"Nasser Al-Attiyah \/ Mathieu Baumel, Toyota Hilux, Toyota Gazoo Racing SA. Qatar Cross-Country Rally 2019. \u00a9 Toyota\"},{\"@type\":\"BreadcrumbList\",\"@id\":\"https:\/\/www.dakarmania.cz\/index.php\/2019\/02\/23\/qatar-ccr-al-attiyah-suverenni\/#breadcrumb\",\"itemListElement\":[{\"@type\":\"ListItem\",\"position\":1,\"name\":\"Dom\u016f\",\"item\":\"https:\/\/www.dakarmania.cz\/\"},{\"@type\":\"ListItem\",\"position\":2,\"name\":\"Qatar CCR 2019: Al-Attiyah suver\u00e9nn\u00ed, Przygo\u0144ski si polep\u0161il\"}]},{\"@type\":\"WebSite\",\"@id\":\"https:\/\/www.dakarmania.cz\/#website\",\"url\":\"https:\/\/www.dakarmania.cz\/\",\"name\":\"DAKARMANIA.cz\",\"description\":\"\u017dijeme Dakarem cel\u00fd rok\",\"publisher\":{\"@id\":\"https:\/\/www.dakarmania.cz\/#organization\"},\"potentialAction\":[{\"@type\":\"SearchAction\",\"target\":{\"@type\":\"EntryPoint\",\"urlTemplate\":\"https:\/\/www.dakarmania.cz\/?s={search_term_string}\"},\"query-input\":{\"@type\":\"PropertyValueSpecification\",\"valueRequired\":true,\"valueName\":\"search_term_string\"}}],\"inLanguage\":\"cs\"},{\"@type\":\"Organization\",\"@id\":\"https:\/\/www.dakarmania.cz\/#organization\",\"name\":\"DAKAR MANIA\",\"url\":\"https:\/\/www.dakarmania.cz\/\",\"logo\":{\"@type\":\"ImageObject\",\"inLanguage\":\"cs\",\"@id\":\"https:\/\/www.dakarmania.cz\/#\/schema\/logo\/image\/\",\"url\":\"https:\/\/www.dakarmania.cz\/wp-content\/uploads\/2018\/12\/Dakar-Mania-Logo-Square-Orange.png\",\"contentUrl\":\"https:\/\/www.dakarmania.cz\/wp-content\/uploads\/2018\/12\/Dakar-Mania-Logo-Square-Orange.png\",\"width\":992,\"height\":992,\"caption\":\"DAKAR MANIA\"},\"image\":{\"@id\":\"https:\/\/www.dakarmania.cz\/#\/schema\/logo\/image\/\"},\"sameAs\":[\"https:\/\/www.facebook.com\/dakarmania\/\"]},{\"@type\":\"Person\",\"@id\":\"https:\/\/www.dakarmania.cz\/#\/schema\/person\/04eb0e87a389631c2169c0dddae7ff1e\",\"name\":\"Zden\u011bk Zelenka\",\"image\":{\"@type\":\"ImageObject\",\"inLanguage\":\"cs\",\"@id\":\"https:\/\/www.dakarmania.cz\/#\/schema\/person\/image\/\",\"url\":\"https:\/\/secure.gravatar.com\/avatar\/2c80d5a4942fe0900b73cc7d3837a509d6ee0a276a2b76dac95c92bd0763a89b?s=96&d=mm&r=g\",\"contentUrl\":\"https:\/\/secure.gravatar.com\/avatar\/2c80d5a4942fe0900b73cc7d3837a509d6ee0a276a2b76dac95c92bd0763a89b?s=96&d=mm&r=g\",\"caption\":\"Zden\u011bk Zelenka\"},\"description\":\"Moji d\u011bt\u0161t\u00ed hrdinov\u00e9 se jmenovali Loprais, Moskal, Neveu, Vatanen, Rahier... A tihle borci, jejich n\u00e1sledovn\u00edci a jejich p\u0159\u00edb\u011bhy m\u011b nep\u0159estali fascinovat ani po letech, kdy jsem vyrostl a zam\u011bstn\u00e1valy m\u011b jin\u00e9 discipl\u00edny motorsportu. Proto se zrodila DAKARMANIA.\",\"url\":\"https:\/\/www.dakarmania.cz\/index.php\/author\/dakarmania\/\"}]}<\/script>\n<!-- \/ Yoast SEO plugin. -->","yoast_head_json":{"title":"Qatar CCR 2019: Al-Attiyah suver\u00e9nn\u00ed, Przygo\u0144ski si polep\u0161il - DAKARMANIA.cz","description":"Nasser Al-Attiyah s Toyotou po druh\u00e9 etap\u011b Qatar Cross-Country Rally 2019 v\u00edce ne\u017e zdvojn\u00e1sobil sv\u016fj n\u00e1skok na \u010dele pr\u016fb\u011b\u017en\u00e9ho hodnocen\u00ed sout\u011b\u017ee.","robots":{"index":"index","follow":"follow","max-snippet":"max-snippet:-1","max-image-preview":"max-image-preview:large","max-video-preview":"max-video-preview:-1"},"canonical":"https:\/\/www.dakarmania.cz\/index.php\/2019\/02\/23\/qatar-ccr-al-attiyah-suverenni\/","og_locale":"cs_CZ","og_type":"article","og_title":"Qatar CCR 2019: Al-Attiyah suver\u00e9nn\u00ed, Przygo\u0144ski si polep\u0161il - DAKARMANIA.cz","og_description":"Nasser Al-Attiyah s Toyotou po druh\u00e9 etap\u011b Qatar Cross-Country Rally 2019 v\u00edce ne\u017e zdvojn\u00e1sobil sv\u016fj n\u00e1skok na \u010dele pr\u016fb\u011b\u017en\u00e9ho hodnocen\u00ed sout\u011b\u017ee.","og_url":"https:\/\/www.dakarmania.cz\/index.php\/2019\/02\/23\/qatar-ccr-al-attiyah-suverenni\/","og_site_name":"DAKARMANIA.cz","article_publisher":"https:\/\/www.facebook.com\/dakarmania\/","article_published_time":"2019-02-23T12:20:55+00:00","article_modified_time":"2019-10-22T14:34:23+00:00","og_image":[{"width":2048,"height":1365,"url":"https:\/\/www.dakarmania.cz\/wp-content\/uploads\/2019\/02\/19-qatar-al-attiyah-02.jpg","type":"image\/jpeg"}],"author":"Zden\u011bk Zelenka","twitter_card":"summary_large_image","twitter_misc":{"Napsal(a)":"Zden\u011bk Zelenka","Odhadovan\u00e1 doba \u010dten\u00ed":"5 minut"},"schema":{"@context":"https:\/\/schema.org","@graph":[{"@type":"Article","@id":"https:\/\/www.dakarmania.cz\/index.php\/2019\/02\/23\/qatar-ccr-al-attiyah-suverenni\/#article","isPartOf":{"@id":"https:\/\/www.dakarmania.cz\/index.php\/2019\/02\/23\/qatar-ccr-al-attiyah-suverenni\/"},"author":{"name":"Zden\u011bk Zelenka","@id":"https:\/\/www.dakarmania.cz\/#\/schema\/person\/04eb0e87a389631c2169c0dddae7ff1e"},"headline":"Qatar CCR 2019: Al-Attiyah suver\u00e9nn\u00ed, Przygo\u0144ski si polep\u0161il","datePublished":"2019-02-23T12:20:55+00:00","dateModified":"2019-10-22T14:34:23+00:00","mainEntityOfPage":{"@id":"https:\/\/www.dakarmania.cz\/index.php\/2019\/02\/23\/qatar-ccr-al-attiyah-suverenni\/"},"wordCount":1044,"commentCount":0,"publisher":{"@id":"https:\/\/www.dakarmania.cz\/#organization"},"image":{"@id":"https:\/\/www.dakarmania.cz\/index.php\/2019\/02\/23\/qatar-ccr-al-attiyah-suverenni\/#primaryimage"},"thumbnailUrl":"https:\/\/www.dakarmania.cz\/wp-content\/uploads\/2019\/02\/19-qatar-al-attiyah-02.jpg","keywords":["BMW","Dirk von Zitzewitz","Eugenio Amos","Ford","Kuba Przygo\u0144ski","Marek S\u00fdkora","Mathieu Baumel","Mini","Miroslav Zapletal","Nasser Al-Attiyah","Offroadsport","Qatar CCR","Qatar CCR 2019","SP FIA CCR","SP FIA CCR 2019","Timo Gottschalk","Toyota","Vladimir Vasiljev","Yasir Hamad Seaidan","Yazeed Al-Rajhi"],"articleSection":["Auto","FIA SP CCR","Qatar Cross-Country Rally"],"inLanguage":"cs","potentialAction":[{"@type":"CommentAction","name":"Comment","target":["https:\/\/www.dakarmania.cz\/index.php\/2019\/02\/23\/qatar-ccr-al-attiyah-suverenni\/#respond"]}]},{"@type":"WebPage","@id":"https:\/\/www.dakarmania.cz\/index.php\/2019\/02\/23\/qatar-ccr-al-attiyah-suverenni\/","url":"https:\/\/www.dakarmania.cz\/index.php\/2019\/02\/23\/qatar-ccr-al-attiyah-suverenni\/","name":"Qatar CCR 2019: Al-Attiyah suver\u00e9nn\u00ed, Przygo\u0144ski si polep\u0161il - DAKARMANIA.cz","isPartOf":{"@id":"https:\/\/www.dakarmania.cz\/#website"},"primaryImageOfPage":{"@id":"https:\/\/www.dakarmania.cz\/index.php\/2019\/02\/23\/qatar-ccr-al-attiyah-suverenni\/#primaryimage"},"image":{"@id":"https:\/\/www.dakarmania.cz\/index.php\/2019\/02\/23\/qatar-ccr-al-attiyah-suverenni\/#primaryimage"},"thumbnailUrl":"https:\/\/www.dakarmania.cz\/wp-content\/uploads\/2019\/02\/19-qatar-al-attiyah-02.jpg","datePublished":"2019-02-23T12:20:55+00:00","dateModified":"2019-10-22T14:34:23+00:00","description":"Nasser Al-Attiyah s Toyotou po druh\u00e9 etap\u011b Qatar Cross-Country Rally 2019 v\u00edce ne\u017e zdvojn\u00e1sobil sv\u016fj n\u00e1skok na \u010dele pr\u016fb\u011b\u017en\u00e9ho hodnocen\u00ed sout\u011b\u017ee.","breadcrumb":{"@id":"https:\/\/www.dakarmania.cz\/index.php\/2019\/02\/23\/qatar-ccr-al-attiyah-suverenni\/#breadcrumb"},"inLanguage":"cs","potentialAction":[{"@type":"ReadAction","target":["https:\/\/www.dakarmania.cz\/index.php\/2019\/02\/23\/qatar-ccr-al-attiyah-suverenni\/"]}]},{"@type":"ImageObject","inLanguage":"cs","@id":"https:\/\/www.dakarmania.cz\/index.php\/2019\/02\/23\/qatar-ccr-al-attiyah-suverenni\/#primaryimage","url":"https:\/\/www.dakarmania.cz\/wp-content\/uploads\/2019\/02\/19-qatar-al-attiyah-02.jpg","contentUrl":"https:\/\/www.dakarmania.cz\/wp-content\/uploads\/2019\/02\/19-qatar-al-attiyah-02.jpg","width":2048,"height":1365,"caption":"Nasser Al-Attiyah \/ Mathieu Baumel, Toyota Hilux, Toyota Gazoo Racing SA. Qatar Cross-Country Rally 2019. \u00a9 Toyota"},{"@type":"BreadcrumbList","@id":"https:\/\/www.dakarmania.cz\/index.php\/2019\/02\/23\/qatar-ccr-al-attiyah-suverenni\/#breadcrumb","itemListElement":[{"@type":"ListItem","position":1,"name":"Dom\u016f","item":"https:\/\/www.dakarmania.cz\/"},{"@type":"ListItem","position":2,"name":"Qatar CCR 2019: Al-Attiyah suver\u00e9nn\u00ed, Przygo\u0144ski si polep\u0161il"}]},{"@type":"WebSite","@id":"https:\/\/www.dakarmania.cz\/#website","url":"https:\/\/www.dakarmania.cz\/","name":"DAKARMANIA.cz","description":"\u017dijeme Dakarem cel\u00fd rok","publisher":{"@id":"https:\/\/www.dakarmania.cz\/#organization"},"potentialAction":[{"@type":"SearchAction","target":{"@type":"EntryPoint","urlTemplate":"https:\/\/www.dakarmania.cz\/?s={search_term_string}"},"query-input":{"@type":"PropertyValueSpecification","valueRequired":true,"valueName":"search_term_string"}}],"inLanguage":"cs"},{"@type":"Organization","@id":"https:\/\/www.dakarmania.cz\/#organization","name":"DAKAR MANIA","url":"https:\/\/www.dakarmania.cz\/","logo":{"@type":"ImageObject","inLanguage":"cs","@id":"https:\/\/www.dakarmania.cz\/#\/schema\/logo\/image\/","url":"https:\/\/www.dakarmania.cz\/wp-content\/uploads\/2018\/12\/Dakar-Mania-Logo-Square-Orange.png","contentUrl":"https:\/\/www.dakarmania.cz\/wp-content\/uploads\/2018\/12\/Dakar-Mania-Logo-Square-Orange.png","width":992,"height":992,"caption":"DAKAR MANIA"},"image":{"@id":"https:\/\/www.dakarmania.cz\/#\/schema\/logo\/image\/"},"sameAs":["https:\/\/www.facebook.com\/dakarmania\/"]},{"@type":"Person","@id":"https:\/\/www.dakarmania.cz\/#\/schema\/person\/04eb0e87a389631c2169c0dddae7ff1e","name":"Zden\u011bk Zelenka","image":{"@type":"ImageObject","inLanguage":"cs","@id":"https:\/\/www.dakarmania.cz\/#\/schema\/person\/image\/","url":"https:\/\/secure.gravatar.com\/avatar\/2c80d5a4942fe0900b73cc7d3837a509d6ee0a276a2b76dac95c92bd0763a89b?s=96&d=mm&r=g","contentUrl":"https:\/\/secure.gravatar.com\/avatar\/2c80d5a4942fe0900b73cc7d3837a509d6ee0a276a2b76dac95c92bd0763a89b?s=96&d=mm&r=g","caption":"Zden\u011bk Zelenka"},"description":"Moji d\u011bt\u0161t\u00ed hrdinov\u00e9 se jmenovali Loprais, Moskal, Neveu, Vatanen, Rahier... A tihle borci, jejich n\u00e1sledovn\u00edci a jejich p\u0159\u00edb\u011bhy m\u011b nep\u0159estali fascinovat ani po letech, kdy jsem vyrostl a zam\u011bstn\u00e1valy m\u011b jin\u00e9 discipl\u00edny motorsportu. Proto se zrodila DAKARMANIA.","url":"https:\/\/www.dakarmania.cz\/index.php\/author\/dakarmania\/"}]}},"amp_enabled":true,"_links":{"self":[{"href":"https:\/\/www.dakarmania.cz\/index.php\/wp-json\/wp\/v2\/posts\/3522","targetHints":{"allow":["GET"]}}],"collection":[{"href":"https:\/\/www.dakarmania.cz\/index.php\/wp-json\/wp\/v2\/posts"}],"about":[{"href":"https:\/\/www.dakarmania.cz\/index.php\/wp-json\/wp\/v2\/types\/post"}],"author":[{"embeddable":true,"href":"https:\/\/www.dakarmania.cz\/index.php\/wp-json\/wp\/v2\/users\/1"}],"replies":[{"embeddable":true,"href":"https:\/\/www.dakarmania.cz\/index.php\/wp-json\/wp\/v2\/comments?post=3522"}],"version-history":[{"count":17,"href":"https:\/\/www.dakarmania.cz\/index.php\/wp-json\/wp\/v2\/posts\/3522\/revisions"}],"predecessor-version":[{"id":12753,"href":"https:\/\/www.dakarmania.cz\/index.php\/wp-json\/wp\/v2\/posts\/3522\/revisions\/12753"}],"wp:featuredmedia":[{"embeddable":true,"href":"https:\/\/www.dakarmania.cz\/index.php\/wp-json\/wp\/v2\/media\/3527"}],"wp:attachment":[{"href":"https:\/\/www.dakarmania.cz\/index.php\/wp-json\/wp\/v2\/media?parent=3522"}],"wp:term":[{"taxonomy":"category","embeddable":true,"href":"https:\/\/www.dakarmania.cz\/index.php\/wp-json\/wp\/v2\/categories?post=3522"},{"taxonomy":"post_tag","embeddable":true,"href":"https:\/\/www.dakarmania.cz\/index.php\/wp-json\/wp\/v2\/tags?post=3522"}],"curies":[{"name":"wp","href":"https:\/\/api.w.org\/{rel}","templated":true}]}}