{"id":3697,"date":"2019-02-26T11:49:59","date_gmt":"2019-02-26T10:49:59","guid":{"rendered":"https:\/\/www.dakarmania.cz\/?p=3697"},"modified":"2019-10-22T16:36:13","modified_gmt":"2019-10-22T14:36:13","slug":"qatar-ccr-2019-nasser-al-attiyah-se-vraci-na-domaci-trun","status":"publish","type":"post","link":"https:\/\/www.dakarmania.cz\/index.php\/2019\/02\/26\/qatar-ccr-2019-nasser-al-attiyah-se-vraci-na-domaci-trun\/","title":{"rendered":"Qatar CCR 2019: Nasser Al-Attiyah se vrac\u00ed na dom\u00e1c\u00ed tr\u016fn"},"content":{"rendered":"<p>[vc_row][vc_column][vc_column_text]<\/p>\n<h4>Nasser Al-Attiyah vyhr\u00e1l Qatar Cross-Country Rally u\u017e posedm\u00e9. Pop\u00e1t\u00e9 dos\u00e1hl \u00fasp\u011bchu na sv\u00e9 dom\u00e1c\u00ed sout\u011b\u017ei spole\u010dn\u011b s francouzsk\u00fdm navig\u00e1torem Mathieuem Baumelem. Kuba Przygo\u0144ski s Mini se v posledn\u00ed etap\u011b nadechl k velk\u00e9mu \u00fatoku, aby se pokusil Toyot\u011b p\u0159ekazit double. Nakonec ale z Kataru odjel s pr\u00e1zdnou.<\/h4>\n<p>S Hiluxem, kter\u00fd pro tov\u00e1rn\u00ed t\u00fdm Toyota Gazoo Racing SA p\u0159ipravuje belgick\u00e1 spole\u010dnost Overdrive, vyhr\u00e1l Nasser Al-Attiyah \u010dty\u0159i \u00favodn\u00ed rychlostn\u00ed zkou\u0161ky. D\u00edky tomu si vybudoval komfortn\u00ed n\u00e1skok \u010dtrn\u00e1cti a p\u016fl minuty. Ve druh\u00e9 speci\u00e1lce <a href=\"https:\/\/www.dakarmania.cz\/index.php\/2019\/02\/25\/qatar-ccr-2019-zapletal-odstoupil-toyoty-opet-nejrychlejsi\/\">p\u0159edposledn\u00ed etapy<\/a> i na dne\u0161n\u00edm m\u011b\u0159en\u00e9m \u00faseku tak mohl p\u0159ej\u00edt do taktick\u00e9ho m\u00f3du a \u0161et\u0159it techniku. Na pam\u011bti m\u011bl situaci z minul\u00e9ho ro\u010dn\u00edku, kdy jej v posledn\u00ed etap\u011b vy\u0159adila z prvn\u00edho m\u00edsta porucha motoru.<\/p>\n<p>Nic podobn\u00e9ho letos Toyota nep\u0159ipustila. Al-Attiyah zaznamenal na \u00fatern\u00ed rychlostn\u00ed zkou\u0161ce t\u0159et\u00ed \u010das a v celkov\u00e9m hodnocen\u00ed zv\u00edt\u011bzil s v\u00edce ne\u017e jeden\u00e1ctiminutov\u00fdm n\u00e1skokem. Po lednov\u00e9m triumfu na Dakaru tak m\u00e1 letos zat\u00edm stoprocentn\u00ed bilanci dvou v\u00fdher ze dvou start\u016f.[\/vc_column_text][vc_single_image image=&#8221;3679&#8243; img_size=&#8221;large&#8221; add_caption=&#8221;yes&#8221; alignment=&#8221;center&#8221;][vc_column_text]<em>\u201eJsem r\u00e1d, \u017ee se mi poda\u0159ilo vyhr\u00e1t dom\u00e1c\u00ed rally posedm\u00e9. Je to p\u011bkn\u00fd vstup do \u0161ampion\u00e1tu,\u201c<\/em> pochvaloval si v c\u00edli <strong>Nasser Al-Attiyah<\/strong>. <em>\u201eDnes jsem jel v klidu, neriskoval jsem. B\u011bhem \u010dty\u0159 p\u0159edchoz\u00edch dn\u016f jsme si vybudovali slu\u0161n\u00fd n\u00e1skok a te\u010f u\u017e jsme pot\u0159ebovali jen dojet bez probl\u00e9m\u016f do c\u00edle.\u201c<\/em><\/p>\n<p><em>\u201eV Kataru to nikdy nen\u00ed jednoduch\u00e9, ale na\u0161\u00ed z\u00e1sadn\u00ed v\u00fdhodou jsou Nasserovy zku\u0161enosti a znalost m\u00edstn\u00edho prost\u0159ed\u00ed. Velmi rychle se dok\u00e1\u017ee rozhodnout, kudy m\u00e1 jet,\u201c<\/em> p\u0159ipomn\u011bl <strong>Mathieu Baumel<\/strong>.[\/vc_column_text][vc_single_image image=&#8221;3686&#8243; img_size=&#8221;large&#8221; add_caption=&#8221;yes&#8221; alignment=&#8221;center&#8221;][vc_column_text]<\/p>\n<h4>Boj do posledn\u00edch kilometr\u016f a pak diskvalifikace<\/h4>\n<p>Kuba Przygo\u0144ski s Tomem Colsoulem p\u0159ed rokem v Kataru zv\u00edt\u011bzili. Tentokr\u00e1t se jezdec Orlen Teamu sout\u011b\u017ee z\u00fa\u010dastnil s nov\u00fdm navig\u00e1torem Timem Gottschalkem. Pos\u00e1dka Mini figurovala p\u0159ed z\u00e1v\u011bre\u010dn\u00fdm dnem na t\u0159et\u00ed pozici. Na trati \u00fatern\u00ed speci\u00e1lky dlouh\u00e9 264 kilometr\u016f se pokusila smazat v\u00edce ne\u017e t\u0159\u00edminutovou ztr\u00e1tu na druh\u00e9ho Yazeeda Al-Rajhiho s dal\u0161\u00ed Toyotou z d\u00edlen Overdrivu. Przygo\u0144ski posledn\u00ed etapu vyhr\u00e1l, ale ani to k posunu vp\u0159ed nesta\u010dilo.<\/p>\n<p>Al-Rajhi, kter\u00fd po t\u0159ech letech <a href=\"https:\/\/www.dakarmania.cz\/index.php\/2019\/02\/19\/yazeed-al-rajhi-opustil-x-raid-a-vymenil-spolujezdce\/\">opustil zna\u010dku Mini a t\u00fdm X-raid<\/a>, byl v \u00fater\u00fd druh\u00fd nejrychlej\u0161\u00ed (+2:28 min). Se sv\u00fdm nov\u00fdm navig\u00e1torem Dirkem von Zitzewitzem st\u0159\u00edbro v kone\u010dn\u00e9m hodnocen\u00ed uh\u00e1jili. Przygo\u0144sk\u00e9mu chyb\u011blo k p\u0159ekon\u00e1n\u00ed saudsk\u00e9ho jezdce je\u0161t\u011b dal\u0161\u00edch 46 sekund.<\/p>\n<p><em>\u201ePo celou rally to byl p\u011bkn\u00fd souboj,\u201c<\/em> rekapituloval navig\u00e1tor <strong>Timo Gottschalk<\/strong>. <em>\u201eDnes jsme dok\u00e1zali dojet Yazeeda, on se pak trochu ztratil, tak jsme ho p\u0159edjeli. N\u00e1sledn\u011b n\u00e1m to vr\u00e1til, jen\u017ee m\u011bl defekt. Opravdu p\u011bkn\u00e1 bitva. Nikdo z n\u00e1s to nevzd\u00e1val. Celkov\u011b to nebylo snadn\u00e9, ale spolupr\u00e1ci s Kubou jsem si u\u017e\u00edval. U\u017e te\u010f se t\u011b\u0161\u00edme na dal\u0161\u00ed rally.\u201c<\/em><\/p>\n<p>Przygo\u0144ski s Gottschalkem nakonec nez\u00edskali ani body za t\u0159et\u00ed m\u00edsto. Jejich <a href=\"https:\/\/www.dakarmania.cz\/index.php\/2019\/02\/26\/qatar-ccr-2019-kuba-przygonski-diskvalifikovan\/\">Mini nepro\u0161lo z\u00e1v\u011bre\u010dnou technickou kontrolou<\/a> a polsko-n\u011bmeck\u00e1 pos\u00e1dka byla diskvalifikov\u00e1na.[\/vc_column_text][vc_single_image image=&#8221;3738&#8243; img_size=&#8221;large&#8221; add_caption=&#8221;yes&#8221; alignment=&#8221;center&#8221;][vc_column_text]<\/p>\n<h4>Stabilita pomohla k cenn\u00fdm bod\u016fm<\/h4>\n<p>Vladimir Vasiljev a Konstantin \u017dilcov (BMW) jeli celou sout\u011b\u017e velice vyrovnan\u011b, v jednotliv\u00fdch rychlostn\u00edch zkou\u0161k\u00e1ch sb\u00edrali um\u00edst\u011bn\u00ed mezi \u010dtvrt\u00fdm a sedm\u00fdm m\u00edstem a d\u00edky tomu byli po Przygo\u0144sk\u00e9ho penalizaci klasifikov\u00e1ni jako t\u0159et\u00ed.<\/p>\n<p>Poda\u0159enou premi\u00e9ru za volantem Mini All4 Racing t\u00fdmu X-raid pro\u017eil Yasir Hamad Seaidan ze Saudsk\u00e9 Ar\u00e1bie. S francouzsk\u00fdm spolujezdcem Laurentem Lichtleuchterem skon\u010dili \u010dtvrt\u00ed.[\/vc_column_text][vc_single_image image=&#8221;3688&#8243; img_size=&#8221;large&#8221; add_caption=&#8221;yes&#8221; alignment=&#8221;center&#8221;][vc_column_text]<\/p>\n<h4>Smola\u0159i<\/h4>\n<p>V\u00fdm\u011bnu navig\u00e1tor\u016f u Przygo\u0144sk\u00e9ho a Al-Rajhiho inicioval <a href=\"https:\/\/www.dakarmania.cz\/index.php\/2019\/02\/05\/rosada-przygonski-meni-navigatora-colsoul-k-toyote\/\">n\u00e1vrat Toma Colsoula<\/a> k Bernhardu ten Brinkeovi. Nizozemsko-belgick\u00e1 dvojice se v Kataru s\u017e\u00edvala a po <a href=\"https:\/\/www.dakarmania.cz\/index.php\/2019\/02\/23\/qatar-ccr-al-attiyah-suverenni\/\">probl\u00e9mech ve druh\u00e9 etap\u011b<\/a> klesla a\u017e na jeden\u00e1ctou pozici. V z\u00e1v\u011bru rally ale dok\u00e1zal Ten Brinke zrychlit a s druhou tov\u00e1rn\u00ed Toyotou nakonec obsadil p\u00e1tou p\u0159\u00ed\u010dku.<\/p>\n<p><em>\u201eS ohledem na druhou a t\u0159et\u00ed etapu si na v\u00fdsledek nem\u016f\u017eeme st\u011b\u017eovat, i kdy\u017e nen\u00ed takov\u00fd, v jak\u00fd jsme doufali. Ale na dvou rychlostn\u00edch zkou\u0161k\u00e1ch jsme byli druz\u00ed a to je pro tuto chv\u00edli dobr\u00e9,\u201c<\/em> zhodnotil <strong>Bernhard ten Brinke<\/strong>.<\/p>\n<p>O um\u00edst\u011bn\u00ed v prvn\u00ed \u0161estce bojovali a\u017e do p\u0159edposledn\u00edho dne sout\u011b\u017ee tak\u00e9 Miroslav Zapletal s Markem S\u00fdkorou. Z pond\u011bln\u00ed etapy v\u0161ak musela pos\u00e1dka t\u00fdmu OffroadSport odstoupit s po\u0161kozenou poloosou. S velkou penalizac\u00ed se dnes \u010dern\u00fd Ford na tra\u0165 vr\u00e1til a Zapletal se s katarskou rally rozlou\u010dil osm\u00fdm \u010dasem (+29:29 min), by\u0165 i dnes musel jednou zastavovat kv\u016fli defektu.[\/vc_column_text][vc_cta h2=&#8221;&#8221; txt_align=&#8221;center&#8221; color=&#8221;grey&#8221; el_width=&#8221;xl&#8221; css=&#8221;.vc_custom_1551176298853{border-top-width: 1px !important;border-right-width: 1px !important;border-bottom-width: 1px !important;border-left-width: 1px !important;border-left-color: #f49b00 !important;border-right-color: #f49b00 !important;border-top-color: #f49b00 !important;border-bottom-color: #f49b00 !important;}&#8221;]<\/p>\n<h2 style=\"text-align: center;\"><a href=\"https:\/\/www.dakarmania.cz\/index.php\/sampionaty\/svetovy-pohar-fia-v-cross-country-rally-2019\/qatar-cross-country-rally-2019\/\"><strong>Katarsk\u00e1 rally podrobn\u011b<\/strong><\/a><\/h2>\n<p style=\"text-align: center;\"><a href=\"https:\/\/www.dakarmania.cz\/index.php\/sampionaty\/svetovy-pohar-fia-v-cross-country-rally-2019\/qatar-cross-country-rally-2019\/\">&gt;&gt; foto, video, v\u00fdsledky, zaj\u00edmavosti, historie<\/a><\/p>\n<p>[\/vc_cta][vc_column_text]<\/p>\n<h4>Varela suver\u00e9nn\u00ed<\/h4>\n<p>Ve t\u0159\u00edd\u011b T3 (SxS) dominovali Brazilci Reinaldo Varela a Gustavo Gugelmin s Maverickem tov\u00e1rn\u00edho t\u00fdmu Monster Energy Can-Am. Druh\u00e9ho Rusa Fjodora Vorobjova porazili o v\u00edce ne\u017e dv\u011b a p\u016fl hodiny. V celkov\u00e9m hodnocen\u00ed skon\u010dili \u0161est\u00ed.<\/p>\n<p>Ibrahim Al-Muhanna, kter\u00fd se sout\u011b\u017ee jako jedin\u00fd \u00fa\u010dastnil s kamionem, musel podobn\u011b jako Zapletal odstoupit z p\u0159edposledn\u00ed etapy. Z\u00e1v\u011bre\u010dn\u00fd den ale se sv\u00fdm Mercedesem Unimog zvl\u00e1dl a celkov\u011b byl klasifikov\u00e1n jako \u0161estn\u00e1ct\u00fd.<\/p>\n<p>Druh\u00fdm podnikem <a href=\"https:\/\/www.dakarmania.cz\/index.php\/sampionaty\/svetovy-pohar-fia-v-cross-country-rally-2019\/\">Sv\u011btov\u00e9ho poh\u00e1ru FIA v cross-country rally 2019<\/a> bude p\u011btidenn\u00ed Abu Dhabi Desert Challenge. Sout\u011b\u017e odstartuje 31. b\u0159ezna.[\/vc_column_text][vc_column_text]<\/p>\n<h4>Kone\u010dn\u00e9 v\u00fdsledky Qatar Cross-Country Rally 2019<\/h4>\n<table style=\"width: 97.7654%; height: 264px;\">\n<tbody>\n<tr style=\"background-color: #dbd9d9;\">\n<td style=\"width: 6.4117%; height: 24px;\">1.<\/td>\n<td style=\"width: 44.3195%; height: 24px;\">N. Al-Attiyah \/ Baumel<\/td>\n<td style=\"width: 33.6333%; height: 24px;\">Toyota Hilux<\/td>\n<td style=\"width: 14.3982%; height: 24px;\">13:18:44<\/td>\n<\/tr>\n<tr style=\"height: 24px;\">\n<td style=\"width: 6.4117%; height: 24px;\">2.<\/td>\n<td style=\"width: 44.3195%; height: 24px;\">Al-Rajhi \/ Von Zitzewitz<\/td>\n<td style=\"width: 33.6333%; height: 24px;\">Toyota Hilux<\/td>\n<td style=\"width: 14.3982%; height: 24px;\">+11:10<\/td>\n<\/tr>\n<tr style=\"background-color: #dbd9d9;\">\n<td style=\"width: 6.4117%; height: 24px;\">3.<\/td>\n<td style=\"width: 44.3195%; height: 24px;\">Vasiljev \/ \u017dilcov<\/td>\n<td style=\"width: 33.6333%; height: 24px;\">BMW X3 CC<\/td>\n<td style=\"width: 14.3982%; height: 24px;\">+55:48<\/td>\n<\/tr>\n<tr>\n<td style=\"width: 6.4117%; height: 24px;\">4.<\/td>\n<td style=\"width: 44.3195%; height: 24px;\">Seaidan \/\u00a0Lichtleuchter<\/td>\n<td style=\"width: 33.6333%; height: 24px;\">Mini All4 Racing<\/td>\n<td style=\"width: 14.3982%; height: 24px;\">+1:33:58<\/td>\n<\/tr>\n<tr style=\"background-color: #dbd9d9;\">\n<td style=\"width: 6.4117%; height: 24px;\">5.<\/td>\n<td style=\"width: 44.3195%; height: 24px;\">Ten Brinke \/ Colsoul<\/td>\n<td style=\"width: 33.6333%; height: 24px;\">Toyota Hilux<\/td>\n<td style=\"width: 14.3982%; height: 24px;\">+2:57:34<\/td>\n<\/tr>\n<tr>\n<td style=\"width: 6.4117%; height: 24px;\">6.<\/td>\n<td style=\"width: 44.3195%; height: 24px;\">Varela \/ Gugelmin<\/td>\n<td style=\"width: 33.6333%; height: 24px;\">Can-Am Maverick X3<\/td>\n<td style=\"width: 14.3982%; height: 24px;\">+5:55:24<\/td>\n<\/tr>\n<tr style=\"background-color: #dbd9d9;\">\n<td style=\"width: 6.4117%; height: 24px;\">7.<\/td>\n<td style=\"width: 44.3195%; height: 24px;\">Vorobjov \/ \u0160ubin<\/td>\n<td style=\"width: 33.6333%; height: 24px;\">Can-Am Maverick X3<\/td>\n<td style=\"width: 14.3982%; height: 24px;\">+8:28:36<\/td>\n<\/tr>\n<tr>\n<td style=\"width: 6.4117%; height: 24px;\">8.<\/td>\n<td style=\"width: 44.3195%; height: 24px;\">Liparoti \/ Delfino<\/td>\n<td style=\"width: 33.6333%; height: 24px;\">Yamaha YZX1000R<\/td>\n<td style=\"width: 14.3982%; height: 24px;\">+9:46:42<\/td>\n<\/tr>\n<tr style=\"background-color: #dbd9d9;\">\n<td style=\"width: 6.4117%; height: 24px;\">9.<\/td>\n<td style=\"width: 44.3195%; height: 24px;\">Amos \/ Delaunay<\/td>\n<td style=\"width: 33.6333%; height: 24px;\">Ford 2WD Buggy<\/td>\n<td style=\"width: 14.3982%; height: 24px;\">+97:50:54<\/td>\n<\/tr>\n<tr>\n<td style=\"width: 6.4117%; height: 24px;\">10.<\/td>\n<td style=\"width: 44.3195%; height: 24px;\">Zapletal \/ S\u00fdkora<\/td>\n<td style=\"width: 33.6333%; height: 24px;\">Ford F-150 Evo<\/td>\n<td style=\"width: 14.3982%; height: 24px;\">+98:36:12<\/td>\n<\/tr>\n<\/tbody>\n<\/table>\n<p>[\/vc_column_text][vc_btn title=&#8221;V\u00fdsledky RZ 6&#8243; style=&#8221;outline&#8221; shape=&#8221;square&#8221; color=&#8221;warning&#8221; size=&#8221;sm&#8221; align=&#8221;center&#8221; i_icon_fontawesome=&#8221;fa fa-clock-o&#8221; add_icon=&#8221;true&#8221; link=&#8221;url:https%3A%2F%2Fwww.dakarmania.cz%2Fwp-content%2Fuploads%2F2019%2F02%2F2019-qatar-ccr-results-ss6-provisional.pdf||target:%20_blank|&#8221;][vc_btn title=&#8221;Kone\u010dn\u00e9 v\u00fdsledky&#8221; style=&#8221;outline&#8221; shape=&#8221;square&#8221; color=&#8221;warning&#8221; size=&#8221;sm&#8221; align=&#8221;center&#8221; i_icon_fontawesome=&#8221;fa fa-list-ol&#8221; add_icon=&#8221;true&#8221; link=&#8221;url:https%3A%2F%2Fwww.dakarmania.cz%2Fwp-content%2Fuploads%2F2019%2F02%2F2019-qatar-ccr-final-classification.pdf||target:%20_blank|&#8221;][vc_raw_html]JTVCZm9vZ2FsbGVyeSUyMGlkJTNEJTIyMzU1MiUyMiU1RA==[\/vc_raw_html][\/vc_column][\/vc_row]<\/p>\n","protected":false},"excerpt":{"rendered":"<p>Nasser Al-Attiyah vyhr\u00e1l Qatar Cross-Country Rally u\u017e po\u0161est\u00e9. Pop\u00e1t\u00e9 dos\u00e1hl \u00fasp\u011bchu na sv\u00e9 dom\u00e1c\u00ed sout\u011b\u017ei s francouzsk\u00fdm navig\u00e1torem Mathieuem Baumelem.<\/p>\n","protected":false},"author":1,"featured_media":3729,"comment_status":"open","ping_status":"closed","sticky":false,"template":"","format":"standard","meta":{"footnotes":""},"categories":[3,97,322],"tags":[425,289,311,329,11,306,288,448,261,204,219,303,203,304,326,323,324,105,413,290,287,201,202,305,220,331,327],"class_list":["post-3697","post","type-post","status-publish","format-standard","has-post-thumbnail","hentry","category-auto","category-fia-ccr","category-qatar-ccr","tag-425","tag-bernhard-ten-brinke","tag-bmw","tag-dirk-von-zitzewitz","tag-ford","tag-konstantin-zilcov","tag-kuba-przygonski","tag-laurent-lichtleuchter","tag-marek-sykora","tag-mathieu-baumel","tag-mini","tag-miroslav-zapletal","tag-nasser-al-attiyah","tag-offroadsport","tag-overdrive-racing","tag-qatar-cross-country-rally","tag-qatar-cross-country-rally-2019","tag-sp-fia-ccr","tag-sp-fia-ccr-2019","tag-timo-gottschalk","tag-tom-colsoul","tag-toyota","tag-toyota-gazoo-racing","tag-vladimir-vasiljev","tag-x-raid","tag-yasir-hamad-seaidan","tag-yazeed-al-rajhi"],"yoast_head":"<!-- This site is optimized with the Yoast SEO plugin v24.9 - https:\/\/yoast.com\/wordpress\/plugins\/seo\/ -->\n<title>Qatar CCR 2019: Nasser Al-Attiyah se vrac\u00ed na dom\u00e1c\u00ed tr\u016fn - DAKARMANIA.cz<\/title>\n<meta name=\"description\" content=\"Nasser Al-Attiyah vyhr\u00e1l Qatar Cross-Country Rally u\u017e po\u0161est\u00e9. Pop\u00e1t\u00e9 dos\u00e1hl \u00fasp\u011bchu na sv\u00e9 dom\u00e1c\u00ed sout\u011b\u017ei s francouzsk\u00fdm navig\u00e1torem Mathieuem Baumelem.\" \/>\n<meta name=\"robots\" content=\"index, follow, max-snippet:-1, max-image-preview:large, max-video-preview:-1\" \/>\n<link rel=\"canonical\" href=\"https:\/\/www.dakarmania.cz\/index.php\/2019\/02\/26\/qatar-ccr-2019-nasser-al-attiyah-se-vraci-na-domaci-trun\/\" \/>\n<meta property=\"og:locale\" content=\"cs_CZ\" \/>\n<meta property=\"og:type\" content=\"article\" \/>\n<meta property=\"og:title\" content=\"Qatar CCR 2019: Nasser Al-Attiyah se vrac\u00ed na dom\u00e1c\u00ed tr\u016fn - DAKARMANIA.cz\" \/>\n<meta property=\"og:description\" content=\"Nasser Al-Attiyah vyhr\u00e1l Qatar Cross-Country Rally u\u017e po\u0161est\u00e9. Pop\u00e1t\u00e9 dos\u00e1hl \u00fasp\u011bchu na sv\u00e9 dom\u00e1c\u00ed sout\u011b\u017ei s francouzsk\u00fdm navig\u00e1torem Mathieuem Baumelem.\" \/>\n<meta property=\"og:url\" content=\"https:\/\/www.dakarmania.cz\/index.php\/2019\/02\/26\/qatar-ccr-2019-nasser-al-attiyah-se-vraci-na-domaci-trun\/\" \/>\n<meta property=\"og:site_name\" content=\"DAKARMANIA.cz\" \/>\n<meta property=\"article:publisher\" content=\"https:\/\/www.facebook.com\/dakarmania\/\" \/>\n<meta property=\"article:published_time\" content=\"2019-02-26T10:49:59+00:00\" \/>\n<meta property=\"article:modified_time\" content=\"2019-10-22T14:36:13+00:00\" \/>\n<meta property=\"og:image\" content=\"https:\/\/www.dakarmania.cz\/wp-content\/uploads\/2019\/02\/19-qatar-al-attiyah-12.jpg\" \/>\n\t<meta property=\"og:image:width\" content=\"2048\" \/>\n\t<meta property=\"og:image:height\" content=\"1365\" \/>\n\t<meta property=\"og:image:type\" content=\"image\/jpeg\" \/>\n<meta name=\"author\" content=\"Zden\u011bk Zelenka\" \/>\n<meta name=\"twitter:card\" content=\"summary_large_image\" \/>\n<meta name=\"twitter:label1\" content=\"Napsal(a)\" \/>\n\t<meta name=\"twitter:data1\" content=\"Zden\u011bk Zelenka\" \/>\n\t<meta name=\"twitter:label2\" content=\"Odhadovan\u00e1 doba \u010dten\u00ed\" \/>\n\t<meta name=\"twitter:data2\" content=\"6 minut\" \/>\n<script type=\"application\/ld+json\" class=\"yoast-schema-graph\">{\"@context\":\"https:\/\/schema.org\",\"@graph\":[{\"@type\":\"Article\",\"@id\":\"https:\/\/www.dakarmania.cz\/index.php\/2019\/02\/26\/qatar-ccr-2019-nasser-al-attiyah-se-vraci-na-domaci-trun\/#article\",\"isPartOf\":{\"@id\":\"https:\/\/www.dakarmania.cz\/index.php\/2019\/02\/26\/qatar-ccr-2019-nasser-al-attiyah-se-vraci-na-domaci-trun\/\"},\"author\":{\"name\":\"Zden\u011bk Zelenka\",\"@id\":\"https:\/\/www.dakarmania.cz\/#\/schema\/person\/04eb0e87a389631c2169c0dddae7ff1e\"},\"headline\":\"Qatar CCR 2019: Nasser Al-Attiyah se vrac\u00ed na dom\u00e1c\u00ed tr\u016fn\",\"datePublished\":\"2019-02-26T10:49:59+00:00\",\"dateModified\":\"2019-10-22T14:36:13+00:00\",\"mainEntityOfPage\":{\"@id\":\"https:\/\/www.dakarmania.cz\/index.php\/2019\/02\/26\/qatar-ccr-2019-nasser-al-attiyah-se-vraci-na-domaci-trun\/\"},\"wordCount\":1268,\"commentCount\":0,\"publisher\":{\"@id\":\"https:\/\/www.dakarmania.cz\/#organization\"},\"image\":{\"@id\":\"https:\/\/www.dakarmania.cz\/index.php\/2019\/02\/26\/qatar-ccr-2019-nasser-al-attiyah-se-vraci-na-domaci-trun\/#primaryimage\"},\"thumbnailUrl\":\"https:\/\/www.dakarmania.cz\/wp-content\/uploads\/2019\/02\/19-qatar-al-attiyah-12.jpg\",\"keywords\":[\"2019\",\"Bernhard ten Brinke\",\"BMW\",\"Dirk von Zitzewitz\",\"Ford\",\"Konstantin \u017dilcov\",\"Kuba Przygo\u0144ski\",\"Laurent Lichtleuchter\",\"Marek S\u00fdkora\",\"Mathieu Baumel\",\"Mini\",\"Miroslav Zapletal\",\"Nasser Al-Attiyah\",\"Offroadsport\",\"Overdrive Racing\",\"Qatar CCR\",\"Qatar CCR 2019\",\"SP FIA CCR\",\"SP FIA CCR 2019\",\"Timo Gottschalk\",\"Tom Colsoul\",\"Toyota\",\"Toyota Gazoo Racing\",\"Vladimir Vasiljev\",\"X-raid\",\"Yasir Hamad Seaidan\",\"Yazeed Al-Rajhi\"],\"articleSection\":[\"Auto\",\"FIA SP CCR\",\"Qatar Cross-Country Rally\"],\"inLanguage\":\"cs\",\"potentialAction\":[{\"@type\":\"CommentAction\",\"name\":\"Comment\",\"target\":[\"https:\/\/www.dakarmania.cz\/index.php\/2019\/02\/26\/qatar-ccr-2019-nasser-al-attiyah-se-vraci-na-domaci-trun\/#respond\"]}]},{\"@type\":\"WebPage\",\"@id\":\"https:\/\/www.dakarmania.cz\/index.php\/2019\/02\/26\/qatar-ccr-2019-nasser-al-attiyah-se-vraci-na-domaci-trun\/\",\"url\":\"https:\/\/www.dakarmania.cz\/index.php\/2019\/02\/26\/qatar-ccr-2019-nasser-al-attiyah-se-vraci-na-domaci-trun\/\",\"name\":\"Qatar CCR 2019: Nasser Al-Attiyah se vrac\u00ed na dom\u00e1c\u00ed tr\u016fn - DAKARMANIA.cz\",\"isPartOf\":{\"@id\":\"https:\/\/www.dakarmania.cz\/#website\"},\"primaryImageOfPage\":{\"@id\":\"https:\/\/www.dakarmania.cz\/index.php\/2019\/02\/26\/qatar-ccr-2019-nasser-al-attiyah-se-vraci-na-domaci-trun\/#primaryimage\"},\"image\":{\"@id\":\"https:\/\/www.dakarmania.cz\/index.php\/2019\/02\/26\/qatar-ccr-2019-nasser-al-attiyah-se-vraci-na-domaci-trun\/#primaryimage\"},\"thumbnailUrl\":\"https:\/\/www.dakarmania.cz\/wp-content\/uploads\/2019\/02\/19-qatar-al-attiyah-12.jpg\",\"datePublished\":\"2019-02-26T10:49:59+00:00\",\"dateModified\":\"2019-10-22T14:36:13+00:00\",\"description\":\"Nasser Al-Attiyah vyhr\u00e1l Qatar Cross-Country Rally u\u017e po\u0161est\u00e9. Pop\u00e1t\u00e9 dos\u00e1hl \u00fasp\u011bchu na sv\u00e9 dom\u00e1c\u00ed sout\u011b\u017ei s francouzsk\u00fdm navig\u00e1torem Mathieuem Baumelem.\",\"breadcrumb\":{\"@id\":\"https:\/\/www.dakarmania.cz\/index.php\/2019\/02\/26\/qatar-ccr-2019-nasser-al-attiyah-se-vraci-na-domaci-trun\/#breadcrumb\"},\"inLanguage\":\"cs\",\"potentialAction\":[{\"@type\":\"ReadAction\",\"target\":[\"https:\/\/www.dakarmania.cz\/index.php\/2019\/02\/26\/qatar-ccr-2019-nasser-al-attiyah-se-vraci-na-domaci-trun\/\"]}]},{\"@type\":\"ImageObject\",\"inLanguage\":\"cs\",\"@id\":\"https:\/\/www.dakarmania.cz\/index.php\/2019\/02\/26\/qatar-ccr-2019-nasser-al-attiyah-se-vraci-na-domaci-trun\/#primaryimage\",\"url\":\"https:\/\/www.dakarmania.cz\/wp-content\/uploads\/2019\/02\/19-qatar-al-attiyah-12.jpg\",\"contentUrl\":\"https:\/\/www.dakarmania.cz\/wp-content\/uploads\/2019\/02\/19-qatar-al-attiyah-12.jpg\",\"width\":2048,\"height\":1365,\"caption\":\"Nasser Al-Attiyah \/ Mathieu Baumel, Toyota Hilux, Toyota Gazoo Racing SA. V\u00edt\u011bzov\u00e9 Qatar Cross-Country Rally 2019. \u00a9 QMMF\/RallyZone\"},{\"@type\":\"BreadcrumbList\",\"@id\":\"https:\/\/www.dakarmania.cz\/index.php\/2019\/02\/26\/qatar-ccr-2019-nasser-al-attiyah-se-vraci-na-domaci-trun\/#breadcrumb\",\"itemListElement\":[{\"@type\":\"ListItem\",\"position\":1,\"name\":\"Dom\u016f\",\"item\":\"https:\/\/www.dakarmania.cz\/\"},{\"@type\":\"ListItem\",\"position\":2,\"name\":\"Qatar CCR 2019: Nasser Al-Attiyah se vrac\u00ed na dom\u00e1c\u00ed tr\u016fn\"}]},{\"@type\":\"WebSite\",\"@id\":\"https:\/\/www.dakarmania.cz\/#website\",\"url\":\"https:\/\/www.dakarmania.cz\/\",\"name\":\"DAKARMANIA.cz\",\"description\":\"\u017dijeme Dakarem cel\u00fd rok\",\"publisher\":{\"@id\":\"https:\/\/www.dakarmania.cz\/#organization\"},\"potentialAction\":[{\"@type\":\"SearchAction\",\"target\":{\"@type\":\"EntryPoint\",\"urlTemplate\":\"https:\/\/www.dakarmania.cz\/?s={search_term_string}\"},\"query-input\":{\"@type\":\"PropertyValueSpecification\",\"valueRequired\":true,\"valueName\":\"search_term_string\"}}],\"inLanguage\":\"cs\"},{\"@type\":\"Organization\",\"@id\":\"https:\/\/www.dakarmania.cz\/#organization\",\"name\":\"DAKAR MANIA\",\"url\":\"https:\/\/www.dakarmania.cz\/\",\"logo\":{\"@type\":\"ImageObject\",\"inLanguage\":\"cs\",\"@id\":\"https:\/\/www.dakarmania.cz\/#\/schema\/logo\/image\/\",\"url\":\"https:\/\/www.dakarmania.cz\/wp-content\/uploads\/2018\/12\/Dakar-Mania-Logo-Square-Orange.png\",\"contentUrl\":\"https:\/\/www.dakarmania.cz\/wp-content\/uploads\/2018\/12\/Dakar-Mania-Logo-Square-Orange.png\",\"width\":992,\"height\":992,\"caption\":\"DAKAR MANIA\"},\"image\":{\"@id\":\"https:\/\/www.dakarmania.cz\/#\/schema\/logo\/image\/\"},\"sameAs\":[\"https:\/\/www.facebook.com\/dakarmania\/\"]},{\"@type\":\"Person\",\"@id\":\"https:\/\/www.dakarmania.cz\/#\/schema\/person\/04eb0e87a389631c2169c0dddae7ff1e\",\"name\":\"Zden\u011bk Zelenka\",\"image\":{\"@type\":\"ImageObject\",\"inLanguage\":\"cs\",\"@id\":\"https:\/\/www.dakarmania.cz\/#\/schema\/person\/image\/\",\"url\":\"https:\/\/secure.gravatar.com\/avatar\/2c80d5a4942fe0900b73cc7d3837a509d6ee0a276a2b76dac95c92bd0763a89b?s=96&d=mm&r=g\",\"contentUrl\":\"https:\/\/secure.gravatar.com\/avatar\/2c80d5a4942fe0900b73cc7d3837a509d6ee0a276a2b76dac95c92bd0763a89b?s=96&d=mm&r=g\",\"caption\":\"Zden\u011bk Zelenka\"},\"description\":\"Moji d\u011bt\u0161t\u00ed hrdinov\u00e9 se jmenovali Loprais, Moskal, Neveu, Vatanen, Rahier... A tihle borci, jejich n\u00e1sledovn\u00edci a jejich p\u0159\u00edb\u011bhy m\u011b nep\u0159estali fascinovat ani po letech, kdy jsem vyrostl a zam\u011bstn\u00e1valy m\u011b jin\u00e9 discipl\u00edny motorsportu. Proto se zrodila DAKARMANIA.\",\"url\":\"https:\/\/www.dakarmania.cz\/index.php\/author\/dakarmania\/\"}]}<\/script>\n<!-- \/ Yoast SEO plugin. -->","yoast_head_json":{"title":"Qatar CCR 2019: Nasser Al-Attiyah se vrac\u00ed na dom\u00e1c\u00ed tr\u016fn - DAKARMANIA.cz","description":"Nasser Al-Attiyah vyhr\u00e1l Qatar Cross-Country Rally u\u017e po\u0161est\u00e9. Pop\u00e1t\u00e9 dos\u00e1hl \u00fasp\u011bchu na sv\u00e9 dom\u00e1c\u00ed sout\u011b\u017ei s francouzsk\u00fdm navig\u00e1torem Mathieuem Baumelem.","robots":{"index":"index","follow":"follow","max-snippet":"max-snippet:-1","max-image-preview":"max-image-preview:large","max-video-preview":"max-video-preview:-1"},"canonical":"https:\/\/www.dakarmania.cz\/index.php\/2019\/02\/26\/qatar-ccr-2019-nasser-al-attiyah-se-vraci-na-domaci-trun\/","og_locale":"cs_CZ","og_type":"article","og_title":"Qatar CCR 2019: Nasser Al-Attiyah se vrac\u00ed na dom\u00e1c\u00ed tr\u016fn - DAKARMANIA.cz","og_description":"Nasser Al-Attiyah vyhr\u00e1l Qatar Cross-Country Rally u\u017e po\u0161est\u00e9. Pop\u00e1t\u00e9 dos\u00e1hl \u00fasp\u011bchu na sv\u00e9 dom\u00e1c\u00ed sout\u011b\u017ei s francouzsk\u00fdm navig\u00e1torem Mathieuem Baumelem.","og_url":"https:\/\/www.dakarmania.cz\/index.php\/2019\/02\/26\/qatar-ccr-2019-nasser-al-attiyah-se-vraci-na-domaci-trun\/","og_site_name":"DAKARMANIA.cz","article_publisher":"https:\/\/www.facebook.com\/dakarmania\/","article_published_time":"2019-02-26T10:49:59+00:00","article_modified_time":"2019-10-22T14:36:13+00:00","og_image":[{"width":2048,"height":1365,"url":"https:\/\/www.dakarmania.cz\/wp-content\/uploads\/2019\/02\/19-qatar-al-attiyah-12.jpg","type":"image\/jpeg"}],"author":"Zden\u011bk Zelenka","twitter_card":"summary_large_image","twitter_misc":{"Napsal(a)":"Zden\u011bk Zelenka","Odhadovan\u00e1 doba \u010dten\u00ed":"6 minut"},"schema":{"@context":"https:\/\/schema.org","@graph":[{"@type":"Article","@id":"https:\/\/www.dakarmania.cz\/index.php\/2019\/02\/26\/qatar-ccr-2019-nasser-al-attiyah-se-vraci-na-domaci-trun\/#article","isPartOf":{"@id":"https:\/\/www.dakarmania.cz\/index.php\/2019\/02\/26\/qatar-ccr-2019-nasser-al-attiyah-se-vraci-na-domaci-trun\/"},"author":{"name":"Zden\u011bk Zelenka","@id":"https:\/\/www.dakarmania.cz\/#\/schema\/person\/04eb0e87a389631c2169c0dddae7ff1e"},"headline":"Qatar CCR 2019: Nasser Al-Attiyah se vrac\u00ed na dom\u00e1c\u00ed tr\u016fn","datePublished":"2019-02-26T10:49:59+00:00","dateModified":"2019-10-22T14:36:13+00:00","mainEntityOfPage":{"@id":"https:\/\/www.dakarmania.cz\/index.php\/2019\/02\/26\/qatar-ccr-2019-nasser-al-attiyah-se-vraci-na-domaci-trun\/"},"wordCount":1268,"commentCount":0,"publisher":{"@id":"https:\/\/www.dakarmania.cz\/#organization"},"image":{"@id":"https:\/\/www.dakarmania.cz\/index.php\/2019\/02\/26\/qatar-ccr-2019-nasser-al-attiyah-se-vraci-na-domaci-trun\/#primaryimage"},"thumbnailUrl":"https:\/\/www.dakarmania.cz\/wp-content\/uploads\/2019\/02\/19-qatar-al-attiyah-12.jpg","keywords":["2019","Bernhard ten Brinke","BMW","Dirk von Zitzewitz","Ford","Konstantin \u017dilcov","Kuba Przygo\u0144ski","Laurent Lichtleuchter","Marek S\u00fdkora","Mathieu Baumel","Mini","Miroslav Zapletal","Nasser Al-Attiyah","Offroadsport","Overdrive Racing","Qatar CCR","Qatar CCR 2019","SP FIA CCR","SP FIA CCR 2019","Timo Gottschalk","Tom Colsoul","Toyota","Toyota Gazoo Racing","Vladimir Vasiljev","X-raid","Yasir Hamad Seaidan","Yazeed Al-Rajhi"],"articleSection":["Auto","FIA SP CCR","Qatar Cross-Country Rally"],"inLanguage":"cs","potentialAction":[{"@type":"CommentAction","name":"Comment","target":["https:\/\/www.dakarmania.cz\/index.php\/2019\/02\/26\/qatar-ccr-2019-nasser-al-attiyah-se-vraci-na-domaci-trun\/#respond"]}]},{"@type":"WebPage","@id":"https:\/\/www.dakarmania.cz\/index.php\/2019\/02\/26\/qatar-ccr-2019-nasser-al-attiyah-se-vraci-na-domaci-trun\/","url":"https:\/\/www.dakarmania.cz\/index.php\/2019\/02\/26\/qatar-ccr-2019-nasser-al-attiyah-se-vraci-na-domaci-trun\/","name":"Qatar CCR 2019: Nasser Al-Attiyah se vrac\u00ed na dom\u00e1c\u00ed tr\u016fn - DAKARMANIA.cz","isPartOf":{"@id":"https:\/\/www.dakarmania.cz\/#website"},"primaryImageOfPage":{"@id":"https:\/\/www.dakarmania.cz\/index.php\/2019\/02\/26\/qatar-ccr-2019-nasser-al-attiyah-se-vraci-na-domaci-trun\/#primaryimage"},"image":{"@id":"https:\/\/www.dakarmania.cz\/index.php\/2019\/02\/26\/qatar-ccr-2019-nasser-al-attiyah-se-vraci-na-domaci-trun\/#primaryimage"},"thumbnailUrl":"https:\/\/www.dakarmania.cz\/wp-content\/uploads\/2019\/02\/19-qatar-al-attiyah-12.jpg","datePublished":"2019-02-26T10:49:59+00:00","dateModified":"2019-10-22T14:36:13+00:00","description":"Nasser Al-Attiyah vyhr\u00e1l Qatar Cross-Country Rally u\u017e po\u0161est\u00e9. Pop\u00e1t\u00e9 dos\u00e1hl \u00fasp\u011bchu na sv\u00e9 dom\u00e1c\u00ed sout\u011b\u017ei s francouzsk\u00fdm navig\u00e1torem Mathieuem Baumelem.","breadcrumb":{"@id":"https:\/\/www.dakarmania.cz\/index.php\/2019\/02\/26\/qatar-ccr-2019-nasser-al-attiyah-se-vraci-na-domaci-trun\/#breadcrumb"},"inLanguage":"cs","potentialAction":[{"@type":"ReadAction","target":["https:\/\/www.dakarmania.cz\/index.php\/2019\/02\/26\/qatar-ccr-2019-nasser-al-attiyah-se-vraci-na-domaci-trun\/"]}]},{"@type":"ImageObject","inLanguage":"cs","@id":"https:\/\/www.dakarmania.cz\/index.php\/2019\/02\/26\/qatar-ccr-2019-nasser-al-attiyah-se-vraci-na-domaci-trun\/#primaryimage","url":"https:\/\/www.dakarmania.cz\/wp-content\/uploads\/2019\/02\/19-qatar-al-attiyah-12.jpg","contentUrl":"https:\/\/www.dakarmania.cz\/wp-content\/uploads\/2019\/02\/19-qatar-al-attiyah-12.jpg","width":2048,"height":1365,"caption":"Nasser Al-Attiyah \/ Mathieu Baumel, Toyota Hilux, Toyota Gazoo Racing SA. V\u00edt\u011bzov\u00e9 Qatar Cross-Country Rally 2019. \u00a9 QMMF\/RallyZone"},{"@type":"BreadcrumbList","@id":"https:\/\/www.dakarmania.cz\/index.php\/2019\/02\/26\/qatar-ccr-2019-nasser-al-attiyah-se-vraci-na-domaci-trun\/#breadcrumb","itemListElement":[{"@type":"ListItem","position":1,"name":"Dom\u016f","item":"https:\/\/www.dakarmania.cz\/"},{"@type":"ListItem","position":2,"name":"Qatar CCR 2019: Nasser Al-Attiyah se vrac\u00ed na dom\u00e1c\u00ed tr\u016fn"}]},{"@type":"WebSite","@id":"https:\/\/www.dakarmania.cz\/#website","url":"https:\/\/www.dakarmania.cz\/","name":"DAKARMANIA.cz","description":"\u017dijeme Dakarem cel\u00fd rok","publisher":{"@id":"https:\/\/www.dakarmania.cz\/#organization"},"potentialAction":[{"@type":"SearchAction","target":{"@type":"EntryPoint","urlTemplate":"https:\/\/www.dakarmania.cz\/?s={search_term_string}"},"query-input":{"@type":"PropertyValueSpecification","valueRequired":true,"valueName":"search_term_string"}}],"inLanguage":"cs"},{"@type":"Organization","@id":"https:\/\/www.dakarmania.cz\/#organization","name":"DAKAR MANIA","url":"https:\/\/www.dakarmania.cz\/","logo":{"@type":"ImageObject","inLanguage":"cs","@id":"https:\/\/www.dakarmania.cz\/#\/schema\/logo\/image\/","url":"https:\/\/www.dakarmania.cz\/wp-content\/uploads\/2018\/12\/Dakar-Mania-Logo-Square-Orange.png","contentUrl":"https:\/\/www.dakarmania.cz\/wp-content\/uploads\/2018\/12\/Dakar-Mania-Logo-Square-Orange.png","width":992,"height":992,"caption":"DAKAR MANIA"},"image":{"@id":"https:\/\/www.dakarmania.cz\/#\/schema\/logo\/image\/"},"sameAs":["https:\/\/www.facebook.com\/dakarmania\/"]},{"@type":"Person","@id":"https:\/\/www.dakarmania.cz\/#\/schema\/person\/04eb0e87a389631c2169c0dddae7ff1e","name":"Zden\u011bk Zelenka","image":{"@type":"ImageObject","inLanguage":"cs","@id":"https:\/\/www.dakarmania.cz\/#\/schema\/person\/image\/","url":"https:\/\/secure.gravatar.com\/avatar\/2c80d5a4942fe0900b73cc7d3837a509d6ee0a276a2b76dac95c92bd0763a89b?s=96&d=mm&r=g","contentUrl":"https:\/\/secure.gravatar.com\/avatar\/2c80d5a4942fe0900b73cc7d3837a509d6ee0a276a2b76dac95c92bd0763a89b?s=96&d=mm&r=g","caption":"Zden\u011bk Zelenka"},"description":"Moji d\u011bt\u0161t\u00ed hrdinov\u00e9 se jmenovali Loprais, Moskal, Neveu, Vatanen, Rahier... A tihle borci, jejich n\u00e1sledovn\u00edci a jejich p\u0159\u00edb\u011bhy m\u011b nep\u0159estali fascinovat ani po letech, kdy jsem vyrostl a zam\u011bstn\u00e1valy m\u011b jin\u00e9 discipl\u00edny motorsportu. Proto se zrodila DAKARMANIA.","url":"https:\/\/www.dakarmania.cz\/index.php\/author\/dakarmania\/"}]}},"amp_enabled":true,"_links":{"self":[{"href":"https:\/\/www.dakarmania.cz\/index.php\/wp-json\/wp\/v2\/posts\/3697","targetHints":{"allow":["GET"]}}],"collection":[{"href":"https:\/\/www.dakarmania.cz\/index.php\/wp-json\/wp\/v2\/posts"}],"about":[{"href":"https:\/\/www.dakarmania.cz\/index.php\/wp-json\/wp\/v2\/types\/post"}],"author":[{"embeddable":true,"href":"https:\/\/www.dakarmania.cz\/index.php\/wp-json\/wp\/v2\/users\/1"}],"replies":[{"embeddable":true,"href":"https:\/\/www.dakarmania.cz\/index.php\/wp-json\/wp\/v2\/comments?post=3697"}],"version-history":[{"count":20,"href":"https:\/\/www.dakarmania.cz\/index.php\/wp-json\/wp\/v2\/posts\/3697\/revisions"}],"predecessor-version":[{"id":12756,"href":"https:\/\/www.dakarmania.cz\/index.php\/wp-json\/wp\/v2\/posts\/3697\/revisions\/12756"}],"wp:featuredmedia":[{"embeddable":true,"href":"https:\/\/www.dakarmania.cz\/index.php\/wp-json\/wp\/v2\/media\/3729"}],"wp:attachment":[{"href":"https:\/\/www.dakarmania.cz\/index.php\/wp-json\/wp\/v2\/media?parent=3697"}],"wp:term":[{"taxonomy":"category","embeddable":true,"href":"https:\/\/www.dakarmania.cz\/index.php\/wp-json\/wp\/v2\/categories?post=3697"},{"taxonomy":"post_tag","embeddable":true,"href":"https:\/\/www.dakarmania.cz\/index.php\/wp-json\/wp\/v2\/tags?post=3697"}],"curies":[{"name":"wp","href":"https:\/\/api.w.org\/{rel}","templated":true}]}}